{"id":19023,"date":"2018-10-15T13:53:58","date_gmt":"2018-10-15T11:53:58","guid":{"rendered":"https:\/\/www.laguiadepamplona.es\/actualidad\/?p=19023"},"modified":"2018-10-15T13:53:58","modified_gmt":"2018-10-15T11:53:58","slug":"gerencia-de-urbanismo-adjudicara-el-miercoles-la-revision-del-peri-del-i-y-ii-ensanche-para-adecuar-dotaciones-impulsar-actividad-economica-y-mejorar-movilidad","status":"publish","type":"post","link":"https:\/\/www.laguiadepamplona.com\/actualidad\/gerencia-de-urbanismo-adjudicara-el-miercoles-la-revision-del-peri-del-i-y-ii-ensanche-para-adecuar-dotaciones-impulsar-actividad-economica-y-mejorar-movilidad\/","title":{"rendered":"Gerencia de Urbanismo adjudicar\u00e1 el mi\u00e9rcoles la revisi\u00f3n del PERI del I y II Ensanche para adecuar dotaciones, impulsar actividad econ\u00f3mica y mejorar movilidad"},"content":{"rendered":"<h3>El contrato consta de dos lotes que suman 331.993,75 euros: uno centrado en la protecci\u00f3n del I Ensanche y el otro en las ordenaciones de uso del II<\/h3>\n<p><!--more--><\/p>\n<p>El Consejo de Gerencia de Urbanismo abordar\u00e1 en su sesi\u00f3n de este mi\u00e9rcoles la adjudicaci\u00f3n del contrato de asistencia t\u00e9cnica para revisar el Plan Especial de Reforma Interior (PERI) de los Ensanches en dos documentos que recojan, por separado, el planeamiento urban\u00edstico particular tanto del Primer como del Segundo Ensanche. Se trata de dotar al Primer Ensanche de un Plan de Protecci\u00f3n similar al del Casco Antiguo y, en el caso del Segundo Ensanche, incidir en la adecuaci\u00f3n de la regulaci\u00f3n interna a las nuevas realidades y normativas en materia de accesibilidad a la vivienda, eficiencia energ\u00e9tica, capacidad dotacional, actividad terciaria, movilidad o transporte.<\/p>\n<p>Cada uno de los dos \u00e1mbitos contar\u00e1 con su propio plan especial y su redacci\u00f3n se articular\u00e1 a trav\u00e9s de la contrataci\u00f3n de estas dos asistencias t\u00e9cnicas diferenciadas, una por cada \u00e1mbito de regulaci\u00f3n. La propuesta de adjudicaci\u00f3n del primer lote, referido al I Ensanche, se realiza a favor de Chocarro y Urmeneta SLP, por un importe de 120.243,75 euros (IVA incluido); la del segundo lote, para el Segundo Ensanche, a favor de Andr\u00e9s y Mas\u00eda SLP por un total de 211.750 euros (IVA incluido). El Plan Especial de Actuaci\u00f3n Urbana y Protecci\u00f3n del I Ensanche deber\u00e1 estar redactado en un plazo de 6 meses, mientras que el Plan del II Ensanche debe entregarse en 9 meses.<\/p>\n<p>Para la redacci\u00f3n de ambos documentos, siempre bajo supervisi\u00f3n de la Gerencia de Urbanismo, las empresas adjudicatarias realizar\u00e1n procesos participativos que garanticen que tanto vecindario como tejido asociativo, comercial o ciudadano ligado a cada uno de los Ensanches puedan emitir opini\u00f3n y hacer propuestas de mejora sobre los documentos que se redacten. La propuesta para el Primer Ensanche tambi\u00e9n incluir\u00e1 referencias a los cambios en la trama viaria derivados del modelo de movilidad sostenible que se est\u00e1 impulsando, mientras en el \u00e1mbito del Segundo Ensanche se har\u00e1 especial hincapi\u00e9 en la idea de regulaci\u00f3n del espacio y los usos internos en funci\u00f3n de la realidad y potencialidad demogr\u00e1fica y de actividad econ\u00f3mica (servicios y comercio).<\/p>\n<p><strong>Documentos en cuatro fases<\/strong><\/p>\n<p>El desarrollo del trabajo de los dos lotes ser\u00e1 paralelo y se articular\u00e1, tanto en lo referente al Primer como al Segundo Ensanches, en 4 fases sucesivas: informaci\u00f3n y an\u00e1lisis; diagn\u00f3stico, anteproyecto, alternativas y proceso de participaci\u00f3n; redacci\u00f3n del PEAU para su aprobaci\u00f3n inicial; e informe de alegaciones y documento para su aprobaci\u00f3n definitiva.<\/p>\n<p>As\u00ed, la primera fase se dirige al an\u00e1lisis de cuestiones que servir\u00e1n para orientar la toma de decisiones, ordenaci\u00f3n y determinaci\u00f3n urban\u00edsticas. Se analizar\u00e1, entre otros elementos, la evoluci\u00f3n en los \u00faltimos diez a\u00f1os de aspectos como la morfolog\u00eda y tipolog\u00eda de ambos Ensanches, el estado actual de las edificaciones que contienen, el an\u00e1lisis din\u00e1mico de la poblaci\u00f3n y vivienda o la revisi\u00f3n de los recintos, espacios libres, edificios y monumentos que tengan valores art\u00edsticos, culturales, ambientales u otros de inter\u00e9s. Aunque se har\u00e1 en los dos \u00e1mbitos, en el del Segundo Ensanche se quiere poner especial inter\u00e9s en analizar el transporte y el viario \u201ctanto en su papel local como en relaci\u00f3n a la ciudad comarcal, con especial incidencia en los flujos entre centro y periferia, incluyendo adem\u00e1s los siguientes aspectos: El transporte colectivo y sus infraestructuras; los recorridos peatonales y ciclistas; El tr\u00e1fico rodado y el aparcamiento\u201d. Igualmente se quiere hacer una radiograf\u00eda del \u201cestado actual de la edificaci\u00f3n: calidad de la edificaci\u00f3n, estado de conservaci\u00f3n, situaci\u00f3n de habitabilidad del parque de vivienda, viviendas interiores, etc., r\u00e9gimen de tenencia y propiedad. As\u00ed mismo se incluir\u00e1 un estudio del parque de veh\u00edculos asociados a las viviendas\u201d.<\/p>\n<p>La segunda fase, igual en los dos trabajos, incluir\u00e1 los aspectos b\u00e1sicos de la ordenaci\u00f3n urban\u00edstica y gesti\u00f3n del \u00e1mbito afectado, considerando si fuera necesario alternativas sobre los aspectos analizados anteriormente. Tambi\u00e9n forma parte de esta fase el dise\u00f1o y desarrollo de un proceso de participaci\u00f3n.<\/p>\n<p>La tercera fase recoge la redacci\u00f3n del documento tramitable del Plan Especial de Actuaci\u00f3n Urbana (PEAU) de forma adecuada, tal y como recoge la legislaci\u00f3n, para su aprobaci\u00f3n inicial. Ese documento deber\u00e1 abordar, entre otras cuestiones clave, las siguientes: tipolog\u00edas edificatorias; caracter\u00edsticas est\u00e9ticas de ordenaci\u00f3n de las edificaciones y de su entorno; sugerencia de posibles \u00e1reas de reparto y sus aprovechamientos; criterios a aplicar a las posibles actuaciones de dotaci\u00f3n que se propongan; modificaci\u00f3n, si se considera procedente, del Cat\u00e1logo del Plan Municipal o redacci\u00f3n de un cat\u00e1logo propio para cada Ensanche; delimitaci\u00f3n de los espacios libres y zonas verdes; se\u00f1alamiento de terrenos y edificios destinados a equipamiento (tanto p\u00fablico como privado); previsi\u00f3n de aparcamientos; propuesta pormenorizada de itinerarios peatonales y iclistas o actuaciones de reurbanizaci\u00f3n del espacio p\u00fablico y plan de etapas para su desarrollo. La \u00faltima fase, la de las alegaciones y PEAU definitivo, implica la recogida y contestaci\u00f3n de posibles objeciones al Plan y, concluido el per\u00edodo de informaci\u00f3n p\u00fablica, la elaboraci\u00f3n del correspondiente informe siempre bajo las indicaciones que realice la Gerencia de Urbanismo.<\/p>\n","protected":false},"excerpt":{"rendered":"<p>El contrato consta de dos lotes que suman 331.993,75 euros: uno centrado en la protecci\u00f3n del I Ensanche y el otro en las ordenaciones de uso del II<\/p>\n","protected":false},"author":1,"featured_media":17600,"comment_status":"open","ping_status":"closed","sticky":false,"template":"","format":"standard","meta":{"footnotes":""},"categories":[2],"tags":[],"class_list":["post-19023","post","type-post","status-publish","format-standard","has-post-thumbnail","hentry","category-ayuntamiento-pamplona"],"yoast_head":"<!-- This site is optimized with the Yoast SEO plugin v27.9 - https:\/\/yoast.com\/product\/yoast-seo-wordpress\/ -->\n<title>Gerencia de Urbanismo adjudicar\u00e1 el mi\u00e9rcoles la revisi\u00f3n del PERI del I y II Ensanche para adecuar dotaciones, impulsar actividad econ\u00f3mica y mejorar movilidad<\/title>\n<meta name=\"robots\" content=\"index, follow, max-snippet:-1, max-image-preview:large, max-video-preview:-1\" \/>\n<link rel=\"canonical\" href=\"https:\/\/www.laguiadepamplona.com\/actualidad\/gerencia-de-urbanismo-adjudicara-el-miercoles-la-revision-del-peri-del-i-y-ii-ensanche-para-adecuar-dotaciones-impulsar-actividad-economica-y-mejorar-movilidad\/\" \/>\n<meta property=\"og:locale\" content=\"es_ES\" \/>\n<meta property=\"og:type\" content=\"article\" \/>\n<meta property=\"og:title\" content=\"Gerencia de Urbanismo adjudicar\u00e1 el mi\u00e9rcoles la revisi\u00f3n del PERI del I y II Ensanche para adecuar dotaciones, impulsar actividad econ\u00f3mica y mejorar movilidad\" \/>\n<meta property=\"og:description\" content=\"El contrato consta de dos lotes que suman 331.993,75 euros: uno centrado en la protecci\u00f3n del I Ensanche y el otro en las ordenaciones de uso del II\" \/>\n<meta property=\"og:url\" content=\"https:\/\/www.laguiadepamplona.com\/actualidad\/gerencia-de-urbanismo-adjudicara-el-miercoles-la-revision-del-peri-del-i-y-ii-ensanche-para-adecuar-dotaciones-impulsar-actividad-economica-y-mejorar-movilidad\/\" \/>\n<meta property=\"og:site_name\" content=\"La Gu\u00eda de Pamplona Noticias y actualidad\" \/>\n<meta property=\"article:publisher\" content=\"https:\/\/www.facebook.com\/laguiadepamplonacom-133175176762273\/?ref=hl\" \/>\n<meta property=\"article:published_time\" content=\"2018-10-15T11:53:58+00:00\" \/>\n<meta property=\"og:image\" content=\"https:\/\/www.laguiadepamplona.com\/actualidad\/wp-content\/uploads\/2018\/05\/ayto-pamplona-3.jpg\" \/>\n\t<meta property=\"og:image:width\" content=\"1000\" \/>\n\t<meta property=\"og:image:height\" content=\"555\" \/>\n\t<meta property=\"og:image:type\" content=\"image\/jpeg\" \/>\n<meta name=\"author\" content=\"La Gu\u00eda de Pamplona\" \/>\n<meta name=\"twitter:card\" content=\"summary_large_image\" \/>\n<meta name=\"twitter:creator\" content=\"@LaGuiadPamplona\" \/>\n<meta name=\"twitter:site\" content=\"@LaGuiadPamplona\" \/>\n<meta name=\"twitter:label1\" content=\"Escrito por\" \/>\n\t<meta name=\"twitter:data1\" content=\"La Gu\u00eda de Pamplona\" \/>\n\t<meta name=\"twitter:label2\" content=\"Tiempo de lectura\" \/>\n\t<meta name=\"twitter:data2\" content=\"5 minutos\" \/>\n<script type=\"application\/ld+json\" class=\"yoast-schema-graph\">{\"@context\":\"https:\\\/\\\/schema.org\",\"@graph\":[{\"@type\":\"Article\",\"@id\":\"https:\\\/\\\/www.laguiadepamplona.com\\\/actualidad\\\/gerencia-de-urbanismo-adjudicara-el-miercoles-la-revision-del-peri-del-i-y-ii-ensanche-para-adecuar-dotaciones-impulsar-actividad-economica-y-mejorar-movilidad\\\/#article\",\"isPartOf\":{\"@id\":\"https:\\\/\\\/www.laguiadepamplona.com\\\/actualidad\\\/gerencia-de-urbanismo-adjudicara-el-miercoles-la-revision-del-peri-del-i-y-ii-ensanche-para-adecuar-dotaciones-impulsar-actividad-economica-y-mejorar-movilidad\\\/\"},\"author\":{\"name\":\"La Gu\u00eda de Pamplona\",\"@id\":\"https:\\\/\\\/www.laguiadepamplona.com\\\/actualidad\\\/#\\\/schema\\\/person\\\/efe887376f0213d4657c93adc50b1fdb\"},\"headline\":\"Gerencia de Urbanismo adjudicar\u00e1 el mi\u00e9rcoles la revisi\u00f3n del PERI del I y II Ensanche para adecuar dotaciones, impulsar actividad econ\u00f3mica y mejorar movilidad\",\"datePublished\":\"2018-10-15T11:53:58+00:00\",\"mainEntityOfPage\":{\"@id\":\"https:\\\/\\\/www.laguiadepamplona.com\\\/actualidad\\\/gerencia-de-urbanismo-adjudicara-el-miercoles-la-revision-del-peri-del-i-y-ii-ensanche-para-adecuar-dotaciones-impulsar-actividad-economica-y-mejorar-movilidad\\\/\"},\"wordCount\":957,\"commentCount\":0,\"publisher\":{\"@id\":\"https:\\\/\\\/www.laguiadepamplona.com\\\/actualidad\\\/#organization\"},\"image\":{\"@id\":\"https:\\\/\\\/www.laguiadepamplona.com\\\/actualidad\\\/gerencia-de-urbanismo-adjudicara-el-miercoles-la-revision-del-peri-del-i-y-ii-ensanche-para-adecuar-dotaciones-impulsar-actividad-economica-y-mejorar-movilidad\\\/#primaryimage\"},\"thumbnailUrl\":\"https:\\\/\\\/www.laguiadepamplona.com\\\/actualidad\\\/wp-content\\\/uploads\\\/2018\\\/05\\\/ayto-pamplona-3.jpg\",\"articleSection\":[\"Ayto Pamplona\"],\"inLanguage\":\"es\",\"potentialAction\":[{\"@type\":\"CommentAction\",\"name\":\"Comment\",\"target\":[\"https:\\\/\\\/www.laguiadepamplona.com\\\/actualidad\\\/gerencia-de-urbanismo-adjudicara-el-miercoles-la-revision-del-peri-del-i-y-ii-ensanche-para-adecuar-dotaciones-impulsar-actividad-economica-y-mejorar-movilidad\\\/#respond\"]}]},{\"@type\":\"WebPage\",\"@id\":\"https:\\\/\\\/www.laguiadepamplona.com\\\/actualidad\\\/gerencia-de-urbanismo-adjudicara-el-miercoles-la-revision-del-peri-del-i-y-ii-ensanche-para-adecuar-dotaciones-impulsar-actividad-economica-y-mejorar-movilidad\\\/\",\"url\":\"https:\\\/\\\/www.laguiadepamplona.com\\\/actualidad\\\/gerencia-de-urbanismo-adjudicara-el-miercoles-la-revision-del-peri-del-i-y-ii-ensanche-para-adecuar-dotaciones-impulsar-actividad-economica-y-mejorar-movilidad\\\/\",\"name\":\"Gerencia de Urbanismo adjudicar\u00e1 el mi\u00e9rcoles la revisi\u00f3n del PERI del I y II Ensanche para adecuar dotaciones, impulsar actividad econ\u00f3mica y mejorar movilidad\",\"isPartOf\":{\"@id\":\"https:\\\/\\\/www.laguiadepamplona.com\\\/actualidad\\\/#website\"},\"primaryImageOfPage\":{\"@id\":\"https:\\\/\\\/www.laguiadepamplona.com\\\/actualidad\\\/gerencia-de-urbanismo-adjudicara-el-miercoles-la-revision-del-peri-del-i-y-ii-ensanche-para-adecuar-dotaciones-impulsar-actividad-economica-y-mejorar-movilidad\\\/#primaryimage\"},\"image\":{\"@id\":\"https:\\\/\\\/www.laguiadepamplona.com\\\/actualidad\\\/gerencia-de-urbanismo-adjudicara-el-miercoles-la-revision-del-peri-del-i-y-ii-ensanche-para-adecuar-dotaciones-impulsar-actividad-economica-y-mejorar-movilidad\\\/#primaryimage\"},\"thumbnailUrl\":\"https:\\\/\\\/www.laguiadepamplona.com\\\/actualidad\\\/wp-content\\\/uploads\\\/2018\\\/05\\\/ayto-pamplona-3.jpg\",\"datePublished\":\"2018-10-15T11:53:58+00:00\",\"breadcrumb\":{\"@id\":\"https:\\\/\\\/www.laguiadepamplona.com\\\/actualidad\\\/gerencia-de-urbanismo-adjudicara-el-miercoles-la-revision-del-peri-del-i-y-ii-ensanche-para-adecuar-dotaciones-impulsar-actividad-economica-y-mejorar-movilidad\\\/#breadcrumb\"},\"inLanguage\":\"es\",\"potentialAction\":[{\"@type\":\"ReadAction\",\"target\":[\"https:\\\/\\\/www.laguiadepamplona.com\\\/actualidad\\\/gerencia-de-urbanismo-adjudicara-el-miercoles-la-revision-del-peri-del-i-y-ii-ensanche-para-adecuar-dotaciones-impulsar-actividad-economica-y-mejorar-movilidad\\\/\"]}]},{\"@type\":\"ImageObject\",\"inLanguage\":\"es\",\"@id\":\"https:\\\/\\\/www.laguiadepamplona.com\\\/actualidad\\\/gerencia-de-urbanismo-adjudicara-el-miercoles-la-revision-del-peri-del-i-y-ii-ensanche-para-adecuar-dotaciones-impulsar-actividad-economica-y-mejorar-movilidad\\\/#primaryimage\",\"url\":\"https:\\\/\\\/www.laguiadepamplona.com\\\/actualidad\\\/wp-content\\\/uploads\\\/2018\\\/05\\\/ayto-pamplona-3.jpg\",\"contentUrl\":\"https:\\\/\\\/www.laguiadepamplona.com\\\/actualidad\\\/wp-content\\\/uploads\\\/2018\\\/05\\\/ayto-pamplona-3.jpg\",\"width\":1000,\"height\":555},{\"@type\":\"BreadcrumbList\",\"@id\":\"https:\\\/\\\/www.laguiadepamplona.com\\\/actualidad\\\/gerencia-de-urbanismo-adjudicara-el-miercoles-la-revision-del-peri-del-i-y-ii-ensanche-para-adecuar-dotaciones-impulsar-actividad-economica-y-mejorar-movilidad\\\/#breadcrumb\",\"itemListElement\":[{\"@type\":\"ListItem\",\"position\":1,\"name\":\"Portada\",\"item\":\"https:\\\/\\\/www.laguiadepamplona.com\\\/actualidad\\\/\"},{\"@type\":\"ListItem\",\"position\":2,\"name\":\"Gerencia de Urbanismo adjudicar\u00e1 el mi\u00e9rcoles la revisi\u00f3n del PERI del I y II Ensanche para adecuar dotaciones, impulsar actividad econ\u00f3mica y mejorar movilidad\"}]},{\"@type\":\"WebSite\",\"@id\":\"https:\\\/\\\/www.laguiadepamplona.com\\\/actualidad\\\/#website\",\"url\":\"https:\\\/\\\/www.laguiadepamplona.com\\\/actualidad\\\/\",\"name\":\"La gu\u00eda de Pamplona\",\"description\":\"Noticias de Pamplona\",\"publisher\":{\"@id\":\"https:\\\/\\\/www.laguiadepamplona.com\\\/actualidad\\\/#organization\"},\"potentialAction\":[{\"@type\":\"SearchAction\",\"target\":{\"@type\":\"EntryPoint\",\"urlTemplate\":\"https:\\\/\\\/www.laguiadepamplona.com\\\/actualidad\\\/?s={search_term_string}\"},\"query-input\":{\"@type\":\"PropertyValueSpecification\",\"valueRequired\":true,\"valueName\":\"search_term_string\"}}],\"inLanguage\":\"es\"},{\"@type\":\"Organization\",\"@id\":\"https:\\\/\\\/www.laguiadepamplona.com\\\/actualidad\\\/#organization\",\"name\":\"La Gu\u00eda de Pamplona \\\/ Noticias\",\"url\":\"https:\\\/\\\/www.laguiadepamplona.com\\\/actualidad\\\/\",\"logo\":{\"@type\":\"ImageObject\",\"inLanguage\":\"es\",\"@id\":\"https:\\\/\\\/www.laguiadepamplona.com\\\/actualidad\\\/#\\\/schema\\\/logo\\\/image\\\/\",\"url\":\"https:\\\/\\\/www.laguiadepamplona.com\\\/actualidad\\\/wp-content\\\/uploads\\\/2018\\\/11\\\/logo-laguiadepamplona18-web1.png\",\"contentUrl\":\"https:\\\/\\\/www.laguiadepamplona.com\\\/actualidad\\\/wp-content\\\/uploads\\\/2018\\\/11\\\/logo-laguiadepamplona18-web1.png\",\"width\":600,\"height\":196,\"caption\":\"La Gu\u00eda de Pamplona \\\/ Noticias\"},\"image\":{\"@id\":\"https:\\\/\\\/www.laguiadepamplona.com\\\/actualidad\\\/#\\\/schema\\\/logo\\\/image\\\/\"},\"sameAs\":[\"https:\\\/\\\/www.facebook.com\\\/laguiadepamplonacom-133175176762273\\\/?ref=hl\",\"https:\\\/\\\/x.com\\\/LaGuiadPamplona\",\"https:\\\/\\\/www.instagram.com\\\/la_guia_de_pamplona\\\/\",\"https:\\\/\\\/www.youtube.com\\\/user\\\/laguiadepamplona\"]},{\"@type\":\"Person\",\"@id\":\"https:\\\/\\\/www.laguiadepamplona.com\\\/actualidad\\\/#\\\/schema\\\/person\\\/efe887376f0213d4657c93adc50b1fdb\",\"name\":\"La Gu\u00eda de Pamplona\",\"image\":{\"@type\":\"ImageObject\",\"inLanguage\":\"es\",\"@id\":\"https:\\\/\\\/secure.gravatar.com\\\/avatar\\\/b6992f131dc8d30ab0dff15446e9d346d9dbd95992de0fef795073f5ea83a81c?s=96&d=mm&r=g\",\"url\":\"https:\\\/\\\/secure.gravatar.com\\\/avatar\\\/b6992f131dc8d30ab0dff15446e9d346d9dbd95992de0fef795073f5ea83a81c?s=96&d=mm&r=g\",\"contentUrl\":\"https:\\\/\\\/secure.gravatar.com\\\/avatar\\\/b6992f131dc8d30ab0dff15446e9d346d9dbd95992de0fef795073f5ea83a81c?s=96&d=mm&r=g\",\"caption\":\"La Gu\u00eda de Pamplona\"}}]}<\/script>\n<!-- \/ Yoast SEO plugin. -->","yoast_head_json":{"title":"Gerencia de Urbanismo adjudicar\u00e1 el mi\u00e9rcoles la revisi\u00f3n del PERI del I y II Ensanche para adecuar dotaciones, impulsar actividad econ\u00f3mica y mejorar movilidad","robots":{"index":"index","follow":"follow","max-snippet":"max-snippet:-1","max-image-preview":"max-image-preview:large","max-video-preview":"max-video-preview:-1"},"canonical":"https:\/\/www.laguiadepamplona.com\/actualidad\/gerencia-de-urbanismo-adjudicara-el-miercoles-la-revision-del-peri-del-i-y-ii-ensanche-para-adecuar-dotaciones-impulsar-actividad-economica-y-mejorar-movilidad\/","og_locale":"es_ES","og_type":"article","og_title":"Gerencia de Urbanismo adjudicar\u00e1 el mi\u00e9rcoles la revisi\u00f3n del PERI del I y II Ensanche para adecuar dotaciones, impulsar actividad econ\u00f3mica y mejorar movilidad","og_description":"El contrato consta de dos lotes que suman 331.993,75 euros: uno centrado en la protecci\u00f3n del I Ensanche y el otro en las ordenaciones de uso del II","og_url":"https:\/\/www.laguiadepamplona.com\/actualidad\/gerencia-de-urbanismo-adjudicara-el-miercoles-la-revision-del-peri-del-i-y-ii-ensanche-para-adecuar-dotaciones-impulsar-actividad-economica-y-mejorar-movilidad\/","og_site_name":"La Gu\u00eda de Pamplona Noticias y actualidad","article_publisher":"https:\/\/www.facebook.com\/laguiadepamplonacom-133175176762273\/?ref=hl","article_published_time":"2018-10-15T11:53:58+00:00","og_image":[{"width":1000,"height":555,"url":"https:\/\/www.laguiadepamplona.com\/actualidad\/wp-content\/uploads\/2018\/05\/ayto-pamplona-3.jpg","type":"image\/jpeg"}],"author":"La Gu\u00eda de Pamplona","twitter_card":"summary_large_image","twitter_creator":"@LaGuiadPamplona","twitter_site":"@LaGuiadPamplona","twitter_misc":{"Escrito por":"La Gu\u00eda de Pamplona","Tiempo de lectura":"5 minutos"},"schema":{"@context":"https:\/\/schema.org","@graph":[{"@type":"Article","@id":"https:\/\/www.laguiadepamplona.com\/actualidad\/gerencia-de-urbanismo-adjudicara-el-miercoles-la-revision-del-peri-del-i-y-ii-ensanche-para-adecuar-dotaciones-impulsar-actividad-economica-y-mejorar-movilidad\/#article","isPartOf":{"@id":"https:\/\/www.laguiadepamplona.com\/actualidad\/gerencia-de-urbanismo-adjudicara-el-miercoles-la-revision-del-peri-del-i-y-ii-ensanche-para-adecuar-dotaciones-impulsar-actividad-economica-y-mejorar-movilidad\/"},"author":{"name":"La Gu\u00eda de Pamplona","@id":"https:\/\/www.laguiadepamplona.com\/actualidad\/#\/schema\/person\/efe887376f0213d4657c93adc50b1fdb"},"headline":"Gerencia de Urbanismo adjudicar\u00e1 el mi\u00e9rcoles la revisi\u00f3n del PERI del I y II Ensanche para adecuar dotaciones, impulsar actividad econ\u00f3mica y mejorar movilidad","datePublished":"2018-10-15T11:53:58+00:00","mainEntityOfPage":{"@id":"https:\/\/www.laguiadepamplona.com\/actualidad\/gerencia-de-urbanismo-adjudicara-el-miercoles-la-revision-del-peri-del-i-y-ii-ensanche-para-adecuar-dotaciones-impulsar-actividad-economica-y-mejorar-movilidad\/"},"wordCount":957,"commentCount":0,"publisher":{"@id":"https:\/\/www.laguiadepamplona.com\/actualidad\/#organization"},"image":{"@id":"https:\/\/www.laguiadepamplona.com\/actualidad\/gerencia-de-urbanismo-adjudicara-el-miercoles-la-revision-del-peri-del-i-y-ii-ensanche-para-adecuar-dotaciones-impulsar-actividad-economica-y-mejorar-movilidad\/#primaryimage"},"thumbnailUrl":"https:\/\/www.laguiadepamplona.com\/actualidad\/wp-content\/uploads\/2018\/05\/ayto-pamplona-3.jpg","articleSection":["Ayto Pamplona"],"inLanguage":"es","potentialAction":[{"@type":"CommentAction","name":"Comment","target":["https:\/\/www.laguiadepamplona.com\/actualidad\/gerencia-de-urbanismo-adjudicara-el-miercoles-la-revision-del-peri-del-i-y-ii-ensanche-para-adecuar-dotaciones-impulsar-actividad-economica-y-mejorar-movilidad\/#respond"]}]},{"@type":"WebPage","@id":"https:\/\/www.laguiadepamplona.com\/actualidad\/gerencia-de-urbanismo-adjudicara-el-miercoles-la-revision-del-peri-del-i-y-ii-ensanche-para-adecuar-dotaciones-impulsar-actividad-economica-y-mejorar-movilidad\/","url":"https:\/\/www.laguiadepamplona.com\/actualidad\/gerencia-de-urbanismo-adjudicara-el-miercoles-la-revision-del-peri-del-i-y-ii-ensanche-para-adecuar-dotaciones-impulsar-actividad-economica-y-mejorar-movilidad\/","name":"Gerencia de Urbanismo adjudicar\u00e1 el mi\u00e9rcoles la revisi\u00f3n del PERI del I y II Ensanche para adecuar dotaciones, impulsar actividad econ\u00f3mica y mejorar movilidad","isPartOf":{"@id":"https:\/\/www.laguiadepamplona.com\/actualidad\/#website"},"primaryImageOfPage":{"@id":"https:\/\/www.laguiadepamplona.com\/actualidad\/gerencia-de-urbanismo-adjudicara-el-miercoles-la-revision-del-peri-del-i-y-ii-ensanche-para-adecuar-dotaciones-impulsar-actividad-economica-y-mejorar-movilidad\/#primaryimage"},"image":{"@id":"https:\/\/www.laguiadepamplona.com\/actualidad\/gerencia-de-urbanismo-adjudicara-el-miercoles-la-revision-del-peri-del-i-y-ii-ensanche-para-adecuar-dotaciones-impulsar-actividad-economica-y-mejorar-movilidad\/#primaryimage"},"thumbnailUrl":"https:\/\/www.laguiadepamplona.com\/actualidad\/wp-content\/uploads\/2018\/05\/ayto-pamplona-3.jpg","datePublished":"2018-10-15T11:53:58+00:00","breadcrumb":{"@id":"https:\/\/www.laguiadepamplona.com\/actualidad\/gerencia-de-urbanismo-adjudicara-el-miercoles-la-revision-del-peri-del-i-y-ii-ensanche-para-adecuar-dotaciones-impulsar-actividad-economica-y-mejorar-movilidad\/#breadcrumb"},"inLanguage":"es","potentialAction":[{"@type":"ReadAction","target":["https:\/\/www.laguiadepamplona.com\/actualidad\/gerencia-de-urbanismo-adjudicara-el-miercoles-la-revision-del-peri-del-i-y-ii-ensanche-para-adecuar-dotaciones-impulsar-actividad-economica-y-mejorar-movilidad\/"]}]},{"@type":"ImageObject","inLanguage":"es","@id":"https:\/\/www.laguiadepamplona.com\/actualidad\/gerencia-de-urbanismo-adjudicara-el-miercoles-la-revision-del-peri-del-i-y-ii-ensanche-para-adecuar-dotaciones-impulsar-actividad-economica-y-mejorar-movilidad\/#primaryimage","url":"https:\/\/www.laguiadepamplona.com\/actualidad\/wp-content\/uploads\/2018\/05\/ayto-pamplona-3.jpg","contentUrl":"https:\/\/www.laguiadepamplona.com\/actualidad\/wp-content\/uploads\/2018\/05\/ayto-pamplona-3.jpg","width":1000,"height":555},{"@type":"BreadcrumbList","@id":"https:\/\/www.laguiadepamplona.com\/actualidad\/gerencia-de-urbanismo-adjudicara-el-miercoles-la-revision-del-peri-del-i-y-ii-ensanche-para-adecuar-dotaciones-impulsar-actividad-economica-y-mejorar-movilidad\/#breadcrumb","itemListElement":[{"@type":"ListItem","position":1,"name":"Portada","item":"https:\/\/www.laguiadepamplona.com\/actualidad\/"},{"@type":"ListItem","position":2,"name":"Gerencia de Urbanismo adjudicar\u00e1 el mi\u00e9rcoles la revisi\u00f3n del PERI del I y II Ensanche para adecuar dotaciones, impulsar actividad econ\u00f3mica y mejorar movilidad"}]},{"@type":"WebSite","@id":"https:\/\/www.laguiadepamplona.com\/actualidad\/#website","url":"https:\/\/www.laguiadepamplona.com\/actualidad\/","name":"La gu\u00eda de Pamplona","description":"Noticias de Pamplona","publisher":{"@id":"https:\/\/www.laguiadepamplona.com\/actualidad\/#organization"},"potentialAction":[{"@type":"SearchAction","target":{"@type":"EntryPoint","urlTemplate":"https:\/\/www.laguiadepamplona.com\/actualidad\/?s={search_term_string}"},"query-input":{"@type":"PropertyValueSpecification","valueRequired":true,"valueName":"search_term_string"}}],"inLanguage":"es"},{"@type":"Organization","@id":"https:\/\/www.laguiadepamplona.com\/actualidad\/#organization","name":"La Gu\u00eda de Pamplona \/ Noticias","url":"https:\/\/www.laguiadepamplona.com\/actualidad\/","logo":{"@type":"ImageObject","inLanguage":"es","@id":"https:\/\/www.laguiadepamplona.com\/actualidad\/#\/schema\/logo\/image\/","url":"https:\/\/www.laguiadepamplona.com\/actualidad\/wp-content\/uploads\/2018\/11\/logo-laguiadepamplona18-web1.png","contentUrl":"https:\/\/www.laguiadepamplona.com\/actualidad\/wp-content\/uploads\/2018\/11\/logo-laguiadepamplona18-web1.png","width":600,"height":196,"caption":"La Gu\u00eda de Pamplona \/ Noticias"},"image":{"@id":"https:\/\/www.laguiadepamplona.com\/actualidad\/#\/schema\/logo\/image\/"},"sameAs":["https:\/\/www.facebook.com\/laguiadepamplonacom-133175176762273\/?ref=hl","https:\/\/x.com\/LaGuiadPamplona","https:\/\/www.instagram.com\/la_guia_de_pamplona\/","https:\/\/www.youtube.com\/user\/laguiadepamplona"]},{"@type":"Person","@id":"https:\/\/www.laguiadepamplona.com\/actualidad\/#\/schema\/person\/efe887376f0213d4657c93adc50b1fdb","name":"La Gu\u00eda de Pamplona","image":{"@type":"ImageObject","inLanguage":"es","@id":"https:\/\/secure.gravatar.com\/avatar\/b6992f131dc8d30ab0dff15446e9d346d9dbd95992de0fef795073f5ea83a81c?s=96&d=mm&r=g","url":"https:\/\/secure.gravatar.com\/avatar\/b6992f131dc8d30ab0dff15446e9d346d9dbd95992de0fef795073f5ea83a81c?s=96&d=mm&r=g","contentUrl":"https:\/\/secure.gravatar.com\/avatar\/b6992f131dc8d30ab0dff15446e9d346d9dbd95992de0fef795073f5ea83a81c?s=96&d=mm&r=g","caption":"La Gu\u00eda de Pamplona"}}]}},"post_mailing_queue_ids":[],"_links":{"self":[{"href":"https:\/\/www.laguiadepamplona.com\/actualidad\/wp-json\/wp\/v2\/posts\/19023","targetHints":{"allow":["GET"]}}],"collection":[{"href":"https:\/\/www.laguiadepamplona.com\/actualidad\/wp-json\/wp\/v2\/posts"}],"about":[{"href":"https:\/\/www.laguiadepamplona.com\/actualidad\/wp-json\/wp\/v2\/types\/post"}],"author":[{"embeddable":true,"href":"https:\/\/www.laguiadepamplona.com\/actualidad\/wp-json\/wp\/v2\/users\/1"}],"replies":[{"embeddable":true,"href":"https:\/\/www.laguiadepamplona.com\/actualidad\/wp-json\/wp\/v2\/comments?post=19023"}],"version-history":[{"count":0,"href":"https:\/\/www.laguiadepamplona.com\/actualidad\/wp-json\/wp\/v2\/posts\/19023\/revisions"}],"wp:featuredmedia":[{"embeddable":true,"href":"https:\/\/www.laguiadepamplona.com\/actualidad\/wp-json\/wp\/v2\/media\/17600"}],"wp:attachment":[{"href":"https:\/\/www.laguiadepamplona.com\/actualidad\/wp-json\/wp\/v2\/media?parent=19023"}],"wp:term":[{"taxonomy":"category","embeddable":true,"href":"https:\/\/www.laguiadepamplona.com\/actualidad\/wp-json\/wp\/v2\/categories?post=19023"},{"taxonomy":"post_tag","embeddable":true,"href":"https:\/\/www.laguiadepamplona.com\/actualidad\/wp-json\/wp\/v2\/tags?post=19023"}],"curies":[{"name":"wp","href":"https:\/\/api.w.org\/{rel}","templated":true}]}}