{"id":19006,"date":"2018-10-15T12:38:21","date_gmt":"2018-10-15T10:38:21","guid":{"rendered":"https:\/\/www.laguiadepamplona.es\/actualidad\/?p=19006"},"modified":"2018-10-15T12:38:21","modified_gmt":"2018-10-15T10:38:21","slug":"manana-por-la-tarde-vecindario-y-asociaciones-de-rochapea-estan-llamadas-a-participar-en-el-foro-de-barrio-que-se-celebrara-en-civivox-jus-la-rocha","status":"publish","type":"post","link":"https:\/\/www.laguiadepamplona.com\/actualidad\/manana-por-la-tarde-vecindario-y-asociaciones-de-rochapea-estan-llamadas-a-participar-en-el-foro-de-barrio-que-se-celebrara-en-civivox-jus-la-rocha\/","title":{"rendered":"Ma\u00f1ana por la tarde, vecindario y asociaciones de Rochapea est\u00e1n llamadas a participar en el foro de barrio que se celebrar\u00e1 en Civivox Jus la Rocha"},"content":{"rendered":"<h3>La web <a href=\"http:\/\/erabaki.pamplona.es\/\" target=\"_blank\" rel=\"noopener\">http:\/\/erabaki.pamplona.es<\/a> tiene abierta una l\u00ednea de participaci\u00f3n virtual para realizar propuestas, sugerencias o quejas<\/h3>\n<p><!--more--><\/p>\n<p>Ma\u00f1ana martes el Foro de Barrio se traslada a Rochapea. El encuentro previsto con vecindario y tejido asociativo ser\u00e1 a las 18.30 horas, en Civivox Jus la Rocha. La reuni\u00f3n contar\u00e1 con la participaci\u00f3n de la concejala de barrio, Patricia Perales. Adem\u00e1s a la participaci\u00f3n presencial y la intervenci\u00f3n directa, el Foro de Barrio est\u00e1 abierto a la participaci\u00f3n virtual a trav\u00e9s de la herramienta on line <a href=\"http:\/\/erabaki.pamplona.es\/\" target=\"_blank\" rel=\"noopener\">http:\/\/erabaki.pamplona.es<\/a>.<\/p>\n<p>Como sistema los mi\u00e9rcoles se abre el registro de preguntas sugerencias, quejas o iniciativas para la sesi\u00f3n del martes de la siguiente semana. En el caso del foro de ma\u00f1ana, esa tribuna estar\u00e1 \u2018abierta\u2019 hasta 19.30 horas del 16 de octubre. \u00danicamente es necesario registrarse en la propia web. Para fomentar la participaci\u00f3n vecinal el Ayuntamiento mantendr\u00e1 un servicio de ludoteca, con inscripci\u00f3n previa, de forma que se facilite la conciliaci\u00f3n de las tareas familiares con la asistencia al foro.<\/p>\n<p>Los previsto es la presentaci\u00f3n de la sesi\u00f3n a cargo de Antso Fern\u00e1ndez, director del \u00c1rea de Participaci\u00f3n Ciudadana y Empoderamiento Social, que dar\u00e1 paso la exposici\u00f3n por parte de la concejala Perales de los diferentes proyectos que se han realizado y se van a realizar en ese barrio. Alrededor de las 18.55 horas se iniciar\u00e1 el tramo de la sesi\u00f3n bautizado como \u2018El barrio informa\u2019 en el que personas individuales o representantes de colectivos dar\u00e1n cuenta de iniciativas como huerto comunitario.<\/p>\n<p>Tras las dos exposiciones, la sesi\u00f3n continuar\u00e1 dividida en grupos de trabajo que versar\u00e1n sobre mayores, movilidad, lo relativo a los recursos y las acciones de dinamizaci\u00f3n del tejido social del barrio. Para terminar, la sesi\u00f3n dar\u00e1 paso a las preguntas y sugerencias, tanto presenciales como digitales, hasta cerrar el foro en torno a 20.30 horas.<\/p>\n<p>Las personas interesadas en la sesi\u00f3n tienen la oportunidad de verla en directo a distancia ya que se retransmitir\u00e1 en streaming a trav\u00e9s del canal de Youtube \u2018Pamplona es participaci\u00f3n\u2019.<\/p>\n<p>La pr\u00f3xima sesi\u00f3n de este programa itinerante y participativo se asomar\u00e1 a Iturrama el martes 23 de octubre. A partir del mi\u00e9rcoles 24, la herramienta on line <a href=\"http:\/\/erabaki.pamplona.es\/\" target=\"_blank\" rel=\"noopener\">http:\/\/erabaki.pamplona.es<\/a> quedar\u00e1 abierta a esos contenidos.<\/p>\n<p><strong>Pr\u00f3ximos Foros de Barrio<\/strong><\/p>\n<p>&nbsp;<\/p>\n<table>\n<tbody>\n<tr>\n<td width=\"66\"><strong>FECHA<\/strong><\/td>\n<td width=\"227\"><strong>BARRIO<\/strong><\/td>\n<td width=\"161\"><strong>LUGAR<\/strong><\/td>\n<td width=\"53\"><strong>HORA<\/strong><\/td>\n<td width=\"132\"><strong>CONCEJAL\/A<\/strong><\/td>\n<\/tr>\n<tr>\n<td width=\"66\"><strong>16\/10\/18<\/strong><\/td>\n<td width=\"227\">Rochapea<\/td>\n<td width=\"161\">Civivox Jus la Rocha<\/td>\n<td width=\"53\">18.30<\/td>\n<td width=\"132\">Patricia Perales<\/td>\n<\/tr>\n<tr>\n<td width=\"66\"><strong>23\/10\/18<\/strong><\/td>\n<td width=\"227\">Iturrama<\/td>\n<td width=\"161\">Civivox Iturrama<\/td>\n<td width=\"53\">18.30<\/td>\n<td width=\"132\">I\u00f1aki Cabas\u00e9s<\/td>\n<\/tr>\n<\/tbody>\n<\/table>\n<p>&nbsp;<\/p>\n","protected":false},"excerpt":{"rendered":"<p>La web http:\/\/erabaki.pamplona.es tiene abierta una l\u00ednea de participaci\u00f3n virtual para realizar propuestas, sugerencias o quejas<\/p>\n","protected":false},"author":1,"featured_media":11108,"comment_status":"open","ping_status":"closed","sticky":false,"template":"","format":"standard","meta":{"footnotes":""},"categories":[2],"tags":[],"class_list":["post-19006","post","type-post","status-publish","format-standard","has-post-thumbnail","hentry","category-ayuntamiento-pamplona"],"yoast_head":"<!-- This site is optimized with the Yoast SEO plugin v27.9 - https:\/\/yoast.com\/product\/yoast-seo-wordpress\/ -->\n<title>Ma\u00f1ana por la tarde, vecindario y asociaciones de Rochapea est\u00e1n llamadas a participar en el foro de barrio que se celebrar\u00e1 en Civivox Jus la Rocha<\/title>\n<meta name=\"robots\" content=\"index, follow, max-snippet:-1, max-image-preview:large, max-video-preview:-1\" \/>\n<link rel=\"canonical\" href=\"https:\/\/www.laguiadepamplona.com\/actualidad\/manana-por-la-tarde-vecindario-y-asociaciones-de-rochapea-estan-llamadas-a-participar-en-el-foro-de-barrio-que-se-celebrara-en-civivox-jus-la-rocha\/\" \/>\n<meta property=\"og:locale\" content=\"es_ES\" \/>\n<meta property=\"og:type\" content=\"article\" \/>\n<meta property=\"og:title\" content=\"Ma\u00f1ana por la tarde, vecindario y asociaciones de Rochapea est\u00e1n llamadas a participar en el foro de barrio que se celebrar\u00e1 en Civivox Jus la Rocha\" \/>\n<meta property=\"og:description\" content=\"La web http:\/\/erabaki.pamplona.es tiene abierta una l\u00ednea de participaci\u00f3n virtual para realizar propuestas, sugerencias o quejas\" \/>\n<meta property=\"og:url\" content=\"https:\/\/www.laguiadepamplona.com\/actualidad\/manana-por-la-tarde-vecindario-y-asociaciones-de-rochapea-estan-llamadas-a-participar-en-el-foro-de-barrio-que-se-celebrara-en-civivox-jus-la-rocha\/\" \/>\n<meta property=\"og:site_name\" content=\"La Gu\u00eda de Pamplona Noticias y actualidad\" \/>\n<meta property=\"article:publisher\" content=\"https:\/\/www.facebook.com\/laguiadepamplonacom-133175176762273\/?ref=hl\" \/>\n<meta property=\"article:published_time\" content=\"2018-10-15T10:38:21+00:00\" \/>\n<meta property=\"og:image\" content=\"https:\/\/www.laguiadepamplona.com\/actualidad\/wp-content\/uploads\/2016\/12\/jus-la-rocha-civivox.jpg\" \/>\n\t<meta property=\"og:image:width\" content=\"500\" \/>\n\t<meta property=\"og:image:height\" content=\"300\" \/>\n\t<meta property=\"og:image:type\" content=\"image\/jpeg\" \/>\n<meta name=\"author\" content=\"La Gu\u00eda de Pamplona\" \/>\n<meta name=\"twitter:card\" content=\"summary_large_image\" \/>\n<meta name=\"twitter:creator\" content=\"@LaGuiadPamplona\" \/>\n<meta name=\"twitter:site\" content=\"@LaGuiadPamplona\" \/>\n<meta name=\"twitter:label1\" content=\"Escrito por\" \/>\n\t<meta name=\"twitter:data1\" content=\"La Gu\u00eda de Pamplona\" \/>\n\t<meta name=\"twitter:label2\" content=\"Tiempo de lectura\" \/>\n\t<meta name=\"twitter:data2\" content=\"2 minutos\" \/>\n<script type=\"application\/ld+json\" class=\"yoast-schema-graph\">{\"@context\":\"https:\\\/\\\/schema.org\",\"@graph\":[{\"@type\":\"Article\",\"@id\":\"https:\\\/\\\/www.laguiadepamplona.com\\\/actualidad\\\/manana-por-la-tarde-vecindario-y-asociaciones-de-rochapea-estan-llamadas-a-participar-en-el-foro-de-barrio-que-se-celebrara-en-civivox-jus-la-rocha\\\/#article\",\"isPartOf\":{\"@id\":\"https:\\\/\\\/www.laguiadepamplona.com\\\/actualidad\\\/manana-por-la-tarde-vecindario-y-asociaciones-de-rochapea-estan-llamadas-a-participar-en-el-foro-de-barrio-que-se-celebrara-en-civivox-jus-la-rocha\\\/\"},\"author\":{\"name\":\"La Gu\u00eda de Pamplona\",\"@id\":\"https:\\\/\\\/www.laguiadepamplona.com\\\/actualidad\\\/#\\\/schema\\\/person\\\/efe887376f0213d4657c93adc50b1fdb\"},\"headline\":\"Ma\u00f1ana por la tarde, vecindario y asociaciones de Rochapea est\u00e1n llamadas a participar en el foro de barrio que se celebrar\u00e1 en Civivox Jus la Rocha\",\"datePublished\":\"2018-10-15T10:38:21+00:00\",\"mainEntityOfPage\":{\"@id\":\"https:\\\/\\\/www.laguiadepamplona.com\\\/actualidad\\\/manana-por-la-tarde-vecindario-y-asociaciones-de-rochapea-estan-llamadas-a-participar-en-el-foro-de-barrio-que-se-celebrara-en-civivox-jus-la-rocha\\\/\"},\"wordCount\":455,\"commentCount\":0,\"publisher\":{\"@id\":\"https:\\\/\\\/www.laguiadepamplona.com\\\/actualidad\\\/#organization\"},\"image\":{\"@id\":\"https:\\\/\\\/www.laguiadepamplona.com\\\/actualidad\\\/manana-por-la-tarde-vecindario-y-asociaciones-de-rochapea-estan-llamadas-a-participar-en-el-foro-de-barrio-que-se-celebrara-en-civivox-jus-la-rocha\\\/#primaryimage\"},\"thumbnailUrl\":\"https:\\\/\\\/www.laguiadepamplona.com\\\/actualidad\\\/wp-content\\\/uploads\\\/2016\\\/12\\\/jus-la-rocha-civivox.jpg\",\"articleSection\":[\"Ayto Pamplona\"],\"inLanguage\":\"es\",\"potentialAction\":[{\"@type\":\"CommentAction\",\"name\":\"Comment\",\"target\":[\"https:\\\/\\\/www.laguiadepamplona.com\\\/actualidad\\\/manana-por-la-tarde-vecindario-y-asociaciones-de-rochapea-estan-llamadas-a-participar-en-el-foro-de-barrio-que-se-celebrara-en-civivox-jus-la-rocha\\\/#respond\"]}]},{\"@type\":\"WebPage\",\"@id\":\"https:\\\/\\\/www.laguiadepamplona.com\\\/actualidad\\\/manana-por-la-tarde-vecindario-y-asociaciones-de-rochapea-estan-llamadas-a-participar-en-el-foro-de-barrio-que-se-celebrara-en-civivox-jus-la-rocha\\\/\",\"url\":\"https:\\\/\\\/www.laguiadepamplona.com\\\/actualidad\\\/manana-por-la-tarde-vecindario-y-asociaciones-de-rochapea-estan-llamadas-a-participar-en-el-foro-de-barrio-que-se-celebrara-en-civivox-jus-la-rocha\\\/\",\"name\":\"Ma\u00f1ana por la tarde, vecindario y asociaciones de Rochapea est\u00e1n llamadas a participar en el foro de barrio que se celebrar\u00e1 en Civivox Jus la Rocha\",\"isPartOf\":{\"@id\":\"https:\\\/\\\/www.laguiadepamplona.com\\\/actualidad\\\/#website\"},\"primaryImageOfPage\":{\"@id\":\"https:\\\/\\\/www.laguiadepamplona.com\\\/actualidad\\\/manana-por-la-tarde-vecindario-y-asociaciones-de-rochapea-estan-llamadas-a-participar-en-el-foro-de-barrio-que-se-celebrara-en-civivox-jus-la-rocha\\\/#primaryimage\"},\"image\":{\"@id\":\"https:\\\/\\\/www.laguiadepamplona.com\\\/actualidad\\\/manana-por-la-tarde-vecindario-y-asociaciones-de-rochapea-estan-llamadas-a-participar-en-el-foro-de-barrio-que-se-celebrara-en-civivox-jus-la-rocha\\\/#primaryimage\"},\"thumbnailUrl\":\"https:\\\/\\\/www.laguiadepamplona.com\\\/actualidad\\\/wp-content\\\/uploads\\\/2016\\\/12\\\/jus-la-rocha-civivox.jpg\",\"datePublished\":\"2018-10-15T10:38:21+00:00\",\"breadcrumb\":{\"@id\":\"https:\\\/\\\/www.laguiadepamplona.com\\\/actualidad\\\/manana-por-la-tarde-vecindario-y-asociaciones-de-rochapea-estan-llamadas-a-participar-en-el-foro-de-barrio-que-se-celebrara-en-civivox-jus-la-rocha\\\/#breadcrumb\"},\"inLanguage\":\"es\",\"potentialAction\":[{\"@type\":\"ReadAction\",\"target\":[\"https:\\\/\\\/www.laguiadepamplona.com\\\/actualidad\\\/manana-por-la-tarde-vecindario-y-asociaciones-de-rochapea-estan-llamadas-a-participar-en-el-foro-de-barrio-que-se-celebrara-en-civivox-jus-la-rocha\\\/\"]}]},{\"@type\":\"ImageObject\",\"inLanguage\":\"es\",\"@id\":\"https:\\\/\\\/www.laguiadepamplona.com\\\/actualidad\\\/manana-por-la-tarde-vecindario-y-asociaciones-de-rochapea-estan-llamadas-a-participar-en-el-foro-de-barrio-que-se-celebrara-en-civivox-jus-la-rocha\\\/#primaryimage\",\"url\":\"https:\\\/\\\/www.laguiadepamplona.com\\\/actualidad\\\/wp-content\\\/uploads\\\/2016\\\/12\\\/jus-la-rocha-civivox.jpg\",\"contentUrl\":\"https:\\\/\\\/www.laguiadepamplona.com\\\/actualidad\\\/wp-content\\\/uploads\\\/2016\\\/12\\\/jus-la-rocha-civivox.jpg\",\"width\":500,\"height\":300},{\"@type\":\"BreadcrumbList\",\"@id\":\"https:\\\/\\\/www.laguiadepamplona.com\\\/actualidad\\\/manana-por-la-tarde-vecindario-y-asociaciones-de-rochapea-estan-llamadas-a-participar-en-el-foro-de-barrio-que-se-celebrara-en-civivox-jus-la-rocha\\\/#breadcrumb\",\"itemListElement\":[{\"@type\":\"ListItem\",\"position\":1,\"name\":\"Portada\",\"item\":\"https:\\\/\\\/www.laguiadepamplona.com\\\/actualidad\\\/\"},{\"@type\":\"ListItem\",\"position\":2,\"name\":\"Ma\u00f1ana por la tarde, vecindario y asociaciones de Rochapea est\u00e1n llamadas a participar en el foro de barrio que se celebrar\u00e1 en Civivox Jus la Rocha\"}]},{\"@type\":\"WebSite\",\"@id\":\"https:\\\/\\\/www.laguiadepamplona.com\\\/actualidad\\\/#website\",\"url\":\"https:\\\/\\\/www.laguiadepamplona.com\\\/actualidad\\\/\",\"name\":\"La gu\u00eda de Pamplona\",\"description\":\"Noticias de Pamplona\",\"publisher\":{\"@id\":\"https:\\\/\\\/www.laguiadepamplona.com\\\/actualidad\\\/#organization\"},\"potentialAction\":[{\"@type\":\"SearchAction\",\"target\":{\"@type\":\"EntryPoint\",\"urlTemplate\":\"https:\\\/\\\/www.laguiadepamplona.com\\\/actualidad\\\/?s={search_term_string}\"},\"query-input\":{\"@type\":\"PropertyValueSpecification\",\"valueRequired\":true,\"valueName\":\"search_term_string\"}}],\"inLanguage\":\"es\"},{\"@type\":\"Organization\",\"@id\":\"https:\\\/\\\/www.laguiadepamplona.com\\\/actualidad\\\/#organization\",\"name\":\"La Gu\u00eda de Pamplona \\\/ Noticias\",\"url\":\"https:\\\/\\\/www.laguiadepamplona.com\\\/actualidad\\\/\",\"logo\":{\"@type\":\"ImageObject\",\"inLanguage\":\"es\",\"@id\":\"https:\\\/\\\/www.laguiadepamplona.com\\\/actualidad\\\/#\\\/schema\\\/logo\\\/image\\\/\",\"url\":\"https:\\\/\\\/www.laguiadepamplona.com\\\/actualidad\\\/wp-content\\\/uploads\\\/2018\\\/11\\\/logo-laguiadepamplona18-web1.png\",\"contentUrl\":\"https:\\\/\\\/www.laguiadepamplona.com\\\/actualidad\\\/wp-content\\\/uploads\\\/2018\\\/11\\\/logo-laguiadepamplona18-web1.png\",\"width\":600,\"height\":196,\"caption\":\"La Gu\u00eda de Pamplona \\\/ Noticias\"},\"image\":{\"@id\":\"https:\\\/\\\/www.laguiadepamplona.com\\\/actualidad\\\/#\\\/schema\\\/logo\\\/image\\\/\"},\"sameAs\":[\"https:\\\/\\\/www.facebook.com\\\/laguiadepamplonacom-133175176762273\\\/?ref=hl\",\"https:\\\/\\\/x.com\\\/LaGuiadPamplona\",\"https:\\\/\\\/www.instagram.com\\\/la_guia_de_pamplona\\\/\",\"https:\\\/\\\/www.youtube.com\\\/user\\\/laguiadepamplona\"]},{\"@type\":\"Person\",\"@id\":\"https:\\\/\\\/www.laguiadepamplona.com\\\/actualidad\\\/#\\\/schema\\\/person\\\/efe887376f0213d4657c93adc50b1fdb\",\"name\":\"La Gu\u00eda de Pamplona\",\"image\":{\"@type\":\"ImageObject\",\"inLanguage\":\"es\",\"@id\":\"https:\\\/\\\/secure.gravatar.com\\\/avatar\\\/b6992f131dc8d30ab0dff15446e9d346d9dbd95992de0fef795073f5ea83a81c?s=96&d=mm&r=g\",\"url\":\"https:\\\/\\\/secure.gravatar.com\\\/avatar\\\/b6992f131dc8d30ab0dff15446e9d346d9dbd95992de0fef795073f5ea83a81c?s=96&d=mm&r=g\",\"contentUrl\":\"https:\\\/\\\/secure.gravatar.com\\\/avatar\\\/b6992f131dc8d30ab0dff15446e9d346d9dbd95992de0fef795073f5ea83a81c?s=96&d=mm&r=g\",\"caption\":\"La Gu\u00eda de Pamplona\"}}]}<\/script>\n<!-- \/ Yoast SEO plugin. -->","yoast_head_json":{"title":"Ma\u00f1ana por la tarde, vecindario y asociaciones de Rochapea est\u00e1n llamadas a participar en el foro de barrio que se celebrar\u00e1 en Civivox Jus la Rocha","robots":{"index":"index","follow":"follow","max-snippet":"max-snippet:-1","max-image-preview":"max-image-preview:large","max-video-preview":"max-video-preview:-1"},"canonical":"https:\/\/www.laguiadepamplona.com\/actualidad\/manana-por-la-tarde-vecindario-y-asociaciones-de-rochapea-estan-llamadas-a-participar-en-el-foro-de-barrio-que-se-celebrara-en-civivox-jus-la-rocha\/","og_locale":"es_ES","og_type":"article","og_title":"Ma\u00f1ana por la tarde, vecindario y asociaciones de Rochapea est\u00e1n llamadas a participar en el foro de barrio que se celebrar\u00e1 en Civivox Jus la Rocha","og_description":"La web http:\/\/erabaki.pamplona.es tiene abierta una l\u00ednea de participaci\u00f3n virtual para realizar propuestas, sugerencias o quejas","og_url":"https:\/\/www.laguiadepamplona.com\/actualidad\/manana-por-la-tarde-vecindario-y-asociaciones-de-rochapea-estan-llamadas-a-participar-en-el-foro-de-barrio-que-se-celebrara-en-civivox-jus-la-rocha\/","og_site_name":"La Gu\u00eda de Pamplona Noticias y actualidad","article_publisher":"https:\/\/www.facebook.com\/laguiadepamplonacom-133175176762273\/?ref=hl","article_published_time":"2018-10-15T10:38:21+00:00","og_image":[{"width":500,"height":300,"url":"https:\/\/www.laguiadepamplona.com\/actualidad\/wp-content\/uploads\/2016\/12\/jus-la-rocha-civivox.jpg","type":"image\/jpeg"}],"author":"La Gu\u00eda de Pamplona","twitter_card":"summary_large_image","twitter_creator":"@LaGuiadPamplona","twitter_site":"@LaGuiadPamplona","twitter_misc":{"Escrito por":"La Gu\u00eda de Pamplona","Tiempo de lectura":"2 minutos"},"schema":{"@context":"https:\/\/schema.org","@graph":[{"@type":"Article","@id":"https:\/\/www.laguiadepamplona.com\/actualidad\/manana-por-la-tarde-vecindario-y-asociaciones-de-rochapea-estan-llamadas-a-participar-en-el-foro-de-barrio-que-se-celebrara-en-civivox-jus-la-rocha\/#article","isPartOf":{"@id":"https:\/\/www.laguiadepamplona.com\/actualidad\/manana-por-la-tarde-vecindario-y-asociaciones-de-rochapea-estan-llamadas-a-participar-en-el-foro-de-barrio-que-se-celebrara-en-civivox-jus-la-rocha\/"},"author":{"name":"La Gu\u00eda de Pamplona","@id":"https:\/\/www.laguiadepamplona.com\/actualidad\/#\/schema\/person\/efe887376f0213d4657c93adc50b1fdb"},"headline":"Ma\u00f1ana por la tarde, vecindario y asociaciones de Rochapea est\u00e1n llamadas a participar en el foro de barrio que se celebrar\u00e1 en Civivox Jus la Rocha","datePublished":"2018-10-15T10:38:21+00:00","mainEntityOfPage":{"@id":"https:\/\/www.laguiadepamplona.com\/actualidad\/manana-por-la-tarde-vecindario-y-asociaciones-de-rochapea-estan-llamadas-a-participar-en-el-foro-de-barrio-que-se-celebrara-en-civivox-jus-la-rocha\/"},"wordCount":455,"commentCount":0,"publisher":{"@id":"https:\/\/www.laguiadepamplona.com\/actualidad\/#organization"},"image":{"@id":"https:\/\/www.laguiadepamplona.com\/actualidad\/manana-por-la-tarde-vecindario-y-asociaciones-de-rochapea-estan-llamadas-a-participar-en-el-foro-de-barrio-que-se-celebrara-en-civivox-jus-la-rocha\/#primaryimage"},"thumbnailUrl":"https:\/\/www.laguiadepamplona.com\/actualidad\/wp-content\/uploads\/2016\/12\/jus-la-rocha-civivox.jpg","articleSection":["Ayto Pamplona"],"inLanguage":"es","potentialAction":[{"@type":"CommentAction","name":"Comment","target":["https:\/\/www.laguiadepamplona.com\/actualidad\/manana-por-la-tarde-vecindario-y-asociaciones-de-rochapea-estan-llamadas-a-participar-en-el-foro-de-barrio-que-se-celebrara-en-civivox-jus-la-rocha\/#respond"]}]},{"@type":"WebPage","@id":"https:\/\/www.laguiadepamplona.com\/actualidad\/manana-por-la-tarde-vecindario-y-asociaciones-de-rochapea-estan-llamadas-a-participar-en-el-foro-de-barrio-que-se-celebrara-en-civivox-jus-la-rocha\/","url":"https:\/\/www.laguiadepamplona.com\/actualidad\/manana-por-la-tarde-vecindario-y-asociaciones-de-rochapea-estan-llamadas-a-participar-en-el-foro-de-barrio-que-se-celebrara-en-civivox-jus-la-rocha\/","name":"Ma\u00f1ana por la tarde, vecindario y asociaciones de Rochapea est\u00e1n llamadas a participar en el foro de barrio que se celebrar\u00e1 en Civivox Jus la Rocha","isPartOf":{"@id":"https:\/\/www.laguiadepamplona.com\/actualidad\/#website"},"primaryImageOfPage":{"@id":"https:\/\/www.laguiadepamplona.com\/actualidad\/manana-por-la-tarde-vecindario-y-asociaciones-de-rochapea-estan-llamadas-a-participar-en-el-foro-de-barrio-que-se-celebrara-en-civivox-jus-la-rocha\/#primaryimage"},"image":{"@id":"https:\/\/www.laguiadepamplona.com\/actualidad\/manana-por-la-tarde-vecindario-y-asociaciones-de-rochapea-estan-llamadas-a-participar-en-el-foro-de-barrio-que-se-celebrara-en-civivox-jus-la-rocha\/#primaryimage"},"thumbnailUrl":"https:\/\/www.laguiadepamplona.com\/actualidad\/wp-content\/uploads\/2016\/12\/jus-la-rocha-civivox.jpg","datePublished":"2018-10-15T10:38:21+00:00","breadcrumb":{"@id":"https:\/\/www.laguiadepamplona.com\/actualidad\/manana-por-la-tarde-vecindario-y-asociaciones-de-rochapea-estan-llamadas-a-participar-en-el-foro-de-barrio-que-se-celebrara-en-civivox-jus-la-rocha\/#breadcrumb"},"inLanguage":"es","potentialAction":[{"@type":"ReadAction","target":["https:\/\/www.laguiadepamplona.com\/actualidad\/manana-por-la-tarde-vecindario-y-asociaciones-de-rochapea-estan-llamadas-a-participar-en-el-foro-de-barrio-que-se-celebrara-en-civivox-jus-la-rocha\/"]}]},{"@type":"ImageObject","inLanguage":"es","@id":"https:\/\/www.laguiadepamplona.com\/actualidad\/manana-por-la-tarde-vecindario-y-asociaciones-de-rochapea-estan-llamadas-a-participar-en-el-foro-de-barrio-que-se-celebrara-en-civivox-jus-la-rocha\/#primaryimage","url":"https:\/\/www.laguiadepamplona.com\/actualidad\/wp-content\/uploads\/2016\/12\/jus-la-rocha-civivox.jpg","contentUrl":"https:\/\/www.laguiadepamplona.com\/actualidad\/wp-content\/uploads\/2016\/12\/jus-la-rocha-civivox.jpg","width":500,"height":300},{"@type":"BreadcrumbList","@id":"https:\/\/www.laguiadepamplona.com\/actualidad\/manana-por-la-tarde-vecindario-y-asociaciones-de-rochapea-estan-llamadas-a-participar-en-el-foro-de-barrio-que-se-celebrara-en-civivox-jus-la-rocha\/#breadcrumb","itemListElement":[{"@type":"ListItem","position":1,"name":"Portada","item":"https:\/\/www.laguiadepamplona.com\/actualidad\/"},{"@type":"ListItem","position":2,"name":"Ma\u00f1ana por la tarde, vecindario y asociaciones de Rochapea est\u00e1n llamadas a participar en el foro de barrio que se celebrar\u00e1 en Civivox Jus la Rocha"}]},{"@type":"WebSite","@id":"https:\/\/www.laguiadepamplona.com\/actualidad\/#website","url":"https:\/\/www.laguiadepamplona.com\/actualidad\/","name":"La gu\u00eda de Pamplona","description":"Noticias de Pamplona","publisher":{"@id":"https:\/\/www.laguiadepamplona.com\/actualidad\/#organization"},"potentialAction":[{"@type":"SearchAction","target":{"@type":"EntryPoint","urlTemplate":"https:\/\/www.laguiadepamplona.com\/actualidad\/?s={search_term_string}"},"query-input":{"@type":"PropertyValueSpecification","valueRequired":true,"valueName":"search_term_string"}}],"inLanguage":"es"},{"@type":"Organization","@id":"https:\/\/www.laguiadepamplona.com\/actualidad\/#organization","name":"La Gu\u00eda de Pamplona \/ Noticias","url":"https:\/\/www.laguiadepamplona.com\/actualidad\/","logo":{"@type":"ImageObject","inLanguage":"es","@id":"https:\/\/www.laguiadepamplona.com\/actualidad\/#\/schema\/logo\/image\/","url":"https:\/\/www.laguiadepamplona.com\/actualidad\/wp-content\/uploads\/2018\/11\/logo-laguiadepamplona18-web1.png","contentUrl":"https:\/\/www.laguiadepamplona.com\/actualidad\/wp-content\/uploads\/2018\/11\/logo-laguiadepamplona18-web1.png","width":600,"height":196,"caption":"La Gu\u00eda de Pamplona \/ Noticias"},"image":{"@id":"https:\/\/www.laguiadepamplona.com\/actualidad\/#\/schema\/logo\/image\/"},"sameAs":["https:\/\/www.facebook.com\/laguiadepamplonacom-133175176762273\/?ref=hl","https:\/\/x.com\/LaGuiadPamplona","https:\/\/www.instagram.com\/la_guia_de_pamplona\/","https:\/\/www.youtube.com\/user\/laguiadepamplona"]},{"@type":"Person","@id":"https:\/\/www.laguiadepamplona.com\/actualidad\/#\/schema\/person\/efe887376f0213d4657c93adc50b1fdb","name":"La Gu\u00eda de Pamplona","image":{"@type":"ImageObject","inLanguage":"es","@id":"https:\/\/secure.gravatar.com\/avatar\/b6992f131dc8d30ab0dff15446e9d346d9dbd95992de0fef795073f5ea83a81c?s=96&d=mm&r=g","url":"https:\/\/secure.gravatar.com\/avatar\/b6992f131dc8d30ab0dff15446e9d346d9dbd95992de0fef795073f5ea83a81c?s=96&d=mm&r=g","contentUrl":"https:\/\/secure.gravatar.com\/avatar\/b6992f131dc8d30ab0dff15446e9d346d9dbd95992de0fef795073f5ea83a81c?s=96&d=mm&r=g","caption":"La Gu\u00eda de Pamplona"}}]}},"post_mailing_queue_ids":[],"_links":{"self":[{"href":"https:\/\/www.laguiadepamplona.com\/actualidad\/wp-json\/wp\/v2\/posts\/19006","targetHints":{"allow":["GET"]}}],"collection":[{"href":"https:\/\/www.laguiadepamplona.com\/actualidad\/wp-json\/wp\/v2\/posts"}],"about":[{"href":"https:\/\/www.laguiadepamplona.com\/actualidad\/wp-json\/wp\/v2\/types\/post"}],"author":[{"embeddable":true,"href":"https:\/\/www.laguiadepamplona.com\/actualidad\/wp-json\/wp\/v2\/users\/1"}],"replies":[{"embeddable":true,"href":"https:\/\/www.laguiadepamplona.com\/actualidad\/wp-json\/wp\/v2\/comments?post=19006"}],"version-history":[{"count":0,"href":"https:\/\/www.laguiadepamplona.com\/actualidad\/wp-json\/wp\/v2\/posts\/19006\/revisions"}],"wp:featuredmedia":[{"embeddable":true,"href":"https:\/\/www.laguiadepamplona.com\/actualidad\/wp-json\/wp\/v2\/media\/11108"}],"wp:attachment":[{"href":"https:\/\/www.laguiadepamplona.com\/actualidad\/wp-json\/wp\/v2\/media?parent=19006"}],"wp:term":[{"taxonomy":"category","embeddable":true,"href":"https:\/\/www.laguiadepamplona.com\/actualidad\/wp-json\/wp\/v2\/categories?post=19006"},{"taxonomy":"post_tag","embeddable":true,"href":"https:\/\/www.laguiadepamplona.com\/actualidad\/wp-json\/wp\/v2\/tags?post=19006"}],"curies":[{"name":"wp","href":"https:\/\/api.w.org\/{rel}","templated":true}]}}