{"id":19001,"date":"2018-10-11T17:19:57","date_gmt":"2018-10-11T15:19:57","guid":{"rendered":"https:\/\/www.laguiadepamplona.es\/actualidad\/?p=19001"},"modified":"2018-10-11T17:19:57","modified_gmt":"2018-10-11T15:19:57","slug":"el-ayuntamiento-recibe-a-la-asociacion-navarra-de-familias-de-acogida-magale-y-a-la-asociacion-estatal-de-acogimiento-familiar-aseaf","status":"publish","type":"post","link":"https:\/\/www.laguiadepamplona.com\/actualidad\/el-ayuntamiento-recibe-a-la-asociacion-navarra-de-familias-de-acogida-magale-y-a-la-asociacion-estatal-de-acogimiento-familiar-aseaf\/","title":{"rendered":"El Ayuntamiento recibe a la Asociaci\u00f3n Navarra de Familias de Acogida &#8211; Magale y a la Asociaci\u00f3n Estatal de Acogimiento Familiar (ASEAF)"},"content":{"rendered":"<h3>El motivo del acto es la celebraci\u00f3n en el Planetario de Pamplona, del 12 al 14 de octubre, del VIII Encuentro de Acogimiento Familiar<\/h3>\n<p><!--more--><\/p>\n<p>La concejala delegada de Acci\u00f3n Social y Desarrollo Comunitario, Esther Cremaes, y miembros de la Corporaci\u00f3n municipal han participado este mediod\u00eda en la recepci\u00f3n que el Ayuntamiento ha ofrecido a la Asociaci\u00f3n Navarra de Familias de Acogida &#8211; Magale y a la Asociaci\u00f3n Estatal de Acogimiento Familias (ASEAF). El acto ha tenido lugar en el Sal\u00f3n de Recepci\u00f3n de la Casa Consistorial y forma parte del VIII Encuentro de Acogimiento Familiar que se llevar\u00e1 a cabo en el Planetario de Pamplona del 12 al 14 de octubre.<\/p>\n<p>Durante el acto, han intervenido la concejala y la presidenta de la asociaci\u00f3n Magale, Helena Escalada. Magale ha organizado este encuentro coincidiendo con la celebraci\u00f3n del 15\u00ba aniversario de su creaci\u00f3n. Naci\u00f3 como una entidad que pretende divulgar y dar a conocer una realidad como la situaci\u00f3n de los menores desprotegidos y la necesidad del acogimiento familiar. En Navarra hay m\u00e1s de 200 familias de acogida, que tienen en casa aproximadamente a unos 250 ni\u00f1os, ni\u00f1as y adolescentes, bien para unos meses, bien hasta la mayor\u00eda de edad.<\/p>\n<p><script async src=\"\/\/pagead2.googlesyndication.com\/pagead\/js\/adsbygoogle.js\"><\/script><br \/>\n<!-- Noticias La Guia de Pamplona --><br \/>\n<ins class=\"adsbygoogle\"\nstyle=\"display:block\"\ndata-ad-client=\"ca-pub-6943679897239327\"\ndata-ad-slot=\"7048180777\"\ndata-ad-format=\"auto\"><\/ins><br \/>\n<script>\n(adsbygoogle = window.adsbygoogle || []).push({});\n<\/script><\/p>\n<p>El Planetario de Pamplona acoge desde ma\u00f1ana y hasta el s\u00e1bado ese encuentro que, bajo el lema de \u2018Retos presentes y futuros del acogimiento familiar\u2019, pondr\u00e1 en com\u00fan buenas pr\u00e1cticas que se realizan en distintas autonom\u00edas o presentar\u00e1 una propuesta de modificaci\u00f3n legislativa para conseguir la protecci\u00f3n integral del acogimiento familiar m\u00e1s all\u00e1 de la mayor\u00eda de edad de las personas acogidas. Se celebrar\u00e1n conferencias y talleres para las personas asistentes, pero tambi\u00e9n se incluyen actividades para menores de 3 a 12 a\u00f1os con talleres de desarrollo emocional o de igualdad.<\/p>\n","protected":false},"excerpt":{"rendered":"<p>El motivo del acto es la celebraci\u00f3n en el Planetario de Pamplona, del 12 al 14 de octubre, del VIII Encuentro de Acogimiento Familiar<\/p>\n","protected":false},"author":1,"featured_media":19002,"comment_status":"open","ping_status":"closed","sticky":false,"template":"","format":"standard","meta":{"footnotes":""},"categories":[2],"tags":[],"class_list":["post-19001","post","type-post","status-publish","format-standard","has-post-thumbnail","hentry","category-ayuntamiento-pamplona"],"yoast_head":"<!-- This site is optimized with the Yoast SEO plugin v27.9 - https:\/\/yoast.com\/product\/yoast-seo-wordpress\/ -->\n<title>El Ayuntamiento recibe a la Asociaci\u00f3n Navarra de Familias de Acogida - Magale y a la Asociaci\u00f3n Estatal de Acogimiento Familiar (ASEAF)<\/title>\n<meta name=\"robots\" content=\"index, follow, max-snippet:-1, max-image-preview:large, max-video-preview:-1\" \/>\n<link rel=\"canonical\" href=\"https:\/\/www.laguiadepamplona.com\/actualidad\/el-ayuntamiento-recibe-a-la-asociacion-navarra-de-familias-de-acogida-magale-y-a-la-asociacion-estatal-de-acogimiento-familiar-aseaf\/\" \/>\n<meta property=\"og:locale\" content=\"es_ES\" \/>\n<meta property=\"og:type\" content=\"article\" \/>\n<meta property=\"og:title\" content=\"El Ayuntamiento recibe a la Asociaci\u00f3n Navarra de Familias de Acogida - Magale y a la Asociaci\u00f3n Estatal de Acogimiento Familiar (ASEAF)\" \/>\n<meta property=\"og:description\" content=\"El motivo del acto es la celebraci\u00f3n en el Planetario de Pamplona, del 12 al 14 de octubre, del VIII Encuentro de Acogimiento Familiar\" \/>\n<meta property=\"og:url\" content=\"https:\/\/www.laguiadepamplona.com\/actualidad\/el-ayuntamiento-recibe-a-la-asociacion-navarra-de-familias-de-acogida-magale-y-a-la-asociacion-estatal-de-acogimiento-familiar-aseaf\/\" \/>\n<meta property=\"og:site_name\" content=\"La Gu\u00eda de Pamplona Noticias y actualidad\" \/>\n<meta property=\"article:publisher\" content=\"https:\/\/www.facebook.com\/laguiadepamplonacom-133175176762273\/?ref=hl\" \/>\n<meta property=\"article:published_time\" content=\"2018-10-11T15:19:57+00:00\" \/>\n<meta property=\"og:image\" content=\"https:\/\/www.laguiadepamplona.com\/actualidad\/wp-content\/uploads\/2018\/10\/18.10.11_recepcion_familias_acogida.jpg\" \/>\n\t<meta property=\"og:image:width\" content=\"1000\" \/>\n\t<meta property=\"og:image:height\" content=\"666\" \/>\n\t<meta property=\"og:image:type\" content=\"image\/jpeg\" \/>\n<meta name=\"author\" content=\"La Gu\u00eda de Pamplona\" \/>\n<meta name=\"twitter:card\" content=\"summary_large_image\" \/>\n<meta name=\"twitter:creator\" content=\"@LaGuiadPamplona\" \/>\n<meta name=\"twitter:site\" content=\"@LaGuiadPamplona\" \/>\n<meta name=\"twitter:label1\" content=\"Escrito por\" \/>\n\t<meta name=\"twitter:data1\" content=\"La Gu\u00eda de Pamplona\" \/>\n\t<meta name=\"twitter:label2\" content=\"Tiempo de lectura\" \/>\n\t<meta name=\"twitter:data2\" content=\"2 minutos\" \/>\n<script type=\"application\/ld+json\" class=\"yoast-schema-graph\">{\"@context\":\"https:\\\/\\\/schema.org\",\"@graph\":[{\"@type\":\"Article\",\"@id\":\"https:\\\/\\\/www.laguiadepamplona.com\\\/actualidad\\\/el-ayuntamiento-recibe-a-la-asociacion-navarra-de-familias-de-acogida-magale-y-a-la-asociacion-estatal-de-acogimiento-familiar-aseaf\\\/#article\",\"isPartOf\":{\"@id\":\"https:\\\/\\\/www.laguiadepamplona.com\\\/actualidad\\\/el-ayuntamiento-recibe-a-la-asociacion-navarra-de-familias-de-acogida-magale-y-a-la-asociacion-estatal-de-acogimiento-familiar-aseaf\\\/\"},\"author\":{\"name\":\"La Gu\u00eda de Pamplona\",\"@id\":\"https:\\\/\\\/www.laguiadepamplona.com\\\/actualidad\\\/#\\\/schema\\\/person\\\/efe887376f0213d4657c93adc50b1fdb\"},\"headline\":\"El Ayuntamiento recibe a la Asociaci\u00f3n Navarra de Familias de Acogida &#8211; Magale y a la Asociaci\u00f3n Estatal de Acogimiento Familiar (ASEAF)\",\"datePublished\":\"2018-10-11T15:19:57+00:00\",\"mainEntityOfPage\":{\"@id\":\"https:\\\/\\\/www.laguiadepamplona.com\\\/actualidad\\\/el-ayuntamiento-recibe-a-la-asociacion-navarra-de-familias-de-acogida-magale-y-a-la-asociacion-estatal-de-acogimiento-familiar-aseaf\\\/\"},\"wordCount\":334,\"commentCount\":0,\"publisher\":{\"@id\":\"https:\\\/\\\/www.laguiadepamplona.com\\\/actualidad\\\/#organization\"},\"image\":{\"@id\":\"https:\\\/\\\/www.laguiadepamplona.com\\\/actualidad\\\/el-ayuntamiento-recibe-a-la-asociacion-navarra-de-familias-de-acogida-magale-y-a-la-asociacion-estatal-de-acogimiento-familiar-aseaf\\\/#primaryimage\"},\"thumbnailUrl\":\"https:\\\/\\\/www.laguiadepamplona.com\\\/actualidad\\\/wp-content\\\/uploads\\\/2018\\\/10\\\/18.10.11_recepcion_familias_acogida.jpg\",\"articleSection\":[\"Ayto Pamplona\"],\"inLanguage\":\"es\",\"potentialAction\":[{\"@type\":\"CommentAction\",\"name\":\"Comment\",\"target\":[\"https:\\\/\\\/www.laguiadepamplona.com\\\/actualidad\\\/el-ayuntamiento-recibe-a-la-asociacion-navarra-de-familias-de-acogida-magale-y-a-la-asociacion-estatal-de-acogimiento-familiar-aseaf\\\/#respond\"]}]},{\"@type\":\"WebPage\",\"@id\":\"https:\\\/\\\/www.laguiadepamplona.com\\\/actualidad\\\/el-ayuntamiento-recibe-a-la-asociacion-navarra-de-familias-de-acogida-magale-y-a-la-asociacion-estatal-de-acogimiento-familiar-aseaf\\\/\",\"url\":\"https:\\\/\\\/www.laguiadepamplona.com\\\/actualidad\\\/el-ayuntamiento-recibe-a-la-asociacion-navarra-de-familias-de-acogida-magale-y-a-la-asociacion-estatal-de-acogimiento-familiar-aseaf\\\/\",\"name\":\"El Ayuntamiento recibe a la Asociaci\u00f3n Navarra de Familias de Acogida - Magale y a la Asociaci\u00f3n Estatal de Acogimiento Familiar (ASEAF)\",\"isPartOf\":{\"@id\":\"https:\\\/\\\/www.laguiadepamplona.com\\\/actualidad\\\/#website\"},\"primaryImageOfPage\":{\"@id\":\"https:\\\/\\\/www.laguiadepamplona.com\\\/actualidad\\\/el-ayuntamiento-recibe-a-la-asociacion-navarra-de-familias-de-acogida-magale-y-a-la-asociacion-estatal-de-acogimiento-familiar-aseaf\\\/#primaryimage\"},\"image\":{\"@id\":\"https:\\\/\\\/www.laguiadepamplona.com\\\/actualidad\\\/el-ayuntamiento-recibe-a-la-asociacion-navarra-de-familias-de-acogida-magale-y-a-la-asociacion-estatal-de-acogimiento-familiar-aseaf\\\/#primaryimage\"},\"thumbnailUrl\":\"https:\\\/\\\/www.laguiadepamplona.com\\\/actualidad\\\/wp-content\\\/uploads\\\/2018\\\/10\\\/18.10.11_recepcion_familias_acogida.jpg\",\"datePublished\":\"2018-10-11T15:19:57+00:00\",\"breadcrumb\":{\"@id\":\"https:\\\/\\\/www.laguiadepamplona.com\\\/actualidad\\\/el-ayuntamiento-recibe-a-la-asociacion-navarra-de-familias-de-acogida-magale-y-a-la-asociacion-estatal-de-acogimiento-familiar-aseaf\\\/#breadcrumb\"},\"inLanguage\":\"es\",\"potentialAction\":[{\"@type\":\"ReadAction\",\"target\":[\"https:\\\/\\\/www.laguiadepamplona.com\\\/actualidad\\\/el-ayuntamiento-recibe-a-la-asociacion-navarra-de-familias-de-acogida-magale-y-a-la-asociacion-estatal-de-acogimiento-familiar-aseaf\\\/\"]}]},{\"@type\":\"ImageObject\",\"inLanguage\":\"es\",\"@id\":\"https:\\\/\\\/www.laguiadepamplona.com\\\/actualidad\\\/el-ayuntamiento-recibe-a-la-asociacion-navarra-de-familias-de-acogida-magale-y-a-la-asociacion-estatal-de-acogimiento-familiar-aseaf\\\/#primaryimage\",\"url\":\"https:\\\/\\\/www.laguiadepamplona.com\\\/actualidad\\\/wp-content\\\/uploads\\\/2018\\\/10\\\/18.10.11_recepcion_familias_acogida.jpg\",\"contentUrl\":\"https:\\\/\\\/www.laguiadepamplona.com\\\/actualidad\\\/wp-content\\\/uploads\\\/2018\\\/10\\\/18.10.11_recepcion_familias_acogida.jpg\",\"width\":1000,\"height\":666},{\"@type\":\"BreadcrumbList\",\"@id\":\"https:\\\/\\\/www.laguiadepamplona.com\\\/actualidad\\\/el-ayuntamiento-recibe-a-la-asociacion-navarra-de-familias-de-acogida-magale-y-a-la-asociacion-estatal-de-acogimiento-familiar-aseaf\\\/#breadcrumb\",\"itemListElement\":[{\"@type\":\"ListItem\",\"position\":1,\"name\":\"Portada\",\"item\":\"https:\\\/\\\/www.laguiadepamplona.com\\\/actualidad\\\/\"},{\"@type\":\"ListItem\",\"position\":2,\"name\":\"El Ayuntamiento recibe a la Asociaci\u00f3n Navarra de Familias de Acogida &#8211; Magale y a la Asociaci\u00f3n Estatal de Acogimiento Familiar (ASEAF)\"}]},{\"@type\":\"WebSite\",\"@id\":\"https:\\\/\\\/www.laguiadepamplona.com\\\/actualidad\\\/#website\",\"url\":\"https:\\\/\\\/www.laguiadepamplona.com\\\/actualidad\\\/\",\"name\":\"La gu\u00eda de Pamplona\",\"description\":\"Noticias de Pamplona\",\"publisher\":{\"@id\":\"https:\\\/\\\/www.laguiadepamplona.com\\\/actualidad\\\/#organization\"},\"potentialAction\":[{\"@type\":\"SearchAction\",\"target\":{\"@type\":\"EntryPoint\",\"urlTemplate\":\"https:\\\/\\\/www.laguiadepamplona.com\\\/actualidad\\\/?s={search_term_string}\"},\"query-input\":{\"@type\":\"PropertyValueSpecification\",\"valueRequired\":true,\"valueName\":\"search_term_string\"}}],\"inLanguage\":\"es\"},{\"@type\":\"Organization\",\"@id\":\"https:\\\/\\\/www.laguiadepamplona.com\\\/actualidad\\\/#organization\",\"name\":\"La Gu\u00eda de Pamplona \\\/ Noticias\",\"url\":\"https:\\\/\\\/www.laguiadepamplona.com\\\/actualidad\\\/\",\"logo\":{\"@type\":\"ImageObject\",\"inLanguage\":\"es\",\"@id\":\"https:\\\/\\\/www.laguiadepamplona.com\\\/actualidad\\\/#\\\/schema\\\/logo\\\/image\\\/\",\"url\":\"https:\\\/\\\/www.laguiadepamplona.com\\\/actualidad\\\/wp-content\\\/uploads\\\/2018\\\/11\\\/logo-laguiadepamplona18-web1.png\",\"contentUrl\":\"https:\\\/\\\/www.laguiadepamplona.com\\\/actualidad\\\/wp-content\\\/uploads\\\/2018\\\/11\\\/logo-laguiadepamplona18-web1.png\",\"width\":600,\"height\":196,\"caption\":\"La Gu\u00eda de Pamplona \\\/ Noticias\"},\"image\":{\"@id\":\"https:\\\/\\\/www.laguiadepamplona.com\\\/actualidad\\\/#\\\/schema\\\/logo\\\/image\\\/\"},\"sameAs\":[\"https:\\\/\\\/www.facebook.com\\\/laguiadepamplonacom-133175176762273\\\/?ref=hl\",\"https:\\\/\\\/x.com\\\/LaGuiadPamplona\",\"https:\\\/\\\/www.instagram.com\\\/la_guia_de_pamplona\\\/\",\"https:\\\/\\\/www.youtube.com\\\/user\\\/laguiadepamplona\"]},{\"@type\":\"Person\",\"@id\":\"https:\\\/\\\/www.laguiadepamplona.com\\\/actualidad\\\/#\\\/schema\\\/person\\\/efe887376f0213d4657c93adc50b1fdb\",\"name\":\"La Gu\u00eda de Pamplona\",\"image\":{\"@type\":\"ImageObject\",\"inLanguage\":\"es\",\"@id\":\"https:\\\/\\\/secure.gravatar.com\\\/avatar\\\/b6992f131dc8d30ab0dff15446e9d346d9dbd95992de0fef795073f5ea83a81c?s=96&d=mm&r=g\",\"url\":\"https:\\\/\\\/secure.gravatar.com\\\/avatar\\\/b6992f131dc8d30ab0dff15446e9d346d9dbd95992de0fef795073f5ea83a81c?s=96&d=mm&r=g\",\"contentUrl\":\"https:\\\/\\\/secure.gravatar.com\\\/avatar\\\/b6992f131dc8d30ab0dff15446e9d346d9dbd95992de0fef795073f5ea83a81c?s=96&d=mm&r=g\",\"caption\":\"La Gu\u00eda de Pamplona\"}}]}<\/script>\n<!-- \/ Yoast SEO plugin. -->","yoast_head_json":{"title":"El Ayuntamiento recibe a la Asociaci\u00f3n Navarra de Familias de Acogida - Magale y a la Asociaci\u00f3n Estatal de Acogimiento Familiar (ASEAF)","robots":{"index":"index","follow":"follow","max-snippet":"max-snippet:-1","max-image-preview":"max-image-preview:large","max-video-preview":"max-video-preview:-1"},"canonical":"https:\/\/www.laguiadepamplona.com\/actualidad\/el-ayuntamiento-recibe-a-la-asociacion-navarra-de-familias-de-acogida-magale-y-a-la-asociacion-estatal-de-acogimiento-familiar-aseaf\/","og_locale":"es_ES","og_type":"article","og_title":"El Ayuntamiento recibe a la Asociaci\u00f3n Navarra de Familias de Acogida - Magale y a la Asociaci\u00f3n Estatal de Acogimiento Familiar (ASEAF)","og_description":"El motivo del acto es la celebraci\u00f3n en el Planetario de Pamplona, del 12 al 14 de octubre, del VIII Encuentro de Acogimiento Familiar","og_url":"https:\/\/www.laguiadepamplona.com\/actualidad\/el-ayuntamiento-recibe-a-la-asociacion-navarra-de-familias-de-acogida-magale-y-a-la-asociacion-estatal-de-acogimiento-familiar-aseaf\/","og_site_name":"La Gu\u00eda de Pamplona Noticias y actualidad","article_publisher":"https:\/\/www.facebook.com\/laguiadepamplonacom-133175176762273\/?ref=hl","article_published_time":"2018-10-11T15:19:57+00:00","og_image":[{"width":1000,"height":666,"url":"https:\/\/www.laguiadepamplona.com\/actualidad\/wp-content\/uploads\/2018\/10\/18.10.11_recepcion_familias_acogida.jpg","type":"image\/jpeg"}],"author":"La Gu\u00eda de Pamplona","twitter_card":"summary_large_image","twitter_creator":"@LaGuiadPamplona","twitter_site":"@LaGuiadPamplona","twitter_misc":{"Escrito por":"La Gu\u00eda de Pamplona","Tiempo de lectura":"2 minutos"},"schema":{"@context":"https:\/\/schema.org","@graph":[{"@type":"Article","@id":"https:\/\/www.laguiadepamplona.com\/actualidad\/el-ayuntamiento-recibe-a-la-asociacion-navarra-de-familias-de-acogida-magale-y-a-la-asociacion-estatal-de-acogimiento-familiar-aseaf\/#article","isPartOf":{"@id":"https:\/\/www.laguiadepamplona.com\/actualidad\/el-ayuntamiento-recibe-a-la-asociacion-navarra-de-familias-de-acogida-magale-y-a-la-asociacion-estatal-de-acogimiento-familiar-aseaf\/"},"author":{"name":"La Gu\u00eda de Pamplona","@id":"https:\/\/www.laguiadepamplona.com\/actualidad\/#\/schema\/person\/efe887376f0213d4657c93adc50b1fdb"},"headline":"El Ayuntamiento recibe a la Asociaci\u00f3n Navarra de Familias de Acogida &#8211; Magale y a la Asociaci\u00f3n Estatal de Acogimiento Familiar (ASEAF)","datePublished":"2018-10-11T15:19:57+00:00","mainEntityOfPage":{"@id":"https:\/\/www.laguiadepamplona.com\/actualidad\/el-ayuntamiento-recibe-a-la-asociacion-navarra-de-familias-de-acogida-magale-y-a-la-asociacion-estatal-de-acogimiento-familiar-aseaf\/"},"wordCount":334,"commentCount":0,"publisher":{"@id":"https:\/\/www.laguiadepamplona.com\/actualidad\/#organization"},"image":{"@id":"https:\/\/www.laguiadepamplona.com\/actualidad\/el-ayuntamiento-recibe-a-la-asociacion-navarra-de-familias-de-acogida-magale-y-a-la-asociacion-estatal-de-acogimiento-familiar-aseaf\/#primaryimage"},"thumbnailUrl":"https:\/\/www.laguiadepamplona.com\/actualidad\/wp-content\/uploads\/2018\/10\/18.10.11_recepcion_familias_acogida.jpg","articleSection":["Ayto Pamplona"],"inLanguage":"es","potentialAction":[{"@type":"CommentAction","name":"Comment","target":["https:\/\/www.laguiadepamplona.com\/actualidad\/el-ayuntamiento-recibe-a-la-asociacion-navarra-de-familias-de-acogida-magale-y-a-la-asociacion-estatal-de-acogimiento-familiar-aseaf\/#respond"]}]},{"@type":"WebPage","@id":"https:\/\/www.laguiadepamplona.com\/actualidad\/el-ayuntamiento-recibe-a-la-asociacion-navarra-de-familias-de-acogida-magale-y-a-la-asociacion-estatal-de-acogimiento-familiar-aseaf\/","url":"https:\/\/www.laguiadepamplona.com\/actualidad\/el-ayuntamiento-recibe-a-la-asociacion-navarra-de-familias-de-acogida-magale-y-a-la-asociacion-estatal-de-acogimiento-familiar-aseaf\/","name":"El Ayuntamiento recibe a la Asociaci\u00f3n Navarra de Familias de Acogida - Magale y a la Asociaci\u00f3n Estatal de Acogimiento Familiar (ASEAF)","isPartOf":{"@id":"https:\/\/www.laguiadepamplona.com\/actualidad\/#website"},"primaryImageOfPage":{"@id":"https:\/\/www.laguiadepamplona.com\/actualidad\/el-ayuntamiento-recibe-a-la-asociacion-navarra-de-familias-de-acogida-magale-y-a-la-asociacion-estatal-de-acogimiento-familiar-aseaf\/#primaryimage"},"image":{"@id":"https:\/\/www.laguiadepamplona.com\/actualidad\/el-ayuntamiento-recibe-a-la-asociacion-navarra-de-familias-de-acogida-magale-y-a-la-asociacion-estatal-de-acogimiento-familiar-aseaf\/#primaryimage"},"thumbnailUrl":"https:\/\/www.laguiadepamplona.com\/actualidad\/wp-content\/uploads\/2018\/10\/18.10.11_recepcion_familias_acogida.jpg","datePublished":"2018-10-11T15:19:57+00:00","breadcrumb":{"@id":"https:\/\/www.laguiadepamplona.com\/actualidad\/el-ayuntamiento-recibe-a-la-asociacion-navarra-de-familias-de-acogida-magale-y-a-la-asociacion-estatal-de-acogimiento-familiar-aseaf\/#breadcrumb"},"inLanguage":"es","potentialAction":[{"@type":"ReadAction","target":["https:\/\/www.laguiadepamplona.com\/actualidad\/el-ayuntamiento-recibe-a-la-asociacion-navarra-de-familias-de-acogida-magale-y-a-la-asociacion-estatal-de-acogimiento-familiar-aseaf\/"]}]},{"@type":"ImageObject","inLanguage":"es","@id":"https:\/\/www.laguiadepamplona.com\/actualidad\/el-ayuntamiento-recibe-a-la-asociacion-navarra-de-familias-de-acogida-magale-y-a-la-asociacion-estatal-de-acogimiento-familiar-aseaf\/#primaryimage","url":"https:\/\/www.laguiadepamplona.com\/actualidad\/wp-content\/uploads\/2018\/10\/18.10.11_recepcion_familias_acogida.jpg","contentUrl":"https:\/\/www.laguiadepamplona.com\/actualidad\/wp-content\/uploads\/2018\/10\/18.10.11_recepcion_familias_acogida.jpg","width":1000,"height":666},{"@type":"BreadcrumbList","@id":"https:\/\/www.laguiadepamplona.com\/actualidad\/el-ayuntamiento-recibe-a-la-asociacion-navarra-de-familias-de-acogida-magale-y-a-la-asociacion-estatal-de-acogimiento-familiar-aseaf\/#breadcrumb","itemListElement":[{"@type":"ListItem","position":1,"name":"Portada","item":"https:\/\/www.laguiadepamplona.com\/actualidad\/"},{"@type":"ListItem","position":2,"name":"El Ayuntamiento recibe a la Asociaci\u00f3n Navarra de Familias de Acogida &#8211; Magale y a la Asociaci\u00f3n Estatal de Acogimiento Familiar (ASEAF)"}]},{"@type":"WebSite","@id":"https:\/\/www.laguiadepamplona.com\/actualidad\/#website","url":"https:\/\/www.laguiadepamplona.com\/actualidad\/","name":"La gu\u00eda de Pamplona","description":"Noticias de Pamplona","publisher":{"@id":"https:\/\/www.laguiadepamplona.com\/actualidad\/#organization"},"potentialAction":[{"@type":"SearchAction","target":{"@type":"EntryPoint","urlTemplate":"https:\/\/www.laguiadepamplona.com\/actualidad\/?s={search_term_string}"},"query-input":{"@type":"PropertyValueSpecification","valueRequired":true,"valueName":"search_term_string"}}],"inLanguage":"es"},{"@type":"Organization","@id":"https:\/\/www.laguiadepamplona.com\/actualidad\/#organization","name":"La Gu\u00eda de Pamplona \/ Noticias","url":"https:\/\/www.laguiadepamplona.com\/actualidad\/","logo":{"@type":"ImageObject","inLanguage":"es","@id":"https:\/\/www.laguiadepamplona.com\/actualidad\/#\/schema\/logo\/image\/","url":"https:\/\/www.laguiadepamplona.com\/actualidad\/wp-content\/uploads\/2018\/11\/logo-laguiadepamplona18-web1.png","contentUrl":"https:\/\/www.laguiadepamplona.com\/actualidad\/wp-content\/uploads\/2018\/11\/logo-laguiadepamplona18-web1.png","width":600,"height":196,"caption":"La Gu\u00eda de Pamplona \/ Noticias"},"image":{"@id":"https:\/\/www.laguiadepamplona.com\/actualidad\/#\/schema\/logo\/image\/"},"sameAs":["https:\/\/www.facebook.com\/laguiadepamplonacom-133175176762273\/?ref=hl","https:\/\/x.com\/LaGuiadPamplona","https:\/\/www.instagram.com\/la_guia_de_pamplona\/","https:\/\/www.youtube.com\/user\/laguiadepamplona"]},{"@type":"Person","@id":"https:\/\/www.laguiadepamplona.com\/actualidad\/#\/schema\/person\/efe887376f0213d4657c93adc50b1fdb","name":"La Gu\u00eda de Pamplona","image":{"@type":"ImageObject","inLanguage":"es","@id":"https:\/\/secure.gravatar.com\/avatar\/b6992f131dc8d30ab0dff15446e9d346d9dbd95992de0fef795073f5ea83a81c?s=96&d=mm&r=g","url":"https:\/\/secure.gravatar.com\/avatar\/b6992f131dc8d30ab0dff15446e9d346d9dbd95992de0fef795073f5ea83a81c?s=96&d=mm&r=g","contentUrl":"https:\/\/secure.gravatar.com\/avatar\/b6992f131dc8d30ab0dff15446e9d346d9dbd95992de0fef795073f5ea83a81c?s=96&d=mm&r=g","caption":"La Gu\u00eda de Pamplona"}}]}},"post_mailing_queue_ids":[],"_links":{"self":[{"href":"https:\/\/www.laguiadepamplona.com\/actualidad\/wp-json\/wp\/v2\/posts\/19001","targetHints":{"allow":["GET"]}}],"collection":[{"href":"https:\/\/www.laguiadepamplona.com\/actualidad\/wp-json\/wp\/v2\/posts"}],"about":[{"href":"https:\/\/www.laguiadepamplona.com\/actualidad\/wp-json\/wp\/v2\/types\/post"}],"author":[{"embeddable":true,"href":"https:\/\/www.laguiadepamplona.com\/actualidad\/wp-json\/wp\/v2\/users\/1"}],"replies":[{"embeddable":true,"href":"https:\/\/www.laguiadepamplona.com\/actualidad\/wp-json\/wp\/v2\/comments?post=19001"}],"version-history":[{"count":0,"href":"https:\/\/www.laguiadepamplona.com\/actualidad\/wp-json\/wp\/v2\/posts\/19001\/revisions"}],"wp:featuredmedia":[{"embeddable":true,"href":"https:\/\/www.laguiadepamplona.com\/actualidad\/wp-json\/wp\/v2\/media\/19002"}],"wp:attachment":[{"href":"https:\/\/www.laguiadepamplona.com\/actualidad\/wp-json\/wp\/v2\/media?parent=19001"}],"wp:term":[{"taxonomy":"category","embeddable":true,"href":"https:\/\/www.laguiadepamplona.com\/actualidad\/wp-json\/wp\/v2\/categories?post=19001"},{"taxonomy":"post_tag","embeddable":true,"href":"https:\/\/www.laguiadepamplona.com\/actualidad\/wp-json\/wp\/v2\/tags?post=19001"}],"curies":[{"name":"wp","href":"https:\/\/api.w.org\/{rel}","templated":true}]}}