{"id":18996,"date":"2018-10-11T13:40:13","date_gmt":"2018-10-11T11:40:13","guid":{"rendered":"https:\/\/www.laguiadepamplona.es\/actualidad\/?p=18996"},"modified":"2018-10-11T13:40:13","modified_gmt":"2018-10-11T11:40:13","slug":"inaki-de-luis-munarriz-y-alex-ilzarbe-uriz-ganan-el-rally-fotografico-del-patrimonio-industrial-de-pamplona-en-las-categorias-adulta-y-juvenil-respectivamente","status":"publish","type":"post","link":"https:\/\/www.laguiadepamplona.com\/actualidad\/inaki-de-luis-munarriz-y-alex-ilzarbe-uriz-ganan-el-rally-fotografico-del-patrimonio-industrial-de-pamplona-en-las-categorias-adulta-y-juvenil-respectivamente\/","title":{"rendered":"I\u00f1aki de Luis Mun\u00e1rriz y Alex Ilzarbe \u00dariz ganan el rally fotogr\u00e1fico del patrimonio industrial de Pamplona en las categor\u00edas adulta y juvenil, respectivamente"},"content":{"rendered":"<h3>Civivox San Jorge expone hasta el 30 de octubre una selecci\u00f3n de 120 fotograf\u00edas de las 70 colecciones participantes en el concurso<\/h3>\n<p><!--more--><\/p>\n<p>I\u00f1aki de Luis Mun\u00e1rriz y Alex Ilzarbe \u00dariz se han proclamado vencedores de la XXI edici\u00f3n del rally fotogr\u00e1fico de Pamplona en la categor\u00eda adulta y juvenil, respectivamente. El concurso, celebrado el pasado 25 de agosto, propon\u00eda a los participantes captar im\u00e1genes del patrimonio industrial de la ciudad. 70 personas presentaron sus instant\u00e1neas tras una ma\u00f1ana de fotograf\u00edas por la ciudad y una selecci\u00f3n de 120 im\u00e1genes de las 840 realizadas por los participantes podr\u00e1n verse en una exposici\u00f3n en civivox San Jorge hasta el pr\u00f3ximo 30 de octubre.<\/p>\n<p><a href=\"https:\/\/www.laguiadepamplona.es\/actualidad\/wp-content\/uploads\/2018\/10\/18.10.11_Mejor-foto-jornada_personas-adultas_Feli-Sanchez.jpg\"><img loading=\"lazy\" decoding=\"async\" class=\"alignleft size-medium wp-image-18998\" src=\"https:\/\/www.laguiadepamplona.es\/actualidad\/wp-content\/uploads\/2018\/10\/18.10.11_Mejor-foto-jornada_personas-adultas_Feli-Sanchez-300x225.jpg\" alt=\"\" width=\"300\" height=\"225\" srcset=\"https:\/\/www.laguiadepamplona.com\/actualidad\/wp-content\/uploads\/2018\/10\/18.10.11_Mejor-foto-jornada_personas-adultas_Feli-Sanchez-300x225.jpg 300w, https:\/\/www.laguiadepamplona.com\/actualidad\/wp-content\/uploads\/2018\/10\/18.10.11_Mejor-foto-jornada_personas-adultas_Feli-Sanchez-768x576.jpg 768w, https:\/\/www.laguiadepamplona.com\/actualidad\/wp-content\/uploads\/2018\/10\/18.10.11_Mejor-foto-jornada_personas-adultas_Feli-Sanchez-640x480.jpg 640w, https:\/\/www.laguiadepamplona.com\/actualidad\/wp-content\/uploads\/2018\/10\/18.10.11_Mejor-foto-jornada_personas-adultas_Feli-Sanchez-678x509.jpg 678w, https:\/\/www.laguiadepamplona.com\/actualidad\/wp-content\/uploads\/2018\/10\/18.10.11_Mejor-foto-jornada_personas-adultas_Feli-Sanchez-326x245.jpg 326w, https:\/\/www.laguiadepamplona.com\/actualidad\/wp-content\/uploads\/2018\/10\/18.10.11_Mejor-foto-jornada_personas-adultas_Feli-Sanchez-80x60.jpg 80w, https:\/\/www.laguiadepamplona.com\/actualidad\/wp-content\/uploads\/2018\/10\/18.10.11_Mejor-foto-jornada_personas-adultas_Feli-Sanchez.jpg 1000w\" sizes=\"auto, (max-width: 300px) 100vw, 300px\" \/><\/a>El rally fotogr\u00e1fico constaba este a\u00f1o de 12 pruebas, siempre referidas al patrimonio y las referencias industriales del pasado m\u00e1s reciente de la ciudad. El primer premio a la mejor colecci\u00f3n (vale de 300 euros en material fotogr\u00e1fico) le corresponde a I\u00f1aki De Luis Mun\u00e1rriz. El jurado ha destacado por unanimidad la calidad t\u00e9cnica, la composici\u00f3n, el equilibrio de la colecci\u00f3n, la originalidad y la b\u00fasqueda permanente de una mirada personal a las referencias propuestas. En la categor\u00eda juvenil, el premio a la mejor colecci\u00f3n (vale de 200 euros en material fotogr\u00e1fico)\u00a0 le corresponde a Alex Ilzarbe \u00dariz. El Jurado ha destacado la calidad t\u00e9cnica de las im\u00e1genes y la coherencia y el equilibrio visual de la colecci\u00f3n.<\/p>\n<p><script async src=\"\/\/pagead2.googlesyndication.com\/pagead\/js\/adsbygoogle.js\"><\/script><br \/>\n<!-- Noticias La Guia de Pamplona --><br \/>\n<ins class=\"adsbygoogle\"\nstyle=\"display:block\"\ndata-ad-client=\"ca-pub-6943679897239327\"\ndata-ad-slot=\"7048180777\"\ndata-ad-format=\"auto\"><\/ins><br \/>\n<script>\n(adsbygoogle = window.adsbygoogle || []).push({});\n<\/script><\/p>\n<p><strong>Del Molino de Caparroso a la chimenea de Mendillorri<\/strong><\/p>\n<p><a href=\"https:\/\/www.laguiadepamplona.es\/actualidad\/wp-content\/uploads\/2018\/10\/18.10.11_Mejor-foto-jornada_Categoria-Juvenil_Anne-Vides.jpg\"><img loading=\"lazy\" decoding=\"async\" class=\"alignleft size-medium wp-image-18997\" src=\"https:\/\/www.laguiadepamplona.es\/actualidad\/wp-content\/uploads\/2018\/10\/18.10.11_Mejor-foto-jornada_Categoria-Juvenil_Anne-Vides-225x300.jpg\" alt=\"\" width=\"225\" height=\"300\" srcset=\"https:\/\/www.laguiadepamplona.com\/actualidad\/wp-content\/uploads\/2018\/10\/18.10.11_Mejor-foto-jornada_Categoria-Juvenil_Anne-Vides-225x300.jpg 225w, https:\/\/www.laguiadepamplona.com\/actualidad\/wp-content\/uploads\/2018\/10\/18.10.11_Mejor-foto-jornada_Categoria-Juvenil_Anne-Vides-768x1024.jpg 768w, https:\/\/www.laguiadepamplona.com\/actualidad\/wp-content\/uploads\/2018\/10\/18.10.11_Mejor-foto-jornada_Categoria-Juvenil_Anne-Vides-640x854.jpg 640w, https:\/\/www.laguiadepamplona.com\/actualidad\/wp-content\/uploads\/2018\/10\/18.10.11_Mejor-foto-jornada_Categoria-Juvenil_Anne-Vides.jpg 1000w\" sizes=\"auto, (max-width: 225px) 100vw, 225px\" \/><\/a>Si en 2016 se propon\u00eda un ejercicio de realismo, de recuerdo de \u00e9pocas pasadas que se hab\u00edan quedado \u2018paralizadas\u2019 en la actualidad y que amenazaban cierre, abandono, ruina y derribo, y en la edici\u00f3n 2017 se hac\u00eda referencia a adecuaci\u00f3n, evoluci\u00f3n, cambio, transformaci\u00f3n, avance, modernidad y proyecci\u00f3n de futuro, en esta edici\u00f3n 2018 el Ayuntamiento quiso fijarse en las referencias que permiten recordar, valorar y proyectar el pasado m\u00e1s reciente y el presente industrial de la ciudad. Un \u2018paseo fotogr\u00e1fico\u2019 por la ciudad.<\/p>\n<p>As\u00ed, se buscaron fotograf\u00edas del molino de Caparroso y de las tapas de registro, alcantarillas o similares en las que aparece expresamente la referencia a Casa Sancena. Tambi\u00e9n se tomaron im\u00e1genes de la chimenea de Mendillorri, de lo que fue la f\u00e1brica de calzado de Toribio L\u00f3pez entre las calles Amaya y Arrieta, del edificio principal de lo que hoy es Escuela Profesional Salesianos, del complejo industrial Inquinasa, hoy Huntsman, y del complejo industrial hoy llamado IWER que perteneci\u00f3 a la conocida empresa de maquinaria textil MATESA.<\/p>\n<p>Se retrat\u00f3 lo que hoy es y ser\u00e1 el Proyecto Parque del Tren Centro de Interpretaci\u00f3n de Ferrocarril y V\u00edas Verdes promovido por la Asociaci\u00f3n Navarra Amigos del Ferrocarril, un emplazamiento que hasta 2011 fue un pol\u00edgono industrial en el que estaban los viveros de Villa Miranda, el almac\u00e9n municipal de sal, Industrias del Caucho, varias naves y la Gasolinera de Discosa, que desapareci\u00f3 definitivamente en 2014. Y se tomaron fotograf\u00edas del Recinto Ferial de Navarra REFENA, en su momento fue Gr\u00faas Imenasa.<\/p>\n<p>No faltan fotograf\u00edas de Civivox Jus la Rocha, que durante a\u00f1os se conoci\u00f3 como Industrias Gom\u00e1riz, una de las referencias industriales del barrio de la Rochapea hasta los a\u00f1os 80; de la actual plaza de la Avenida de Villava, en la Chantrea, donde fue fundada en 1958 Frenos Iru\u00f1a; o del emplazamiento que hasta hace unos meses ocup\u00f3 el Matadero.<\/p>\n<p><strong>Otros premios<\/strong><\/p>\n<p>El jurado t\u00e9cnico, integrado por los profesionales de la fotograf\u00eda Cristina N\u00fa\u00f1ez Baquedano, Villar L\u00f3pez Vall\u00e9s, Adolfo Lacunza Eguaras y Jos\u00e9 Luis Pujol Equ\u00edsoain, y la coordinadora de la red civivox, Idoia Monje Jaurrieta, realiz\u00f3 la selecci\u00f3n de fotograf\u00edas y decidi\u00f3 la concesi\u00f3n de otros premios recogidos en las bases del concurso.<\/p>\n<p>As\u00ed, el segundo premio a la mejor colecci\u00f3n (vale de 200 euros en material fotogr\u00e1fico) ha reca\u00eddo en Daniel Andi\u00f3n Espinal por su calidad t\u00e9cnica, la originalidad del enfoque y del punto de vista personal, y el perfecto equilibrio de las fotograf\u00edas de la colecci\u00f3n, seg\u00fan ha analizado el jurado. Asimismo, concede un tercer premio a la mejor colecci\u00f3n (vale de 150 euros en material fotogr\u00e1fico) le corresponde a Ra\u00fal L\u00f3pez Segura, del que el jurado destaca el punto de vista elegido y la calidad t\u00e9cnica y el equilibrio visual de las fotograf\u00edas de la colecci\u00f3n.<\/p>\n<p>El premio del jurado a la fotograf\u00eda m\u00e1s destacada de la jornada, de la categor\u00eda de personas adultas, dotado con 120 euros en material fotogr\u00e1fico, es para la fotograf\u00eda de Feli S\u00e1nchez Borrachero de una tapa de registro en la que aparece la referencia a la empresa de fundici\u00f3n Casa Sancena. En la categor\u00eda juvenil, el premio, tambi\u00e9n consistente en 120 euros en material fotogr\u00e1fico, ha reconocido la imagen del complejo industrial Inquinasa-Huntsman realizada por Anne Vides S\u00e1nchez.<\/p>\n<p>Y como en ediciones anteriores, entre las personas participantes de 7 a 11 a\u00f1os que participaron en la jornada del s\u00e1bado 25 de agosto se ha sorteado una c\u00e1mara digital, que ha correspondido a Abenezer P\u00e9rez Bastida.<\/p>\n<p>&nbsp;<\/p>\n","protected":false},"excerpt":{"rendered":"<p>Civivox San Jorge expone hasta el 30 de octubre una selecci\u00f3n de 120 fotograf\u00edas de las 70 colecciones participantes en el concurso<\/p>\n","protected":false},"author":1,"featured_media":18999,"comment_status":"open","ping_status":"closed","sticky":false,"template":"","format":"standard","meta":{"footnotes":""},"categories":[2],"tags":[],"class_list":["post-18996","post","type-post","status-publish","format-standard","has-post-thumbnail","hentry","category-ayuntamiento-pamplona"],"yoast_head":"<!-- This site is optimized with the Yoast SEO plugin v27.9 - https:\/\/yoast.com\/product\/yoast-seo-wordpress\/ -->\n<title>I\u00f1aki de Luis Mun\u00e1rriz y Alex Ilzarbe \u00dariz ganan el rally fotogr\u00e1fico del patrimonio industrial de Pamplona en las categor\u00edas adulta y juvenil, respectivamente<\/title>\n<meta name=\"robots\" content=\"index, follow, max-snippet:-1, max-image-preview:large, max-video-preview:-1\" \/>\n<link rel=\"canonical\" href=\"https:\/\/www.laguiadepamplona.com\/actualidad\/inaki-de-luis-munarriz-y-alex-ilzarbe-uriz-ganan-el-rally-fotografico-del-patrimonio-industrial-de-pamplona-en-las-categorias-adulta-y-juvenil-respectivamente\/\" \/>\n<meta property=\"og:locale\" content=\"es_ES\" \/>\n<meta property=\"og:type\" content=\"article\" \/>\n<meta property=\"og:title\" content=\"I\u00f1aki de Luis Mun\u00e1rriz y Alex Ilzarbe \u00dariz ganan el rally fotogr\u00e1fico del patrimonio industrial de Pamplona en las categor\u00edas adulta y juvenil, respectivamente\" \/>\n<meta property=\"og:description\" content=\"Civivox San Jorge expone hasta el 30 de octubre una selecci\u00f3n de 120 fotograf\u00edas de las 70 colecciones participantes en el concurso\" \/>\n<meta property=\"og:url\" content=\"https:\/\/www.laguiadepamplona.com\/actualidad\/inaki-de-luis-munarriz-y-alex-ilzarbe-uriz-ganan-el-rally-fotografico-del-patrimonio-industrial-de-pamplona-en-las-categorias-adulta-y-juvenil-respectivamente\/\" \/>\n<meta property=\"og:site_name\" content=\"La Gu\u00eda de Pamplona Noticias y actualidad\" \/>\n<meta property=\"article:publisher\" content=\"https:\/\/www.facebook.com\/laguiadepamplonacom-133175176762273\/?ref=hl\" \/>\n<meta property=\"article:published_time\" content=\"2018-10-11T11:40:13+00:00\" \/>\n<meta property=\"og:image\" content=\"https:\/\/www.laguiadepamplona.com\/actualidad\/wp-content\/uploads\/2018\/10\/18.10.11_Participantes-Rally.-Sabado-25-agosto.jpg\" \/>\n\t<meta property=\"og:image:width\" content=\"1000\" \/>\n\t<meta property=\"og:image:height\" content=\"667\" \/>\n\t<meta property=\"og:image:type\" content=\"image\/jpeg\" \/>\n<meta name=\"author\" content=\"La Gu\u00eda de Pamplona\" \/>\n<meta name=\"twitter:card\" content=\"summary_large_image\" \/>\n<meta name=\"twitter:creator\" content=\"@LaGuiadPamplona\" \/>\n<meta name=\"twitter:site\" content=\"@LaGuiadPamplona\" \/>\n<meta name=\"twitter:label1\" content=\"Escrito por\" \/>\n\t<meta name=\"twitter:data1\" content=\"La Gu\u00eda de Pamplona\" \/>\n\t<meta name=\"twitter:label2\" content=\"Tiempo de lectura\" \/>\n\t<meta name=\"twitter:data2\" content=\"4 minutos\" \/>\n<script type=\"application\/ld+json\" class=\"yoast-schema-graph\">{\"@context\":\"https:\\\/\\\/schema.org\",\"@graph\":[{\"@type\":\"Article\",\"@id\":\"https:\\\/\\\/www.laguiadepamplona.com\\\/actualidad\\\/inaki-de-luis-munarriz-y-alex-ilzarbe-uriz-ganan-el-rally-fotografico-del-patrimonio-industrial-de-pamplona-en-las-categorias-adulta-y-juvenil-respectivamente\\\/#article\",\"isPartOf\":{\"@id\":\"https:\\\/\\\/www.laguiadepamplona.com\\\/actualidad\\\/inaki-de-luis-munarriz-y-alex-ilzarbe-uriz-ganan-el-rally-fotografico-del-patrimonio-industrial-de-pamplona-en-las-categorias-adulta-y-juvenil-respectivamente\\\/\"},\"author\":{\"name\":\"La Gu\u00eda de Pamplona\",\"@id\":\"https:\\\/\\\/www.laguiadepamplona.com\\\/actualidad\\\/#\\\/schema\\\/person\\\/efe887376f0213d4657c93adc50b1fdb\"},\"headline\":\"I\u00f1aki de Luis Mun\u00e1rriz y Alex Ilzarbe \u00dariz ganan el rally fotogr\u00e1fico del patrimonio industrial de Pamplona en las categor\u00edas adulta y juvenil, respectivamente\",\"datePublished\":\"2018-10-11T11:40:13+00:00\",\"mainEntityOfPage\":{\"@id\":\"https:\\\/\\\/www.laguiadepamplona.com\\\/actualidad\\\/inaki-de-luis-munarriz-y-alex-ilzarbe-uriz-ganan-el-rally-fotografico-del-patrimonio-industrial-de-pamplona-en-las-categorias-adulta-y-juvenil-respectivamente\\\/\"},\"wordCount\":921,\"commentCount\":0,\"publisher\":{\"@id\":\"https:\\\/\\\/www.laguiadepamplona.com\\\/actualidad\\\/#organization\"},\"image\":{\"@id\":\"https:\\\/\\\/www.laguiadepamplona.com\\\/actualidad\\\/inaki-de-luis-munarriz-y-alex-ilzarbe-uriz-ganan-el-rally-fotografico-del-patrimonio-industrial-de-pamplona-en-las-categorias-adulta-y-juvenil-respectivamente\\\/#primaryimage\"},\"thumbnailUrl\":\"https:\\\/\\\/www.laguiadepamplona.com\\\/actualidad\\\/wp-content\\\/uploads\\\/2018\\\/10\\\/18.10.11_Participantes-Rally.-Sabado-25-agosto.jpg\",\"articleSection\":[\"Ayto Pamplona\"],\"inLanguage\":\"es\",\"potentialAction\":[{\"@type\":\"CommentAction\",\"name\":\"Comment\",\"target\":[\"https:\\\/\\\/www.laguiadepamplona.com\\\/actualidad\\\/inaki-de-luis-munarriz-y-alex-ilzarbe-uriz-ganan-el-rally-fotografico-del-patrimonio-industrial-de-pamplona-en-las-categorias-adulta-y-juvenil-respectivamente\\\/#respond\"]}]},{\"@type\":\"WebPage\",\"@id\":\"https:\\\/\\\/www.laguiadepamplona.com\\\/actualidad\\\/inaki-de-luis-munarriz-y-alex-ilzarbe-uriz-ganan-el-rally-fotografico-del-patrimonio-industrial-de-pamplona-en-las-categorias-adulta-y-juvenil-respectivamente\\\/\",\"url\":\"https:\\\/\\\/www.laguiadepamplona.com\\\/actualidad\\\/inaki-de-luis-munarriz-y-alex-ilzarbe-uriz-ganan-el-rally-fotografico-del-patrimonio-industrial-de-pamplona-en-las-categorias-adulta-y-juvenil-respectivamente\\\/\",\"name\":\"I\u00f1aki de Luis Mun\u00e1rriz y Alex Ilzarbe \u00dariz ganan el rally fotogr\u00e1fico del patrimonio industrial de Pamplona en las categor\u00edas adulta y juvenil, respectivamente\",\"isPartOf\":{\"@id\":\"https:\\\/\\\/www.laguiadepamplona.com\\\/actualidad\\\/#website\"},\"primaryImageOfPage\":{\"@id\":\"https:\\\/\\\/www.laguiadepamplona.com\\\/actualidad\\\/inaki-de-luis-munarriz-y-alex-ilzarbe-uriz-ganan-el-rally-fotografico-del-patrimonio-industrial-de-pamplona-en-las-categorias-adulta-y-juvenil-respectivamente\\\/#primaryimage\"},\"image\":{\"@id\":\"https:\\\/\\\/www.laguiadepamplona.com\\\/actualidad\\\/inaki-de-luis-munarriz-y-alex-ilzarbe-uriz-ganan-el-rally-fotografico-del-patrimonio-industrial-de-pamplona-en-las-categorias-adulta-y-juvenil-respectivamente\\\/#primaryimage\"},\"thumbnailUrl\":\"https:\\\/\\\/www.laguiadepamplona.com\\\/actualidad\\\/wp-content\\\/uploads\\\/2018\\\/10\\\/18.10.11_Participantes-Rally.-Sabado-25-agosto.jpg\",\"datePublished\":\"2018-10-11T11:40:13+00:00\",\"breadcrumb\":{\"@id\":\"https:\\\/\\\/www.laguiadepamplona.com\\\/actualidad\\\/inaki-de-luis-munarriz-y-alex-ilzarbe-uriz-ganan-el-rally-fotografico-del-patrimonio-industrial-de-pamplona-en-las-categorias-adulta-y-juvenil-respectivamente\\\/#breadcrumb\"},\"inLanguage\":\"es\",\"potentialAction\":[{\"@type\":\"ReadAction\",\"target\":[\"https:\\\/\\\/www.laguiadepamplona.com\\\/actualidad\\\/inaki-de-luis-munarriz-y-alex-ilzarbe-uriz-ganan-el-rally-fotografico-del-patrimonio-industrial-de-pamplona-en-las-categorias-adulta-y-juvenil-respectivamente\\\/\"]}]},{\"@type\":\"ImageObject\",\"inLanguage\":\"es\",\"@id\":\"https:\\\/\\\/www.laguiadepamplona.com\\\/actualidad\\\/inaki-de-luis-munarriz-y-alex-ilzarbe-uriz-ganan-el-rally-fotografico-del-patrimonio-industrial-de-pamplona-en-las-categorias-adulta-y-juvenil-respectivamente\\\/#primaryimage\",\"url\":\"https:\\\/\\\/www.laguiadepamplona.com\\\/actualidad\\\/wp-content\\\/uploads\\\/2018\\\/10\\\/18.10.11_Participantes-Rally.-Sabado-25-agosto.jpg\",\"contentUrl\":\"https:\\\/\\\/www.laguiadepamplona.com\\\/actualidad\\\/wp-content\\\/uploads\\\/2018\\\/10\\\/18.10.11_Participantes-Rally.-Sabado-25-agosto.jpg\",\"width\":1000,\"height\":667},{\"@type\":\"BreadcrumbList\",\"@id\":\"https:\\\/\\\/www.laguiadepamplona.com\\\/actualidad\\\/inaki-de-luis-munarriz-y-alex-ilzarbe-uriz-ganan-el-rally-fotografico-del-patrimonio-industrial-de-pamplona-en-las-categorias-adulta-y-juvenil-respectivamente\\\/#breadcrumb\",\"itemListElement\":[{\"@type\":\"ListItem\",\"position\":1,\"name\":\"Portada\",\"item\":\"https:\\\/\\\/www.laguiadepamplona.com\\\/actualidad\\\/\"},{\"@type\":\"ListItem\",\"position\":2,\"name\":\"I\u00f1aki de Luis Mun\u00e1rriz y Alex Ilzarbe \u00dariz ganan el rally fotogr\u00e1fico del patrimonio industrial de Pamplona en las categor\u00edas adulta y juvenil, respectivamente\"}]},{\"@type\":\"WebSite\",\"@id\":\"https:\\\/\\\/www.laguiadepamplona.com\\\/actualidad\\\/#website\",\"url\":\"https:\\\/\\\/www.laguiadepamplona.com\\\/actualidad\\\/\",\"name\":\"La gu\u00eda de Pamplona\",\"description\":\"Noticias de Pamplona\",\"publisher\":{\"@id\":\"https:\\\/\\\/www.laguiadepamplona.com\\\/actualidad\\\/#organization\"},\"potentialAction\":[{\"@type\":\"SearchAction\",\"target\":{\"@type\":\"EntryPoint\",\"urlTemplate\":\"https:\\\/\\\/www.laguiadepamplona.com\\\/actualidad\\\/?s={search_term_string}\"},\"query-input\":{\"@type\":\"PropertyValueSpecification\",\"valueRequired\":true,\"valueName\":\"search_term_string\"}}],\"inLanguage\":\"es\"},{\"@type\":\"Organization\",\"@id\":\"https:\\\/\\\/www.laguiadepamplona.com\\\/actualidad\\\/#organization\",\"name\":\"La Gu\u00eda de Pamplona \\\/ Noticias\",\"url\":\"https:\\\/\\\/www.laguiadepamplona.com\\\/actualidad\\\/\",\"logo\":{\"@type\":\"ImageObject\",\"inLanguage\":\"es\",\"@id\":\"https:\\\/\\\/www.laguiadepamplona.com\\\/actualidad\\\/#\\\/schema\\\/logo\\\/image\\\/\",\"url\":\"https:\\\/\\\/www.laguiadepamplona.com\\\/actualidad\\\/wp-content\\\/uploads\\\/2018\\\/11\\\/logo-laguiadepamplona18-web1.png\",\"contentUrl\":\"https:\\\/\\\/www.laguiadepamplona.com\\\/actualidad\\\/wp-content\\\/uploads\\\/2018\\\/11\\\/logo-laguiadepamplona18-web1.png\",\"width\":600,\"height\":196,\"caption\":\"La Gu\u00eda de Pamplona \\\/ Noticias\"},\"image\":{\"@id\":\"https:\\\/\\\/www.laguiadepamplona.com\\\/actualidad\\\/#\\\/schema\\\/logo\\\/image\\\/\"},\"sameAs\":[\"https:\\\/\\\/www.facebook.com\\\/laguiadepamplonacom-133175176762273\\\/?ref=hl\",\"https:\\\/\\\/x.com\\\/LaGuiadPamplona\",\"https:\\\/\\\/www.instagram.com\\\/la_guia_de_pamplona\\\/\",\"https:\\\/\\\/www.youtube.com\\\/user\\\/laguiadepamplona\"]},{\"@type\":\"Person\",\"@id\":\"https:\\\/\\\/www.laguiadepamplona.com\\\/actualidad\\\/#\\\/schema\\\/person\\\/efe887376f0213d4657c93adc50b1fdb\",\"name\":\"La Gu\u00eda de Pamplona\",\"image\":{\"@type\":\"ImageObject\",\"inLanguage\":\"es\",\"@id\":\"https:\\\/\\\/secure.gravatar.com\\\/avatar\\\/b6992f131dc8d30ab0dff15446e9d346d9dbd95992de0fef795073f5ea83a81c?s=96&d=mm&r=g\",\"url\":\"https:\\\/\\\/secure.gravatar.com\\\/avatar\\\/b6992f131dc8d30ab0dff15446e9d346d9dbd95992de0fef795073f5ea83a81c?s=96&d=mm&r=g\",\"contentUrl\":\"https:\\\/\\\/secure.gravatar.com\\\/avatar\\\/b6992f131dc8d30ab0dff15446e9d346d9dbd95992de0fef795073f5ea83a81c?s=96&d=mm&r=g\",\"caption\":\"La Gu\u00eda de Pamplona\"}}]}<\/script>\n<!-- \/ Yoast SEO plugin. -->","yoast_head_json":{"title":"I\u00f1aki de Luis Mun\u00e1rriz y Alex Ilzarbe \u00dariz ganan el rally fotogr\u00e1fico del patrimonio industrial de Pamplona en las categor\u00edas adulta y juvenil, respectivamente","robots":{"index":"index","follow":"follow","max-snippet":"max-snippet:-1","max-image-preview":"max-image-preview:large","max-video-preview":"max-video-preview:-1"},"canonical":"https:\/\/www.laguiadepamplona.com\/actualidad\/inaki-de-luis-munarriz-y-alex-ilzarbe-uriz-ganan-el-rally-fotografico-del-patrimonio-industrial-de-pamplona-en-las-categorias-adulta-y-juvenil-respectivamente\/","og_locale":"es_ES","og_type":"article","og_title":"I\u00f1aki de Luis Mun\u00e1rriz y Alex Ilzarbe \u00dariz ganan el rally fotogr\u00e1fico del patrimonio industrial de Pamplona en las categor\u00edas adulta y juvenil, respectivamente","og_description":"Civivox San Jorge expone hasta el 30 de octubre una selecci\u00f3n de 120 fotograf\u00edas de las 70 colecciones participantes en el concurso","og_url":"https:\/\/www.laguiadepamplona.com\/actualidad\/inaki-de-luis-munarriz-y-alex-ilzarbe-uriz-ganan-el-rally-fotografico-del-patrimonio-industrial-de-pamplona-en-las-categorias-adulta-y-juvenil-respectivamente\/","og_site_name":"La Gu\u00eda de Pamplona Noticias y actualidad","article_publisher":"https:\/\/www.facebook.com\/laguiadepamplonacom-133175176762273\/?ref=hl","article_published_time":"2018-10-11T11:40:13+00:00","og_image":[{"width":1000,"height":667,"url":"https:\/\/www.laguiadepamplona.com\/actualidad\/wp-content\/uploads\/2018\/10\/18.10.11_Participantes-Rally.-Sabado-25-agosto.jpg","type":"image\/jpeg"}],"author":"La Gu\u00eda de Pamplona","twitter_card":"summary_large_image","twitter_creator":"@LaGuiadPamplona","twitter_site":"@LaGuiadPamplona","twitter_misc":{"Escrito por":"La Gu\u00eda de Pamplona","Tiempo de lectura":"4 minutos"},"schema":{"@context":"https:\/\/schema.org","@graph":[{"@type":"Article","@id":"https:\/\/www.laguiadepamplona.com\/actualidad\/inaki-de-luis-munarriz-y-alex-ilzarbe-uriz-ganan-el-rally-fotografico-del-patrimonio-industrial-de-pamplona-en-las-categorias-adulta-y-juvenil-respectivamente\/#article","isPartOf":{"@id":"https:\/\/www.laguiadepamplona.com\/actualidad\/inaki-de-luis-munarriz-y-alex-ilzarbe-uriz-ganan-el-rally-fotografico-del-patrimonio-industrial-de-pamplona-en-las-categorias-adulta-y-juvenil-respectivamente\/"},"author":{"name":"La Gu\u00eda de Pamplona","@id":"https:\/\/www.laguiadepamplona.com\/actualidad\/#\/schema\/person\/efe887376f0213d4657c93adc50b1fdb"},"headline":"I\u00f1aki de Luis Mun\u00e1rriz y Alex Ilzarbe \u00dariz ganan el rally fotogr\u00e1fico del patrimonio industrial de Pamplona en las categor\u00edas adulta y juvenil, respectivamente","datePublished":"2018-10-11T11:40:13+00:00","mainEntityOfPage":{"@id":"https:\/\/www.laguiadepamplona.com\/actualidad\/inaki-de-luis-munarriz-y-alex-ilzarbe-uriz-ganan-el-rally-fotografico-del-patrimonio-industrial-de-pamplona-en-las-categorias-adulta-y-juvenil-respectivamente\/"},"wordCount":921,"commentCount":0,"publisher":{"@id":"https:\/\/www.laguiadepamplona.com\/actualidad\/#organization"},"image":{"@id":"https:\/\/www.laguiadepamplona.com\/actualidad\/inaki-de-luis-munarriz-y-alex-ilzarbe-uriz-ganan-el-rally-fotografico-del-patrimonio-industrial-de-pamplona-en-las-categorias-adulta-y-juvenil-respectivamente\/#primaryimage"},"thumbnailUrl":"https:\/\/www.laguiadepamplona.com\/actualidad\/wp-content\/uploads\/2018\/10\/18.10.11_Participantes-Rally.-Sabado-25-agosto.jpg","articleSection":["Ayto Pamplona"],"inLanguage":"es","potentialAction":[{"@type":"CommentAction","name":"Comment","target":["https:\/\/www.laguiadepamplona.com\/actualidad\/inaki-de-luis-munarriz-y-alex-ilzarbe-uriz-ganan-el-rally-fotografico-del-patrimonio-industrial-de-pamplona-en-las-categorias-adulta-y-juvenil-respectivamente\/#respond"]}]},{"@type":"WebPage","@id":"https:\/\/www.laguiadepamplona.com\/actualidad\/inaki-de-luis-munarriz-y-alex-ilzarbe-uriz-ganan-el-rally-fotografico-del-patrimonio-industrial-de-pamplona-en-las-categorias-adulta-y-juvenil-respectivamente\/","url":"https:\/\/www.laguiadepamplona.com\/actualidad\/inaki-de-luis-munarriz-y-alex-ilzarbe-uriz-ganan-el-rally-fotografico-del-patrimonio-industrial-de-pamplona-en-las-categorias-adulta-y-juvenil-respectivamente\/","name":"I\u00f1aki de Luis Mun\u00e1rriz y Alex Ilzarbe \u00dariz ganan el rally fotogr\u00e1fico del patrimonio industrial de Pamplona en las categor\u00edas adulta y juvenil, respectivamente","isPartOf":{"@id":"https:\/\/www.laguiadepamplona.com\/actualidad\/#website"},"primaryImageOfPage":{"@id":"https:\/\/www.laguiadepamplona.com\/actualidad\/inaki-de-luis-munarriz-y-alex-ilzarbe-uriz-ganan-el-rally-fotografico-del-patrimonio-industrial-de-pamplona-en-las-categorias-adulta-y-juvenil-respectivamente\/#primaryimage"},"image":{"@id":"https:\/\/www.laguiadepamplona.com\/actualidad\/inaki-de-luis-munarriz-y-alex-ilzarbe-uriz-ganan-el-rally-fotografico-del-patrimonio-industrial-de-pamplona-en-las-categorias-adulta-y-juvenil-respectivamente\/#primaryimage"},"thumbnailUrl":"https:\/\/www.laguiadepamplona.com\/actualidad\/wp-content\/uploads\/2018\/10\/18.10.11_Participantes-Rally.-Sabado-25-agosto.jpg","datePublished":"2018-10-11T11:40:13+00:00","breadcrumb":{"@id":"https:\/\/www.laguiadepamplona.com\/actualidad\/inaki-de-luis-munarriz-y-alex-ilzarbe-uriz-ganan-el-rally-fotografico-del-patrimonio-industrial-de-pamplona-en-las-categorias-adulta-y-juvenil-respectivamente\/#breadcrumb"},"inLanguage":"es","potentialAction":[{"@type":"ReadAction","target":["https:\/\/www.laguiadepamplona.com\/actualidad\/inaki-de-luis-munarriz-y-alex-ilzarbe-uriz-ganan-el-rally-fotografico-del-patrimonio-industrial-de-pamplona-en-las-categorias-adulta-y-juvenil-respectivamente\/"]}]},{"@type":"ImageObject","inLanguage":"es","@id":"https:\/\/www.laguiadepamplona.com\/actualidad\/inaki-de-luis-munarriz-y-alex-ilzarbe-uriz-ganan-el-rally-fotografico-del-patrimonio-industrial-de-pamplona-en-las-categorias-adulta-y-juvenil-respectivamente\/#primaryimage","url":"https:\/\/www.laguiadepamplona.com\/actualidad\/wp-content\/uploads\/2018\/10\/18.10.11_Participantes-Rally.-Sabado-25-agosto.jpg","contentUrl":"https:\/\/www.laguiadepamplona.com\/actualidad\/wp-content\/uploads\/2018\/10\/18.10.11_Participantes-Rally.-Sabado-25-agosto.jpg","width":1000,"height":667},{"@type":"BreadcrumbList","@id":"https:\/\/www.laguiadepamplona.com\/actualidad\/inaki-de-luis-munarriz-y-alex-ilzarbe-uriz-ganan-el-rally-fotografico-del-patrimonio-industrial-de-pamplona-en-las-categorias-adulta-y-juvenil-respectivamente\/#breadcrumb","itemListElement":[{"@type":"ListItem","position":1,"name":"Portada","item":"https:\/\/www.laguiadepamplona.com\/actualidad\/"},{"@type":"ListItem","position":2,"name":"I\u00f1aki de Luis Mun\u00e1rriz y Alex Ilzarbe \u00dariz ganan el rally fotogr\u00e1fico del patrimonio industrial de Pamplona en las categor\u00edas adulta y juvenil, respectivamente"}]},{"@type":"WebSite","@id":"https:\/\/www.laguiadepamplona.com\/actualidad\/#website","url":"https:\/\/www.laguiadepamplona.com\/actualidad\/","name":"La gu\u00eda de Pamplona","description":"Noticias de Pamplona","publisher":{"@id":"https:\/\/www.laguiadepamplona.com\/actualidad\/#organization"},"potentialAction":[{"@type":"SearchAction","target":{"@type":"EntryPoint","urlTemplate":"https:\/\/www.laguiadepamplona.com\/actualidad\/?s={search_term_string}"},"query-input":{"@type":"PropertyValueSpecification","valueRequired":true,"valueName":"search_term_string"}}],"inLanguage":"es"},{"@type":"Organization","@id":"https:\/\/www.laguiadepamplona.com\/actualidad\/#organization","name":"La Gu\u00eda de Pamplona \/ Noticias","url":"https:\/\/www.laguiadepamplona.com\/actualidad\/","logo":{"@type":"ImageObject","inLanguage":"es","@id":"https:\/\/www.laguiadepamplona.com\/actualidad\/#\/schema\/logo\/image\/","url":"https:\/\/www.laguiadepamplona.com\/actualidad\/wp-content\/uploads\/2018\/11\/logo-laguiadepamplona18-web1.png","contentUrl":"https:\/\/www.laguiadepamplona.com\/actualidad\/wp-content\/uploads\/2018\/11\/logo-laguiadepamplona18-web1.png","width":600,"height":196,"caption":"La Gu\u00eda de Pamplona \/ Noticias"},"image":{"@id":"https:\/\/www.laguiadepamplona.com\/actualidad\/#\/schema\/logo\/image\/"},"sameAs":["https:\/\/www.facebook.com\/laguiadepamplonacom-133175176762273\/?ref=hl","https:\/\/x.com\/LaGuiadPamplona","https:\/\/www.instagram.com\/la_guia_de_pamplona\/","https:\/\/www.youtube.com\/user\/laguiadepamplona"]},{"@type":"Person","@id":"https:\/\/www.laguiadepamplona.com\/actualidad\/#\/schema\/person\/efe887376f0213d4657c93adc50b1fdb","name":"La Gu\u00eda de Pamplona","image":{"@type":"ImageObject","inLanguage":"es","@id":"https:\/\/secure.gravatar.com\/avatar\/b6992f131dc8d30ab0dff15446e9d346d9dbd95992de0fef795073f5ea83a81c?s=96&d=mm&r=g","url":"https:\/\/secure.gravatar.com\/avatar\/b6992f131dc8d30ab0dff15446e9d346d9dbd95992de0fef795073f5ea83a81c?s=96&d=mm&r=g","contentUrl":"https:\/\/secure.gravatar.com\/avatar\/b6992f131dc8d30ab0dff15446e9d346d9dbd95992de0fef795073f5ea83a81c?s=96&d=mm&r=g","caption":"La Gu\u00eda de Pamplona"}}]}},"post_mailing_queue_ids":[],"_links":{"self":[{"href":"https:\/\/www.laguiadepamplona.com\/actualidad\/wp-json\/wp\/v2\/posts\/18996","targetHints":{"allow":["GET"]}}],"collection":[{"href":"https:\/\/www.laguiadepamplona.com\/actualidad\/wp-json\/wp\/v2\/posts"}],"about":[{"href":"https:\/\/www.laguiadepamplona.com\/actualidad\/wp-json\/wp\/v2\/types\/post"}],"author":[{"embeddable":true,"href":"https:\/\/www.laguiadepamplona.com\/actualidad\/wp-json\/wp\/v2\/users\/1"}],"replies":[{"embeddable":true,"href":"https:\/\/www.laguiadepamplona.com\/actualidad\/wp-json\/wp\/v2\/comments?post=18996"}],"version-history":[{"count":0,"href":"https:\/\/www.laguiadepamplona.com\/actualidad\/wp-json\/wp\/v2\/posts\/18996\/revisions"}],"wp:featuredmedia":[{"embeddable":true,"href":"https:\/\/www.laguiadepamplona.com\/actualidad\/wp-json\/wp\/v2\/media\/18999"}],"wp:attachment":[{"href":"https:\/\/www.laguiadepamplona.com\/actualidad\/wp-json\/wp\/v2\/media?parent=18996"}],"wp:term":[{"taxonomy":"category","embeddable":true,"href":"https:\/\/www.laguiadepamplona.com\/actualidad\/wp-json\/wp\/v2\/categories?post=18996"},{"taxonomy":"post_tag","embeddable":true,"href":"https:\/\/www.laguiadepamplona.com\/actualidad\/wp-json\/wp\/v2\/tags?post=18996"}],"curies":[{"name":"wp","href":"https:\/\/api.w.org\/{rel}","templated":true}]}}