{"id":18992,"date":"2018-10-11T13:02:27","date_gmt":"2018-10-11T11:02:27","guid":{"rendered":"https:\/\/www.laguiadepamplona.es\/actualidad\/?p=18992"},"modified":"2018-10-11T13:02:27","modified_gmt":"2018-10-11T11:02:27","slug":"ayuntamiento-y-c-a-osasuna-trabajaran-conjuntamente-en-ambitos-como-movilidad-sostenible-gestion-de-residuos-solidaridad-o-el-vinculo-emocional-entre-ciudad-y-club","status":"publish","type":"post","link":"https:\/\/www.laguiadepamplona.com\/actualidad\/ayuntamiento-y-c-a-osasuna-trabajaran-conjuntamente-en-ambitos-como-movilidad-sostenible-gestion-de-residuos-solidaridad-o-el-vinculo-emocional-entre-ciudad-y-club\/","title":{"rendered":"Ayuntamiento y C.A. Osasuna trabajar\u00e1n conjuntamente en \u00e1mbitos como movilidad sostenible, gesti\u00f3n de residuos, solidaridad o el v\u00ednculo emocional entre ciudad y club"},"content":{"rendered":"<h3>Ambas entidades han firmado un convenio para el desarrollo colaborativo del Plan Social del Club Atl\u00e9tico Osasuna<\/h3>\n<p><!--more--><\/p>\n<p>Proyectos sobre movilidad sostenible o sobre gesti\u00f3n de residuos, uso del vaso reutilizable, refuerzo de la limpieza en el entorno de El Sadar, solidaridad de los socios y socias con las personas con dificultades econ\u00f3micas de la ciudad o potenciar el sentimiento rojillo en todas las edades son algunos de los aspectos que recoge el convenio firmado esta ma\u00f1ana por el Ayuntamiento de Pamplona y el C.A. Osasuna. Se trata de compromisos e iniciativas para trabajar conjuntamente en esos \u00e1mbitos y los cuales se integrar\u00e1n en el Plan Social de Osasuna en beneficio de la ciudad y de toda la ciudadan\u00eda.<\/p>\n<p>El alcalde de Pamplona, Joseba Asiron, y el presidente de Osasuna, Luis Sabalza, han firmado un convenio que tiene como objetivo acercar la presencia de Osasuna a la situaci\u00f3n social de la ciudad y activar de forma coordinada un compromiso de sus socios y socias con esa realidad social y la b\u00fasqueda y aportaci\u00f3n econ\u00f3mica a sus necesidades. El Club Atl\u00e9tico Osasuna cuenta con un Plan Social, el cual ha sido presentado por su director de Marketing, Xabier Larraya, mediante el que revertir una parte de sus beneficios anuales en actuaciones para sus personas asociadas y tambi\u00e9n en actuaciones que desarrolle o pueda desarrollar el Ayuntamiento de Pamplona. El convenio tiene vigencia indefinida y se entender\u00e1 prorrogado si ninguna de las partes se manifiesta contraria.<\/p>\n<p>Esa colaboraci\u00f3n se articular\u00e1 en seis compromisos detallados en el convenio: \u2018Banco del Tiempo\u2019, \u2018Recuerdos rojillos y pamplonadas\u2019, \u2018Solidaridad rojilla\u2019, \u2018Compromiso verde\u2019, \u2018Buenos humos\u2019 y \u2018Osasuna accesible\u2019, seis programas vinculados respectivamente al voluntariado, el sentimiento emocional, la solidaridad, la gesti\u00f3n de residuos y el medio ambiente, la movilidad sostenible o la universalidad. El C.A. Osasuna se compromete a financiar todas estas actividades en el marco de su Plan Social y a la creaci\u00f3n de una Comisi\u00f3n de Seguimiento, formada por personal espec\u00edfico del club y del Ayuntamiento de Pamplona para controlar su desarrollo, evaluar su aplicaci\u00f3n y valorar su continuidad, modificaci\u00f3n o la incorporaci\u00f3n de otras nuevas cl\u00e1usulas.<\/p>\n<p><strong>Banco del tiempo: personas voluntarias para la organizaci\u00f3n de eventos<\/strong><\/p>\n<p>En el proyecto \u2018Banco del tiempo\u2019, Osasuna se compromete a crear una bolsa de personas asociadas dispuestas a prestar una parte de su tiempo libre a colaborar en la organizaci\u00f3n de eventos sin \u00e1nimo de lucro de car\u00e1cter social, cultural o deportivo que organice el propio club o se organicen en la ciudad por otras entidades o por el propio Ayuntamiento. Las actividades del C. A. Osasuna ser\u00e1n siempre prioritarias y las de la ciudad se vincular\u00e1n a actividades de car\u00e1cter social y cultural.<\/p>\n<p>Este listado de personas y la informaci\u00f3n b\u00e1sica que incorpore (por ejemplo, disponibilidad, tipo de evento en los que colaborar&#8230;) se pondr\u00e1n a disposici\u00f3n del Ayuntamiento para que lo coordine en cada momento con las asociaciones o entidades promotores de esos eventos concretos.<\/p>\n<p><strong>Recuerdos rojillos y pamplonadas: v\u00ednculo emocional entre la ciudad y Osasuna<\/strong><\/p>\n<p><a href=\"https:\/\/www.laguiadepamplona.es\/actualidad\/wp-content\/uploads\/2018\/10\/18.10.11_convenio_osasuna1.jpg\"><img loading=\"lazy\" decoding=\"async\" class=\"alignleft size-medium wp-image-18993\" src=\"https:\/\/www.laguiadepamplona.es\/actualidad\/wp-content\/uploads\/2018\/10\/18.10.11_convenio_osasuna1-300x200.jpg\" alt=\"\" width=\"300\" height=\"200\" srcset=\"https:\/\/www.laguiadepamplona.com\/actualidad\/wp-content\/uploads\/2018\/10\/18.10.11_convenio_osasuna1-300x200.jpg 300w, https:\/\/www.laguiadepamplona.com\/actualidad\/wp-content\/uploads\/2018\/10\/18.10.11_convenio_osasuna1-768x512.jpg 768w, https:\/\/www.laguiadepamplona.com\/actualidad\/wp-content\/uploads\/2018\/10\/18.10.11_convenio_osasuna1-640x427.jpg 640w, https:\/\/www.laguiadepamplona.com\/actualidad\/wp-content\/uploads\/2018\/10\/18.10.11_convenio_osasuna1.jpg 1000w\" sizes=\"auto, (max-width: 300px) 100vw, 300px\" \/><\/a>En la actualidad existe un programa denominado \u2018Recuerdos rojillos\u2019 en la Fundaci\u00f3n Osasuna. Se trata de un programa pionero con personas que padecen la enfermedad de alzheimer en el que mediante sesiones grupales trabajan el fortalecimiento de sus recuerdos utilizando el hilo conductor de Osasuna, un elemento vinculado de forma emocional a esas personas.<\/p>\n<p>Este nuevo proyecto trata de buscar f\u00f3rmulas para poder desarrollar esta iniciativa uniendo los conceptos de Pamplona y el C. A. Osasuna a trav\u00e9s de personas mayores, pero tambi\u00e9n de j\u00f3venes o incluso menores. Los \u2018recuerdos\u2019 a\u00fanan episodios del club relacionados con la historia de la ciudad y sus gentes, por lo que se puede ampliar el perfil de personas destinatarias.<\/p>\n<p>Se estudia la idea de realizar sesiones en cada uno de los centros civivox de la ciudad, con la intenci\u00f3n de que puedan acudir personas mayores y j\u00f3venes, para generar un espacio intergeneracional en torno a recuerdos, vivencias y experiencias que relacionan Pamplona y Osasuna. Incluso se valora la posibilidad de desarrollar alg\u00fan proyecto educativo con diferentes colectivos sociales para presentar, de manera did\u00e1ctica, los valores que representa Osasuna. En el caso de las personas mayores, se podr\u00eda trabajar con los clubes de personas jubiladas, en colaboraci\u00f3n con otras entidades, con formatos parecidos a las sesiones en la red Civivox, pero dirigidas \u00fanicamente a personas mayores.<\/p>\n<p><strong>Solidaridad rojilla: cesi\u00f3n de abonos a personas con dificultades econ\u00f3micas<\/strong><\/p>\n<p>El C. A. Osasuna se compromete en promover la solidaridad entre sus personas socias a trav\u00e9s de un programa de cesi\u00f3n de abonos. De esta forma, aquellas personas que lo deseen podr\u00e1n ceder su localidad para que esta sea ocupada por personas con dificultades econ\u00f3micas.<\/p>\n<p><script async src=\"\/\/pagead2.googlesyndication.com\/pagead\/js\/adsbygoogle.js\"><\/script><br \/>\n<!-- Noticias La Guia de Pamplona --><br \/>\n<ins class=\"adsbygoogle\"\nstyle=\"display:block\"\ndata-ad-client=\"ca-pub-6943679897239327\"\ndata-ad-slot=\"7048180777\"\ndata-ad-format=\"auto\"><\/ins><br \/>\n<script>\n(adsbygoogle = window.adsbygoogle || []).push({});\n<\/script><\/p>\n<p>El Ayuntamiento ser\u00eda el encargado de elaborar una lista con entidades que trabajan con diferentes colectivos sociales, a trav\u00e9s de las cuales se realizar\u00eda el reparto durante cada partido que Osasuna jugara en su estadio.<\/p>\n<p><strong>Compromiso verde: vaso reutilizable y refuerzo de limpieza<\/strong><\/p>\n<p>El convenio apuesta por un compromiso \u2018verde\u2019 de gesti\u00f3n de los residuos que se puedan generar en cada partido de Osasuna. El club se compromete a introducir el uso del vaso reutilizable en las actividades que se desarrollen en El Sadar, del mismo modo que ya se hace en el front\u00f3n Labrit o en la Plaza de Toros. El Ayuntamiento compartir\u00e1 el proyecto t\u00e9cnico elaborado en esos dos espacios y ceder\u00e1 vasos para la realizaci\u00f3n de un proyecto piloto durante varios partidos. El Ayuntamiento, adem\u00e1s, dise\u00f1ar\u00e1 y pondr\u00e1 en marcha un servicio especial de limpieza para el entorno de El Sadar, que ejecutar\u00e1 el propio Consistorio con sus medios habituales.<\/p>\n<p>Asimismo, el C.A. Osasuna se compromete a elaborar y poner en marcha, en colaboraci\u00f3n y con el asesoramiento de la Mancomunidad de la Comarca de Pamplona, un proyecto para que los residuos que generan las entre 12.000 y 16.000 personas que acuden a El Sadar los d\u00edas de partido sean tratados de la forma m\u00e1s eficaz posible. Esta medida se complementar\u00eda con una campa\u00f1a de concienciaci\u00f3n entre quienes van al estadio para que se redujeran esos residuos y su comportamiento sea lo m\u00e1s c\u00edvico posible.<\/p>\n<p><strong>Buenos humos: movilidad sostenible para acudir a El Sadar<\/strong><\/p>\n<p>Osasuna y Ayuntamiento de Pamplona est\u00e1n interesados en trabajar juntos el contexto de movilidad en el que se desarrollan los eventos deportivos o de otro car\u00e1cter en el estadio de El Sadar, en cuestiones como el impacto medioambiental, el control del tr\u00e1fico o el aparcamiento. Se habla en el convenio de un Plan Rojillo de Movilidad Sostenible, que consistir\u00e1 en analizar los h\u00e1bitos de movilidad de las personas socias que se desplazan al estadio, la situaci\u00f3n del aparcamiento, la aportaci\u00f3n del transporte p\u00fablico o las necesidades de quienes residen en la Comarca de Pamplona. As\u00ed se pueden aportar soluciones pr\u00e1cticas para alcanzar resultados \u00f3ptimos desde la perspectiva de la movilidad sostenible. Este ser\u00eda un trabajo a tres bandas, ya que tambi\u00e9n debe incluir a la Mancomunidad de la Comarca de Pamplona, responsable, por ejemplo, del transporte urbano comarcal o el servicio de taxis.<\/p>\n<p>Principalmente, se apuntan dos acciones concretas a desarrollar en el \u00e1mbito de la movilidad. Por una parte, se llevar\u00e1 a cabo un diagn\u00f3stico operativo sobre los h\u00e1bitos de movilidad de las personas que acuden a El Sadar; y por otra, se definir\u00e1n un proyecto piloto en diferentes niveles relacionados la movilidad sostenible. Entre otros aspectos, se estudiar\u00e1 como reforzar y\/o ampliar la red p\u00fablica de autobuses; habilitar un aparcamiento disuasorio temporal con una lanzadera de conexi\u00f3n con el estadio; as\u00ed como otras posibles medidas que puedan incrementar h\u00e1bitos sostenibles para acceder al Sadar.<\/p>\n<p>&nbsp;<\/p>\n<p><strong>Osasuna accesible: accesibilidad universal<\/strong><\/p>\n<p>Por \u00faltimo, Ayuntamiento y Osasuna acuerdan trabajar en pro de la accesibilidad. El convenio recoge que ambas instituciones se comprometen a analizar todas aquellas cuestiones y \u00e1mbitos de trabajo (estadio, servicios, productos) relativos a la accesibilidad universal. Se trata as\u00ed de garantizar el acceso a todas las personas en las mejores condiciones y de una manera natural y aut\u00f3noma.<\/p>\n<p>El Ayuntamiento compartir\u00e1 experiencias, conocimientos y proyectos de trabajo que fomenten la accesibilidad universal en \u00e1mbitos relativos a la comunicaci\u00f3n y al acceso a servicios.<\/p>\n<p>&nbsp;<\/p>\n","protected":false},"excerpt":{"rendered":"<p>Ambas entidades han firmado un convenio para el desarrollo colaborativo del Plan Social del Club Atl\u00e9tico Osasuna<\/p>\n","protected":false},"author":1,"featured_media":18994,"comment_status":"open","ping_status":"closed","sticky":false,"template":"","format":"standard","meta":{"footnotes":""},"categories":[2],"tags":[],"class_list":["post-18992","post","type-post","status-publish","format-standard","has-post-thumbnail","hentry","category-ayuntamiento-pamplona"],"yoast_head":"<!-- This site is optimized with the Yoast SEO plugin v27.9 - https:\/\/yoast.com\/product\/yoast-seo-wordpress\/ -->\n<title>Ayuntamiento y C.A. Osasuna trabajar\u00e1n conjuntamente en \u00e1mbitos como movilidad sostenible, gesti\u00f3n de residuos, solidaridad o el v\u00ednculo emocional entre ciudad y club<\/title>\n<meta name=\"robots\" content=\"index, follow, max-snippet:-1, max-image-preview:large, max-video-preview:-1\" \/>\n<link rel=\"canonical\" href=\"https:\/\/www.laguiadepamplona.com\/actualidad\/ayuntamiento-y-c-a-osasuna-trabajaran-conjuntamente-en-ambitos-como-movilidad-sostenible-gestion-de-residuos-solidaridad-o-el-vinculo-emocional-entre-ciudad-y-club\/\" \/>\n<meta property=\"og:locale\" content=\"es_ES\" \/>\n<meta property=\"og:type\" content=\"article\" \/>\n<meta property=\"og:title\" content=\"Ayuntamiento y C.A. Osasuna trabajar\u00e1n conjuntamente en \u00e1mbitos como movilidad sostenible, gesti\u00f3n de residuos, solidaridad o el v\u00ednculo emocional entre ciudad y club\" \/>\n<meta property=\"og:description\" content=\"Ambas entidades han firmado un convenio para el desarrollo colaborativo del Plan Social del Club Atl\u00e9tico Osasuna\" \/>\n<meta property=\"og:url\" content=\"https:\/\/www.laguiadepamplona.com\/actualidad\/ayuntamiento-y-c-a-osasuna-trabajaran-conjuntamente-en-ambitos-como-movilidad-sostenible-gestion-de-residuos-solidaridad-o-el-vinculo-emocional-entre-ciudad-y-club\/\" \/>\n<meta property=\"og:site_name\" content=\"La Gu\u00eda de Pamplona Noticias y actualidad\" \/>\n<meta property=\"article:publisher\" content=\"https:\/\/www.facebook.com\/laguiadepamplonacom-133175176762273\/?ref=hl\" \/>\n<meta property=\"article:published_time\" content=\"2018-10-11T11:02:27+00:00\" \/>\n<meta property=\"og:image\" content=\"https:\/\/www.laguiadepamplona.com\/actualidad\/wp-content\/uploads\/2018\/10\/18.10.11_convenio_osasuna2.jpg\" \/>\n\t<meta property=\"og:image:width\" content=\"1000\" \/>\n\t<meta property=\"og:image:height\" content=\"667\" \/>\n\t<meta property=\"og:image:type\" content=\"image\/jpeg\" \/>\n<meta name=\"author\" content=\"La Gu\u00eda de Pamplona\" \/>\n<meta name=\"twitter:card\" content=\"summary_large_image\" \/>\n<meta name=\"twitter:creator\" content=\"@LaGuiadPamplona\" \/>\n<meta name=\"twitter:site\" content=\"@LaGuiadPamplona\" \/>\n<meta name=\"twitter:label1\" content=\"Escrito por\" \/>\n\t<meta name=\"twitter:data1\" content=\"La Gu\u00eda de Pamplona\" \/>\n\t<meta name=\"twitter:label2\" content=\"Tiempo de lectura\" \/>\n\t<meta name=\"twitter:data2\" content=\"7 minutos\" \/>\n<script type=\"application\/ld+json\" class=\"yoast-schema-graph\">{\"@context\":\"https:\\\/\\\/schema.org\",\"@graph\":[{\"@type\":\"Article\",\"@id\":\"https:\\\/\\\/www.laguiadepamplona.com\\\/actualidad\\\/ayuntamiento-y-c-a-osasuna-trabajaran-conjuntamente-en-ambitos-como-movilidad-sostenible-gestion-de-residuos-solidaridad-o-el-vinculo-emocional-entre-ciudad-y-club\\\/#article\",\"isPartOf\":{\"@id\":\"https:\\\/\\\/www.laguiadepamplona.com\\\/actualidad\\\/ayuntamiento-y-c-a-osasuna-trabajaran-conjuntamente-en-ambitos-como-movilidad-sostenible-gestion-de-residuos-solidaridad-o-el-vinculo-emocional-entre-ciudad-y-club\\\/\"},\"author\":{\"name\":\"La Gu\u00eda de Pamplona\",\"@id\":\"https:\\\/\\\/www.laguiadepamplona.com\\\/actualidad\\\/#\\\/schema\\\/person\\\/efe887376f0213d4657c93adc50b1fdb\"},\"headline\":\"Ayuntamiento y C.A. Osasuna trabajar\u00e1n conjuntamente en \u00e1mbitos como movilidad sostenible, gesti\u00f3n de residuos, solidaridad o el v\u00ednculo emocional entre ciudad y club\",\"datePublished\":\"2018-10-11T11:02:27+00:00\",\"mainEntityOfPage\":{\"@id\":\"https:\\\/\\\/www.laguiadepamplona.com\\\/actualidad\\\/ayuntamiento-y-c-a-osasuna-trabajaran-conjuntamente-en-ambitos-como-movilidad-sostenible-gestion-de-residuos-solidaridad-o-el-vinculo-emocional-entre-ciudad-y-club\\\/\"},\"wordCount\":1462,\"commentCount\":0,\"publisher\":{\"@id\":\"https:\\\/\\\/www.laguiadepamplona.com\\\/actualidad\\\/#organization\"},\"image\":{\"@id\":\"https:\\\/\\\/www.laguiadepamplona.com\\\/actualidad\\\/ayuntamiento-y-c-a-osasuna-trabajaran-conjuntamente-en-ambitos-como-movilidad-sostenible-gestion-de-residuos-solidaridad-o-el-vinculo-emocional-entre-ciudad-y-club\\\/#primaryimage\"},\"thumbnailUrl\":\"https:\\\/\\\/www.laguiadepamplona.com\\\/actualidad\\\/wp-content\\\/uploads\\\/2018\\\/10\\\/18.10.11_convenio_osasuna2.jpg\",\"articleSection\":[\"Ayto Pamplona\"],\"inLanguage\":\"es\",\"potentialAction\":[{\"@type\":\"CommentAction\",\"name\":\"Comment\",\"target\":[\"https:\\\/\\\/www.laguiadepamplona.com\\\/actualidad\\\/ayuntamiento-y-c-a-osasuna-trabajaran-conjuntamente-en-ambitos-como-movilidad-sostenible-gestion-de-residuos-solidaridad-o-el-vinculo-emocional-entre-ciudad-y-club\\\/#respond\"]}]},{\"@type\":\"WebPage\",\"@id\":\"https:\\\/\\\/www.laguiadepamplona.com\\\/actualidad\\\/ayuntamiento-y-c-a-osasuna-trabajaran-conjuntamente-en-ambitos-como-movilidad-sostenible-gestion-de-residuos-solidaridad-o-el-vinculo-emocional-entre-ciudad-y-club\\\/\",\"url\":\"https:\\\/\\\/www.laguiadepamplona.com\\\/actualidad\\\/ayuntamiento-y-c-a-osasuna-trabajaran-conjuntamente-en-ambitos-como-movilidad-sostenible-gestion-de-residuos-solidaridad-o-el-vinculo-emocional-entre-ciudad-y-club\\\/\",\"name\":\"Ayuntamiento y C.A. Osasuna trabajar\u00e1n conjuntamente en \u00e1mbitos como movilidad sostenible, gesti\u00f3n de residuos, solidaridad o el v\u00ednculo emocional entre ciudad y club\",\"isPartOf\":{\"@id\":\"https:\\\/\\\/www.laguiadepamplona.com\\\/actualidad\\\/#website\"},\"primaryImageOfPage\":{\"@id\":\"https:\\\/\\\/www.laguiadepamplona.com\\\/actualidad\\\/ayuntamiento-y-c-a-osasuna-trabajaran-conjuntamente-en-ambitos-como-movilidad-sostenible-gestion-de-residuos-solidaridad-o-el-vinculo-emocional-entre-ciudad-y-club\\\/#primaryimage\"},\"image\":{\"@id\":\"https:\\\/\\\/www.laguiadepamplona.com\\\/actualidad\\\/ayuntamiento-y-c-a-osasuna-trabajaran-conjuntamente-en-ambitos-como-movilidad-sostenible-gestion-de-residuos-solidaridad-o-el-vinculo-emocional-entre-ciudad-y-club\\\/#primaryimage\"},\"thumbnailUrl\":\"https:\\\/\\\/www.laguiadepamplona.com\\\/actualidad\\\/wp-content\\\/uploads\\\/2018\\\/10\\\/18.10.11_convenio_osasuna2.jpg\",\"datePublished\":\"2018-10-11T11:02:27+00:00\",\"breadcrumb\":{\"@id\":\"https:\\\/\\\/www.laguiadepamplona.com\\\/actualidad\\\/ayuntamiento-y-c-a-osasuna-trabajaran-conjuntamente-en-ambitos-como-movilidad-sostenible-gestion-de-residuos-solidaridad-o-el-vinculo-emocional-entre-ciudad-y-club\\\/#breadcrumb\"},\"inLanguage\":\"es\",\"potentialAction\":[{\"@type\":\"ReadAction\",\"target\":[\"https:\\\/\\\/www.laguiadepamplona.com\\\/actualidad\\\/ayuntamiento-y-c-a-osasuna-trabajaran-conjuntamente-en-ambitos-como-movilidad-sostenible-gestion-de-residuos-solidaridad-o-el-vinculo-emocional-entre-ciudad-y-club\\\/\"]}]},{\"@type\":\"ImageObject\",\"inLanguage\":\"es\",\"@id\":\"https:\\\/\\\/www.laguiadepamplona.com\\\/actualidad\\\/ayuntamiento-y-c-a-osasuna-trabajaran-conjuntamente-en-ambitos-como-movilidad-sostenible-gestion-de-residuos-solidaridad-o-el-vinculo-emocional-entre-ciudad-y-club\\\/#primaryimage\",\"url\":\"https:\\\/\\\/www.laguiadepamplona.com\\\/actualidad\\\/wp-content\\\/uploads\\\/2018\\\/10\\\/18.10.11_convenio_osasuna2.jpg\",\"contentUrl\":\"https:\\\/\\\/www.laguiadepamplona.com\\\/actualidad\\\/wp-content\\\/uploads\\\/2018\\\/10\\\/18.10.11_convenio_osasuna2.jpg\",\"width\":1000,\"height\":667},{\"@type\":\"BreadcrumbList\",\"@id\":\"https:\\\/\\\/www.laguiadepamplona.com\\\/actualidad\\\/ayuntamiento-y-c-a-osasuna-trabajaran-conjuntamente-en-ambitos-como-movilidad-sostenible-gestion-de-residuos-solidaridad-o-el-vinculo-emocional-entre-ciudad-y-club\\\/#breadcrumb\",\"itemListElement\":[{\"@type\":\"ListItem\",\"position\":1,\"name\":\"Portada\",\"item\":\"https:\\\/\\\/www.laguiadepamplona.com\\\/actualidad\\\/\"},{\"@type\":\"ListItem\",\"position\":2,\"name\":\"Ayuntamiento y C.A. Osasuna trabajar\u00e1n conjuntamente en \u00e1mbitos como movilidad sostenible, gesti\u00f3n de residuos, solidaridad o el v\u00ednculo emocional entre ciudad y club\"}]},{\"@type\":\"WebSite\",\"@id\":\"https:\\\/\\\/www.laguiadepamplona.com\\\/actualidad\\\/#website\",\"url\":\"https:\\\/\\\/www.laguiadepamplona.com\\\/actualidad\\\/\",\"name\":\"La gu\u00eda de Pamplona\",\"description\":\"Noticias de Pamplona\",\"publisher\":{\"@id\":\"https:\\\/\\\/www.laguiadepamplona.com\\\/actualidad\\\/#organization\"},\"potentialAction\":[{\"@type\":\"SearchAction\",\"target\":{\"@type\":\"EntryPoint\",\"urlTemplate\":\"https:\\\/\\\/www.laguiadepamplona.com\\\/actualidad\\\/?s={search_term_string}\"},\"query-input\":{\"@type\":\"PropertyValueSpecification\",\"valueRequired\":true,\"valueName\":\"search_term_string\"}}],\"inLanguage\":\"es\"},{\"@type\":\"Organization\",\"@id\":\"https:\\\/\\\/www.laguiadepamplona.com\\\/actualidad\\\/#organization\",\"name\":\"La Gu\u00eda de Pamplona \\\/ Noticias\",\"url\":\"https:\\\/\\\/www.laguiadepamplona.com\\\/actualidad\\\/\",\"logo\":{\"@type\":\"ImageObject\",\"inLanguage\":\"es\",\"@id\":\"https:\\\/\\\/www.laguiadepamplona.com\\\/actualidad\\\/#\\\/schema\\\/logo\\\/image\\\/\",\"url\":\"https:\\\/\\\/www.laguiadepamplona.com\\\/actualidad\\\/wp-content\\\/uploads\\\/2018\\\/11\\\/logo-laguiadepamplona18-web1.png\",\"contentUrl\":\"https:\\\/\\\/www.laguiadepamplona.com\\\/actualidad\\\/wp-content\\\/uploads\\\/2018\\\/11\\\/logo-laguiadepamplona18-web1.png\",\"width\":600,\"height\":196,\"caption\":\"La Gu\u00eda de Pamplona \\\/ Noticias\"},\"image\":{\"@id\":\"https:\\\/\\\/www.laguiadepamplona.com\\\/actualidad\\\/#\\\/schema\\\/logo\\\/image\\\/\"},\"sameAs\":[\"https:\\\/\\\/www.facebook.com\\\/laguiadepamplonacom-133175176762273\\\/?ref=hl\",\"https:\\\/\\\/x.com\\\/LaGuiadPamplona\",\"https:\\\/\\\/www.instagram.com\\\/la_guia_de_pamplona\\\/\",\"https:\\\/\\\/www.youtube.com\\\/user\\\/laguiadepamplona\"]},{\"@type\":\"Person\",\"@id\":\"https:\\\/\\\/www.laguiadepamplona.com\\\/actualidad\\\/#\\\/schema\\\/person\\\/efe887376f0213d4657c93adc50b1fdb\",\"name\":\"La Gu\u00eda de Pamplona\",\"image\":{\"@type\":\"ImageObject\",\"inLanguage\":\"es\",\"@id\":\"https:\\\/\\\/secure.gravatar.com\\\/avatar\\\/b6992f131dc8d30ab0dff15446e9d346d9dbd95992de0fef795073f5ea83a81c?s=96&d=mm&r=g\",\"url\":\"https:\\\/\\\/secure.gravatar.com\\\/avatar\\\/b6992f131dc8d30ab0dff15446e9d346d9dbd95992de0fef795073f5ea83a81c?s=96&d=mm&r=g\",\"contentUrl\":\"https:\\\/\\\/secure.gravatar.com\\\/avatar\\\/b6992f131dc8d30ab0dff15446e9d346d9dbd95992de0fef795073f5ea83a81c?s=96&d=mm&r=g\",\"caption\":\"La Gu\u00eda de Pamplona\"}}]}<\/script>\n<!-- \/ Yoast SEO plugin. -->","yoast_head_json":{"title":"Ayuntamiento y C.A. Osasuna trabajar\u00e1n conjuntamente en \u00e1mbitos como movilidad sostenible, gesti\u00f3n de residuos, solidaridad o el v\u00ednculo emocional entre ciudad y club","robots":{"index":"index","follow":"follow","max-snippet":"max-snippet:-1","max-image-preview":"max-image-preview:large","max-video-preview":"max-video-preview:-1"},"canonical":"https:\/\/www.laguiadepamplona.com\/actualidad\/ayuntamiento-y-c-a-osasuna-trabajaran-conjuntamente-en-ambitos-como-movilidad-sostenible-gestion-de-residuos-solidaridad-o-el-vinculo-emocional-entre-ciudad-y-club\/","og_locale":"es_ES","og_type":"article","og_title":"Ayuntamiento y C.A. Osasuna trabajar\u00e1n conjuntamente en \u00e1mbitos como movilidad sostenible, gesti\u00f3n de residuos, solidaridad o el v\u00ednculo emocional entre ciudad y club","og_description":"Ambas entidades han firmado un convenio para el desarrollo colaborativo del Plan Social del Club Atl\u00e9tico Osasuna","og_url":"https:\/\/www.laguiadepamplona.com\/actualidad\/ayuntamiento-y-c-a-osasuna-trabajaran-conjuntamente-en-ambitos-como-movilidad-sostenible-gestion-de-residuos-solidaridad-o-el-vinculo-emocional-entre-ciudad-y-club\/","og_site_name":"La Gu\u00eda de Pamplona Noticias y actualidad","article_publisher":"https:\/\/www.facebook.com\/laguiadepamplonacom-133175176762273\/?ref=hl","article_published_time":"2018-10-11T11:02:27+00:00","og_image":[{"width":1000,"height":667,"url":"https:\/\/www.laguiadepamplona.com\/actualidad\/wp-content\/uploads\/2018\/10\/18.10.11_convenio_osasuna2.jpg","type":"image\/jpeg"}],"author":"La Gu\u00eda de Pamplona","twitter_card":"summary_large_image","twitter_creator":"@LaGuiadPamplona","twitter_site":"@LaGuiadPamplona","twitter_misc":{"Escrito por":"La Gu\u00eda de Pamplona","Tiempo de lectura":"7 minutos"},"schema":{"@context":"https:\/\/schema.org","@graph":[{"@type":"Article","@id":"https:\/\/www.laguiadepamplona.com\/actualidad\/ayuntamiento-y-c-a-osasuna-trabajaran-conjuntamente-en-ambitos-como-movilidad-sostenible-gestion-de-residuos-solidaridad-o-el-vinculo-emocional-entre-ciudad-y-club\/#article","isPartOf":{"@id":"https:\/\/www.laguiadepamplona.com\/actualidad\/ayuntamiento-y-c-a-osasuna-trabajaran-conjuntamente-en-ambitos-como-movilidad-sostenible-gestion-de-residuos-solidaridad-o-el-vinculo-emocional-entre-ciudad-y-club\/"},"author":{"name":"La Gu\u00eda de Pamplona","@id":"https:\/\/www.laguiadepamplona.com\/actualidad\/#\/schema\/person\/efe887376f0213d4657c93adc50b1fdb"},"headline":"Ayuntamiento y C.A. Osasuna trabajar\u00e1n conjuntamente en \u00e1mbitos como movilidad sostenible, gesti\u00f3n de residuos, solidaridad o el v\u00ednculo emocional entre ciudad y club","datePublished":"2018-10-11T11:02:27+00:00","mainEntityOfPage":{"@id":"https:\/\/www.laguiadepamplona.com\/actualidad\/ayuntamiento-y-c-a-osasuna-trabajaran-conjuntamente-en-ambitos-como-movilidad-sostenible-gestion-de-residuos-solidaridad-o-el-vinculo-emocional-entre-ciudad-y-club\/"},"wordCount":1462,"commentCount":0,"publisher":{"@id":"https:\/\/www.laguiadepamplona.com\/actualidad\/#organization"},"image":{"@id":"https:\/\/www.laguiadepamplona.com\/actualidad\/ayuntamiento-y-c-a-osasuna-trabajaran-conjuntamente-en-ambitos-como-movilidad-sostenible-gestion-de-residuos-solidaridad-o-el-vinculo-emocional-entre-ciudad-y-club\/#primaryimage"},"thumbnailUrl":"https:\/\/www.laguiadepamplona.com\/actualidad\/wp-content\/uploads\/2018\/10\/18.10.11_convenio_osasuna2.jpg","articleSection":["Ayto Pamplona"],"inLanguage":"es","potentialAction":[{"@type":"CommentAction","name":"Comment","target":["https:\/\/www.laguiadepamplona.com\/actualidad\/ayuntamiento-y-c-a-osasuna-trabajaran-conjuntamente-en-ambitos-como-movilidad-sostenible-gestion-de-residuos-solidaridad-o-el-vinculo-emocional-entre-ciudad-y-club\/#respond"]}]},{"@type":"WebPage","@id":"https:\/\/www.laguiadepamplona.com\/actualidad\/ayuntamiento-y-c-a-osasuna-trabajaran-conjuntamente-en-ambitos-como-movilidad-sostenible-gestion-de-residuos-solidaridad-o-el-vinculo-emocional-entre-ciudad-y-club\/","url":"https:\/\/www.laguiadepamplona.com\/actualidad\/ayuntamiento-y-c-a-osasuna-trabajaran-conjuntamente-en-ambitos-como-movilidad-sostenible-gestion-de-residuos-solidaridad-o-el-vinculo-emocional-entre-ciudad-y-club\/","name":"Ayuntamiento y C.A. Osasuna trabajar\u00e1n conjuntamente en \u00e1mbitos como movilidad sostenible, gesti\u00f3n de residuos, solidaridad o el v\u00ednculo emocional entre ciudad y club","isPartOf":{"@id":"https:\/\/www.laguiadepamplona.com\/actualidad\/#website"},"primaryImageOfPage":{"@id":"https:\/\/www.laguiadepamplona.com\/actualidad\/ayuntamiento-y-c-a-osasuna-trabajaran-conjuntamente-en-ambitos-como-movilidad-sostenible-gestion-de-residuos-solidaridad-o-el-vinculo-emocional-entre-ciudad-y-club\/#primaryimage"},"image":{"@id":"https:\/\/www.laguiadepamplona.com\/actualidad\/ayuntamiento-y-c-a-osasuna-trabajaran-conjuntamente-en-ambitos-como-movilidad-sostenible-gestion-de-residuos-solidaridad-o-el-vinculo-emocional-entre-ciudad-y-club\/#primaryimage"},"thumbnailUrl":"https:\/\/www.laguiadepamplona.com\/actualidad\/wp-content\/uploads\/2018\/10\/18.10.11_convenio_osasuna2.jpg","datePublished":"2018-10-11T11:02:27+00:00","breadcrumb":{"@id":"https:\/\/www.laguiadepamplona.com\/actualidad\/ayuntamiento-y-c-a-osasuna-trabajaran-conjuntamente-en-ambitos-como-movilidad-sostenible-gestion-de-residuos-solidaridad-o-el-vinculo-emocional-entre-ciudad-y-club\/#breadcrumb"},"inLanguage":"es","potentialAction":[{"@type":"ReadAction","target":["https:\/\/www.laguiadepamplona.com\/actualidad\/ayuntamiento-y-c-a-osasuna-trabajaran-conjuntamente-en-ambitos-como-movilidad-sostenible-gestion-de-residuos-solidaridad-o-el-vinculo-emocional-entre-ciudad-y-club\/"]}]},{"@type":"ImageObject","inLanguage":"es","@id":"https:\/\/www.laguiadepamplona.com\/actualidad\/ayuntamiento-y-c-a-osasuna-trabajaran-conjuntamente-en-ambitos-como-movilidad-sostenible-gestion-de-residuos-solidaridad-o-el-vinculo-emocional-entre-ciudad-y-club\/#primaryimage","url":"https:\/\/www.laguiadepamplona.com\/actualidad\/wp-content\/uploads\/2018\/10\/18.10.11_convenio_osasuna2.jpg","contentUrl":"https:\/\/www.laguiadepamplona.com\/actualidad\/wp-content\/uploads\/2018\/10\/18.10.11_convenio_osasuna2.jpg","width":1000,"height":667},{"@type":"BreadcrumbList","@id":"https:\/\/www.laguiadepamplona.com\/actualidad\/ayuntamiento-y-c-a-osasuna-trabajaran-conjuntamente-en-ambitos-como-movilidad-sostenible-gestion-de-residuos-solidaridad-o-el-vinculo-emocional-entre-ciudad-y-club\/#breadcrumb","itemListElement":[{"@type":"ListItem","position":1,"name":"Portada","item":"https:\/\/www.laguiadepamplona.com\/actualidad\/"},{"@type":"ListItem","position":2,"name":"Ayuntamiento y C.A. Osasuna trabajar\u00e1n conjuntamente en \u00e1mbitos como movilidad sostenible, gesti\u00f3n de residuos, solidaridad o el v\u00ednculo emocional entre ciudad y club"}]},{"@type":"WebSite","@id":"https:\/\/www.laguiadepamplona.com\/actualidad\/#website","url":"https:\/\/www.laguiadepamplona.com\/actualidad\/","name":"La gu\u00eda de Pamplona","description":"Noticias de Pamplona","publisher":{"@id":"https:\/\/www.laguiadepamplona.com\/actualidad\/#organization"},"potentialAction":[{"@type":"SearchAction","target":{"@type":"EntryPoint","urlTemplate":"https:\/\/www.laguiadepamplona.com\/actualidad\/?s={search_term_string}"},"query-input":{"@type":"PropertyValueSpecification","valueRequired":true,"valueName":"search_term_string"}}],"inLanguage":"es"},{"@type":"Organization","@id":"https:\/\/www.laguiadepamplona.com\/actualidad\/#organization","name":"La Gu\u00eda de Pamplona \/ Noticias","url":"https:\/\/www.laguiadepamplona.com\/actualidad\/","logo":{"@type":"ImageObject","inLanguage":"es","@id":"https:\/\/www.laguiadepamplona.com\/actualidad\/#\/schema\/logo\/image\/","url":"https:\/\/www.laguiadepamplona.com\/actualidad\/wp-content\/uploads\/2018\/11\/logo-laguiadepamplona18-web1.png","contentUrl":"https:\/\/www.laguiadepamplona.com\/actualidad\/wp-content\/uploads\/2018\/11\/logo-laguiadepamplona18-web1.png","width":600,"height":196,"caption":"La Gu\u00eda de Pamplona \/ Noticias"},"image":{"@id":"https:\/\/www.laguiadepamplona.com\/actualidad\/#\/schema\/logo\/image\/"},"sameAs":["https:\/\/www.facebook.com\/laguiadepamplonacom-133175176762273\/?ref=hl","https:\/\/x.com\/LaGuiadPamplona","https:\/\/www.instagram.com\/la_guia_de_pamplona\/","https:\/\/www.youtube.com\/user\/laguiadepamplona"]},{"@type":"Person","@id":"https:\/\/www.laguiadepamplona.com\/actualidad\/#\/schema\/person\/efe887376f0213d4657c93adc50b1fdb","name":"La Gu\u00eda de Pamplona","image":{"@type":"ImageObject","inLanguage":"es","@id":"https:\/\/secure.gravatar.com\/avatar\/b6992f131dc8d30ab0dff15446e9d346d9dbd95992de0fef795073f5ea83a81c?s=96&d=mm&r=g","url":"https:\/\/secure.gravatar.com\/avatar\/b6992f131dc8d30ab0dff15446e9d346d9dbd95992de0fef795073f5ea83a81c?s=96&d=mm&r=g","contentUrl":"https:\/\/secure.gravatar.com\/avatar\/b6992f131dc8d30ab0dff15446e9d346d9dbd95992de0fef795073f5ea83a81c?s=96&d=mm&r=g","caption":"La Gu\u00eda de Pamplona"}}]}},"post_mailing_queue_ids":[],"_links":{"self":[{"href":"https:\/\/www.laguiadepamplona.com\/actualidad\/wp-json\/wp\/v2\/posts\/18992","targetHints":{"allow":["GET"]}}],"collection":[{"href":"https:\/\/www.laguiadepamplona.com\/actualidad\/wp-json\/wp\/v2\/posts"}],"about":[{"href":"https:\/\/www.laguiadepamplona.com\/actualidad\/wp-json\/wp\/v2\/types\/post"}],"author":[{"embeddable":true,"href":"https:\/\/www.laguiadepamplona.com\/actualidad\/wp-json\/wp\/v2\/users\/1"}],"replies":[{"embeddable":true,"href":"https:\/\/www.laguiadepamplona.com\/actualidad\/wp-json\/wp\/v2\/comments?post=18992"}],"version-history":[{"count":0,"href":"https:\/\/www.laguiadepamplona.com\/actualidad\/wp-json\/wp\/v2\/posts\/18992\/revisions"}],"wp:featuredmedia":[{"embeddable":true,"href":"https:\/\/www.laguiadepamplona.com\/actualidad\/wp-json\/wp\/v2\/media\/18994"}],"wp:attachment":[{"href":"https:\/\/www.laguiadepamplona.com\/actualidad\/wp-json\/wp\/v2\/media?parent=18992"}],"wp:term":[{"taxonomy":"category","embeddable":true,"href":"https:\/\/www.laguiadepamplona.com\/actualidad\/wp-json\/wp\/v2\/categories?post=18992"},{"taxonomy":"post_tag","embeddable":true,"href":"https:\/\/www.laguiadepamplona.com\/actualidad\/wp-json\/wp\/v2\/tags?post=18992"}],"curies":[{"name":"wp","href":"https:\/\/api.w.org\/{rel}","templated":true}]}}