{"id":18980,"date":"2018-10-11T11:52:56","date_gmt":"2018-10-11T09:52:56","guid":{"rendered":"https:\/\/www.laguiadepamplona.es\/actualidad\/?p=18980"},"modified":"2018-10-11T11:52:56","modified_gmt":"2018-10-11T09:52:56","slug":"los-coros-la-asuncion-de-pamplona-y-san-blas-de-burlada-ofrecen-este-domingo-un-concierto-en-condestable-dentro-del-ciclo-coros-en-red","status":"publish","type":"post","link":"https:\/\/www.laguiadepamplona.com\/actualidad\/los-coros-la-asuncion-de-pamplona-y-san-blas-de-burlada-ofrecen-este-domingo-un-concierto-en-condestable-dentro-del-ciclo-coros-en-red\/","title":{"rendered":"Los coros La Asunci\u00f3n de Pamplona y San Blas de Burlada ofrecen este domingo un concierto en Condestable dentro del ciclo Coros en Red"},"content":{"rendered":"<h3>Las actuaciones comenzar\u00e1n a las 12.30 horas, con entrada libre hasta completar el aforo<\/h3>\n<p><!--more--><\/p>\n<p>Segundo concierto del ciclo Coros en Red con una doble actuaci\u00f3n. Los coros de las parroquias de La Asunci\u00f3n de Pamplona y de San Blas de Burlada protagonizan la actuaci\u00f3n de este domingo en Civivox Condestable. El concierto comenzar\u00e1 a las 12.30 horas, con entrada libre. El ciclo lo organiza el Ayuntamiento de Pamplona, a trav\u00e9s de la red Civivox, en colaboraci\u00f3n con la Federaci\u00f3n de Coros de Navarra.<\/p>\n<p>El coro La Asunci\u00f3n de Pamplona surge con el deseo de solemnizar algunas fiestas especiales, a la sombra de la parroquia de la Asunci\u00f3n. Por ello, han participado en celebraciones especiales, fiestas de diferentes localidades, festivales ben\u00e9ficos&#8230; Con su mayor\u00eda de edad el coro se lanz\u00f3 a participar en concursos como los de Tolosa, Ejea de los Caballeros (primer premio en 1992 y 2001), Autol en La Rioja (primer premio en 1991), Torrevieja (primer premio de Polifon\u00eda en 1992) o el Concurso de Canci\u00f3n Juvenil Marinera en Portugalete (primer premio). Beatriz Aguirre dirige la formaci\u00f3n.<\/p>\n<p><script async src=\"\/\/pagead2.googlesyndication.com\/pagead\/js\/adsbygoogle.js\"><\/script><br \/>\n<!-- Noticias La Guia de Pamplona --><br \/>\n<ins class=\"adsbygoogle\"\nstyle=\"display:block\"\ndata-ad-client=\"ca-pub-6943679897239327\"\ndata-ad-slot=\"7048180777\"\ndata-ad-format=\"auto\"><\/ins><br \/>\n<script>\n(adsbygoogle = window.adsbygoogle || []).push({});\n<\/script><\/p>\n<p>El coro San Blas de Burlada inicia su andadura musical en 1983 a la sombra de la Comunidad Parroquial de San Blas de Burlada, como un grupo de amigos unidos por el canto. Poco a poco, el coro fue saliendo de su entorno local y ha llevado su repertorio a otras localidades de Navarra, de la geograf\u00eda espa\u00f1ola y de Europa. En la l\u00ednea de conservar la memoria del compositor Hilari\u00f3n Eslava, nacido en Burlada, desde noviembre de 1983 el coro organiza la Semana Musical \u2018Hilari\u00f3n Eslava\u2019, consolidada en el panorama musical entre el p\u00fablico aficionado. El coro est\u00e1 dirigido por Miguel Irisarri.<\/p>\n<p>&nbsp;<\/p>\n<p><strong>Ciclo Coros en Red. En colaboraci\u00f3n con la Federaci\u00f3n de Coros de Navarra<\/strong><\/p>\n<ul>\n<li>Domingo 14 de octubre, 12.30 horas. Civivox Condestable\n<ul>\n<li>Coros La Asunci\u00f3n de Pamplona y San Blas de Burlada<\/li>\n<\/ul>\n<\/li>\n<li>Viernes 9 de noviembre, 19.30 horas. Civivox Iturrama\n<ul>\n<li>Coro L\u00edrico de la Federaci\u00f3n de Coros de Navarra<\/li>\n<\/ul>\n<\/li>\n<li>S\u00e1bado 17 de noviembre, 19.30 horas. Civivox Jus la Rocha\n<ul>\n<li>Coro Infantil de Griseras de Tudela<\/li>\n<\/ul>\n<\/li>\n<li>Domingo 25 de noviembre, 12.30 horas. Civivox Iturrama\n<ul>\n<li>Vocal Ensemble Tempus Floridum<\/li>\n<\/ul>\n<\/li>\n<li>S\u00e1bado 15 de diciembre, 19.30 horas. Civivox San Jorge\n<ul>\n<li>Salus Abeslariak de Pamplona y Coro de Tiebas<\/li>\n<\/ul>\n<\/li>\n<li>Viernes 13 de enero, 19.30 horas. Civivox Condestable\n<ul>\n<li>Coro de Voces Graves de Pamplona<\/li>\n<\/ul>\n<\/li>\n<li>Domingo 27 de enero, 12.30 horas. Civivox Iturrama\n<ul>\n<li>Grupo Vocal Tempo D\u00b4Intermezzo<\/li>\n<\/ul>\n<\/li>\n<\/ul>\n<p>&nbsp;<\/p>\n","protected":false},"excerpt":{"rendered":"<p>Las actuaciones comenzar\u00e1n a las 12.30 horas, con entrada libre hasta completar el aforo<\/p>\n","protected":false},"author":1,"featured_media":17390,"comment_status":"open","ping_status":"closed","sticky":false,"template":"","format":"standard","meta":{"footnotes":""},"categories":[2],"tags":[],"class_list":["post-18980","post","type-post","status-publish","format-standard","has-post-thumbnail","hentry","category-ayuntamiento-pamplona"],"yoast_head":"<!-- This site is optimized with the Yoast SEO plugin v27.9 - https:\/\/yoast.com\/product\/yoast-seo-wordpress\/ -->\n<title>Los coros La Asunci\u00f3n de Pamplona y San Blas de Burlada ofrecen este domingo un concierto en Condestable dentro del ciclo Coros en Red<\/title>\n<meta name=\"robots\" content=\"index, follow, max-snippet:-1, max-image-preview:large, max-video-preview:-1\" \/>\n<link rel=\"canonical\" href=\"https:\/\/www.laguiadepamplona.com\/actualidad\/los-coros-la-asuncion-de-pamplona-y-san-blas-de-burlada-ofrecen-este-domingo-un-concierto-en-condestable-dentro-del-ciclo-coros-en-red\/\" \/>\n<meta property=\"og:locale\" content=\"es_ES\" \/>\n<meta property=\"og:type\" content=\"article\" \/>\n<meta property=\"og:title\" content=\"Los coros La Asunci\u00f3n de Pamplona y San Blas de Burlada ofrecen este domingo un concierto en Condestable dentro del ciclo Coros en Red\" \/>\n<meta property=\"og:description\" content=\"Las actuaciones comenzar\u00e1n a las 12.30 horas, con entrada libre hasta completar el aforo\" \/>\n<meta property=\"og:url\" content=\"https:\/\/www.laguiadepamplona.com\/actualidad\/los-coros-la-asuncion-de-pamplona-y-san-blas-de-burlada-ofrecen-este-domingo-un-concierto-en-condestable-dentro-del-ciclo-coros-en-red\/\" \/>\n<meta property=\"og:site_name\" content=\"La Gu\u00eda de Pamplona Noticias y actualidad\" \/>\n<meta property=\"article:publisher\" content=\"https:\/\/www.facebook.com\/laguiadepamplonacom-133175176762273\/?ref=hl\" \/>\n<meta property=\"article:published_time\" content=\"2018-10-11T09:52:56+00:00\" \/>\n<meta property=\"og:image\" content=\"https:\/\/www.laguiadepamplona.com\/actualidad\/wp-content\/uploads\/2018\/05\/palacio-condestable.jpg\" \/>\n\t<meta property=\"og:image:width\" content=\"950\" \/>\n\t<meta property=\"og:image:height\" content=\"634\" \/>\n\t<meta property=\"og:image:type\" content=\"image\/jpeg\" \/>\n<meta name=\"author\" content=\"La Gu\u00eda de Pamplona\" \/>\n<meta name=\"twitter:card\" content=\"summary_large_image\" \/>\n<meta name=\"twitter:creator\" content=\"@LaGuiadPamplona\" \/>\n<meta name=\"twitter:site\" content=\"@LaGuiadPamplona\" \/>\n<meta name=\"twitter:label1\" content=\"Escrito por\" \/>\n\t<meta name=\"twitter:data1\" content=\"La Gu\u00eda de Pamplona\" \/>\n\t<meta name=\"twitter:label2\" content=\"Tiempo de lectura\" \/>\n\t<meta name=\"twitter:data2\" content=\"2 minutos\" \/>\n<script type=\"application\/ld+json\" class=\"yoast-schema-graph\">{\"@context\":\"https:\\\/\\\/schema.org\",\"@graph\":[{\"@type\":\"Article\",\"@id\":\"https:\\\/\\\/www.laguiadepamplona.com\\\/actualidad\\\/los-coros-la-asuncion-de-pamplona-y-san-blas-de-burlada-ofrecen-este-domingo-un-concierto-en-condestable-dentro-del-ciclo-coros-en-red\\\/#article\",\"isPartOf\":{\"@id\":\"https:\\\/\\\/www.laguiadepamplona.com\\\/actualidad\\\/los-coros-la-asuncion-de-pamplona-y-san-blas-de-burlada-ofrecen-este-domingo-un-concierto-en-condestable-dentro-del-ciclo-coros-en-red\\\/\"},\"author\":{\"name\":\"La Gu\u00eda de Pamplona\",\"@id\":\"https:\\\/\\\/www.laguiadepamplona.com\\\/actualidad\\\/#\\\/schema\\\/person\\\/efe887376f0213d4657c93adc50b1fdb\"},\"headline\":\"Los coros La Asunci\u00f3n de Pamplona y San Blas de Burlada ofrecen este domingo un concierto en Condestable dentro del ciclo Coros en Red\",\"datePublished\":\"2018-10-11T09:52:56+00:00\",\"mainEntityOfPage\":{\"@id\":\"https:\\\/\\\/www.laguiadepamplona.com\\\/actualidad\\\/los-coros-la-asuncion-de-pamplona-y-san-blas-de-burlada-ofrecen-este-domingo-un-concierto-en-condestable-dentro-del-ciclo-coros-en-red\\\/\"},\"wordCount\":433,\"commentCount\":0,\"publisher\":{\"@id\":\"https:\\\/\\\/www.laguiadepamplona.com\\\/actualidad\\\/#organization\"},\"image\":{\"@id\":\"https:\\\/\\\/www.laguiadepamplona.com\\\/actualidad\\\/los-coros-la-asuncion-de-pamplona-y-san-blas-de-burlada-ofrecen-este-domingo-un-concierto-en-condestable-dentro-del-ciclo-coros-en-red\\\/#primaryimage\"},\"thumbnailUrl\":\"https:\\\/\\\/www.laguiadepamplona.com\\\/actualidad\\\/wp-content\\\/uploads\\\/2018\\\/05\\\/palacio-condestable.jpg\",\"articleSection\":[\"Ayto Pamplona\"],\"inLanguage\":\"es\",\"potentialAction\":[{\"@type\":\"CommentAction\",\"name\":\"Comment\",\"target\":[\"https:\\\/\\\/www.laguiadepamplona.com\\\/actualidad\\\/los-coros-la-asuncion-de-pamplona-y-san-blas-de-burlada-ofrecen-este-domingo-un-concierto-en-condestable-dentro-del-ciclo-coros-en-red\\\/#respond\"]}]},{\"@type\":\"WebPage\",\"@id\":\"https:\\\/\\\/www.laguiadepamplona.com\\\/actualidad\\\/los-coros-la-asuncion-de-pamplona-y-san-blas-de-burlada-ofrecen-este-domingo-un-concierto-en-condestable-dentro-del-ciclo-coros-en-red\\\/\",\"url\":\"https:\\\/\\\/www.laguiadepamplona.com\\\/actualidad\\\/los-coros-la-asuncion-de-pamplona-y-san-blas-de-burlada-ofrecen-este-domingo-un-concierto-en-condestable-dentro-del-ciclo-coros-en-red\\\/\",\"name\":\"Los coros La Asunci\u00f3n de Pamplona y San Blas de Burlada ofrecen este domingo un concierto en Condestable dentro del ciclo Coros en Red\",\"isPartOf\":{\"@id\":\"https:\\\/\\\/www.laguiadepamplona.com\\\/actualidad\\\/#website\"},\"primaryImageOfPage\":{\"@id\":\"https:\\\/\\\/www.laguiadepamplona.com\\\/actualidad\\\/los-coros-la-asuncion-de-pamplona-y-san-blas-de-burlada-ofrecen-este-domingo-un-concierto-en-condestable-dentro-del-ciclo-coros-en-red\\\/#primaryimage\"},\"image\":{\"@id\":\"https:\\\/\\\/www.laguiadepamplona.com\\\/actualidad\\\/los-coros-la-asuncion-de-pamplona-y-san-blas-de-burlada-ofrecen-este-domingo-un-concierto-en-condestable-dentro-del-ciclo-coros-en-red\\\/#primaryimage\"},\"thumbnailUrl\":\"https:\\\/\\\/www.laguiadepamplona.com\\\/actualidad\\\/wp-content\\\/uploads\\\/2018\\\/05\\\/palacio-condestable.jpg\",\"datePublished\":\"2018-10-11T09:52:56+00:00\",\"breadcrumb\":{\"@id\":\"https:\\\/\\\/www.laguiadepamplona.com\\\/actualidad\\\/los-coros-la-asuncion-de-pamplona-y-san-blas-de-burlada-ofrecen-este-domingo-un-concierto-en-condestable-dentro-del-ciclo-coros-en-red\\\/#breadcrumb\"},\"inLanguage\":\"es\",\"potentialAction\":[{\"@type\":\"ReadAction\",\"target\":[\"https:\\\/\\\/www.laguiadepamplona.com\\\/actualidad\\\/los-coros-la-asuncion-de-pamplona-y-san-blas-de-burlada-ofrecen-este-domingo-un-concierto-en-condestable-dentro-del-ciclo-coros-en-red\\\/\"]}]},{\"@type\":\"ImageObject\",\"inLanguage\":\"es\",\"@id\":\"https:\\\/\\\/www.laguiadepamplona.com\\\/actualidad\\\/los-coros-la-asuncion-de-pamplona-y-san-blas-de-burlada-ofrecen-este-domingo-un-concierto-en-condestable-dentro-del-ciclo-coros-en-red\\\/#primaryimage\",\"url\":\"https:\\\/\\\/www.laguiadepamplona.com\\\/actualidad\\\/wp-content\\\/uploads\\\/2018\\\/05\\\/palacio-condestable.jpg\",\"contentUrl\":\"https:\\\/\\\/www.laguiadepamplona.com\\\/actualidad\\\/wp-content\\\/uploads\\\/2018\\\/05\\\/palacio-condestable.jpg\",\"width\":950,\"height\":634,\"caption\":\"civivox condestable\"},{\"@type\":\"BreadcrumbList\",\"@id\":\"https:\\\/\\\/www.laguiadepamplona.com\\\/actualidad\\\/los-coros-la-asuncion-de-pamplona-y-san-blas-de-burlada-ofrecen-este-domingo-un-concierto-en-condestable-dentro-del-ciclo-coros-en-red\\\/#breadcrumb\",\"itemListElement\":[{\"@type\":\"ListItem\",\"position\":1,\"name\":\"Portada\",\"item\":\"https:\\\/\\\/www.laguiadepamplona.com\\\/actualidad\\\/\"},{\"@type\":\"ListItem\",\"position\":2,\"name\":\"Los coros La Asunci\u00f3n de Pamplona y San Blas de Burlada ofrecen este domingo un concierto en Condestable dentro del ciclo Coros en Red\"}]},{\"@type\":\"WebSite\",\"@id\":\"https:\\\/\\\/www.laguiadepamplona.com\\\/actualidad\\\/#website\",\"url\":\"https:\\\/\\\/www.laguiadepamplona.com\\\/actualidad\\\/\",\"name\":\"La gu\u00eda de Pamplona\",\"description\":\"Noticias de Pamplona\",\"publisher\":{\"@id\":\"https:\\\/\\\/www.laguiadepamplona.com\\\/actualidad\\\/#organization\"},\"potentialAction\":[{\"@type\":\"SearchAction\",\"target\":{\"@type\":\"EntryPoint\",\"urlTemplate\":\"https:\\\/\\\/www.laguiadepamplona.com\\\/actualidad\\\/?s={search_term_string}\"},\"query-input\":{\"@type\":\"PropertyValueSpecification\",\"valueRequired\":true,\"valueName\":\"search_term_string\"}}],\"inLanguage\":\"es\"},{\"@type\":\"Organization\",\"@id\":\"https:\\\/\\\/www.laguiadepamplona.com\\\/actualidad\\\/#organization\",\"name\":\"La Gu\u00eda de Pamplona \\\/ Noticias\",\"url\":\"https:\\\/\\\/www.laguiadepamplona.com\\\/actualidad\\\/\",\"logo\":{\"@type\":\"ImageObject\",\"inLanguage\":\"es\",\"@id\":\"https:\\\/\\\/www.laguiadepamplona.com\\\/actualidad\\\/#\\\/schema\\\/logo\\\/image\\\/\",\"url\":\"https:\\\/\\\/www.laguiadepamplona.com\\\/actualidad\\\/wp-content\\\/uploads\\\/2018\\\/11\\\/logo-laguiadepamplona18-web1.png\",\"contentUrl\":\"https:\\\/\\\/www.laguiadepamplona.com\\\/actualidad\\\/wp-content\\\/uploads\\\/2018\\\/11\\\/logo-laguiadepamplona18-web1.png\",\"width\":600,\"height\":196,\"caption\":\"La Gu\u00eda de Pamplona \\\/ Noticias\"},\"image\":{\"@id\":\"https:\\\/\\\/www.laguiadepamplona.com\\\/actualidad\\\/#\\\/schema\\\/logo\\\/image\\\/\"},\"sameAs\":[\"https:\\\/\\\/www.facebook.com\\\/laguiadepamplonacom-133175176762273\\\/?ref=hl\",\"https:\\\/\\\/x.com\\\/LaGuiadPamplona\",\"https:\\\/\\\/www.instagram.com\\\/la_guia_de_pamplona\\\/\",\"https:\\\/\\\/www.youtube.com\\\/user\\\/laguiadepamplona\"]},{\"@type\":\"Person\",\"@id\":\"https:\\\/\\\/www.laguiadepamplona.com\\\/actualidad\\\/#\\\/schema\\\/person\\\/efe887376f0213d4657c93adc50b1fdb\",\"name\":\"La Gu\u00eda de Pamplona\",\"image\":{\"@type\":\"ImageObject\",\"inLanguage\":\"es\",\"@id\":\"https:\\\/\\\/secure.gravatar.com\\\/avatar\\\/b6992f131dc8d30ab0dff15446e9d346d9dbd95992de0fef795073f5ea83a81c?s=96&d=mm&r=g\",\"url\":\"https:\\\/\\\/secure.gravatar.com\\\/avatar\\\/b6992f131dc8d30ab0dff15446e9d346d9dbd95992de0fef795073f5ea83a81c?s=96&d=mm&r=g\",\"contentUrl\":\"https:\\\/\\\/secure.gravatar.com\\\/avatar\\\/b6992f131dc8d30ab0dff15446e9d346d9dbd95992de0fef795073f5ea83a81c?s=96&d=mm&r=g\",\"caption\":\"La Gu\u00eda de Pamplona\"}}]}<\/script>\n<!-- \/ Yoast SEO plugin. -->","yoast_head_json":{"title":"Los coros La Asunci\u00f3n de Pamplona y San Blas de Burlada ofrecen este domingo un concierto en Condestable dentro del ciclo Coros en Red","robots":{"index":"index","follow":"follow","max-snippet":"max-snippet:-1","max-image-preview":"max-image-preview:large","max-video-preview":"max-video-preview:-1"},"canonical":"https:\/\/www.laguiadepamplona.com\/actualidad\/los-coros-la-asuncion-de-pamplona-y-san-blas-de-burlada-ofrecen-este-domingo-un-concierto-en-condestable-dentro-del-ciclo-coros-en-red\/","og_locale":"es_ES","og_type":"article","og_title":"Los coros La Asunci\u00f3n de Pamplona y San Blas de Burlada ofrecen este domingo un concierto en Condestable dentro del ciclo Coros en Red","og_description":"Las actuaciones comenzar\u00e1n a las 12.30 horas, con entrada libre hasta completar el aforo","og_url":"https:\/\/www.laguiadepamplona.com\/actualidad\/los-coros-la-asuncion-de-pamplona-y-san-blas-de-burlada-ofrecen-este-domingo-un-concierto-en-condestable-dentro-del-ciclo-coros-en-red\/","og_site_name":"La Gu\u00eda de Pamplona Noticias y actualidad","article_publisher":"https:\/\/www.facebook.com\/laguiadepamplonacom-133175176762273\/?ref=hl","article_published_time":"2018-10-11T09:52:56+00:00","og_image":[{"width":950,"height":634,"url":"https:\/\/www.laguiadepamplona.com\/actualidad\/wp-content\/uploads\/2018\/05\/palacio-condestable.jpg","type":"image\/jpeg"}],"author":"La Gu\u00eda de Pamplona","twitter_card":"summary_large_image","twitter_creator":"@LaGuiadPamplona","twitter_site":"@LaGuiadPamplona","twitter_misc":{"Escrito por":"La Gu\u00eda de Pamplona","Tiempo de lectura":"2 minutos"},"schema":{"@context":"https:\/\/schema.org","@graph":[{"@type":"Article","@id":"https:\/\/www.laguiadepamplona.com\/actualidad\/los-coros-la-asuncion-de-pamplona-y-san-blas-de-burlada-ofrecen-este-domingo-un-concierto-en-condestable-dentro-del-ciclo-coros-en-red\/#article","isPartOf":{"@id":"https:\/\/www.laguiadepamplona.com\/actualidad\/los-coros-la-asuncion-de-pamplona-y-san-blas-de-burlada-ofrecen-este-domingo-un-concierto-en-condestable-dentro-del-ciclo-coros-en-red\/"},"author":{"name":"La Gu\u00eda de Pamplona","@id":"https:\/\/www.laguiadepamplona.com\/actualidad\/#\/schema\/person\/efe887376f0213d4657c93adc50b1fdb"},"headline":"Los coros La Asunci\u00f3n de Pamplona y San Blas de Burlada ofrecen este domingo un concierto en Condestable dentro del ciclo Coros en Red","datePublished":"2018-10-11T09:52:56+00:00","mainEntityOfPage":{"@id":"https:\/\/www.laguiadepamplona.com\/actualidad\/los-coros-la-asuncion-de-pamplona-y-san-blas-de-burlada-ofrecen-este-domingo-un-concierto-en-condestable-dentro-del-ciclo-coros-en-red\/"},"wordCount":433,"commentCount":0,"publisher":{"@id":"https:\/\/www.laguiadepamplona.com\/actualidad\/#organization"},"image":{"@id":"https:\/\/www.laguiadepamplona.com\/actualidad\/los-coros-la-asuncion-de-pamplona-y-san-blas-de-burlada-ofrecen-este-domingo-un-concierto-en-condestable-dentro-del-ciclo-coros-en-red\/#primaryimage"},"thumbnailUrl":"https:\/\/www.laguiadepamplona.com\/actualidad\/wp-content\/uploads\/2018\/05\/palacio-condestable.jpg","articleSection":["Ayto Pamplona"],"inLanguage":"es","potentialAction":[{"@type":"CommentAction","name":"Comment","target":["https:\/\/www.laguiadepamplona.com\/actualidad\/los-coros-la-asuncion-de-pamplona-y-san-blas-de-burlada-ofrecen-este-domingo-un-concierto-en-condestable-dentro-del-ciclo-coros-en-red\/#respond"]}]},{"@type":"WebPage","@id":"https:\/\/www.laguiadepamplona.com\/actualidad\/los-coros-la-asuncion-de-pamplona-y-san-blas-de-burlada-ofrecen-este-domingo-un-concierto-en-condestable-dentro-del-ciclo-coros-en-red\/","url":"https:\/\/www.laguiadepamplona.com\/actualidad\/los-coros-la-asuncion-de-pamplona-y-san-blas-de-burlada-ofrecen-este-domingo-un-concierto-en-condestable-dentro-del-ciclo-coros-en-red\/","name":"Los coros La Asunci\u00f3n de Pamplona y San Blas de Burlada ofrecen este domingo un concierto en Condestable dentro del ciclo Coros en Red","isPartOf":{"@id":"https:\/\/www.laguiadepamplona.com\/actualidad\/#website"},"primaryImageOfPage":{"@id":"https:\/\/www.laguiadepamplona.com\/actualidad\/los-coros-la-asuncion-de-pamplona-y-san-blas-de-burlada-ofrecen-este-domingo-un-concierto-en-condestable-dentro-del-ciclo-coros-en-red\/#primaryimage"},"image":{"@id":"https:\/\/www.laguiadepamplona.com\/actualidad\/los-coros-la-asuncion-de-pamplona-y-san-blas-de-burlada-ofrecen-este-domingo-un-concierto-en-condestable-dentro-del-ciclo-coros-en-red\/#primaryimage"},"thumbnailUrl":"https:\/\/www.laguiadepamplona.com\/actualidad\/wp-content\/uploads\/2018\/05\/palacio-condestable.jpg","datePublished":"2018-10-11T09:52:56+00:00","breadcrumb":{"@id":"https:\/\/www.laguiadepamplona.com\/actualidad\/los-coros-la-asuncion-de-pamplona-y-san-blas-de-burlada-ofrecen-este-domingo-un-concierto-en-condestable-dentro-del-ciclo-coros-en-red\/#breadcrumb"},"inLanguage":"es","potentialAction":[{"@type":"ReadAction","target":["https:\/\/www.laguiadepamplona.com\/actualidad\/los-coros-la-asuncion-de-pamplona-y-san-blas-de-burlada-ofrecen-este-domingo-un-concierto-en-condestable-dentro-del-ciclo-coros-en-red\/"]}]},{"@type":"ImageObject","inLanguage":"es","@id":"https:\/\/www.laguiadepamplona.com\/actualidad\/los-coros-la-asuncion-de-pamplona-y-san-blas-de-burlada-ofrecen-este-domingo-un-concierto-en-condestable-dentro-del-ciclo-coros-en-red\/#primaryimage","url":"https:\/\/www.laguiadepamplona.com\/actualidad\/wp-content\/uploads\/2018\/05\/palacio-condestable.jpg","contentUrl":"https:\/\/www.laguiadepamplona.com\/actualidad\/wp-content\/uploads\/2018\/05\/palacio-condestable.jpg","width":950,"height":634,"caption":"civivox condestable"},{"@type":"BreadcrumbList","@id":"https:\/\/www.laguiadepamplona.com\/actualidad\/los-coros-la-asuncion-de-pamplona-y-san-blas-de-burlada-ofrecen-este-domingo-un-concierto-en-condestable-dentro-del-ciclo-coros-en-red\/#breadcrumb","itemListElement":[{"@type":"ListItem","position":1,"name":"Portada","item":"https:\/\/www.laguiadepamplona.com\/actualidad\/"},{"@type":"ListItem","position":2,"name":"Los coros La Asunci\u00f3n de Pamplona y San Blas de Burlada ofrecen este domingo un concierto en Condestable dentro del ciclo Coros en Red"}]},{"@type":"WebSite","@id":"https:\/\/www.laguiadepamplona.com\/actualidad\/#website","url":"https:\/\/www.laguiadepamplona.com\/actualidad\/","name":"La gu\u00eda de Pamplona","description":"Noticias de Pamplona","publisher":{"@id":"https:\/\/www.laguiadepamplona.com\/actualidad\/#organization"},"potentialAction":[{"@type":"SearchAction","target":{"@type":"EntryPoint","urlTemplate":"https:\/\/www.laguiadepamplona.com\/actualidad\/?s={search_term_string}"},"query-input":{"@type":"PropertyValueSpecification","valueRequired":true,"valueName":"search_term_string"}}],"inLanguage":"es"},{"@type":"Organization","@id":"https:\/\/www.laguiadepamplona.com\/actualidad\/#organization","name":"La Gu\u00eda de Pamplona \/ Noticias","url":"https:\/\/www.laguiadepamplona.com\/actualidad\/","logo":{"@type":"ImageObject","inLanguage":"es","@id":"https:\/\/www.laguiadepamplona.com\/actualidad\/#\/schema\/logo\/image\/","url":"https:\/\/www.laguiadepamplona.com\/actualidad\/wp-content\/uploads\/2018\/11\/logo-laguiadepamplona18-web1.png","contentUrl":"https:\/\/www.laguiadepamplona.com\/actualidad\/wp-content\/uploads\/2018\/11\/logo-laguiadepamplona18-web1.png","width":600,"height":196,"caption":"La Gu\u00eda de Pamplona \/ Noticias"},"image":{"@id":"https:\/\/www.laguiadepamplona.com\/actualidad\/#\/schema\/logo\/image\/"},"sameAs":["https:\/\/www.facebook.com\/laguiadepamplonacom-133175176762273\/?ref=hl","https:\/\/x.com\/LaGuiadPamplona","https:\/\/www.instagram.com\/la_guia_de_pamplona\/","https:\/\/www.youtube.com\/user\/laguiadepamplona"]},{"@type":"Person","@id":"https:\/\/www.laguiadepamplona.com\/actualidad\/#\/schema\/person\/efe887376f0213d4657c93adc50b1fdb","name":"La Gu\u00eda de Pamplona","image":{"@type":"ImageObject","inLanguage":"es","@id":"https:\/\/secure.gravatar.com\/avatar\/b6992f131dc8d30ab0dff15446e9d346d9dbd95992de0fef795073f5ea83a81c?s=96&d=mm&r=g","url":"https:\/\/secure.gravatar.com\/avatar\/b6992f131dc8d30ab0dff15446e9d346d9dbd95992de0fef795073f5ea83a81c?s=96&d=mm&r=g","contentUrl":"https:\/\/secure.gravatar.com\/avatar\/b6992f131dc8d30ab0dff15446e9d346d9dbd95992de0fef795073f5ea83a81c?s=96&d=mm&r=g","caption":"La Gu\u00eda de Pamplona"}}]}},"post_mailing_queue_ids":[],"_links":{"self":[{"href":"https:\/\/www.laguiadepamplona.com\/actualidad\/wp-json\/wp\/v2\/posts\/18980","targetHints":{"allow":["GET"]}}],"collection":[{"href":"https:\/\/www.laguiadepamplona.com\/actualidad\/wp-json\/wp\/v2\/posts"}],"about":[{"href":"https:\/\/www.laguiadepamplona.com\/actualidad\/wp-json\/wp\/v2\/types\/post"}],"author":[{"embeddable":true,"href":"https:\/\/www.laguiadepamplona.com\/actualidad\/wp-json\/wp\/v2\/users\/1"}],"replies":[{"embeddable":true,"href":"https:\/\/www.laguiadepamplona.com\/actualidad\/wp-json\/wp\/v2\/comments?post=18980"}],"version-history":[{"count":0,"href":"https:\/\/www.laguiadepamplona.com\/actualidad\/wp-json\/wp\/v2\/posts\/18980\/revisions"}],"wp:featuredmedia":[{"embeddable":true,"href":"https:\/\/www.laguiadepamplona.com\/actualidad\/wp-json\/wp\/v2\/media\/17390"}],"wp:attachment":[{"href":"https:\/\/www.laguiadepamplona.com\/actualidad\/wp-json\/wp\/v2\/media?parent=18980"}],"wp:term":[{"taxonomy":"category","embeddable":true,"href":"https:\/\/www.laguiadepamplona.com\/actualidad\/wp-json\/wp\/v2\/categories?post=18980"},{"taxonomy":"post_tag","embeddable":true,"href":"https:\/\/www.laguiadepamplona.com\/actualidad\/wp-json\/wp\/v2\/tags?post=18980"}],"curies":[{"name":"wp","href":"https:\/\/api.w.org\/{rel}","templated":true}]}}