{"id":18978,"date":"2018-10-11T11:51:54","date_gmt":"2018-10-11T09:51:54","guid":{"rendered":"https:\/\/www.laguiadepamplona.es\/actualidad\/?p=18978"},"modified":"2018-10-11T11:51:54","modified_gmt":"2018-10-11T09:51:54","slug":"el-consistorio-convoca-para-este-proximos-martes-el-taller-asociazone-un-viaje-practico-por-las-asociaciones-juveniles-de-la-a-a-la-z","status":"publish","type":"post","link":"https:\/\/www.laguiadepamplona.com\/actualidad\/el-consistorio-convoca-para-este-proximos-martes-el-taller-asociazone-un-viaje-practico-por-las-asociaciones-juveniles-de-la-a-a-la-z\/","title":{"rendered":"El Consistorio convoca para este pr\u00f3ximos martes el taller AsociaZone: un viaje pr\u00e1ctico por las asociaciones juveniles, de la A a la Z"},"content":{"rendered":"<h3>Ser\u00e1 una sesi\u00f3n para dar a conocer la nueva edici\u00f3n de la gu\u00eda de asociaciones juveniles del Ayuntamiento de Pamplona<\/h3>\n<p><!--more--><\/p>\n<p>En pamplona hay 88 asociaciones juveniles registradas. Para ellas, y para las que se puedan constituir en un futuro, el Ayuntamiento de Pamplona present\u00f3 el pasado mes de junio la reedici\u00f3n de la Gu\u00eda para la Constituci\u00f3n y Gesti\u00f3n de Asociaciones Juveniles, un instrumento pr\u00e1ctico para agilizar y facilitar la tramitaci\u00f3n con el objetivo de apoyar la creaci\u00f3n y desarrollo de asociaciones juveniles.<\/p>\n<p>Para conocer de forma m\u00e1s directa, tanto la gu\u00eda, como los recursos a ella asociados y los cambios legislativos que se han producido en el panorama del asociacionismo, el Ayuntamiento de Pamplona ha organizado un taller pr\u00e1ctico el pr\u00f3ximo 16 de octubre en la Casa de la Juventud. Tendr\u00e1 lugar entre las 18.30 y las 20 horas y la entrada a la sesi\u00f3n ser\u00e1 libre. El taller lo impartir\u00e1 de forma pr\u00e1ctica Ana Bel\u00e9n Albero D\u00edaz, licenciada en Derecho y m\u00e1ster en Gesti\u00f3n Directiva de Organizaciones sin \u00e1nimo de lucro, adem\u00e1s de responsable de las asesor\u00edas Jur\u00eddica y de Asociacionismo de la Casa de la Juventud. Albero D\u00edaz es la autora de la gu\u00eda.<\/p>\n<p><script async src=\"\/\/pagead2.googlesyndication.com\/pagead\/js\/adsbygoogle.js\"><\/script><br \/>\n<!-- Noticias La Guia de Pamplona --><br \/>\n<ins class=\"adsbygoogle\"\nstyle=\"display:block\"\ndata-ad-client=\"ca-pub-6943679897239327\"\ndata-ad-slot=\"7048180777\"\ndata-ad-format=\"auto\"><\/ins><br \/>\n<script>\n(adsbygoogle = window.adsbygoogle || []).push({});\n<\/script><\/p>\n<p>Si la primera gu\u00eda, realizada en 2014, obtuvo m\u00e1s de 11.000 descargas, de esta nueva edici\u00f3n se han impreso un total de 300 ejemplares biling\u00fces. Adem\u00e1s, est\u00e1 disponible para su descarga libre en www.pamplona.es y <a href=\"http:\/\/www.pamplonajoven.es\/\" target=\"_blank\" rel=\"noopener\">www.pamplonajoven.es<\/a>. Desde el 5 de junio la gu\u00eda ha sido descargada en 231 ocasions<\/p>\n<p><strong>129 consultas a la Asesor\u00eda de Asociacionismo<\/strong><\/p>\n<p>La gu\u00eda es un recurso municipal que permite la autogesti\u00f3n de las asociaciones juveniles, el objetivo \u00faltimo por el que trabaja la Asesor\u00eda de Asociacionismo de la Casa de la Juventud que, adem\u00e1s de crear materiales como este, ofrece otro tipo de servicios, incluida la consulta individualizada. La de Asociacionismo es una de las cuatro asesor\u00edas especializadas tem\u00e1ticamente y destinados a j\u00f3venes con las que cuenta la Casa.<\/p>\n<p>En ella j\u00f3venes universitarios en pr\u00e1cticas, supervisados por la responsable de la asor\u00eda, prestan orientaci\u00f3n jur\u00eddica gratuita a j\u00f3venes y a entidades sin \u00e1nimo de lucro en materias relacionadas con la creaci\u00f3n, funcionamiento y desarrollo de las asociaciones juveniles, desde la gesti\u00f3n contable o fiscal del colectivo, hasta lo relativo a recursos humanos, voluntariado, elaboraci\u00f3n de proyectos, solicitud de subvenciones, etc. Son alumnos del M\u00e1ster de Acceso a la Abogac\u00eda de la Universidad P\u00fablica de Navarra que realizan orientacion de forma presencial, telef\u00f3nica o a trav\u00e9s del correo electr\u00f3nico <a href=\"mailto:asociacionismo@casajuventud.com\">asociacionismo@casajuventud.com<\/a>. El horario de funcionamiento del servicio es los mi\u00e9rcoles de 12 a 14 horas. En lo que va de a\u00f1o la asesor\u00eda ha recibido 129 consultas.<\/p>\n<p>La Asesor\u00eda de Asociacionismo de la Casa cuenta, adem\u00e1s, con acceso herramientas de formaci\u00f3n y conocimiento en esos temas, a modelos de documentos o herramientas de gesti\u00f3n para el d\u00eda a d\u00eda de las entidades etc. Entre estos \u00faltimos materiales, aunque en este caso con vocaci\u00f3n global, se enmarca la gu\u00eda.<\/p>\n<p>&nbsp;<\/p>\n","protected":false},"excerpt":{"rendered":"<p>Ser\u00e1 una sesi\u00f3n para dar a conocer la nueva edici\u00f3n de la gu\u00eda de asociaciones juveniles del Ayuntamiento de Pamplona<\/p>\n","protected":false},"author":1,"featured_media":13864,"comment_status":"open","ping_status":"closed","sticky":false,"template":"","format":"standard","meta":{"footnotes":""},"categories":[2],"tags":[],"class_list":["post-18978","post","type-post","status-publish","format-standard","has-post-thumbnail","hentry","category-ayuntamiento-pamplona"],"yoast_head":"<!-- This site is optimized with the Yoast SEO plugin v27.9 - https:\/\/yoast.com\/product\/yoast-seo-wordpress\/ -->\n<title>El Consistorio convoca para este pr\u00f3ximos martes el taller AsociaZone: un viaje pr\u00e1ctico por las asociaciones juveniles, de la A a la Z<\/title>\n<meta name=\"robots\" content=\"index, follow, max-snippet:-1, max-image-preview:large, max-video-preview:-1\" \/>\n<link rel=\"canonical\" href=\"https:\/\/www.laguiadepamplona.com\/actualidad\/el-consistorio-convoca-para-este-proximos-martes-el-taller-asociazone-un-viaje-practico-por-las-asociaciones-juveniles-de-la-a-a-la-z\/\" \/>\n<meta property=\"og:locale\" content=\"es_ES\" \/>\n<meta property=\"og:type\" content=\"article\" \/>\n<meta property=\"og:title\" content=\"El Consistorio convoca para este pr\u00f3ximos martes el taller AsociaZone: un viaje pr\u00e1ctico por las asociaciones juveniles, de la A a la Z\" \/>\n<meta property=\"og:description\" content=\"Ser\u00e1 una sesi\u00f3n para dar a conocer la nueva edici\u00f3n de la gu\u00eda de asociaciones juveniles del Ayuntamiento de Pamplona\" \/>\n<meta property=\"og:url\" content=\"https:\/\/www.laguiadepamplona.com\/actualidad\/el-consistorio-convoca-para-este-proximos-martes-el-taller-asociazone-un-viaje-practico-por-las-asociaciones-juveniles-de-la-a-a-la-z\/\" \/>\n<meta property=\"og:site_name\" content=\"La Gu\u00eda de Pamplona Noticias y actualidad\" \/>\n<meta property=\"article:publisher\" content=\"https:\/\/www.facebook.com\/laguiadepamplonacom-133175176762273\/?ref=hl\" \/>\n<meta property=\"article:published_time\" content=\"2018-10-11T09:51:54+00:00\" \/>\n<meta property=\"og:image\" content=\"https:\/\/www.laguiadepamplona.com\/actualidad\/wp-content\/uploads\/2017\/08\/cada_dia_plan_juventud.jpg\" \/>\n\t<meta property=\"og:image:width\" content=\"1000\" \/>\n\t<meta property=\"og:image:height\" content=\"527\" \/>\n\t<meta property=\"og:image:type\" content=\"image\/jpeg\" \/>\n<meta name=\"author\" content=\"La Gu\u00eda de Pamplona\" \/>\n<meta name=\"twitter:card\" content=\"summary_large_image\" \/>\n<meta name=\"twitter:creator\" content=\"@LaGuiadPamplona\" \/>\n<meta name=\"twitter:site\" content=\"@LaGuiadPamplona\" \/>\n<meta name=\"twitter:label1\" content=\"Escrito por\" \/>\n\t<meta name=\"twitter:data1\" content=\"La Gu\u00eda de Pamplona\" \/>\n\t<meta name=\"twitter:label2\" content=\"Tiempo de lectura\" \/>\n\t<meta name=\"twitter:data2\" content=\"3 minutos\" \/>\n<script type=\"application\/ld+json\" class=\"yoast-schema-graph\">{\"@context\":\"https:\\\/\\\/schema.org\",\"@graph\":[{\"@type\":\"Article\",\"@id\":\"https:\\\/\\\/www.laguiadepamplona.com\\\/actualidad\\\/el-consistorio-convoca-para-este-proximos-martes-el-taller-asociazone-un-viaje-practico-por-las-asociaciones-juveniles-de-la-a-a-la-z\\\/#article\",\"isPartOf\":{\"@id\":\"https:\\\/\\\/www.laguiadepamplona.com\\\/actualidad\\\/el-consistorio-convoca-para-este-proximos-martes-el-taller-asociazone-un-viaje-practico-por-las-asociaciones-juveniles-de-la-a-a-la-z\\\/\"},\"author\":{\"name\":\"La Gu\u00eda de Pamplona\",\"@id\":\"https:\\\/\\\/www.laguiadepamplona.com\\\/actualidad\\\/#\\\/schema\\\/person\\\/efe887376f0213d4657c93adc50b1fdb\"},\"headline\":\"El Consistorio convoca para este pr\u00f3ximos martes el taller AsociaZone: un viaje pr\u00e1ctico por las asociaciones juveniles, de la A a la Z\",\"datePublished\":\"2018-10-11T09:51:54+00:00\",\"mainEntityOfPage\":{\"@id\":\"https:\\\/\\\/www.laguiadepamplona.com\\\/actualidad\\\/el-consistorio-convoca-para-este-proximos-martes-el-taller-asociazone-un-viaje-practico-por-las-asociaciones-juveniles-de-la-a-a-la-z\\\/\"},\"wordCount\":572,\"commentCount\":0,\"publisher\":{\"@id\":\"https:\\\/\\\/www.laguiadepamplona.com\\\/actualidad\\\/#organization\"},\"image\":{\"@id\":\"https:\\\/\\\/www.laguiadepamplona.com\\\/actualidad\\\/el-consistorio-convoca-para-este-proximos-martes-el-taller-asociazone-un-viaje-practico-por-las-asociaciones-juveniles-de-la-a-a-la-z\\\/#primaryimage\"},\"thumbnailUrl\":\"https:\\\/\\\/www.laguiadepamplona.com\\\/actualidad\\\/wp-content\\\/uploads\\\/2017\\\/08\\\/cada_dia_plan_juventud.jpg\",\"articleSection\":[\"Ayto Pamplona\"],\"inLanguage\":\"es\",\"potentialAction\":[{\"@type\":\"CommentAction\",\"name\":\"Comment\",\"target\":[\"https:\\\/\\\/www.laguiadepamplona.com\\\/actualidad\\\/el-consistorio-convoca-para-este-proximos-martes-el-taller-asociazone-un-viaje-practico-por-las-asociaciones-juveniles-de-la-a-a-la-z\\\/#respond\"]}]},{\"@type\":\"WebPage\",\"@id\":\"https:\\\/\\\/www.laguiadepamplona.com\\\/actualidad\\\/el-consistorio-convoca-para-este-proximos-martes-el-taller-asociazone-un-viaje-practico-por-las-asociaciones-juveniles-de-la-a-a-la-z\\\/\",\"url\":\"https:\\\/\\\/www.laguiadepamplona.com\\\/actualidad\\\/el-consistorio-convoca-para-este-proximos-martes-el-taller-asociazone-un-viaje-practico-por-las-asociaciones-juveniles-de-la-a-a-la-z\\\/\",\"name\":\"El Consistorio convoca para este pr\u00f3ximos martes el taller AsociaZone: un viaje pr\u00e1ctico por las asociaciones juveniles, de la A a la Z\",\"isPartOf\":{\"@id\":\"https:\\\/\\\/www.laguiadepamplona.com\\\/actualidad\\\/#website\"},\"primaryImageOfPage\":{\"@id\":\"https:\\\/\\\/www.laguiadepamplona.com\\\/actualidad\\\/el-consistorio-convoca-para-este-proximos-martes-el-taller-asociazone-un-viaje-practico-por-las-asociaciones-juveniles-de-la-a-a-la-z\\\/#primaryimage\"},\"image\":{\"@id\":\"https:\\\/\\\/www.laguiadepamplona.com\\\/actualidad\\\/el-consistorio-convoca-para-este-proximos-martes-el-taller-asociazone-un-viaje-practico-por-las-asociaciones-juveniles-de-la-a-a-la-z\\\/#primaryimage\"},\"thumbnailUrl\":\"https:\\\/\\\/www.laguiadepamplona.com\\\/actualidad\\\/wp-content\\\/uploads\\\/2017\\\/08\\\/cada_dia_plan_juventud.jpg\",\"datePublished\":\"2018-10-11T09:51:54+00:00\",\"breadcrumb\":{\"@id\":\"https:\\\/\\\/www.laguiadepamplona.com\\\/actualidad\\\/el-consistorio-convoca-para-este-proximos-martes-el-taller-asociazone-un-viaje-practico-por-las-asociaciones-juveniles-de-la-a-a-la-z\\\/#breadcrumb\"},\"inLanguage\":\"es\",\"potentialAction\":[{\"@type\":\"ReadAction\",\"target\":[\"https:\\\/\\\/www.laguiadepamplona.com\\\/actualidad\\\/el-consistorio-convoca-para-este-proximos-martes-el-taller-asociazone-un-viaje-practico-por-las-asociaciones-juveniles-de-la-a-a-la-z\\\/\"]}]},{\"@type\":\"ImageObject\",\"inLanguage\":\"es\",\"@id\":\"https:\\\/\\\/www.laguiadepamplona.com\\\/actualidad\\\/el-consistorio-convoca-para-este-proximos-martes-el-taller-asociazone-un-viaje-practico-por-las-asociaciones-juveniles-de-la-a-a-la-z\\\/#primaryimage\",\"url\":\"https:\\\/\\\/www.laguiadepamplona.com\\\/actualidad\\\/wp-content\\\/uploads\\\/2017\\\/08\\\/cada_dia_plan_juventud.jpg\",\"contentUrl\":\"https:\\\/\\\/www.laguiadepamplona.com\\\/actualidad\\\/wp-content\\\/uploads\\\/2017\\\/08\\\/cada_dia_plan_juventud.jpg\",\"width\":1000,\"height\":527},{\"@type\":\"BreadcrumbList\",\"@id\":\"https:\\\/\\\/www.laguiadepamplona.com\\\/actualidad\\\/el-consistorio-convoca-para-este-proximos-martes-el-taller-asociazone-un-viaje-practico-por-las-asociaciones-juveniles-de-la-a-a-la-z\\\/#breadcrumb\",\"itemListElement\":[{\"@type\":\"ListItem\",\"position\":1,\"name\":\"Portada\",\"item\":\"https:\\\/\\\/www.laguiadepamplona.com\\\/actualidad\\\/\"},{\"@type\":\"ListItem\",\"position\":2,\"name\":\"El Consistorio convoca para este pr\u00f3ximos martes el taller AsociaZone: un viaje pr\u00e1ctico por las asociaciones juveniles, de la A a la Z\"}]},{\"@type\":\"WebSite\",\"@id\":\"https:\\\/\\\/www.laguiadepamplona.com\\\/actualidad\\\/#website\",\"url\":\"https:\\\/\\\/www.laguiadepamplona.com\\\/actualidad\\\/\",\"name\":\"La gu\u00eda de Pamplona\",\"description\":\"Noticias de Pamplona\",\"publisher\":{\"@id\":\"https:\\\/\\\/www.laguiadepamplona.com\\\/actualidad\\\/#organization\"},\"potentialAction\":[{\"@type\":\"SearchAction\",\"target\":{\"@type\":\"EntryPoint\",\"urlTemplate\":\"https:\\\/\\\/www.laguiadepamplona.com\\\/actualidad\\\/?s={search_term_string}\"},\"query-input\":{\"@type\":\"PropertyValueSpecification\",\"valueRequired\":true,\"valueName\":\"search_term_string\"}}],\"inLanguage\":\"es\"},{\"@type\":\"Organization\",\"@id\":\"https:\\\/\\\/www.laguiadepamplona.com\\\/actualidad\\\/#organization\",\"name\":\"La Gu\u00eda de Pamplona \\\/ Noticias\",\"url\":\"https:\\\/\\\/www.laguiadepamplona.com\\\/actualidad\\\/\",\"logo\":{\"@type\":\"ImageObject\",\"inLanguage\":\"es\",\"@id\":\"https:\\\/\\\/www.laguiadepamplona.com\\\/actualidad\\\/#\\\/schema\\\/logo\\\/image\\\/\",\"url\":\"https:\\\/\\\/www.laguiadepamplona.com\\\/actualidad\\\/wp-content\\\/uploads\\\/2018\\\/11\\\/logo-laguiadepamplona18-web1.png\",\"contentUrl\":\"https:\\\/\\\/www.laguiadepamplona.com\\\/actualidad\\\/wp-content\\\/uploads\\\/2018\\\/11\\\/logo-laguiadepamplona18-web1.png\",\"width\":600,\"height\":196,\"caption\":\"La Gu\u00eda de Pamplona \\\/ Noticias\"},\"image\":{\"@id\":\"https:\\\/\\\/www.laguiadepamplona.com\\\/actualidad\\\/#\\\/schema\\\/logo\\\/image\\\/\"},\"sameAs\":[\"https:\\\/\\\/www.facebook.com\\\/laguiadepamplonacom-133175176762273\\\/?ref=hl\",\"https:\\\/\\\/x.com\\\/LaGuiadPamplona\",\"https:\\\/\\\/www.instagram.com\\\/la_guia_de_pamplona\\\/\",\"https:\\\/\\\/www.youtube.com\\\/user\\\/laguiadepamplona\"]},{\"@type\":\"Person\",\"@id\":\"https:\\\/\\\/www.laguiadepamplona.com\\\/actualidad\\\/#\\\/schema\\\/person\\\/efe887376f0213d4657c93adc50b1fdb\",\"name\":\"La Gu\u00eda de Pamplona\",\"image\":{\"@type\":\"ImageObject\",\"inLanguage\":\"es\",\"@id\":\"https:\\\/\\\/secure.gravatar.com\\\/avatar\\\/b6992f131dc8d30ab0dff15446e9d346d9dbd95992de0fef795073f5ea83a81c?s=96&d=mm&r=g\",\"url\":\"https:\\\/\\\/secure.gravatar.com\\\/avatar\\\/b6992f131dc8d30ab0dff15446e9d346d9dbd95992de0fef795073f5ea83a81c?s=96&d=mm&r=g\",\"contentUrl\":\"https:\\\/\\\/secure.gravatar.com\\\/avatar\\\/b6992f131dc8d30ab0dff15446e9d346d9dbd95992de0fef795073f5ea83a81c?s=96&d=mm&r=g\",\"caption\":\"La Gu\u00eda de Pamplona\"}}]}<\/script>\n<!-- \/ Yoast SEO plugin. -->","yoast_head_json":{"title":"El Consistorio convoca para este pr\u00f3ximos martes el taller AsociaZone: un viaje pr\u00e1ctico por las asociaciones juveniles, de la A a la Z","robots":{"index":"index","follow":"follow","max-snippet":"max-snippet:-1","max-image-preview":"max-image-preview:large","max-video-preview":"max-video-preview:-1"},"canonical":"https:\/\/www.laguiadepamplona.com\/actualidad\/el-consistorio-convoca-para-este-proximos-martes-el-taller-asociazone-un-viaje-practico-por-las-asociaciones-juveniles-de-la-a-a-la-z\/","og_locale":"es_ES","og_type":"article","og_title":"El Consistorio convoca para este pr\u00f3ximos martes el taller AsociaZone: un viaje pr\u00e1ctico por las asociaciones juveniles, de la A a la Z","og_description":"Ser\u00e1 una sesi\u00f3n para dar a conocer la nueva edici\u00f3n de la gu\u00eda de asociaciones juveniles del Ayuntamiento de Pamplona","og_url":"https:\/\/www.laguiadepamplona.com\/actualidad\/el-consistorio-convoca-para-este-proximos-martes-el-taller-asociazone-un-viaje-practico-por-las-asociaciones-juveniles-de-la-a-a-la-z\/","og_site_name":"La Gu\u00eda de Pamplona Noticias y actualidad","article_publisher":"https:\/\/www.facebook.com\/laguiadepamplonacom-133175176762273\/?ref=hl","article_published_time":"2018-10-11T09:51:54+00:00","og_image":[{"width":1000,"height":527,"url":"https:\/\/www.laguiadepamplona.com\/actualidad\/wp-content\/uploads\/2017\/08\/cada_dia_plan_juventud.jpg","type":"image\/jpeg"}],"author":"La Gu\u00eda de Pamplona","twitter_card":"summary_large_image","twitter_creator":"@LaGuiadPamplona","twitter_site":"@LaGuiadPamplona","twitter_misc":{"Escrito por":"La Gu\u00eda de Pamplona","Tiempo de lectura":"3 minutos"},"schema":{"@context":"https:\/\/schema.org","@graph":[{"@type":"Article","@id":"https:\/\/www.laguiadepamplona.com\/actualidad\/el-consistorio-convoca-para-este-proximos-martes-el-taller-asociazone-un-viaje-practico-por-las-asociaciones-juveniles-de-la-a-a-la-z\/#article","isPartOf":{"@id":"https:\/\/www.laguiadepamplona.com\/actualidad\/el-consistorio-convoca-para-este-proximos-martes-el-taller-asociazone-un-viaje-practico-por-las-asociaciones-juveniles-de-la-a-a-la-z\/"},"author":{"name":"La Gu\u00eda de Pamplona","@id":"https:\/\/www.laguiadepamplona.com\/actualidad\/#\/schema\/person\/efe887376f0213d4657c93adc50b1fdb"},"headline":"El Consistorio convoca para este pr\u00f3ximos martes el taller AsociaZone: un viaje pr\u00e1ctico por las asociaciones juveniles, de la A a la Z","datePublished":"2018-10-11T09:51:54+00:00","mainEntityOfPage":{"@id":"https:\/\/www.laguiadepamplona.com\/actualidad\/el-consistorio-convoca-para-este-proximos-martes-el-taller-asociazone-un-viaje-practico-por-las-asociaciones-juveniles-de-la-a-a-la-z\/"},"wordCount":572,"commentCount":0,"publisher":{"@id":"https:\/\/www.laguiadepamplona.com\/actualidad\/#organization"},"image":{"@id":"https:\/\/www.laguiadepamplona.com\/actualidad\/el-consistorio-convoca-para-este-proximos-martes-el-taller-asociazone-un-viaje-practico-por-las-asociaciones-juveniles-de-la-a-a-la-z\/#primaryimage"},"thumbnailUrl":"https:\/\/www.laguiadepamplona.com\/actualidad\/wp-content\/uploads\/2017\/08\/cada_dia_plan_juventud.jpg","articleSection":["Ayto Pamplona"],"inLanguage":"es","potentialAction":[{"@type":"CommentAction","name":"Comment","target":["https:\/\/www.laguiadepamplona.com\/actualidad\/el-consistorio-convoca-para-este-proximos-martes-el-taller-asociazone-un-viaje-practico-por-las-asociaciones-juveniles-de-la-a-a-la-z\/#respond"]}]},{"@type":"WebPage","@id":"https:\/\/www.laguiadepamplona.com\/actualidad\/el-consistorio-convoca-para-este-proximos-martes-el-taller-asociazone-un-viaje-practico-por-las-asociaciones-juveniles-de-la-a-a-la-z\/","url":"https:\/\/www.laguiadepamplona.com\/actualidad\/el-consistorio-convoca-para-este-proximos-martes-el-taller-asociazone-un-viaje-practico-por-las-asociaciones-juveniles-de-la-a-a-la-z\/","name":"El Consistorio convoca para este pr\u00f3ximos martes el taller AsociaZone: un viaje pr\u00e1ctico por las asociaciones juveniles, de la A a la Z","isPartOf":{"@id":"https:\/\/www.laguiadepamplona.com\/actualidad\/#website"},"primaryImageOfPage":{"@id":"https:\/\/www.laguiadepamplona.com\/actualidad\/el-consistorio-convoca-para-este-proximos-martes-el-taller-asociazone-un-viaje-practico-por-las-asociaciones-juveniles-de-la-a-a-la-z\/#primaryimage"},"image":{"@id":"https:\/\/www.laguiadepamplona.com\/actualidad\/el-consistorio-convoca-para-este-proximos-martes-el-taller-asociazone-un-viaje-practico-por-las-asociaciones-juveniles-de-la-a-a-la-z\/#primaryimage"},"thumbnailUrl":"https:\/\/www.laguiadepamplona.com\/actualidad\/wp-content\/uploads\/2017\/08\/cada_dia_plan_juventud.jpg","datePublished":"2018-10-11T09:51:54+00:00","breadcrumb":{"@id":"https:\/\/www.laguiadepamplona.com\/actualidad\/el-consistorio-convoca-para-este-proximos-martes-el-taller-asociazone-un-viaje-practico-por-las-asociaciones-juveniles-de-la-a-a-la-z\/#breadcrumb"},"inLanguage":"es","potentialAction":[{"@type":"ReadAction","target":["https:\/\/www.laguiadepamplona.com\/actualidad\/el-consistorio-convoca-para-este-proximos-martes-el-taller-asociazone-un-viaje-practico-por-las-asociaciones-juveniles-de-la-a-a-la-z\/"]}]},{"@type":"ImageObject","inLanguage":"es","@id":"https:\/\/www.laguiadepamplona.com\/actualidad\/el-consistorio-convoca-para-este-proximos-martes-el-taller-asociazone-un-viaje-practico-por-las-asociaciones-juveniles-de-la-a-a-la-z\/#primaryimage","url":"https:\/\/www.laguiadepamplona.com\/actualidad\/wp-content\/uploads\/2017\/08\/cada_dia_plan_juventud.jpg","contentUrl":"https:\/\/www.laguiadepamplona.com\/actualidad\/wp-content\/uploads\/2017\/08\/cada_dia_plan_juventud.jpg","width":1000,"height":527},{"@type":"BreadcrumbList","@id":"https:\/\/www.laguiadepamplona.com\/actualidad\/el-consistorio-convoca-para-este-proximos-martes-el-taller-asociazone-un-viaje-practico-por-las-asociaciones-juveniles-de-la-a-a-la-z\/#breadcrumb","itemListElement":[{"@type":"ListItem","position":1,"name":"Portada","item":"https:\/\/www.laguiadepamplona.com\/actualidad\/"},{"@type":"ListItem","position":2,"name":"El Consistorio convoca para este pr\u00f3ximos martes el taller AsociaZone: un viaje pr\u00e1ctico por las asociaciones juveniles, de la A a la Z"}]},{"@type":"WebSite","@id":"https:\/\/www.laguiadepamplona.com\/actualidad\/#website","url":"https:\/\/www.laguiadepamplona.com\/actualidad\/","name":"La gu\u00eda de Pamplona","description":"Noticias de Pamplona","publisher":{"@id":"https:\/\/www.laguiadepamplona.com\/actualidad\/#organization"},"potentialAction":[{"@type":"SearchAction","target":{"@type":"EntryPoint","urlTemplate":"https:\/\/www.laguiadepamplona.com\/actualidad\/?s={search_term_string}"},"query-input":{"@type":"PropertyValueSpecification","valueRequired":true,"valueName":"search_term_string"}}],"inLanguage":"es"},{"@type":"Organization","@id":"https:\/\/www.laguiadepamplona.com\/actualidad\/#organization","name":"La Gu\u00eda de Pamplona \/ Noticias","url":"https:\/\/www.laguiadepamplona.com\/actualidad\/","logo":{"@type":"ImageObject","inLanguage":"es","@id":"https:\/\/www.laguiadepamplona.com\/actualidad\/#\/schema\/logo\/image\/","url":"https:\/\/www.laguiadepamplona.com\/actualidad\/wp-content\/uploads\/2018\/11\/logo-laguiadepamplona18-web1.png","contentUrl":"https:\/\/www.laguiadepamplona.com\/actualidad\/wp-content\/uploads\/2018\/11\/logo-laguiadepamplona18-web1.png","width":600,"height":196,"caption":"La Gu\u00eda de Pamplona \/ Noticias"},"image":{"@id":"https:\/\/www.laguiadepamplona.com\/actualidad\/#\/schema\/logo\/image\/"},"sameAs":["https:\/\/www.facebook.com\/laguiadepamplonacom-133175176762273\/?ref=hl","https:\/\/x.com\/LaGuiadPamplona","https:\/\/www.instagram.com\/la_guia_de_pamplona\/","https:\/\/www.youtube.com\/user\/laguiadepamplona"]},{"@type":"Person","@id":"https:\/\/www.laguiadepamplona.com\/actualidad\/#\/schema\/person\/efe887376f0213d4657c93adc50b1fdb","name":"La Gu\u00eda de Pamplona","image":{"@type":"ImageObject","inLanguage":"es","@id":"https:\/\/secure.gravatar.com\/avatar\/b6992f131dc8d30ab0dff15446e9d346d9dbd95992de0fef795073f5ea83a81c?s=96&d=mm&r=g","url":"https:\/\/secure.gravatar.com\/avatar\/b6992f131dc8d30ab0dff15446e9d346d9dbd95992de0fef795073f5ea83a81c?s=96&d=mm&r=g","contentUrl":"https:\/\/secure.gravatar.com\/avatar\/b6992f131dc8d30ab0dff15446e9d346d9dbd95992de0fef795073f5ea83a81c?s=96&d=mm&r=g","caption":"La Gu\u00eda de Pamplona"}}]}},"post_mailing_queue_ids":[],"_links":{"self":[{"href":"https:\/\/www.laguiadepamplona.com\/actualidad\/wp-json\/wp\/v2\/posts\/18978","targetHints":{"allow":["GET"]}}],"collection":[{"href":"https:\/\/www.laguiadepamplona.com\/actualidad\/wp-json\/wp\/v2\/posts"}],"about":[{"href":"https:\/\/www.laguiadepamplona.com\/actualidad\/wp-json\/wp\/v2\/types\/post"}],"author":[{"embeddable":true,"href":"https:\/\/www.laguiadepamplona.com\/actualidad\/wp-json\/wp\/v2\/users\/1"}],"replies":[{"embeddable":true,"href":"https:\/\/www.laguiadepamplona.com\/actualidad\/wp-json\/wp\/v2\/comments?post=18978"}],"version-history":[{"count":0,"href":"https:\/\/www.laguiadepamplona.com\/actualidad\/wp-json\/wp\/v2\/posts\/18978\/revisions"}],"wp:featuredmedia":[{"embeddable":true,"href":"https:\/\/www.laguiadepamplona.com\/actualidad\/wp-json\/wp\/v2\/media\/13864"}],"wp:attachment":[{"href":"https:\/\/www.laguiadepamplona.com\/actualidad\/wp-json\/wp\/v2\/media?parent=18978"}],"wp:term":[{"taxonomy":"category","embeddable":true,"href":"https:\/\/www.laguiadepamplona.com\/actualidad\/wp-json\/wp\/v2\/categories?post=18978"},{"taxonomy":"post_tag","embeddable":true,"href":"https:\/\/www.laguiadepamplona.com\/actualidad\/wp-json\/wp\/v2\/tags?post=18978"}],"curies":[{"name":"wp","href":"https:\/\/api.w.org\/{rel}","templated":true}]}}