{"id":18973,"date":"2018-10-10T17:41:05","date_gmt":"2018-10-10T15:41:05","guid":{"rendered":"https:\/\/www.laguiadepamplona.es\/actualidad\/?p=18973"},"modified":"2018-10-10T17:41:05","modified_gmt":"2018-10-10T15:41:05","slug":"el-ayuntamiento-se-une-manana-miercoles-al-dia-internacional-para-salir-del-armario-con-la-realizacion-de-una-performance-que-gira-en-tono-a-ese-concepto","status":"publish","type":"post","link":"https:\/\/www.laguiadepamplona.com\/actualidad\/el-ayuntamiento-se-une-manana-miercoles-al-dia-internacional-para-salir-del-armario-con-la-realizacion-de-una-performance-que-gira-en-tono-a-ese-concepto\/","title":{"rendered":"El Ayuntamiento se une, ma\u00f1ana mi\u00e9rcoles, al D\u00eda Internacional para Salir del Armario con la realizaci\u00f3n de una performance que gira en tono a ese concepto"},"content":{"rendered":"<h3>Se instalar\u00e1 un armario en los alrededores del estadio del Sadar para concienciar espec\u00edficamente sobre la LGTBIfobia en el deporte<\/h3>\n<p><!--more--><\/p>\n<p>El Ayuntamiento de Pamplona celebrar\u00e1 el jueves, 11 de octubre, al \u2018D\u00eda Internacional para Salir del Armario\u2019 con la colocaci\u00f3n de un armario negro en la calle Sadar. Se ha elegido las inmediaciones del estadio de f\u00fatbol precisamente para concienciar sobre la LGTBIfobia en el deporte, ya que seg\u00fan los datos de la Agrupaci\u00f3n deportiva Ib\u00e9rica LGTBI el \u00e1mbito deportivo es uno de los espacios en los que se siguen produciendo actitudes LGTBIf\u00f3bicas.<\/p>\n<p><script async src=\"\/\/pagead2.googlesyndication.com\/pagead\/js\/adsbygoogle.js\"><\/script><br \/>\n<!-- Noticias La Guia de Pamplona --><br \/>\n<ins class=\"adsbygoogle\"\nstyle=\"display:block\"\ndata-ad-client=\"ca-pub-6943679897239327\"\ndata-ad-slot=\"7048180777\"\ndata-ad-format=\"auto\"><\/ins><br \/>\n<script>\n(adsbygoogle = window.adsbygoogle || []).push({});\n<\/script><\/p>\n<p>El armario estar\u00e1 instalado del 11 de octubre al 15 de octubre y, como en la performance realizada el a\u00f1o pasado en la plaza del Castillo, permite realizar el acto de entrar y salir siguiendo la acu\u00f1ada expresi\u00f3n coloquial que se refiere al paso importante de hacer visible la diversidad de las personas. Cuando se abren sus puertas en su interior se aprecian los colores arcoiris de la bandera LGTBI y la estructura est\u00e1 hecha de un material que permite escribir con un rotulador, para que la gente pueda dejar all\u00ed sus ideas, percepciones, etc.<\/p>\n<p>El D\u00eda Internacional para Salir del Armario nace de una marcha realizada en 1988 en Washington a favor de los derechos de la comunidad LGTB (Lesbianas, Gays, Transexuales y Bisexuales) y a la que acudieron personas de todos los Estados Unidos. El objetivo de esta celebraci\u00f3n es reclamar la importancia de hacer visible la orientaci\u00f3n sexual, expresi\u00f3n de g\u00e9nero e identidad sexual o de g\u00e9nero de las personas y concienciar a la ciudadan\u00eda sobre la necesidad de luchar contra la LGTBI fobia.<\/p>\n<p><strong>Algunos datos de la LGTBI fobia en el deporte<\/strong><\/p>\n<p>El trabajo en el mundo del deporte se proyecta en dos n\u00facleos: las personas asistentes a campeonatos, encuentros o partidos y los propios deportistas. Seg\u00fan un informe del a\u00f1o 2012 de la asociaci\u00f3n escocesa Equality Network\u00a0 un 50% de las personas que acuden a partidos partidos de f\u00fatbol hab\u00eda sido testigo de comportamientos homof\u00f3bicos en la grada (un 98% de ellos de car\u00e1cter verbal).<\/p>\n<p>Pero, adem\u00e1s, los deportistas como colectivo tienen m\u00e1s problemas que otras figuras p\u00fablicas a la hora de hablar sobre su orientaci\u00f3n sexual o identidad de g\u00e9nero, algo que se produce en todo el mundo. De hecho, como ejemplo, seg\u00fan los datos de la Agrupaci\u00f3n deportiva Ib\u00e9rica LGTBI, hasta 2013 ning\u00fan jugador en activo en la NBA se hab\u00eda declarado homosexual. Sin embargo poco a poco se dan pasos en este \u00faltimo sentido.<\/p>\n<p>En los Juegos Ol\u00edmpicos de Pek\u00edn (2008) solo se declaraban homosexuales 10 atletas de entre los 11.000 participantes. En Londres 2012 ya fueron 20 de 12.000. Hoy existe una Federaci\u00f3n Europea del Deporte Gay y L\u00e9sbico (EGLSF) que promueve precisamente la visibilidad LGBT en el mundo deportivo y que tiene como miembros a m\u00e1s de 100 clubes deportivos, representando a 15.000 deportistas de toda Europa. En Espa\u00f1a la Agrupaci\u00f3n deportiva Ib\u00e9rica LGTBI se fund\u00f3 en 2009 y en la actualidad, integra a la mayor\u00eda de entidades existentes y representa a m\u00e1s de 2.000 deportistas gays, lesbianas, transexuales y bisexuales.<\/p>\n<p>&nbsp;<\/p>\n","protected":false},"excerpt":{"rendered":"<p>Se instalar\u00e1 un armario en los alrededores del estadio del Sadar para concienciar espec\u00edficamente sobre la LGTBIfobia en el deporte<\/p>\n","protected":false},"author":1,"featured_media":11094,"comment_status":"open","ping_status":"closed","sticky":false,"template":"","format":"standard","meta":{"footnotes":""},"categories":[2],"tags":[],"class_list":["post-18973","post","type-post","status-publish","format-standard","has-post-thumbnail","hentry","category-ayuntamiento-pamplona"],"yoast_head":"<!-- This site is optimized with the Yoast SEO plugin v27.9 - https:\/\/yoast.com\/product\/yoast-seo-wordpress\/ -->\n<title>El Ayuntamiento se une, ma\u00f1ana mi\u00e9rcoles, al D\u00eda Internacional para Salir del Armario con la realizaci\u00f3n de una performance que gira en tono a ese concepto<\/title>\n<meta name=\"robots\" content=\"index, follow, max-snippet:-1, max-image-preview:large, max-video-preview:-1\" \/>\n<link rel=\"canonical\" href=\"https:\/\/www.laguiadepamplona.com\/actualidad\/el-ayuntamiento-se-une-manana-miercoles-al-dia-internacional-para-salir-del-armario-con-la-realizacion-de-una-performance-que-gira-en-tono-a-ese-concepto\/\" \/>\n<meta property=\"og:locale\" content=\"es_ES\" \/>\n<meta property=\"og:type\" content=\"article\" \/>\n<meta property=\"og:title\" content=\"El Ayuntamiento se une, ma\u00f1ana mi\u00e9rcoles, al D\u00eda Internacional para Salir del Armario con la realizaci\u00f3n de una performance que gira en tono a ese concepto\" \/>\n<meta property=\"og:description\" content=\"Se instalar\u00e1 un armario en los alrededores del estadio del Sadar para concienciar espec\u00edficamente sobre la LGTBIfobia en el deporte\" \/>\n<meta property=\"og:url\" content=\"https:\/\/www.laguiadepamplona.com\/actualidad\/el-ayuntamiento-se-une-manana-miercoles-al-dia-internacional-para-salir-del-armario-con-la-realizacion-de-una-performance-que-gira-en-tono-a-ese-concepto\/\" \/>\n<meta property=\"og:site_name\" content=\"La Gu\u00eda de Pamplona Noticias y actualidad\" \/>\n<meta property=\"article:publisher\" content=\"https:\/\/www.facebook.com\/laguiadepamplonacom-133175176762273\/?ref=hl\" \/>\n<meta property=\"article:published_time\" content=\"2018-10-10T15:41:05+00:00\" \/>\n<meta property=\"og:image\" content=\"https:\/\/www.laguiadepamplona.com\/actualidad\/wp-content\/uploads\/2016\/12\/orgullo-gay-bandera-lgtb.jpg\" \/>\n\t<meta property=\"og:image:width\" content=\"860\" \/>\n\t<meta property=\"og:image:height\" content=\"520\" \/>\n\t<meta property=\"og:image:type\" content=\"image\/jpeg\" \/>\n<meta name=\"author\" content=\"La Gu\u00eda de Pamplona\" \/>\n<meta name=\"twitter:card\" content=\"summary_large_image\" \/>\n<meta name=\"twitter:creator\" content=\"@LaGuiadPamplona\" \/>\n<meta name=\"twitter:site\" content=\"@LaGuiadPamplona\" \/>\n<meta name=\"twitter:label1\" content=\"Escrito por\" \/>\n\t<meta name=\"twitter:data1\" content=\"La Gu\u00eda de Pamplona\" \/>\n\t<meta name=\"twitter:label2\" content=\"Tiempo de lectura\" \/>\n\t<meta name=\"twitter:data2\" content=\"3 minutos\" \/>\n<script type=\"application\/ld+json\" class=\"yoast-schema-graph\">{\"@context\":\"https:\\\/\\\/schema.org\",\"@graph\":[{\"@type\":\"Article\",\"@id\":\"https:\\\/\\\/www.laguiadepamplona.com\\\/actualidad\\\/el-ayuntamiento-se-une-manana-miercoles-al-dia-internacional-para-salir-del-armario-con-la-realizacion-de-una-performance-que-gira-en-tono-a-ese-concepto\\\/#article\",\"isPartOf\":{\"@id\":\"https:\\\/\\\/www.laguiadepamplona.com\\\/actualidad\\\/el-ayuntamiento-se-une-manana-miercoles-al-dia-internacional-para-salir-del-armario-con-la-realizacion-de-una-performance-que-gira-en-tono-a-ese-concepto\\\/\"},\"author\":{\"name\":\"La Gu\u00eda de Pamplona\",\"@id\":\"https:\\\/\\\/www.laguiadepamplona.com\\\/actualidad\\\/#\\\/schema\\\/person\\\/efe887376f0213d4657c93adc50b1fdb\"},\"headline\":\"El Ayuntamiento se une, ma\u00f1ana mi\u00e9rcoles, al D\u00eda Internacional para Salir del Armario con la realizaci\u00f3n de una performance que gira en tono a ese concepto\",\"datePublished\":\"2018-10-10T15:41:05+00:00\",\"mainEntityOfPage\":{\"@id\":\"https:\\\/\\\/www.laguiadepamplona.com\\\/actualidad\\\/el-ayuntamiento-se-une-manana-miercoles-al-dia-internacional-para-salir-del-armario-con-la-realizacion-de-una-performance-que-gira-en-tono-a-ese-concepto\\\/\"},\"wordCount\":573,\"commentCount\":0,\"publisher\":{\"@id\":\"https:\\\/\\\/www.laguiadepamplona.com\\\/actualidad\\\/#organization\"},\"image\":{\"@id\":\"https:\\\/\\\/www.laguiadepamplona.com\\\/actualidad\\\/el-ayuntamiento-se-une-manana-miercoles-al-dia-internacional-para-salir-del-armario-con-la-realizacion-de-una-performance-que-gira-en-tono-a-ese-concepto\\\/#primaryimage\"},\"thumbnailUrl\":\"https:\\\/\\\/www.laguiadepamplona.com\\\/actualidad\\\/wp-content\\\/uploads\\\/2016\\\/12\\\/orgullo-gay-bandera-lgtb.jpg\",\"articleSection\":[\"Ayto Pamplona\"],\"inLanguage\":\"es\",\"potentialAction\":[{\"@type\":\"CommentAction\",\"name\":\"Comment\",\"target\":[\"https:\\\/\\\/www.laguiadepamplona.com\\\/actualidad\\\/el-ayuntamiento-se-une-manana-miercoles-al-dia-internacional-para-salir-del-armario-con-la-realizacion-de-una-performance-que-gira-en-tono-a-ese-concepto\\\/#respond\"]}]},{\"@type\":\"WebPage\",\"@id\":\"https:\\\/\\\/www.laguiadepamplona.com\\\/actualidad\\\/el-ayuntamiento-se-une-manana-miercoles-al-dia-internacional-para-salir-del-armario-con-la-realizacion-de-una-performance-que-gira-en-tono-a-ese-concepto\\\/\",\"url\":\"https:\\\/\\\/www.laguiadepamplona.com\\\/actualidad\\\/el-ayuntamiento-se-une-manana-miercoles-al-dia-internacional-para-salir-del-armario-con-la-realizacion-de-una-performance-que-gira-en-tono-a-ese-concepto\\\/\",\"name\":\"El Ayuntamiento se une, ma\u00f1ana mi\u00e9rcoles, al D\u00eda Internacional para Salir del Armario con la realizaci\u00f3n de una performance que gira en tono a ese concepto\",\"isPartOf\":{\"@id\":\"https:\\\/\\\/www.laguiadepamplona.com\\\/actualidad\\\/#website\"},\"primaryImageOfPage\":{\"@id\":\"https:\\\/\\\/www.laguiadepamplona.com\\\/actualidad\\\/el-ayuntamiento-se-une-manana-miercoles-al-dia-internacional-para-salir-del-armario-con-la-realizacion-de-una-performance-que-gira-en-tono-a-ese-concepto\\\/#primaryimage\"},\"image\":{\"@id\":\"https:\\\/\\\/www.laguiadepamplona.com\\\/actualidad\\\/el-ayuntamiento-se-une-manana-miercoles-al-dia-internacional-para-salir-del-armario-con-la-realizacion-de-una-performance-que-gira-en-tono-a-ese-concepto\\\/#primaryimage\"},\"thumbnailUrl\":\"https:\\\/\\\/www.laguiadepamplona.com\\\/actualidad\\\/wp-content\\\/uploads\\\/2016\\\/12\\\/orgullo-gay-bandera-lgtb.jpg\",\"datePublished\":\"2018-10-10T15:41:05+00:00\",\"breadcrumb\":{\"@id\":\"https:\\\/\\\/www.laguiadepamplona.com\\\/actualidad\\\/el-ayuntamiento-se-une-manana-miercoles-al-dia-internacional-para-salir-del-armario-con-la-realizacion-de-una-performance-que-gira-en-tono-a-ese-concepto\\\/#breadcrumb\"},\"inLanguage\":\"es\",\"potentialAction\":[{\"@type\":\"ReadAction\",\"target\":[\"https:\\\/\\\/www.laguiadepamplona.com\\\/actualidad\\\/el-ayuntamiento-se-une-manana-miercoles-al-dia-internacional-para-salir-del-armario-con-la-realizacion-de-una-performance-que-gira-en-tono-a-ese-concepto\\\/\"]}]},{\"@type\":\"ImageObject\",\"inLanguage\":\"es\",\"@id\":\"https:\\\/\\\/www.laguiadepamplona.com\\\/actualidad\\\/el-ayuntamiento-se-une-manana-miercoles-al-dia-internacional-para-salir-del-armario-con-la-realizacion-de-una-performance-que-gira-en-tono-a-ese-concepto\\\/#primaryimage\",\"url\":\"https:\\\/\\\/www.laguiadepamplona.com\\\/actualidad\\\/wp-content\\\/uploads\\\/2016\\\/12\\\/orgullo-gay-bandera-lgtb.jpg\",\"contentUrl\":\"https:\\\/\\\/www.laguiadepamplona.com\\\/actualidad\\\/wp-content\\\/uploads\\\/2016\\\/12\\\/orgullo-gay-bandera-lgtb.jpg\",\"width\":860,\"height\":520,\"caption\":\"lgtbi\"},{\"@type\":\"BreadcrumbList\",\"@id\":\"https:\\\/\\\/www.laguiadepamplona.com\\\/actualidad\\\/el-ayuntamiento-se-une-manana-miercoles-al-dia-internacional-para-salir-del-armario-con-la-realizacion-de-una-performance-que-gira-en-tono-a-ese-concepto\\\/#breadcrumb\",\"itemListElement\":[{\"@type\":\"ListItem\",\"position\":1,\"name\":\"Portada\",\"item\":\"https:\\\/\\\/www.laguiadepamplona.com\\\/actualidad\\\/\"},{\"@type\":\"ListItem\",\"position\":2,\"name\":\"El Ayuntamiento se une, ma\u00f1ana mi\u00e9rcoles, al D\u00eda Internacional para Salir del Armario con la realizaci\u00f3n de una performance que gira en tono a ese concepto\"}]},{\"@type\":\"WebSite\",\"@id\":\"https:\\\/\\\/www.laguiadepamplona.com\\\/actualidad\\\/#website\",\"url\":\"https:\\\/\\\/www.laguiadepamplona.com\\\/actualidad\\\/\",\"name\":\"La gu\u00eda de Pamplona\",\"description\":\"Noticias de Pamplona\",\"publisher\":{\"@id\":\"https:\\\/\\\/www.laguiadepamplona.com\\\/actualidad\\\/#organization\"},\"potentialAction\":[{\"@type\":\"SearchAction\",\"target\":{\"@type\":\"EntryPoint\",\"urlTemplate\":\"https:\\\/\\\/www.laguiadepamplona.com\\\/actualidad\\\/?s={search_term_string}\"},\"query-input\":{\"@type\":\"PropertyValueSpecification\",\"valueRequired\":true,\"valueName\":\"search_term_string\"}}],\"inLanguage\":\"es\"},{\"@type\":\"Organization\",\"@id\":\"https:\\\/\\\/www.laguiadepamplona.com\\\/actualidad\\\/#organization\",\"name\":\"La Gu\u00eda de Pamplona \\\/ Noticias\",\"url\":\"https:\\\/\\\/www.laguiadepamplona.com\\\/actualidad\\\/\",\"logo\":{\"@type\":\"ImageObject\",\"inLanguage\":\"es\",\"@id\":\"https:\\\/\\\/www.laguiadepamplona.com\\\/actualidad\\\/#\\\/schema\\\/logo\\\/image\\\/\",\"url\":\"https:\\\/\\\/www.laguiadepamplona.com\\\/actualidad\\\/wp-content\\\/uploads\\\/2018\\\/11\\\/logo-laguiadepamplona18-web1.png\",\"contentUrl\":\"https:\\\/\\\/www.laguiadepamplona.com\\\/actualidad\\\/wp-content\\\/uploads\\\/2018\\\/11\\\/logo-laguiadepamplona18-web1.png\",\"width\":600,\"height\":196,\"caption\":\"La Gu\u00eda de Pamplona \\\/ Noticias\"},\"image\":{\"@id\":\"https:\\\/\\\/www.laguiadepamplona.com\\\/actualidad\\\/#\\\/schema\\\/logo\\\/image\\\/\"},\"sameAs\":[\"https:\\\/\\\/www.facebook.com\\\/laguiadepamplonacom-133175176762273\\\/?ref=hl\",\"https:\\\/\\\/x.com\\\/LaGuiadPamplona\",\"https:\\\/\\\/www.instagram.com\\\/la_guia_de_pamplona\\\/\",\"https:\\\/\\\/www.youtube.com\\\/user\\\/laguiadepamplona\"]},{\"@type\":\"Person\",\"@id\":\"https:\\\/\\\/www.laguiadepamplona.com\\\/actualidad\\\/#\\\/schema\\\/person\\\/efe887376f0213d4657c93adc50b1fdb\",\"name\":\"La Gu\u00eda de Pamplona\",\"image\":{\"@type\":\"ImageObject\",\"inLanguage\":\"es\",\"@id\":\"https:\\\/\\\/secure.gravatar.com\\\/avatar\\\/b6992f131dc8d30ab0dff15446e9d346d9dbd95992de0fef795073f5ea83a81c?s=96&d=mm&r=g\",\"url\":\"https:\\\/\\\/secure.gravatar.com\\\/avatar\\\/b6992f131dc8d30ab0dff15446e9d346d9dbd95992de0fef795073f5ea83a81c?s=96&d=mm&r=g\",\"contentUrl\":\"https:\\\/\\\/secure.gravatar.com\\\/avatar\\\/b6992f131dc8d30ab0dff15446e9d346d9dbd95992de0fef795073f5ea83a81c?s=96&d=mm&r=g\",\"caption\":\"La Gu\u00eda de Pamplona\"}}]}<\/script>\n<!-- \/ Yoast SEO plugin. -->","yoast_head_json":{"title":"El Ayuntamiento se une, ma\u00f1ana mi\u00e9rcoles, al D\u00eda Internacional para Salir del Armario con la realizaci\u00f3n de una performance que gira en tono a ese concepto","robots":{"index":"index","follow":"follow","max-snippet":"max-snippet:-1","max-image-preview":"max-image-preview:large","max-video-preview":"max-video-preview:-1"},"canonical":"https:\/\/www.laguiadepamplona.com\/actualidad\/el-ayuntamiento-se-une-manana-miercoles-al-dia-internacional-para-salir-del-armario-con-la-realizacion-de-una-performance-que-gira-en-tono-a-ese-concepto\/","og_locale":"es_ES","og_type":"article","og_title":"El Ayuntamiento se une, ma\u00f1ana mi\u00e9rcoles, al D\u00eda Internacional para Salir del Armario con la realizaci\u00f3n de una performance que gira en tono a ese concepto","og_description":"Se instalar\u00e1 un armario en los alrededores del estadio del Sadar para concienciar espec\u00edficamente sobre la LGTBIfobia en el deporte","og_url":"https:\/\/www.laguiadepamplona.com\/actualidad\/el-ayuntamiento-se-une-manana-miercoles-al-dia-internacional-para-salir-del-armario-con-la-realizacion-de-una-performance-que-gira-en-tono-a-ese-concepto\/","og_site_name":"La Gu\u00eda de Pamplona Noticias y actualidad","article_publisher":"https:\/\/www.facebook.com\/laguiadepamplonacom-133175176762273\/?ref=hl","article_published_time":"2018-10-10T15:41:05+00:00","og_image":[{"width":860,"height":520,"url":"https:\/\/www.laguiadepamplona.com\/actualidad\/wp-content\/uploads\/2016\/12\/orgullo-gay-bandera-lgtb.jpg","type":"image\/jpeg"}],"author":"La Gu\u00eda de Pamplona","twitter_card":"summary_large_image","twitter_creator":"@LaGuiadPamplona","twitter_site":"@LaGuiadPamplona","twitter_misc":{"Escrito por":"La Gu\u00eda de Pamplona","Tiempo de lectura":"3 minutos"},"schema":{"@context":"https:\/\/schema.org","@graph":[{"@type":"Article","@id":"https:\/\/www.laguiadepamplona.com\/actualidad\/el-ayuntamiento-se-une-manana-miercoles-al-dia-internacional-para-salir-del-armario-con-la-realizacion-de-una-performance-que-gira-en-tono-a-ese-concepto\/#article","isPartOf":{"@id":"https:\/\/www.laguiadepamplona.com\/actualidad\/el-ayuntamiento-se-une-manana-miercoles-al-dia-internacional-para-salir-del-armario-con-la-realizacion-de-una-performance-que-gira-en-tono-a-ese-concepto\/"},"author":{"name":"La Gu\u00eda de Pamplona","@id":"https:\/\/www.laguiadepamplona.com\/actualidad\/#\/schema\/person\/efe887376f0213d4657c93adc50b1fdb"},"headline":"El Ayuntamiento se une, ma\u00f1ana mi\u00e9rcoles, al D\u00eda Internacional para Salir del Armario con la realizaci\u00f3n de una performance que gira en tono a ese concepto","datePublished":"2018-10-10T15:41:05+00:00","mainEntityOfPage":{"@id":"https:\/\/www.laguiadepamplona.com\/actualidad\/el-ayuntamiento-se-une-manana-miercoles-al-dia-internacional-para-salir-del-armario-con-la-realizacion-de-una-performance-que-gira-en-tono-a-ese-concepto\/"},"wordCount":573,"commentCount":0,"publisher":{"@id":"https:\/\/www.laguiadepamplona.com\/actualidad\/#organization"},"image":{"@id":"https:\/\/www.laguiadepamplona.com\/actualidad\/el-ayuntamiento-se-une-manana-miercoles-al-dia-internacional-para-salir-del-armario-con-la-realizacion-de-una-performance-que-gira-en-tono-a-ese-concepto\/#primaryimage"},"thumbnailUrl":"https:\/\/www.laguiadepamplona.com\/actualidad\/wp-content\/uploads\/2016\/12\/orgullo-gay-bandera-lgtb.jpg","articleSection":["Ayto Pamplona"],"inLanguage":"es","potentialAction":[{"@type":"CommentAction","name":"Comment","target":["https:\/\/www.laguiadepamplona.com\/actualidad\/el-ayuntamiento-se-une-manana-miercoles-al-dia-internacional-para-salir-del-armario-con-la-realizacion-de-una-performance-que-gira-en-tono-a-ese-concepto\/#respond"]}]},{"@type":"WebPage","@id":"https:\/\/www.laguiadepamplona.com\/actualidad\/el-ayuntamiento-se-une-manana-miercoles-al-dia-internacional-para-salir-del-armario-con-la-realizacion-de-una-performance-que-gira-en-tono-a-ese-concepto\/","url":"https:\/\/www.laguiadepamplona.com\/actualidad\/el-ayuntamiento-se-une-manana-miercoles-al-dia-internacional-para-salir-del-armario-con-la-realizacion-de-una-performance-que-gira-en-tono-a-ese-concepto\/","name":"El Ayuntamiento se une, ma\u00f1ana mi\u00e9rcoles, al D\u00eda Internacional para Salir del Armario con la realizaci\u00f3n de una performance que gira en tono a ese concepto","isPartOf":{"@id":"https:\/\/www.laguiadepamplona.com\/actualidad\/#website"},"primaryImageOfPage":{"@id":"https:\/\/www.laguiadepamplona.com\/actualidad\/el-ayuntamiento-se-une-manana-miercoles-al-dia-internacional-para-salir-del-armario-con-la-realizacion-de-una-performance-que-gira-en-tono-a-ese-concepto\/#primaryimage"},"image":{"@id":"https:\/\/www.laguiadepamplona.com\/actualidad\/el-ayuntamiento-se-une-manana-miercoles-al-dia-internacional-para-salir-del-armario-con-la-realizacion-de-una-performance-que-gira-en-tono-a-ese-concepto\/#primaryimage"},"thumbnailUrl":"https:\/\/www.laguiadepamplona.com\/actualidad\/wp-content\/uploads\/2016\/12\/orgullo-gay-bandera-lgtb.jpg","datePublished":"2018-10-10T15:41:05+00:00","breadcrumb":{"@id":"https:\/\/www.laguiadepamplona.com\/actualidad\/el-ayuntamiento-se-une-manana-miercoles-al-dia-internacional-para-salir-del-armario-con-la-realizacion-de-una-performance-que-gira-en-tono-a-ese-concepto\/#breadcrumb"},"inLanguage":"es","potentialAction":[{"@type":"ReadAction","target":["https:\/\/www.laguiadepamplona.com\/actualidad\/el-ayuntamiento-se-une-manana-miercoles-al-dia-internacional-para-salir-del-armario-con-la-realizacion-de-una-performance-que-gira-en-tono-a-ese-concepto\/"]}]},{"@type":"ImageObject","inLanguage":"es","@id":"https:\/\/www.laguiadepamplona.com\/actualidad\/el-ayuntamiento-se-une-manana-miercoles-al-dia-internacional-para-salir-del-armario-con-la-realizacion-de-una-performance-que-gira-en-tono-a-ese-concepto\/#primaryimage","url":"https:\/\/www.laguiadepamplona.com\/actualidad\/wp-content\/uploads\/2016\/12\/orgullo-gay-bandera-lgtb.jpg","contentUrl":"https:\/\/www.laguiadepamplona.com\/actualidad\/wp-content\/uploads\/2016\/12\/orgullo-gay-bandera-lgtb.jpg","width":860,"height":520,"caption":"lgtbi"},{"@type":"BreadcrumbList","@id":"https:\/\/www.laguiadepamplona.com\/actualidad\/el-ayuntamiento-se-une-manana-miercoles-al-dia-internacional-para-salir-del-armario-con-la-realizacion-de-una-performance-que-gira-en-tono-a-ese-concepto\/#breadcrumb","itemListElement":[{"@type":"ListItem","position":1,"name":"Portada","item":"https:\/\/www.laguiadepamplona.com\/actualidad\/"},{"@type":"ListItem","position":2,"name":"El Ayuntamiento se une, ma\u00f1ana mi\u00e9rcoles, al D\u00eda Internacional para Salir del Armario con la realizaci\u00f3n de una performance que gira en tono a ese concepto"}]},{"@type":"WebSite","@id":"https:\/\/www.laguiadepamplona.com\/actualidad\/#website","url":"https:\/\/www.laguiadepamplona.com\/actualidad\/","name":"La gu\u00eda de Pamplona","description":"Noticias de Pamplona","publisher":{"@id":"https:\/\/www.laguiadepamplona.com\/actualidad\/#organization"},"potentialAction":[{"@type":"SearchAction","target":{"@type":"EntryPoint","urlTemplate":"https:\/\/www.laguiadepamplona.com\/actualidad\/?s={search_term_string}"},"query-input":{"@type":"PropertyValueSpecification","valueRequired":true,"valueName":"search_term_string"}}],"inLanguage":"es"},{"@type":"Organization","@id":"https:\/\/www.laguiadepamplona.com\/actualidad\/#organization","name":"La Gu\u00eda de Pamplona \/ Noticias","url":"https:\/\/www.laguiadepamplona.com\/actualidad\/","logo":{"@type":"ImageObject","inLanguage":"es","@id":"https:\/\/www.laguiadepamplona.com\/actualidad\/#\/schema\/logo\/image\/","url":"https:\/\/www.laguiadepamplona.com\/actualidad\/wp-content\/uploads\/2018\/11\/logo-laguiadepamplona18-web1.png","contentUrl":"https:\/\/www.laguiadepamplona.com\/actualidad\/wp-content\/uploads\/2018\/11\/logo-laguiadepamplona18-web1.png","width":600,"height":196,"caption":"La Gu\u00eda de Pamplona \/ Noticias"},"image":{"@id":"https:\/\/www.laguiadepamplona.com\/actualidad\/#\/schema\/logo\/image\/"},"sameAs":["https:\/\/www.facebook.com\/laguiadepamplonacom-133175176762273\/?ref=hl","https:\/\/x.com\/LaGuiadPamplona","https:\/\/www.instagram.com\/la_guia_de_pamplona\/","https:\/\/www.youtube.com\/user\/laguiadepamplona"]},{"@type":"Person","@id":"https:\/\/www.laguiadepamplona.com\/actualidad\/#\/schema\/person\/efe887376f0213d4657c93adc50b1fdb","name":"La Gu\u00eda de Pamplona","image":{"@type":"ImageObject","inLanguage":"es","@id":"https:\/\/secure.gravatar.com\/avatar\/b6992f131dc8d30ab0dff15446e9d346d9dbd95992de0fef795073f5ea83a81c?s=96&d=mm&r=g","url":"https:\/\/secure.gravatar.com\/avatar\/b6992f131dc8d30ab0dff15446e9d346d9dbd95992de0fef795073f5ea83a81c?s=96&d=mm&r=g","contentUrl":"https:\/\/secure.gravatar.com\/avatar\/b6992f131dc8d30ab0dff15446e9d346d9dbd95992de0fef795073f5ea83a81c?s=96&d=mm&r=g","caption":"La Gu\u00eda de Pamplona"}}]}},"post_mailing_queue_ids":[],"_links":{"self":[{"href":"https:\/\/www.laguiadepamplona.com\/actualidad\/wp-json\/wp\/v2\/posts\/18973","targetHints":{"allow":["GET"]}}],"collection":[{"href":"https:\/\/www.laguiadepamplona.com\/actualidad\/wp-json\/wp\/v2\/posts"}],"about":[{"href":"https:\/\/www.laguiadepamplona.com\/actualidad\/wp-json\/wp\/v2\/types\/post"}],"author":[{"embeddable":true,"href":"https:\/\/www.laguiadepamplona.com\/actualidad\/wp-json\/wp\/v2\/users\/1"}],"replies":[{"embeddable":true,"href":"https:\/\/www.laguiadepamplona.com\/actualidad\/wp-json\/wp\/v2\/comments?post=18973"}],"version-history":[{"count":0,"href":"https:\/\/www.laguiadepamplona.com\/actualidad\/wp-json\/wp\/v2\/posts\/18973\/revisions"}],"wp:featuredmedia":[{"embeddable":true,"href":"https:\/\/www.laguiadepamplona.com\/actualidad\/wp-json\/wp\/v2\/media\/11094"}],"wp:attachment":[{"href":"https:\/\/www.laguiadepamplona.com\/actualidad\/wp-json\/wp\/v2\/media?parent=18973"}],"wp:term":[{"taxonomy":"category","embeddable":true,"href":"https:\/\/www.laguiadepamplona.com\/actualidad\/wp-json\/wp\/v2\/categories?post=18973"},{"taxonomy":"post_tag","embeddable":true,"href":"https:\/\/www.laguiadepamplona.com\/actualidad\/wp-json\/wp\/v2\/tags?post=18973"}],"curies":[{"name":"wp","href":"https:\/\/api.w.org\/{rel}","templated":true}]}}