{"id":18960,"date":"2018-10-10T17:30:27","date_gmt":"2018-10-10T15:30:27","guid":{"rendered":"https:\/\/www.laguiadepamplona.es\/actualidad\/?p=18960"},"modified":"2018-10-10T17:31:38","modified_gmt":"2018-10-10T15:31:38","slug":"la-verguenza-nuevo-titulo-del-ciclo-sobre-el-cineasta-sueco-ingmar-bergman-que-podra-verse-el-sabado-en-condestable","status":"publish","type":"post","link":"https:\/\/www.laguiadepamplona.com\/actualidad\/la-verguenza-nuevo-titulo-del-ciclo-sobre-el-cineasta-sueco-ingmar-bergman-que-podra-verse-el-sabado-en-condestable\/","title":{"rendered":"\u2018La verg\u00fcenza\u2019, nuevo t\u00edtulo del ciclo sobre el cineasta sueco Ingmar Bergman, que podr\u00e1 verse el s\u00e1bado en Condestable"},"content":{"rendered":"<h3>La proyecci\u00f3n se llevar\u00e1 a cabo a partir de las 19.30 horas, con entrada libre previa retirada de invitaciones<\/h3>\n<p><!--more--><\/p>\n<p>Civivox Condestable acoge este s\u00e1bado la proyecci\u00f3n de \u2018La verg\u00fcenza\u2019, dirigida por el sueco Ingmar Bergman en 1968. Se trata de un nuevo t\u00edtulo del repaso a la filmograf\u00eda del cineasta nacido en Upsala que desde el pasado mes de abril ha organizado cada fin de semana el Ayuntamiento de Pamplona gracias al convenio suscrito con la Fundaci\u00f3n Bilbao Arte Fundazioa. La sesi\u00f3n comenzar\u00e1 a las 19.30 horas, con entrada libre, previa retirada de invitaciones.<\/p>\n<p>Jan (Max von Sydow) y Eva (Liv Ullmann) son una pareja de m\u00fasicos que se traslada a una apartada isla para huir de la guerra civil que asola a su pa\u00eds. Llevan una vida sencilla y apacible, preocupados \u00fanicamente por la m\u00fasica. All\u00ed se creen a salvo, pero el conflicto b\u00e9lico no tardar\u00e1 en llamar a sus puertas. La pareja es arrestada bajo la acusaci\u00f3n de colaborar con las fuerzas rebeldes. Al frente de la unidad militar que tiene la misi\u00f3n de defender la isla est\u00e1 el coronel Jacobi, un antiguo amigo de Jan y Eva. Pero esto no har\u00e1 m\u00e1s que empeorar la situaci\u00f3n. Con ciega brutalidad, la guerra sigue su curso con su cortejo de incendios de napalm, de sumarias ejecuciones, de redadas, de torturas.<\/p>\n<p><script async src=\"\/\/pagead2.googlesyndication.com\/pagead\/js\/adsbygoogle.js\"><\/script><br \/>\n<!-- Noticias La Guia de Pamplona --><br \/>\n<ins class=\"adsbygoogle\"\nstyle=\"display:block\"\ndata-ad-client=\"ca-pub-6943679897239327\"\ndata-ad-slot=\"7048180777\"\ndata-ad-format=\"auto\"><\/ins><br \/>\n<script>\n(adsbygoogle = window.adsbygoogle || []).push({});\n<\/script><\/p>\n<p>S\u00f3rdida y desgarrada, \u2018La verg\u00fcenza\u2019 supone para el director un ejercicio de autocr\u00edtica, pues profundiza en la incapacidad del artista a la hora de hacer frente a los problemas reales del mundo. Fue la respuesta de Bergman a quienes lo consideraban un cineasta en exceso metaf\u00edsico y despreocupado con respecto a la realidad pol\u00edtica de su tiempo.<\/p>\n<p>&nbsp;<\/p>\n<p><strong>Proyecciones ciclo Ingmar Bergman. Civivox Condestable<\/strong><\/p>\n<p><strong>OCTUBRE<\/strong><\/p>\n<ul>\n<li>S\u00e1bado 13 de octubre, 19.30 horas. \u2018La verg\u00fcenza\u2019<\/li>\n<li>S\u00e1bado 20 de octubre, 19.30 horas. \u2018Pasi\u00f3n\u2019<\/li>\n<li>S\u00e1bado 27 de octubre, 19.30 horas. \u2018Gritos y susurros\u2019<\/li>\n<\/ul>\n<p><strong>NOVIEMBRE<\/strong><\/p>\n<ul>\n<li>S\u00e1bado 3 de noviembre, 19.30 horas. \u2018Sonata de oto\u00f1o\u2019<\/li>\n<li>S\u00e1bado 10 de noviembre, 19.30 horas. \u2018Documento sobre Far\u00f6\u2019<\/li>\n<li>S\u00e1bado 17 de noviembre, 19.30 horas. \u2018De la vida de las marionetas\u2019<\/li>\n<li>S\u00e1bado 24 de noviembre, 19.30 horas. \u2018Fanny y Alexander\u2019<\/li>\n<\/ul>\n<p>&nbsp;<\/p>\n","protected":false},"excerpt":{"rendered":"<p>La proyecci\u00f3n se llevar\u00e1 a cabo a partir de las 19.30 horas, con entrada libre previa retirada de invitaciones<\/p>\n","protected":false},"author":1,"featured_media":17390,"comment_status":"open","ping_status":"closed","sticky":false,"template":"","format":"standard","meta":{"footnotes":""},"categories":[2],"tags":[],"class_list":["post-18960","post","type-post","status-publish","format-standard","has-post-thumbnail","hentry","category-ayuntamiento-pamplona"],"yoast_head":"<!-- This site is optimized with the Yoast SEO plugin v27.9 - https:\/\/yoast.com\/product\/yoast-seo-wordpress\/ -->\n<title>\u2018La verg\u00fcenza\u2019, nuevo t\u00edtulo del ciclo sobre el cineasta sueco Ingmar Bergman, que podr\u00e1 verse el s\u00e1bado en Condestable<\/title>\n<meta name=\"robots\" content=\"index, follow, max-snippet:-1, max-image-preview:large, max-video-preview:-1\" \/>\n<link rel=\"canonical\" href=\"https:\/\/www.laguiadepamplona.com\/actualidad\/la-verguenza-nuevo-titulo-del-ciclo-sobre-el-cineasta-sueco-ingmar-bergman-que-podra-verse-el-sabado-en-condestable\/\" \/>\n<meta property=\"og:locale\" content=\"es_ES\" \/>\n<meta property=\"og:type\" content=\"article\" \/>\n<meta property=\"og:title\" content=\"\u2018La verg\u00fcenza\u2019, nuevo t\u00edtulo del ciclo sobre el cineasta sueco Ingmar Bergman, que podr\u00e1 verse el s\u00e1bado en Condestable\" \/>\n<meta property=\"og:description\" content=\"La proyecci\u00f3n se llevar\u00e1 a cabo a partir de las 19.30 horas, con entrada libre previa retirada de invitaciones\" \/>\n<meta property=\"og:url\" content=\"https:\/\/www.laguiadepamplona.com\/actualidad\/la-verguenza-nuevo-titulo-del-ciclo-sobre-el-cineasta-sueco-ingmar-bergman-que-podra-verse-el-sabado-en-condestable\/\" \/>\n<meta property=\"og:site_name\" content=\"La Gu\u00eda de Pamplona Noticias y actualidad\" \/>\n<meta property=\"article:publisher\" content=\"https:\/\/www.facebook.com\/laguiadepamplonacom-133175176762273\/?ref=hl\" \/>\n<meta property=\"article:published_time\" content=\"2018-10-10T15:30:27+00:00\" \/>\n<meta property=\"article:modified_time\" content=\"2018-10-10T15:31:38+00:00\" \/>\n<meta property=\"og:image\" content=\"https:\/\/www.laguiadepamplona.com\/actualidad\/wp-content\/uploads\/2018\/05\/palacio-condestable.jpg\" \/>\n\t<meta property=\"og:image:width\" content=\"950\" \/>\n\t<meta property=\"og:image:height\" content=\"634\" \/>\n\t<meta property=\"og:image:type\" content=\"image\/jpeg\" \/>\n<meta name=\"author\" content=\"La Gu\u00eda de Pamplona\" \/>\n<meta name=\"twitter:card\" content=\"summary_large_image\" \/>\n<meta name=\"twitter:creator\" content=\"@LaGuiadPamplona\" \/>\n<meta name=\"twitter:site\" content=\"@LaGuiadPamplona\" \/>\n<meta name=\"twitter:label1\" content=\"Escrito por\" \/>\n\t<meta name=\"twitter:data1\" content=\"La Gu\u00eda de Pamplona\" \/>\n\t<meta name=\"twitter:label2\" content=\"Tiempo de lectura\" \/>\n\t<meta name=\"twitter:data2\" content=\"2 minutos\" \/>\n<script type=\"application\/ld+json\" class=\"yoast-schema-graph\">{\"@context\":\"https:\\\/\\\/schema.org\",\"@graph\":[{\"@type\":\"Article\",\"@id\":\"https:\\\/\\\/www.laguiadepamplona.com\\\/actualidad\\\/la-verguenza-nuevo-titulo-del-ciclo-sobre-el-cineasta-sueco-ingmar-bergman-que-podra-verse-el-sabado-en-condestable\\\/#article\",\"isPartOf\":{\"@id\":\"https:\\\/\\\/www.laguiadepamplona.com\\\/actualidad\\\/la-verguenza-nuevo-titulo-del-ciclo-sobre-el-cineasta-sueco-ingmar-bergman-que-podra-verse-el-sabado-en-condestable\\\/\"},\"author\":{\"name\":\"La Gu\u00eda de Pamplona\",\"@id\":\"https:\\\/\\\/www.laguiadepamplona.com\\\/actualidad\\\/#\\\/schema\\\/person\\\/efe887376f0213d4657c93adc50b1fdb\"},\"headline\":\"\u2018La verg\u00fcenza\u2019, nuevo t\u00edtulo del ciclo sobre el cineasta sueco Ingmar Bergman, que podr\u00e1 verse el s\u00e1bado en Condestable\",\"datePublished\":\"2018-10-10T15:30:27+00:00\",\"dateModified\":\"2018-10-10T15:31:38+00:00\",\"mainEntityOfPage\":{\"@id\":\"https:\\\/\\\/www.laguiadepamplona.com\\\/actualidad\\\/la-verguenza-nuevo-titulo-del-ciclo-sobre-el-cineasta-sueco-ingmar-bergman-que-podra-verse-el-sabado-en-condestable\\\/\"},\"wordCount\":387,\"commentCount\":0,\"publisher\":{\"@id\":\"https:\\\/\\\/www.laguiadepamplona.com\\\/actualidad\\\/#organization\"},\"image\":{\"@id\":\"https:\\\/\\\/www.laguiadepamplona.com\\\/actualidad\\\/la-verguenza-nuevo-titulo-del-ciclo-sobre-el-cineasta-sueco-ingmar-bergman-que-podra-verse-el-sabado-en-condestable\\\/#primaryimage\"},\"thumbnailUrl\":\"https:\\\/\\\/www.laguiadepamplona.com\\\/actualidad\\\/wp-content\\\/uploads\\\/2018\\\/05\\\/palacio-condestable.jpg\",\"articleSection\":[\"Ayto Pamplona\"],\"inLanguage\":\"es\",\"potentialAction\":[{\"@type\":\"CommentAction\",\"name\":\"Comment\",\"target\":[\"https:\\\/\\\/www.laguiadepamplona.com\\\/actualidad\\\/la-verguenza-nuevo-titulo-del-ciclo-sobre-el-cineasta-sueco-ingmar-bergman-que-podra-verse-el-sabado-en-condestable\\\/#respond\"]}]},{\"@type\":\"WebPage\",\"@id\":\"https:\\\/\\\/www.laguiadepamplona.com\\\/actualidad\\\/la-verguenza-nuevo-titulo-del-ciclo-sobre-el-cineasta-sueco-ingmar-bergman-que-podra-verse-el-sabado-en-condestable\\\/\",\"url\":\"https:\\\/\\\/www.laguiadepamplona.com\\\/actualidad\\\/la-verguenza-nuevo-titulo-del-ciclo-sobre-el-cineasta-sueco-ingmar-bergman-que-podra-verse-el-sabado-en-condestable\\\/\",\"name\":\"\u2018La verg\u00fcenza\u2019, nuevo t\u00edtulo del ciclo sobre el cineasta sueco Ingmar Bergman, que podr\u00e1 verse el s\u00e1bado en Condestable\",\"isPartOf\":{\"@id\":\"https:\\\/\\\/www.laguiadepamplona.com\\\/actualidad\\\/#website\"},\"primaryImageOfPage\":{\"@id\":\"https:\\\/\\\/www.laguiadepamplona.com\\\/actualidad\\\/la-verguenza-nuevo-titulo-del-ciclo-sobre-el-cineasta-sueco-ingmar-bergman-que-podra-verse-el-sabado-en-condestable\\\/#primaryimage\"},\"image\":{\"@id\":\"https:\\\/\\\/www.laguiadepamplona.com\\\/actualidad\\\/la-verguenza-nuevo-titulo-del-ciclo-sobre-el-cineasta-sueco-ingmar-bergman-que-podra-verse-el-sabado-en-condestable\\\/#primaryimage\"},\"thumbnailUrl\":\"https:\\\/\\\/www.laguiadepamplona.com\\\/actualidad\\\/wp-content\\\/uploads\\\/2018\\\/05\\\/palacio-condestable.jpg\",\"datePublished\":\"2018-10-10T15:30:27+00:00\",\"dateModified\":\"2018-10-10T15:31:38+00:00\",\"breadcrumb\":{\"@id\":\"https:\\\/\\\/www.laguiadepamplona.com\\\/actualidad\\\/la-verguenza-nuevo-titulo-del-ciclo-sobre-el-cineasta-sueco-ingmar-bergman-que-podra-verse-el-sabado-en-condestable\\\/#breadcrumb\"},\"inLanguage\":\"es\",\"potentialAction\":[{\"@type\":\"ReadAction\",\"target\":[\"https:\\\/\\\/www.laguiadepamplona.com\\\/actualidad\\\/la-verguenza-nuevo-titulo-del-ciclo-sobre-el-cineasta-sueco-ingmar-bergman-que-podra-verse-el-sabado-en-condestable\\\/\"]}]},{\"@type\":\"ImageObject\",\"inLanguage\":\"es\",\"@id\":\"https:\\\/\\\/www.laguiadepamplona.com\\\/actualidad\\\/la-verguenza-nuevo-titulo-del-ciclo-sobre-el-cineasta-sueco-ingmar-bergman-que-podra-verse-el-sabado-en-condestable\\\/#primaryimage\",\"url\":\"https:\\\/\\\/www.laguiadepamplona.com\\\/actualidad\\\/wp-content\\\/uploads\\\/2018\\\/05\\\/palacio-condestable.jpg\",\"contentUrl\":\"https:\\\/\\\/www.laguiadepamplona.com\\\/actualidad\\\/wp-content\\\/uploads\\\/2018\\\/05\\\/palacio-condestable.jpg\",\"width\":950,\"height\":634,\"caption\":\"civivox condestable\"},{\"@type\":\"BreadcrumbList\",\"@id\":\"https:\\\/\\\/www.laguiadepamplona.com\\\/actualidad\\\/la-verguenza-nuevo-titulo-del-ciclo-sobre-el-cineasta-sueco-ingmar-bergman-que-podra-verse-el-sabado-en-condestable\\\/#breadcrumb\",\"itemListElement\":[{\"@type\":\"ListItem\",\"position\":1,\"name\":\"Portada\",\"item\":\"https:\\\/\\\/www.laguiadepamplona.com\\\/actualidad\\\/\"},{\"@type\":\"ListItem\",\"position\":2,\"name\":\"\u2018La verg\u00fcenza\u2019, nuevo t\u00edtulo del ciclo sobre el cineasta sueco Ingmar Bergman, que podr\u00e1 verse el s\u00e1bado en Condestable\"}]},{\"@type\":\"WebSite\",\"@id\":\"https:\\\/\\\/www.laguiadepamplona.com\\\/actualidad\\\/#website\",\"url\":\"https:\\\/\\\/www.laguiadepamplona.com\\\/actualidad\\\/\",\"name\":\"La gu\u00eda de Pamplona\",\"description\":\"Noticias de Pamplona\",\"publisher\":{\"@id\":\"https:\\\/\\\/www.laguiadepamplona.com\\\/actualidad\\\/#organization\"},\"potentialAction\":[{\"@type\":\"SearchAction\",\"target\":{\"@type\":\"EntryPoint\",\"urlTemplate\":\"https:\\\/\\\/www.laguiadepamplona.com\\\/actualidad\\\/?s={search_term_string}\"},\"query-input\":{\"@type\":\"PropertyValueSpecification\",\"valueRequired\":true,\"valueName\":\"search_term_string\"}}],\"inLanguage\":\"es\"},{\"@type\":\"Organization\",\"@id\":\"https:\\\/\\\/www.laguiadepamplona.com\\\/actualidad\\\/#organization\",\"name\":\"La Gu\u00eda de Pamplona \\\/ Noticias\",\"url\":\"https:\\\/\\\/www.laguiadepamplona.com\\\/actualidad\\\/\",\"logo\":{\"@type\":\"ImageObject\",\"inLanguage\":\"es\",\"@id\":\"https:\\\/\\\/www.laguiadepamplona.com\\\/actualidad\\\/#\\\/schema\\\/logo\\\/image\\\/\",\"url\":\"https:\\\/\\\/www.laguiadepamplona.com\\\/actualidad\\\/wp-content\\\/uploads\\\/2018\\\/11\\\/logo-laguiadepamplona18-web1.png\",\"contentUrl\":\"https:\\\/\\\/www.laguiadepamplona.com\\\/actualidad\\\/wp-content\\\/uploads\\\/2018\\\/11\\\/logo-laguiadepamplona18-web1.png\",\"width\":600,\"height\":196,\"caption\":\"La Gu\u00eda de Pamplona \\\/ Noticias\"},\"image\":{\"@id\":\"https:\\\/\\\/www.laguiadepamplona.com\\\/actualidad\\\/#\\\/schema\\\/logo\\\/image\\\/\"},\"sameAs\":[\"https:\\\/\\\/www.facebook.com\\\/laguiadepamplonacom-133175176762273\\\/?ref=hl\",\"https:\\\/\\\/x.com\\\/LaGuiadPamplona\",\"https:\\\/\\\/www.instagram.com\\\/la_guia_de_pamplona\\\/\",\"https:\\\/\\\/www.youtube.com\\\/user\\\/laguiadepamplona\"]},{\"@type\":\"Person\",\"@id\":\"https:\\\/\\\/www.laguiadepamplona.com\\\/actualidad\\\/#\\\/schema\\\/person\\\/efe887376f0213d4657c93adc50b1fdb\",\"name\":\"La Gu\u00eda de Pamplona\",\"image\":{\"@type\":\"ImageObject\",\"inLanguage\":\"es\",\"@id\":\"https:\\\/\\\/secure.gravatar.com\\\/avatar\\\/b6992f131dc8d30ab0dff15446e9d346d9dbd95992de0fef795073f5ea83a81c?s=96&d=mm&r=g\",\"url\":\"https:\\\/\\\/secure.gravatar.com\\\/avatar\\\/b6992f131dc8d30ab0dff15446e9d346d9dbd95992de0fef795073f5ea83a81c?s=96&d=mm&r=g\",\"contentUrl\":\"https:\\\/\\\/secure.gravatar.com\\\/avatar\\\/b6992f131dc8d30ab0dff15446e9d346d9dbd95992de0fef795073f5ea83a81c?s=96&d=mm&r=g\",\"caption\":\"La Gu\u00eda de Pamplona\"}}]}<\/script>\n<!-- \/ Yoast SEO plugin. -->","yoast_head_json":{"title":"\u2018La verg\u00fcenza\u2019, nuevo t\u00edtulo del ciclo sobre el cineasta sueco Ingmar Bergman, que podr\u00e1 verse el s\u00e1bado en Condestable","robots":{"index":"index","follow":"follow","max-snippet":"max-snippet:-1","max-image-preview":"max-image-preview:large","max-video-preview":"max-video-preview:-1"},"canonical":"https:\/\/www.laguiadepamplona.com\/actualidad\/la-verguenza-nuevo-titulo-del-ciclo-sobre-el-cineasta-sueco-ingmar-bergman-que-podra-verse-el-sabado-en-condestable\/","og_locale":"es_ES","og_type":"article","og_title":"\u2018La verg\u00fcenza\u2019, nuevo t\u00edtulo del ciclo sobre el cineasta sueco Ingmar Bergman, que podr\u00e1 verse el s\u00e1bado en Condestable","og_description":"La proyecci\u00f3n se llevar\u00e1 a cabo a partir de las 19.30 horas, con entrada libre previa retirada de invitaciones","og_url":"https:\/\/www.laguiadepamplona.com\/actualidad\/la-verguenza-nuevo-titulo-del-ciclo-sobre-el-cineasta-sueco-ingmar-bergman-que-podra-verse-el-sabado-en-condestable\/","og_site_name":"La Gu\u00eda de Pamplona Noticias y actualidad","article_publisher":"https:\/\/www.facebook.com\/laguiadepamplonacom-133175176762273\/?ref=hl","article_published_time":"2018-10-10T15:30:27+00:00","article_modified_time":"2018-10-10T15:31:38+00:00","og_image":[{"width":950,"height":634,"url":"https:\/\/www.laguiadepamplona.com\/actualidad\/wp-content\/uploads\/2018\/05\/palacio-condestable.jpg","type":"image\/jpeg"}],"author":"La Gu\u00eda de Pamplona","twitter_card":"summary_large_image","twitter_creator":"@LaGuiadPamplona","twitter_site":"@LaGuiadPamplona","twitter_misc":{"Escrito por":"La Gu\u00eda de Pamplona","Tiempo de lectura":"2 minutos"},"schema":{"@context":"https:\/\/schema.org","@graph":[{"@type":"Article","@id":"https:\/\/www.laguiadepamplona.com\/actualidad\/la-verguenza-nuevo-titulo-del-ciclo-sobre-el-cineasta-sueco-ingmar-bergman-que-podra-verse-el-sabado-en-condestable\/#article","isPartOf":{"@id":"https:\/\/www.laguiadepamplona.com\/actualidad\/la-verguenza-nuevo-titulo-del-ciclo-sobre-el-cineasta-sueco-ingmar-bergman-que-podra-verse-el-sabado-en-condestable\/"},"author":{"name":"La Gu\u00eda de Pamplona","@id":"https:\/\/www.laguiadepamplona.com\/actualidad\/#\/schema\/person\/efe887376f0213d4657c93adc50b1fdb"},"headline":"\u2018La verg\u00fcenza\u2019, nuevo t\u00edtulo del ciclo sobre el cineasta sueco Ingmar Bergman, que podr\u00e1 verse el s\u00e1bado en Condestable","datePublished":"2018-10-10T15:30:27+00:00","dateModified":"2018-10-10T15:31:38+00:00","mainEntityOfPage":{"@id":"https:\/\/www.laguiadepamplona.com\/actualidad\/la-verguenza-nuevo-titulo-del-ciclo-sobre-el-cineasta-sueco-ingmar-bergman-que-podra-verse-el-sabado-en-condestable\/"},"wordCount":387,"commentCount":0,"publisher":{"@id":"https:\/\/www.laguiadepamplona.com\/actualidad\/#organization"},"image":{"@id":"https:\/\/www.laguiadepamplona.com\/actualidad\/la-verguenza-nuevo-titulo-del-ciclo-sobre-el-cineasta-sueco-ingmar-bergman-que-podra-verse-el-sabado-en-condestable\/#primaryimage"},"thumbnailUrl":"https:\/\/www.laguiadepamplona.com\/actualidad\/wp-content\/uploads\/2018\/05\/palacio-condestable.jpg","articleSection":["Ayto Pamplona"],"inLanguage":"es","potentialAction":[{"@type":"CommentAction","name":"Comment","target":["https:\/\/www.laguiadepamplona.com\/actualidad\/la-verguenza-nuevo-titulo-del-ciclo-sobre-el-cineasta-sueco-ingmar-bergman-que-podra-verse-el-sabado-en-condestable\/#respond"]}]},{"@type":"WebPage","@id":"https:\/\/www.laguiadepamplona.com\/actualidad\/la-verguenza-nuevo-titulo-del-ciclo-sobre-el-cineasta-sueco-ingmar-bergman-que-podra-verse-el-sabado-en-condestable\/","url":"https:\/\/www.laguiadepamplona.com\/actualidad\/la-verguenza-nuevo-titulo-del-ciclo-sobre-el-cineasta-sueco-ingmar-bergman-que-podra-verse-el-sabado-en-condestable\/","name":"\u2018La verg\u00fcenza\u2019, nuevo t\u00edtulo del ciclo sobre el cineasta sueco Ingmar Bergman, que podr\u00e1 verse el s\u00e1bado en Condestable","isPartOf":{"@id":"https:\/\/www.laguiadepamplona.com\/actualidad\/#website"},"primaryImageOfPage":{"@id":"https:\/\/www.laguiadepamplona.com\/actualidad\/la-verguenza-nuevo-titulo-del-ciclo-sobre-el-cineasta-sueco-ingmar-bergman-que-podra-verse-el-sabado-en-condestable\/#primaryimage"},"image":{"@id":"https:\/\/www.laguiadepamplona.com\/actualidad\/la-verguenza-nuevo-titulo-del-ciclo-sobre-el-cineasta-sueco-ingmar-bergman-que-podra-verse-el-sabado-en-condestable\/#primaryimage"},"thumbnailUrl":"https:\/\/www.laguiadepamplona.com\/actualidad\/wp-content\/uploads\/2018\/05\/palacio-condestable.jpg","datePublished":"2018-10-10T15:30:27+00:00","dateModified":"2018-10-10T15:31:38+00:00","breadcrumb":{"@id":"https:\/\/www.laguiadepamplona.com\/actualidad\/la-verguenza-nuevo-titulo-del-ciclo-sobre-el-cineasta-sueco-ingmar-bergman-que-podra-verse-el-sabado-en-condestable\/#breadcrumb"},"inLanguage":"es","potentialAction":[{"@type":"ReadAction","target":["https:\/\/www.laguiadepamplona.com\/actualidad\/la-verguenza-nuevo-titulo-del-ciclo-sobre-el-cineasta-sueco-ingmar-bergman-que-podra-verse-el-sabado-en-condestable\/"]}]},{"@type":"ImageObject","inLanguage":"es","@id":"https:\/\/www.laguiadepamplona.com\/actualidad\/la-verguenza-nuevo-titulo-del-ciclo-sobre-el-cineasta-sueco-ingmar-bergman-que-podra-verse-el-sabado-en-condestable\/#primaryimage","url":"https:\/\/www.laguiadepamplona.com\/actualidad\/wp-content\/uploads\/2018\/05\/palacio-condestable.jpg","contentUrl":"https:\/\/www.laguiadepamplona.com\/actualidad\/wp-content\/uploads\/2018\/05\/palacio-condestable.jpg","width":950,"height":634,"caption":"civivox condestable"},{"@type":"BreadcrumbList","@id":"https:\/\/www.laguiadepamplona.com\/actualidad\/la-verguenza-nuevo-titulo-del-ciclo-sobre-el-cineasta-sueco-ingmar-bergman-que-podra-verse-el-sabado-en-condestable\/#breadcrumb","itemListElement":[{"@type":"ListItem","position":1,"name":"Portada","item":"https:\/\/www.laguiadepamplona.com\/actualidad\/"},{"@type":"ListItem","position":2,"name":"\u2018La verg\u00fcenza\u2019, nuevo t\u00edtulo del ciclo sobre el cineasta sueco Ingmar Bergman, que podr\u00e1 verse el s\u00e1bado en Condestable"}]},{"@type":"WebSite","@id":"https:\/\/www.laguiadepamplona.com\/actualidad\/#website","url":"https:\/\/www.laguiadepamplona.com\/actualidad\/","name":"La gu\u00eda de Pamplona","description":"Noticias de Pamplona","publisher":{"@id":"https:\/\/www.laguiadepamplona.com\/actualidad\/#organization"},"potentialAction":[{"@type":"SearchAction","target":{"@type":"EntryPoint","urlTemplate":"https:\/\/www.laguiadepamplona.com\/actualidad\/?s={search_term_string}"},"query-input":{"@type":"PropertyValueSpecification","valueRequired":true,"valueName":"search_term_string"}}],"inLanguage":"es"},{"@type":"Organization","@id":"https:\/\/www.laguiadepamplona.com\/actualidad\/#organization","name":"La Gu\u00eda de Pamplona \/ Noticias","url":"https:\/\/www.laguiadepamplona.com\/actualidad\/","logo":{"@type":"ImageObject","inLanguage":"es","@id":"https:\/\/www.laguiadepamplona.com\/actualidad\/#\/schema\/logo\/image\/","url":"https:\/\/www.laguiadepamplona.com\/actualidad\/wp-content\/uploads\/2018\/11\/logo-laguiadepamplona18-web1.png","contentUrl":"https:\/\/www.laguiadepamplona.com\/actualidad\/wp-content\/uploads\/2018\/11\/logo-laguiadepamplona18-web1.png","width":600,"height":196,"caption":"La Gu\u00eda de Pamplona \/ Noticias"},"image":{"@id":"https:\/\/www.laguiadepamplona.com\/actualidad\/#\/schema\/logo\/image\/"},"sameAs":["https:\/\/www.facebook.com\/laguiadepamplonacom-133175176762273\/?ref=hl","https:\/\/x.com\/LaGuiadPamplona","https:\/\/www.instagram.com\/la_guia_de_pamplona\/","https:\/\/www.youtube.com\/user\/laguiadepamplona"]},{"@type":"Person","@id":"https:\/\/www.laguiadepamplona.com\/actualidad\/#\/schema\/person\/efe887376f0213d4657c93adc50b1fdb","name":"La Gu\u00eda de Pamplona","image":{"@type":"ImageObject","inLanguage":"es","@id":"https:\/\/secure.gravatar.com\/avatar\/b6992f131dc8d30ab0dff15446e9d346d9dbd95992de0fef795073f5ea83a81c?s=96&d=mm&r=g","url":"https:\/\/secure.gravatar.com\/avatar\/b6992f131dc8d30ab0dff15446e9d346d9dbd95992de0fef795073f5ea83a81c?s=96&d=mm&r=g","contentUrl":"https:\/\/secure.gravatar.com\/avatar\/b6992f131dc8d30ab0dff15446e9d346d9dbd95992de0fef795073f5ea83a81c?s=96&d=mm&r=g","caption":"La Gu\u00eda de Pamplona"}}]}},"post_mailing_queue_ids":[],"_links":{"self":[{"href":"https:\/\/www.laguiadepamplona.com\/actualidad\/wp-json\/wp\/v2\/posts\/18960","targetHints":{"allow":["GET"]}}],"collection":[{"href":"https:\/\/www.laguiadepamplona.com\/actualidad\/wp-json\/wp\/v2\/posts"}],"about":[{"href":"https:\/\/www.laguiadepamplona.com\/actualidad\/wp-json\/wp\/v2\/types\/post"}],"author":[{"embeddable":true,"href":"https:\/\/www.laguiadepamplona.com\/actualidad\/wp-json\/wp\/v2\/users\/1"}],"replies":[{"embeddable":true,"href":"https:\/\/www.laguiadepamplona.com\/actualidad\/wp-json\/wp\/v2\/comments?post=18960"}],"version-history":[{"count":0,"href":"https:\/\/www.laguiadepamplona.com\/actualidad\/wp-json\/wp\/v2\/posts\/18960\/revisions"}],"wp:featuredmedia":[{"embeddable":true,"href":"https:\/\/www.laguiadepamplona.com\/actualidad\/wp-json\/wp\/v2\/media\/17390"}],"wp:attachment":[{"href":"https:\/\/www.laguiadepamplona.com\/actualidad\/wp-json\/wp\/v2\/media?parent=18960"}],"wp:term":[{"taxonomy":"category","embeddable":true,"href":"https:\/\/www.laguiadepamplona.com\/actualidad\/wp-json\/wp\/v2\/categories?post=18960"},{"taxonomy":"post_tag","embeddable":true,"href":"https:\/\/www.laguiadepamplona.com\/actualidad\/wp-json\/wp\/v2\/tags?post=18960"}],"curies":[{"name":"wp","href":"https:\/\/api.w.org\/{rel}","templated":true}]}}