{"id":1896,"date":"2014-06-06T11:59:00","date_gmt":"2014-06-06T10:59:00","guid":{"rendered":"http:\/\/laguiadepamplona.es\/noticias\/?p=1896"},"modified":"2014-06-06T11:59:00","modified_gmt":"2014-06-06T10:59:00","slug":"construir-una-huerta-urbana-o-un-jardin-vertical-como-forma-de-mejorar-las-habilidades-para-la-vida-diaria-una-propuesta-de-los-servicios-sociales-de-pamplona","status":"publish","type":"post","link":"https:\/\/www.laguiadepamplona.com\/actualidad\/construir-una-huerta-urbana-o-un-jardin-vertical-como-forma-de-mejorar-las-habilidades-para-la-vida-diaria-una-propuesta-de-los-servicios-sociales-de-pamplona\/","title":{"rendered":"Construir una huerta urbana o un jard\u00edn vertical como forma de mejorar las habilidades para la vida diaria, una propuesta de los Servicios Sociales de Pamplona"},"content":{"rendered":"<h4>Durante este a\u00f1o casi un centenar personas han concluido acciones formativas de <span lang=\"ES-TRAD\">Programa de Incorporaci\u00f3n Social del Ayuntamiento<\/span><\/h4>\n<p class=\"Textonota\"><a href=\"http:\/\/laguiadepamplona.es\/noticias\/wp-content\/uploads\/2014\/06\/huerto_urbano_sociales4.jpg\"><img loading=\"lazy\" decoding=\"async\" class=\"alignleft size-medium wp-image-1897\" src=\"http:\/\/laguiadepamplona.es\/noticias\/wp-content\/uploads\/2014\/06\/huerto_urbano_sociales4-300x200.jpg\" alt=\"huerto_urbano_sociales4\" width=\"300\" height=\"200\" \/><\/a>Hasta el pr\u00f3ximo viernes 18 personas se afanar\u00e1n en fabricar y sembrar un huerto urbano en los locales del Centro Errotazar, uno espacios que gestiona el \u00c1rea de Bienestar Social e Igualdad del Ayuntamiento de Pamplona en la Rochapea. Quienes trabajan desde mediados de mayo en el huerto, y en el jard\u00edn vertical del exterior de los locales son, en realidad, parte de una acci\u00f3n formativa que pretende ayudarles a mejorar sus habilidades para la vida diaria. Se trata de que los participantes desarrollen competencias para trabajo en grupo, la sensibilizaci\u00f3n medioambiental o uso del reciclaje como alternativa econ\u00f3mica y, espec\u00edficamente, a que adquieran y pongan en pr\u00e1ctica diferentes habilidades relacionadas con la horticultura ecol\u00f3gica adaptada a un entorno urbano y dom\u00e9stico.<\/p>\n<p class=\"Textonota\">Esta actividad se inscribe dentro de los Itinerarios para personas con dificultadas que se llevan a cabo desde el Programa de Incorporaci\u00f3n Social. Este Programa de Habilidades para la Vida Diaria, al que se accede a trav\u00e9s de cualquiera de las 12 unidades de barrio con las que cuentan los Servicios Sociales de la ciudad, se dirige a ciudadanos con necesidades de apoyo en diferentes \u00e1mbitos de su vida, adem\u00e1s del espec\u00edficamente laboral. As\u00ed, <span style=\"color: black;\">se dise\u00f1an objetivos para cada persona<\/span> desde una intervenci\u00f3n propia del trabajo social y con la metodolog\u00eda <span style=\"color: black;\">del Acompa\u00f1amiento Socioeducativo.<\/span><\/p>\n<p class=\"Textonota\">En el presente curso 2013-2014 se han realizado 326 horas de formaci\u00f3n en este tipo de acciones, tras las que se han entregado 87 diplomas. Obtiene acreditaci\u00f3n toda aquella persona que haya superado el 80% de asistencia con aprovechamiento, tras una evaluaci\u00f3n individualizada sobre los objetivos pretendidos, tambi\u00e9n fijados de forma personal al principio de la formaci\u00f3n.<\/p>\n<p class=\"ladillonota\"><strong>Un m\u00f3dulo presencial de 5 semanas<\/strong><\/p>\n<p class=\"Textonota\"><a href=\"http:\/\/laguiadepamplona.es\/noticias\/wp-content\/uploads\/2014\/06\/huerto_urbano_sociales.jpg\"><img loading=\"lazy\" decoding=\"async\" class=\"alignleft size-medium wp-image-1898\" src=\"http:\/\/laguiadepamplona.es\/noticias\/wp-content\/uploads\/2014\/06\/huerto_urbano_sociales-300x200.jpg\" alt=\"huerto_urbano_sociales\" width=\"300\" height=\"200\" \/><\/a>Los huertos urbanos y la jardiner\u00eda vertical son ya un hecho en muchas ciudades y la UE calcula que ser\u00e1n un nicho de nuevo empleo en los pr\u00f3ximos a\u00f1os. El curso que acaba la semana que viene tiene una duraci\u00f3n de cinco semanas y se imparte tres d\u00edas por semana, con 2,5 horas al d\u00eda.<\/p>\n<p class=\"Textonota\">Iosu Biskarret y Txelo Narro, del Colectivo Alaiz, se encargan de que los 18 alumnos, de todas las edades, aprendan contenidos b\u00e1sicos sobre Jardiner\u00eda y huerto urbano: germinaci\u00f3n y plantaci\u00f3n, riego, calendario y marco de plantaci\u00f3n, etc. Adem\u00e1s se trabaja transversalmente con el alumnado en contenidos como asistencia, puntualidad, constancia, compromiso, respeto, etc.<\/p>\n<p class=\"Textonota\">En el Centro de Formaci\u00f3n de Errotazar (Rochapea) se han preparado semilleros caseros en botellas de refrescos, en palets o barquillas con plantas de jardiner\u00eda y hierbas arom\u00e1ticas y medicinales y se han utilizado jardineras tradicionales para plantar hortalizas. Todo el material vegetal es ecol\u00f3gico.<span style=\"color: black;\"> Para hacer posible esta formaci\u00f3n han colaborado otros servicios municipales como el \u00c1rea de<\/span> Conservaci\u00f3n Urbana, a trav\u00e9s de Parques y Jardines y el Vivero Municipal. Dentro del \u00c1rea de Bienestar Social la han hecho posible el Programa de Empleo Social Protegido y las escuelas-taller municipales que han cedido materiales y se han encargado de su transporte.<\/p>\n<p class=\"Textonota\">Durante el curso se han realizado, adem\u00e1s, unas visitas a centros donde se trabajan en este \u00e1mbito: Elkarkide y escuela taller Casa Irujo en Aranzadi, Natureskola de Berriozar y Lorenea, en Noain. A partir del viernes que vienen se realizar\u00e1n las evaluaciones.<\/p>\n<p class=\"ladillonota\"><strong>La formaci\u00f3n sociopersonal en las unidades de barrio<\/strong><\/p>\n<p class=\"Textonota\">El Programa de Incorporaci\u00f3n Social, al que se accede por derivaci\u00f3n de las unidades de barrio (12) de Pamplona, se vale de la formaci\u00f3n sociopersonal como una de sus principales estrategias de intervenci\u00f3n para el cambio estructur\u00e1ndola en dos grandes campos: el Programa de Habilidades Sociales (cuatro fases de 25 horas en cinco semanas) y el Programa de Habilidades para la Vida Diaria (cuatro fases de 30 horas en 5 semanas). Ambos comienzan en octubre y terminan en junio y las formaciones se llevan a cabo en colaboraci\u00f3n con el Colectivo Alaiz y la Fundaci\u00f3n Gaztelan.<\/p>\n<p class=\"Textonota\">Con el trabajo de 12 personas, entre trabajadoras sociales, t\u00e9cnicas de Integraci\u00f3n y psic\u00f3logos, en 2013, desde este programa se atendieron 402 unidades familiares en Pamplona. De las 161 personas que participaron en acciones formativas, 114 las concluyeron obteniendo el correspondiente diploma de acreditaci\u00f3n.<\/p>\n<p class=\"Textonota\">Adem\u00e1s de la formaci\u00f3n estable, otras acciones realizadas en 2013 desde el Programa de Incorporaci\u00f3n Social de las unidades de barrio fueron \u2018El Mundo Emocional del Ni\u00f1o\u2019, que tuvo lugar en noviembre dentro de la iniciativa \u2018Escuela de Padres y Madres; una formaci\u00f3n en inform\u00e1tica b\u00e1sica que se imparti\u00f3 en junio; la habitual formaci\u00f3n de verano, centrada en hacer un recorrido por los recursos de la ciudad y, vinculada al \u00c1rea de Igualdad, a la altura de mayo se realiz\u00f3 un curso de \u2018Relaciones de Igualdad y Buenos Tratos\u2019.<\/p>\n","protected":false},"excerpt":{"rendered":"<p>Durante este a\u00f1o casi un centenar personas han concluido acciones formativas de Programa de Incorporaci\u00f3n Social del Ayuntamiento Hasta el pr\u00f3ximo viernes 18 personas se afanar\u00e1n en fabricar y sembrar&#8230;<\/p>\n","protected":false},"author":1,"featured_media":1897,"comment_status":"open","ping_status":"open","sticky":false,"template":"","format":"standard","meta":{"footnotes":""},"categories":[2],"tags":[5,6,509,1576,1577,1578,8,9,1579,1580],"class_list":["post-1896","post","type-post","status-publish","format-standard","has-post-thumbnail","hentry","category-ayuntamiento-pamplona","tag-actualidad","tag-ayto-pamplona","tag-ayuntamiento-de-pamplona","tag-huerta-urbana","tag-jardin-vertical","tag-mejorar-las-habilidades","tag-noticias","tag-pamplona","tag-servicios-sociales","tag-vida-diaria"],"yoast_head":"<!-- This site is optimized with the Yoast SEO plugin v27.5 - https:\/\/yoast.com\/product\/yoast-seo-wordpress\/ -->\n<title>Construir una huerta urbana o un jard\u00edn vertical como forma de mejorar las habilidades para la vida diaria, una propuesta de los Servicios Sociales de Pamplona<\/title>\n<meta name=\"robots\" content=\"index, follow, max-snippet:-1, max-image-preview:large, max-video-preview:-1\" \/>\n<link rel=\"canonical\" href=\"https:\/\/www.laguiadepamplona.com\/actualidad\/construir-una-huerta-urbana-o-un-jardin-vertical-como-forma-de-mejorar-las-habilidades-para-la-vida-diaria-una-propuesta-de-los-servicios-sociales-de-pamplona\/\" \/>\n<meta property=\"og:locale\" content=\"es_ES\" \/>\n<meta property=\"og:type\" content=\"article\" \/>\n<meta property=\"og:title\" content=\"Construir una huerta urbana o un jard\u00edn vertical como forma de mejorar las habilidades para la vida diaria, una propuesta de los Servicios Sociales de Pamplona\" \/>\n<meta property=\"og:description\" content=\"Durante este a\u00f1o casi un centenar personas han concluido acciones formativas de Programa de Incorporaci\u00f3n Social del Ayuntamiento Hasta el pr\u00f3ximo viernes 18 personas se afanar\u00e1n en fabricar y sembrar...\" \/>\n<meta property=\"og:url\" content=\"https:\/\/www.laguiadepamplona.com\/actualidad\/construir-una-huerta-urbana-o-un-jardin-vertical-como-forma-de-mejorar-las-habilidades-para-la-vida-diaria-una-propuesta-de-los-servicios-sociales-de-pamplona\/\" \/>\n<meta property=\"og:site_name\" content=\"La Gu\u00eda de Pamplona\" \/>\n<meta property=\"article:publisher\" content=\"https:\/\/www.facebook.com\/laguiadepamplonacom-133175176762273\/?ref=hl\" \/>\n<meta property=\"article:published_time\" content=\"2014-06-06T10:59:00+00:00\" \/>\n<meta name=\"author\" content=\"La Gu\u00eda de Pamplona\" \/>\n<meta name=\"twitter:card\" content=\"summary_large_image\" \/>\n<meta name=\"twitter:creator\" content=\"@LaGuiadPamplona\" \/>\n<meta name=\"twitter:site\" content=\"@LaGuiadPamplona\" \/>\n<meta name=\"twitter:label1\" content=\"Escrito por\" \/>\n\t<meta name=\"twitter:data1\" content=\"La Gu\u00eda de Pamplona\" \/>\n\t<meta name=\"twitter:label2\" content=\"Tiempo de lectura\" \/>\n\t<meta name=\"twitter:data2\" content=\"4 minutos\" \/>\n<script type=\"application\/ld+json\" class=\"yoast-schema-graph\">{\"@context\":\"https:\\\/\\\/schema.org\",\"@graph\":[{\"@type\":\"Article\",\"@id\":\"https:\\\/\\\/www.laguiadepamplona.com\\\/actualidad\\\/construir-una-huerta-urbana-o-un-jardin-vertical-como-forma-de-mejorar-las-habilidades-para-la-vida-diaria-una-propuesta-de-los-servicios-sociales-de-pamplona\\\/#article\",\"isPartOf\":{\"@id\":\"https:\\\/\\\/www.laguiadepamplona.com\\\/actualidad\\\/construir-una-huerta-urbana-o-un-jardin-vertical-como-forma-de-mejorar-las-habilidades-para-la-vida-diaria-una-propuesta-de-los-servicios-sociales-de-pamplona\\\/\"},\"author\":{\"name\":\"La Gu\u00eda de Pamplona\",\"@id\":\"https:\\\/\\\/www.laguiadepamplona.com\\\/actualidad\\\/#\\\/schema\\\/person\\\/efe887376f0213d4657c93adc50b1fdb\"},\"headline\":\"Construir una huerta urbana o un jard\u00edn vertical como forma de mejorar las habilidades para la vida diaria, una propuesta de los Servicios Sociales de Pamplona\",\"datePublished\":\"2014-06-06T10:59:00+00:00\",\"mainEntityOfPage\":{\"@id\":\"https:\\\/\\\/www.laguiadepamplona.com\\\/actualidad\\\/construir-una-huerta-urbana-o-un-jardin-vertical-como-forma-de-mejorar-las-habilidades-para-la-vida-diaria-una-propuesta-de-los-servicios-sociales-de-pamplona\\\/\"},\"wordCount\":863,\"commentCount\":0,\"publisher\":{\"@id\":\"https:\\\/\\\/www.laguiadepamplona.com\\\/actualidad\\\/#organization\"},\"image\":{\"@id\":\"https:\\\/\\\/www.laguiadepamplona.com\\\/actualidad\\\/construir-una-huerta-urbana-o-un-jardin-vertical-como-forma-de-mejorar-las-habilidades-para-la-vida-diaria-una-propuesta-de-los-servicios-sociales-de-pamplona\\\/#primaryimage\"},\"thumbnailUrl\":\"\",\"keywords\":[\"actualidad\",\"ayto pamplona\",\"Ayuntamiento de Pamplona\",\"huerta urbana\",\"jard\u00edn vertical\",\"mejorar las habilidades\",\"noticias\",\"pamplona\",\"Servicios Sociales\",\"vida diaria\"],\"articleSection\":[\"Ayto Pamplona\"],\"inLanguage\":\"es\",\"potentialAction\":[{\"@type\":\"CommentAction\",\"name\":\"Comment\",\"target\":[\"https:\\\/\\\/www.laguiadepamplona.com\\\/actualidad\\\/construir-una-huerta-urbana-o-un-jardin-vertical-como-forma-de-mejorar-las-habilidades-para-la-vida-diaria-una-propuesta-de-los-servicios-sociales-de-pamplona\\\/#respond\"]}]},{\"@type\":\"WebPage\",\"@id\":\"https:\\\/\\\/www.laguiadepamplona.com\\\/actualidad\\\/construir-una-huerta-urbana-o-un-jardin-vertical-como-forma-de-mejorar-las-habilidades-para-la-vida-diaria-una-propuesta-de-los-servicios-sociales-de-pamplona\\\/\",\"url\":\"https:\\\/\\\/www.laguiadepamplona.com\\\/actualidad\\\/construir-una-huerta-urbana-o-un-jardin-vertical-como-forma-de-mejorar-las-habilidades-para-la-vida-diaria-una-propuesta-de-los-servicios-sociales-de-pamplona\\\/\",\"name\":\"Construir una huerta urbana o un jard\u00edn vertical como forma de mejorar las habilidades para la vida diaria, una propuesta de los Servicios Sociales de Pamplona\",\"isPartOf\":{\"@id\":\"https:\\\/\\\/www.laguiadepamplona.com\\\/actualidad\\\/#website\"},\"primaryImageOfPage\":{\"@id\":\"https:\\\/\\\/www.laguiadepamplona.com\\\/actualidad\\\/construir-una-huerta-urbana-o-un-jardin-vertical-como-forma-de-mejorar-las-habilidades-para-la-vida-diaria-una-propuesta-de-los-servicios-sociales-de-pamplona\\\/#primaryimage\"},\"image\":{\"@id\":\"https:\\\/\\\/www.laguiadepamplona.com\\\/actualidad\\\/construir-una-huerta-urbana-o-un-jardin-vertical-como-forma-de-mejorar-las-habilidades-para-la-vida-diaria-una-propuesta-de-los-servicios-sociales-de-pamplona\\\/#primaryimage\"},\"thumbnailUrl\":\"\",\"datePublished\":\"2014-06-06T10:59:00+00:00\",\"breadcrumb\":{\"@id\":\"https:\\\/\\\/www.laguiadepamplona.com\\\/actualidad\\\/construir-una-huerta-urbana-o-un-jardin-vertical-como-forma-de-mejorar-las-habilidades-para-la-vida-diaria-una-propuesta-de-los-servicios-sociales-de-pamplona\\\/#breadcrumb\"},\"inLanguage\":\"es\",\"potentialAction\":[{\"@type\":\"ReadAction\",\"target\":[\"https:\\\/\\\/www.laguiadepamplona.com\\\/actualidad\\\/construir-una-huerta-urbana-o-un-jardin-vertical-como-forma-de-mejorar-las-habilidades-para-la-vida-diaria-una-propuesta-de-los-servicios-sociales-de-pamplona\\\/\"]}]},{\"@type\":\"ImageObject\",\"inLanguage\":\"es\",\"@id\":\"https:\\\/\\\/www.laguiadepamplona.com\\\/actualidad\\\/construir-una-huerta-urbana-o-un-jardin-vertical-como-forma-de-mejorar-las-habilidades-para-la-vida-diaria-una-propuesta-de-los-servicios-sociales-de-pamplona\\\/#primaryimage\",\"url\":\"\",\"contentUrl\":\"\"},{\"@type\":\"BreadcrumbList\",\"@id\":\"https:\\\/\\\/www.laguiadepamplona.com\\\/actualidad\\\/construir-una-huerta-urbana-o-un-jardin-vertical-como-forma-de-mejorar-las-habilidades-para-la-vida-diaria-una-propuesta-de-los-servicios-sociales-de-pamplona\\\/#breadcrumb\",\"itemListElement\":[{\"@type\":\"ListItem\",\"position\":1,\"name\":\"Portada\",\"item\":\"https:\\\/\\\/www.laguiadepamplona.com\\\/actualidad\\\/\"},{\"@type\":\"ListItem\",\"position\":2,\"name\":\"Construir una huerta urbana o un jard\u00edn vertical como forma de mejorar las habilidades para la vida diaria, una propuesta de los Servicios Sociales de Pamplona\"}]},{\"@type\":\"WebSite\",\"@id\":\"https:\\\/\\\/www.laguiadepamplona.com\\\/actualidad\\\/#website\",\"url\":\"https:\\\/\\\/www.laguiadepamplona.com\\\/actualidad\\\/\",\"name\":\"La gu\u00eda de Pamplona\",\"description\":\"Noticias de Pamplona\",\"publisher\":{\"@id\":\"https:\\\/\\\/www.laguiadepamplona.com\\\/actualidad\\\/#organization\"},\"potentialAction\":[{\"@type\":\"SearchAction\",\"target\":{\"@type\":\"EntryPoint\",\"urlTemplate\":\"https:\\\/\\\/www.laguiadepamplona.com\\\/actualidad\\\/?s={search_term_string}\"},\"query-input\":{\"@type\":\"PropertyValueSpecification\",\"valueRequired\":true,\"valueName\":\"search_term_string\"}}],\"inLanguage\":\"es\"},{\"@type\":\"Organization\",\"@id\":\"https:\\\/\\\/www.laguiadepamplona.com\\\/actualidad\\\/#organization\",\"name\":\"La Gu\u00eda de Pamplona \\\/ Noticias\",\"url\":\"https:\\\/\\\/www.laguiadepamplona.com\\\/actualidad\\\/\",\"logo\":{\"@type\":\"ImageObject\",\"inLanguage\":\"es\",\"@id\":\"https:\\\/\\\/www.laguiadepamplona.com\\\/actualidad\\\/#\\\/schema\\\/logo\\\/image\\\/\",\"url\":\"https:\\\/\\\/www.laguiadepamplona.com\\\/actualidad\\\/wp-content\\\/uploads\\\/2018\\\/11\\\/logo-laguiadepamplona18-web1.png\",\"contentUrl\":\"https:\\\/\\\/www.laguiadepamplona.com\\\/actualidad\\\/wp-content\\\/uploads\\\/2018\\\/11\\\/logo-laguiadepamplona18-web1.png\",\"width\":600,\"height\":196,\"caption\":\"La Gu\u00eda de Pamplona \\\/ Noticias\"},\"image\":{\"@id\":\"https:\\\/\\\/www.laguiadepamplona.com\\\/actualidad\\\/#\\\/schema\\\/logo\\\/image\\\/\"},\"sameAs\":[\"https:\\\/\\\/www.facebook.com\\\/laguiadepamplonacom-133175176762273\\\/?ref=hl\",\"https:\\\/\\\/x.com\\\/LaGuiadPamplona\",\"https:\\\/\\\/www.instagram.com\\\/la_guia_de_pamplona\\\/\",\"https:\\\/\\\/www.youtube.com\\\/user\\\/laguiadepamplona\"]},{\"@type\":\"Person\",\"@id\":\"https:\\\/\\\/www.laguiadepamplona.com\\\/actualidad\\\/#\\\/schema\\\/person\\\/efe887376f0213d4657c93adc50b1fdb\",\"name\":\"La Gu\u00eda de Pamplona\",\"image\":{\"@type\":\"ImageObject\",\"inLanguage\":\"es\",\"@id\":\"https:\\\/\\\/secure.gravatar.com\\\/avatar\\\/b6992f131dc8d30ab0dff15446e9d346d9dbd95992de0fef795073f5ea83a81c?s=96&d=mm&r=g\",\"url\":\"https:\\\/\\\/secure.gravatar.com\\\/avatar\\\/b6992f131dc8d30ab0dff15446e9d346d9dbd95992de0fef795073f5ea83a81c?s=96&d=mm&r=g\",\"contentUrl\":\"https:\\\/\\\/secure.gravatar.com\\\/avatar\\\/b6992f131dc8d30ab0dff15446e9d346d9dbd95992de0fef795073f5ea83a81c?s=96&d=mm&r=g\",\"caption\":\"La Gu\u00eda de Pamplona\"}}]}<\/script>\n<!-- \/ Yoast SEO plugin. -->","yoast_head_json":{"title":"Construir una huerta urbana o un jard\u00edn vertical como forma de mejorar las habilidades para la vida diaria, una propuesta de los Servicios Sociales de Pamplona","robots":{"index":"index","follow":"follow","max-snippet":"max-snippet:-1","max-image-preview":"max-image-preview:large","max-video-preview":"max-video-preview:-1"},"canonical":"https:\/\/www.laguiadepamplona.com\/actualidad\/construir-una-huerta-urbana-o-un-jardin-vertical-como-forma-de-mejorar-las-habilidades-para-la-vida-diaria-una-propuesta-de-los-servicios-sociales-de-pamplona\/","og_locale":"es_ES","og_type":"article","og_title":"Construir una huerta urbana o un jard\u00edn vertical como forma de mejorar las habilidades para la vida diaria, una propuesta de los Servicios Sociales de Pamplona","og_description":"Durante este a\u00f1o casi un centenar personas han concluido acciones formativas de Programa de Incorporaci\u00f3n Social del Ayuntamiento Hasta el pr\u00f3ximo viernes 18 personas se afanar\u00e1n en fabricar y sembrar...","og_url":"https:\/\/www.laguiadepamplona.com\/actualidad\/construir-una-huerta-urbana-o-un-jardin-vertical-como-forma-de-mejorar-las-habilidades-para-la-vida-diaria-una-propuesta-de-los-servicios-sociales-de-pamplona\/","og_site_name":"La Gu\u00eda de Pamplona","article_publisher":"https:\/\/www.facebook.com\/laguiadepamplonacom-133175176762273\/?ref=hl","article_published_time":"2014-06-06T10:59:00+00:00","author":"La Gu\u00eda de Pamplona","twitter_card":"summary_large_image","twitter_creator":"@LaGuiadPamplona","twitter_site":"@LaGuiadPamplona","twitter_misc":{"Escrito por":"La Gu\u00eda de Pamplona","Tiempo de lectura":"4 minutos"},"schema":{"@context":"https:\/\/schema.org","@graph":[{"@type":"Article","@id":"https:\/\/www.laguiadepamplona.com\/actualidad\/construir-una-huerta-urbana-o-un-jardin-vertical-como-forma-de-mejorar-las-habilidades-para-la-vida-diaria-una-propuesta-de-los-servicios-sociales-de-pamplona\/#article","isPartOf":{"@id":"https:\/\/www.laguiadepamplona.com\/actualidad\/construir-una-huerta-urbana-o-un-jardin-vertical-como-forma-de-mejorar-las-habilidades-para-la-vida-diaria-una-propuesta-de-los-servicios-sociales-de-pamplona\/"},"author":{"name":"La Gu\u00eda de Pamplona","@id":"https:\/\/www.laguiadepamplona.com\/actualidad\/#\/schema\/person\/efe887376f0213d4657c93adc50b1fdb"},"headline":"Construir una huerta urbana o un jard\u00edn vertical como forma de mejorar las habilidades para la vida diaria, una propuesta de los Servicios Sociales de Pamplona","datePublished":"2014-06-06T10:59:00+00:00","mainEntityOfPage":{"@id":"https:\/\/www.laguiadepamplona.com\/actualidad\/construir-una-huerta-urbana-o-un-jardin-vertical-como-forma-de-mejorar-las-habilidades-para-la-vida-diaria-una-propuesta-de-los-servicios-sociales-de-pamplona\/"},"wordCount":863,"commentCount":0,"publisher":{"@id":"https:\/\/www.laguiadepamplona.com\/actualidad\/#organization"},"image":{"@id":"https:\/\/www.laguiadepamplona.com\/actualidad\/construir-una-huerta-urbana-o-un-jardin-vertical-como-forma-de-mejorar-las-habilidades-para-la-vida-diaria-una-propuesta-de-los-servicios-sociales-de-pamplona\/#primaryimage"},"thumbnailUrl":"","keywords":["actualidad","ayto pamplona","Ayuntamiento de Pamplona","huerta urbana","jard\u00edn vertical","mejorar las habilidades","noticias","pamplona","Servicios Sociales","vida diaria"],"articleSection":["Ayto Pamplona"],"inLanguage":"es","potentialAction":[{"@type":"CommentAction","name":"Comment","target":["https:\/\/www.laguiadepamplona.com\/actualidad\/construir-una-huerta-urbana-o-un-jardin-vertical-como-forma-de-mejorar-las-habilidades-para-la-vida-diaria-una-propuesta-de-los-servicios-sociales-de-pamplona\/#respond"]}]},{"@type":"WebPage","@id":"https:\/\/www.laguiadepamplona.com\/actualidad\/construir-una-huerta-urbana-o-un-jardin-vertical-como-forma-de-mejorar-las-habilidades-para-la-vida-diaria-una-propuesta-de-los-servicios-sociales-de-pamplona\/","url":"https:\/\/www.laguiadepamplona.com\/actualidad\/construir-una-huerta-urbana-o-un-jardin-vertical-como-forma-de-mejorar-las-habilidades-para-la-vida-diaria-una-propuesta-de-los-servicios-sociales-de-pamplona\/","name":"Construir una huerta urbana o un jard\u00edn vertical como forma de mejorar las habilidades para la vida diaria, una propuesta de los Servicios Sociales de Pamplona","isPartOf":{"@id":"https:\/\/www.laguiadepamplona.com\/actualidad\/#website"},"primaryImageOfPage":{"@id":"https:\/\/www.laguiadepamplona.com\/actualidad\/construir-una-huerta-urbana-o-un-jardin-vertical-como-forma-de-mejorar-las-habilidades-para-la-vida-diaria-una-propuesta-de-los-servicios-sociales-de-pamplona\/#primaryimage"},"image":{"@id":"https:\/\/www.laguiadepamplona.com\/actualidad\/construir-una-huerta-urbana-o-un-jardin-vertical-como-forma-de-mejorar-las-habilidades-para-la-vida-diaria-una-propuesta-de-los-servicios-sociales-de-pamplona\/#primaryimage"},"thumbnailUrl":"","datePublished":"2014-06-06T10:59:00+00:00","breadcrumb":{"@id":"https:\/\/www.laguiadepamplona.com\/actualidad\/construir-una-huerta-urbana-o-un-jardin-vertical-como-forma-de-mejorar-las-habilidades-para-la-vida-diaria-una-propuesta-de-los-servicios-sociales-de-pamplona\/#breadcrumb"},"inLanguage":"es","potentialAction":[{"@type":"ReadAction","target":["https:\/\/www.laguiadepamplona.com\/actualidad\/construir-una-huerta-urbana-o-un-jardin-vertical-como-forma-de-mejorar-las-habilidades-para-la-vida-diaria-una-propuesta-de-los-servicios-sociales-de-pamplona\/"]}]},{"@type":"ImageObject","inLanguage":"es","@id":"https:\/\/www.laguiadepamplona.com\/actualidad\/construir-una-huerta-urbana-o-un-jardin-vertical-como-forma-de-mejorar-las-habilidades-para-la-vida-diaria-una-propuesta-de-los-servicios-sociales-de-pamplona\/#primaryimage","url":"","contentUrl":""},{"@type":"BreadcrumbList","@id":"https:\/\/www.laguiadepamplona.com\/actualidad\/construir-una-huerta-urbana-o-un-jardin-vertical-como-forma-de-mejorar-las-habilidades-para-la-vida-diaria-una-propuesta-de-los-servicios-sociales-de-pamplona\/#breadcrumb","itemListElement":[{"@type":"ListItem","position":1,"name":"Portada","item":"https:\/\/www.laguiadepamplona.com\/actualidad\/"},{"@type":"ListItem","position":2,"name":"Construir una huerta urbana o un jard\u00edn vertical como forma de mejorar las habilidades para la vida diaria, una propuesta de los Servicios Sociales de Pamplona"}]},{"@type":"WebSite","@id":"https:\/\/www.laguiadepamplona.com\/actualidad\/#website","url":"https:\/\/www.laguiadepamplona.com\/actualidad\/","name":"La gu\u00eda de Pamplona","description":"Noticias de Pamplona","publisher":{"@id":"https:\/\/www.laguiadepamplona.com\/actualidad\/#organization"},"potentialAction":[{"@type":"SearchAction","target":{"@type":"EntryPoint","urlTemplate":"https:\/\/www.laguiadepamplona.com\/actualidad\/?s={search_term_string}"},"query-input":{"@type":"PropertyValueSpecification","valueRequired":true,"valueName":"search_term_string"}}],"inLanguage":"es"},{"@type":"Organization","@id":"https:\/\/www.laguiadepamplona.com\/actualidad\/#organization","name":"La Gu\u00eda de Pamplona \/ Noticias","url":"https:\/\/www.laguiadepamplona.com\/actualidad\/","logo":{"@type":"ImageObject","inLanguage":"es","@id":"https:\/\/www.laguiadepamplona.com\/actualidad\/#\/schema\/logo\/image\/","url":"https:\/\/www.laguiadepamplona.com\/actualidad\/wp-content\/uploads\/2018\/11\/logo-laguiadepamplona18-web1.png","contentUrl":"https:\/\/www.laguiadepamplona.com\/actualidad\/wp-content\/uploads\/2018\/11\/logo-laguiadepamplona18-web1.png","width":600,"height":196,"caption":"La Gu\u00eda de Pamplona \/ Noticias"},"image":{"@id":"https:\/\/www.laguiadepamplona.com\/actualidad\/#\/schema\/logo\/image\/"},"sameAs":["https:\/\/www.facebook.com\/laguiadepamplonacom-133175176762273\/?ref=hl","https:\/\/x.com\/LaGuiadPamplona","https:\/\/www.instagram.com\/la_guia_de_pamplona\/","https:\/\/www.youtube.com\/user\/laguiadepamplona"]},{"@type":"Person","@id":"https:\/\/www.laguiadepamplona.com\/actualidad\/#\/schema\/person\/efe887376f0213d4657c93adc50b1fdb","name":"La Gu\u00eda de Pamplona","image":{"@type":"ImageObject","inLanguage":"es","@id":"https:\/\/secure.gravatar.com\/avatar\/b6992f131dc8d30ab0dff15446e9d346d9dbd95992de0fef795073f5ea83a81c?s=96&d=mm&r=g","url":"https:\/\/secure.gravatar.com\/avatar\/b6992f131dc8d30ab0dff15446e9d346d9dbd95992de0fef795073f5ea83a81c?s=96&d=mm&r=g","contentUrl":"https:\/\/secure.gravatar.com\/avatar\/b6992f131dc8d30ab0dff15446e9d346d9dbd95992de0fef795073f5ea83a81c?s=96&d=mm&r=g","caption":"La Gu\u00eda de Pamplona"}}]}},"post_mailing_queue_ids":[],"_links":{"self":[{"href":"https:\/\/www.laguiadepamplona.com\/actualidad\/wp-json\/wp\/v2\/posts\/1896","targetHints":{"allow":["GET"]}}],"collection":[{"href":"https:\/\/www.laguiadepamplona.com\/actualidad\/wp-json\/wp\/v2\/posts"}],"about":[{"href":"https:\/\/www.laguiadepamplona.com\/actualidad\/wp-json\/wp\/v2\/types\/post"}],"author":[{"embeddable":true,"href":"https:\/\/www.laguiadepamplona.com\/actualidad\/wp-json\/wp\/v2\/users\/1"}],"replies":[{"embeddable":true,"href":"https:\/\/www.laguiadepamplona.com\/actualidad\/wp-json\/wp\/v2\/comments?post=1896"}],"version-history":[{"count":0,"href":"https:\/\/www.laguiadepamplona.com\/actualidad\/wp-json\/wp\/v2\/posts\/1896\/revisions"}],"wp:featuredmedia":[{"embeddable":true,"href":"https:\/\/www.laguiadepamplona.com\/actualidad\/wp-json\/"}],"wp:attachment":[{"href":"https:\/\/www.laguiadepamplona.com\/actualidad\/wp-json\/wp\/v2\/media?parent=1896"}],"wp:term":[{"taxonomy":"category","embeddable":true,"href":"https:\/\/www.laguiadepamplona.com\/actualidad\/wp-json\/wp\/v2\/categories?post=1896"},{"taxonomy":"post_tag","embeddable":true,"href":"https:\/\/www.laguiadepamplona.com\/actualidad\/wp-json\/wp\/v2\/tags?post=1896"}],"curies":[{"name":"wp","href":"https:\/\/api.w.org\/{rel}","templated":true}]}}