{"id":18946,"date":"2018-10-09T13:38:17","date_gmt":"2018-10-09T11:38:17","guid":{"rendered":"https:\/\/www.laguiadepamplona.es\/actualidad\/?p=18946"},"modified":"2018-10-09T13:38:17","modified_gmt":"2018-10-09T11:38:17","slug":"pamplona-reconoce-la-aportacion-de-la-escritora-carmen-baroja-y-nessi-al-mundo-de-la-cultura-con-una-placa-en-la-antigua-casa-donde-nacio-y-vivio-en-la-calle-nueva-30","status":"publish","type":"post","link":"https:\/\/www.laguiadepamplona.com\/actualidad\/pamplona-reconoce-la-aportacion-de-la-escritora-carmen-baroja-y-nessi-al-mundo-de-la-cultura-con-una-placa-en-la-antigua-casa-donde-nacio-y-vivio-en-la-calle-nueva-30\/","title":{"rendered":"Pamplona reconoce la aportaci\u00f3n de la escritora Carmen Baroja y Nessi al mundo de la cultura con una placa en la antigua casa donde naci\u00f3 y vivi\u00f3, en la calle Nueva 30"},"content":{"rendered":"<h3>El Ayuntamiento ha querido destacar su compromiso con los derechos de las mujeres en la Generaci\u00f3n del 98<\/h3>\n<p><!--more--><\/p>\n<p>Pamplona ha reconocido a la escritora Carmen Baroja y Nessi con la colocaci\u00f3n de una placa en el lugar donde estuvo la casa donde naci\u00f3 y vivi\u00f3, en la calle Nueva 30. El Ayuntamiento quiere as\u00ed destacar el compromiso de esta escritora con los derechos de las mujeres en la Generaci\u00f3n del 98 y su contribuci\u00f3n al mundo de la cultura.<\/p>\n<p>El alcalde de Pamplona, Joseba Asiron, y miembros de la Corporaci\u00f3n municipal han participado en el acto, en el que han intervenido adem\u00e1s la escritora y nieta de Carmen Baroja y Nessi, Carmen Caro, y alumnado de 6\u00ba de Primaria del Colegio P\u00fablico de San Francisco, que han trabajado la biograf\u00eda de la homenajeada a trav\u00e9s de distintas sesiones, y que hoy le han rendido su especial homenaje leyendo testos de la biograf\u00eda de la escritora a pie de calle.<\/p>\n<p>Carmen Baroja y Nessi naci\u00f3 en la antigua casa de la calle Nueva, 30 el d\u00eda 10 de diciembre de 1883. Ahora, en la fachada del edificio puede leerse en castellano y euskera la siguiente leyenda: \u201cEn el antiguo edificio se\u00f1alado con el n\u00famero 30 de esta calle, el 10 de diciembre de 1883 naci\u00f3 Carmen Baroja y Nessi, escritora comprometida con los derechos de las mujeres en la generaci\u00f3n del 98, hermana del novelista P\u00edo Baroja, y madre de Julio y P\u00edo Caro Baroja, antrop\u00f3logo-historiador y documentalista, respectivamente\u201d.<\/p>\n<p>El acto ha contado con m\u00fasica de piano y cello a cargo de Suakai, que han interpretado una selecci\u00f3n de piezas de la obra \u2018Piezas de Fantas\u00ed\u2019 (Drei Fantasiest\u00fccke) Op.73 de Robert Schumann. La elecci\u00f3n de este compositor alem\u00e1n se debe a la predilecci\u00f3n de Carmen Baroja y Nessi, aficionada a la m\u00fasica y que adem\u00e1s tocaba el piano, por los compositores alemanes. Las piezas que van a interpretar son la 1, \u201cZart und mit Ausdruck\u201d (suave y con expresi\u00f3n) y la 2, \u201cLebhaft, leicht\u201d (animado, ligero).<\/p>\n<p>Adem\u00e1s del acto de este mediod\u00eda, Civivox Condestable acoger\u00e1 esta tarde la conferencia \u2018Carmen Baroja y Nessi y las mujeres de la Generaci\u00f3n del 98\u2019, en la que participar\u00e1n como ponentes su nieta Carmen Caro y la bi\u00f3grafa de la autora Amparo Hurtado. La conferencia comenzar\u00e1 a las 19 horas y la entrada es libre.<\/p>\n<p><script async src=\"\/\/pagead2.googlesyndication.com\/pagead\/js\/adsbygoogle.js\"><\/script><br \/>\n<!-- Noticias La Guia de Pamplona --><br \/>\n<ins class=\"adsbygoogle\"\nstyle=\"display:block\"\ndata-ad-client=\"ca-pub-6943679897239327\"\ndata-ad-slot=\"7048180777\"\ndata-ad-format=\"auto\"><\/ins><br \/>\n<script>\n(adsbygoogle = window.adsbygoogle || []).push({});\n<\/script><\/p>\n<p><strong>Una personalidad polifac\u00e9tica<\/strong><\/p>\n<p>La solicitud de colocaci\u00f3n de una placa conmemorativa en el lugar donde naci\u00f3 Carmen Baroja Nessi surgi\u00f3 del grupo Nombrar Mujeres en Pamplona\/ Iru\u00f1ean Emakumeak izendatu (grupo de trabajo que, a su vez, se form\u00f3 a petici\u00f3n del Consejo Municipal de la Mujer).<\/p>\n<p>Carmen Baroja y Nessi vivi\u00f3 con su familia en el n\u00famero 30 de la Calle Nueva, piso segundo derecha, seg\u00fan se desprende del padr\u00f3n de 1885 (legajo 1; cuadernillo26) conservado en el Archivo Municipal, en un inmueble, que resultar\u00eda demolido en agosto de 1974.<\/p>\n<p>Carmen, hermana de Ricardo y P\u00edo Baroja y madre de Julio y P\u00edo Caro Baroja ofrece una personalidad polifac\u00e9tica como intelectual, artista, periodista y folclorista. Subray\u00f3 su condici\u00f3n de mujer comprometida, superando la dificultad impuesta por el renombre de una familia de hombres culturalmente destacados. Vivi\u00f3 en diferentes lugares: Madrid, Valencia, Zestoa y San Sebasti\u00e1n. En 1906 pas\u00f3 seis meses en Par\u00eds, estancia que le afianz\u00f3 en sus intenciones de proyectarse como artista y mujer independiente.<\/p>\n<p>En 1913, a los treinta a\u00f1os, se cas\u00f3 con Rafael Caro Raggio, una edad inusual para la \u00e9poca, salvo para mujeres con autonom\u00eda econ\u00f3mica, como era su caso.\u00a0En 1925 particip\u00f3 en la creaci\u00f3n de un grupo de teatro innovador en Madrid, El Mirlo Blanco, una compa\u00f1\u00eda independiente vinculada a los Baroja, Valle-Incl\u00e1n y Manuel Aza\u00f1a. En ese tiempo, en 1926, promovi\u00f3 junto con otras mujeres el nacimiento del Lyceum Club Femenino, ejemplo de asociacionismo feminista a la manera de la entidad es similares que funcionaban en Londres, autofinanciadas y con autonom\u00eda, cuya pretensi\u00f3n era fomentar la emancipaci\u00f3n de las mujeres a trav\u00e9s de la cultura. Carmen Baroja presidi\u00f3 la secci\u00f3n de Artes Pl\u00e1sticas en Industriales.<\/p>\n<p>Como publicista edit\u00f3 \u2018El Encaje en Espa\u00f1a\u2019 (Barcelona, 1933), obra todav\u00eda de referencia en la materia, que llev\u00f3 al Ministerio de Instrucci\u00f3n a nombrar a la autora miembro del comit\u00e9 ejecutivo del Patronato del Museo del Prado. En atenci\u00f3n a su labor investigadora y divulgadora, en 1945 public\u00f3 \u2018Cat\u00e1logo de la colecci\u00f3n de amuletos\u2019, inicio de la serie \u2018Trabajos y materiales del Museo del Pueblo Espa\u00f1ol\u2019.<\/p>\n<p>En Itzea<em>,<\/em> la casa familiar de Bera de Bidasoa, escribi\u00f3 algunos cuentos infantiles entre los que destaca \u2018Martinico el de la Casa Grande\u2019 (1942). Bajo el seud\u00f3nimo de Vera de Alzate colabor\u00f3 en el diario La Naci\u00f3n de Buenos Aires. Asimismo particip\u00f3 del mundo cinematogr\u00e1fico realizando algunas adaptaciones basadas en las obras de su hermano P\u00edo.<\/p>\n<p>&nbsp;<\/p>\n","protected":false},"excerpt":{"rendered":"<p>El Ayuntamiento ha querido destacar su compromiso con los derechos de las mujeres en la Generaci\u00f3n del 98<\/p>\n","protected":false},"author":1,"featured_media":18947,"comment_status":"open","ping_status":"closed","sticky":false,"template":"","format":"standard","meta":{"footnotes":""},"categories":[2],"tags":[],"class_list":["post-18946","post","type-post","status-publish","format-standard","has-post-thumbnail","hentry","category-ayuntamiento-pamplona"],"yoast_head":"<!-- This site is optimized with the Yoast SEO plugin v27.9 - https:\/\/yoast.com\/product\/yoast-seo-wordpress\/ -->\n<title>Pamplona reconoce la aportaci\u00f3n de la escritora Carmen Baroja y Nessi al mundo de la cultura con una placa en la antigua casa donde naci\u00f3 y vivi\u00f3, en la calle Nueva 30<\/title>\n<meta name=\"robots\" content=\"index, follow, max-snippet:-1, max-image-preview:large, max-video-preview:-1\" \/>\n<link rel=\"canonical\" href=\"https:\/\/www.laguiadepamplona.com\/actualidad\/pamplona-reconoce-la-aportacion-de-la-escritora-carmen-baroja-y-nessi-al-mundo-de-la-cultura-con-una-placa-en-la-antigua-casa-donde-nacio-y-vivio-en-la-calle-nueva-30\/\" \/>\n<meta property=\"og:locale\" content=\"es_ES\" \/>\n<meta property=\"og:type\" content=\"article\" \/>\n<meta property=\"og:title\" content=\"Pamplona reconoce la aportaci\u00f3n de la escritora Carmen Baroja y Nessi al mundo de la cultura con una placa en la antigua casa donde naci\u00f3 y vivi\u00f3, en la calle Nueva 30\" \/>\n<meta property=\"og:description\" content=\"El Ayuntamiento ha querido destacar su compromiso con los derechos de las mujeres en la Generaci\u00f3n del 98\" \/>\n<meta property=\"og:url\" content=\"https:\/\/www.laguiadepamplona.com\/actualidad\/pamplona-reconoce-la-aportacion-de-la-escritora-carmen-baroja-y-nessi-al-mundo-de-la-cultura-con-una-placa-en-la-antigua-casa-donde-nacio-y-vivio-en-la-calle-nueva-30\/\" \/>\n<meta property=\"og:site_name\" content=\"La Gu\u00eda de Pamplona Noticias y actualidad\" \/>\n<meta property=\"article:publisher\" content=\"https:\/\/www.facebook.com\/laguiadepamplonacom-133175176762273\/?ref=hl\" \/>\n<meta property=\"article:published_time\" content=\"2018-10-09T11:38:17+00:00\" \/>\n<meta property=\"og:image\" content=\"https:\/\/www.laguiadepamplona.com\/actualidad\/wp-content\/uploads\/2018\/10\/18.10.09_placa_carmen_baroja_nessi.jpg\" \/>\n\t<meta property=\"og:image:width\" content=\"1000\" \/>\n\t<meta property=\"og:image:height\" content=\"667\" \/>\n\t<meta property=\"og:image:type\" content=\"image\/jpeg\" \/>\n<meta name=\"author\" content=\"La Gu\u00eda de Pamplona\" \/>\n<meta name=\"twitter:card\" content=\"summary_large_image\" \/>\n<meta name=\"twitter:creator\" content=\"@LaGuiadPamplona\" \/>\n<meta name=\"twitter:site\" content=\"@LaGuiadPamplona\" \/>\n<meta name=\"twitter:label1\" content=\"Escrito por\" \/>\n\t<meta name=\"twitter:data1\" content=\"La Gu\u00eda de Pamplona\" \/>\n\t<meta name=\"twitter:label2\" content=\"Tiempo de lectura\" \/>\n\t<meta name=\"twitter:data2\" content=\"4 minutos\" \/>\n<script type=\"application\/ld+json\" class=\"yoast-schema-graph\">{\"@context\":\"https:\\\/\\\/schema.org\",\"@graph\":[{\"@type\":\"Article\",\"@id\":\"https:\\\/\\\/www.laguiadepamplona.com\\\/actualidad\\\/pamplona-reconoce-la-aportacion-de-la-escritora-carmen-baroja-y-nessi-al-mundo-de-la-cultura-con-una-placa-en-la-antigua-casa-donde-nacio-y-vivio-en-la-calle-nueva-30\\\/#article\",\"isPartOf\":{\"@id\":\"https:\\\/\\\/www.laguiadepamplona.com\\\/actualidad\\\/pamplona-reconoce-la-aportacion-de-la-escritora-carmen-baroja-y-nessi-al-mundo-de-la-cultura-con-una-placa-en-la-antigua-casa-donde-nacio-y-vivio-en-la-calle-nueva-30\\\/\"},\"author\":{\"name\":\"La Gu\u00eda de Pamplona\",\"@id\":\"https:\\\/\\\/www.laguiadepamplona.com\\\/actualidad\\\/#\\\/schema\\\/person\\\/efe887376f0213d4657c93adc50b1fdb\"},\"headline\":\"Pamplona reconoce la aportaci\u00f3n de la escritora Carmen Baroja y Nessi al mundo de la cultura con una placa en la antigua casa donde naci\u00f3 y vivi\u00f3, en la calle Nueva 30\",\"datePublished\":\"2018-10-09T11:38:17+00:00\",\"mainEntityOfPage\":{\"@id\":\"https:\\\/\\\/www.laguiadepamplona.com\\\/actualidad\\\/pamplona-reconoce-la-aportacion-de-la-escritora-carmen-baroja-y-nessi-al-mundo-de-la-cultura-con-una-placa-en-la-antigua-casa-donde-nacio-y-vivio-en-la-calle-nueva-30\\\/\"},\"wordCount\":870,\"commentCount\":0,\"publisher\":{\"@id\":\"https:\\\/\\\/www.laguiadepamplona.com\\\/actualidad\\\/#organization\"},\"image\":{\"@id\":\"https:\\\/\\\/www.laguiadepamplona.com\\\/actualidad\\\/pamplona-reconoce-la-aportacion-de-la-escritora-carmen-baroja-y-nessi-al-mundo-de-la-cultura-con-una-placa-en-la-antigua-casa-donde-nacio-y-vivio-en-la-calle-nueva-30\\\/#primaryimage\"},\"thumbnailUrl\":\"https:\\\/\\\/www.laguiadepamplona.com\\\/actualidad\\\/wp-content\\\/uploads\\\/2018\\\/10\\\/18.10.09_placa_carmen_baroja_nessi.jpg\",\"articleSection\":[\"Ayto Pamplona\"],\"inLanguage\":\"es\",\"potentialAction\":[{\"@type\":\"CommentAction\",\"name\":\"Comment\",\"target\":[\"https:\\\/\\\/www.laguiadepamplona.com\\\/actualidad\\\/pamplona-reconoce-la-aportacion-de-la-escritora-carmen-baroja-y-nessi-al-mundo-de-la-cultura-con-una-placa-en-la-antigua-casa-donde-nacio-y-vivio-en-la-calle-nueva-30\\\/#respond\"]}]},{\"@type\":\"WebPage\",\"@id\":\"https:\\\/\\\/www.laguiadepamplona.com\\\/actualidad\\\/pamplona-reconoce-la-aportacion-de-la-escritora-carmen-baroja-y-nessi-al-mundo-de-la-cultura-con-una-placa-en-la-antigua-casa-donde-nacio-y-vivio-en-la-calle-nueva-30\\\/\",\"url\":\"https:\\\/\\\/www.laguiadepamplona.com\\\/actualidad\\\/pamplona-reconoce-la-aportacion-de-la-escritora-carmen-baroja-y-nessi-al-mundo-de-la-cultura-con-una-placa-en-la-antigua-casa-donde-nacio-y-vivio-en-la-calle-nueva-30\\\/\",\"name\":\"Pamplona reconoce la aportaci\u00f3n de la escritora Carmen Baroja y Nessi al mundo de la cultura con una placa en la antigua casa donde naci\u00f3 y vivi\u00f3, en la calle Nueva 30\",\"isPartOf\":{\"@id\":\"https:\\\/\\\/www.laguiadepamplona.com\\\/actualidad\\\/#website\"},\"primaryImageOfPage\":{\"@id\":\"https:\\\/\\\/www.laguiadepamplona.com\\\/actualidad\\\/pamplona-reconoce-la-aportacion-de-la-escritora-carmen-baroja-y-nessi-al-mundo-de-la-cultura-con-una-placa-en-la-antigua-casa-donde-nacio-y-vivio-en-la-calle-nueva-30\\\/#primaryimage\"},\"image\":{\"@id\":\"https:\\\/\\\/www.laguiadepamplona.com\\\/actualidad\\\/pamplona-reconoce-la-aportacion-de-la-escritora-carmen-baroja-y-nessi-al-mundo-de-la-cultura-con-una-placa-en-la-antigua-casa-donde-nacio-y-vivio-en-la-calle-nueva-30\\\/#primaryimage\"},\"thumbnailUrl\":\"https:\\\/\\\/www.laguiadepamplona.com\\\/actualidad\\\/wp-content\\\/uploads\\\/2018\\\/10\\\/18.10.09_placa_carmen_baroja_nessi.jpg\",\"datePublished\":\"2018-10-09T11:38:17+00:00\",\"breadcrumb\":{\"@id\":\"https:\\\/\\\/www.laguiadepamplona.com\\\/actualidad\\\/pamplona-reconoce-la-aportacion-de-la-escritora-carmen-baroja-y-nessi-al-mundo-de-la-cultura-con-una-placa-en-la-antigua-casa-donde-nacio-y-vivio-en-la-calle-nueva-30\\\/#breadcrumb\"},\"inLanguage\":\"es\",\"potentialAction\":[{\"@type\":\"ReadAction\",\"target\":[\"https:\\\/\\\/www.laguiadepamplona.com\\\/actualidad\\\/pamplona-reconoce-la-aportacion-de-la-escritora-carmen-baroja-y-nessi-al-mundo-de-la-cultura-con-una-placa-en-la-antigua-casa-donde-nacio-y-vivio-en-la-calle-nueva-30\\\/\"]}]},{\"@type\":\"ImageObject\",\"inLanguage\":\"es\",\"@id\":\"https:\\\/\\\/www.laguiadepamplona.com\\\/actualidad\\\/pamplona-reconoce-la-aportacion-de-la-escritora-carmen-baroja-y-nessi-al-mundo-de-la-cultura-con-una-placa-en-la-antigua-casa-donde-nacio-y-vivio-en-la-calle-nueva-30\\\/#primaryimage\",\"url\":\"https:\\\/\\\/www.laguiadepamplona.com\\\/actualidad\\\/wp-content\\\/uploads\\\/2018\\\/10\\\/18.10.09_placa_carmen_baroja_nessi.jpg\",\"contentUrl\":\"https:\\\/\\\/www.laguiadepamplona.com\\\/actualidad\\\/wp-content\\\/uploads\\\/2018\\\/10\\\/18.10.09_placa_carmen_baroja_nessi.jpg\",\"width\":1000,\"height\":667},{\"@type\":\"BreadcrumbList\",\"@id\":\"https:\\\/\\\/www.laguiadepamplona.com\\\/actualidad\\\/pamplona-reconoce-la-aportacion-de-la-escritora-carmen-baroja-y-nessi-al-mundo-de-la-cultura-con-una-placa-en-la-antigua-casa-donde-nacio-y-vivio-en-la-calle-nueva-30\\\/#breadcrumb\",\"itemListElement\":[{\"@type\":\"ListItem\",\"position\":1,\"name\":\"Portada\",\"item\":\"https:\\\/\\\/www.laguiadepamplona.com\\\/actualidad\\\/\"},{\"@type\":\"ListItem\",\"position\":2,\"name\":\"Pamplona reconoce la aportaci\u00f3n de la escritora Carmen Baroja y Nessi al mundo de la cultura con una placa en la antigua casa donde naci\u00f3 y vivi\u00f3, en la calle Nueva 30\"}]},{\"@type\":\"WebSite\",\"@id\":\"https:\\\/\\\/www.laguiadepamplona.com\\\/actualidad\\\/#website\",\"url\":\"https:\\\/\\\/www.laguiadepamplona.com\\\/actualidad\\\/\",\"name\":\"La gu\u00eda de Pamplona\",\"description\":\"Noticias de Pamplona\",\"publisher\":{\"@id\":\"https:\\\/\\\/www.laguiadepamplona.com\\\/actualidad\\\/#organization\"},\"potentialAction\":[{\"@type\":\"SearchAction\",\"target\":{\"@type\":\"EntryPoint\",\"urlTemplate\":\"https:\\\/\\\/www.laguiadepamplona.com\\\/actualidad\\\/?s={search_term_string}\"},\"query-input\":{\"@type\":\"PropertyValueSpecification\",\"valueRequired\":true,\"valueName\":\"search_term_string\"}}],\"inLanguage\":\"es\"},{\"@type\":\"Organization\",\"@id\":\"https:\\\/\\\/www.laguiadepamplona.com\\\/actualidad\\\/#organization\",\"name\":\"La Gu\u00eda de Pamplona \\\/ Noticias\",\"url\":\"https:\\\/\\\/www.laguiadepamplona.com\\\/actualidad\\\/\",\"logo\":{\"@type\":\"ImageObject\",\"inLanguage\":\"es\",\"@id\":\"https:\\\/\\\/www.laguiadepamplona.com\\\/actualidad\\\/#\\\/schema\\\/logo\\\/image\\\/\",\"url\":\"https:\\\/\\\/www.laguiadepamplona.com\\\/actualidad\\\/wp-content\\\/uploads\\\/2018\\\/11\\\/logo-laguiadepamplona18-web1.png\",\"contentUrl\":\"https:\\\/\\\/www.laguiadepamplona.com\\\/actualidad\\\/wp-content\\\/uploads\\\/2018\\\/11\\\/logo-laguiadepamplona18-web1.png\",\"width\":600,\"height\":196,\"caption\":\"La Gu\u00eda de Pamplona \\\/ Noticias\"},\"image\":{\"@id\":\"https:\\\/\\\/www.laguiadepamplona.com\\\/actualidad\\\/#\\\/schema\\\/logo\\\/image\\\/\"},\"sameAs\":[\"https:\\\/\\\/www.facebook.com\\\/laguiadepamplonacom-133175176762273\\\/?ref=hl\",\"https:\\\/\\\/x.com\\\/LaGuiadPamplona\",\"https:\\\/\\\/www.instagram.com\\\/la_guia_de_pamplona\\\/\",\"https:\\\/\\\/www.youtube.com\\\/user\\\/laguiadepamplona\"]},{\"@type\":\"Person\",\"@id\":\"https:\\\/\\\/www.laguiadepamplona.com\\\/actualidad\\\/#\\\/schema\\\/person\\\/efe887376f0213d4657c93adc50b1fdb\",\"name\":\"La Gu\u00eda de Pamplona\",\"image\":{\"@type\":\"ImageObject\",\"inLanguage\":\"es\",\"@id\":\"https:\\\/\\\/secure.gravatar.com\\\/avatar\\\/b6992f131dc8d30ab0dff15446e9d346d9dbd95992de0fef795073f5ea83a81c?s=96&d=mm&r=g\",\"url\":\"https:\\\/\\\/secure.gravatar.com\\\/avatar\\\/b6992f131dc8d30ab0dff15446e9d346d9dbd95992de0fef795073f5ea83a81c?s=96&d=mm&r=g\",\"contentUrl\":\"https:\\\/\\\/secure.gravatar.com\\\/avatar\\\/b6992f131dc8d30ab0dff15446e9d346d9dbd95992de0fef795073f5ea83a81c?s=96&d=mm&r=g\",\"caption\":\"La Gu\u00eda de Pamplona\"}}]}<\/script>\n<!-- \/ Yoast SEO plugin. -->","yoast_head_json":{"title":"Pamplona reconoce la aportaci\u00f3n de la escritora Carmen Baroja y Nessi al mundo de la cultura con una placa en la antigua casa donde naci\u00f3 y vivi\u00f3, en la calle Nueva 30","robots":{"index":"index","follow":"follow","max-snippet":"max-snippet:-1","max-image-preview":"max-image-preview:large","max-video-preview":"max-video-preview:-1"},"canonical":"https:\/\/www.laguiadepamplona.com\/actualidad\/pamplona-reconoce-la-aportacion-de-la-escritora-carmen-baroja-y-nessi-al-mundo-de-la-cultura-con-una-placa-en-la-antigua-casa-donde-nacio-y-vivio-en-la-calle-nueva-30\/","og_locale":"es_ES","og_type":"article","og_title":"Pamplona reconoce la aportaci\u00f3n de la escritora Carmen Baroja y Nessi al mundo de la cultura con una placa en la antigua casa donde naci\u00f3 y vivi\u00f3, en la calle Nueva 30","og_description":"El Ayuntamiento ha querido destacar su compromiso con los derechos de las mujeres en la Generaci\u00f3n del 98","og_url":"https:\/\/www.laguiadepamplona.com\/actualidad\/pamplona-reconoce-la-aportacion-de-la-escritora-carmen-baroja-y-nessi-al-mundo-de-la-cultura-con-una-placa-en-la-antigua-casa-donde-nacio-y-vivio-en-la-calle-nueva-30\/","og_site_name":"La Gu\u00eda de Pamplona Noticias y actualidad","article_publisher":"https:\/\/www.facebook.com\/laguiadepamplonacom-133175176762273\/?ref=hl","article_published_time":"2018-10-09T11:38:17+00:00","og_image":[{"width":1000,"height":667,"url":"https:\/\/www.laguiadepamplona.com\/actualidad\/wp-content\/uploads\/2018\/10\/18.10.09_placa_carmen_baroja_nessi.jpg","type":"image\/jpeg"}],"author":"La Gu\u00eda de Pamplona","twitter_card":"summary_large_image","twitter_creator":"@LaGuiadPamplona","twitter_site":"@LaGuiadPamplona","twitter_misc":{"Escrito por":"La Gu\u00eda de Pamplona","Tiempo de lectura":"4 minutos"},"schema":{"@context":"https:\/\/schema.org","@graph":[{"@type":"Article","@id":"https:\/\/www.laguiadepamplona.com\/actualidad\/pamplona-reconoce-la-aportacion-de-la-escritora-carmen-baroja-y-nessi-al-mundo-de-la-cultura-con-una-placa-en-la-antigua-casa-donde-nacio-y-vivio-en-la-calle-nueva-30\/#article","isPartOf":{"@id":"https:\/\/www.laguiadepamplona.com\/actualidad\/pamplona-reconoce-la-aportacion-de-la-escritora-carmen-baroja-y-nessi-al-mundo-de-la-cultura-con-una-placa-en-la-antigua-casa-donde-nacio-y-vivio-en-la-calle-nueva-30\/"},"author":{"name":"La Gu\u00eda de Pamplona","@id":"https:\/\/www.laguiadepamplona.com\/actualidad\/#\/schema\/person\/efe887376f0213d4657c93adc50b1fdb"},"headline":"Pamplona reconoce la aportaci\u00f3n de la escritora Carmen Baroja y Nessi al mundo de la cultura con una placa en la antigua casa donde naci\u00f3 y vivi\u00f3, en la calle Nueva 30","datePublished":"2018-10-09T11:38:17+00:00","mainEntityOfPage":{"@id":"https:\/\/www.laguiadepamplona.com\/actualidad\/pamplona-reconoce-la-aportacion-de-la-escritora-carmen-baroja-y-nessi-al-mundo-de-la-cultura-con-una-placa-en-la-antigua-casa-donde-nacio-y-vivio-en-la-calle-nueva-30\/"},"wordCount":870,"commentCount":0,"publisher":{"@id":"https:\/\/www.laguiadepamplona.com\/actualidad\/#organization"},"image":{"@id":"https:\/\/www.laguiadepamplona.com\/actualidad\/pamplona-reconoce-la-aportacion-de-la-escritora-carmen-baroja-y-nessi-al-mundo-de-la-cultura-con-una-placa-en-la-antigua-casa-donde-nacio-y-vivio-en-la-calle-nueva-30\/#primaryimage"},"thumbnailUrl":"https:\/\/www.laguiadepamplona.com\/actualidad\/wp-content\/uploads\/2018\/10\/18.10.09_placa_carmen_baroja_nessi.jpg","articleSection":["Ayto Pamplona"],"inLanguage":"es","potentialAction":[{"@type":"CommentAction","name":"Comment","target":["https:\/\/www.laguiadepamplona.com\/actualidad\/pamplona-reconoce-la-aportacion-de-la-escritora-carmen-baroja-y-nessi-al-mundo-de-la-cultura-con-una-placa-en-la-antigua-casa-donde-nacio-y-vivio-en-la-calle-nueva-30\/#respond"]}]},{"@type":"WebPage","@id":"https:\/\/www.laguiadepamplona.com\/actualidad\/pamplona-reconoce-la-aportacion-de-la-escritora-carmen-baroja-y-nessi-al-mundo-de-la-cultura-con-una-placa-en-la-antigua-casa-donde-nacio-y-vivio-en-la-calle-nueva-30\/","url":"https:\/\/www.laguiadepamplona.com\/actualidad\/pamplona-reconoce-la-aportacion-de-la-escritora-carmen-baroja-y-nessi-al-mundo-de-la-cultura-con-una-placa-en-la-antigua-casa-donde-nacio-y-vivio-en-la-calle-nueva-30\/","name":"Pamplona reconoce la aportaci\u00f3n de la escritora Carmen Baroja y Nessi al mundo de la cultura con una placa en la antigua casa donde naci\u00f3 y vivi\u00f3, en la calle Nueva 30","isPartOf":{"@id":"https:\/\/www.laguiadepamplona.com\/actualidad\/#website"},"primaryImageOfPage":{"@id":"https:\/\/www.laguiadepamplona.com\/actualidad\/pamplona-reconoce-la-aportacion-de-la-escritora-carmen-baroja-y-nessi-al-mundo-de-la-cultura-con-una-placa-en-la-antigua-casa-donde-nacio-y-vivio-en-la-calle-nueva-30\/#primaryimage"},"image":{"@id":"https:\/\/www.laguiadepamplona.com\/actualidad\/pamplona-reconoce-la-aportacion-de-la-escritora-carmen-baroja-y-nessi-al-mundo-de-la-cultura-con-una-placa-en-la-antigua-casa-donde-nacio-y-vivio-en-la-calle-nueva-30\/#primaryimage"},"thumbnailUrl":"https:\/\/www.laguiadepamplona.com\/actualidad\/wp-content\/uploads\/2018\/10\/18.10.09_placa_carmen_baroja_nessi.jpg","datePublished":"2018-10-09T11:38:17+00:00","breadcrumb":{"@id":"https:\/\/www.laguiadepamplona.com\/actualidad\/pamplona-reconoce-la-aportacion-de-la-escritora-carmen-baroja-y-nessi-al-mundo-de-la-cultura-con-una-placa-en-la-antigua-casa-donde-nacio-y-vivio-en-la-calle-nueva-30\/#breadcrumb"},"inLanguage":"es","potentialAction":[{"@type":"ReadAction","target":["https:\/\/www.laguiadepamplona.com\/actualidad\/pamplona-reconoce-la-aportacion-de-la-escritora-carmen-baroja-y-nessi-al-mundo-de-la-cultura-con-una-placa-en-la-antigua-casa-donde-nacio-y-vivio-en-la-calle-nueva-30\/"]}]},{"@type":"ImageObject","inLanguage":"es","@id":"https:\/\/www.laguiadepamplona.com\/actualidad\/pamplona-reconoce-la-aportacion-de-la-escritora-carmen-baroja-y-nessi-al-mundo-de-la-cultura-con-una-placa-en-la-antigua-casa-donde-nacio-y-vivio-en-la-calle-nueva-30\/#primaryimage","url":"https:\/\/www.laguiadepamplona.com\/actualidad\/wp-content\/uploads\/2018\/10\/18.10.09_placa_carmen_baroja_nessi.jpg","contentUrl":"https:\/\/www.laguiadepamplona.com\/actualidad\/wp-content\/uploads\/2018\/10\/18.10.09_placa_carmen_baroja_nessi.jpg","width":1000,"height":667},{"@type":"BreadcrumbList","@id":"https:\/\/www.laguiadepamplona.com\/actualidad\/pamplona-reconoce-la-aportacion-de-la-escritora-carmen-baroja-y-nessi-al-mundo-de-la-cultura-con-una-placa-en-la-antigua-casa-donde-nacio-y-vivio-en-la-calle-nueva-30\/#breadcrumb","itemListElement":[{"@type":"ListItem","position":1,"name":"Portada","item":"https:\/\/www.laguiadepamplona.com\/actualidad\/"},{"@type":"ListItem","position":2,"name":"Pamplona reconoce la aportaci\u00f3n de la escritora Carmen Baroja y Nessi al mundo de la cultura con una placa en la antigua casa donde naci\u00f3 y vivi\u00f3, en la calle Nueva 30"}]},{"@type":"WebSite","@id":"https:\/\/www.laguiadepamplona.com\/actualidad\/#website","url":"https:\/\/www.laguiadepamplona.com\/actualidad\/","name":"La gu\u00eda de Pamplona","description":"Noticias de Pamplona","publisher":{"@id":"https:\/\/www.laguiadepamplona.com\/actualidad\/#organization"},"potentialAction":[{"@type":"SearchAction","target":{"@type":"EntryPoint","urlTemplate":"https:\/\/www.laguiadepamplona.com\/actualidad\/?s={search_term_string}"},"query-input":{"@type":"PropertyValueSpecification","valueRequired":true,"valueName":"search_term_string"}}],"inLanguage":"es"},{"@type":"Organization","@id":"https:\/\/www.laguiadepamplona.com\/actualidad\/#organization","name":"La Gu\u00eda de Pamplona \/ Noticias","url":"https:\/\/www.laguiadepamplona.com\/actualidad\/","logo":{"@type":"ImageObject","inLanguage":"es","@id":"https:\/\/www.laguiadepamplona.com\/actualidad\/#\/schema\/logo\/image\/","url":"https:\/\/www.laguiadepamplona.com\/actualidad\/wp-content\/uploads\/2018\/11\/logo-laguiadepamplona18-web1.png","contentUrl":"https:\/\/www.laguiadepamplona.com\/actualidad\/wp-content\/uploads\/2018\/11\/logo-laguiadepamplona18-web1.png","width":600,"height":196,"caption":"La Gu\u00eda de Pamplona \/ Noticias"},"image":{"@id":"https:\/\/www.laguiadepamplona.com\/actualidad\/#\/schema\/logo\/image\/"},"sameAs":["https:\/\/www.facebook.com\/laguiadepamplonacom-133175176762273\/?ref=hl","https:\/\/x.com\/LaGuiadPamplona","https:\/\/www.instagram.com\/la_guia_de_pamplona\/","https:\/\/www.youtube.com\/user\/laguiadepamplona"]},{"@type":"Person","@id":"https:\/\/www.laguiadepamplona.com\/actualidad\/#\/schema\/person\/efe887376f0213d4657c93adc50b1fdb","name":"La Gu\u00eda de Pamplona","image":{"@type":"ImageObject","inLanguage":"es","@id":"https:\/\/secure.gravatar.com\/avatar\/b6992f131dc8d30ab0dff15446e9d346d9dbd95992de0fef795073f5ea83a81c?s=96&d=mm&r=g","url":"https:\/\/secure.gravatar.com\/avatar\/b6992f131dc8d30ab0dff15446e9d346d9dbd95992de0fef795073f5ea83a81c?s=96&d=mm&r=g","contentUrl":"https:\/\/secure.gravatar.com\/avatar\/b6992f131dc8d30ab0dff15446e9d346d9dbd95992de0fef795073f5ea83a81c?s=96&d=mm&r=g","caption":"La Gu\u00eda de Pamplona"}}]}},"post_mailing_queue_ids":[],"_links":{"self":[{"href":"https:\/\/www.laguiadepamplona.com\/actualidad\/wp-json\/wp\/v2\/posts\/18946","targetHints":{"allow":["GET"]}}],"collection":[{"href":"https:\/\/www.laguiadepamplona.com\/actualidad\/wp-json\/wp\/v2\/posts"}],"about":[{"href":"https:\/\/www.laguiadepamplona.com\/actualidad\/wp-json\/wp\/v2\/types\/post"}],"author":[{"embeddable":true,"href":"https:\/\/www.laguiadepamplona.com\/actualidad\/wp-json\/wp\/v2\/users\/1"}],"replies":[{"embeddable":true,"href":"https:\/\/www.laguiadepamplona.com\/actualidad\/wp-json\/wp\/v2\/comments?post=18946"}],"version-history":[{"count":0,"href":"https:\/\/www.laguiadepamplona.com\/actualidad\/wp-json\/wp\/v2\/posts\/18946\/revisions"}],"wp:featuredmedia":[{"embeddable":true,"href":"https:\/\/www.laguiadepamplona.com\/actualidad\/wp-json\/wp\/v2\/media\/18947"}],"wp:attachment":[{"href":"https:\/\/www.laguiadepamplona.com\/actualidad\/wp-json\/wp\/v2\/media?parent=18946"}],"wp:term":[{"taxonomy":"category","embeddable":true,"href":"https:\/\/www.laguiadepamplona.com\/actualidad\/wp-json\/wp\/v2\/categories?post=18946"},{"taxonomy":"post_tag","embeddable":true,"href":"https:\/\/www.laguiadepamplona.com\/actualidad\/wp-json\/wp\/v2\/tags?post=18946"}],"curies":[{"name":"wp","href":"https:\/\/api.w.org\/{rel}","templated":true}]}}