{"id":18941,"date":"2018-10-09T13:33:29","date_gmt":"2018-10-09T11:33:29","guid":{"rendered":"https:\/\/www.laguiadepamplona.es\/actualidad\/?p=18941"},"modified":"2018-10-09T13:33:29","modified_gmt":"2018-10-09T11:33:29","slug":"el-cambio-climatico-y-su-impacto-en-los-pirineos-tema-de-la-conferencia-que-manana-miercoles-acoge-el-museo-de-educacion-ambiental","status":"publish","type":"post","link":"https:\/\/www.laguiadepamplona.com\/actualidad\/el-cambio-climatico-y-su-impacto-en-los-pirineos-tema-de-la-conferencia-que-manana-miercoles-acoge-el-museo-de-educacion-ambiental\/","title":{"rendered":"El cambio clim\u00e1tico y su impacto en los Pirineos, tema de la conferencia que ma\u00f1ana mi\u00e9rcoles acoge el Museo de Educaci\u00f3n Ambiental"},"content":{"rendered":"<h3>La charla la impartir\u00e1 Juan Terr\u00e1dez, del Observatorio Pirenaico del Cambio Clim\u00e1tico, a las 19 horas, con entrada libre<\/h3>\n<p><!--more--><\/p>\n<p>El Museo de Educaci\u00f3n Ambiental dedica su conferencia de ma\u00f1ana mi\u00e9rcoles al cambio clim\u00e1tico y su impacto en los Pirineos. Juan Terr\u00e1dez, uno de los coordinadores del Observatorio Pirenaico del Cambio Clim\u00e1tico (OPCC), presentar\u00e1 los \u00faltimos datos de indicadores clim\u00e1ticos que se tienen de la zona. La charla comenzar\u00e1 a las 19 horas, con entrada libre.<\/p>\n<p>Bajo el t\u00edtulo \u2018\u00bfC\u00f3mo est\u00e1 cambiando el clima en los Pirineos y c\u00f3mo nos afecta?\u2019, se dar\u00e1n a conocer esos indicadores fruto de la cooperaci\u00f3n entre AEMET, MeteoFrance y Meteocat, que analizar\u00e1n la evoluci\u00f3n de la meteorolog\u00eda en la cordillera pirenaica y su impacto presente y futuro. Se repasar\u00e1n, precisamente, esos impactos del cambio clim\u00e1tico en sectores naturales, como la flora, la fauna o los bosques, y tambi\u00e9n en sectores socioecon\u00f3micos, como el turismo o el agropastorismo, as\u00ed como las conclusiones que de todo ello se pueden derivar.<\/p>\n<p><script async src=\"\/\/pagead2.googlesyndication.com\/pagead\/js\/adsbygoogle.js\"><\/script><br \/>\n<!-- Noticias La Guia de Pamplona --><br \/>\n<ins class=\"adsbygoogle\"\nstyle=\"display:block\"\ndata-ad-client=\"ca-pub-6943679897239327\"\ndata-ad-slot=\"7048180777\"\ndata-ad-format=\"auto\"><\/ins><br \/>\n<script>\n(adsbygoogle = window.adsbygoogle || []).push({});\n<\/script><\/p>\n<p>El Observatorio Pirenaico de Cambio Clim\u00e1tico (OPCC) tiene como objetivo realizar un seguimiento y comprender el fen\u00f3meno del cambio clim\u00e1tico en los Pirineos para ayudar al territorio a adaptarse a sus impactos. Su misi\u00f3n es ser la plataforma de referencia sobre conocimiento en adaptaci\u00f3n al cambio clim\u00e1tico en ecosistemas de monta\u00f1a. El OPCC es una iniciativa de la Comunidad de Trabajo de los Pirineos (CTP) de cooperaci\u00f3n territorial transfronteriza entre las regiones pirenaicas y tiene su sede en la ciudad aragonesa de Jaca.<\/p>\n<p>Junto a esta conferencia, el Museo de Educaci\u00f3n Ambiental sigue acogiendo esta semana, y durante todo el mes de octubre, la exposici\u00f3n \u2018El cambio clim\u00e1tico no tiene gracia\u201d. Quince vi\u00f1etas de diferentes dibujantes de todo el mundo que con sus trazos dejan en evidencia muchos contrasentidos, pero a la vez ense\u00f1an las diferentes formas de ver el cambio clim\u00e1tico, demostrando que es un problema universal, que afecta a todos los pa\u00edses y hay que resolverlo de forma conjunta. La exposici\u00f3n re\u00fane dibujos de autores de China, india, Arabia Saud\u00ed, Egipto, Kenia, Venezuela, Cuba o Francia, que exploran a trav\u00e9s del humor y amplifican hasta el disparate un tema tan serio y mundial como el cambio clim\u00e1tico y sus consecuencias.<\/p>\n","protected":false},"excerpt":{"rendered":"<p>La charla la impartir\u00e1 Juan Terr\u00e1dez, del Observatorio Pirenaico del Cambio Clim\u00e1tico, a las 19 horas, con entrada libre<\/p>\n","protected":false},"author":1,"featured_media":11071,"comment_status":"open","ping_status":"closed","sticky":false,"template":"","format":"standard","meta":{"footnotes":""},"categories":[2],"tags":[],"class_list":["post-18941","post","type-post","status-publish","format-standard","has-post-thumbnail","hentry","category-ayuntamiento-pamplona"],"yoast_head":"<!-- This site is optimized with the Yoast SEO plugin v27.9 - https:\/\/yoast.com\/product\/yoast-seo-wordpress\/ -->\n<title>El cambio clim\u00e1tico y su impacto en los Pirineos, tema de la conferencia que ma\u00f1ana mi\u00e9rcoles acoge el Museo de Educaci\u00f3n Ambiental<\/title>\n<meta name=\"robots\" content=\"index, follow, max-snippet:-1, max-image-preview:large, max-video-preview:-1\" \/>\n<link rel=\"canonical\" href=\"https:\/\/www.laguiadepamplona.com\/actualidad\/el-cambio-climatico-y-su-impacto-en-los-pirineos-tema-de-la-conferencia-que-manana-miercoles-acoge-el-museo-de-educacion-ambiental\/\" \/>\n<meta property=\"og:locale\" content=\"es_ES\" \/>\n<meta property=\"og:type\" content=\"article\" \/>\n<meta property=\"og:title\" content=\"El cambio clim\u00e1tico y su impacto en los Pirineos, tema de la conferencia que ma\u00f1ana mi\u00e9rcoles acoge el Museo de Educaci\u00f3n Ambiental\" \/>\n<meta property=\"og:description\" content=\"La charla la impartir\u00e1 Juan Terr\u00e1dez, del Observatorio Pirenaico del Cambio Clim\u00e1tico, a las 19 horas, con entrada libre\" \/>\n<meta property=\"og:url\" content=\"https:\/\/www.laguiadepamplona.com\/actualidad\/el-cambio-climatico-y-su-impacto-en-los-pirineos-tema-de-la-conferencia-que-manana-miercoles-acoge-el-museo-de-educacion-ambiental\/\" \/>\n<meta property=\"og:site_name\" content=\"La Gu\u00eda de Pamplona Noticias y actualidad\" \/>\n<meta property=\"article:publisher\" content=\"https:\/\/www.facebook.com\/laguiadepamplonacom-133175176762273\/?ref=hl\" \/>\n<meta property=\"article:published_time\" content=\"2018-10-09T11:33:29+00:00\" \/>\n<meta property=\"og:image\" content=\"https:\/\/www.laguiadepamplona.com\/actualidad\/wp-content\/uploads\/2016\/12\/Museo-Educacion-Ambiental-Pamplona.jpg\" \/>\n\t<meta property=\"og:image:width\" content=\"627\" \/>\n\t<meta property=\"og:image:height\" content=\"352\" \/>\n\t<meta property=\"og:image:type\" content=\"image\/jpeg\" \/>\n<meta name=\"author\" content=\"La Gu\u00eda de Pamplona\" \/>\n<meta name=\"twitter:card\" content=\"summary_large_image\" \/>\n<meta name=\"twitter:creator\" content=\"@LaGuiadPamplona\" \/>\n<meta name=\"twitter:site\" content=\"@LaGuiadPamplona\" \/>\n<meta name=\"twitter:label1\" content=\"Escrito por\" \/>\n\t<meta name=\"twitter:data1\" content=\"La Gu\u00eda de Pamplona\" \/>\n\t<meta name=\"twitter:label2\" content=\"Tiempo de lectura\" \/>\n\t<meta name=\"twitter:data2\" content=\"2 minutos\" \/>\n<script type=\"application\/ld+json\" class=\"yoast-schema-graph\">{\"@context\":\"https:\\\/\\\/schema.org\",\"@graph\":[{\"@type\":\"Article\",\"@id\":\"https:\\\/\\\/www.laguiadepamplona.com\\\/actualidad\\\/el-cambio-climatico-y-su-impacto-en-los-pirineos-tema-de-la-conferencia-que-manana-miercoles-acoge-el-museo-de-educacion-ambiental\\\/#article\",\"isPartOf\":{\"@id\":\"https:\\\/\\\/www.laguiadepamplona.com\\\/actualidad\\\/el-cambio-climatico-y-su-impacto-en-los-pirineos-tema-de-la-conferencia-que-manana-miercoles-acoge-el-museo-de-educacion-ambiental\\\/\"},\"author\":{\"name\":\"La Gu\u00eda de Pamplona\",\"@id\":\"https:\\\/\\\/www.laguiadepamplona.com\\\/actualidad\\\/#\\\/schema\\\/person\\\/efe887376f0213d4657c93adc50b1fdb\"},\"headline\":\"El cambio clim\u00e1tico y su impacto en los Pirineos, tema de la conferencia que ma\u00f1ana mi\u00e9rcoles acoge el Museo de Educaci\u00f3n Ambiental\",\"datePublished\":\"2018-10-09T11:33:29+00:00\",\"mainEntityOfPage\":{\"@id\":\"https:\\\/\\\/www.laguiadepamplona.com\\\/actualidad\\\/el-cambio-climatico-y-su-impacto-en-los-pirineos-tema-de-la-conferencia-que-manana-miercoles-acoge-el-museo-de-educacion-ambiental\\\/\"},\"wordCount\":429,\"commentCount\":0,\"publisher\":{\"@id\":\"https:\\\/\\\/www.laguiadepamplona.com\\\/actualidad\\\/#organization\"},\"image\":{\"@id\":\"https:\\\/\\\/www.laguiadepamplona.com\\\/actualidad\\\/el-cambio-climatico-y-su-impacto-en-los-pirineos-tema-de-la-conferencia-que-manana-miercoles-acoge-el-museo-de-educacion-ambiental\\\/#primaryimage\"},\"thumbnailUrl\":\"https:\\\/\\\/www.laguiadepamplona.com\\\/actualidad\\\/wp-content\\\/uploads\\\/2016\\\/12\\\/Museo-Educacion-Ambiental-Pamplona.jpg\",\"articleSection\":[\"Ayto Pamplona\"],\"inLanguage\":\"es\",\"potentialAction\":[{\"@type\":\"CommentAction\",\"name\":\"Comment\",\"target\":[\"https:\\\/\\\/www.laguiadepamplona.com\\\/actualidad\\\/el-cambio-climatico-y-su-impacto-en-los-pirineos-tema-de-la-conferencia-que-manana-miercoles-acoge-el-museo-de-educacion-ambiental\\\/#respond\"]}]},{\"@type\":\"WebPage\",\"@id\":\"https:\\\/\\\/www.laguiadepamplona.com\\\/actualidad\\\/el-cambio-climatico-y-su-impacto-en-los-pirineos-tema-de-la-conferencia-que-manana-miercoles-acoge-el-museo-de-educacion-ambiental\\\/\",\"url\":\"https:\\\/\\\/www.laguiadepamplona.com\\\/actualidad\\\/el-cambio-climatico-y-su-impacto-en-los-pirineos-tema-de-la-conferencia-que-manana-miercoles-acoge-el-museo-de-educacion-ambiental\\\/\",\"name\":\"El cambio clim\u00e1tico y su impacto en los Pirineos, tema de la conferencia que ma\u00f1ana mi\u00e9rcoles acoge el Museo de Educaci\u00f3n Ambiental\",\"isPartOf\":{\"@id\":\"https:\\\/\\\/www.laguiadepamplona.com\\\/actualidad\\\/#website\"},\"primaryImageOfPage\":{\"@id\":\"https:\\\/\\\/www.laguiadepamplona.com\\\/actualidad\\\/el-cambio-climatico-y-su-impacto-en-los-pirineos-tema-de-la-conferencia-que-manana-miercoles-acoge-el-museo-de-educacion-ambiental\\\/#primaryimage\"},\"image\":{\"@id\":\"https:\\\/\\\/www.laguiadepamplona.com\\\/actualidad\\\/el-cambio-climatico-y-su-impacto-en-los-pirineos-tema-de-la-conferencia-que-manana-miercoles-acoge-el-museo-de-educacion-ambiental\\\/#primaryimage\"},\"thumbnailUrl\":\"https:\\\/\\\/www.laguiadepamplona.com\\\/actualidad\\\/wp-content\\\/uploads\\\/2016\\\/12\\\/Museo-Educacion-Ambiental-Pamplona.jpg\",\"datePublished\":\"2018-10-09T11:33:29+00:00\",\"breadcrumb\":{\"@id\":\"https:\\\/\\\/www.laguiadepamplona.com\\\/actualidad\\\/el-cambio-climatico-y-su-impacto-en-los-pirineos-tema-de-la-conferencia-que-manana-miercoles-acoge-el-museo-de-educacion-ambiental\\\/#breadcrumb\"},\"inLanguage\":\"es\",\"potentialAction\":[{\"@type\":\"ReadAction\",\"target\":[\"https:\\\/\\\/www.laguiadepamplona.com\\\/actualidad\\\/el-cambio-climatico-y-su-impacto-en-los-pirineos-tema-de-la-conferencia-que-manana-miercoles-acoge-el-museo-de-educacion-ambiental\\\/\"]}]},{\"@type\":\"ImageObject\",\"inLanguage\":\"es\",\"@id\":\"https:\\\/\\\/www.laguiadepamplona.com\\\/actualidad\\\/el-cambio-climatico-y-su-impacto-en-los-pirineos-tema-de-la-conferencia-que-manana-miercoles-acoge-el-museo-de-educacion-ambiental\\\/#primaryimage\",\"url\":\"https:\\\/\\\/www.laguiadepamplona.com\\\/actualidad\\\/wp-content\\\/uploads\\\/2016\\\/12\\\/Museo-Educacion-Ambiental-Pamplona.jpg\",\"contentUrl\":\"https:\\\/\\\/www.laguiadepamplona.com\\\/actualidad\\\/wp-content\\\/uploads\\\/2016\\\/12\\\/Museo-Educacion-Ambiental-Pamplona.jpg\",\"width\":627,\"height\":352},{\"@type\":\"BreadcrumbList\",\"@id\":\"https:\\\/\\\/www.laguiadepamplona.com\\\/actualidad\\\/el-cambio-climatico-y-su-impacto-en-los-pirineos-tema-de-la-conferencia-que-manana-miercoles-acoge-el-museo-de-educacion-ambiental\\\/#breadcrumb\",\"itemListElement\":[{\"@type\":\"ListItem\",\"position\":1,\"name\":\"Portada\",\"item\":\"https:\\\/\\\/www.laguiadepamplona.com\\\/actualidad\\\/\"},{\"@type\":\"ListItem\",\"position\":2,\"name\":\"El cambio clim\u00e1tico y su impacto en los Pirineos, tema de la conferencia que ma\u00f1ana mi\u00e9rcoles acoge el Museo de Educaci\u00f3n Ambiental\"}]},{\"@type\":\"WebSite\",\"@id\":\"https:\\\/\\\/www.laguiadepamplona.com\\\/actualidad\\\/#website\",\"url\":\"https:\\\/\\\/www.laguiadepamplona.com\\\/actualidad\\\/\",\"name\":\"La gu\u00eda de Pamplona\",\"description\":\"Noticias de Pamplona\",\"publisher\":{\"@id\":\"https:\\\/\\\/www.laguiadepamplona.com\\\/actualidad\\\/#organization\"},\"potentialAction\":[{\"@type\":\"SearchAction\",\"target\":{\"@type\":\"EntryPoint\",\"urlTemplate\":\"https:\\\/\\\/www.laguiadepamplona.com\\\/actualidad\\\/?s={search_term_string}\"},\"query-input\":{\"@type\":\"PropertyValueSpecification\",\"valueRequired\":true,\"valueName\":\"search_term_string\"}}],\"inLanguage\":\"es\"},{\"@type\":\"Organization\",\"@id\":\"https:\\\/\\\/www.laguiadepamplona.com\\\/actualidad\\\/#organization\",\"name\":\"La Gu\u00eda de Pamplona \\\/ Noticias\",\"url\":\"https:\\\/\\\/www.laguiadepamplona.com\\\/actualidad\\\/\",\"logo\":{\"@type\":\"ImageObject\",\"inLanguage\":\"es\",\"@id\":\"https:\\\/\\\/www.laguiadepamplona.com\\\/actualidad\\\/#\\\/schema\\\/logo\\\/image\\\/\",\"url\":\"https:\\\/\\\/www.laguiadepamplona.com\\\/actualidad\\\/wp-content\\\/uploads\\\/2018\\\/11\\\/logo-laguiadepamplona18-web1.png\",\"contentUrl\":\"https:\\\/\\\/www.laguiadepamplona.com\\\/actualidad\\\/wp-content\\\/uploads\\\/2018\\\/11\\\/logo-laguiadepamplona18-web1.png\",\"width\":600,\"height\":196,\"caption\":\"La Gu\u00eda de Pamplona \\\/ Noticias\"},\"image\":{\"@id\":\"https:\\\/\\\/www.laguiadepamplona.com\\\/actualidad\\\/#\\\/schema\\\/logo\\\/image\\\/\"},\"sameAs\":[\"https:\\\/\\\/www.facebook.com\\\/laguiadepamplonacom-133175176762273\\\/?ref=hl\",\"https:\\\/\\\/x.com\\\/LaGuiadPamplona\",\"https:\\\/\\\/www.instagram.com\\\/la_guia_de_pamplona\\\/\",\"https:\\\/\\\/www.youtube.com\\\/user\\\/laguiadepamplona\"]},{\"@type\":\"Person\",\"@id\":\"https:\\\/\\\/www.laguiadepamplona.com\\\/actualidad\\\/#\\\/schema\\\/person\\\/efe887376f0213d4657c93adc50b1fdb\",\"name\":\"La Gu\u00eda de Pamplona\",\"image\":{\"@type\":\"ImageObject\",\"inLanguage\":\"es\",\"@id\":\"https:\\\/\\\/secure.gravatar.com\\\/avatar\\\/b6992f131dc8d30ab0dff15446e9d346d9dbd95992de0fef795073f5ea83a81c?s=96&d=mm&r=g\",\"url\":\"https:\\\/\\\/secure.gravatar.com\\\/avatar\\\/b6992f131dc8d30ab0dff15446e9d346d9dbd95992de0fef795073f5ea83a81c?s=96&d=mm&r=g\",\"contentUrl\":\"https:\\\/\\\/secure.gravatar.com\\\/avatar\\\/b6992f131dc8d30ab0dff15446e9d346d9dbd95992de0fef795073f5ea83a81c?s=96&d=mm&r=g\",\"caption\":\"La Gu\u00eda de Pamplona\"}}]}<\/script>\n<!-- \/ Yoast SEO plugin. -->","yoast_head_json":{"title":"El cambio clim\u00e1tico y su impacto en los Pirineos, tema de la conferencia que ma\u00f1ana mi\u00e9rcoles acoge el Museo de Educaci\u00f3n Ambiental","robots":{"index":"index","follow":"follow","max-snippet":"max-snippet:-1","max-image-preview":"max-image-preview:large","max-video-preview":"max-video-preview:-1"},"canonical":"https:\/\/www.laguiadepamplona.com\/actualidad\/el-cambio-climatico-y-su-impacto-en-los-pirineos-tema-de-la-conferencia-que-manana-miercoles-acoge-el-museo-de-educacion-ambiental\/","og_locale":"es_ES","og_type":"article","og_title":"El cambio clim\u00e1tico y su impacto en los Pirineos, tema de la conferencia que ma\u00f1ana mi\u00e9rcoles acoge el Museo de Educaci\u00f3n Ambiental","og_description":"La charla la impartir\u00e1 Juan Terr\u00e1dez, del Observatorio Pirenaico del Cambio Clim\u00e1tico, a las 19 horas, con entrada libre","og_url":"https:\/\/www.laguiadepamplona.com\/actualidad\/el-cambio-climatico-y-su-impacto-en-los-pirineos-tema-de-la-conferencia-que-manana-miercoles-acoge-el-museo-de-educacion-ambiental\/","og_site_name":"La Gu\u00eda de Pamplona Noticias y actualidad","article_publisher":"https:\/\/www.facebook.com\/laguiadepamplonacom-133175176762273\/?ref=hl","article_published_time":"2018-10-09T11:33:29+00:00","og_image":[{"width":627,"height":352,"url":"https:\/\/www.laguiadepamplona.com\/actualidad\/wp-content\/uploads\/2016\/12\/Museo-Educacion-Ambiental-Pamplona.jpg","type":"image\/jpeg"}],"author":"La Gu\u00eda de Pamplona","twitter_card":"summary_large_image","twitter_creator":"@LaGuiadPamplona","twitter_site":"@LaGuiadPamplona","twitter_misc":{"Escrito por":"La Gu\u00eda de Pamplona","Tiempo de lectura":"2 minutos"},"schema":{"@context":"https:\/\/schema.org","@graph":[{"@type":"Article","@id":"https:\/\/www.laguiadepamplona.com\/actualidad\/el-cambio-climatico-y-su-impacto-en-los-pirineos-tema-de-la-conferencia-que-manana-miercoles-acoge-el-museo-de-educacion-ambiental\/#article","isPartOf":{"@id":"https:\/\/www.laguiadepamplona.com\/actualidad\/el-cambio-climatico-y-su-impacto-en-los-pirineos-tema-de-la-conferencia-que-manana-miercoles-acoge-el-museo-de-educacion-ambiental\/"},"author":{"name":"La Gu\u00eda de Pamplona","@id":"https:\/\/www.laguiadepamplona.com\/actualidad\/#\/schema\/person\/efe887376f0213d4657c93adc50b1fdb"},"headline":"El cambio clim\u00e1tico y su impacto en los Pirineos, tema de la conferencia que ma\u00f1ana mi\u00e9rcoles acoge el Museo de Educaci\u00f3n Ambiental","datePublished":"2018-10-09T11:33:29+00:00","mainEntityOfPage":{"@id":"https:\/\/www.laguiadepamplona.com\/actualidad\/el-cambio-climatico-y-su-impacto-en-los-pirineos-tema-de-la-conferencia-que-manana-miercoles-acoge-el-museo-de-educacion-ambiental\/"},"wordCount":429,"commentCount":0,"publisher":{"@id":"https:\/\/www.laguiadepamplona.com\/actualidad\/#organization"},"image":{"@id":"https:\/\/www.laguiadepamplona.com\/actualidad\/el-cambio-climatico-y-su-impacto-en-los-pirineos-tema-de-la-conferencia-que-manana-miercoles-acoge-el-museo-de-educacion-ambiental\/#primaryimage"},"thumbnailUrl":"https:\/\/www.laguiadepamplona.com\/actualidad\/wp-content\/uploads\/2016\/12\/Museo-Educacion-Ambiental-Pamplona.jpg","articleSection":["Ayto Pamplona"],"inLanguage":"es","potentialAction":[{"@type":"CommentAction","name":"Comment","target":["https:\/\/www.laguiadepamplona.com\/actualidad\/el-cambio-climatico-y-su-impacto-en-los-pirineos-tema-de-la-conferencia-que-manana-miercoles-acoge-el-museo-de-educacion-ambiental\/#respond"]}]},{"@type":"WebPage","@id":"https:\/\/www.laguiadepamplona.com\/actualidad\/el-cambio-climatico-y-su-impacto-en-los-pirineos-tema-de-la-conferencia-que-manana-miercoles-acoge-el-museo-de-educacion-ambiental\/","url":"https:\/\/www.laguiadepamplona.com\/actualidad\/el-cambio-climatico-y-su-impacto-en-los-pirineos-tema-de-la-conferencia-que-manana-miercoles-acoge-el-museo-de-educacion-ambiental\/","name":"El cambio clim\u00e1tico y su impacto en los Pirineos, tema de la conferencia que ma\u00f1ana mi\u00e9rcoles acoge el Museo de Educaci\u00f3n Ambiental","isPartOf":{"@id":"https:\/\/www.laguiadepamplona.com\/actualidad\/#website"},"primaryImageOfPage":{"@id":"https:\/\/www.laguiadepamplona.com\/actualidad\/el-cambio-climatico-y-su-impacto-en-los-pirineos-tema-de-la-conferencia-que-manana-miercoles-acoge-el-museo-de-educacion-ambiental\/#primaryimage"},"image":{"@id":"https:\/\/www.laguiadepamplona.com\/actualidad\/el-cambio-climatico-y-su-impacto-en-los-pirineos-tema-de-la-conferencia-que-manana-miercoles-acoge-el-museo-de-educacion-ambiental\/#primaryimage"},"thumbnailUrl":"https:\/\/www.laguiadepamplona.com\/actualidad\/wp-content\/uploads\/2016\/12\/Museo-Educacion-Ambiental-Pamplona.jpg","datePublished":"2018-10-09T11:33:29+00:00","breadcrumb":{"@id":"https:\/\/www.laguiadepamplona.com\/actualidad\/el-cambio-climatico-y-su-impacto-en-los-pirineos-tema-de-la-conferencia-que-manana-miercoles-acoge-el-museo-de-educacion-ambiental\/#breadcrumb"},"inLanguage":"es","potentialAction":[{"@type":"ReadAction","target":["https:\/\/www.laguiadepamplona.com\/actualidad\/el-cambio-climatico-y-su-impacto-en-los-pirineos-tema-de-la-conferencia-que-manana-miercoles-acoge-el-museo-de-educacion-ambiental\/"]}]},{"@type":"ImageObject","inLanguage":"es","@id":"https:\/\/www.laguiadepamplona.com\/actualidad\/el-cambio-climatico-y-su-impacto-en-los-pirineos-tema-de-la-conferencia-que-manana-miercoles-acoge-el-museo-de-educacion-ambiental\/#primaryimage","url":"https:\/\/www.laguiadepamplona.com\/actualidad\/wp-content\/uploads\/2016\/12\/Museo-Educacion-Ambiental-Pamplona.jpg","contentUrl":"https:\/\/www.laguiadepamplona.com\/actualidad\/wp-content\/uploads\/2016\/12\/Museo-Educacion-Ambiental-Pamplona.jpg","width":627,"height":352},{"@type":"BreadcrumbList","@id":"https:\/\/www.laguiadepamplona.com\/actualidad\/el-cambio-climatico-y-su-impacto-en-los-pirineos-tema-de-la-conferencia-que-manana-miercoles-acoge-el-museo-de-educacion-ambiental\/#breadcrumb","itemListElement":[{"@type":"ListItem","position":1,"name":"Portada","item":"https:\/\/www.laguiadepamplona.com\/actualidad\/"},{"@type":"ListItem","position":2,"name":"El cambio clim\u00e1tico y su impacto en los Pirineos, tema de la conferencia que ma\u00f1ana mi\u00e9rcoles acoge el Museo de Educaci\u00f3n Ambiental"}]},{"@type":"WebSite","@id":"https:\/\/www.laguiadepamplona.com\/actualidad\/#website","url":"https:\/\/www.laguiadepamplona.com\/actualidad\/","name":"La gu\u00eda de Pamplona","description":"Noticias de Pamplona","publisher":{"@id":"https:\/\/www.laguiadepamplona.com\/actualidad\/#organization"},"potentialAction":[{"@type":"SearchAction","target":{"@type":"EntryPoint","urlTemplate":"https:\/\/www.laguiadepamplona.com\/actualidad\/?s={search_term_string}"},"query-input":{"@type":"PropertyValueSpecification","valueRequired":true,"valueName":"search_term_string"}}],"inLanguage":"es"},{"@type":"Organization","@id":"https:\/\/www.laguiadepamplona.com\/actualidad\/#organization","name":"La Gu\u00eda de Pamplona \/ Noticias","url":"https:\/\/www.laguiadepamplona.com\/actualidad\/","logo":{"@type":"ImageObject","inLanguage":"es","@id":"https:\/\/www.laguiadepamplona.com\/actualidad\/#\/schema\/logo\/image\/","url":"https:\/\/www.laguiadepamplona.com\/actualidad\/wp-content\/uploads\/2018\/11\/logo-laguiadepamplona18-web1.png","contentUrl":"https:\/\/www.laguiadepamplona.com\/actualidad\/wp-content\/uploads\/2018\/11\/logo-laguiadepamplona18-web1.png","width":600,"height":196,"caption":"La Gu\u00eda de Pamplona \/ Noticias"},"image":{"@id":"https:\/\/www.laguiadepamplona.com\/actualidad\/#\/schema\/logo\/image\/"},"sameAs":["https:\/\/www.facebook.com\/laguiadepamplonacom-133175176762273\/?ref=hl","https:\/\/x.com\/LaGuiadPamplona","https:\/\/www.instagram.com\/la_guia_de_pamplona\/","https:\/\/www.youtube.com\/user\/laguiadepamplona"]},{"@type":"Person","@id":"https:\/\/www.laguiadepamplona.com\/actualidad\/#\/schema\/person\/efe887376f0213d4657c93adc50b1fdb","name":"La Gu\u00eda de Pamplona","image":{"@type":"ImageObject","inLanguage":"es","@id":"https:\/\/secure.gravatar.com\/avatar\/b6992f131dc8d30ab0dff15446e9d346d9dbd95992de0fef795073f5ea83a81c?s=96&d=mm&r=g","url":"https:\/\/secure.gravatar.com\/avatar\/b6992f131dc8d30ab0dff15446e9d346d9dbd95992de0fef795073f5ea83a81c?s=96&d=mm&r=g","contentUrl":"https:\/\/secure.gravatar.com\/avatar\/b6992f131dc8d30ab0dff15446e9d346d9dbd95992de0fef795073f5ea83a81c?s=96&d=mm&r=g","caption":"La Gu\u00eda de Pamplona"}}]}},"post_mailing_queue_ids":[],"_links":{"self":[{"href":"https:\/\/www.laguiadepamplona.com\/actualidad\/wp-json\/wp\/v2\/posts\/18941","targetHints":{"allow":["GET"]}}],"collection":[{"href":"https:\/\/www.laguiadepamplona.com\/actualidad\/wp-json\/wp\/v2\/posts"}],"about":[{"href":"https:\/\/www.laguiadepamplona.com\/actualidad\/wp-json\/wp\/v2\/types\/post"}],"author":[{"embeddable":true,"href":"https:\/\/www.laguiadepamplona.com\/actualidad\/wp-json\/wp\/v2\/users\/1"}],"replies":[{"embeddable":true,"href":"https:\/\/www.laguiadepamplona.com\/actualidad\/wp-json\/wp\/v2\/comments?post=18941"}],"version-history":[{"count":0,"href":"https:\/\/www.laguiadepamplona.com\/actualidad\/wp-json\/wp\/v2\/posts\/18941\/revisions"}],"wp:featuredmedia":[{"embeddable":true,"href":"https:\/\/www.laguiadepamplona.com\/actualidad\/wp-json\/wp\/v2\/media\/11071"}],"wp:attachment":[{"href":"https:\/\/www.laguiadepamplona.com\/actualidad\/wp-json\/wp\/v2\/media?parent=18941"}],"wp:term":[{"taxonomy":"category","embeddable":true,"href":"https:\/\/www.laguiadepamplona.com\/actualidad\/wp-json\/wp\/v2\/categories?post=18941"},{"taxonomy":"post_tag","embeddable":true,"href":"https:\/\/www.laguiadepamplona.com\/actualidad\/wp-json\/wp\/v2\/tags?post=18941"}],"curies":[{"name":"wp","href":"https:\/\/api.w.org\/{rel}","templated":true}]}}