{"id":18933,"date":"2018-10-08T12:49:11","date_gmt":"2018-10-08T10:49:11","guid":{"rendered":"https:\/\/www.laguiadepamplona.es\/actualidad\/?p=18933"},"modified":"2018-10-08T12:49:11","modified_gmt":"2018-10-08T10:49:11","slug":"el-ayuntamiento-organiza-del-18-al-20-de-octubre-un-congreso-internacional-sobre-violencias-sexistas-para-abordarlas-analizarlas-prevenirlas-y-erradicarlas","status":"publish","type":"post","link":"https:\/\/www.laguiadepamplona.com\/actualidad\/el-ayuntamiento-organiza-del-18-al-20-de-octubre-un-congreso-internacional-sobre-violencias-sexistas-para-abordarlas-analizarlas-prevenirlas-y-erradicarlas\/","title":{"rendered":"El Ayuntamiento organiza del 18 al 20 de octubre un congreso internacional sobre violencias sexistas para abordarlas, analizarlas, prevenirlas y erradicarlas"},"content":{"rendered":"<h3>Dirigido a profesional del Derecho, medios de comunicaci\u00f3n, investigaci\u00f3n o activismo feminista, contar\u00e1 en Baluarte con una veintena de ponentes<\/h3>\n<p><!--more--><\/p>\n<p>El Ayuntamiento de Pamplona sigue dando pasos en el compromiso que adquiri\u00f3 con la identificaci\u00f3n y la lucha contra todo tipo de violencias hacia las mujeres. Por ello, ha organizado del 18 al 20 de octubre en el Palacio de Congresos y Auditorio Baluarte un Congreso Internacional sobre Violencias Sexistas, para generar un espacio de debate y profundizaci\u00f3n en las buenas pr\u00e1cticas para su erradicaci\u00f3n. El objetivo de la cita es abordar, analizar, prevenir y erradicar estas violencias contra las mujeres, a trav\u00e9s de mesas de trabajo, conferencias, mesas redondas y reflexi\u00f3n comunitaria.<\/p>\n<p>El alcalde de Pamplona, Joseba Asiron, y la t\u00e9cnica municipal de Igualdad, Zaloa Basabe, han presentado esta ma\u00f1ana el contenido y el programa de este congreso internacional dirigido, principalmente, a profesionales de \u00e1mbitos como el Derecho, los medios de comunicaci\u00f3n, la investigaci\u00f3n y el activismo feminista. Aquellas personas interesadas en asistir al congreso pueden inscribirse de forma gratuita, hasta el mi\u00e9rcoles 17 de octubre, a las 12 horas, a trav\u00e9s de la p\u00e1gina web <a href=\"http:\/\/www.congresoviolenciassexistas.com\/\" target=\"_blank\" rel=\"noopener\">www.congresoviolenciassexistas.com<\/a>.<\/p>\n<p><script async src=\"\/\/pagead2.googlesyndication.com\/pagead\/js\/adsbygoogle.js\"><\/script><br \/>\n<!-- Noticias La Guia de Pamplona --><br \/>\n<ins class=\"adsbygoogle\"\nstyle=\"display:block\"\ndata-ad-client=\"ca-pub-6943679897239327\"\ndata-ad-slot=\"7048180777\"\ndata-ad-format=\"auto\"><\/ins><br \/>\n<script>\n(adsbygoogle = window.adsbygoogle || []).push({});\n<\/script><\/p>\n<p>El congreso pretende ser un espacio de reflexi\u00f3n y estudio en el que se aborden distintos ejes relacionados con las violencias sexistas. Se prev\u00e9 trabajar en la <strong>reconceptualizaci\u00f3n de esa violencia sexista<\/strong><strong>\u00a0<\/strong>en tres \u00e1mbitos diferenciados: el \u00e1mbito judicial, el \u00e1mbito de los medios de comunicaci\u00f3n y el \u00e1mbito de la investigaci\u00f3n. Asimismo, se analizar\u00e1n los\u00a0<strong>factores que se interrelacionan<\/strong>\u00a0en casos de violencia contra las mujeres y se proporcionar\u00e1 a las\u00a0<strong>personas profesionales un marco te\u00f3rico<\/strong>\u00a0que complejice las m\u00faltiples violencias ejercidas sobre las mujeres y genere nuevas herramientas de an\u00e1lisis. Por \u00faltimo, se tratar\u00e1n de detectar las\u00a0<strong>carencias y las debilidades<\/strong>\u00a0que obstaculizan la prevenci\u00f3n de estas violencias y se dar\u00e1n a conocer\u00a0<strong>diferentes estrategias y experiencias que se est\u00e1n llevando.<\/strong><\/p>\n<p>El programa de ponencias, charlas y mesas redondas quiere profundizar en todas y cada una de las manifestaciones de violencias, as\u00ed como reflexionar sobre sus or\u00edgenes y complejizar aquellas situaciones en las que las mujeres se enfrentan, adem\u00e1s, a situaciones vinculadas a la exclusi\u00f3n social, conflictos b\u00e9licos&#8230; Un reto que se quiere afrontar desde el \u00e1mbito profesional, institucional y\/o desde el activismo, con el firme compromiso com\u00fan de erradicar las violencias hacia las mujeres.<\/p>\n<p><strong>Tres ejes de trabajo: Derecho, Comunicaci\u00f3n e Investigaci\u00f3n<\/strong><\/p>\n<p>El congreso comenzar\u00e1 el jueves 18 de octubre, a las 17 horas, con una presentaci\u00f3n en la que el Ayuntamiento de Pamplona y representantes del Gobierno de Navarra expondr\u00e1n las estrategias, compromisos y normativa contra la violencia hacia las mujeres y las agresiones sexistas. La ponencia inaugural, a las 18 horas, la impartir\u00e1 la abogada especialista en derechos humanos y g\u00e9nero, Larissa Arroyo Navarrete, que hablar\u00e1 sobre la violencia contra las mujeres y los derechos humanos, centrando la mirada en Am\u00e9rica Central.<\/p>\n<p>El viernes el congreso se articular\u00e1 por la ma\u00f1ana, de 9.30 a 14 horas, en esos tres ejes que buscar\u00e1n reconceptualizar la violencia sexista, es decir, eje de Derecho, eje de Comunicaci\u00f3n y eje de Estudios e Investigaci\u00f3n. Los tres ejes trabajar\u00e1n esa ma\u00f1ana de forma simult\u00e1nea y las personas asistentes deber\u00e1n elegir su participaci\u00f3n en uno de ellos. El eje de Derecho contar\u00e1 con las ponencias de la catedr\u00e1tica de Derecho penal de la Universidad de C\u00e1diz, Mar\u00eda Acale S\u00e1nchez, que hablar\u00e1 sobre violencia sexual, violencia de g\u00e9nero y patriarcado; de la profesora del Departamento de Psicolog\u00eda Experimental de la Universidad de Sevilla, Mar\u00eda Jes\u00fas Cala Carrillo, que abordar\u00e1 los procesos judiciales y la revictimizaci\u00f3n; y la doctora en Derecho de la Universidad de Barcelona, Encarna Bodel\u00f3n, sobre reflexiones y evaluaci\u00f3n de la ley catalana sobre violencia machista.<\/p>\n<p>El eje de Comunicaci\u00f3n tendr\u00e1 como ponentes a la redactora jefa de G\u00e9nero de eldiario.es, Ana Requena Aguilar, a la doctora en Feminismos y G\u00e9nero de la UPV, Nerea Barjola, y a la doctora en Ciencias Pol\u00edticas y Sociales, Josefina Hern\u00e1ndez T\u00e9llez, y la profesora de la Universidad Aut\u00f3noma del Estado de Hidalgo (M\u00e9xico), Elvira Hern\u00e1ndez Carbadillo. Tratar\u00e1n temas como la responsabilidad period\u00edstica en la cobertura de la violencia de g\u00e9nero, la violencia sexual como proyecto pol\u00edtico y la violencia \u2018oculta\u2019 de los medios en contra de la participaci\u00f3n paritaria de las mexicanas en las elecciones de 2018.<\/p>\n<p>El tercer eje, el de Estudios e Investigaci\u00f3n, tendr\u00e1 otras tres ponencias. El profesor del Instituto Jorge Manrique de Palencia, Miguel \u00c1ngel Arconada Melero, hablar\u00e1 sobre el monopolio del poder y las masculinidades. La antrop\u00f3loga y coordinadora del Observatorio <a href=\"mailto:Noct\u00e1mbul@s\">Noct\u00e1mbul@s<\/a>, Ana Burgos Garc\u00eda, tratar\u00e1 a continuaci\u00f3n el tema de las violencias sexistas en entornos festivos y el consumo de drogas. La educadora Itziar Gandarias Goikoetxea y la psic\u00f3loga social Cony Carranza Castro impartir\u00e1n la charla \u2018Identidades m\u00faltiples, desigualdades que se cruza: tejiendo complicidades feministas\u2019.<\/p>\n<p><strong>Reflexi\u00f3n, debate y miradas a otras experiencias internacionales<\/strong><\/p>\n<p>El mismo viernes por la tarde ser\u00e1 tiempo para el debate y la recepci\u00f3n con dos ponencias, a las 15.30 y 16.30 horas, respectivamente, de la escritora y profesora Eulalia Lled\u00f3 y de la doctora en Psicolog\u00eda B\u00e1rbara Biglia, sobre violencias y lenguaje y sobre las violencias desde un enfoque feminista e interseccional, respectivamente. A continuaci\u00f3n, de 17.30 a 19.30 horas, se celebrar\u00e1 una mesa redonda sobre movimientos feministas frente a agresiones sexistas, respuestas y protocolos.<\/p>\n<p>El \u00faltimo d\u00eda, el s\u00e1bado 20 de octubre, se dedicar\u00e1 a conocer otras miradas y experiencias internacionales en la lucha contra la violencia hacia las mujeres en Europa, Oriente medio y \u00c1frica. La profesora de la Universidad de Birmingham, Morag MacDonald, ofrecer\u00e1 a las 10 horas una charla sobre la violencia contra las mujeres y la exclusi\u00f3n social en Europa. A las 11 horas, el foco estar\u00e1 en Palestina, con la conferencia de la vicedirectora general de The Culture and Free Thougt Association, Majeda Azmi Al Saqqa, sobre la situaci\u00f3n de la mujer en Gaza. A las 12 horas la directora de programas en ONU Mujeres N\u00edger, Beatrice Eyong Enege, hablar\u00e1 de la respuesta internacional ante casos de violencia sexual en contextos de guerra en ese pa\u00eds. A las 13 horas tendr\u00e1 lugar la clausura y despedida del congreso internacional.<\/p>\n<p>&nbsp;<\/p>\n<p><strong>Congreso Internacional sobre Violencias Sexistas<\/strong><\/p>\n<p>&nbsp;<\/p>\n<p><strong><u>Jueves 18 de octubre<\/u><\/strong><\/p>\n<ul>\n<li>00- 18.00 Presentaci\u00f3n del Congreso<\/li>\n<\/ul>\n<p>Representantes del Ayuntamiento de Pamplona (Igualdad LGTBI\/ Alcald\u00eda)\u00a0 y Gobierno de Navarra.<\/p>\n<p>Estrategia y compromiso del Ayuntamiento de Pamplona frente a las agresiones sexistas<\/p>\n<p>Pol\u00edticas p\u00fablicas del Gobierno de Navarra en materia de violencia contra las mujeres.<\/p>\n<ul>\n<li>00-19.30 Ponencia inaugural<\/li>\n<\/ul>\n<p>Larissa Arroyo Navarrete, abogada especialista en derechos humanos y g\u00e9nero: \u201cViolencia contra las mujeres y derechos humanos: una mirada desde Am\u00e9rica Central\u201d<\/p>\n<p>&nbsp;<\/p>\n<p><strong><u>Viernes 19\u00a0 de octubre<\/u><\/strong><\/p>\n<p>&nbsp;<\/p>\n<p><strong>EJE DERECHO<\/strong><\/p>\n<ul>\n<li>00-11.00 Mar\u00eda Acale S\u00e1nchez, catedr\u00e1tica de Derecho penal de la Universidad de C\u00e1diz: \u201cViolencia sexual y violencia de g\u00e9nero: horma y zapato del patriarcado\u201d<\/li>\n<li>00-12.00 Mar\u00eda Jos\u00e9 Cala Carrillo, profesora titular del Departamento de Psicolog\u00eda Experimental de la Universidad de Sevilla: \u201cProcesos judiciales y re-victimizaci\u00f3n\u201d<\/li>\n<li>00-12.30: pausa caf\u00e9<\/li>\n<li>30-13.30 Encarna Bodel\u00f3n, doctora en Derecho Directora del grupo de investigaci\u00f3n de la UAB, Ant\u00edgona, Grupo de Investigaci\u00f3n de Derechos y sociedad en perspectiva de g\u00e9nero: \u201cLa implementaci\u00f3n de la ley catalana contra la violencia machista. Una evaluaci\u00f3n. Reflexiones sobre los servicios de atenci\u00f3n en situaciones de violencia\u00a0machista\u201d<\/li>\n<\/ul>\n<p>&nbsp;<\/p>\n<p><strong>EJE DE COMUNICACI\u00d3N<\/strong><\/p>\n<p>&nbsp;<\/p>\n<ul>\n<li>00-11.00 Ana Requena Aguilar, redactora Jefa de G\u00e9nero de <a href=\"http:\/\/eldiario.es\">eldiario.es<\/a>: \u201cPerspectiva de g\u00e9nero y responsabilidad period\u00edstica en la cobertura de la violencia sexista\u201d<\/li>\n<li>00-12.00 Nerea Barjola, doctora en Feminismos y g\u00e9nero por la UPV\/EHU: \u201cLa violencia sexual como proyecto pol\u00edtico\u201d<\/li>\n<li>00-12.30: pausa caf\u00e9<\/li>\n<li>30-13.30 Josefina Hern\u00e1ndez T\u00e9llez y Elvira Hern\u00e1ndez Carbadillo, doctora en Ciencias Pol\u00edticas y Sociales. Profesora en la Universidad Aut\u00f3noma del Estado de Hidalgo, M\u00e9xico: \u201cLa violencia \u00aboculta\u00bb de los medios en contra de\u00a0la participaci\u00f3n paritaria de las mexicanas en las elecciones 2018\u201d<\/li>\n<\/ul>\n<p><strong><em>\u00a0<\/em><\/strong><\/p>\n<p><strong><em>\u00a0 <\/em><\/strong>\u00a0<strong>EJE ESTUDIOS E INVESTIGACI\u00d3N<\/strong><\/p>\n<p>&nbsp;<\/p>\n<ul>\n<li>00- 11.00 Miguel \u00c1ngel Arconada Melero, profesor en el Instituto Jorge Manrique (Palencia) y profesor del M\u00e1ster de la UNED \u201cLos malos tratos y la violencia de g\u00e9nero. Una visi\u00f3n multidisciplinar\u201d: \u201cEl monopolio del poder, \u00bfbasti\u00f3n de la identidad masculina o renuncia para masculinidades igualitarias?\u201d<\/li>\n<li>00-12.00 Ana Burgos Garc\u00eda, antrop\u00f3loga y coordinadora del Observatorio <a href=\"mailto:Noct\u00e1mbul@s\">Noct\u00e1mbul@s<\/a>: \u201cViolencias sexuales en entornos festivos y consumo de drogas: complejizando las miradas\u201d<\/li>\n<li>00-12.30: pausa caf\u00e9<\/li>\n<li>30- 13.30 Itziar Gandarias Goikoetxea, psic\u00f3loga social profesora de la Facultad de Psicolog\u00eda de la Universidad de Deusto, y Cony Carranza Castro, educadora popular feminista: \u201cIdentidades m\u00faltiples, desigualdades que se cruzan: tejiendo complicidades feministas\u201d<\/li>\n<\/ul>\n<p>&nbsp;<\/p>\n<p><strong>\u00a0DEBATE Y REFLEXI\u00d3N<\/strong><\/p>\n<p>&nbsp;<\/p>\n<ul>\n<li>30-16.30 Eulalia Lled\u00f3 Cunil, escritora y profesora jubilada: \u201cViolencias y lenguaje, m\u00e1s all\u00e1 de lo simb\u00f3lico\u201d<\/li>\n<li>30-17.30 Barbara Biglia, doctora en Psicolog\u00eda, profesora Agregada Serra Hunter. URV: \u201cRepensando las violencias desde un enfoque feminista e interseccional\u201d<\/li>\n<li>30-19.30 Mesa redonda: \u201cMovimientos feministas frente a agresiones sexistas: respuestas y protocolos\u201d<\/li>\n<\/ul>\n<p><strong><em>\u00a0<\/em><\/strong><\/p>\n<p>&nbsp;<\/p>\n<p><strong><u>S\u00e1bado 20 de octubre<\/u><\/strong><\/p>\n<p>&nbsp;<\/p>\n<p><strong>OTRAS MIRADAS Y OTRAS EXPERIENCIAS. EUROPA, ORIENTE PR\u00d3XIMO, \u00c1FRICA<\/strong><\/p>\n<p><strong>\u00a0<\/strong><\/p>\n<ul>\n<li>00-11-00 Morag Macdonald, profesora Universidad Birmingham: \u201cViolencia contra las mujeres y exclusi\u00f3n social en Europa\u201d<\/li>\n<li>00-12.00 Majeda Azmi Al Saqqa, vice-directora general de Rhe Cultura and Free Thougt Association, Palestina: \u201cGaza: Violencia contra las mujeres en un contexto de ocupaci\u00f3n y bloqueo\u201d<\/li>\n<li>00- 13.00 B\u00e9atrice Eyong Enege, directora de programas en ONU Mujeres N\u00edger. Especialista en g\u00e9nero y acci\u00f3n humanitaria: \u201cRespuesta internacional ante casos de violencia sexual en contextos de guerra: el caso de Niger\u201d<\/li>\n<li>00 Exposici\u00f3n de conclusiones del congreso. Clausura y despedida<\/li>\n<\/ul>\n<p>&nbsp;<\/p>\n","protected":false},"excerpt":{"rendered":"<p>Dirigido a profesional del Derecho, medios de comunicaci\u00f3n, investigaci\u00f3n o activismo feminista, contar\u00e1 en Baluarte con una veintena de ponentes<\/p>\n","protected":false},"author":1,"featured_media":11390,"comment_status":"open","ping_status":"closed","sticky":false,"template":"","format":"standard","meta":{"footnotes":""},"categories":[2],"tags":[],"class_list":["post-18933","post","type-post","status-publish","format-standard","has-post-thumbnail","hentry","category-ayuntamiento-pamplona"],"yoast_head":"<!-- This site is optimized with the Yoast SEO plugin v27.9 - https:\/\/yoast.com\/product\/yoast-seo-wordpress\/ -->\n<title>El Ayuntamiento organiza del 18 al 20 de octubre un congreso internacional sobre violencias sexistas para abordarlas, analizarlas, prevenirlas y erradicarlas<\/title>\n<meta name=\"robots\" content=\"index, follow, max-snippet:-1, max-image-preview:large, max-video-preview:-1\" \/>\n<link rel=\"canonical\" href=\"https:\/\/www.laguiadepamplona.com\/actualidad\/el-ayuntamiento-organiza-del-18-al-20-de-octubre-un-congreso-internacional-sobre-violencias-sexistas-para-abordarlas-analizarlas-prevenirlas-y-erradicarlas\/\" \/>\n<meta property=\"og:locale\" content=\"es_ES\" \/>\n<meta property=\"og:type\" content=\"article\" \/>\n<meta property=\"og:title\" content=\"El Ayuntamiento organiza del 18 al 20 de octubre un congreso internacional sobre violencias sexistas para abordarlas, analizarlas, prevenirlas y erradicarlas\" \/>\n<meta property=\"og:description\" content=\"Dirigido a profesional del Derecho, medios de comunicaci\u00f3n, investigaci\u00f3n o activismo feminista, contar\u00e1 en Baluarte con una veintena de ponentes\" \/>\n<meta property=\"og:url\" content=\"https:\/\/www.laguiadepamplona.com\/actualidad\/el-ayuntamiento-organiza-del-18-al-20-de-octubre-un-congreso-internacional-sobre-violencias-sexistas-para-abordarlas-analizarlas-prevenirlas-y-erradicarlas\/\" \/>\n<meta property=\"og:site_name\" content=\"La Gu\u00eda de Pamplona Noticias y actualidad\" \/>\n<meta property=\"article:publisher\" content=\"https:\/\/www.facebook.com\/laguiadepamplonacom-133175176762273\/?ref=hl\" \/>\n<meta property=\"article:published_time\" content=\"2018-10-08T10:49:11+00:00\" \/>\n<meta property=\"og:image\" content=\"https:\/\/www.laguiadepamplona.com\/actualidad\/wp-content\/uploads\/2017\/01\/MANOroja2.jpg\" \/>\n\t<meta property=\"og:image:width\" content=\"600\" \/>\n\t<meta property=\"og:image:height\" content=\"685\" \/>\n\t<meta property=\"og:image:type\" content=\"image\/jpeg\" \/>\n<meta name=\"author\" content=\"La Gu\u00eda de Pamplona\" \/>\n<meta name=\"twitter:card\" content=\"summary_large_image\" \/>\n<meta name=\"twitter:creator\" content=\"@LaGuiadPamplona\" \/>\n<meta name=\"twitter:site\" content=\"@LaGuiadPamplona\" \/>\n<meta name=\"twitter:label1\" content=\"Escrito por\" \/>\n\t<meta name=\"twitter:data1\" content=\"La Gu\u00eda de Pamplona\" \/>\n\t<meta name=\"twitter:label2\" content=\"Tiempo de lectura\" \/>\n\t<meta name=\"twitter:data2\" content=\"8 minutos\" \/>\n<script type=\"application\/ld+json\" class=\"yoast-schema-graph\">{\"@context\":\"https:\\\/\\\/schema.org\",\"@graph\":[{\"@type\":\"Article\",\"@id\":\"https:\\\/\\\/www.laguiadepamplona.com\\\/actualidad\\\/el-ayuntamiento-organiza-del-18-al-20-de-octubre-un-congreso-internacional-sobre-violencias-sexistas-para-abordarlas-analizarlas-prevenirlas-y-erradicarlas\\\/#article\",\"isPartOf\":{\"@id\":\"https:\\\/\\\/www.laguiadepamplona.com\\\/actualidad\\\/el-ayuntamiento-organiza-del-18-al-20-de-octubre-un-congreso-internacional-sobre-violencias-sexistas-para-abordarlas-analizarlas-prevenirlas-y-erradicarlas\\\/\"},\"author\":{\"name\":\"La Gu\u00eda de Pamplona\",\"@id\":\"https:\\\/\\\/www.laguiadepamplona.com\\\/actualidad\\\/#\\\/schema\\\/person\\\/efe887376f0213d4657c93adc50b1fdb\"},\"headline\":\"El Ayuntamiento organiza del 18 al 20 de octubre un congreso internacional sobre violencias sexistas para abordarlas, analizarlas, prevenirlas y erradicarlas\",\"datePublished\":\"2018-10-08T10:49:11+00:00\",\"mainEntityOfPage\":{\"@id\":\"https:\\\/\\\/www.laguiadepamplona.com\\\/actualidad\\\/el-ayuntamiento-organiza-del-18-al-20-de-octubre-un-congreso-internacional-sobre-violencias-sexistas-para-abordarlas-analizarlas-prevenirlas-y-erradicarlas\\\/\"},\"wordCount\":1706,\"commentCount\":0,\"publisher\":{\"@id\":\"https:\\\/\\\/www.laguiadepamplona.com\\\/actualidad\\\/#organization\"},\"image\":{\"@id\":\"https:\\\/\\\/www.laguiadepamplona.com\\\/actualidad\\\/el-ayuntamiento-organiza-del-18-al-20-de-octubre-un-congreso-internacional-sobre-violencias-sexistas-para-abordarlas-analizarlas-prevenirlas-y-erradicarlas\\\/#primaryimage\"},\"thumbnailUrl\":\"https:\\\/\\\/www.laguiadepamplona.com\\\/actualidad\\\/wp-content\\\/uploads\\\/2017\\\/01\\\/MANOroja2.jpg\",\"articleSection\":[\"Ayto Pamplona\"],\"inLanguage\":\"es\",\"potentialAction\":[{\"@type\":\"CommentAction\",\"name\":\"Comment\",\"target\":[\"https:\\\/\\\/www.laguiadepamplona.com\\\/actualidad\\\/el-ayuntamiento-organiza-del-18-al-20-de-octubre-un-congreso-internacional-sobre-violencias-sexistas-para-abordarlas-analizarlas-prevenirlas-y-erradicarlas\\\/#respond\"]}]},{\"@type\":\"WebPage\",\"@id\":\"https:\\\/\\\/www.laguiadepamplona.com\\\/actualidad\\\/el-ayuntamiento-organiza-del-18-al-20-de-octubre-un-congreso-internacional-sobre-violencias-sexistas-para-abordarlas-analizarlas-prevenirlas-y-erradicarlas\\\/\",\"url\":\"https:\\\/\\\/www.laguiadepamplona.com\\\/actualidad\\\/el-ayuntamiento-organiza-del-18-al-20-de-octubre-un-congreso-internacional-sobre-violencias-sexistas-para-abordarlas-analizarlas-prevenirlas-y-erradicarlas\\\/\",\"name\":\"El Ayuntamiento organiza del 18 al 20 de octubre un congreso internacional sobre violencias sexistas para abordarlas, analizarlas, prevenirlas y erradicarlas\",\"isPartOf\":{\"@id\":\"https:\\\/\\\/www.laguiadepamplona.com\\\/actualidad\\\/#website\"},\"primaryImageOfPage\":{\"@id\":\"https:\\\/\\\/www.laguiadepamplona.com\\\/actualidad\\\/el-ayuntamiento-organiza-del-18-al-20-de-octubre-un-congreso-internacional-sobre-violencias-sexistas-para-abordarlas-analizarlas-prevenirlas-y-erradicarlas\\\/#primaryimage\"},\"image\":{\"@id\":\"https:\\\/\\\/www.laguiadepamplona.com\\\/actualidad\\\/el-ayuntamiento-organiza-del-18-al-20-de-octubre-un-congreso-internacional-sobre-violencias-sexistas-para-abordarlas-analizarlas-prevenirlas-y-erradicarlas\\\/#primaryimage\"},\"thumbnailUrl\":\"https:\\\/\\\/www.laguiadepamplona.com\\\/actualidad\\\/wp-content\\\/uploads\\\/2017\\\/01\\\/MANOroja2.jpg\",\"datePublished\":\"2018-10-08T10:49:11+00:00\",\"breadcrumb\":{\"@id\":\"https:\\\/\\\/www.laguiadepamplona.com\\\/actualidad\\\/el-ayuntamiento-organiza-del-18-al-20-de-octubre-un-congreso-internacional-sobre-violencias-sexistas-para-abordarlas-analizarlas-prevenirlas-y-erradicarlas\\\/#breadcrumb\"},\"inLanguage\":\"es\",\"potentialAction\":[{\"@type\":\"ReadAction\",\"target\":[\"https:\\\/\\\/www.laguiadepamplona.com\\\/actualidad\\\/el-ayuntamiento-organiza-del-18-al-20-de-octubre-un-congreso-internacional-sobre-violencias-sexistas-para-abordarlas-analizarlas-prevenirlas-y-erradicarlas\\\/\"]}]},{\"@type\":\"ImageObject\",\"inLanguage\":\"es\",\"@id\":\"https:\\\/\\\/www.laguiadepamplona.com\\\/actualidad\\\/el-ayuntamiento-organiza-del-18-al-20-de-octubre-un-congreso-internacional-sobre-violencias-sexistas-para-abordarlas-analizarlas-prevenirlas-y-erradicarlas\\\/#primaryimage\",\"url\":\"https:\\\/\\\/www.laguiadepamplona.com\\\/actualidad\\\/wp-content\\\/uploads\\\/2017\\\/01\\\/MANOroja2.jpg\",\"contentUrl\":\"https:\\\/\\\/www.laguiadepamplona.com\\\/actualidad\\\/wp-content\\\/uploads\\\/2017\\\/01\\\/MANOroja2.jpg\",\"width\":600,\"height\":685},{\"@type\":\"BreadcrumbList\",\"@id\":\"https:\\\/\\\/www.laguiadepamplona.com\\\/actualidad\\\/el-ayuntamiento-organiza-del-18-al-20-de-octubre-un-congreso-internacional-sobre-violencias-sexistas-para-abordarlas-analizarlas-prevenirlas-y-erradicarlas\\\/#breadcrumb\",\"itemListElement\":[{\"@type\":\"ListItem\",\"position\":1,\"name\":\"Portada\",\"item\":\"https:\\\/\\\/www.laguiadepamplona.com\\\/actualidad\\\/\"},{\"@type\":\"ListItem\",\"position\":2,\"name\":\"El Ayuntamiento organiza del 18 al 20 de octubre un congreso internacional sobre violencias sexistas para abordarlas, analizarlas, prevenirlas y erradicarlas\"}]},{\"@type\":\"WebSite\",\"@id\":\"https:\\\/\\\/www.laguiadepamplona.com\\\/actualidad\\\/#website\",\"url\":\"https:\\\/\\\/www.laguiadepamplona.com\\\/actualidad\\\/\",\"name\":\"La gu\u00eda de Pamplona\",\"description\":\"Noticias de Pamplona\",\"publisher\":{\"@id\":\"https:\\\/\\\/www.laguiadepamplona.com\\\/actualidad\\\/#organization\"},\"potentialAction\":[{\"@type\":\"SearchAction\",\"target\":{\"@type\":\"EntryPoint\",\"urlTemplate\":\"https:\\\/\\\/www.laguiadepamplona.com\\\/actualidad\\\/?s={search_term_string}\"},\"query-input\":{\"@type\":\"PropertyValueSpecification\",\"valueRequired\":true,\"valueName\":\"search_term_string\"}}],\"inLanguage\":\"es\"},{\"@type\":\"Organization\",\"@id\":\"https:\\\/\\\/www.laguiadepamplona.com\\\/actualidad\\\/#organization\",\"name\":\"La Gu\u00eda de Pamplona \\\/ Noticias\",\"url\":\"https:\\\/\\\/www.laguiadepamplona.com\\\/actualidad\\\/\",\"logo\":{\"@type\":\"ImageObject\",\"inLanguage\":\"es\",\"@id\":\"https:\\\/\\\/www.laguiadepamplona.com\\\/actualidad\\\/#\\\/schema\\\/logo\\\/image\\\/\",\"url\":\"https:\\\/\\\/www.laguiadepamplona.com\\\/actualidad\\\/wp-content\\\/uploads\\\/2018\\\/11\\\/logo-laguiadepamplona18-web1.png\",\"contentUrl\":\"https:\\\/\\\/www.laguiadepamplona.com\\\/actualidad\\\/wp-content\\\/uploads\\\/2018\\\/11\\\/logo-laguiadepamplona18-web1.png\",\"width\":600,\"height\":196,\"caption\":\"La Gu\u00eda de Pamplona \\\/ Noticias\"},\"image\":{\"@id\":\"https:\\\/\\\/www.laguiadepamplona.com\\\/actualidad\\\/#\\\/schema\\\/logo\\\/image\\\/\"},\"sameAs\":[\"https:\\\/\\\/www.facebook.com\\\/laguiadepamplonacom-133175176762273\\\/?ref=hl\",\"https:\\\/\\\/x.com\\\/LaGuiadPamplona\",\"https:\\\/\\\/www.instagram.com\\\/la_guia_de_pamplona\\\/\",\"https:\\\/\\\/www.youtube.com\\\/user\\\/laguiadepamplona\"]},{\"@type\":\"Person\",\"@id\":\"https:\\\/\\\/www.laguiadepamplona.com\\\/actualidad\\\/#\\\/schema\\\/person\\\/efe887376f0213d4657c93adc50b1fdb\",\"name\":\"La Gu\u00eda de Pamplona\",\"image\":{\"@type\":\"ImageObject\",\"inLanguage\":\"es\",\"@id\":\"https:\\\/\\\/secure.gravatar.com\\\/avatar\\\/b6992f131dc8d30ab0dff15446e9d346d9dbd95992de0fef795073f5ea83a81c?s=96&d=mm&r=g\",\"url\":\"https:\\\/\\\/secure.gravatar.com\\\/avatar\\\/b6992f131dc8d30ab0dff15446e9d346d9dbd95992de0fef795073f5ea83a81c?s=96&d=mm&r=g\",\"contentUrl\":\"https:\\\/\\\/secure.gravatar.com\\\/avatar\\\/b6992f131dc8d30ab0dff15446e9d346d9dbd95992de0fef795073f5ea83a81c?s=96&d=mm&r=g\",\"caption\":\"La Gu\u00eda de Pamplona\"}}]}<\/script>\n<!-- \/ Yoast SEO plugin. -->","yoast_head_json":{"title":"El Ayuntamiento organiza del 18 al 20 de octubre un congreso internacional sobre violencias sexistas para abordarlas, analizarlas, prevenirlas y erradicarlas","robots":{"index":"index","follow":"follow","max-snippet":"max-snippet:-1","max-image-preview":"max-image-preview:large","max-video-preview":"max-video-preview:-1"},"canonical":"https:\/\/www.laguiadepamplona.com\/actualidad\/el-ayuntamiento-organiza-del-18-al-20-de-octubre-un-congreso-internacional-sobre-violencias-sexistas-para-abordarlas-analizarlas-prevenirlas-y-erradicarlas\/","og_locale":"es_ES","og_type":"article","og_title":"El Ayuntamiento organiza del 18 al 20 de octubre un congreso internacional sobre violencias sexistas para abordarlas, analizarlas, prevenirlas y erradicarlas","og_description":"Dirigido a profesional del Derecho, medios de comunicaci\u00f3n, investigaci\u00f3n o activismo feminista, contar\u00e1 en Baluarte con una veintena de ponentes","og_url":"https:\/\/www.laguiadepamplona.com\/actualidad\/el-ayuntamiento-organiza-del-18-al-20-de-octubre-un-congreso-internacional-sobre-violencias-sexistas-para-abordarlas-analizarlas-prevenirlas-y-erradicarlas\/","og_site_name":"La Gu\u00eda de Pamplona Noticias y actualidad","article_publisher":"https:\/\/www.facebook.com\/laguiadepamplonacom-133175176762273\/?ref=hl","article_published_time":"2018-10-08T10:49:11+00:00","og_image":[{"width":600,"height":685,"url":"https:\/\/www.laguiadepamplona.com\/actualidad\/wp-content\/uploads\/2017\/01\/MANOroja2.jpg","type":"image\/jpeg"}],"author":"La Gu\u00eda de Pamplona","twitter_card":"summary_large_image","twitter_creator":"@LaGuiadPamplona","twitter_site":"@LaGuiadPamplona","twitter_misc":{"Escrito por":"La Gu\u00eda de Pamplona","Tiempo de lectura":"8 minutos"},"schema":{"@context":"https:\/\/schema.org","@graph":[{"@type":"Article","@id":"https:\/\/www.laguiadepamplona.com\/actualidad\/el-ayuntamiento-organiza-del-18-al-20-de-octubre-un-congreso-internacional-sobre-violencias-sexistas-para-abordarlas-analizarlas-prevenirlas-y-erradicarlas\/#article","isPartOf":{"@id":"https:\/\/www.laguiadepamplona.com\/actualidad\/el-ayuntamiento-organiza-del-18-al-20-de-octubre-un-congreso-internacional-sobre-violencias-sexistas-para-abordarlas-analizarlas-prevenirlas-y-erradicarlas\/"},"author":{"name":"La Gu\u00eda de Pamplona","@id":"https:\/\/www.laguiadepamplona.com\/actualidad\/#\/schema\/person\/efe887376f0213d4657c93adc50b1fdb"},"headline":"El Ayuntamiento organiza del 18 al 20 de octubre un congreso internacional sobre violencias sexistas para abordarlas, analizarlas, prevenirlas y erradicarlas","datePublished":"2018-10-08T10:49:11+00:00","mainEntityOfPage":{"@id":"https:\/\/www.laguiadepamplona.com\/actualidad\/el-ayuntamiento-organiza-del-18-al-20-de-octubre-un-congreso-internacional-sobre-violencias-sexistas-para-abordarlas-analizarlas-prevenirlas-y-erradicarlas\/"},"wordCount":1706,"commentCount":0,"publisher":{"@id":"https:\/\/www.laguiadepamplona.com\/actualidad\/#organization"},"image":{"@id":"https:\/\/www.laguiadepamplona.com\/actualidad\/el-ayuntamiento-organiza-del-18-al-20-de-octubre-un-congreso-internacional-sobre-violencias-sexistas-para-abordarlas-analizarlas-prevenirlas-y-erradicarlas\/#primaryimage"},"thumbnailUrl":"https:\/\/www.laguiadepamplona.com\/actualidad\/wp-content\/uploads\/2017\/01\/MANOroja2.jpg","articleSection":["Ayto Pamplona"],"inLanguage":"es","potentialAction":[{"@type":"CommentAction","name":"Comment","target":["https:\/\/www.laguiadepamplona.com\/actualidad\/el-ayuntamiento-organiza-del-18-al-20-de-octubre-un-congreso-internacional-sobre-violencias-sexistas-para-abordarlas-analizarlas-prevenirlas-y-erradicarlas\/#respond"]}]},{"@type":"WebPage","@id":"https:\/\/www.laguiadepamplona.com\/actualidad\/el-ayuntamiento-organiza-del-18-al-20-de-octubre-un-congreso-internacional-sobre-violencias-sexistas-para-abordarlas-analizarlas-prevenirlas-y-erradicarlas\/","url":"https:\/\/www.laguiadepamplona.com\/actualidad\/el-ayuntamiento-organiza-del-18-al-20-de-octubre-un-congreso-internacional-sobre-violencias-sexistas-para-abordarlas-analizarlas-prevenirlas-y-erradicarlas\/","name":"El Ayuntamiento organiza del 18 al 20 de octubre un congreso internacional sobre violencias sexistas para abordarlas, analizarlas, prevenirlas y erradicarlas","isPartOf":{"@id":"https:\/\/www.laguiadepamplona.com\/actualidad\/#website"},"primaryImageOfPage":{"@id":"https:\/\/www.laguiadepamplona.com\/actualidad\/el-ayuntamiento-organiza-del-18-al-20-de-octubre-un-congreso-internacional-sobre-violencias-sexistas-para-abordarlas-analizarlas-prevenirlas-y-erradicarlas\/#primaryimage"},"image":{"@id":"https:\/\/www.laguiadepamplona.com\/actualidad\/el-ayuntamiento-organiza-del-18-al-20-de-octubre-un-congreso-internacional-sobre-violencias-sexistas-para-abordarlas-analizarlas-prevenirlas-y-erradicarlas\/#primaryimage"},"thumbnailUrl":"https:\/\/www.laguiadepamplona.com\/actualidad\/wp-content\/uploads\/2017\/01\/MANOroja2.jpg","datePublished":"2018-10-08T10:49:11+00:00","breadcrumb":{"@id":"https:\/\/www.laguiadepamplona.com\/actualidad\/el-ayuntamiento-organiza-del-18-al-20-de-octubre-un-congreso-internacional-sobre-violencias-sexistas-para-abordarlas-analizarlas-prevenirlas-y-erradicarlas\/#breadcrumb"},"inLanguage":"es","potentialAction":[{"@type":"ReadAction","target":["https:\/\/www.laguiadepamplona.com\/actualidad\/el-ayuntamiento-organiza-del-18-al-20-de-octubre-un-congreso-internacional-sobre-violencias-sexistas-para-abordarlas-analizarlas-prevenirlas-y-erradicarlas\/"]}]},{"@type":"ImageObject","inLanguage":"es","@id":"https:\/\/www.laguiadepamplona.com\/actualidad\/el-ayuntamiento-organiza-del-18-al-20-de-octubre-un-congreso-internacional-sobre-violencias-sexistas-para-abordarlas-analizarlas-prevenirlas-y-erradicarlas\/#primaryimage","url":"https:\/\/www.laguiadepamplona.com\/actualidad\/wp-content\/uploads\/2017\/01\/MANOroja2.jpg","contentUrl":"https:\/\/www.laguiadepamplona.com\/actualidad\/wp-content\/uploads\/2017\/01\/MANOroja2.jpg","width":600,"height":685},{"@type":"BreadcrumbList","@id":"https:\/\/www.laguiadepamplona.com\/actualidad\/el-ayuntamiento-organiza-del-18-al-20-de-octubre-un-congreso-internacional-sobre-violencias-sexistas-para-abordarlas-analizarlas-prevenirlas-y-erradicarlas\/#breadcrumb","itemListElement":[{"@type":"ListItem","position":1,"name":"Portada","item":"https:\/\/www.laguiadepamplona.com\/actualidad\/"},{"@type":"ListItem","position":2,"name":"El Ayuntamiento organiza del 18 al 20 de octubre un congreso internacional sobre violencias sexistas para abordarlas, analizarlas, prevenirlas y erradicarlas"}]},{"@type":"WebSite","@id":"https:\/\/www.laguiadepamplona.com\/actualidad\/#website","url":"https:\/\/www.laguiadepamplona.com\/actualidad\/","name":"La gu\u00eda de Pamplona","description":"Noticias de Pamplona","publisher":{"@id":"https:\/\/www.laguiadepamplona.com\/actualidad\/#organization"},"potentialAction":[{"@type":"SearchAction","target":{"@type":"EntryPoint","urlTemplate":"https:\/\/www.laguiadepamplona.com\/actualidad\/?s={search_term_string}"},"query-input":{"@type":"PropertyValueSpecification","valueRequired":true,"valueName":"search_term_string"}}],"inLanguage":"es"},{"@type":"Organization","@id":"https:\/\/www.laguiadepamplona.com\/actualidad\/#organization","name":"La Gu\u00eda de Pamplona \/ Noticias","url":"https:\/\/www.laguiadepamplona.com\/actualidad\/","logo":{"@type":"ImageObject","inLanguage":"es","@id":"https:\/\/www.laguiadepamplona.com\/actualidad\/#\/schema\/logo\/image\/","url":"https:\/\/www.laguiadepamplona.com\/actualidad\/wp-content\/uploads\/2018\/11\/logo-laguiadepamplona18-web1.png","contentUrl":"https:\/\/www.laguiadepamplona.com\/actualidad\/wp-content\/uploads\/2018\/11\/logo-laguiadepamplona18-web1.png","width":600,"height":196,"caption":"La Gu\u00eda de Pamplona \/ Noticias"},"image":{"@id":"https:\/\/www.laguiadepamplona.com\/actualidad\/#\/schema\/logo\/image\/"},"sameAs":["https:\/\/www.facebook.com\/laguiadepamplonacom-133175176762273\/?ref=hl","https:\/\/x.com\/LaGuiadPamplona","https:\/\/www.instagram.com\/la_guia_de_pamplona\/","https:\/\/www.youtube.com\/user\/laguiadepamplona"]},{"@type":"Person","@id":"https:\/\/www.laguiadepamplona.com\/actualidad\/#\/schema\/person\/efe887376f0213d4657c93adc50b1fdb","name":"La Gu\u00eda de Pamplona","image":{"@type":"ImageObject","inLanguage":"es","@id":"https:\/\/secure.gravatar.com\/avatar\/b6992f131dc8d30ab0dff15446e9d346d9dbd95992de0fef795073f5ea83a81c?s=96&d=mm&r=g","url":"https:\/\/secure.gravatar.com\/avatar\/b6992f131dc8d30ab0dff15446e9d346d9dbd95992de0fef795073f5ea83a81c?s=96&d=mm&r=g","contentUrl":"https:\/\/secure.gravatar.com\/avatar\/b6992f131dc8d30ab0dff15446e9d346d9dbd95992de0fef795073f5ea83a81c?s=96&d=mm&r=g","caption":"La Gu\u00eda de Pamplona"}}]}},"post_mailing_queue_ids":[],"_links":{"self":[{"href":"https:\/\/www.laguiadepamplona.com\/actualidad\/wp-json\/wp\/v2\/posts\/18933","targetHints":{"allow":["GET"]}}],"collection":[{"href":"https:\/\/www.laguiadepamplona.com\/actualidad\/wp-json\/wp\/v2\/posts"}],"about":[{"href":"https:\/\/www.laguiadepamplona.com\/actualidad\/wp-json\/wp\/v2\/types\/post"}],"author":[{"embeddable":true,"href":"https:\/\/www.laguiadepamplona.com\/actualidad\/wp-json\/wp\/v2\/users\/1"}],"replies":[{"embeddable":true,"href":"https:\/\/www.laguiadepamplona.com\/actualidad\/wp-json\/wp\/v2\/comments?post=18933"}],"version-history":[{"count":0,"href":"https:\/\/www.laguiadepamplona.com\/actualidad\/wp-json\/wp\/v2\/posts\/18933\/revisions"}],"wp:featuredmedia":[{"embeddable":true,"href":"https:\/\/www.laguiadepamplona.com\/actualidad\/wp-json\/wp\/v2\/media\/11390"}],"wp:attachment":[{"href":"https:\/\/www.laguiadepamplona.com\/actualidad\/wp-json\/wp\/v2\/media?parent=18933"}],"wp:term":[{"taxonomy":"category","embeddable":true,"href":"https:\/\/www.laguiadepamplona.com\/actualidad\/wp-json\/wp\/v2\/categories?post=18933"},{"taxonomy":"post_tag","embeddable":true,"href":"https:\/\/www.laguiadepamplona.com\/actualidad\/wp-json\/wp\/v2\/tags?post=18933"}],"curies":[{"name":"wp","href":"https:\/\/api.w.org\/{rel}","templated":true}]}}