{"id":18923,"date":"2018-10-08T11:21:04","date_gmt":"2018-10-08T09:21:04","guid":{"rendered":"https:\/\/www.laguiadepamplona.es\/actualidad\/?p=18923"},"modified":"2018-10-08T11:21:04","modified_gmt":"2018-10-08T09:21:04","slug":"nuevo-taller-gratuito-sobre-el-uso-de-la-energia-en-los-hogares-y-consejos-para-reducir-el-consumo-y-la-factura-manana-martes-en-el-museo-de-educacion-ambiental","status":"publish","type":"post","link":"https:\/\/www.laguiadepamplona.com\/actualidad\/nuevo-taller-gratuito-sobre-el-uso-de-la-energia-en-los-hogares-y-consejos-para-reducir-el-consumo-y-la-factura-manana-martes-en-el-museo-de-educacion-ambiental\/","title":{"rendered":"Nuevo taller gratuito sobre el uso de la energ\u00eda en los hogares y consejos para reducir el consumo y la factura, ma\u00f1ana martes en el Museo de Educaci\u00f3n Ambiental"},"content":{"rendered":"<h3>El taller comenzar\u00e1 a las 18.30 horas y la asistencia es libre<\/h3>\n<p><!--more--><\/p>\n<p>La serie de talleres organizados por el Ayuntamiento para sobre el uso de la energ\u00eda en los hogares y consejos para reducir el consumo y la factura llegan ma\u00f1ana martes al barrio de la Rochapea. El Museo de Educaci\u00f3n Ambiental, en la calle Errotazar, acoger\u00e1 este martes a partir de las 18.30 horas este taller, que ser\u00e1 gratuito, sin necesidad de inscripci\u00f3n previa.<\/p>\n<p>En el taller, dirigido a personas j\u00f3venes y adultas, se habla de conceptos b\u00e1sicos relacionados con la energ\u00eda, consumos, gastos y facturas, analizando algunas para que sea una sesi\u00f3n pr\u00e1ctica. Tambi\u00e9n se dar\u00e1n a conocer medidas concretas f\u00e1ciles de aplicar que permitir\u00e1n el ahorro y la eficiencia energ\u00e9tica, objetivos de esta iniciativa adem\u00e1s de fomentar el conocimiento de la poblaci\u00f3n de Pamplona sobre temas de energ\u00eda como las renovables y la autonom\u00eda energ\u00e9tica. En un contexto particular con altos precios de la energ\u00eda se da especial importancia en atender las dudas e inquietudes de todas las personas asistentes.<\/p>\n<p><script async src=\"\/\/pagead2.googlesyndication.com\/pagead\/js\/adsbygoogle.js\"><\/script><br \/>\n<!-- Noticias La Guia de Pamplona --><br \/>\n<ins class=\"adsbygoogle\"\nstyle=\"display:block\"\ndata-ad-client=\"ca-pub-6943679897239327\"\ndata-ad-slot=\"7048180777\"\ndata-ad-format=\"auto\"><\/ins><br \/>\n<script>\n(adsbygoogle = window.adsbygoogle || []).push({});\n<\/script><\/p>\n<p>Esta serie de talleres comenz\u00f3 el pasado martes en Ermitaga\u00f1a y se suma a los siete celebrados en el primer semestre del a\u00f1o. Durante octubre y noviembre, adem\u00e1s de en Ermitaga\u00f1a, se celebran otras 4 sesiones. Ma\u00f1ana en el Museo de Medio Ambiente (Rochapea), la semana que viene en el Colegio P\u00fablico Nicasio Landa (Etxabakoitz). En noviembre, el d\u00eda 6 la sesi\u00f3n tendr\u00e1 lugar en el Colegio P\u00fablico San Francisco (Casco Antiguo) y el d\u00eda 13 en la Biblioteca P\u00fablica de la Txantrea. El objetivo del Consistorio con esta iniciativa es trabajar la sensibilizaci\u00f3n y formaci\u00f3n sobre el uso racional de la energ\u00eda y tambi\u00e9n el empoderamiento a la hora de tomar decisiones respecto a los consumos.<\/p>\n<p>&nbsp;<\/p>\n<p><strong>Pr\u00f3ximos talleres sobre educaci\u00f3n en\u00e9rgetica. De 18.30 a 20.30 horas.<\/strong><\/p>\n<ul>\n<li><strong>Martes 9 de octubre<\/strong><\/li>\n<\/ul>\n<p>Museo de Medio Ambiente. Calle Errotazar, s\/n<\/p>\n<ul>\n<li><strong>Martes 16 de octubre<\/strong><\/li>\n<\/ul>\n<p>Colegio P\u00fablico Nicasio Landa. Grupo Urd\u00e1noz, 2<\/p>\n<ul>\n<li><strong>Martes 6 de noviembre<\/strong><\/li>\n<\/ul>\n<p>Colegio P\u00fablico San Francisco. Calle Nueva, 28<\/p>\n<ul>\n<li><strong>Martes 13 de noviembre<\/strong><\/li>\n<\/ul>\n<p>Biblioteca Municipal de la Txantrea. Plaza Arriurdi\u00f1eta, 4<\/p>\n<p>&nbsp;<\/p>\n","protected":false},"excerpt":{"rendered":"<p>El taller comenzar\u00e1 a las 18.30 horas y la asistencia es libre<\/p>\n","protected":false},"author":1,"featured_media":11071,"comment_status":"open","ping_status":"closed","sticky":false,"template":"","format":"standard","meta":{"footnotes":""},"categories":[2],"tags":[],"class_list":["post-18923","post","type-post","status-publish","format-standard","has-post-thumbnail","hentry","category-ayuntamiento-pamplona"],"yoast_head":"<!-- This site is optimized with the Yoast SEO plugin v27.9 - https:\/\/yoast.com\/product\/yoast-seo-wordpress\/ -->\n<title>Nuevo taller gratuito sobre el uso de la energ\u00eda en los hogares y consejos para reducir el consumo y la factura, ma\u00f1ana martes en el Museo de Educaci\u00f3n Ambiental<\/title>\n<meta name=\"robots\" content=\"index, follow, max-snippet:-1, max-image-preview:large, max-video-preview:-1\" \/>\n<link rel=\"canonical\" href=\"https:\/\/www.laguiadepamplona.com\/actualidad\/nuevo-taller-gratuito-sobre-el-uso-de-la-energia-en-los-hogares-y-consejos-para-reducir-el-consumo-y-la-factura-manana-martes-en-el-museo-de-educacion-ambiental\/\" \/>\n<meta property=\"og:locale\" content=\"es_ES\" \/>\n<meta property=\"og:type\" content=\"article\" \/>\n<meta property=\"og:title\" content=\"Nuevo taller gratuito sobre el uso de la energ\u00eda en los hogares y consejos para reducir el consumo y la factura, ma\u00f1ana martes en el Museo de Educaci\u00f3n Ambiental\" \/>\n<meta property=\"og:description\" content=\"El taller comenzar\u00e1 a las 18.30 horas y la asistencia es libre\" \/>\n<meta property=\"og:url\" content=\"https:\/\/www.laguiadepamplona.com\/actualidad\/nuevo-taller-gratuito-sobre-el-uso-de-la-energia-en-los-hogares-y-consejos-para-reducir-el-consumo-y-la-factura-manana-martes-en-el-museo-de-educacion-ambiental\/\" \/>\n<meta property=\"og:site_name\" content=\"La Gu\u00eda de Pamplona Noticias y actualidad\" \/>\n<meta property=\"article:publisher\" content=\"https:\/\/www.facebook.com\/laguiadepamplonacom-133175176762273\/?ref=hl\" \/>\n<meta property=\"article:published_time\" content=\"2018-10-08T09:21:04+00:00\" \/>\n<meta property=\"og:image\" content=\"https:\/\/www.laguiadepamplona.com\/actualidad\/wp-content\/uploads\/2016\/12\/Museo-Educacion-Ambiental-Pamplona.jpg\" \/>\n\t<meta property=\"og:image:width\" content=\"627\" \/>\n\t<meta property=\"og:image:height\" content=\"352\" \/>\n\t<meta property=\"og:image:type\" content=\"image\/jpeg\" \/>\n<meta name=\"author\" content=\"La Gu\u00eda de Pamplona\" \/>\n<meta name=\"twitter:card\" content=\"summary_large_image\" \/>\n<meta name=\"twitter:creator\" content=\"@LaGuiadPamplona\" \/>\n<meta name=\"twitter:site\" content=\"@LaGuiadPamplona\" \/>\n<meta name=\"twitter:label1\" content=\"Escrito por\" \/>\n\t<meta name=\"twitter:data1\" content=\"La Gu\u00eda de Pamplona\" \/>\n\t<meta name=\"twitter:label2\" content=\"Tiempo de lectura\" \/>\n\t<meta name=\"twitter:data2\" content=\"2 minutos\" \/>\n<script type=\"application\/ld+json\" class=\"yoast-schema-graph\">{\"@context\":\"https:\\\/\\\/schema.org\",\"@graph\":[{\"@type\":\"Article\",\"@id\":\"https:\\\/\\\/www.laguiadepamplona.com\\\/actualidad\\\/nuevo-taller-gratuito-sobre-el-uso-de-la-energia-en-los-hogares-y-consejos-para-reducir-el-consumo-y-la-factura-manana-martes-en-el-museo-de-educacion-ambiental\\\/#article\",\"isPartOf\":{\"@id\":\"https:\\\/\\\/www.laguiadepamplona.com\\\/actualidad\\\/nuevo-taller-gratuito-sobre-el-uso-de-la-energia-en-los-hogares-y-consejos-para-reducir-el-consumo-y-la-factura-manana-martes-en-el-museo-de-educacion-ambiental\\\/\"},\"author\":{\"name\":\"La Gu\u00eda de Pamplona\",\"@id\":\"https:\\\/\\\/www.laguiadepamplona.com\\\/actualidad\\\/#\\\/schema\\\/person\\\/efe887376f0213d4657c93adc50b1fdb\"},\"headline\":\"Nuevo taller gratuito sobre el uso de la energ\u00eda en los hogares y consejos para reducir el consumo y la factura, ma\u00f1ana martes en el Museo de Educaci\u00f3n Ambiental\",\"datePublished\":\"2018-10-08T09:21:04+00:00\",\"mainEntityOfPage\":{\"@id\":\"https:\\\/\\\/www.laguiadepamplona.com\\\/actualidad\\\/nuevo-taller-gratuito-sobre-el-uso-de-la-energia-en-los-hogares-y-consejos-para-reducir-el-consumo-y-la-factura-manana-martes-en-el-museo-de-educacion-ambiental\\\/\"},\"wordCount\":408,\"commentCount\":0,\"publisher\":{\"@id\":\"https:\\\/\\\/www.laguiadepamplona.com\\\/actualidad\\\/#organization\"},\"image\":{\"@id\":\"https:\\\/\\\/www.laguiadepamplona.com\\\/actualidad\\\/nuevo-taller-gratuito-sobre-el-uso-de-la-energia-en-los-hogares-y-consejos-para-reducir-el-consumo-y-la-factura-manana-martes-en-el-museo-de-educacion-ambiental\\\/#primaryimage\"},\"thumbnailUrl\":\"https:\\\/\\\/www.laguiadepamplona.com\\\/actualidad\\\/wp-content\\\/uploads\\\/2016\\\/12\\\/Museo-Educacion-Ambiental-Pamplona.jpg\",\"articleSection\":[\"Ayto Pamplona\"],\"inLanguage\":\"es\",\"potentialAction\":[{\"@type\":\"CommentAction\",\"name\":\"Comment\",\"target\":[\"https:\\\/\\\/www.laguiadepamplona.com\\\/actualidad\\\/nuevo-taller-gratuito-sobre-el-uso-de-la-energia-en-los-hogares-y-consejos-para-reducir-el-consumo-y-la-factura-manana-martes-en-el-museo-de-educacion-ambiental\\\/#respond\"]}]},{\"@type\":\"WebPage\",\"@id\":\"https:\\\/\\\/www.laguiadepamplona.com\\\/actualidad\\\/nuevo-taller-gratuito-sobre-el-uso-de-la-energia-en-los-hogares-y-consejos-para-reducir-el-consumo-y-la-factura-manana-martes-en-el-museo-de-educacion-ambiental\\\/\",\"url\":\"https:\\\/\\\/www.laguiadepamplona.com\\\/actualidad\\\/nuevo-taller-gratuito-sobre-el-uso-de-la-energia-en-los-hogares-y-consejos-para-reducir-el-consumo-y-la-factura-manana-martes-en-el-museo-de-educacion-ambiental\\\/\",\"name\":\"Nuevo taller gratuito sobre el uso de la energ\u00eda en los hogares y consejos para reducir el consumo y la factura, ma\u00f1ana martes en el Museo de Educaci\u00f3n Ambiental\",\"isPartOf\":{\"@id\":\"https:\\\/\\\/www.laguiadepamplona.com\\\/actualidad\\\/#website\"},\"primaryImageOfPage\":{\"@id\":\"https:\\\/\\\/www.laguiadepamplona.com\\\/actualidad\\\/nuevo-taller-gratuito-sobre-el-uso-de-la-energia-en-los-hogares-y-consejos-para-reducir-el-consumo-y-la-factura-manana-martes-en-el-museo-de-educacion-ambiental\\\/#primaryimage\"},\"image\":{\"@id\":\"https:\\\/\\\/www.laguiadepamplona.com\\\/actualidad\\\/nuevo-taller-gratuito-sobre-el-uso-de-la-energia-en-los-hogares-y-consejos-para-reducir-el-consumo-y-la-factura-manana-martes-en-el-museo-de-educacion-ambiental\\\/#primaryimage\"},\"thumbnailUrl\":\"https:\\\/\\\/www.laguiadepamplona.com\\\/actualidad\\\/wp-content\\\/uploads\\\/2016\\\/12\\\/Museo-Educacion-Ambiental-Pamplona.jpg\",\"datePublished\":\"2018-10-08T09:21:04+00:00\",\"breadcrumb\":{\"@id\":\"https:\\\/\\\/www.laguiadepamplona.com\\\/actualidad\\\/nuevo-taller-gratuito-sobre-el-uso-de-la-energia-en-los-hogares-y-consejos-para-reducir-el-consumo-y-la-factura-manana-martes-en-el-museo-de-educacion-ambiental\\\/#breadcrumb\"},\"inLanguage\":\"es\",\"potentialAction\":[{\"@type\":\"ReadAction\",\"target\":[\"https:\\\/\\\/www.laguiadepamplona.com\\\/actualidad\\\/nuevo-taller-gratuito-sobre-el-uso-de-la-energia-en-los-hogares-y-consejos-para-reducir-el-consumo-y-la-factura-manana-martes-en-el-museo-de-educacion-ambiental\\\/\"]}]},{\"@type\":\"ImageObject\",\"inLanguage\":\"es\",\"@id\":\"https:\\\/\\\/www.laguiadepamplona.com\\\/actualidad\\\/nuevo-taller-gratuito-sobre-el-uso-de-la-energia-en-los-hogares-y-consejos-para-reducir-el-consumo-y-la-factura-manana-martes-en-el-museo-de-educacion-ambiental\\\/#primaryimage\",\"url\":\"https:\\\/\\\/www.laguiadepamplona.com\\\/actualidad\\\/wp-content\\\/uploads\\\/2016\\\/12\\\/Museo-Educacion-Ambiental-Pamplona.jpg\",\"contentUrl\":\"https:\\\/\\\/www.laguiadepamplona.com\\\/actualidad\\\/wp-content\\\/uploads\\\/2016\\\/12\\\/Museo-Educacion-Ambiental-Pamplona.jpg\",\"width\":627,\"height\":352},{\"@type\":\"BreadcrumbList\",\"@id\":\"https:\\\/\\\/www.laguiadepamplona.com\\\/actualidad\\\/nuevo-taller-gratuito-sobre-el-uso-de-la-energia-en-los-hogares-y-consejos-para-reducir-el-consumo-y-la-factura-manana-martes-en-el-museo-de-educacion-ambiental\\\/#breadcrumb\",\"itemListElement\":[{\"@type\":\"ListItem\",\"position\":1,\"name\":\"Portada\",\"item\":\"https:\\\/\\\/www.laguiadepamplona.com\\\/actualidad\\\/\"},{\"@type\":\"ListItem\",\"position\":2,\"name\":\"Nuevo taller gratuito sobre el uso de la energ\u00eda en los hogares y consejos para reducir el consumo y la factura, ma\u00f1ana martes en el Museo de Educaci\u00f3n Ambiental\"}]},{\"@type\":\"WebSite\",\"@id\":\"https:\\\/\\\/www.laguiadepamplona.com\\\/actualidad\\\/#website\",\"url\":\"https:\\\/\\\/www.laguiadepamplona.com\\\/actualidad\\\/\",\"name\":\"La gu\u00eda de Pamplona\",\"description\":\"Noticias de Pamplona\",\"publisher\":{\"@id\":\"https:\\\/\\\/www.laguiadepamplona.com\\\/actualidad\\\/#organization\"},\"potentialAction\":[{\"@type\":\"SearchAction\",\"target\":{\"@type\":\"EntryPoint\",\"urlTemplate\":\"https:\\\/\\\/www.laguiadepamplona.com\\\/actualidad\\\/?s={search_term_string}\"},\"query-input\":{\"@type\":\"PropertyValueSpecification\",\"valueRequired\":true,\"valueName\":\"search_term_string\"}}],\"inLanguage\":\"es\"},{\"@type\":\"Organization\",\"@id\":\"https:\\\/\\\/www.laguiadepamplona.com\\\/actualidad\\\/#organization\",\"name\":\"La Gu\u00eda de Pamplona \\\/ Noticias\",\"url\":\"https:\\\/\\\/www.laguiadepamplona.com\\\/actualidad\\\/\",\"logo\":{\"@type\":\"ImageObject\",\"inLanguage\":\"es\",\"@id\":\"https:\\\/\\\/www.laguiadepamplona.com\\\/actualidad\\\/#\\\/schema\\\/logo\\\/image\\\/\",\"url\":\"https:\\\/\\\/www.laguiadepamplona.com\\\/actualidad\\\/wp-content\\\/uploads\\\/2018\\\/11\\\/logo-laguiadepamplona18-web1.png\",\"contentUrl\":\"https:\\\/\\\/www.laguiadepamplona.com\\\/actualidad\\\/wp-content\\\/uploads\\\/2018\\\/11\\\/logo-laguiadepamplona18-web1.png\",\"width\":600,\"height\":196,\"caption\":\"La Gu\u00eda de Pamplona \\\/ Noticias\"},\"image\":{\"@id\":\"https:\\\/\\\/www.laguiadepamplona.com\\\/actualidad\\\/#\\\/schema\\\/logo\\\/image\\\/\"},\"sameAs\":[\"https:\\\/\\\/www.facebook.com\\\/laguiadepamplonacom-133175176762273\\\/?ref=hl\",\"https:\\\/\\\/x.com\\\/LaGuiadPamplona\",\"https:\\\/\\\/www.instagram.com\\\/la_guia_de_pamplona\\\/\",\"https:\\\/\\\/www.youtube.com\\\/user\\\/laguiadepamplona\"]},{\"@type\":\"Person\",\"@id\":\"https:\\\/\\\/www.laguiadepamplona.com\\\/actualidad\\\/#\\\/schema\\\/person\\\/efe887376f0213d4657c93adc50b1fdb\",\"name\":\"La Gu\u00eda de Pamplona\",\"image\":{\"@type\":\"ImageObject\",\"inLanguage\":\"es\",\"@id\":\"https:\\\/\\\/secure.gravatar.com\\\/avatar\\\/b6992f131dc8d30ab0dff15446e9d346d9dbd95992de0fef795073f5ea83a81c?s=96&d=mm&r=g\",\"url\":\"https:\\\/\\\/secure.gravatar.com\\\/avatar\\\/b6992f131dc8d30ab0dff15446e9d346d9dbd95992de0fef795073f5ea83a81c?s=96&d=mm&r=g\",\"contentUrl\":\"https:\\\/\\\/secure.gravatar.com\\\/avatar\\\/b6992f131dc8d30ab0dff15446e9d346d9dbd95992de0fef795073f5ea83a81c?s=96&d=mm&r=g\",\"caption\":\"La Gu\u00eda de Pamplona\"}}]}<\/script>\n<!-- \/ Yoast SEO plugin. -->","yoast_head_json":{"title":"Nuevo taller gratuito sobre el uso de la energ\u00eda en los hogares y consejos para reducir el consumo y la factura, ma\u00f1ana martes en el Museo de Educaci\u00f3n Ambiental","robots":{"index":"index","follow":"follow","max-snippet":"max-snippet:-1","max-image-preview":"max-image-preview:large","max-video-preview":"max-video-preview:-1"},"canonical":"https:\/\/www.laguiadepamplona.com\/actualidad\/nuevo-taller-gratuito-sobre-el-uso-de-la-energia-en-los-hogares-y-consejos-para-reducir-el-consumo-y-la-factura-manana-martes-en-el-museo-de-educacion-ambiental\/","og_locale":"es_ES","og_type":"article","og_title":"Nuevo taller gratuito sobre el uso de la energ\u00eda en los hogares y consejos para reducir el consumo y la factura, ma\u00f1ana martes en el Museo de Educaci\u00f3n Ambiental","og_description":"El taller comenzar\u00e1 a las 18.30 horas y la asistencia es libre","og_url":"https:\/\/www.laguiadepamplona.com\/actualidad\/nuevo-taller-gratuito-sobre-el-uso-de-la-energia-en-los-hogares-y-consejos-para-reducir-el-consumo-y-la-factura-manana-martes-en-el-museo-de-educacion-ambiental\/","og_site_name":"La Gu\u00eda de Pamplona Noticias y actualidad","article_publisher":"https:\/\/www.facebook.com\/laguiadepamplonacom-133175176762273\/?ref=hl","article_published_time":"2018-10-08T09:21:04+00:00","og_image":[{"width":627,"height":352,"url":"https:\/\/www.laguiadepamplona.com\/actualidad\/wp-content\/uploads\/2016\/12\/Museo-Educacion-Ambiental-Pamplona.jpg","type":"image\/jpeg"}],"author":"La Gu\u00eda de Pamplona","twitter_card":"summary_large_image","twitter_creator":"@LaGuiadPamplona","twitter_site":"@LaGuiadPamplona","twitter_misc":{"Escrito por":"La Gu\u00eda de Pamplona","Tiempo de lectura":"2 minutos"},"schema":{"@context":"https:\/\/schema.org","@graph":[{"@type":"Article","@id":"https:\/\/www.laguiadepamplona.com\/actualidad\/nuevo-taller-gratuito-sobre-el-uso-de-la-energia-en-los-hogares-y-consejos-para-reducir-el-consumo-y-la-factura-manana-martes-en-el-museo-de-educacion-ambiental\/#article","isPartOf":{"@id":"https:\/\/www.laguiadepamplona.com\/actualidad\/nuevo-taller-gratuito-sobre-el-uso-de-la-energia-en-los-hogares-y-consejos-para-reducir-el-consumo-y-la-factura-manana-martes-en-el-museo-de-educacion-ambiental\/"},"author":{"name":"La Gu\u00eda de Pamplona","@id":"https:\/\/www.laguiadepamplona.com\/actualidad\/#\/schema\/person\/efe887376f0213d4657c93adc50b1fdb"},"headline":"Nuevo taller gratuito sobre el uso de la energ\u00eda en los hogares y consejos para reducir el consumo y la factura, ma\u00f1ana martes en el Museo de Educaci\u00f3n Ambiental","datePublished":"2018-10-08T09:21:04+00:00","mainEntityOfPage":{"@id":"https:\/\/www.laguiadepamplona.com\/actualidad\/nuevo-taller-gratuito-sobre-el-uso-de-la-energia-en-los-hogares-y-consejos-para-reducir-el-consumo-y-la-factura-manana-martes-en-el-museo-de-educacion-ambiental\/"},"wordCount":408,"commentCount":0,"publisher":{"@id":"https:\/\/www.laguiadepamplona.com\/actualidad\/#organization"},"image":{"@id":"https:\/\/www.laguiadepamplona.com\/actualidad\/nuevo-taller-gratuito-sobre-el-uso-de-la-energia-en-los-hogares-y-consejos-para-reducir-el-consumo-y-la-factura-manana-martes-en-el-museo-de-educacion-ambiental\/#primaryimage"},"thumbnailUrl":"https:\/\/www.laguiadepamplona.com\/actualidad\/wp-content\/uploads\/2016\/12\/Museo-Educacion-Ambiental-Pamplona.jpg","articleSection":["Ayto Pamplona"],"inLanguage":"es","potentialAction":[{"@type":"CommentAction","name":"Comment","target":["https:\/\/www.laguiadepamplona.com\/actualidad\/nuevo-taller-gratuito-sobre-el-uso-de-la-energia-en-los-hogares-y-consejos-para-reducir-el-consumo-y-la-factura-manana-martes-en-el-museo-de-educacion-ambiental\/#respond"]}]},{"@type":"WebPage","@id":"https:\/\/www.laguiadepamplona.com\/actualidad\/nuevo-taller-gratuito-sobre-el-uso-de-la-energia-en-los-hogares-y-consejos-para-reducir-el-consumo-y-la-factura-manana-martes-en-el-museo-de-educacion-ambiental\/","url":"https:\/\/www.laguiadepamplona.com\/actualidad\/nuevo-taller-gratuito-sobre-el-uso-de-la-energia-en-los-hogares-y-consejos-para-reducir-el-consumo-y-la-factura-manana-martes-en-el-museo-de-educacion-ambiental\/","name":"Nuevo taller gratuito sobre el uso de la energ\u00eda en los hogares y consejos para reducir el consumo y la factura, ma\u00f1ana martes en el Museo de Educaci\u00f3n Ambiental","isPartOf":{"@id":"https:\/\/www.laguiadepamplona.com\/actualidad\/#website"},"primaryImageOfPage":{"@id":"https:\/\/www.laguiadepamplona.com\/actualidad\/nuevo-taller-gratuito-sobre-el-uso-de-la-energia-en-los-hogares-y-consejos-para-reducir-el-consumo-y-la-factura-manana-martes-en-el-museo-de-educacion-ambiental\/#primaryimage"},"image":{"@id":"https:\/\/www.laguiadepamplona.com\/actualidad\/nuevo-taller-gratuito-sobre-el-uso-de-la-energia-en-los-hogares-y-consejos-para-reducir-el-consumo-y-la-factura-manana-martes-en-el-museo-de-educacion-ambiental\/#primaryimage"},"thumbnailUrl":"https:\/\/www.laguiadepamplona.com\/actualidad\/wp-content\/uploads\/2016\/12\/Museo-Educacion-Ambiental-Pamplona.jpg","datePublished":"2018-10-08T09:21:04+00:00","breadcrumb":{"@id":"https:\/\/www.laguiadepamplona.com\/actualidad\/nuevo-taller-gratuito-sobre-el-uso-de-la-energia-en-los-hogares-y-consejos-para-reducir-el-consumo-y-la-factura-manana-martes-en-el-museo-de-educacion-ambiental\/#breadcrumb"},"inLanguage":"es","potentialAction":[{"@type":"ReadAction","target":["https:\/\/www.laguiadepamplona.com\/actualidad\/nuevo-taller-gratuito-sobre-el-uso-de-la-energia-en-los-hogares-y-consejos-para-reducir-el-consumo-y-la-factura-manana-martes-en-el-museo-de-educacion-ambiental\/"]}]},{"@type":"ImageObject","inLanguage":"es","@id":"https:\/\/www.laguiadepamplona.com\/actualidad\/nuevo-taller-gratuito-sobre-el-uso-de-la-energia-en-los-hogares-y-consejos-para-reducir-el-consumo-y-la-factura-manana-martes-en-el-museo-de-educacion-ambiental\/#primaryimage","url":"https:\/\/www.laguiadepamplona.com\/actualidad\/wp-content\/uploads\/2016\/12\/Museo-Educacion-Ambiental-Pamplona.jpg","contentUrl":"https:\/\/www.laguiadepamplona.com\/actualidad\/wp-content\/uploads\/2016\/12\/Museo-Educacion-Ambiental-Pamplona.jpg","width":627,"height":352},{"@type":"BreadcrumbList","@id":"https:\/\/www.laguiadepamplona.com\/actualidad\/nuevo-taller-gratuito-sobre-el-uso-de-la-energia-en-los-hogares-y-consejos-para-reducir-el-consumo-y-la-factura-manana-martes-en-el-museo-de-educacion-ambiental\/#breadcrumb","itemListElement":[{"@type":"ListItem","position":1,"name":"Portada","item":"https:\/\/www.laguiadepamplona.com\/actualidad\/"},{"@type":"ListItem","position":2,"name":"Nuevo taller gratuito sobre el uso de la energ\u00eda en los hogares y consejos para reducir el consumo y la factura, ma\u00f1ana martes en el Museo de Educaci\u00f3n Ambiental"}]},{"@type":"WebSite","@id":"https:\/\/www.laguiadepamplona.com\/actualidad\/#website","url":"https:\/\/www.laguiadepamplona.com\/actualidad\/","name":"La gu\u00eda de Pamplona","description":"Noticias de Pamplona","publisher":{"@id":"https:\/\/www.laguiadepamplona.com\/actualidad\/#organization"},"potentialAction":[{"@type":"SearchAction","target":{"@type":"EntryPoint","urlTemplate":"https:\/\/www.laguiadepamplona.com\/actualidad\/?s={search_term_string}"},"query-input":{"@type":"PropertyValueSpecification","valueRequired":true,"valueName":"search_term_string"}}],"inLanguage":"es"},{"@type":"Organization","@id":"https:\/\/www.laguiadepamplona.com\/actualidad\/#organization","name":"La Gu\u00eda de Pamplona \/ Noticias","url":"https:\/\/www.laguiadepamplona.com\/actualidad\/","logo":{"@type":"ImageObject","inLanguage":"es","@id":"https:\/\/www.laguiadepamplona.com\/actualidad\/#\/schema\/logo\/image\/","url":"https:\/\/www.laguiadepamplona.com\/actualidad\/wp-content\/uploads\/2018\/11\/logo-laguiadepamplona18-web1.png","contentUrl":"https:\/\/www.laguiadepamplona.com\/actualidad\/wp-content\/uploads\/2018\/11\/logo-laguiadepamplona18-web1.png","width":600,"height":196,"caption":"La Gu\u00eda de Pamplona \/ Noticias"},"image":{"@id":"https:\/\/www.laguiadepamplona.com\/actualidad\/#\/schema\/logo\/image\/"},"sameAs":["https:\/\/www.facebook.com\/laguiadepamplonacom-133175176762273\/?ref=hl","https:\/\/x.com\/LaGuiadPamplona","https:\/\/www.instagram.com\/la_guia_de_pamplona\/","https:\/\/www.youtube.com\/user\/laguiadepamplona"]},{"@type":"Person","@id":"https:\/\/www.laguiadepamplona.com\/actualidad\/#\/schema\/person\/efe887376f0213d4657c93adc50b1fdb","name":"La Gu\u00eda de Pamplona","image":{"@type":"ImageObject","inLanguage":"es","@id":"https:\/\/secure.gravatar.com\/avatar\/b6992f131dc8d30ab0dff15446e9d346d9dbd95992de0fef795073f5ea83a81c?s=96&d=mm&r=g","url":"https:\/\/secure.gravatar.com\/avatar\/b6992f131dc8d30ab0dff15446e9d346d9dbd95992de0fef795073f5ea83a81c?s=96&d=mm&r=g","contentUrl":"https:\/\/secure.gravatar.com\/avatar\/b6992f131dc8d30ab0dff15446e9d346d9dbd95992de0fef795073f5ea83a81c?s=96&d=mm&r=g","caption":"La Gu\u00eda de Pamplona"}}]}},"post_mailing_queue_ids":[],"_links":{"self":[{"href":"https:\/\/www.laguiadepamplona.com\/actualidad\/wp-json\/wp\/v2\/posts\/18923","targetHints":{"allow":["GET"]}}],"collection":[{"href":"https:\/\/www.laguiadepamplona.com\/actualidad\/wp-json\/wp\/v2\/posts"}],"about":[{"href":"https:\/\/www.laguiadepamplona.com\/actualidad\/wp-json\/wp\/v2\/types\/post"}],"author":[{"embeddable":true,"href":"https:\/\/www.laguiadepamplona.com\/actualidad\/wp-json\/wp\/v2\/users\/1"}],"replies":[{"embeddable":true,"href":"https:\/\/www.laguiadepamplona.com\/actualidad\/wp-json\/wp\/v2\/comments?post=18923"}],"version-history":[{"count":0,"href":"https:\/\/www.laguiadepamplona.com\/actualidad\/wp-json\/wp\/v2\/posts\/18923\/revisions"}],"wp:featuredmedia":[{"embeddable":true,"href":"https:\/\/www.laguiadepamplona.com\/actualidad\/wp-json\/wp\/v2\/media\/11071"}],"wp:attachment":[{"href":"https:\/\/www.laguiadepamplona.com\/actualidad\/wp-json\/wp\/v2\/media?parent=18923"}],"wp:term":[{"taxonomy":"category","embeddable":true,"href":"https:\/\/www.laguiadepamplona.com\/actualidad\/wp-json\/wp\/v2\/categories?post=18923"},{"taxonomy":"post_tag","embeddable":true,"href":"https:\/\/www.laguiadepamplona.com\/actualidad\/wp-json\/wp\/v2\/tags?post=18923"}],"curies":[{"name":"wp","href":"https:\/\/api.w.org\/{rel}","templated":true}]}}