{"id":18918,"date":"2018-10-08T11:17:59","date_gmt":"2018-10-08T09:17:59","guid":{"rendered":"https:\/\/www.laguiadepamplona.es\/actualidad\/?p=18918"},"modified":"2018-10-08T11:31:59","modified_gmt":"2018-10-08T09:31:59","slug":"el-ayuntamiento-de-pamplona-presenta-las-bases-del-proyecto-de-la-futura-escuela-infantil-en-lezkairu-un-centro-de-1-900-m2-para-114-menores-que-estaria-listo-en-2020","status":"publish","type":"post","link":"https:\/\/www.laguiadepamplona.com\/actualidad\/el-ayuntamiento-de-pamplona-presenta-las-bases-del-proyecto-de-la-futura-escuela-infantil-en-lezkairu-un-centro-de-1-900-m2-para-114-menores-que-estaria-listo-en-2020\/","title":{"rendered":"El Ayuntamiento de Pamplona presenta las bases del proyecto de la futura escuela infantil en Lezkairu, un centro de 1.900 m2 para 114 menores que estar\u00eda listo en 2020"},"content":{"rendered":"<h3>El centro tendr\u00e1 jornada media a completa, estar\u00e1 ubicado en una parcela junto a la plaza de la Igualdad y costar\u00e1 1,9 millones de euros<\/h3>\n<p><!--more--><\/p>\n<p>El Ayuntamiento de Pamplona va a iniciar los tr\u00e1mites para la construcci\u00f3n de una nueva escuela infantil en el barrio de Lezkairu. Se prev\u00e9 un centro con capacidad para 114 menores de 0 a 3 a\u00f1os a jornada completa o media jornada, con la novedad de contar tambi\u00e9n con un espacio para que las familias puedan compartir esa educaci\u00f3n y crianza de sus hijos e hijas. La inversi\u00f3n total estimada es de 1,9 millones de euros. Se prev\u00e9 que el centro pueda ser una realidad en el curso 2020 \u2013 2021. Como primer paso, la Junta de Gobierno del Organismo Aut\u00f3nomo Escuelas Infantiles Municipales de Pamplona ha conocido esta ma\u00f1ana las bases de la contrataci\u00f3n del proyecto arquitect\u00f3nico del edificio, trabajo que est\u00e1 valorado en 90.000 euros.<\/p>\n<p>Este centro se ubicar\u00eda en una parcela junto a la plaza de la Igualdad, frente a las instalaciones deportivas de Lezkairu y colindante con la calle Valle de Eg\u00fc\u00e9s. Ser\u00eda un edificio de nueva construcci\u00f3n de unos 1.900 m<sup>2<\/sup>, incrementados por el patio exterior y las zonas de urbanizaci\u00f3n. Esta escuela, adem\u00e1s, satisfar\u00e1 la demanda en un barrio de reciente creaci\u00f3n con un fuerte potencial de demanda de infraestructuras educativas en los pr\u00f3ximos a\u00f1os.<\/p>\n<p><script async src=\"\/\/pagead2.googlesyndication.com\/pagead\/js\/adsbygoogle.js\"><\/script><br \/>\n<!-- Noticias La Guia de Pamplona --><br \/>\n<ins class=\"adsbygoogle\"\nstyle=\"display:block\"\ndata-ad-client=\"ca-pub-6943679897239327\"\ndata-ad-slot=\"7048180777\"\ndata-ad-format=\"auto\"><\/ins><br \/>\n<script>\n(adsbygoogle = window.adsbygoogle || []).push({});\n<\/script><\/p>\n<p>La concejala delegada de Cultura y Educaci\u00f3n y presidenta del organismo aut\u00f3nomo de Escuelas Infantiles Municipales, Maider Beloki, y el gerente del organismo aut\u00f3nomo, Alfredo Hoyuelos, han presentado las l\u00edneas en las que se est\u00e1 trabajando. La escuela infantil de Lezkairu ofrecer\u00e1 los servicios de jornada completa, media jornada y espacio familiar, por lo que se concibe como un centro educativo p\u00fablico innovador con esos tres servicios complementarios y simult\u00e1neos. A jornada completa se prev\u00e9 que pueda acoger a 71 menores de 0 a 3 a\u00f1os y a media jornada a otros 43 ni\u00f1os y ni\u00f1as. Adem\u00e1s, podr\u00e1 acoger a turnos a 108 familias para el servicio de \u201cespacio familiar\u201d. Trabajar\u00e1n en el centro una persona en direcci\u00f3n y 14 educadoras infantiles, adem\u00e1s de personal de servicios.<\/p>\n<p>El espacio familiar, por su parte, es un \u00e1mbito educativo donde las familias pueden permanecer con sus hijos e hijas y encontrar propuestas que acompa\u00f1en, de forma adecuada a los progenitores en su crianza. Si en la escuela infantil los padres y madres dejan a sus hijos e hijas un tiempo en el centro, en el espacio familiar permanecen durante todo el tiempo con los menores y, a su vez, est\u00e1n acompa\u00f1ados por profesionales durante esos momentos. Ese espacio familiar puede atender a 108 familias. Un espacio similar existi\u00f3 en Hello Buztintxuri, pero en el caso de Lezkairu hay previsi\u00f3n de que est\u00e1 abierto ma\u00f1ana y tarde.<\/p>\n<p><strong>Caracter\u00edsticas del edificio<\/strong><\/p>\n<p>En l\u00edneas generales, se pretende crear un edificio que disponga de zonas de acceso, vest\u00edbulo principal con guarda-silletas y plaza central con taller. Acoger\u00e1 tres m\u00f3dulos de jornada completa (2-3 a\u00f1os, 1-2 a\u00f1os y 0-1 a\u00f1o) y dos m\u00f3dulos de media jornada (2 y 3 a\u00f1os, 0 y 1 a\u00f1o), todos compuestos de aula, taller, dormitorio, ba\u00f1o, comedor y almac\u00e9n). El espacio familiar contar\u00e1 con dos aulas, una para 6 ni\u00f1os y ni\u00f1as menores de 12 meses y sus acompa\u00f1antes (uno por menor) y otra para 12 ni\u00f1os y ni\u00f1as de 1 a 3 a\u00f1os y sus acompa\u00f1antes (uno por menor), taller, ba\u00f1o, aseo, cocina dom\u00e9stica y sala de reuni\u00f3n. Adem\u00e1s, el edificio contar\u00e1 con otras dependencias como zona de servicios con sala de reuniones y despacho de direcci\u00f3n; zona de cocina con comedor, oficios, almacenes y lavander\u00eda; vestuarios y servicios masculinos y femeninos.<\/p>\n<p>El edificio se desarrollar\u00e1 b\u00e1sicamente en una planta, independiente, dedicado exclusivamente al tramo educativo de 0 a 3 a\u00f1os y de f\u00e1cil acceso desde la calle. Se quiere que el proyecto tenga una especial atenci\u00f3n de los espacios exteriores, tradicionalmente descuidados. Cada grupo de menores deber\u00e1 tener acceso directo al exterior, que ser\u00e1 amplio para potenciar el di\u00e1logo dentro-fuera, y rico en est\u00edmulos sensoriales. Se generar\u00e1 una zona de patio exterior cubierta y otra zona exterior\u00a0 al aire libre.<\/p>\n<p><strong>Obras por valor de m\u00e1s de 2 millones de euros para cumplir la normativa foral\u00a0<\/strong><\/p>\n<p>Este proyecto en Lezkairu se enmarca en el programa de reformas y adecuaci\u00f3n de las escuelas infantiles municipales a la normativa regional, que emprendi\u00f3 el Ayuntamiento de Pamplona en 2016. Ese programa supone la inversi\u00f3n de m\u00e1s de 2 millones de euros hasta 2020 en obras de acondicionamiento y mejora de siete centros que no cumpl\u00edan los requisitos establecidos en el Decreto foral 28\/2007, por el que se regula el primer ciclo de educaci\u00f3n infantil y se establecen los requisitos que deben cumplir los centros que lo imparten, as\u00ed como los contenidos educativos del mismo.<\/p>\n<p>En estos momentos, ocho de los doce centros de titularidad municipal se adaptan a esa normativa. Se trata de las escuelas infantiles Jos\u00e9 Mar\u00eda Huarte, Hello Buztintxuri, Hello Azpilaga\u00f1a, Printzearen Harresi, Goiz Eder, Izartegi, Mendillorri y Haurtzaro, esta \u00faltima tras obras llevadas a cabo el curso pasado. En estos momentos, se est\u00e1 actuando en Hello Egunsenti, con una inversi\u00f3n de m\u00e1s de 500.000 euros para adecuar las instalaciones a la legalidad. En los pr\u00f3ximos dos a\u00f1os est\u00e1 previsto acometer las obras en Donibane y Mendebaldea, que requieren partidas presupuestarias mayores, en torno a los 600.000 y 1.000.000 euros, respectivamente.<\/p>\n<p>Los problemas estructurales que tiene la E.I. Rochapea tienen dif\u00edcil soluci\u00f3n un elevado coste, por lo que el Ayuntamiento de Pamplona tom\u00f3 la decisi\u00f3n de, una vez ejecutadas las actuaciones previstas en las distintas escuelas infantiles, cerrar ese centro y convertirlo en un espacio familiar para padres, madres, hijas e hijas de 0 a 3 a\u00f1os como lugar de convivencia y experiencias pedag\u00f3gicas.<\/p>\n<h3><a href=\"https:\/\/www.laguiadepamplona.es\/actualidad\/wp-content\/uploads\/2018\/10\/18.10.08_Presentacion_EEII_Lezkairu.pdf\" target=\"_blank\" rel=\"noopener\">Presentacion_EEII_Lezkairu.pdf<\/a><\/h3>\n<p>&nbsp;<\/p>\n","protected":false},"excerpt":{"rendered":"<p>El centro tendr\u00e1 jornada media a completa, estar\u00e1 ubicado en una parcela junto a la plaza de la Igualdad y costar\u00e1 1,9 millones de euros<\/p>\n","protected":false},"author":1,"featured_media":18920,"comment_status":"open","ping_status":"closed","sticky":false,"template":"","format":"standard","meta":{"footnotes":""},"categories":[2],"tags":[],"class_list":["post-18918","post","type-post","status-publish","format-standard","has-post-thumbnail","hentry","category-ayuntamiento-pamplona"],"yoast_head":"<!-- This site is optimized with the Yoast SEO plugin v27.9 - https:\/\/yoast.com\/product\/yoast-seo-wordpress\/ -->\n<title>El Ayuntamiento de Pamplona presenta las bases del proyecto de la futura escuela infantil en Lezkairu, un centro de 1.900 m2 para 114 menores que estar\u00eda listo en 2020<\/title>\n<meta name=\"robots\" content=\"index, follow, max-snippet:-1, max-image-preview:large, max-video-preview:-1\" \/>\n<link rel=\"canonical\" href=\"https:\/\/www.laguiadepamplona.com\/actualidad\/el-ayuntamiento-de-pamplona-presenta-las-bases-del-proyecto-de-la-futura-escuela-infantil-en-lezkairu-un-centro-de-1-900-m2-para-114-menores-que-estaria-listo-en-2020\/\" \/>\n<meta property=\"og:locale\" content=\"es_ES\" \/>\n<meta property=\"og:type\" content=\"article\" \/>\n<meta property=\"og:title\" content=\"El Ayuntamiento de Pamplona presenta las bases del proyecto de la futura escuela infantil en Lezkairu, un centro de 1.900 m2 para 114 menores que estar\u00eda listo en 2020\" \/>\n<meta property=\"og:description\" content=\"El centro tendr\u00e1 jornada media a completa, estar\u00e1 ubicado en una parcela junto a la plaza de la Igualdad y costar\u00e1 1,9 millones de euros\" \/>\n<meta property=\"og:url\" content=\"https:\/\/www.laguiadepamplona.com\/actualidad\/el-ayuntamiento-de-pamplona-presenta-las-bases-del-proyecto-de-la-futura-escuela-infantil-en-lezkairu-un-centro-de-1-900-m2-para-114-menores-que-estaria-listo-en-2020\/\" \/>\n<meta property=\"og:site_name\" content=\"La Gu\u00eda de Pamplona Noticias y actualidad\" \/>\n<meta property=\"article:publisher\" content=\"https:\/\/www.facebook.com\/laguiadepamplonacom-133175176762273\/?ref=hl\" \/>\n<meta property=\"article:published_time\" content=\"2018-10-08T09:17:59+00:00\" \/>\n<meta property=\"article:modified_time\" content=\"2018-10-08T09:31:59+00:00\" \/>\n<meta property=\"og:image\" content=\"https:\/\/www.laguiadepamplona.com\/actualidad\/wp-content\/uploads\/2018\/10\/18.10.08_Presentacion_EEII_Lezkairu-1.jpg\" \/>\n\t<meta property=\"og:image:width\" content=\"1000\" \/>\n\t<meta property=\"og:image:height\" content=\"707\" \/>\n\t<meta property=\"og:image:type\" content=\"image\/jpeg\" \/>\n<meta name=\"author\" content=\"La Gu\u00eda de Pamplona\" \/>\n<meta name=\"twitter:card\" content=\"summary_large_image\" \/>\n<meta name=\"twitter:creator\" content=\"@LaGuiadPamplona\" \/>\n<meta name=\"twitter:site\" content=\"@LaGuiadPamplona\" \/>\n<meta name=\"twitter:label1\" content=\"Escrito por\" \/>\n\t<meta name=\"twitter:data1\" content=\"La Gu\u00eda de Pamplona\" \/>\n\t<meta name=\"twitter:label2\" content=\"Tiempo de lectura\" \/>\n\t<meta name=\"twitter:data2\" content=\"5 minutos\" \/>\n<script type=\"application\/ld+json\" class=\"yoast-schema-graph\">{\"@context\":\"https:\\\/\\\/schema.org\",\"@graph\":[{\"@type\":\"Article\",\"@id\":\"https:\\\/\\\/www.laguiadepamplona.com\\\/actualidad\\\/el-ayuntamiento-de-pamplona-presenta-las-bases-del-proyecto-de-la-futura-escuela-infantil-en-lezkairu-un-centro-de-1-900-m2-para-114-menores-que-estaria-listo-en-2020\\\/#article\",\"isPartOf\":{\"@id\":\"https:\\\/\\\/www.laguiadepamplona.com\\\/actualidad\\\/el-ayuntamiento-de-pamplona-presenta-las-bases-del-proyecto-de-la-futura-escuela-infantil-en-lezkairu-un-centro-de-1-900-m2-para-114-menores-que-estaria-listo-en-2020\\\/\"},\"author\":{\"name\":\"La Gu\u00eda de Pamplona\",\"@id\":\"https:\\\/\\\/www.laguiadepamplona.com\\\/actualidad\\\/#\\\/schema\\\/person\\\/efe887376f0213d4657c93adc50b1fdb\"},\"headline\":\"El Ayuntamiento de Pamplona presenta las bases del proyecto de la futura escuela infantil en Lezkairu, un centro de 1.900 m2 para 114 menores que estar\u00eda listo en 2020\",\"datePublished\":\"2018-10-08T09:17:59+00:00\",\"dateModified\":\"2018-10-08T09:31:59+00:00\",\"mainEntityOfPage\":{\"@id\":\"https:\\\/\\\/www.laguiadepamplona.com\\\/actualidad\\\/el-ayuntamiento-de-pamplona-presenta-las-bases-del-proyecto-de-la-futura-escuela-infantil-en-lezkairu-un-centro-de-1-900-m2-para-114-menores-que-estaria-listo-en-2020\\\/\"},\"wordCount\":1038,\"commentCount\":0,\"publisher\":{\"@id\":\"https:\\\/\\\/www.laguiadepamplona.com\\\/actualidad\\\/#organization\"},\"image\":{\"@id\":\"https:\\\/\\\/www.laguiadepamplona.com\\\/actualidad\\\/el-ayuntamiento-de-pamplona-presenta-las-bases-del-proyecto-de-la-futura-escuela-infantil-en-lezkairu-un-centro-de-1-900-m2-para-114-menores-que-estaria-listo-en-2020\\\/#primaryimage\"},\"thumbnailUrl\":\"https:\\\/\\\/www.laguiadepamplona.com\\\/actualidad\\\/wp-content\\\/uploads\\\/2018\\\/10\\\/18.10.08_Presentacion_EEII_Lezkairu-1.jpg\",\"articleSection\":[\"Ayto Pamplona\"],\"inLanguage\":\"es\",\"potentialAction\":[{\"@type\":\"CommentAction\",\"name\":\"Comment\",\"target\":[\"https:\\\/\\\/www.laguiadepamplona.com\\\/actualidad\\\/el-ayuntamiento-de-pamplona-presenta-las-bases-del-proyecto-de-la-futura-escuela-infantil-en-lezkairu-un-centro-de-1-900-m2-para-114-menores-que-estaria-listo-en-2020\\\/#respond\"]}]},{\"@type\":\"WebPage\",\"@id\":\"https:\\\/\\\/www.laguiadepamplona.com\\\/actualidad\\\/el-ayuntamiento-de-pamplona-presenta-las-bases-del-proyecto-de-la-futura-escuela-infantil-en-lezkairu-un-centro-de-1-900-m2-para-114-menores-que-estaria-listo-en-2020\\\/\",\"url\":\"https:\\\/\\\/www.laguiadepamplona.com\\\/actualidad\\\/el-ayuntamiento-de-pamplona-presenta-las-bases-del-proyecto-de-la-futura-escuela-infantil-en-lezkairu-un-centro-de-1-900-m2-para-114-menores-que-estaria-listo-en-2020\\\/\",\"name\":\"El Ayuntamiento de Pamplona presenta las bases del proyecto de la futura escuela infantil en Lezkairu, un centro de 1.900 m2 para 114 menores que estar\u00eda listo en 2020\",\"isPartOf\":{\"@id\":\"https:\\\/\\\/www.laguiadepamplona.com\\\/actualidad\\\/#website\"},\"primaryImageOfPage\":{\"@id\":\"https:\\\/\\\/www.laguiadepamplona.com\\\/actualidad\\\/el-ayuntamiento-de-pamplona-presenta-las-bases-del-proyecto-de-la-futura-escuela-infantil-en-lezkairu-un-centro-de-1-900-m2-para-114-menores-que-estaria-listo-en-2020\\\/#primaryimage\"},\"image\":{\"@id\":\"https:\\\/\\\/www.laguiadepamplona.com\\\/actualidad\\\/el-ayuntamiento-de-pamplona-presenta-las-bases-del-proyecto-de-la-futura-escuela-infantil-en-lezkairu-un-centro-de-1-900-m2-para-114-menores-que-estaria-listo-en-2020\\\/#primaryimage\"},\"thumbnailUrl\":\"https:\\\/\\\/www.laguiadepamplona.com\\\/actualidad\\\/wp-content\\\/uploads\\\/2018\\\/10\\\/18.10.08_Presentacion_EEII_Lezkairu-1.jpg\",\"datePublished\":\"2018-10-08T09:17:59+00:00\",\"dateModified\":\"2018-10-08T09:31:59+00:00\",\"breadcrumb\":{\"@id\":\"https:\\\/\\\/www.laguiadepamplona.com\\\/actualidad\\\/el-ayuntamiento-de-pamplona-presenta-las-bases-del-proyecto-de-la-futura-escuela-infantil-en-lezkairu-un-centro-de-1-900-m2-para-114-menores-que-estaria-listo-en-2020\\\/#breadcrumb\"},\"inLanguage\":\"es\",\"potentialAction\":[{\"@type\":\"ReadAction\",\"target\":[\"https:\\\/\\\/www.laguiadepamplona.com\\\/actualidad\\\/el-ayuntamiento-de-pamplona-presenta-las-bases-del-proyecto-de-la-futura-escuela-infantil-en-lezkairu-un-centro-de-1-900-m2-para-114-menores-que-estaria-listo-en-2020\\\/\"]}]},{\"@type\":\"ImageObject\",\"inLanguage\":\"es\",\"@id\":\"https:\\\/\\\/www.laguiadepamplona.com\\\/actualidad\\\/el-ayuntamiento-de-pamplona-presenta-las-bases-del-proyecto-de-la-futura-escuela-infantil-en-lezkairu-un-centro-de-1-900-m2-para-114-menores-que-estaria-listo-en-2020\\\/#primaryimage\",\"url\":\"https:\\\/\\\/www.laguiadepamplona.com\\\/actualidad\\\/wp-content\\\/uploads\\\/2018\\\/10\\\/18.10.08_Presentacion_EEII_Lezkairu-1.jpg\",\"contentUrl\":\"https:\\\/\\\/www.laguiadepamplona.com\\\/actualidad\\\/wp-content\\\/uploads\\\/2018\\\/10\\\/18.10.08_Presentacion_EEII_Lezkairu-1.jpg\",\"width\":1000,\"height\":707},{\"@type\":\"BreadcrumbList\",\"@id\":\"https:\\\/\\\/www.laguiadepamplona.com\\\/actualidad\\\/el-ayuntamiento-de-pamplona-presenta-las-bases-del-proyecto-de-la-futura-escuela-infantil-en-lezkairu-un-centro-de-1-900-m2-para-114-menores-que-estaria-listo-en-2020\\\/#breadcrumb\",\"itemListElement\":[{\"@type\":\"ListItem\",\"position\":1,\"name\":\"Portada\",\"item\":\"https:\\\/\\\/www.laguiadepamplona.com\\\/actualidad\\\/\"},{\"@type\":\"ListItem\",\"position\":2,\"name\":\"El Ayuntamiento de Pamplona presenta las bases del proyecto de la futura escuela infantil en Lezkairu, un centro de 1.900 m2 para 114 menores que estar\u00eda listo en 2020\"}]},{\"@type\":\"WebSite\",\"@id\":\"https:\\\/\\\/www.laguiadepamplona.com\\\/actualidad\\\/#website\",\"url\":\"https:\\\/\\\/www.laguiadepamplona.com\\\/actualidad\\\/\",\"name\":\"La gu\u00eda de Pamplona\",\"description\":\"Noticias de Pamplona\",\"publisher\":{\"@id\":\"https:\\\/\\\/www.laguiadepamplona.com\\\/actualidad\\\/#organization\"},\"potentialAction\":[{\"@type\":\"SearchAction\",\"target\":{\"@type\":\"EntryPoint\",\"urlTemplate\":\"https:\\\/\\\/www.laguiadepamplona.com\\\/actualidad\\\/?s={search_term_string}\"},\"query-input\":{\"@type\":\"PropertyValueSpecification\",\"valueRequired\":true,\"valueName\":\"search_term_string\"}}],\"inLanguage\":\"es\"},{\"@type\":\"Organization\",\"@id\":\"https:\\\/\\\/www.laguiadepamplona.com\\\/actualidad\\\/#organization\",\"name\":\"La Gu\u00eda de Pamplona \\\/ Noticias\",\"url\":\"https:\\\/\\\/www.laguiadepamplona.com\\\/actualidad\\\/\",\"logo\":{\"@type\":\"ImageObject\",\"inLanguage\":\"es\",\"@id\":\"https:\\\/\\\/www.laguiadepamplona.com\\\/actualidad\\\/#\\\/schema\\\/logo\\\/image\\\/\",\"url\":\"https:\\\/\\\/www.laguiadepamplona.com\\\/actualidad\\\/wp-content\\\/uploads\\\/2018\\\/11\\\/logo-laguiadepamplona18-web1.png\",\"contentUrl\":\"https:\\\/\\\/www.laguiadepamplona.com\\\/actualidad\\\/wp-content\\\/uploads\\\/2018\\\/11\\\/logo-laguiadepamplona18-web1.png\",\"width\":600,\"height\":196,\"caption\":\"La Gu\u00eda de Pamplona \\\/ Noticias\"},\"image\":{\"@id\":\"https:\\\/\\\/www.laguiadepamplona.com\\\/actualidad\\\/#\\\/schema\\\/logo\\\/image\\\/\"},\"sameAs\":[\"https:\\\/\\\/www.facebook.com\\\/laguiadepamplonacom-133175176762273\\\/?ref=hl\",\"https:\\\/\\\/x.com\\\/LaGuiadPamplona\",\"https:\\\/\\\/www.instagram.com\\\/la_guia_de_pamplona\\\/\",\"https:\\\/\\\/www.youtube.com\\\/user\\\/laguiadepamplona\"]},{\"@type\":\"Person\",\"@id\":\"https:\\\/\\\/www.laguiadepamplona.com\\\/actualidad\\\/#\\\/schema\\\/person\\\/efe887376f0213d4657c93adc50b1fdb\",\"name\":\"La Gu\u00eda de Pamplona\",\"image\":{\"@type\":\"ImageObject\",\"inLanguage\":\"es\",\"@id\":\"https:\\\/\\\/secure.gravatar.com\\\/avatar\\\/b6992f131dc8d30ab0dff15446e9d346d9dbd95992de0fef795073f5ea83a81c?s=96&d=mm&r=g\",\"url\":\"https:\\\/\\\/secure.gravatar.com\\\/avatar\\\/b6992f131dc8d30ab0dff15446e9d346d9dbd95992de0fef795073f5ea83a81c?s=96&d=mm&r=g\",\"contentUrl\":\"https:\\\/\\\/secure.gravatar.com\\\/avatar\\\/b6992f131dc8d30ab0dff15446e9d346d9dbd95992de0fef795073f5ea83a81c?s=96&d=mm&r=g\",\"caption\":\"La Gu\u00eda de Pamplona\"}}]}<\/script>\n<!-- \/ Yoast SEO plugin. -->","yoast_head_json":{"title":"El Ayuntamiento de Pamplona presenta las bases del proyecto de la futura escuela infantil en Lezkairu, un centro de 1.900 m2 para 114 menores que estar\u00eda listo en 2020","robots":{"index":"index","follow":"follow","max-snippet":"max-snippet:-1","max-image-preview":"max-image-preview:large","max-video-preview":"max-video-preview:-1"},"canonical":"https:\/\/www.laguiadepamplona.com\/actualidad\/el-ayuntamiento-de-pamplona-presenta-las-bases-del-proyecto-de-la-futura-escuela-infantil-en-lezkairu-un-centro-de-1-900-m2-para-114-menores-que-estaria-listo-en-2020\/","og_locale":"es_ES","og_type":"article","og_title":"El Ayuntamiento de Pamplona presenta las bases del proyecto de la futura escuela infantil en Lezkairu, un centro de 1.900 m2 para 114 menores que estar\u00eda listo en 2020","og_description":"El centro tendr\u00e1 jornada media a completa, estar\u00e1 ubicado en una parcela junto a la plaza de la Igualdad y costar\u00e1 1,9 millones de euros","og_url":"https:\/\/www.laguiadepamplona.com\/actualidad\/el-ayuntamiento-de-pamplona-presenta-las-bases-del-proyecto-de-la-futura-escuela-infantil-en-lezkairu-un-centro-de-1-900-m2-para-114-menores-que-estaria-listo-en-2020\/","og_site_name":"La Gu\u00eda de Pamplona Noticias y actualidad","article_publisher":"https:\/\/www.facebook.com\/laguiadepamplonacom-133175176762273\/?ref=hl","article_published_time":"2018-10-08T09:17:59+00:00","article_modified_time":"2018-10-08T09:31:59+00:00","og_image":[{"width":1000,"height":707,"url":"https:\/\/www.laguiadepamplona.com\/actualidad\/wp-content\/uploads\/2018\/10\/18.10.08_Presentacion_EEII_Lezkairu-1.jpg","type":"image\/jpeg"}],"author":"La Gu\u00eda de Pamplona","twitter_card":"summary_large_image","twitter_creator":"@LaGuiadPamplona","twitter_site":"@LaGuiadPamplona","twitter_misc":{"Escrito por":"La Gu\u00eda de Pamplona","Tiempo de lectura":"5 minutos"},"schema":{"@context":"https:\/\/schema.org","@graph":[{"@type":"Article","@id":"https:\/\/www.laguiadepamplona.com\/actualidad\/el-ayuntamiento-de-pamplona-presenta-las-bases-del-proyecto-de-la-futura-escuela-infantil-en-lezkairu-un-centro-de-1-900-m2-para-114-menores-que-estaria-listo-en-2020\/#article","isPartOf":{"@id":"https:\/\/www.laguiadepamplona.com\/actualidad\/el-ayuntamiento-de-pamplona-presenta-las-bases-del-proyecto-de-la-futura-escuela-infantil-en-lezkairu-un-centro-de-1-900-m2-para-114-menores-que-estaria-listo-en-2020\/"},"author":{"name":"La Gu\u00eda de Pamplona","@id":"https:\/\/www.laguiadepamplona.com\/actualidad\/#\/schema\/person\/efe887376f0213d4657c93adc50b1fdb"},"headline":"El Ayuntamiento de Pamplona presenta las bases del proyecto de la futura escuela infantil en Lezkairu, un centro de 1.900 m2 para 114 menores que estar\u00eda listo en 2020","datePublished":"2018-10-08T09:17:59+00:00","dateModified":"2018-10-08T09:31:59+00:00","mainEntityOfPage":{"@id":"https:\/\/www.laguiadepamplona.com\/actualidad\/el-ayuntamiento-de-pamplona-presenta-las-bases-del-proyecto-de-la-futura-escuela-infantil-en-lezkairu-un-centro-de-1-900-m2-para-114-menores-que-estaria-listo-en-2020\/"},"wordCount":1038,"commentCount":0,"publisher":{"@id":"https:\/\/www.laguiadepamplona.com\/actualidad\/#organization"},"image":{"@id":"https:\/\/www.laguiadepamplona.com\/actualidad\/el-ayuntamiento-de-pamplona-presenta-las-bases-del-proyecto-de-la-futura-escuela-infantil-en-lezkairu-un-centro-de-1-900-m2-para-114-menores-que-estaria-listo-en-2020\/#primaryimage"},"thumbnailUrl":"https:\/\/www.laguiadepamplona.com\/actualidad\/wp-content\/uploads\/2018\/10\/18.10.08_Presentacion_EEII_Lezkairu-1.jpg","articleSection":["Ayto Pamplona"],"inLanguage":"es","potentialAction":[{"@type":"CommentAction","name":"Comment","target":["https:\/\/www.laguiadepamplona.com\/actualidad\/el-ayuntamiento-de-pamplona-presenta-las-bases-del-proyecto-de-la-futura-escuela-infantil-en-lezkairu-un-centro-de-1-900-m2-para-114-menores-que-estaria-listo-en-2020\/#respond"]}]},{"@type":"WebPage","@id":"https:\/\/www.laguiadepamplona.com\/actualidad\/el-ayuntamiento-de-pamplona-presenta-las-bases-del-proyecto-de-la-futura-escuela-infantil-en-lezkairu-un-centro-de-1-900-m2-para-114-menores-que-estaria-listo-en-2020\/","url":"https:\/\/www.laguiadepamplona.com\/actualidad\/el-ayuntamiento-de-pamplona-presenta-las-bases-del-proyecto-de-la-futura-escuela-infantil-en-lezkairu-un-centro-de-1-900-m2-para-114-menores-que-estaria-listo-en-2020\/","name":"El Ayuntamiento de Pamplona presenta las bases del proyecto de la futura escuela infantil en Lezkairu, un centro de 1.900 m2 para 114 menores que estar\u00eda listo en 2020","isPartOf":{"@id":"https:\/\/www.laguiadepamplona.com\/actualidad\/#website"},"primaryImageOfPage":{"@id":"https:\/\/www.laguiadepamplona.com\/actualidad\/el-ayuntamiento-de-pamplona-presenta-las-bases-del-proyecto-de-la-futura-escuela-infantil-en-lezkairu-un-centro-de-1-900-m2-para-114-menores-que-estaria-listo-en-2020\/#primaryimage"},"image":{"@id":"https:\/\/www.laguiadepamplona.com\/actualidad\/el-ayuntamiento-de-pamplona-presenta-las-bases-del-proyecto-de-la-futura-escuela-infantil-en-lezkairu-un-centro-de-1-900-m2-para-114-menores-que-estaria-listo-en-2020\/#primaryimage"},"thumbnailUrl":"https:\/\/www.laguiadepamplona.com\/actualidad\/wp-content\/uploads\/2018\/10\/18.10.08_Presentacion_EEII_Lezkairu-1.jpg","datePublished":"2018-10-08T09:17:59+00:00","dateModified":"2018-10-08T09:31:59+00:00","breadcrumb":{"@id":"https:\/\/www.laguiadepamplona.com\/actualidad\/el-ayuntamiento-de-pamplona-presenta-las-bases-del-proyecto-de-la-futura-escuela-infantil-en-lezkairu-un-centro-de-1-900-m2-para-114-menores-que-estaria-listo-en-2020\/#breadcrumb"},"inLanguage":"es","potentialAction":[{"@type":"ReadAction","target":["https:\/\/www.laguiadepamplona.com\/actualidad\/el-ayuntamiento-de-pamplona-presenta-las-bases-del-proyecto-de-la-futura-escuela-infantil-en-lezkairu-un-centro-de-1-900-m2-para-114-menores-que-estaria-listo-en-2020\/"]}]},{"@type":"ImageObject","inLanguage":"es","@id":"https:\/\/www.laguiadepamplona.com\/actualidad\/el-ayuntamiento-de-pamplona-presenta-las-bases-del-proyecto-de-la-futura-escuela-infantil-en-lezkairu-un-centro-de-1-900-m2-para-114-menores-que-estaria-listo-en-2020\/#primaryimage","url":"https:\/\/www.laguiadepamplona.com\/actualidad\/wp-content\/uploads\/2018\/10\/18.10.08_Presentacion_EEII_Lezkairu-1.jpg","contentUrl":"https:\/\/www.laguiadepamplona.com\/actualidad\/wp-content\/uploads\/2018\/10\/18.10.08_Presentacion_EEII_Lezkairu-1.jpg","width":1000,"height":707},{"@type":"BreadcrumbList","@id":"https:\/\/www.laguiadepamplona.com\/actualidad\/el-ayuntamiento-de-pamplona-presenta-las-bases-del-proyecto-de-la-futura-escuela-infantil-en-lezkairu-un-centro-de-1-900-m2-para-114-menores-que-estaria-listo-en-2020\/#breadcrumb","itemListElement":[{"@type":"ListItem","position":1,"name":"Portada","item":"https:\/\/www.laguiadepamplona.com\/actualidad\/"},{"@type":"ListItem","position":2,"name":"El Ayuntamiento de Pamplona presenta las bases del proyecto de la futura escuela infantil en Lezkairu, un centro de 1.900 m2 para 114 menores que estar\u00eda listo en 2020"}]},{"@type":"WebSite","@id":"https:\/\/www.laguiadepamplona.com\/actualidad\/#website","url":"https:\/\/www.laguiadepamplona.com\/actualidad\/","name":"La gu\u00eda de Pamplona","description":"Noticias de Pamplona","publisher":{"@id":"https:\/\/www.laguiadepamplona.com\/actualidad\/#organization"},"potentialAction":[{"@type":"SearchAction","target":{"@type":"EntryPoint","urlTemplate":"https:\/\/www.laguiadepamplona.com\/actualidad\/?s={search_term_string}"},"query-input":{"@type":"PropertyValueSpecification","valueRequired":true,"valueName":"search_term_string"}}],"inLanguage":"es"},{"@type":"Organization","@id":"https:\/\/www.laguiadepamplona.com\/actualidad\/#organization","name":"La Gu\u00eda de Pamplona \/ Noticias","url":"https:\/\/www.laguiadepamplona.com\/actualidad\/","logo":{"@type":"ImageObject","inLanguage":"es","@id":"https:\/\/www.laguiadepamplona.com\/actualidad\/#\/schema\/logo\/image\/","url":"https:\/\/www.laguiadepamplona.com\/actualidad\/wp-content\/uploads\/2018\/11\/logo-laguiadepamplona18-web1.png","contentUrl":"https:\/\/www.laguiadepamplona.com\/actualidad\/wp-content\/uploads\/2018\/11\/logo-laguiadepamplona18-web1.png","width":600,"height":196,"caption":"La Gu\u00eda de Pamplona \/ Noticias"},"image":{"@id":"https:\/\/www.laguiadepamplona.com\/actualidad\/#\/schema\/logo\/image\/"},"sameAs":["https:\/\/www.facebook.com\/laguiadepamplonacom-133175176762273\/?ref=hl","https:\/\/x.com\/LaGuiadPamplona","https:\/\/www.instagram.com\/la_guia_de_pamplona\/","https:\/\/www.youtube.com\/user\/laguiadepamplona"]},{"@type":"Person","@id":"https:\/\/www.laguiadepamplona.com\/actualidad\/#\/schema\/person\/efe887376f0213d4657c93adc50b1fdb","name":"La Gu\u00eda de Pamplona","image":{"@type":"ImageObject","inLanguage":"es","@id":"https:\/\/secure.gravatar.com\/avatar\/b6992f131dc8d30ab0dff15446e9d346d9dbd95992de0fef795073f5ea83a81c?s=96&d=mm&r=g","url":"https:\/\/secure.gravatar.com\/avatar\/b6992f131dc8d30ab0dff15446e9d346d9dbd95992de0fef795073f5ea83a81c?s=96&d=mm&r=g","contentUrl":"https:\/\/secure.gravatar.com\/avatar\/b6992f131dc8d30ab0dff15446e9d346d9dbd95992de0fef795073f5ea83a81c?s=96&d=mm&r=g","caption":"La Gu\u00eda de Pamplona"}}]}},"post_mailing_queue_ids":[],"_links":{"self":[{"href":"https:\/\/www.laguiadepamplona.com\/actualidad\/wp-json\/wp\/v2\/posts\/18918","targetHints":{"allow":["GET"]}}],"collection":[{"href":"https:\/\/www.laguiadepamplona.com\/actualidad\/wp-json\/wp\/v2\/posts"}],"about":[{"href":"https:\/\/www.laguiadepamplona.com\/actualidad\/wp-json\/wp\/v2\/types\/post"}],"author":[{"embeddable":true,"href":"https:\/\/www.laguiadepamplona.com\/actualidad\/wp-json\/wp\/v2\/users\/1"}],"replies":[{"embeddable":true,"href":"https:\/\/www.laguiadepamplona.com\/actualidad\/wp-json\/wp\/v2\/comments?post=18918"}],"version-history":[{"count":0,"href":"https:\/\/www.laguiadepamplona.com\/actualidad\/wp-json\/wp\/v2\/posts\/18918\/revisions"}],"wp:featuredmedia":[{"embeddable":true,"href":"https:\/\/www.laguiadepamplona.com\/actualidad\/wp-json\/wp\/v2\/media\/18920"}],"wp:attachment":[{"href":"https:\/\/www.laguiadepamplona.com\/actualidad\/wp-json\/wp\/v2\/media?parent=18918"}],"wp:term":[{"taxonomy":"category","embeddable":true,"href":"https:\/\/www.laguiadepamplona.com\/actualidad\/wp-json\/wp\/v2\/categories?post=18918"},{"taxonomy":"post_tag","embeddable":true,"href":"https:\/\/www.laguiadepamplona.com\/actualidad\/wp-json\/wp\/v2\/tags?post=18918"}],"curies":[{"name":"wp","href":"https:\/\/api.w.org\/{rel}","templated":true}]}}