{"id":18908,"date":"2018-10-05T11:47:56","date_gmt":"2018-10-05T09:47:56","guid":{"rendered":"https:\/\/www.laguiadepamplona.es\/actualidad\/?p=18908"},"modified":"2018-10-05T11:47:56","modified_gmt":"2018-10-05T09:47:56","slug":"el-grupo-vocal-elkhos-abre-este-sabado-el-ciclo-coros-en-red-con-un-concierto-en-civivox-mendillorri","status":"publish","type":"post","link":"https:\/\/www.laguiadepamplona.com\/actualidad\/el-grupo-vocal-elkhos-abre-este-sabado-el-ciclo-coros-en-red-con-un-concierto-en-civivox-mendillorri\/","title":{"rendered":"El Grupo Vocal Elkhos abre este s\u00e1bado el ciclo Coros en Red con un concierto en Civivox Mendillorri"},"content":{"rendered":"<h3>La actuaci\u00f3n comenzar\u00e1 a las 19.30 horas, con entrada libre, e interpretar\u00e1n composiciones de m\u00fasica coral propia y de diferentes \u00e9pocas<\/h3>\n<p><!--more--><\/p>\n<p>Ma\u00f1ana s\u00e1bado comienza el ciclo Coros en Red, que acercar\u00e1 la m\u00fasica coral a la red Civivox con ocho conciertos de formaciones navarras entre los meses de octubre y enero. El Grupo Vocal Elkhos abrir\u00e1 este ciclo con una actuaci\u00f3n que comenzar\u00e1 a las 19.30 horas en Civivox Mendillorri. La entrada es libre. Este ciclo lo organiza el Ayuntamiento de Pamplona, a trav\u00e9s de la red Civivox, en colaboraci\u00f3n con la Federaci\u00f3n de Coros de Navarra.<\/p>\n<p>Elkhos se cre\u00f3 en el a\u00f1o 2004 por iniciativa de su fundador y director Carlos Gorricho y por personas relacionadas con la m\u00fasica, con el \u00fanico objetivo de interpretar m\u00fasica coral. Actualmente el grupo est\u00e1 compuesto por 22 personas. A lo largo de estos a\u00f1os, Elkhos Grupo Vocal ha participado en ciclos y conciertos por diferentes comunidades aut\u00f3nomas (Galicia, Pa\u00eds Vasco, La Rioja, Castilla &#8211; Le\u00f3n, Comunidad Valenciana), as\u00ed como en diferentes pa\u00edses europeos.<\/p>\n<p><script async src=\"\/\/pagead2.googlesyndication.com\/pagead\/js\/adsbygoogle.js\"><\/script><br \/>\n<!-- Noticias La Guia de Pamplona --><br \/>\n<ins class=\"adsbygoogle\"\nstyle=\"display:block\"\ndata-ad-client=\"ca-pub-6943679897239327\"\ndata-ad-slot=\"7048180777\"\ndata-ad-format=\"auto\"><\/ins><br \/>\n<script>\n(adsbygoogle = window.adsbygoogle || []).push({});\n<\/script><\/p>\n<p>El grupo vocal abarca un programa muy amplio y variado, interpretando obras tanto profanas como sacras de diversas \u00e9pocas y estilos, y realiza adem\u00e1s un trabajo de creaci\u00f3n y armonizaci\u00f3n de obras de folklore vasco. De esta manera, logra aportar nuevas v\u00edas de trabajo tanto para el coro como para el panorama musical en general. Tambi\u00e9n realiza encargos de obras corales a compositores de todo el mundo lo que le permite tener un repertorio propio y actual de la m\u00fasica coral.<\/p>\n<p>La pr\u00f3xima actuaci\u00f3n ser\u00e1 el domingo 14 en Condestable, con los coros La Asunci\u00f3n de Pamplona y San Blas de Burlada. En noviembre, tres cita: el viernes 9 con el Coro L\u00edrico de la Federaci\u00f3n de Coros de Navarra en Civivox Iturrama, el s\u00e1bado 17 con el Coro Infantil de Griseras de Tudela en Jus la Rocha y el domingo 25 con Vocal Ensemble Tempus Floridum, de nuevo en Iturrama. En diciembre, el ciclo se trasladar\u00e1 a Civivox San Jorge, con el concierto de Salus Abeslariak de Pamplona y Coro de Tiebas el s\u00e1bado 15. Las dos \u00faltimas actuaciones est\u00e1n previstas para el viernes 13 y el domingo 27 de enero en Condestable e Iturrama con el Coro de Voces Graves de Pamplona y el Grupo Vocal Tempo D\u00b4Intermezzo, respectivamente.<\/p>\n<p>&nbsp;<\/p>\n<p><strong>Ciclo Coros en Red. En colaboraci\u00f3n con la Federaci\u00f3n de Coros de Navarra<\/strong><\/p>\n<ul>\n<li>S\u00e1bado 6 de octubre, 19.30 horas. Civivox Mendillorri\n<ul>\n<li>Grupo Vocal Elkhos<\/li>\n<\/ul>\n<\/li>\n<li>Domingo 14 de octubre, 12.30 horas. Civivox Condestable\n<ul>\n<li>Coros La Asunci\u00f3n de Pamplona y San Blas de Burlada<\/li>\n<\/ul>\n<\/li>\n<li>Viernes 9 de noviembre, 19.30 horas. Civivox Iturrama\n<ul>\n<li>Coro L\u00edrico de la Federaci\u00f3n de Coros de Navarra<\/li>\n<\/ul>\n<\/li>\n<li>S\u00e1bado 17 de noviembre, 19.30 horas. Civivox Jus la Rocha\n<ul>\n<li>Coro Infantil de Griseras de Tudela<\/li>\n<\/ul>\n<\/li>\n<li>Domingo 25 de noviembre, 12.30 horas. Civivox Iturrama\n<ul>\n<li>Vocal Ensemble Tempus Floridum<\/li>\n<\/ul>\n<\/li>\n<li>S\u00e1bado 15 de diciembre, 19.30 horas. Civivox San Jorge\n<ul>\n<li>Salus Abeslariak de Pamplona y Coro de Tiebas<\/li>\n<\/ul>\n<\/li>\n<li>Viernes 13 de enero, 19.30 horas. Civivox Condestable\n<ul>\n<li>Coro de Voces Graves de Pamplona<\/li>\n<\/ul>\n<\/li>\n<li>Domingo 27 de enero, 12.30 horas. Civivox Iturrama\n<ul>\n<li>Grupo Vocal Tempo D\u00b4Intermezzo<\/li>\n<\/ul>\n<\/li>\n<\/ul>\n<p>&nbsp;<\/p>\n","protected":false},"excerpt":{"rendered":"<p>La actuaci\u00f3n comenzar\u00e1 a las 19.30 horas, con entrada libre, e interpretar\u00e1n composiciones de m\u00fasica coral propia y de diferentes \u00e9pocas<\/p>\n","protected":false},"author":1,"featured_media":11011,"comment_status":"open","ping_status":"closed","sticky":false,"template":"","format":"standard","meta":{"footnotes":""},"categories":[2],"tags":[],"class_list":["post-18908","post","type-post","status-publish","format-standard","has-post-thumbnail","hentry","category-ayuntamiento-pamplona"],"yoast_head":"<!-- This site is optimized with the Yoast SEO plugin v27.9 - https:\/\/yoast.com\/product\/yoast-seo-wordpress\/ -->\n<title>El Grupo Vocal Elkhos abre este s\u00e1bado el ciclo Coros en Red con un concierto en Civivox Mendillorri<\/title>\n<meta name=\"robots\" content=\"index, follow, max-snippet:-1, max-image-preview:large, max-video-preview:-1\" \/>\n<link rel=\"canonical\" href=\"https:\/\/www.laguiadepamplona.com\/actualidad\/el-grupo-vocal-elkhos-abre-este-sabado-el-ciclo-coros-en-red-con-un-concierto-en-civivox-mendillorri\/\" \/>\n<meta property=\"og:locale\" content=\"es_ES\" \/>\n<meta property=\"og:type\" content=\"article\" \/>\n<meta property=\"og:title\" content=\"El Grupo Vocal Elkhos abre este s\u00e1bado el ciclo Coros en Red con un concierto en Civivox Mendillorri\" \/>\n<meta property=\"og:description\" content=\"La actuaci\u00f3n comenzar\u00e1 a las 19.30 horas, con entrada libre, e interpretar\u00e1n composiciones de m\u00fasica coral propia y de diferentes \u00e9pocas\" \/>\n<meta property=\"og:url\" content=\"https:\/\/www.laguiadepamplona.com\/actualidad\/el-grupo-vocal-elkhos-abre-este-sabado-el-ciclo-coros-en-red-con-un-concierto-en-civivox-mendillorri\/\" \/>\n<meta property=\"og:site_name\" content=\"La Gu\u00eda de Pamplona Noticias y actualidad\" \/>\n<meta property=\"article:publisher\" content=\"https:\/\/www.facebook.com\/laguiadepamplonacom-133175176762273\/?ref=hl\" \/>\n<meta property=\"article:published_time\" content=\"2018-10-05T09:47:56+00:00\" \/>\n<meta property=\"og:image\" content=\"https:\/\/www.laguiadepamplona.com\/actualidad\/wp-content\/uploads\/2016\/12\/civivox-mendillorri.jpg\" \/>\n\t<meta property=\"og:image:width\" content=\"870\" \/>\n\t<meta property=\"og:image:height\" content=\"390\" \/>\n\t<meta property=\"og:image:type\" content=\"image\/jpeg\" \/>\n<meta name=\"author\" content=\"La Gu\u00eda de Pamplona\" \/>\n<meta name=\"twitter:card\" content=\"summary_large_image\" \/>\n<meta name=\"twitter:creator\" content=\"@LaGuiadPamplona\" \/>\n<meta name=\"twitter:site\" content=\"@LaGuiadPamplona\" \/>\n<meta name=\"twitter:label1\" content=\"Escrito por\" \/>\n\t<meta name=\"twitter:data1\" content=\"La Gu\u00eda de Pamplona\" \/>\n\t<meta name=\"twitter:label2\" content=\"Tiempo de lectura\" \/>\n\t<meta name=\"twitter:data2\" content=\"3 minutos\" \/>\n<script type=\"application\/ld+json\" class=\"yoast-schema-graph\">{\"@context\":\"https:\\\/\\\/schema.org\",\"@graph\":[{\"@type\":\"Article\",\"@id\":\"https:\\\/\\\/www.laguiadepamplona.com\\\/actualidad\\\/el-grupo-vocal-elkhos-abre-este-sabado-el-ciclo-coros-en-red-con-un-concierto-en-civivox-mendillorri\\\/#article\",\"isPartOf\":{\"@id\":\"https:\\\/\\\/www.laguiadepamplona.com\\\/actualidad\\\/el-grupo-vocal-elkhos-abre-este-sabado-el-ciclo-coros-en-red-con-un-concierto-en-civivox-mendillorri\\\/\"},\"author\":{\"name\":\"La Gu\u00eda de Pamplona\",\"@id\":\"https:\\\/\\\/www.laguiadepamplona.com\\\/actualidad\\\/#\\\/schema\\\/person\\\/efe887376f0213d4657c93adc50b1fdb\"},\"headline\":\"El Grupo Vocal Elkhos abre este s\u00e1bado el ciclo Coros en Red con un concierto en Civivox Mendillorri\",\"datePublished\":\"2018-10-05T09:47:56+00:00\",\"mainEntityOfPage\":{\"@id\":\"https:\\\/\\\/www.laguiadepamplona.com\\\/actualidad\\\/el-grupo-vocal-elkhos-abre-este-sabado-el-ciclo-coros-en-red-con-un-concierto-en-civivox-mendillorri\\\/\"},\"wordCount\":548,\"commentCount\":0,\"publisher\":{\"@id\":\"https:\\\/\\\/www.laguiadepamplona.com\\\/actualidad\\\/#organization\"},\"image\":{\"@id\":\"https:\\\/\\\/www.laguiadepamplona.com\\\/actualidad\\\/el-grupo-vocal-elkhos-abre-este-sabado-el-ciclo-coros-en-red-con-un-concierto-en-civivox-mendillorri\\\/#primaryimage\"},\"thumbnailUrl\":\"https:\\\/\\\/www.laguiadepamplona.com\\\/actualidad\\\/wp-content\\\/uploads\\\/2016\\\/12\\\/civivox-mendillorri.jpg\",\"articleSection\":[\"Ayto Pamplona\"],\"inLanguage\":\"es\",\"potentialAction\":[{\"@type\":\"CommentAction\",\"name\":\"Comment\",\"target\":[\"https:\\\/\\\/www.laguiadepamplona.com\\\/actualidad\\\/el-grupo-vocal-elkhos-abre-este-sabado-el-ciclo-coros-en-red-con-un-concierto-en-civivox-mendillorri\\\/#respond\"]}]},{\"@type\":\"WebPage\",\"@id\":\"https:\\\/\\\/www.laguiadepamplona.com\\\/actualidad\\\/el-grupo-vocal-elkhos-abre-este-sabado-el-ciclo-coros-en-red-con-un-concierto-en-civivox-mendillorri\\\/\",\"url\":\"https:\\\/\\\/www.laguiadepamplona.com\\\/actualidad\\\/el-grupo-vocal-elkhos-abre-este-sabado-el-ciclo-coros-en-red-con-un-concierto-en-civivox-mendillorri\\\/\",\"name\":\"El Grupo Vocal Elkhos abre este s\u00e1bado el ciclo Coros en Red con un concierto en Civivox Mendillorri\",\"isPartOf\":{\"@id\":\"https:\\\/\\\/www.laguiadepamplona.com\\\/actualidad\\\/#website\"},\"primaryImageOfPage\":{\"@id\":\"https:\\\/\\\/www.laguiadepamplona.com\\\/actualidad\\\/el-grupo-vocal-elkhos-abre-este-sabado-el-ciclo-coros-en-red-con-un-concierto-en-civivox-mendillorri\\\/#primaryimage\"},\"image\":{\"@id\":\"https:\\\/\\\/www.laguiadepamplona.com\\\/actualidad\\\/el-grupo-vocal-elkhos-abre-este-sabado-el-ciclo-coros-en-red-con-un-concierto-en-civivox-mendillorri\\\/#primaryimage\"},\"thumbnailUrl\":\"https:\\\/\\\/www.laguiadepamplona.com\\\/actualidad\\\/wp-content\\\/uploads\\\/2016\\\/12\\\/civivox-mendillorri.jpg\",\"datePublished\":\"2018-10-05T09:47:56+00:00\",\"breadcrumb\":{\"@id\":\"https:\\\/\\\/www.laguiadepamplona.com\\\/actualidad\\\/el-grupo-vocal-elkhos-abre-este-sabado-el-ciclo-coros-en-red-con-un-concierto-en-civivox-mendillorri\\\/#breadcrumb\"},\"inLanguage\":\"es\",\"potentialAction\":[{\"@type\":\"ReadAction\",\"target\":[\"https:\\\/\\\/www.laguiadepamplona.com\\\/actualidad\\\/el-grupo-vocal-elkhos-abre-este-sabado-el-ciclo-coros-en-red-con-un-concierto-en-civivox-mendillorri\\\/\"]}]},{\"@type\":\"ImageObject\",\"inLanguage\":\"es\",\"@id\":\"https:\\\/\\\/www.laguiadepamplona.com\\\/actualidad\\\/el-grupo-vocal-elkhos-abre-este-sabado-el-ciclo-coros-en-red-con-un-concierto-en-civivox-mendillorri\\\/#primaryimage\",\"url\":\"https:\\\/\\\/www.laguiadepamplona.com\\\/actualidad\\\/wp-content\\\/uploads\\\/2016\\\/12\\\/civivox-mendillorri.jpg\",\"contentUrl\":\"https:\\\/\\\/www.laguiadepamplona.com\\\/actualidad\\\/wp-content\\\/uploads\\\/2016\\\/12\\\/civivox-mendillorri.jpg\",\"width\":870,\"height\":390},{\"@type\":\"BreadcrumbList\",\"@id\":\"https:\\\/\\\/www.laguiadepamplona.com\\\/actualidad\\\/el-grupo-vocal-elkhos-abre-este-sabado-el-ciclo-coros-en-red-con-un-concierto-en-civivox-mendillorri\\\/#breadcrumb\",\"itemListElement\":[{\"@type\":\"ListItem\",\"position\":1,\"name\":\"Portada\",\"item\":\"https:\\\/\\\/www.laguiadepamplona.com\\\/actualidad\\\/\"},{\"@type\":\"ListItem\",\"position\":2,\"name\":\"El Grupo Vocal Elkhos abre este s\u00e1bado el ciclo Coros en Red con un concierto en Civivox Mendillorri\"}]},{\"@type\":\"WebSite\",\"@id\":\"https:\\\/\\\/www.laguiadepamplona.com\\\/actualidad\\\/#website\",\"url\":\"https:\\\/\\\/www.laguiadepamplona.com\\\/actualidad\\\/\",\"name\":\"La gu\u00eda de Pamplona\",\"description\":\"Noticias de Pamplona\",\"publisher\":{\"@id\":\"https:\\\/\\\/www.laguiadepamplona.com\\\/actualidad\\\/#organization\"},\"potentialAction\":[{\"@type\":\"SearchAction\",\"target\":{\"@type\":\"EntryPoint\",\"urlTemplate\":\"https:\\\/\\\/www.laguiadepamplona.com\\\/actualidad\\\/?s={search_term_string}\"},\"query-input\":{\"@type\":\"PropertyValueSpecification\",\"valueRequired\":true,\"valueName\":\"search_term_string\"}}],\"inLanguage\":\"es\"},{\"@type\":\"Organization\",\"@id\":\"https:\\\/\\\/www.laguiadepamplona.com\\\/actualidad\\\/#organization\",\"name\":\"La Gu\u00eda de Pamplona \\\/ Noticias\",\"url\":\"https:\\\/\\\/www.laguiadepamplona.com\\\/actualidad\\\/\",\"logo\":{\"@type\":\"ImageObject\",\"inLanguage\":\"es\",\"@id\":\"https:\\\/\\\/www.laguiadepamplona.com\\\/actualidad\\\/#\\\/schema\\\/logo\\\/image\\\/\",\"url\":\"https:\\\/\\\/www.laguiadepamplona.com\\\/actualidad\\\/wp-content\\\/uploads\\\/2018\\\/11\\\/logo-laguiadepamplona18-web1.png\",\"contentUrl\":\"https:\\\/\\\/www.laguiadepamplona.com\\\/actualidad\\\/wp-content\\\/uploads\\\/2018\\\/11\\\/logo-laguiadepamplona18-web1.png\",\"width\":600,\"height\":196,\"caption\":\"La Gu\u00eda de Pamplona \\\/ Noticias\"},\"image\":{\"@id\":\"https:\\\/\\\/www.laguiadepamplona.com\\\/actualidad\\\/#\\\/schema\\\/logo\\\/image\\\/\"},\"sameAs\":[\"https:\\\/\\\/www.facebook.com\\\/laguiadepamplonacom-133175176762273\\\/?ref=hl\",\"https:\\\/\\\/x.com\\\/LaGuiadPamplona\",\"https:\\\/\\\/www.instagram.com\\\/la_guia_de_pamplona\\\/\",\"https:\\\/\\\/www.youtube.com\\\/user\\\/laguiadepamplona\"]},{\"@type\":\"Person\",\"@id\":\"https:\\\/\\\/www.laguiadepamplona.com\\\/actualidad\\\/#\\\/schema\\\/person\\\/efe887376f0213d4657c93adc50b1fdb\",\"name\":\"La Gu\u00eda de Pamplona\",\"image\":{\"@type\":\"ImageObject\",\"inLanguage\":\"es\",\"@id\":\"https:\\\/\\\/secure.gravatar.com\\\/avatar\\\/b6992f131dc8d30ab0dff15446e9d346d9dbd95992de0fef795073f5ea83a81c?s=96&d=mm&r=g\",\"url\":\"https:\\\/\\\/secure.gravatar.com\\\/avatar\\\/b6992f131dc8d30ab0dff15446e9d346d9dbd95992de0fef795073f5ea83a81c?s=96&d=mm&r=g\",\"contentUrl\":\"https:\\\/\\\/secure.gravatar.com\\\/avatar\\\/b6992f131dc8d30ab0dff15446e9d346d9dbd95992de0fef795073f5ea83a81c?s=96&d=mm&r=g\",\"caption\":\"La Gu\u00eda de Pamplona\"}}]}<\/script>\n<!-- \/ Yoast SEO plugin. -->","yoast_head_json":{"title":"El Grupo Vocal Elkhos abre este s\u00e1bado el ciclo Coros en Red con un concierto en Civivox Mendillorri","robots":{"index":"index","follow":"follow","max-snippet":"max-snippet:-1","max-image-preview":"max-image-preview:large","max-video-preview":"max-video-preview:-1"},"canonical":"https:\/\/www.laguiadepamplona.com\/actualidad\/el-grupo-vocal-elkhos-abre-este-sabado-el-ciclo-coros-en-red-con-un-concierto-en-civivox-mendillorri\/","og_locale":"es_ES","og_type":"article","og_title":"El Grupo Vocal Elkhos abre este s\u00e1bado el ciclo Coros en Red con un concierto en Civivox Mendillorri","og_description":"La actuaci\u00f3n comenzar\u00e1 a las 19.30 horas, con entrada libre, e interpretar\u00e1n composiciones de m\u00fasica coral propia y de diferentes \u00e9pocas","og_url":"https:\/\/www.laguiadepamplona.com\/actualidad\/el-grupo-vocal-elkhos-abre-este-sabado-el-ciclo-coros-en-red-con-un-concierto-en-civivox-mendillorri\/","og_site_name":"La Gu\u00eda de Pamplona Noticias y actualidad","article_publisher":"https:\/\/www.facebook.com\/laguiadepamplonacom-133175176762273\/?ref=hl","article_published_time":"2018-10-05T09:47:56+00:00","og_image":[{"width":870,"height":390,"url":"https:\/\/www.laguiadepamplona.com\/actualidad\/wp-content\/uploads\/2016\/12\/civivox-mendillorri.jpg","type":"image\/jpeg"}],"author":"La Gu\u00eda de Pamplona","twitter_card":"summary_large_image","twitter_creator":"@LaGuiadPamplona","twitter_site":"@LaGuiadPamplona","twitter_misc":{"Escrito por":"La Gu\u00eda de Pamplona","Tiempo de lectura":"3 minutos"},"schema":{"@context":"https:\/\/schema.org","@graph":[{"@type":"Article","@id":"https:\/\/www.laguiadepamplona.com\/actualidad\/el-grupo-vocal-elkhos-abre-este-sabado-el-ciclo-coros-en-red-con-un-concierto-en-civivox-mendillorri\/#article","isPartOf":{"@id":"https:\/\/www.laguiadepamplona.com\/actualidad\/el-grupo-vocal-elkhos-abre-este-sabado-el-ciclo-coros-en-red-con-un-concierto-en-civivox-mendillorri\/"},"author":{"name":"La Gu\u00eda de Pamplona","@id":"https:\/\/www.laguiadepamplona.com\/actualidad\/#\/schema\/person\/efe887376f0213d4657c93adc50b1fdb"},"headline":"El Grupo Vocal Elkhos abre este s\u00e1bado el ciclo Coros en Red con un concierto en Civivox Mendillorri","datePublished":"2018-10-05T09:47:56+00:00","mainEntityOfPage":{"@id":"https:\/\/www.laguiadepamplona.com\/actualidad\/el-grupo-vocal-elkhos-abre-este-sabado-el-ciclo-coros-en-red-con-un-concierto-en-civivox-mendillorri\/"},"wordCount":548,"commentCount":0,"publisher":{"@id":"https:\/\/www.laguiadepamplona.com\/actualidad\/#organization"},"image":{"@id":"https:\/\/www.laguiadepamplona.com\/actualidad\/el-grupo-vocal-elkhos-abre-este-sabado-el-ciclo-coros-en-red-con-un-concierto-en-civivox-mendillorri\/#primaryimage"},"thumbnailUrl":"https:\/\/www.laguiadepamplona.com\/actualidad\/wp-content\/uploads\/2016\/12\/civivox-mendillorri.jpg","articleSection":["Ayto Pamplona"],"inLanguage":"es","potentialAction":[{"@type":"CommentAction","name":"Comment","target":["https:\/\/www.laguiadepamplona.com\/actualidad\/el-grupo-vocal-elkhos-abre-este-sabado-el-ciclo-coros-en-red-con-un-concierto-en-civivox-mendillorri\/#respond"]}]},{"@type":"WebPage","@id":"https:\/\/www.laguiadepamplona.com\/actualidad\/el-grupo-vocal-elkhos-abre-este-sabado-el-ciclo-coros-en-red-con-un-concierto-en-civivox-mendillorri\/","url":"https:\/\/www.laguiadepamplona.com\/actualidad\/el-grupo-vocal-elkhos-abre-este-sabado-el-ciclo-coros-en-red-con-un-concierto-en-civivox-mendillorri\/","name":"El Grupo Vocal Elkhos abre este s\u00e1bado el ciclo Coros en Red con un concierto en Civivox Mendillorri","isPartOf":{"@id":"https:\/\/www.laguiadepamplona.com\/actualidad\/#website"},"primaryImageOfPage":{"@id":"https:\/\/www.laguiadepamplona.com\/actualidad\/el-grupo-vocal-elkhos-abre-este-sabado-el-ciclo-coros-en-red-con-un-concierto-en-civivox-mendillorri\/#primaryimage"},"image":{"@id":"https:\/\/www.laguiadepamplona.com\/actualidad\/el-grupo-vocal-elkhos-abre-este-sabado-el-ciclo-coros-en-red-con-un-concierto-en-civivox-mendillorri\/#primaryimage"},"thumbnailUrl":"https:\/\/www.laguiadepamplona.com\/actualidad\/wp-content\/uploads\/2016\/12\/civivox-mendillorri.jpg","datePublished":"2018-10-05T09:47:56+00:00","breadcrumb":{"@id":"https:\/\/www.laguiadepamplona.com\/actualidad\/el-grupo-vocal-elkhos-abre-este-sabado-el-ciclo-coros-en-red-con-un-concierto-en-civivox-mendillorri\/#breadcrumb"},"inLanguage":"es","potentialAction":[{"@type":"ReadAction","target":["https:\/\/www.laguiadepamplona.com\/actualidad\/el-grupo-vocal-elkhos-abre-este-sabado-el-ciclo-coros-en-red-con-un-concierto-en-civivox-mendillorri\/"]}]},{"@type":"ImageObject","inLanguage":"es","@id":"https:\/\/www.laguiadepamplona.com\/actualidad\/el-grupo-vocal-elkhos-abre-este-sabado-el-ciclo-coros-en-red-con-un-concierto-en-civivox-mendillorri\/#primaryimage","url":"https:\/\/www.laguiadepamplona.com\/actualidad\/wp-content\/uploads\/2016\/12\/civivox-mendillorri.jpg","contentUrl":"https:\/\/www.laguiadepamplona.com\/actualidad\/wp-content\/uploads\/2016\/12\/civivox-mendillorri.jpg","width":870,"height":390},{"@type":"BreadcrumbList","@id":"https:\/\/www.laguiadepamplona.com\/actualidad\/el-grupo-vocal-elkhos-abre-este-sabado-el-ciclo-coros-en-red-con-un-concierto-en-civivox-mendillorri\/#breadcrumb","itemListElement":[{"@type":"ListItem","position":1,"name":"Portada","item":"https:\/\/www.laguiadepamplona.com\/actualidad\/"},{"@type":"ListItem","position":2,"name":"El Grupo Vocal Elkhos abre este s\u00e1bado el ciclo Coros en Red con un concierto en Civivox Mendillorri"}]},{"@type":"WebSite","@id":"https:\/\/www.laguiadepamplona.com\/actualidad\/#website","url":"https:\/\/www.laguiadepamplona.com\/actualidad\/","name":"La gu\u00eda de Pamplona","description":"Noticias de Pamplona","publisher":{"@id":"https:\/\/www.laguiadepamplona.com\/actualidad\/#organization"},"potentialAction":[{"@type":"SearchAction","target":{"@type":"EntryPoint","urlTemplate":"https:\/\/www.laguiadepamplona.com\/actualidad\/?s={search_term_string}"},"query-input":{"@type":"PropertyValueSpecification","valueRequired":true,"valueName":"search_term_string"}}],"inLanguage":"es"},{"@type":"Organization","@id":"https:\/\/www.laguiadepamplona.com\/actualidad\/#organization","name":"La Gu\u00eda de Pamplona \/ Noticias","url":"https:\/\/www.laguiadepamplona.com\/actualidad\/","logo":{"@type":"ImageObject","inLanguage":"es","@id":"https:\/\/www.laguiadepamplona.com\/actualidad\/#\/schema\/logo\/image\/","url":"https:\/\/www.laguiadepamplona.com\/actualidad\/wp-content\/uploads\/2018\/11\/logo-laguiadepamplona18-web1.png","contentUrl":"https:\/\/www.laguiadepamplona.com\/actualidad\/wp-content\/uploads\/2018\/11\/logo-laguiadepamplona18-web1.png","width":600,"height":196,"caption":"La Gu\u00eda de Pamplona \/ Noticias"},"image":{"@id":"https:\/\/www.laguiadepamplona.com\/actualidad\/#\/schema\/logo\/image\/"},"sameAs":["https:\/\/www.facebook.com\/laguiadepamplonacom-133175176762273\/?ref=hl","https:\/\/x.com\/LaGuiadPamplona","https:\/\/www.instagram.com\/la_guia_de_pamplona\/","https:\/\/www.youtube.com\/user\/laguiadepamplona"]},{"@type":"Person","@id":"https:\/\/www.laguiadepamplona.com\/actualidad\/#\/schema\/person\/efe887376f0213d4657c93adc50b1fdb","name":"La Gu\u00eda de Pamplona","image":{"@type":"ImageObject","inLanguage":"es","@id":"https:\/\/secure.gravatar.com\/avatar\/b6992f131dc8d30ab0dff15446e9d346d9dbd95992de0fef795073f5ea83a81c?s=96&d=mm&r=g","url":"https:\/\/secure.gravatar.com\/avatar\/b6992f131dc8d30ab0dff15446e9d346d9dbd95992de0fef795073f5ea83a81c?s=96&d=mm&r=g","contentUrl":"https:\/\/secure.gravatar.com\/avatar\/b6992f131dc8d30ab0dff15446e9d346d9dbd95992de0fef795073f5ea83a81c?s=96&d=mm&r=g","caption":"La Gu\u00eda de Pamplona"}}]}},"post_mailing_queue_ids":[],"_links":{"self":[{"href":"https:\/\/www.laguiadepamplona.com\/actualidad\/wp-json\/wp\/v2\/posts\/18908","targetHints":{"allow":["GET"]}}],"collection":[{"href":"https:\/\/www.laguiadepamplona.com\/actualidad\/wp-json\/wp\/v2\/posts"}],"about":[{"href":"https:\/\/www.laguiadepamplona.com\/actualidad\/wp-json\/wp\/v2\/types\/post"}],"author":[{"embeddable":true,"href":"https:\/\/www.laguiadepamplona.com\/actualidad\/wp-json\/wp\/v2\/users\/1"}],"replies":[{"embeddable":true,"href":"https:\/\/www.laguiadepamplona.com\/actualidad\/wp-json\/wp\/v2\/comments?post=18908"}],"version-history":[{"count":0,"href":"https:\/\/www.laguiadepamplona.com\/actualidad\/wp-json\/wp\/v2\/posts\/18908\/revisions"}],"wp:featuredmedia":[{"embeddable":true,"href":"https:\/\/www.laguiadepamplona.com\/actualidad\/wp-json\/wp\/v2\/media\/11011"}],"wp:attachment":[{"href":"https:\/\/www.laguiadepamplona.com\/actualidad\/wp-json\/wp\/v2\/media?parent=18908"}],"wp:term":[{"taxonomy":"category","embeddable":true,"href":"https:\/\/www.laguiadepamplona.com\/actualidad\/wp-json\/wp\/v2\/categories?post=18908"},{"taxonomy":"post_tag","embeddable":true,"href":"https:\/\/www.laguiadepamplona.com\/actualidad\/wp-json\/wp\/v2\/tags?post=18908"}],"curies":[{"name":"wp","href":"https:\/\/api.w.org\/{rel}","templated":true}]}}