{"id":18906,"date":"2018-10-05T11:47:06","date_gmt":"2018-10-05T09:47:06","guid":{"rendered":"https:\/\/www.laguiadepamplona.es\/actualidad\/?p=18906"},"modified":"2018-10-05T11:47:06","modified_gmt":"2018-10-05T09:47:06","slug":"se-amplia-hasta-el-lunes-el-plazo-de-inscripcion-para-los-cursos-gratuitos-de-autonomia-y-fomento-de-la-corresponsabilidad-en-el-hogar-dirigidos-a-hombres","status":"publish","type":"post","link":"https:\/\/www.laguiadepamplona.com\/actualidad\/se-amplia-hasta-el-lunes-el-plazo-de-inscripcion-para-los-cursos-gratuitos-de-autonomia-y-fomento-de-la-corresponsabilidad-en-el-hogar-dirigidos-a-hombres\/","title":{"rendered":"Se ampl\u00eda hasta el lunes el plazo de inscripci\u00f3n para los cursos gratuitos de autonom\u00eda y fomento de la corresponsabilidad en el hogar dirigidos a hombres"},"content":{"rendered":"<h3>Los interesados puede apuntarse en el 010 \u2013 948 420 100; los cursos dirigidos a mujeres se han completado<\/h3>\n<p><!--more--><\/p>\n<p>El Ayuntamiento de Pamplona ha ampliado el plazo de inscripci\u00f3n para los cursos gratuitos \u2018Yo tambi\u00e9n debe hacerlo\u2019, dirigidos a hombres, que impulsan la autonom\u00eda, el fomento de la corresponsabilidad en el hogar y el empoderamiento personal. Los interesados en aprender destrezas sobre cocina, plancha, limpieza o costura pueden apuntarse en el tel\u00e9fono 010 \u2013 948 420 100. Los cursos dirigidos a mujeres han completado sus plazas.<\/p>\n<p><script async src=\"\/\/pagead2.googlesyndication.com\/pagead\/js\/adsbygoogle.js\"><\/script><br \/>\n<!-- Noticias La Guia de Pamplona --><br \/>\n<ins class=\"adsbygoogle\"\nstyle=\"display:block\"\ndata-ad-client=\"ca-pub-6943679897239327\"\ndata-ad-slot=\"7048180777\"\ndata-ad-format=\"auto\"><\/ins><br \/>\n<script>\n(adsbygoogle = window.adsbygoogle || []).push({});\n<\/script><\/p>\n<p>Los objetivos de estos talleres, adem\u00e1s de mejorar en habilidades que permitan mayor autonom\u00eda personal, son aprender a asumir responsabilidades; hacerse cargo de mayores y menores, de la casa, de la comida o los arreglos dom\u00e9sticos de forma equitativa; compartir el tiempo de trabajo y de ocio; recuperar aprendizajes que fueron negados por ser hombres o mujeres; ser modelos v\u00e1lidos para las hijas y los hijos; y formar parte de los cambios sociales hacia la igualdad. \u00danicamente se exige ser mayor de 18 a\u00f1os y no haber participado en ediciones anteriores.<\/p>\n<p>Est\u00e1 previsto que los talleres comienzan el 16 de octubre y tendr\u00e1 lugar los martes y los jueves en horario de tarde, de 19.15 a 21.15 horas, hasta el 5 de febrero. Las clases se desarrollar\u00e1n en los locales de formaci\u00f3n que el Ayuntamiento de Pamplona tiene en la calle Monasterio de Fitero 15 bajo. Los cursos est\u00e1n incluidos dentro de las acciones del III Plan de Igualdad de Oportunidades entre Hombres y Mujeres del Ayuntamiento de Pamplona que contempla, entre otros, el compromiso de favorecer la sensibilizaci\u00f3n y mejorar la capacidad de hombres y mujeres en cuanto al aprendizaje y la corresponsabilidad frente a las tareas propias del \u00e1mbito dom\u00e9stico y familiar.<\/p>\n<p>&nbsp;<\/p>\n","protected":false},"excerpt":{"rendered":"<p>Los interesados puede apuntarse en el 010 \u2013 948 420 100; los cursos dirigidos a mujeres se han completado<\/p>\n","protected":false},"author":1,"featured_media":11630,"comment_status":"open","ping_status":"closed","sticky":false,"template":"","format":"standard","meta":{"footnotes":""},"categories":[2],"tags":[],"class_list":["post-18906","post","type-post","status-publish","format-standard","has-post-thumbnail","hentry","category-ayuntamiento-pamplona"],"yoast_head":"<!-- This site is optimized with the Yoast SEO plugin v27.9 - https:\/\/yoast.com\/product\/yoast-seo-wordpress\/ -->\n<title>Se ampl\u00eda hasta el lunes el plazo de inscripci\u00f3n para los cursos gratuitos de autonom\u00eda y fomento de la corresponsabilidad en el hogar dirigidos a hombres<\/title>\n<meta name=\"robots\" content=\"index, follow, max-snippet:-1, max-image-preview:large, max-video-preview:-1\" \/>\n<link rel=\"canonical\" href=\"https:\/\/www.laguiadepamplona.com\/actualidad\/se-amplia-hasta-el-lunes-el-plazo-de-inscripcion-para-los-cursos-gratuitos-de-autonomia-y-fomento-de-la-corresponsabilidad-en-el-hogar-dirigidos-a-hombres\/\" \/>\n<meta property=\"og:locale\" content=\"es_ES\" \/>\n<meta property=\"og:type\" content=\"article\" \/>\n<meta property=\"og:title\" content=\"Se ampl\u00eda hasta el lunes el plazo de inscripci\u00f3n para los cursos gratuitos de autonom\u00eda y fomento de la corresponsabilidad en el hogar dirigidos a hombres\" \/>\n<meta property=\"og:description\" content=\"Los interesados puede apuntarse en el 010 \u2013 948 420 100; los cursos dirigidos a mujeres se han completado\" \/>\n<meta property=\"og:url\" content=\"https:\/\/www.laguiadepamplona.com\/actualidad\/se-amplia-hasta-el-lunes-el-plazo-de-inscripcion-para-los-cursos-gratuitos-de-autonomia-y-fomento-de-la-corresponsabilidad-en-el-hogar-dirigidos-a-hombres\/\" \/>\n<meta property=\"og:site_name\" content=\"La Gu\u00eda de Pamplona Noticias y actualidad\" \/>\n<meta property=\"article:publisher\" content=\"https:\/\/www.facebook.com\/laguiadepamplonacom-133175176762273\/?ref=hl\" \/>\n<meta property=\"article:published_time\" content=\"2018-10-05T09:47:06+00:00\" \/>\n<meta property=\"og:image\" content=\"https:\/\/www.laguiadepamplona.com\/actualidad\/wp-content\/uploads\/2017\/01\/plancha-hombre.jpg\" \/>\n\t<meta property=\"og:image:width\" content=\"1000\" \/>\n\t<meta property=\"og:image:height\" content=\"563\" \/>\n\t<meta property=\"og:image:type\" content=\"image\/jpeg\" \/>\n<meta name=\"author\" content=\"La Gu\u00eda de Pamplona\" \/>\n<meta name=\"twitter:card\" content=\"summary_large_image\" \/>\n<meta name=\"twitter:creator\" content=\"@LaGuiadPamplona\" \/>\n<meta name=\"twitter:site\" content=\"@LaGuiadPamplona\" \/>\n<meta name=\"twitter:label1\" content=\"Escrito por\" \/>\n\t<meta name=\"twitter:data1\" content=\"La Gu\u00eda de Pamplona\" \/>\n\t<meta name=\"twitter:label2\" content=\"Tiempo de lectura\" \/>\n\t<meta name=\"twitter:data2\" content=\"1 minuto\" \/>\n<script type=\"application\/ld+json\" class=\"yoast-schema-graph\">{\"@context\":\"https:\\\/\\\/schema.org\",\"@graph\":[{\"@type\":\"Article\",\"@id\":\"https:\\\/\\\/www.laguiadepamplona.com\\\/actualidad\\\/se-amplia-hasta-el-lunes-el-plazo-de-inscripcion-para-los-cursos-gratuitos-de-autonomia-y-fomento-de-la-corresponsabilidad-en-el-hogar-dirigidos-a-hombres\\\/#article\",\"isPartOf\":{\"@id\":\"https:\\\/\\\/www.laguiadepamplona.com\\\/actualidad\\\/se-amplia-hasta-el-lunes-el-plazo-de-inscripcion-para-los-cursos-gratuitos-de-autonomia-y-fomento-de-la-corresponsabilidad-en-el-hogar-dirigidos-a-hombres\\\/\"},\"author\":{\"name\":\"La Gu\u00eda de Pamplona\",\"@id\":\"https:\\\/\\\/www.laguiadepamplona.com\\\/actualidad\\\/#\\\/schema\\\/person\\\/efe887376f0213d4657c93adc50b1fdb\"},\"headline\":\"Se ampl\u00eda hasta el lunes el plazo de inscripci\u00f3n para los cursos gratuitos de autonom\u00eda y fomento de la corresponsabilidad en el hogar dirigidos a hombres\",\"datePublished\":\"2018-10-05T09:47:06+00:00\",\"mainEntityOfPage\":{\"@id\":\"https:\\\/\\\/www.laguiadepamplona.com\\\/actualidad\\\/se-amplia-hasta-el-lunes-el-plazo-de-inscripcion-para-los-cursos-gratuitos-de-autonomia-y-fomento-de-la-corresponsabilidad-en-el-hogar-dirigidos-a-hombres\\\/\"},\"wordCount\":318,\"commentCount\":0,\"publisher\":{\"@id\":\"https:\\\/\\\/www.laguiadepamplona.com\\\/actualidad\\\/#organization\"},\"image\":{\"@id\":\"https:\\\/\\\/www.laguiadepamplona.com\\\/actualidad\\\/se-amplia-hasta-el-lunes-el-plazo-de-inscripcion-para-los-cursos-gratuitos-de-autonomia-y-fomento-de-la-corresponsabilidad-en-el-hogar-dirigidos-a-hombres\\\/#primaryimage\"},\"thumbnailUrl\":\"https:\\\/\\\/www.laguiadepamplona.com\\\/actualidad\\\/wp-content\\\/uploads\\\/2017\\\/01\\\/plancha-hombre.jpg\",\"articleSection\":[\"Ayto Pamplona\"],\"inLanguage\":\"es\",\"potentialAction\":[{\"@type\":\"CommentAction\",\"name\":\"Comment\",\"target\":[\"https:\\\/\\\/www.laguiadepamplona.com\\\/actualidad\\\/se-amplia-hasta-el-lunes-el-plazo-de-inscripcion-para-los-cursos-gratuitos-de-autonomia-y-fomento-de-la-corresponsabilidad-en-el-hogar-dirigidos-a-hombres\\\/#respond\"]}]},{\"@type\":\"WebPage\",\"@id\":\"https:\\\/\\\/www.laguiadepamplona.com\\\/actualidad\\\/se-amplia-hasta-el-lunes-el-plazo-de-inscripcion-para-los-cursos-gratuitos-de-autonomia-y-fomento-de-la-corresponsabilidad-en-el-hogar-dirigidos-a-hombres\\\/\",\"url\":\"https:\\\/\\\/www.laguiadepamplona.com\\\/actualidad\\\/se-amplia-hasta-el-lunes-el-plazo-de-inscripcion-para-los-cursos-gratuitos-de-autonomia-y-fomento-de-la-corresponsabilidad-en-el-hogar-dirigidos-a-hombres\\\/\",\"name\":\"Se ampl\u00eda hasta el lunes el plazo de inscripci\u00f3n para los cursos gratuitos de autonom\u00eda y fomento de la corresponsabilidad en el hogar dirigidos a hombres\",\"isPartOf\":{\"@id\":\"https:\\\/\\\/www.laguiadepamplona.com\\\/actualidad\\\/#website\"},\"primaryImageOfPage\":{\"@id\":\"https:\\\/\\\/www.laguiadepamplona.com\\\/actualidad\\\/se-amplia-hasta-el-lunes-el-plazo-de-inscripcion-para-los-cursos-gratuitos-de-autonomia-y-fomento-de-la-corresponsabilidad-en-el-hogar-dirigidos-a-hombres\\\/#primaryimage\"},\"image\":{\"@id\":\"https:\\\/\\\/www.laguiadepamplona.com\\\/actualidad\\\/se-amplia-hasta-el-lunes-el-plazo-de-inscripcion-para-los-cursos-gratuitos-de-autonomia-y-fomento-de-la-corresponsabilidad-en-el-hogar-dirigidos-a-hombres\\\/#primaryimage\"},\"thumbnailUrl\":\"https:\\\/\\\/www.laguiadepamplona.com\\\/actualidad\\\/wp-content\\\/uploads\\\/2017\\\/01\\\/plancha-hombre.jpg\",\"datePublished\":\"2018-10-05T09:47:06+00:00\",\"breadcrumb\":{\"@id\":\"https:\\\/\\\/www.laguiadepamplona.com\\\/actualidad\\\/se-amplia-hasta-el-lunes-el-plazo-de-inscripcion-para-los-cursos-gratuitos-de-autonomia-y-fomento-de-la-corresponsabilidad-en-el-hogar-dirigidos-a-hombres\\\/#breadcrumb\"},\"inLanguage\":\"es\",\"potentialAction\":[{\"@type\":\"ReadAction\",\"target\":[\"https:\\\/\\\/www.laguiadepamplona.com\\\/actualidad\\\/se-amplia-hasta-el-lunes-el-plazo-de-inscripcion-para-los-cursos-gratuitos-de-autonomia-y-fomento-de-la-corresponsabilidad-en-el-hogar-dirigidos-a-hombres\\\/\"]}]},{\"@type\":\"ImageObject\",\"inLanguage\":\"es\",\"@id\":\"https:\\\/\\\/www.laguiadepamplona.com\\\/actualidad\\\/se-amplia-hasta-el-lunes-el-plazo-de-inscripcion-para-los-cursos-gratuitos-de-autonomia-y-fomento-de-la-corresponsabilidad-en-el-hogar-dirigidos-a-hombres\\\/#primaryimage\",\"url\":\"https:\\\/\\\/www.laguiadepamplona.com\\\/actualidad\\\/wp-content\\\/uploads\\\/2017\\\/01\\\/plancha-hombre.jpg\",\"contentUrl\":\"https:\\\/\\\/www.laguiadepamplona.com\\\/actualidad\\\/wp-content\\\/uploads\\\/2017\\\/01\\\/plancha-hombre.jpg\",\"width\":1000,\"height\":563},{\"@type\":\"BreadcrumbList\",\"@id\":\"https:\\\/\\\/www.laguiadepamplona.com\\\/actualidad\\\/se-amplia-hasta-el-lunes-el-plazo-de-inscripcion-para-los-cursos-gratuitos-de-autonomia-y-fomento-de-la-corresponsabilidad-en-el-hogar-dirigidos-a-hombres\\\/#breadcrumb\",\"itemListElement\":[{\"@type\":\"ListItem\",\"position\":1,\"name\":\"Portada\",\"item\":\"https:\\\/\\\/www.laguiadepamplona.com\\\/actualidad\\\/\"},{\"@type\":\"ListItem\",\"position\":2,\"name\":\"Se ampl\u00eda hasta el lunes el plazo de inscripci\u00f3n para los cursos gratuitos de autonom\u00eda y fomento de la corresponsabilidad en el hogar dirigidos a hombres\"}]},{\"@type\":\"WebSite\",\"@id\":\"https:\\\/\\\/www.laguiadepamplona.com\\\/actualidad\\\/#website\",\"url\":\"https:\\\/\\\/www.laguiadepamplona.com\\\/actualidad\\\/\",\"name\":\"La gu\u00eda de Pamplona\",\"description\":\"Noticias de Pamplona\",\"publisher\":{\"@id\":\"https:\\\/\\\/www.laguiadepamplona.com\\\/actualidad\\\/#organization\"},\"potentialAction\":[{\"@type\":\"SearchAction\",\"target\":{\"@type\":\"EntryPoint\",\"urlTemplate\":\"https:\\\/\\\/www.laguiadepamplona.com\\\/actualidad\\\/?s={search_term_string}\"},\"query-input\":{\"@type\":\"PropertyValueSpecification\",\"valueRequired\":true,\"valueName\":\"search_term_string\"}}],\"inLanguage\":\"es\"},{\"@type\":\"Organization\",\"@id\":\"https:\\\/\\\/www.laguiadepamplona.com\\\/actualidad\\\/#organization\",\"name\":\"La Gu\u00eda de Pamplona \\\/ Noticias\",\"url\":\"https:\\\/\\\/www.laguiadepamplona.com\\\/actualidad\\\/\",\"logo\":{\"@type\":\"ImageObject\",\"inLanguage\":\"es\",\"@id\":\"https:\\\/\\\/www.laguiadepamplona.com\\\/actualidad\\\/#\\\/schema\\\/logo\\\/image\\\/\",\"url\":\"https:\\\/\\\/www.laguiadepamplona.com\\\/actualidad\\\/wp-content\\\/uploads\\\/2018\\\/11\\\/logo-laguiadepamplona18-web1.png\",\"contentUrl\":\"https:\\\/\\\/www.laguiadepamplona.com\\\/actualidad\\\/wp-content\\\/uploads\\\/2018\\\/11\\\/logo-laguiadepamplona18-web1.png\",\"width\":600,\"height\":196,\"caption\":\"La Gu\u00eda de Pamplona \\\/ Noticias\"},\"image\":{\"@id\":\"https:\\\/\\\/www.laguiadepamplona.com\\\/actualidad\\\/#\\\/schema\\\/logo\\\/image\\\/\"},\"sameAs\":[\"https:\\\/\\\/www.facebook.com\\\/laguiadepamplonacom-133175176762273\\\/?ref=hl\",\"https:\\\/\\\/x.com\\\/LaGuiadPamplona\",\"https:\\\/\\\/www.instagram.com\\\/la_guia_de_pamplona\\\/\",\"https:\\\/\\\/www.youtube.com\\\/user\\\/laguiadepamplona\"]},{\"@type\":\"Person\",\"@id\":\"https:\\\/\\\/www.laguiadepamplona.com\\\/actualidad\\\/#\\\/schema\\\/person\\\/efe887376f0213d4657c93adc50b1fdb\",\"name\":\"La Gu\u00eda de Pamplona\",\"image\":{\"@type\":\"ImageObject\",\"inLanguage\":\"es\",\"@id\":\"https:\\\/\\\/secure.gravatar.com\\\/avatar\\\/b6992f131dc8d30ab0dff15446e9d346d9dbd95992de0fef795073f5ea83a81c?s=96&d=mm&r=g\",\"url\":\"https:\\\/\\\/secure.gravatar.com\\\/avatar\\\/b6992f131dc8d30ab0dff15446e9d346d9dbd95992de0fef795073f5ea83a81c?s=96&d=mm&r=g\",\"contentUrl\":\"https:\\\/\\\/secure.gravatar.com\\\/avatar\\\/b6992f131dc8d30ab0dff15446e9d346d9dbd95992de0fef795073f5ea83a81c?s=96&d=mm&r=g\",\"caption\":\"La Gu\u00eda de Pamplona\"}}]}<\/script>\n<!-- \/ Yoast SEO plugin. -->","yoast_head_json":{"title":"Se ampl\u00eda hasta el lunes el plazo de inscripci\u00f3n para los cursos gratuitos de autonom\u00eda y fomento de la corresponsabilidad en el hogar dirigidos a hombres","robots":{"index":"index","follow":"follow","max-snippet":"max-snippet:-1","max-image-preview":"max-image-preview:large","max-video-preview":"max-video-preview:-1"},"canonical":"https:\/\/www.laguiadepamplona.com\/actualidad\/se-amplia-hasta-el-lunes-el-plazo-de-inscripcion-para-los-cursos-gratuitos-de-autonomia-y-fomento-de-la-corresponsabilidad-en-el-hogar-dirigidos-a-hombres\/","og_locale":"es_ES","og_type":"article","og_title":"Se ampl\u00eda hasta el lunes el plazo de inscripci\u00f3n para los cursos gratuitos de autonom\u00eda y fomento de la corresponsabilidad en el hogar dirigidos a hombres","og_description":"Los interesados puede apuntarse en el 010 \u2013 948 420 100; los cursos dirigidos a mujeres se han completado","og_url":"https:\/\/www.laguiadepamplona.com\/actualidad\/se-amplia-hasta-el-lunes-el-plazo-de-inscripcion-para-los-cursos-gratuitos-de-autonomia-y-fomento-de-la-corresponsabilidad-en-el-hogar-dirigidos-a-hombres\/","og_site_name":"La Gu\u00eda de Pamplona Noticias y actualidad","article_publisher":"https:\/\/www.facebook.com\/laguiadepamplonacom-133175176762273\/?ref=hl","article_published_time":"2018-10-05T09:47:06+00:00","og_image":[{"width":1000,"height":563,"url":"https:\/\/www.laguiadepamplona.com\/actualidad\/wp-content\/uploads\/2017\/01\/plancha-hombre.jpg","type":"image\/jpeg"}],"author":"La Gu\u00eda de Pamplona","twitter_card":"summary_large_image","twitter_creator":"@LaGuiadPamplona","twitter_site":"@LaGuiadPamplona","twitter_misc":{"Escrito por":"La Gu\u00eda de Pamplona","Tiempo de lectura":"1 minuto"},"schema":{"@context":"https:\/\/schema.org","@graph":[{"@type":"Article","@id":"https:\/\/www.laguiadepamplona.com\/actualidad\/se-amplia-hasta-el-lunes-el-plazo-de-inscripcion-para-los-cursos-gratuitos-de-autonomia-y-fomento-de-la-corresponsabilidad-en-el-hogar-dirigidos-a-hombres\/#article","isPartOf":{"@id":"https:\/\/www.laguiadepamplona.com\/actualidad\/se-amplia-hasta-el-lunes-el-plazo-de-inscripcion-para-los-cursos-gratuitos-de-autonomia-y-fomento-de-la-corresponsabilidad-en-el-hogar-dirigidos-a-hombres\/"},"author":{"name":"La Gu\u00eda de Pamplona","@id":"https:\/\/www.laguiadepamplona.com\/actualidad\/#\/schema\/person\/efe887376f0213d4657c93adc50b1fdb"},"headline":"Se ampl\u00eda hasta el lunes el plazo de inscripci\u00f3n para los cursos gratuitos de autonom\u00eda y fomento de la corresponsabilidad en el hogar dirigidos a hombres","datePublished":"2018-10-05T09:47:06+00:00","mainEntityOfPage":{"@id":"https:\/\/www.laguiadepamplona.com\/actualidad\/se-amplia-hasta-el-lunes-el-plazo-de-inscripcion-para-los-cursos-gratuitos-de-autonomia-y-fomento-de-la-corresponsabilidad-en-el-hogar-dirigidos-a-hombres\/"},"wordCount":318,"commentCount":0,"publisher":{"@id":"https:\/\/www.laguiadepamplona.com\/actualidad\/#organization"},"image":{"@id":"https:\/\/www.laguiadepamplona.com\/actualidad\/se-amplia-hasta-el-lunes-el-plazo-de-inscripcion-para-los-cursos-gratuitos-de-autonomia-y-fomento-de-la-corresponsabilidad-en-el-hogar-dirigidos-a-hombres\/#primaryimage"},"thumbnailUrl":"https:\/\/www.laguiadepamplona.com\/actualidad\/wp-content\/uploads\/2017\/01\/plancha-hombre.jpg","articleSection":["Ayto Pamplona"],"inLanguage":"es","potentialAction":[{"@type":"CommentAction","name":"Comment","target":["https:\/\/www.laguiadepamplona.com\/actualidad\/se-amplia-hasta-el-lunes-el-plazo-de-inscripcion-para-los-cursos-gratuitos-de-autonomia-y-fomento-de-la-corresponsabilidad-en-el-hogar-dirigidos-a-hombres\/#respond"]}]},{"@type":"WebPage","@id":"https:\/\/www.laguiadepamplona.com\/actualidad\/se-amplia-hasta-el-lunes-el-plazo-de-inscripcion-para-los-cursos-gratuitos-de-autonomia-y-fomento-de-la-corresponsabilidad-en-el-hogar-dirigidos-a-hombres\/","url":"https:\/\/www.laguiadepamplona.com\/actualidad\/se-amplia-hasta-el-lunes-el-plazo-de-inscripcion-para-los-cursos-gratuitos-de-autonomia-y-fomento-de-la-corresponsabilidad-en-el-hogar-dirigidos-a-hombres\/","name":"Se ampl\u00eda hasta el lunes el plazo de inscripci\u00f3n para los cursos gratuitos de autonom\u00eda y fomento de la corresponsabilidad en el hogar dirigidos a hombres","isPartOf":{"@id":"https:\/\/www.laguiadepamplona.com\/actualidad\/#website"},"primaryImageOfPage":{"@id":"https:\/\/www.laguiadepamplona.com\/actualidad\/se-amplia-hasta-el-lunes-el-plazo-de-inscripcion-para-los-cursos-gratuitos-de-autonomia-y-fomento-de-la-corresponsabilidad-en-el-hogar-dirigidos-a-hombres\/#primaryimage"},"image":{"@id":"https:\/\/www.laguiadepamplona.com\/actualidad\/se-amplia-hasta-el-lunes-el-plazo-de-inscripcion-para-los-cursos-gratuitos-de-autonomia-y-fomento-de-la-corresponsabilidad-en-el-hogar-dirigidos-a-hombres\/#primaryimage"},"thumbnailUrl":"https:\/\/www.laguiadepamplona.com\/actualidad\/wp-content\/uploads\/2017\/01\/plancha-hombre.jpg","datePublished":"2018-10-05T09:47:06+00:00","breadcrumb":{"@id":"https:\/\/www.laguiadepamplona.com\/actualidad\/se-amplia-hasta-el-lunes-el-plazo-de-inscripcion-para-los-cursos-gratuitos-de-autonomia-y-fomento-de-la-corresponsabilidad-en-el-hogar-dirigidos-a-hombres\/#breadcrumb"},"inLanguage":"es","potentialAction":[{"@type":"ReadAction","target":["https:\/\/www.laguiadepamplona.com\/actualidad\/se-amplia-hasta-el-lunes-el-plazo-de-inscripcion-para-los-cursos-gratuitos-de-autonomia-y-fomento-de-la-corresponsabilidad-en-el-hogar-dirigidos-a-hombres\/"]}]},{"@type":"ImageObject","inLanguage":"es","@id":"https:\/\/www.laguiadepamplona.com\/actualidad\/se-amplia-hasta-el-lunes-el-plazo-de-inscripcion-para-los-cursos-gratuitos-de-autonomia-y-fomento-de-la-corresponsabilidad-en-el-hogar-dirigidos-a-hombres\/#primaryimage","url":"https:\/\/www.laguiadepamplona.com\/actualidad\/wp-content\/uploads\/2017\/01\/plancha-hombre.jpg","contentUrl":"https:\/\/www.laguiadepamplona.com\/actualidad\/wp-content\/uploads\/2017\/01\/plancha-hombre.jpg","width":1000,"height":563},{"@type":"BreadcrumbList","@id":"https:\/\/www.laguiadepamplona.com\/actualidad\/se-amplia-hasta-el-lunes-el-plazo-de-inscripcion-para-los-cursos-gratuitos-de-autonomia-y-fomento-de-la-corresponsabilidad-en-el-hogar-dirigidos-a-hombres\/#breadcrumb","itemListElement":[{"@type":"ListItem","position":1,"name":"Portada","item":"https:\/\/www.laguiadepamplona.com\/actualidad\/"},{"@type":"ListItem","position":2,"name":"Se ampl\u00eda hasta el lunes el plazo de inscripci\u00f3n para los cursos gratuitos de autonom\u00eda y fomento de la corresponsabilidad en el hogar dirigidos a hombres"}]},{"@type":"WebSite","@id":"https:\/\/www.laguiadepamplona.com\/actualidad\/#website","url":"https:\/\/www.laguiadepamplona.com\/actualidad\/","name":"La gu\u00eda de Pamplona","description":"Noticias de Pamplona","publisher":{"@id":"https:\/\/www.laguiadepamplona.com\/actualidad\/#organization"},"potentialAction":[{"@type":"SearchAction","target":{"@type":"EntryPoint","urlTemplate":"https:\/\/www.laguiadepamplona.com\/actualidad\/?s={search_term_string}"},"query-input":{"@type":"PropertyValueSpecification","valueRequired":true,"valueName":"search_term_string"}}],"inLanguage":"es"},{"@type":"Organization","@id":"https:\/\/www.laguiadepamplona.com\/actualidad\/#organization","name":"La Gu\u00eda de Pamplona \/ Noticias","url":"https:\/\/www.laguiadepamplona.com\/actualidad\/","logo":{"@type":"ImageObject","inLanguage":"es","@id":"https:\/\/www.laguiadepamplona.com\/actualidad\/#\/schema\/logo\/image\/","url":"https:\/\/www.laguiadepamplona.com\/actualidad\/wp-content\/uploads\/2018\/11\/logo-laguiadepamplona18-web1.png","contentUrl":"https:\/\/www.laguiadepamplona.com\/actualidad\/wp-content\/uploads\/2018\/11\/logo-laguiadepamplona18-web1.png","width":600,"height":196,"caption":"La Gu\u00eda de Pamplona \/ Noticias"},"image":{"@id":"https:\/\/www.laguiadepamplona.com\/actualidad\/#\/schema\/logo\/image\/"},"sameAs":["https:\/\/www.facebook.com\/laguiadepamplonacom-133175176762273\/?ref=hl","https:\/\/x.com\/LaGuiadPamplona","https:\/\/www.instagram.com\/la_guia_de_pamplona\/","https:\/\/www.youtube.com\/user\/laguiadepamplona"]},{"@type":"Person","@id":"https:\/\/www.laguiadepamplona.com\/actualidad\/#\/schema\/person\/efe887376f0213d4657c93adc50b1fdb","name":"La Gu\u00eda de Pamplona","image":{"@type":"ImageObject","inLanguage":"es","@id":"https:\/\/secure.gravatar.com\/avatar\/b6992f131dc8d30ab0dff15446e9d346d9dbd95992de0fef795073f5ea83a81c?s=96&d=mm&r=g","url":"https:\/\/secure.gravatar.com\/avatar\/b6992f131dc8d30ab0dff15446e9d346d9dbd95992de0fef795073f5ea83a81c?s=96&d=mm&r=g","contentUrl":"https:\/\/secure.gravatar.com\/avatar\/b6992f131dc8d30ab0dff15446e9d346d9dbd95992de0fef795073f5ea83a81c?s=96&d=mm&r=g","caption":"La Gu\u00eda de Pamplona"}}]}},"post_mailing_queue_ids":[],"_links":{"self":[{"href":"https:\/\/www.laguiadepamplona.com\/actualidad\/wp-json\/wp\/v2\/posts\/18906","targetHints":{"allow":["GET"]}}],"collection":[{"href":"https:\/\/www.laguiadepamplona.com\/actualidad\/wp-json\/wp\/v2\/posts"}],"about":[{"href":"https:\/\/www.laguiadepamplona.com\/actualidad\/wp-json\/wp\/v2\/types\/post"}],"author":[{"embeddable":true,"href":"https:\/\/www.laguiadepamplona.com\/actualidad\/wp-json\/wp\/v2\/users\/1"}],"replies":[{"embeddable":true,"href":"https:\/\/www.laguiadepamplona.com\/actualidad\/wp-json\/wp\/v2\/comments?post=18906"}],"version-history":[{"count":0,"href":"https:\/\/www.laguiadepamplona.com\/actualidad\/wp-json\/wp\/v2\/posts\/18906\/revisions"}],"wp:featuredmedia":[{"embeddable":true,"href":"https:\/\/www.laguiadepamplona.com\/actualidad\/wp-json\/wp\/v2\/media\/11630"}],"wp:attachment":[{"href":"https:\/\/www.laguiadepamplona.com\/actualidad\/wp-json\/wp\/v2\/media?parent=18906"}],"wp:term":[{"taxonomy":"category","embeddable":true,"href":"https:\/\/www.laguiadepamplona.com\/actualidad\/wp-json\/wp\/v2\/categories?post=18906"},{"taxonomy":"post_tag","embeddable":true,"href":"https:\/\/www.laguiadepamplona.com\/actualidad\/wp-json\/wp\/v2\/tags?post=18906"}],"curies":[{"name":"wp","href":"https:\/\/api.w.org\/{rel}","templated":true}]}}