{"id":18902,"date":"2018-10-05T11:45:58","date_gmt":"2018-10-05T09:45:58","guid":{"rendered":"https:\/\/www.laguiadepamplona.es\/actualidad\/?p=18902"},"modified":"2018-10-05T11:45:58","modified_gmt":"2018-10-05T09:45:58","slug":"el-ayuntamiento-subvenciona-por-un-importe-de-98-384-euros-15-proyectos-de-sensibilizacion-y-educacion-para-el-desarrollo-que-se-realizaran-este-curso-en-pamplona","status":"publish","type":"post","link":"https:\/\/www.laguiadepamplona.com\/actualidad\/el-ayuntamiento-subvenciona-por-un-importe-de-98-384-euros-15-proyectos-de-sensibilizacion-y-educacion-para-el-desarrollo-que-se-realizaran-este-curso-en-pamplona\/","title":{"rendered":"El Ayuntamiento subvenciona por un importe de 98.384 euros 15 proyectos de sensibilizaci\u00f3n y educaci\u00f3n para el desarrollo que se realizar\u00e1n este curso en Pamplona"},"content":{"rendered":"<h3>El 43% de las propuestas est\u00e1n formuladas por ONGD en consorcio y s\u00f3lo dos de proyectos presentados son completamente nuevos en la ciudad<\/h3>\n<p><!--more--><\/p>\n<p>El Ayuntamiento de Pamplona ha abonado ya a 15 asociaciones, entidades y ONG un montante de 98.384 euros, cofinanciado proyectos de sensibilizaci\u00f3n y educaci\u00f3n para el desarrollo. Son actividades que se desarrollan en Pamplona y est\u00e1n destinadas a la ciudadan\u00eda. Su objetivo es facilitar la mejor comprensi\u00f3n de la realidad en la que se encuentran los pa\u00edses en v\u00edas de desarrollo, las dificultades con las que tienen que enfrentarse y los esfuerzos que realizan por mejorar su situaci\u00f3n. La idea es que la concienciaci\u00f3n ciudadana permita, desde el \u00e1mbito local, actuar por un mundo m\u00e1s justo, solidario y equitativo.<\/p>\n<p>La oferta de actividades en los proyectos subvencionados se adapta al p\u00fablico con diversos contenidos: charlas, cine-f\u00f3rum, exposiciones, cursos, documentales, encuentros con activistas del Sur, publicaciones en diversos formatos&#8230; Estas actividades se realizan de manera estable durante todo el a\u00f1o en diferentes espacios, tanto p\u00fablicos, como privados, aunque intentando priorizar los espacios p\u00fablicos con el objetivo de llegar al mayor n\u00famero posible de personas y sensibilidades. En su desarrollo suelen estar implicadas personas voluntarias de forma que se ejecutan con un presupuesto ajustado para su calidad.<\/p>\n<p>Entre los 15 proyectos subvencionados hay ofertas que tienen ya una larga trayectoria en la ciudad y otras que se presentan por primer a\u00f1o. El montante m\u00e1ximo concedido por el Consistorio, 8.000 euros, les ha correspondido a las nuevas ediciones de \u2018\u00c1frica Imprescindible, \u2018Una ventana al mundo\u2019, la celebraci\u00f3n del \u2018D\u00eda Internacional del Comercio Justo\u2019 y a un proyecto de empoderamiento en defensa de los derechos humanos.<\/p>\n<p>Las ONG cuyos proyectos han sido subvencionados son Fundaci\u00f3n TAU, Fundaci\u00f3n Pueblos Hermanos, Fundaci\u00f3n Alboan, Asociaci\u00f3n Mugarik Gabe Nafarroa, Zabaldi Elkartasunaren Etxea, Medicus Mundi Navarra-Arag\u00f3n-Madrid, Ocsi, Setem Navarra, M\u00e9dicos del Mundo, Asamblea Cooperaci\u00f3n Por La Paz, Asociaci\u00f3n Reas Navarra, Fundaci\u00f3n IPES, Fundaci\u00f3n Adsis, Sodepaz y Fundaci\u00f3n Paz y Solidaridad de Navarra.<\/p>\n<p><script async src=\"\/\/pagead2.googlesyndication.com\/pagead\/js\/adsbygoogle.js\"><\/script><br \/>\n<!-- Noticias La Guia de Pamplona --><br \/>\n<ins class=\"adsbygoogle\"\nstyle=\"display:block\"\ndata-ad-client=\"ca-pub-6943679897239327\"\ndata-ad-slot=\"7048180777\"\ndata-ad-format=\"auto\"><\/ins><br \/>\n<script>\n(adsbygoogle = window.adsbygoogle || []).push({});\n<\/script><\/p>\n<p><strong>Se prima el trabajo en com\u00fan de las ONGD<\/strong><\/p>\n<p><a href=\"https:\/\/www.laguiadepamplona.es\/actualidad\/wp-content\/uploads\/2018\/10\/subvenciones-sensibilizacion-acso.jpg\"><img loading=\"lazy\" decoding=\"async\" class=\"alignleft size-medium wp-image-18903\" src=\"https:\/\/www.laguiadepamplona.es\/actualidad\/wp-content\/uploads\/2018\/10\/subvenciones-sensibilizacion-acso-300x225.jpg\" alt=\"\" width=\"300\" height=\"225\" srcset=\"https:\/\/www.laguiadepamplona.com\/actualidad\/wp-content\/uploads\/2018\/10\/subvenciones-sensibilizacion-acso-300x225.jpg 300w, https:\/\/www.laguiadepamplona.com\/actualidad\/wp-content\/uploads\/2018\/10\/subvenciones-sensibilizacion-acso-768x576.jpg 768w, https:\/\/www.laguiadepamplona.com\/actualidad\/wp-content\/uploads\/2018\/10\/subvenciones-sensibilizacion-acso-640x480.jpg 640w, https:\/\/www.laguiadepamplona.com\/actualidad\/wp-content\/uploads\/2018\/10\/subvenciones-sensibilizacion-acso-678x509.jpg 678w, https:\/\/www.laguiadepamplona.com\/actualidad\/wp-content\/uploads\/2018\/10\/subvenciones-sensibilizacion-acso-326x245.jpg 326w, https:\/\/www.laguiadepamplona.com\/actualidad\/wp-content\/uploads\/2018\/10\/subvenciones-sensibilizacion-acso-80x60.jpg 80w, https:\/\/www.laguiadepamplona.com\/actualidad\/wp-content\/uploads\/2018\/10\/subvenciones-sensibilizacion-acso.jpg 1000w\" sizes=\"auto, (max-width: 300px) 100vw, 300px\" \/><\/a>Los proyectos presentados suponen un gran volumen de actividades, de gran variedad tem\u00e1tica y la forma de presentaci\u00f3n recoge el esfuerzo de las entidades para priorizar el trabajo en consorcio de ONGD frente a la competencia por los fondos econ\u00f3micos disponibles. De los 16 proyectos presentados a la convocatoria, siete (un 43% del total) concurren en la modalidad de consorcio, lo que les permite optar a una subvenci\u00f3n de hasta 8.000 euros. El resto de proyectos (ocho proyectos, el 57% restante) han sido presentados de forma individual por distintas ONGD, lo que les permite optar hasta 6.000 euros de subvenci\u00f3n.<\/p>\n<p>Como norma general, las ONGD solicitan para sus proyectos el m\u00e1ximo de subvenci\u00f3n que contempla la convocatoria, si bien en esta ocasi\u00f3n un proyecto (18-10 PAM) solicit\u00f3 una subvenci\u00f3n de 1.125 euros, tan s\u00f3lo el 19% del montante al que podr\u00eda aspirar. La pr\u00e1ctica totalidad de los proyectos subvencionados, 13 (87% del total) son continuaci\u00f3n de proyectos que ya se hab\u00edan presentado en anteriores convocatorias. S\u00f3lo hay dos proyectos completamente nuevos. En conjunto son proyectos variados en lo que lo respecta a su tem\u00e1tica, centros de inter\u00e9s y metodolog\u00edas.<\/p>\n<p><strong>Citas fijas siempre \u2018en construcci\u00f3n\u2019<\/strong><\/p>\n<p>Entre las citas fijas subvencionadas por el Ayuntamiento de Pamplona est\u00e1n las ediciones de este a\u00f1o de programas distintos con larga trayectoria en la ciudad. Pese a la continuidad de las iniciativas, cada a\u00f1o las propuestas plasman el esfuerzo que realizan las ONGD por introducir novedades y mejoras en las programaciones en aquellos proyectos que son de continuidad, con respecto a lo realizado en ediciones anteriores.<\/p>\n<p>Los ciudadanos podr\u00e1n participar de nuevo en \u2018\u00c1frica Imprescindible\u2019, esta ser\u00e1 su 18\u00aa edici\u00f3n, (presentada por la Fundaci\u00f3n Tau Fundazioa); la XIV muestra de cine \u2018El mundo y los derechos humanos\u2019 (IPES Elkartea) o las \u2018XII Jornadas Internacionales de Econom\u00eda Solidaria\u2019 de Reas Navarra. Cumple su novena edici\u00f3n el programa Una ventana al mundo, formaci\u00f3n para la solidaridad (Alboan junto a la asociaci\u00f3n SEI); y, un a\u00f1o m\u00e1s, el Ayuntamiento apoyar\u00e1 la celebraci\u00f3n del D\u00eda del Comercio Justo (Presentado por el consorcio del Comercio Justo, encabezado por Fundaci\u00f3n Pueblos Hermanos, que se celebra desde 2003).<\/p>\n<p><strong>Muchos caminos para lograr el mismo objetivo<\/strong><\/p>\n<p>De manera general, los proyectos presentados aspiran a fomentar la participaci\u00f3n ciudadana y la organizaci\u00f3n social desde su base. Apuestan por incentivar transformaciones en las sociedades desarrolladas que prioricen valores como la justicia y la solidaridad, desarrollando una conciencia cr\u00edtica sobre la desigualdad en las relaciones internacionales. En ese sentido la propia formulaci\u00f3n de la convocatoria permite la presentaci\u00f3n de proyectos muy variados.<\/p>\n<p>En esta ocasi\u00f3n han concurrido proyectos centrados en zonas geogr\u00e1ficas espec\u00edficas (dos en \u00c1frica, uno en India y otro en Oriente Medio), hay tres proyectos que buscan sensibilizar sobre temas relacionados con la Econom\u00eda Solidaria y el Comercio Justo, y otros dos que abordan aspectos m\u00e1s generales de Educaci\u00f3n para el Desarrollo y Derechos Humanos.<\/p>\n<p>Han concurrido tambi\u00e9n cinco proyectos espec\u00edficamente orientados a la realizaci\u00f3n de acciones formativas en diferentes \u00e1mbitos (en colaboraci\u00f3n con centros de estudios, la UPNA o en espacios de formaci\u00f3n no formal) y tambi\u00e9n tres proyectos que ponen su punto de mira en la situaci\u00f3n de las personas migrantes en diferentes lugares del mundo.<\/p>\n<p><strong>Proyectos subvencionados<\/strong><\/p>\n<p>&nbsp;<\/p>\n<table width=\"634\">\n<tbody>\n<tr>\n<td colspan=\"2\" width=\"227\"><strong>ONGD<\/strong><\/td>\n<td colspan=\"2\" width=\"286\"><strong>Proyecto<\/strong><\/td>\n<td colspan=\"2\" width=\"81\">\n<h5>Subvenci\u00f3n<\/h5>\n<\/td>\n<td width=\"40\">&nbsp;<\/td>\n<\/tr>\n<tr>\n<td colspan=\"2\" width=\"227\">Fundaci\u00f3n Tau Fundazioa<\/td>\n<td colspan=\"2\" width=\"286\">Al sur del S\u00e1hara. \u00c1frica imprescindible 18\u00ba edici\u00f3n<\/td>\n<td colspan=\"2\" width=\"81\">8.000 \u20ac<\/td>\n<td width=\"40\">&nbsp;<\/td>\n<\/tr>\n<tr>\n<td colspan=\"2\" width=\"227\">M\u00e9dicos del Mundo<\/td>\n<td colspan=\"2\" width=\"286\">Personas que se mueven &#8211; Navarra<\/td>\n<td colspan=\"2\" width=\"81\">5.996 \u20ac<\/td>\n<td width=\"40\">&nbsp;<\/td>\n<\/tr>\n<tr>\n<td colspan=\"2\" width=\"227\">Fundaci\u00f3n Alboan<\/td>\n<td colspan=\"2\" width=\"286\">Una ventana al mundo 9, formaci\u00f3n para la solidaridad<\/td>\n<td colspan=\"2\" width=\"81\">7.988 \u20ac<\/td>\n<td width=\"40\">&nbsp;<\/td>\n<\/tr>\n<tr>\n<td colspan=\"2\" width=\"227\">Fundacion Adsis<\/td>\n<td colspan=\"2\" width=\"286\">Impl\u00edcate<\/td>\n<td colspan=\"2\" width=\"81\">6.000 \u20ac<\/td>\n<td width=\"40\">&nbsp;<\/td>\n<\/tr>\n<tr>\n<td colspan=\"2\" width=\"227\">Zabaldi Elkartasunaren Etxea Casa Solidaridad<\/td>\n<td colspan=\"2\" width=\"286\">\u00bfHacia un nuevo Oriente Medio?<\/td>\n<td colspan=\"2\" width=\"81\">5.400 \u20ac<\/td>\n<td width=\"40\">&nbsp;<\/td>\n<\/tr>\n<tr>\n<td colspan=\"2\" width=\"227\">Solidaridad Para el Desarrollo y la Paz Sodepaz<\/td>\n<td colspan=\"2\" width=\"286\">Apoyo a la integraci\u00f3n de la poblaci\u00f3n refugiada en Navarra<\/td>\n<td colspan=\"2\" width=\"81\">8.000 \u20ac<\/td>\n<td width=\"40\">&nbsp;<\/td>\n<\/tr>\n<tr>\n<td colspan=\"2\" width=\"227\">Asociaci\u00f3n Mugarik Gabe Nafarroa<\/td>\n<td colspan=\"2\" width=\"286\">Hacia el empoderamiento en defensa de los derechos humanos vulnerados por relaciones internacionales con intereses econ\u00f3micos y pol\u00edticos.<\/td>\n<td colspan=\"2\" width=\"81\">8.000 \u20ac<\/td>\n<td width=\"40\">&nbsp;<\/td>\n<\/tr>\n<tr>\n<td colspan=\"2\" width=\"227\">Medicus Mundi Navarra-Arag\u00f3n-Madrid<\/td>\n<td colspan=\"2\" width=\"286\">J\u00f3venes y educaci\u00f3n no formal 2018<\/td>\n<td colspan=\"2\" width=\"81\">6.000 \u20ac<\/td>\n<td width=\"40\">&nbsp;<\/td>\n<\/tr>\n<tr>\n<td colspan=\"2\" width=\"227\">Setem Servicio Tercer Mundo Navarra<\/td>\n<td colspan=\"2\" width=\"286\">Ciclo de educaci\u00f3n para el desarrollo 2019. F\u00f3rmate para transformar, el cambio empieza contigo.<\/td>\n<td colspan=\"2\" width=\"81\">6.000 \u20ac<\/td>\n<td width=\"40\">&nbsp;<\/td>\n<\/tr>\n<tr>\n<td colspan=\"2\" width=\"227\">Fundaci\u00f3n Paz y Solidaridad De Navarra<\/td>\n<td colspan=\"2\" width=\"286\">SUMANGALI. Explotaci\u00f3n laboral con rostro femenino<\/td>\n<td colspan=\"2\" width=\"81\">1.125 \u20ac<\/td>\n<td width=\"40\">&nbsp;<\/td>\n<\/tr>\n<tr>\n<td colspan=\"2\" width=\"227\">Asociaci\u00f3n Reas Navarra<\/td>\n<td colspan=\"2\" width=\"286\">XII Jornadas de Econom\u00eda Solidaria<\/td>\n<td colspan=\"2\" width=\"81\">7.999 \u20ac<\/td>\n<td width=\"40\">&nbsp;<\/td>\n<\/tr>\n<tr>\n<td colspan=\"2\" width=\"227\">Organizaci\u00f3n de Cooperaci\u00f3n y Solidaridad Internacional OCSI AMS<\/td>\n<td colspan=\"2\" width=\"286\">Solidarizarte V<\/td>\n<td colspan=\"2\" width=\"81\">6.000 \u20ac<\/td>\n<td width=\"40\">&nbsp;<\/td>\n<\/tr>\n<tr>\n<td colspan=\"2\" width=\"227\">Fundaci\u00f3n Pueblos Hermanos<\/td>\n<td colspan=\"2\" width=\"286\">D\u00eda internacional del comercio justo en Pamplona 2019<\/td>\n<td colspan=\"2\" width=\"81\">8.000 \u20ac<\/td>\n<td width=\"40\">&nbsp;<\/td>\n<\/tr>\n<tr>\n<td colspan=\"2\" width=\"227\">Asamblea Cooperaci\u00f3n por la Paz<\/td>\n<td colspan=\"2\" width=\"286\">Diffa, el refugio del Sahel<\/td>\n<td colspan=\"2\" width=\"81\">6.000 \u20ac<\/td>\n<td width=\"40\">&nbsp;<\/td>\n<\/tr>\n<tr>\n<td colspan=\"2\" width=\"227\">Fundaci\u00f3n Instituto Promoci\u00f3n Estudios Sociales IPES<\/td>\n<td colspan=\"2\" width=\"286\">XIV Muestra de Cine, Mundo y Derechos Humanos<\/td>\n<td colspan=\"2\" width=\"81\">7.876 \u20ac<\/td>\n<td width=\"40\">&nbsp;<\/td>\n<\/tr>\n<tr>\n<td width=\"38\">&nbsp;<\/td>\n<td colspan=\"2\" width=\"228\"><strong><em>TOTAL<\/em><\/strong><\/td>\n<td colspan=\"2\" width=\"286\"><strong><em>15 PROYECTOS<\/em><\/strong><\/td>\n<td colspan=\"2\" width=\"82\"><strong><em>98.384 \u20ac<\/em><\/strong><\/td>\n<\/tr>\n<tr>\n<td width=\"38\"><\/td>\n<td width=\"189\"><\/td>\n<td width=\"39\"><\/td>\n<td width=\"247\"><\/td>\n<td width=\"39\"><\/td>\n<td width=\"42\"><\/td>\n<td width=\"40\"><\/td>\n<\/tr>\n<\/tbody>\n<\/table>\n<p>&nbsp;<\/p>\n","protected":false},"excerpt":{"rendered":"<p>El 43% de las propuestas est\u00e1n formuladas por ONGD en consorcio y s\u00f3lo dos de proyectos presentados son completamente nuevos en la ciudad<\/p>\n","protected":false},"author":1,"featured_media":18904,"comment_status":"open","ping_status":"closed","sticky":false,"template":"","format":"standard","meta":{"footnotes":""},"categories":[2],"tags":[],"class_list":["post-18902","post","type-post","status-publish","format-standard","has-post-thumbnail","hentry","category-ayuntamiento-pamplona"],"yoast_head":"<!-- This site is optimized with the Yoast SEO plugin v27.9 - https:\/\/yoast.com\/product\/yoast-seo-wordpress\/ -->\n<title>El Ayuntamiento subvenciona por un importe de 98.384 euros 15 proyectos de sensibilizaci\u00f3n y educaci\u00f3n para el desarrollo que se realizar\u00e1n este curso en Pamplona<\/title>\n<meta name=\"robots\" content=\"index, follow, max-snippet:-1, max-image-preview:large, max-video-preview:-1\" \/>\n<link rel=\"canonical\" href=\"https:\/\/www.laguiadepamplona.com\/actualidad\/el-ayuntamiento-subvenciona-por-un-importe-de-98-384-euros-15-proyectos-de-sensibilizacion-y-educacion-para-el-desarrollo-que-se-realizaran-este-curso-en-pamplona\/\" \/>\n<meta property=\"og:locale\" content=\"es_ES\" \/>\n<meta property=\"og:type\" content=\"article\" \/>\n<meta property=\"og:title\" content=\"El Ayuntamiento subvenciona por un importe de 98.384 euros 15 proyectos de sensibilizaci\u00f3n y educaci\u00f3n para el desarrollo que se realizar\u00e1n este curso en Pamplona\" \/>\n<meta property=\"og:description\" content=\"El 43% de las propuestas est\u00e1n formuladas por ONGD en consorcio y s\u00f3lo dos de proyectos presentados son completamente nuevos en la ciudad\" \/>\n<meta property=\"og:url\" content=\"https:\/\/www.laguiadepamplona.com\/actualidad\/el-ayuntamiento-subvenciona-por-un-importe-de-98-384-euros-15-proyectos-de-sensibilizacion-y-educacion-para-el-desarrollo-que-se-realizaran-este-curso-en-pamplona\/\" \/>\n<meta property=\"og:site_name\" content=\"La Gu\u00eda de Pamplona Noticias y actualidad\" \/>\n<meta property=\"article:publisher\" content=\"https:\/\/www.facebook.com\/laguiadepamplonacom-133175176762273\/?ref=hl\" \/>\n<meta property=\"article:published_time\" content=\"2018-10-05T09:45:58+00:00\" \/>\n<meta property=\"og:image\" content=\"https:\/\/www.laguiadepamplona.com\/actualidad\/wp-content\/uploads\/2018\/10\/subvenciones-sensibilizacion-acso2.jpg\" \/>\n\t<meta property=\"og:image:width\" content=\"1000\" \/>\n\t<meta property=\"og:image:height\" content=\"667\" \/>\n\t<meta property=\"og:image:type\" content=\"image\/jpeg\" \/>\n<meta name=\"author\" content=\"La Gu\u00eda de Pamplona\" \/>\n<meta name=\"twitter:card\" content=\"summary_large_image\" \/>\n<meta name=\"twitter:creator\" content=\"@LaGuiadPamplona\" \/>\n<meta name=\"twitter:site\" content=\"@LaGuiadPamplona\" \/>\n<meta name=\"twitter:label1\" content=\"Escrito por\" \/>\n\t<meta name=\"twitter:data1\" content=\"La Gu\u00eda de Pamplona\" \/>\n\t<meta name=\"twitter:label2\" content=\"Tiempo de lectura\" \/>\n\t<meta name=\"twitter:data2\" content=\"6 minutos\" \/>\n<script type=\"application\/ld+json\" class=\"yoast-schema-graph\">{\"@context\":\"https:\\\/\\\/schema.org\",\"@graph\":[{\"@type\":\"Article\",\"@id\":\"https:\\\/\\\/www.laguiadepamplona.com\\\/actualidad\\\/el-ayuntamiento-subvenciona-por-un-importe-de-98-384-euros-15-proyectos-de-sensibilizacion-y-educacion-para-el-desarrollo-que-se-realizaran-este-curso-en-pamplona\\\/#article\",\"isPartOf\":{\"@id\":\"https:\\\/\\\/www.laguiadepamplona.com\\\/actualidad\\\/el-ayuntamiento-subvenciona-por-un-importe-de-98-384-euros-15-proyectos-de-sensibilizacion-y-educacion-para-el-desarrollo-que-se-realizaran-este-curso-en-pamplona\\\/\"},\"author\":{\"name\":\"La Gu\u00eda de Pamplona\",\"@id\":\"https:\\\/\\\/www.laguiadepamplona.com\\\/actualidad\\\/#\\\/schema\\\/person\\\/efe887376f0213d4657c93adc50b1fdb\"},\"headline\":\"El Ayuntamiento subvenciona por un importe de 98.384 euros 15 proyectos de sensibilizaci\u00f3n y educaci\u00f3n para el desarrollo que se realizar\u00e1n este curso en Pamplona\",\"datePublished\":\"2018-10-05T09:45:58+00:00\",\"mainEntityOfPage\":{\"@id\":\"https:\\\/\\\/www.laguiadepamplona.com\\\/actualidad\\\/el-ayuntamiento-subvenciona-por-un-importe-de-98-384-euros-15-proyectos-de-sensibilizacion-y-educacion-para-el-desarrollo-que-se-realizaran-este-curso-en-pamplona\\\/\"},\"wordCount\":1191,\"commentCount\":0,\"publisher\":{\"@id\":\"https:\\\/\\\/www.laguiadepamplona.com\\\/actualidad\\\/#organization\"},\"image\":{\"@id\":\"https:\\\/\\\/www.laguiadepamplona.com\\\/actualidad\\\/el-ayuntamiento-subvenciona-por-un-importe-de-98-384-euros-15-proyectos-de-sensibilizacion-y-educacion-para-el-desarrollo-que-se-realizaran-este-curso-en-pamplona\\\/#primaryimage\"},\"thumbnailUrl\":\"https:\\\/\\\/www.laguiadepamplona.com\\\/actualidad\\\/wp-content\\\/uploads\\\/2018\\\/10\\\/subvenciones-sensibilizacion-acso2.jpg\",\"articleSection\":[\"Ayto Pamplona\"],\"inLanguage\":\"es\",\"potentialAction\":[{\"@type\":\"CommentAction\",\"name\":\"Comment\",\"target\":[\"https:\\\/\\\/www.laguiadepamplona.com\\\/actualidad\\\/el-ayuntamiento-subvenciona-por-un-importe-de-98-384-euros-15-proyectos-de-sensibilizacion-y-educacion-para-el-desarrollo-que-se-realizaran-este-curso-en-pamplona\\\/#respond\"]}]},{\"@type\":\"WebPage\",\"@id\":\"https:\\\/\\\/www.laguiadepamplona.com\\\/actualidad\\\/el-ayuntamiento-subvenciona-por-un-importe-de-98-384-euros-15-proyectos-de-sensibilizacion-y-educacion-para-el-desarrollo-que-se-realizaran-este-curso-en-pamplona\\\/\",\"url\":\"https:\\\/\\\/www.laguiadepamplona.com\\\/actualidad\\\/el-ayuntamiento-subvenciona-por-un-importe-de-98-384-euros-15-proyectos-de-sensibilizacion-y-educacion-para-el-desarrollo-que-se-realizaran-este-curso-en-pamplona\\\/\",\"name\":\"El Ayuntamiento subvenciona por un importe de 98.384 euros 15 proyectos de sensibilizaci\u00f3n y educaci\u00f3n para el desarrollo que se realizar\u00e1n este curso en Pamplona\",\"isPartOf\":{\"@id\":\"https:\\\/\\\/www.laguiadepamplona.com\\\/actualidad\\\/#website\"},\"primaryImageOfPage\":{\"@id\":\"https:\\\/\\\/www.laguiadepamplona.com\\\/actualidad\\\/el-ayuntamiento-subvenciona-por-un-importe-de-98-384-euros-15-proyectos-de-sensibilizacion-y-educacion-para-el-desarrollo-que-se-realizaran-este-curso-en-pamplona\\\/#primaryimage\"},\"image\":{\"@id\":\"https:\\\/\\\/www.laguiadepamplona.com\\\/actualidad\\\/el-ayuntamiento-subvenciona-por-un-importe-de-98-384-euros-15-proyectos-de-sensibilizacion-y-educacion-para-el-desarrollo-que-se-realizaran-este-curso-en-pamplona\\\/#primaryimage\"},\"thumbnailUrl\":\"https:\\\/\\\/www.laguiadepamplona.com\\\/actualidad\\\/wp-content\\\/uploads\\\/2018\\\/10\\\/subvenciones-sensibilizacion-acso2.jpg\",\"datePublished\":\"2018-10-05T09:45:58+00:00\",\"breadcrumb\":{\"@id\":\"https:\\\/\\\/www.laguiadepamplona.com\\\/actualidad\\\/el-ayuntamiento-subvenciona-por-un-importe-de-98-384-euros-15-proyectos-de-sensibilizacion-y-educacion-para-el-desarrollo-que-se-realizaran-este-curso-en-pamplona\\\/#breadcrumb\"},\"inLanguage\":\"es\",\"potentialAction\":[{\"@type\":\"ReadAction\",\"target\":[\"https:\\\/\\\/www.laguiadepamplona.com\\\/actualidad\\\/el-ayuntamiento-subvenciona-por-un-importe-de-98-384-euros-15-proyectos-de-sensibilizacion-y-educacion-para-el-desarrollo-que-se-realizaran-este-curso-en-pamplona\\\/\"]}]},{\"@type\":\"ImageObject\",\"inLanguage\":\"es\",\"@id\":\"https:\\\/\\\/www.laguiadepamplona.com\\\/actualidad\\\/el-ayuntamiento-subvenciona-por-un-importe-de-98-384-euros-15-proyectos-de-sensibilizacion-y-educacion-para-el-desarrollo-que-se-realizaran-este-curso-en-pamplona\\\/#primaryimage\",\"url\":\"https:\\\/\\\/www.laguiadepamplona.com\\\/actualidad\\\/wp-content\\\/uploads\\\/2018\\\/10\\\/subvenciones-sensibilizacion-acso2.jpg\",\"contentUrl\":\"https:\\\/\\\/www.laguiadepamplona.com\\\/actualidad\\\/wp-content\\\/uploads\\\/2018\\\/10\\\/subvenciones-sensibilizacion-acso2.jpg\",\"width\":1000,\"height\":667},{\"@type\":\"BreadcrumbList\",\"@id\":\"https:\\\/\\\/www.laguiadepamplona.com\\\/actualidad\\\/el-ayuntamiento-subvenciona-por-un-importe-de-98-384-euros-15-proyectos-de-sensibilizacion-y-educacion-para-el-desarrollo-que-se-realizaran-este-curso-en-pamplona\\\/#breadcrumb\",\"itemListElement\":[{\"@type\":\"ListItem\",\"position\":1,\"name\":\"Portada\",\"item\":\"https:\\\/\\\/www.laguiadepamplona.com\\\/actualidad\\\/\"},{\"@type\":\"ListItem\",\"position\":2,\"name\":\"El Ayuntamiento subvenciona por un importe de 98.384 euros 15 proyectos de sensibilizaci\u00f3n y educaci\u00f3n para el desarrollo que se realizar\u00e1n este curso en Pamplona\"}]},{\"@type\":\"WebSite\",\"@id\":\"https:\\\/\\\/www.laguiadepamplona.com\\\/actualidad\\\/#website\",\"url\":\"https:\\\/\\\/www.laguiadepamplona.com\\\/actualidad\\\/\",\"name\":\"La gu\u00eda de Pamplona\",\"description\":\"Noticias de Pamplona\",\"publisher\":{\"@id\":\"https:\\\/\\\/www.laguiadepamplona.com\\\/actualidad\\\/#organization\"},\"potentialAction\":[{\"@type\":\"SearchAction\",\"target\":{\"@type\":\"EntryPoint\",\"urlTemplate\":\"https:\\\/\\\/www.laguiadepamplona.com\\\/actualidad\\\/?s={search_term_string}\"},\"query-input\":{\"@type\":\"PropertyValueSpecification\",\"valueRequired\":true,\"valueName\":\"search_term_string\"}}],\"inLanguage\":\"es\"},{\"@type\":\"Organization\",\"@id\":\"https:\\\/\\\/www.laguiadepamplona.com\\\/actualidad\\\/#organization\",\"name\":\"La Gu\u00eda de Pamplona \\\/ Noticias\",\"url\":\"https:\\\/\\\/www.laguiadepamplona.com\\\/actualidad\\\/\",\"logo\":{\"@type\":\"ImageObject\",\"inLanguage\":\"es\",\"@id\":\"https:\\\/\\\/www.laguiadepamplona.com\\\/actualidad\\\/#\\\/schema\\\/logo\\\/image\\\/\",\"url\":\"https:\\\/\\\/www.laguiadepamplona.com\\\/actualidad\\\/wp-content\\\/uploads\\\/2018\\\/11\\\/logo-laguiadepamplona18-web1.png\",\"contentUrl\":\"https:\\\/\\\/www.laguiadepamplona.com\\\/actualidad\\\/wp-content\\\/uploads\\\/2018\\\/11\\\/logo-laguiadepamplona18-web1.png\",\"width\":600,\"height\":196,\"caption\":\"La Gu\u00eda de Pamplona \\\/ Noticias\"},\"image\":{\"@id\":\"https:\\\/\\\/www.laguiadepamplona.com\\\/actualidad\\\/#\\\/schema\\\/logo\\\/image\\\/\"},\"sameAs\":[\"https:\\\/\\\/www.facebook.com\\\/laguiadepamplonacom-133175176762273\\\/?ref=hl\",\"https:\\\/\\\/x.com\\\/LaGuiadPamplona\",\"https:\\\/\\\/www.instagram.com\\\/la_guia_de_pamplona\\\/\",\"https:\\\/\\\/www.youtube.com\\\/user\\\/laguiadepamplona\"]},{\"@type\":\"Person\",\"@id\":\"https:\\\/\\\/www.laguiadepamplona.com\\\/actualidad\\\/#\\\/schema\\\/person\\\/efe887376f0213d4657c93adc50b1fdb\",\"name\":\"La Gu\u00eda de Pamplona\",\"image\":{\"@type\":\"ImageObject\",\"inLanguage\":\"es\",\"@id\":\"https:\\\/\\\/secure.gravatar.com\\\/avatar\\\/b6992f131dc8d30ab0dff15446e9d346d9dbd95992de0fef795073f5ea83a81c?s=96&d=mm&r=g\",\"url\":\"https:\\\/\\\/secure.gravatar.com\\\/avatar\\\/b6992f131dc8d30ab0dff15446e9d346d9dbd95992de0fef795073f5ea83a81c?s=96&d=mm&r=g\",\"contentUrl\":\"https:\\\/\\\/secure.gravatar.com\\\/avatar\\\/b6992f131dc8d30ab0dff15446e9d346d9dbd95992de0fef795073f5ea83a81c?s=96&d=mm&r=g\",\"caption\":\"La Gu\u00eda de Pamplona\"}}]}<\/script>\n<!-- \/ Yoast SEO plugin. -->","yoast_head_json":{"title":"El Ayuntamiento subvenciona por un importe de 98.384 euros 15 proyectos de sensibilizaci\u00f3n y educaci\u00f3n para el desarrollo que se realizar\u00e1n este curso en Pamplona","robots":{"index":"index","follow":"follow","max-snippet":"max-snippet:-1","max-image-preview":"max-image-preview:large","max-video-preview":"max-video-preview:-1"},"canonical":"https:\/\/www.laguiadepamplona.com\/actualidad\/el-ayuntamiento-subvenciona-por-un-importe-de-98-384-euros-15-proyectos-de-sensibilizacion-y-educacion-para-el-desarrollo-que-se-realizaran-este-curso-en-pamplona\/","og_locale":"es_ES","og_type":"article","og_title":"El Ayuntamiento subvenciona por un importe de 98.384 euros 15 proyectos de sensibilizaci\u00f3n y educaci\u00f3n para el desarrollo que se realizar\u00e1n este curso en Pamplona","og_description":"El 43% de las propuestas est\u00e1n formuladas por ONGD en consorcio y s\u00f3lo dos de proyectos presentados son completamente nuevos en la ciudad","og_url":"https:\/\/www.laguiadepamplona.com\/actualidad\/el-ayuntamiento-subvenciona-por-un-importe-de-98-384-euros-15-proyectos-de-sensibilizacion-y-educacion-para-el-desarrollo-que-se-realizaran-este-curso-en-pamplona\/","og_site_name":"La Gu\u00eda de Pamplona Noticias y actualidad","article_publisher":"https:\/\/www.facebook.com\/laguiadepamplonacom-133175176762273\/?ref=hl","article_published_time":"2018-10-05T09:45:58+00:00","og_image":[{"width":1000,"height":667,"url":"https:\/\/www.laguiadepamplona.com\/actualidad\/wp-content\/uploads\/2018\/10\/subvenciones-sensibilizacion-acso2.jpg","type":"image\/jpeg"}],"author":"La Gu\u00eda de Pamplona","twitter_card":"summary_large_image","twitter_creator":"@LaGuiadPamplona","twitter_site":"@LaGuiadPamplona","twitter_misc":{"Escrito por":"La Gu\u00eda de Pamplona","Tiempo de lectura":"6 minutos"},"schema":{"@context":"https:\/\/schema.org","@graph":[{"@type":"Article","@id":"https:\/\/www.laguiadepamplona.com\/actualidad\/el-ayuntamiento-subvenciona-por-un-importe-de-98-384-euros-15-proyectos-de-sensibilizacion-y-educacion-para-el-desarrollo-que-se-realizaran-este-curso-en-pamplona\/#article","isPartOf":{"@id":"https:\/\/www.laguiadepamplona.com\/actualidad\/el-ayuntamiento-subvenciona-por-un-importe-de-98-384-euros-15-proyectos-de-sensibilizacion-y-educacion-para-el-desarrollo-que-se-realizaran-este-curso-en-pamplona\/"},"author":{"name":"La Gu\u00eda de Pamplona","@id":"https:\/\/www.laguiadepamplona.com\/actualidad\/#\/schema\/person\/efe887376f0213d4657c93adc50b1fdb"},"headline":"El Ayuntamiento subvenciona por un importe de 98.384 euros 15 proyectos de sensibilizaci\u00f3n y educaci\u00f3n para el desarrollo que se realizar\u00e1n este curso en Pamplona","datePublished":"2018-10-05T09:45:58+00:00","mainEntityOfPage":{"@id":"https:\/\/www.laguiadepamplona.com\/actualidad\/el-ayuntamiento-subvenciona-por-un-importe-de-98-384-euros-15-proyectos-de-sensibilizacion-y-educacion-para-el-desarrollo-que-se-realizaran-este-curso-en-pamplona\/"},"wordCount":1191,"commentCount":0,"publisher":{"@id":"https:\/\/www.laguiadepamplona.com\/actualidad\/#organization"},"image":{"@id":"https:\/\/www.laguiadepamplona.com\/actualidad\/el-ayuntamiento-subvenciona-por-un-importe-de-98-384-euros-15-proyectos-de-sensibilizacion-y-educacion-para-el-desarrollo-que-se-realizaran-este-curso-en-pamplona\/#primaryimage"},"thumbnailUrl":"https:\/\/www.laguiadepamplona.com\/actualidad\/wp-content\/uploads\/2018\/10\/subvenciones-sensibilizacion-acso2.jpg","articleSection":["Ayto Pamplona"],"inLanguage":"es","potentialAction":[{"@type":"CommentAction","name":"Comment","target":["https:\/\/www.laguiadepamplona.com\/actualidad\/el-ayuntamiento-subvenciona-por-un-importe-de-98-384-euros-15-proyectos-de-sensibilizacion-y-educacion-para-el-desarrollo-que-se-realizaran-este-curso-en-pamplona\/#respond"]}]},{"@type":"WebPage","@id":"https:\/\/www.laguiadepamplona.com\/actualidad\/el-ayuntamiento-subvenciona-por-un-importe-de-98-384-euros-15-proyectos-de-sensibilizacion-y-educacion-para-el-desarrollo-que-se-realizaran-este-curso-en-pamplona\/","url":"https:\/\/www.laguiadepamplona.com\/actualidad\/el-ayuntamiento-subvenciona-por-un-importe-de-98-384-euros-15-proyectos-de-sensibilizacion-y-educacion-para-el-desarrollo-que-se-realizaran-este-curso-en-pamplona\/","name":"El Ayuntamiento subvenciona por un importe de 98.384 euros 15 proyectos de sensibilizaci\u00f3n y educaci\u00f3n para el desarrollo que se realizar\u00e1n este curso en Pamplona","isPartOf":{"@id":"https:\/\/www.laguiadepamplona.com\/actualidad\/#website"},"primaryImageOfPage":{"@id":"https:\/\/www.laguiadepamplona.com\/actualidad\/el-ayuntamiento-subvenciona-por-un-importe-de-98-384-euros-15-proyectos-de-sensibilizacion-y-educacion-para-el-desarrollo-que-se-realizaran-este-curso-en-pamplona\/#primaryimage"},"image":{"@id":"https:\/\/www.laguiadepamplona.com\/actualidad\/el-ayuntamiento-subvenciona-por-un-importe-de-98-384-euros-15-proyectos-de-sensibilizacion-y-educacion-para-el-desarrollo-que-se-realizaran-este-curso-en-pamplona\/#primaryimage"},"thumbnailUrl":"https:\/\/www.laguiadepamplona.com\/actualidad\/wp-content\/uploads\/2018\/10\/subvenciones-sensibilizacion-acso2.jpg","datePublished":"2018-10-05T09:45:58+00:00","breadcrumb":{"@id":"https:\/\/www.laguiadepamplona.com\/actualidad\/el-ayuntamiento-subvenciona-por-un-importe-de-98-384-euros-15-proyectos-de-sensibilizacion-y-educacion-para-el-desarrollo-que-se-realizaran-este-curso-en-pamplona\/#breadcrumb"},"inLanguage":"es","potentialAction":[{"@type":"ReadAction","target":["https:\/\/www.laguiadepamplona.com\/actualidad\/el-ayuntamiento-subvenciona-por-un-importe-de-98-384-euros-15-proyectos-de-sensibilizacion-y-educacion-para-el-desarrollo-que-se-realizaran-este-curso-en-pamplona\/"]}]},{"@type":"ImageObject","inLanguage":"es","@id":"https:\/\/www.laguiadepamplona.com\/actualidad\/el-ayuntamiento-subvenciona-por-un-importe-de-98-384-euros-15-proyectos-de-sensibilizacion-y-educacion-para-el-desarrollo-que-se-realizaran-este-curso-en-pamplona\/#primaryimage","url":"https:\/\/www.laguiadepamplona.com\/actualidad\/wp-content\/uploads\/2018\/10\/subvenciones-sensibilizacion-acso2.jpg","contentUrl":"https:\/\/www.laguiadepamplona.com\/actualidad\/wp-content\/uploads\/2018\/10\/subvenciones-sensibilizacion-acso2.jpg","width":1000,"height":667},{"@type":"BreadcrumbList","@id":"https:\/\/www.laguiadepamplona.com\/actualidad\/el-ayuntamiento-subvenciona-por-un-importe-de-98-384-euros-15-proyectos-de-sensibilizacion-y-educacion-para-el-desarrollo-que-se-realizaran-este-curso-en-pamplona\/#breadcrumb","itemListElement":[{"@type":"ListItem","position":1,"name":"Portada","item":"https:\/\/www.laguiadepamplona.com\/actualidad\/"},{"@type":"ListItem","position":2,"name":"El Ayuntamiento subvenciona por un importe de 98.384 euros 15 proyectos de sensibilizaci\u00f3n y educaci\u00f3n para el desarrollo que se realizar\u00e1n este curso en Pamplona"}]},{"@type":"WebSite","@id":"https:\/\/www.laguiadepamplona.com\/actualidad\/#website","url":"https:\/\/www.laguiadepamplona.com\/actualidad\/","name":"La gu\u00eda de Pamplona","description":"Noticias de Pamplona","publisher":{"@id":"https:\/\/www.laguiadepamplona.com\/actualidad\/#organization"},"potentialAction":[{"@type":"SearchAction","target":{"@type":"EntryPoint","urlTemplate":"https:\/\/www.laguiadepamplona.com\/actualidad\/?s={search_term_string}"},"query-input":{"@type":"PropertyValueSpecification","valueRequired":true,"valueName":"search_term_string"}}],"inLanguage":"es"},{"@type":"Organization","@id":"https:\/\/www.laguiadepamplona.com\/actualidad\/#organization","name":"La Gu\u00eda de Pamplona \/ Noticias","url":"https:\/\/www.laguiadepamplona.com\/actualidad\/","logo":{"@type":"ImageObject","inLanguage":"es","@id":"https:\/\/www.laguiadepamplona.com\/actualidad\/#\/schema\/logo\/image\/","url":"https:\/\/www.laguiadepamplona.com\/actualidad\/wp-content\/uploads\/2018\/11\/logo-laguiadepamplona18-web1.png","contentUrl":"https:\/\/www.laguiadepamplona.com\/actualidad\/wp-content\/uploads\/2018\/11\/logo-laguiadepamplona18-web1.png","width":600,"height":196,"caption":"La Gu\u00eda de Pamplona \/ Noticias"},"image":{"@id":"https:\/\/www.laguiadepamplona.com\/actualidad\/#\/schema\/logo\/image\/"},"sameAs":["https:\/\/www.facebook.com\/laguiadepamplonacom-133175176762273\/?ref=hl","https:\/\/x.com\/LaGuiadPamplona","https:\/\/www.instagram.com\/la_guia_de_pamplona\/","https:\/\/www.youtube.com\/user\/laguiadepamplona"]},{"@type":"Person","@id":"https:\/\/www.laguiadepamplona.com\/actualidad\/#\/schema\/person\/efe887376f0213d4657c93adc50b1fdb","name":"La Gu\u00eda de Pamplona","image":{"@type":"ImageObject","inLanguage":"es","@id":"https:\/\/secure.gravatar.com\/avatar\/b6992f131dc8d30ab0dff15446e9d346d9dbd95992de0fef795073f5ea83a81c?s=96&d=mm&r=g","url":"https:\/\/secure.gravatar.com\/avatar\/b6992f131dc8d30ab0dff15446e9d346d9dbd95992de0fef795073f5ea83a81c?s=96&d=mm&r=g","contentUrl":"https:\/\/secure.gravatar.com\/avatar\/b6992f131dc8d30ab0dff15446e9d346d9dbd95992de0fef795073f5ea83a81c?s=96&d=mm&r=g","caption":"La Gu\u00eda de Pamplona"}}]}},"post_mailing_queue_ids":[],"_links":{"self":[{"href":"https:\/\/www.laguiadepamplona.com\/actualidad\/wp-json\/wp\/v2\/posts\/18902","targetHints":{"allow":["GET"]}}],"collection":[{"href":"https:\/\/www.laguiadepamplona.com\/actualidad\/wp-json\/wp\/v2\/posts"}],"about":[{"href":"https:\/\/www.laguiadepamplona.com\/actualidad\/wp-json\/wp\/v2\/types\/post"}],"author":[{"embeddable":true,"href":"https:\/\/www.laguiadepamplona.com\/actualidad\/wp-json\/wp\/v2\/users\/1"}],"replies":[{"embeddable":true,"href":"https:\/\/www.laguiadepamplona.com\/actualidad\/wp-json\/wp\/v2\/comments?post=18902"}],"version-history":[{"count":0,"href":"https:\/\/www.laguiadepamplona.com\/actualidad\/wp-json\/wp\/v2\/posts\/18902\/revisions"}],"wp:featuredmedia":[{"embeddable":true,"href":"https:\/\/www.laguiadepamplona.com\/actualidad\/wp-json\/wp\/v2\/media\/18904"}],"wp:attachment":[{"href":"https:\/\/www.laguiadepamplona.com\/actualidad\/wp-json\/wp\/v2\/media?parent=18902"}],"wp:term":[{"taxonomy":"category","embeddable":true,"href":"https:\/\/www.laguiadepamplona.com\/actualidad\/wp-json\/wp\/v2\/categories?post=18902"},{"taxonomy":"post_tag","embeddable":true,"href":"https:\/\/www.laguiadepamplona.com\/actualidad\/wp-json\/wp\/v2\/tags?post=18902"}],"curies":[{"name":"wp","href":"https:\/\/api.w.org\/{rel}","templated":true}]}}