{"id":18900,"date":"2018-10-05T11:41:46","date_gmt":"2018-10-05T09:41:46","guid":{"rendered":"https:\/\/www.laguiadepamplona.es\/actualidad\/?p=18900"},"modified":"2018-10-05T11:41:46","modified_gmt":"2018-10-05T09:41:46","slug":"este-lunes-comienzan-las-obras-de-reforma-de-los-ascensores-de-descalzos-para-modernizarlos-y-minimizar-las-averias-crecientes-tras-10-anos-de-funcionamiento","status":"publish","type":"post","link":"https:\/\/www.laguiadepamplona.com\/actualidad\/este-lunes-comienzan-las-obras-de-reforma-de-los-ascensores-de-descalzos-para-modernizarlos-y-minimizar-las-averias-crecientes-tras-10-anos-de-funcionamiento\/","title":{"rendered":"Este lunes comienzan las obras de reforma de los ascensores de Descalzos para modernizarlos y minimizar las aver\u00edas crecientes tras 10 a\u00f1os de funcionamiento"},"content":{"rendered":"<h3>Los trabajos en este complejo, usado por 5,5 millones de personas al a\u00f1o, durar\u00e1n 2 meses asegurando que un ascensor est\u00e9 siempre funcionando<\/h3>\n<p><!--more--><\/p>\n<p>Este lunes comenzar\u00e1n las obras de reforma de los ascensores de Descalzos, que modernizar\u00e1n las instalaciones para minimizar las aver\u00edas crecientes que ven\u00edan registrando en los \u00faltimos meses. El Ayuntamiento va a invertir 174.418 euros en las obras, que se realizar\u00e1n en dos fases para garantizar que durante la ejecuci\u00f3n de las obras est\u00e9 en funcionamiento uno de los dos ascensores. Se estima que la duraci\u00f3n de las obras sea de dos meses en su primera fase y que el cambio de puertas (segunda fase) se realice en febrero.<\/p>\n<p>Los trabajos de modernizaci\u00f3n comenzar\u00e1n en la cabina situada al este (la de la derecha si se accede desde la Rochapea) y se extender\u00e1n aproximadamente durante un mes. Una vez concluidos, en noviembre se realizar\u00eda la misma operaci\u00f3n en la otra cabina con unos plazos similares. Est\u00e1 previsto que estas tareas est\u00e9n finalizadas para el 29 de noviembre, fiesta de San Saturnino.<\/p>\n<p>La remodelaci\u00f3n de los ascensores tendr\u00e1 una segunda fase consistente en el cambio de las puertas de ambas cabinas, aunque este trabajo se pospondr\u00e1 hasta febrero para que la infraestructura est\u00e9 en funcionamiento durante todo el mes de diciembre, las Navidades y enero. Esas tareas, al igual que las que ahora se plantean, se llevar\u00e1n a cabo sin coincidir tampoco en las dos cabinas al mismo tiempo para que as\u00ed las personas usuarias puedan seguir desplaz\u00e1ndose al menos en un ascensor. Sin embargo, en este caso la actuaci\u00f3n apenas durar\u00e1 tres d\u00edas por instalaci\u00f3n.<\/p>\n<p>Durante el transcurso de estas obras y previendo las molestias que pueda ocasionar el funcionamiento de una sola cabina, tanto en la propia ubicaci\u00f3n de los ascensores como en diferentes soportes se informar\u00e1 exhaustivamente de las alternativas para acceder al Casco Viejo desde la Rochapea y viceversa. En caso de que se quiera mayor agilidad, podr\u00e1 utilizarse la L\u00ednea 14 del transporte urbano comarcal y las l\u00edneas 3, 16, 17, 21 y N4 si se viene desde el aparcamiento disuasorio de Trinitarios.<\/p>\n<p>Para mejorar las conexiones, se rebajar\u00e1 a la mitad de tiempo (15 minutos) la frecuencia de la l\u00ednea 14 (Rochapea-Casco Antiguo) en las horas punta: de 7:00 a 9:00, de 12:00 a 14:00 y de 17:00 a 20:00 horas. Asimismo, se habilitar\u00e1 una parada cerca de los ascensores. Adem\u00e1s, se mantendr\u00e1 el sistema de lanzadera gratuita desde el parking disuasorio de Trinitarios a trav\u00e9s de las l\u00edneas 3, 16, 17, 21 y N4. (cada 2 minutos).<\/p>\n<p><script async src=\"\/\/pagead2.googlesyndication.com\/pagead\/js\/adsbygoogle.js\"><\/script><br \/>\n<!-- Noticias La Guia de Pamplona --><br \/>\n<ins class=\"adsbygoogle\"\nstyle=\"display:block\"\ndata-ad-client=\"ca-pub-6943679897239327\"\ndata-ad-slot=\"7048180777\"\ndata-ad-format=\"auto\"><\/ins><br \/>\n<script>\n(adsbygoogle = window.adsbygoogle || []).push({});\n<\/script><\/p>\n<p><strong>Cambios en los sistemas de comunicaci\u00f3n y el\u00e9ctrico-electr\u00f3nico y de puertas<\/strong><\/p>\n<p>La modernizaci\u00f3n planteada conlleva la modificaci\u00f3n del sistema de comunicaci\u00f3n con cabina, el cambio de los sistemas el\u00e9ctrico-electr\u00f3nico de regulaci\u00f3n y control y la renovaci\u00f3n de las puertas. Otros aspectos contemplados en la modernizaci\u00f3n son el cambio de las botoneras tanto en cabina y como las de llamada y la colocaci\u00f3n de indicadores electr\u00f3nicos de posici\u00f3n y direcci\u00f3n con display LCD. Asimismo, se valora la colocaci\u00f3n de una pasarela \u2013 plataforma que permita, en caso que el ascensor quede parado en alguna parte del recorrido diferente a los embarques, salir a las personas usuarias hasta las escaleras laterales.<\/p>\n<p>De los 174.418 euros presupuestados, 94.268 corresponder\u00edan a la renovaci\u00f3n de puertas, 42.000 euros al gasto del sistema de comunicaci\u00f3n con cabina y 38.000 euros para el sistema el\u00e9ctrico &#8211; electr\u00f3nico de regulaci\u00f3n y control.<\/p>\n<p>Los conteos realizados del n\u00famero de viajes y de pasajeros, estiman que estos ascensores desplazan unos 5,5 millones de personas al a\u00f1o, cifra que este a\u00f1o con la puesta en marcha del Plan para la Amabilizaci\u00f3n del Centro de la Ciudad est\u00e1 previsto que aumente. Entre las 7 y las 22 horas las dos cabinas realizan unos 40 viajes a la hora, trabajando pr\u00e1cticamente al limite de sus posibilidades. En el resto de horario, es decir las nueve horas restantes, el ascensor suma otros 100 viajes mas al d\u00eda. La suma de viajes en ambos horarios indica que cada ascensor realiza del orden de 700 viajes diarios. Adem\u00e1s, en algunos momentos, la instalaci\u00f3n presenta un uso superior a los indicados, como por ejemplo, durante las fiestas de San Ferm\u00edn.<\/p>\n<p>&nbsp;<\/p>\n","protected":false},"excerpt":{"rendered":"<p>Los trabajos en este complejo, usado por 5,5 millones de personas al a\u00f1o, durar\u00e1n 2 meses asegurando que un ascensor est\u00e9 siempre funcionando<\/p>\n","protected":false},"author":1,"featured_media":17600,"comment_status":"open","ping_status":"closed","sticky":false,"template":"","format":"standard","meta":{"footnotes":""},"categories":[2],"tags":[],"class_list":["post-18900","post","type-post","status-publish","format-standard","has-post-thumbnail","hentry","category-ayuntamiento-pamplona"],"yoast_head":"<!-- This site is optimized with the Yoast SEO plugin v27.9 - https:\/\/yoast.com\/product\/yoast-seo-wordpress\/ -->\n<title>Este lunes comienzan las obras de reforma de los ascensores de Descalzos para modernizarlos y minimizar las aver\u00edas crecientes tras 10 a\u00f1os de funcionamiento<\/title>\n<meta name=\"robots\" content=\"index, follow, max-snippet:-1, max-image-preview:large, max-video-preview:-1\" \/>\n<link rel=\"canonical\" href=\"https:\/\/www.laguiadepamplona.com\/actualidad\/este-lunes-comienzan-las-obras-de-reforma-de-los-ascensores-de-descalzos-para-modernizarlos-y-minimizar-las-averias-crecientes-tras-10-anos-de-funcionamiento\/\" \/>\n<meta property=\"og:locale\" content=\"es_ES\" \/>\n<meta property=\"og:type\" content=\"article\" \/>\n<meta property=\"og:title\" content=\"Este lunes comienzan las obras de reforma de los ascensores de Descalzos para modernizarlos y minimizar las aver\u00edas crecientes tras 10 a\u00f1os de funcionamiento\" \/>\n<meta property=\"og:description\" content=\"Los trabajos en este complejo, usado por 5,5 millones de personas al a\u00f1o, durar\u00e1n 2 meses asegurando que un ascensor est\u00e9 siempre funcionando\" \/>\n<meta property=\"og:url\" content=\"https:\/\/www.laguiadepamplona.com\/actualidad\/este-lunes-comienzan-las-obras-de-reforma-de-los-ascensores-de-descalzos-para-modernizarlos-y-minimizar-las-averias-crecientes-tras-10-anos-de-funcionamiento\/\" \/>\n<meta property=\"og:site_name\" content=\"La Gu\u00eda de Pamplona Noticias y actualidad\" \/>\n<meta property=\"article:publisher\" content=\"https:\/\/www.facebook.com\/laguiadepamplonacom-133175176762273\/?ref=hl\" \/>\n<meta property=\"article:published_time\" content=\"2018-10-05T09:41:46+00:00\" \/>\n<meta property=\"og:image\" content=\"https:\/\/www.laguiadepamplona.com\/actualidad\/wp-content\/uploads\/2018\/05\/ayto-pamplona-3.jpg\" \/>\n\t<meta property=\"og:image:width\" content=\"1000\" \/>\n\t<meta property=\"og:image:height\" content=\"555\" \/>\n\t<meta property=\"og:image:type\" content=\"image\/jpeg\" \/>\n<meta name=\"author\" content=\"La Gu\u00eda de Pamplona\" \/>\n<meta name=\"twitter:card\" content=\"summary_large_image\" \/>\n<meta name=\"twitter:creator\" content=\"@LaGuiadPamplona\" \/>\n<meta name=\"twitter:site\" content=\"@LaGuiadPamplona\" \/>\n<meta name=\"twitter:label1\" content=\"Escrito por\" \/>\n\t<meta name=\"twitter:data1\" content=\"La Gu\u00eda de Pamplona\" \/>\n\t<meta name=\"twitter:label2\" content=\"Tiempo de lectura\" \/>\n\t<meta name=\"twitter:data2\" content=\"4 minutos\" \/>\n<script type=\"application\/ld+json\" class=\"yoast-schema-graph\">{\"@context\":\"https:\\\/\\\/schema.org\",\"@graph\":[{\"@type\":\"Article\",\"@id\":\"https:\\\/\\\/www.laguiadepamplona.com\\\/actualidad\\\/este-lunes-comienzan-las-obras-de-reforma-de-los-ascensores-de-descalzos-para-modernizarlos-y-minimizar-las-averias-crecientes-tras-10-anos-de-funcionamiento\\\/#article\",\"isPartOf\":{\"@id\":\"https:\\\/\\\/www.laguiadepamplona.com\\\/actualidad\\\/este-lunes-comienzan-las-obras-de-reforma-de-los-ascensores-de-descalzos-para-modernizarlos-y-minimizar-las-averias-crecientes-tras-10-anos-de-funcionamiento\\\/\"},\"author\":{\"name\":\"La Gu\u00eda de Pamplona\",\"@id\":\"https:\\\/\\\/www.laguiadepamplona.com\\\/actualidad\\\/#\\\/schema\\\/person\\\/efe887376f0213d4657c93adc50b1fdb\"},\"headline\":\"Este lunes comienzan las obras de reforma de los ascensores de Descalzos para modernizarlos y minimizar las aver\u00edas crecientes tras 10 a\u00f1os de funcionamiento\",\"datePublished\":\"2018-10-05T09:41:46+00:00\",\"mainEntityOfPage\":{\"@id\":\"https:\\\/\\\/www.laguiadepamplona.com\\\/actualidad\\\/este-lunes-comienzan-las-obras-de-reforma-de-los-ascensores-de-descalzos-para-modernizarlos-y-minimizar-las-averias-crecientes-tras-10-anos-de-funcionamiento\\\/\"},\"wordCount\":751,\"commentCount\":0,\"publisher\":{\"@id\":\"https:\\\/\\\/www.laguiadepamplona.com\\\/actualidad\\\/#organization\"},\"image\":{\"@id\":\"https:\\\/\\\/www.laguiadepamplona.com\\\/actualidad\\\/este-lunes-comienzan-las-obras-de-reforma-de-los-ascensores-de-descalzos-para-modernizarlos-y-minimizar-las-averias-crecientes-tras-10-anos-de-funcionamiento\\\/#primaryimage\"},\"thumbnailUrl\":\"https:\\\/\\\/www.laguiadepamplona.com\\\/actualidad\\\/wp-content\\\/uploads\\\/2018\\\/05\\\/ayto-pamplona-3.jpg\",\"articleSection\":[\"Ayto Pamplona\"],\"inLanguage\":\"es\",\"potentialAction\":[{\"@type\":\"CommentAction\",\"name\":\"Comment\",\"target\":[\"https:\\\/\\\/www.laguiadepamplona.com\\\/actualidad\\\/este-lunes-comienzan-las-obras-de-reforma-de-los-ascensores-de-descalzos-para-modernizarlos-y-minimizar-las-averias-crecientes-tras-10-anos-de-funcionamiento\\\/#respond\"]}]},{\"@type\":\"WebPage\",\"@id\":\"https:\\\/\\\/www.laguiadepamplona.com\\\/actualidad\\\/este-lunes-comienzan-las-obras-de-reforma-de-los-ascensores-de-descalzos-para-modernizarlos-y-minimizar-las-averias-crecientes-tras-10-anos-de-funcionamiento\\\/\",\"url\":\"https:\\\/\\\/www.laguiadepamplona.com\\\/actualidad\\\/este-lunes-comienzan-las-obras-de-reforma-de-los-ascensores-de-descalzos-para-modernizarlos-y-minimizar-las-averias-crecientes-tras-10-anos-de-funcionamiento\\\/\",\"name\":\"Este lunes comienzan las obras de reforma de los ascensores de Descalzos para modernizarlos y minimizar las aver\u00edas crecientes tras 10 a\u00f1os de funcionamiento\",\"isPartOf\":{\"@id\":\"https:\\\/\\\/www.laguiadepamplona.com\\\/actualidad\\\/#website\"},\"primaryImageOfPage\":{\"@id\":\"https:\\\/\\\/www.laguiadepamplona.com\\\/actualidad\\\/este-lunes-comienzan-las-obras-de-reforma-de-los-ascensores-de-descalzos-para-modernizarlos-y-minimizar-las-averias-crecientes-tras-10-anos-de-funcionamiento\\\/#primaryimage\"},\"image\":{\"@id\":\"https:\\\/\\\/www.laguiadepamplona.com\\\/actualidad\\\/este-lunes-comienzan-las-obras-de-reforma-de-los-ascensores-de-descalzos-para-modernizarlos-y-minimizar-las-averias-crecientes-tras-10-anos-de-funcionamiento\\\/#primaryimage\"},\"thumbnailUrl\":\"https:\\\/\\\/www.laguiadepamplona.com\\\/actualidad\\\/wp-content\\\/uploads\\\/2018\\\/05\\\/ayto-pamplona-3.jpg\",\"datePublished\":\"2018-10-05T09:41:46+00:00\",\"breadcrumb\":{\"@id\":\"https:\\\/\\\/www.laguiadepamplona.com\\\/actualidad\\\/este-lunes-comienzan-las-obras-de-reforma-de-los-ascensores-de-descalzos-para-modernizarlos-y-minimizar-las-averias-crecientes-tras-10-anos-de-funcionamiento\\\/#breadcrumb\"},\"inLanguage\":\"es\",\"potentialAction\":[{\"@type\":\"ReadAction\",\"target\":[\"https:\\\/\\\/www.laguiadepamplona.com\\\/actualidad\\\/este-lunes-comienzan-las-obras-de-reforma-de-los-ascensores-de-descalzos-para-modernizarlos-y-minimizar-las-averias-crecientes-tras-10-anos-de-funcionamiento\\\/\"]}]},{\"@type\":\"ImageObject\",\"inLanguage\":\"es\",\"@id\":\"https:\\\/\\\/www.laguiadepamplona.com\\\/actualidad\\\/este-lunes-comienzan-las-obras-de-reforma-de-los-ascensores-de-descalzos-para-modernizarlos-y-minimizar-las-averias-crecientes-tras-10-anos-de-funcionamiento\\\/#primaryimage\",\"url\":\"https:\\\/\\\/www.laguiadepamplona.com\\\/actualidad\\\/wp-content\\\/uploads\\\/2018\\\/05\\\/ayto-pamplona-3.jpg\",\"contentUrl\":\"https:\\\/\\\/www.laguiadepamplona.com\\\/actualidad\\\/wp-content\\\/uploads\\\/2018\\\/05\\\/ayto-pamplona-3.jpg\",\"width\":1000,\"height\":555},{\"@type\":\"BreadcrumbList\",\"@id\":\"https:\\\/\\\/www.laguiadepamplona.com\\\/actualidad\\\/este-lunes-comienzan-las-obras-de-reforma-de-los-ascensores-de-descalzos-para-modernizarlos-y-minimizar-las-averias-crecientes-tras-10-anos-de-funcionamiento\\\/#breadcrumb\",\"itemListElement\":[{\"@type\":\"ListItem\",\"position\":1,\"name\":\"Portada\",\"item\":\"https:\\\/\\\/www.laguiadepamplona.com\\\/actualidad\\\/\"},{\"@type\":\"ListItem\",\"position\":2,\"name\":\"Este lunes comienzan las obras de reforma de los ascensores de Descalzos para modernizarlos y minimizar las aver\u00edas crecientes tras 10 a\u00f1os de funcionamiento\"}]},{\"@type\":\"WebSite\",\"@id\":\"https:\\\/\\\/www.laguiadepamplona.com\\\/actualidad\\\/#website\",\"url\":\"https:\\\/\\\/www.laguiadepamplona.com\\\/actualidad\\\/\",\"name\":\"La gu\u00eda de Pamplona\",\"description\":\"Noticias de Pamplona\",\"publisher\":{\"@id\":\"https:\\\/\\\/www.laguiadepamplona.com\\\/actualidad\\\/#organization\"},\"potentialAction\":[{\"@type\":\"SearchAction\",\"target\":{\"@type\":\"EntryPoint\",\"urlTemplate\":\"https:\\\/\\\/www.laguiadepamplona.com\\\/actualidad\\\/?s={search_term_string}\"},\"query-input\":{\"@type\":\"PropertyValueSpecification\",\"valueRequired\":true,\"valueName\":\"search_term_string\"}}],\"inLanguage\":\"es\"},{\"@type\":\"Organization\",\"@id\":\"https:\\\/\\\/www.laguiadepamplona.com\\\/actualidad\\\/#organization\",\"name\":\"La Gu\u00eda de Pamplona \\\/ Noticias\",\"url\":\"https:\\\/\\\/www.laguiadepamplona.com\\\/actualidad\\\/\",\"logo\":{\"@type\":\"ImageObject\",\"inLanguage\":\"es\",\"@id\":\"https:\\\/\\\/www.laguiadepamplona.com\\\/actualidad\\\/#\\\/schema\\\/logo\\\/image\\\/\",\"url\":\"https:\\\/\\\/www.laguiadepamplona.com\\\/actualidad\\\/wp-content\\\/uploads\\\/2018\\\/11\\\/logo-laguiadepamplona18-web1.png\",\"contentUrl\":\"https:\\\/\\\/www.laguiadepamplona.com\\\/actualidad\\\/wp-content\\\/uploads\\\/2018\\\/11\\\/logo-laguiadepamplona18-web1.png\",\"width\":600,\"height\":196,\"caption\":\"La Gu\u00eda de Pamplona \\\/ Noticias\"},\"image\":{\"@id\":\"https:\\\/\\\/www.laguiadepamplona.com\\\/actualidad\\\/#\\\/schema\\\/logo\\\/image\\\/\"},\"sameAs\":[\"https:\\\/\\\/www.facebook.com\\\/laguiadepamplonacom-133175176762273\\\/?ref=hl\",\"https:\\\/\\\/x.com\\\/LaGuiadPamplona\",\"https:\\\/\\\/www.instagram.com\\\/la_guia_de_pamplona\\\/\",\"https:\\\/\\\/www.youtube.com\\\/user\\\/laguiadepamplona\"]},{\"@type\":\"Person\",\"@id\":\"https:\\\/\\\/www.laguiadepamplona.com\\\/actualidad\\\/#\\\/schema\\\/person\\\/efe887376f0213d4657c93adc50b1fdb\",\"name\":\"La Gu\u00eda de Pamplona\",\"image\":{\"@type\":\"ImageObject\",\"inLanguage\":\"es\",\"@id\":\"https:\\\/\\\/secure.gravatar.com\\\/avatar\\\/b6992f131dc8d30ab0dff15446e9d346d9dbd95992de0fef795073f5ea83a81c?s=96&d=mm&r=g\",\"url\":\"https:\\\/\\\/secure.gravatar.com\\\/avatar\\\/b6992f131dc8d30ab0dff15446e9d346d9dbd95992de0fef795073f5ea83a81c?s=96&d=mm&r=g\",\"contentUrl\":\"https:\\\/\\\/secure.gravatar.com\\\/avatar\\\/b6992f131dc8d30ab0dff15446e9d346d9dbd95992de0fef795073f5ea83a81c?s=96&d=mm&r=g\",\"caption\":\"La Gu\u00eda de Pamplona\"}}]}<\/script>\n<!-- \/ Yoast SEO plugin. -->","yoast_head_json":{"title":"Este lunes comienzan las obras de reforma de los ascensores de Descalzos para modernizarlos y minimizar las aver\u00edas crecientes tras 10 a\u00f1os de funcionamiento","robots":{"index":"index","follow":"follow","max-snippet":"max-snippet:-1","max-image-preview":"max-image-preview:large","max-video-preview":"max-video-preview:-1"},"canonical":"https:\/\/www.laguiadepamplona.com\/actualidad\/este-lunes-comienzan-las-obras-de-reforma-de-los-ascensores-de-descalzos-para-modernizarlos-y-minimizar-las-averias-crecientes-tras-10-anos-de-funcionamiento\/","og_locale":"es_ES","og_type":"article","og_title":"Este lunes comienzan las obras de reforma de los ascensores de Descalzos para modernizarlos y minimizar las aver\u00edas crecientes tras 10 a\u00f1os de funcionamiento","og_description":"Los trabajos en este complejo, usado por 5,5 millones de personas al a\u00f1o, durar\u00e1n 2 meses asegurando que un ascensor est\u00e9 siempre funcionando","og_url":"https:\/\/www.laguiadepamplona.com\/actualidad\/este-lunes-comienzan-las-obras-de-reforma-de-los-ascensores-de-descalzos-para-modernizarlos-y-minimizar-las-averias-crecientes-tras-10-anos-de-funcionamiento\/","og_site_name":"La Gu\u00eda de Pamplona Noticias y actualidad","article_publisher":"https:\/\/www.facebook.com\/laguiadepamplonacom-133175176762273\/?ref=hl","article_published_time":"2018-10-05T09:41:46+00:00","og_image":[{"width":1000,"height":555,"url":"https:\/\/www.laguiadepamplona.com\/actualidad\/wp-content\/uploads\/2018\/05\/ayto-pamplona-3.jpg","type":"image\/jpeg"}],"author":"La Gu\u00eda de Pamplona","twitter_card":"summary_large_image","twitter_creator":"@LaGuiadPamplona","twitter_site":"@LaGuiadPamplona","twitter_misc":{"Escrito por":"La Gu\u00eda de Pamplona","Tiempo de lectura":"4 minutos"},"schema":{"@context":"https:\/\/schema.org","@graph":[{"@type":"Article","@id":"https:\/\/www.laguiadepamplona.com\/actualidad\/este-lunes-comienzan-las-obras-de-reforma-de-los-ascensores-de-descalzos-para-modernizarlos-y-minimizar-las-averias-crecientes-tras-10-anos-de-funcionamiento\/#article","isPartOf":{"@id":"https:\/\/www.laguiadepamplona.com\/actualidad\/este-lunes-comienzan-las-obras-de-reforma-de-los-ascensores-de-descalzos-para-modernizarlos-y-minimizar-las-averias-crecientes-tras-10-anos-de-funcionamiento\/"},"author":{"name":"La Gu\u00eda de Pamplona","@id":"https:\/\/www.laguiadepamplona.com\/actualidad\/#\/schema\/person\/efe887376f0213d4657c93adc50b1fdb"},"headline":"Este lunes comienzan las obras de reforma de los ascensores de Descalzos para modernizarlos y minimizar las aver\u00edas crecientes tras 10 a\u00f1os de funcionamiento","datePublished":"2018-10-05T09:41:46+00:00","mainEntityOfPage":{"@id":"https:\/\/www.laguiadepamplona.com\/actualidad\/este-lunes-comienzan-las-obras-de-reforma-de-los-ascensores-de-descalzos-para-modernizarlos-y-minimizar-las-averias-crecientes-tras-10-anos-de-funcionamiento\/"},"wordCount":751,"commentCount":0,"publisher":{"@id":"https:\/\/www.laguiadepamplona.com\/actualidad\/#organization"},"image":{"@id":"https:\/\/www.laguiadepamplona.com\/actualidad\/este-lunes-comienzan-las-obras-de-reforma-de-los-ascensores-de-descalzos-para-modernizarlos-y-minimizar-las-averias-crecientes-tras-10-anos-de-funcionamiento\/#primaryimage"},"thumbnailUrl":"https:\/\/www.laguiadepamplona.com\/actualidad\/wp-content\/uploads\/2018\/05\/ayto-pamplona-3.jpg","articleSection":["Ayto Pamplona"],"inLanguage":"es","potentialAction":[{"@type":"CommentAction","name":"Comment","target":["https:\/\/www.laguiadepamplona.com\/actualidad\/este-lunes-comienzan-las-obras-de-reforma-de-los-ascensores-de-descalzos-para-modernizarlos-y-minimizar-las-averias-crecientes-tras-10-anos-de-funcionamiento\/#respond"]}]},{"@type":"WebPage","@id":"https:\/\/www.laguiadepamplona.com\/actualidad\/este-lunes-comienzan-las-obras-de-reforma-de-los-ascensores-de-descalzos-para-modernizarlos-y-minimizar-las-averias-crecientes-tras-10-anos-de-funcionamiento\/","url":"https:\/\/www.laguiadepamplona.com\/actualidad\/este-lunes-comienzan-las-obras-de-reforma-de-los-ascensores-de-descalzos-para-modernizarlos-y-minimizar-las-averias-crecientes-tras-10-anos-de-funcionamiento\/","name":"Este lunes comienzan las obras de reforma de los ascensores de Descalzos para modernizarlos y minimizar las aver\u00edas crecientes tras 10 a\u00f1os de funcionamiento","isPartOf":{"@id":"https:\/\/www.laguiadepamplona.com\/actualidad\/#website"},"primaryImageOfPage":{"@id":"https:\/\/www.laguiadepamplona.com\/actualidad\/este-lunes-comienzan-las-obras-de-reforma-de-los-ascensores-de-descalzos-para-modernizarlos-y-minimizar-las-averias-crecientes-tras-10-anos-de-funcionamiento\/#primaryimage"},"image":{"@id":"https:\/\/www.laguiadepamplona.com\/actualidad\/este-lunes-comienzan-las-obras-de-reforma-de-los-ascensores-de-descalzos-para-modernizarlos-y-minimizar-las-averias-crecientes-tras-10-anos-de-funcionamiento\/#primaryimage"},"thumbnailUrl":"https:\/\/www.laguiadepamplona.com\/actualidad\/wp-content\/uploads\/2018\/05\/ayto-pamplona-3.jpg","datePublished":"2018-10-05T09:41:46+00:00","breadcrumb":{"@id":"https:\/\/www.laguiadepamplona.com\/actualidad\/este-lunes-comienzan-las-obras-de-reforma-de-los-ascensores-de-descalzos-para-modernizarlos-y-minimizar-las-averias-crecientes-tras-10-anos-de-funcionamiento\/#breadcrumb"},"inLanguage":"es","potentialAction":[{"@type":"ReadAction","target":["https:\/\/www.laguiadepamplona.com\/actualidad\/este-lunes-comienzan-las-obras-de-reforma-de-los-ascensores-de-descalzos-para-modernizarlos-y-minimizar-las-averias-crecientes-tras-10-anos-de-funcionamiento\/"]}]},{"@type":"ImageObject","inLanguage":"es","@id":"https:\/\/www.laguiadepamplona.com\/actualidad\/este-lunes-comienzan-las-obras-de-reforma-de-los-ascensores-de-descalzos-para-modernizarlos-y-minimizar-las-averias-crecientes-tras-10-anos-de-funcionamiento\/#primaryimage","url":"https:\/\/www.laguiadepamplona.com\/actualidad\/wp-content\/uploads\/2018\/05\/ayto-pamplona-3.jpg","contentUrl":"https:\/\/www.laguiadepamplona.com\/actualidad\/wp-content\/uploads\/2018\/05\/ayto-pamplona-3.jpg","width":1000,"height":555},{"@type":"BreadcrumbList","@id":"https:\/\/www.laguiadepamplona.com\/actualidad\/este-lunes-comienzan-las-obras-de-reforma-de-los-ascensores-de-descalzos-para-modernizarlos-y-minimizar-las-averias-crecientes-tras-10-anos-de-funcionamiento\/#breadcrumb","itemListElement":[{"@type":"ListItem","position":1,"name":"Portada","item":"https:\/\/www.laguiadepamplona.com\/actualidad\/"},{"@type":"ListItem","position":2,"name":"Este lunes comienzan las obras de reforma de los ascensores de Descalzos para modernizarlos y minimizar las aver\u00edas crecientes tras 10 a\u00f1os de funcionamiento"}]},{"@type":"WebSite","@id":"https:\/\/www.laguiadepamplona.com\/actualidad\/#website","url":"https:\/\/www.laguiadepamplona.com\/actualidad\/","name":"La gu\u00eda de Pamplona","description":"Noticias de Pamplona","publisher":{"@id":"https:\/\/www.laguiadepamplona.com\/actualidad\/#organization"},"potentialAction":[{"@type":"SearchAction","target":{"@type":"EntryPoint","urlTemplate":"https:\/\/www.laguiadepamplona.com\/actualidad\/?s={search_term_string}"},"query-input":{"@type":"PropertyValueSpecification","valueRequired":true,"valueName":"search_term_string"}}],"inLanguage":"es"},{"@type":"Organization","@id":"https:\/\/www.laguiadepamplona.com\/actualidad\/#organization","name":"La Gu\u00eda de Pamplona \/ Noticias","url":"https:\/\/www.laguiadepamplona.com\/actualidad\/","logo":{"@type":"ImageObject","inLanguage":"es","@id":"https:\/\/www.laguiadepamplona.com\/actualidad\/#\/schema\/logo\/image\/","url":"https:\/\/www.laguiadepamplona.com\/actualidad\/wp-content\/uploads\/2018\/11\/logo-laguiadepamplona18-web1.png","contentUrl":"https:\/\/www.laguiadepamplona.com\/actualidad\/wp-content\/uploads\/2018\/11\/logo-laguiadepamplona18-web1.png","width":600,"height":196,"caption":"La Gu\u00eda de Pamplona \/ Noticias"},"image":{"@id":"https:\/\/www.laguiadepamplona.com\/actualidad\/#\/schema\/logo\/image\/"},"sameAs":["https:\/\/www.facebook.com\/laguiadepamplonacom-133175176762273\/?ref=hl","https:\/\/x.com\/LaGuiadPamplona","https:\/\/www.instagram.com\/la_guia_de_pamplona\/","https:\/\/www.youtube.com\/user\/laguiadepamplona"]},{"@type":"Person","@id":"https:\/\/www.laguiadepamplona.com\/actualidad\/#\/schema\/person\/efe887376f0213d4657c93adc50b1fdb","name":"La Gu\u00eda de Pamplona","image":{"@type":"ImageObject","inLanguage":"es","@id":"https:\/\/secure.gravatar.com\/avatar\/b6992f131dc8d30ab0dff15446e9d346d9dbd95992de0fef795073f5ea83a81c?s=96&d=mm&r=g","url":"https:\/\/secure.gravatar.com\/avatar\/b6992f131dc8d30ab0dff15446e9d346d9dbd95992de0fef795073f5ea83a81c?s=96&d=mm&r=g","contentUrl":"https:\/\/secure.gravatar.com\/avatar\/b6992f131dc8d30ab0dff15446e9d346d9dbd95992de0fef795073f5ea83a81c?s=96&d=mm&r=g","caption":"La Gu\u00eda de Pamplona"}}]}},"post_mailing_queue_ids":[],"_links":{"self":[{"href":"https:\/\/www.laguiadepamplona.com\/actualidad\/wp-json\/wp\/v2\/posts\/18900","targetHints":{"allow":["GET"]}}],"collection":[{"href":"https:\/\/www.laguiadepamplona.com\/actualidad\/wp-json\/wp\/v2\/posts"}],"about":[{"href":"https:\/\/www.laguiadepamplona.com\/actualidad\/wp-json\/wp\/v2\/types\/post"}],"author":[{"embeddable":true,"href":"https:\/\/www.laguiadepamplona.com\/actualidad\/wp-json\/wp\/v2\/users\/1"}],"replies":[{"embeddable":true,"href":"https:\/\/www.laguiadepamplona.com\/actualidad\/wp-json\/wp\/v2\/comments?post=18900"}],"version-history":[{"count":0,"href":"https:\/\/www.laguiadepamplona.com\/actualidad\/wp-json\/wp\/v2\/posts\/18900\/revisions"}],"wp:featuredmedia":[{"embeddable":true,"href":"https:\/\/www.laguiadepamplona.com\/actualidad\/wp-json\/wp\/v2\/media\/17600"}],"wp:attachment":[{"href":"https:\/\/www.laguiadepamplona.com\/actualidad\/wp-json\/wp\/v2\/media?parent=18900"}],"wp:term":[{"taxonomy":"category","embeddable":true,"href":"https:\/\/www.laguiadepamplona.com\/actualidad\/wp-json\/wp\/v2\/categories?post=18900"},{"taxonomy":"post_tag","embeddable":true,"href":"https:\/\/www.laguiadepamplona.com\/actualidad\/wp-json\/wp\/v2\/tags?post=18900"}],"curies":[{"name":"wp","href":"https:\/\/api.w.org\/{rel}","templated":true}]}}