{"id":18886,"date":"2018-10-04T11:36:08","date_gmt":"2018-10-04T09:36:08","guid":{"rendered":"https:\/\/www.laguiadepamplona.es\/actualidad\/?p=18886"},"modified":"2018-10-04T11:36:08","modified_gmt":"2018-10-04T09:36:08","slug":"el-milagro-de-la-nina-representa-este-sabado-en-civivox-iturrama-ametsetan-ensuenos-espectaculo-que-combina-teatro-danza-musica-y-audiovisuales","status":"publish","type":"post","link":"https:\/\/www.laguiadepamplona.com\/actualidad\/el-milagro-de-la-nina-representa-este-sabado-en-civivox-iturrama-ametsetan-ensuenos-espectaculo-que-combina-teatro-danza-musica-y-audiovisuales\/","title":{"rendered":"El Milagro de la Ni\u00f1a representa este s\u00e1bado en Civivox Iturrama \u201cAmetsetan (EnSue\u00f1os)\u201d, espect\u00e1culo que combina teatro, danza, m\u00fasica y audiovisuales"},"content":{"rendered":"<h3>Nueva cita con Garaikide, en doble sesi\u00f3n a las 12 y a las 18 horas, con entradas a 3 euros en el propio civivox y en la web municipal de Cultura<\/h3>\n<p><!--more--><\/p>\n<p>\u201cAmetsetan (EnSue\u00f1os)\u201d es la propuesta que Garaikide ha programado para p\u00fablico familiar en esta edici\u00f3n. Se trata de un espect\u00e1culo multidisciplinar a cargo de la compa\u00f1\u00eda El Milagro de la Ni\u00f1a, en colaboraci\u00f3n con el Institut d\u00b4Estudis Balearics, que combina danza, teatro, m\u00fasica original y audiovisuales. Se representar\u00e1 en doble sesi\u00f3n, a las 12 y 18 horas, en Civivox Iturrama. Las entradas se venden al precio de 3 euros en el propio civivox y de forma on line en <a href=\"http:\/\/www.pamplonaescultura.es\/\" target=\"_blank\" rel=\"noopener\">www.pamplonaescultura.es<\/a> \/ <a href=\"http:\/\/www.iru\u00f1akulturada.eus\/\" target=\"_blank\" rel=\"noopener\">www.iru\u00f1akulturada.eus<\/a>.<\/p>\n<p>El montaje crea su propio universo pl\u00e1stico y visual que conecta con los ni\u00f1os y las ni\u00f1as a trav\u00e9s de un argumento sencillo en que una mujer baila su nacimiento al verde mundo. Ella celebra sus manos constructoras que crean una silla&#8230; una casa&#8230; La mujer aprende a conocer el d\u00eda y la noche. El sol, el viento, la lluvia, las semillas y las flores, por medio de su experimentaci\u00f3n en el mundo conoce las emociones y llega a desear otros ojos con quien compartir el jard\u00edn.<\/p>\n<p><script async src=\"\/\/pagead2.googlesyndication.com\/pagead\/js\/adsbygoogle.js\"><\/script><br \/>\n<!-- Noticias La Guia de Pamplona --><br \/>\n<ins class=\"adsbygoogle\"\nstyle=\"display:block\"\ndata-ad-client=\"ca-pub-6943679897239327\"\ndata-ad-slot=\"7048180777\"\ndata-ad-format=\"auto\"><\/ins><br \/>\n<script>\n(adsbygoogle = window.adsbygoogle || []).push({});\n<\/script><\/p>\n<p>Esta obra nace de la observaci\u00f3n de un bebe en el \u00faltimo mes de gestaci\u00f3n y pretende introducir a los ni\u00f1os y ni\u00f1as en el lenguaje abstracto de la danza y de la pl\u00e1stica. La idea es trabajar el cuerpo como en el teatro-danza hind\u00fa, de modo que cada movimiento est\u00e1 conectado con una imagen o un concepto real. De esta forma, la danza se origina a partir de una estilizaci\u00f3n de un movimiento cotidiano y puede codificarse con facilidad para el p\u00fablico, que es capaz de captar la narrativa de la historia a trav\u00e9s de la danza. La versi\u00f3n en euskera de esta obra se estren\u00f3 en mayo de 2015 en Durango, en el teatro San Agustin Kulturgunea, y fue traducida por Arkaitz Zarraga, fil\u00f3logo y profesor de euskera, experto en glotodid\u00e1ctica.<\/p>\n<p>La autora, directora y actriz de este espect\u00e1culo es In\u00e9s Sarmiento, que desde 2006 trabaja con el nombre art\u00edstico de El Milagro de la Ni\u00f1a. Desde el comienzo, la compa\u00f1\u00eda tiene una doble faceta. Por una parte, ser un grupo de teatro infantil creando espect\u00e1culos y talleres; y por otra, generar piezas teatrales y performances para personas adultas en los que expresar su particular visi\u00f3n po\u00e9tica. Una de las caracter\u00edsticas m\u00e1s destacada de \u201cAmetsetan (EnSue\u00f1os)\u201d es la m\u00fasica de creaci\u00f3n original de David Arcos, que crea un universo sonoro en el que se fusionan m\u00fasica hind\u00fa con sonidos reales.<\/p>\n<p>&nbsp;<\/p>\n<p><strong>Garaikide. Muestra de expresi\u00f3n art\u00edstica contempor\u00e1nea en euskera<\/strong><\/p>\n<ul>\n<li><strong>S\u00e1bado 6 de octubre, 12 y 18 horas. Civivox Iturrama<\/strong>\n<ul>\n<li><strong>Ametsetan (EnSue\u00f1os)<\/strong><\/li>\n<li>El Milagro de la Ni\u00f1a. Espect\u00e1culo familiar dirigido a mayores de 3 a\u00f1os. Teatro, danza, m\u00fasica, audiovisuales. Entrada: 3 \u20ac<\/li>\n<\/ul>\n<\/li>\n<li><strong>Mi\u00e9rcoles 10 de octubre, 20 horas. Sala G\u00f3tica de Civivox Condestable<\/strong>\n<ul>\n<li><strong>Tomiris<\/strong><\/li>\n<li>ATX Teatroa. Teatro. Entrada: 3 \u20ac<\/li>\n<\/ul>\n<\/li>\n<li><strong>Lunes 15 de octubre, 21 horas. Sala G\u00f3tica de Civivox Condestable<\/strong>\n<ul>\n<li><strong>Agur eta dolore <\/strong><\/li>\n<li>Ttak! Konpainia. Teatro. Entrada: 3 \u20ac<\/li>\n<\/ul>\n<\/li>\n<li><strong>Mi\u00e9rcoles 17 de octubre, 20 horas. <\/strong><strong>Civivox Mendillorri<\/strong>\n<ul>\n<li><strong>The Endgame<\/strong><\/li>\n<li>Lokke \/ Olatz de Andr\u00e9s. Danza contempor\u00e1nea. Entrada: 6 \u20ac<\/li>\n<\/ul>\n<\/li>\n<li><strong>Mi\u00e9rcoles 24 de octubre, 20 horas. Teatro Gayarre <\/strong>\n<ul>\n<li><strong>Ele!!! Lauaxeta-Lorca<\/strong><\/li>\n<li>Jon Maia, Ana Salazar, Gorka Hermosa, Jes\u00fas Prieto \u2018Pitti\u2019. En colaboraci\u00f3n con Fundaci\u00f3n Teatro Gayarre. Teatro, m\u00fasica, danza. Entrada: 8 \u20ac<\/li>\n<\/ul>\n<\/li>\n<li><strong>Domingo 28 de octubre, 19 horas. Civivox Iturrama<\/strong>\n<ul>\n<li><strong>Baserri<\/strong><\/li>\n<li>Proyecto Larrua. Danza contempor\u00e1nea. Entrada: 6 \u20ac<\/li>\n<\/ul>\n<\/li>\n<\/ul>\n<p>&nbsp;<\/p>\n","protected":false},"excerpt":{"rendered":"<p>Nueva cita con Garaikide, en doble sesi\u00f3n a las 12 y a las 18 horas, con entradas a 3 euros en el propio civivox y en la web municipal de&#8230;<\/p>\n","protected":false},"author":1,"featured_media":18887,"comment_status":"open","ping_status":"closed","sticky":false,"template":"","format":"standard","meta":{"footnotes":""},"categories":[2],"tags":[],"class_list":["post-18886","post","type-post","status-publish","format-standard","has-post-thumbnail","hentry","category-ayuntamiento-pamplona"],"yoast_head":"<!-- This site is optimized with the Yoast SEO plugin v27.9 - https:\/\/yoast.com\/product\/yoast-seo-wordpress\/ -->\n<title>El Milagro de la Ni\u00f1a representa este s\u00e1bado en Civivox Iturrama \u201cAmetsetan (EnSue\u00f1os)\u201d, espect\u00e1culo que combina teatro, danza, m\u00fasica y audiovisuales<\/title>\n<meta name=\"robots\" content=\"index, follow, max-snippet:-1, max-image-preview:large, max-video-preview:-1\" \/>\n<link rel=\"canonical\" href=\"https:\/\/www.laguiadepamplona.com\/actualidad\/el-milagro-de-la-nina-representa-este-sabado-en-civivox-iturrama-ametsetan-ensuenos-espectaculo-que-combina-teatro-danza-musica-y-audiovisuales\/\" \/>\n<meta property=\"og:locale\" content=\"es_ES\" \/>\n<meta property=\"og:type\" content=\"article\" \/>\n<meta property=\"og:title\" content=\"El Milagro de la Ni\u00f1a representa este s\u00e1bado en Civivox Iturrama \u201cAmetsetan (EnSue\u00f1os)\u201d, espect\u00e1culo que combina teatro, danza, m\u00fasica y audiovisuales\" \/>\n<meta property=\"og:description\" content=\"Nueva cita con Garaikide, en doble sesi\u00f3n a las 12 y a las 18 horas, con entradas a 3 euros en el propio civivox y en la web municipal de...\" \/>\n<meta property=\"og:url\" content=\"https:\/\/www.laguiadepamplona.com\/actualidad\/el-milagro-de-la-nina-representa-este-sabado-en-civivox-iturrama-ametsetan-ensuenos-espectaculo-que-combina-teatro-danza-musica-y-audiovisuales\/\" \/>\n<meta property=\"og:site_name\" content=\"La Gu\u00eda de Pamplona Noticias y actualidad\" \/>\n<meta property=\"article:publisher\" content=\"https:\/\/www.facebook.com\/laguiadepamplonacom-133175176762273\/?ref=hl\" \/>\n<meta property=\"article:published_time\" content=\"2018-10-04T09:36:08+00:00\" \/>\n<meta property=\"og:image\" content=\"https:\/\/www.laguiadepamplona.com\/actualidad\/wp-content\/uploads\/2018\/10\/civivox-iturrama.jpg\" \/>\n\t<meta property=\"og:image:width\" content=\"1000\" \/>\n\t<meta property=\"og:image:height\" content=\"563\" \/>\n\t<meta property=\"og:image:type\" content=\"image\/jpeg\" \/>\n<meta name=\"author\" content=\"La Gu\u00eda de Pamplona\" \/>\n<meta name=\"twitter:card\" content=\"summary_large_image\" \/>\n<meta name=\"twitter:creator\" content=\"@LaGuiadPamplona\" \/>\n<meta name=\"twitter:site\" content=\"@LaGuiadPamplona\" \/>\n<meta name=\"twitter:label1\" content=\"Escrito por\" \/>\n\t<meta name=\"twitter:data1\" content=\"La Gu\u00eda de Pamplona\" \/>\n\t<meta name=\"twitter:label2\" content=\"Tiempo de lectura\" \/>\n\t<meta name=\"twitter:data2\" content=\"3 minutos\" \/>\n<script type=\"application\/ld+json\" class=\"yoast-schema-graph\">{\"@context\":\"https:\\\/\\\/schema.org\",\"@graph\":[{\"@type\":\"Article\",\"@id\":\"https:\\\/\\\/www.laguiadepamplona.com\\\/actualidad\\\/el-milagro-de-la-nina-representa-este-sabado-en-civivox-iturrama-ametsetan-ensuenos-espectaculo-que-combina-teatro-danza-musica-y-audiovisuales\\\/#article\",\"isPartOf\":{\"@id\":\"https:\\\/\\\/www.laguiadepamplona.com\\\/actualidad\\\/el-milagro-de-la-nina-representa-este-sabado-en-civivox-iturrama-ametsetan-ensuenos-espectaculo-que-combina-teatro-danza-musica-y-audiovisuales\\\/\"},\"author\":{\"name\":\"La Gu\u00eda de Pamplona\",\"@id\":\"https:\\\/\\\/www.laguiadepamplona.com\\\/actualidad\\\/#\\\/schema\\\/person\\\/efe887376f0213d4657c93adc50b1fdb\"},\"headline\":\"El Milagro de la Ni\u00f1a representa este s\u00e1bado en Civivox Iturrama \u201cAmetsetan (EnSue\u00f1os)\u201d, espect\u00e1culo que combina teatro, danza, m\u00fasica y audiovisuales\",\"datePublished\":\"2018-10-04T09:36:08+00:00\",\"mainEntityOfPage\":{\"@id\":\"https:\\\/\\\/www.laguiadepamplona.com\\\/actualidad\\\/el-milagro-de-la-nina-representa-este-sabado-en-civivox-iturrama-ametsetan-ensuenos-espectaculo-que-combina-teatro-danza-musica-y-audiovisuales\\\/\"},\"wordCount\":638,\"commentCount\":0,\"publisher\":{\"@id\":\"https:\\\/\\\/www.laguiadepamplona.com\\\/actualidad\\\/#organization\"},\"image\":{\"@id\":\"https:\\\/\\\/www.laguiadepamplona.com\\\/actualidad\\\/el-milagro-de-la-nina-representa-este-sabado-en-civivox-iturrama-ametsetan-ensuenos-espectaculo-que-combina-teatro-danza-musica-y-audiovisuales\\\/#primaryimage\"},\"thumbnailUrl\":\"https:\\\/\\\/www.laguiadepamplona.com\\\/actualidad\\\/wp-content\\\/uploads\\\/2018\\\/10\\\/civivox-iturrama.jpg\",\"articleSection\":[\"Ayto Pamplona\"],\"inLanguage\":\"es\",\"potentialAction\":[{\"@type\":\"CommentAction\",\"name\":\"Comment\",\"target\":[\"https:\\\/\\\/www.laguiadepamplona.com\\\/actualidad\\\/el-milagro-de-la-nina-representa-este-sabado-en-civivox-iturrama-ametsetan-ensuenos-espectaculo-que-combina-teatro-danza-musica-y-audiovisuales\\\/#respond\"]}]},{\"@type\":\"WebPage\",\"@id\":\"https:\\\/\\\/www.laguiadepamplona.com\\\/actualidad\\\/el-milagro-de-la-nina-representa-este-sabado-en-civivox-iturrama-ametsetan-ensuenos-espectaculo-que-combina-teatro-danza-musica-y-audiovisuales\\\/\",\"url\":\"https:\\\/\\\/www.laguiadepamplona.com\\\/actualidad\\\/el-milagro-de-la-nina-representa-este-sabado-en-civivox-iturrama-ametsetan-ensuenos-espectaculo-que-combina-teatro-danza-musica-y-audiovisuales\\\/\",\"name\":\"El Milagro de la Ni\u00f1a representa este s\u00e1bado en Civivox Iturrama \u201cAmetsetan (EnSue\u00f1os)\u201d, espect\u00e1culo que combina teatro, danza, m\u00fasica y audiovisuales\",\"isPartOf\":{\"@id\":\"https:\\\/\\\/www.laguiadepamplona.com\\\/actualidad\\\/#website\"},\"primaryImageOfPage\":{\"@id\":\"https:\\\/\\\/www.laguiadepamplona.com\\\/actualidad\\\/el-milagro-de-la-nina-representa-este-sabado-en-civivox-iturrama-ametsetan-ensuenos-espectaculo-que-combina-teatro-danza-musica-y-audiovisuales\\\/#primaryimage\"},\"image\":{\"@id\":\"https:\\\/\\\/www.laguiadepamplona.com\\\/actualidad\\\/el-milagro-de-la-nina-representa-este-sabado-en-civivox-iturrama-ametsetan-ensuenos-espectaculo-que-combina-teatro-danza-musica-y-audiovisuales\\\/#primaryimage\"},\"thumbnailUrl\":\"https:\\\/\\\/www.laguiadepamplona.com\\\/actualidad\\\/wp-content\\\/uploads\\\/2018\\\/10\\\/civivox-iturrama.jpg\",\"datePublished\":\"2018-10-04T09:36:08+00:00\",\"breadcrumb\":{\"@id\":\"https:\\\/\\\/www.laguiadepamplona.com\\\/actualidad\\\/el-milagro-de-la-nina-representa-este-sabado-en-civivox-iturrama-ametsetan-ensuenos-espectaculo-que-combina-teatro-danza-musica-y-audiovisuales\\\/#breadcrumb\"},\"inLanguage\":\"es\",\"potentialAction\":[{\"@type\":\"ReadAction\",\"target\":[\"https:\\\/\\\/www.laguiadepamplona.com\\\/actualidad\\\/el-milagro-de-la-nina-representa-este-sabado-en-civivox-iturrama-ametsetan-ensuenos-espectaculo-que-combina-teatro-danza-musica-y-audiovisuales\\\/\"]}]},{\"@type\":\"ImageObject\",\"inLanguage\":\"es\",\"@id\":\"https:\\\/\\\/www.laguiadepamplona.com\\\/actualidad\\\/el-milagro-de-la-nina-representa-este-sabado-en-civivox-iturrama-ametsetan-ensuenos-espectaculo-que-combina-teatro-danza-musica-y-audiovisuales\\\/#primaryimage\",\"url\":\"https:\\\/\\\/www.laguiadepamplona.com\\\/actualidad\\\/wp-content\\\/uploads\\\/2018\\\/10\\\/civivox-iturrama.jpg\",\"contentUrl\":\"https:\\\/\\\/www.laguiadepamplona.com\\\/actualidad\\\/wp-content\\\/uploads\\\/2018\\\/10\\\/civivox-iturrama.jpg\",\"width\":1000,\"height\":563},{\"@type\":\"BreadcrumbList\",\"@id\":\"https:\\\/\\\/www.laguiadepamplona.com\\\/actualidad\\\/el-milagro-de-la-nina-representa-este-sabado-en-civivox-iturrama-ametsetan-ensuenos-espectaculo-que-combina-teatro-danza-musica-y-audiovisuales\\\/#breadcrumb\",\"itemListElement\":[{\"@type\":\"ListItem\",\"position\":1,\"name\":\"Portada\",\"item\":\"https:\\\/\\\/www.laguiadepamplona.com\\\/actualidad\\\/\"},{\"@type\":\"ListItem\",\"position\":2,\"name\":\"El Milagro de la Ni\u00f1a representa este s\u00e1bado en Civivox Iturrama \u201cAmetsetan (EnSue\u00f1os)\u201d, espect\u00e1culo que combina teatro, danza, m\u00fasica y audiovisuales\"}]},{\"@type\":\"WebSite\",\"@id\":\"https:\\\/\\\/www.laguiadepamplona.com\\\/actualidad\\\/#website\",\"url\":\"https:\\\/\\\/www.laguiadepamplona.com\\\/actualidad\\\/\",\"name\":\"La gu\u00eda de Pamplona\",\"description\":\"Noticias de Pamplona\",\"publisher\":{\"@id\":\"https:\\\/\\\/www.laguiadepamplona.com\\\/actualidad\\\/#organization\"},\"potentialAction\":[{\"@type\":\"SearchAction\",\"target\":{\"@type\":\"EntryPoint\",\"urlTemplate\":\"https:\\\/\\\/www.laguiadepamplona.com\\\/actualidad\\\/?s={search_term_string}\"},\"query-input\":{\"@type\":\"PropertyValueSpecification\",\"valueRequired\":true,\"valueName\":\"search_term_string\"}}],\"inLanguage\":\"es\"},{\"@type\":\"Organization\",\"@id\":\"https:\\\/\\\/www.laguiadepamplona.com\\\/actualidad\\\/#organization\",\"name\":\"La Gu\u00eda de Pamplona \\\/ Noticias\",\"url\":\"https:\\\/\\\/www.laguiadepamplona.com\\\/actualidad\\\/\",\"logo\":{\"@type\":\"ImageObject\",\"inLanguage\":\"es\",\"@id\":\"https:\\\/\\\/www.laguiadepamplona.com\\\/actualidad\\\/#\\\/schema\\\/logo\\\/image\\\/\",\"url\":\"https:\\\/\\\/www.laguiadepamplona.com\\\/actualidad\\\/wp-content\\\/uploads\\\/2018\\\/11\\\/logo-laguiadepamplona18-web1.png\",\"contentUrl\":\"https:\\\/\\\/www.laguiadepamplona.com\\\/actualidad\\\/wp-content\\\/uploads\\\/2018\\\/11\\\/logo-laguiadepamplona18-web1.png\",\"width\":600,\"height\":196,\"caption\":\"La Gu\u00eda de Pamplona \\\/ Noticias\"},\"image\":{\"@id\":\"https:\\\/\\\/www.laguiadepamplona.com\\\/actualidad\\\/#\\\/schema\\\/logo\\\/image\\\/\"},\"sameAs\":[\"https:\\\/\\\/www.facebook.com\\\/laguiadepamplonacom-133175176762273\\\/?ref=hl\",\"https:\\\/\\\/x.com\\\/LaGuiadPamplona\",\"https:\\\/\\\/www.instagram.com\\\/la_guia_de_pamplona\\\/\",\"https:\\\/\\\/www.youtube.com\\\/user\\\/laguiadepamplona\"]},{\"@type\":\"Person\",\"@id\":\"https:\\\/\\\/www.laguiadepamplona.com\\\/actualidad\\\/#\\\/schema\\\/person\\\/efe887376f0213d4657c93adc50b1fdb\",\"name\":\"La Gu\u00eda de Pamplona\",\"image\":{\"@type\":\"ImageObject\",\"inLanguage\":\"es\",\"@id\":\"https:\\\/\\\/secure.gravatar.com\\\/avatar\\\/b6992f131dc8d30ab0dff15446e9d346d9dbd95992de0fef795073f5ea83a81c?s=96&d=mm&r=g\",\"url\":\"https:\\\/\\\/secure.gravatar.com\\\/avatar\\\/b6992f131dc8d30ab0dff15446e9d346d9dbd95992de0fef795073f5ea83a81c?s=96&d=mm&r=g\",\"contentUrl\":\"https:\\\/\\\/secure.gravatar.com\\\/avatar\\\/b6992f131dc8d30ab0dff15446e9d346d9dbd95992de0fef795073f5ea83a81c?s=96&d=mm&r=g\",\"caption\":\"La Gu\u00eda de Pamplona\"}}]}<\/script>\n<!-- \/ Yoast SEO plugin. -->","yoast_head_json":{"title":"El Milagro de la Ni\u00f1a representa este s\u00e1bado en Civivox Iturrama \u201cAmetsetan (EnSue\u00f1os)\u201d, espect\u00e1culo que combina teatro, danza, m\u00fasica y audiovisuales","robots":{"index":"index","follow":"follow","max-snippet":"max-snippet:-1","max-image-preview":"max-image-preview:large","max-video-preview":"max-video-preview:-1"},"canonical":"https:\/\/www.laguiadepamplona.com\/actualidad\/el-milagro-de-la-nina-representa-este-sabado-en-civivox-iturrama-ametsetan-ensuenos-espectaculo-que-combina-teatro-danza-musica-y-audiovisuales\/","og_locale":"es_ES","og_type":"article","og_title":"El Milagro de la Ni\u00f1a representa este s\u00e1bado en Civivox Iturrama \u201cAmetsetan (EnSue\u00f1os)\u201d, espect\u00e1culo que combina teatro, danza, m\u00fasica y audiovisuales","og_description":"Nueva cita con Garaikide, en doble sesi\u00f3n a las 12 y a las 18 horas, con entradas a 3 euros en el propio civivox y en la web municipal de...","og_url":"https:\/\/www.laguiadepamplona.com\/actualidad\/el-milagro-de-la-nina-representa-este-sabado-en-civivox-iturrama-ametsetan-ensuenos-espectaculo-que-combina-teatro-danza-musica-y-audiovisuales\/","og_site_name":"La Gu\u00eda de Pamplona Noticias y actualidad","article_publisher":"https:\/\/www.facebook.com\/laguiadepamplonacom-133175176762273\/?ref=hl","article_published_time":"2018-10-04T09:36:08+00:00","og_image":[{"width":1000,"height":563,"url":"https:\/\/www.laguiadepamplona.com\/actualidad\/wp-content\/uploads\/2018\/10\/civivox-iturrama.jpg","type":"image\/jpeg"}],"author":"La Gu\u00eda de Pamplona","twitter_card":"summary_large_image","twitter_creator":"@LaGuiadPamplona","twitter_site":"@LaGuiadPamplona","twitter_misc":{"Escrito por":"La Gu\u00eda de Pamplona","Tiempo de lectura":"3 minutos"},"schema":{"@context":"https:\/\/schema.org","@graph":[{"@type":"Article","@id":"https:\/\/www.laguiadepamplona.com\/actualidad\/el-milagro-de-la-nina-representa-este-sabado-en-civivox-iturrama-ametsetan-ensuenos-espectaculo-que-combina-teatro-danza-musica-y-audiovisuales\/#article","isPartOf":{"@id":"https:\/\/www.laguiadepamplona.com\/actualidad\/el-milagro-de-la-nina-representa-este-sabado-en-civivox-iturrama-ametsetan-ensuenos-espectaculo-que-combina-teatro-danza-musica-y-audiovisuales\/"},"author":{"name":"La Gu\u00eda de Pamplona","@id":"https:\/\/www.laguiadepamplona.com\/actualidad\/#\/schema\/person\/efe887376f0213d4657c93adc50b1fdb"},"headline":"El Milagro de la Ni\u00f1a representa este s\u00e1bado en Civivox Iturrama \u201cAmetsetan (EnSue\u00f1os)\u201d, espect\u00e1culo que combina teatro, danza, m\u00fasica y audiovisuales","datePublished":"2018-10-04T09:36:08+00:00","mainEntityOfPage":{"@id":"https:\/\/www.laguiadepamplona.com\/actualidad\/el-milagro-de-la-nina-representa-este-sabado-en-civivox-iturrama-ametsetan-ensuenos-espectaculo-que-combina-teatro-danza-musica-y-audiovisuales\/"},"wordCount":638,"commentCount":0,"publisher":{"@id":"https:\/\/www.laguiadepamplona.com\/actualidad\/#organization"},"image":{"@id":"https:\/\/www.laguiadepamplona.com\/actualidad\/el-milagro-de-la-nina-representa-este-sabado-en-civivox-iturrama-ametsetan-ensuenos-espectaculo-que-combina-teatro-danza-musica-y-audiovisuales\/#primaryimage"},"thumbnailUrl":"https:\/\/www.laguiadepamplona.com\/actualidad\/wp-content\/uploads\/2018\/10\/civivox-iturrama.jpg","articleSection":["Ayto Pamplona"],"inLanguage":"es","potentialAction":[{"@type":"CommentAction","name":"Comment","target":["https:\/\/www.laguiadepamplona.com\/actualidad\/el-milagro-de-la-nina-representa-este-sabado-en-civivox-iturrama-ametsetan-ensuenos-espectaculo-que-combina-teatro-danza-musica-y-audiovisuales\/#respond"]}]},{"@type":"WebPage","@id":"https:\/\/www.laguiadepamplona.com\/actualidad\/el-milagro-de-la-nina-representa-este-sabado-en-civivox-iturrama-ametsetan-ensuenos-espectaculo-que-combina-teatro-danza-musica-y-audiovisuales\/","url":"https:\/\/www.laguiadepamplona.com\/actualidad\/el-milagro-de-la-nina-representa-este-sabado-en-civivox-iturrama-ametsetan-ensuenos-espectaculo-que-combina-teatro-danza-musica-y-audiovisuales\/","name":"El Milagro de la Ni\u00f1a representa este s\u00e1bado en Civivox Iturrama \u201cAmetsetan (EnSue\u00f1os)\u201d, espect\u00e1culo que combina teatro, danza, m\u00fasica y audiovisuales","isPartOf":{"@id":"https:\/\/www.laguiadepamplona.com\/actualidad\/#website"},"primaryImageOfPage":{"@id":"https:\/\/www.laguiadepamplona.com\/actualidad\/el-milagro-de-la-nina-representa-este-sabado-en-civivox-iturrama-ametsetan-ensuenos-espectaculo-que-combina-teatro-danza-musica-y-audiovisuales\/#primaryimage"},"image":{"@id":"https:\/\/www.laguiadepamplona.com\/actualidad\/el-milagro-de-la-nina-representa-este-sabado-en-civivox-iturrama-ametsetan-ensuenos-espectaculo-que-combina-teatro-danza-musica-y-audiovisuales\/#primaryimage"},"thumbnailUrl":"https:\/\/www.laguiadepamplona.com\/actualidad\/wp-content\/uploads\/2018\/10\/civivox-iturrama.jpg","datePublished":"2018-10-04T09:36:08+00:00","breadcrumb":{"@id":"https:\/\/www.laguiadepamplona.com\/actualidad\/el-milagro-de-la-nina-representa-este-sabado-en-civivox-iturrama-ametsetan-ensuenos-espectaculo-que-combina-teatro-danza-musica-y-audiovisuales\/#breadcrumb"},"inLanguage":"es","potentialAction":[{"@type":"ReadAction","target":["https:\/\/www.laguiadepamplona.com\/actualidad\/el-milagro-de-la-nina-representa-este-sabado-en-civivox-iturrama-ametsetan-ensuenos-espectaculo-que-combina-teatro-danza-musica-y-audiovisuales\/"]}]},{"@type":"ImageObject","inLanguage":"es","@id":"https:\/\/www.laguiadepamplona.com\/actualidad\/el-milagro-de-la-nina-representa-este-sabado-en-civivox-iturrama-ametsetan-ensuenos-espectaculo-que-combina-teatro-danza-musica-y-audiovisuales\/#primaryimage","url":"https:\/\/www.laguiadepamplona.com\/actualidad\/wp-content\/uploads\/2018\/10\/civivox-iturrama.jpg","contentUrl":"https:\/\/www.laguiadepamplona.com\/actualidad\/wp-content\/uploads\/2018\/10\/civivox-iturrama.jpg","width":1000,"height":563},{"@type":"BreadcrumbList","@id":"https:\/\/www.laguiadepamplona.com\/actualidad\/el-milagro-de-la-nina-representa-este-sabado-en-civivox-iturrama-ametsetan-ensuenos-espectaculo-que-combina-teatro-danza-musica-y-audiovisuales\/#breadcrumb","itemListElement":[{"@type":"ListItem","position":1,"name":"Portada","item":"https:\/\/www.laguiadepamplona.com\/actualidad\/"},{"@type":"ListItem","position":2,"name":"El Milagro de la Ni\u00f1a representa este s\u00e1bado en Civivox Iturrama \u201cAmetsetan (EnSue\u00f1os)\u201d, espect\u00e1culo que combina teatro, danza, m\u00fasica y audiovisuales"}]},{"@type":"WebSite","@id":"https:\/\/www.laguiadepamplona.com\/actualidad\/#website","url":"https:\/\/www.laguiadepamplona.com\/actualidad\/","name":"La gu\u00eda de Pamplona","description":"Noticias de Pamplona","publisher":{"@id":"https:\/\/www.laguiadepamplona.com\/actualidad\/#organization"},"potentialAction":[{"@type":"SearchAction","target":{"@type":"EntryPoint","urlTemplate":"https:\/\/www.laguiadepamplona.com\/actualidad\/?s={search_term_string}"},"query-input":{"@type":"PropertyValueSpecification","valueRequired":true,"valueName":"search_term_string"}}],"inLanguage":"es"},{"@type":"Organization","@id":"https:\/\/www.laguiadepamplona.com\/actualidad\/#organization","name":"La Gu\u00eda de Pamplona \/ Noticias","url":"https:\/\/www.laguiadepamplona.com\/actualidad\/","logo":{"@type":"ImageObject","inLanguage":"es","@id":"https:\/\/www.laguiadepamplona.com\/actualidad\/#\/schema\/logo\/image\/","url":"https:\/\/www.laguiadepamplona.com\/actualidad\/wp-content\/uploads\/2018\/11\/logo-laguiadepamplona18-web1.png","contentUrl":"https:\/\/www.laguiadepamplona.com\/actualidad\/wp-content\/uploads\/2018\/11\/logo-laguiadepamplona18-web1.png","width":600,"height":196,"caption":"La Gu\u00eda de Pamplona \/ Noticias"},"image":{"@id":"https:\/\/www.laguiadepamplona.com\/actualidad\/#\/schema\/logo\/image\/"},"sameAs":["https:\/\/www.facebook.com\/laguiadepamplonacom-133175176762273\/?ref=hl","https:\/\/x.com\/LaGuiadPamplona","https:\/\/www.instagram.com\/la_guia_de_pamplona\/","https:\/\/www.youtube.com\/user\/laguiadepamplona"]},{"@type":"Person","@id":"https:\/\/www.laguiadepamplona.com\/actualidad\/#\/schema\/person\/efe887376f0213d4657c93adc50b1fdb","name":"La Gu\u00eda de Pamplona","image":{"@type":"ImageObject","inLanguage":"es","@id":"https:\/\/secure.gravatar.com\/avatar\/b6992f131dc8d30ab0dff15446e9d346d9dbd95992de0fef795073f5ea83a81c?s=96&d=mm&r=g","url":"https:\/\/secure.gravatar.com\/avatar\/b6992f131dc8d30ab0dff15446e9d346d9dbd95992de0fef795073f5ea83a81c?s=96&d=mm&r=g","contentUrl":"https:\/\/secure.gravatar.com\/avatar\/b6992f131dc8d30ab0dff15446e9d346d9dbd95992de0fef795073f5ea83a81c?s=96&d=mm&r=g","caption":"La Gu\u00eda de Pamplona"}}]}},"post_mailing_queue_ids":[],"_links":{"self":[{"href":"https:\/\/www.laguiadepamplona.com\/actualidad\/wp-json\/wp\/v2\/posts\/18886","targetHints":{"allow":["GET"]}}],"collection":[{"href":"https:\/\/www.laguiadepamplona.com\/actualidad\/wp-json\/wp\/v2\/posts"}],"about":[{"href":"https:\/\/www.laguiadepamplona.com\/actualidad\/wp-json\/wp\/v2\/types\/post"}],"author":[{"embeddable":true,"href":"https:\/\/www.laguiadepamplona.com\/actualidad\/wp-json\/wp\/v2\/users\/1"}],"replies":[{"embeddable":true,"href":"https:\/\/www.laguiadepamplona.com\/actualidad\/wp-json\/wp\/v2\/comments?post=18886"}],"version-history":[{"count":0,"href":"https:\/\/www.laguiadepamplona.com\/actualidad\/wp-json\/wp\/v2\/posts\/18886\/revisions"}],"wp:featuredmedia":[{"embeddable":true,"href":"https:\/\/www.laguiadepamplona.com\/actualidad\/wp-json\/wp\/v2\/media\/18887"}],"wp:attachment":[{"href":"https:\/\/www.laguiadepamplona.com\/actualidad\/wp-json\/wp\/v2\/media?parent=18886"}],"wp:term":[{"taxonomy":"category","embeddable":true,"href":"https:\/\/www.laguiadepamplona.com\/actualidad\/wp-json\/wp\/v2\/categories?post=18886"},{"taxonomy":"post_tag","embeddable":true,"href":"https:\/\/www.laguiadepamplona.com\/actualidad\/wp-json\/wp\/v2\/tags?post=18886"}],"curies":[{"name":"wp","href":"https:\/\/api.w.org\/{rel}","templated":true}]}}