{"id":18878,"date":"2018-10-03T16:17:08","date_gmt":"2018-10-03T14:17:08","guid":{"rendered":"https:\/\/www.laguiadepamplona.es\/actualidad\/?p=18878"},"modified":"2018-10-03T16:17:08","modified_gmt":"2018-10-03T14:17:08","slug":"un-informe-pone-en-duda-la-resistencia-de-la-pasarela-del-labrit-y-alerta-de-que-no-fue-ejecutada-de-acuerdo-a-la-documentacion-existente-en-el-ayuntamiento","status":"publish","type":"post","link":"https:\/\/www.laguiadepamplona.com\/actualidad\/un-informe-pone-en-duda-la-resistencia-de-la-pasarela-del-labrit-y-alerta-de-que-no-fue-ejecutada-de-acuerdo-a-la-documentacion-existente-en-el-ayuntamiento\/","title":{"rendered":"Un informe pone en duda la resistencia de la pasarela del Labrit y alerta de que no fue ejecutada de acuerdo a la documentaci\u00f3n existente en el Ayuntamiento"},"content":{"rendered":"<h3>El trabajo, expuesto hoy en comisi\u00f3n, habla tambi\u00e9n de carencias en el sistema de drenaje y concluye que la estructura debe permanecer cerrada<\/h3>\n<p><!--more--><\/p>\n<p>Las conclusiones preliminares del segundo informe encargado por el Ayuntamiento de Pamplona sobre la pasarela del Labrit alertan de que esta infraestructura no fue ejecutada de acuerdo a la documentaci\u00f3n existente en el Consistorio y a\u00f1aden que, a d\u00eda de hoy, existen serias dudas sobre la capacidad de resistencia (capacidad portante) de la pasarela y que, en consecuencia, debe permanecer cerrada hasta que se defina la mejor forma de repararla. Tanto la forma en la que se ha redactado este informe como la empresa que lo ha llevado a cabo (Consultor\u00eda de Estructuras de Ingenier\u00eda Civil y Edificaci\u00f3n IDEAM) y la metodolog\u00eda empleada han sido consensuadas con los agentes implicados: el Ayuntamiento de Pamplona, el equipo de arquitectos e ingenieros que redact\u00f3 el proyecto e hizo el seguimiento de las obras y la empresa que llev\u00f3 a cabo los trabajos de construcci\u00f3n. El avance de este informe, que oficialmente ser\u00e1 entregado esta misma semana al Ayuntamiento, ha sido presentado hoy en la Comisi\u00f3n de Urbanismo por el concejal delegado de Ciudad Habitable y Vivienda, Joxe Abaurrea, y la directora de Conservaci\u00f3n Urbana y Proyectos, Cristina Arregi.<\/p>\n<p>El trabajo realizado por la consultor\u00eda IDEAM se\u00f1ala que el principal da\u00f1o que presenta la estructura se corresponde con la corrosi\u00f3n generalizada de los elementos met\u00e1licos situados entre el pavimento de madera y las chapas del cierre inferior de la pasarela, especialmente estas \u00faltimas. El origen estar\u00eda en la carencia de un sistema de drenaje adecuado que favorece la acumulaci\u00f3n de agua de lluvia y de restos de suciedad.<\/p>\n<p><strong>El c\u00e1lculo te\u00f3rico de la resistencia podr\u00eda no corresponder con lo ejecutado<\/strong><\/p>\n<p>Adem\u00e1s, se han detectado defectos de soldaduras y de continuidad de elementos y el proyecto de ejecuci\u00f3n carece del grado suficiente de detalle para definir t\u00e9cnicamente la pasarela. La documentaci\u00f3n de obra no afina aspectos importantes y la pasarela realmente ejecutada no coincide con la documentaci\u00f3n existente en el \u00c1rea de Ciudad Habitable y Vivienda. En este sentido, seg\u00fan lo explicado, los modelos elaborados para el c\u00e1lculo de la estructura podr\u00edan no representar adecuadamente el comportamiento real de lo ejecutado. De hecho, la documentaci\u00f3n gr\u00e1fica de la obra revela una incorrecta ejecuci\u00f3n de algunos puntos cr\u00edticos de la pasarela como los micropilotes o la colocaci\u00f3n de la armadura del encepado, ambos del sistema de cimentaci\u00f3n.<\/p>\n<p>La pasarela del Labrit se abri\u00f3 al p\u00fablico en diciembre de 2010 y comunica peatonalmente el Baluarte del Labrit con el parque de la Media Luna. Tiene 73,5 metros de longitud, una forma de \u2018Y griega\u2019 y un peso que supera las 125 Tm. El dise\u00f1o fue adjudicado por concurso al equipo constituido por Boreas Nuevas Tecnolog\u00edas S.L., \u00d3scar P\u00e9rez Silanes, Carlos Pereda Iglesias e Ignacio Olite Lumbreras. La construcci\u00f3n de la pasarela la llev\u00f3 a cabo Arian Construcci\u00f3n y Gesti\u00f3n de Infraestructuras S.A y TEUSA T\u00e9cnicas de Restauraci\u00f3n.<\/p>\n<p><strong>La conclusi\u00f3n es que la pasarela permanezca cerrada<\/strong><\/p>\n<p>El informe de IDEAM presentado en la Comisi\u00f3n de hoy plantea seguir adelante con los trabajos de an\u00e1lisis tendentes a la definici\u00f3n de los da\u00f1os reales y al dise\u00f1o de la mejor forma de reparar la infraestructura a trav\u00e9s de un m\u00e9todo de evaluaci\u00f3n en dos fases. La primera se corresponde con el trabajo dado a conocer esta ma\u00f1ana y consiste en un an\u00e1lisis preliminar detallado de la documentaci\u00f3n existente y la inspecci\u00f3n <em>in situ<\/em> del estado de conservaci\u00f3n de la pasarela planteando unas l\u00edneas de actuaci\u00f3n como la de verificar la estructura realmente ejecutada ante la inquietud de que algunos puntos cr\u00edticos de la pasarela podr\u00edan implicar una resistencia alejada del comportamiento te\u00f3rico para la que fue dise\u00f1ada. La segunda fase, que se iniciar\u00e1 previsiblemente en las pr\u00f3ximas semanas, consistir\u00eda en la evaluaci\u00f3n completa y pormenorizada de los da\u00f1os, as\u00ed como la verificaci\u00f3n de la estructura ejecutada y la propuesta de l\u00edneas de intervenci\u00f3n sobre la pasarela para garantizar su durabilidad.<\/p>\n<p>Teniendo en cuenta que este nuevo informe sigue planteando dudas respecto a la seguridad en el uso de la estructura, la conclusi\u00f3n es que la pasarela permanezca cerrada al paso de peatones hasta que se presente la segunda fase del informe, prevista para finales de este a\u00f1o, y se ejecuten los trabajos recomendados. Al hilo de las conclusiones del informe, las previsiones que barajan los responsables t\u00e9cnicos del \u00e1rea de Conservaci\u00f3n Urbana y Proyectos son que los trabajos de reparaci\u00f3n podr\u00edan llevarse a cabo, en el mejor de los casos, a partir del mes de abril o mayo del a\u00f1o que viene.<\/p>\n<p><script async src=\"\/\/pagead2.googlesyndication.com\/pagead\/js\/adsbygoogle.js\"><\/script><br \/>\n<!-- Noticias La Guia de Pamplona --><br \/>\n<ins class=\"adsbygoogle\"\nstyle=\"display:block\"\ndata-ad-client=\"ca-pub-6943679897239327\"\ndata-ad-slot=\"7048180777\"\ndata-ad-format=\"auto\"><\/ins><br \/>\n<script>\n(adsbygoogle = window.adsbygoogle || []).push({});\n<\/script><\/p>\n<p><strong>Desprendimientos a los 5 a\u00f1os de abrirse<\/strong><\/p>\n<p>En febrero de 2016 se produjo el desprendimiento de algunas chapas que conforman el cierre inferior de la pasarela. Tras recabar informes de los diferentes agentes de la obra, el Ayuntamiento encarg\u00f3 a la empresa INTEMAC una inspecci\u00f3n y evaluaci\u00f3n de la seguridad de la pasarela. En julio de ese a\u00f1o, el Consistorio recibi\u00f3 una nota previa que recomendaba el cierre de la pasarela debido a las dudas que existen sobre su estabilidad, medida que fue corroborada en el informe definitivo y que se puso en marcha ese mismo mes. Este primer informe de INTEMAC adelantaba ya que la pasarela presenta da\u00f1os debido a la corrosi\u00f3n excesiva del acero corten, no tiene capacidad para soportar las cargas para las que deb\u00eda haber sido dise\u00f1ada y ejecutada y apuntaba que hay que tomar medidas de seguridad para evitar desprendimientos. Por ello, el Ayuntamiento coloc\u00f3 una red en septiembre de 2016.<\/p>\n<p>Teniendo en cuenta este informe, el Ayuntamiento abri\u00f3 un expediente de depuraci\u00f3n de responsabilidades donde se les dio audiencia a los partes implicadas. El equipo redactor present\u00f3 un informe defendiendo la idoneidad t\u00e9cnica del dise\u00f1o de la pasarela en cuanto a su capacidad portante as\u00ed como a la correcta ejecuci\u00f3n de las obras. Al existir divergencia entre este texto y el presentado por INTEMAC, se decidi\u00f3 solicitar un nuevo informe a la consultor\u00eda de Estructuras de Ingenier\u00eda Civil y Edificaci\u00f3n IDEAM, trabajo cuyo adelanto se ha dado a conocer hoy en la Comisi\u00f3n de Urbanismo.<\/p>\n<p>&nbsp;<\/p>\n","protected":false},"excerpt":{"rendered":"<p>El trabajo, expuesto hoy en comisi\u00f3n, habla tambi\u00e9n de carencias en el sistema de drenaje y concluye que la estructura debe permanecer cerrada<\/p>\n","protected":false},"author":1,"featured_media":13269,"comment_status":"open","ping_status":"closed","sticky":false,"template":"","format":"standard","meta":{"footnotes":""},"categories":[2],"tags":[],"class_list":["post-18878","post","type-post","status-publish","format-standard","has-post-thumbnail","hentry","category-ayuntamiento-pamplona"],"yoast_head":"<!-- This site is optimized with the Yoast SEO plugin v27.9 - https:\/\/yoast.com\/product\/yoast-seo-wordpress\/ -->\n<title>Un informe pone en duda la resistencia de la pasarela del Labrit y alerta de que no fue ejecutada de acuerdo a la documentaci\u00f3n existente en el Ayuntamiento<\/title>\n<meta name=\"robots\" content=\"index, follow, max-snippet:-1, max-image-preview:large, max-video-preview:-1\" \/>\n<link rel=\"canonical\" href=\"https:\/\/www.laguiadepamplona.com\/actualidad\/un-informe-pone-en-duda-la-resistencia-de-la-pasarela-del-labrit-y-alerta-de-que-no-fue-ejecutada-de-acuerdo-a-la-documentacion-existente-en-el-ayuntamiento\/\" \/>\n<meta property=\"og:locale\" content=\"es_ES\" \/>\n<meta property=\"og:type\" content=\"article\" \/>\n<meta property=\"og:title\" content=\"Un informe pone en duda la resistencia de la pasarela del Labrit y alerta de que no fue ejecutada de acuerdo a la documentaci\u00f3n existente en el Ayuntamiento\" \/>\n<meta property=\"og:description\" content=\"El trabajo, expuesto hoy en comisi\u00f3n, habla tambi\u00e9n de carencias en el sistema de drenaje y concluye que la estructura debe permanecer cerrada\" \/>\n<meta property=\"og:url\" content=\"https:\/\/www.laguiadepamplona.com\/actualidad\/un-informe-pone-en-duda-la-resistencia-de-la-pasarela-del-labrit-y-alerta-de-que-no-fue-ejecutada-de-acuerdo-a-la-documentacion-existente-en-el-ayuntamiento\/\" \/>\n<meta property=\"og:site_name\" content=\"La Gu\u00eda de Pamplona Noticias y actualidad\" \/>\n<meta property=\"article:publisher\" content=\"https:\/\/www.facebook.com\/laguiadepamplonacom-133175176762273\/?ref=hl\" \/>\n<meta property=\"article:published_time\" content=\"2018-10-03T14:17:08+00:00\" \/>\n<meta property=\"og:image\" content=\"https:\/\/www.laguiadepamplona.com\/actualidad\/wp-content\/uploads\/2017\/05\/pasarela_labrit_1.jpg\" \/>\n\t<meta property=\"og:image:width\" content=\"604\" \/>\n\t<meta property=\"og:image:height\" content=\"454\" \/>\n\t<meta property=\"og:image:type\" content=\"image\/jpeg\" \/>\n<meta name=\"author\" content=\"La Gu\u00eda de Pamplona\" \/>\n<meta name=\"twitter:card\" content=\"summary_large_image\" \/>\n<meta name=\"twitter:creator\" content=\"@LaGuiadPamplona\" \/>\n<meta name=\"twitter:site\" content=\"@LaGuiadPamplona\" \/>\n<meta name=\"twitter:label1\" content=\"Escrito por\" \/>\n\t<meta name=\"twitter:data1\" content=\"La Gu\u00eda de Pamplona\" \/>\n\t<meta name=\"twitter:label2\" content=\"Tiempo de lectura\" \/>\n\t<meta name=\"twitter:data2\" content=\"6 minutos\" \/>\n<script type=\"application\/ld+json\" class=\"yoast-schema-graph\">{\"@context\":\"https:\\\/\\\/schema.org\",\"@graph\":[{\"@type\":\"Article\",\"@id\":\"https:\\\/\\\/www.laguiadepamplona.com\\\/actualidad\\\/un-informe-pone-en-duda-la-resistencia-de-la-pasarela-del-labrit-y-alerta-de-que-no-fue-ejecutada-de-acuerdo-a-la-documentacion-existente-en-el-ayuntamiento\\\/#article\",\"isPartOf\":{\"@id\":\"https:\\\/\\\/www.laguiadepamplona.com\\\/actualidad\\\/un-informe-pone-en-duda-la-resistencia-de-la-pasarela-del-labrit-y-alerta-de-que-no-fue-ejecutada-de-acuerdo-a-la-documentacion-existente-en-el-ayuntamiento\\\/\"},\"author\":{\"name\":\"La Gu\u00eda de Pamplona\",\"@id\":\"https:\\\/\\\/www.laguiadepamplona.com\\\/actualidad\\\/#\\\/schema\\\/person\\\/efe887376f0213d4657c93adc50b1fdb\"},\"headline\":\"Un informe pone en duda la resistencia de la pasarela del Labrit y alerta de que no fue ejecutada de acuerdo a la documentaci\u00f3n existente en el Ayuntamiento\",\"datePublished\":\"2018-10-03T14:17:08+00:00\",\"mainEntityOfPage\":{\"@id\":\"https:\\\/\\\/www.laguiadepamplona.com\\\/actualidad\\\/un-informe-pone-en-duda-la-resistencia-de-la-pasarela-del-labrit-y-alerta-de-que-no-fue-ejecutada-de-acuerdo-a-la-documentacion-existente-en-el-ayuntamiento\\\/\"},\"wordCount\":1138,\"commentCount\":0,\"publisher\":{\"@id\":\"https:\\\/\\\/www.laguiadepamplona.com\\\/actualidad\\\/#organization\"},\"image\":{\"@id\":\"https:\\\/\\\/www.laguiadepamplona.com\\\/actualidad\\\/un-informe-pone-en-duda-la-resistencia-de-la-pasarela-del-labrit-y-alerta-de-que-no-fue-ejecutada-de-acuerdo-a-la-documentacion-existente-en-el-ayuntamiento\\\/#primaryimage\"},\"thumbnailUrl\":\"https:\\\/\\\/www.laguiadepamplona.com\\\/actualidad\\\/wp-content\\\/uploads\\\/2017\\\/05\\\/pasarela_labrit_1.jpg\",\"articleSection\":[\"Ayto Pamplona\"],\"inLanguage\":\"es\",\"potentialAction\":[{\"@type\":\"CommentAction\",\"name\":\"Comment\",\"target\":[\"https:\\\/\\\/www.laguiadepamplona.com\\\/actualidad\\\/un-informe-pone-en-duda-la-resistencia-de-la-pasarela-del-labrit-y-alerta-de-que-no-fue-ejecutada-de-acuerdo-a-la-documentacion-existente-en-el-ayuntamiento\\\/#respond\"]}]},{\"@type\":\"WebPage\",\"@id\":\"https:\\\/\\\/www.laguiadepamplona.com\\\/actualidad\\\/un-informe-pone-en-duda-la-resistencia-de-la-pasarela-del-labrit-y-alerta-de-que-no-fue-ejecutada-de-acuerdo-a-la-documentacion-existente-en-el-ayuntamiento\\\/\",\"url\":\"https:\\\/\\\/www.laguiadepamplona.com\\\/actualidad\\\/un-informe-pone-en-duda-la-resistencia-de-la-pasarela-del-labrit-y-alerta-de-que-no-fue-ejecutada-de-acuerdo-a-la-documentacion-existente-en-el-ayuntamiento\\\/\",\"name\":\"Un informe pone en duda la resistencia de la pasarela del Labrit y alerta de que no fue ejecutada de acuerdo a la documentaci\u00f3n existente en el Ayuntamiento\",\"isPartOf\":{\"@id\":\"https:\\\/\\\/www.laguiadepamplona.com\\\/actualidad\\\/#website\"},\"primaryImageOfPage\":{\"@id\":\"https:\\\/\\\/www.laguiadepamplona.com\\\/actualidad\\\/un-informe-pone-en-duda-la-resistencia-de-la-pasarela-del-labrit-y-alerta-de-que-no-fue-ejecutada-de-acuerdo-a-la-documentacion-existente-en-el-ayuntamiento\\\/#primaryimage\"},\"image\":{\"@id\":\"https:\\\/\\\/www.laguiadepamplona.com\\\/actualidad\\\/un-informe-pone-en-duda-la-resistencia-de-la-pasarela-del-labrit-y-alerta-de-que-no-fue-ejecutada-de-acuerdo-a-la-documentacion-existente-en-el-ayuntamiento\\\/#primaryimage\"},\"thumbnailUrl\":\"https:\\\/\\\/www.laguiadepamplona.com\\\/actualidad\\\/wp-content\\\/uploads\\\/2017\\\/05\\\/pasarela_labrit_1.jpg\",\"datePublished\":\"2018-10-03T14:17:08+00:00\",\"breadcrumb\":{\"@id\":\"https:\\\/\\\/www.laguiadepamplona.com\\\/actualidad\\\/un-informe-pone-en-duda-la-resistencia-de-la-pasarela-del-labrit-y-alerta-de-que-no-fue-ejecutada-de-acuerdo-a-la-documentacion-existente-en-el-ayuntamiento\\\/#breadcrumb\"},\"inLanguage\":\"es\",\"potentialAction\":[{\"@type\":\"ReadAction\",\"target\":[\"https:\\\/\\\/www.laguiadepamplona.com\\\/actualidad\\\/un-informe-pone-en-duda-la-resistencia-de-la-pasarela-del-labrit-y-alerta-de-que-no-fue-ejecutada-de-acuerdo-a-la-documentacion-existente-en-el-ayuntamiento\\\/\"]}]},{\"@type\":\"ImageObject\",\"inLanguage\":\"es\",\"@id\":\"https:\\\/\\\/www.laguiadepamplona.com\\\/actualidad\\\/un-informe-pone-en-duda-la-resistencia-de-la-pasarela-del-labrit-y-alerta-de-que-no-fue-ejecutada-de-acuerdo-a-la-documentacion-existente-en-el-ayuntamiento\\\/#primaryimage\",\"url\":\"https:\\\/\\\/www.laguiadepamplona.com\\\/actualidad\\\/wp-content\\\/uploads\\\/2017\\\/05\\\/pasarela_labrit_1.jpg\",\"contentUrl\":\"https:\\\/\\\/www.laguiadepamplona.com\\\/actualidad\\\/wp-content\\\/uploads\\\/2017\\\/05\\\/pasarela_labrit_1.jpg\",\"width\":604,\"height\":454},{\"@type\":\"BreadcrumbList\",\"@id\":\"https:\\\/\\\/www.laguiadepamplona.com\\\/actualidad\\\/un-informe-pone-en-duda-la-resistencia-de-la-pasarela-del-labrit-y-alerta-de-que-no-fue-ejecutada-de-acuerdo-a-la-documentacion-existente-en-el-ayuntamiento\\\/#breadcrumb\",\"itemListElement\":[{\"@type\":\"ListItem\",\"position\":1,\"name\":\"Portada\",\"item\":\"https:\\\/\\\/www.laguiadepamplona.com\\\/actualidad\\\/\"},{\"@type\":\"ListItem\",\"position\":2,\"name\":\"Un informe pone en duda la resistencia de la pasarela del Labrit y alerta de que no fue ejecutada de acuerdo a la documentaci\u00f3n existente en el Ayuntamiento\"}]},{\"@type\":\"WebSite\",\"@id\":\"https:\\\/\\\/www.laguiadepamplona.com\\\/actualidad\\\/#website\",\"url\":\"https:\\\/\\\/www.laguiadepamplona.com\\\/actualidad\\\/\",\"name\":\"La gu\u00eda de Pamplona\",\"description\":\"Noticias de Pamplona\",\"publisher\":{\"@id\":\"https:\\\/\\\/www.laguiadepamplona.com\\\/actualidad\\\/#organization\"},\"potentialAction\":[{\"@type\":\"SearchAction\",\"target\":{\"@type\":\"EntryPoint\",\"urlTemplate\":\"https:\\\/\\\/www.laguiadepamplona.com\\\/actualidad\\\/?s={search_term_string}\"},\"query-input\":{\"@type\":\"PropertyValueSpecification\",\"valueRequired\":true,\"valueName\":\"search_term_string\"}}],\"inLanguage\":\"es\"},{\"@type\":\"Organization\",\"@id\":\"https:\\\/\\\/www.laguiadepamplona.com\\\/actualidad\\\/#organization\",\"name\":\"La Gu\u00eda de Pamplona \\\/ Noticias\",\"url\":\"https:\\\/\\\/www.laguiadepamplona.com\\\/actualidad\\\/\",\"logo\":{\"@type\":\"ImageObject\",\"inLanguage\":\"es\",\"@id\":\"https:\\\/\\\/www.laguiadepamplona.com\\\/actualidad\\\/#\\\/schema\\\/logo\\\/image\\\/\",\"url\":\"https:\\\/\\\/www.laguiadepamplona.com\\\/actualidad\\\/wp-content\\\/uploads\\\/2018\\\/11\\\/logo-laguiadepamplona18-web1.png\",\"contentUrl\":\"https:\\\/\\\/www.laguiadepamplona.com\\\/actualidad\\\/wp-content\\\/uploads\\\/2018\\\/11\\\/logo-laguiadepamplona18-web1.png\",\"width\":600,\"height\":196,\"caption\":\"La Gu\u00eda de Pamplona \\\/ Noticias\"},\"image\":{\"@id\":\"https:\\\/\\\/www.laguiadepamplona.com\\\/actualidad\\\/#\\\/schema\\\/logo\\\/image\\\/\"},\"sameAs\":[\"https:\\\/\\\/www.facebook.com\\\/laguiadepamplonacom-133175176762273\\\/?ref=hl\",\"https:\\\/\\\/x.com\\\/LaGuiadPamplona\",\"https:\\\/\\\/www.instagram.com\\\/la_guia_de_pamplona\\\/\",\"https:\\\/\\\/www.youtube.com\\\/user\\\/laguiadepamplona\"]},{\"@type\":\"Person\",\"@id\":\"https:\\\/\\\/www.laguiadepamplona.com\\\/actualidad\\\/#\\\/schema\\\/person\\\/efe887376f0213d4657c93adc50b1fdb\",\"name\":\"La Gu\u00eda de Pamplona\",\"image\":{\"@type\":\"ImageObject\",\"inLanguage\":\"es\",\"@id\":\"https:\\\/\\\/secure.gravatar.com\\\/avatar\\\/b6992f131dc8d30ab0dff15446e9d346d9dbd95992de0fef795073f5ea83a81c?s=96&d=mm&r=g\",\"url\":\"https:\\\/\\\/secure.gravatar.com\\\/avatar\\\/b6992f131dc8d30ab0dff15446e9d346d9dbd95992de0fef795073f5ea83a81c?s=96&d=mm&r=g\",\"contentUrl\":\"https:\\\/\\\/secure.gravatar.com\\\/avatar\\\/b6992f131dc8d30ab0dff15446e9d346d9dbd95992de0fef795073f5ea83a81c?s=96&d=mm&r=g\",\"caption\":\"La Gu\u00eda de Pamplona\"}}]}<\/script>\n<!-- \/ Yoast SEO plugin. -->","yoast_head_json":{"title":"Un informe pone en duda la resistencia de la pasarela del Labrit y alerta de que no fue ejecutada de acuerdo a la documentaci\u00f3n existente en el Ayuntamiento","robots":{"index":"index","follow":"follow","max-snippet":"max-snippet:-1","max-image-preview":"max-image-preview:large","max-video-preview":"max-video-preview:-1"},"canonical":"https:\/\/www.laguiadepamplona.com\/actualidad\/un-informe-pone-en-duda-la-resistencia-de-la-pasarela-del-labrit-y-alerta-de-que-no-fue-ejecutada-de-acuerdo-a-la-documentacion-existente-en-el-ayuntamiento\/","og_locale":"es_ES","og_type":"article","og_title":"Un informe pone en duda la resistencia de la pasarela del Labrit y alerta de que no fue ejecutada de acuerdo a la documentaci\u00f3n existente en el Ayuntamiento","og_description":"El trabajo, expuesto hoy en comisi\u00f3n, habla tambi\u00e9n de carencias en el sistema de drenaje y concluye que la estructura debe permanecer cerrada","og_url":"https:\/\/www.laguiadepamplona.com\/actualidad\/un-informe-pone-en-duda-la-resistencia-de-la-pasarela-del-labrit-y-alerta-de-que-no-fue-ejecutada-de-acuerdo-a-la-documentacion-existente-en-el-ayuntamiento\/","og_site_name":"La Gu\u00eda de Pamplona Noticias y actualidad","article_publisher":"https:\/\/www.facebook.com\/laguiadepamplonacom-133175176762273\/?ref=hl","article_published_time":"2018-10-03T14:17:08+00:00","og_image":[{"width":604,"height":454,"url":"https:\/\/www.laguiadepamplona.com\/actualidad\/wp-content\/uploads\/2017\/05\/pasarela_labrit_1.jpg","type":"image\/jpeg"}],"author":"La Gu\u00eda de Pamplona","twitter_card":"summary_large_image","twitter_creator":"@LaGuiadPamplona","twitter_site":"@LaGuiadPamplona","twitter_misc":{"Escrito por":"La Gu\u00eda de Pamplona","Tiempo de lectura":"6 minutos"},"schema":{"@context":"https:\/\/schema.org","@graph":[{"@type":"Article","@id":"https:\/\/www.laguiadepamplona.com\/actualidad\/un-informe-pone-en-duda-la-resistencia-de-la-pasarela-del-labrit-y-alerta-de-que-no-fue-ejecutada-de-acuerdo-a-la-documentacion-existente-en-el-ayuntamiento\/#article","isPartOf":{"@id":"https:\/\/www.laguiadepamplona.com\/actualidad\/un-informe-pone-en-duda-la-resistencia-de-la-pasarela-del-labrit-y-alerta-de-que-no-fue-ejecutada-de-acuerdo-a-la-documentacion-existente-en-el-ayuntamiento\/"},"author":{"name":"La Gu\u00eda de Pamplona","@id":"https:\/\/www.laguiadepamplona.com\/actualidad\/#\/schema\/person\/efe887376f0213d4657c93adc50b1fdb"},"headline":"Un informe pone en duda la resistencia de la pasarela del Labrit y alerta de que no fue ejecutada de acuerdo a la documentaci\u00f3n existente en el Ayuntamiento","datePublished":"2018-10-03T14:17:08+00:00","mainEntityOfPage":{"@id":"https:\/\/www.laguiadepamplona.com\/actualidad\/un-informe-pone-en-duda-la-resistencia-de-la-pasarela-del-labrit-y-alerta-de-que-no-fue-ejecutada-de-acuerdo-a-la-documentacion-existente-en-el-ayuntamiento\/"},"wordCount":1138,"commentCount":0,"publisher":{"@id":"https:\/\/www.laguiadepamplona.com\/actualidad\/#organization"},"image":{"@id":"https:\/\/www.laguiadepamplona.com\/actualidad\/un-informe-pone-en-duda-la-resistencia-de-la-pasarela-del-labrit-y-alerta-de-que-no-fue-ejecutada-de-acuerdo-a-la-documentacion-existente-en-el-ayuntamiento\/#primaryimage"},"thumbnailUrl":"https:\/\/www.laguiadepamplona.com\/actualidad\/wp-content\/uploads\/2017\/05\/pasarela_labrit_1.jpg","articleSection":["Ayto Pamplona"],"inLanguage":"es","potentialAction":[{"@type":"CommentAction","name":"Comment","target":["https:\/\/www.laguiadepamplona.com\/actualidad\/un-informe-pone-en-duda-la-resistencia-de-la-pasarela-del-labrit-y-alerta-de-que-no-fue-ejecutada-de-acuerdo-a-la-documentacion-existente-en-el-ayuntamiento\/#respond"]}]},{"@type":"WebPage","@id":"https:\/\/www.laguiadepamplona.com\/actualidad\/un-informe-pone-en-duda-la-resistencia-de-la-pasarela-del-labrit-y-alerta-de-que-no-fue-ejecutada-de-acuerdo-a-la-documentacion-existente-en-el-ayuntamiento\/","url":"https:\/\/www.laguiadepamplona.com\/actualidad\/un-informe-pone-en-duda-la-resistencia-de-la-pasarela-del-labrit-y-alerta-de-que-no-fue-ejecutada-de-acuerdo-a-la-documentacion-existente-en-el-ayuntamiento\/","name":"Un informe pone en duda la resistencia de la pasarela del Labrit y alerta de que no fue ejecutada de acuerdo a la documentaci\u00f3n existente en el Ayuntamiento","isPartOf":{"@id":"https:\/\/www.laguiadepamplona.com\/actualidad\/#website"},"primaryImageOfPage":{"@id":"https:\/\/www.laguiadepamplona.com\/actualidad\/un-informe-pone-en-duda-la-resistencia-de-la-pasarela-del-labrit-y-alerta-de-que-no-fue-ejecutada-de-acuerdo-a-la-documentacion-existente-en-el-ayuntamiento\/#primaryimage"},"image":{"@id":"https:\/\/www.laguiadepamplona.com\/actualidad\/un-informe-pone-en-duda-la-resistencia-de-la-pasarela-del-labrit-y-alerta-de-que-no-fue-ejecutada-de-acuerdo-a-la-documentacion-existente-en-el-ayuntamiento\/#primaryimage"},"thumbnailUrl":"https:\/\/www.laguiadepamplona.com\/actualidad\/wp-content\/uploads\/2017\/05\/pasarela_labrit_1.jpg","datePublished":"2018-10-03T14:17:08+00:00","breadcrumb":{"@id":"https:\/\/www.laguiadepamplona.com\/actualidad\/un-informe-pone-en-duda-la-resistencia-de-la-pasarela-del-labrit-y-alerta-de-que-no-fue-ejecutada-de-acuerdo-a-la-documentacion-existente-en-el-ayuntamiento\/#breadcrumb"},"inLanguage":"es","potentialAction":[{"@type":"ReadAction","target":["https:\/\/www.laguiadepamplona.com\/actualidad\/un-informe-pone-en-duda-la-resistencia-de-la-pasarela-del-labrit-y-alerta-de-que-no-fue-ejecutada-de-acuerdo-a-la-documentacion-existente-en-el-ayuntamiento\/"]}]},{"@type":"ImageObject","inLanguage":"es","@id":"https:\/\/www.laguiadepamplona.com\/actualidad\/un-informe-pone-en-duda-la-resistencia-de-la-pasarela-del-labrit-y-alerta-de-que-no-fue-ejecutada-de-acuerdo-a-la-documentacion-existente-en-el-ayuntamiento\/#primaryimage","url":"https:\/\/www.laguiadepamplona.com\/actualidad\/wp-content\/uploads\/2017\/05\/pasarela_labrit_1.jpg","contentUrl":"https:\/\/www.laguiadepamplona.com\/actualidad\/wp-content\/uploads\/2017\/05\/pasarela_labrit_1.jpg","width":604,"height":454},{"@type":"BreadcrumbList","@id":"https:\/\/www.laguiadepamplona.com\/actualidad\/un-informe-pone-en-duda-la-resistencia-de-la-pasarela-del-labrit-y-alerta-de-que-no-fue-ejecutada-de-acuerdo-a-la-documentacion-existente-en-el-ayuntamiento\/#breadcrumb","itemListElement":[{"@type":"ListItem","position":1,"name":"Portada","item":"https:\/\/www.laguiadepamplona.com\/actualidad\/"},{"@type":"ListItem","position":2,"name":"Un informe pone en duda la resistencia de la pasarela del Labrit y alerta de que no fue ejecutada de acuerdo a la documentaci\u00f3n existente en el Ayuntamiento"}]},{"@type":"WebSite","@id":"https:\/\/www.laguiadepamplona.com\/actualidad\/#website","url":"https:\/\/www.laguiadepamplona.com\/actualidad\/","name":"La gu\u00eda de Pamplona","description":"Noticias de Pamplona","publisher":{"@id":"https:\/\/www.laguiadepamplona.com\/actualidad\/#organization"},"potentialAction":[{"@type":"SearchAction","target":{"@type":"EntryPoint","urlTemplate":"https:\/\/www.laguiadepamplona.com\/actualidad\/?s={search_term_string}"},"query-input":{"@type":"PropertyValueSpecification","valueRequired":true,"valueName":"search_term_string"}}],"inLanguage":"es"},{"@type":"Organization","@id":"https:\/\/www.laguiadepamplona.com\/actualidad\/#organization","name":"La Gu\u00eda de Pamplona \/ Noticias","url":"https:\/\/www.laguiadepamplona.com\/actualidad\/","logo":{"@type":"ImageObject","inLanguage":"es","@id":"https:\/\/www.laguiadepamplona.com\/actualidad\/#\/schema\/logo\/image\/","url":"https:\/\/www.laguiadepamplona.com\/actualidad\/wp-content\/uploads\/2018\/11\/logo-laguiadepamplona18-web1.png","contentUrl":"https:\/\/www.laguiadepamplona.com\/actualidad\/wp-content\/uploads\/2018\/11\/logo-laguiadepamplona18-web1.png","width":600,"height":196,"caption":"La Gu\u00eda de Pamplona \/ Noticias"},"image":{"@id":"https:\/\/www.laguiadepamplona.com\/actualidad\/#\/schema\/logo\/image\/"},"sameAs":["https:\/\/www.facebook.com\/laguiadepamplonacom-133175176762273\/?ref=hl","https:\/\/x.com\/LaGuiadPamplona","https:\/\/www.instagram.com\/la_guia_de_pamplona\/","https:\/\/www.youtube.com\/user\/laguiadepamplona"]},{"@type":"Person","@id":"https:\/\/www.laguiadepamplona.com\/actualidad\/#\/schema\/person\/efe887376f0213d4657c93adc50b1fdb","name":"La Gu\u00eda de Pamplona","image":{"@type":"ImageObject","inLanguage":"es","@id":"https:\/\/secure.gravatar.com\/avatar\/b6992f131dc8d30ab0dff15446e9d346d9dbd95992de0fef795073f5ea83a81c?s=96&d=mm&r=g","url":"https:\/\/secure.gravatar.com\/avatar\/b6992f131dc8d30ab0dff15446e9d346d9dbd95992de0fef795073f5ea83a81c?s=96&d=mm&r=g","contentUrl":"https:\/\/secure.gravatar.com\/avatar\/b6992f131dc8d30ab0dff15446e9d346d9dbd95992de0fef795073f5ea83a81c?s=96&d=mm&r=g","caption":"La Gu\u00eda de Pamplona"}}]}},"post_mailing_queue_ids":[],"_links":{"self":[{"href":"https:\/\/www.laguiadepamplona.com\/actualidad\/wp-json\/wp\/v2\/posts\/18878","targetHints":{"allow":["GET"]}}],"collection":[{"href":"https:\/\/www.laguiadepamplona.com\/actualidad\/wp-json\/wp\/v2\/posts"}],"about":[{"href":"https:\/\/www.laguiadepamplona.com\/actualidad\/wp-json\/wp\/v2\/types\/post"}],"author":[{"embeddable":true,"href":"https:\/\/www.laguiadepamplona.com\/actualidad\/wp-json\/wp\/v2\/users\/1"}],"replies":[{"embeddable":true,"href":"https:\/\/www.laguiadepamplona.com\/actualidad\/wp-json\/wp\/v2\/comments?post=18878"}],"version-history":[{"count":0,"href":"https:\/\/www.laguiadepamplona.com\/actualidad\/wp-json\/wp\/v2\/posts\/18878\/revisions"}],"wp:featuredmedia":[{"embeddable":true,"href":"https:\/\/www.laguiadepamplona.com\/actualidad\/wp-json\/wp\/v2\/media\/13269"}],"wp:attachment":[{"href":"https:\/\/www.laguiadepamplona.com\/actualidad\/wp-json\/wp\/v2\/media?parent=18878"}],"wp:term":[{"taxonomy":"category","embeddable":true,"href":"https:\/\/www.laguiadepamplona.com\/actualidad\/wp-json\/wp\/v2\/categories?post=18878"},{"taxonomy":"post_tag","embeddable":true,"href":"https:\/\/www.laguiadepamplona.com\/actualidad\/wp-json\/wp\/v2\/tags?post=18878"}],"curies":[{"name":"wp","href":"https:\/\/api.w.org\/{rel}","templated":true}]}}