{"id":18868,"date":"2018-10-03T13:53:40","date_gmt":"2018-10-03T11:53:40","guid":{"rendered":"https:\/\/www.laguiadepamplona.es\/actualidad\/?p=18868"},"modified":"2018-10-03T13:53:40","modified_gmt":"2018-10-03T11:53:40","slug":"diez-jardines-efimeros-sobre-el-cambio-climatico-se-buscan-candidaturas-a-la-segunda-edicion-de-naturart","status":"publish","type":"post","link":"https:\/\/www.laguiadepamplona.com\/actualidad\/diez-jardines-efimeros-sobre-el-cambio-climatico-se-buscan-candidaturas-a-la-segunda-edicion-de-naturart\/","title":{"rendered":"Diez jardines ef\u00edmeros sobre el Cambio clim\u00e1tico: se buscan candidaturas a la segunda edici\u00f3n de \u2018Naturart\u2019"},"content":{"rendered":"<h3>En los pr\u00f3ximos d\u00edas el Ayuntamiento de Pamplona invitar\u00e1 a participar a los centros escolares y a entidades locales de la Comarca<\/h3>\n<p><!--more--><\/p>\n<p>Si el a\u00f1o pasado el eje de los jardines fue \u2018El Universo\u2019, en esta ocasi\u00f3n la reflexi\u00f3n que se pedir\u00e1 a los peque\u00f1os paisajistas ser\u00e1 sobre el \u2018Cambio clim\u00e1tico\u2019. La propuesta de Naturart, como festival de jardiner\u00eda urbana, es crear de nuevo esta pr\u00f3xima primavera una decena jardines ef\u00edmeros en los fosos de la Ciudadela, dise\u00f1ados y montados por escolares, con el auxilio de jardineros profesionales de la Comarca de Pamplona.<\/p>\n<p>En los pr\u00f3ximos d\u00edas 39 centros de Secundaria, Bachiller y FP podr\u00e1n presentar sus candidaturas ante el Ayuntamiento de Pamplona para participar en esta iniciativa que, en la anterior edici\u00f3n, complet\u00f3 plazas. Los mentores de los centros volver\u00e1n a ser Servicios Municipales de Jardines de los municipios cercanos que podr\u00e1n apadrinar a alguno de los centros escolares que se apunten para prestarle apoyo t\u00e9cnico al alumnado a la hora, tanto de dise\u00f1ar el jard\u00edn ef\u00edmero en el centro escolar, como de ejecutarlo sobre el terreno. La inscripci\u00f3n para \u2018Naturart\u2019 estar\u00e1 abierta entre el 15 y el 31 de octubre.<\/p>\n<p>El protagonismo de los escolares en este proyecto busca ser una forma de dar voz a la ciudadan\u00eda en el dise\u00f1o del espacio com\u00fan. Pero, adem\u00e1s, es una forma de actuar sobre el paisaje urbano de la mano de profesionales, modific\u00e1ndolo de forma no radical, para reenfocar la atenci\u00f3n del paseando en las zonas verdes de la ciudad\u00a0 que ya conoce. Los jardines de \u2018Naturart\u2019 se realizan en primavera, con San Ferm\u00edn como l\u00edmite temporal, ya que con la llegada del verano estos los dise\u00f1os fugaces desaparecer\u00e1n mediante la siega.<\/p>\n<p>Como el pasado a\u00f1o, en esta edici\u00f3n los jardines ocupar\u00e1n unos 1.500 m<sup>2<\/sup> de los fosos de la Ciudadela, un espacio c\u00e9ntrico en la ciudad. Como novedades: las maquetas de jardines creadas por cada centro podr\u00e1n ser expuestas en los ayuntamientos o centros culturales de los municipios participantes. Y se invitar\u00e1 a paisajistas a que realicen dise\u00f1os propios en una zona contigua de los fosos, como el pasado a\u00f1o hico el propio Consistorio pamplon\u00e9s.<\/p>\n<p><strong>Acceso en orden de inscripci\u00f3n<\/strong><\/p>\n<p>El acceso al programa se har\u00e1 en riguroso orden de inscripci\u00f3n un proceso que se desarrollar\u00e1 entre el 15 y el 31 de octubre. La propuesta para los escolares es trabajar a lo largo del primer cuatrimestre sus ideas para reflejar el Cambio clim\u00e1tico en un proceso en las aulas. Como segundo paso en el mes de febrero deber\u00e1n presentar una maqueta f\u00edsica o electr\u00f3nica y un plano de ejecuci\u00f3n de su propuesta. Estas son las maquetas que podr\u00e1n exponerse en espacios de los Consistorios apadrinadores. Tras la inscripci\u00f3n, se acordar\u00e1 con los centros educativos los detalles y el cronograma tras lo que seguidamente se llevar\u00e1 a cabo una sesi\u00f3n formativa para el alumnado. Esa sesi\u00f3n se centrar\u00e1 en el concepto del Cambio clim\u00e1tico y recoger\u00e1 nociones de jardiner\u00eda ef\u00edmera. A partir de ese momento, los centros comenzar\u00e1n a seleccionar los equipos que les representar\u00e1n en \u2018Naturart\u2019.<\/p>\n<p>Luego vendr\u00e1 la parte t\u00e9cnica de encaje de la idea con los materiales y plantas m\u00e1s adecuadas, una elecci\u00f3n que se har\u00e1 en coordinaci\u00f3n con los servicios de jardines mentores. Finalmente a la altura de junio los escolares deber\u00e1n ejecutar su jard\u00edn. Los equipos mixtos de alumnado y personal de jardiner\u00eda usar\u00e1n \u00fanicamente materiales reciclados y reciclables, plantas y la conjugaci\u00f3n de diversas alturas en el corte de la hierba, sobre un espacio acotado de 120 m<sup>2<\/sup>.<\/p>\n<p><script async src=\"\/\/pagead2.googlesyndication.com\/pagead\/js\/adsbygoogle.js\"><\/script><br \/>\n<!-- Noticias La Guia de Pamplona --><br \/>\n<ins class=\"adsbygoogle\"\nstyle=\"display:block\"\ndata-ad-client=\"ca-pub-6943679897239327\"\ndata-ad-slot=\"7048180777\"\ndata-ad-format=\"auto\"><\/ins><br \/>\n<script>\n(adsbygoogle = window.adsbygoogle || []).push({});\n<\/script><\/p>\n<p>El espacio elegido para este Festival de jardiner\u00eda urbana ser\u00e1 de nuevo el de los fosos en torno al Revell\u00edn de Santa Isabel, a la altura de la Puerta del Socorro de la Ciudadela, donde es posible que luzcan tambi\u00e9n dise\u00f1os de paisajistas profesionales \u2018arropando\u2019 a los de los escolares. Los jardines de \u2018Naturart\u2019 \u2013como en la pasada edici\u00f3n- quedar\u00e1n expuestos al p\u00fablico hasta la siega previa a San Ferm\u00edn.<\/p>\n<p><strong>Un trabajo transversal y participativo<\/strong><\/p>\n<p>La iniciativa \u2018Naturart\u2019 busca la implicaci\u00f3n del m\u00e1ximo de agentes sociales en el dise\u00f1o de los espacios verdes p\u00fablicos y, por tanto, en la imagen de ciudad de Pamplona. En la primavera de 2018, en su primera edici\u00f3n, participaron en este proyecto 487 escolares de entre 12 y 18 a\u00f1os y sus tutores, profesores y comunidades educativas, as\u00ed como una decena de servicios de entidades locales como Burlada, Berriozar, No\u00e1in-Valle de Elorz, Aranguren, Valle de Eg\u00fc\u00e9s, Orkoien y Ansoain, adem\u00e1s de Pamplona.<\/p>\n<p>Desde el punto de vista de la organizaci\u00f3n interna es, adem\u00e1s, una iniciativa transversal que est\u00e1 tutelada por las \u00e1reas municipales de Ciudad Habitable y Vivienda, Cultura y Educaci\u00f3n y Ecolog\u00eda Urbana y Movilidad, adem\u00e1s de entidades colaboradoras como la Mancomunidad de la Comarca de Pamplona y Traperos de Ema\u00fas. \u2018Naturart\u2019 quiere plasmar el concepto de arte ef\u00edmero contempor\u00e1neo de Hiriartea, por un lado, con el esfuerzo de concienciaci\u00f3n ambiental del Servicio de Parques Jardines y Zonas Verdes y el personal de educaci\u00f3n ambiental del Ayuntamiento de Pamplona, por otro.<\/p>\n<p>&nbsp;<\/p>\n","protected":false},"excerpt":{"rendered":"<p>En los pr\u00f3ximos d\u00edas el Ayuntamiento de Pamplona invitar\u00e1 a participar a los centros escolares y a entidades locales de la Comarca<\/p>\n","protected":false},"author":1,"featured_media":18869,"comment_status":"open","ping_status":"closed","sticky":false,"template":"","format":"standard","meta":{"footnotes":""},"categories":[2],"tags":[],"class_list":["post-18868","post","type-post","status-publish","format-standard","has-post-thumbnail","hentry","category-ayuntamiento-pamplona"],"yoast_head":"<!-- This site is optimized with the Yoast SEO plugin v27.9 - https:\/\/yoast.com\/product\/yoast-seo-wordpress\/ -->\n<title>Diez jardines ef\u00edmeros sobre el Cambio clim\u00e1tico: se buscan candidaturas a la segunda edici\u00f3n de \u2018Naturart\u2019<\/title>\n<meta name=\"robots\" content=\"index, follow, max-snippet:-1, max-image-preview:large, max-video-preview:-1\" \/>\n<link rel=\"canonical\" href=\"https:\/\/www.laguiadepamplona.com\/actualidad\/diez-jardines-efimeros-sobre-el-cambio-climatico-se-buscan-candidaturas-a-la-segunda-edicion-de-naturart\/\" \/>\n<meta property=\"og:locale\" content=\"es_ES\" \/>\n<meta property=\"og:type\" content=\"article\" \/>\n<meta property=\"og:title\" content=\"Diez jardines ef\u00edmeros sobre el Cambio clim\u00e1tico: se buscan candidaturas a la segunda edici\u00f3n de \u2018Naturart\u2019\" \/>\n<meta property=\"og:description\" content=\"En los pr\u00f3ximos d\u00edas el Ayuntamiento de Pamplona invitar\u00e1 a participar a los centros escolares y a entidades locales de la Comarca\" \/>\n<meta property=\"og:url\" content=\"https:\/\/www.laguiadepamplona.com\/actualidad\/diez-jardines-efimeros-sobre-el-cambio-climatico-se-buscan-candidaturas-a-la-segunda-edicion-de-naturart\/\" \/>\n<meta property=\"og:site_name\" content=\"La Gu\u00eda de Pamplona Noticias y actualidad\" \/>\n<meta property=\"article:publisher\" content=\"https:\/\/www.facebook.com\/laguiadepamplonacom-133175176762273\/?ref=hl\" \/>\n<meta property=\"article:published_time\" content=\"2018-10-03T11:53:40+00:00\" \/>\n<meta property=\"og:image\" content=\"https:\/\/www.laguiadepamplona.com\/actualidad\/wp-content\/uploads\/2018\/10\/18.10.03_Naturart_primera_edicion.jpg\" \/>\n\t<meta property=\"og:image:width\" content=\"1000\" \/>\n\t<meta property=\"og:image:height\" content=\"667\" \/>\n\t<meta property=\"og:image:type\" content=\"image\/jpeg\" \/>\n<meta name=\"author\" content=\"La Gu\u00eda de Pamplona\" \/>\n<meta name=\"twitter:card\" content=\"summary_large_image\" \/>\n<meta name=\"twitter:creator\" content=\"@LaGuiadPamplona\" \/>\n<meta name=\"twitter:site\" content=\"@LaGuiadPamplona\" \/>\n<meta name=\"twitter:label1\" content=\"Escrito por\" \/>\n\t<meta name=\"twitter:data1\" content=\"La Gu\u00eda de Pamplona\" \/>\n\t<meta name=\"twitter:label2\" content=\"Tiempo de lectura\" \/>\n\t<meta name=\"twitter:data2\" content=\"5 minutos\" \/>\n<script type=\"application\/ld+json\" class=\"yoast-schema-graph\">{\"@context\":\"https:\\\/\\\/schema.org\",\"@graph\":[{\"@type\":\"Article\",\"@id\":\"https:\\\/\\\/www.laguiadepamplona.com\\\/actualidad\\\/diez-jardines-efimeros-sobre-el-cambio-climatico-se-buscan-candidaturas-a-la-segunda-edicion-de-naturart\\\/#article\",\"isPartOf\":{\"@id\":\"https:\\\/\\\/www.laguiadepamplona.com\\\/actualidad\\\/diez-jardines-efimeros-sobre-el-cambio-climatico-se-buscan-candidaturas-a-la-segunda-edicion-de-naturart\\\/\"},\"author\":{\"name\":\"La Gu\u00eda de Pamplona\",\"@id\":\"https:\\\/\\\/www.laguiadepamplona.com\\\/actualidad\\\/#\\\/schema\\\/person\\\/efe887376f0213d4657c93adc50b1fdb\"},\"headline\":\"Diez jardines ef\u00edmeros sobre el Cambio clim\u00e1tico: se buscan candidaturas a la segunda edici\u00f3n de \u2018Naturart\u2019\",\"datePublished\":\"2018-10-03T11:53:40+00:00\",\"mainEntityOfPage\":{\"@id\":\"https:\\\/\\\/www.laguiadepamplona.com\\\/actualidad\\\/diez-jardines-efimeros-sobre-el-cambio-climatico-se-buscan-candidaturas-a-la-segunda-edicion-de-naturart\\\/\"},\"wordCount\":933,\"commentCount\":0,\"publisher\":{\"@id\":\"https:\\\/\\\/www.laguiadepamplona.com\\\/actualidad\\\/#organization\"},\"image\":{\"@id\":\"https:\\\/\\\/www.laguiadepamplona.com\\\/actualidad\\\/diez-jardines-efimeros-sobre-el-cambio-climatico-se-buscan-candidaturas-a-la-segunda-edicion-de-naturart\\\/#primaryimage\"},\"thumbnailUrl\":\"https:\\\/\\\/www.laguiadepamplona.com\\\/actualidad\\\/wp-content\\\/uploads\\\/2018\\\/10\\\/18.10.03_Naturart_primera_edicion.jpg\",\"articleSection\":[\"Ayto Pamplona\"],\"inLanguage\":\"es\",\"potentialAction\":[{\"@type\":\"CommentAction\",\"name\":\"Comment\",\"target\":[\"https:\\\/\\\/www.laguiadepamplona.com\\\/actualidad\\\/diez-jardines-efimeros-sobre-el-cambio-climatico-se-buscan-candidaturas-a-la-segunda-edicion-de-naturart\\\/#respond\"]}]},{\"@type\":\"WebPage\",\"@id\":\"https:\\\/\\\/www.laguiadepamplona.com\\\/actualidad\\\/diez-jardines-efimeros-sobre-el-cambio-climatico-se-buscan-candidaturas-a-la-segunda-edicion-de-naturart\\\/\",\"url\":\"https:\\\/\\\/www.laguiadepamplona.com\\\/actualidad\\\/diez-jardines-efimeros-sobre-el-cambio-climatico-se-buscan-candidaturas-a-la-segunda-edicion-de-naturart\\\/\",\"name\":\"Diez jardines ef\u00edmeros sobre el Cambio clim\u00e1tico: se buscan candidaturas a la segunda edici\u00f3n de \u2018Naturart\u2019\",\"isPartOf\":{\"@id\":\"https:\\\/\\\/www.laguiadepamplona.com\\\/actualidad\\\/#website\"},\"primaryImageOfPage\":{\"@id\":\"https:\\\/\\\/www.laguiadepamplona.com\\\/actualidad\\\/diez-jardines-efimeros-sobre-el-cambio-climatico-se-buscan-candidaturas-a-la-segunda-edicion-de-naturart\\\/#primaryimage\"},\"image\":{\"@id\":\"https:\\\/\\\/www.laguiadepamplona.com\\\/actualidad\\\/diez-jardines-efimeros-sobre-el-cambio-climatico-se-buscan-candidaturas-a-la-segunda-edicion-de-naturart\\\/#primaryimage\"},\"thumbnailUrl\":\"https:\\\/\\\/www.laguiadepamplona.com\\\/actualidad\\\/wp-content\\\/uploads\\\/2018\\\/10\\\/18.10.03_Naturart_primera_edicion.jpg\",\"datePublished\":\"2018-10-03T11:53:40+00:00\",\"breadcrumb\":{\"@id\":\"https:\\\/\\\/www.laguiadepamplona.com\\\/actualidad\\\/diez-jardines-efimeros-sobre-el-cambio-climatico-se-buscan-candidaturas-a-la-segunda-edicion-de-naturart\\\/#breadcrumb\"},\"inLanguage\":\"es\",\"potentialAction\":[{\"@type\":\"ReadAction\",\"target\":[\"https:\\\/\\\/www.laguiadepamplona.com\\\/actualidad\\\/diez-jardines-efimeros-sobre-el-cambio-climatico-se-buscan-candidaturas-a-la-segunda-edicion-de-naturart\\\/\"]}]},{\"@type\":\"ImageObject\",\"inLanguage\":\"es\",\"@id\":\"https:\\\/\\\/www.laguiadepamplona.com\\\/actualidad\\\/diez-jardines-efimeros-sobre-el-cambio-climatico-se-buscan-candidaturas-a-la-segunda-edicion-de-naturart\\\/#primaryimage\",\"url\":\"https:\\\/\\\/www.laguiadepamplona.com\\\/actualidad\\\/wp-content\\\/uploads\\\/2018\\\/10\\\/18.10.03_Naturart_primera_edicion.jpg\",\"contentUrl\":\"https:\\\/\\\/www.laguiadepamplona.com\\\/actualidad\\\/wp-content\\\/uploads\\\/2018\\\/10\\\/18.10.03_Naturart_primera_edicion.jpg\",\"width\":1000,\"height\":667},{\"@type\":\"BreadcrumbList\",\"@id\":\"https:\\\/\\\/www.laguiadepamplona.com\\\/actualidad\\\/diez-jardines-efimeros-sobre-el-cambio-climatico-se-buscan-candidaturas-a-la-segunda-edicion-de-naturart\\\/#breadcrumb\",\"itemListElement\":[{\"@type\":\"ListItem\",\"position\":1,\"name\":\"Portada\",\"item\":\"https:\\\/\\\/www.laguiadepamplona.com\\\/actualidad\\\/\"},{\"@type\":\"ListItem\",\"position\":2,\"name\":\"Diez jardines ef\u00edmeros sobre el Cambio clim\u00e1tico: se buscan candidaturas a la segunda edici\u00f3n de \u2018Naturart\u2019\"}]},{\"@type\":\"WebSite\",\"@id\":\"https:\\\/\\\/www.laguiadepamplona.com\\\/actualidad\\\/#website\",\"url\":\"https:\\\/\\\/www.laguiadepamplona.com\\\/actualidad\\\/\",\"name\":\"La gu\u00eda de Pamplona\",\"description\":\"Noticias de Pamplona\",\"publisher\":{\"@id\":\"https:\\\/\\\/www.laguiadepamplona.com\\\/actualidad\\\/#organization\"},\"potentialAction\":[{\"@type\":\"SearchAction\",\"target\":{\"@type\":\"EntryPoint\",\"urlTemplate\":\"https:\\\/\\\/www.laguiadepamplona.com\\\/actualidad\\\/?s={search_term_string}\"},\"query-input\":{\"@type\":\"PropertyValueSpecification\",\"valueRequired\":true,\"valueName\":\"search_term_string\"}}],\"inLanguage\":\"es\"},{\"@type\":\"Organization\",\"@id\":\"https:\\\/\\\/www.laguiadepamplona.com\\\/actualidad\\\/#organization\",\"name\":\"La Gu\u00eda de Pamplona \\\/ Noticias\",\"url\":\"https:\\\/\\\/www.laguiadepamplona.com\\\/actualidad\\\/\",\"logo\":{\"@type\":\"ImageObject\",\"inLanguage\":\"es\",\"@id\":\"https:\\\/\\\/www.laguiadepamplona.com\\\/actualidad\\\/#\\\/schema\\\/logo\\\/image\\\/\",\"url\":\"https:\\\/\\\/www.laguiadepamplona.com\\\/actualidad\\\/wp-content\\\/uploads\\\/2018\\\/11\\\/logo-laguiadepamplona18-web1.png\",\"contentUrl\":\"https:\\\/\\\/www.laguiadepamplona.com\\\/actualidad\\\/wp-content\\\/uploads\\\/2018\\\/11\\\/logo-laguiadepamplona18-web1.png\",\"width\":600,\"height\":196,\"caption\":\"La Gu\u00eda de Pamplona \\\/ Noticias\"},\"image\":{\"@id\":\"https:\\\/\\\/www.laguiadepamplona.com\\\/actualidad\\\/#\\\/schema\\\/logo\\\/image\\\/\"},\"sameAs\":[\"https:\\\/\\\/www.facebook.com\\\/laguiadepamplonacom-133175176762273\\\/?ref=hl\",\"https:\\\/\\\/x.com\\\/LaGuiadPamplona\",\"https:\\\/\\\/www.instagram.com\\\/la_guia_de_pamplona\\\/\",\"https:\\\/\\\/www.youtube.com\\\/user\\\/laguiadepamplona\"]},{\"@type\":\"Person\",\"@id\":\"https:\\\/\\\/www.laguiadepamplona.com\\\/actualidad\\\/#\\\/schema\\\/person\\\/efe887376f0213d4657c93adc50b1fdb\",\"name\":\"La Gu\u00eda de Pamplona\",\"image\":{\"@type\":\"ImageObject\",\"inLanguage\":\"es\",\"@id\":\"https:\\\/\\\/secure.gravatar.com\\\/avatar\\\/b6992f131dc8d30ab0dff15446e9d346d9dbd95992de0fef795073f5ea83a81c?s=96&d=mm&r=g\",\"url\":\"https:\\\/\\\/secure.gravatar.com\\\/avatar\\\/b6992f131dc8d30ab0dff15446e9d346d9dbd95992de0fef795073f5ea83a81c?s=96&d=mm&r=g\",\"contentUrl\":\"https:\\\/\\\/secure.gravatar.com\\\/avatar\\\/b6992f131dc8d30ab0dff15446e9d346d9dbd95992de0fef795073f5ea83a81c?s=96&d=mm&r=g\",\"caption\":\"La Gu\u00eda de Pamplona\"}}]}<\/script>\n<!-- \/ Yoast SEO plugin. -->","yoast_head_json":{"title":"Diez jardines ef\u00edmeros sobre el Cambio clim\u00e1tico: se buscan candidaturas a la segunda edici\u00f3n de \u2018Naturart\u2019","robots":{"index":"index","follow":"follow","max-snippet":"max-snippet:-1","max-image-preview":"max-image-preview:large","max-video-preview":"max-video-preview:-1"},"canonical":"https:\/\/www.laguiadepamplona.com\/actualidad\/diez-jardines-efimeros-sobre-el-cambio-climatico-se-buscan-candidaturas-a-la-segunda-edicion-de-naturart\/","og_locale":"es_ES","og_type":"article","og_title":"Diez jardines ef\u00edmeros sobre el Cambio clim\u00e1tico: se buscan candidaturas a la segunda edici\u00f3n de \u2018Naturart\u2019","og_description":"En los pr\u00f3ximos d\u00edas el Ayuntamiento de Pamplona invitar\u00e1 a participar a los centros escolares y a entidades locales de la Comarca","og_url":"https:\/\/www.laguiadepamplona.com\/actualidad\/diez-jardines-efimeros-sobre-el-cambio-climatico-se-buscan-candidaturas-a-la-segunda-edicion-de-naturart\/","og_site_name":"La Gu\u00eda de Pamplona Noticias y actualidad","article_publisher":"https:\/\/www.facebook.com\/laguiadepamplonacom-133175176762273\/?ref=hl","article_published_time":"2018-10-03T11:53:40+00:00","og_image":[{"width":1000,"height":667,"url":"https:\/\/www.laguiadepamplona.com\/actualidad\/wp-content\/uploads\/2018\/10\/18.10.03_Naturart_primera_edicion.jpg","type":"image\/jpeg"}],"author":"La Gu\u00eda de Pamplona","twitter_card":"summary_large_image","twitter_creator":"@LaGuiadPamplona","twitter_site":"@LaGuiadPamplona","twitter_misc":{"Escrito por":"La Gu\u00eda de Pamplona","Tiempo de lectura":"5 minutos"},"schema":{"@context":"https:\/\/schema.org","@graph":[{"@type":"Article","@id":"https:\/\/www.laguiadepamplona.com\/actualidad\/diez-jardines-efimeros-sobre-el-cambio-climatico-se-buscan-candidaturas-a-la-segunda-edicion-de-naturart\/#article","isPartOf":{"@id":"https:\/\/www.laguiadepamplona.com\/actualidad\/diez-jardines-efimeros-sobre-el-cambio-climatico-se-buscan-candidaturas-a-la-segunda-edicion-de-naturart\/"},"author":{"name":"La Gu\u00eda de Pamplona","@id":"https:\/\/www.laguiadepamplona.com\/actualidad\/#\/schema\/person\/efe887376f0213d4657c93adc50b1fdb"},"headline":"Diez jardines ef\u00edmeros sobre el Cambio clim\u00e1tico: se buscan candidaturas a la segunda edici\u00f3n de \u2018Naturart\u2019","datePublished":"2018-10-03T11:53:40+00:00","mainEntityOfPage":{"@id":"https:\/\/www.laguiadepamplona.com\/actualidad\/diez-jardines-efimeros-sobre-el-cambio-climatico-se-buscan-candidaturas-a-la-segunda-edicion-de-naturart\/"},"wordCount":933,"commentCount":0,"publisher":{"@id":"https:\/\/www.laguiadepamplona.com\/actualidad\/#organization"},"image":{"@id":"https:\/\/www.laguiadepamplona.com\/actualidad\/diez-jardines-efimeros-sobre-el-cambio-climatico-se-buscan-candidaturas-a-la-segunda-edicion-de-naturart\/#primaryimage"},"thumbnailUrl":"https:\/\/www.laguiadepamplona.com\/actualidad\/wp-content\/uploads\/2018\/10\/18.10.03_Naturart_primera_edicion.jpg","articleSection":["Ayto Pamplona"],"inLanguage":"es","potentialAction":[{"@type":"CommentAction","name":"Comment","target":["https:\/\/www.laguiadepamplona.com\/actualidad\/diez-jardines-efimeros-sobre-el-cambio-climatico-se-buscan-candidaturas-a-la-segunda-edicion-de-naturart\/#respond"]}]},{"@type":"WebPage","@id":"https:\/\/www.laguiadepamplona.com\/actualidad\/diez-jardines-efimeros-sobre-el-cambio-climatico-se-buscan-candidaturas-a-la-segunda-edicion-de-naturart\/","url":"https:\/\/www.laguiadepamplona.com\/actualidad\/diez-jardines-efimeros-sobre-el-cambio-climatico-se-buscan-candidaturas-a-la-segunda-edicion-de-naturart\/","name":"Diez jardines ef\u00edmeros sobre el Cambio clim\u00e1tico: se buscan candidaturas a la segunda edici\u00f3n de \u2018Naturart\u2019","isPartOf":{"@id":"https:\/\/www.laguiadepamplona.com\/actualidad\/#website"},"primaryImageOfPage":{"@id":"https:\/\/www.laguiadepamplona.com\/actualidad\/diez-jardines-efimeros-sobre-el-cambio-climatico-se-buscan-candidaturas-a-la-segunda-edicion-de-naturart\/#primaryimage"},"image":{"@id":"https:\/\/www.laguiadepamplona.com\/actualidad\/diez-jardines-efimeros-sobre-el-cambio-climatico-se-buscan-candidaturas-a-la-segunda-edicion-de-naturart\/#primaryimage"},"thumbnailUrl":"https:\/\/www.laguiadepamplona.com\/actualidad\/wp-content\/uploads\/2018\/10\/18.10.03_Naturart_primera_edicion.jpg","datePublished":"2018-10-03T11:53:40+00:00","breadcrumb":{"@id":"https:\/\/www.laguiadepamplona.com\/actualidad\/diez-jardines-efimeros-sobre-el-cambio-climatico-se-buscan-candidaturas-a-la-segunda-edicion-de-naturart\/#breadcrumb"},"inLanguage":"es","potentialAction":[{"@type":"ReadAction","target":["https:\/\/www.laguiadepamplona.com\/actualidad\/diez-jardines-efimeros-sobre-el-cambio-climatico-se-buscan-candidaturas-a-la-segunda-edicion-de-naturart\/"]}]},{"@type":"ImageObject","inLanguage":"es","@id":"https:\/\/www.laguiadepamplona.com\/actualidad\/diez-jardines-efimeros-sobre-el-cambio-climatico-se-buscan-candidaturas-a-la-segunda-edicion-de-naturart\/#primaryimage","url":"https:\/\/www.laguiadepamplona.com\/actualidad\/wp-content\/uploads\/2018\/10\/18.10.03_Naturart_primera_edicion.jpg","contentUrl":"https:\/\/www.laguiadepamplona.com\/actualidad\/wp-content\/uploads\/2018\/10\/18.10.03_Naturart_primera_edicion.jpg","width":1000,"height":667},{"@type":"BreadcrumbList","@id":"https:\/\/www.laguiadepamplona.com\/actualidad\/diez-jardines-efimeros-sobre-el-cambio-climatico-se-buscan-candidaturas-a-la-segunda-edicion-de-naturart\/#breadcrumb","itemListElement":[{"@type":"ListItem","position":1,"name":"Portada","item":"https:\/\/www.laguiadepamplona.com\/actualidad\/"},{"@type":"ListItem","position":2,"name":"Diez jardines ef\u00edmeros sobre el Cambio clim\u00e1tico: se buscan candidaturas a la segunda edici\u00f3n de \u2018Naturart\u2019"}]},{"@type":"WebSite","@id":"https:\/\/www.laguiadepamplona.com\/actualidad\/#website","url":"https:\/\/www.laguiadepamplona.com\/actualidad\/","name":"La gu\u00eda de Pamplona","description":"Noticias de Pamplona","publisher":{"@id":"https:\/\/www.laguiadepamplona.com\/actualidad\/#organization"},"potentialAction":[{"@type":"SearchAction","target":{"@type":"EntryPoint","urlTemplate":"https:\/\/www.laguiadepamplona.com\/actualidad\/?s={search_term_string}"},"query-input":{"@type":"PropertyValueSpecification","valueRequired":true,"valueName":"search_term_string"}}],"inLanguage":"es"},{"@type":"Organization","@id":"https:\/\/www.laguiadepamplona.com\/actualidad\/#organization","name":"La Gu\u00eda de Pamplona \/ Noticias","url":"https:\/\/www.laguiadepamplona.com\/actualidad\/","logo":{"@type":"ImageObject","inLanguage":"es","@id":"https:\/\/www.laguiadepamplona.com\/actualidad\/#\/schema\/logo\/image\/","url":"https:\/\/www.laguiadepamplona.com\/actualidad\/wp-content\/uploads\/2018\/11\/logo-laguiadepamplona18-web1.png","contentUrl":"https:\/\/www.laguiadepamplona.com\/actualidad\/wp-content\/uploads\/2018\/11\/logo-laguiadepamplona18-web1.png","width":600,"height":196,"caption":"La Gu\u00eda de Pamplona \/ Noticias"},"image":{"@id":"https:\/\/www.laguiadepamplona.com\/actualidad\/#\/schema\/logo\/image\/"},"sameAs":["https:\/\/www.facebook.com\/laguiadepamplonacom-133175176762273\/?ref=hl","https:\/\/x.com\/LaGuiadPamplona","https:\/\/www.instagram.com\/la_guia_de_pamplona\/","https:\/\/www.youtube.com\/user\/laguiadepamplona"]},{"@type":"Person","@id":"https:\/\/www.laguiadepamplona.com\/actualidad\/#\/schema\/person\/efe887376f0213d4657c93adc50b1fdb","name":"La Gu\u00eda de Pamplona","image":{"@type":"ImageObject","inLanguage":"es","@id":"https:\/\/secure.gravatar.com\/avatar\/b6992f131dc8d30ab0dff15446e9d346d9dbd95992de0fef795073f5ea83a81c?s=96&d=mm&r=g","url":"https:\/\/secure.gravatar.com\/avatar\/b6992f131dc8d30ab0dff15446e9d346d9dbd95992de0fef795073f5ea83a81c?s=96&d=mm&r=g","contentUrl":"https:\/\/secure.gravatar.com\/avatar\/b6992f131dc8d30ab0dff15446e9d346d9dbd95992de0fef795073f5ea83a81c?s=96&d=mm&r=g","caption":"La Gu\u00eda de Pamplona"}}]}},"post_mailing_queue_ids":[],"_links":{"self":[{"href":"https:\/\/www.laguiadepamplona.com\/actualidad\/wp-json\/wp\/v2\/posts\/18868","targetHints":{"allow":["GET"]}}],"collection":[{"href":"https:\/\/www.laguiadepamplona.com\/actualidad\/wp-json\/wp\/v2\/posts"}],"about":[{"href":"https:\/\/www.laguiadepamplona.com\/actualidad\/wp-json\/wp\/v2\/types\/post"}],"author":[{"embeddable":true,"href":"https:\/\/www.laguiadepamplona.com\/actualidad\/wp-json\/wp\/v2\/users\/1"}],"replies":[{"embeddable":true,"href":"https:\/\/www.laguiadepamplona.com\/actualidad\/wp-json\/wp\/v2\/comments?post=18868"}],"version-history":[{"count":0,"href":"https:\/\/www.laguiadepamplona.com\/actualidad\/wp-json\/wp\/v2\/posts\/18868\/revisions"}],"wp:featuredmedia":[{"embeddable":true,"href":"https:\/\/www.laguiadepamplona.com\/actualidad\/wp-json\/wp\/v2\/media\/18869"}],"wp:attachment":[{"href":"https:\/\/www.laguiadepamplona.com\/actualidad\/wp-json\/wp\/v2\/media?parent=18868"}],"wp:term":[{"taxonomy":"category","embeddable":true,"href":"https:\/\/www.laguiadepamplona.com\/actualidad\/wp-json\/wp\/v2\/categories?post=18868"},{"taxonomy":"post_tag","embeddable":true,"href":"https:\/\/www.laguiadepamplona.com\/actualidad\/wp-json\/wp\/v2\/tags?post=18868"}],"curies":[{"name":"wp","href":"https:\/\/api.w.org\/{rel}","templated":true}]}}