{"id":18866,"date":"2018-10-03T13:51:09","date_gmt":"2018-10-03T11:51:09","guid":{"rendered":"https:\/\/www.laguiadepamplona.es\/actualidad\/?p=18866"},"modified":"2018-10-03T13:51:09","modified_gmt":"2018-10-03T11:51:09","slug":"musica-en-directo-de-aitor-etxebarria-ensemble-para-el-documental-sobre-el-80o-aniversario-del-bombardeo-de-gernika-que-se-proyecta-este-viernes-en-civivox-iturrama","status":"publish","type":"post","link":"https:\/\/www.laguiadepamplona.com\/actualidad\/musica-en-directo-de-aitor-etxebarria-ensemble-para-el-documental-sobre-el-80o-aniversario-del-bombardeo-de-gernika-que-se-proyecta-este-viernes-en-civivox-iturrama\/","title":{"rendered":"M\u00fasica en directo de Aitor Etxebarria Ensemble para el documental sobre el 80\u00ba aniversario del bombardeo de Gernika que se proyecta este viernes en Civivox Iturrama"},"content":{"rendered":"<h3>La cita, el viernes a las 20 horas en Civivox Iturrama, con entradas al precio de 6 euros<\/h3>\n<p><!--more--><\/p>\n<p>El pr\u00f3ximo viernes la muestra de expresi\u00f3n art\u00edstica contempor\u00e1nea euskera, Garaikide, propone una cita con la m\u00fasica y el cine. Aitor Etxebarria Ensemble interpretar\u00e1 en directo la banda sonora del documental sobre el 80\u00ba aniversario del bombardeo de Gernika realizado por Hannot Mintegia. Ambos, nacidos en Gernika, han llevado a cabo este proyecto personal, que se podr\u00e1 ver y escuchar a partir de las 20 horas. El documental se proyectar\u00e1 en su versi\u00f3n original en euskera con subt\u00edtulos en castellano. Las entradas se venden al precio de 6 euros en el propio civivox u on line en <a href=\"http:\/\/www.pamplonaescultura.es\/\" target=\"_blank\" rel=\"noopener\">www.pamplonaescultura.es<\/a> \/ <a href=\"http:\/\/www.iru\u00f1akulturada.es\/\" target=\"_blank\" rel=\"noopener\">www.iru\u00f1akulturada.eus<\/a>.<\/p>\n<p>La concejala delegada de Cultura y Educaci\u00f3n, Maider Beloki, y Hannot Mintegia, director del documental y m\u00fasico de la formaci\u00f3n Aitor Etxebarria Ensemble, han presentado este espect\u00e1culo. Basado en el texto publicado en 2007 por Bernardo Atxaga, \u201cMarkak\u201d es el t\u00edtulo del documental realizado por Mintegia sobre el 80\u00aa aniversario del bombardeo de Gernika. Recoge las vivencias y recuerdos que de ello tienen sus habitantes a d\u00eda de hoy en d\u00eda, los sufrimientos que todav\u00eda padecen y los procesos de sanaci\u00f3n que han instaurado, por ejemplo la conversi\u00f3n de una f\u00e1brica de armas en espacio de creaci\u00f3n art\u00edstica. La banda sonora del documental, compuesta por el m\u00fasico vasco Aitor Etxebarria, ha dado la vuelta al mundo y ha sido interpretada de la mano del propio compositor en lugares como Par\u00eds, Berl\u00edn, M\u00e9xico DF, Nueva York o en el festival S\u00f3nar de Barcelona.<\/p>\n<p><script async src=\"\/\/pagead2.googlesyndication.com\/pagead\/js\/adsbygoogle.js\"><\/script><br \/>\n<!-- Noticias La Guia de Pamplona --><br \/>\n<ins class=\"adsbygoogle\"\nstyle=\"display:block\"\ndata-ad-client=\"ca-pub-6943679897239327\"\ndata-ad-slot=\"7048180777\"\ndata-ad-format=\"auto\"><\/ins><br \/>\n<script>\n(adsbygoogle = window.adsbygoogle || []).push({});\n<\/script><\/p>\n<p>En Civivox Iturrama Aitor Etxebarria estar\u00e1 acompa\u00f1ado por 6 m\u00fasicos, entre ellos el propio director del documental, Hannot Mintegia, que ofrecer\u00e1n su concierto en directo al mismo tiempo que se proyecta el documental. Aitor Etxebarria (tambi\u00e9n conocido como El_Txef_A) es un compositor, m\u00fasico percusionista y pianista, y programador independiente. La banda sonora de \u201cGernika. Markak\u201d supuso un reto may\u00fasculo y un giro radical en su trayectoria. De hecho, empez\u00f3 tocando la bater\u00eda, aunque enseguida se sinti\u00f3 cautivado por la electr\u00f3nica y el arte de la mezcla. Hace m\u00e1s de 10 a\u00f1os empez\u00f3 el proyecto El_Txef_A, con el que ha sacado varios EPs y dos \u00e1lbumes de house narrativo y envolvente.<\/p>\n<p>Hannot Mintegia, nacido tambi\u00e9n en Gernika, adem\u00e1s de m\u00fasico (en grupos como Audience) es un documentalista de gran experiencia. Ha trabajado en la direcci\u00f3n, realizaci\u00f3n, guion, montaje y postproducci\u00f3n de varios documentales televisivos para EITB. Este documental no es la primera vez que trabajaban juntos, ya que han colaborado en un par de discos, en varias giras y en el documental \u201cJai Alai Blues\u201d para el que Etxebarria compuso varias piezas cortas.<\/p>\n<p>&nbsp;<\/p>\n<p><strong>Garaikide. Muestra de expresi\u00f3n art\u00edstica contempor\u00e1nea en euskera<\/strong><\/p>\n<ul>\n<li><strong>Viernes 5 de octubre, 20 horas. Civivox Iturrama<\/strong>\n<ul>\n<li><strong>Markak<\/strong><\/li>\n<li>Aitor Etxebarria Ensemble. Documental en euskera con subt\u00edtulos en castellano y con banda sonora en directo. Entrada: 6 \u20ac<\/li>\n<\/ul>\n<\/li>\n<li><strong>S\u00e1bado 6 de octubre, 12 y 18 horas. Civivox Iturrama<\/strong>\n<ul>\n<li><strong>Ametsetan (EnSue\u00f1os)<\/strong><\/li>\n<li>El milagro de la ni\u00f1a. Espect\u00e1culo familiar dirigido a mayores de 3 a\u00f1os. Teatro, danza, m\u00fasica, audiovisuales. Entrada: 3 \u20ac<\/li>\n<\/ul>\n<\/li>\n<li><strong>Mi\u00e9rcoles 10 de octubre, 20 horas. Sala G\u00f3tica de Civivox Condestable<\/strong>\n<ul>\n<li><strong>Tomiris<\/strong><\/li>\n<li>ATX Teatroa. Teatro. Entrada: 3 \u20ac<\/li>\n<\/ul>\n<\/li>\n<li><strong>Lunes 15 de octubre, 21 horas. Sala G\u00f3tica de Civivox Condestable<\/strong>\n<ul>\n<li><strong>Agur eta dolore <\/strong><\/li>\n<li>Ttak! Konpainia. Teatro. Entrada: 3 \u20ac<\/li>\n<\/ul>\n<\/li>\n<li><strong>Mi\u00e9rcoles 17 de octubre, 20 horas. <\/strong><strong>Civivox Mendillorri<\/strong>\n<ul>\n<li><strong>The Endgame<\/strong><\/li>\n<li>Lokke \/ Olatz de Andr\u00e9s. Danza contempor\u00e1nea. Entrada: 6 \u20ac<\/li>\n<\/ul>\n<\/li>\n<li><strong>Mi\u00e9rcoles 24 de octubre, 20 horas. Teatro Gayarre <\/strong>\n<ul>\n<li><strong>Ele!!! Lauaxeta-Lorca<\/strong><\/li>\n<li>Jon Maia, Ana Salazar, Gorka Hermosa, Jes\u00fas Prieto \u2018Pitti\u2019. En colaboraci\u00f3n con Fundaci\u00f3n Teatro Gayarre. Teatro, m\u00fasica, danza. Entrada: 8 \u20ac<\/li>\n<\/ul>\n<\/li>\n<li><strong>Domingo 28 de octubre, 19 horas. Civivox Iturrama<\/strong>\n<ul>\n<li><strong>Baserri<\/strong><\/li>\n<li>Proyecto Larrua. Danza contempor\u00e1nea. Entrada: 6 \u20ac<\/li>\n<\/ul>\n<\/li>\n<\/ul>\n<p>&nbsp;<\/p>\n","protected":false},"excerpt":{"rendered":"<p>La cita, el viernes a las 20 horas en Civivox Iturrama, con entradas al precio de 6 euros<\/p>\n","protected":false},"author":1,"featured_media":11097,"comment_status":"open","ping_status":"closed","sticky":false,"template":"","format":"standard","meta":{"footnotes":""},"categories":[2],"tags":[],"class_list":["post-18866","post","type-post","status-publish","format-standard","has-post-thumbnail","hentry","category-ayuntamiento-pamplona"],"yoast_head":"<!-- This site is optimized with the Yoast SEO plugin v27.9 - https:\/\/yoast.com\/product\/yoast-seo-wordpress\/ -->\n<title>M\u00fasica en directo de Aitor Etxebarria Ensemble para el documental sobre el 80\u00ba aniversario del bombardeo de Gernika que se proyecta este viernes en Civivox Iturrama<\/title>\n<meta name=\"robots\" content=\"index, follow, max-snippet:-1, max-image-preview:large, max-video-preview:-1\" \/>\n<link rel=\"canonical\" href=\"https:\/\/www.laguiadepamplona.com\/actualidad\/musica-en-directo-de-aitor-etxebarria-ensemble-para-el-documental-sobre-el-80o-aniversario-del-bombardeo-de-gernika-que-se-proyecta-este-viernes-en-civivox-iturrama\/\" \/>\n<meta property=\"og:locale\" content=\"es_ES\" \/>\n<meta property=\"og:type\" content=\"article\" \/>\n<meta property=\"og:title\" content=\"M\u00fasica en directo de Aitor Etxebarria Ensemble para el documental sobre el 80\u00ba aniversario del bombardeo de Gernika que se proyecta este viernes en Civivox Iturrama\" \/>\n<meta property=\"og:description\" content=\"La cita, el viernes a las 20 horas en Civivox Iturrama, con entradas al precio de 6 euros\" \/>\n<meta property=\"og:url\" content=\"https:\/\/www.laguiadepamplona.com\/actualidad\/musica-en-directo-de-aitor-etxebarria-ensemble-para-el-documental-sobre-el-80o-aniversario-del-bombardeo-de-gernika-que-se-proyecta-este-viernes-en-civivox-iturrama\/\" \/>\n<meta property=\"og:site_name\" content=\"La Gu\u00eda de Pamplona Noticias y actualidad\" \/>\n<meta property=\"article:publisher\" content=\"https:\/\/www.facebook.com\/laguiadepamplonacom-133175176762273\/?ref=hl\" \/>\n<meta property=\"article:published_time\" content=\"2018-10-03T11:51:09+00:00\" \/>\n<meta property=\"og:image\" content=\"https:\/\/www.laguiadepamplona.com\/actualidad\/wp-content\/uploads\/2016\/12\/civivox-de-iturrama.jpg\" \/>\n\t<meta property=\"og:image:width\" content=\"500\" \/>\n\t<meta property=\"og:image:height\" content=\"333\" \/>\n\t<meta property=\"og:image:type\" content=\"image\/jpeg\" \/>\n<meta name=\"author\" content=\"La Gu\u00eda de Pamplona\" \/>\n<meta name=\"twitter:card\" content=\"summary_large_image\" \/>\n<meta name=\"twitter:creator\" content=\"@LaGuiadPamplona\" \/>\n<meta name=\"twitter:site\" content=\"@LaGuiadPamplona\" \/>\n<meta name=\"twitter:label1\" content=\"Escrito por\" \/>\n\t<meta name=\"twitter:data1\" content=\"La Gu\u00eda de Pamplona\" \/>\n\t<meta name=\"twitter:label2\" content=\"Tiempo de lectura\" \/>\n\t<meta name=\"twitter:data2\" content=\"3 minutos\" \/>\n<script type=\"application\/ld+json\" class=\"yoast-schema-graph\">{\"@context\":\"https:\\\/\\\/schema.org\",\"@graph\":[{\"@type\":\"Article\",\"@id\":\"https:\\\/\\\/www.laguiadepamplona.com\\\/actualidad\\\/musica-en-directo-de-aitor-etxebarria-ensemble-para-el-documental-sobre-el-80o-aniversario-del-bombardeo-de-gernika-que-se-proyecta-este-viernes-en-civivox-iturrama\\\/#article\",\"isPartOf\":{\"@id\":\"https:\\\/\\\/www.laguiadepamplona.com\\\/actualidad\\\/musica-en-directo-de-aitor-etxebarria-ensemble-para-el-documental-sobre-el-80o-aniversario-del-bombardeo-de-gernika-que-se-proyecta-este-viernes-en-civivox-iturrama\\\/\"},\"author\":{\"name\":\"La Gu\u00eda de Pamplona\",\"@id\":\"https:\\\/\\\/www.laguiadepamplona.com\\\/actualidad\\\/#\\\/schema\\\/person\\\/efe887376f0213d4657c93adc50b1fdb\"},\"headline\":\"M\u00fasica en directo de Aitor Etxebarria Ensemble para el documental sobre el 80\u00ba aniversario del bombardeo de Gernika que se proyecta este viernes en Civivox Iturrama\",\"datePublished\":\"2018-10-03T11:51:09+00:00\",\"mainEntityOfPage\":{\"@id\":\"https:\\\/\\\/www.laguiadepamplona.com\\\/actualidad\\\/musica-en-directo-de-aitor-etxebarria-ensemble-para-el-documental-sobre-el-80o-aniversario-del-bombardeo-de-gernika-que-se-proyecta-este-viernes-en-civivox-iturrama\\\/\"},\"wordCount\":674,\"commentCount\":0,\"publisher\":{\"@id\":\"https:\\\/\\\/www.laguiadepamplona.com\\\/actualidad\\\/#organization\"},\"image\":{\"@id\":\"https:\\\/\\\/www.laguiadepamplona.com\\\/actualidad\\\/musica-en-directo-de-aitor-etxebarria-ensemble-para-el-documental-sobre-el-80o-aniversario-del-bombardeo-de-gernika-que-se-proyecta-este-viernes-en-civivox-iturrama\\\/#primaryimage\"},\"thumbnailUrl\":\"https:\\\/\\\/www.laguiadepamplona.com\\\/actualidad\\\/wp-content\\\/uploads\\\/2016\\\/12\\\/civivox-de-iturrama.jpg\",\"articleSection\":[\"Ayto Pamplona\"],\"inLanguage\":\"es\",\"potentialAction\":[{\"@type\":\"CommentAction\",\"name\":\"Comment\",\"target\":[\"https:\\\/\\\/www.laguiadepamplona.com\\\/actualidad\\\/musica-en-directo-de-aitor-etxebarria-ensemble-para-el-documental-sobre-el-80o-aniversario-del-bombardeo-de-gernika-que-se-proyecta-este-viernes-en-civivox-iturrama\\\/#respond\"]}]},{\"@type\":\"WebPage\",\"@id\":\"https:\\\/\\\/www.laguiadepamplona.com\\\/actualidad\\\/musica-en-directo-de-aitor-etxebarria-ensemble-para-el-documental-sobre-el-80o-aniversario-del-bombardeo-de-gernika-que-se-proyecta-este-viernes-en-civivox-iturrama\\\/\",\"url\":\"https:\\\/\\\/www.laguiadepamplona.com\\\/actualidad\\\/musica-en-directo-de-aitor-etxebarria-ensemble-para-el-documental-sobre-el-80o-aniversario-del-bombardeo-de-gernika-que-se-proyecta-este-viernes-en-civivox-iturrama\\\/\",\"name\":\"M\u00fasica en directo de Aitor Etxebarria Ensemble para el documental sobre el 80\u00ba aniversario del bombardeo de Gernika que se proyecta este viernes en Civivox Iturrama\",\"isPartOf\":{\"@id\":\"https:\\\/\\\/www.laguiadepamplona.com\\\/actualidad\\\/#website\"},\"primaryImageOfPage\":{\"@id\":\"https:\\\/\\\/www.laguiadepamplona.com\\\/actualidad\\\/musica-en-directo-de-aitor-etxebarria-ensemble-para-el-documental-sobre-el-80o-aniversario-del-bombardeo-de-gernika-que-se-proyecta-este-viernes-en-civivox-iturrama\\\/#primaryimage\"},\"image\":{\"@id\":\"https:\\\/\\\/www.laguiadepamplona.com\\\/actualidad\\\/musica-en-directo-de-aitor-etxebarria-ensemble-para-el-documental-sobre-el-80o-aniversario-del-bombardeo-de-gernika-que-se-proyecta-este-viernes-en-civivox-iturrama\\\/#primaryimage\"},\"thumbnailUrl\":\"https:\\\/\\\/www.laguiadepamplona.com\\\/actualidad\\\/wp-content\\\/uploads\\\/2016\\\/12\\\/civivox-de-iturrama.jpg\",\"datePublished\":\"2018-10-03T11:51:09+00:00\",\"breadcrumb\":{\"@id\":\"https:\\\/\\\/www.laguiadepamplona.com\\\/actualidad\\\/musica-en-directo-de-aitor-etxebarria-ensemble-para-el-documental-sobre-el-80o-aniversario-del-bombardeo-de-gernika-que-se-proyecta-este-viernes-en-civivox-iturrama\\\/#breadcrumb\"},\"inLanguage\":\"es\",\"potentialAction\":[{\"@type\":\"ReadAction\",\"target\":[\"https:\\\/\\\/www.laguiadepamplona.com\\\/actualidad\\\/musica-en-directo-de-aitor-etxebarria-ensemble-para-el-documental-sobre-el-80o-aniversario-del-bombardeo-de-gernika-que-se-proyecta-este-viernes-en-civivox-iturrama\\\/\"]}]},{\"@type\":\"ImageObject\",\"inLanguage\":\"es\",\"@id\":\"https:\\\/\\\/www.laguiadepamplona.com\\\/actualidad\\\/musica-en-directo-de-aitor-etxebarria-ensemble-para-el-documental-sobre-el-80o-aniversario-del-bombardeo-de-gernika-que-se-proyecta-este-viernes-en-civivox-iturrama\\\/#primaryimage\",\"url\":\"https:\\\/\\\/www.laguiadepamplona.com\\\/actualidad\\\/wp-content\\\/uploads\\\/2016\\\/12\\\/civivox-de-iturrama.jpg\",\"contentUrl\":\"https:\\\/\\\/www.laguiadepamplona.com\\\/actualidad\\\/wp-content\\\/uploads\\\/2016\\\/12\\\/civivox-de-iturrama.jpg\",\"width\":500,\"height\":333},{\"@type\":\"BreadcrumbList\",\"@id\":\"https:\\\/\\\/www.laguiadepamplona.com\\\/actualidad\\\/musica-en-directo-de-aitor-etxebarria-ensemble-para-el-documental-sobre-el-80o-aniversario-del-bombardeo-de-gernika-que-se-proyecta-este-viernes-en-civivox-iturrama\\\/#breadcrumb\",\"itemListElement\":[{\"@type\":\"ListItem\",\"position\":1,\"name\":\"Portada\",\"item\":\"https:\\\/\\\/www.laguiadepamplona.com\\\/actualidad\\\/\"},{\"@type\":\"ListItem\",\"position\":2,\"name\":\"M\u00fasica en directo de Aitor Etxebarria Ensemble para el documental sobre el 80\u00ba aniversario del bombardeo de Gernika que se proyecta este viernes en Civivox Iturrama\"}]},{\"@type\":\"WebSite\",\"@id\":\"https:\\\/\\\/www.laguiadepamplona.com\\\/actualidad\\\/#website\",\"url\":\"https:\\\/\\\/www.laguiadepamplona.com\\\/actualidad\\\/\",\"name\":\"La gu\u00eda de Pamplona\",\"description\":\"Noticias de Pamplona\",\"publisher\":{\"@id\":\"https:\\\/\\\/www.laguiadepamplona.com\\\/actualidad\\\/#organization\"},\"potentialAction\":[{\"@type\":\"SearchAction\",\"target\":{\"@type\":\"EntryPoint\",\"urlTemplate\":\"https:\\\/\\\/www.laguiadepamplona.com\\\/actualidad\\\/?s={search_term_string}\"},\"query-input\":{\"@type\":\"PropertyValueSpecification\",\"valueRequired\":true,\"valueName\":\"search_term_string\"}}],\"inLanguage\":\"es\"},{\"@type\":\"Organization\",\"@id\":\"https:\\\/\\\/www.laguiadepamplona.com\\\/actualidad\\\/#organization\",\"name\":\"La Gu\u00eda de Pamplona \\\/ Noticias\",\"url\":\"https:\\\/\\\/www.laguiadepamplona.com\\\/actualidad\\\/\",\"logo\":{\"@type\":\"ImageObject\",\"inLanguage\":\"es\",\"@id\":\"https:\\\/\\\/www.laguiadepamplona.com\\\/actualidad\\\/#\\\/schema\\\/logo\\\/image\\\/\",\"url\":\"https:\\\/\\\/www.laguiadepamplona.com\\\/actualidad\\\/wp-content\\\/uploads\\\/2018\\\/11\\\/logo-laguiadepamplona18-web1.png\",\"contentUrl\":\"https:\\\/\\\/www.laguiadepamplona.com\\\/actualidad\\\/wp-content\\\/uploads\\\/2018\\\/11\\\/logo-laguiadepamplona18-web1.png\",\"width\":600,\"height\":196,\"caption\":\"La Gu\u00eda de Pamplona \\\/ Noticias\"},\"image\":{\"@id\":\"https:\\\/\\\/www.laguiadepamplona.com\\\/actualidad\\\/#\\\/schema\\\/logo\\\/image\\\/\"},\"sameAs\":[\"https:\\\/\\\/www.facebook.com\\\/laguiadepamplonacom-133175176762273\\\/?ref=hl\",\"https:\\\/\\\/x.com\\\/LaGuiadPamplona\",\"https:\\\/\\\/www.instagram.com\\\/la_guia_de_pamplona\\\/\",\"https:\\\/\\\/www.youtube.com\\\/user\\\/laguiadepamplona\"]},{\"@type\":\"Person\",\"@id\":\"https:\\\/\\\/www.laguiadepamplona.com\\\/actualidad\\\/#\\\/schema\\\/person\\\/efe887376f0213d4657c93adc50b1fdb\",\"name\":\"La Gu\u00eda de Pamplona\",\"image\":{\"@type\":\"ImageObject\",\"inLanguage\":\"es\",\"@id\":\"https:\\\/\\\/secure.gravatar.com\\\/avatar\\\/b6992f131dc8d30ab0dff15446e9d346d9dbd95992de0fef795073f5ea83a81c?s=96&d=mm&r=g\",\"url\":\"https:\\\/\\\/secure.gravatar.com\\\/avatar\\\/b6992f131dc8d30ab0dff15446e9d346d9dbd95992de0fef795073f5ea83a81c?s=96&d=mm&r=g\",\"contentUrl\":\"https:\\\/\\\/secure.gravatar.com\\\/avatar\\\/b6992f131dc8d30ab0dff15446e9d346d9dbd95992de0fef795073f5ea83a81c?s=96&d=mm&r=g\",\"caption\":\"La Gu\u00eda de Pamplona\"}}]}<\/script>\n<!-- \/ Yoast SEO plugin. -->","yoast_head_json":{"title":"M\u00fasica en directo de Aitor Etxebarria Ensemble para el documental sobre el 80\u00ba aniversario del bombardeo de Gernika que se proyecta este viernes en Civivox Iturrama","robots":{"index":"index","follow":"follow","max-snippet":"max-snippet:-1","max-image-preview":"max-image-preview:large","max-video-preview":"max-video-preview:-1"},"canonical":"https:\/\/www.laguiadepamplona.com\/actualidad\/musica-en-directo-de-aitor-etxebarria-ensemble-para-el-documental-sobre-el-80o-aniversario-del-bombardeo-de-gernika-que-se-proyecta-este-viernes-en-civivox-iturrama\/","og_locale":"es_ES","og_type":"article","og_title":"M\u00fasica en directo de Aitor Etxebarria Ensemble para el documental sobre el 80\u00ba aniversario del bombardeo de Gernika que se proyecta este viernes en Civivox Iturrama","og_description":"La cita, el viernes a las 20 horas en Civivox Iturrama, con entradas al precio de 6 euros","og_url":"https:\/\/www.laguiadepamplona.com\/actualidad\/musica-en-directo-de-aitor-etxebarria-ensemble-para-el-documental-sobre-el-80o-aniversario-del-bombardeo-de-gernika-que-se-proyecta-este-viernes-en-civivox-iturrama\/","og_site_name":"La Gu\u00eda de Pamplona Noticias y actualidad","article_publisher":"https:\/\/www.facebook.com\/laguiadepamplonacom-133175176762273\/?ref=hl","article_published_time":"2018-10-03T11:51:09+00:00","og_image":[{"width":500,"height":333,"url":"https:\/\/www.laguiadepamplona.com\/actualidad\/wp-content\/uploads\/2016\/12\/civivox-de-iturrama.jpg","type":"image\/jpeg"}],"author":"La Gu\u00eda de Pamplona","twitter_card":"summary_large_image","twitter_creator":"@LaGuiadPamplona","twitter_site":"@LaGuiadPamplona","twitter_misc":{"Escrito por":"La Gu\u00eda de Pamplona","Tiempo de lectura":"3 minutos"},"schema":{"@context":"https:\/\/schema.org","@graph":[{"@type":"Article","@id":"https:\/\/www.laguiadepamplona.com\/actualidad\/musica-en-directo-de-aitor-etxebarria-ensemble-para-el-documental-sobre-el-80o-aniversario-del-bombardeo-de-gernika-que-se-proyecta-este-viernes-en-civivox-iturrama\/#article","isPartOf":{"@id":"https:\/\/www.laguiadepamplona.com\/actualidad\/musica-en-directo-de-aitor-etxebarria-ensemble-para-el-documental-sobre-el-80o-aniversario-del-bombardeo-de-gernika-que-se-proyecta-este-viernes-en-civivox-iturrama\/"},"author":{"name":"La Gu\u00eda de Pamplona","@id":"https:\/\/www.laguiadepamplona.com\/actualidad\/#\/schema\/person\/efe887376f0213d4657c93adc50b1fdb"},"headline":"M\u00fasica en directo de Aitor Etxebarria Ensemble para el documental sobre el 80\u00ba aniversario del bombardeo de Gernika que se proyecta este viernes en Civivox Iturrama","datePublished":"2018-10-03T11:51:09+00:00","mainEntityOfPage":{"@id":"https:\/\/www.laguiadepamplona.com\/actualidad\/musica-en-directo-de-aitor-etxebarria-ensemble-para-el-documental-sobre-el-80o-aniversario-del-bombardeo-de-gernika-que-se-proyecta-este-viernes-en-civivox-iturrama\/"},"wordCount":674,"commentCount":0,"publisher":{"@id":"https:\/\/www.laguiadepamplona.com\/actualidad\/#organization"},"image":{"@id":"https:\/\/www.laguiadepamplona.com\/actualidad\/musica-en-directo-de-aitor-etxebarria-ensemble-para-el-documental-sobre-el-80o-aniversario-del-bombardeo-de-gernika-que-se-proyecta-este-viernes-en-civivox-iturrama\/#primaryimage"},"thumbnailUrl":"https:\/\/www.laguiadepamplona.com\/actualidad\/wp-content\/uploads\/2016\/12\/civivox-de-iturrama.jpg","articleSection":["Ayto Pamplona"],"inLanguage":"es","potentialAction":[{"@type":"CommentAction","name":"Comment","target":["https:\/\/www.laguiadepamplona.com\/actualidad\/musica-en-directo-de-aitor-etxebarria-ensemble-para-el-documental-sobre-el-80o-aniversario-del-bombardeo-de-gernika-que-se-proyecta-este-viernes-en-civivox-iturrama\/#respond"]}]},{"@type":"WebPage","@id":"https:\/\/www.laguiadepamplona.com\/actualidad\/musica-en-directo-de-aitor-etxebarria-ensemble-para-el-documental-sobre-el-80o-aniversario-del-bombardeo-de-gernika-que-se-proyecta-este-viernes-en-civivox-iturrama\/","url":"https:\/\/www.laguiadepamplona.com\/actualidad\/musica-en-directo-de-aitor-etxebarria-ensemble-para-el-documental-sobre-el-80o-aniversario-del-bombardeo-de-gernika-que-se-proyecta-este-viernes-en-civivox-iturrama\/","name":"M\u00fasica en directo de Aitor Etxebarria Ensemble para el documental sobre el 80\u00ba aniversario del bombardeo de Gernika que se proyecta este viernes en Civivox Iturrama","isPartOf":{"@id":"https:\/\/www.laguiadepamplona.com\/actualidad\/#website"},"primaryImageOfPage":{"@id":"https:\/\/www.laguiadepamplona.com\/actualidad\/musica-en-directo-de-aitor-etxebarria-ensemble-para-el-documental-sobre-el-80o-aniversario-del-bombardeo-de-gernika-que-se-proyecta-este-viernes-en-civivox-iturrama\/#primaryimage"},"image":{"@id":"https:\/\/www.laguiadepamplona.com\/actualidad\/musica-en-directo-de-aitor-etxebarria-ensemble-para-el-documental-sobre-el-80o-aniversario-del-bombardeo-de-gernika-que-se-proyecta-este-viernes-en-civivox-iturrama\/#primaryimage"},"thumbnailUrl":"https:\/\/www.laguiadepamplona.com\/actualidad\/wp-content\/uploads\/2016\/12\/civivox-de-iturrama.jpg","datePublished":"2018-10-03T11:51:09+00:00","breadcrumb":{"@id":"https:\/\/www.laguiadepamplona.com\/actualidad\/musica-en-directo-de-aitor-etxebarria-ensemble-para-el-documental-sobre-el-80o-aniversario-del-bombardeo-de-gernika-que-se-proyecta-este-viernes-en-civivox-iturrama\/#breadcrumb"},"inLanguage":"es","potentialAction":[{"@type":"ReadAction","target":["https:\/\/www.laguiadepamplona.com\/actualidad\/musica-en-directo-de-aitor-etxebarria-ensemble-para-el-documental-sobre-el-80o-aniversario-del-bombardeo-de-gernika-que-se-proyecta-este-viernes-en-civivox-iturrama\/"]}]},{"@type":"ImageObject","inLanguage":"es","@id":"https:\/\/www.laguiadepamplona.com\/actualidad\/musica-en-directo-de-aitor-etxebarria-ensemble-para-el-documental-sobre-el-80o-aniversario-del-bombardeo-de-gernika-que-se-proyecta-este-viernes-en-civivox-iturrama\/#primaryimage","url":"https:\/\/www.laguiadepamplona.com\/actualidad\/wp-content\/uploads\/2016\/12\/civivox-de-iturrama.jpg","contentUrl":"https:\/\/www.laguiadepamplona.com\/actualidad\/wp-content\/uploads\/2016\/12\/civivox-de-iturrama.jpg","width":500,"height":333},{"@type":"BreadcrumbList","@id":"https:\/\/www.laguiadepamplona.com\/actualidad\/musica-en-directo-de-aitor-etxebarria-ensemble-para-el-documental-sobre-el-80o-aniversario-del-bombardeo-de-gernika-que-se-proyecta-este-viernes-en-civivox-iturrama\/#breadcrumb","itemListElement":[{"@type":"ListItem","position":1,"name":"Portada","item":"https:\/\/www.laguiadepamplona.com\/actualidad\/"},{"@type":"ListItem","position":2,"name":"M\u00fasica en directo de Aitor Etxebarria Ensemble para el documental sobre el 80\u00ba aniversario del bombardeo de Gernika que se proyecta este viernes en Civivox Iturrama"}]},{"@type":"WebSite","@id":"https:\/\/www.laguiadepamplona.com\/actualidad\/#website","url":"https:\/\/www.laguiadepamplona.com\/actualidad\/","name":"La gu\u00eda de Pamplona","description":"Noticias de Pamplona","publisher":{"@id":"https:\/\/www.laguiadepamplona.com\/actualidad\/#organization"},"potentialAction":[{"@type":"SearchAction","target":{"@type":"EntryPoint","urlTemplate":"https:\/\/www.laguiadepamplona.com\/actualidad\/?s={search_term_string}"},"query-input":{"@type":"PropertyValueSpecification","valueRequired":true,"valueName":"search_term_string"}}],"inLanguage":"es"},{"@type":"Organization","@id":"https:\/\/www.laguiadepamplona.com\/actualidad\/#organization","name":"La Gu\u00eda de Pamplona \/ Noticias","url":"https:\/\/www.laguiadepamplona.com\/actualidad\/","logo":{"@type":"ImageObject","inLanguage":"es","@id":"https:\/\/www.laguiadepamplona.com\/actualidad\/#\/schema\/logo\/image\/","url":"https:\/\/www.laguiadepamplona.com\/actualidad\/wp-content\/uploads\/2018\/11\/logo-laguiadepamplona18-web1.png","contentUrl":"https:\/\/www.laguiadepamplona.com\/actualidad\/wp-content\/uploads\/2018\/11\/logo-laguiadepamplona18-web1.png","width":600,"height":196,"caption":"La Gu\u00eda de Pamplona \/ Noticias"},"image":{"@id":"https:\/\/www.laguiadepamplona.com\/actualidad\/#\/schema\/logo\/image\/"},"sameAs":["https:\/\/www.facebook.com\/laguiadepamplonacom-133175176762273\/?ref=hl","https:\/\/x.com\/LaGuiadPamplona","https:\/\/www.instagram.com\/la_guia_de_pamplona\/","https:\/\/www.youtube.com\/user\/laguiadepamplona"]},{"@type":"Person","@id":"https:\/\/www.laguiadepamplona.com\/actualidad\/#\/schema\/person\/efe887376f0213d4657c93adc50b1fdb","name":"La Gu\u00eda de Pamplona","image":{"@type":"ImageObject","inLanguage":"es","@id":"https:\/\/secure.gravatar.com\/avatar\/b6992f131dc8d30ab0dff15446e9d346d9dbd95992de0fef795073f5ea83a81c?s=96&d=mm&r=g","url":"https:\/\/secure.gravatar.com\/avatar\/b6992f131dc8d30ab0dff15446e9d346d9dbd95992de0fef795073f5ea83a81c?s=96&d=mm&r=g","contentUrl":"https:\/\/secure.gravatar.com\/avatar\/b6992f131dc8d30ab0dff15446e9d346d9dbd95992de0fef795073f5ea83a81c?s=96&d=mm&r=g","caption":"La Gu\u00eda de Pamplona"}}]}},"post_mailing_queue_ids":[],"_links":{"self":[{"href":"https:\/\/www.laguiadepamplona.com\/actualidad\/wp-json\/wp\/v2\/posts\/18866","targetHints":{"allow":["GET"]}}],"collection":[{"href":"https:\/\/www.laguiadepamplona.com\/actualidad\/wp-json\/wp\/v2\/posts"}],"about":[{"href":"https:\/\/www.laguiadepamplona.com\/actualidad\/wp-json\/wp\/v2\/types\/post"}],"author":[{"embeddable":true,"href":"https:\/\/www.laguiadepamplona.com\/actualidad\/wp-json\/wp\/v2\/users\/1"}],"replies":[{"embeddable":true,"href":"https:\/\/www.laguiadepamplona.com\/actualidad\/wp-json\/wp\/v2\/comments?post=18866"}],"version-history":[{"count":0,"href":"https:\/\/www.laguiadepamplona.com\/actualidad\/wp-json\/wp\/v2\/posts\/18866\/revisions"}],"wp:featuredmedia":[{"embeddable":true,"href":"https:\/\/www.laguiadepamplona.com\/actualidad\/wp-json\/wp\/v2\/media\/11097"}],"wp:attachment":[{"href":"https:\/\/www.laguiadepamplona.com\/actualidad\/wp-json\/wp\/v2\/media?parent=18866"}],"wp:term":[{"taxonomy":"category","embeddable":true,"href":"https:\/\/www.laguiadepamplona.com\/actualidad\/wp-json\/wp\/v2\/categories?post=18866"},{"taxonomy":"post_tag","embeddable":true,"href":"https:\/\/www.laguiadepamplona.com\/actualidad\/wp-json\/wp\/v2\/tags?post=18866"}],"curies":[{"name":"wp","href":"https:\/\/api.w.org\/{rel}","templated":true}]}}