{"id":18853,"date":"2018-10-02T11:41:54","date_gmt":"2018-10-02T09:41:54","guid":{"rendered":"https:\/\/www.laguiadepamplona.es\/actualidad\/?p=18853"},"modified":"2018-10-02T11:41:54","modified_gmt":"2018-10-02T09:41:54","slug":"mugmus-laborategia-homenajea-a-jorge-oteiza-este-miercoles-con-el-estreno-de-la-version-teatral-de-esku-harriak-oteizaren-haria-dentro-de-la-muestra-garaikide","status":"publish","type":"post","link":"https:\/\/www.laguiadepamplona.com\/actualidad\/mugmus-laborategia-homenajea-a-jorge-oteiza-este-miercoles-con-el-estreno-de-la-version-teatral-de-esku-harriak-oteizaren-haria-dentro-de-la-muestra-garaikide\/","title":{"rendered":"MugMus Laborategia homenajea a Jorge Oteiza este mi\u00e9rcoles con el estreno de la versi\u00f3n teatral de \u201cEsku harriak: Oteizaren (h)aria\u201d, dentro de la muestra Garaikide"},"content":{"rendered":"<h3>Civivox Mendillorri acoge este espect\u00e1culo de danza, m\u00fasica, escultura y bertsolarismo a partir de las 20 horas, con entrada al precio de 6 euros<\/h3>\n<p><!--more--><\/p>\n<p>La segunda cita de la muestra de expresi\u00f3n art\u00edstica contempor\u00e1nea en euskera, Garaikide, tendr\u00e1 como protagonista al escultor Jorge Oteiza. La compa\u00f1\u00eda MugMus Laborategia estrena ma\u00f1ana mi\u00e9rcoles en Civivox Mendillorri la versi\u00f3n teatral de la obra \u201cEsku harriak: Oteizaren (h)aria\u201d, a partir de las 20 horas. Danza, m\u00fasica en directo, escultura y bertsolarismo se funden en un espect\u00e1culo que ofrece un relectura del imaginario trabajado por el artista a lo largo de su vida. Las entradas se venden a un precio de 6 euros.<\/p>\n<p>En este 2018 Oteiza hubiera cumplido 110 a\u00f1os. Por ello, MugMus laboratorio de danza contempor\u00e1nea ha preparado un espect\u00e1culo con referencias a elementos fundamentales en la obra y vida art\u00edstica de Oteiza como el cromlech, el vac\u00edo, el profundo y amoldable uso del espacio, la desocupaci\u00f3n, la escultura, la colecci\u00f3n Laboratorio de Tizas, la m\u00fasica serial y concreta, el bertsolari, la txalaparta, Ez Dok Hamairu, la palabra, el \u201cni\u00f1o\u201d&#8230; De esta forma se quiere recordar y reconstruir su amplio y particular universo.<\/p>\n<p>MugMus Laborategia, asociaci\u00f3n cultural para la m\u00fasica y el movimiento, es un proyecto pedag\u00f3gico y art\u00edstico de Be\u00f1at Ralla en el que se pretende trabajar la interdisciplinariedad entre expresiones art\u00edsticas diferentes. Ralla es un m\u00fasico formado en el Pa\u00eds Vasco y Suiza. Curs\u00f3 estudios de Pedagog\u00eda de la M\u00fasica en Musikene, para posteriormente graduarse y realizar un master en \u201cR\u00edtmica Dalcroze\u201d (el m\u00e9todo Dalcroze ense\u00f1a conceptos musicales a trav\u00e9s del movimiento) en el Conservatorio Superior de M\u00fasica de Geneva (Suiza). En la actualidad es profesor de m\u00fasica en ense\u00f1anza secundaria y tambi\u00e9n en la universidad.<\/p>\n<p><script async src=\"\/\/pagead2.googlesyndication.com\/pagead\/js\/adsbygoogle.js\"><\/script><br \/>\n<!-- Noticias La Guia de Pamplona --><br \/>\n<ins class=\"adsbygoogle\"\nstyle=\"display:block\"\ndata-ad-client=\"ca-pub-6943679897239327\"\ndata-ad-slot=\"7048180777\"\ndata-ad-format=\"auto\"><\/ins><br \/>\n<script>\n(adsbygoogle = window.adsbygoogle || []).push({});\n<\/script><\/p>\n<p><strong>Colaboraciones en este proyecto<\/strong><\/p>\n<p>Para esta versi\u00f3n teatral, Be\u00f1at Ralla ha contado con la colaboraci\u00f3n de los bailarines Jone Amezaga e Ioritz Galarraga, con el m\u00fasico I\u00f1ar Sastre, con Eneko Balerdi como asesor de movimiento y con los bertsos grabados de Amets Arzallus. Jone Amezaga es una joven bailarina formada en ballet cl\u00e1sico y neocl\u00e1sico y danza contempor\u00e1nea. Ha participado en diferentes espect\u00e1culos con la compa\u00f1\u00eda de danza contempor\u00e1nea Dantzaz Konpainia, una plataforma internacional pionera en el \u00e1mbito de las artes del movimiento, que ha ofrecido sus espect\u00e1culos en Espa\u00f1a, Francia, Italia, Alemania, Polonia, Dinamarca, Rep\u00fablica Checa, Suiza o Argelia, entre otros lugares. Ioritz Galarraga, por su parte, se inicia desde muy peque\u00f1o en el mundo de la danza en el grupo Oinkari. Ha bailado en diferentes actuaciones por toda Europa junto a esta compa\u00f1\u00eda y el grupo de folk vizca\u00edno Korrontzi. En la actualidad act\u00faa con la compa\u00f1\u00eda de danza contempor\u00e1nea Dantzaz Konpainia.<\/p>\n<p>I\u00f1ar Sastre es licenciado en Piano en Musikene. Se ha formado en improvisaci\u00f3n y jazz en el Conservatoire National Sup\u00e9rieur de Musique et de Danse de Par\u00eds. Complementa sus estudios de m\u00fasica cl\u00e1sica con los estudios de piano jazz en el Conservatoire Ravel de Par\u00eds. Ha trabajado como pianista en directo en una sala de cine mudo en Par\u00eds y es pianista fijo de Tabakalera de Donosti. Ha publicado tres discos como solista y compuesto m\u00fasica tanto para documentales, para televisi\u00f3n y para espect\u00e1culos de danza.<\/p>\n<p>Eneko Balerdi completa estudios de Danza Contempor\u00e1nea y Direcci\u00f3n Esc\u00e9nica en Londres y, posteriormente, se forma en Psicolog\u00eda de la Educaci\u00f3n. Trabaja como profesor de Universidad. Ha realizado diferentes trabajos de coreograf\u00eda y danza en compa\u00f1\u00edas como Huezin y Organik, en espect\u00e1culos como \u201cCarneros\u201d o \u201cTxapeldun\u201d, junto al acordeonista Kepa Junkera.<\/p>\n<p>&nbsp;<\/p>\n<p><strong>Garaikide. Muestra de expresi\u00f3n art\u00edstica contempor\u00e1nea en euskera<\/strong><\/p>\n<ul>\n<li><strong>Mi\u00e9rcoles 3 de octubre, 20 horas. Civivox Mendillorri<\/strong>\n<ul>\n<li><strong>Esku harriak: Oteizaren (h)aria<\/strong><\/li>\n<li>MugMus Laborategia. Danza, m\u00fasica, escultura, bertsolarismo. Entrada: 6 \u20ac<\/li>\n<\/ul>\n<\/li>\n<li><strong>Viernes 5 de octubre, 20 horas. Civivox Iturrama<\/strong>\n<ul>\n<li><strong>Markak<\/strong><\/li>\n<li>Aitor Etxebarria Ensemble. Documental en euskera con subt\u00edtulos en castellano y con banda sonora en directo. Entrada: 6 \u20ac<\/li>\n<\/ul>\n<\/li>\n<li><strong>S\u00e1bado 6 de octubre, 12 y 18 horas. Civivox Iturrama<\/strong>\n<ul>\n<li><strong>Ametsetan (EnSue\u00f1os)<\/strong><\/li>\n<li>El milagro de la ni\u00f1a. Espect\u00e1culo familiar dirigido a mayores de 3 a\u00f1os. Teatro, danza, m\u00fasica, audiovisuales. Entrada: 3 \u20ac<\/li>\n<\/ul>\n<\/li>\n<li><strong>Mi\u00e9rcoles 10 de octubre, 20 horas. Sala G\u00f3tica de Civivox Condestable<\/strong>\n<ul>\n<li><strong>Tomiris<\/strong><\/li>\n<li>ATX Teatroa. Teatro. Entrada: 3 \u20ac<\/li>\n<\/ul>\n<\/li>\n<li><strong>Lunes 15 de octubre, 21 horas. Sala G\u00f3tica de Civivox Condestable<\/strong>\n<ul>\n<li><strong>Agur eta dolore <\/strong><\/li>\n<li>Ttak! Konpainia. Teatro. Entrada: 3 \u20ac<\/li>\n<\/ul>\n<\/li>\n<li><strong>Mi\u00e9rcoles 17 de octubre, 20 horas. <\/strong><strong>Civivox Mendillorri<\/strong>\n<ul>\n<li><strong>The Endgame<\/strong><\/li>\n<li>Lokke \/ Olatz de Andr\u00e9s. Danza contempor\u00e1nea. Entrada: 6 \u20ac<\/li>\n<\/ul>\n<\/li>\n<li><strong>Mi\u00e9rcoles 24 de octubre, 20 horas. Teatro Gayarre <\/strong>\n<ul>\n<li><strong>Ele!!! Lauaxeta-Lorca<\/strong><\/li>\n<li>Jon Maia, Ana Salazar, Gorka Hermosa, Jes\u00fas Prieto \u2018Pitti\u2019. En colaboraci\u00f3n con Fundaci\u00f3n Teatro Gayarre. Teatro, m\u00fasica, danza. Entrada: 8 \u20ac<\/li>\n<\/ul>\n<\/li>\n<li><strong>Domingo 28 de octubre, 19 horas. Civivox Iturrama<\/strong>\n<ul>\n<li><strong>Baserri<\/strong><\/li>\n<li>Proyecto Larrua. Danza contempor\u00e1nea. Entrada: 6 \u20ac<\/li>\n<\/ul>\n<\/li>\n<\/ul>\n<p>&nbsp;<\/p>\n","protected":false},"excerpt":{"rendered":"<p>Civivox Mendillorri acoge este espect\u00e1culo de danza, m\u00fasica, escultura y bertsolarismo a partir de las 20 horas, con entrada al precio de 6 euros<\/p>\n","protected":false},"author":1,"featured_media":11011,"comment_status":"open","ping_status":"closed","sticky":false,"template":"","format":"standard","meta":{"footnotes":""},"categories":[2],"tags":[],"class_list":["post-18853","post","type-post","status-publish","format-standard","has-post-thumbnail","hentry","category-ayuntamiento-pamplona"],"yoast_head":"<!-- This site is optimized with the Yoast SEO plugin v27.9 - https:\/\/yoast.com\/product\/yoast-seo-wordpress\/ -->\n<title>MugMus Laborategia homenajea a Jorge Oteiza este mi\u00e9rcoles con el estreno de la versi\u00f3n teatral de \u201cEsku harriak: Oteizaren (h)aria\u201d, dentro de la muestra Garaikide<\/title>\n<meta name=\"robots\" content=\"index, follow, max-snippet:-1, max-image-preview:large, max-video-preview:-1\" \/>\n<link rel=\"canonical\" href=\"https:\/\/www.laguiadepamplona.com\/actualidad\/mugmus-laborategia-homenajea-a-jorge-oteiza-este-miercoles-con-el-estreno-de-la-version-teatral-de-esku-harriak-oteizaren-haria-dentro-de-la-muestra-garaikide\/\" \/>\n<meta property=\"og:locale\" content=\"es_ES\" \/>\n<meta property=\"og:type\" content=\"article\" \/>\n<meta property=\"og:title\" content=\"MugMus Laborategia homenajea a Jorge Oteiza este mi\u00e9rcoles con el estreno de la versi\u00f3n teatral de \u201cEsku harriak: Oteizaren (h)aria\u201d, dentro de la muestra Garaikide\" \/>\n<meta property=\"og:description\" content=\"Civivox Mendillorri acoge este espect\u00e1culo de danza, m\u00fasica, escultura y bertsolarismo a partir de las 20 horas, con entrada al precio de 6 euros\" \/>\n<meta property=\"og:url\" content=\"https:\/\/www.laguiadepamplona.com\/actualidad\/mugmus-laborategia-homenajea-a-jorge-oteiza-este-miercoles-con-el-estreno-de-la-version-teatral-de-esku-harriak-oteizaren-haria-dentro-de-la-muestra-garaikide\/\" \/>\n<meta property=\"og:site_name\" content=\"La Gu\u00eda de Pamplona Noticias y actualidad\" \/>\n<meta property=\"article:publisher\" content=\"https:\/\/www.facebook.com\/laguiadepamplonacom-133175176762273\/?ref=hl\" \/>\n<meta property=\"article:published_time\" content=\"2018-10-02T09:41:54+00:00\" \/>\n<meta property=\"og:image\" content=\"https:\/\/www.laguiadepamplona.com\/actualidad\/wp-content\/uploads\/2016\/12\/civivox-mendillorri.jpg\" \/>\n\t<meta property=\"og:image:width\" content=\"870\" \/>\n\t<meta property=\"og:image:height\" content=\"390\" \/>\n\t<meta property=\"og:image:type\" content=\"image\/jpeg\" \/>\n<meta name=\"author\" content=\"La Gu\u00eda de Pamplona\" \/>\n<meta name=\"twitter:card\" content=\"summary_large_image\" \/>\n<meta name=\"twitter:creator\" content=\"@LaGuiadPamplona\" \/>\n<meta name=\"twitter:site\" content=\"@LaGuiadPamplona\" \/>\n<meta name=\"twitter:label1\" content=\"Escrito por\" \/>\n\t<meta name=\"twitter:data1\" content=\"La Gu\u00eda de Pamplona\" \/>\n\t<meta name=\"twitter:label2\" content=\"Tiempo de lectura\" \/>\n\t<meta name=\"twitter:data2\" content=\"4 minutos\" \/>\n<script type=\"application\/ld+json\" class=\"yoast-schema-graph\">{\"@context\":\"https:\\\/\\\/schema.org\",\"@graph\":[{\"@type\":\"Article\",\"@id\":\"https:\\\/\\\/www.laguiadepamplona.com\\\/actualidad\\\/mugmus-laborategia-homenajea-a-jorge-oteiza-este-miercoles-con-el-estreno-de-la-version-teatral-de-esku-harriak-oteizaren-haria-dentro-de-la-muestra-garaikide\\\/#article\",\"isPartOf\":{\"@id\":\"https:\\\/\\\/www.laguiadepamplona.com\\\/actualidad\\\/mugmus-laborategia-homenajea-a-jorge-oteiza-este-miercoles-con-el-estreno-de-la-version-teatral-de-esku-harriak-oteizaren-haria-dentro-de-la-muestra-garaikide\\\/\"},\"author\":{\"name\":\"La Gu\u00eda de Pamplona\",\"@id\":\"https:\\\/\\\/www.laguiadepamplona.com\\\/actualidad\\\/#\\\/schema\\\/person\\\/efe887376f0213d4657c93adc50b1fdb\"},\"headline\":\"MugMus Laborategia homenajea a Jorge Oteiza este mi\u00e9rcoles con el estreno de la versi\u00f3n teatral de \u201cEsku harriak: Oteizaren (h)aria\u201d, dentro de la muestra Garaikide\",\"datePublished\":\"2018-10-02T09:41:54+00:00\",\"mainEntityOfPage\":{\"@id\":\"https:\\\/\\\/www.laguiadepamplona.com\\\/actualidad\\\/mugmus-laborategia-homenajea-a-jorge-oteiza-este-miercoles-con-el-estreno-de-la-version-teatral-de-esku-harriak-oteizaren-haria-dentro-de-la-muestra-garaikide\\\/\"},\"wordCount\":862,\"commentCount\":0,\"publisher\":{\"@id\":\"https:\\\/\\\/www.laguiadepamplona.com\\\/actualidad\\\/#organization\"},\"image\":{\"@id\":\"https:\\\/\\\/www.laguiadepamplona.com\\\/actualidad\\\/mugmus-laborategia-homenajea-a-jorge-oteiza-este-miercoles-con-el-estreno-de-la-version-teatral-de-esku-harriak-oteizaren-haria-dentro-de-la-muestra-garaikide\\\/#primaryimage\"},\"thumbnailUrl\":\"https:\\\/\\\/www.laguiadepamplona.com\\\/actualidad\\\/wp-content\\\/uploads\\\/2016\\\/12\\\/civivox-mendillorri.jpg\",\"articleSection\":[\"Ayto Pamplona\"],\"inLanguage\":\"es\",\"potentialAction\":[{\"@type\":\"CommentAction\",\"name\":\"Comment\",\"target\":[\"https:\\\/\\\/www.laguiadepamplona.com\\\/actualidad\\\/mugmus-laborategia-homenajea-a-jorge-oteiza-este-miercoles-con-el-estreno-de-la-version-teatral-de-esku-harriak-oteizaren-haria-dentro-de-la-muestra-garaikide\\\/#respond\"]}]},{\"@type\":\"WebPage\",\"@id\":\"https:\\\/\\\/www.laguiadepamplona.com\\\/actualidad\\\/mugmus-laborategia-homenajea-a-jorge-oteiza-este-miercoles-con-el-estreno-de-la-version-teatral-de-esku-harriak-oteizaren-haria-dentro-de-la-muestra-garaikide\\\/\",\"url\":\"https:\\\/\\\/www.laguiadepamplona.com\\\/actualidad\\\/mugmus-laborategia-homenajea-a-jorge-oteiza-este-miercoles-con-el-estreno-de-la-version-teatral-de-esku-harriak-oteizaren-haria-dentro-de-la-muestra-garaikide\\\/\",\"name\":\"MugMus Laborategia homenajea a Jorge Oteiza este mi\u00e9rcoles con el estreno de la versi\u00f3n teatral de \u201cEsku harriak: Oteizaren (h)aria\u201d, dentro de la muestra Garaikide\",\"isPartOf\":{\"@id\":\"https:\\\/\\\/www.laguiadepamplona.com\\\/actualidad\\\/#website\"},\"primaryImageOfPage\":{\"@id\":\"https:\\\/\\\/www.laguiadepamplona.com\\\/actualidad\\\/mugmus-laborategia-homenajea-a-jorge-oteiza-este-miercoles-con-el-estreno-de-la-version-teatral-de-esku-harriak-oteizaren-haria-dentro-de-la-muestra-garaikide\\\/#primaryimage\"},\"image\":{\"@id\":\"https:\\\/\\\/www.laguiadepamplona.com\\\/actualidad\\\/mugmus-laborategia-homenajea-a-jorge-oteiza-este-miercoles-con-el-estreno-de-la-version-teatral-de-esku-harriak-oteizaren-haria-dentro-de-la-muestra-garaikide\\\/#primaryimage\"},\"thumbnailUrl\":\"https:\\\/\\\/www.laguiadepamplona.com\\\/actualidad\\\/wp-content\\\/uploads\\\/2016\\\/12\\\/civivox-mendillorri.jpg\",\"datePublished\":\"2018-10-02T09:41:54+00:00\",\"breadcrumb\":{\"@id\":\"https:\\\/\\\/www.laguiadepamplona.com\\\/actualidad\\\/mugmus-laborategia-homenajea-a-jorge-oteiza-este-miercoles-con-el-estreno-de-la-version-teatral-de-esku-harriak-oteizaren-haria-dentro-de-la-muestra-garaikide\\\/#breadcrumb\"},\"inLanguage\":\"es\",\"potentialAction\":[{\"@type\":\"ReadAction\",\"target\":[\"https:\\\/\\\/www.laguiadepamplona.com\\\/actualidad\\\/mugmus-laborategia-homenajea-a-jorge-oteiza-este-miercoles-con-el-estreno-de-la-version-teatral-de-esku-harriak-oteizaren-haria-dentro-de-la-muestra-garaikide\\\/\"]}]},{\"@type\":\"ImageObject\",\"inLanguage\":\"es\",\"@id\":\"https:\\\/\\\/www.laguiadepamplona.com\\\/actualidad\\\/mugmus-laborategia-homenajea-a-jorge-oteiza-este-miercoles-con-el-estreno-de-la-version-teatral-de-esku-harriak-oteizaren-haria-dentro-de-la-muestra-garaikide\\\/#primaryimage\",\"url\":\"https:\\\/\\\/www.laguiadepamplona.com\\\/actualidad\\\/wp-content\\\/uploads\\\/2016\\\/12\\\/civivox-mendillorri.jpg\",\"contentUrl\":\"https:\\\/\\\/www.laguiadepamplona.com\\\/actualidad\\\/wp-content\\\/uploads\\\/2016\\\/12\\\/civivox-mendillorri.jpg\",\"width\":870,\"height\":390},{\"@type\":\"BreadcrumbList\",\"@id\":\"https:\\\/\\\/www.laguiadepamplona.com\\\/actualidad\\\/mugmus-laborategia-homenajea-a-jorge-oteiza-este-miercoles-con-el-estreno-de-la-version-teatral-de-esku-harriak-oteizaren-haria-dentro-de-la-muestra-garaikide\\\/#breadcrumb\",\"itemListElement\":[{\"@type\":\"ListItem\",\"position\":1,\"name\":\"Portada\",\"item\":\"https:\\\/\\\/www.laguiadepamplona.com\\\/actualidad\\\/\"},{\"@type\":\"ListItem\",\"position\":2,\"name\":\"MugMus Laborategia homenajea a Jorge Oteiza este mi\u00e9rcoles con el estreno de la versi\u00f3n teatral de \u201cEsku harriak: Oteizaren (h)aria\u201d, dentro de la muestra Garaikide\"}]},{\"@type\":\"WebSite\",\"@id\":\"https:\\\/\\\/www.laguiadepamplona.com\\\/actualidad\\\/#website\",\"url\":\"https:\\\/\\\/www.laguiadepamplona.com\\\/actualidad\\\/\",\"name\":\"La gu\u00eda de Pamplona\",\"description\":\"Noticias de Pamplona\",\"publisher\":{\"@id\":\"https:\\\/\\\/www.laguiadepamplona.com\\\/actualidad\\\/#organization\"},\"potentialAction\":[{\"@type\":\"SearchAction\",\"target\":{\"@type\":\"EntryPoint\",\"urlTemplate\":\"https:\\\/\\\/www.laguiadepamplona.com\\\/actualidad\\\/?s={search_term_string}\"},\"query-input\":{\"@type\":\"PropertyValueSpecification\",\"valueRequired\":true,\"valueName\":\"search_term_string\"}}],\"inLanguage\":\"es\"},{\"@type\":\"Organization\",\"@id\":\"https:\\\/\\\/www.laguiadepamplona.com\\\/actualidad\\\/#organization\",\"name\":\"La Gu\u00eda de Pamplona \\\/ Noticias\",\"url\":\"https:\\\/\\\/www.laguiadepamplona.com\\\/actualidad\\\/\",\"logo\":{\"@type\":\"ImageObject\",\"inLanguage\":\"es\",\"@id\":\"https:\\\/\\\/www.laguiadepamplona.com\\\/actualidad\\\/#\\\/schema\\\/logo\\\/image\\\/\",\"url\":\"https:\\\/\\\/www.laguiadepamplona.com\\\/actualidad\\\/wp-content\\\/uploads\\\/2018\\\/11\\\/logo-laguiadepamplona18-web1.png\",\"contentUrl\":\"https:\\\/\\\/www.laguiadepamplona.com\\\/actualidad\\\/wp-content\\\/uploads\\\/2018\\\/11\\\/logo-laguiadepamplona18-web1.png\",\"width\":600,\"height\":196,\"caption\":\"La Gu\u00eda de Pamplona \\\/ Noticias\"},\"image\":{\"@id\":\"https:\\\/\\\/www.laguiadepamplona.com\\\/actualidad\\\/#\\\/schema\\\/logo\\\/image\\\/\"},\"sameAs\":[\"https:\\\/\\\/www.facebook.com\\\/laguiadepamplonacom-133175176762273\\\/?ref=hl\",\"https:\\\/\\\/x.com\\\/LaGuiadPamplona\",\"https:\\\/\\\/www.instagram.com\\\/la_guia_de_pamplona\\\/\",\"https:\\\/\\\/www.youtube.com\\\/user\\\/laguiadepamplona\"]},{\"@type\":\"Person\",\"@id\":\"https:\\\/\\\/www.laguiadepamplona.com\\\/actualidad\\\/#\\\/schema\\\/person\\\/efe887376f0213d4657c93adc50b1fdb\",\"name\":\"La Gu\u00eda de Pamplona\",\"image\":{\"@type\":\"ImageObject\",\"inLanguage\":\"es\",\"@id\":\"https:\\\/\\\/secure.gravatar.com\\\/avatar\\\/b6992f131dc8d30ab0dff15446e9d346d9dbd95992de0fef795073f5ea83a81c?s=96&d=mm&r=g\",\"url\":\"https:\\\/\\\/secure.gravatar.com\\\/avatar\\\/b6992f131dc8d30ab0dff15446e9d346d9dbd95992de0fef795073f5ea83a81c?s=96&d=mm&r=g\",\"contentUrl\":\"https:\\\/\\\/secure.gravatar.com\\\/avatar\\\/b6992f131dc8d30ab0dff15446e9d346d9dbd95992de0fef795073f5ea83a81c?s=96&d=mm&r=g\",\"caption\":\"La Gu\u00eda de Pamplona\"}}]}<\/script>\n<!-- \/ Yoast SEO plugin. -->","yoast_head_json":{"title":"MugMus Laborategia homenajea a Jorge Oteiza este mi\u00e9rcoles con el estreno de la versi\u00f3n teatral de \u201cEsku harriak: Oteizaren (h)aria\u201d, dentro de la muestra Garaikide","robots":{"index":"index","follow":"follow","max-snippet":"max-snippet:-1","max-image-preview":"max-image-preview:large","max-video-preview":"max-video-preview:-1"},"canonical":"https:\/\/www.laguiadepamplona.com\/actualidad\/mugmus-laborategia-homenajea-a-jorge-oteiza-este-miercoles-con-el-estreno-de-la-version-teatral-de-esku-harriak-oteizaren-haria-dentro-de-la-muestra-garaikide\/","og_locale":"es_ES","og_type":"article","og_title":"MugMus Laborategia homenajea a Jorge Oteiza este mi\u00e9rcoles con el estreno de la versi\u00f3n teatral de \u201cEsku harriak: Oteizaren (h)aria\u201d, dentro de la muestra Garaikide","og_description":"Civivox Mendillorri acoge este espect\u00e1culo de danza, m\u00fasica, escultura y bertsolarismo a partir de las 20 horas, con entrada al precio de 6 euros","og_url":"https:\/\/www.laguiadepamplona.com\/actualidad\/mugmus-laborategia-homenajea-a-jorge-oteiza-este-miercoles-con-el-estreno-de-la-version-teatral-de-esku-harriak-oteizaren-haria-dentro-de-la-muestra-garaikide\/","og_site_name":"La Gu\u00eda de Pamplona Noticias y actualidad","article_publisher":"https:\/\/www.facebook.com\/laguiadepamplonacom-133175176762273\/?ref=hl","article_published_time":"2018-10-02T09:41:54+00:00","og_image":[{"width":870,"height":390,"url":"https:\/\/www.laguiadepamplona.com\/actualidad\/wp-content\/uploads\/2016\/12\/civivox-mendillorri.jpg","type":"image\/jpeg"}],"author":"La Gu\u00eda de Pamplona","twitter_card":"summary_large_image","twitter_creator":"@LaGuiadPamplona","twitter_site":"@LaGuiadPamplona","twitter_misc":{"Escrito por":"La Gu\u00eda de Pamplona","Tiempo de lectura":"4 minutos"},"schema":{"@context":"https:\/\/schema.org","@graph":[{"@type":"Article","@id":"https:\/\/www.laguiadepamplona.com\/actualidad\/mugmus-laborategia-homenajea-a-jorge-oteiza-este-miercoles-con-el-estreno-de-la-version-teatral-de-esku-harriak-oteizaren-haria-dentro-de-la-muestra-garaikide\/#article","isPartOf":{"@id":"https:\/\/www.laguiadepamplona.com\/actualidad\/mugmus-laborategia-homenajea-a-jorge-oteiza-este-miercoles-con-el-estreno-de-la-version-teatral-de-esku-harriak-oteizaren-haria-dentro-de-la-muestra-garaikide\/"},"author":{"name":"La Gu\u00eda de Pamplona","@id":"https:\/\/www.laguiadepamplona.com\/actualidad\/#\/schema\/person\/efe887376f0213d4657c93adc50b1fdb"},"headline":"MugMus Laborategia homenajea a Jorge Oteiza este mi\u00e9rcoles con el estreno de la versi\u00f3n teatral de \u201cEsku harriak: Oteizaren (h)aria\u201d, dentro de la muestra Garaikide","datePublished":"2018-10-02T09:41:54+00:00","mainEntityOfPage":{"@id":"https:\/\/www.laguiadepamplona.com\/actualidad\/mugmus-laborategia-homenajea-a-jorge-oteiza-este-miercoles-con-el-estreno-de-la-version-teatral-de-esku-harriak-oteizaren-haria-dentro-de-la-muestra-garaikide\/"},"wordCount":862,"commentCount":0,"publisher":{"@id":"https:\/\/www.laguiadepamplona.com\/actualidad\/#organization"},"image":{"@id":"https:\/\/www.laguiadepamplona.com\/actualidad\/mugmus-laborategia-homenajea-a-jorge-oteiza-este-miercoles-con-el-estreno-de-la-version-teatral-de-esku-harriak-oteizaren-haria-dentro-de-la-muestra-garaikide\/#primaryimage"},"thumbnailUrl":"https:\/\/www.laguiadepamplona.com\/actualidad\/wp-content\/uploads\/2016\/12\/civivox-mendillorri.jpg","articleSection":["Ayto Pamplona"],"inLanguage":"es","potentialAction":[{"@type":"CommentAction","name":"Comment","target":["https:\/\/www.laguiadepamplona.com\/actualidad\/mugmus-laborategia-homenajea-a-jorge-oteiza-este-miercoles-con-el-estreno-de-la-version-teatral-de-esku-harriak-oteizaren-haria-dentro-de-la-muestra-garaikide\/#respond"]}]},{"@type":"WebPage","@id":"https:\/\/www.laguiadepamplona.com\/actualidad\/mugmus-laborategia-homenajea-a-jorge-oteiza-este-miercoles-con-el-estreno-de-la-version-teatral-de-esku-harriak-oteizaren-haria-dentro-de-la-muestra-garaikide\/","url":"https:\/\/www.laguiadepamplona.com\/actualidad\/mugmus-laborategia-homenajea-a-jorge-oteiza-este-miercoles-con-el-estreno-de-la-version-teatral-de-esku-harriak-oteizaren-haria-dentro-de-la-muestra-garaikide\/","name":"MugMus Laborategia homenajea a Jorge Oteiza este mi\u00e9rcoles con el estreno de la versi\u00f3n teatral de \u201cEsku harriak: Oteizaren (h)aria\u201d, dentro de la muestra Garaikide","isPartOf":{"@id":"https:\/\/www.laguiadepamplona.com\/actualidad\/#website"},"primaryImageOfPage":{"@id":"https:\/\/www.laguiadepamplona.com\/actualidad\/mugmus-laborategia-homenajea-a-jorge-oteiza-este-miercoles-con-el-estreno-de-la-version-teatral-de-esku-harriak-oteizaren-haria-dentro-de-la-muestra-garaikide\/#primaryimage"},"image":{"@id":"https:\/\/www.laguiadepamplona.com\/actualidad\/mugmus-laborategia-homenajea-a-jorge-oteiza-este-miercoles-con-el-estreno-de-la-version-teatral-de-esku-harriak-oteizaren-haria-dentro-de-la-muestra-garaikide\/#primaryimage"},"thumbnailUrl":"https:\/\/www.laguiadepamplona.com\/actualidad\/wp-content\/uploads\/2016\/12\/civivox-mendillorri.jpg","datePublished":"2018-10-02T09:41:54+00:00","breadcrumb":{"@id":"https:\/\/www.laguiadepamplona.com\/actualidad\/mugmus-laborategia-homenajea-a-jorge-oteiza-este-miercoles-con-el-estreno-de-la-version-teatral-de-esku-harriak-oteizaren-haria-dentro-de-la-muestra-garaikide\/#breadcrumb"},"inLanguage":"es","potentialAction":[{"@type":"ReadAction","target":["https:\/\/www.laguiadepamplona.com\/actualidad\/mugmus-laborategia-homenajea-a-jorge-oteiza-este-miercoles-con-el-estreno-de-la-version-teatral-de-esku-harriak-oteizaren-haria-dentro-de-la-muestra-garaikide\/"]}]},{"@type":"ImageObject","inLanguage":"es","@id":"https:\/\/www.laguiadepamplona.com\/actualidad\/mugmus-laborategia-homenajea-a-jorge-oteiza-este-miercoles-con-el-estreno-de-la-version-teatral-de-esku-harriak-oteizaren-haria-dentro-de-la-muestra-garaikide\/#primaryimage","url":"https:\/\/www.laguiadepamplona.com\/actualidad\/wp-content\/uploads\/2016\/12\/civivox-mendillorri.jpg","contentUrl":"https:\/\/www.laguiadepamplona.com\/actualidad\/wp-content\/uploads\/2016\/12\/civivox-mendillorri.jpg","width":870,"height":390},{"@type":"BreadcrumbList","@id":"https:\/\/www.laguiadepamplona.com\/actualidad\/mugmus-laborategia-homenajea-a-jorge-oteiza-este-miercoles-con-el-estreno-de-la-version-teatral-de-esku-harriak-oteizaren-haria-dentro-de-la-muestra-garaikide\/#breadcrumb","itemListElement":[{"@type":"ListItem","position":1,"name":"Portada","item":"https:\/\/www.laguiadepamplona.com\/actualidad\/"},{"@type":"ListItem","position":2,"name":"MugMus Laborategia homenajea a Jorge Oteiza este mi\u00e9rcoles con el estreno de la versi\u00f3n teatral de \u201cEsku harriak: Oteizaren (h)aria\u201d, dentro de la muestra Garaikide"}]},{"@type":"WebSite","@id":"https:\/\/www.laguiadepamplona.com\/actualidad\/#website","url":"https:\/\/www.laguiadepamplona.com\/actualidad\/","name":"La gu\u00eda de Pamplona","description":"Noticias de Pamplona","publisher":{"@id":"https:\/\/www.laguiadepamplona.com\/actualidad\/#organization"},"potentialAction":[{"@type":"SearchAction","target":{"@type":"EntryPoint","urlTemplate":"https:\/\/www.laguiadepamplona.com\/actualidad\/?s={search_term_string}"},"query-input":{"@type":"PropertyValueSpecification","valueRequired":true,"valueName":"search_term_string"}}],"inLanguage":"es"},{"@type":"Organization","@id":"https:\/\/www.laguiadepamplona.com\/actualidad\/#organization","name":"La Gu\u00eda de Pamplona \/ Noticias","url":"https:\/\/www.laguiadepamplona.com\/actualidad\/","logo":{"@type":"ImageObject","inLanguage":"es","@id":"https:\/\/www.laguiadepamplona.com\/actualidad\/#\/schema\/logo\/image\/","url":"https:\/\/www.laguiadepamplona.com\/actualidad\/wp-content\/uploads\/2018\/11\/logo-laguiadepamplona18-web1.png","contentUrl":"https:\/\/www.laguiadepamplona.com\/actualidad\/wp-content\/uploads\/2018\/11\/logo-laguiadepamplona18-web1.png","width":600,"height":196,"caption":"La Gu\u00eda de Pamplona \/ Noticias"},"image":{"@id":"https:\/\/www.laguiadepamplona.com\/actualidad\/#\/schema\/logo\/image\/"},"sameAs":["https:\/\/www.facebook.com\/laguiadepamplonacom-133175176762273\/?ref=hl","https:\/\/x.com\/LaGuiadPamplona","https:\/\/www.instagram.com\/la_guia_de_pamplona\/","https:\/\/www.youtube.com\/user\/laguiadepamplona"]},{"@type":"Person","@id":"https:\/\/www.laguiadepamplona.com\/actualidad\/#\/schema\/person\/efe887376f0213d4657c93adc50b1fdb","name":"La Gu\u00eda de Pamplona","image":{"@type":"ImageObject","inLanguage":"es","@id":"https:\/\/secure.gravatar.com\/avatar\/b6992f131dc8d30ab0dff15446e9d346d9dbd95992de0fef795073f5ea83a81c?s=96&d=mm&r=g","url":"https:\/\/secure.gravatar.com\/avatar\/b6992f131dc8d30ab0dff15446e9d346d9dbd95992de0fef795073f5ea83a81c?s=96&d=mm&r=g","contentUrl":"https:\/\/secure.gravatar.com\/avatar\/b6992f131dc8d30ab0dff15446e9d346d9dbd95992de0fef795073f5ea83a81c?s=96&d=mm&r=g","caption":"La Gu\u00eda de Pamplona"}}]}},"post_mailing_queue_ids":[],"_links":{"self":[{"href":"https:\/\/www.laguiadepamplona.com\/actualidad\/wp-json\/wp\/v2\/posts\/18853","targetHints":{"allow":["GET"]}}],"collection":[{"href":"https:\/\/www.laguiadepamplona.com\/actualidad\/wp-json\/wp\/v2\/posts"}],"about":[{"href":"https:\/\/www.laguiadepamplona.com\/actualidad\/wp-json\/wp\/v2\/types\/post"}],"author":[{"embeddable":true,"href":"https:\/\/www.laguiadepamplona.com\/actualidad\/wp-json\/wp\/v2\/users\/1"}],"replies":[{"embeddable":true,"href":"https:\/\/www.laguiadepamplona.com\/actualidad\/wp-json\/wp\/v2\/comments?post=18853"}],"version-history":[{"count":0,"href":"https:\/\/www.laguiadepamplona.com\/actualidad\/wp-json\/wp\/v2\/posts\/18853\/revisions"}],"wp:featuredmedia":[{"embeddable":true,"href":"https:\/\/www.laguiadepamplona.com\/actualidad\/wp-json\/wp\/v2\/media\/11011"}],"wp:attachment":[{"href":"https:\/\/www.laguiadepamplona.com\/actualidad\/wp-json\/wp\/v2\/media?parent=18853"}],"wp:term":[{"taxonomy":"category","embeddable":true,"href":"https:\/\/www.laguiadepamplona.com\/actualidad\/wp-json\/wp\/v2\/categories?post=18853"},{"taxonomy":"post_tag","embeddable":true,"href":"https:\/\/www.laguiadepamplona.com\/actualidad\/wp-json\/wp\/v2\/tags?post=18853"}],"curies":[{"name":"wp","href":"https:\/\/api.w.org\/{rel}","templated":true}]}}