{"id":18850,"date":"2018-10-02T11:39:39","date_gmt":"2018-10-02T09:39:39","guid":{"rendered":"https:\/\/www.laguiadepamplona.es\/actualidad\/?p=18850"},"modified":"2018-10-02T11:40:36","modified_gmt":"2018-10-02T09:40:36","slug":"el-ayuntamiento-aprueba-la-cesion-de-un-local-para-la-asociacion-txantreako-erraldoien-konpartsa-la-comparsa-de-gigantes-de-txantrea","status":"publish","type":"post","link":"https:\/\/www.laguiadepamplona.com\/actualidad\/el-ayuntamiento-aprueba-la-cesion-de-un-local-para-la-asociacion-txantreako-erraldoien-konpartsa-la-comparsa-de-gigantes-de-txantrea\/","title":{"rendered":"El Ayuntamiento aprueba la cesi\u00f3n de un local para la asociaci\u00f3n Txantreako Erraldoien Konpartsa, la comparsa de gigantes de Txantrea"},"content":{"rendered":"<h3>El local est\u00e1 ubicado en la calle Mar\u00eda Auxiliadora, en el entorno de la plaza del F\u00e9lix<\/h3>\n<p><!--more--><\/p>\n<p>La Junta de Gobierno Local del Ayuntamiento de Pamplona ha aprobado la cesi\u00f3n de uso de un local municipal para la asociaci\u00f3n Txantreako Erraldoien Konpartsa, la comparsa de gigantes del barrio de Txantrea. El local, de casi 50 metros cuadrados, est\u00e1 ubicado en la calle Mar\u00eda Auxiliadora s\/n, en el entorno de la plaza del F\u00e9lix, y funcionar\u00e1 como sede social de la asociaci\u00f3n.<\/p>\n<p>La concesi\u00f3n administrativa del uso privativo del local se concede a t\u00edtulo gratuito, sin contraprestaci\u00f3n, y durante un periodo de 20 a\u00f1os. La asociaci\u00f3n utilizar\u00eda el local para guardar las figuras, gigantes y kilikis, que componen actualmente la comparsa; como almac\u00e9n para ubicar el material acumulado en m\u00e1s de 35 a\u00f1os de historia; y como taller para arreglar los desperfectos que se puedan generar en las figuras o para crear nuevas figuras para la comparsa. La propia asociaci\u00f3n tiene prevista una inversi\u00f3n en torno a los 20.000 euros para la adecuaci\u00f3n y acondicionamiento del local.<\/p>\n<p><script async src=\"\/\/pagead2.googlesyndication.com\/pagead\/js\/adsbygoogle.js\"><\/script><br \/>\n<!-- Noticias La Guia de Pamplona --><br \/>\n<ins class=\"adsbygoogle\"\nstyle=\"display:block\"\ndata-ad-client=\"ca-pub-6943679897239327\"\ndata-ad-slot=\"7048180777\"\ndata-ad-format=\"auto\"><\/ins><br \/>\n<script>\n(adsbygoogle = window.adsbygoogle || []).push({});\n<\/script><\/p>\n<p>En diciembre de 1983 la comisi\u00f3n txiki de la Pe\u00f1a Armon\u00eda Txantreana tuvo la idea de crear una comparsa de gigantes para el barrio. Las figuras fueron elaboradas por los mismos socios de la pe\u00f1a, tomando como referencia a los gigantes de Pamplona. Las labores de madera (montaje de caballetes y armazones) los realizaron los talleres ocupacionales de San Pedro. Los gigantes de la Txantrea son representaciones de la mitolog\u00eda vasca \/Tartalo, Sorgi\u00f1e, Basajaun y Mari), mientras que los kilikis est\u00e1n m\u00e1s vinculados al barrio y a los m\u00e1s peque\u00f1os (Japi, Piripi, Cotilla, Profe y una pareja de Aker. La comparsa se present\u00f3 como tal en abril de 1984 y desde entonces ha participado en diferentes actividades culturales y festivas del barrio y se ha constituido en una entidad activa en la dinamizaci\u00f3n participativa, cultural y social de la Txantrea. En 1992 se cre\u00f3 la comparsa txiki, que cuenta con otras seis figuras.<\/p>\n","protected":false},"excerpt":{"rendered":"<p>El local est\u00e1 ubicado en la calle Mar\u00eda Auxiliadora, en el entorno de la plaza del F\u00e9lix<\/p>\n","protected":false},"author":1,"featured_media":17600,"comment_status":"open","ping_status":"closed","sticky":false,"template":"","format":"standard","meta":{"footnotes":""},"categories":[2],"tags":[],"class_list":["post-18850","post","type-post","status-publish","format-standard","has-post-thumbnail","hentry","category-ayuntamiento-pamplona"],"yoast_head":"<!-- This site is optimized with the Yoast SEO plugin v27.9 - https:\/\/yoast.com\/product\/yoast-seo-wordpress\/ -->\n<title>El Ayuntamiento aprueba la cesi\u00f3n de un local para la asociaci\u00f3n Txantreako Erraldoien Konpartsa, la comparsa de gigantes de Txantrea<\/title>\n<meta name=\"robots\" content=\"index, follow, max-snippet:-1, max-image-preview:large, max-video-preview:-1\" \/>\n<link rel=\"canonical\" href=\"https:\/\/www.laguiadepamplona.com\/actualidad\/el-ayuntamiento-aprueba-la-cesion-de-un-local-para-la-asociacion-txantreako-erraldoien-konpartsa-la-comparsa-de-gigantes-de-txantrea\/\" \/>\n<meta property=\"og:locale\" content=\"es_ES\" \/>\n<meta property=\"og:type\" content=\"article\" \/>\n<meta property=\"og:title\" content=\"El Ayuntamiento aprueba la cesi\u00f3n de un local para la asociaci\u00f3n Txantreako Erraldoien Konpartsa, la comparsa de gigantes de Txantrea\" \/>\n<meta property=\"og:description\" content=\"El local est\u00e1 ubicado en la calle Mar\u00eda Auxiliadora, en el entorno de la plaza del F\u00e9lix\" \/>\n<meta property=\"og:url\" content=\"https:\/\/www.laguiadepamplona.com\/actualidad\/el-ayuntamiento-aprueba-la-cesion-de-un-local-para-la-asociacion-txantreako-erraldoien-konpartsa-la-comparsa-de-gigantes-de-txantrea\/\" \/>\n<meta property=\"og:site_name\" content=\"La Gu\u00eda de Pamplona Noticias y actualidad\" \/>\n<meta property=\"article:publisher\" content=\"https:\/\/www.facebook.com\/laguiadepamplonacom-133175176762273\/?ref=hl\" \/>\n<meta property=\"article:published_time\" content=\"2018-10-02T09:39:39+00:00\" \/>\n<meta property=\"article:modified_time\" content=\"2018-10-02T09:40:36+00:00\" \/>\n<meta property=\"og:image\" content=\"https:\/\/www.laguiadepamplona.com\/actualidad\/wp-content\/uploads\/2018\/05\/ayto-pamplona-3.jpg\" \/>\n\t<meta property=\"og:image:width\" content=\"1000\" \/>\n\t<meta property=\"og:image:height\" content=\"555\" \/>\n\t<meta property=\"og:image:type\" content=\"image\/jpeg\" \/>\n<meta name=\"author\" content=\"La Gu\u00eda de Pamplona\" \/>\n<meta name=\"twitter:card\" content=\"summary_large_image\" \/>\n<meta name=\"twitter:creator\" content=\"@LaGuiadPamplona\" \/>\n<meta name=\"twitter:site\" content=\"@LaGuiadPamplona\" \/>\n<meta name=\"twitter:label1\" content=\"Escrito por\" \/>\n\t<meta name=\"twitter:data1\" content=\"La Gu\u00eda de Pamplona\" \/>\n\t<meta name=\"twitter:label2\" content=\"Tiempo de lectura\" \/>\n\t<meta name=\"twitter:data2\" content=\"2 minutos\" \/>\n<script type=\"application\/ld+json\" class=\"yoast-schema-graph\">{\"@context\":\"https:\\\/\\\/schema.org\",\"@graph\":[{\"@type\":\"Article\",\"@id\":\"https:\\\/\\\/www.laguiadepamplona.com\\\/actualidad\\\/el-ayuntamiento-aprueba-la-cesion-de-un-local-para-la-asociacion-txantreako-erraldoien-konpartsa-la-comparsa-de-gigantes-de-txantrea\\\/#article\",\"isPartOf\":{\"@id\":\"https:\\\/\\\/www.laguiadepamplona.com\\\/actualidad\\\/el-ayuntamiento-aprueba-la-cesion-de-un-local-para-la-asociacion-txantreako-erraldoien-konpartsa-la-comparsa-de-gigantes-de-txantrea\\\/\"},\"author\":{\"name\":\"La Gu\u00eda de Pamplona\",\"@id\":\"https:\\\/\\\/www.laguiadepamplona.com\\\/actualidad\\\/#\\\/schema\\\/person\\\/efe887376f0213d4657c93adc50b1fdb\"},\"headline\":\"El Ayuntamiento aprueba la cesi\u00f3n de un local para la asociaci\u00f3n Txantreako Erraldoien Konpartsa, la comparsa de gigantes de Txantrea\",\"datePublished\":\"2018-10-02T09:39:39+00:00\",\"dateModified\":\"2018-10-02T09:40:36+00:00\",\"mainEntityOfPage\":{\"@id\":\"https:\\\/\\\/www.laguiadepamplona.com\\\/actualidad\\\/el-ayuntamiento-aprueba-la-cesion-de-un-local-para-la-asociacion-txantreako-erraldoien-konpartsa-la-comparsa-de-gigantes-de-txantrea\\\/\"},\"wordCount\":375,\"commentCount\":0,\"publisher\":{\"@id\":\"https:\\\/\\\/www.laguiadepamplona.com\\\/actualidad\\\/#organization\"},\"image\":{\"@id\":\"https:\\\/\\\/www.laguiadepamplona.com\\\/actualidad\\\/el-ayuntamiento-aprueba-la-cesion-de-un-local-para-la-asociacion-txantreako-erraldoien-konpartsa-la-comparsa-de-gigantes-de-txantrea\\\/#primaryimage\"},\"thumbnailUrl\":\"https:\\\/\\\/www.laguiadepamplona.com\\\/actualidad\\\/wp-content\\\/uploads\\\/2018\\\/05\\\/ayto-pamplona-3.jpg\",\"articleSection\":[\"Ayto Pamplona\"],\"inLanguage\":\"es\",\"potentialAction\":[{\"@type\":\"CommentAction\",\"name\":\"Comment\",\"target\":[\"https:\\\/\\\/www.laguiadepamplona.com\\\/actualidad\\\/el-ayuntamiento-aprueba-la-cesion-de-un-local-para-la-asociacion-txantreako-erraldoien-konpartsa-la-comparsa-de-gigantes-de-txantrea\\\/#respond\"]}]},{\"@type\":\"WebPage\",\"@id\":\"https:\\\/\\\/www.laguiadepamplona.com\\\/actualidad\\\/el-ayuntamiento-aprueba-la-cesion-de-un-local-para-la-asociacion-txantreako-erraldoien-konpartsa-la-comparsa-de-gigantes-de-txantrea\\\/\",\"url\":\"https:\\\/\\\/www.laguiadepamplona.com\\\/actualidad\\\/el-ayuntamiento-aprueba-la-cesion-de-un-local-para-la-asociacion-txantreako-erraldoien-konpartsa-la-comparsa-de-gigantes-de-txantrea\\\/\",\"name\":\"El Ayuntamiento aprueba la cesi\u00f3n de un local para la asociaci\u00f3n Txantreako Erraldoien Konpartsa, la comparsa de gigantes de Txantrea\",\"isPartOf\":{\"@id\":\"https:\\\/\\\/www.laguiadepamplona.com\\\/actualidad\\\/#website\"},\"primaryImageOfPage\":{\"@id\":\"https:\\\/\\\/www.laguiadepamplona.com\\\/actualidad\\\/el-ayuntamiento-aprueba-la-cesion-de-un-local-para-la-asociacion-txantreako-erraldoien-konpartsa-la-comparsa-de-gigantes-de-txantrea\\\/#primaryimage\"},\"image\":{\"@id\":\"https:\\\/\\\/www.laguiadepamplona.com\\\/actualidad\\\/el-ayuntamiento-aprueba-la-cesion-de-un-local-para-la-asociacion-txantreako-erraldoien-konpartsa-la-comparsa-de-gigantes-de-txantrea\\\/#primaryimage\"},\"thumbnailUrl\":\"https:\\\/\\\/www.laguiadepamplona.com\\\/actualidad\\\/wp-content\\\/uploads\\\/2018\\\/05\\\/ayto-pamplona-3.jpg\",\"datePublished\":\"2018-10-02T09:39:39+00:00\",\"dateModified\":\"2018-10-02T09:40:36+00:00\",\"breadcrumb\":{\"@id\":\"https:\\\/\\\/www.laguiadepamplona.com\\\/actualidad\\\/el-ayuntamiento-aprueba-la-cesion-de-un-local-para-la-asociacion-txantreako-erraldoien-konpartsa-la-comparsa-de-gigantes-de-txantrea\\\/#breadcrumb\"},\"inLanguage\":\"es\",\"potentialAction\":[{\"@type\":\"ReadAction\",\"target\":[\"https:\\\/\\\/www.laguiadepamplona.com\\\/actualidad\\\/el-ayuntamiento-aprueba-la-cesion-de-un-local-para-la-asociacion-txantreako-erraldoien-konpartsa-la-comparsa-de-gigantes-de-txantrea\\\/\"]}]},{\"@type\":\"ImageObject\",\"inLanguage\":\"es\",\"@id\":\"https:\\\/\\\/www.laguiadepamplona.com\\\/actualidad\\\/el-ayuntamiento-aprueba-la-cesion-de-un-local-para-la-asociacion-txantreako-erraldoien-konpartsa-la-comparsa-de-gigantes-de-txantrea\\\/#primaryimage\",\"url\":\"https:\\\/\\\/www.laguiadepamplona.com\\\/actualidad\\\/wp-content\\\/uploads\\\/2018\\\/05\\\/ayto-pamplona-3.jpg\",\"contentUrl\":\"https:\\\/\\\/www.laguiadepamplona.com\\\/actualidad\\\/wp-content\\\/uploads\\\/2018\\\/05\\\/ayto-pamplona-3.jpg\",\"width\":1000,\"height\":555},{\"@type\":\"BreadcrumbList\",\"@id\":\"https:\\\/\\\/www.laguiadepamplona.com\\\/actualidad\\\/el-ayuntamiento-aprueba-la-cesion-de-un-local-para-la-asociacion-txantreako-erraldoien-konpartsa-la-comparsa-de-gigantes-de-txantrea\\\/#breadcrumb\",\"itemListElement\":[{\"@type\":\"ListItem\",\"position\":1,\"name\":\"Portada\",\"item\":\"https:\\\/\\\/www.laguiadepamplona.com\\\/actualidad\\\/\"},{\"@type\":\"ListItem\",\"position\":2,\"name\":\"El Ayuntamiento aprueba la cesi\u00f3n de un local para la asociaci\u00f3n Txantreako Erraldoien Konpartsa, la comparsa de gigantes de Txantrea\"}]},{\"@type\":\"WebSite\",\"@id\":\"https:\\\/\\\/www.laguiadepamplona.com\\\/actualidad\\\/#website\",\"url\":\"https:\\\/\\\/www.laguiadepamplona.com\\\/actualidad\\\/\",\"name\":\"La gu\u00eda de Pamplona\",\"description\":\"Noticias de Pamplona\",\"publisher\":{\"@id\":\"https:\\\/\\\/www.laguiadepamplona.com\\\/actualidad\\\/#organization\"},\"potentialAction\":[{\"@type\":\"SearchAction\",\"target\":{\"@type\":\"EntryPoint\",\"urlTemplate\":\"https:\\\/\\\/www.laguiadepamplona.com\\\/actualidad\\\/?s={search_term_string}\"},\"query-input\":{\"@type\":\"PropertyValueSpecification\",\"valueRequired\":true,\"valueName\":\"search_term_string\"}}],\"inLanguage\":\"es\"},{\"@type\":\"Organization\",\"@id\":\"https:\\\/\\\/www.laguiadepamplona.com\\\/actualidad\\\/#organization\",\"name\":\"La Gu\u00eda de Pamplona \\\/ Noticias\",\"url\":\"https:\\\/\\\/www.laguiadepamplona.com\\\/actualidad\\\/\",\"logo\":{\"@type\":\"ImageObject\",\"inLanguage\":\"es\",\"@id\":\"https:\\\/\\\/www.laguiadepamplona.com\\\/actualidad\\\/#\\\/schema\\\/logo\\\/image\\\/\",\"url\":\"https:\\\/\\\/www.laguiadepamplona.com\\\/actualidad\\\/wp-content\\\/uploads\\\/2018\\\/11\\\/logo-laguiadepamplona18-web1.png\",\"contentUrl\":\"https:\\\/\\\/www.laguiadepamplona.com\\\/actualidad\\\/wp-content\\\/uploads\\\/2018\\\/11\\\/logo-laguiadepamplona18-web1.png\",\"width\":600,\"height\":196,\"caption\":\"La Gu\u00eda de Pamplona \\\/ Noticias\"},\"image\":{\"@id\":\"https:\\\/\\\/www.laguiadepamplona.com\\\/actualidad\\\/#\\\/schema\\\/logo\\\/image\\\/\"},\"sameAs\":[\"https:\\\/\\\/www.facebook.com\\\/laguiadepamplonacom-133175176762273\\\/?ref=hl\",\"https:\\\/\\\/x.com\\\/LaGuiadPamplona\",\"https:\\\/\\\/www.instagram.com\\\/la_guia_de_pamplona\\\/\",\"https:\\\/\\\/www.youtube.com\\\/user\\\/laguiadepamplona\"]},{\"@type\":\"Person\",\"@id\":\"https:\\\/\\\/www.laguiadepamplona.com\\\/actualidad\\\/#\\\/schema\\\/person\\\/efe887376f0213d4657c93adc50b1fdb\",\"name\":\"La Gu\u00eda de Pamplona\",\"image\":{\"@type\":\"ImageObject\",\"inLanguage\":\"es\",\"@id\":\"https:\\\/\\\/secure.gravatar.com\\\/avatar\\\/b6992f131dc8d30ab0dff15446e9d346d9dbd95992de0fef795073f5ea83a81c?s=96&d=mm&r=g\",\"url\":\"https:\\\/\\\/secure.gravatar.com\\\/avatar\\\/b6992f131dc8d30ab0dff15446e9d346d9dbd95992de0fef795073f5ea83a81c?s=96&d=mm&r=g\",\"contentUrl\":\"https:\\\/\\\/secure.gravatar.com\\\/avatar\\\/b6992f131dc8d30ab0dff15446e9d346d9dbd95992de0fef795073f5ea83a81c?s=96&d=mm&r=g\",\"caption\":\"La Gu\u00eda de Pamplona\"}}]}<\/script>\n<!-- \/ Yoast SEO plugin. -->","yoast_head_json":{"title":"El Ayuntamiento aprueba la cesi\u00f3n de un local para la asociaci\u00f3n Txantreako Erraldoien Konpartsa, la comparsa de gigantes de Txantrea","robots":{"index":"index","follow":"follow","max-snippet":"max-snippet:-1","max-image-preview":"max-image-preview:large","max-video-preview":"max-video-preview:-1"},"canonical":"https:\/\/www.laguiadepamplona.com\/actualidad\/el-ayuntamiento-aprueba-la-cesion-de-un-local-para-la-asociacion-txantreako-erraldoien-konpartsa-la-comparsa-de-gigantes-de-txantrea\/","og_locale":"es_ES","og_type":"article","og_title":"El Ayuntamiento aprueba la cesi\u00f3n de un local para la asociaci\u00f3n Txantreako Erraldoien Konpartsa, la comparsa de gigantes de Txantrea","og_description":"El local est\u00e1 ubicado en la calle Mar\u00eda Auxiliadora, en el entorno de la plaza del F\u00e9lix","og_url":"https:\/\/www.laguiadepamplona.com\/actualidad\/el-ayuntamiento-aprueba-la-cesion-de-un-local-para-la-asociacion-txantreako-erraldoien-konpartsa-la-comparsa-de-gigantes-de-txantrea\/","og_site_name":"La Gu\u00eda de Pamplona Noticias y actualidad","article_publisher":"https:\/\/www.facebook.com\/laguiadepamplonacom-133175176762273\/?ref=hl","article_published_time":"2018-10-02T09:39:39+00:00","article_modified_time":"2018-10-02T09:40:36+00:00","og_image":[{"width":1000,"height":555,"url":"https:\/\/www.laguiadepamplona.com\/actualidad\/wp-content\/uploads\/2018\/05\/ayto-pamplona-3.jpg","type":"image\/jpeg"}],"author":"La Gu\u00eda de Pamplona","twitter_card":"summary_large_image","twitter_creator":"@LaGuiadPamplona","twitter_site":"@LaGuiadPamplona","twitter_misc":{"Escrito por":"La Gu\u00eda de Pamplona","Tiempo de lectura":"2 minutos"},"schema":{"@context":"https:\/\/schema.org","@graph":[{"@type":"Article","@id":"https:\/\/www.laguiadepamplona.com\/actualidad\/el-ayuntamiento-aprueba-la-cesion-de-un-local-para-la-asociacion-txantreako-erraldoien-konpartsa-la-comparsa-de-gigantes-de-txantrea\/#article","isPartOf":{"@id":"https:\/\/www.laguiadepamplona.com\/actualidad\/el-ayuntamiento-aprueba-la-cesion-de-un-local-para-la-asociacion-txantreako-erraldoien-konpartsa-la-comparsa-de-gigantes-de-txantrea\/"},"author":{"name":"La Gu\u00eda de Pamplona","@id":"https:\/\/www.laguiadepamplona.com\/actualidad\/#\/schema\/person\/efe887376f0213d4657c93adc50b1fdb"},"headline":"El Ayuntamiento aprueba la cesi\u00f3n de un local para la asociaci\u00f3n Txantreako Erraldoien Konpartsa, la comparsa de gigantes de Txantrea","datePublished":"2018-10-02T09:39:39+00:00","dateModified":"2018-10-02T09:40:36+00:00","mainEntityOfPage":{"@id":"https:\/\/www.laguiadepamplona.com\/actualidad\/el-ayuntamiento-aprueba-la-cesion-de-un-local-para-la-asociacion-txantreako-erraldoien-konpartsa-la-comparsa-de-gigantes-de-txantrea\/"},"wordCount":375,"commentCount":0,"publisher":{"@id":"https:\/\/www.laguiadepamplona.com\/actualidad\/#organization"},"image":{"@id":"https:\/\/www.laguiadepamplona.com\/actualidad\/el-ayuntamiento-aprueba-la-cesion-de-un-local-para-la-asociacion-txantreako-erraldoien-konpartsa-la-comparsa-de-gigantes-de-txantrea\/#primaryimage"},"thumbnailUrl":"https:\/\/www.laguiadepamplona.com\/actualidad\/wp-content\/uploads\/2018\/05\/ayto-pamplona-3.jpg","articleSection":["Ayto Pamplona"],"inLanguage":"es","potentialAction":[{"@type":"CommentAction","name":"Comment","target":["https:\/\/www.laguiadepamplona.com\/actualidad\/el-ayuntamiento-aprueba-la-cesion-de-un-local-para-la-asociacion-txantreako-erraldoien-konpartsa-la-comparsa-de-gigantes-de-txantrea\/#respond"]}]},{"@type":"WebPage","@id":"https:\/\/www.laguiadepamplona.com\/actualidad\/el-ayuntamiento-aprueba-la-cesion-de-un-local-para-la-asociacion-txantreako-erraldoien-konpartsa-la-comparsa-de-gigantes-de-txantrea\/","url":"https:\/\/www.laguiadepamplona.com\/actualidad\/el-ayuntamiento-aprueba-la-cesion-de-un-local-para-la-asociacion-txantreako-erraldoien-konpartsa-la-comparsa-de-gigantes-de-txantrea\/","name":"El Ayuntamiento aprueba la cesi\u00f3n de un local para la asociaci\u00f3n Txantreako Erraldoien Konpartsa, la comparsa de gigantes de Txantrea","isPartOf":{"@id":"https:\/\/www.laguiadepamplona.com\/actualidad\/#website"},"primaryImageOfPage":{"@id":"https:\/\/www.laguiadepamplona.com\/actualidad\/el-ayuntamiento-aprueba-la-cesion-de-un-local-para-la-asociacion-txantreako-erraldoien-konpartsa-la-comparsa-de-gigantes-de-txantrea\/#primaryimage"},"image":{"@id":"https:\/\/www.laguiadepamplona.com\/actualidad\/el-ayuntamiento-aprueba-la-cesion-de-un-local-para-la-asociacion-txantreako-erraldoien-konpartsa-la-comparsa-de-gigantes-de-txantrea\/#primaryimage"},"thumbnailUrl":"https:\/\/www.laguiadepamplona.com\/actualidad\/wp-content\/uploads\/2018\/05\/ayto-pamplona-3.jpg","datePublished":"2018-10-02T09:39:39+00:00","dateModified":"2018-10-02T09:40:36+00:00","breadcrumb":{"@id":"https:\/\/www.laguiadepamplona.com\/actualidad\/el-ayuntamiento-aprueba-la-cesion-de-un-local-para-la-asociacion-txantreako-erraldoien-konpartsa-la-comparsa-de-gigantes-de-txantrea\/#breadcrumb"},"inLanguage":"es","potentialAction":[{"@type":"ReadAction","target":["https:\/\/www.laguiadepamplona.com\/actualidad\/el-ayuntamiento-aprueba-la-cesion-de-un-local-para-la-asociacion-txantreako-erraldoien-konpartsa-la-comparsa-de-gigantes-de-txantrea\/"]}]},{"@type":"ImageObject","inLanguage":"es","@id":"https:\/\/www.laguiadepamplona.com\/actualidad\/el-ayuntamiento-aprueba-la-cesion-de-un-local-para-la-asociacion-txantreako-erraldoien-konpartsa-la-comparsa-de-gigantes-de-txantrea\/#primaryimage","url":"https:\/\/www.laguiadepamplona.com\/actualidad\/wp-content\/uploads\/2018\/05\/ayto-pamplona-3.jpg","contentUrl":"https:\/\/www.laguiadepamplona.com\/actualidad\/wp-content\/uploads\/2018\/05\/ayto-pamplona-3.jpg","width":1000,"height":555},{"@type":"BreadcrumbList","@id":"https:\/\/www.laguiadepamplona.com\/actualidad\/el-ayuntamiento-aprueba-la-cesion-de-un-local-para-la-asociacion-txantreako-erraldoien-konpartsa-la-comparsa-de-gigantes-de-txantrea\/#breadcrumb","itemListElement":[{"@type":"ListItem","position":1,"name":"Portada","item":"https:\/\/www.laguiadepamplona.com\/actualidad\/"},{"@type":"ListItem","position":2,"name":"El Ayuntamiento aprueba la cesi\u00f3n de un local para la asociaci\u00f3n Txantreako Erraldoien Konpartsa, la comparsa de gigantes de Txantrea"}]},{"@type":"WebSite","@id":"https:\/\/www.laguiadepamplona.com\/actualidad\/#website","url":"https:\/\/www.laguiadepamplona.com\/actualidad\/","name":"La gu\u00eda de Pamplona","description":"Noticias de Pamplona","publisher":{"@id":"https:\/\/www.laguiadepamplona.com\/actualidad\/#organization"},"potentialAction":[{"@type":"SearchAction","target":{"@type":"EntryPoint","urlTemplate":"https:\/\/www.laguiadepamplona.com\/actualidad\/?s={search_term_string}"},"query-input":{"@type":"PropertyValueSpecification","valueRequired":true,"valueName":"search_term_string"}}],"inLanguage":"es"},{"@type":"Organization","@id":"https:\/\/www.laguiadepamplona.com\/actualidad\/#organization","name":"La Gu\u00eda de Pamplona \/ Noticias","url":"https:\/\/www.laguiadepamplona.com\/actualidad\/","logo":{"@type":"ImageObject","inLanguage":"es","@id":"https:\/\/www.laguiadepamplona.com\/actualidad\/#\/schema\/logo\/image\/","url":"https:\/\/www.laguiadepamplona.com\/actualidad\/wp-content\/uploads\/2018\/11\/logo-laguiadepamplona18-web1.png","contentUrl":"https:\/\/www.laguiadepamplona.com\/actualidad\/wp-content\/uploads\/2018\/11\/logo-laguiadepamplona18-web1.png","width":600,"height":196,"caption":"La Gu\u00eda de Pamplona \/ Noticias"},"image":{"@id":"https:\/\/www.laguiadepamplona.com\/actualidad\/#\/schema\/logo\/image\/"},"sameAs":["https:\/\/www.facebook.com\/laguiadepamplonacom-133175176762273\/?ref=hl","https:\/\/x.com\/LaGuiadPamplona","https:\/\/www.instagram.com\/la_guia_de_pamplona\/","https:\/\/www.youtube.com\/user\/laguiadepamplona"]},{"@type":"Person","@id":"https:\/\/www.laguiadepamplona.com\/actualidad\/#\/schema\/person\/efe887376f0213d4657c93adc50b1fdb","name":"La Gu\u00eda de Pamplona","image":{"@type":"ImageObject","inLanguage":"es","@id":"https:\/\/secure.gravatar.com\/avatar\/b6992f131dc8d30ab0dff15446e9d346d9dbd95992de0fef795073f5ea83a81c?s=96&d=mm&r=g","url":"https:\/\/secure.gravatar.com\/avatar\/b6992f131dc8d30ab0dff15446e9d346d9dbd95992de0fef795073f5ea83a81c?s=96&d=mm&r=g","contentUrl":"https:\/\/secure.gravatar.com\/avatar\/b6992f131dc8d30ab0dff15446e9d346d9dbd95992de0fef795073f5ea83a81c?s=96&d=mm&r=g","caption":"La Gu\u00eda de Pamplona"}}]}},"post_mailing_queue_ids":[],"_links":{"self":[{"href":"https:\/\/www.laguiadepamplona.com\/actualidad\/wp-json\/wp\/v2\/posts\/18850","targetHints":{"allow":["GET"]}}],"collection":[{"href":"https:\/\/www.laguiadepamplona.com\/actualidad\/wp-json\/wp\/v2\/posts"}],"about":[{"href":"https:\/\/www.laguiadepamplona.com\/actualidad\/wp-json\/wp\/v2\/types\/post"}],"author":[{"embeddable":true,"href":"https:\/\/www.laguiadepamplona.com\/actualidad\/wp-json\/wp\/v2\/users\/1"}],"replies":[{"embeddable":true,"href":"https:\/\/www.laguiadepamplona.com\/actualidad\/wp-json\/wp\/v2\/comments?post=18850"}],"version-history":[{"count":0,"href":"https:\/\/www.laguiadepamplona.com\/actualidad\/wp-json\/wp\/v2\/posts\/18850\/revisions"}],"wp:featuredmedia":[{"embeddable":true,"href":"https:\/\/www.laguiadepamplona.com\/actualidad\/wp-json\/wp\/v2\/media\/17600"}],"wp:attachment":[{"href":"https:\/\/www.laguiadepamplona.com\/actualidad\/wp-json\/wp\/v2\/media?parent=18850"}],"wp:term":[{"taxonomy":"category","embeddable":true,"href":"https:\/\/www.laguiadepamplona.com\/actualidad\/wp-json\/wp\/v2\/categories?post=18850"},{"taxonomy":"post_tag","embeddable":true,"href":"https:\/\/www.laguiadepamplona.com\/actualidad\/wp-json\/wp\/v2\/tags?post=18850"}],"curies":[{"name":"wp","href":"https:\/\/api.w.org\/{rel}","templated":true}]}}