{"id":18844,"date":"2018-10-01T15:47:34","date_gmt":"2018-10-01T13:47:34","guid":{"rendered":"https:\/\/www.laguiadepamplona.es\/actualidad\/?p=18844"},"modified":"2018-10-01T15:47:34","modified_gmt":"2018-10-01T13:47:34","slug":"los-foros-de-barrio-inician-nueva-ronda-de-encuentros-con-una-sesion-en-civivox-milagrosa-para-vecinos-y-tejido-asociativo-de-arrosadia-milagrosa-y-azpilagana","status":"publish","type":"post","link":"https:\/\/www.laguiadepamplona.com\/actualidad\/los-foros-de-barrio-inician-nueva-ronda-de-encuentros-con-una-sesion-en-civivox-milagrosa-para-vecinos-y-tejido-asociativo-de-arrosadia-milagrosa-y-azpilagana\/","title":{"rendered":"Los Foros de Barrio inician nueva ronda de encuentros con una sesi\u00f3n en Civivox Milagrosa para vecinos y tejido asociativo de Arrosad\u00eda, Milagrosa y Azpilaga\u00f1a"},"content":{"rendered":"<h3>La web <a href=\"http:\/\/erabaki.pamplona.es\/\" target=\"_blank\" rel=\"noopener\">http:\/\/erabaki.pamplona.es<\/a> tiene abierta una l\u00ednea de participaci\u00f3n virtual para realizar propuestas, sugerencias o quejas<\/h3>\n<p><!--more--><\/p>\n<p>Ma\u00f1ana martes se inicia una nueva ronda de Foros de Barrio con el encuentro previsto con vecinos, vecinas y tejido asociativo de Arrosad\u00eda, Milagrosa y Azpilaga\u00f1a. La reuni\u00f3n contar\u00e1 con la participaci\u00f3n del concejal de barrio Javier Leoz y comenzar\u00e1 a las 18.30 horas en Civivox Milagrosa.<\/p>\n<p>El Foro de Barrio est\u00e1 abierto a la participaci\u00f3n de forma presencial, asistiendo al encuentro, y tambi\u00e9n de forma virtual, a trav\u00e9s de la nueva herramienta on line que se estrena en esta ronda. Hasta las 19.30 horas de ma\u00f1ana martes se habilita en la p\u00e1gina web <a href=\"http:\/\/erabaki.pamplona.es\/\" target=\"_blank\" rel=\"noopener\">http:\/\/erabaki.pamplona.es<\/a> un apartado para que todas aquellas personas que quieran participar en este Foro de Barrio pueden plasmar all\u00ed sus propuestas, sugerencias, quejas o iniciativas. \u00danicamente es necesario registrarse en la propia web. Las sesiones seguir\u00e1n retransmiti\u00e9ndose en directo, v\u00eda streaming, a trav\u00e9s del canal de Youtube \u2018Pamplona es participaci\u00f3n\u2019. El Ayuntamiento mantendr\u00e1 tambi\u00e9n el servicio de ludoteca con inscripci\u00f3n previa para poder conciliar las tareas familiares con la asistencia al foro.<\/p>\n<p><script async src=\"\/\/pagead2.googlesyndication.com\/pagead\/js\/adsbygoogle.js\"><\/script><br \/>\n<!-- Noticias La Guia de Pamplona --><br \/>\n<ins class=\"adsbygoogle\"\nstyle=\"display:block\"\ndata-ad-client=\"ca-pub-6943679897239327\"\ndata-ad-slot=\"7048180777\"\ndata-ad-format=\"auto\"><\/ins><br \/>\n<script>\n(adsbygoogle = window.adsbygoogle || []).push({});\n<\/script><\/p>\n<p>En esta nueva ronda, los Foros de Barrio se configurar\u00e1n con un primer apartado denominado \u2018El Ayuntamiento informa\u2019, en el que se llevar\u00e1 a cabo la devoluci\u00f3n de lo tratado y debatido en el \u00faltimo foro celebrado. Intervendr\u00e1 el concejal Javier Leoz. Para que se involucre el tejido social, se genera un espacio llamado \u2018el barrio informa\u2019 en el que la propia red asociativa de cada barrio dar\u00e1 cuenta de sus actividades. Tomar\u00e1n la palabra en este foro las asociaciones ADACEN \u2013 Impaktos y la asociaci\u00f3n juvenil Yoar.<\/p>\n<p>A continuaci\u00f3n, habr\u00e1 tiempo para las din\u00e1micas de grupo, con trabajo en dos o tres grupos, seg\u00fan las personas asistentes, sobre tem\u00e1ticas relacionadas con el PEAU, respecto a espacio p\u00fablico y espacio privado. Esta din\u00e1mica se llevar\u00e1 a cabo tras una breve explicaci\u00f3n del equipo redactor del PEAU. Finalmente, se dar\u00e1 paso a un \u2018espacio abierto\u2019 en el que la ciudadan\u00eda podr\u00e1 preguntar, presentar sugerencias o quejas o dejar constancia de aquellos que estimen oportuno trasladar al Ayuntamiento o a la concejal\u00eda de barrio y en el que se dar\u00e1n a conocer tambi\u00e9n los comentarios recogidos en Erabaki Pamplona.<\/p>\n<p>&nbsp;<\/p>\n<p><strong>Foros de Barrio. Del 2 de octubre al 29 de enero<\/strong><\/p>\n<p>&nbsp;<\/p>\n<table>\n<tbody>\n<tr>\n<td width=\"66\"><strong>FECHA<\/strong><\/td>\n<td width=\"227\"><strong>BARRIO<\/strong><\/td>\n<td width=\"161\"><strong>LUGAR<\/strong><\/td>\n<td width=\"51\"><strong>HORA<\/strong><\/td>\n<td width=\"132\"><strong>CONCEJAL\/A<\/strong><\/td>\n<\/tr>\n<tr>\n<td width=\"66\"><strong>02\/10\/18<\/strong><\/td>\n<td width=\"227\">Arrosad\u00eda-Milagrosa \/ Azpilaga\u00f1a<\/td>\n<td width=\"161\">Civivox Milagrosa<\/td>\n<td width=\"51\">18.30<\/td>\n<td width=\"132\">Javier Leoz<\/td>\n<\/tr>\n<tr>\n<td width=\"66\"><strong>09\/10\/18<\/strong><\/td>\n<td width=\"227\">Lezkairu \/ Santa Mar\u00eda la Real<\/td>\n<td width=\"161\">Civivox Milagrosa<\/td>\n<td width=\"51\">18.30<\/td>\n<td width=\"132\">Javier Leoz<\/td>\n<\/tr>\n<tr>\n<td width=\"66\"><strong>16\/10\/18<\/strong><\/td>\n<td width=\"227\">Rochapea<\/td>\n<td width=\"161\">Civivox Jus la Rocha<\/td>\n<td width=\"51\">18.30<\/td>\n<td width=\"132\">Patricia Perales<\/td>\n<\/tr>\n<tr>\n<td width=\"66\"><strong>23\/10\/18<\/strong><\/td>\n<td width=\"227\">Iturrama<\/td>\n<td width=\"161\">Civivox Iturrama<\/td>\n<td width=\"51\">18.30<\/td>\n<td width=\"132\">I\u00f1aki Cabas\u00e9s<\/td>\n<\/tr>\n<tr>\n<td width=\"66\"><strong>30\/10\/18<\/strong><\/td>\n<td width=\"227\">Casco Antiguo<\/td>\n<td width=\"161\">Civivox Condestable<\/td>\n<td width=\"51\">18.30<\/td>\n<td width=\"132\">Itziar G\u00f3mez<\/td>\n<\/tr>\n<tr>\n<td width=\"66\"><strong>06\/11\/18<\/strong><\/td>\n<td width=\"227\">Erripaga\u00f1a \/ Beloso \/ Bidezar<\/td>\n<td width=\"161\">C.P. Elorri<\/td>\n<td width=\"51\">18.30<\/td>\n<td width=\"132\">Maider Beloki<\/td>\n<\/tr>\n<tr>\n<td width=\"66\"><strong>13\/11\/18<\/strong><\/td>\n<td width=\"227\">San Jorge<\/td>\n<td width=\"161\">Civivox San Jorge<\/td>\n<td width=\"51\">18.30<\/td>\n<td width=\"132\">Aritz Romeo<\/td>\n<\/tr>\n<tr>\n<td width=\"66\"><strong>20\/11\/18<\/strong><\/td>\n<td width=\"227\">Mendillorri<\/td>\n<td width=\"161\">C.P. Mendigoiti<\/td>\n<td width=\"51\">18.30<\/td>\n<td width=\"132\">Maider Beloki<\/td>\n<\/tr>\n<tr>\n<td width=\"66\"><strong>11\/12\/18<\/strong><\/td>\n<td width=\"227\">Buztintxuri<\/td>\n<td width=\"161\">C.P. Buztintxuri<\/td>\n<td width=\"51\">18.30<\/td>\n<td width=\"132\">Mikel Armend\u00e1riz<\/td>\n<\/tr>\n<tr>\n<td width=\"66\"><strong>18\/12\/18<\/strong><\/td>\n<td width=\"227\">Ensanches<\/td>\n<td width=\"161\">C.P. V\u00e1zquez de Mella<\/td>\n<td width=\"51\">18.30<\/td>\n<td width=\"132\">Itziar G\u00f3mez<\/td>\n<\/tr>\n<tr>\n<td width=\"66\"><strong>15\/01\/19<\/strong><\/td>\n<td width=\"227\">Etxabakoitz<\/td>\n<td width=\"161\">C.P. Nicasio Landa<\/td>\n<td width=\"51\">18.30<\/td>\n<td width=\"132\">Aritz Romeo<\/td>\n<\/tr>\n<tr>\n<td width=\"66\"><strong>22\/01\/19<\/strong><\/td>\n<td width=\"227\">Txantrea<\/td>\n<td width=\"161\">Biblioteca Txantrea<\/td>\n<td width=\"51\">18.30<\/td>\n<td width=\"132\">Joxe Abaurrea<\/td>\n<\/tr>\n<tr>\n<td width=\"66\"><strong>29\/01\/19<\/strong><\/td>\n<td width=\"227\">San Juan \/ Ermitaga\u00f1a \/ Mendebaldea<\/td>\n<td width=\"161\">C.P. Jos\u00e9 M\u00aa Huarte<\/td>\n<td width=\"51\">18.30<\/td>\n<td width=\"132\">Esther Cremaes<\/td>\n<\/tr>\n<\/tbody>\n<\/table>\n<p>&nbsp;<\/p>\n","protected":false},"excerpt":{"rendered":"<p>La web http:\/\/erabaki.pamplona.es tiene abierta una l\u00ednea de participaci\u00f3n virtual para realizar propuestas, sugerencias o quejas<\/p>\n","protected":false},"author":1,"featured_media":11074,"comment_status":"open","ping_status":"closed","sticky":false,"template":"","format":"standard","meta":{"footnotes":""},"categories":[2],"tags":[],"class_list":["post-18844","post","type-post","status-publish","format-standard","has-post-thumbnail","hentry","category-ayuntamiento-pamplona"],"yoast_head":"<!-- This site is optimized with the Yoast SEO plugin v27.9 - https:\/\/yoast.com\/product\/yoast-seo-wordpress\/ -->\n<title>Los Foros de Barrio inician nueva ronda de encuentros con una sesi\u00f3n en Civivox Milagrosa para vecinos y tejido asociativo de Arrosad\u00eda, Milagrosa y Azpilaga\u00f1a<\/title>\n<meta name=\"robots\" content=\"index, follow, max-snippet:-1, max-image-preview:large, max-video-preview:-1\" \/>\n<link rel=\"canonical\" href=\"https:\/\/www.laguiadepamplona.com\/actualidad\/los-foros-de-barrio-inician-nueva-ronda-de-encuentros-con-una-sesion-en-civivox-milagrosa-para-vecinos-y-tejido-asociativo-de-arrosadia-milagrosa-y-azpilagana\/\" \/>\n<meta property=\"og:locale\" content=\"es_ES\" \/>\n<meta property=\"og:type\" content=\"article\" \/>\n<meta property=\"og:title\" content=\"Los Foros de Barrio inician nueva ronda de encuentros con una sesi\u00f3n en Civivox Milagrosa para vecinos y tejido asociativo de Arrosad\u00eda, Milagrosa y Azpilaga\u00f1a\" \/>\n<meta property=\"og:description\" content=\"La web http:\/\/erabaki.pamplona.es tiene abierta una l\u00ednea de participaci\u00f3n virtual para realizar propuestas, sugerencias o quejas\" \/>\n<meta property=\"og:url\" content=\"https:\/\/www.laguiadepamplona.com\/actualidad\/los-foros-de-barrio-inician-nueva-ronda-de-encuentros-con-una-sesion-en-civivox-milagrosa-para-vecinos-y-tejido-asociativo-de-arrosadia-milagrosa-y-azpilagana\/\" \/>\n<meta property=\"og:site_name\" content=\"La Gu\u00eda de Pamplona Noticias y actualidad\" \/>\n<meta property=\"article:publisher\" content=\"https:\/\/www.facebook.com\/laguiadepamplonacom-133175176762273\/?ref=hl\" \/>\n<meta property=\"article:published_time\" content=\"2018-10-01T13:47:34+00:00\" \/>\n<meta property=\"og:image\" content=\"https:\/\/www.laguiadepamplona.com\/actualidad\/wp-content\/uploads\/2016\/12\/civivox-milagrosa-900x598.jpg\" \/>\n\t<meta property=\"og:image:width\" content=\"900\" \/>\n\t<meta property=\"og:image:height\" content=\"598\" \/>\n\t<meta property=\"og:image:type\" content=\"image\/jpeg\" \/>\n<meta name=\"author\" content=\"La Gu\u00eda de Pamplona\" \/>\n<meta name=\"twitter:card\" content=\"summary_large_image\" \/>\n<meta name=\"twitter:creator\" content=\"@LaGuiadPamplona\" \/>\n<meta name=\"twitter:site\" content=\"@LaGuiadPamplona\" \/>\n<meta name=\"twitter:label1\" content=\"Escrito por\" \/>\n\t<meta name=\"twitter:data1\" content=\"La Gu\u00eda de Pamplona\" \/>\n\t<meta name=\"twitter:label2\" content=\"Tiempo de lectura\" \/>\n\t<meta name=\"twitter:data2\" content=\"3 minutos\" \/>\n<script type=\"application\/ld+json\" class=\"yoast-schema-graph\">{\"@context\":\"https:\\\/\\\/schema.org\",\"@graph\":[{\"@type\":\"Article\",\"@id\":\"https:\\\/\\\/www.laguiadepamplona.com\\\/actualidad\\\/los-foros-de-barrio-inician-nueva-ronda-de-encuentros-con-una-sesion-en-civivox-milagrosa-para-vecinos-y-tejido-asociativo-de-arrosadia-milagrosa-y-azpilagana\\\/#article\",\"isPartOf\":{\"@id\":\"https:\\\/\\\/www.laguiadepamplona.com\\\/actualidad\\\/los-foros-de-barrio-inician-nueva-ronda-de-encuentros-con-una-sesion-en-civivox-milagrosa-para-vecinos-y-tejido-asociativo-de-arrosadia-milagrosa-y-azpilagana\\\/\"},\"author\":{\"name\":\"La Gu\u00eda de Pamplona\",\"@id\":\"https:\\\/\\\/www.laguiadepamplona.com\\\/actualidad\\\/#\\\/schema\\\/person\\\/efe887376f0213d4657c93adc50b1fdb\"},\"headline\":\"Los Foros de Barrio inician nueva ronda de encuentros con una sesi\u00f3n en Civivox Milagrosa para vecinos y tejido asociativo de Arrosad\u00eda, Milagrosa y Azpilaga\u00f1a\",\"datePublished\":\"2018-10-01T13:47:34+00:00\",\"mainEntityOfPage\":{\"@id\":\"https:\\\/\\\/www.laguiadepamplona.com\\\/actualidad\\\/los-foros-de-barrio-inician-nueva-ronda-de-encuentros-con-una-sesion-en-civivox-milagrosa-para-vecinos-y-tejido-asociativo-de-arrosadia-milagrosa-y-azpilagana\\\/\"},\"wordCount\":554,\"commentCount\":0,\"publisher\":{\"@id\":\"https:\\\/\\\/www.laguiadepamplona.com\\\/actualidad\\\/#organization\"},\"image\":{\"@id\":\"https:\\\/\\\/www.laguiadepamplona.com\\\/actualidad\\\/los-foros-de-barrio-inician-nueva-ronda-de-encuentros-con-una-sesion-en-civivox-milagrosa-para-vecinos-y-tejido-asociativo-de-arrosadia-milagrosa-y-azpilagana\\\/#primaryimage\"},\"thumbnailUrl\":\"https:\\\/\\\/www.laguiadepamplona.com\\\/actualidad\\\/wp-content\\\/uploads\\\/2016\\\/12\\\/civivox-milagrosa-900x598.jpg\",\"articleSection\":[\"Ayto Pamplona\"],\"inLanguage\":\"es\",\"potentialAction\":[{\"@type\":\"CommentAction\",\"name\":\"Comment\",\"target\":[\"https:\\\/\\\/www.laguiadepamplona.com\\\/actualidad\\\/los-foros-de-barrio-inician-nueva-ronda-de-encuentros-con-una-sesion-en-civivox-milagrosa-para-vecinos-y-tejido-asociativo-de-arrosadia-milagrosa-y-azpilagana\\\/#respond\"]}]},{\"@type\":\"WebPage\",\"@id\":\"https:\\\/\\\/www.laguiadepamplona.com\\\/actualidad\\\/los-foros-de-barrio-inician-nueva-ronda-de-encuentros-con-una-sesion-en-civivox-milagrosa-para-vecinos-y-tejido-asociativo-de-arrosadia-milagrosa-y-azpilagana\\\/\",\"url\":\"https:\\\/\\\/www.laguiadepamplona.com\\\/actualidad\\\/los-foros-de-barrio-inician-nueva-ronda-de-encuentros-con-una-sesion-en-civivox-milagrosa-para-vecinos-y-tejido-asociativo-de-arrosadia-milagrosa-y-azpilagana\\\/\",\"name\":\"Los Foros de Barrio inician nueva ronda de encuentros con una sesi\u00f3n en Civivox Milagrosa para vecinos y tejido asociativo de Arrosad\u00eda, Milagrosa y Azpilaga\u00f1a\",\"isPartOf\":{\"@id\":\"https:\\\/\\\/www.laguiadepamplona.com\\\/actualidad\\\/#website\"},\"primaryImageOfPage\":{\"@id\":\"https:\\\/\\\/www.laguiadepamplona.com\\\/actualidad\\\/los-foros-de-barrio-inician-nueva-ronda-de-encuentros-con-una-sesion-en-civivox-milagrosa-para-vecinos-y-tejido-asociativo-de-arrosadia-milagrosa-y-azpilagana\\\/#primaryimage\"},\"image\":{\"@id\":\"https:\\\/\\\/www.laguiadepamplona.com\\\/actualidad\\\/los-foros-de-barrio-inician-nueva-ronda-de-encuentros-con-una-sesion-en-civivox-milagrosa-para-vecinos-y-tejido-asociativo-de-arrosadia-milagrosa-y-azpilagana\\\/#primaryimage\"},\"thumbnailUrl\":\"https:\\\/\\\/www.laguiadepamplona.com\\\/actualidad\\\/wp-content\\\/uploads\\\/2016\\\/12\\\/civivox-milagrosa-900x598.jpg\",\"datePublished\":\"2018-10-01T13:47:34+00:00\",\"breadcrumb\":{\"@id\":\"https:\\\/\\\/www.laguiadepamplona.com\\\/actualidad\\\/los-foros-de-barrio-inician-nueva-ronda-de-encuentros-con-una-sesion-en-civivox-milagrosa-para-vecinos-y-tejido-asociativo-de-arrosadia-milagrosa-y-azpilagana\\\/#breadcrumb\"},\"inLanguage\":\"es\",\"potentialAction\":[{\"@type\":\"ReadAction\",\"target\":[\"https:\\\/\\\/www.laguiadepamplona.com\\\/actualidad\\\/los-foros-de-barrio-inician-nueva-ronda-de-encuentros-con-una-sesion-en-civivox-milagrosa-para-vecinos-y-tejido-asociativo-de-arrosadia-milagrosa-y-azpilagana\\\/\"]}]},{\"@type\":\"ImageObject\",\"inLanguage\":\"es\",\"@id\":\"https:\\\/\\\/www.laguiadepamplona.com\\\/actualidad\\\/los-foros-de-barrio-inician-nueva-ronda-de-encuentros-con-una-sesion-en-civivox-milagrosa-para-vecinos-y-tejido-asociativo-de-arrosadia-milagrosa-y-azpilagana\\\/#primaryimage\",\"url\":\"https:\\\/\\\/www.laguiadepamplona.com\\\/actualidad\\\/wp-content\\\/uploads\\\/2016\\\/12\\\/civivox-milagrosa-900x598.jpg\",\"contentUrl\":\"https:\\\/\\\/www.laguiadepamplona.com\\\/actualidad\\\/wp-content\\\/uploads\\\/2016\\\/12\\\/civivox-milagrosa-900x598.jpg\",\"width\":900,\"height\":598},{\"@type\":\"BreadcrumbList\",\"@id\":\"https:\\\/\\\/www.laguiadepamplona.com\\\/actualidad\\\/los-foros-de-barrio-inician-nueva-ronda-de-encuentros-con-una-sesion-en-civivox-milagrosa-para-vecinos-y-tejido-asociativo-de-arrosadia-milagrosa-y-azpilagana\\\/#breadcrumb\",\"itemListElement\":[{\"@type\":\"ListItem\",\"position\":1,\"name\":\"Portada\",\"item\":\"https:\\\/\\\/www.laguiadepamplona.com\\\/actualidad\\\/\"},{\"@type\":\"ListItem\",\"position\":2,\"name\":\"Los Foros de Barrio inician nueva ronda de encuentros con una sesi\u00f3n en Civivox Milagrosa para vecinos y tejido asociativo de Arrosad\u00eda, Milagrosa y Azpilaga\u00f1a\"}]},{\"@type\":\"WebSite\",\"@id\":\"https:\\\/\\\/www.laguiadepamplona.com\\\/actualidad\\\/#website\",\"url\":\"https:\\\/\\\/www.laguiadepamplona.com\\\/actualidad\\\/\",\"name\":\"La gu\u00eda de Pamplona\",\"description\":\"Noticias de Pamplona\",\"publisher\":{\"@id\":\"https:\\\/\\\/www.laguiadepamplona.com\\\/actualidad\\\/#organization\"},\"potentialAction\":[{\"@type\":\"SearchAction\",\"target\":{\"@type\":\"EntryPoint\",\"urlTemplate\":\"https:\\\/\\\/www.laguiadepamplona.com\\\/actualidad\\\/?s={search_term_string}\"},\"query-input\":{\"@type\":\"PropertyValueSpecification\",\"valueRequired\":true,\"valueName\":\"search_term_string\"}}],\"inLanguage\":\"es\"},{\"@type\":\"Organization\",\"@id\":\"https:\\\/\\\/www.laguiadepamplona.com\\\/actualidad\\\/#organization\",\"name\":\"La Gu\u00eda de Pamplona \\\/ Noticias\",\"url\":\"https:\\\/\\\/www.laguiadepamplona.com\\\/actualidad\\\/\",\"logo\":{\"@type\":\"ImageObject\",\"inLanguage\":\"es\",\"@id\":\"https:\\\/\\\/www.laguiadepamplona.com\\\/actualidad\\\/#\\\/schema\\\/logo\\\/image\\\/\",\"url\":\"https:\\\/\\\/www.laguiadepamplona.com\\\/actualidad\\\/wp-content\\\/uploads\\\/2018\\\/11\\\/logo-laguiadepamplona18-web1.png\",\"contentUrl\":\"https:\\\/\\\/www.laguiadepamplona.com\\\/actualidad\\\/wp-content\\\/uploads\\\/2018\\\/11\\\/logo-laguiadepamplona18-web1.png\",\"width\":600,\"height\":196,\"caption\":\"La Gu\u00eda de Pamplona \\\/ Noticias\"},\"image\":{\"@id\":\"https:\\\/\\\/www.laguiadepamplona.com\\\/actualidad\\\/#\\\/schema\\\/logo\\\/image\\\/\"},\"sameAs\":[\"https:\\\/\\\/www.facebook.com\\\/laguiadepamplonacom-133175176762273\\\/?ref=hl\",\"https:\\\/\\\/x.com\\\/LaGuiadPamplona\",\"https:\\\/\\\/www.instagram.com\\\/la_guia_de_pamplona\\\/\",\"https:\\\/\\\/www.youtube.com\\\/user\\\/laguiadepamplona\"]},{\"@type\":\"Person\",\"@id\":\"https:\\\/\\\/www.laguiadepamplona.com\\\/actualidad\\\/#\\\/schema\\\/person\\\/efe887376f0213d4657c93adc50b1fdb\",\"name\":\"La Gu\u00eda de Pamplona\",\"image\":{\"@type\":\"ImageObject\",\"inLanguage\":\"es\",\"@id\":\"https:\\\/\\\/secure.gravatar.com\\\/avatar\\\/b6992f131dc8d30ab0dff15446e9d346d9dbd95992de0fef795073f5ea83a81c?s=96&d=mm&r=g\",\"url\":\"https:\\\/\\\/secure.gravatar.com\\\/avatar\\\/b6992f131dc8d30ab0dff15446e9d346d9dbd95992de0fef795073f5ea83a81c?s=96&d=mm&r=g\",\"contentUrl\":\"https:\\\/\\\/secure.gravatar.com\\\/avatar\\\/b6992f131dc8d30ab0dff15446e9d346d9dbd95992de0fef795073f5ea83a81c?s=96&d=mm&r=g\",\"caption\":\"La Gu\u00eda de Pamplona\"}}]}<\/script>\n<!-- \/ Yoast SEO plugin. -->","yoast_head_json":{"title":"Los Foros de Barrio inician nueva ronda de encuentros con una sesi\u00f3n en Civivox Milagrosa para vecinos y tejido asociativo de Arrosad\u00eda, Milagrosa y Azpilaga\u00f1a","robots":{"index":"index","follow":"follow","max-snippet":"max-snippet:-1","max-image-preview":"max-image-preview:large","max-video-preview":"max-video-preview:-1"},"canonical":"https:\/\/www.laguiadepamplona.com\/actualidad\/los-foros-de-barrio-inician-nueva-ronda-de-encuentros-con-una-sesion-en-civivox-milagrosa-para-vecinos-y-tejido-asociativo-de-arrosadia-milagrosa-y-azpilagana\/","og_locale":"es_ES","og_type":"article","og_title":"Los Foros de Barrio inician nueva ronda de encuentros con una sesi\u00f3n en Civivox Milagrosa para vecinos y tejido asociativo de Arrosad\u00eda, Milagrosa y Azpilaga\u00f1a","og_description":"La web http:\/\/erabaki.pamplona.es tiene abierta una l\u00ednea de participaci\u00f3n virtual para realizar propuestas, sugerencias o quejas","og_url":"https:\/\/www.laguiadepamplona.com\/actualidad\/los-foros-de-barrio-inician-nueva-ronda-de-encuentros-con-una-sesion-en-civivox-milagrosa-para-vecinos-y-tejido-asociativo-de-arrosadia-milagrosa-y-azpilagana\/","og_site_name":"La Gu\u00eda de Pamplona Noticias y actualidad","article_publisher":"https:\/\/www.facebook.com\/laguiadepamplonacom-133175176762273\/?ref=hl","article_published_time":"2018-10-01T13:47:34+00:00","og_image":[{"width":900,"height":598,"url":"https:\/\/www.laguiadepamplona.com\/actualidad\/wp-content\/uploads\/2016\/12\/civivox-milagrosa-900x598.jpg","type":"image\/jpeg"}],"author":"La Gu\u00eda de Pamplona","twitter_card":"summary_large_image","twitter_creator":"@LaGuiadPamplona","twitter_site":"@LaGuiadPamplona","twitter_misc":{"Escrito por":"La Gu\u00eda de Pamplona","Tiempo de lectura":"3 minutos"},"schema":{"@context":"https:\/\/schema.org","@graph":[{"@type":"Article","@id":"https:\/\/www.laguiadepamplona.com\/actualidad\/los-foros-de-barrio-inician-nueva-ronda-de-encuentros-con-una-sesion-en-civivox-milagrosa-para-vecinos-y-tejido-asociativo-de-arrosadia-milagrosa-y-azpilagana\/#article","isPartOf":{"@id":"https:\/\/www.laguiadepamplona.com\/actualidad\/los-foros-de-barrio-inician-nueva-ronda-de-encuentros-con-una-sesion-en-civivox-milagrosa-para-vecinos-y-tejido-asociativo-de-arrosadia-milagrosa-y-azpilagana\/"},"author":{"name":"La Gu\u00eda de Pamplona","@id":"https:\/\/www.laguiadepamplona.com\/actualidad\/#\/schema\/person\/efe887376f0213d4657c93adc50b1fdb"},"headline":"Los Foros de Barrio inician nueva ronda de encuentros con una sesi\u00f3n en Civivox Milagrosa para vecinos y tejido asociativo de Arrosad\u00eda, Milagrosa y Azpilaga\u00f1a","datePublished":"2018-10-01T13:47:34+00:00","mainEntityOfPage":{"@id":"https:\/\/www.laguiadepamplona.com\/actualidad\/los-foros-de-barrio-inician-nueva-ronda-de-encuentros-con-una-sesion-en-civivox-milagrosa-para-vecinos-y-tejido-asociativo-de-arrosadia-milagrosa-y-azpilagana\/"},"wordCount":554,"commentCount":0,"publisher":{"@id":"https:\/\/www.laguiadepamplona.com\/actualidad\/#organization"},"image":{"@id":"https:\/\/www.laguiadepamplona.com\/actualidad\/los-foros-de-barrio-inician-nueva-ronda-de-encuentros-con-una-sesion-en-civivox-milagrosa-para-vecinos-y-tejido-asociativo-de-arrosadia-milagrosa-y-azpilagana\/#primaryimage"},"thumbnailUrl":"https:\/\/www.laguiadepamplona.com\/actualidad\/wp-content\/uploads\/2016\/12\/civivox-milagrosa-900x598.jpg","articleSection":["Ayto Pamplona"],"inLanguage":"es","potentialAction":[{"@type":"CommentAction","name":"Comment","target":["https:\/\/www.laguiadepamplona.com\/actualidad\/los-foros-de-barrio-inician-nueva-ronda-de-encuentros-con-una-sesion-en-civivox-milagrosa-para-vecinos-y-tejido-asociativo-de-arrosadia-milagrosa-y-azpilagana\/#respond"]}]},{"@type":"WebPage","@id":"https:\/\/www.laguiadepamplona.com\/actualidad\/los-foros-de-barrio-inician-nueva-ronda-de-encuentros-con-una-sesion-en-civivox-milagrosa-para-vecinos-y-tejido-asociativo-de-arrosadia-milagrosa-y-azpilagana\/","url":"https:\/\/www.laguiadepamplona.com\/actualidad\/los-foros-de-barrio-inician-nueva-ronda-de-encuentros-con-una-sesion-en-civivox-milagrosa-para-vecinos-y-tejido-asociativo-de-arrosadia-milagrosa-y-azpilagana\/","name":"Los Foros de Barrio inician nueva ronda de encuentros con una sesi\u00f3n en Civivox Milagrosa para vecinos y tejido asociativo de Arrosad\u00eda, Milagrosa y Azpilaga\u00f1a","isPartOf":{"@id":"https:\/\/www.laguiadepamplona.com\/actualidad\/#website"},"primaryImageOfPage":{"@id":"https:\/\/www.laguiadepamplona.com\/actualidad\/los-foros-de-barrio-inician-nueva-ronda-de-encuentros-con-una-sesion-en-civivox-milagrosa-para-vecinos-y-tejido-asociativo-de-arrosadia-milagrosa-y-azpilagana\/#primaryimage"},"image":{"@id":"https:\/\/www.laguiadepamplona.com\/actualidad\/los-foros-de-barrio-inician-nueva-ronda-de-encuentros-con-una-sesion-en-civivox-milagrosa-para-vecinos-y-tejido-asociativo-de-arrosadia-milagrosa-y-azpilagana\/#primaryimage"},"thumbnailUrl":"https:\/\/www.laguiadepamplona.com\/actualidad\/wp-content\/uploads\/2016\/12\/civivox-milagrosa-900x598.jpg","datePublished":"2018-10-01T13:47:34+00:00","breadcrumb":{"@id":"https:\/\/www.laguiadepamplona.com\/actualidad\/los-foros-de-barrio-inician-nueva-ronda-de-encuentros-con-una-sesion-en-civivox-milagrosa-para-vecinos-y-tejido-asociativo-de-arrosadia-milagrosa-y-azpilagana\/#breadcrumb"},"inLanguage":"es","potentialAction":[{"@type":"ReadAction","target":["https:\/\/www.laguiadepamplona.com\/actualidad\/los-foros-de-barrio-inician-nueva-ronda-de-encuentros-con-una-sesion-en-civivox-milagrosa-para-vecinos-y-tejido-asociativo-de-arrosadia-milagrosa-y-azpilagana\/"]}]},{"@type":"ImageObject","inLanguage":"es","@id":"https:\/\/www.laguiadepamplona.com\/actualidad\/los-foros-de-barrio-inician-nueva-ronda-de-encuentros-con-una-sesion-en-civivox-milagrosa-para-vecinos-y-tejido-asociativo-de-arrosadia-milagrosa-y-azpilagana\/#primaryimage","url":"https:\/\/www.laguiadepamplona.com\/actualidad\/wp-content\/uploads\/2016\/12\/civivox-milagrosa-900x598.jpg","contentUrl":"https:\/\/www.laguiadepamplona.com\/actualidad\/wp-content\/uploads\/2016\/12\/civivox-milagrosa-900x598.jpg","width":900,"height":598},{"@type":"BreadcrumbList","@id":"https:\/\/www.laguiadepamplona.com\/actualidad\/los-foros-de-barrio-inician-nueva-ronda-de-encuentros-con-una-sesion-en-civivox-milagrosa-para-vecinos-y-tejido-asociativo-de-arrosadia-milagrosa-y-azpilagana\/#breadcrumb","itemListElement":[{"@type":"ListItem","position":1,"name":"Portada","item":"https:\/\/www.laguiadepamplona.com\/actualidad\/"},{"@type":"ListItem","position":2,"name":"Los Foros de Barrio inician nueva ronda de encuentros con una sesi\u00f3n en Civivox Milagrosa para vecinos y tejido asociativo de Arrosad\u00eda, Milagrosa y Azpilaga\u00f1a"}]},{"@type":"WebSite","@id":"https:\/\/www.laguiadepamplona.com\/actualidad\/#website","url":"https:\/\/www.laguiadepamplona.com\/actualidad\/","name":"La gu\u00eda de Pamplona","description":"Noticias de Pamplona","publisher":{"@id":"https:\/\/www.laguiadepamplona.com\/actualidad\/#organization"},"potentialAction":[{"@type":"SearchAction","target":{"@type":"EntryPoint","urlTemplate":"https:\/\/www.laguiadepamplona.com\/actualidad\/?s={search_term_string}"},"query-input":{"@type":"PropertyValueSpecification","valueRequired":true,"valueName":"search_term_string"}}],"inLanguage":"es"},{"@type":"Organization","@id":"https:\/\/www.laguiadepamplona.com\/actualidad\/#organization","name":"La Gu\u00eda de Pamplona \/ Noticias","url":"https:\/\/www.laguiadepamplona.com\/actualidad\/","logo":{"@type":"ImageObject","inLanguage":"es","@id":"https:\/\/www.laguiadepamplona.com\/actualidad\/#\/schema\/logo\/image\/","url":"https:\/\/www.laguiadepamplona.com\/actualidad\/wp-content\/uploads\/2018\/11\/logo-laguiadepamplona18-web1.png","contentUrl":"https:\/\/www.laguiadepamplona.com\/actualidad\/wp-content\/uploads\/2018\/11\/logo-laguiadepamplona18-web1.png","width":600,"height":196,"caption":"La Gu\u00eda de Pamplona \/ Noticias"},"image":{"@id":"https:\/\/www.laguiadepamplona.com\/actualidad\/#\/schema\/logo\/image\/"},"sameAs":["https:\/\/www.facebook.com\/laguiadepamplonacom-133175176762273\/?ref=hl","https:\/\/x.com\/LaGuiadPamplona","https:\/\/www.instagram.com\/la_guia_de_pamplona\/","https:\/\/www.youtube.com\/user\/laguiadepamplona"]},{"@type":"Person","@id":"https:\/\/www.laguiadepamplona.com\/actualidad\/#\/schema\/person\/efe887376f0213d4657c93adc50b1fdb","name":"La Gu\u00eda de Pamplona","image":{"@type":"ImageObject","inLanguage":"es","@id":"https:\/\/secure.gravatar.com\/avatar\/b6992f131dc8d30ab0dff15446e9d346d9dbd95992de0fef795073f5ea83a81c?s=96&d=mm&r=g","url":"https:\/\/secure.gravatar.com\/avatar\/b6992f131dc8d30ab0dff15446e9d346d9dbd95992de0fef795073f5ea83a81c?s=96&d=mm&r=g","contentUrl":"https:\/\/secure.gravatar.com\/avatar\/b6992f131dc8d30ab0dff15446e9d346d9dbd95992de0fef795073f5ea83a81c?s=96&d=mm&r=g","caption":"La Gu\u00eda de Pamplona"}}]}},"post_mailing_queue_ids":[],"_links":{"self":[{"href":"https:\/\/www.laguiadepamplona.com\/actualidad\/wp-json\/wp\/v2\/posts\/18844","targetHints":{"allow":["GET"]}}],"collection":[{"href":"https:\/\/www.laguiadepamplona.com\/actualidad\/wp-json\/wp\/v2\/posts"}],"about":[{"href":"https:\/\/www.laguiadepamplona.com\/actualidad\/wp-json\/wp\/v2\/types\/post"}],"author":[{"embeddable":true,"href":"https:\/\/www.laguiadepamplona.com\/actualidad\/wp-json\/wp\/v2\/users\/1"}],"replies":[{"embeddable":true,"href":"https:\/\/www.laguiadepamplona.com\/actualidad\/wp-json\/wp\/v2\/comments?post=18844"}],"version-history":[{"count":0,"href":"https:\/\/www.laguiadepamplona.com\/actualidad\/wp-json\/wp\/v2\/posts\/18844\/revisions"}],"wp:featuredmedia":[{"embeddable":true,"href":"https:\/\/www.laguiadepamplona.com\/actualidad\/wp-json\/wp\/v2\/media\/11074"}],"wp:attachment":[{"href":"https:\/\/www.laguiadepamplona.com\/actualidad\/wp-json\/wp\/v2\/media?parent=18844"}],"wp:term":[{"taxonomy":"category","embeddable":true,"href":"https:\/\/www.laguiadepamplona.com\/actualidad\/wp-json\/wp\/v2\/categories?post=18844"},{"taxonomy":"post_tag","embeddable":true,"href":"https:\/\/www.laguiadepamplona.com\/actualidad\/wp-json\/wp\/v2\/tags?post=18844"}],"curies":[{"name":"wp","href":"https:\/\/api.w.org\/{rel}","templated":true}]}}