{"id":1883,"date":"2014-06-06T11:22:17","date_gmt":"2014-06-06T10:22:17","guid":{"rendered":"http:\/\/laguiadepamplona.es\/noticias\/?p=1883"},"modified":"2014-06-06T11:22:17","modified_gmt":"2014-06-06T10:22:17","slug":"investigadores-de-25-paises-interesados-en-contar-sus-experiencias-en-el-congreso-internacional-de-patrimonio-fortificado-que-tendra-lugar-en-pamplona-en-octubre","status":"publish","type":"post","link":"https:\/\/www.laguiadepamplona.com\/actualidad\/investigadores-de-25-paises-interesados-en-contar-sus-experiencias-en-el-congreso-internacional-de-patrimonio-fortificado-que-tendra-lugar-en-pamplona-en-octubre\/","title":{"rendered":"Investigadores de 25 pa\u00edses, interesados en contar sus experiencias en el Congreso Internacional de Patrimonio Fortificado que tendr\u00e1 lugar en Pamplona en octubre"},"content":{"rendered":"<h4>Ya est\u00e1n confirmados cinco de los ponentes principales y se han realizado las primeras inscripciones cuyo plazo estar\u00e1 abierto hasta septiembre<\/h4>\n<p><a href=\"http:\/\/laguiadepamplona.es\/noticias\/wp-content\/uploads\/2014\/01\/fortius.jpg\"><img loading=\"lazy\" decoding=\"async\" class=\"alignleft size-medium wp-image-46\" src=\"http:\/\/laguiadepamplona.es\/noticias\/wp-content\/uploads\/2014\/01\/fortius-300x168.jpg\" alt=\"fortius\" width=\"300\" height=\"168\" \/><\/a>Contin\u00faan los trabajos de organizaci\u00f3n del \u201cCongreso Internacional sobre Patrimonio Fortificado: Gesti\u00f3n y Desarrollo Sostenible\u201d que tendr\u00e1 lugar en la Casa-Palacio del Condestable el pr\u00f3ximo octubre. Del 15 al 17 de octubre investigadores, arquitectos, urbanistas, paisajistas, historiadores, soci\u00f3logos, economistas, trabajadores de las administraciones p\u00fablicas, etc., relacionados con el \u00e1mbito de la ciudad y el patrimonio podr\u00e1n compartir experiencias, poner en com\u00fan t\u00e9cnicas y metodolog\u00edas y debatir sobre distintos aspectos de la conservaci\u00f3n y gesti\u00f3n del patrimonio militar.<\/p>\n<p>Ya se han producido las primera inscripciones, aunque el plazo para matricularse estar\u00e1 abierto hasta el 26 de septiembre. Adem\u00e1s de las sesiones te\u00f3ricas los participantes podr\u00e1n participar en un plan de actividades vinculadas a la visita de espacios emblem\u00e1ticos de las fortificaciones de la ciudad, entre otros, la Ciudadela, el conjunto fortificado y el Centro de Interpretaci\u00f3n de las Fortificaciones de Pamplona. El Ayuntamiento est\u00e1 terminando de cerrar algunas posibilidades ventajosas de viaje y alojamiento para quienes acudan a la ciudad a participar en esta cita.<\/p>\n<p>Este congreso forma parte de las actividades de divulgaci\u00f3n del patrimonio fortificado y de cooperaci\u00f3n institucional emprendida por los consistorios de Pamplona y Bayona dentro del proyecto FORTIUS, unas actuaciones est\u00e1n subvencionadas por la Uni\u00f3n Europea a trav\u00e9s de Programa Operativo Territorial Espa\u00f1a-Francia-Andorra (POCTEFA), que se gestiona en la Comunidad de Trabajo de los Pirineos (CTP).<\/p>\n<p><strong>64 res\u00famenes de 25 pa\u00edses<\/strong><\/p>\n<p>El Comit\u00e9 Cient\u00edfico del congreso ha aprobado ya los res\u00famenes de 64 ponencias firmadas por 105 especialistas de todo el mundo que, una vez desarrolladas, se presentar\u00e1n durante el congreso en sesiones simult\u00e1neas de 90 minutos; cada comunicaci\u00f3n ocupar\u00e1 de 10 a 15 minutos.<\/p>\n<p>Adem\u00e1s de las espa\u00f1olas, hay propuestas de comunicaciones breves llegadas de B\u00e9lgica, Reino Unido, Serbia, Italia, Polonia, Portugal, Alemania, Grecia, Hungr\u00eda y Suecia, de entre los pa\u00edses europeos. Tambi\u00e9n se han remitido comunicaciones del continente americano: Estados Unidos, Colombia, Brasil y Mexico. Completan las nacionalidades de los investigadores Turqu\u00eda, Ir\u00e1n, India, Argelia, Bangladesh, Qatar, Comores, Australia, Filipinas y Egipto.<\/p>\n<p>En el sitio web <a href=\"http:\/\/congress.fortiuspamplonabayonne.eu\/\" target=\"_blank\">http:\/\/congress.fortiuspamplonabayonne.eu<\/a> est\u00e1 disponible, en tres idiomas, la informaci\u00f3n sobre las otras sesiones de un congreso que, adem\u00e1s de las comunicaciones breves, propondr\u00e1 6 sesiones magistrales y seis mesas redondas de expertos, seguidas por coloquios.<\/p>\n<p><strong>Cinco nombres, cinco pa\u00edses<\/strong><\/p>\n<p>Los cinco ponentes principales ya confirmados son cuatro hombres y una mujer, de diversas procedencias geogr\u00e1ficas: Puerto Rico, Francia, Reino Unido, Malta y Alemania.<\/p>\n<p>Milagros Flores Rom\u00e1n llegar\u00e1 desde Puerto Rico. Es una licenciada en Historia que preside desde 2008 el ICOFORT (Comit\u00e9 Cient\u00edfico Internacional del ICOMOS sobre Fortificaciones y Patrimonio Militar), un organismo que apoya a la UNESCO y a su programa de Convenci\u00f3n de Patrimonio Mundial en todo lo relacionado con el patrimonio militar. Adem\u00e1s, Flores colabora como especialista en Fortificaciones tanto con la UNESCO como con el ICOMOS (Consejo Internacional de Monumentos y Sitios).<\/p>\n<p>El congreso tambi\u00e9n tendr\u00e1 como ponentes principales o \u201ckeynote speakers\u201d al franc\u00e9s Nicolas Faucherre, investigador y profesor con un centenar de publicaciones en su haber, que en estos momentos es miembro del consejo cient\u00edfico del Laboratorio de Arqueolog\u00eda Medieval y Moderna del Mediterr\u00e1neo del Centro Nacional de Investigaci\u00f3n Cient\u00edfica. Tambi\u00e9n a William H. Clements, coronel retirado procedente de Reino Unido que actualmente preside el Fortress Study Group. Esta es una de las m\u00e1s prestigiosas asociaciones internacionales que se interesa por las fortificaciones. Con m\u00e1s de 600 miembros, la asociaci\u00f3n est\u00e1 formada por arquitectos, historiadores, miembros retirados o en activo de las fuerzas armadas etc. de m\u00e1s de 30 pa\u00edses de todo el mundo, cuenta con publicaciones especializadas y colabora activamente con otras sociedades nacionales e internacionales con intereses afines. H. Clements es licenciado en Derecho por la Queen\u2019s University de Belfast y miembro de la Real Sociedad de Historia.<\/p>\n<p>Los otros dos nombres confirmados como ponentes principales son los doctores Stephen C. Spiteri y Hans-Rudolf Neumann. El primero, diplomado en Dise\u00f1o Interior (Rhodec International) y licenciado en Artes, es coordinador de investigaci\u00f3n de la Direcci\u00f3n de Restauraci\u00f3n de Malta. Es profesor de historia y desarrollo de la arquitectura militar as\u00ed como de arte y ciencia de la fortificaci\u00f3n en el Instituto Internacional de Estudios Barrocos de la Universidad de Malta, donde se encuentra desarrollando su segundo doctorado. Autor de numerosos libros y estudios sobre la historia militar y las fortificaciones de esa ciudad, de la que es oriundo, trabaja en conservaci\u00f3n del patrimonio, especializado en la arquitectura militar de los Caballeros Hospitalarios de la Orden San Juan (Orden de Malta) y las fortificaciones de esas islas.<\/p>\n<p>El segundo, y por el momento \u00faltimo experto ya confirmado, es Hans-Rudolf Neumann, ingeniero y vicepresidente de ECCOFORT Berl\u00edn que organiza y dirige viajes de estudio sobre fortalezas en todo el mundo. Ha coordinado varios proyectos de caracter internacional relacionados con el patrimonio fortificado. Es miembro experto y con derecho a voto de FRG en ICOMOS\/ICOFORT y autor de numerosas publicaciones especializadas sobre fortificaciones.<\/p>\n<p><strong>Congreso Internacional sobre Patrimonio Fortificado: Gesti\u00f3n y Desarrollo Sostenible\/\/ Internacional Conference on Fortified Heritage: Management and Sustainable Development y se realiza en colaboraci\u00f3n con Bayona.<\/strong><\/p>\n<p><strong>Fechas:<\/strong> Del 15 al 17 de octubre<\/p>\n<p><strong>Lugar:<\/strong> Palacio del Condestable<\/p>\n<p>Primera jornada.\u201cEl monumento militar\u201d<\/p>\n<ul>\n<li>Se abordar\u00e1 lo relativo a conservaci\u00f3n y restauraci\u00f3n, planes de gesti\u00f3n y gobernanza, seguridad y accesibilidad<\/li>\n<\/ul>\n<p>Segunda jornada. \u201cEl monumento y su escala urbana\u201d<\/p>\n<ul>\n<li>Se hablar\u00e1 sobre reutilizaci\u00f3n de las fortificaciones y sostenibilidad social y econ\u00f3mica; y paisajismo, mantenimiento y ordenaci\u00f3n del territorio en torno al patrimonio militar<\/li>\n<\/ul>\n<p>Tercera jornada. \u201cEl monumento como oportunidad\u201d<\/p>\n<ul>\n<li>Ser\u00e1 el momento de reflexionar sobre financiaci\u00f3n, trabajo de fundaciones y voluntariado; comunicaci\u00f3n, marketing y branding y valorizaci\u00f3n educativa, cultural y tur\u00edstica<\/li>\n<\/ul>\n<p>&nbsp;<\/p>\n","protected":false},"excerpt":{"rendered":"<p>Ya est\u00e1n confirmados cinco de los ponentes principales y se han realizado las primeras inscripciones cuyo plazo estar\u00e1 abierto hasta septiembre Contin\u00faan los trabajos de organizaci\u00f3n del \u201cCongreso Internacional sobre&#8230;<\/p>\n","protected":false},"author":1,"featured_media":46,"comment_status":"open","ping_status":"open","sticky":false,"template":"","format":"standard","meta":{"footnotes":""},"categories":[2],"tags":[5,6,509,1561,441,645,1562,1563,8,9,1564],"class_list":["post-1883","post","type-post","status-publish","format-standard","has-post-thumbnail","hentry","category-ayuntamiento-pamplona","tag-actualidad","tag-ayto-pamplona","tag-ayuntamiento-de-pamplona","tag-casa-palacio","tag-condestable","tag-congreso-internacional","tag-experiencias","tag-investigadores","tag-noticias","tag-pamplona","tag-patrimonio-fortificados"],"yoast_head":"<!-- This site is optimized with the Yoast SEO plugin v27.5 - https:\/\/yoast.com\/product\/yoast-seo-wordpress\/ -->\n<title>Investigadores de 25 pa\u00edses, interesados en contar sus experiencias en el Congreso Internacional de Patrimonio Fortificado que tendr\u00e1 lugar en Pamplona en octubre<\/title>\n<meta name=\"robots\" content=\"index, follow, max-snippet:-1, max-image-preview:large, max-video-preview:-1\" \/>\n<link rel=\"canonical\" href=\"https:\/\/www.laguiadepamplona.com\/actualidad\/investigadores-de-25-paises-interesados-en-contar-sus-experiencias-en-el-congreso-internacional-de-patrimonio-fortificado-que-tendra-lugar-en-pamplona-en-octubre\/\" \/>\n<meta property=\"og:locale\" content=\"es_ES\" \/>\n<meta property=\"og:type\" content=\"article\" \/>\n<meta property=\"og:title\" content=\"Investigadores de 25 pa\u00edses, interesados en contar sus experiencias en el Congreso Internacional de Patrimonio Fortificado que tendr\u00e1 lugar en Pamplona en octubre\" \/>\n<meta property=\"og:description\" content=\"Ya est\u00e1n confirmados cinco de los ponentes principales y se han realizado las primeras inscripciones cuyo plazo estar\u00e1 abierto hasta septiembre Contin\u00faan los trabajos de organizaci\u00f3n del \u201cCongreso Internacional sobre...\" \/>\n<meta property=\"og:url\" content=\"https:\/\/www.laguiadepamplona.com\/actualidad\/investigadores-de-25-paises-interesados-en-contar-sus-experiencias-en-el-congreso-internacional-de-patrimonio-fortificado-que-tendra-lugar-en-pamplona-en-octubre\/\" \/>\n<meta property=\"og:site_name\" content=\"La Gu\u00eda de Pamplona\" \/>\n<meta property=\"article:publisher\" content=\"https:\/\/www.facebook.com\/laguiadepamplonacom-133175176762273\/?ref=hl\" \/>\n<meta property=\"article:published_time\" content=\"2014-06-06T10:22:17+00:00\" \/>\n<meta name=\"author\" content=\"La Gu\u00eda de Pamplona\" \/>\n<meta name=\"twitter:card\" content=\"summary_large_image\" \/>\n<meta name=\"twitter:creator\" content=\"@LaGuiadPamplona\" \/>\n<meta name=\"twitter:site\" content=\"@LaGuiadPamplona\" \/>\n<meta name=\"twitter:label1\" content=\"Escrito por\" \/>\n\t<meta name=\"twitter:data1\" content=\"La Gu\u00eda de Pamplona\" \/>\n\t<meta name=\"twitter:label2\" content=\"Tiempo de lectura\" \/>\n\t<meta name=\"twitter:data2\" content=\"5 minutos\" \/>\n<script type=\"application\/ld+json\" class=\"yoast-schema-graph\">{\"@context\":\"https:\\\/\\\/schema.org\",\"@graph\":[{\"@type\":\"Article\",\"@id\":\"https:\\\/\\\/www.laguiadepamplona.com\\\/actualidad\\\/investigadores-de-25-paises-interesados-en-contar-sus-experiencias-en-el-congreso-internacional-de-patrimonio-fortificado-que-tendra-lugar-en-pamplona-en-octubre\\\/#article\",\"isPartOf\":{\"@id\":\"https:\\\/\\\/www.laguiadepamplona.com\\\/actualidad\\\/investigadores-de-25-paises-interesados-en-contar-sus-experiencias-en-el-congreso-internacional-de-patrimonio-fortificado-que-tendra-lugar-en-pamplona-en-octubre\\\/\"},\"author\":{\"name\":\"La Gu\u00eda de Pamplona\",\"@id\":\"https:\\\/\\\/www.laguiadepamplona.com\\\/actualidad\\\/#\\\/schema\\\/person\\\/efe887376f0213d4657c93adc50b1fdb\"},\"headline\":\"Investigadores de 25 pa\u00edses, interesados en contar sus experiencias en el Congreso Internacional de Patrimonio Fortificado que tendr\u00e1 lugar en Pamplona en octubre\",\"datePublished\":\"2014-06-06T10:22:17+00:00\",\"mainEntityOfPage\":{\"@id\":\"https:\\\/\\\/www.laguiadepamplona.com\\\/actualidad\\\/investigadores-de-25-paises-interesados-en-contar-sus-experiencias-en-el-congreso-internacional-de-patrimonio-fortificado-que-tendra-lugar-en-pamplona-en-octubre\\\/\"},\"wordCount\":1037,\"commentCount\":0,\"publisher\":{\"@id\":\"https:\\\/\\\/www.laguiadepamplona.com\\\/actualidad\\\/#organization\"},\"image\":{\"@id\":\"https:\\\/\\\/www.laguiadepamplona.com\\\/actualidad\\\/investigadores-de-25-paises-interesados-en-contar-sus-experiencias-en-el-congreso-internacional-de-patrimonio-fortificado-que-tendra-lugar-en-pamplona-en-octubre\\\/#primaryimage\"},\"thumbnailUrl\":\"\",\"keywords\":[\"actualidad\",\"ayto pamplona\",\"Ayuntamiento de Pamplona\",\"casa-palacio\",\"Condestable\",\"Congreso Internacional\",\"experiencias\",\"investigadores\",\"noticias\",\"pamplona\",\"patrimonio fortificados\"],\"articleSection\":[\"Ayto Pamplona\"],\"inLanguage\":\"es\",\"potentialAction\":[{\"@type\":\"CommentAction\",\"name\":\"Comment\",\"target\":[\"https:\\\/\\\/www.laguiadepamplona.com\\\/actualidad\\\/investigadores-de-25-paises-interesados-en-contar-sus-experiencias-en-el-congreso-internacional-de-patrimonio-fortificado-que-tendra-lugar-en-pamplona-en-octubre\\\/#respond\"]}]},{\"@type\":\"WebPage\",\"@id\":\"https:\\\/\\\/www.laguiadepamplona.com\\\/actualidad\\\/investigadores-de-25-paises-interesados-en-contar-sus-experiencias-en-el-congreso-internacional-de-patrimonio-fortificado-que-tendra-lugar-en-pamplona-en-octubre\\\/\",\"url\":\"https:\\\/\\\/www.laguiadepamplona.com\\\/actualidad\\\/investigadores-de-25-paises-interesados-en-contar-sus-experiencias-en-el-congreso-internacional-de-patrimonio-fortificado-que-tendra-lugar-en-pamplona-en-octubre\\\/\",\"name\":\"Investigadores de 25 pa\u00edses, interesados en contar sus experiencias en el Congreso Internacional de Patrimonio Fortificado que tendr\u00e1 lugar en Pamplona en octubre\",\"isPartOf\":{\"@id\":\"https:\\\/\\\/www.laguiadepamplona.com\\\/actualidad\\\/#website\"},\"primaryImageOfPage\":{\"@id\":\"https:\\\/\\\/www.laguiadepamplona.com\\\/actualidad\\\/investigadores-de-25-paises-interesados-en-contar-sus-experiencias-en-el-congreso-internacional-de-patrimonio-fortificado-que-tendra-lugar-en-pamplona-en-octubre\\\/#primaryimage\"},\"image\":{\"@id\":\"https:\\\/\\\/www.laguiadepamplona.com\\\/actualidad\\\/investigadores-de-25-paises-interesados-en-contar-sus-experiencias-en-el-congreso-internacional-de-patrimonio-fortificado-que-tendra-lugar-en-pamplona-en-octubre\\\/#primaryimage\"},\"thumbnailUrl\":\"\",\"datePublished\":\"2014-06-06T10:22:17+00:00\",\"breadcrumb\":{\"@id\":\"https:\\\/\\\/www.laguiadepamplona.com\\\/actualidad\\\/investigadores-de-25-paises-interesados-en-contar-sus-experiencias-en-el-congreso-internacional-de-patrimonio-fortificado-que-tendra-lugar-en-pamplona-en-octubre\\\/#breadcrumb\"},\"inLanguage\":\"es\",\"potentialAction\":[{\"@type\":\"ReadAction\",\"target\":[\"https:\\\/\\\/www.laguiadepamplona.com\\\/actualidad\\\/investigadores-de-25-paises-interesados-en-contar-sus-experiencias-en-el-congreso-internacional-de-patrimonio-fortificado-que-tendra-lugar-en-pamplona-en-octubre\\\/\"]}]},{\"@type\":\"ImageObject\",\"inLanguage\":\"es\",\"@id\":\"https:\\\/\\\/www.laguiadepamplona.com\\\/actualidad\\\/investigadores-de-25-paises-interesados-en-contar-sus-experiencias-en-el-congreso-internacional-de-patrimonio-fortificado-que-tendra-lugar-en-pamplona-en-octubre\\\/#primaryimage\",\"url\":\"\",\"contentUrl\":\"\"},{\"@type\":\"BreadcrumbList\",\"@id\":\"https:\\\/\\\/www.laguiadepamplona.com\\\/actualidad\\\/investigadores-de-25-paises-interesados-en-contar-sus-experiencias-en-el-congreso-internacional-de-patrimonio-fortificado-que-tendra-lugar-en-pamplona-en-octubre\\\/#breadcrumb\",\"itemListElement\":[{\"@type\":\"ListItem\",\"position\":1,\"name\":\"Portada\",\"item\":\"https:\\\/\\\/www.laguiadepamplona.com\\\/actualidad\\\/\"},{\"@type\":\"ListItem\",\"position\":2,\"name\":\"Investigadores de 25 pa\u00edses, interesados en contar sus experiencias en el Congreso Internacional de Patrimonio Fortificado que tendr\u00e1 lugar en Pamplona en octubre\"}]},{\"@type\":\"WebSite\",\"@id\":\"https:\\\/\\\/www.laguiadepamplona.com\\\/actualidad\\\/#website\",\"url\":\"https:\\\/\\\/www.laguiadepamplona.com\\\/actualidad\\\/\",\"name\":\"La gu\u00eda de Pamplona\",\"description\":\"Noticias de Pamplona\",\"publisher\":{\"@id\":\"https:\\\/\\\/www.laguiadepamplona.com\\\/actualidad\\\/#organization\"},\"potentialAction\":[{\"@type\":\"SearchAction\",\"target\":{\"@type\":\"EntryPoint\",\"urlTemplate\":\"https:\\\/\\\/www.laguiadepamplona.com\\\/actualidad\\\/?s={search_term_string}\"},\"query-input\":{\"@type\":\"PropertyValueSpecification\",\"valueRequired\":true,\"valueName\":\"search_term_string\"}}],\"inLanguage\":\"es\"},{\"@type\":\"Organization\",\"@id\":\"https:\\\/\\\/www.laguiadepamplona.com\\\/actualidad\\\/#organization\",\"name\":\"La Gu\u00eda de Pamplona \\\/ Noticias\",\"url\":\"https:\\\/\\\/www.laguiadepamplona.com\\\/actualidad\\\/\",\"logo\":{\"@type\":\"ImageObject\",\"inLanguage\":\"es\",\"@id\":\"https:\\\/\\\/www.laguiadepamplona.com\\\/actualidad\\\/#\\\/schema\\\/logo\\\/image\\\/\",\"url\":\"https:\\\/\\\/www.laguiadepamplona.com\\\/actualidad\\\/wp-content\\\/uploads\\\/2018\\\/11\\\/logo-laguiadepamplona18-web1.png\",\"contentUrl\":\"https:\\\/\\\/www.laguiadepamplona.com\\\/actualidad\\\/wp-content\\\/uploads\\\/2018\\\/11\\\/logo-laguiadepamplona18-web1.png\",\"width\":600,\"height\":196,\"caption\":\"La Gu\u00eda de Pamplona \\\/ Noticias\"},\"image\":{\"@id\":\"https:\\\/\\\/www.laguiadepamplona.com\\\/actualidad\\\/#\\\/schema\\\/logo\\\/image\\\/\"},\"sameAs\":[\"https:\\\/\\\/www.facebook.com\\\/laguiadepamplonacom-133175176762273\\\/?ref=hl\",\"https:\\\/\\\/x.com\\\/LaGuiadPamplona\",\"https:\\\/\\\/www.instagram.com\\\/la_guia_de_pamplona\\\/\",\"https:\\\/\\\/www.youtube.com\\\/user\\\/laguiadepamplona\"]},{\"@type\":\"Person\",\"@id\":\"https:\\\/\\\/www.laguiadepamplona.com\\\/actualidad\\\/#\\\/schema\\\/person\\\/efe887376f0213d4657c93adc50b1fdb\",\"name\":\"La Gu\u00eda de Pamplona\",\"image\":{\"@type\":\"ImageObject\",\"inLanguage\":\"es\",\"@id\":\"https:\\\/\\\/secure.gravatar.com\\\/avatar\\\/b6992f131dc8d30ab0dff15446e9d346d9dbd95992de0fef795073f5ea83a81c?s=96&d=mm&r=g\",\"url\":\"https:\\\/\\\/secure.gravatar.com\\\/avatar\\\/b6992f131dc8d30ab0dff15446e9d346d9dbd95992de0fef795073f5ea83a81c?s=96&d=mm&r=g\",\"contentUrl\":\"https:\\\/\\\/secure.gravatar.com\\\/avatar\\\/b6992f131dc8d30ab0dff15446e9d346d9dbd95992de0fef795073f5ea83a81c?s=96&d=mm&r=g\",\"caption\":\"La Gu\u00eda de Pamplona\"}}]}<\/script>\n<!-- \/ Yoast SEO plugin. -->","yoast_head_json":{"title":"Investigadores de 25 pa\u00edses, interesados en contar sus experiencias en el Congreso Internacional de Patrimonio Fortificado que tendr\u00e1 lugar en Pamplona en octubre","robots":{"index":"index","follow":"follow","max-snippet":"max-snippet:-1","max-image-preview":"max-image-preview:large","max-video-preview":"max-video-preview:-1"},"canonical":"https:\/\/www.laguiadepamplona.com\/actualidad\/investigadores-de-25-paises-interesados-en-contar-sus-experiencias-en-el-congreso-internacional-de-patrimonio-fortificado-que-tendra-lugar-en-pamplona-en-octubre\/","og_locale":"es_ES","og_type":"article","og_title":"Investigadores de 25 pa\u00edses, interesados en contar sus experiencias en el Congreso Internacional de Patrimonio Fortificado que tendr\u00e1 lugar en Pamplona en octubre","og_description":"Ya est\u00e1n confirmados cinco de los ponentes principales y se han realizado las primeras inscripciones cuyo plazo estar\u00e1 abierto hasta septiembre Contin\u00faan los trabajos de organizaci\u00f3n del \u201cCongreso Internacional sobre...","og_url":"https:\/\/www.laguiadepamplona.com\/actualidad\/investigadores-de-25-paises-interesados-en-contar-sus-experiencias-en-el-congreso-internacional-de-patrimonio-fortificado-que-tendra-lugar-en-pamplona-en-octubre\/","og_site_name":"La Gu\u00eda de Pamplona","article_publisher":"https:\/\/www.facebook.com\/laguiadepamplonacom-133175176762273\/?ref=hl","article_published_time":"2014-06-06T10:22:17+00:00","author":"La Gu\u00eda de Pamplona","twitter_card":"summary_large_image","twitter_creator":"@LaGuiadPamplona","twitter_site":"@LaGuiadPamplona","twitter_misc":{"Escrito por":"La Gu\u00eda de Pamplona","Tiempo de lectura":"5 minutos"},"schema":{"@context":"https:\/\/schema.org","@graph":[{"@type":"Article","@id":"https:\/\/www.laguiadepamplona.com\/actualidad\/investigadores-de-25-paises-interesados-en-contar-sus-experiencias-en-el-congreso-internacional-de-patrimonio-fortificado-que-tendra-lugar-en-pamplona-en-octubre\/#article","isPartOf":{"@id":"https:\/\/www.laguiadepamplona.com\/actualidad\/investigadores-de-25-paises-interesados-en-contar-sus-experiencias-en-el-congreso-internacional-de-patrimonio-fortificado-que-tendra-lugar-en-pamplona-en-octubre\/"},"author":{"name":"La Gu\u00eda de Pamplona","@id":"https:\/\/www.laguiadepamplona.com\/actualidad\/#\/schema\/person\/efe887376f0213d4657c93adc50b1fdb"},"headline":"Investigadores de 25 pa\u00edses, interesados en contar sus experiencias en el Congreso Internacional de Patrimonio Fortificado que tendr\u00e1 lugar en Pamplona en octubre","datePublished":"2014-06-06T10:22:17+00:00","mainEntityOfPage":{"@id":"https:\/\/www.laguiadepamplona.com\/actualidad\/investigadores-de-25-paises-interesados-en-contar-sus-experiencias-en-el-congreso-internacional-de-patrimonio-fortificado-que-tendra-lugar-en-pamplona-en-octubre\/"},"wordCount":1037,"commentCount":0,"publisher":{"@id":"https:\/\/www.laguiadepamplona.com\/actualidad\/#organization"},"image":{"@id":"https:\/\/www.laguiadepamplona.com\/actualidad\/investigadores-de-25-paises-interesados-en-contar-sus-experiencias-en-el-congreso-internacional-de-patrimonio-fortificado-que-tendra-lugar-en-pamplona-en-octubre\/#primaryimage"},"thumbnailUrl":"","keywords":["actualidad","ayto pamplona","Ayuntamiento de Pamplona","casa-palacio","Condestable","Congreso Internacional","experiencias","investigadores","noticias","pamplona","patrimonio fortificados"],"articleSection":["Ayto Pamplona"],"inLanguage":"es","potentialAction":[{"@type":"CommentAction","name":"Comment","target":["https:\/\/www.laguiadepamplona.com\/actualidad\/investigadores-de-25-paises-interesados-en-contar-sus-experiencias-en-el-congreso-internacional-de-patrimonio-fortificado-que-tendra-lugar-en-pamplona-en-octubre\/#respond"]}]},{"@type":"WebPage","@id":"https:\/\/www.laguiadepamplona.com\/actualidad\/investigadores-de-25-paises-interesados-en-contar-sus-experiencias-en-el-congreso-internacional-de-patrimonio-fortificado-que-tendra-lugar-en-pamplona-en-octubre\/","url":"https:\/\/www.laguiadepamplona.com\/actualidad\/investigadores-de-25-paises-interesados-en-contar-sus-experiencias-en-el-congreso-internacional-de-patrimonio-fortificado-que-tendra-lugar-en-pamplona-en-octubre\/","name":"Investigadores de 25 pa\u00edses, interesados en contar sus experiencias en el Congreso Internacional de Patrimonio Fortificado que tendr\u00e1 lugar en Pamplona en octubre","isPartOf":{"@id":"https:\/\/www.laguiadepamplona.com\/actualidad\/#website"},"primaryImageOfPage":{"@id":"https:\/\/www.laguiadepamplona.com\/actualidad\/investigadores-de-25-paises-interesados-en-contar-sus-experiencias-en-el-congreso-internacional-de-patrimonio-fortificado-que-tendra-lugar-en-pamplona-en-octubre\/#primaryimage"},"image":{"@id":"https:\/\/www.laguiadepamplona.com\/actualidad\/investigadores-de-25-paises-interesados-en-contar-sus-experiencias-en-el-congreso-internacional-de-patrimonio-fortificado-que-tendra-lugar-en-pamplona-en-octubre\/#primaryimage"},"thumbnailUrl":"","datePublished":"2014-06-06T10:22:17+00:00","breadcrumb":{"@id":"https:\/\/www.laguiadepamplona.com\/actualidad\/investigadores-de-25-paises-interesados-en-contar-sus-experiencias-en-el-congreso-internacional-de-patrimonio-fortificado-que-tendra-lugar-en-pamplona-en-octubre\/#breadcrumb"},"inLanguage":"es","potentialAction":[{"@type":"ReadAction","target":["https:\/\/www.laguiadepamplona.com\/actualidad\/investigadores-de-25-paises-interesados-en-contar-sus-experiencias-en-el-congreso-internacional-de-patrimonio-fortificado-que-tendra-lugar-en-pamplona-en-octubre\/"]}]},{"@type":"ImageObject","inLanguage":"es","@id":"https:\/\/www.laguiadepamplona.com\/actualidad\/investigadores-de-25-paises-interesados-en-contar-sus-experiencias-en-el-congreso-internacional-de-patrimonio-fortificado-que-tendra-lugar-en-pamplona-en-octubre\/#primaryimage","url":"","contentUrl":""},{"@type":"BreadcrumbList","@id":"https:\/\/www.laguiadepamplona.com\/actualidad\/investigadores-de-25-paises-interesados-en-contar-sus-experiencias-en-el-congreso-internacional-de-patrimonio-fortificado-que-tendra-lugar-en-pamplona-en-octubre\/#breadcrumb","itemListElement":[{"@type":"ListItem","position":1,"name":"Portada","item":"https:\/\/www.laguiadepamplona.com\/actualidad\/"},{"@type":"ListItem","position":2,"name":"Investigadores de 25 pa\u00edses, interesados en contar sus experiencias en el Congreso Internacional de Patrimonio Fortificado que tendr\u00e1 lugar en Pamplona en octubre"}]},{"@type":"WebSite","@id":"https:\/\/www.laguiadepamplona.com\/actualidad\/#website","url":"https:\/\/www.laguiadepamplona.com\/actualidad\/","name":"La gu\u00eda de Pamplona","description":"Noticias de Pamplona","publisher":{"@id":"https:\/\/www.laguiadepamplona.com\/actualidad\/#organization"},"potentialAction":[{"@type":"SearchAction","target":{"@type":"EntryPoint","urlTemplate":"https:\/\/www.laguiadepamplona.com\/actualidad\/?s={search_term_string}"},"query-input":{"@type":"PropertyValueSpecification","valueRequired":true,"valueName":"search_term_string"}}],"inLanguage":"es"},{"@type":"Organization","@id":"https:\/\/www.laguiadepamplona.com\/actualidad\/#organization","name":"La Gu\u00eda de Pamplona \/ Noticias","url":"https:\/\/www.laguiadepamplona.com\/actualidad\/","logo":{"@type":"ImageObject","inLanguage":"es","@id":"https:\/\/www.laguiadepamplona.com\/actualidad\/#\/schema\/logo\/image\/","url":"https:\/\/www.laguiadepamplona.com\/actualidad\/wp-content\/uploads\/2018\/11\/logo-laguiadepamplona18-web1.png","contentUrl":"https:\/\/www.laguiadepamplona.com\/actualidad\/wp-content\/uploads\/2018\/11\/logo-laguiadepamplona18-web1.png","width":600,"height":196,"caption":"La Gu\u00eda de Pamplona \/ Noticias"},"image":{"@id":"https:\/\/www.laguiadepamplona.com\/actualidad\/#\/schema\/logo\/image\/"},"sameAs":["https:\/\/www.facebook.com\/laguiadepamplonacom-133175176762273\/?ref=hl","https:\/\/x.com\/LaGuiadPamplona","https:\/\/www.instagram.com\/la_guia_de_pamplona\/","https:\/\/www.youtube.com\/user\/laguiadepamplona"]},{"@type":"Person","@id":"https:\/\/www.laguiadepamplona.com\/actualidad\/#\/schema\/person\/efe887376f0213d4657c93adc50b1fdb","name":"La Gu\u00eda de Pamplona","image":{"@type":"ImageObject","inLanguage":"es","@id":"https:\/\/secure.gravatar.com\/avatar\/b6992f131dc8d30ab0dff15446e9d346d9dbd95992de0fef795073f5ea83a81c?s=96&d=mm&r=g","url":"https:\/\/secure.gravatar.com\/avatar\/b6992f131dc8d30ab0dff15446e9d346d9dbd95992de0fef795073f5ea83a81c?s=96&d=mm&r=g","contentUrl":"https:\/\/secure.gravatar.com\/avatar\/b6992f131dc8d30ab0dff15446e9d346d9dbd95992de0fef795073f5ea83a81c?s=96&d=mm&r=g","caption":"La Gu\u00eda de Pamplona"}}]}},"post_mailing_queue_ids":[],"_links":{"self":[{"href":"https:\/\/www.laguiadepamplona.com\/actualidad\/wp-json\/wp\/v2\/posts\/1883","targetHints":{"allow":["GET"]}}],"collection":[{"href":"https:\/\/www.laguiadepamplona.com\/actualidad\/wp-json\/wp\/v2\/posts"}],"about":[{"href":"https:\/\/www.laguiadepamplona.com\/actualidad\/wp-json\/wp\/v2\/types\/post"}],"author":[{"embeddable":true,"href":"https:\/\/www.laguiadepamplona.com\/actualidad\/wp-json\/wp\/v2\/users\/1"}],"replies":[{"embeddable":true,"href":"https:\/\/www.laguiadepamplona.com\/actualidad\/wp-json\/wp\/v2\/comments?post=1883"}],"version-history":[{"count":0,"href":"https:\/\/www.laguiadepamplona.com\/actualidad\/wp-json\/wp\/v2\/posts\/1883\/revisions"}],"wp:featuredmedia":[{"embeddable":true,"href":"https:\/\/www.laguiadepamplona.com\/actualidad\/wp-json\/"}],"wp:attachment":[{"href":"https:\/\/www.laguiadepamplona.com\/actualidad\/wp-json\/wp\/v2\/media?parent=1883"}],"wp:term":[{"taxonomy":"category","embeddable":true,"href":"https:\/\/www.laguiadepamplona.com\/actualidad\/wp-json\/wp\/v2\/categories?post=1883"},{"taxonomy":"post_tag","embeddable":true,"href":"https:\/\/www.laguiadepamplona.com\/actualidad\/wp-json\/wp\/v2\/tags?post=1883"}],"curies":[{"name":"wp","href":"https:\/\/api.w.org\/{rel}","templated":true}]}}