{"id":18829,"date":"2018-10-01T15:38:07","date_gmt":"2018-10-01T13:38:07","guid":{"rendered":"https:\/\/www.laguiadepamplona.es\/actualidad\/?p=18829"},"modified":"2018-10-01T15:38:07","modified_gmt":"2018-10-01T13:38:07","slug":"el-c-p-ermitagana-acoge-manana-martes-a-las-18-30-horas-un-taller-gratuito-sobre-el-uso-de-la-energia-en-el-hogar-y-formas-de-disminuir-su-consumo-y-la-factura","status":"publish","type":"post","link":"https:\/\/www.laguiadepamplona.com\/actualidad\/el-c-p-ermitagana-acoge-manana-martes-a-las-18-30-horas-un-taller-gratuito-sobre-el-uso-de-la-energia-en-el-hogar-y-formas-de-disminuir-su-consumo-y-la-factura\/","title":{"rendered":"El C.P. Ermitaga\u00f1a acoge ma\u00f1ana martes a las 18.30 horas un taller gratuito sobre el uso de la energ\u00eda en el hogar y formas de disminuir su consumo y la factura"},"content":{"rendered":"<h3>Para asistir al taller, que tiene dos horas de duraci\u00f3n, el acceso es libre sin necesidad de inscripci\u00f3n previa<\/h3>\n<p><!--more--><\/p>\n<p>El C.P. Ermitaga\u00f1a acoger\u00e1 ma\u00f1ana martes, 2 de octubre, a las 18.30 horas un taller gratuito sobre el uso de la energ\u00eda en el hogar y formas de disminuir su consumo y la factura. El acceso al taller, que tendr\u00e1 dos horas de duraci\u00f3n, es libre sin necesidad de inscripci\u00f3n previa. De esta manera comienza un nuevo ciclo de talleres tras los siete celebrados en el primer semestre del a\u00f1o. Durante octubre y noviembre, adem\u00e1s de en Ermitaga\u00f1a, se celebrar\u00e1n en Rochapea, Echavacoiz, Casco Antiguo y Txantrea. El objetivo del Consistorio con esta iniciativa es trabajar la sensibilizaci\u00f3n y formaci\u00f3n sobre el uso racional de la energ\u00eda y tambi\u00e9n el empoderamiento a la hora de tomar decisiones respecto a los consumos.<\/p>\n<p><script async src=\"\/\/pagead2.googlesyndication.com\/pagead\/js\/adsbygoogle.js\"><\/script><br \/>\n<!-- Noticias La Guia de Pamplona --><br \/>\n<ins class=\"adsbygoogle\"\nstyle=\"display:block\"\ndata-ad-client=\"ca-pub-6943679897239327\"\ndata-ad-slot=\"7048180777\"\ndata-ad-format=\"auto\"><\/ins><br \/>\n<script>\n(adsbygoogle = window.adsbygoogle || []).push({});\n<\/script><\/p>\n<p>Los talleres, dirigidos a personas j\u00f3venes y adultas, tienen un formato interactivo y la terminolog\u00eda se adapta al gran p\u00fablico. Se habla de conceptos b\u00e1sicos relacionados con la energ\u00eda, consumos, gastos y facturas, analizando algunas para que sea una sesi\u00f3n pr\u00e1ctica. Tambi\u00e9n se dar\u00e1n a conocer medidas concretas f\u00e1ciles de aplicar que permitir\u00e1n el ahorro y la eficiencia energ\u00e9tica, objetivos de esta iniciativa adem\u00e1s de fomentar el conocimiento de la poblaci\u00f3n de Pamplona sobre temas de energ\u00eda como las renovables y la autonom\u00eda energ\u00e9tica.<\/p>\n<p>Al final de la sesi\u00f3n habr\u00e1 tiempo para atender las dudas e inquietudes de todas las personas asistentes. La semana que viene continuar\u00e1n los talleres en el Museo de Medio Ambiente y el d\u00eda 16 de octubre en el Colegio P\u00fablico Nicasio Landa. En noviembre, el d\u00eda 6 la sesi\u00f3n tendr\u00e1 lugar en el Colegio P\u00fablico San Francisco y el d\u00eda 13 en la Biblioteca P\u00fablica de la Txantrea.<\/p>\n<p>&nbsp;<\/p>\n<p><strong>Talleres sobre educaci\u00f3n en\u00e9rgetica. De 18.30 a 20.30 horas. Sin inscripci\u00f3n previa<\/strong><\/p>\n<ul>\n<li><strong>Martes 2 de octubre<\/strong><\/li>\n<li>Colegio P\u00fablico de Ermitaga\u00f1a. Calle Bartolom\u00e9 de Carranza, 14<\/li>\n<li><strong>Martes 9 de octubre<\/strong><\/li>\n<li>Museo de Medio Ambiente. Calle Errotazar, s\/n<\/li>\n<li><strong>Martes 16 de octubre<\/strong><\/li>\n<li>Colegio P\u00fablico Nicasio Landa. Grupo Urd\u00e1noz, 2<\/li>\n<li><strong>Martes 6 de noviembre<\/strong><\/li>\n<li>Colegio P\u00fablico San Francisco. Calle Nueva, 28<\/li>\n<li><strong>Martes 13 de noviembre<\/strong><\/li>\n<li>Biblioteca Municipal de la Txantrea. Plaza Arriurdi\u00f1eta, 4<\/li>\n<\/ul>\n<p>&nbsp;<\/p>\n","protected":false},"excerpt":{"rendered":"<p>Para asistir al taller, que tiene dos horas de duraci\u00f3n, el acceso es libre sin necesidad de inscripci\u00f3n previa<\/p>\n","protected":false},"author":1,"featured_media":18830,"comment_status":"open","ping_status":"closed","sticky":false,"template":"","format":"standard","meta":{"footnotes":""},"categories":[2],"tags":[],"class_list":["post-18829","post","type-post","status-publish","format-standard","has-post-thumbnail","hentry","category-ayuntamiento-pamplona"],"yoast_head":"<!-- This site is optimized with the Yoast SEO plugin v27.9 - https:\/\/yoast.com\/product\/yoast-seo-wordpress\/ -->\n<title>El C.P. Ermitaga\u00f1a acoge ma\u00f1ana martes a las 18.30 horas un taller gratuito sobre el uso de la energ\u00eda en el hogar y formas de disminuir su consumo y la factura<\/title>\n<meta name=\"robots\" content=\"index, follow, max-snippet:-1, max-image-preview:large, max-video-preview:-1\" \/>\n<link rel=\"canonical\" href=\"https:\/\/www.laguiadepamplona.com\/actualidad\/el-c-p-ermitagana-acoge-manana-martes-a-las-18-30-horas-un-taller-gratuito-sobre-el-uso-de-la-energia-en-el-hogar-y-formas-de-disminuir-su-consumo-y-la-factura\/\" \/>\n<meta property=\"og:locale\" content=\"es_ES\" \/>\n<meta property=\"og:type\" content=\"article\" \/>\n<meta property=\"og:title\" content=\"El C.P. Ermitaga\u00f1a acoge ma\u00f1ana martes a las 18.30 horas un taller gratuito sobre el uso de la energ\u00eda en el hogar y formas de disminuir su consumo y la factura\" \/>\n<meta property=\"og:description\" content=\"Para asistir al taller, que tiene dos horas de duraci\u00f3n, el acceso es libre sin necesidad de inscripci\u00f3n previa\" \/>\n<meta property=\"og:url\" content=\"https:\/\/www.laguiadepamplona.com\/actualidad\/el-c-p-ermitagana-acoge-manana-martes-a-las-18-30-horas-un-taller-gratuito-sobre-el-uso-de-la-energia-en-el-hogar-y-formas-de-disminuir-su-consumo-y-la-factura\/\" \/>\n<meta property=\"og:site_name\" content=\"La Gu\u00eda de Pamplona Noticias y actualidad\" \/>\n<meta property=\"article:publisher\" content=\"https:\/\/www.facebook.com\/laguiadepamplonacom-133175176762273\/?ref=hl\" \/>\n<meta property=\"article:published_time\" content=\"2018-10-01T13:38:07+00:00\" \/>\n<meta property=\"og:image\" content=\"https:\/\/www.laguiadepamplona.com\/actualidad\/wp-content\/uploads\/2018\/10\/18.10.01_talleres_energia.jpg\" \/>\n\t<meta property=\"og:image:width\" content=\"1417\" \/>\n\t<meta property=\"og:image:height\" content=\"997\" \/>\n\t<meta property=\"og:image:type\" content=\"image\/jpeg\" \/>\n<meta name=\"author\" content=\"La Gu\u00eda de Pamplona\" \/>\n<meta name=\"twitter:card\" content=\"summary_large_image\" \/>\n<meta name=\"twitter:creator\" content=\"@LaGuiadPamplona\" \/>\n<meta name=\"twitter:site\" content=\"@LaGuiadPamplona\" \/>\n<meta name=\"twitter:label1\" content=\"Escrito por\" \/>\n\t<meta name=\"twitter:data1\" content=\"La Gu\u00eda de Pamplona\" \/>\n\t<meta name=\"twitter:label2\" content=\"Tiempo de lectura\" \/>\n\t<meta name=\"twitter:data2\" content=\"2 minutos\" \/>\n<script type=\"application\/ld+json\" class=\"yoast-schema-graph\">{\"@context\":\"https:\\\/\\\/schema.org\",\"@graph\":[{\"@type\":\"Article\",\"@id\":\"https:\\\/\\\/www.laguiadepamplona.com\\\/actualidad\\\/el-c-p-ermitagana-acoge-manana-martes-a-las-18-30-horas-un-taller-gratuito-sobre-el-uso-de-la-energia-en-el-hogar-y-formas-de-disminuir-su-consumo-y-la-factura\\\/#article\",\"isPartOf\":{\"@id\":\"https:\\\/\\\/www.laguiadepamplona.com\\\/actualidad\\\/el-c-p-ermitagana-acoge-manana-martes-a-las-18-30-horas-un-taller-gratuito-sobre-el-uso-de-la-energia-en-el-hogar-y-formas-de-disminuir-su-consumo-y-la-factura\\\/\"},\"author\":{\"name\":\"La Gu\u00eda de Pamplona\",\"@id\":\"https:\\\/\\\/www.laguiadepamplona.com\\\/actualidad\\\/#\\\/schema\\\/person\\\/efe887376f0213d4657c93adc50b1fdb\"},\"headline\":\"El C.P. Ermitaga\u00f1a acoge ma\u00f1ana martes a las 18.30 horas un taller gratuito sobre el uso de la energ\u00eda en el hogar y formas de disminuir su consumo y la factura\",\"datePublished\":\"2018-10-01T13:38:07+00:00\",\"mainEntityOfPage\":{\"@id\":\"https:\\\/\\\/www.laguiadepamplona.com\\\/actualidad\\\/el-c-p-ermitagana-acoge-manana-martes-a-las-18-30-horas-un-taller-gratuito-sobre-el-uso-de-la-energia-en-el-hogar-y-formas-de-disminuir-su-consumo-y-la-factura\\\/\"},\"wordCount\":435,\"commentCount\":0,\"publisher\":{\"@id\":\"https:\\\/\\\/www.laguiadepamplona.com\\\/actualidad\\\/#organization\"},\"image\":{\"@id\":\"https:\\\/\\\/www.laguiadepamplona.com\\\/actualidad\\\/el-c-p-ermitagana-acoge-manana-martes-a-las-18-30-horas-un-taller-gratuito-sobre-el-uso-de-la-energia-en-el-hogar-y-formas-de-disminuir-su-consumo-y-la-factura\\\/#primaryimage\"},\"thumbnailUrl\":\"https:\\\/\\\/www.laguiadepamplona.com\\\/actualidad\\\/wp-content\\\/uploads\\\/2018\\\/10\\\/18.10.01_talleres_energia.jpg\",\"articleSection\":[\"Ayto Pamplona\"],\"inLanguage\":\"es\",\"potentialAction\":[{\"@type\":\"CommentAction\",\"name\":\"Comment\",\"target\":[\"https:\\\/\\\/www.laguiadepamplona.com\\\/actualidad\\\/el-c-p-ermitagana-acoge-manana-martes-a-las-18-30-horas-un-taller-gratuito-sobre-el-uso-de-la-energia-en-el-hogar-y-formas-de-disminuir-su-consumo-y-la-factura\\\/#respond\"]}]},{\"@type\":\"WebPage\",\"@id\":\"https:\\\/\\\/www.laguiadepamplona.com\\\/actualidad\\\/el-c-p-ermitagana-acoge-manana-martes-a-las-18-30-horas-un-taller-gratuito-sobre-el-uso-de-la-energia-en-el-hogar-y-formas-de-disminuir-su-consumo-y-la-factura\\\/\",\"url\":\"https:\\\/\\\/www.laguiadepamplona.com\\\/actualidad\\\/el-c-p-ermitagana-acoge-manana-martes-a-las-18-30-horas-un-taller-gratuito-sobre-el-uso-de-la-energia-en-el-hogar-y-formas-de-disminuir-su-consumo-y-la-factura\\\/\",\"name\":\"El C.P. Ermitaga\u00f1a acoge ma\u00f1ana martes a las 18.30 horas un taller gratuito sobre el uso de la energ\u00eda en el hogar y formas de disminuir su consumo y la factura\",\"isPartOf\":{\"@id\":\"https:\\\/\\\/www.laguiadepamplona.com\\\/actualidad\\\/#website\"},\"primaryImageOfPage\":{\"@id\":\"https:\\\/\\\/www.laguiadepamplona.com\\\/actualidad\\\/el-c-p-ermitagana-acoge-manana-martes-a-las-18-30-horas-un-taller-gratuito-sobre-el-uso-de-la-energia-en-el-hogar-y-formas-de-disminuir-su-consumo-y-la-factura\\\/#primaryimage\"},\"image\":{\"@id\":\"https:\\\/\\\/www.laguiadepamplona.com\\\/actualidad\\\/el-c-p-ermitagana-acoge-manana-martes-a-las-18-30-horas-un-taller-gratuito-sobre-el-uso-de-la-energia-en-el-hogar-y-formas-de-disminuir-su-consumo-y-la-factura\\\/#primaryimage\"},\"thumbnailUrl\":\"https:\\\/\\\/www.laguiadepamplona.com\\\/actualidad\\\/wp-content\\\/uploads\\\/2018\\\/10\\\/18.10.01_talleres_energia.jpg\",\"datePublished\":\"2018-10-01T13:38:07+00:00\",\"breadcrumb\":{\"@id\":\"https:\\\/\\\/www.laguiadepamplona.com\\\/actualidad\\\/el-c-p-ermitagana-acoge-manana-martes-a-las-18-30-horas-un-taller-gratuito-sobre-el-uso-de-la-energia-en-el-hogar-y-formas-de-disminuir-su-consumo-y-la-factura\\\/#breadcrumb\"},\"inLanguage\":\"es\",\"potentialAction\":[{\"@type\":\"ReadAction\",\"target\":[\"https:\\\/\\\/www.laguiadepamplona.com\\\/actualidad\\\/el-c-p-ermitagana-acoge-manana-martes-a-las-18-30-horas-un-taller-gratuito-sobre-el-uso-de-la-energia-en-el-hogar-y-formas-de-disminuir-su-consumo-y-la-factura\\\/\"]}]},{\"@type\":\"ImageObject\",\"inLanguage\":\"es\",\"@id\":\"https:\\\/\\\/www.laguiadepamplona.com\\\/actualidad\\\/el-c-p-ermitagana-acoge-manana-martes-a-las-18-30-horas-un-taller-gratuito-sobre-el-uso-de-la-energia-en-el-hogar-y-formas-de-disminuir-su-consumo-y-la-factura\\\/#primaryimage\",\"url\":\"https:\\\/\\\/www.laguiadepamplona.com\\\/actualidad\\\/wp-content\\\/uploads\\\/2018\\\/10\\\/18.10.01_talleres_energia.jpg\",\"contentUrl\":\"https:\\\/\\\/www.laguiadepamplona.com\\\/actualidad\\\/wp-content\\\/uploads\\\/2018\\\/10\\\/18.10.01_talleres_energia.jpg\",\"width\":1417,\"height\":997},{\"@type\":\"BreadcrumbList\",\"@id\":\"https:\\\/\\\/www.laguiadepamplona.com\\\/actualidad\\\/el-c-p-ermitagana-acoge-manana-martes-a-las-18-30-horas-un-taller-gratuito-sobre-el-uso-de-la-energia-en-el-hogar-y-formas-de-disminuir-su-consumo-y-la-factura\\\/#breadcrumb\",\"itemListElement\":[{\"@type\":\"ListItem\",\"position\":1,\"name\":\"Portada\",\"item\":\"https:\\\/\\\/www.laguiadepamplona.com\\\/actualidad\\\/\"},{\"@type\":\"ListItem\",\"position\":2,\"name\":\"El C.P. Ermitaga\u00f1a acoge ma\u00f1ana martes a las 18.30 horas un taller gratuito sobre el uso de la energ\u00eda en el hogar y formas de disminuir su consumo y la factura\"}]},{\"@type\":\"WebSite\",\"@id\":\"https:\\\/\\\/www.laguiadepamplona.com\\\/actualidad\\\/#website\",\"url\":\"https:\\\/\\\/www.laguiadepamplona.com\\\/actualidad\\\/\",\"name\":\"La gu\u00eda de Pamplona\",\"description\":\"Noticias de Pamplona\",\"publisher\":{\"@id\":\"https:\\\/\\\/www.laguiadepamplona.com\\\/actualidad\\\/#organization\"},\"potentialAction\":[{\"@type\":\"SearchAction\",\"target\":{\"@type\":\"EntryPoint\",\"urlTemplate\":\"https:\\\/\\\/www.laguiadepamplona.com\\\/actualidad\\\/?s={search_term_string}\"},\"query-input\":{\"@type\":\"PropertyValueSpecification\",\"valueRequired\":true,\"valueName\":\"search_term_string\"}}],\"inLanguage\":\"es\"},{\"@type\":\"Organization\",\"@id\":\"https:\\\/\\\/www.laguiadepamplona.com\\\/actualidad\\\/#organization\",\"name\":\"La Gu\u00eda de Pamplona \\\/ Noticias\",\"url\":\"https:\\\/\\\/www.laguiadepamplona.com\\\/actualidad\\\/\",\"logo\":{\"@type\":\"ImageObject\",\"inLanguage\":\"es\",\"@id\":\"https:\\\/\\\/www.laguiadepamplona.com\\\/actualidad\\\/#\\\/schema\\\/logo\\\/image\\\/\",\"url\":\"https:\\\/\\\/www.laguiadepamplona.com\\\/actualidad\\\/wp-content\\\/uploads\\\/2018\\\/11\\\/logo-laguiadepamplona18-web1.png\",\"contentUrl\":\"https:\\\/\\\/www.laguiadepamplona.com\\\/actualidad\\\/wp-content\\\/uploads\\\/2018\\\/11\\\/logo-laguiadepamplona18-web1.png\",\"width\":600,\"height\":196,\"caption\":\"La Gu\u00eda de Pamplona \\\/ Noticias\"},\"image\":{\"@id\":\"https:\\\/\\\/www.laguiadepamplona.com\\\/actualidad\\\/#\\\/schema\\\/logo\\\/image\\\/\"},\"sameAs\":[\"https:\\\/\\\/www.facebook.com\\\/laguiadepamplonacom-133175176762273\\\/?ref=hl\",\"https:\\\/\\\/x.com\\\/LaGuiadPamplona\",\"https:\\\/\\\/www.instagram.com\\\/la_guia_de_pamplona\\\/\",\"https:\\\/\\\/www.youtube.com\\\/user\\\/laguiadepamplona\"]},{\"@type\":\"Person\",\"@id\":\"https:\\\/\\\/www.laguiadepamplona.com\\\/actualidad\\\/#\\\/schema\\\/person\\\/efe887376f0213d4657c93adc50b1fdb\",\"name\":\"La Gu\u00eda de Pamplona\",\"image\":{\"@type\":\"ImageObject\",\"inLanguage\":\"es\",\"@id\":\"https:\\\/\\\/secure.gravatar.com\\\/avatar\\\/b6992f131dc8d30ab0dff15446e9d346d9dbd95992de0fef795073f5ea83a81c?s=96&d=mm&r=g\",\"url\":\"https:\\\/\\\/secure.gravatar.com\\\/avatar\\\/b6992f131dc8d30ab0dff15446e9d346d9dbd95992de0fef795073f5ea83a81c?s=96&d=mm&r=g\",\"contentUrl\":\"https:\\\/\\\/secure.gravatar.com\\\/avatar\\\/b6992f131dc8d30ab0dff15446e9d346d9dbd95992de0fef795073f5ea83a81c?s=96&d=mm&r=g\",\"caption\":\"La Gu\u00eda de Pamplona\"}}]}<\/script>\n<!-- \/ Yoast SEO plugin. -->","yoast_head_json":{"title":"El C.P. Ermitaga\u00f1a acoge ma\u00f1ana martes a las 18.30 horas un taller gratuito sobre el uso de la energ\u00eda en el hogar y formas de disminuir su consumo y la factura","robots":{"index":"index","follow":"follow","max-snippet":"max-snippet:-1","max-image-preview":"max-image-preview:large","max-video-preview":"max-video-preview:-1"},"canonical":"https:\/\/www.laguiadepamplona.com\/actualidad\/el-c-p-ermitagana-acoge-manana-martes-a-las-18-30-horas-un-taller-gratuito-sobre-el-uso-de-la-energia-en-el-hogar-y-formas-de-disminuir-su-consumo-y-la-factura\/","og_locale":"es_ES","og_type":"article","og_title":"El C.P. Ermitaga\u00f1a acoge ma\u00f1ana martes a las 18.30 horas un taller gratuito sobre el uso de la energ\u00eda en el hogar y formas de disminuir su consumo y la factura","og_description":"Para asistir al taller, que tiene dos horas de duraci\u00f3n, el acceso es libre sin necesidad de inscripci\u00f3n previa","og_url":"https:\/\/www.laguiadepamplona.com\/actualidad\/el-c-p-ermitagana-acoge-manana-martes-a-las-18-30-horas-un-taller-gratuito-sobre-el-uso-de-la-energia-en-el-hogar-y-formas-de-disminuir-su-consumo-y-la-factura\/","og_site_name":"La Gu\u00eda de Pamplona Noticias y actualidad","article_publisher":"https:\/\/www.facebook.com\/laguiadepamplonacom-133175176762273\/?ref=hl","article_published_time":"2018-10-01T13:38:07+00:00","og_image":[{"width":1417,"height":997,"url":"https:\/\/www.laguiadepamplona.com\/actualidad\/wp-content\/uploads\/2018\/10\/18.10.01_talleres_energia.jpg","type":"image\/jpeg"}],"author":"La Gu\u00eda de Pamplona","twitter_card":"summary_large_image","twitter_creator":"@LaGuiadPamplona","twitter_site":"@LaGuiadPamplona","twitter_misc":{"Escrito por":"La Gu\u00eda de Pamplona","Tiempo de lectura":"2 minutos"},"schema":{"@context":"https:\/\/schema.org","@graph":[{"@type":"Article","@id":"https:\/\/www.laguiadepamplona.com\/actualidad\/el-c-p-ermitagana-acoge-manana-martes-a-las-18-30-horas-un-taller-gratuito-sobre-el-uso-de-la-energia-en-el-hogar-y-formas-de-disminuir-su-consumo-y-la-factura\/#article","isPartOf":{"@id":"https:\/\/www.laguiadepamplona.com\/actualidad\/el-c-p-ermitagana-acoge-manana-martes-a-las-18-30-horas-un-taller-gratuito-sobre-el-uso-de-la-energia-en-el-hogar-y-formas-de-disminuir-su-consumo-y-la-factura\/"},"author":{"name":"La Gu\u00eda de Pamplona","@id":"https:\/\/www.laguiadepamplona.com\/actualidad\/#\/schema\/person\/efe887376f0213d4657c93adc50b1fdb"},"headline":"El C.P. Ermitaga\u00f1a acoge ma\u00f1ana martes a las 18.30 horas un taller gratuito sobre el uso de la energ\u00eda en el hogar y formas de disminuir su consumo y la factura","datePublished":"2018-10-01T13:38:07+00:00","mainEntityOfPage":{"@id":"https:\/\/www.laguiadepamplona.com\/actualidad\/el-c-p-ermitagana-acoge-manana-martes-a-las-18-30-horas-un-taller-gratuito-sobre-el-uso-de-la-energia-en-el-hogar-y-formas-de-disminuir-su-consumo-y-la-factura\/"},"wordCount":435,"commentCount":0,"publisher":{"@id":"https:\/\/www.laguiadepamplona.com\/actualidad\/#organization"},"image":{"@id":"https:\/\/www.laguiadepamplona.com\/actualidad\/el-c-p-ermitagana-acoge-manana-martes-a-las-18-30-horas-un-taller-gratuito-sobre-el-uso-de-la-energia-en-el-hogar-y-formas-de-disminuir-su-consumo-y-la-factura\/#primaryimage"},"thumbnailUrl":"https:\/\/www.laguiadepamplona.com\/actualidad\/wp-content\/uploads\/2018\/10\/18.10.01_talleres_energia.jpg","articleSection":["Ayto Pamplona"],"inLanguage":"es","potentialAction":[{"@type":"CommentAction","name":"Comment","target":["https:\/\/www.laguiadepamplona.com\/actualidad\/el-c-p-ermitagana-acoge-manana-martes-a-las-18-30-horas-un-taller-gratuito-sobre-el-uso-de-la-energia-en-el-hogar-y-formas-de-disminuir-su-consumo-y-la-factura\/#respond"]}]},{"@type":"WebPage","@id":"https:\/\/www.laguiadepamplona.com\/actualidad\/el-c-p-ermitagana-acoge-manana-martes-a-las-18-30-horas-un-taller-gratuito-sobre-el-uso-de-la-energia-en-el-hogar-y-formas-de-disminuir-su-consumo-y-la-factura\/","url":"https:\/\/www.laguiadepamplona.com\/actualidad\/el-c-p-ermitagana-acoge-manana-martes-a-las-18-30-horas-un-taller-gratuito-sobre-el-uso-de-la-energia-en-el-hogar-y-formas-de-disminuir-su-consumo-y-la-factura\/","name":"El C.P. Ermitaga\u00f1a acoge ma\u00f1ana martes a las 18.30 horas un taller gratuito sobre el uso de la energ\u00eda en el hogar y formas de disminuir su consumo y la factura","isPartOf":{"@id":"https:\/\/www.laguiadepamplona.com\/actualidad\/#website"},"primaryImageOfPage":{"@id":"https:\/\/www.laguiadepamplona.com\/actualidad\/el-c-p-ermitagana-acoge-manana-martes-a-las-18-30-horas-un-taller-gratuito-sobre-el-uso-de-la-energia-en-el-hogar-y-formas-de-disminuir-su-consumo-y-la-factura\/#primaryimage"},"image":{"@id":"https:\/\/www.laguiadepamplona.com\/actualidad\/el-c-p-ermitagana-acoge-manana-martes-a-las-18-30-horas-un-taller-gratuito-sobre-el-uso-de-la-energia-en-el-hogar-y-formas-de-disminuir-su-consumo-y-la-factura\/#primaryimage"},"thumbnailUrl":"https:\/\/www.laguiadepamplona.com\/actualidad\/wp-content\/uploads\/2018\/10\/18.10.01_talleres_energia.jpg","datePublished":"2018-10-01T13:38:07+00:00","breadcrumb":{"@id":"https:\/\/www.laguiadepamplona.com\/actualidad\/el-c-p-ermitagana-acoge-manana-martes-a-las-18-30-horas-un-taller-gratuito-sobre-el-uso-de-la-energia-en-el-hogar-y-formas-de-disminuir-su-consumo-y-la-factura\/#breadcrumb"},"inLanguage":"es","potentialAction":[{"@type":"ReadAction","target":["https:\/\/www.laguiadepamplona.com\/actualidad\/el-c-p-ermitagana-acoge-manana-martes-a-las-18-30-horas-un-taller-gratuito-sobre-el-uso-de-la-energia-en-el-hogar-y-formas-de-disminuir-su-consumo-y-la-factura\/"]}]},{"@type":"ImageObject","inLanguage":"es","@id":"https:\/\/www.laguiadepamplona.com\/actualidad\/el-c-p-ermitagana-acoge-manana-martes-a-las-18-30-horas-un-taller-gratuito-sobre-el-uso-de-la-energia-en-el-hogar-y-formas-de-disminuir-su-consumo-y-la-factura\/#primaryimage","url":"https:\/\/www.laguiadepamplona.com\/actualidad\/wp-content\/uploads\/2018\/10\/18.10.01_talleres_energia.jpg","contentUrl":"https:\/\/www.laguiadepamplona.com\/actualidad\/wp-content\/uploads\/2018\/10\/18.10.01_talleres_energia.jpg","width":1417,"height":997},{"@type":"BreadcrumbList","@id":"https:\/\/www.laguiadepamplona.com\/actualidad\/el-c-p-ermitagana-acoge-manana-martes-a-las-18-30-horas-un-taller-gratuito-sobre-el-uso-de-la-energia-en-el-hogar-y-formas-de-disminuir-su-consumo-y-la-factura\/#breadcrumb","itemListElement":[{"@type":"ListItem","position":1,"name":"Portada","item":"https:\/\/www.laguiadepamplona.com\/actualidad\/"},{"@type":"ListItem","position":2,"name":"El C.P. Ermitaga\u00f1a acoge ma\u00f1ana martes a las 18.30 horas un taller gratuito sobre el uso de la energ\u00eda en el hogar y formas de disminuir su consumo y la factura"}]},{"@type":"WebSite","@id":"https:\/\/www.laguiadepamplona.com\/actualidad\/#website","url":"https:\/\/www.laguiadepamplona.com\/actualidad\/","name":"La gu\u00eda de Pamplona","description":"Noticias de Pamplona","publisher":{"@id":"https:\/\/www.laguiadepamplona.com\/actualidad\/#organization"},"potentialAction":[{"@type":"SearchAction","target":{"@type":"EntryPoint","urlTemplate":"https:\/\/www.laguiadepamplona.com\/actualidad\/?s={search_term_string}"},"query-input":{"@type":"PropertyValueSpecification","valueRequired":true,"valueName":"search_term_string"}}],"inLanguage":"es"},{"@type":"Organization","@id":"https:\/\/www.laguiadepamplona.com\/actualidad\/#organization","name":"La Gu\u00eda de Pamplona \/ Noticias","url":"https:\/\/www.laguiadepamplona.com\/actualidad\/","logo":{"@type":"ImageObject","inLanguage":"es","@id":"https:\/\/www.laguiadepamplona.com\/actualidad\/#\/schema\/logo\/image\/","url":"https:\/\/www.laguiadepamplona.com\/actualidad\/wp-content\/uploads\/2018\/11\/logo-laguiadepamplona18-web1.png","contentUrl":"https:\/\/www.laguiadepamplona.com\/actualidad\/wp-content\/uploads\/2018\/11\/logo-laguiadepamplona18-web1.png","width":600,"height":196,"caption":"La Gu\u00eda de Pamplona \/ Noticias"},"image":{"@id":"https:\/\/www.laguiadepamplona.com\/actualidad\/#\/schema\/logo\/image\/"},"sameAs":["https:\/\/www.facebook.com\/laguiadepamplonacom-133175176762273\/?ref=hl","https:\/\/x.com\/LaGuiadPamplona","https:\/\/www.instagram.com\/la_guia_de_pamplona\/","https:\/\/www.youtube.com\/user\/laguiadepamplona"]},{"@type":"Person","@id":"https:\/\/www.laguiadepamplona.com\/actualidad\/#\/schema\/person\/efe887376f0213d4657c93adc50b1fdb","name":"La Gu\u00eda de Pamplona","image":{"@type":"ImageObject","inLanguage":"es","@id":"https:\/\/secure.gravatar.com\/avatar\/b6992f131dc8d30ab0dff15446e9d346d9dbd95992de0fef795073f5ea83a81c?s=96&d=mm&r=g","url":"https:\/\/secure.gravatar.com\/avatar\/b6992f131dc8d30ab0dff15446e9d346d9dbd95992de0fef795073f5ea83a81c?s=96&d=mm&r=g","contentUrl":"https:\/\/secure.gravatar.com\/avatar\/b6992f131dc8d30ab0dff15446e9d346d9dbd95992de0fef795073f5ea83a81c?s=96&d=mm&r=g","caption":"La Gu\u00eda de Pamplona"}}]}},"post_mailing_queue_ids":[],"_links":{"self":[{"href":"https:\/\/www.laguiadepamplona.com\/actualidad\/wp-json\/wp\/v2\/posts\/18829","targetHints":{"allow":["GET"]}}],"collection":[{"href":"https:\/\/www.laguiadepamplona.com\/actualidad\/wp-json\/wp\/v2\/posts"}],"about":[{"href":"https:\/\/www.laguiadepamplona.com\/actualidad\/wp-json\/wp\/v2\/types\/post"}],"author":[{"embeddable":true,"href":"https:\/\/www.laguiadepamplona.com\/actualidad\/wp-json\/wp\/v2\/users\/1"}],"replies":[{"embeddable":true,"href":"https:\/\/www.laguiadepamplona.com\/actualidad\/wp-json\/wp\/v2\/comments?post=18829"}],"version-history":[{"count":0,"href":"https:\/\/www.laguiadepamplona.com\/actualidad\/wp-json\/wp\/v2\/posts\/18829\/revisions"}],"wp:featuredmedia":[{"embeddable":true,"href":"https:\/\/www.laguiadepamplona.com\/actualidad\/wp-json\/wp\/v2\/media\/18830"}],"wp:attachment":[{"href":"https:\/\/www.laguiadepamplona.com\/actualidad\/wp-json\/wp\/v2\/media?parent=18829"}],"wp:term":[{"taxonomy":"category","embeddable":true,"href":"https:\/\/www.laguiadepamplona.com\/actualidad\/wp-json\/wp\/v2\/categories?post=18829"},{"taxonomy":"post_tag","embeddable":true,"href":"https:\/\/www.laguiadepamplona.com\/actualidad\/wp-json\/wp\/v2\/tags?post=18829"}],"curies":[{"name":"wp","href":"https:\/\/api.w.org\/{rel}","templated":true}]}}