{"id":18826,"date":"2018-10-01T15:36:37","date_gmt":"2018-10-01T13:36:37","guid":{"rendered":"https:\/\/www.laguiadepamplona.es\/actualidad\/?p=18826"},"modified":"2018-10-01T15:36:37","modified_gmt":"2018-10-01T13:36:37","slug":"el-servicio-de-educacion-ambiental-inicia-la-escuela-de-sostenibilidad-de-otono-que-mira-al-cambio-climatico-con-un-encuentro-con-el-dibujante-pierre-ballouhey-en-geltoki","status":"publish","type":"post","link":"https:\/\/www.laguiadepamplona.com\/actualidad\/el-servicio-de-educacion-ambiental-inicia-la-escuela-de-sostenibilidad-de-otono-que-mira-al-cambio-climatico-con-un-encuentro-con-el-dibujante-pierre-ballouhey-en-geltoki\/","title":{"rendered":"El Servicio de Educaci\u00f3n Ambiental inicia la Escuela de Sostenibilidad de oto\u00f1o, que mira al cambio clim\u00e1tico, con un encuentro con el dibujante Pierre Ballouhey en Geltoki"},"content":{"rendered":"<h2>El Museo de Educaci\u00f3n Ambiental presenta todo el mes la exposici\u00f3n \u2018El cambio clim\u00e1tico no tiene gracia\u2019<\/h2>\n<p><!--more--><\/p>\n<p>El Servicio de Educaci\u00f3n Ambiental ha organizado para ma\u00f1ana martes, 2 de octubre, el inicio de la nueva temporada de oto\u00f1o de la Escuela de Sostenibilidad con un encuentro con el dibujante franc\u00e9s Pierre Ballouhey en Geltoki (antigua estaci\u00f3n de autobuses). Ser\u00e1 la primera vez que las actividades de la Escuela de Sostenibilidad salen fuera del Museo de Educaci\u00f3n Ambiental, espacio que a lo largo del mes acoge la exposici\u00f3n \u2018El cambio clim\u00e1tico no tiene gracia\u2019. De hecho, Pierre Ballouhey es uno de los protagonistas de la muestra.<\/p>\n<p>El tema central de la Escuela de Sostenibilidad durante este trimestre es el cambio clim\u00e1tico, una problem\u00e1tica compleja que afecta a todas las personas de una manera u otra y en la que la ciudadan\u00eda puede decir y hacer mucho al respecto. Durante este trimestre se quiere dar a conocer el cambio clim\u00e1tico desde muchas perspectivas, desde su prisma m\u00e1s ambiental hasta el m\u00e1s social, transmitiendo este problema a trav\u00e9s del campo art\u00edstico utilizando el humor, el teatro, los cuentos, las charlas o los talleres. Por ejemplo, se abordar\u00e1 c\u00f3mo afecta el cambio clim\u00e1tico a los Pirineos o a la biodiversidad agr\u00edcola. En total, m\u00e1s de una treintena de propuestas diferentes hasta finales de diciembre para impulsar un cambio de conciencia y de h\u00e1bitos que permita adaptarse a las personas y disminuir este cambio de clima.<\/p>\n<p><script async src=\"\/\/pagead2.googlesyndication.com\/pagead\/js\/adsbygoogle.js\"><\/script><br \/>\n<!-- Noticias La Guia de Pamplona --><br \/>\n<ins class=\"adsbygoogle\"\nstyle=\"display:block\"\ndata-ad-client=\"ca-pub-6943679897239327\"\ndata-ad-slot=\"7048180777\"\ndata-ad-format=\"auto\"><\/ins><br \/>\n<script>\n(adsbygoogle = window.adsbygoogle || []).push({});\n<\/script><\/p>\n<p><strong>\u2018\u00bfQu\u00e9 tiene que ver el cambio clim\u00e1tico con el humor?\u2019<\/strong><\/p>\n<p>La sesi\u00f3n \u2018\u00bfQu\u00e9 tiene que ver el cambio clim\u00e1tico con el humor?\u2019 tendr\u00e1 lugar ma\u00f1ana en la sala multiusos de los andenes de la antigua estaci\u00f3n de autobuses. Ser\u00e1 un encuentro con el dibujante Pierre Ballouhey, quien est\u00e1 participando en la exposici\u00f3n \u2018El cambio clim\u00e1tico no tiene gracia\u2019 del Museo de Educaci\u00f3n Ambiental. Pierre Ballouhey es un ilustrador franc\u00e9s cuyas vi\u00f1etas han aparecido en revistas como The Guardian o The New Yorker.<\/p>\n<p>Le acompa\u00f1ar\u00e1 Sara Acosta, editora de la Ballena Blanca, revista especializada en econom\u00eda y medio ambiente. Durante el encuentro se podr\u00e1n ver algunos de los dibujos de Ballouhey. El objetivo de esta actividad es \u201cllamar la atenci\u00f3n con una sonrisa sobre algo&#8230; que no tiene gracia\u2019.<\/p>\n<p><strong>Con artistas de EEUU, China, India, Arabia Saud\u00ed, Egipto, Kenia, Venezuela, Cuba&#8230;<\/strong><\/p>\n<p>La exposici\u00f3n \u2018El cambio clim\u00e1tico no tiene gracia\u2019 puede visitarse en el mismo horario de apertura del Museo de Educaci\u00f3n Ambiental situado en la calle Errotazar, s\/n. De martes a jueves de 10 a 13 horas y de 18 a 20 horas y los viernes de 10 a 13 horas. La muestra presenta 15 dibujos de dibujantes procendentes de todo el mundo. As\u00ed, hay dibujos de China, India, Arabia Saud\u00ed, Egipto, Kenia, Venezuela, Cuba, Francia o Espa\u00f1a.<\/p>\n<p>Los trazos de l\u00e1piz de estas vi\u00f1etas dejan en evidencia muchos contrasentidos, pero a la vez ense\u00f1an las diferentes formas de ver el cambio clim\u00e1tico por el mundo, demostrando que este es un problema que afecta a todos los pa\u00edses y que hay que resolver de forma conjunta. Este es un proyecto en el que comenz\u00f3 a trabajar la revista Ballena Blanca en 2015, exponi\u00e9ndose las cuatro primeras vi\u00f1etas en la Cumbre Mundial del Clima Par\u00eds, celebrada en diciembre de ese a\u00f1o. Cuenta con la colaboraci\u00f3n de DKV.<\/p>\n<p>La exposici\u00f3n parte del punto de que \u201ccuando tenemos un problema imposible de ocultar delante de nosotros y hacemos como que no lo estamos viendo, nada m\u00e1s eficaz que las lentes del humor para amplificarlo hasta el disparate. Esto es lo que buscan los 15 dibujos de los vi\u00f1etistas de esta exposici\u00f3n: obligarnos a fijarnos y reflexionar en el calentamiento global, un fen\u00f3meno muy serio con m\u00faltiples implicaciones para la salud, el medio ambiente, la econom\u00eda, la agricultura&#8230;\u201d.<\/p>\n<p>&nbsp;<\/p>\n","protected":false},"excerpt":{"rendered":"<p>El Museo de Educaci\u00f3n Ambiental presenta todo el mes la exposici\u00f3n \u2018El cambio clim\u00e1tico no tiene gracia\u2019<\/p>\n","protected":false},"author":1,"featured_media":18827,"comment_status":"open","ping_status":"closed","sticky":false,"template":"","format":"standard","meta":{"footnotes":""},"categories":[2],"tags":[],"class_list":["post-18826","post","type-post","status-publish","format-standard","has-post-thumbnail","hentry","category-ayuntamiento-pamplona"],"yoast_head":"<!-- This site is optimized with the Yoast SEO plugin v27.9 - https:\/\/yoast.com\/product\/yoast-seo-wordpress\/ -->\n<title>El Servicio de Educaci\u00f3n Ambiental inicia la Escuela de Sostenibilidad de oto\u00f1o, que mira al cambio clim\u00e1tico, con un encuentro con el dibujante Pierre Ballouhey en Geltoki<\/title>\n<meta name=\"robots\" content=\"index, follow, max-snippet:-1, max-image-preview:large, max-video-preview:-1\" \/>\n<link rel=\"canonical\" href=\"https:\/\/www.laguiadepamplona.com\/actualidad\/el-servicio-de-educacion-ambiental-inicia-la-escuela-de-sostenibilidad-de-otono-que-mira-al-cambio-climatico-con-un-encuentro-con-el-dibujante-pierre-ballouhey-en-geltoki\/\" \/>\n<meta property=\"og:locale\" content=\"es_ES\" \/>\n<meta property=\"og:type\" content=\"article\" \/>\n<meta property=\"og:title\" content=\"El Servicio de Educaci\u00f3n Ambiental inicia la Escuela de Sostenibilidad de oto\u00f1o, que mira al cambio clim\u00e1tico, con un encuentro con el dibujante Pierre Ballouhey en Geltoki\" \/>\n<meta property=\"og:description\" content=\"El Museo de Educaci\u00f3n Ambiental presenta todo el mes la exposici\u00f3n \u2018El cambio clim\u00e1tico no tiene gracia\u2019\" \/>\n<meta property=\"og:url\" content=\"https:\/\/www.laguiadepamplona.com\/actualidad\/el-servicio-de-educacion-ambiental-inicia-la-escuela-de-sostenibilidad-de-otono-que-mira-al-cambio-climatico-con-un-encuentro-con-el-dibujante-pierre-ballouhey-en-geltoki\/\" \/>\n<meta property=\"og:site_name\" content=\"La Gu\u00eda de Pamplona Noticias y actualidad\" \/>\n<meta property=\"article:publisher\" content=\"https:\/\/www.facebook.com\/laguiadepamplonacom-133175176762273\/?ref=hl\" \/>\n<meta property=\"article:published_time\" content=\"2018-10-01T13:36:37+00:00\" \/>\n<meta property=\"og:image\" content=\"https:\/\/www.laguiadepamplona.com\/actualidad\/wp-content\/uploads\/2018\/10\/18_10_01_exposicion_cambio_climatico.jpg\" \/>\n\t<meta property=\"og:image:width\" content=\"1000\" \/>\n\t<meta property=\"og:image:height\" content=\"716\" \/>\n\t<meta property=\"og:image:type\" content=\"image\/jpeg\" \/>\n<meta name=\"author\" content=\"La Gu\u00eda de Pamplona\" \/>\n<meta name=\"twitter:card\" content=\"summary_large_image\" \/>\n<meta name=\"twitter:creator\" content=\"@LaGuiadPamplona\" \/>\n<meta name=\"twitter:site\" content=\"@LaGuiadPamplona\" \/>\n<meta name=\"twitter:label1\" content=\"Escrito por\" \/>\n\t<meta name=\"twitter:data1\" content=\"La Gu\u00eda de Pamplona\" \/>\n\t<meta name=\"twitter:label2\" content=\"Tiempo de lectura\" \/>\n\t<meta name=\"twitter:data2\" content=\"3 minutos\" \/>\n<script type=\"application\/ld+json\" class=\"yoast-schema-graph\">{\"@context\":\"https:\\\/\\\/schema.org\",\"@graph\":[{\"@type\":\"Article\",\"@id\":\"https:\\\/\\\/www.laguiadepamplona.com\\\/actualidad\\\/el-servicio-de-educacion-ambiental-inicia-la-escuela-de-sostenibilidad-de-otono-que-mira-al-cambio-climatico-con-un-encuentro-con-el-dibujante-pierre-ballouhey-en-geltoki\\\/#article\",\"isPartOf\":{\"@id\":\"https:\\\/\\\/www.laguiadepamplona.com\\\/actualidad\\\/el-servicio-de-educacion-ambiental-inicia-la-escuela-de-sostenibilidad-de-otono-que-mira-al-cambio-climatico-con-un-encuentro-con-el-dibujante-pierre-ballouhey-en-geltoki\\\/\"},\"author\":{\"name\":\"La Gu\u00eda de Pamplona\",\"@id\":\"https:\\\/\\\/www.laguiadepamplona.com\\\/actualidad\\\/#\\\/schema\\\/person\\\/efe887376f0213d4657c93adc50b1fdb\"},\"headline\":\"El Servicio de Educaci\u00f3n Ambiental inicia la Escuela de Sostenibilidad de oto\u00f1o, que mira al cambio clim\u00e1tico, con un encuentro con el dibujante Pierre Ballouhey en Geltoki\",\"datePublished\":\"2018-10-01T13:36:37+00:00\",\"mainEntityOfPage\":{\"@id\":\"https:\\\/\\\/www.laguiadepamplona.com\\\/actualidad\\\/el-servicio-de-educacion-ambiental-inicia-la-escuela-de-sostenibilidad-de-otono-que-mira-al-cambio-climatico-con-un-encuentro-con-el-dibujante-pierre-ballouhey-en-geltoki\\\/\"},\"wordCount\":705,\"commentCount\":0,\"publisher\":{\"@id\":\"https:\\\/\\\/www.laguiadepamplona.com\\\/actualidad\\\/#organization\"},\"image\":{\"@id\":\"https:\\\/\\\/www.laguiadepamplona.com\\\/actualidad\\\/el-servicio-de-educacion-ambiental-inicia-la-escuela-de-sostenibilidad-de-otono-que-mira-al-cambio-climatico-con-un-encuentro-con-el-dibujante-pierre-ballouhey-en-geltoki\\\/#primaryimage\"},\"thumbnailUrl\":\"https:\\\/\\\/www.laguiadepamplona.com\\\/actualidad\\\/wp-content\\\/uploads\\\/2018\\\/10\\\/18_10_01_exposicion_cambio_climatico.jpg\",\"articleSection\":[\"Ayto Pamplona\"],\"inLanguage\":\"es\",\"potentialAction\":[{\"@type\":\"CommentAction\",\"name\":\"Comment\",\"target\":[\"https:\\\/\\\/www.laguiadepamplona.com\\\/actualidad\\\/el-servicio-de-educacion-ambiental-inicia-la-escuela-de-sostenibilidad-de-otono-que-mira-al-cambio-climatico-con-un-encuentro-con-el-dibujante-pierre-ballouhey-en-geltoki\\\/#respond\"]}]},{\"@type\":\"WebPage\",\"@id\":\"https:\\\/\\\/www.laguiadepamplona.com\\\/actualidad\\\/el-servicio-de-educacion-ambiental-inicia-la-escuela-de-sostenibilidad-de-otono-que-mira-al-cambio-climatico-con-un-encuentro-con-el-dibujante-pierre-ballouhey-en-geltoki\\\/\",\"url\":\"https:\\\/\\\/www.laguiadepamplona.com\\\/actualidad\\\/el-servicio-de-educacion-ambiental-inicia-la-escuela-de-sostenibilidad-de-otono-que-mira-al-cambio-climatico-con-un-encuentro-con-el-dibujante-pierre-ballouhey-en-geltoki\\\/\",\"name\":\"El Servicio de Educaci\u00f3n Ambiental inicia la Escuela de Sostenibilidad de oto\u00f1o, que mira al cambio clim\u00e1tico, con un encuentro con el dibujante Pierre Ballouhey en Geltoki\",\"isPartOf\":{\"@id\":\"https:\\\/\\\/www.laguiadepamplona.com\\\/actualidad\\\/#website\"},\"primaryImageOfPage\":{\"@id\":\"https:\\\/\\\/www.laguiadepamplona.com\\\/actualidad\\\/el-servicio-de-educacion-ambiental-inicia-la-escuela-de-sostenibilidad-de-otono-que-mira-al-cambio-climatico-con-un-encuentro-con-el-dibujante-pierre-ballouhey-en-geltoki\\\/#primaryimage\"},\"image\":{\"@id\":\"https:\\\/\\\/www.laguiadepamplona.com\\\/actualidad\\\/el-servicio-de-educacion-ambiental-inicia-la-escuela-de-sostenibilidad-de-otono-que-mira-al-cambio-climatico-con-un-encuentro-con-el-dibujante-pierre-ballouhey-en-geltoki\\\/#primaryimage\"},\"thumbnailUrl\":\"https:\\\/\\\/www.laguiadepamplona.com\\\/actualidad\\\/wp-content\\\/uploads\\\/2018\\\/10\\\/18_10_01_exposicion_cambio_climatico.jpg\",\"datePublished\":\"2018-10-01T13:36:37+00:00\",\"breadcrumb\":{\"@id\":\"https:\\\/\\\/www.laguiadepamplona.com\\\/actualidad\\\/el-servicio-de-educacion-ambiental-inicia-la-escuela-de-sostenibilidad-de-otono-que-mira-al-cambio-climatico-con-un-encuentro-con-el-dibujante-pierre-ballouhey-en-geltoki\\\/#breadcrumb\"},\"inLanguage\":\"es\",\"potentialAction\":[{\"@type\":\"ReadAction\",\"target\":[\"https:\\\/\\\/www.laguiadepamplona.com\\\/actualidad\\\/el-servicio-de-educacion-ambiental-inicia-la-escuela-de-sostenibilidad-de-otono-que-mira-al-cambio-climatico-con-un-encuentro-con-el-dibujante-pierre-ballouhey-en-geltoki\\\/\"]}]},{\"@type\":\"ImageObject\",\"inLanguage\":\"es\",\"@id\":\"https:\\\/\\\/www.laguiadepamplona.com\\\/actualidad\\\/el-servicio-de-educacion-ambiental-inicia-la-escuela-de-sostenibilidad-de-otono-que-mira-al-cambio-climatico-con-un-encuentro-con-el-dibujante-pierre-ballouhey-en-geltoki\\\/#primaryimage\",\"url\":\"https:\\\/\\\/www.laguiadepamplona.com\\\/actualidad\\\/wp-content\\\/uploads\\\/2018\\\/10\\\/18_10_01_exposicion_cambio_climatico.jpg\",\"contentUrl\":\"https:\\\/\\\/www.laguiadepamplona.com\\\/actualidad\\\/wp-content\\\/uploads\\\/2018\\\/10\\\/18_10_01_exposicion_cambio_climatico.jpg\",\"width\":1000,\"height\":716},{\"@type\":\"BreadcrumbList\",\"@id\":\"https:\\\/\\\/www.laguiadepamplona.com\\\/actualidad\\\/el-servicio-de-educacion-ambiental-inicia-la-escuela-de-sostenibilidad-de-otono-que-mira-al-cambio-climatico-con-un-encuentro-con-el-dibujante-pierre-ballouhey-en-geltoki\\\/#breadcrumb\",\"itemListElement\":[{\"@type\":\"ListItem\",\"position\":1,\"name\":\"Portada\",\"item\":\"https:\\\/\\\/www.laguiadepamplona.com\\\/actualidad\\\/\"},{\"@type\":\"ListItem\",\"position\":2,\"name\":\"El Servicio de Educaci\u00f3n Ambiental inicia la Escuela de Sostenibilidad de oto\u00f1o, que mira al cambio clim\u00e1tico, con un encuentro con el dibujante Pierre Ballouhey en Geltoki\"}]},{\"@type\":\"WebSite\",\"@id\":\"https:\\\/\\\/www.laguiadepamplona.com\\\/actualidad\\\/#website\",\"url\":\"https:\\\/\\\/www.laguiadepamplona.com\\\/actualidad\\\/\",\"name\":\"La gu\u00eda de Pamplona\",\"description\":\"Noticias de Pamplona\",\"publisher\":{\"@id\":\"https:\\\/\\\/www.laguiadepamplona.com\\\/actualidad\\\/#organization\"},\"potentialAction\":[{\"@type\":\"SearchAction\",\"target\":{\"@type\":\"EntryPoint\",\"urlTemplate\":\"https:\\\/\\\/www.laguiadepamplona.com\\\/actualidad\\\/?s={search_term_string}\"},\"query-input\":{\"@type\":\"PropertyValueSpecification\",\"valueRequired\":true,\"valueName\":\"search_term_string\"}}],\"inLanguage\":\"es\"},{\"@type\":\"Organization\",\"@id\":\"https:\\\/\\\/www.laguiadepamplona.com\\\/actualidad\\\/#organization\",\"name\":\"La Gu\u00eda de Pamplona \\\/ Noticias\",\"url\":\"https:\\\/\\\/www.laguiadepamplona.com\\\/actualidad\\\/\",\"logo\":{\"@type\":\"ImageObject\",\"inLanguage\":\"es\",\"@id\":\"https:\\\/\\\/www.laguiadepamplona.com\\\/actualidad\\\/#\\\/schema\\\/logo\\\/image\\\/\",\"url\":\"https:\\\/\\\/www.laguiadepamplona.com\\\/actualidad\\\/wp-content\\\/uploads\\\/2018\\\/11\\\/logo-laguiadepamplona18-web1.png\",\"contentUrl\":\"https:\\\/\\\/www.laguiadepamplona.com\\\/actualidad\\\/wp-content\\\/uploads\\\/2018\\\/11\\\/logo-laguiadepamplona18-web1.png\",\"width\":600,\"height\":196,\"caption\":\"La Gu\u00eda de Pamplona \\\/ Noticias\"},\"image\":{\"@id\":\"https:\\\/\\\/www.laguiadepamplona.com\\\/actualidad\\\/#\\\/schema\\\/logo\\\/image\\\/\"},\"sameAs\":[\"https:\\\/\\\/www.facebook.com\\\/laguiadepamplonacom-133175176762273\\\/?ref=hl\",\"https:\\\/\\\/x.com\\\/LaGuiadPamplona\",\"https:\\\/\\\/www.instagram.com\\\/la_guia_de_pamplona\\\/\",\"https:\\\/\\\/www.youtube.com\\\/user\\\/laguiadepamplona\"]},{\"@type\":\"Person\",\"@id\":\"https:\\\/\\\/www.laguiadepamplona.com\\\/actualidad\\\/#\\\/schema\\\/person\\\/efe887376f0213d4657c93adc50b1fdb\",\"name\":\"La Gu\u00eda de Pamplona\",\"image\":{\"@type\":\"ImageObject\",\"inLanguage\":\"es\",\"@id\":\"https:\\\/\\\/secure.gravatar.com\\\/avatar\\\/b6992f131dc8d30ab0dff15446e9d346d9dbd95992de0fef795073f5ea83a81c?s=96&d=mm&r=g\",\"url\":\"https:\\\/\\\/secure.gravatar.com\\\/avatar\\\/b6992f131dc8d30ab0dff15446e9d346d9dbd95992de0fef795073f5ea83a81c?s=96&d=mm&r=g\",\"contentUrl\":\"https:\\\/\\\/secure.gravatar.com\\\/avatar\\\/b6992f131dc8d30ab0dff15446e9d346d9dbd95992de0fef795073f5ea83a81c?s=96&d=mm&r=g\",\"caption\":\"La Gu\u00eda de Pamplona\"}}]}<\/script>\n<!-- \/ Yoast SEO plugin. -->","yoast_head_json":{"title":"El Servicio de Educaci\u00f3n Ambiental inicia la Escuela de Sostenibilidad de oto\u00f1o, que mira al cambio clim\u00e1tico, con un encuentro con el dibujante Pierre Ballouhey en Geltoki","robots":{"index":"index","follow":"follow","max-snippet":"max-snippet:-1","max-image-preview":"max-image-preview:large","max-video-preview":"max-video-preview:-1"},"canonical":"https:\/\/www.laguiadepamplona.com\/actualidad\/el-servicio-de-educacion-ambiental-inicia-la-escuela-de-sostenibilidad-de-otono-que-mira-al-cambio-climatico-con-un-encuentro-con-el-dibujante-pierre-ballouhey-en-geltoki\/","og_locale":"es_ES","og_type":"article","og_title":"El Servicio de Educaci\u00f3n Ambiental inicia la Escuela de Sostenibilidad de oto\u00f1o, que mira al cambio clim\u00e1tico, con un encuentro con el dibujante Pierre Ballouhey en Geltoki","og_description":"El Museo de Educaci\u00f3n Ambiental presenta todo el mes la exposici\u00f3n \u2018El cambio clim\u00e1tico no tiene gracia\u2019","og_url":"https:\/\/www.laguiadepamplona.com\/actualidad\/el-servicio-de-educacion-ambiental-inicia-la-escuela-de-sostenibilidad-de-otono-que-mira-al-cambio-climatico-con-un-encuentro-con-el-dibujante-pierre-ballouhey-en-geltoki\/","og_site_name":"La Gu\u00eda de Pamplona Noticias y actualidad","article_publisher":"https:\/\/www.facebook.com\/laguiadepamplonacom-133175176762273\/?ref=hl","article_published_time":"2018-10-01T13:36:37+00:00","og_image":[{"width":1000,"height":716,"url":"https:\/\/www.laguiadepamplona.com\/actualidad\/wp-content\/uploads\/2018\/10\/18_10_01_exposicion_cambio_climatico.jpg","type":"image\/jpeg"}],"author":"La Gu\u00eda de Pamplona","twitter_card":"summary_large_image","twitter_creator":"@LaGuiadPamplona","twitter_site":"@LaGuiadPamplona","twitter_misc":{"Escrito por":"La Gu\u00eda de Pamplona","Tiempo de lectura":"3 minutos"},"schema":{"@context":"https:\/\/schema.org","@graph":[{"@type":"Article","@id":"https:\/\/www.laguiadepamplona.com\/actualidad\/el-servicio-de-educacion-ambiental-inicia-la-escuela-de-sostenibilidad-de-otono-que-mira-al-cambio-climatico-con-un-encuentro-con-el-dibujante-pierre-ballouhey-en-geltoki\/#article","isPartOf":{"@id":"https:\/\/www.laguiadepamplona.com\/actualidad\/el-servicio-de-educacion-ambiental-inicia-la-escuela-de-sostenibilidad-de-otono-que-mira-al-cambio-climatico-con-un-encuentro-con-el-dibujante-pierre-ballouhey-en-geltoki\/"},"author":{"name":"La Gu\u00eda de Pamplona","@id":"https:\/\/www.laguiadepamplona.com\/actualidad\/#\/schema\/person\/efe887376f0213d4657c93adc50b1fdb"},"headline":"El Servicio de Educaci\u00f3n Ambiental inicia la Escuela de Sostenibilidad de oto\u00f1o, que mira al cambio clim\u00e1tico, con un encuentro con el dibujante Pierre Ballouhey en Geltoki","datePublished":"2018-10-01T13:36:37+00:00","mainEntityOfPage":{"@id":"https:\/\/www.laguiadepamplona.com\/actualidad\/el-servicio-de-educacion-ambiental-inicia-la-escuela-de-sostenibilidad-de-otono-que-mira-al-cambio-climatico-con-un-encuentro-con-el-dibujante-pierre-ballouhey-en-geltoki\/"},"wordCount":705,"commentCount":0,"publisher":{"@id":"https:\/\/www.laguiadepamplona.com\/actualidad\/#organization"},"image":{"@id":"https:\/\/www.laguiadepamplona.com\/actualidad\/el-servicio-de-educacion-ambiental-inicia-la-escuela-de-sostenibilidad-de-otono-que-mira-al-cambio-climatico-con-un-encuentro-con-el-dibujante-pierre-ballouhey-en-geltoki\/#primaryimage"},"thumbnailUrl":"https:\/\/www.laguiadepamplona.com\/actualidad\/wp-content\/uploads\/2018\/10\/18_10_01_exposicion_cambio_climatico.jpg","articleSection":["Ayto Pamplona"],"inLanguage":"es","potentialAction":[{"@type":"CommentAction","name":"Comment","target":["https:\/\/www.laguiadepamplona.com\/actualidad\/el-servicio-de-educacion-ambiental-inicia-la-escuela-de-sostenibilidad-de-otono-que-mira-al-cambio-climatico-con-un-encuentro-con-el-dibujante-pierre-ballouhey-en-geltoki\/#respond"]}]},{"@type":"WebPage","@id":"https:\/\/www.laguiadepamplona.com\/actualidad\/el-servicio-de-educacion-ambiental-inicia-la-escuela-de-sostenibilidad-de-otono-que-mira-al-cambio-climatico-con-un-encuentro-con-el-dibujante-pierre-ballouhey-en-geltoki\/","url":"https:\/\/www.laguiadepamplona.com\/actualidad\/el-servicio-de-educacion-ambiental-inicia-la-escuela-de-sostenibilidad-de-otono-que-mira-al-cambio-climatico-con-un-encuentro-con-el-dibujante-pierre-ballouhey-en-geltoki\/","name":"El Servicio de Educaci\u00f3n Ambiental inicia la Escuela de Sostenibilidad de oto\u00f1o, que mira al cambio clim\u00e1tico, con un encuentro con el dibujante Pierre Ballouhey en Geltoki","isPartOf":{"@id":"https:\/\/www.laguiadepamplona.com\/actualidad\/#website"},"primaryImageOfPage":{"@id":"https:\/\/www.laguiadepamplona.com\/actualidad\/el-servicio-de-educacion-ambiental-inicia-la-escuela-de-sostenibilidad-de-otono-que-mira-al-cambio-climatico-con-un-encuentro-con-el-dibujante-pierre-ballouhey-en-geltoki\/#primaryimage"},"image":{"@id":"https:\/\/www.laguiadepamplona.com\/actualidad\/el-servicio-de-educacion-ambiental-inicia-la-escuela-de-sostenibilidad-de-otono-que-mira-al-cambio-climatico-con-un-encuentro-con-el-dibujante-pierre-ballouhey-en-geltoki\/#primaryimage"},"thumbnailUrl":"https:\/\/www.laguiadepamplona.com\/actualidad\/wp-content\/uploads\/2018\/10\/18_10_01_exposicion_cambio_climatico.jpg","datePublished":"2018-10-01T13:36:37+00:00","breadcrumb":{"@id":"https:\/\/www.laguiadepamplona.com\/actualidad\/el-servicio-de-educacion-ambiental-inicia-la-escuela-de-sostenibilidad-de-otono-que-mira-al-cambio-climatico-con-un-encuentro-con-el-dibujante-pierre-ballouhey-en-geltoki\/#breadcrumb"},"inLanguage":"es","potentialAction":[{"@type":"ReadAction","target":["https:\/\/www.laguiadepamplona.com\/actualidad\/el-servicio-de-educacion-ambiental-inicia-la-escuela-de-sostenibilidad-de-otono-que-mira-al-cambio-climatico-con-un-encuentro-con-el-dibujante-pierre-ballouhey-en-geltoki\/"]}]},{"@type":"ImageObject","inLanguage":"es","@id":"https:\/\/www.laguiadepamplona.com\/actualidad\/el-servicio-de-educacion-ambiental-inicia-la-escuela-de-sostenibilidad-de-otono-que-mira-al-cambio-climatico-con-un-encuentro-con-el-dibujante-pierre-ballouhey-en-geltoki\/#primaryimage","url":"https:\/\/www.laguiadepamplona.com\/actualidad\/wp-content\/uploads\/2018\/10\/18_10_01_exposicion_cambio_climatico.jpg","contentUrl":"https:\/\/www.laguiadepamplona.com\/actualidad\/wp-content\/uploads\/2018\/10\/18_10_01_exposicion_cambio_climatico.jpg","width":1000,"height":716},{"@type":"BreadcrumbList","@id":"https:\/\/www.laguiadepamplona.com\/actualidad\/el-servicio-de-educacion-ambiental-inicia-la-escuela-de-sostenibilidad-de-otono-que-mira-al-cambio-climatico-con-un-encuentro-con-el-dibujante-pierre-ballouhey-en-geltoki\/#breadcrumb","itemListElement":[{"@type":"ListItem","position":1,"name":"Portada","item":"https:\/\/www.laguiadepamplona.com\/actualidad\/"},{"@type":"ListItem","position":2,"name":"El Servicio de Educaci\u00f3n Ambiental inicia la Escuela de Sostenibilidad de oto\u00f1o, que mira al cambio clim\u00e1tico, con un encuentro con el dibujante Pierre Ballouhey en Geltoki"}]},{"@type":"WebSite","@id":"https:\/\/www.laguiadepamplona.com\/actualidad\/#website","url":"https:\/\/www.laguiadepamplona.com\/actualidad\/","name":"La gu\u00eda de Pamplona","description":"Noticias de Pamplona","publisher":{"@id":"https:\/\/www.laguiadepamplona.com\/actualidad\/#organization"},"potentialAction":[{"@type":"SearchAction","target":{"@type":"EntryPoint","urlTemplate":"https:\/\/www.laguiadepamplona.com\/actualidad\/?s={search_term_string}"},"query-input":{"@type":"PropertyValueSpecification","valueRequired":true,"valueName":"search_term_string"}}],"inLanguage":"es"},{"@type":"Organization","@id":"https:\/\/www.laguiadepamplona.com\/actualidad\/#organization","name":"La Gu\u00eda de Pamplona \/ Noticias","url":"https:\/\/www.laguiadepamplona.com\/actualidad\/","logo":{"@type":"ImageObject","inLanguage":"es","@id":"https:\/\/www.laguiadepamplona.com\/actualidad\/#\/schema\/logo\/image\/","url":"https:\/\/www.laguiadepamplona.com\/actualidad\/wp-content\/uploads\/2018\/11\/logo-laguiadepamplona18-web1.png","contentUrl":"https:\/\/www.laguiadepamplona.com\/actualidad\/wp-content\/uploads\/2018\/11\/logo-laguiadepamplona18-web1.png","width":600,"height":196,"caption":"La Gu\u00eda de Pamplona \/ Noticias"},"image":{"@id":"https:\/\/www.laguiadepamplona.com\/actualidad\/#\/schema\/logo\/image\/"},"sameAs":["https:\/\/www.facebook.com\/laguiadepamplonacom-133175176762273\/?ref=hl","https:\/\/x.com\/LaGuiadPamplona","https:\/\/www.instagram.com\/la_guia_de_pamplona\/","https:\/\/www.youtube.com\/user\/laguiadepamplona"]},{"@type":"Person","@id":"https:\/\/www.laguiadepamplona.com\/actualidad\/#\/schema\/person\/efe887376f0213d4657c93adc50b1fdb","name":"La Gu\u00eda de Pamplona","image":{"@type":"ImageObject","inLanguage":"es","@id":"https:\/\/secure.gravatar.com\/avatar\/b6992f131dc8d30ab0dff15446e9d346d9dbd95992de0fef795073f5ea83a81c?s=96&d=mm&r=g","url":"https:\/\/secure.gravatar.com\/avatar\/b6992f131dc8d30ab0dff15446e9d346d9dbd95992de0fef795073f5ea83a81c?s=96&d=mm&r=g","contentUrl":"https:\/\/secure.gravatar.com\/avatar\/b6992f131dc8d30ab0dff15446e9d346d9dbd95992de0fef795073f5ea83a81c?s=96&d=mm&r=g","caption":"La Gu\u00eda de Pamplona"}}]}},"post_mailing_queue_ids":[],"_links":{"self":[{"href":"https:\/\/www.laguiadepamplona.com\/actualidad\/wp-json\/wp\/v2\/posts\/18826","targetHints":{"allow":["GET"]}}],"collection":[{"href":"https:\/\/www.laguiadepamplona.com\/actualidad\/wp-json\/wp\/v2\/posts"}],"about":[{"href":"https:\/\/www.laguiadepamplona.com\/actualidad\/wp-json\/wp\/v2\/types\/post"}],"author":[{"embeddable":true,"href":"https:\/\/www.laguiadepamplona.com\/actualidad\/wp-json\/wp\/v2\/users\/1"}],"replies":[{"embeddable":true,"href":"https:\/\/www.laguiadepamplona.com\/actualidad\/wp-json\/wp\/v2\/comments?post=18826"}],"version-history":[{"count":0,"href":"https:\/\/www.laguiadepamplona.com\/actualidad\/wp-json\/wp\/v2\/posts\/18826\/revisions"}],"wp:featuredmedia":[{"embeddable":true,"href":"https:\/\/www.laguiadepamplona.com\/actualidad\/wp-json\/wp\/v2\/media\/18827"}],"wp:attachment":[{"href":"https:\/\/www.laguiadepamplona.com\/actualidad\/wp-json\/wp\/v2\/media?parent=18826"}],"wp:term":[{"taxonomy":"category","embeddable":true,"href":"https:\/\/www.laguiadepamplona.com\/actualidad\/wp-json\/wp\/v2\/categories?post=18826"},{"taxonomy":"post_tag","embeddable":true,"href":"https:\/\/www.laguiadepamplona.com\/actualidad\/wp-json\/wp\/v2\/tags?post=18826"}],"curies":[{"name":"wp","href":"https:\/\/api.w.org\/{rel}","templated":true}]}}