{"id":18822,"date":"2018-09-28T17:16:18","date_gmt":"2018-09-28T15:16:18","guid":{"rendered":"https:\/\/www.laguiadepamplona.es\/actualidad\/?p=18822"},"modified":"2018-09-28T17:16:18","modified_gmt":"2018-09-28T15:16:18","slug":"la-sala-de-la-ciudadela-en-donde-se-celebran-las-bodas-civiles-llevara-el-nombre-de-la-exconcejala-lidia-biurrun","status":"publish","type":"post","link":"https:\/\/www.laguiadepamplona.com\/actualidad\/la-sala-de-la-ciudadela-en-donde-se-celebran-las-bodas-civiles-llevara-el-nombre-de-la-exconcejala-lidia-biurrun\/","title":{"rendered":"La sala de la Ciudadela en donde se celebran las bodas civiles llevar\u00e1 el nombre de la exconcejala Lidia Biurrun"},"content":{"rendered":"<h3>La exconcejala, que incorpor\u00f3 en las bodas el traje de gala y el compromiso con el euskera, fue durante a\u00f1os la m\u00e1s elegida por las parejas<\/h3>\n<p><!--more--><\/p>\n<p>La sala de la Ciudadela donde se celebran los matrimonios civiles llevar\u00e1 el nombre de la exconcejala del Ayuntamiento de Pamplona Lidia Biurrun, de acuerdo a la designaci\u00f3n realizada por el alcalde de Pamplona, Joseba Asiron. El informe que acompa\u00f1a a la resoluci\u00f3n de Alcald\u00eda con el nuevo nombramiento recoge que Lidia Biurrun Aramayo colabor\u00f3 a dignificar la celebraci\u00f3n de las bodas civiles, actos que se llevaban realizando en el Ayuntamiento de Pamplona desde 1995. A su protocolo incorpor\u00f3 el ritual de hacerlo con el traje de gala del Consistorio y el compromiso para celebrar en euskera las bodas de las parejas que as\u00ed lo solicitaban. El espacio era conocido hasta ahora como \u2018Sala Felipe II\u2019.<\/p>\n<p>Lidia Biurrun, nacida en la localidad de Falces, en 1954, era licenciada en Geograf\u00eda y asesora urbanista, y concejala por Izquierda Unida en el Ayuntamiento de Pamplona desde 1995 hasta 2003, as\u00ed como segunda teniente de alcalde y concejala delegada de Urbanismo en la Legislatura 1995-1999. Falleci\u00f3 en Pamplona, el 15 de mayo de 2003, a los 49 a\u00f1os, a consecuencia de un c\u00e1ncer que le hab\u00eda llevado a abandonar la representaci\u00f3n pol\u00edtica en noviembre del 2002.<\/p>\n<p><script async src=\"\/\/pagead2.googlesyndication.com\/pagead\/js\/adsbygoogle.js\"><\/script><br \/>\n<!-- Noticias La Guia de Pamplona --><br \/>\n<ins class=\"adsbygoogle\"\nstyle=\"display:block\"\ndata-ad-client=\"ca-pub-6943679897239327\"\ndata-ad-slot=\"7048180777\"\ndata-ad-format=\"auto\"><\/ins><br \/>\n<script>\n(adsbygoogle = window.adsbygoogle || []).push({});\n<\/script><\/p>\n<p><strong>Impulsora del Plan General de Pamplona<\/strong><\/p>\n<p>Fue impulsora del Plan General de Pamplona durante su primer cuatrienio como edil, estando de responsable de Urbanismo del gobierno municipal formado por el tripartito CDN, PSN e IU con Javier Chourraut como alcalde. Su manera de celebrar los matrimonios civiles y su convicci\u00f3n por dar la relevancia que consideraba a estos actos le llev\u00f3 esos a\u00f1os a ser la concejala preferida por las parejas que quer\u00edan celebrar su boda en el Ayuntamiento, y a ser durante un tiempo la concejala que m\u00e1s bodas celebraba en el Ayuntamiento de Pamplona.<\/p>\n<p>La decisi\u00f3n se ha tomado teniendo en cuenta el Reglamento de Protocolo, ceremonial, honores y distinciones del Ayuntamiento de Pamplona que recoge que la asignaci\u00f3n de nombre a calles, plazas, parques, paseos, edificios, monumentos u otros espacios p\u00fablicos supone una oportunidad para honrar y reconocer a personas y\/o entidades que re\u00fanen los m\u00e9ritos suficientes, bien sea por servicios o actividades especiales realizadas en favor de la ciudad de Pamplona, o por su relevancia en el \u00e1mbito cient\u00edfico, cultural, deportivo, etc.<\/p>\n","protected":false},"excerpt":{"rendered":"<p>La exconcejala, que incorpor\u00f3 en las bodas el traje de gala y el compromiso con el euskera, fue durante a\u00f1os la m\u00e1s elegida por las parejas<\/p>\n","protected":false},"author":1,"featured_media":11434,"comment_status":"open","ping_status":"closed","sticky":false,"template":"","format":"standard","meta":{"footnotes":""},"categories":[2],"tags":[],"class_list":["post-18822","post","type-post","status-publish","format-standard","has-post-thumbnail","hentry","category-ayuntamiento-pamplona"],"yoast_head":"<!-- This site is optimized with the Yoast SEO plugin v27.9 - https:\/\/yoast.com\/product\/yoast-seo-wordpress\/ -->\n<title>La sala de la Ciudadela en donde se celebran las bodas civiles llevar\u00e1 el nombre de la exconcejala Lidia Biurrun<\/title>\n<meta name=\"robots\" content=\"index, follow, max-snippet:-1, max-image-preview:large, max-video-preview:-1\" \/>\n<link rel=\"canonical\" href=\"https:\/\/www.laguiadepamplona.com\/actualidad\/la-sala-de-la-ciudadela-en-donde-se-celebran-las-bodas-civiles-llevara-el-nombre-de-la-exconcejala-lidia-biurrun\/\" \/>\n<meta property=\"og:locale\" content=\"es_ES\" \/>\n<meta property=\"og:type\" content=\"article\" \/>\n<meta property=\"og:title\" content=\"La sala de la Ciudadela en donde se celebran las bodas civiles llevar\u00e1 el nombre de la exconcejala Lidia Biurrun\" \/>\n<meta property=\"og:description\" content=\"La exconcejala, que incorpor\u00f3 en las bodas el traje de gala y el compromiso con el euskera, fue durante a\u00f1os la m\u00e1s elegida por las parejas\" \/>\n<meta property=\"og:url\" content=\"https:\/\/www.laguiadepamplona.com\/actualidad\/la-sala-de-la-ciudadela-en-donde-se-celebran-las-bodas-civiles-llevara-el-nombre-de-la-exconcejala-lidia-biurrun\/\" \/>\n<meta property=\"og:site_name\" content=\"La Gu\u00eda de Pamplona Noticias y actualidad\" \/>\n<meta property=\"article:publisher\" content=\"https:\/\/www.facebook.com\/laguiadepamplonacom-133175176762273\/?ref=hl\" \/>\n<meta property=\"article:published_time\" content=\"2018-09-28T15:16:18+00:00\" \/>\n<meta property=\"og:image\" content=\"https:\/\/www.laguiadepamplona.com\/actualidad\/wp-content\/uploads\/2017\/01\/ciudadela_general1.jpg\" \/>\n\t<meta property=\"og:image:width\" content=\"1100\" \/>\n\t<meta property=\"og:image:height\" content=\"550\" \/>\n\t<meta property=\"og:image:type\" content=\"image\/jpeg\" \/>\n<meta name=\"author\" content=\"La Gu\u00eda de Pamplona\" \/>\n<meta name=\"twitter:card\" content=\"summary_large_image\" \/>\n<meta name=\"twitter:creator\" content=\"@LaGuiadPamplona\" \/>\n<meta name=\"twitter:site\" content=\"@LaGuiadPamplona\" \/>\n<meta name=\"twitter:label1\" content=\"Escrito por\" \/>\n\t<meta name=\"twitter:data1\" content=\"La Gu\u00eda de Pamplona\" \/>\n\t<meta name=\"twitter:label2\" content=\"Tiempo de lectura\" \/>\n\t<meta name=\"twitter:data2\" content=\"2 minutos\" \/>\n<script type=\"application\/ld+json\" class=\"yoast-schema-graph\">{\"@context\":\"https:\\\/\\\/schema.org\",\"@graph\":[{\"@type\":\"Article\",\"@id\":\"https:\\\/\\\/www.laguiadepamplona.com\\\/actualidad\\\/la-sala-de-la-ciudadela-en-donde-se-celebran-las-bodas-civiles-llevara-el-nombre-de-la-exconcejala-lidia-biurrun\\\/#article\",\"isPartOf\":{\"@id\":\"https:\\\/\\\/www.laguiadepamplona.com\\\/actualidad\\\/la-sala-de-la-ciudadela-en-donde-se-celebran-las-bodas-civiles-llevara-el-nombre-de-la-exconcejala-lidia-biurrun\\\/\"},\"author\":{\"name\":\"La Gu\u00eda de Pamplona\",\"@id\":\"https:\\\/\\\/www.laguiadepamplona.com\\\/actualidad\\\/#\\\/schema\\\/person\\\/efe887376f0213d4657c93adc50b1fdb\"},\"headline\":\"La sala de la Ciudadela en donde se celebran las bodas civiles llevar\u00e1 el nombre de la exconcejala Lidia Biurrun\",\"datePublished\":\"2018-09-28T15:16:18+00:00\",\"mainEntityOfPage\":{\"@id\":\"https:\\\/\\\/www.laguiadepamplona.com\\\/actualidad\\\/la-sala-de-la-ciudadela-en-donde-se-celebran-las-bodas-civiles-llevara-el-nombre-de-la-exconcejala-lidia-biurrun\\\/\"},\"wordCount\":431,\"commentCount\":0,\"publisher\":{\"@id\":\"https:\\\/\\\/www.laguiadepamplona.com\\\/actualidad\\\/#organization\"},\"image\":{\"@id\":\"https:\\\/\\\/www.laguiadepamplona.com\\\/actualidad\\\/la-sala-de-la-ciudadela-en-donde-se-celebran-las-bodas-civiles-llevara-el-nombre-de-la-exconcejala-lidia-biurrun\\\/#primaryimage\"},\"thumbnailUrl\":\"https:\\\/\\\/www.laguiadepamplona.com\\\/actualidad\\\/wp-content\\\/uploads\\\/2017\\\/01\\\/ciudadela_general1.jpg\",\"articleSection\":[\"Ayto Pamplona\"],\"inLanguage\":\"es\",\"potentialAction\":[{\"@type\":\"CommentAction\",\"name\":\"Comment\",\"target\":[\"https:\\\/\\\/www.laguiadepamplona.com\\\/actualidad\\\/la-sala-de-la-ciudadela-en-donde-se-celebran-las-bodas-civiles-llevara-el-nombre-de-la-exconcejala-lidia-biurrun\\\/#respond\"]}]},{\"@type\":\"WebPage\",\"@id\":\"https:\\\/\\\/www.laguiadepamplona.com\\\/actualidad\\\/la-sala-de-la-ciudadela-en-donde-se-celebran-las-bodas-civiles-llevara-el-nombre-de-la-exconcejala-lidia-biurrun\\\/\",\"url\":\"https:\\\/\\\/www.laguiadepamplona.com\\\/actualidad\\\/la-sala-de-la-ciudadela-en-donde-se-celebran-las-bodas-civiles-llevara-el-nombre-de-la-exconcejala-lidia-biurrun\\\/\",\"name\":\"La sala de la Ciudadela en donde se celebran las bodas civiles llevar\u00e1 el nombre de la exconcejala Lidia Biurrun\",\"isPartOf\":{\"@id\":\"https:\\\/\\\/www.laguiadepamplona.com\\\/actualidad\\\/#website\"},\"primaryImageOfPage\":{\"@id\":\"https:\\\/\\\/www.laguiadepamplona.com\\\/actualidad\\\/la-sala-de-la-ciudadela-en-donde-se-celebran-las-bodas-civiles-llevara-el-nombre-de-la-exconcejala-lidia-biurrun\\\/#primaryimage\"},\"image\":{\"@id\":\"https:\\\/\\\/www.laguiadepamplona.com\\\/actualidad\\\/la-sala-de-la-ciudadela-en-donde-se-celebran-las-bodas-civiles-llevara-el-nombre-de-la-exconcejala-lidia-biurrun\\\/#primaryimage\"},\"thumbnailUrl\":\"https:\\\/\\\/www.laguiadepamplona.com\\\/actualidad\\\/wp-content\\\/uploads\\\/2017\\\/01\\\/ciudadela_general1.jpg\",\"datePublished\":\"2018-09-28T15:16:18+00:00\",\"breadcrumb\":{\"@id\":\"https:\\\/\\\/www.laguiadepamplona.com\\\/actualidad\\\/la-sala-de-la-ciudadela-en-donde-se-celebran-las-bodas-civiles-llevara-el-nombre-de-la-exconcejala-lidia-biurrun\\\/#breadcrumb\"},\"inLanguage\":\"es\",\"potentialAction\":[{\"@type\":\"ReadAction\",\"target\":[\"https:\\\/\\\/www.laguiadepamplona.com\\\/actualidad\\\/la-sala-de-la-ciudadela-en-donde-se-celebran-las-bodas-civiles-llevara-el-nombre-de-la-exconcejala-lidia-biurrun\\\/\"]}]},{\"@type\":\"ImageObject\",\"inLanguage\":\"es\",\"@id\":\"https:\\\/\\\/www.laguiadepamplona.com\\\/actualidad\\\/la-sala-de-la-ciudadela-en-donde-se-celebran-las-bodas-civiles-llevara-el-nombre-de-la-exconcejala-lidia-biurrun\\\/#primaryimage\",\"url\":\"https:\\\/\\\/www.laguiadepamplona.com\\\/actualidad\\\/wp-content\\\/uploads\\\/2017\\\/01\\\/ciudadela_general1.jpg\",\"contentUrl\":\"https:\\\/\\\/www.laguiadepamplona.com\\\/actualidad\\\/wp-content\\\/uploads\\\/2017\\\/01\\\/ciudadela_general1.jpg\",\"width\":1100,\"height\":550},{\"@type\":\"BreadcrumbList\",\"@id\":\"https:\\\/\\\/www.laguiadepamplona.com\\\/actualidad\\\/la-sala-de-la-ciudadela-en-donde-se-celebran-las-bodas-civiles-llevara-el-nombre-de-la-exconcejala-lidia-biurrun\\\/#breadcrumb\",\"itemListElement\":[{\"@type\":\"ListItem\",\"position\":1,\"name\":\"Portada\",\"item\":\"https:\\\/\\\/www.laguiadepamplona.com\\\/actualidad\\\/\"},{\"@type\":\"ListItem\",\"position\":2,\"name\":\"La sala de la Ciudadela en donde se celebran las bodas civiles llevar\u00e1 el nombre de la exconcejala Lidia Biurrun\"}]},{\"@type\":\"WebSite\",\"@id\":\"https:\\\/\\\/www.laguiadepamplona.com\\\/actualidad\\\/#website\",\"url\":\"https:\\\/\\\/www.laguiadepamplona.com\\\/actualidad\\\/\",\"name\":\"La gu\u00eda de Pamplona\",\"description\":\"Noticias de Pamplona\",\"publisher\":{\"@id\":\"https:\\\/\\\/www.laguiadepamplona.com\\\/actualidad\\\/#organization\"},\"potentialAction\":[{\"@type\":\"SearchAction\",\"target\":{\"@type\":\"EntryPoint\",\"urlTemplate\":\"https:\\\/\\\/www.laguiadepamplona.com\\\/actualidad\\\/?s={search_term_string}\"},\"query-input\":{\"@type\":\"PropertyValueSpecification\",\"valueRequired\":true,\"valueName\":\"search_term_string\"}}],\"inLanguage\":\"es\"},{\"@type\":\"Organization\",\"@id\":\"https:\\\/\\\/www.laguiadepamplona.com\\\/actualidad\\\/#organization\",\"name\":\"La Gu\u00eda de Pamplona \\\/ Noticias\",\"url\":\"https:\\\/\\\/www.laguiadepamplona.com\\\/actualidad\\\/\",\"logo\":{\"@type\":\"ImageObject\",\"inLanguage\":\"es\",\"@id\":\"https:\\\/\\\/www.laguiadepamplona.com\\\/actualidad\\\/#\\\/schema\\\/logo\\\/image\\\/\",\"url\":\"https:\\\/\\\/www.laguiadepamplona.com\\\/actualidad\\\/wp-content\\\/uploads\\\/2018\\\/11\\\/logo-laguiadepamplona18-web1.png\",\"contentUrl\":\"https:\\\/\\\/www.laguiadepamplona.com\\\/actualidad\\\/wp-content\\\/uploads\\\/2018\\\/11\\\/logo-laguiadepamplona18-web1.png\",\"width\":600,\"height\":196,\"caption\":\"La Gu\u00eda de Pamplona \\\/ Noticias\"},\"image\":{\"@id\":\"https:\\\/\\\/www.laguiadepamplona.com\\\/actualidad\\\/#\\\/schema\\\/logo\\\/image\\\/\"},\"sameAs\":[\"https:\\\/\\\/www.facebook.com\\\/laguiadepamplonacom-133175176762273\\\/?ref=hl\",\"https:\\\/\\\/x.com\\\/LaGuiadPamplona\",\"https:\\\/\\\/www.instagram.com\\\/la_guia_de_pamplona\\\/\",\"https:\\\/\\\/www.youtube.com\\\/user\\\/laguiadepamplona\"]},{\"@type\":\"Person\",\"@id\":\"https:\\\/\\\/www.laguiadepamplona.com\\\/actualidad\\\/#\\\/schema\\\/person\\\/efe887376f0213d4657c93adc50b1fdb\",\"name\":\"La Gu\u00eda de Pamplona\",\"image\":{\"@type\":\"ImageObject\",\"inLanguage\":\"es\",\"@id\":\"https:\\\/\\\/secure.gravatar.com\\\/avatar\\\/b6992f131dc8d30ab0dff15446e9d346d9dbd95992de0fef795073f5ea83a81c?s=96&d=mm&r=g\",\"url\":\"https:\\\/\\\/secure.gravatar.com\\\/avatar\\\/b6992f131dc8d30ab0dff15446e9d346d9dbd95992de0fef795073f5ea83a81c?s=96&d=mm&r=g\",\"contentUrl\":\"https:\\\/\\\/secure.gravatar.com\\\/avatar\\\/b6992f131dc8d30ab0dff15446e9d346d9dbd95992de0fef795073f5ea83a81c?s=96&d=mm&r=g\",\"caption\":\"La Gu\u00eda de Pamplona\"}}]}<\/script>\n<!-- \/ Yoast SEO plugin. -->","yoast_head_json":{"title":"La sala de la Ciudadela en donde se celebran las bodas civiles llevar\u00e1 el nombre de la exconcejala Lidia Biurrun","robots":{"index":"index","follow":"follow","max-snippet":"max-snippet:-1","max-image-preview":"max-image-preview:large","max-video-preview":"max-video-preview:-1"},"canonical":"https:\/\/www.laguiadepamplona.com\/actualidad\/la-sala-de-la-ciudadela-en-donde-se-celebran-las-bodas-civiles-llevara-el-nombre-de-la-exconcejala-lidia-biurrun\/","og_locale":"es_ES","og_type":"article","og_title":"La sala de la Ciudadela en donde se celebran las bodas civiles llevar\u00e1 el nombre de la exconcejala Lidia Biurrun","og_description":"La exconcejala, que incorpor\u00f3 en las bodas el traje de gala y el compromiso con el euskera, fue durante a\u00f1os la m\u00e1s elegida por las parejas","og_url":"https:\/\/www.laguiadepamplona.com\/actualidad\/la-sala-de-la-ciudadela-en-donde-se-celebran-las-bodas-civiles-llevara-el-nombre-de-la-exconcejala-lidia-biurrun\/","og_site_name":"La Gu\u00eda de Pamplona Noticias y actualidad","article_publisher":"https:\/\/www.facebook.com\/laguiadepamplonacom-133175176762273\/?ref=hl","article_published_time":"2018-09-28T15:16:18+00:00","og_image":[{"width":1100,"height":550,"url":"https:\/\/www.laguiadepamplona.com\/actualidad\/wp-content\/uploads\/2017\/01\/ciudadela_general1.jpg","type":"image\/jpeg"}],"author":"La Gu\u00eda de Pamplona","twitter_card":"summary_large_image","twitter_creator":"@LaGuiadPamplona","twitter_site":"@LaGuiadPamplona","twitter_misc":{"Escrito por":"La Gu\u00eda de Pamplona","Tiempo de lectura":"2 minutos"},"schema":{"@context":"https:\/\/schema.org","@graph":[{"@type":"Article","@id":"https:\/\/www.laguiadepamplona.com\/actualidad\/la-sala-de-la-ciudadela-en-donde-se-celebran-las-bodas-civiles-llevara-el-nombre-de-la-exconcejala-lidia-biurrun\/#article","isPartOf":{"@id":"https:\/\/www.laguiadepamplona.com\/actualidad\/la-sala-de-la-ciudadela-en-donde-se-celebran-las-bodas-civiles-llevara-el-nombre-de-la-exconcejala-lidia-biurrun\/"},"author":{"name":"La Gu\u00eda de Pamplona","@id":"https:\/\/www.laguiadepamplona.com\/actualidad\/#\/schema\/person\/efe887376f0213d4657c93adc50b1fdb"},"headline":"La sala de la Ciudadela en donde se celebran las bodas civiles llevar\u00e1 el nombre de la exconcejala Lidia Biurrun","datePublished":"2018-09-28T15:16:18+00:00","mainEntityOfPage":{"@id":"https:\/\/www.laguiadepamplona.com\/actualidad\/la-sala-de-la-ciudadela-en-donde-se-celebran-las-bodas-civiles-llevara-el-nombre-de-la-exconcejala-lidia-biurrun\/"},"wordCount":431,"commentCount":0,"publisher":{"@id":"https:\/\/www.laguiadepamplona.com\/actualidad\/#organization"},"image":{"@id":"https:\/\/www.laguiadepamplona.com\/actualidad\/la-sala-de-la-ciudadela-en-donde-se-celebran-las-bodas-civiles-llevara-el-nombre-de-la-exconcejala-lidia-biurrun\/#primaryimage"},"thumbnailUrl":"https:\/\/www.laguiadepamplona.com\/actualidad\/wp-content\/uploads\/2017\/01\/ciudadela_general1.jpg","articleSection":["Ayto Pamplona"],"inLanguage":"es","potentialAction":[{"@type":"CommentAction","name":"Comment","target":["https:\/\/www.laguiadepamplona.com\/actualidad\/la-sala-de-la-ciudadela-en-donde-se-celebran-las-bodas-civiles-llevara-el-nombre-de-la-exconcejala-lidia-biurrun\/#respond"]}]},{"@type":"WebPage","@id":"https:\/\/www.laguiadepamplona.com\/actualidad\/la-sala-de-la-ciudadela-en-donde-se-celebran-las-bodas-civiles-llevara-el-nombre-de-la-exconcejala-lidia-biurrun\/","url":"https:\/\/www.laguiadepamplona.com\/actualidad\/la-sala-de-la-ciudadela-en-donde-se-celebran-las-bodas-civiles-llevara-el-nombre-de-la-exconcejala-lidia-biurrun\/","name":"La sala de la Ciudadela en donde se celebran las bodas civiles llevar\u00e1 el nombre de la exconcejala Lidia Biurrun","isPartOf":{"@id":"https:\/\/www.laguiadepamplona.com\/actualidad\/#website"},"primaryImageOfPage":{"@id":"https:\/\/www.laguiadepamplona.com\/actualidad\/la-sala-de-la-ciudadela-en-donde-se-celebran-las-bodas-civiles-llevara-el-nombre-de-la-exconcejala-lidia-biurrun\/#primaryimage"},"image":{"@id":"https:\/\/www.laguiadepamplona.com\/actualidad\/la-sala-de-la-ciudadela-en-donde-se-celebran-las-bodas-civiles-llevara-el-nombre-de-la-exconcejala-lidia-biurrun\/#primaryimage"},"thumbnailUrl":"https:\/\/www.laguiadepamplona.com\/actualidad\/wp-content\/uploads\/2017\/01\/ciudadela_general1.jpg","datePublished":"2018-09-28T15:16:18+00:00","breadcrumb":{"@id":"https:\/\/www.laguiadepamplona.com\/actualidad\/la-sala-de-la-ciudadela-en-donde-se-celebran-las-bodas-civiles-llevara-el-nombre-de-la-exconcejala-lidia-biurrun\/#breadcrumb"},"inLanguage":"es","potentialAction":[{"@type":"ReadAction","target":["https:\/\/www.laguiadepamplona.com\/actualidad\/la-sala-de-la-ciudadela-en-donde-se-celebran-las-bodas-civiles-llevara-el-nombre-de-la-exconcejala-lidia-biurrun\/"]}]},{"@type":"ImageObject","inLanguage":"es","@id":"https:\/\/www.laguiadepamplona.com\/actualidad\/la-sala-de-la-ciudadela-en-donde-se-celebran-las-bodas-civiles-llevara-el-nombre-de-la-exconcejala-lidia-biurrun\/#primaryimage","url":"https:\/\/www.laguiadepamplona.com\/actualidad\/wp-content\/uploads\/2017\/01\/ciudadela_general1.jpg","contentUrl":"https:\/\/www.laguiadepamplona.com\/actualidad\/wp-content\/uploads\/2017\/01\/ciudadela_general1.jpg","width":1100,"height":550},{"@type":"BreadcrumbList","@id":"https:\/\/www.laguiadepamplona.com\/actualidad\/la-sala-de-la-ciudadela-en-donde-se-celebran-las-bodas-civiles-llevara-el-nombre-de-la-exconcejala-lidia-biurrun\/#breadcrumb","itemListElement":[{"@type":"ListItem","position":1,"name":"Portada","item":"https:\/\/www.laguiadepamplona.com\/actualidad\/"},{"@type":"ListItem","position":2,"name":"La sala de la Ciudadela en donde se celebran las bodas civiles llevar\u00e1 el nombre de la exconcejala Lidia Biurrun"}]},{"@type":"WebSite","@id":"https:\/\/www.laguiadepamplona.com\/actualidad\/#website","url":"https:\/\/www.laguiadepamplona.com\/actualidad\/","name":"La gu\u00eda de Pamplona","description":"Noticias de Pamplona","publisher":{"@id":"https:\/\/www.laguiadepamplona.com\/actualidad\/#organization"},"potentialAction":[{"@type":"SearchAction","target":{"@type":"EntryPoint","urlTemplate":"https:\/\/www.laguiadepamplona.com\/actualidad\/?s={search_term_string}"},"query-input":{"@type":"PropertyValueSpecification","valueRequired":true,"valueName":"search_term_string"}}],"inLanguage":"es"},{"@type":"Organization","@id":"https:\/\/www.laguiadepamplona.com\/actualidad\/#organization","name":"La Gu\u00eda de Pamplona \/ Noticias","url":"https:\/\/www.laguiadepamplona.com\/actualidad\/","logo":{"@type":"ImageObject","inLanguage":"es","@id":"https:\/\/www.laguiadepamplona.com\/actualidad\/#\/schema\/logo\/image\/","url":"https:\/\/www.laguiadepamplona.com\/actualidad\/wp-content\/uploads\/2018\/11\/logo-laguiadepamplona18-web1.png","contentUrl":"https:\/\/www.laguiadepamplona.com\/actualidad\/wp-content\/uploads\/2018\/11\/logo-laguiadepamplona18-web1.png","width":600,"height":196,"caption":"La Gu\u00eda de Pamplona \/ Noticias"},"image":{"@id":"https:\/\/www.laguiadepamplona.com\/actualidad\/#\/schema\/logo\/image\/"},"sameAs":["https:\/\/www.facebook.com\/laguiadepamplonacom-133175176762273\/?ref=hl","https:\/\/x.com\/LaGuiadPamplona","https:\/\/www.instagram.com\/la_guia_de_pamplona\/","https:\/\/www.youtube.com\/user\/laguiadepamplona"]},{"@type":"Person","@id":"https:\/\/www.laguiadepamplona.com\/actualidad\/#\/schema\/person\/efe887376f0213d4657c93adc50b1fdb","name":"La Gu\u00eda de Pamplona","image":{"@type":"ImageObject","inLanguage":"es","@id":"https:\/\/secure.gravatar.com\/avatar\/b6992f131dc8d30ab0dff15446e9d346d9dbd95992de0fef795073f5ea83a81c?s=96&d=mm&r=g","url":"https:\/\/secure.gravatar.com\/avatar\/b6992f131dc8d30ab0dff15446e9d346d9dbd95992de0fef795073f5ea83a81c?s=96&d=mm&r=g","contentUrl":"https:\/\/secure.gravatar.com\/avatar\/b6992f131dc8d30ab0dff15446e9d346d9dbd95992de0fef795073f5ea83a81c?s=96&d=mm&r=g","caption":"La Gu\u00eda de Pamplona"}}]}},"post_mailing_queue_ids":[],"_links":{"self":[{"href":"https:\/\/www.laguiadepamplona.com\/actualidad\/wp-json\/wp\/v2\/posts\/18822","targetHints":{"allow":["GET"]}}],"collection":[{"href":"https:\/\/www.laguiadepamplona.com\/actualidad\/wp-json\/wp\/v2\/posts"}],"about":[{"href":"https:\/\/www.laguiadepamplona.com\/actualidad\/wp-json\/wp\/v2\/types\/post"}],"author":[{"embeddable":true,"href":"https:\/\/www.laguiadepamplona.com\/actualidad\/wp-json\/wp\/v2\/users\/1"}],"replies":[{"embeddable":true,"href":"https:\/\/www.laguiadepamplona.com\/actualidad\/wp-json\/wp\/v2\/comments?post=18822"}],"version-history":[{"count":0,"href":"https:\/\/www.laguiadepamplona.com\/actualidad\/wp-json\/wp\/v2\/posts\/18822\/revisions"}],"wp:featuredmedia":[{"embeddable":true,"href":"https:\/\/www.laguiadepamplona.com\/actualidad\/wp-json\/wp\/v2\/media\/11434"}],"wp:attachment":[{"href":"https:\/\/www.laguiadepamplona.com\/actualidad\/wp-json\/wp\/v2\/media?parent=18822"}],"wp:term":[{"taxonomy":"category","embeddable":true,"href":"https:\/\/www.laguiadepamplona.com\/actualidad\/wp-json\/wp\/v2\/categories?post=18822"},{"taxonomy":"post_tag","embeddable":true,"href":"https:\/\/www.laguiadepamplona.com\/actualidad\/wp-json\/wp\/v2\/tags?post=18822"}],"curies":[{"name":"wp","href":"https:\/\/api.w.org\/{rel}","templated":true}]}}