{"id":18819,"date":"2018-09-28T17:14:47","date_gmt":"2018-09-28T15:14:47","guid":{"rendered":"https:\/\/www.laguiadepamplona.es\/actualidad\/?p=18819"},"modified":"2018-09-28T17:14:47","modified_gmt":"2018-09-28T15:14:47","slug":"pamplona-dedicara-una-plaza-del-barrio-de-arrosadia-al-navarro-xavier-mina-uno-de-los-heroes-de-la-independencia-de-mexico","status":"publish","type":"post","link":"https:\/\/www.laguiadepamplona.com\/actualidad\/pamplona-dedicara-una-plaza-del-barrio-de-arrosadia-al-navarro-xavier-mina-uno-de-los-heroes-de-la-independencia-de-mexico\/","title":{"rendered":"Pamplona dedicar\u00e1 una plaza del barrio de Arrosad\u00eda al navarro Xavier Mina, uno de los h\u00e9roes de la independencia de M\u00e9xico"},"content":{"rendered":"<h3>La denominaci\u00f3n de las calles de la ciudad es una potestad del alcalde, que ha presentado la decisi\u00f3n en la Junta de Portavoces de esta ma\u00f1ana<\/h3>\n<p><!--more--><\/p>\n<p>Una de las plazas del barrio de Arrosad\u00eda, ubicada entre las calles R\u00edo Ulzama, Fernando Remacha y la trasera de la ikastola Hegoalde, llevar\u00e1 el nombre del navarro Xavier Mina, uno de los h\u00e9roes de la independencia de M\u00e9xico. Esta ma\u00f1ana la Junta de Portavoces ha conocido esta decisi\u00f3n del alcalde de Pamplona, de quien depende la denominaci\u00f3n de las calles de la ciudad.<\/p>\n<p>Francisco Javier Mina, conocido en Espa\u00f1a como Xavier Mina \u2018el estudiante\u2019 o \u2018el mozo\u2019, naci\u00f3 en Otano en 1789 y falleci\u00f3 fusilado en Guanajuato en 1817). Mina se encontraba estudiando en la Universidad de Zaragoza cuando se consumaron las disensiones dom\u00e9sticas de la familia real en Espa\u00f1a\u201d y las \u201ctransacciones de Bayona\u201d. Interpret\u00f3 esos hechos como una traici\u00f3n de la dinast\u00eda real y de una parte sustancial de los grupos dirigentes a la naci\u00f3n espa\u00f1ola, lo que le llev\u00f3 a participar durante casi un a\u00f1o en la Guerra de la Independencia frente a la invasi\u00f3n francesa, organizando el Corso Terrestre de Navarra, una divisi\u00f3n compuesta de m\u00e1s de 1.200 soldados. Fue hecho preso de estado de Napole\u00f3n y permaneci\u00f3 en el castillo de Vincennes hasta 1814, donde convivi\u00f3 con V\u00edctor Lahorie, general republicano enemigo de Napole\u00f3n que le convirti\u00f3 al liberalismo radical.<\/p>\n<p><script async src=\"\/\/pagead2.googlesyndication.com\/pagead\/js\/adsbygoogle.js\"><\/script><br \/>\n<!-- Noticias La Guia de Pamplona --><br \/>\n<ins class=\"adsbygoogle\"\nstyle=\"display:block\"\ndata-ad-client=\"ca-pub-6943679897239327\"\ndata-ad-slot=\"7048180777\"\ndata-ad-format=\"auto\"><\/ins><br \/>\n<script>\n(adsbygoogle = window.adsbygoogle || []).push({});\n<\/script><\/p>\n<p>El regreso de Mina a Espa\u00f1a estuvo marcado tanto por su implicaci\u00f3n en las conspiraciones liberales para el restablecimiento de la Constituci\u00f3n de C\u00e1diz y oponerse a la represi\u00f3n acaudillada por Fernando VII como su apertura hacia horizontes m\u00e1s amplios, depositando en Am\u00e9rica la esperanza y la posibilidad de la libertad. El pronunciamiento frustrado de Mina y su t\u00edo en septiembre de 1814 le hizo due\u00f1o de Pamplona por una noche. Perseguido por el rey, se exili\u00f3 a Francia primero y a Gran Breta\u00f1a despu\u00e9s. En Londres conoci\u00f3 a Blanco White y se relacion\u00f3 con otros liberales espa\u00f1oles (Fl\u00f3rez Estrada, Puigblanch, Ist\u00fariz, Gallardo, Cabarr\u00fas), americanos (Belo, L\u00f3pez M\u00e9ndez, Sarratea, Fajardo, Mier y Fagoaga) e ingleses (Lord Holland y Lord Russell),\u00a0 lo que explica el apoyo brit\u00e1nico al levantamiento de Porlier en Galicia en 1816.<\/p>\n<p>La sutil interrelaci\u00f3n de los acontecimientos a ambos lados del Atl\u00e1ntico determin\u00f3 el curso de la vida de Mina. Acept\u00f3 el ofrecimiento de encabezar una expedici\u00f3n en ayuda de la independencia mexicana y desde Estados Unidos organiz\u00f3 la Divisi\u00f3n Auxiliar de la Rep\u00fablica Mexicana. Sus campa\u00f1as en M\u00e9xico y las batallas que le enfrentaron a las fuerzas realistas son referencia en el proceso insurgente de ese pa\u00eds. Hecho preso y fusilado por orden del virrey Apodaca, es uno de los h\u00e9roes de la Independencia de M\u00e9xico.<\/p>\n","protected":false},"excerpt":{"rendered":"<p>La denominaci\u00f3n de las calles de la ciudad es una potestad del alcalde, que ha presentado la decisi\u00f3n en la Junta de Portavoces de esta ma\u00f1ana<\/p>\n","protected":false},"author":1,"featured_media":18820,"comment_status":"open","ping_status":"closed","sticky":false,"template":"","format":"standard","meta":{"footnotes":""},"categories":[2],"tags":[],"class_list":["post-18819","post","type-post","status-publish","format-standard","has-post-thumbnail","hentry","category-ayuntamiento-pamplona"],"yoast_head":"<!-- This site is optimized with the Yoast SEO plugin v27.9 - https:\/\/yoast.com\/product\/yoast-seo-wordpress\/ -->\n<title>Pamplona dedicar\u00e1 una plaza del barrio de Arrosad\u00eda al navarro Xavier Mina, uno de los h\u00e9roes de la independencia de M\u00e9xico<\/title>\n<meta name=\"robots\" content=\"index, follow, max-snippet:-1, max-image-preview:large, max-video-preview:-1\" \/>\n<link rel=\"canonical\" href=\"https:\/\/www.laguiadepamplona.com\/actualidad\/pamplona-dedicara-una-plaza-del-barrio-de-arrosadia-al-navarro-xavier-mina-uno-de-los-heroes-de-la-independencia-de-mexico\/\" \/>\n<meta property=\"og:locale\" content=\"es_ES\" \/>\n<meta property=\"og:type\" content=\"article\" \/>\n<meta property=\"og:title\" content=\"Pamplona dedicar\u00e1 una plaza del barrio de Arrosad\u00eda al navarro Xavier Mina, uno de los h\u00e9roes de la independencia de M\u00e9xico\" \/>\n<meta property=\"og:description\" content=\"La denominaci\u00f3n de las calles de la ciudad es una potestad del alcalde, que ha presentado la decisi\u00f3n en la Junta de Portavoces de esta ma\u00f1ana\" \/>\n<meta property=\"og:url\" content=\"https:\/\/www.laguiadepamplona.com\/actualidad\/pamplona-dedicara-una-plaza-del-barrio-de-arrosadia-al-navarro-xavier-mina-uno-de-los-heroes-de-la-independencia-de-mexico\/\" \/>\n<meta property=\"og:site_name\" content=\"La Gu\u00eda de Pamplona Noticias y actualidad\" \/>\n<meta property=\"article:publisher\" content=\"https:\/\/www.facebook.com\/laguiadepamplonacom-133175176762273\/?ref=hl\" \/>\n<meta property=\"article:published_time\" content=\"2018-09-28T15:14:47+00:00\" \/>\n<meta property=\"og:image\" content=\"https:\/\/www.laguiadepamplona.com\/actualidad\/wp-content\/uploads\/2018\/09\/18.09.28_plaza_xavier_mina.jpg\" \/>\n\t<meta property=\"og:image:width\" content=\"1000\" \/>\n\t<meta property=\"og:image:height\" content=\"563\" \/>\n\t<meta property=\"og:image:type\" content=\"image\/jpeg\" \/>\n<meta name=\"author\" content=\"La Gu\u00eda de Pamplona\" \/>\n<meta name=\"twitter:card\" content=\"summary_large_image\" \/>\n<meta name=\"twitter:creator\" content=\"@LaGuiadPamplona\" \/>\n<meta name=\"twitter:site\" content=\"@LaGuiadPamplona\" \/>\n<meta name=\"twitter:label1\" content=\"Escrito por\" \/>\n\t<meta name=\"twitter:data1\" content=\"La Gu\u00eda de Pamplona\" \/>\n\t<meta name=\"twitter:label2\" content=\"Tiempo de lectura\" \/>\n\t<meta name=\"twitter:data2\" content=\"2 minutos\" \/>\n<script type=\"application\/ld+json\" class=\"yoast-schema-graph\">{\"@context\":\"https:\\\/\\\/schema.org\",\"@graph\":[{\"@type\":\"Article\",\"@id\":\"https:\\\/\\\/www.laguiadepamplona.com\\\/actualidad\\\/pamplona-dedicara-una-plaza-del-barrio-de-arrosadia-al-navarro-xavier-mina-uno-de-los-heroes-de-la-independencia-de-mexico\\\/#article\",\"isPartOf\":{\"@id\":\"https:\\\/\\\/www.laguiadepamplona.com\\\/actualidad\\\/pamplona-dedicara-una-plaza-del-barrio-de-arrosadia-al-navarro-xavier-mina-uno-de-los-heroes-de-la-independencia-de-mexico\\\/\"},\"author\":{\"name\":\"La Gu\u00eda de Pamplona\",\"@id\":\"https:\\\/\\\/www.laguiadepamplona.com\\\/actualidad\\\/#\\\/schema\\\/person\\\/efe887376f0213d4657c93adc50b1fdb\"},\"headline\":\"Pamplona dedicar\u00e1 una plaza del barrio de Arrosad\u00eda al navarro Xavier Mina, uno de los h\u00e9roes de la independencia de M\u00e9xico\",\"datePublished\":\"2018-09-28T15:14:47+00:00\",\"mainEntityOfPage\":{\"@id\":\"https:\\\/\\\/www.laguiadepamplona.com\\\/actualidad\\\/pamplona-dedicara-una-plaza-del-barrio-de-arrosadia-al-navarro-xavier-mina-uno-de-los-heroes-de-la-independencia-de-mexico\\\/\"},\"wordCount\":522,\"commentCount\":0,\"publisher\":{\"@id\":\"https:\\\/\\\/www.laguiadepamplona.com\\\/actualidad\\\/#organization\"},\"image\":{\"@id\":\"https:\\\/\\\/www.laguiadepamplona.com\\\/actualidad\\\/pamplona-dedicara-una-plaza-del-barrio-de-arrosadia-al-navarro-xavier-mina-uno-de-los-heroes-de-la-independencia-de-mexico\\\/#primaryimage\"},\"thumbnailUrl\":\"https:\\\/\\\/www.laguiadepamplona.com\\\/actualidad\\\/wp-content\\\/uploads\\\/2018\\\/09\\\/18.09.28_plaza_xavier_mina.jpg\",\"articleSection\":[\"Ayto Pamplona\"],\"inLanguage\":\"es\",\"potentialAction\":[{\"@type\":\"CommentAction\",\"name\":\"Comment\",\"target\":[\"https:\\\/\\\/www.laguiadepamplona.com\\\/actualidad\\\/pamplona-dedicara-una-plaza-del-barrio-de-arrosadia-al-navarro-xavier-mina-uno-de-los-heroes-de-la-independencia-de-mexico\\\/#respond\"]}]},{\"@type\":\"WebPage\",\"@id\":\"https:\\\/\\\/www.laguiadepamplona.com\\\/actualidad\\\/pamplona-dedicara-una-plaza-del-barrio-de-arrosadia-al-navarro-xavier-mina-uno-de-los-heroes-de-la-independencia-de-mexico\\\/\",\"url\":\"https:\\\/\\\/www.laguiadepamplona.com\\\/actualidad\\\/pamplona-dedicara-una-plaza-del-barrio-de-arrosadia-al-navarro-xavier-mina-uno-de-los-heroes-de-la-independencia-de-mexico\\\/\",\"name\":\"Pamplona dedicar\u00e1 una plaza del barrio de Arrosad\u00eda al navarro Xavier Mina, uno de los h\u00e9roes de la independencia de M\u00e9xico\",\"isPartOf\":{\"@id\":\"https:\\\/\\\/www.laguiadepamplona.com\\\/actualidad\\\/#website\"},\"primaryImageOfPage\":{\"@id\":\"https:\\\/\\\/www.laguiadepamplona.com\\\/actualidad\\\/pamplona-dedicara-una-plaza-del-barrio-de-arrosadia-al-navarro-xavier-mina-uno-de-los-heroes-de-la-independencia-de-mexico\\\/#primaryimage\"},\"image\":{\"@id\":\"https:\\\/\\\/www.laguiadepamplona.com\\\/actualidad\\\/pamplona-dedicara-una-plaza-del-barrio-de-arrosadia-al-navarro-xavier-mina-uno-de-los-heroes-de-la-independencia-de-mexico\\\/#primaryimage\"},\"thumbnailUrl\":\"https:\\\/\\\/www.laguiadepamplona.com\\\/actualidad\\\/wp-content\\\/uploads\\\/2018\\\/09\\\/18.09.28_plaza_xavier_mina.jpg\",\"datePublished\":\"2018-09-28T15:14:47+00:00\",\"breadcrumb\":{\"@id\":\"https:\\\/\\\/www.laguiadepamplona.com\\\/actualidad\\\/pamplona-dedicara-una-plaza-del-barrio-de-arrosadia-al-navarro-xavier-mina-uno-de-los-heroes-de-la-independencia-de-mexico\\\/#breadcrumb\"},\"inLanguage\":\"es\",\"potentialAction\":[{\"@type\":\"ReadAction\",\"target\":[\"https:\\\/\\\/www.laguiadepamplona.com\\\/actualidad\\\/pamplona-dedicara-una-plaza-del-barrio-de-arrosadia-al-navarro-xavier-mina-uno-de-los-heroes-de-la-independencia-de-mexico\\\/\"]}]},{\"@type\":\"ImageObject\",\"inLanguage\":\"es\",\"@id\":\"https:\\\/\\\/www.laguiadepamplona.com\\\/actualidad\\\/pamplona-dedicara-una-plaza-del-barrio-de-arrosadia-al-navarro-xavier-mina-uno-de-los-heroes-de-la-independencia-de-mexico\\\/#primaryimage\",\"url\":\"https:\\\/\\\/www.laguiadepamplona.com\\\/actualidad\\\/wp-content\\\/uploads\\\/2018\\\/09\\\/18.09.28_plaza_xavier_mina.jpg\",\"contentUrl\":\"https:\\\/\\\/www.laguiadepamplona.com\\\/actualidad\\\/wp-content\\\/uploads\\\/2018\\\/09\\\/18.09.28_plaza_xavier_mina.jpg\",\"width\":1000,\"height\":563},{\"@type\":\"BreadcrumbList\",\"@id\":\"https:\\\/\\\/www.laguiadepamplona.com\\\/actualidad\\\/pamplona-dedicara-una-plaza-del-barrio-de-arrosadia-al-navarro-xavier-mina-uno-de-los-heroes-de-la-independencia-de-mexico\\\/#breadcrumb\",\"itemListElement\":[{\"@type\":\"ListItem\",\"position\":1,\"name\":\"Portada\",\"item\":\"https:\\\/\\\/www.laguiadepamplona.com\\\/actualidad\\\/\"},{\"@type\":\"ListItem\",\"position\":2,\"name\":\"Pamplona dedicar\u00e1 una plaza del barrio de Arrosad\u00eda al navarro Xavier Mina, uno de los h\u00e9roes de la independencia de M\u00e9xico\"}]},{\"@type\":\"WebSite\",\"@id\":\"https:\\\/\\\/www.laguiadepamplona.com\\\/actualidad\\\/#website\",\"url\":\"https:\\\/\\\/www.laguiadepamplona.com\\\/actualidad\\\/\",\"name\":\"La gu\u00eda de Pamplona\",\"description\":\"Noticias de Pamplona\",\"publisher\":{\"@id\":\"https:\\\/\\\/www.laguiadepamplona.com\\\/actualidad\\\/#organization\"},\"potentialAction\":[{\"@type\":\"SearchAction\",\"target\":{\"@type\":\"EntryPoint\",\"urlTemplate\":\"https:\\\/\\\/www.laguiadepamplona.com\\\/actualidad\\\/?s={search_term_string}\"},\"query-input\":{\"@type\":\"PropertyValueSpecification\",\"valueRequired\":true,\"valueName\":\"search_term_string\"}}],\"inLanguage\":\"es\"},{\"@type\":\"Organization\",\"@id\":\"https:\\\/\\\/www.laguiadepamplona.com\\\/actualidad\\\/#organization\",\"name\":\"La Gu\u00eda de Pamplona \\\/ Noticias\",\"url\":\"https:\\\/\\\/www.laguiadepamplona.com\\\/actualidad\\\/\",\"logo\":{\"@type\":\"ImageObject\",\"inLanguage\":\"es\",\"@id\":\"https:\\\/\\\/www.laguiadepamplona.com\\\/actualidad\\\/#\\\/schema\\\/logo\\\/image\\\/\",\"url\":\"https:\\\/\\\/www.laguiadepamplona.com\\\/actualidad\\\/wp-content\\\/uploads\\\/2018\\\/11\\\/logo-laguiadepamplona18-web1.png\",\"contentUrl\":\"https:\\\/\\\/www.laguiadepamplona.com\\\/actualidad\\\/wp-content\\\/uploads\\\/2018\\\/11\\\/logo-laguiadepamplona18-web1.png\",\"width\":600,\"height\":196,\"caption\":\"La Gu\u00eda de Pamplona \\\/ Noticias\"},\"image\":{\"@id\":\"https:\\\/\\\/www.laguiadepamplona.com\\\/actualidad\\\/#\\\/schema\\\/logo\\\/image\\\/\"},\"sameAs\":[\"https:\\\/\\\/www.facebook.com\\\/laguiadepamplonacom-133175176762273\\\/?ref=hl\",\"https:\\\/\\\/x.com\\\/LaGuiadPamplona\",\"https:\\\/\\\/www.instagram.com\\\/la_guia_de_pamplona\\\/\",\"https:\\\/\\\/www.youtube.com\\\/user\\\/laguiadepamplona\"]},{\"@type\":\"Person\",\"@id\":\"https:\\\/\\\/www.laguiadepamplona.com\\\/actualidad\\\/#\\\/schema\\\/person\\\/efe887376f0213d4657c93adc50b1fdb\",\"name\":\"La Gu\u00eda de Pamplona\",\"image\":{\"@type\":\"ImageObject\",\"inLanguage\":\"es\",\"@id\":\"https:\\\/\\\/secure.gravatar.com\\\/avatar\\\/b6992f131dc8d30ab0dff15446e9d346d9dbd95992de0fef795073f5ea83a81c?s=96&d=mm&r=g\",\"url\":\"https:\\\/\\\/secure.gravatar.com\\\/avatar\\\/b6992f131dc8d30ab0dff15446e9d346d9dbd95992de0fef795073f5ea83a81c?s=96&d=mm&r=g\",\"contentUrl\":\"https:\\\/\\\/secure.gravatar.com\\\/avatar\\\/b6992f131dc8d30ab0dff15446e9d346d9dbd95992de0fef795073f5ea83a81c?s=96&d=mm&r=g\",\"caption\":\"La Gu\u00eda de Pamplona\"}}]}<\/script>\n<!-- \/ Yoast SEO plugin. -->","yoast_head_json":{"title":"Pamplona dedicar\u00e1 una plaza del barrio de Arrosad\u00eda al navarro Xavier Mina, uno de los h\u00e9roes de la independencia de M\u00e9xico","robots":{"index":"index","follow":"follow","max-snippet":"max-snippet:-1","max-image-preview":"max-image-preview:large","max-video-preview":"max-video-preview:-1"},"canonical":"https:\/\/www.laguiadepamplona.com\/actualidad\/pamplona-dedicara-una-plaza-del-barrio-de-arrosadia-al-navarro-xavier-mina-uno-de-los-heroes-de-la-independencia-de-mexico\/","og_locale":"es_ES","og_type":"article","og_title":"Pamplona dedicar\u00e1 una plaza del barrio de Arrosad\u00eda al navarro Xavier Mina, uno de los h\u00e9roes de la independencia de M\u00e9xico","og_description":"La denominaci\u00f3n de las calles de la ciudad es una potestad del alcalde, que ha presentado la decisi\u00f3n en la Junta de Portavoces de esta ma\u00f1ana","og_url":"https:\/\/www.laguiadepamplona.com\/actualidad\/pamplona-dedicara-una-plaza-del-barrio-de-arrosadia-al-navarro-xavier-mina-uno-de-los-heroes-de-la-independencia-de-mexico\/","og_site_name":"La Gu\u00eda de Pamplona Noticias y actualidad","article_publisher":"https:\/\/www.facebook.com\/laguiadepamplonacom-133175176762273\/?ref=hl","article_published_time":"2018-09-28T15:14:47+00:00","og_image":[{"width":1000,"height":563,"url":"https:\/\/www.laguiadepamplona.com\/actualidad\/wp-content\/uploads\/2018\/09\/18.09.28_plaza_xavier_mina.jpg","type":"image\/jpeg"}],"author":"La Gu\u00eda de Pamplona","twitter_card":"summary_large_image","twitter_creator":"@LaGuiadPamplona","twitter_site":"@LaGuiadPamplona","twitter_misc":{"Escrito por":"La Gu\u00eda de Pamplona","Tiempo de lectura":"2 minutos"},"schema":{"@context":"https:\/\/schema.org","@graph":[{"@type":"Article","@id":"https:\/\/www.laguiadepamplona.com\/actualidad\/pamplona-dedicara-una-plaza-del-barrio-de-arrosadia-al-navarro-xavier-mina-uno-de-los-heroes-de-la-independencia-de-mexico\/#article","isPartOf":{"@id":"https:\/\/www.laguiadepamplona.com\/actualidad\/pamplona-dedicara-una-plaza-del-barrio-de-arrosadia-al-navarro-xavier-mina-uno-de-los-heroes-de-la-independencia-de-mexico\/"},"author":{"name":"La Gu\u00eda de Pamplona","@id":"https:\/\/www.laguiadepamplona.com\/actualidad\/#\/schema\/person\/efe887376f0213d4657c93adc50b1fdb"},"headline":"Pamplona dedicar\u00e1 una plaza del barrio de Arrosad\u00eda al navarro Xavier Mina, uno de los h\u00e9roes de la independencia de M\u00e9xico","datePublished":"2018-09-28T15:14:47+00:00","mainEntityOfPage":{"@id":"https:\/\/www.laguiadepamplona.com\/actualidad\/pamplona-dedicara-una-plaza-del-barrio-de-arrosadia-al-navarro-xavier-mina-uno-de-los-heroes-de-la-independencia-de-mexico\/"},"wordCount":522,"commentCount":0,"publisher":{"@id":"https:\/\/www.laguiadepamplona.com\/actualidad\/#organization"},"image":{"@id":"https:\/\/www.laguiadepamplona.com\/actualidad\/pamplona-dedicara-una-plaza-del-barrio-de-arrosadia-al-navarro-xavier-mina-uno-de-los-heroes-de-la-independencia-de-mexico\/#primaryimage"},"thumbnailUrl":"https:\/\/www.laguiadepamplona.com\/actualidad\/wp-content\/uploads\/2018\/09\/18.09.28_plaza_xavier_mina.jpg","articleSection":["Ayto Pamplona"],"inLanguage":"es","potentialAction":[{"@type":"CommentAction","name":"Comment","target":["https:\/\/www.laguiadepamplona.com\/actualidad\/pamplona-dedicara-una-plaza-del-barrio-de-arrosadia-al-navarro-xavier-mina-uno-de-los-heroes-de-la-independencia-de-mexico\/#respond"]}]},{"@type":"WebPage","@id":"https:\/\/www.laguiadepamplona.com\/actualidad\/pamplona-dedicara-una-plaza-del-barrio-de-arrosadia-al-navarro-xavier-mina-uno-de-los-heroes-de-la-independencia-de-mexico\/","url":"https:\/\/www.laguiadepamplona.com\/actualidad\/pamplona-dedicara-una-plaza-del-barrio-de-arrosadia-al-navarro-xavier-mina-uno-de-los-heroes-de-la-independencia-de-mexico\/","name":"Pamplona dedicar\u00e1 una plaza del barrio de Arrosad\u00eda al navarro Xavier Mina, uno de los h\u00e9roes de la independencia de M\u00e9xico","isPartOf":{"@id":"https:\/\/www.laguiadepamplona.com\/actualidad\/#website"},"primaryImageOfPage":{"@id":"https:\/\/www.laguiadepamplona.com\/actualidad\/pamplona-dedicara-una-plaza-del-barrio-de-arrosadia-al-navarro-xavier-mina-uno-de-los-heroes-de-la-independencia-de-mexico\/#primaryimage"},"image":{"@id":"https:\/\/www.laguiadepamplona.com\/actualidad\/pamplona-dedicara-una-plaza-del-barrio-de-arrosadia-al-navarro-xavier-mina-uno-de-los-heroes-de-la-independencia-de-mexico\/#primaryimage"},"thumbnailUrl":"https:\/\/www.laguiadepamplona.com\/actualidad\/wp-content\/uploads\/2018\/09\/18.09.28_plaza_xavier_mina.jpg","datePublished":"2018-09-28T15:14:47+00:00","breadcrumb":{"@id":"https:\/\/www.laguiadepamplona.com\/actualidad\/pamplona-dedicara-una-plaza-del-barrio-de-arrosadia-al-navarro-xavier-mina-uno-de-los-heroes-de-la-independencia-de-mexico\/#breadcrumb"},"inLanguage":"es","potentialAction":[{"@type":"ReadAction","target":["https:\/\/www.laguiadepamplona.com\/actualidad\/pamplona-dedicara-una-plaza-del-barrio-de-arrosadia-al-navarro-xavier-mina-uno-de-los-heroes-de-la-independencia-de-mexico\/"]}]},{"@type":"ImageObject","inLanguage":"es","@id":"https:\/\/www.laguiadepamplona.com\/actualidad\/pamplona-dedicara-una-plaza-del-barrio-de-arrosadia-al-navarro-xavier-mina-uno-de-los-heroes-de-la-independencia-de-mexico\/#primaryimage","url":"https:\/\/www.laguiadepamplona.com\/actualidad\/wp-content\/uploads\/2018\/09\/18.09.28_plaza_xavier_mina.jpg","contentUrl":"https:\/\/www.laguiadepamplona.com\/actualidad\/wp-content\/uploads\/2018\/09\/18.09.28_plaza_xavier_mina.jpg","width":1000,"height":563},{"@type":"BreadcrumbList","@id":"https:\/\/www.laguiadepamplona.com\/actualidad\/pamplona-dedicara-una-plaza-del-barrio-de-arrosadia-al-navarro-xavier-mina-uno-de-los-heroes-de-la-independencia-de-mexico\/#breadcrumb","itemListElement":[{"@type":"ListItem","position":1,"name":"Portada","item":"https:\/\/www.laguiadepamplona.com\/actualidad\/"},{"@type":"ListItem","position":2,"name":"Pamplona dedicar\u00e1 una plaza del barrio de Arrosad\u00eda al navarro Xavier Mina, uno de los h\u00e9roes de la independencia de M\u00e9xico"}]},{"@type":"WebSite","@id":"https:\/\/www.laguiadepamplona.com\/actualidad\/#website","url":"https:\/\/www.laguiadepamplona.com\/actualidad\/","name":"La gu\u00eda de Pamplona","description":"Noticias de Pamplona","publisher":{"@id":"https:\/\/www.laguiadepamplona.com\/actualidad\/#organization"},"potentialAction":[{"@type":"SearchAction","target":{"@type":"EntryPoint","urlTemplate":"https:\/\/www.laguiadepamplona.com\/actualidad\/?s={search_term_string}"},"query-input":{"@type":"PropertyValueSpecification","valueRequired":true,"valueName":"search_term_string"}}],"inLanguage":"es"},{"@type":"Organization","@id":"https:\/\/www.laguiadepamplona.com\/actualidad\/#organization","name":"La Gu\u00eda de Pamplona \/ Noticias","url":"https:\/\/www.laguiadepamplona.com\/actualidad\/","logo":{"@type":"ImageObject","inLanguage":"es","@id":"https:\/\/www.laguiadepamplona.com\/actualidad\/#\/schema\/logo\/image\/","url":"https:\/\/www.laguiadepamplona.com\/actualidad\/wp-content\/uploads\/2018\/11\/logo-laguiadepamplona18-web1.png","contentUrl":"https:\/\/www.laguiadepamplona.com\/actualidad\/wp-content\/uploads\/2018\/11\/logo-laguiadepamplona18-web1.png","width":600,"height":196,"caption":"La Gu\u00eda de Pamplona \/ Noticias"},"image":{"@id":"https:\/\/www.laguiadepamplona.com\/actualidad\/#\/schema\/logo\/image\/"},"sameAs":["https:\/\/www.facebook.com\/laguiadepamplonacom-133175176762273\/?ref=hl","https:\/\/x.com\/LaGuiadPamplona","https:\/\/www.instagram.com\/la_guia_de_pamplona\/","https:\/\/www.youtube.com\/user\/laguiadepamplona"]},{"@type":"Person","@id":"https:\/\/www.laguiadepamplona.com\/actualidad\/#\/schema\/person\/efe887376f0213d4657c93adc50b1fdb","name":"La Gu\u00eda de Pamplona","image":{"@type":"ImageObject","inLanguage":"es","@id":"https:\/\/secure.gravatar.com\/avatar\/b6992f131dc8d30ab0dff15446e9d346d9dbd95992de0fef795073f5ea83a81c?s=96&d=mm&r=g","url":"https:\/\/secure.gravatar.com\/avatar\/b6992f131dc8d30ab0dff15446e9d346d9dbd95992de0fef795073f5ea83a81c?s=96&d=mm&r=g","contentUrl":"https:\/\/secure.gravatar.com\/avatar\/b6992f131dc8d30ab0dff15446e9d346d9dbd95992de0fef795073f5ea83a81c?s=96&d=mm&r=g","caption":"La Gu\u00eda de Pamplona"}}]}},"post_mailing_queue_ids":[],"_links":{"self":[{"href":"https:\/\/www.laguiadepamplona.com\/actualidad\/wp-json\/wp\/v2\/posts\/18819","targetHints":{"allow":["GET"]}}],"collection":[{"href":"https:\/\/www.laguiadepamplona.com\/actualidad\/wp-json\/wp\/v2\/posts"}],"about":[{"href":"https:\/\/www.laguiadepamplona.com\/actualidad\/wp-json\/wp\/v2\/types\/post"}],"author":[{"embeddable":true,"href":"https:\/\/www.laguiadepamplona.com\/actualidad\/wp-json\/wp\/v2\/users\/1"}],"replies":[{"embeddable":true,"href":"https:\/\/www.laguiadepamplona.com\/actualidad\/wp-json\/wp\/v2\/comments?post=18819"}],"version-history":[{"count":0,"href":"https:\/\/www.laguiadepamplona.com\/actualidad\/wp-json\/wp\/v2\/posts\/18819\/revisions"}],"wp:featuredmedia":[{"embeddable":true,"href":"https:\/\/www.laguiadepamplona.com\/actualidad\/wp-json\/wp\/v2\/media\/18820"}],"wp:attachment":[{"href":"https:\/\/www.laguiadepamplona.com\/actualidad\/wp-json\/wp\/v2\/media?parent=18819"}],"wp:term":[{"taxonomy":"category","embeddable":true,"href":"https:\/\/www.laguiadepamplona.com\/actualidad\/wp-json\/wp\/v2\/categories?post=18819"},{"taxonomy":"post_tag","embeddable":true,"href":"https:\/\/www.laguiadepamplona.com\/actualidad\/wp-json\/wp\/v2\/tags?post=18819"}],"curies":[{"name":"wp","href":"https:\/\/api.w.org\/{rel}","templated":true}]}}