{"id":18815,"date":"2018-09-28T11:28:49","date_gmt":"2018-09-28T09:28:49","guid":{"rendered":"https:\/\/www.laguiadepamplona.es\/actualidad\/?p=18815"},"modified":"2018-09-28T11:28:49","modified_gmt":"2018-09-28T09:28:49","slug":"persona-uno-de-los-clasicos-de-ingmar-bergman-se-proyecta-este-domingo-en-condestable-dentro-del-ciclo-sobre-el-cineasta-sueco","status":"publish","type":"post","link":"https:\/\/www.laguiadepamplona.com\/actualidad\/persona-uno-de-los-clasicos-de-ingmar-bergman-se-proyecta-este-domingo-en-condestable-dentro-del-ciclo-sobre-el-cineasta-sueco\/","title":{"rendered":"\u2018Persona\u2019, uno de los cl\u00e1sicos de Ingmar Bergman, se proyecta este domingo en Condestable dentro del ciclo\u00a0 sobre el cineasta sueco"},"content":{"rendered":"<h3>La pel\u00edcula cambia su d\u00eda habitual, aunque no la hora, a las 19.30 horas, con entrada libre previa retirada de invitaciones<!--more--><\/h3>\n<p>El ciclo sobre el director sueco Ingmar Bergman cambia de d\u00eda este fin de semana. La proyecci\u00f3n de \u2018Persona\u2019, uno de sus filmes m\u00e1s aplaudidos, tendr\u00e1 lugar el domingo, y no el s\u00e1bado como suele ser habitual en este ciclo. De nuevo, las relaciones personales, los deseos y las represiones est\u00e1n en el trasfondo de este cl\u00e1sico del s\u00e9ptimo arte. La pel\u00edcula comenzar\u00e1 a las 19.30 horas, con entrada libre, previa retirada de invitaciones.<\/p>\n<p><script async src=\"\/\/pagead2.googlesyndication.com\/pagead\/js\/adsbygoogle.js\"><\/script><br \/>\n<!-- Noticias La Guia de Pamplona --><br \/>\n<ins class=\"adsbygoogle\"\nstyle=\"display:block\"\ndata-ad-client=\"ca-pub-6943679897239327\"\ndata-ad-slot=\"7048180777\"\ndata-ad-format=\"auto\"><\/ins><br \/>\n<script>\n(adsbygoogle = window.adsbygoogle || []).push({});\n<\/script><\/p>\n<p>\u2018Persona\u2019 relata la historia de dos mujeres dispares ligadas por del destino. Elisabeth Vogler (Liv Ullman) es una prestigiosa actriz de teatro que de un d\u00eda para otro pierde la voz. Tras ingresar en un hospital, los m\u00e9dicos no encuentran causa alguna de su silencio, por lo que ser\u00e1 enviada a una villa situada junto al mar con su enfermera Alma (Bibi Andersson) que estar\u00e1 a cargo de sus cuidados. Es de este modo como comienza a gestarse entre ellas una relaci\u00f3n de amistad que conducir\u00e1 el v\u00ednculo entre ambas mujeres a un escenario cada vez m\u00e1s complejo.<\/p>\n<p>Bergman escribi\u00f3 el guion de esta pel\u00edcula durante una de sus estancias en un hospital. En ese estado de mente febril y crisis an\u00edmica, y tambi\u00e9n de desconexi\u00f3n total, el cineasta sueco pudo elaborar una pel\u00edcula que pretend\u00eda rodar con total libertad. El resultado es una cinta marcada por la problem\u00e1tica constante de la b\u00fasqueda y la construcci\u00f3n de identidad. Catalogada como uno de sus trabajos m\u00e1s controvertidos, esta pel\u00edcula lleg\u00f3 a situar a Bergman como uno de los cineastas con mayor dominio y entendimiento respecto a temas concernientes al comportamiento humano.<\/p>\n<p>&nbsp;<\/p>\n<p><strong>Proyecciones ciclo Ingmar Bergman. Civivox Condestable<\/strong><\/p>\n<p><strong>SEPTIEMBRE<\/strong><\/p>\n<ul>\n<li>Domingo 30 de septiembre, 19.30 horas. \u2018Persona\u2019<\/li>\n<\/ul>\n<p><strong>OCTUBRE<\/strong><\/p>\n<ul>\n<li>S\u00e1bado 6 de octubre, 19.30 horas. \u2018La hora del lobo\u2019<\/li>\n<li>S\u00e1bado 13 de octubre, 19.30 horas. \u2018La verg\u00fcenza\u2019<\/li>\n<li>S\u00e1bado 20 de octubre, 19.30 horas. \u2018Pasi\u00f3n\u2019<\/li>\n<li>S\u00e1bado 27 de octubre, 19.30 horas. \u2018Gritos y susurros\u2019<\/li>\n<\/ul>\n<p><strong>NOVIEMBRE<\/strong><\/p>\n<ul>\n<li>S\u00e1bado 3 de noviembre, 19.30 horas. \u2018Sonata de oto\u00f1o\u2019<\/li>\n<li>S\u00e1bado 10 de noviembre, 19.30 horas. \u2018Documento sobre Far\u00f6\u2019<\/li>\n<li>S\u00e1bado 17 de noviembre, 19.30 horas. \u2018De la vida de las marionetas\u2019<\/li>\n<li>S\u00e1bado 24 de noviembre, 19.30 horas. \u2018Fanny y Alexander\u2019<\/li>\n<\/ul>\n<p>&nbsp;<\/p>\n","protected":false},"excerpt":{"rendered":"<p>La pel\u00edcula cambia su d\u00eda habitual, aunque no la hora, a las 19.30 horas, con entrada libre previa retirada de invitaciones<\/p>\n","protected":false},"author":1,"featured_media":17390,"comment_status":"open","ping_status":"closed","sticky":false,"template":"","format":"standard","meta":{"footnotes":""},"categories":[2],"tags":[],"class_list":["post-18815","post","type-post","status-publish","format-standard","has-post-thumbnail","hentry","category-ayuntamiento-pamplona"],"yoast_head":"<!-- This site is optimized with the Yoast SEO plugin v27.9 - https:\/\/yoast.com\/product\/yoast-seo-wordpress\/ -->\n<title>\u2018Persona\u2019, uno de los cl\u00e1sicos de Ingmar Bergman, se proyecta este domingo en Condestable dentro del ciclo\u00a0 sobre el cineasta sueco<\/title>\n<meta name=\"robots\" content=\"index, follow, max-snippet:-1, max-image-preview:large, max-video-preview:-1\" \/>\n<link rel=\"canonical\" href=\"https:\/\/www.laguiadepamplona.com\/actualidad\/persona-uno-de-los-clasicos-de-ingmar-bergman-se-proyecta-este-domingo-en-condestable-dentro-del-ciclo-sobre-el-cineasta-sueco\/\" \/>\n<meta property=\"og:locale\" content=\"es_ES\" \/>\n<meta property=\"og:type\" content=\"article\" \/>\n<meta property=\"og:title\" content=\"\u2018Persona\u2019, uno de los cl\u00e1sicos de Ingmar Bergman, se proyecta este domingo en Condestable dentro del ciclo\u00a0 sobre el cineasta sueco\" \/>\n<meta property=\"og:description\" content=\"La pel\u00edcula cambia su d\u00eda habitual, aunque no la hora, a las 19.30 horas, con entrada libre previa retirada de invitaciones\" \/>\n<meta property=\"og:url\" content=\"https:\/\/www.laguiadepamplona.com\/actualidad\/persona-uno-de-los-clasicos-de-ingmar-bergman-se-proyecta-este-domingo-en-condestable-dentro-del-ciclo-sobre-el-cineasta-sueco\/\" \/>\n<meta property=\"og:site_name\" content=\"La Gu\u00eda de Pamplona Noticias y actualidad\" \/>\n<meta property=\"article:publisher\" content=\"https:\/\/www.facebook.com\/laguiadepamplonacom-133175176762273\/?ref=hl\" \/>\n<meta property=\"article:published_time\" content=\"2018-09-28T09:28:49+00:00\" \/>\n<meta property=\"og:image\" content=\"https:\/\/www.laguiadepamplona.com\/actualidad\/wp-content\/uploads\/2018\/05\/palacio-condestable.jpg\" \/>\n\t<meta property=\"og:image:width\" content=\"950\" \/>\n\t<meta property=\"og:image:height\" content=\"634\" \/>\n\t<meta property=\"og:image:type\" content=\"image\/jpeg\" \/>\n<meta name=\"author\" content=\"La Gu\u00eda de Pamplona\" \/>\n<meta name=\"twitter:card\" content=\"summary_large_image\" \/>\n<meta name=\"twitter:creator\" content=\"@LaGuiadPamplona\" \/>\n<meta name=\"twitter:site\" content=\"@LaGuiadPamplona\" \/>\n<meta name=\"twitter:label1\" content=\"Escrito por\" \/>\n\t<meta name=\"twitter:data1\" content=\"La Gu\u00eda de Pamplona\" \/>\n\t<meta name=\"twitter:label2\" content=\"Tiempo de lectura\" \/>\n\t<meta name=\"twitter:data2\" content=\"2 minutos\" \/>\n<script type=\"application\/ld+json\" class=\"yoast-schema-graph\">{\"@context\":\"https:\\\/\\\/schema.org\",\"@graph\":[{\"@type\":\"Article\",\"@id\":\"https:\\\/\\\/www.laguiadepamplona.com\\\/actualidad\\\/persona-uno-de-los-clasicos-de-ingmar-bergman-se-proyecta-este-domingo-en-condestable-dentro-del-ciclo-sobre-el-cineasta-sueco\\\/#article\",\"isPartOf\":{\"@id\":\"https:\\\/\\\/www.laguiadepamplona.com\\\/actualidad\\\/persona-uno-de-los-clasicos-de-ingmar-bergman-se-proyecta-este-domingo-en-condestable-dentro-del-ciclo-sobre-el-cineasta-sueco\\\/\"},\"author\":{\"name\":\"La Gu\u00eda de Pamplona\",\"@id\":\"https:\\\/\\\/www.laguiadepamplona.com\\\/actualidad\\\/#\\\/schema\\\/person\\\/efe887376f0213d4657c93adc50b1fdb\"},\"headline\":\"\u2018Persona\u2019, uno de los cl\u00e1sicos de Ingmar Bergman, se proyecta este domingo en Condestable dentro del ciclo\u00a0 sobre el cineasta sueco\",\"datePublished\":\"2018-09-28T09:28:49+00:00\",\"mainEntityOfPage\":{\"@id\":\"https:\\\/\\\/www.laguiadepamplona.com\\\/actualidad\\\/persona-uno-de-los-clasicos-de-ingmar-bergman-se-proyecta-este-domingo-en-condestable-dentro-del-ciclo-sobre-el-cineasta-sueco\\\/\"},\"wordCount\":415,\"commentCount\":0,\"publisher\":{\"@id\":\"https:\\\/\\\/www.laguiadepamplona.com\\\/actualidad\\\/#organization\"},\"image\":{\"@id\":\"https:\\\/\\\/www.laguiadepamplona.com\\\/actualidad\\\/persona-uno-de-los-clasicos-de-ingmar-bergman-se-proyecta-este-domingo-en-condestable-dentro-del-ciclo-sobre-el-cineasta-sueco\\\/#primaryimage\"},\"thumbnailUrl\":\"https:\\\/\\\/www.laguiadepamplona.com\\\/actualidad\\\/wp-content\\\/uploads\\\/2018\\\/05\\\/palacio-condestable.jpg\",\"articleSection\":[\"Ayto Pamplona\"],\"inLanguage\":\"es\",\"potentialAction\":[{\"@type\":\"CommentAction\",\"name\":\"Comment\",\"target\":[\"https:\\\/\\\/www.laguiadepamplona.com\\\/actualidad\\\/persona-uno-de-los-clasicos-de-ingmar-bergman-se-proyecta-este-domingo-en-condestable-dentro-del-ciclo-sobre-el-cineasta-sueco\\\/#respond\"]}]},{\"@type\":\"WebPage\",\"@id\":\"https:\\\/\\\/www.laguiadepamplona.com\\\/actualidad\\\/persona-uno-de-los-clasicos-de-ingmar-bergman-se-proyecta-este-domingo-en-condestable-dentro-del-ciclo-sobre-el-cineasta-sueco\\\/\",\"url\":\"https:\\\/\\\/www.laguiadepamplona.com\\\/actualidad\\\/persona-uno-de-los-clasicos-de-ingmar-bergman-se-proyecta-este-domingo-en-condestable-dentro-del-ciclo-sobre-el-cineasta-sueco\\\/\",\"name\":\"\u2018Persona\u2019, uno de los cl\u00e1sicos de Ingmar Bergman, se proyecta este domingo en Condestable dentro del ciclo\u00a0 sobre el cineasta sueco\",\"isPartOf\":{\"@id\":\"https:\\\/\\\/www.laguiadepamplona.com\\\/actualidad\\\/#website\"},\"primaryImageOfPage\":{\"@id\":\"https:\\\/\\\/www.laguiadepamplona.com\\\/actualidad\\\/persona-uno-de-los-clasicos-de-ingmar-bergman-se-proyecta-este-domingo-en-condestable-dentro-del-ciclo-sobre-el-cineasta-sueco\\\/#primaryimage\"},\"image\":{\"@id\":\"https:\\\/\\\/www.laguiadepamplona.com\\\/actualidad\\\/persona-uno-de-los-clasicos-de-ingmar-bergman-se-proyecta-este-domingo-en-condestable-dentro-del-ciclo-sobre-el-cineasta-sueco\\\/#primaryimage\"},\"thumbnailUrl\":\"https:\\\/\\\/www.laguiadepamplona.com\\\/actualidad\\\/wp-content\\\/uploads\\\/2018\\\/05\\\/palacio-condestable.jpg\",\"datePublished\":\"2018-09-28T09:28:49+00:00\",\"breadcrumb\":{\"@id\":\"https:\\\/\\\/www.laguiadepamplona.com\\\/actualidad\\\/persona-uno-de-los-clasicos-de-ingmar-bergman-se-proyecta-este-domingo-en-condestable-dentro-del-ciclo-sobre-el-cineasta-sueco\\\/#breadcrumb\"},\"inLanguage\":\"es\",\"potentialAction\":[{\"@type\":\"ReadAction\",\"target\":[\"https:\\\/\\\/www.laguiadepamplona.com\\\/actualidad\\\/persona-uno-de-los-clasicos-de-ingmar-bergman-se-proyecta-este-domingo-en-condestable-dentro-del-ciclo-sobre-el-cineasta-sueco\\\/\"]}]},{\"@type\":\"ImageObject\",\"inLanguage\":\"es\",\"@id\":\"https:\\\/\\\/www.laguiadepamplona.com\\\/actualidad\\\/persona-uno-de-los-clasicos-de-ingmar-bergman-se-proyecta-este-domingo-en-condestable-dentro-del-ciclo-sobre-el-cineasta-sueco\\\/#primaryimage\",\"url\":\"https:\\\/\\\/www.laguiadepamplona.com\\\/actualidad\\\/wp-content\\\/uploads\\\/2018\\\/05\\\/palacio-condestable.jpg\",\"contentUrl\":\"https:\\\/\\\/www.laguiadepamplona.com\\\/actualidad\\\/wp-content\\\/uploads\\\/2018\\\/05\\\/palacio-condestable.jpg\",\"width\":950,\"height\":634,\"caption\":\"civivox condestable\"},{\"@type\":\"BreadcrumbList\",\"@id\":\"https:\\\/\\\/www.laguiadepamplona.com\\\/actualidad\\\/persona-uno-de-los-clasicos-de-ingmar-bergman-se-proyecta-este-domingo-en-condestable-dentro-del-ciclo-sobre-el-cineasta-sueco\\\/#breadcrumb\",\"itemListElement\":[{\"@type\":\"ListItem\",\"position\":1,\"name\":\"Portada\",\"item\":\"https:\\\/\\\/www.laguiadepamplona.com\\\/actualidad\\\/\"},{\"@type\":\"ListItem\",\"position\":2,\"name\":\"\u2018Persona\u2019, uno de los cl\u00e1sicos de Ingmar Bergman, se proyecta este domingo en Condestable dentro del ciclo\u00a0 sobre el cineasta sueco\"}]},{\"@type\":\"WebSite\",\"@id\":\"https:\\\/\\\/www.laguiadepamplona.com\\\/actualidad\\\/#website\",\"url\":\"https:\\\/\\\/www.laguiadepamplona.com\\\/actualidad\\\/\",\"name\":\"La gu\u00eda de Pamplona\",\"description\":\"Noticias de Pamplona\",\"publisher\":{\"@id\":\"https:\\\/\\\/www.laguiadepamplona.com\\\/actualidad\\\/#organization\"},\"potentialAction\":[{\"@type\":\"SearchAction\",\"target\":{\"@type\":\"EntryPoint\",\"urlTemplate\":\"https:\\\/\\\/www.laguiadepamplona.com\\\/actualidad\\\/?s={search_term_string}\"},\"query-input\":{\"@type\":\"PropertyValueSpecification\",\"valueRequired\":true,\"valueName\":\"search_term_string\"}}],\"inLanguage\":\"es\"},{\"@type\":\"Organization\",\"@id\":\"https:\\\/\\\/www.laguiadepamplona.com\\\/actualidad\\\/#organization\",\"name\":\"La Gu\u00eda de Pamplona \\\/ Noticias\",\"url\":\"https:\\\/\\\/www.laguiadepamplona.com\\\/actualidad\\\/\",\"logo\":{\"@type\":\"ImageObject\",\"inLanguage\":\"es\",\"@id\":\"https:\\\/\\\/www.laguiadepamplona.com\\\/actualidad\\\/#\\\/schema\\\/logo\\\/image\\\/\",\"url\":\"https:\\\/\\\/www.laguiadepamplona.com\\\/actualidad\\\/wp-content\\\/uploads\\\/2018\\\/11\\\/logo-laguiadepamplona18-web1.png\",\"contentUrl\":\"https:\\\/\\\/www.laguiadepamplona.com\\\/actualidad\\\/wp-content\\\/uploads\\\/2018\\\/11\\\/logo-laguiadepamplona18-web1.png\",\"width\":600,\"height\":196,\"caption\":\"La Gu\u00eda de Pamplona \\\/ Noticias\"},\"image\":{\"@id\":\"https:\\\/\\\/www.laguiadepamplona.com\\\/actualidad\\\/#\\\/schema\\\/logo\\\/image\\\/\"},\"sameAs\":[\"https:\\\/\\\/www.facebook.com\\\/laguiadepamplonacom-133175176762273\\\/?ref=hl\",\"https:\\\/\\\/x.com\\\/LaGuiadPamplona\",\"https:\\\/\\\/www.instagram.com\\\/la_guia_de_pamplona\\\/\",\"https:\\\/\\\/www.youtube.com\\\/user\\\/laguiadepamplona\"]},{\"@type\":\"Person\",\"@id\":\"https:\\\/\\\/www.laguiadepamplona.com\\\/actualidad\\\/#\\\/schema\\\/person\\\/efe887376f0213d4657c93adc50b1fdb\",\"name\":\"La Gu\u00eda de Pamplona\",\"image\":{\"@type\":\"ImageObject\",\"inLanguage\":\"es\",\"@id\":\"https:\\\/\\\/secure.gravatar.com\\\/avatar\\\/b6992f131dc8d30ab0dff15446e9d346d9dbd95992de0fef795073f5ea83a81c?s=96&d=mm&r=g\",\"url\":\"https:\\\/\\\/secure.gravatar.com\\\/avatar\\\/b6992f131dc8d30ab0dff15446e9d346d9dbd95992de0fef795073f5ea83a81c?s=96&d=mm&r=g\",\"contentUrl\":\"https:\\\/\\\/secure.gravatar.com\\\/avatar\\\/b6992f131dc8d30ab0dff15446e9d346d9dbd95992de0fef795073f5ea83a81c?s=96&d=mm&r=g\",\"caption\":\"La Gu\u00eda de Pamplona\"}}]}<\/script>\n<!-- \/ Yoast SEO plugin. -->","yoast_head_json":{"title":"\u2018Persona\u2019, uno de los cl\u00e1sicos de Ingmar Bergman, se proyecta este domingo en Condestable dentro del ciclo\u00a0 sobre el cineasta sueco","robots":{"index":"index","follow":"follow","max-snippet":"max-snippet:-1","max-image-preview":"max-image-preview:large","max-video-preview":"max-video-preview:-1"},"canonical":"https:\/\/www.laguiadepamplona.com\/actualidad\/persona-uno-de-los-clasicos-de-ingmar-bergman-se-proyecta-este-domingo-en-condestable-dentro-del-ciclo-sobre-el-cineasta-sueco\/","og_locale":"es_ES","og_type":"article","og_title":"\u2018Persona\u2019, uno de los cl\u00e1sicos de Ingmar Bergman, se proyecta este domingo en Condestable dentro del ciclo\u00a0 sobre el cineasta sueco","og_description":"La pel\u00edcula cambia su d\u00eda habitual, aunque no la hora, a las 19.30 horas, con entrada libre previa retirada de invitaciones","og_url":"https:\/\/www.laguiadepamplona.com\/actualidad\/persona-uno-de-los-clasicos-de-ingmar-bergman-se-proyecta-este-domingo-en-condestable-dentro-del-ciclo-sobre-el-cineasta-sueco\/","og_site_name":"La Gu\u00eda de Pamplona Noticias y actualidad","article_publisher":"https:\/\/www.facebook.com\/laguiadepamplonacom-133175176762273\/?ref=hl","article_published_time":"2018-09-28T09:28:49+00:00","og_image":[{"width":950,"height":634,"url":"https:\/\/www.laguiadepamplona.com\/actualidad\/wp-content\/uploads\/2018\/05\/palacio-condestable.jpg","type":"image\/jpeg"}],"author":"La Gu\u00eda de Pamplona","twitter_card":"summary_large_image","twitter_creator":"@LaGuiadPamplona","twitter_site":"@LaGuiadPamplona","twitter_misc":{"Escrito por":"La Gu\u00eda de Pamplona","Tiempo de lectura":"2 minutos"},"schema":{"@context":"https:\/\/schema.org","@graph":[{"@type":"Article","@id":"https:\/\/www.laguiadepamplona.com\/actualidad\/persona-uno-de-los-clasicos-de-ingmar-bergman-se-proyecta-este-domingo-en-condestable-dentro-del-ciclo-sobre-el-cineasta-sueco\/#article","isPartOf":{"@id":"https:\/\/www.laguiadepamplona.com\/actualidad\/persona-uno-de-los-clasicos-de-ingmar-bergman-se-proyecta-este-domingo-en-condestable-dentro-del-ciclo-sobre-el-cineasta-sueco\/"},"author":{"name":"La Gu\u00eda de Pamplona","@id":"https:\/\/www.laguiadepamplona.com\/actualidad\/#\/schema\/person\/efe887376f0213d4657c93adc50b1fdb"},"headline":"\u2018Persona\u2019, uno de los cl\u00e1sicos de Ingmar Bergman, se proyecta este domingo en Condestable dentro del ciclo\u00a0 sobre el cineasta sueco","datePublished":"2018-09-28T09:28:49+00:00","mainEntityOfPage":{"@id":"https:\/\/www.laguiadepamplona.com\/actualidad\/persona-uno-de-los-clasicos-de-ingmar-bergman-se-proyecta-este-domingo-en-condestable-dentro-del-ciclo-sobre-el-cineasta-sueco\/"},"wordCount":415,"commentCount":0,"publisher":{"@id":"https:\/\/www.laguiadepamplona.com\/actualidad\/#organization"},"image":{"@id":"https:\/\/www.laguiadepamplona.com\/actualidad\/persona-uno-de-los-clasicos-de-ingmar-bergman-se-proyecta-este-domingo-en-condestable-dentro-del-ciclo-sobre-el-cineasta-sueco\/#primaryimage"},"thumbnailUrl":"https:\/\/www.laguiadepamplona.com\/actualidad\/wp-content\/uploads\/2018\/05\/palacio-condestable.jpg","articleSection":["Ayto Pamplona"],"inLanguage":"es","potentialAction":[{"@type":"CommentAction","name":"Comment","target":["https:\/\/www.laguiadepamplona.com\/actualidad\/persona-uno-de-los-clasicos-de-ingmar-bergman-se-proyecta-este-domingo-en-condestable-dentro-del-ciclo-sobre-el-cineasta-sueco\/#respond"]}]},{"@type":"WebPage","@id":"https:\/\/www.laguiadepamplona.com\/actualidad\/persona-uno-de-los-clasicos-de-ingmar-bergman-se-proyecta-este-domingo-en-condestable-dentro-del-ciclo-sobre-el-cineasta-sueco\/","url":"https:\/\/www.laguiadepamplona.com\/actualidad\/persona-uno-de-los-clasicos-de-ingmar-bergman-se-proyecta-este-domingo-en-condestable-dentro-del-ciclo-sobre-el-cineasta-sueco\/","name":"\u2018Persona\u2019, uno de los cl\u00e1sicos de Ingmar Bergman, se proyecta este domingo en Condestable dentro del ciclo\u00a0 sobre el cineasta sueco","isPartOf":{"@id":"https:\/\/www.laguiadepamplona.com\/actualidad\/#website"},"primaryImageOfPage":{"@id":"https:\/\/www.laguiadepamplona.com\/actualidad\/persona-uno-de-los-clasicos-de-ingmar-bergman-se-proyecta-este-domingo-en-condestable-dentro-del-ciclo-sobre-el-cineasta-sueco\/#primaryimage"},"image":{"@id":"https:\/\/www.laguiadepamplona.com\/actualidad\/persona-uno-de-los-clasicos-de-ingmar-bergman-se-proyecta-este-domingo-en-condestable-dentro-del-ciclo-sobre-el-cineasta-sueco\/#primaryimage"},"thumbnailUrl":"https:\/\/www.laguiadepamplona.com\/actualidad\/wp-content\/uploads\/2018\/05\/palacio-condestable.jpg","datePublished":"2018-09-28T09:28:49+00:00","breadcrumb":{"@id":"https:\/\/www.laguiadepamplona.com\/actualidad\/persona-uno-de-los-clasicos-de-ingmar-bergman-se-proyecta-este-domingo-en-condestable-dentro-del-ciclo-sobre-el-cineasta-sueco\/#breadcrumb"},"inLanguage":"es","potentialAction":[{"@type":"ReadAction","target":["https:\/\/www.laguiadepamplona.com\/actualidad\/persona-uno-de-los-clasicos-de-ingmar-bergman-se-proyecta-este-domingo-en-condestable-dentro-del-ciclo-sobre-el-cineasta-sueco\/"]}]},{"@type":"ImageObject","inLanguage":"es","@id":"https:\/\/www.laguiadepamplona.com\/actualidad\/persona-uno-de-los-clasicos-de-ingmar-bergman-se-proyecta-este-domingo-en-condestable-dentro-del-ciclo-sobre-el-cineasta-sueco\/#primaryimage","url":"https:\/\/www.laguiadepamplona.com\/actualidad\/wp-content\/uploads\/2018\/05\/palacio-condestable.jpg","contentUrl":"https:\/\/www.laguiadepamplona.com\/actualidad\/wp-content\/uploads\/2018\/05\/palacio-condestable.jpg","width":950,"height":634,"caption":"civivox condestable"},{"@type":"BreadcrumbList","@id":"https:\/\/www.laguiadepamplona.com\/actualidad\/persona-uno-de-los-clasicos-de-ingmar-bergman-se-proyecta-este-domingo-en-condestable-dentro-del-ciclo-sobre-el-cineasta-sueco\/#breadcrumb","itemListElement":[{"@type":"ListItem","position":1,"name":"Portada","item":"https:\/\/www.laguiadepamplona.com\/actualidad\/"},{"@type":"ListItem","position":2,"name":"\u2018Persona\u2019, uno de los cl\u00e1sicos de Ingmar Bergman, se proyecta este domingo en Condestable dentro del ciclo\u00a0 sobre el cineasta sueco"}]},{"@type":"WebSite","@id":"https:\/\/www.laguiadepamplona.com\/actualidad\/#website","url":"https:\/\/www.laguiadepamplona.com\/actualidad\/","name":"La gu\u00eda de Pamplona","description":"Noticias de Pamplona","publisher":{"@id":"https:\/\/www.laguiadepamplona.com\/actualidad\/#organization"},"potentialAction":[{"@type":"SearchAction","target":{"@type":"EntryPoint","urlTemplate":"https:\/\/www.laguiadepamplona.com\/actualidad\/?s={search_term_string}"},"query-input":{"@type":"PropertyValueSpecification","valueRequired":true,"valueName":"search_term_string"}}],"inLanguage":"es"},{"@type":"Organization","@id":"https:\/\/www.laguiadepamplona.com\/actualidad\/#organization","name":"La Gu\u00eda de Pamplona \/ Noticias","url":"https:\/\/www.laguiadepamplona.com\/actualidad\/","logo":{"@type":"ImageObject","inLanguage":"es","@id":"https:\/\/www.laguiadepamplona.com\/actualidad\/#\/schema\/logo\/image\/","url":"https:\/\/www.laguiadepamplona.com\/actualidad\/wp-content\/uploads\/2018\/11\/logo-laguiadepamplona18-web1.png","contentUrl":"https:\/\/www.laguiadepamplona.com\/actualidad\/wp-content\/uploads\/2018\/11\/logo-laguiadepamplona18-web1.png","width":600,"height":196,"caption":"La Gu\u00eda de Pamplona \/ Noticias"},"image":{"@id":"https:\/\/www.laguiadepamplona.com\/actualidad\/#\/schema\/logo\/image\/"},"sameAs":["https:\/\/www.facebook.com\/laguiadepamplonacom-133175176762273\/?ref=hl","https:\/\/x.com\/LaGuiadPamplona","https:\/\/www.instagram.com\/la_guia_de_pamplona\/","https:\/\/www.youtube.com\/user\/laguiadepamplona"]},{"@type":"Person","@id":"https:\/\/www.laguiadepamplona.com\/actualidad\/#\/schema\/person\/efe887376f0213d4657c93adc50b1fdb","name":"La Gu\u00eda de Pamplona","image":{"@type":"ImageObject","inLanguage":"es","@id":"https:\/\/secure.gravatar.com\/avatar\/b6992f131dc8d30ab0dff15446e9d346d9dbd95992de0fef795073f5ea83a81c?s=96&d=mm&r=g","url":"https:\/\/secure.gravatar.com\/avatar\/b6992f131dc8d30ab0dff15446e9d346d9dbd95992de0fef795073f5ea83a81c?s=96&d=mm&r=g","contentUrl":"https:\/\/secure.gravatar.com\/avatar\/b6992f131dc8d30ab0dff15446e9d346d9dbd95992de0fef795073f5ea83a81c?s=96&d=mm&r=g","caption":"La Gu\u00eda de Pamplona"}}]}},"post_mailing_queue_ids":[],"_links":{"self":[{"href":"https:\/\/www.laguiadepamplona.com\/actualidad\/wp-json\/wp\/v2\/posts\/18815","targetHints":{"allow":["GET"]}}],"collection":[{"href":"https:\/\/www.laguiadepamplona.com\/actualidad\/wp-json\/wp\/v2\/posts"}],"about":[{"href":"https:\/\/www.laguiadepamplona.com\/actualidad\/wp-json\/wp\/v2\/types\/post"}],"author":[{"embeddable":true,"href":"https:\/\/www.laguiadepamplona.com\/actualidad\/wp-json\/wp\/v2\/users\/1"}],"replies":[{"embeddable":true,"href":"https:\/\/www.laguiadepamplona.com\/actualidad\/wp-json\/wp\/v2\/comments?post=18815"}],"version-history":[{"count":0,"href":"https:\/\/www.laguiadepamplona.com\/actualidad\/wp-json\/wp\/v2\/posts\/18815\/revisions"}],"wp:featuredmedia":[{"embeddable":true,"href":"https:\/\/www.laguiadepamplona.com\/actualidad\/wp-json\/wp\/v2\/media\/17390"}],"wp:attachment":[{"href":"https:\/\/www.laguiadepamplona.com\/actualidad\/wp-json\/wp\/v2\/media?parent=18815"}],"wp:term":[{"taxonomy":"category","embeddable":true,"href":"https:\/\/www.laguiadepamplona.com\/actualidad\/wp-json\/wp\/v2\/categories?post=18815"},{"taxonomy":"post_tag","embeddable":true,"href":"https:\/\/www.laguiadepamplona.com\/actualidad\/wp-json\/wp\/v2\/tags?post=18815"}],"curies":[{"name":"wp","href":"https:\/\/api.w.org\/{rel}","templated":true}]}}