{"id":18809,"date":"2018-09-28T11:24:30","date_gmt":"2018-09-28T09:24:30","guid":{"rendered":"https:\/\/www.laguiadepamplona.es\/actualidad\/?p=18809"},"modified":"2018-09-28T11:24:30","modified_gmt":"2018-09-28T09:24:30","slug":"el-ayuntamiento-impulsa-la-denominacion-de-parque-de-la-insumision-para-el-antiguo-solar-de-la-carcel-y-un-acto-institucional-el-6-de-octubre-de-homenaje-al-movimiento","status":"publish","type":"post","link":"https:\/\/www.laguiadepamplona.com\/actualidad\/el-ayuntamiento-impulsa-la-denominacion-de-parque-de-la-insumision-para-el-antiguo-solar-de-la-carcel-y-un-acto-institucional-el-6-de-octubre-de-homenaje-al-movimiento\/","title":{"rendered":"El Ayuntamiento impulsa la denominaci\u00f3n de \u2018Parque de la Insumisi\u00f3n\u2019 para el antiguo solar de la c\u00e1rcel y un acto institucional el 6 de octubre de homenaje al movimiento"},"content":{"rendered":"<h3>El Pleno debatir\u00e1 el 4 de octubre una declaraci\u00f3n que promueve ambas iniciativas y el reconocimiento p\u00fablico oficial a la insumisi\u00f3n<\/h3>\n<p><!--more--><\/p>\n<p>El Ayuntamiento de Pamplona, a trav\u00e9s de Alcald\u00eda, va a impulsar la denominaci\u00f3n de \u2018Parque de la Insumisi\u00f3n\u2019 para el antiguo solar de la c\u00e1rcel as\u00ed como un acto institucional el d\u00eda 6 de octubre de homenaje a este movimiento. El alcalde de Pamplona, Joseba Asiron, ha presentado esta ma\u00f1ana una iniciativa que adem\u00e1s de estas acciones cuenta con una declaraci\u00f3n conjunta en reconocimiento al movimiento insumiso que ser\u00e1 presentada en el Pleno del pr\u00f3ximo 4 de octubre. El texto de la declaraci\u00f3n ha sido dado a conocer en la misma rueda de prensa por representantes de los grupos municipales de EH Bildu, Joxe Abaurrea; Geroa Bai, Itziar G\u00f3mez; Aranzadi, Manuel Millera; e Izquierda Ezkerra, Edurne Eguino, quienes han explicado que su propuesta es que sea le\u00eddo por dos personas del movimiento insumiso.<\/p>\n<p>El alcalde ha recordado en su intervenci\u00f3n que \u201cen diciembre de 2001 quedaba abolido el servicio militar obligatorio, un logro de la desobediencia civil no violenta. En Navarra, la insumisi\u00f3n sacudi\u00f3 la vida pol\u00edtica y social, convirti\u00e9ndose en la protesta pac\u00edfica m\u00e1s importante de los a\u00f1os 90. Y la represi\u00f3n no se hizo esperar. Miles de j\u00f3venes navarros padecieron sentencias penales de c\u00e1rcel e inhabilitaci\u00f3n por su compromiso con una sociedad desmilitarizada y su implicaci\u00f3n en el movimiento de desobediencia al servicio militar obligatorio\u201d.<\/p>\n<p>De esta manera, el Ayuntamiento quiere recordar a \u201caquellos j\u00f3venes y su lucha, que nunca ha sido reconocida, y la aportaci\u00f3n hist\u00f3rica del movimiento insumiso a nuestra ciudad\u201d. La elecci\u00f3n del solar de la antigua c\u00e1rcel se ha realizado teniendo en cuenta que es el lugar en el que estuvieron encarcelados la mayor\u00eda de los insumisos de Navarra y \u201clas v\u00edctimas de la represi\u00f3n franquista, que sufrieron en esta c\u00e1rcel represi\u00f3n, humillaci\u00f3n, tortura, ejecuciones, falsas puestas en libertad y un sinf\u00edn de vulneraci\u00f3n de derechos\u201d. En la l\u00ednea del reconocimiento y la memoria hist\u00f3rica, el Consistorio, teniendo en cuenta una petici\u00f3n de AFFNA36, esta realizando gestiones para reconstruir la puerta de la antigua c\u00e1rcel con las piedras originales.<\/p>\n<p><script async src=\"\/\/pagead2.googlesyndication.com\/pagead\/js\/adsbygoogle.js\"><\/script><br \/>\n<!-- Noticias La Guia de Pamplona --><br \/>\n<ins class=\"adsbygoogle\"\nstyle=\"display:block\"\ndata-ad-client=\"ca-pub-6943679897239327\"\ndata-ad-slot=\"7048180777\"\ndata-ad-format=\"auto\"><\/ins><br \/>\n<script>\n(adsbygoogle = window.adsbygoogle || []).push({});\n<\/script><\/p>\n<p><strong>Colocaci\u00f3n de un monolito en el Parque de la Insumisi\u00f3n<\/strong><\/p>\n<p>En el acto institucional de reconocimiento del 6 de octubre se colocar\u00e1 un monolito que ha realizado el artista y cantero Pello Iraizoz. El objetivo de este monolito ser\u00e1 \u201cel de recordar a las generaciones futuras el car\u00e1cter ejemplarizante de aquel movimiento y el liderazgo de la juventud navarra en una protesta que acab\u00f3 con el servicio militar obligatorio\u201d, en palabras del alcalde.<\/p>\n<p>El acto dar\u00e1 comienzo a las doce del mediod\u00eda y a \u00e9l ser\u00e1n invitadas las personas que protagonizaron e impulsaron el movimiento insumiso.<\/p>\n<p><strong>Declaraci\u00f3n consensuada entre cuatro grupos municipales y el movimiento insumiso<\/strong><\/p>\n<p>El texto de la declaraci\u00f3n, que hoy ha sido presentada en la Junta de Portavoces, recoge la colocaci\u00f3n de un monlito \u201cen reconocimiento a la lucha llevada cabo por los insumisos presos y todas aquellas mujeres y hombres que participaron en el movimiento antimilitarista\u201d, respalda dar el nombre de Parque de la Insumisi\u00f3n al solar sobre el que se situaba la prisi\u00f3n e igualmente propone colocar un panel explicativo. Esta declaraci\u00f3n ha sido suscrita por cuatro grupos municipales (EH Bildu, Geroa Bai, Aranzadi e I-E) y ser\u00e1 presentada, seg\u00fan se ha explicado en la rueda de prensa, de forma abierta para que el resto puedan sumarse. Su contenido ha sido consensuado con los principales movimientos que representan al colectivo de personas que conformaron el movimiento insumiso al servicio militar obligatorio.<\/p>\n<p>&nbsp;<\/p>\n","protected":false},"excerpt":{"rendered":"<p>El Pleno debatir\u00e1 el 4 de octubre una declaraci\u00f3n que promueve ambas iniciativas y el reconocimiento p\u00fablico oficial a la insumisi\u00f3n<\/p>\n","protected":false},"author":1,"featured_media":17600,"comment_status":"open","ping_status":"closed","sticky":false,"template":"","format":"standard","meta":{"footnotes":""},"categories":[2],"tags":[],"class_list":["post-18809","post","type-post","status-publish","format-standard","has-post-thumbnail","hentry","category-ayuntamiento-pamplona"],"yoast_head":"<!-- This site is optimized with the Yoast SEO plugin v27.9 - https:\/\/yoast.com\/product\/yoast-seo-wordpress\/ -->\n<title>El Ayuntamiento impulsa la denominaci\u00f3n de \u2018Parque de la Insumisi\u00f3n\u2019 para el antiguo solar de la c\u00e1rcel y un acto institucional el 6 de octubre de homenaje al movimiento<\/title>\n<meta name=\"robots\" content=\"index, follow, max-snippet:-1, max-image-preview:large, max-video-preview:-1\" \/>\n<link rel=\"canonical\" href=\"https:\/\/www.laguiadepamplona.com\/actualidad\/el-ayuntamiento-impulsa-la-denominacion-de-parque-de-la-insumision-para-el-antiguo-solar-de-la-carcel-y-un-acto-institucional-el-6-de-octubre-de-homenaje-al-movimiento\/\" \/>\n<meta property=\"og:locale\" content=\"es_ES\" \/>\n<meta property=\"og:type\" content=\"article\" \/>\n<meta property=\"og:title\" content=\"El Ayuntamiento impulsa la denominaci\u00f3n de \u2018Parque de la Insumisi\u00f3n\u2019 para el antiguo solar de la c\u00e1rcel y un acto institucional el 6 de octubre de homenaje al movimiento\" \/>\n<meta property=\"og:description\" content=\"El Pleno debatir\u00e1 el 4 de octubre una declaraci\u00f3n que promueve ambas iniciativas y el reconocimiento p\u00fablico oficial a la insumisi\u00f3n\" \/>\n<meta property=\"og:url\" content=\"https:\/\/www.laguiadepamplona.com\/actualidad\/el-ayuntamiento-impulsa-la-denominacion-de-parque-de-la-insumision-para-el-antiguo-solar-de-la-carcel-y-un-acto-institucional-el-6-de-octubre-de-homenaje-al-movimiento\/\" \/>\n<meta property=\"og:site_name\" content=\"La Gu\u00eda de Pamplona Noticias y actualidad\" \/>\n<meta property=\"article:publisher\" content=\"https:\/\/www.facebook.com\/laguiadepamplonacom-133175176762273\/?ref=hl\" \/>\n<meta property=\"article:published_time\" content=\"2018-09-28T09:24:30+00:00\" \/>\n<meta property=\"og:image\" content=\"https:\/\/www.laguiadepamplona.com\/actualidad\/wp-content\/uploads\/2018\/05\/ayto-pamplona-3.jpg\" \/>\n\t<meta property=\"og:image:width\" content=\"1000\" \/>\n\t<meta property=\"og:image:height\" content=\"555\" \/>\n\t<meta property=\"og:image:type\" content=\"image\/jpeg\" \/>\n<meta name=\"author\" content=\"La Gu\u00eda de Pamplona\" \/>\n<meta name=\"twitter:card\" content=\"summary_large_image\" \/>\n<meta name=\"twitter:creator\" content=\"@LaGuiadPamplona\" \/>\n<meta name=\"twitter:site\" content=\"@LaGuiadPamplona\" \/>\n<meta name=\"twitter:label1\" content=\"Escrito por\" \/>\n\t<meta name=\"twitter:data1\" content=\"La Gu\u00eda de Pamplona\" \/>\n\t<meta name=\"twitter:label2\" content=\"Tiempo de lectura\" \/>\n\t<meta name=\"twitter:data2\" content=\"3 minutos\" \/>\n<script type=\"application\/ld+json\" class=\"yoast-schema-graph\">{\"@context\":\"https:\\\/\\\/schema.org\",\"@graph\":[{\"@type\":\"Article\",\"@id\":\"https:\\\/\\\/www.laguiadepamplona.com\\\/actualidad\\\/el-ayuntamiento-impulsa-la-denominacion-de-parque-de-la-insumision-para-el-antiguo-solar-de-la-carcel-y-un-acto-institucional-el-6-de-octubre-de-homenaje-al-movimiento\\\/#article\",\"isPartOf\":{\"@id\":\"https:\\\/\\\/www.laguiadepamplona.com\\\/actualidad\\\/el-ayuntamiento-impulsa-la-denominacion-de-parque-de-la-insumision-para-el-antiguo-solar-de-la-carcel-y-un-acto-institucional-el-6-de-octubre-de-homenaje-al-movimiento\\\/\"},\"author\":{\"name\":\"La Gu\u00eda de Pamplona\",\"@id\":\"https:\\\/\\\/www.laguiadepamplona.com\\\/actualidad\\\/#\\\/schema\\\/person\\\/efe887376f0213d4657c93adc50b1fdb\"},\"headline\":\"El Ayuntamiento impulsa la denominaci\u00f3n de \u2018Parque de la Insumisi\u00f3n\u2019 para el antiguo solar de la c\u00e1rcel y un acto institucional el 6 de octubre de homenaje al movimiento\",\"datePublished\":\"2018-09-28T09:24:30+00:00\",\"mainEntityOfPage\":{\"@id\":\"https:\\\/\\\/www.laguiadepamplona.com\\\/actualidad\\\/el-ayuntamiento-impulsa-la-denominacion-de-parque-de-la-insumision-para-el-antiguo-solar-de-la-carcel-y-un-acto-institucional-el-6-de-octubre-de-homenaje-al-movimiento\\\/\"},\"wordCount\":675,\"commentCount\":0,\"publisher\":{\"@id\":\"https:\\\/\\\/www.laguiadepamplona.com\\\/actualidad\\\/#organization\"},\"image\":{\"@id\":\"https:\\\/\\\/www.laguiadepamplona.com\\\/actualidad\\\/el-ayuntamiento-impulsa-la-denominacion-de-parque-de-la-insumision-para-el-antiguo-solar-de-la-carcel-y-un-acto-institucional-el-6-de-octubre-de-homenaje-al-movimiento\\\/#primaryimage\"},\"thumbnailUrl\":\"https:\\\/\\\/www.laguiadepamplona.com\\\/actualidad\\\/wp-content\\\/uploads\\\/2018\\\/05\\\/ayto-pamplona-3.jpg\",\"articleSection\":[\"Ayto Pamplona\"],\"inLanguage\":\"es\",\"potentialAction\":[{\"@type\":\"CommentAction\",\"name\":\"Comment\",\"target\":[\"https:\\\/\\\/www.laguiadepamplona.com\\\/actualidad\\\/el-ayuntamiento-impulsa-la-denominacion-de-parque-de-la-insumision-para-el-antiguo-solar-de-la-carcel-y-un-acto-institucional-el-6-de-octubre-de-homenaje-al-movimiento\\\/#respond\"]}]},{\"@type\":\"WebPage\",\"@id\":\"https:\\\/\\\/www.laguiadepamplona.com\\\/actualidad\\\/el-ayuntamiento-impulsa-la-denominacion-de-parque-de-la-insumision-para-el-antiguo-solar-de-la-carcel-y-un-acto-institucional-el-6-de-octubre-de-homenaje-al-movimiento\\\/\",\"url\":\"https:\\\/\\\/www.laguiadepamplona.com\\\/actualidad\\\/el-ayuntamiento-impulsa-la-denominacion-de-parque-de-la-insumision-para-el-antiguo-solar-de-la-carcel-y-un-acto-institucional-el-6-de-octubre-de-homenaje-al-movimiento\\\/\",\"name\":\"El Ayuntamiento impulsa la denominaci\u00f3n de \u2018Parque de la Insumisi\u00f3n\u2019 para el antiguo solar de la c\u00e1rcel y un acto institucional el 6 de octubre de homenaje al movimiento\",\"isPartOf\":{\"@id\":\"https:\\\/\\\/www.laguiadepamplona.com\\\/actualidad\\\/#website\"},\"primaryImageOfPage\":{\"@id\":\"https:\\\/\\\/www.laguiadepamplona.com\\\/actualidad\\\/el-ayuntamiento-impulsa-la-denominacion-de-parque-de-la-insumision-para-el-antiguo-solar-de-la-carcel-y-un-acto-institucional-el-6-de-octubre-de-homenaje-al-movimiento\\\/#primaryimage\"},\"image\":{\"@id\":\"https:\\\/\\\/www.laguiadepamplona.com\\\/actualidad\\\/el-ayuntamiento-impulsa-la-denominacion-de-parque-de-la-insumision-para-el-antiguo-solar-de-la-carcel-y-un-acto-institucional-el-6-de-octubre-de-homenaje-al-movimiento\\\/#primaryimage\"},\"thumbnailUrl\":\"https:\\\/\\\/www.laguiadepamplona.com\\\/actualidad\\\/wp-content\\\/uploads\\\/2018\\\/05\\\/ayto-pamplona-3.jpg\",\"datePublished\":\"2018-09-28T09:24:30+00:00\",\"breadcrumb\":{\"@id\":\"https:\\\/\\\/www.laguiadepamplona.com\\\/actualidad\\\/el-ayuntamiento-impulsa-la-denominacion-de-parque-de-la-insumision-para-el-antiguo-solar-de-la-carcel-y-un-acto-institucional-el-6-de-octubre-de-homenaje-al-movimiento\\\/#breadcrumb\"},\"inLanguage\":\"es\",\"potentialAction\":[{\"@type\":\"ReadAction\",\"target\":[\"https:\\\/\\\/www.laguiadepamplona.com\\\/actualidad\\\/el-ayuntamiento-impulsa-la-denominacion-de-parque-de-la-insumision-para-el-antiguo-solar-de-la-carcel-y-un-acto-institucional-el-6-de-octubre-de-homenaje-al-movimiento\\\/\"]}]},{\"@type\":\"ImageObject\",\"inLanguage\":\"es\",\"@id\":\"https:\\\/\\\/www.laguiadepamplona.com\\\/actualidad\\\/el-ayuntamiento-impulsa-la-denominacion-de-parque-de-la-insumision-para-el-antiguo-solar-de-la-carcel-y-un-acto-institucional-el-6-de-octubre-de-homenaje-al-movimiento\\\/#primaryimage\",\"url\":\"https:\\\/\\\/www.laguiadepamplona.com\\\/actualidad\\\/wp-content\\\/uploads\\\/2018\\\/05\\\/ayto-pamplona-3.jpg\",\"contentUrl\":\"https:\\\/\\\/www.laguiadepamplona.com\\\/actualidad\\\/wp-content\\\/uploads\\\/2018\\\/05\\\/ayto-pamplona-3.jpg\",\"width\":1000,\"height\":555},{\"@type\":\"BreadcrumbList\",\"@id\":\"https:\\\/\\\/www.laguiadepamplona.com\\\/actualidad\\\/el-ayuntamiento-impulsa-la-denominacion-de-parque-de-la-insumision-para-el-antiguo-solar-de-la-carcel-y-un-acto-institucional-el-6-de-octubre-de-homenaje-al-movimiento\\\/#breadcrumb\",\"itemListElement\":[{\"@type\":\"ListItem\",\"position\":1,\"name\":\"Portada\",\"item\":\"https:\\\/\\\/www.laguiadepamplona.com\\\/actualidad\\\/\"},{\"@type\":\"ListItem\",\"position\":2,\"name\":\"El Ayuntamiento impulsa la denominaci\u00f3n de \u2018Parque de la Insumisi\u00f3n\u2019 para el antiguo solar de la c\u00e1rcel y un acto institucional el 6 de octubre de homenaje al movimiento\"}]},{\"@type\":\"WebSite\",\"@id\":\"https:\\\/\\\/www.laguiadepamplona.com\\\/actualidad\\\/#website\",\"url\":\"https:\\\/\\\/www.laguiadepamplona.com\\\/actualidad\\\/\",\"name\":\"La gu\u00eda de Pamplona\",\"description\":\"Noticias de Pamplona\",\"publisher\":{\"@id\":\"https:\\\/\\\/www.laguiadepamplona.com\\\/actualidad\\\/#organization\"},\"potentialAction\":[{\"@type\":\"SearchAction\",\"target\":{\"@type\":\"EntryPoint\",\"urlTemplate\":\"https:\\\/\\\/www.laguiadepamplona.com\\\/actualidad\\\/?s={search_term_string}\"},\"query-input\":{\"@type\":\"PropertyValueSpecification\",\"valueRequired\":true,\"valueName\":\"search_term_string\"}}],\"inLanguage\":\"es\"},{\"@type\":\"Organization\",\"@id\":\"https:\\\/\\\/www.laguiadepamplona.com\\\/actualidad\\\/#organization\",\"name\":\"La Gu\u00eda de Pamplona \\\/ Noticias\",\"url\":\"https:\\\/\\\/www.laguiadepamplona.com\\\/actualidad\\\/\",\"logo\":{\"@type\":\"ImageObject\",\"inLanguage\":\"es\",\"@id\":\"https:\\\/\\\/www.laguiadepamplona.com\\\/actualidad\\\/#\\\/schema\\\/logo\\\/image\\\/\",\"url\":\"https:\\\/\\\/www.laguiadepamplona.com\\\/actualidad\\\/wp-content\\\/uploads\\\/2018\\\/11\\\/logo-laguiadepamplona18-web1.png\",\"contentUrl\":\"https:\\\/\\\/www.laguiadepamplona.com\\\/actualidad\\\/wp-content\\\/uploads\\\/2018\\\/11\\\/logo-laguiadepamplona18-web1.png\",\"width\":600,\"height\":196,\"caption\":\"La Gu\u00eda de Pamplona \\\/ Noticias\"},\"image\":{\"@id\":\"https:\\\/\\\/www.laguiadepamplona.com\\\/actualidad\\\/#\\\/schema\\\/logo\\\/image\\\/\"},\"sameAs\":[\"https:\\\/\\\/www.facebook.com\\\/laguiadepamplonacom-133175176762273\\\/?ref=hl\",\"https:\\\/\\\/x.com\\\/LaGuiadPamplona\",\"https:\\\/\\\/www.instagram.com\\\/la_guia_de_pamplona\\\/\",\"https:\\\/\\\/www.youtube.com\\\/user\\\/laguiadepamplona\"]},{\"@type\":\"Person\",\"@id\":\"https:\\\/\\\/www.laguiadepamplona.com\\\/actualidad\\\/#\\\/schema\\\/person\\\/efe887376f0213d4657c93adc50b1fdb\",\"name\":\"La Gu\u00eda de Pamplona\",\"image\":{\"@type\":\"ImageObject\",\"inLanguage\":\"es\",\"@id\":\"https:\\\/\\\/secure.gravatar.com\\\/avatar\\\/b6992f131dc8d30ab0dff15446e9d346d9dbd95992de0fef795073f5ea83a81c?s=96&d=mm&r=g\",\"url\":\"https:\\\/\\\/secure.gravatar.com\\\/avatar\\\/b6992f131dc8d30ab0dff15446e9d346d9dbd95992de0fef795073f5ea83a81c?s=96&d=mm&r=g\",\"contentUrl\":\"https:\\\/\\\/secure.gravatar.com\\\/avatar\\\/b6992f131dc8d30ab0dff15446e9d346d9dbd95992de0fef795073f5ea83a81c?s=96&d=mm&r=g\",\"caption\":\"La Gu\u00eda de Pamplona\"}}]}<\/script>\n<!-- \/ Yoast SEO plugin. -->","yoast_head_json":{"title":"El Ayuntamiento impulsa la denominaci\u00f3n de \u2018Parque de la Insumisi\u00f3n\u2019 para el antiguo solar de la c\u00e1rcel y un acto institucional el 6 de octubre de homenaje al movimiento","robots":{"index":"index","follow":"follow","max-snippet":"max-snippet:-1","max-image-preview":"max-image-preview:large","max-video-preview":"max-video-preview:-1"},"canonical":"https:\/\/www.laguiadepamplona.com\/actualidad\/el-ayuntamiento-impulsa-la-denominacion-de-parque-de-la-insumision-para-el-antiguo-solar-de-la-carcel-y-un-acto-institucional-el-6-de-octubre-de-homenaje-al-movimiento\/","og_locale":"es_ES","og_type":"article","og_title":"El Ayuntamiento impulsa la denominaci\u00f3n de \u2018Parque de la Insumisi\u00f3n\u2019 para el antiguo solar de la c\u00e1rcel y un acto institucional el 6 de octubre de homenaje al movimiento","og_description":"El Pleno debatir\u00e1 el 4 de octubre una declaraci\u00f3n que promueve ambas iniciativas y el reconocimiento p\u00fablico oficial a la insumisi\u00f3n","og_url":"https:\/\/www.laguiadepamplona.com\/actualidad\/el-ayuntamiento-impulsa-la-denominacion-de-parque-de-la-insumision-para-el-antiguo-solar-de-la-carcel-y-un-acto-institucional-el-6-de-octubre-de-homenaje-al-movimiento\/","og_site_name":"La Gu\u00eda de Pamplona Noticias y actualidad","article_publisher":"https:\/\/www.facebook.com\/laguiadepamplonacom-133175176762273\/?ref=hl","article_published_time":"2018-09-28T09:24:30+00:00","og_image":[{"width":1000,"height":555,"url":"https:\/\/www.laguiadepamplona.com\/actualidad\/wp-content\/uploads\/2018\/05\/ayto-pamplona-3.jpg","type":"image\/jpeg"}],"author":"La Gu\u00eda de Pamplona","twitter_card":"summary_large_image","twitter_creator":"@LaGuiadPamplona","twitter_site":"@LaGuiadPamplona","twitter_misc":{"Escrito por":"La Gu\u00eda de Pamplona","Tiempo de lectura":"3 minutos"},"schema":{"@context":"https:\/\/schema.org","@graph":[{"@type":"Article","@id":"https:\/\/www.laguiadepamplona.com\/actualidad\/el-ayuntamiento-impulsa-la-denominacion-de-parque-de-la-insumision-para-el-antiguo-solar-de-la-carcel-y-un-acto-institucional-el-6-de-octubre-de-homenaje-al-movimiento\/#article","isPartOf":{"@id":"https:\/\/www.laguiadepamplona.com\/actualidad\/el-ayuntamiento-impulsa-la-denominacion-de-parque-de-la-insumision-para-el-antiguo-solar-de-la-carcel-y-un-acto-institucional-el-6-de-octubre-de-homenaje-al-movimiento\/"},"author":{"name":"La Gu\u00eda de Pamplona","@id":"https:\/\/www.laguiadepamplona.com\/actualidad\/#\/schema\/person\/efe887376f0213d4657c93adc50b1fdb"},"headline":"El Ayuntamiento impulsa la denominaci\u00f3n de \u2018Parque de la Insumisi\u00f3n\u2019 para el antiguo solar de la c\u00e1rcel y un acto institucional el 6 de octubre de homenaje al movimiento","datePublished":"2018-09-28T09:24:30+00:00","mainEntityOfPage":{"@id":"https:\/\/www.laguiadepamplona.com\/actualidad\/el-ayuntamiento-impulsa-la-denominacion-de-parque-de-la-insumision-para-el-antiguo-solar-de-la-carcel-y-un-acto-institucional-el-6-de-octubre-de-homenaje-al-movimiento\/"},"wordCount":675,"commentCount":0,"publisher":{"@id":"https:\/\/www.laguiadepamplona.com\/actualidad\/#organization"},"image":{"@id":"https:\/\/www.laguiadepamplona.com\/actualidad\/el-ayuntamiento-impulsa-la-denominacion-de-parque-de-la-insumision-para-el-antiguo-solar-de-la-carcel-y-un-acto-institucional-el-6-de-octubre-de-homenaje-al-movimiento\/#primaryimage"},"thumbnailUrl":"https:\/\/www.laguiadepamplona.com\/actualidad\/wp-content\/uploads\/2018\/05\/ayto-pamplona-3.jpg","articleSection":["Ayto Pamplona"],"inLanguage":"es","potentialAction":[{"@type":"CommentAction","name":"Comment","target":["https:\/\/www.laguiadepamplona.com\/actualidad\/el-ayuntamiento-impulsa-la-denominacion-de-parque-de-la-insumision-para-el-antiguo-solar-de-la-carcel-y-un-acto-institucional-el-6-de-octubre-de-homenaje-al-movimiento\/#respond"]}]},{"@type":"WebPage","@id":"https:\/\/www.laguiadepamplona.com\/actualidad\/el-ayuntamiento-impulsa-la-denominacion-de-parque-de-la-insumision-para-el-antiguo-solar-de-la-carcel-y-un-acto-institucional-el-6-de-octubre-de-homenaje-al-movimiento\/","url":"https:\/\/www.laguiadepamplona.com\/actualidad\/el-ayuntamiento-impulsa-la-denominacion-de-parque-de-la-insumision-para-el-antiguo-solar-de-la-carcel-y-un-acto-institucional-el-6-de-octubre-de-homenaje-al-movimiento\/","name":"El Ayuntamiento impulsa la denominaci\u00f3n de \u2018Parque de la Insumisi\u00f3n\u2019 para el antiguo solar de la c\u00e1rcel y un acto institucional el 6 de octubre de homenaje al movimiento","isPartOf":{"@id":"https:\/\/www.laguiadepamplona.com\/actualidad\/#website"},"primaryImageOfPage":{"@id":"https:\/\/www.laguiadepamplona.com\/actualidad\/el-ayuntamiento-impulsa-la-denominacion-de-parque-de-la-insumision-para-el-antiguo-solar-de-la-carcel-y-un-acto-institucional-el-6-de-octubre-de-homenaje-al-movimiento\/#primaryimage"},"image":{"@id":"https:\/\/www.laguiadepamplona.com\/actualidad\/el-ayuntamiento-impulsa-la-denominacion-de-parque-de-la-insumision-para-el-antiguo-solar-de-la-carcel-y-un-acto-institucional-el-6-de-octubre-de-homenaje-al-movimiento\/#primaryimage"},"thumbnailUrl":"https:\/\/www.laguiadepamplona.com\/actualidad\/wp-content\/uploads\/2018\/05\/ayto-pamplona-3.jpg","datePublished":"2018-09-28T09:24:30+00:00","breadcrumb":{"@id":"https:\/\/www.laguiadepamplona.com\/actualidad\/el-ayuntamiento-impulsa-la-denominacion-de-parque-de-la-insumision-para-el-antiguo-solar-de-la-carcel-y-un-acto-institucional-el-6-de-octubre-de-homenaje-al-movimiento\/#breadcrumb"},"inLanguage":"es","potentialAction":[{"@type":"ReadAction","target":["https:\/\/www.laguiadepamplona.com\/actualidad\/el-ayuntamiento-impulsa-la-denominacion-de-parque-de-la-insumision-para-el-antiguo-solar-de-la-carcel-y-un-acto-institucional-el-6-de-octubre-de-homenaje-al-movimiento\/"]}]},{"@type":"ImageObject","inLanguage":"es","@id":"https:\/\/www.laguiadepamplona.com\/actualidad\/el-ayuntamiento-impulsa-la-denominacion-de-parque-de-la-insumision-para-el-antiguo-solar-de-la-carcel-y-un-acto-institucional-el-6-de-octubre-de-homenaje-al-movimiento\/#primaryimage","url":"https:\/\/www.laguiadepamplona.com\/actualidad\/wp-content\/uploads\/2018\/05\/ayto-pamplona-3.jpg","contentUrl":"https:\/\/www.laguiadepamplona.com\/actualidad\/wp-content\/uploads\/2018\/05\/ayto-pamplona-3.jpg","width":1000,"height":555},{"@type":"BreadcrumbList","@id":"https:\/\/www.laguiadepamplona.com\/actualidad\/el-ayuntamiento-impulsa-la-denominacion-de-parque-de-la-insumision-para-el-antiguo-solar-de-la-carcel-y-un-acto-institucional-el-6-de-octubre-de-homenaje-al-movimiento\/#breadcrumb","itemListElement":[{"@type":"ListItem","position":1,"name":"Portada","item":"https:\/\/www.laguiadepamplona.com\/actualidad\/"},{"@type":"ListItem","position":2,"name":"El Ayuntamiento impulsa la denominaci\u00f3n de \u2018Parque de la Insumisi\u00f3n\u2019 para el antiguo solar de la c\u00e1rcel y un acto institucional el 6 de octubre de homenaje al movimiento"}]},{"@type":"WebSite","@id":"https:\/\/www.laguiadepamplona.com\/actualidad\/#website","url":"https:\/\/www.laguiadepamplona.com\/actualidad\/","name":"La gu\u00eda de Pamplona","description":"Noticias de Pamplona","publisher":{"@id":"https:\/\/www.laguiadepamplona.com\/actualidad\/#organization"},"potentialAction":[{"@type":"SearchAction","target":{"@type":"EntryPoint","urlTemplate":"https:\/\/www.laguiadepamplona.com\/actualidad\/?s={search_term_string}"},"query-input":{"@type":"PropertyValueSpecification","valueRequired":true,"valueName":"search_term_string"}}],"inLanguage":"es"},{"@type":"Organization","@id":"https:\/\/www.laguiadepamplona.com\/actualidad\/#organization","name":"La Gu\u00eda de Pamplona \/ Noticias","url":"https:\/\/www.laguiadepamplona.com\/actualidad\/","logo":{"@type":"ImageObject","inLanguage":"es","@id":"https:\/\/www.laguiadepamplona.com\/actualidad\/#\/schema\/logo\/image\/","url":"https:\/\/www.laguiadepamplona.com\/actualidad\/wp-content\/uploads\/2018\/11\/logo-laguiadepamplona18-web1.png","contentUrl":"https:\/\/www.laguiadepamplona.com\/actualidad\/wp-content\/uploads\/2018\/11\/logo-laguiadepamplona18-web1.png","width":600,"height":196,"caption":"La Gu\u00eda de Pamplona \/ Noticias"},"image":{"@id":"https:\/\/www.laguiadepamplona.com\/actualidad\/#\/schema\/logo\/image\/"},"sameAs":["https:\/\/www.facebook.com\/laguiadepamplonacom-133175176762273\/?ref=hl","https:\/\/x.com\/LaGuiadPamplona","https:\/\/www.instagram.com\/la_guia_de_pamplona\/","https:\/\/www.youtube.com\/user\/laguiadepamplona"]},{"@type":"Person","@id":"https:\/\/www.laguiadepamplona.com\/actualidad\/#\/schema\/person\/efe887376f0213d4657c93adc50b1fdb","name":"La Gu\u00eda de Pamplona","image":{"@type":"ImageObject","inLanguage":"es","@id":"https:\/\/secure.gravatar.com\/avatar\/b6992f131dc8d30ab0dff15446e9d346d9dbd95992de0fef795073f5ea83a81c?s=96&d=mm&r=g","url":"https:\/\/secure.gravatar.com\/avatar\/b6992f131dc8d30ab0dff15446e9d346d9dbd95992de0fef795073f5ea83a81c?s=96&d=mm&r=g","contentUrl":"https:\/\/secure.gravatar.com\/avatar\/b6992f131dc8d30ab0dff15446e9d346d9dbd95992de0fef795073f5ea83a81c?s=96&d=mm&r=g","caption":"La Gu\u00eda de Pamplona"}}]}},"post_mailing_queue_ids":[],"_links":{"self":[{"href":"https:\/\/www.laguiadepamplona.com\/actualidad\/wp-json\/wp\/v2\/posts\/18809","targetHints":{"allow":["GET"]}}],"collection":[{"href":"https:\/\/www.laguiadepamplona.com\/actualidad\/wp-json\/wp\/v2\/posts"}],"about":[{"href":"https:\/\/www.laguiadepamplona.com\/actualidad\/wp-json\/wp\/v2\/types\/post"}],"author":[{"embeddable":true,"href":"https:\/\/www.laguiadepamplona.com\/actualidad\/wp-json\/wp\/v2\/users\/1"}],"replies":[{"embeddable":true,"href":"https:\/\/www.laguiadepamplona.com\/actualidad\/wp-json\/wp\/v2\/comments?post=18809"}],"version-history":[{"count":0,"href":"https:\/\/www.laguiadepamplona.com\/actualidad\/wp-json\/wp\/v2\/posts\/18809\/revisions"}],"wp:featuredmedia":[{"embeddable":true,"href":"https:\/\/www.laguiadepamplona.com\/actualidad\/wp-json\/wp\/v2\/media\/17600"}],"wp:attachment":[{"href":"https:\/\/www.laguiadepamplona.com\/actualidad\/wp-json\/wp\/v2\/media?parent=18809"}],"wp:term":[{"taxonomy":"category","embeddable":true,"href":"https:\/\/www.laguiadepamplona.com\/actualidad\/wp-json\/wp\/v2\/categories?post=18809"},{"taxonomy":"post_tag","embeddable":true,"href":"https:\/\/www.laguiadepamplona.com\/actualidad\/wp-json\/wp\/v2\/tags?post=18809"}],"curies":[{"name":"wp","href":"https:\/\/api.w.org\/{rel}","templated":true}]}}