{"id":18632,"date":"2018-09-04T16:16:47","date_gmt":"2018-09-04T14:16:47","guid":{"rendered":"https:\/\/www.laguiadepamplona.es\/actualidad\/?p=18632"},"modified":"2018-09-04T16:16:47","modified_gmt":"2018-09-04T14:16:47","slug":"elisa-sesma-pablo-sanchez-valverde-y-mari-cruz-landa-propuestos-para-el-iii-panuelo-de-pamplona-iruneko-zapia","status":"publish","type":"post","link":"https:\/\/www.laguiadepamplona.com\/actualidad\/elisa-sesma-pablo-sanchez-valverde-y-mari-cruz-landa-propuestos-para-el-iii-panuelo-de-pamplona-iruneko-zapia\/","title":{"rendered":"Elisa Sesma, Pablo S\u00e1nchez-Valverde y Mari Cruz Landa propuestos para el III Pa\u00f1uelo de Pamplona-Iru\u00f1eko Zapia"},"content":{"rendered":"<h3>La propuesta, en la que se ha valorado el trabajo de los tres ginec\u00f3logos en Andraize, se llevar\u00e1 a Pleno para su ratificaci\u00f3n el pr\u00f3ximo jueves<\/h3>\n<p><!--more--><\/p>\n<p>Elisa Sesma, Pablo S\u00e1nchez-Valverde y Mari Cruz Landa, m\u00e9dicos especializados en ginecolog\u00eda con m\u00e1s de treinta a\u00f1os de experiencia en la sanidad p\u00fablica, muchos de ellos en Andraize, han sido propuestos para ser reconocidos con el tercer Pa\u00f1uelo de Pamplona-Iru\u00f1eko Zapia. La propuesta ha sido aprobada esta ma\u00f1ana por mayor\u00eda en Junta de Portavoces del Ayuntamiento de Pamplona.<\/p>\n<p>En la propuesta se destaca que su trayectoria profesional ha estado ligada al Centro de informaci\u00f3n y planificaci\u00f3n sexual Andraize, un verdadero referente a nivel estatal en la materia. Creado en 1978 por el impulso ciudadano, y de forma particular del movimiento feminista, Andraize respond\u00eda a las necesidades de una nueva sociedad en la que las mujeres empezaban a demandar derechos y servicios en materia de planificaci\u00f3n familiar y educaci\u00f3n sexual a nivel sanitario y social. Desde sus inicios, ligados al Ayuntamiento de Pamplona como patrono del mismo, y tras incorporarse a Osasunbidea en 1989, este centro ha sido pionero en educaci\u00f3n sexual dirigida a un sector tan vulnerable como el de las y los adolescentes.<\/p>\n<p><script async src=\"\/\/pagead2.googlesyndication.com\/pagead\/js\/adsbygoogle.js\"><\/script><br \/>\n<!-- Noticias La Guia de Pamplona --><br \/>\n<ins class=\"adsbygoogle\"\nstyle=\"display:block\"\ndata-ad-client=\"ca-pub-6943679897239327\"\ndata-ad-slot=\"7048180777\"\ndata-ad-format=\"auto\"><\/ins><br \/>\n<script>\n(adsbygoogle = window.adsbygoogle || []).push({});\n<\/script><\/p>\n<p><strong>En defensa de los derechos de la salud sexual y reproductiva de las mujeres<\/strong><\/p>\n<p>Pablo S\u00e1nchez-Valverde, jubilado en la actualidad, trabaj\u00f3 en el centro durante toda su trayectoria profesional siendo coordinador del mismo y poniendo en marcha diversos programas de promoci\u00f3n y defensa de los derechos de la salud sexual y reproductiva. Elisa Sesma es en estos momentos responsable de la Secci\u00f3n Asistencial de la Secci\u00f3n de Salud Sexual y Reproductiva del \u00c1rea de Pamplona en el Departamento de Salud del Gobierno de Navarra y Mari Cruz Landa ejerce como doctora en el Servicio Navarro de Salud.<\/p>\n<p>El texto de la propuesta recoge que la labor profesional y el activismo por la educaci\u00f3n sexual y reproductiva de Elisa Sesma, Pablo S\u00e1nchez-Valverde y Mari Cruz Landa se vio afectada en 1987 por una querella criminal presentada contra ellos por el grupo de ultraderecha Acci\u00f3n Familiar por haber practicado el primer aborto legal en la sanidad p\u00fablica Navarra. A pesar de que todas las personas demandadas fueron absueltas en 1990, la presi\u00f3n de estos grupos ultra conservadores y el juicio paralelo llevado a cabo fueron de gran virulencia.<\/p>\n<p>Con este galard\u00f3n se ha querido agradecer su liderazgo, buen hacer y activimismo, y su implicaci\u00f3n en la promoci\u00f3n y defensa de los derechos en materia de salud sexual y las mujeres.<\/p>\n<p><strong>Entrega del galard\u00f3n del D\u00eda del Privilegio de la Uni\u00f3n<\/strong><\/p>\n<p>El pleno del pr\u00f3ximo jueves, 6 de septiembre, ratificar\u00e1 la decisi\u00f3n de la Junta de Portavoces. Este reconocimiento se entregar\u00e1 en el primer acto del D\u00eda del Privilegio de la Uni\u00f3n que se conmemorar\u00e1 el 8 de septiembre. Adem\u00e1s, del pa\u00f1uelo con el escudo de la ciudad bordado se entrega una escultura de la alegor\u00eda de la Uni\u00f3n de los Burgos.<\/p>\n<p>El Pa\u00f1uelo de Pamplona-Iru\u00f1eko Zapia aparece entre las distinciones recogidas en el <strong>\u2018<\/strong>Reglamento de protocolo, ceremonial, honores y distinciones del Ayuntamiento de Pamplona\u2019 junto con la Medalla de Oro de Pamplona, el t\u00edtulo de Hijo\/a Predilecto\/a y t\u00edtulo de Hijo\/a Adoptivo\/a o la dedicaci\u00f3n de calles, plazas y monumentos. El pa\u00f1uelo es, tal y como recoge el reglamento, \u201cuna distinci\u00f3n honor\u00edfica que tiene por objeto premiar a las personas, f\u00edsicas o jur\u00eddicas, y entidades que por raz\u00f3n de su labor diaria, trayectoria personal o profesional, hayan contribuido de forma activa y notoria a la consolidaci\u00f3n de la proyecci\u00f3n de la ciudad de Pamplona en sus diferentes vertientes, su historia y su cultura o que hayan destacado por haber realizado una contribuci\u00f3n excepcional a las artes o las ciencias\u201d.<\/p>\n<p><strong>Reconocidos tras Paulina Fern\u00e1ndez y Javier Pagola<\/strong><\/p>\n<p>En 2016, primer a\u00f1o del galard\u00f3n fue reconocida Paulina Fern\u00e1ndez, propietaria de la Churrer\u00eda La Ma\u00f1ueta. De esta manera, el Consistorio quiso reconocer una figura referente en la ciudad por su legado gastron\u00f3mico-cultural y por su tes\u00f3n para impulsar y proteger el \u2018comercio familiar de toda la vida\u2019. Paulina Fern\u00e1ndez naci\u00f3 el 24 de octubre 1922. Es autora de dos publicaciones. La Churrer\u00eda La Ma\u00f1ueta fue fundada el 13 de diciembre de 1872 por Juan Fern\u00e1ndez Calero, abuelo de Paulina Fern\u00e1ndez, y ha mantenido desde entonces la misma elaboraci\u00f3n artesanal. Abre durante las fiestas de San Ferm\u00edn de 7 al 14 de julio y los domingos de octubre. Ha sido durante d\u00e9cadas punto de encuentro de miles de personas y un espacio referencial de inter\u00e9s social. Es una de las churrer\u00edas estatales m\u00e1s antiguas y que ha sabido mantener la tradici\u00f3n artesanal que ha pasado de generaci\u00f3n en generaci\u00f3n.<\/p>\n<p>El segundo Pa\u00f1uelo de Pamplona-Iru\u00f1eko Zapia recay\u00f3 en Javier Pagola por una trayectoria diversa, extensa y marcada por un denominador com\u00fan: el servicio a la ciudadan\u00eda, y de manera especial a la ciudadan\u00eda de Pamplona, realizada de manera desinteresada y con vocaci\u00f3n de servicio p\u00fablico. Periodista y escritor, buena parte de su trayectoria profesional ha estado ligada a la radio y la informaci\u00f3n local desde los micr\u00f3fonos de Radio Pamplona Cadena Ser. La vocaci\u00f3n de servicio de Javier Pagola continu\u00f3 a partir del a\u00f1o 2000 ayudando a las personas que m\u00e1s lo necesitaban. Fue director de comunicaci\u00f3n de la Organizaci\u00f3n de Cooperaci\u00f3n Medicus Mundi y ha contribuido, adem\u00e1s, a dinamizar proyectos e iniciativas sociales como las Aulas de la Tercera Edad y el Foro Gogoa. Las cuestiones del \u00e1mbito social y las relacionadas con Navarra han centrado buena parte de los contenidos de sus publicaciones.<\/p>\n<p>&nbsp;<\/p>\n","protected":false},"excerpt":{"rendered":"<p>La propuesta, en la que se ha valorado el trabajo de los tres ginec\u00f3logos en Andraize, se llevar\u00e1 a Pleno para su ratificaci\u00f3n el pr\u00f3ximo jueves<\/p>\n","protected":false},"author":1,"featured_media":14229,"comment_status":"open","ping_status":"closed","sticky":false,"template":"","format":"standard","meta":{"footnotes":""},"categories":[2],"tags":[],"class_list":["post-18632","post","type-post","status-publish","format-standard","has-post-thumbnail","hentry","category-ayuntamiento-pamplona"],"yoast_head":"<!-- This site is optimized with the Yoast SEO plugin v27.9 - https:\/\/yoast.com\/product\/yoast-seo-wordpress\/ -->\n<title>Elisa Sesma, Pablo S\u00e1nchez-Valverde y Mari Cruz Landa propuestos para el III Pa\u00f1uelo de Pamplona-Iru\u00f1eko Zapia<\/title>\n<meta name=\"robots\" content=\"index, follow, max-snippet:-1, max-image-preview:large, max-video-preview:-1\" \/>\n<link rel=\"canonical\" href=\"https:\/\/www.laguiadepamplona.com\/actualidad\/elisa-sesma-pablo-sanchez-valverde-y-mari-cruz-landa-propuestos-para-el-iii-panuelo-de-pamplona-iruneko-zapia\/\" \/>\n<meta property=\"og:locale\" content=\"es_ES\" \/>\n<meta property=\"og:type\" content=\"article\" \/>\n<meta property=\"og:title\" content=\"Elisa Sesma, Pablo S\u00e1nchez-Valverde y Mari Cruz Landa propuestos para el III Pa\u00f1uelo de Pamplona-Iru\u00f1eko Zapia\" \/>\n<meta property=\"og:description\" content=\"La propuesta, en la que se ha valorado el trabajo de los tres ginec\u00f3logos en Andraize, se llevar\u00e1 a Pleno para su ratificaci\u00f3n el pr\u00f3ximo jueves\" \/>\n<meta property=\"og:url\" content=\"https:\/\/www.laguiadepamplona.com\/actualidad\/elisa-sesma-pablo-sanchez-valverde-y-mari-cruz-landa-propuestos-para-el-iii-panuelo-de-pamplona-iruneko-zapia\/\" \/>\n<meta property=\"og:site_name\" content=\"La Gu\u00eda de Pamplona Noticias y actualidad\" \/>\n<meta property=\"article:publisher\" content=\"https:\/\/www.facebook.com\/laguiadepamplonacom-133175176762273\/?ref=hl\" \/>\n<meta property=\"article:published_time\" content=\"2018-09-04T14:16:47+00:00\" \/>\n<meta property=\"og:image\" content=\"https:\/\/www.laguiadepamplona.com\/actualidad\/wp-content\/uploads\/2017\/09\/entrega_pa\u00f1uelo_1.jpg\" \/>\n\t<meta property=\"og:image:width\" content=\"1000\" \/>\n\t<meta property=\"og:image:height\" content=\"666\" \/>\n\t<meta property=\"og:image:type\" content=\"image\/jpeg\" \/>\n<meta name=\"author\" content=\"La Gu\u00eda de Pamplona\" \/>\n<meta name=\"twitter:card\" content=\"summary_large_image\" \/>\n<meta name=\"twitter:creator\" content=\"@LaGuiadPamplona\" \/>\n<meta name=\"twitter:site\" content=\"@LaGuiadPamplona\" \/>\n<meta name=\"twitter:label1\" content=\"Escrito por\" \/>\n\t<meta name=\"twitter:data1\" content=\"La Gu\u00eda de Pamplona\" \/>\n\t<meta name=\"twitter:label2\" content=\"Tiempo de lectura\" \/>\n\t<meta name=\"twitter:data2\" content=\"5 minutos\" \/>\n<script type=\"application\/ld+json\" class=\"yoast-schema-graph\">{\"@context\":\"https:\\\/\\\/schema.org\",\"@graph\":[{\"@type\":\"Article\",\"@id\":\"https:\\\/\\\/www.laguiadepamplona.com\\\/actualidad\\\/elisa-sesma-pablo-sanchez-valverde-y-mari-cruz-landa-propuestos-para-el-iii-panuelo-de-pamplona-iruneko-zapia\\\/#article\",\"isPartOf\":{\"@id\":\"https:\\\/\\\/www.laguiadepamplona.com\\\/actualidad\\\/elisa-sesma-pablo-sanchez-valverde-y-mari-cruz-landa-propuestos-para-el-iii-panuelo-de-pamplona-iruneko-zapia\\\/\"},\"author\":{\"name\":\"La Gu\u00eda de Pamplona\",\"@id\":\"https:\\\/\\\/www.laguiadepamplona.com\\\/actualidad\\\/#\\\/schema\\\/person\\\/efe887376f0213d4657c93adc50b1fdb\"},\"headline\":\"Elisa Sesma, Pablo S\u00e1nchez-Valverde y Mari Cruz Landa propuestos para el III Pa\u00f1uelo de Pamplona-Iru\u00f1eko Zapia\",\"datePublished\":\"2018-09-04T14:16:47+00:00\",\"mainEntityOfPage\":{\"@id\":\"https:\\\/\\\/www.laguiadepamplona.com\\\/actualidad\\\/elisa-sesma-pablo-sanchez-valverde-y-mari-cruz-landa-propuestos-para-el-iii-panuelo-de-pamplona-iruneko-zapia\\\/\"},\"wordCount\":1022,\"commentCount\":0,\"publisher\":{\"@id\":\"https:\\\/\\\/www.laguiadepamplona.com\\\/actualidad\\\/#organization\"},\"image\":{\"@id\":\"https:\\\/\\\/www.laguiadepamplona.com\\\/actualidad\\\/elisa-sesma-pablo-sanchez-valverde-y-mari-cruz-landa-propuestos-para-el-iii-panuelo-de-pamplona-iruneko-zapia\\\/#primaryimage\"},\"thumbnailUrl\":\"https:\\\/\\\/www.laguiadepamplona.com\\\/actualidad\\\/wp-content\\\/uploads\\\/2017\\\/09\\\/entrega_pa\u00f1uelo_1.jpg\",\"articleSection\":[\"Ayto Pamplona\"],\"inLanguage\":\"es\",\"potentialAction\":[{\"@type\":\"CommentAction\",\"name\":\"Comment\",\"target\":[\"https:\\\/\\\/www.laguiadepamplona.com\\\/actualidad\\\/elisa-sesma-pablo-sanchez-valverde-y-mari-cruz-landa-propuestos-para-el-iii-panuelo-de-pamplona-iruneko-zapia\\\/#respond\"]}]},{\"@type\":\"WebPage\",\"@id\":\"https:\\\/\\\/www.laguiadepamplona.com\\\/actualidad\\\/elisa-sesma-pablo-sanchez-valverde-y-mari-cruz-landa-propuestos-para-el-iii-panuelo-de-pamplona-iruneko-zapia\\\/\",\"url\":\"https:\\\/\\\/www.laguiadepamplona.com\\\/actualidad\\\/elisa-sesma-pablo-sanchez-valverde-y-mari-cruz-landa-propuestos-para-el-iii-panuelo-de-pamplona-iruneko-zapia\\\/\",\"name\":\"Elisa Sesma, Pablo S\u00e1nchez-Valverde y Mari Cruz Landa propuestos para el III Pa\u00f1uelo de Pamplona-Iru\u00f1eko Zapia\",\"isPartOf\":{\"@id\":\"https:\\\/\\\/www.laguiadepamplona.com\\\/actualidad\\\/#website\"},\"primaryImageOfPage\":{\"@id\":\"https:\\\/\\\/www.laguiadepamplona.com\\\/actualidad\\\/elisa-sesma-pablo-sanchez-valverde-y-mari-cruz-landa-propuestos-para-el-iii-panuelo-de-pamplona-iruneko-zapia\\\/#primaryimage\"},\"image\":{\"@id\":\"https:\\\/\\\/www.laguiadepamplona.com\\\/actualidad\\\/elisa-sesma-pablo-sanchez-valverde-y-mari-cruz-landa-propuestos-para-el-iii-panuelo-de-pamplona-iruneko-zapia\\\/#primaryimage\"},\"thumbnailUrl\":\"https:\\\/\\\/www.laguiadepamplona.com\\\/actualidad\\\/wp-content\\\/uploads\\\/2017\\\/09\\\/entrega_pa\u00f1uelo_1.jpg\",\"datePublished\":\"2018-09-04T14:16:47+00:00\",\"breadcrumb\":{\"@id\":\"https:\\\/\\\/www.laguiadepamplona.com\\\/actualidad\\\/elisa-sesma-pablo-sanchez-valverde-y-mari-cruz-landa-propuestos-para-el-iii-panuelo-de-pamplona-iruneko-zapia\\\/#breadcrumb\"},\"inLanguage\":\"es\",\"potentialAction\":[{\"@type\":\"ReadAction\",\"target\":[\"https:\\\/\\\/www.laguiadepamplona.com\\\/actualidad\\\/elisa-sesma-pablo-sanchez-valverde-y-mari-cruz-landa-propuestos-para-el-iii-panuelo-de-pamplona-iruneko-zapia\\\/\"]}]},{\"@type\":\"ImageObject\",\"inLanguage\":\"es\",\"@id\":\"https:\\\/\\\/www.laguiadepamplona.com\\\/actualidad\\\/elisa-sesma-pablo-sanchez-valverde-y-mari-cruz-landa-propuestos-para-el-iii-panuelo-de-pamplona-iruneko-zapia\\\/#primaryimage\",\"url\":\"https:\\\/\\\/www.laguiadepamplona.com\\\/actualidad\\\/wp-content\\\/uploads\\\/2017\\\/09\\\/entrega_pa\u00f1uelo_1.jpg\",\"contentUrl\":\"https:\\\/\\\/www.laguiadepamplona.com\\\/actualidad\\\/wp-content\\\/uploads\\\/2017\\\/09\\\/entrega_pa\u00f1uelo_1.jpg\",\"width\":1000,\"height\":666,\"caption\":\"Foto de 2107\"},{\"@type\":\"BreadcrumbList\",\"@id\":\"https:\\\/\\\/www.laguiadepamplona.com\\\/actualidad\\\/elisa-sesma-pablo-sanchez-valverde-y-mari-cruz-landa-propuestos-para-el-iii-panuelo-de-pamplona-iruneko-zapia\\\/#breadcrumb\",\"itemListElement\":[{\"@type\":\"ListItem\",\"position\":1,\"name\":\"Portada\",\"item\":\"https:\\\/\\\/www.laguiadepamplona.com\\\/actualidad\\\/\"},{\"@type\":\"ListItem\",\"position\":2,\"name\":\"Elisa Sesma, Pablo S\u00e1nchez-Valverde y Mari Cruz Landa propuestos para el III Pa\u00f1uelo de Pamplona-Iru\u00f1eko Zapia\"}]},{\"@type\":\"WebSite\",\"@id\":\"https:\\\/\\\/www.laguiadepamplona.com\\\/actualidad\\\/#website\",\"url\":\"https:\\\/\\\/www.laguiadepamplona.com\\\/actualidad\\\/\",\"name\":\"La gu\u00eda de Pamplona\",\"description\":\"Noticias de Pamplona\",\"publisher\":{\"@id\":\"https:\\\/\\\/www.laguiadepamplona.com\\\/actualidad\\\/#organization\"},\"potentialAction\":[{\"@type\":\"SearchAction\",\"target\":{\"@type\":\"EntryPoint\",\"urlTemplate\":\"https:\\\/\\\/www.laguiadepamplona.com\\\/actualidad\\\/?s={search_term_string}\"},\"query-input\":{\"@type\":\"PropertyValueSpecification\",\"valueRequired\":true,\"valueName\":\"search_term_string\"}}],\"inLanguage\":\"es\"},{\"@type\":\"Organization\",\"@id\":\"https:\\\/\\\/www.laguiadepamplona.com\\\/actualidad\\\/#organization\",\"name\":\"La Gu\u00eda de Pamplona \\\/ Noticias\",\"url\":\"https:\\\/\\\/www.laguiadepamplona.com\\\/actualidad\\\/\",\"logo\":{\"@type\":\"ImageObject\",\"inLanguage\":\"es\",\"@id\":\"https:\\\/\\\/www.laguiadepamplona.com\\\/actualidad\\\/#\\\/schema\\\/logo\\\/image\\\/\",\"url\":\"https:\\\/\\\/www.laguiadepamplona.com\\\/actualidad\\\/wp-content\\\/uploads\\\/2018\\\/11\\\/logo-laguiadepamplona18-web1.png\",\"contentUrl\":\"https:\\\/\\\/www.laguiadepamplona.com\\\/actualidad\\\/wp-content\\\/uploads\\\/2018\\\/11\\\/logo-laguiadepamplona18-web1.png\",\"width\":600,\"height\":196,\"caption\":\"La Gu\u00eda de Pamplona \\\/ Noticias\"},\"image\":{\"@id\":\"https:\\\/\\\/www.laguiadepamplona.com\\\/actualidad\\\/#\\\/schema\\\/logo\\\/image\\\/\"},\"sameAs\":[\"https:\\\/\\\/www.facebook.com\\\/laguiadepamplonacom-133175176762273\\\/?ref=hl\",\"https:\\\/\\\/x.com\\\/LaGuiadPamplona\",\"https:\\\/\\\/www.instagram.com\\\/la_guia_de_pamplona\\\/\",\"https:\\\/\\\/www.youtube.com\\\/user\\\/laguiadepamplona\"]},{\"@type\":\"Person\",\"@id\":\"https:\\\/\\\/www.laguiadepamplona.com\\\/actualidad\\\/#\\\/schema\\\/person\\\/efe887376f0213d4657c93adc50b1fdb\",\"name\":\"La Gu\u00eda de Pamplona\",\"image\":{\"@type\":\"ImageObject\",\"inLanguage\":\"es\",\"@id\":\"https:\\\/\\\/secure.gravatar.com\\\/avatar\\\/b6992f131dc8d30ab0dff15446e9d346d9dbd95992de0fef795073f5ea83a81c?s=96&d=mm&r=g\",\"url\":\"https:\\\/\\\/secure.gravatar.com\\\/avatar\\\/b6992f131dc8d30ab0dff15446e9d346d9dbd95992de0fef795073f5ea83a81c?s=96&d=mm&r=g\",\"contentUrl\":\"https:\\\/\\\/secure.gravatar.com\\\/avatar\\\/b6992f131dc8d30ab0dff15446e9d346d9dbd95992de0fef795073f5ea83a81c?s=96&d=mm&r=g\",\"caption\":\"La Gu\u00eda de Pamplona\"}}]}<\/script>\n<!-- \/ Yoast SEO plugin. -->","yoast_head_json":{"title":"Elisa Sesma, Pablo S\u00e1nchez-Valverde y Mari Cruz Landa propuestos para el III Pa\u00f1uelo de Pamplona-Iru\u00f1eko Zapia","robots":{"index":"index","follow":"follow","max-snippet":"max-snippet:-1","max-image-preview":"max-image-preview:large","max-video-preview":"max-video-preview:-1"},"canonical":"https:\/\/www.laguiadepamplona.com\/actualidad\/elisa-sesma-pablo-sanchez-valverde-y-mari-cruz-landa-propuestos-para-el-iii-panuelo-de-pamplona-iruneko-zapia\/","og_locale":"es_ES","og_type":"article","og_title":"Elisa Sesma, Pablo S\u00e1nchez-Valverde y Mari Cruz Landa propuestos para el III Pa\u00f1uelo de Pamplona-Iru\u00f1eko Zapia","og_description":"La propuesta, en la que se ha valorado el trabajo de los tres ginec\u00f3logos en Andraize, se llevar\u00e1 a Pleno para su ratificaci\u00f3n el pr\u00f3ximo jueves","og_url":"https:\/\/www.laguiadepamplona.com\/actualidad\/elisa-sesma-pablo-sanchez-valverde-y-mari-cruz-landa-propuestos-para-el-iii-panuelo-de-pamplona-iruneko-zapia\/","og_site_name":"La Gu\u00eda de Pamplona Noticias y actualidad","article_publisher":"https:\/\/www.facebook.com\/laguiadepamplonacom-133175176762273\/?ref=hl","article_published_time":"2018-09-04T14:16:47+00:00","og_image":[{"width":1000,"height":666,"url":"https:\/\/www.laguiadepamplona.com\/actualidad\/wp-content\/uploads\/2017\/09\/entrega_pa\u00f1uelo_1.jpg","type":"image\/jpeg"}],"author":"La Gu\u00eda de Pamplona","twitter_card":"summary_large_image","twitter_creator":"@LaGuiadPamplona","twitter_site":"@LaGuiadPamplona","twitter_misc":{"Escrito por":"La Gu\u00eda de Pamplona","Tiempo de lectura":"5 minutos"},"schema":{"@context":"https:\/\/schema.org","@graph":[{"@type":"Article","@id":"https:\/\/www.laguiadepamplona.com\/actualidad\/elisa-sesma-pablo-sanchez-valverde-y-mari-cruz-landa-propuestos-para-el-iii-panuelo-de-pamplona-iruneko-zapia\/#article","isPartOf":{"@id":"https:\/\/www.laguiadepamplona.com\/actualidad\/elisa-sesma-pablo-sanchez-valverde-y-mari-cruz-landa-propuestos-para-el-iii-panuelo-de-pamplona-iruneko-zapia\/"},"author":{"name":"La Gu\u00eda de Pamplona","@id":"https:\/\/www.laguiadepamplona.com\/actualidad\/#\/schema\/person\/efe887376f0213d4657c93adc50b1fdb"},"headline":"Elisa Sesma, Pablo S\u00e1nchez-Valverde y Mari Cruz Landa propuestos para el III Pa\u00f1uelo de Pamplona-Iru\u00f1eko Zapia","datePublished":"2018-09-04T14:16:47+00:00","mainEntityOfPage":{"@id":"https:\/\/www.laguiadepamplona.com\/actualidad\/elisa-sesma-pablo-sanchez-valverde-y-mari-cruz-landa-propuestos-para-el-iii-panuelo-de-pamplona-iruneko-zapia\/"},"wordCount":1022,"commentCount":0,"publisher":{"@id":"https:\/\/www.laguiadepamplona.com\/actualidad\/#organization"},"image":{"@id":"https:\/\/www.laguiadepamplona.com\/actualidad\/elisa-sesma-pablo-sanchez-valverde-y-mari-cruz-landa-propuestos-para-el-iii-panuelo-de-pamplona-iruneko-zapia\/#primaryimage"},"thumbnailUrl":"https:\/\/www.laguiadepamplona.com\/actualidad\/wp-content\/uploads\/2017\/09\/entrega_pa\u00f1uelo_1.jpg","articleSection":["Ayto Pamplona"],"inLanguage":"es","potentialAction":[{"@type":"CommentAction","name":"Comment","target":["https:\/\/www.laguiadepamplona.com\/actualidad\/elisa-sesma-pablo-sanchez-valverde-y-mari-cruz-landa-propuestos-para-el-iii-panuelo-de-pamplona-iruneko-zapia\/#respond"]}]},{"@type":"WebPage","@id":"https:\/\/www.laguiadepamplona.com\/actualidad\/elisa-sesma-pablo-sanchez-valverde-y-mari-cruz-landa-propuestos-para-el-iii-panuelo-de-pamplona-iruneko-zapia\/","url":"https:\/\/www.laguiadepamplona.com\/actualidad\/elisa-sesma-pablo-sanchez-valverde-y-mari-cruz-landa-propuestos-para-el-iii-panuelo-de-pamplona-iruneko-zapia\/","name":"Elisa Sesma, Pablo S\u00e1nchez-Valverde y Mari Cruz Landa propuestos para el III Pa\u00f1uelo de Pamplona-Iru\u00f1eko Zapia","isPartOf":{"@id":"https:\/\/www.laguiadepamplona.com\/actualidad\/#website"},"primaryImageOfPage":{"@id":"https:\/\/www.laguiadepamplona.com\/actualidad\/elisa-sesma-pablo-sanchez-valverde-y-mari-cruz-landa-propuestos-para-el-iii-panuelo-de-pamplona-iruneko-zapia\/#primaryimage"},"image":{"@id":"https:\/\/www.laguiadepamplona.com\/actualidad\/elisa-sesma-pablo-sanchez-valverde-y-mari-cruz-landa-propuestos-para-el-iii-panuelo-de-pamplona-iruneko-zapia\/#primaryimage"},"thumbnailUrl":"https:\/\/www.laguiadepamplona.com\/actualidad\/wp-content\/uploads\/2017\/09\/entrega_pa\u00f1uelo_1.jpg","datePublished":"2018-09-04T14:16:47+00:00","breadcrumb":{"@id":"https:\/\/www.laguiadepamplona.com\/actualidad\/elisa-sesma-pablo-sanchez-valverde-y-mari-cruz-landa-propuestos-para-el-iii-panuelo-de-pamplona-iruneko-zapia\/#breadcrumb"},"inLanguage":"es","potentialAction":[{"@type":"ReadAction","target":["https:\/\/www.laguiadepamplona.com\/actualidad\/elisa-sesma-pablo-sanchez-valverde-y-mari-cruz-landa-propuestos-para-el-iii-panuelo-de-pamplona-iruneko-zapia\/"]}]},{"@type":"ImageObject","inLanguage":"es","@id":"https:\/\/www.laguiadepamplona.com\/actualidad\/elisa-sesma-pablo-sanchez-valverde-y-mari-cruz-landa-propuestos-para-el-iii-panuelo-de-pamplona-iruneko-zapia\/#primaryimage","url":"https:\/\/www.laguiadepamplona.com\/actualidad\/wp-content\/uploads\/2017\/09\/entrega_pa\u00f1uelo_1.jpg","contentUrl":"https:\/\/www.laguiadepamplona.com\/actualidad\/wp-content\/uploads\/2017\/09\/entrega_pa\u00f1uelo_1.jpg","width":1000,"height":666,"caption":"Foto de 2107"},{"@type":"BreadcrumbList","@id":"https:\/\/www.laguiadepamplona.com\/actualidad\/elisa-sesma-pablo-sanchez-valverde-y-mari-cruz-landa-propuestos-para-el-iii-panuelo-de-pamplona-iruneko-zapia\/#breadcrumb","itemListElement":[{"@type":"ListItem","position":1,"name":"Portada","item":"https:\/\/www.laguiadepamplona.com\/actualidad\/"},{"@type":"ListItem","position":2,"name":"Elisa Sesma, Pablo S\u00e1nchez-Valverde y Mari Cruz Landa propuestos para el III Pa\u00f1uelo de Pamplona-Iru\u00f1eko Zapia"}]},{"@type":"WebSite","@id":"https:\/\/www.laguiadepamplona.com\/actualidad\/#website","url":"https:\/\/www.laguiadepamplona.com\/actualidad\/","name":"La gu\u00eda de Pamplona","description":"Noticias de Pamplona","publisher":{"@id":"https:\/\/www.laguiadepamplona.com\/actualidad\/#organization"},"potentialAction":[{"@type":"SearchAction","target":{"@type":"EntryPoint","urlTemplate":"https:\/\/www.laguiadepamplona.com\/actualidad\/?s={search_term_string}"},"query-input":{"@type":"PropertyValueSpecification","valueRequired":true,"valueName":"search_term_string"}}],"inLanguage":"es"},{"@type":"Organization","@id":"https:\/\/www.laguiadepamplona.com\/actualidad\/#organization","name":"La Gu\u00eda de Pamplona \/ Noticias","url":"https:\/\/www.laguiadepamplona.com\/actualidad\/","logo":{"@type":"ImageObject","inLanguage":"es","@id":"https:\/\/www.laguiadepamplona.com\/actualidad\/#\/schema\/logo\/image\/","url":"https:\/\/www.laguiadepamplona.com\/actualidad\/wp-content\/uploads\/2018\/11\/logo-laguiadepamplona18-web1.png","contentUrl":"https:\/\/www.laguiadepamplona.com\/actualidad\/wp-content\/uploads\/2018\/11\/logo-laguiadepamplona18-web1.png","width":600,"height":196,"caption":"La Gu\u00eda de Pamplona \/ Noticias"},"image":{"@id":"https:\/\/www.laguiadepamplona.com\/actualidad\/#\/schema\/logo\/image\/"},"sameAs":["https:\/\/www.facebook.com\/laguiadepamplonacom-133175176762273\/?ref=hl","https:\/\/x.com\/LaGuiadPamplona","https:\/\/www.instagram.com\/la_guia_de_pamplona\/","https:\/\/www.youtube.com\/user\/laguiadepamplona"]},{"@type":"Person","@id":"https:\/\/www.laguiadepamplona.com\/actualidad\/#\/schema\/person\/efe887376f0213d4657c93adc50b1fdb","name":"La Gu\u00eda de Pamplona","image":{"@type":"ImageObject","inLanguage":"es","@id":"https:\/\/secure.gravatar.com\/avatar\/b6992f131dc8d30ab0dff15446e9d346d9dbd95992de0fef795073f5ea83a81c?s=96&d=mm&r=g","url":"https:\/\/secure.gravatar.com\/avatar\/b6992f131dc8d30ab0dff15446e9d346d9dbd95992de0fef795073f5ea83a81c?s=96&d=mm&r=g","contentUrl":"https:\/\/secure.gravatar.com\/avatar\/b6992f131dc8d30ab0dff15446e9d346d9dbd95992de0fef795073f5ea83a81c?s=96&d=mm&r=g","caption":"La Gu\u00eda de Pamplona"}}]}},"post_mailing_queue_ids":[],"_links":{"self":[{"href":"https:\/\/www.laguiadepamplona.com\/actualidad\/wp-json\/wp\/v2\/posts\/18632","targetHints":{"allow":["GET"]}}],"collection":[{"href":"https:\/\/www.laguiadepamplona.com\/actualidad\/wp-json\/wp\/v2\/posts"}],"about":[{"href":"https:\/\/www.laguiadepamplona.com\/actualidad\/wp-json\/wp\/v2\/types\/post"}],"author":[{"embeddable":true,"href":"https:\/\/www.laguiadepamplona.com\/actualidad\/wp-json\/wp\/v2\/users\/1"}],"replies":[{"embeddable":true,"href":"https:\/\/www.laguiadepamplona.com\/actualidad\/wp-json\/wp\/v2\/comments?post=18632"}],"version-history":[{"count":0,"href":"https:\/\/www.laguiadepamplona.com\/actualidad\/wp-json\/wp\/v2\/posts\/18632\/revisions"}],"wp:featuredmedia":[{"embeddable":true,"href":"https:\/\/www.laguiadepamplona.com\/actualidad\/wp-json\/wp\/v2\/media\/14229"}],"wp:attachment":[{"href":"https:\/\/www.laguiadepamplona.com\/actualidad\/wp-json\/wp\/v2\/media?parent=18632"}],"wp:term":[{"taxonomy":"category","embeddable":true,"href":"https:\/\/www.laguiadepamplona.com\/actualidad\/wp-json\/wp\/v2\/categories?post=18632"},{"taxonomy":"post_tag","embeddable":true,"href":"https:\/\/www.laguiadepamplona.com\/actualidad\/wp-json\/wp\/v2\/tags?post=18632"}],"curies":[{"name":"wp","href":"https:\/\/api.w.org\/{rel}","templated":true}]}}