{"id":18630,"date":"2018-09-04T16:03:55","date_gmt":"2018-09-04T14:03:55","guid":{"rendered":"https:\/\/www.laguiadepamplona.es\/actualidad\/?p=18630"},"modified":"2018-09-04T16:03:55","modified_gmt":"2018-09-04T14:03:55","slug":"la-red-de-centros-civivox-presenta-en-septiembre-siete-exposiciones-diferentes-de-pintura-y-dibujo","status":"publish","type":"post","link":"https:\/\/www.laguiadepamplona.com\/actualidad\/la-red-de-centros-civivox-presenta-en-septiembre-siete-exposiciones-diferentes-de-pintura-y-dibujo\/","title":{"rendered":"La red de centros Civivox presenta en septiembre siete exposiciones diferentes de pintura y dibujo"},"content":{"rendered":"<h3>Las muestras pueden verse en Civivox Ensanche, Iturrama, Mendillorri, Milagrosa, Jus la Rocha y San Jorge<\/h3>\n<p><!--more--><\/p>\n<p>La red de centros Civivox presenta a lo largo del mes de septiembre siete exposiciones diferentes, la mayor\u00eda con la pintura y el dibujo como protagonistas. Civivox Ensanche acoge desde hoy hasta el d\u00eda 20 la muestra \u2018S\u00edntesis de contrarios. La riqueza de la pobreza y la grandeza de lo peque\u00f1o\u2019 en la que puede verse una selecci\u00f3n de trabajos de pintura al \u00f3leo realizados por M\u00aa Cruz Maravillas Ilzarbe Azcona. Hasta el d\u00eda 15 de septiembre est\u00e1 abierta, en Civivox Iturrama, la exposici\u00f3n de pintura de los trabajos realizados por la Asociaci\u00f3n de dibujo y pintura Sofonisba. A esta muestra le seguir\u00e1 en el mismo espacio, del 18 al 29 de septiembre, otra con obras de la Asociaci\u00f3n Pintana pintores aficionados de Navarra.<\/p>\n<p><script async src=\"\/\/pagead2.googlesyndication.com\/pagead\/js\/adsbygoogle.js\"><\/script><br \/>\n<!-- Noticias La Guia de Pamplona --><br \/>\n<ins class=\"adsbygoogle\"\nstyle=\"display:block\"\ndata-ad-client=\"ca-pub-6943679897239327\"\ndata-ad-slot=\"7048180777\"\ndata-ad-format=\"auto\"><\/ins><br \/>\n<script>\n(adsbygoogle = window.adsbygoogle || []).push({});\n<\/script><\/p>\n<p>En Civivox Mendillorri, desde este jueves hasta el d\u00eda 27, Jes\u00fas Basterrechea presenta \u2018Contornos\u2019 con obras realizadas entre 2016 y 2018 que tratan temas variados y en las que se han empleado distintos estilos, con el contorno de las figuras como punto en com\u00fan. La Fundaci\u00f3n Atena es quien ocupa el espacio expositivo en Milagrosa del 12 al 29. Bajo el t\u00edtulo \u2018Universo NAIF\u2019 se presenta una exposici\u00f3n de pintura realizada por personas con discapacidad intelectual, inspirada en la obra de Karla Gerard, prestigiosa artista de pintura abstracta. Las obras destacan por los colores brillantes y proporciones llamativas y extravagantes, dando como resultado una perspectiva intuitiva y personal.<\/p>\n<p>La Asociaci\u00f3n Gure Lan Berri da a conocer los trabajos realizados en los cursos de dibujo y pintura, impartidos por Lola Azparren, y manualidades, con Antonia Mar\u00edn, en Civivox Jus la Rocha del 10 al 28 de septiembre en \u2018Recorridos vitales\u2019. Por \u00faltimo, del 6 al 27, Marta M\u00e9ndez Garatea lleva a Civivox San Jorge un trocito de Buenos Aires y de la cultura porte\u00f1a a trav\u00e9s de dibujos realizados con diferentes t\u00e9cnicas: l\u00e1piz, pilot, acuarelas y rotuladores.<\/p>\n<p>El horario de visita de las exposiciones es el mismo que el que tienen los Civivox. Durante la primera quincena de septiembre abren de lunes a s\u00e1bado, de 9 a 14 horas y de 17 a 22 horas. A partir del d\u00eda 15, Condestable estar\u00e1 abierto los domingos, de 9 a 14 y de 17 a 22 horas. Iturrama, Mendillorri y San Jorge abrir\u00e1n tambi\u00e9n los domingos, seg\u00fan la programaci\u00f3n que acojan.<\/p>\n<p><strong>Exposiciones Red Civivox. Septiembre<\/strong><\/p>\n<ul>\n<li>Civivox Ensanche. 4-20 de septiembre. S\u00edntesis de contrarios. La riqueza de la pobreza y la grandeza de lo peque\u00f1o.<\/li>\n<li>Civivox Iturrama. 3-15 de septiembre. Asociaci\u00f3n de dibujo y pintura Sofonisba<\/li>\n<li>Civivox Iturrama. 18-29 de septiembre. Asociaci\u00f3n Pintana pintores aficionados de Navarra<\/li>\n<li>Civivox Mendillorri. 6-27 de septiembre. Contornos. Jes\u00fas Basterrechea<\/li>\n<li>Civivox Milagrosa. 12-29 de septiembre. Universo NAIF. Fundaci\u00f3n Atena<\/li>\n<li>Civivox Jus la Rocha. 10-28 de septiembre. Recorridos vitales<\/li>\n<\/ul>\n<p>Civivox San Jorge. 6-27 de septiembre. Paseando por Buenos Aires y el conurbano<\/p>\n<p>&nbsp;<\/p>\n","protected":false},"excerpt":{"rendered":"<p>Las muestras pueden verse en Civivox Ensanche, Iturrama, Mendillorri, Milagrosa, Jus la Rocha y San Jorge<\/p>\n","protected":false},"author":1,"featured_media":11047,"comment_status":"open","ping_status":"closed","sticky":false,"template":"","format":"standard","meta":{"footnotes":""},"categories":[2],"tags":[],"class_list":["post-18630","post","type-post","status-publish","format-standard","has-post-thumbnail","hentry","category-ayuntamiento-pamplona"],"yoast_head":"<!-- This site is optimized with the Yoast SEO plugin v27.9 - https:\/\/yoast.com\/product\/yoast-seo-wordpress\/ -->\n<title>La red de centros Civivox presenta en septiembre siete exposiciones diferentes de pintura y dibujo<\/title>\n<meta name=\"robots\" content=\"index, follow, max-snippet:-1, max-image-preview:large, max-video-preview:-1\" \/>\n<link rel=\"canonical\" href=\"https:\/\/www.laguiadepamplona.com\/actualidad\/la-red-de-centros-civivox-presenta-en-septiembre-siete-exposiciones-diferentes-de-pintura-y-dibujo\/\" \/>\n<meta property=\"og:locale\" content=\"es_ES\" \/>\n<meta property=\"og:type\" content=\"article\" \/>\n<meta property=\"og:title\" content=\"La red de centros Civivox presenta en septiembre siete exposiciones diferentes de pintura y dibujo\" \/>\n<meta property=\"og:description\" content=\"Las muestras pueden verse en Civivox Ensanche, Iturrama, Mendillorri, Milagrosa, Jus la Rocha y San Jorge\" \/>\n<meta property=\"og:url\" content=\"https:\/\/www.laguiadepamplona.com\/actualidad\/la-red-de-centros-civivox-presenta-en-septiembre-siete-exposiciones-diferentes-de-pintura-y-dibujo\/\" \/>\n<meta property=\"og:site_name\" content=\"La Gu\u00eda de Pamplona Noticias y actualidad\" \/>\n<meta property=\"article:publisher\" content=\"https:\/\/www.facebook.com\/laguiadepamplonacom-133175176762273\/?ref=hl\" \/>\n<meta property=\"article:published_time\" content=\"2018-09-04T14:03:55+00:00\" \/>\n<meta property=\"og:image\" content=\"https:\/\/www.laguiadepamplona.com\/actualidad\/wp-content\/uploads\/2016\/12\/civivox-san-jorge.jpg\" \/>\n\t<meta property=\"og:image:width\" content=\"900\" \/>\n\t<meta property=\"og:image:height\" content=\"675\" \/>\n\t<meta property=\"og:image:type\" content=\"image\/jpeg\" \/>\n<meta name=\"author\" content=\"La Gu\u00eda de Pamplona\" \/>\n<meta name=\"twitter:card\" content=\"summary_large_image\" \/>\n<meta name=\"twitter:creator\" content=\"@LaGuiadPamplona\" \/>\n<meta name=\"twitter:site\" content=\"@LaGuiadPamplona\" \/>\n<meta name=\"twitter:label1\" content=\"Escrito por\" \/>\n\t<meta name=\"twitter:data1\" content=\"La Gu\u00eda de Pamplona\" \/>\n\t<meta name=\"twitter:label2\" content=\"Tiempo de lectura\" \/>\n\t<meta name=\"twitter:data2\" content=\"2 minutos\" \/>\n<script type=\"application\/ld+json\" class=\"yoast-schema-graph\">{\"@context\":\"https:\\\/\\\/schema.org\",\"@graph\":[{\"@type\":\"Article\",\"@id\":\"https:\\\/\\\/www.laguiadepamplona.com\\\/actualidad\\\/la-red-de-centros-civivox-presenta-en-septiembre-siete-exposiciones-diferentes-de-pintura-y-dibujo\\\/#article\",\"isPartOf\":{\"@id\":\"https:\\\/\\\/www.laguiadepamplona.com\\\/actualidad\\\/la-red-de-centros-civivox-presenta-en-septiembre-siete-exposiciones-diferentes-de-pintura-y-dibujo\\\/\"},\"author\":{\"name\":\"La Gu\u00eda de Pamplona\",\"@id\":\"https:\\\/\\\/www.laguiadepamplona.com\\\/actualidad\\\/#\\\/schema\\\/person\\\/efe887376f0213d4657c93adc50b1fdb\"},\"headline\":\"La red de centros Civivox presenta en septiembre siete exposiciones diferentes de pintura y dibujo\",\"datePublished\":\"2018-09-04T14:03:55+00:00\",\"mainEntityOfPage\":{\"@id\":\"https:\\\/\\\/www.laguiadepamplona.com\\\/actualidad\\\/la-red-de-centros-civivox-presenta-en-septiembre-siete-exposiciones-diferentes-de-pintura-y-dibujo\\\/\"},\"wordCount\":510,\"commentCount\":0,\"publisher\":{\"@id\":\"https:\\\/\\\/www.laguiadepamplona.com\\\/actualidad\\\/#organization\"},\"image\":{\"@id\":\"https:\\\/\\\/www.laguiadepamplona.com\\\/actualidad\\\/la-red-de-centros-civivox-presenta-en-septiembre-siete-exposiciones-diferentes-de-pintura-y-dibujo\\\/#primaryimage\"},\"thumbnailUrl\":\"https:\\\/\\\/www.laguiadepamplona.com\\\/actualidad\\\/wp-content\\\/uploads\\\/2016\\\/12\\\/civivox-san-jorge.jpg\",\"articleSection\":[\"Ayto Pamplona\"],\"inLanguage\":\"es\",\"potentialAction\":[{\"@type\":\"CommentAction\",\"name\":\"Comment\",\"target\":[\"https:\\\/\\\/www.laguiadepamplona.com\\\/actualidad\\\/la-red-de-centros-civivox-presenta-en-septiembre-siete-exposiciones-diferentes-de-pintura-y-dibujo\\\/#respond\"]}]},{\"@type\":\"WebPage\",\"@id\":\"https:\\\/\\\/www.laguiadepamplona.com\\\/actualidad\\\/la-red-de-centros-civivox-presenta-en-septiembre-siete-exposiciones-diferentes-de-pintura-y-dibujo\\\/\",\"url\":\"https:\\\/\\\/www.laguiadepamplona.com\\\/actualidad\\\/la-red-de-centros-civivox-presenta-en-septiembre-siete-exposiciones-diferentes-de-pintura-y-dibujo\\\/\",\"name\":\"La red de centros Civivox presenta en septiembre siete exposiciones diferentes de pintura y dibujo\",\"isPartOf\":{\"@id\":\"https:\\\/\\\/www.laguiadepamplona.com\\\/actualidad\\\/#website\"},\"primaryImageOfPage\":{\"@id\":\"https:\\\/\\\/www.laguiadepamplona.com\\\/actualidad\\\/la-red-de-centros-civivox-presenta-en-septiembre-siete-exposiciones-diferentes-de-pintura-y-dibujo\\\/#primaryimage\"},\"image\":{\"@id\":\"https:\\\/\\\/www.laguiadepamplona.com\\\/actualidad\\\/la-red-de-centros-civivox-presenta-en-septiembre-siete-exposiciones-diferentes-de-pintura-y-dibujo\\\/#primaryimage\"},\"thumbnailUrl\":\"https:\\\/\\\/www.laguiadepamplona.com\\\/actualidad\\\/wp-content\\\/uploads\\\/2016\\\/12\\\/civivox-san-jorge.jpg\",\"datePublished\":\"2018-09-04T14:03:55+00:00\",\"breadcrumb\":{\"@id\":\"https:\\\/\\\/www.laguiadepamplona.com\\\/actualidad\\\/la-red-de-centros-civivox-presenta-en-septiembre-siete-exposiciones-diferentes-de-pintura-y-dibujo\\\/#breadcrumb\"},\"inLanguage\":\"es\",\"potentialAction\":[{\"@type\":\"ReadAction\",\"target\":[\"https:\\\/\\\/www.laguiadepamplona.com\\\/actualidad\\\/la-red-de-centros-civivox-presenta-en-septiembre-siete-exposiciones-diferentes-de-pintura-y-dibujo\\\/\"]}]},{\"@type\":\"ImageObject\",\"inLanguage\":\"es\",\"@id\":\"https:\\\/\\\/www.laguiadepamplona.com\\\/actualidad\\\/la-red-de-centros-civivox-presenta-en-septiembre-siete-exposiciones-diferentes-de-pintura-y-dibujo\\\/#primaryimage\",\"url\":\"https:\\\/\\\/www.laguiadepamplona.com\\\/actualidad\\\/wp-content\\\/uploads\\\/2016\\\/12\\\/civivox-san-jorge.jpg\",\"contentUrl\":\"https:\\\/\\\/www.laguiadepamplona.com\\\/actualidad\\\/wp-content\\\/uploads\\\/2016\\\/12\\\/civivox-san-jorge.jpg\",\"width\":900,\"height\":675},{\"@type\":\"BreadcrumbList\",\"@id\":\"https:\\\/\\\/www.laguiadepamplona.com\\\/actualidad\\\/la-red-de-centros-civivox-presenta-en-septiembre-siete-exposiciones-diferentes-de-pintura-y-dibujo\\\/#breadcrumb\",\"itemListElement\":[{\"@type\":\"ListItem\",\"position\":1,\"name\":\"Portada\",\"item\":\"https:\\\/\\\/www.laguiadepamplona.com\\\/actualidad\\\/\"},{\"@type\":\"ListItem\",\"position\":2,\"name\":\"La red de centros Civivox presenta en septiembre siete exposiciones diferentes de pintura y dibujo\"}]},{\"@type\":\"WebSite\",\"@id\":\"https:\\\/\\\/www.laguiadepamplona.com\\\/actualidad\\\/#website\",\"url\":\"https:\\\/\\\/www.laguiadepamplona.com\\\/actualidad\\\/\",\"name\":\"La gu\u00eda de Pamplona\",\"description\":\"Noticias de Pamplona\",\"publisher\":{\"@id\":\"https:\\\/\\\/www.laguiadepamplona.com\\\/actualidad\\\/#organization\"},\"potentialAction\":[{\"@type\":\"SearchAction\",\"target\":{\"@type\":\"EntryPoint\",\"urlTemplate\":\"https:\\\/\\\/www.laguiadepamplona.com\\\/actualidad\\\/?s={search_term_string}\"},\"query-input\":{\"@type\":\"PropertyValueSpecification\",\"valueRequired\":true,\"valueName\":\"search_term_string\"}}],\"inLanguage\":\"es\"},{\"@type\":\"Organization\",\"@id\":\"https:\\\/\\\/www.laguiadepamplona.com\\\/actualidad\\\/#organization\",\"name\":\"La Gu\u00eda de Pamplona \\\/ Noticias\",\"url\":\"https:\\\/\\\/www.laguiadepamplona.com\\\/actualidad\\\/\",\"logo\":{\"@type\":\"ImageObject\",\"inLanguage\":\"es\",\"@id\":\"https:\\\/\\\/www.laguiadepamplona.com\\\/actualidad\\\/#\\\/schema\\\/logo\\\/image\\\/\",\"url\":\"https:\\\/\\\/www.laguiadepamplona.com\\\/actualidad\\\/wp-content\\\/uploads\\\/2018\\\/11\\\/logo-laguiadepamplona18-web1.png\",\"contentUrl\":\"https:\\\/\\\/www.laguiadepamplona.com\\\/actualidad\\\/wp-content\\\/uploads\\\/2018\\\/11\\\/logo-laguiadepamplona18-web1.png\",\"width\":600,\"height\":196,\"caption\":\"La Gu\u00eda de Pamplona \\\/ Noticias\"},\"image\":{\"@id\":\"https:\\\/\\\/www.laguiadepamplona.com\\\/actualidad\\\/#\\\/schema\\\/logo\\\/image\\\/\"},\"sameAs\":[\"https:\\\/\\\/www.facebook.com\\\/laguiadepamplonacom-133175176762273\\\/?ref=hl\",\"https:\\\/\\\/x.com\\\/LaGuiadPamplona\",\"https:\\\/\\\/www.instagram.com\\\/la_guia_de_pamplona\\\/\",\"https:\\\/\\\/www.youtube.com\\\/user\\\/laguiadepamplona\"]},{\"@type\":\"Person\",\"@id\":\"https:\\\/\\\/www.laguiadepamplona.com\\\/actualidad\\\/#\\\/schema\\\/person\\\/efe887376f0213d4657c93adc50b1fdb\",\"name\":\"La Gu\u00eda de Pamplona\",\"image\":{\"@type\":\"ImageObject\",\"inLanguage\":\"es\",\"@id\":\"https:\\\/\\\/secure.gravatar.com\\\/avatar\\\/b6992f131dc8d30ab0dff15446e9d346d9dbd95992de0fef795073f5ea83a81c?s=96&d=mm&r=g\",\"url\":\"https:\\\/\\\/secure.gravatar.com\\\/avatar\\\/b6992f131dc8d30ab0dff15446e9d346d9dbd95992de0fef795073f5ea83a81c?s=96&d=mm&r=g\",\"contentUrl\":\"https:\\\/\\\/secure.gravatar.com\\\/avatar\\\/b6992f131dc8d30ab0dff15446e9d346d9dbd95992de0fef795073f5ea83a81c?s=96&d=mm&r=g\",\"caption\":\"La Gu\u00eda de Pamplona\"}}]}<\/script>\n<!-- \/ Yoast SEO plugin. -->","yoast_head_json":{"title":"La red de centros Civivox presenta en septiembre siete exposiciones diferentes de pintura y dibujo","robots":{"index":"index","follow":"follow","max-snippet":"max-snippet:-1","max-image-preview":"max-image-preview:large","max-video-preview":"max-video-preview:-1"},"canonical":"https:\/\/www.laguiadepamplona.com\/actualidad\/la-red-de-centros-civivox-presenta-en-septiembre-siete-exposiciones-diferentes-de-pintura-y-dibujo\/","og_locale":"es_ES","og_type":"article","og_title":"La red de centros Civivox presenta en septiembre siete exposiciones diferentes de pintura y dibujo","og_description":"Las muestras pueden verse en Civivox Ensanche, Iturrama, Mendillorri, Milagrosa, Jus la Rocha y San Jorge","og_url":"https:\/\/www.laguiadepamplona.com\/actualidad\/la-red-de-centros-civivox-presenta-en-septiembre-siete-exposiciones-diferentes-de-pintura-y-dibujo\/","og_site_name":"La Gu\u00eda de Pamplona Noticias y actualidad","article_publisher":"https:\/\/www.facebook.com\/laguiadepamplonacom-133175176762273\/?ref=hl","article_published_time":"2018-09-04T14:03:55+00:00","og_image":[{"width":900,"height":675,"url":"https:\/\/www.laguiadepamplona.com\/actualidad\/wp-content\/uploads\/2016\/12\/civivox-san-jorge.jpg","type":"image\/jpeg"}],"author":"La Gu\u00eda de Pamplona","twitter_card":"summary_large_image","twitter_creator":"@LaGuiadPamplona","twitter_site":"@LaGuiadPamplona","twitter_misc":{"Escrito por":"La Gu\u00eda de Pamplona","Tiempo de lectura":"2 minutos"},"schema":{"@context":"https:\/\/schema.org","@graph":[{"@type":"Article","@id":"https:\/\/www.laguiadepamplona.com\/actualidad\/la-red-de-centros-civivox-presenta-en-septiembre-siete-exposiciones-diferentes-de-pintura-y-dibujo\/#article","isPartOf":{"@id":"https:\/\/www.laguiadepamplona.com\/actualidad\/la-red-de-centros-civivox-presenta-en-septiembre-siete-exposiciones-diferentes-de-pintura-y-dibujo\/"},"author":{"name":"La Gu\u00eda de Pamplona","@id":"https:\/\/www.laguiadepamplona.com\/actualidad\/#\/schema\/person\/efe887376f0213d4657c93adc50b1fdb"},"headline":"La red de centros Civivox presenta en septiembre siete exposiciones diferentes de pintura y dibujo","datePublished":"2018-09-04T14:03:55+00:00","mainEntityOfPage":{"@id":"https:\/\/www.laguiadepamplona.com\/actualidad\/la-red-de-centros-civivox-presenta-en-septiembre-siete-exposiciones-diferentes-de-pintura-y-dibujo\/"},"wordCount":510,"commentCount":0,"publisher":{"@id":"https:\/\/www.laguiadepamplona.com\/actualidad\/#organization"},"image":{"@id":"https:\/\/www.laguiadepamplona.com\/actualidad\/la-red-de-centros-civivox-presenta-en-septiembre-siete-exposiciones-diferentes-de-pintura-y-dibujo\/#primaryimage"},"thumbnailUrl":"https:\/\/www.laguiadepamplona.com\/actualidad\/wp-content\/uploads\/2016\/12\/civivox-san-jorge.jpg","articleSection":["Ayto Pamplona"],"inLanguage":"es","potentialAction":[{"@type":"CommentAction","name":"Comment","target":["https:\/\/www.laguiadepamplona.com\/actualidad\/la-red-de-centros-civivox-presenta-en-septiembre-siete-exposiciones-diferentes-de-pintura-y-dibujo\/#respond"]}]},{"@type":"WebPage","@id":"https:\/\/www.laguiadepamplona.com\/actualidad\/la-red-de-centros-civivox-presenta-en-septiembre-siete-exposiciones-diferentes-de-pintura-y-dibujo\/","url":"https:\/\/www.laguiadepamplona.com\/actualidad\/la-red-de-centros-civivox-presenta-en-septiembre-siete-exposiciones-diferentes-de-pintura-y-dibujo\/","name":"La red de centros Civivox presenta en septiembre siete exposiciones diferentes de pintura y dibujo","isPartOf":{"@id":"https:\/\/www.laguiadepamplona.com\/actualidad\/#website"},"primaryImageOfPage":{"@id":"https:\/\/www.laguiadepamplona.com\/actualidad\/la-red-de-centros-civivox-presenta-en-septiembre-siete-exposiciones-diferentes-de-pintura-y-dibujo\/#primaryimage"},"image":{"@id":"https:\/\/www.laguiadepamplona.com\/actualidad\/la-red-de-centros-civivox-presenta-en-septiembre-siete-exposiciones-diferentes-de-pintura-y-dibujo\/#primaryimage"},"thumbnailUrl":"https:\/\/www.laguiadepamplona.com\/actualidad\/wp-content\/uploads\/2016\/12\/civivox-san-jorge.jpg","datePublished":"2018-09-04T14:03:55+00:00","breadcrumb":{"@id":"https:\/\/www.laguiadepamplona.com\/actualidad\/la-red-de-centros-civivox-presenta-en-septiembre-siete-exposiciones-diferentes-de-pintura-y-dibujo\/#breadcrumb"},"inLanguage":"es","potentialAction":[{"@type":"ReadAction","target":["https:\/\/www.laguiadepamplona.com\/actualidad\/la-red-de-centros-civivox-presenta-en-septiembre-siete-exposiciones-diferentes-de-pintura-y-dibujo\/"]}]},{"@type":"ImageObject","inLanguage":"es","@id":"https:\/\/www.laguiadepamplona.com\/actualidad\/la-red-de-centros-civivox-presenta-en-septiembre-siete-exposiciones-diferentes-de-pintura-y-dibujo\/#primaryimage","url":"https:\/\/www.laguiadepamplona.com\/actualidad\/wp-content\/uploads\/2016\/12\/civivox-san-jorge.jpg","contentUrl":"https:\/\/www.laguiadepamplona.com\/actualidad\/wp-content\/uploads\/2016\/12\/civivox-san-jorge.jpg","width":900,"height":675},{"@type":"BreadcrumbList","@id":"https:\/\/www.laguiadepamplona.com\/actualidad\/la-red-de-centros-civivox-presenta-en-septiembre-siete-exposiciones-diferentes-de-pintura-y-dibujo\/#breadcrumb","itemListElement":[{"@type":"ListItem","position":1,"name":"Portada","item":"https:\/\/www.laguiadepamplona.com\/actualidad\/"},{"@type":"ListItem","position":2,"name":"La red de centros Civivox presenta en septiembre siete exposiciones diferentes de pintura y dibujo"}]},{"@type":"WebSite","@id":"https:\/\/www.laguiadepamplona.com\/actualidad\/#website","url":"https:\/\/www.laguiadepamplona.com\/actualidad\/","name":"La gu\u00eda de Pamplona","description":"Noticias de Pamplona","publisher":{"@id":"https:\/\/www.laguiadepamplona.com\/actualidad\/#organization"},"potentialAction":[{"@type":"SearchAction","target":{"@type":"EntryPoint","urlTemplate":"https:\/\/www.laguiadepamplona.com\/actualidad\/?s={search_term_string}"},"query-input":{"@type":"PropertyValueSpecification","valueRequired":true,"valueName":"search_term_string"}}],"inLanguage":"es"},{"@type":"Organization","@id":"https:\/\/www.laguiadepamplona.com\/actualidad\/#organization","name":"La Gu\u00eda de Pamplona \/ Noticias","url":"https:\/\/www.laguiadepamplona.com\/actualidad\/","logo":{"@type":"ImageObject","inLanguage":"es","@id":"https:\/\/www.laguiadepamplona.com\/actualidad\/#\/schema\/logo\/image\/","url":"https:\/\/www.laguiadepamplona.com\/actualidad\/wp-content\/uploads\/2018\/11\/logo-laguiadepamplona18-web1.png","contentUrl":"https:\/\/www.laguiadepamplona.com\/actualidad\/wp-content\/uploads\/2018\/11\/logo-laguiadepamplona18-web1.png","width":600,"height":196,"caption":"La Gu\u00eda de Pamplona \/ Noticias"},"image":{"@id":"https:\/\/www.laguiadepamplona.com\/actualidad\/#\/schema\/logo\/image\/"},"sameAs":["https:\/\/www.facebook.com\/laguiadepamplonacom-133175176762273\/?ref=hl","https:\/\/x.com\/LaGuiadPamplona","https:\/\/www.instagram.com\/la_guia_de_pamplona\/","https:\/\/www.youtube.com\/user\/laguiadepamplona"]},{"@type":"Person","@id":"https:\/\/www.laguiadepamplona.com\/actualidad\/#\/schema\/person\/efe887376f0213d4657c93adc50b1fdb","name":"La Gu\u00eda de Pamplona","image":{"@type":"ImageObject","inLanguage":"es","@id":"https:\/\/secure.gravatar.com\/avatar\/b6992f131dc8d30ab0dff15446e9d346d9dbd95992de0fef795073f5ea83a81c?s=96&d=mm&r=g","url":"https:\/\/secure.gravatar.com\/avatar\/b6992f131dc8d30ab0dff15446e9d346d9dbd95992de0fef795073f5ea83a81c?s=96&d=mm&r=g","contentUrl":"https:\/\/secure.gravatar.com\/avatar\/b6992f131dc8d30ab0dff15446e9d346d9dbd95992de0fef795073f5ea83a81c?s=96&d=mm&r=g","caption":"La Gu\u00eda de Pamplona"}}]}},"post_mailing_queue_ids":[],"_links":{"self":[{"href":"https:\/\/www.laguiadepamplona.com\/actualidad\/wp-json\/wp\/v2\/posts\/18630","targetHints":{"allow":["GET"]}}],"collection":[{"href":"https:\/\/www.laguiadepamplona.com\/actualidad\/wp-json\/wp\/v2\/posts"}],"about":[{"href":"https:\/\/www.laguiadepamplona.com\/actualidad\/wp-json\/wp\/v2\/types\/post"}],"author":[{"embeddable":true,"href":"https:\/\/www.laguiadepamplona.com\/actualidad\/wp-json\/wp\/v2\/users\/1"}],"replies":[{"embeddable":true,"href":"https:\/\/www.laguiadepamplona.com\/actualidad\/wp-json\/wp\/v2\/comments?post=18630"}],"version-history":[{"count":0,"href":"https:\/\/www.laguiadepamplona.com\/actualidad\/wp-json\/wp\/v2\/posts\/18630\/revisions"}],"wp:featuredmedia":[{"embeddable":true,"href":"https:\/\/www.laguiadepamplona.com\/actualidad\/wp-json\/wp\/v2\/media\/11047"}],"wp:attachment":[{"href":"https:\/\/www.laguiadepamplona.com\/actualidad\/wp-json\/wp\/v2\/media?parent=18630"}],"wp:term":[{"taxonomy":"category","embeddable":true,"href":"https:\/\/www.laguiadepamplona.com\/actualidad\/wp-json\/wp\/v2\/categories?post=18630"},{"taxonomy":"post_tag","embeddable":true,"href":"https:\/\/www.laguiadepamplona.com\/actualidad\/wp-json\/wp\/v2\/tags?post=18630"}],"curies":[{"name":"wp","href":"https:\/\/api.w.org\/{rel}","templated":true}]}}