{"id":18623,"date":"2018-09-04T15:52:41","date_gmt":"2018-09-04T13:52:41","guid":{"rendered":"https:\/\/www.laguiadepamplona.es\/actualidad\/?p=18623"},"modified":"2018-09-04T15:52:41","modified_gmt":"2018-09-04T13:52:41","slug":"el-ayuntamiento-de-pamplona-ofrecera-la-proxima-semana-un-taller-destinado-a-asociaciones-juveniles-o-entidades-que-colaboren-con-jovenes-en-la-ciudad","status":"publish","type":"post","link":"https:\/\/www.laguiadepamplona.com\/actualidad\/el-ayuntamiento-de-pamplona-ofrecera-la-proxima-semana-un-taller-destinado-a-asociaciones-juveniles-o-entidades-que-colaboren-con-jovenes-en-la-ciudad\/","title":{"rendered":"El Ayuntamiento de Pamplona ofrecer\u00e1 la pr\u00f3xima semana un taller destinado a asociaciones juveniles o entidades que colaboren con j\u00f3venes en la ciudad"},"content":{"rendered":"<h3>La sesi\u00f3n, denominada \u2018Caja de herramientas\u2019, est\u00e1 destinada a explicar c\u00f3mo concurrir a las subvenciones juveniles del Consistorio<\/h3>\n<p><!--more--><\/p>\n<p>La Casa de la Juventud (calle Sang\u00fcesa, 30) acoger\u00e1, el pr\u00f3ximo 11 de septiembre, a las 18.30 horas, el taller \u2018Caja de herramientas para asociaciones juveniles\u2019, una sesi\u00f3n destinada a favorecer la participaci\u00f3n en la convocatoria de subvenciones juveniles del Consistorio de asociaciones juveniles o entidades que colaboren con j\u00f3venes en la ciudad.<\/p>\n<p>Las bases se publicaron el pasado 11 de julio en el Bolet\u00edn Oficial de Navarra y el plazo de presentaci\u00f3n de solicitudes est\u00e1 abierto hasta el d\u00eda 30 de septiembre. La finalidad de estas ayudas es subvencionar actividades puntuales que lleven a cabo entidades sin \u00e1nimo de lucro durante todo el a\u00f1o 2018 en materia de Juventud, siempre dirigidas a j\u00f3venes hasta los 30 a\u00f1os.<\/p>\n<p><script async src=\"\/\/pagead2.googlesyndication.com\/pagead\/js\/adsbygoogle.js\"><\/script><br \/>\n<!-- Noticias La Guia de Pamplona --><br \/>\n<ins class=\"adsbygoogle\"\nstyle=\"display:block\"\ndata-ad-client=\"ca-pub-6943679897239327\"\ndata-ad-slot=\"7048180777\"\ndata-ad-format=\"auto\"><\/ins><br \/>\n<script>\n(adsbygoogle = window.adsbygoogle || []).push({});\n<\/script><\/p>\n<p>La idea del taller es ayudar a que las entidades que se presenten comprendan los t\u00e9rminos concretos de lo que se les pide para as\u00ed poder cumplir las bases, dado que una de las principales fuentes de financiaci\u00f3n de las asociaciones es la que proviene de las subvenciones p\u00fablicas. Esta sesi\u00f3n forma parte de las medidas de apoyo y acompa\u00f1amiento a las personas y entidades que interact\u00faan con la administraci\u00f3n local, en este caso con un p\u00fablico vinculado al sector juvenil.<\/p>\n<p>La sesi\u00f3n, con entrada libre, tendr\u00e1 dos horas de duraci\u00f3n y estar\u00e1 dirigida por Ana Bel\u00e9n Albero D\u00edaz (licenciada en Derecho; m\u00e1ster en Gesti\u00f3n directiva de entidades no lucrativas; abogada; y responsable de la Asesor\u00eda de Asociacionismo de la Casa de la Juventud y de la Asesor\u00eda Jur\u00eddica del Centro de Participaci\u00f3n). El desarrollo del taller se centrar\u00e1 en dar a conocer las novedades y requisitos de la convocatoria, en asesorar a j\u00f3venes, grupos y asociaciones juveniles sobre las cuestiones m\u00e1s comunes a tener en cuenta a la hora de solicitar una subvenci\u00f3n, en resolver dudas que puedan existir en este \u00e1mbito y en servir de espacio de encuentro e intercambio de ideas entre j\u00f3venes, grupos y asociaciones juveniles y entre \u00e9stos y la Administraci\u00f3n.<\/p>\n","protected":false},"excerpt":{"rendered":"<p>La sesi\u00f3n, denominada \u2018Caja de herramientas\u2019, est\u00e1 destinada a explicar c\u00f3mo concurrir a las subvenciones juveniles del Consistorio<\/p>\n","protected":false},"author":1,"featured_media":13864,"comment_status":"open","ping_status":"closed","sticky":false,"template":"","format":"standard","meta":{"footnotes":""},"categories":[2],"tags":[],"class_list":["post-18623","post","type-post","status-publish","format-standard","has-post-thumbnail","hentry","category-ayuntamiento-pamplona"],"yoast_head":"<!-- This site is optimized with the Yoast SEO plugin v27.9 - https:\/\/yoast.com\/product\/yoast-seo-wordpress\/ -->\n<title>El Ayuntamiento de Pamplona ofrecer\u00e1 la pr\u00f3xima semana un taller destinado a asociaciones juveniles o entidades que colaboren con j\u00f3venes en la ciudad<\/title>\n<meta name=\"robots\" content=\"index, follow, max-snippet:-1, max-image-preview:large, max-video-preview:-1\" \/>\n<link rel=\"canonical\" href=\"https:\/\/www.laguiadepamplona.com\/actualidad\/el-ayuntamiento-de-pamplona-ofrecera-la-proxima-semana-un-taller-destinado-a-asociaciones-juveniles-o-entidades-que-colaboren-con-jovenes-en-la-ciudad\/\" \/>\n<meta property=\"og:locale\" content=\"es_ES\" \/>\n<meta property=\"og:type\" content=\"article\" \/>\n<meta property=\"og:title\" content=\"El Ayuntamiento de Pamplona ofrecer\u00e1 la pr\u00f3xima semana un taller destinado a asociaciones juveniles o entidades que colaboren con j\u00f3venes en la ciudad\" \/>\n<meta property=\"og:description\" content=\"La sesi\u00f3n, denominada \u2018Caja de herramientas\u2019, est\u00e1 destinada a explicar c\u00f3mo concurrir a las subvenciones juveniles del Consistorio\" \/>\n<meta property=\"og:url\" content=\"https:\/\/www.laguiadepamplona.com\/actualidad\/el-ayuntamiento-de-pamplona-ofrecera-la-proxima-semana-un-taller-destinado-a-asociaciones-juveniles-o-entidades-que-colaboren-con-jovenes-en-la-ciudad\/\" \/>\n<meta property=\"og:site_name\" content=\"La Gu\u00eda de Pamplona Noticias y actualidad\" \/>\n<meta property=\"article:publisher\" content=\"https:\/\/www.facebook.com\/laguiadepamplonacom-133175176762273\/?ref=hl\" \/>\n<meta property=\"article:published_time\" content=\"2018-09-04T13:52:41+00:00\" \/>\n<meta property=\"og:image\" content=\"https:\/\/www.laguiadepamplona.com\/actualidad\/wp-content\/uploads\/2017\/08\/cada_dia_plan_juventud.jpg\" \/>\n\t<meta property=\"og:image:width\" content=\"1000\" \/>\n\t<meta property=\"og:image:height\" content=\"527\" \/>\n\t<meta property=\"og:image:type\" content=\"image\/jpeg\" \/>\n<meta name=\"author\" content=\"La Gu\u00eda de Pamplona\" \/>\n<meta name=\"twitter:card\" content=\"summary_large_image\" \/>\n<meta name=\"twitter:creator\" content=\"@LaGuiadPamplona\" \/>\n<meta name=\"twitter:site\" content=\"@LaGuiadPamplona\" \/>\n<meta name=\"twitter:label1\" content=\"Escrito por\" \/>\n\t<meta name=\"twitter:data1\" content=\"La Gu\u00eda de Pamplona\" \/>\n\t<meta name=\"twitter:label2\" content=\"Tiempo de lectura\" \/>\n\t<meta name=\"twitter:data2\" content=\"2 minutos\" \/>\n<script type=\"application\/ld+json\" class=\"yoast-schema-graph\">{\"@context\":\"https:\\\/\\\/schema.org\",\"@graph\":[{\"@type\":\"Article\",\"@id\":\"https:\\\/\\\/www.laguiadepamplona.com\\\/actualidad\\\/el-ayuntamiento-de-pamplona-ofrecera-la-proxima-semana-un-taller-destinado-a-asociaciones-juveniles-o-entidades-que-colaboren-con-jovenes-en-la-ciudad\\\/#article\",\"isPartOf\":{\"@id\":\"https:\\\/\\\/www.laguiadepamplona.com\\\/actualidad\\\/el-ayuntamiento-de-pamplona-ofrecera-la-proxima-semana-un-taller-destinado-a-asociaciones-juveniles-o-entidades-que-colaboren-con-jovenes-en-la-ciudad\\\/\"},\"author\":{\"name\":\"La Gu\u00eda de Pamplona\",\"@id\":\"https:\\\/\\\/www.laguiadepamplona.com\\\/actualidad\\\/#\\\/schema\\\/person\\\/efe887376f0213d4657c93adc50b1fdb\"},\"headline\":\"El Ayuntamiento de Pamplona ofrecer\u00e1 la pr\u00f3xima semana un taller destinado a asociaciones juveniles o entidades que colaboren con j\u00f3venes en la ciudad\",\"datePublished\":\"2018-09-04T13:52:41+00:00\",\"mainEntityOfPage\":{\"@id\":\"https:\\\/\\\/www.laguiadepamplona.com\\\/actualidad\\\/el-ayuntamiento-de-pamplona-ofrecera-la-proxima-semana-un-taller-destinado-a-asociaciones-juveniles-o-entidades-que-colaboren-con-jovenes-en-la-ciudad\\\/\"},\"wordCount\":396,\"commentCount\":0,\"publisher\":{\"@id\":\"https:\\\/\\\/www.laguiadepamplona.com\\\/actualidad\\\/#organization\"},\"image\":{\"@id\":\"https:\\\/\\\/www.laguiadepamplona.com\\\/actualidad\\\/el-ayuntamiento-de-pamplona-ofrecera-la-proxima-semana-un-taller-destinado-a-asociaciones-juveniles-o-entidades-que-colaboren-con-jovenes-en-la-ciudad\\\/#primaryimage\"},\"thumbnailUrl\":\"https:\\\/\\\/www.laguiadepamplona.com\\\/actualidad\\\/wp-content\\\/uploads\\\/2017\\\/08\\\/cada_dia_plan_juventud.jpg\",\"articleSection\":[\"Ayto Pamplona\"],\"inLanguage\":\"es\",\"potentialAction\":[{\"@type\":\"CommentAction\",\"name\":\"Comment\",\"target\":[\"https:\\\/\\\/www.laguiadepamplona.com\\\/actualidad\\\/el-ayuntamiento-de-pamplona-ofrecera-la-proxima-semana-un-taller-destinado-a-asociaciones-juveniles-o-entidades-que-colaboren-con-jovenes-en-la-ciudad\\\/#respond\"]}]},{\"@type\":\"WebPage\",\"@id\":\"https:\\\/\\\/www.laguiadepamplona.com\\\/actualidad\\\/el-ayuntamiento-de-pamplona-ofrecera-la-proxima-semana-un-taller-destinado-a-asociaciones-juveniles-o-entidades-que-colaboren-con-jovenes-en-la-ciudad\\\/\",\"url\":\"https:\\\/\\\/www.laguiadepamplona.com\\\/actualidad\\\/el-ayuntamiento-de-pamplona-ofrecera-la-proxima-semana-un-taller-destinado-a-asociaciones-juveniles-o-entidades-que-colaboren-con-jovenes-en-la-ciudad\\\/\",\"name\":\"El Ayuntamiento de Pamplona ofrecer\u00e1 la pr\u00f3xima semana un taller destinado a asociaciones juveniles o entidades que colaboren con j\u00f3venes en la ciudad\",\"isPartOf\":{\"@id\":\"https:\\\/\\\/www.laguiadepamplona.com\\\/actualidad\\\/#website\"},\"primaryImageOfPage\":{\"@id\":\"https:\\\/\\\/www.laguiadepamplona.com\\\/actualidad\\\/el-ayuntamiento-de-pamplona-ofrecera-la-proxima-semana-un-taller-destinado-a-asociaciones-juveniles-o-entidades-que-colaboren-con-jovenes-en-la-ciudad\\\/#primaryimage\"},\"image\":{\"@id\":\"https:\\\/\\\/www.laguiadepamplona.com\\\/actualidad\\\/el-ayuntamiento-de-pamplona-ofrecera-la-proxima-semana-un-taller-destinado-a-asociaciones-juveniles-o-entidades-que-colaboren-con-jovenes-en-la-ciudad\\\/#primaryimage\"},\"thumbnailUrl\":\"https:\\\/\\\/www.laguiadepamplona.com\\\/actualidad\\\/wp-content\\\/uploads\\\/2017\\\/08\\\/cada_dia_plan_juventud.jpg\",\"datePublished\":\"2018-09-04T13:52:41+00:00\",\"breadcrumb\":{\"@id\":\"https:\\\/\\\/www.laguiadepamplona.com\\\/actualidad\\\/el-ayuntamiento-de-pamplona-ofrecera-la-proxima-semana-un-taller-destinado-a-asociaciones-juveniles-o-entidades-que-colaboren-con-jovenes-en-la-ciudad\\\/#breadcrumb\"},\"inLanguage\":\"es\",\"potentialAction\":[{\"@type\":\"ReadAction\",\"target\":[\"https:\\\/\\\/www.laguiadepamplona.com\\\/actualidad\\\/el-ayuntamiento-de-pamplona-ofrecera-la-proxima-semana-un-taller-destinado-a-asociaciones-juveniles-o-entidades-que-colaboren-con-jovenes-en-la-ciudad\\\/\"]}]},{\"@type\":\"ImageObject\",\"inLanguage\":\"es\",\"@id\":\"https:\\\/\\\/www.laguiadepamplona.com\\\/actualidad\\\/el-ayuntamiento-de-pamplona-ofrecera-la-proxima-semana-un-taller-destinado-a-asociaciones-juveniles-o-entidades-que-colaboren-con-jovenes-en-la-ciudad\\\/#primaryimage\",\"url\":\"https:\\\/\\\/www.laguiadepamplona.com\\\/actualidad\\\/wp-content\\\/uploads\\\/2017\\\/08\\\/cada_dia_plan_juventud.jpg\",\"contentUrl\":\"https:\\\/\\\/www.laguiadepamplona.com\\\/actualidad\\\/wp-content\\\/uploads\\\/2017\\\/08\\\/cada_dia_plan_juventud.jpg\",\"width\":1000,\"height\":527},{\"@type\":\"BreadcrumbList\",\"@id\":\"https:\\\/\\\/www.laguiadepamplona.com\\\/actualidad\\\/el-ayuntamiento-de-pamplona-ofrecera-la-proxima-semana-un-taller-destinado-a-asociaciones-juveniles-o-entidades-que-colaboren-con-jovenes-en-la-ciudad\\\/#breadcrumb\",\"itemListElement\":[{\"@type\":\"ListItem\",\"position\":1,\"name\":\"Portada\",\"item\":\"https:\\\/\\\/www.laguiadepamplona.com\\\/actualidad\\\/\"},{\"@type\":\"ListItem\",\"position\":2,\"name\":\"El Ayuntamiento de Pamplona ofrecer\u00e1 la pr\u00f3xima semana un taller destinado a asociaciones juveniles o entidades que colaboren con j\u00f3venes en la ciudad\"}]},{\"@type\":\"WebSite\",\"@id\":\"https:\\\/\\\/www.laguiadepamplona.com\\\/actualidad\\\/#website\",\"url\":\"https:\\\/\\\/www.laguiadepamplona.com\\\/actualidad\\\/\",\"name\":\"La gu\u00eda de Pamplona\",\"description\":\"Noticias de Pamplona\",\"publisher\":{\"@id\":\"https:\\\/\\\/www.laguiadepamplona.com\\\/actualidad\\\/#organization\"},\"potentialAction\":[{\"@type\":\"SearchAction\",\"target\":{\"@type\":\"EntryPoint\",\"urlTemplate\":\"https:\\\/\\\/www.laguiadepamplona.com\\\/actualidad\\\/?s={search_term_string}\"},\"query-input\":{\"@type\":\"PropertyValueSpecification\",\"valueRequired\":true,\"valueName\":\"search_term_string\"}}],\"inLanguage\":\"es\"},{\"@type\":\"Organization\",\"@id\":\"https:\\\/\\\/www.laguiadepamplona.com\\\/actualidad\\\/#organization\",\"name\":\"La Gu\u00eda de Pamplona \\\/ Noticias\",\"url\":\"https:\\\/\\\/www.laguiadepamplona.com\\\/actualidad\\\/\",\"logo\":{\"@type\":\"ImageObject\",\"inLanguage\":\"es\",\"@id\":\"https:\\\/\\\/www.laguiadepamplona.com\\\/actualidad\\\/#\\\/schema\\\/logo\\\/image\\\/\",\"url\":\"https:\\\/\\\/www.laguiadepamplona.com\\\/actualidad\\\/wp-content\\\/uploads\\\/2018\\\/11\\\/logo-laguiadepamplona18-web1.png\",\"contentUrl\":\"https:\\\/\\\/www.laguiadepamplona.com\\\/actualidad\\\/wp-content\\\/uploads\\\/2018\\\/11\\\/logo-laguiadepamplona18-web1.png\",\"width\":600,\"height\":196,\"caption\":\"La Gu\u00eda de Pamplona \\\/ Noticias\"},\"image\":{\"@id\":\"https:\\\/\\\/www.laguiadepamplona.com\\\/actualidad\\\/#\\\/schema\\\/logo\\\/image\\\/\"},\"sameAs\":[\"https:\\\/\\\/www.facebook.com\\\/laguiadepamplonacom-133175176762273\\\/?ref=hl\",\"https:\\\/\\\/x.com\\\/LaGuiadPamplona\",\"https:\\\/\\\/www.instagram.com\\\/la_guia_de_pamplona\\\/\",\"https:\\\/\\\/www.youtube.com\\\/user\\\/laguiadepamplona\"]},{\"@type\":\"Person\",\"@id\":\"https:\\\/\\\/www.laguiadepamplona.com\\\/actualidad\\\/#\\\/schema\\\/person\\\/efe887376f0213d4657c93adc50b1fdb\",\"name\":\"La Gu\u00eda de Pamplona\",\"image\":{\"@type\":\"ImageObject\",\"inLanguage\":\"es\",\"@id\":\"https:\\\/\\\/secure.gravatar.com\\\/avatar\\\/b6992f131dc8d30ab0dff15446e9d346d9dbd95992de0fef795073f5ea83a81c?s=96&d=mm&r=g\",\"url\":\"https:\\\/\\\/secure.gravatar.com\\\/avatar\\\/b6992f131dc8d30ab0dff15446e9d346d9dbd95992de0fef795073f5ea83a81c?s=96&d=mm&r=g\",\"contentUrl\":\"https:\\\/\\\/secure.gravatar.com\\\/avatar\\\/b6992f131dc8d30ab0dff15446e9d346d9dbd95992de0fef795073f5ea83a81c?s=96&d=mm&r=g\",\"caption\":\"La Gu\u00eda de Pamplona\"}}]}<\/script>\n<!-- \/ Yoast SEO plugin. -->","yoast_head_json":{"title":"El Ayuntamiento de Pamplona ofrecer\u00e1 la pr\u00f3xima semana un taller destinado a asociaciones juveniles o entidades que colaboren con j\u00f3venes en la ciudad","robots":{"index":"index","follow":"follow","max-snippet":"max-snippet:-1","max-image-preview":"max-image-preview:large","max-video-preview":"max-video-preview:-1"},"canonical":"https:\/\/www.laguiadepamplona.com\/actualidad\/el-ayuntamiento-de-pamplona-ofrecera-la-proxima-semana-un-taller-destinado-a-asociaciones-juveniles-o-entidades-que-colaboren-con-jovenes-en-la-ciudad\/","og_locale":"es_ES","og_type":"article","og_title":"El Ayuntamiento de Pamplona ofrecer\u00e1 la pr\u00f3xima semana un taller destinado a asociaciones juveniles o entidades que colaboren con j\u00f3venes en la ciudad","og_description":"La sesi\u00f3n, denominada \u2018Caja de herramientas\u2019, est\u00e1 destinada a explicar c\u00f3mo concurrir a las subvenciones juveniles del Consistorio","og_url":"https:\/\/www.laguiadepamplona.com\/actualidad\/el-ayuntamiento-de-pamplona-ofrecera-la-proxima-semana-un-taller-destinado-a-asociaciones-juveniles-o-entidades-que-colaboren-con-jovenes-en-la-ciudad\/","og_site_name":"La Gu\u00eda de Pamplona Noticias y actualidad","article_publisher":"https:\/\/www.facebook.com\/laguiadepamplonacom-133175176762273\/?ref=hl","article_published_time":"2018-09-04T13:52:41+00:00","og_image":[{"width":1000,"height":527,"url":"https:\/\/www.laguiadepamplona.com\/actualidad\/wp-content\/uploads\/2017\/08\/cada_dia_plan_juventud.jpg","type":"image\/jpeg"}],"author":"La Gu\u00eda de Pamplona","twitter_card":"summary_large_image","twitter_creator":"@LaGuiadPamplona","twitter_site":"@LaGuiadPamplona","twitter_misc":{"Escrito por":"La Gu\u00eda de Pamplona","Tiempo de lectura":"2 minutos"},"schema":{"@context":"https:\/\/schema.org","@graph":[{"@type":"Article","@id":"https:\/\/www.laguiadepamplona.com\/actualidad\/el-ayuntamiento-de-pamplona-ofrecera-la-proxima-semana-un-taller-destinado-a-asociaciones-juveniles-o-entidades-que-colaboren-con-jovenes-en-la-ciudad\/#article","isPartOf":{"@id":"https:\/\/www.laguiadepamplona.com\/actualidad\/el-ayuntamiento-de-pamplona-ofrecera-la-proxima-semana-un-taller-destinado-a-asociaciones-juveniles-o-entidades-que-colaboren-con-jovenes-en-la-ciudad\/"},"author":{"name":"La Gu\u00eda de Pamplona","@id":"https:\/\/www.laguiadepamplona.com\/actualidad\/#\/schema\/person\/efe887376f0213d4657c93adc50b1fdb"},"headline":"El Ayuntamiento de Pamplona ofrecer\u00e1 la pr\u00f3xima semana un taller destinado a asociaciones juveniles o entidades que colaboren con j\u00f3venes en la ciudad","datePublished":"2018-09-04T13:52:41+00:00","mainEntityOfPage":{"@id":"https:\/\/www.laguiadepamplona.com\/actualidad\/el-ayuntamiento-de-pamplona-ofrecera-la-proxima-semana-un-taller-destinado-a-asociaciones-juveniles-o-entidades-que-colaboren-con-jovenes-en-la-ciudad\/"},"wordCount":396,"commentCount":0,"publisher":{"@id":"https:\/\/www.laguiadepamplona.com\/actualidad\/#organization"},"image":{"@id":"https:\/\/www.laguiadepamplona.com\/actualidad\/el-ayuntamiento-de-pamplona-ofrecera-la-proxima-semana-un-taller-destinado-a-asociaciones-juveniles-o-entidades-que-colaboren-con-jovenes-en-la-ciudad\/#primaryimage"},"thumbnailUrl":"https:\/\/www.laguiadepamplona.com\/actualidad\/wp-content\/uploads\/2017\/08\/cada_dia_plan_juventud.jpg","articleSection":["Ayto Pamplona"],"inLanguage":"es","potentialAction":[{"@type":"CommentAction","name":"Comment","target":["https:\/\/www.laguiadepamplona.com\/actualidad\/el-ayuntamiento-de-pamplona-ofrecera-la-proxima-semana-un-taller-destinado-a-asociaciones-juveniles-o-entidades-que-colaboren-con-jovenes-en-la-ciudad\/#respond"]}]},{"@type":"WebPage","@id":"https:\/\/www.laguiadepamplona.com\/actualidad\/el-ayuntamiento-de-pamplona-ofrecera-la-proxima-semana-un-taller-destinado-a-asociaciones-juveniles-o-entidades-que-colaboren-con-jovenes-en-la-ciudad\/","url":"https:\/\/www.laguiadepamplona.com\/actualidad\/el-ayuntamiento-de-pamplona-ofrecera-la-proxima-semana-un-taller-destinado-a-asociaciones-juveniles-o-entidades-que-colaboren-con-jovenes-en-la-ciudad\/","name":"El Ayuntamiento de Pamplona ofrecer\u00e1 la pr\u00f3xima semana un taller destinado a asociaciones juveniles o entidades que colaboren con j\u00f3venes en la ciudad","isPartOf":{"@id":"https:\/\/www.laguiadepamplona.com\/actualidad\/#website"},"primaryImageOfPage":{"@id":"https:\/\/www.laguiadepamplona.com\/actualidad\/el-ayuntamiento-de-pamplona-ofrecera-la-proxima-semana-un-taller-destinado-a-asociaciones-juveniles-o-entidades-que-colaboren-con-jovenes-en-la-ciudad\/#primaryimage"},"image":{"@id":"https:\/\/www.laguiadepamplona.com\/actualidad\/el-ayuntamiento-de-pamplona-ofrecera-la-proxima-semana-un-taller-destinado-a-asociaciones-juveniles-o-entidades-que-colaboren-con-jovenes-en-la-ciudad\/#primaryimage"},"thumbnailUrl":"https:\/\/www.laguiadepamplona.com\/actualidad\/wp-content\/uploads\/2017\/08\/cada_dia_plan_juventud.jpg","datePublished":"2018-09-04T13:52:41+00:00","breadcrumb":{"@id":"https:\/\/www.laguiadepamplona.com\/actualidad\/el-ayuntamiento-de-pamplona-ofrecera-la-proxima-semana-un-taller-destinado-a-asociaciones-juveniles-o-entidades-que-colaboren-con-jovenes-en-la-ciudad\/#breadcrumb"},"inLanguage":"es","potentialAction":[{"@type":"ReadAction","target":["https:\/\/www.laguiadepamplona.com\/actualidad\/el-ayuntamiento-de-pamplona-ofrecera-la-proxima-semana-un-taller-destinado-a-asociaciones-juveniles-o-entidades-que-colaboren-con-jovenes-en-la-ciudad\/"]}]},{"@type":"ImageObject","inLanguage":"es","@id":"https:\/\/www.laguiadepamplona.com\/actualidad\/el-ayuntamiento-de-pamplona-ofrecera-la-proxima-semana-un-taller-destinado-a-asociaciones-juveniles-o-entidades-que-colaboren-con-jovenes-en-la-ciudad\/#primaryimage","url":"https:\/\/www.laguiadepamplona.com\/actualidad\/wp-content\/uploads\/2017\/08\/cada_dia_plan_juventud.jpg","contentUrl":"https:\/\/www.laguiadepamplona.com\/actualidad\/wp-content\/uploads\/2017\/08\/cada_dia_plan_juventud.jpg","width":1000,"height":527},{"@type":"BreadcrumbList","@id":"https:\/\/www.laguiadepamplona.com\/actualidad\/el-ayuntamiento-de-pamplona-ofrecera-la-proxima-semana-un-taller-destinado-a-asociaciones-juveniles-o-entidades-que-colaboren-con-jovenes-en-la-ciudad\/#breadcrumb","itemListElement":[{"@type":"ListItem","position":1,"name":"Portada","item":"https:\/\/www.laguiadepamplona.com\/actualidad\/"},{"@type":"ListItem","position":2,"name":"El Ayuntamiento de Pamplona ofrecer\u00e1 la pr\u00f3xima semana un taller destinado a asociaciones juveniles o entidades que colaboren con j\u00f3venes en la ciudad"}]},{"@type":"WebSite","@id":"https:\/\/www.laguiadepamplona.com\/actualidad\/#website","url":"https:\/\/www.laguiadepamplona.com\/actualidad\/","name":"La gu\u00eda de Pamplona","description":"Noticias de Pamplona","publisher":{"@id":"https:\/\/www.laguiadepamplona.com\/actualidad\/#organization"},"potentialAction":[{"@type":"SearchAction","target":{"@type":"EntryPoint","urlTemplate":"https:\/\/www.laguiadepamplona.com\/actualidad\/?s={search_term_string}"},"query-input":{"@type":"PropertyValueSpecification","valueRequired":true,"valueName":"search_term_string"}}],"inLanguage":"es"},{"@type":"Organization","@id":"https:\/\/www.laguiadepamplona.com\/actualidad\/#organization","name":"La Gu\u00eda de Pamplona \/ Noticias","url":"https:\/\/www.laguiadepamplona.com\/actualidad\/","logo":{"@type":"ImageObject","inLanguage":"es","@id":"https:\/\/www.laguiadepamplona.com\/actualidad\/#\/schema\/logo\/image\/","url":"https:\/\/www.laguiadepamplona.com\/actualidad\/wp-content\/uploads\/2018\/11\/logo-laguiadepamplona18-web1.png","contentUrl":"https:\/\/www.laguiadepamplona.com\/actualidad\/wp-content\/uploads\/2018\/11\/logo-laguiadepamplona18-web1.png","width":600,"height":196,"caption":"La Gu\u00eda de Pamplona \/ Noticias"},"image":{"@id":"https:\/\/www.laguiadepamplona.com\/actualidad\/#\/schema\/logo\/image\/"},"sameAs":["https:\/\/www.facebook.com\/laguiadepamplonacom-133175176762273\/?ref=hl","https:\/\/x.com\/LaGuiadPamplona","https:\/\/www.instagram.com\/la_guia_de_pamplona\/","https:\/\/www.youtube.com\/user\/laguiadepamplona"]},{"@type":"Person","@id":"https:\/\/www.laguiadepamplona.com\/actualidad\/#\/schema\/person\/efe887376f0213d4657c93adc50b1fdb","name":"La Gu\u00eda de Pamplona","image":{"@type":"ImageObject","inLanguage":"es","@id":"https:\/\/secure.gravatar.com\/avatar\/b6992f131dc8d30ab0dff15446e9d346d9dbd95992de0fef795073f5ea83a81c?s=96&d=mm&r=g","url":"https:\/\/secure.gravatar.com\/avatar\/b6992f131dc8d30ab0dff15446e9d346d9dbd95992de0fef795073f5ea83a81c?s=96&d=mm&r=g","contentUrl":"https:\/\/secure.gravatar.com\/avatar\/b6992f131dc8d30ab0dff15446e9d346d9dbd95992de0fef795073f5ea83a81c?s=96&d=mm&r=g","caption":"La Gu\u00eda de Pamplona"}}]}},"post_mailing_queue_ids":[],"_links":{"self":[{"href":"https:\/\/www.laguiadepamplona.com\/actualidad\/wp-json\/wp\/v2\/posts\/18623","targetHints":{"allow":["GET"]}}],"collection":[{"href":"https:\/\/www.laguiadepamplona.com\/actualidad\/wp-json\/wp\/v2\/posts"}],"about":[{"href":"https:\/\/www.laguiadepamplona.com\/actualidad\/wp-json\/wp\/v2\/types\/post"}],"author":[{"embeddable":true,"href":"https:\/\/www.laguiadepamplona.com\/actualidad\/wp-json\/wp\/v2\/users\/1"}],"replies":[{"embeddable":true,"href":"https:\/\/www.laguiadepamplona.com\/actualidad\/wp-json\/wp\/v2\/comments?post=18623"}],"version-history":[{"count":0,"href":"https:\/\/www.laguiadepamplona.com\/actualidad\/wp-json\/wp\/v2\/posts\/18623\/revisions"}],"wp:featuredmedia":[{"embeddable":true,"href":"https:\/\/www.laguiadepamplona.com\/actualidad\/wp-json\/wp\/v2\/media\/13864"}],"wp:attachment":[{"href":"https:\/\/www.laguiadepamplona.com\/actualidad\/wp-json\/wp\/v2\/media?parent=18623"}],"wp:term":[{"taxonomy":"category","embeddable":true,"href":"https:\/\/www.laguiadepamplona.com\/actualidad\/wp-json\/wp\/v2\/categories?post=18623"},{"taxonomy":"post_tag","embeddable":true,"href":"https:\/\/www.laguiadepamplona.com\/actualidad\/wp-json\/wp\/v2\/tags?post=18623"}],"curies":[{"name":"wp","href":"https:\/\/api.w.org\/{rel}","templated":true}]}}