{"id":18615,"date":"2018-09-03T18:02:04","date_gmt":"2018-09-03T16:02:04","guid":{"rendered":"https:\/\/www.laguiadepamplona.es\/actualidad\/?p=18615"},"modified":"2018-09-03T18:02:04","modified_gmt":"2018-09-03T16:02:04","slug":"esta-tarde-se-estrena-en-condestable-el-cortometraje-celos-un-audiovisual-producido-por-once-jovenes-en-un-taller-del-ayuntamiento-de-pamplona-y-kamira","status":"publish","type":"post","link":"https:\/\/www.laguiadepamplona.com\/actualidad\/esta-tarde-se-estrena-en-condestable-el-cortometraje-celos-un-audiovisual-producido-por-once-jovenes-en-un-taller-del-ayuntamiento-de-pamplona-y-kamira\/","title":{"rendered":"Esta tarde se estrena en Condestable el cortometraje \u2018Celos\u2019, un audiovisual producido por once j\u00f3venes en un taller del Ayuntamiento de Pamplona y Kamira"},"content":{"rendered":"<h3>Seis chicas y cinco chicos han participado en la segunda edici\u00f3n de esta actividad de Acci\u00f3n Social, dentro del Programa de Intervenci\u00f3n Familiar<\/h3>\n<p><!--more--><\/p>\n<p><strong><u>Esta tarde, a las 18 horas, en el Palacio del Condestable, se presentar\u00e1n cinco v\u00eddeos realizados por adolescentes de 12 a 17 a\u00f1os, dentro de la segunda edici\u00f3n del proyecto audiovisual \u2018La claqueta\u2019<\/u><\/strong>. Son el resultado final de taller desarrollado con los j\u00f3venes por la cooperativa social Kamira durante el curso pasado y quieren plasmar su trabajo grupal y su punto de vista sobre aspectos relacionados con las relaciones afectivo-sexuales, complejos y estereotipos, y adicciones.<\/p>\n<p><script async src=\"\/\/pagead2.googlesyndication.com\/pagead\/js\/adsbygoogle.js\"><\/script><br \/>\n<!-- Noticias La Guia de Pamplona --><br \/>\n<ins class=\"adsbygoogle\"\nstyle=\"display:block\"\ndata-ad-client=\"ca-pub-6943679897239327\"\ndata-ad-slot=\"7048180777\"\ndata-ad-format=\"auto\"><\/ins><br \/>\n<script>\n(adsbygoogle = window.adsbygoogle || []).push({});\n<\/script><\/p>\n<p>Aunque el acto es la presentaci\u00f3n oficial, todos los audiovisuales ya est\u00e1n disponibles para la ciudadan\u00eda en el canal de Youtube \u2018elmundoalreves\u2019, en el link <a href=\"https:\/\/www.youtube.com\/watch?v=kp1MrnNdqHM\" target=\"_blank\" rel=\"noopener\">\u00a0https:\/\/www.youtube.com\/channel\/UCDz8DyGkJSfK6hWB84fJMDw<\/a>. En este acto los j\u00f3venes participantes, 6 chicas y 5 chicos, recibir\u00e1n un diploma acreditativo de la labor desarrollada. Adem\u00e1s del <em>making off<\/em>, dos de los v\u00eddeos son trabajos preparatorios para el corto y el \u00faltimo es el propio cortometraje que con el t\u00edtulo \u2018Celos\u2019 (2.48\u2019)\u2019. El corto recrea una situaci\u00f3n inc\u00f3moda generada por la desconfianza en una pareja joven. El conjunto de clips superan los 24 minutos de metraje.<\/p>\n<p>La iniciativa de desarrollar este taller se enmarca en la programaci\u00f3n de los Equipos de Infancia y Adolescencia en Dificultad Social (EAIA) que trabajan con familias y menores en situaci\u00f3n de desprotecci\u00f3n moderada y, m\u00e1s concretamente, en el Programa de Intervenci\u00f3n Familiar (P.I.F.) del Ayuntamiento de Pamplona gestionado por la cooperativa Kamira desde 2016. <strong><u>Al acto de esta tarde, en el que estar\u00e1n presentes los aprendices de cineasta y la plantilla de profesorado del taller, est\u00e1n invitados representaci\u00f3n t\u00e9cnica de distintas instituciones sociales<\/u><\/strong>, tanto del Gobierno de Navarra, como del Ayuntamiento de Pamplona, as\u00ed como t\u00e9cnicos del EAIA, trabajadores de las distintas unidades de Barrio dependientes del Ayuntamiento de Pamplona, y otros profesionales del \u00e1mbito social y educativo de la Comarca de Pamplona.<\/p>\n<p><strong>Construir relaciones produciendo audiovisuales<\/strong><\/p>\n<p>El objetivo concreto de la iniciativa \u2018Yo tuve una claqueta\u2019, es mejorar las capacidades de las personas participantes para establecer relaciones interpersonales positivas a trav\u00e9s del aprendizaje en grupo y la puesta en marcha de herramientas audiovisuales. En esta edici\u00f3n se han desarrollado 28 sesiones de dos horas de duraci\u00f3n en Civivox Jus la Rocha, lo que ha supuesto el doble de citas que las que tuvo este taller 2017. El a\u00f1o pasado el resultado del primer taller audiovisual fue un \u00fanico cortometraje titulado \u2018El desliz\u2019. La responsabilidad de impartir las 56 horas de clases ha reca\u00eddo, como el pasado a\u00f1o, en un equipo de siete personas del \u00e1mbito de la educaci\u00f3n social, junto con la psic\u00f3loga del programa.<\/p>\n<p>Los audiovisuales son producto de un equipo en el que se dirim\u00edan los conflictos que han ido surgiendo en la interacci\u00f3n grupal, se ha estimulado la automotivaci\u00f3n, el esfuerzo y la constancia, fomentando la tolerancia y el respeto hacia la diferencia. Todo ello mediante una metodolog\u00eda activa, l\u00fadica y participativa basada en los recursos personales, la creatividad y la diversi\u00f3n. La estructura de las sesiones constaba de una fase social, una din\u00e1mica de cohesi\u00f3n e identidad grupal y un contenido espec\u00edfico vinculado al lenguaje audiovisual, para finalizar con una merienda y un tiempo de ocio compartido.<\/p>\n<p>&nbsp;<\/p>\n","protected":false},"excerpt":{"rendered":"<p>Seis chicas y cinco chicos han participado en la segunda edici\u00f3n de esta actividad de Acci\u00f3n Social, dentro del Programa de Intervenci\u00f3n Familiar<\/p>\n","protected":false},"author":1,"featured_media":18616,"comment_status":"open","ping_status":"closed","sticky":false,"template":"","format":"standard","meta":{"footnotes":""},"categories":[2],"tags":[],"class_list":["post-18615","post","type-post","status-publish","format-standard","has-post-thumbnail","hentry","category-ayuntamiento-pamplona"],"yoast_head":"<!-- This site is optimized with the Yoast SEO plugin v27.9 - https:\/\/yoast.com\/product\/yoast-seo-wordpress\/ -->\n<title>Esta tarde se estrena en Condestable el cortometraje \u2018Celos\u2019, un audiovisual producido por once j\u00f3venes en un taller del Ayuntamiento de Pamplona y Kamira<\/title>\n<meta name=\"robots\" content=\"index, follow, max-snippet:-1, max-image-preview:large, max-video-preview:-1\" \/>\n<link rel=\"canonical\" href=\"https:\/\/www.laguiadepamplona.com\/actualidad\/esta-tarde-se-estrena-en-condestable-el-cortometraje-celos-un-audiovisual-producido-por-once-jovenes-en-un-taller-del-ayuntamiento-de-pamplona-y-kamira\/\" \/>\n<meta property=\"og:locale\" content=\"es_ES\" \/>\n<meta property=\"og:type\" content=\"article\" \/>\n<meta property=\"og:title\" content=\"Esta tarde se estrena en Condestable el cortometraje \u2018Celos\u2019, un audiovisual producido por once j\u00f3venes en un taller del Ayuntamiento de Pamplona y Kamira\" \/>\n<meta property=\"og:description\" content=\"Seis chicas y cinco chicos han participado en la segunda edici\u00f3n de esta actividad de Acci\u00f3n Social, dentro del Programa de Intervenci\u00f3n Familiar\" \/>\n<meta property=\"og:url\" content=\"https:\/\/www.laguiadepamplona.com\/actualidad\/esta-tarde-se-estrena-en-condestable-el-cortometraje-celos-un-audiovisual-producido-por-once-jovenes-en-un-taller-del-ayuntamiento-de-pamplona-y-kamira\/\" \/>\n<meta property=\"og:site_name\" content=\"La Gu\u00eda de Pamplona Noticias y actualidad\" \/>\n<meta property=\"article:publisher\" content=\"https:\/\/www.facebook.com\/laguiadepamplonacom-133175176762273\/?ref=hl\" \/>\n<meta property=\"article:published_time\" content=\"2018-09-03T16:02:04+00:00\" \/>\n<meta property=\"og:image\" content=\"https:\/\/www.laguiadepamplona.com\/actualidad\/wp-content\/uploads\/2018\/09\/Sketch-Celos.jpg\" \/>\n\t<meta property=\"og:image:width\" content=\"1278\" \/>\n\t<meta property=\"og:image:height\" content=\"715\" \/>\n\t<meta property=\"og:image:type\" content=\"image\/jpeg\" \/>\n<meta name=\"author\" content=\"La Gu\u00eda de Pamplona\" \/>\n<meta name=\"twitter:card\" content=\"summary_large_image\" \/>\n<meta name=\"twitter:creator\" content=\"@LaGuiadPamplona\" \/>\n<meta name=\"twitter:site\" content=\"@LaGuiadPamplona\" \/>\n<meta name=\"twitter:label1\" content=\"Escrito por\" \/>\n\t<meta name=\"twitter:data1\" content=\"La Gu\u00eda de Pamplona\" \/>\n\t<meta name=\"twitter:label2\" content=\"Tiempo de lectura\" \/>\n\t<meta name=\"twitter:data2\" content=\"3 minutos\" \/>\n<script type=\"application\/ld+json\" class=\"yoast-schema-graph\">{\"@context\":\"https:\\\/\\\/schema.org\",\"@graph\":[{\"@type\":\"Article\",\"@id\":\"https:\\\/\\\/www.laguiadepamplona.com\\\/actualidad\\\/esta-tarde-se-estrena-en-condestable-el-cortometraje-celos-un-audiovisual-producido-por-once-jovenes-en-un-taller-del-ayuntamiento-de-pamplona-y-kamira\\\/#article\",\"isPartOf\":{\"@id\":\"https:\\\/\\\/www.laguiadepamplona.com\\\/actualidad\\\/esta-tarde-se-estrena-en-condestable-el-cortometraje-celos-un-audiovisual-producido-por-once-jovenes-en-un-taller-del-ayuntamiento-de-pamplona-y-kamira\\\/\"},\"author\":{\"name\":\"La Gu\u00eda de Pamplona\",\"@id\":\"https:\\\/\\\/www.laguiadepamplona.com\\\/actualidad\\\/#\\\/schema\\\/person\\\/efe887376f0213d4657c93adc50b1fdb\"},\"headline\":\"Esta tarde se estrena en Condestable el cortometraje \u2018Celos\u2019, un audiovisual producido por once j\u00f3venes en un taller del Ayuntamiento de Pamplona y Kamira\",\"datePublished\":\"2018-09-03T16:02:04+00:00\",\"mainEntityOfPage\":{\"@id\":\"https:\\\/\\\/www.laguiadepamplona.com\\\/actualidad\\\/esta-tarde-se-estrena-en-condestable-el-cortometraje-celos-un-audiovisual-producido-por-once-jovenes-en-un-taller-del-ayuntamiento-de-pamplona-y-kamira\\\/\"},\"wordCount\":606,\"commentCount\":0,\"publisher\":{\"@id\":\"https:\\\/\\\/www.laguiadepamplona.com\\\/actualidad\\\/#organization\"},\"image\":{\"@id\":\"https:\\\/\\\/www.laguiadepamplona.com\\\/actualidad\\\/esta-tarde-se-estrena-en-condestable-el-cortometraje-celos-un-audiovisual-producido-por-once-jovenes-en-un-taller-del-ayuntamiento-de-pamplona-y-kamira\\\/#primaryimage\"},\"thumbnailUrl\":\"https:\\\/\\\/www.laguiadepamplona.com\\\/actualidad\\\/wp-content\\\/uploads\\\/2018\\\/09\\\/Sketch-Celos.jpg\",\"articleSection\":[\"Ayto Pamplona\"],\"inLanguage\":\"es\",\"potentialAction\":[{\"@type\":\"CommentAction\",\"name\":\"Comment\",\"target\":[\"https:\\\/\\\/www.laguiadepamplona.com\\\/actualidad\\\/esta-tarde-se-estrena-en-condestable-el-cortometraje-celos-un-audiovisual-producido-por-once-jovenes-en-un-taller-del-ayuntamiento-de-pamplona-y-kamira\\\/#respond\"]}]},{\"@type\":\"WebPage\",\"@id\":\"https:\\\/\\\/www.laguiadepamplona.com\\\/actualidad\\\/esta-tarde-se-estrena-en-condestable-el-cortometraje-celos-un-audiovisual-producido-por-once-jovenes-en-un-taller-del-ayuntamiento-de-pamplona-y-kamira\\\/\",\"url\":\"https:\\\/\\\/www.laguiadepamplona.com\\\/actualidad\\\/esta-tarde-se-estrena-en-condestable-el-cortometraje-celos-un-audiovisual-producido-por-once-jovenes-en-un-taller-del-ayuntamiento-de-pamplona-y-kamira\\\/\",\"name\":\"Esta tarde se estrena en Condestable el cortometraje \u2018Celos\u2019, un audiovisual producido por once j\u00f3venes en un taller del Ayuntamiento de Pamplona y Kamira\",\"isPartOf\":{\"@id\":\"https:\\\/\\\/www.laguiadepamplona.com\\\/actualidad\\\/#website\"},\"primaryImageOfPage\":{\"@id\":\"https:\\\/\\\/www.laguiadepamplona.com\\\/actualidad\\\/esta-tarde-se-estrena-en-condestable-el-cortometraje-celos-un-audiovisual-producido-por-once-jovenes-en-un-taller-del-ayuntamiento-de-pamplona-y-kamira\\\/#primaryimage\"},\"image\":{\"@id\":\"https:\\\/\\\/www.laguiadepamplona.com\\\/actualidad\\\/esta-tarde-se-estrena-en-condestable-el-cortometraje-celos-un-audiovisual-producido-por-once-jovenes-en-un-taller-del-ayuntamiento-de-pamplona-y-kamira\\\/#primaryimage\"},\"thumbnailUrl\":\"https:\\\/\\\/www.laguiadepamplona.com\\\/actualidad\\\/wp-content\\\/uploads\\\/2018\\\/09\\\/Sketch-Celos.jpg\",\"datePublished\":\"2018-09-03T16:02:04+00:00\",\"breadcrumb\":{\"@id\":\"https:\\\/\\\/www.laguiadepamplona.com\\\/actualidad\\\/esta-tarde-se-estrena-en-condestable-el-cortometraje-celos-un-audiovisual-producido-por-once-jovenes-en-un-taller-del-ayuntamiento-de-pamplona-y-kamira\\\/#breadcrumb\"},\"inLanguage\":\"es\",\"potentialAction\":[{\"@type\":\"ReadAction\",\"target\":[\"https:\\\/\\\/www.laguiadepamplona.com\\\/actualidad\\\/esta-tarde-se-estrena-en-condestable-el-cortometraje-celos-un-audiovisual-producido-por-once-jovenes-en-un-taller-del-ayuntamiento-de-pamplona-y-kamira\\\/\"]}]},{\"@type\":\"ImageObject\",\"inLanguage\":\"es\",\"@id\":\"https:\\\/\\\/www.laguiadepamplona.com\\\/actualidad\\\/esta-tarde-se-estrena-en-condestable-el-cortometraje-celos-un-audiovisual-producido-por-once-jovenes-en-un-taller-del-ayuntamiento-de-pamplona-y-kamira\\\/#primaryimage\",\"url\":\"https:\\\/\\\/www.laguiadepamplona.com\\\/actualidad\\\/wp-content\\\/uploads\\\/2018\\\/09\\\/Sketch-Celos.jpg\",\"contentUrl\":\"https:\\\/\\\/www.laguiadepamplona.com\\\/actualidad\\\/wp-content\\\/uploads\\\/2018\\\/09\\\/Sketch-Celos.jpg\",\"width\":1278,\"height\":715},{\"@type\":\"BreadcrumbList\",\"@id\":\"https:\\\/\\\/www.laguiadepamplona.com\\\/actualidad\\\/esta-tarde-se-estrena-en-condestable-el-cortometraje-celos-un-audiovisual-producido-por-once-jovenes-en-un-taller-del-ayuntamiento-de-pamplona-y-kamira\\\/#breadcrumb\",\"itemListElement\":[{\"@type\":\"ListItem\",\"position\":1,\"name\":\"Portada\",\"item\":\"https:\\\/\\\/www.laguiadepamplona.com\\\/actualidad\\\/\"},{\"@type\":\"ListItem\",\"position\":2,\"name\":\"Esta tarde se estrena en Condestable el cortometraje \u2018Celos\u2019, un audiovisual producido por once j\u00f3venes en un taller del Ayuntamiento de Pamplona y Kamira\"}]},{\"@type\":\"WebSite\",\"@id\":\"https:\\\/\\\/www.laguiadepamplona.com\\\/actualidad\\\/#website\",\"url\":\"https:\\\/\\\/www.laguiadepamplona.com\\\/actualidad\\\/\",\"name\":\"La gu\u00eda de Pamplona\",\"description\":\"Noticias de Pamplona\",\"publisher\":{\"@id\":\"https:\\\/\\\/www.laguiadepamplona.com\\\/actualidad\\\/#organization\"},\"potentialAction\":[{\"@type\":\"SearchAction\",\"target\":{\"@type\":\"EntryPoint\",\"urlTemplate\":\"https:\\\/\\\/www.laguiadepamplona.com\\\/actualidad\\\/?s={search_term_string}\"},\"query-input\":{\"@type\":\"PropertyValueSpecification\",\"valueRequired\":true,\"valueName\":\"search_term_string\"}}],\"inLanguage\":\"es\"},{\"@type\":\"Organization\",\"@id\":\"https:\\\/\\\/www.laguiadepamplona.com\\\/actualidad\\\/#organization\",\"name\":\"La Gu\u00eda de Pamplona \\\/ Noticias\",\"url\":\"https:\\\/\\\/www.laguiadepamplona.com\\\/actualidad\\\/\",\"logo\":{\"@type\":\"ImageObject\",\"inLanguage\":\"es\",\"@id\":\"https:\\\/\\\/www.laguiadepamplona.com\\\/actualidad\\\/#\\\/schema\\\/logo\\\/image\\\/\",\"url\":\"https:\\\/\\\/www.laguiadepamplona.com\\\/actualidad\\\/wp-content\\\/uploads\\\/2018\\\/11\\\/logo-laguiadepamplona18-web1.png\",\"contentUrl\":\"https:\\\/\\\/www.laguiadepamplona.com\\\/actualidad\\\/wp-content\\\/uploads\\\/2018\\\/11\\\/logo-laguiadepamplona18-web1.png\",\"width\":600,\"height\":196,\"caption\":\"La Gu\u00eda de Pamplona \\\/ Noticias\"},\"image\":{\"@id\":\"https:\\\/\\\/www.laguiadepamplona.com\\\/actualidad\\\/#\\\/schema\\\/logo\\\/image\\\/\"},\"sameAs\":[\"https:\\\/\\\/www.facebook.com\\\/laguiadepamplonacom-133175176762273\\\/?ref=hl\",\"https:\\\/\\\/x.com\\\/LaGuiadPamplona\",\"https:\\\/\\\/www.instagram.com\\\/la_guia_de_pamplona\\\/\",\"https:\\\/\\\/www.youtube.com\\\/user\\\/laguiadepamplona\"]},{\"@type\":\"Person\",\"@id\":\"https:\\\/\\\/www.laguiadepamplona.com\\\/actualidad\\\/#\\\/schema\\\/person\\\/efe887376f0213d4657c93adc50b1fdb\",\"name\":\"La Gu\u00eda de Pamplona\",\"image\":{\"@type\":\"ImageObject\",\"inLanguage\":\"es\",\"@id\":\"https:\\\/\\\/secure.gravatar.com\\\/avatar\\\/b6992f131dc8d30ab0dff15446e9d346d9dbd95992de0fef795073f5ea83a81c?s=96&d=mm&r=g\",\"url\":\"https:\\\/\\\/secure.gravatar.com\\\/avatar\\\/b6992f131dc8d30ab0dff15446e9d346d9dbd95992de0fef795073f5ea83a81c?s=96&d=mm&r=g\",\"contentUrl\":\"https:\\\/\\\/secure.gravatar.com\\\/avatar\\\/b6992f131dc8d30ab0dff15446e9d346d9dbd95992de0fef795073f5ea83a81c?s=96&d=mm&r=g\",\"caption\":\"La Gu\u00eda de Pamplona\"}}]}<\/script>\n<!-- \/ Yoast SEO plugin. -->","yoast_head_json":{"title":"Esta tarde se estrena en Condestable el cortometraje \u2018Celos\u2019, un audiovisual producido por once j\u00f3venes en un taller del Ayuntamiento de Pamplona y Kamira","robots":{"index":"index","follow":"follow","max-snippet":"max-snippet:-1","max-image-preview":"max-image-preview:large","max-video-preview":"max-video-preview:-1"},"canonical":"https:\/\/www.laguiadepamplona.com\/actualidad\/esta-tarde-se-estrena-en-condestable-el-cortometraje-celos-un-audiovisual-producido-por-once-jovenes-en-un-taller-del-ayuntamiento-de-pamplona-y-kamira\/","og_locale":"es_ES","og_type":"article","og_title":"Esta tarde se estrena en Condestable el cortometraje \u2018Celos\u2019, un audiovisual producido por once j\u00f3venes en un taller del Ayuntamiento de Pamplona y Kamira","og_description":"Seis chicas y cinco chicos han participado en la segunda edici\u00f3n de esta actividad de Acci\u00f3n Social, dentro del Programa de Intervenci\u00f3n Familiar","og_url":"https:\/\/www.laguiadepamplona.com\/actualidad\/esta-tarde-se-estrena-en-condestable-el-cortometraje-celos-un-audiovisual-producido-por-once-jovenes-en-un-taller-del-ayuntamiento-de-pamplona-y-kamira\/","og_site_name":"La Gu\u00eda de Pamplona Noticias y actualidad","article_publisher":"https:\/\/www.facebook.com\/laguiadepamplonacom-133175176762273\/?ref=hl","article_published_time":"2018-09-03T16:02:04+00:00","og_image":[{"width":1278,"height":715,"url":"https:\/\/www.laguiadepamplona.com\/actualidad\/wp-content\/uploads\/2018\/09\/Sketch-Celos.jpg","type":"image\/jpeg"}],"author":"La Gu\u00eda de Pamplona","twitter_card":"summary_large_image","twitter_creator":"@LaGuiadPamplona","twitter_site":"@LaGuiadPamplona","twitter_misc":{"Escrito por":"La Gu\u00eda de Pamplona","Tiempo de lectura":"3 minutos"},"schema":{"@context":"https:\/\/schema.org","@graph":[{"@type":"Article","@id":"https:\/\/www.laguiadepamplona.com\/actualidad\/esta-tarde-se-estrena-en-condestable-el-cortometraje-celos-un-audiovisual-producido-por-once-jovenes-en-un-taller-del-ayuntamiento-de-pamplona-y-kamira\/#article","isPartOf":{"@id":"https:\/\/www.laguiadepamplona.com\/actualidad\/esta-tarde-se-estrena-en-condestable-el-cortometraje-celos-un-audiovisual-producido-por-once-jovenes-en-un-taller-del-ayuntamiento-de-pamplona-y-kamira\/"},"author":{"name":"La Gu\u00eda de Pamplona","@id":"https:\/\/www.laguiadepamplona.com\/actualidad\/#\/schema\/person\/efe887376f0213d4657c93adc50b1fdb"},"headline":"Esta tarde se estrena en Condestable el cortometraje \u2018Celos\u2019, un audiovisual producido por once j\u00f3venes en un taller del Ayuntamiento de Pamplona y Kamira","datePublished":"2018-09-03T16:02:04+00:00","mainEntityOfPage":{"@id":"https:\/\/www.laguiadepamplona.com\/actualidad\/esta-tarde-se-estrena-en-condestable-el-cortometraje-celos-un-audiovisual-producido-por-once-jovenes-en-un-taller-del-ayuntamiento-de-pamplona-y-kamira\/"},"wordCount":606,"commentCount":0,"publisher":{"@id":"https:\/\/www.laguiadepamplona.com\/actualidad\/#organization"},"image":{"@id":"https:\/\/www.laguiadepamplona.com\/actualidad\/esta-tarde-se-estrena-en-condestable-el-cortometraje-celos-un-audiovisual-producido-por-once-jovenes-en-un-taller-del-ayuntamiento-de-pamplona-y-kamira\/#primaryimage"},"thumbnailUrl":"https:\/\/www.laguiadepamplona.com\/actualidad\/wp-content\/uploads\/2018\/09\/Sketch-Celos.jpg","articleSection":["Ayto Pamplona"],"inLanguage":"es","potentialAction":[{"@type":"CommentAction","name":"Comment","target":["https:\/\/www.laguiadepamplona.com\/actualidad\/esta-tarde-se-estrena-en-condestable-el-cortometraje-celos-un-audiovisual-producido-por-once-jovenes-en-un-taller-del-ayuntamiento-de-pamplona-y-kamira\/#respond"]}]},{"@type":"WebPage","@id":"https:\/\/www.laguiadepamplona.com\/actualidad\/esta-tarde-se-estrena-en-condestable-el-cortometraje-celos-un-audiovisual-producido-por-once-jovenes-en-un-taller-del-ayuntamiento-de-pamplona-y-kamira\/","url":"https:\/\/www.laguiadepamplona.com\/actualidad\/esta-tarde-se-estrena-en-condestable-el-cortometraje-celos-un-audiovisual-producido-por-once-jovenes-en-un-taller-del-ayuntamiento-de-pamplona-y-kamira\/","name":"Esta tarde se estrena en Condestable el cortometraje \u2018Celos\u2019, un audiovisual producido por once j\u00f3venes en un taller del Ayuntamiento de Pamplona y Kamira","isPartOf":{"@id":"https:\/\/www.laguiadepamplona.com\/actualidad\/#website"},"primaryImageOfPage":{"@id":"https:\/\/www.laguiadepamplona.com\/actualidad\/esta-tarde-se-estrena-en-condestable-el-cortometraje-celos-un-audiovisual-producido-por-once-jovenes-en-un-taller-del-ayuntamiento-de-pamplona-y-kamira\/#primaryimage"},"image":{"@id":"https:\/\/www.laguiadepamplona.com\/actualidad\/esta-tarde-se-estrena-en-condestable-el-cortometraje-celos-un-audiovisual-producido-por-once-jovenes-en-un-taller-del-ayuntamiento-de-pamplona-y-kamira\/#primaryimage"},"thumbnailUrl":"https:\/\/www.laguiadepamplona.com\/actualidad\/wp-content\/uploads\/2018\/09\/Sketch-Celos.jpg","datePublished":"2018-09-03T16:02:04+00:00","breadcrumb":{"@id":"https:\/\/www.laguiadepamplona.com\/actualidad\/esta-tarde-se-estrena-en-condestable-el-cortometraje-celos-un-audiovisual-producido-por-once-jovenes-en-un-taller-del-ayuntamiento-de-pamplona-y-kamira\/#breadcrumb"},"inLanguage":"es","potentialAction":[{"@type":"ReadAction","target":["https:\/\/www.laguiadepamplona.com\/actualidad\/esta-tarde-se-estrena-en-condestable-el-cortometraje-celos-un-audiovisual-producido-por-once-jovenes-en-un-taller-del-ayuntamiento-de-pamplona-y-kamira\/"]}]},{"@type":"ImageObject","inLanguage":"es","@id":"https:\/\/www.laguiadepamplona.com\/actualidad\/esta-tarde-se-estrena-en-condestable-el-cortometraje-celos-un-audiovisual-producido-por-once-jovenes-en-un-taller-del-ayuntamiento-de-pamplona-y-kamira\/#primaryimage","url":"https:\/\/www.laguiadepamplona.com\/actualidad\/wp-content\/uploads\/2018\/09\/Sketch-Celos.jpg","contentUrl":"https:\/\/www.laguiadepamplona.com\/actualidad\/wp-content\/uploads\/2018\/09\/Sketch-Celos.jpg","width":1278,"height":715},{"@type":"BreadcrumbList","@id":"https:\/\/www.laguiadepamplona.com\/actualidad\/esta-tarde-se-estrena-en-condestable-el-cortometraje-celos-un-audiovisual-producido-por-once-jovenes-en-un-taller-del-ayuntamiento-de-pamplona-y-kamira\/#breadcrumb","itemListElement":[{"@type":"ListItem","position":1,"name":"Portada","item":"https:\/\/www.laguiadepamplona.com\/actualidad\/"},{"@type":"ListItem","position":2,"name":"Esta tarde se estrena en Condestable el cortometraje \u2018Celos\u2019, un audiovisual producido por once j\u00f3venes en un taller del Ayuntamiento de Pamplona y Kamira"}]},{"@type":"WebSite","@id":"https:\/\/www.laguiadepamplona.com\/actualidad\/#website","url":"https:\/\/www.laguiadepamplona.com\/actualidad\/","name":"La gu\u00eda de Pamplona","description":"Noticias de Pamplona","publisher":{"@id":"https:\/\/www.laguiadepamplona.com\/actualidad\/#organization"},"potentialAction":[{"@type":"SearchAction","target":{"@type":"EntryPoint","urlTemplate":"https:\/\/www.laguiadepamplona.com\/actualidad\/?s={search_term_string}"},"query-input":{"@type":"PropertyValueSpecification","valueRequired":true,"valueName":"search_term_string"}}],"inLanguage":"es"},{"@type":"Organization","@id":"https:\/\/www.laguiadepamplona.com\/actualidad\/#organization","name":"La Gu\u00eda de Pamplona \/ Noticias","url":"https:\/\/www.laguiadepamplona.com\/actualidad\/","logo":{"@type":"ImageObject","inLanguage":"es","@id":"https:\/\/www.laguiadepamplona.com\/actualidad\/#\/schema\/logo\/image\/","url":"https:\/\/www.laguiadepamplona.com\/actualidad\/wp-content\/uploads\/2018\/11\/logo-laguiadepamplona18-web1.png","contentUrl":"https:\/\/www.laguiadepamplona.com\/actualidad\/wp-content\/uploads\/2018\/11\/logo-laguiadepamplona18-web1.png","width":600,"height":196,"caption":"La Gu\u00eda de Pamplona \/ Noticias"},"image":{"@id":"https:\/\/www.laguiadepamplona.com\/actualidad\/#\/schema\/logo\/image\/"},"sameAs":["https:\/\/www.facebook.com\/laguiadepamplonacom-133175176762273\/?ref=hl","https:\/\/x.com\/LaGuiadPamplona","https:\/\/www.instagram.com\/la_guia_de_pamplona\/","https:\/\/www.youtube.com\/user\/laguiadepamplona"]},{"@type":"Person","@id":"https:\/\/www.laguiadepamplona.com\/actualidad\/#\/schema\/person\/efe887376f0213d4657c93adc50b1fdb","name":"La Gu\u00eda de Pamplona","image":{"@type":"ImageObject","inLanguage":"es","@id":"https:\/\/secure.gravatar.com\/avatar\/b6992f131dc8d30ab0dff15446e9d346d9dbd95992de0fef795073f5ea83a81c?s=96&d=mm&r=g","url":"https:\/\/secure.gravatar.com\/avatar\/b6992f131dc8d30ab0dff15446e9d346d9dbd95992de0fef795073f5ea83a81c?s=96&d=mm&r=g","contentUrl":"https:\/\/secure.gravatar.com\/avatar\/b6992f131dc8d30ab0dff15446e9d346d9dbd95992de0fef795073f5ea83a81c?s=96&d=mm&r=g","caption":"La Gu\u00eda de Pamplona"}}]}},"post_mailing_queue_ids":[],"_links":{"self":[{"href":"https:\/\/www.laguiadepamplona.com\/actualidad\/wp-json\/wp\/v2\/posts\/18615","targetHints":{"allow":["GET"]}}],"collection":[{"href":"https:\/\/www.laguiadepamplona.com\/actualidad\/wp-json\/wp\/v2\/posts"}],"about":[{"href":"https:\/\/www.laguiadepamplona.com\/actualidad\/wp-json\/wp\/v2\/types\/post"}],"author":[{"embeddable":true,"href":"https:\/\/www.laguiadepamplona.com\/actualidad\/wp-json\/wp\/v2\/users\/1"}],"replies":[{"embeddable":true,"href":"https:\/\/www.laguiadepamplona.com\/actualidad\/wp-json\/wp\/v2\/comments?post=18615"}],"version-history":[{"count":0,"href":"https:\/\/www.laguiadepamplona.com\/actualidad\/wp-json\/wp\/v2\/posts\/18615\/revisions"}],"wp:featuredmedia":[{"embeddable":true,"href":"https:\/\/www.laguiadepamplona.com\/actualidad\/wp-json\/wp\/v2\/media\/18616"}],"wp:attachment":[{"href":"https:\/\/www.laguiadepamplona.com\/actualidad\/wp-json\/wp\/v2\/media?parent=18615"}],"wp:term":[{"taxonomy":"category","embeddable":true,"href":"https:\/\/www.laguiadepamplona.com\/actualidad\/wp-json\/wp\/v2\/categories?post=18615"},{"taxonomy":"post_tag","embeddable":true,"href":"https:\/\/www.laguiadepamplona.com\/actualidad\/wp-json\/wp\/v2\/tags?post=18615"}],"curies":[{"name":"wp","href":"https:\/\/api.w.org\/{rel}","templated":true}]}}