{"id":18598,"date":"2018-09-03T17:51:32","date_gmt":"2018-09-03T15:51:32","guid":{"rendered":"https:\/\/www.laguiadepamplona.es\/actualidad\/?p=18598"},"modified":"2018-09-03T17:51:32","modified_gmt":"2018-09-03T15:51:32","slug":"el-consistorio-propone-que-el-antiguo-conservatorio-pablo-sarasate-acoja-temporalmente-la-casa-de-la-mujeres-y-el-gasto-de-adecuacion-se-incluya-en-el-presupuesto-de-2019","status":"publish","type":"post","link":"https:\/\/www.laguiadepamplona.com\/actualidad\/el-consistorio-propone-que-el-antiguo-conservatorio-pablo-sarasate-acoja-temporalmente-la-casa-de-la-mujeres-y-el-gasto-de-adecuacion-se-incluya-en-el-presupuesto-de-2019\/","title":{"rendered":"El Consistorio propone que el antiguo conservatorio Pablo Sarasate acoja temporalmente la Casa de la Mujeres y el gasto de adecuaci\u00f3n se incluya en el presupuesto de 2019"},"content":{"rendered":"<h3>El alcalde informa en comisi\u00f3n del informe t\u00e9cnico del Servicio de Igualdad que avala el uso de este espacio ya que responde a las necesidades<\/h3>\n<p><!--more--><\/p>\n<p>El Ayuntamiento de Pamplona ha propuesto que el antiguo Conservatorio Profesional de M\u00fasica Pablo Sarasate, situado en la calle Aoiz, acoja temporalmente la Casa de la Mujeres de Pamplona\/Iru\u00f1a. El alcalde de Pamplona, Joseba Asiron, ha dado a conocer esta iniciativa en la Comisi\u00f3n de Presidencia dentro de la comparecencia en la que ha detallado los objetivos y l\u00edneas de actuaci\u00f3n municipales en materia de Igualdad. Durante su intervenci\u00f3n ha anunciado un informe del Servicio de Igualdad y LGTBI que valora positivamente este espacio ya que responde a las necesidades del proyecto y que propone que el gasto de adecuaci\u00f3n del edificio sea incluido en el presupuesto de ejercicio econ\u00f3mico de 2019. En la primera quincena de septiembre est\u00e1 prevista una reuni\u00f3n con el grupo de construcci\u00f3n colectiva del proceso Casa de las Mujeres de Pamplona\/Iru\u00f1a tras la que se elaborar\u00e1 un documento definitivo sobre el proyecto y su ubicaci\u00f3n y se crear\u00e1 una comisi\u00f3n de seguimiento compuesta por personal t\u00e9cnico, pol\u00edtico y grupo de construcci\u00f3n colectiva.<\/p>\n<p>El proyecto Casa de las Mujeres de Pamplona\/Iru\u00f1a es una actuaci\u00f3n recogida en el III Plan para la Igualdad de Pamplona (2016-2022) dentro de los objetivos de la l\u00ednea estrat\u00e9gica de Participaci\u00f3n e incidencia pol\u00edtica bajo el t\u00edtulo \u2018Conseguir que el movimiento organizado de mujeres se convierta en \u00f3rgano de interlocuci\u00f3n con el Ayuntamiento\u2019 y concretamente en el apartado \u2018Crear las condiciones para fortalecer el movimiento asociativo y feminista de la ciudad\u2019.<\/p>\n<p><script async src=\"\/\/pagead2.googlesyndication.com\/pagead\/js\/adsbygoogle.js\"><\/script><br \/>\n<!-- Noticias La Guia de Pamplona --><br \/>\n<ins class=\"adsbygoogle\"\nstyle=\"display:block\"\ndata-ad-client=\"ca-pub-6943679897239327\"\ndata-ad-slot=\"7048180777\"\ndata-ad-format=\"auto\"><\/ins><br \/>\n<script>\n(adsbygoogle = window.adsbygoogle || []).push({});\n<\/script><\/p>\n<p><strong>Espacio f\u00edsico y simb\u00f3lico para el empoderamiento individual, colectivo y en red<\/strong><\/p>\n<p>Este proyecto pretende ofrecer a las mujeres, tanto individualmente como a las asociaciones y colectivos feministas, un espacio f\u00edsico y simb\u00f3lico para pasar del empoderamiento individual al empoderamiento colectivo y en red. Un espacio construido colectivamente con las mujeres dispuestas a ello.<\/p>\n<p>El Consistorio pamplon\u00e9s puso en marcha en marzo de 2018 un proceso participativo para el dise\u00f1o y la creaci\u00f3n de la Casa de las Mujeres que termin\u00f3 en junio. Al finalizar, se redact\u00f3 un documento con los objetivos, actuaciones, modelo de gesti\u00f3n y financiaci\u00f3n con el que se va a trabajar abordando la elecci\u00f3n definitiva del espacio de la Casa de las Mujeres de Pamplona\/Iru\u00f1a, la redacci\u00f3n del proyecto de reforma, la elaboraci\u00f3n del presupuesto de obras y la ejecuci\u00f3n de los trabajos que ser\u00edan realizados el a\u00f1o pr\u00f3ximo con cargo en el presupuesto de 2019. Durante agosto se han celebrado varias reuniones entre el Ayuntamiento y representantes del grupo de construcci\u00f3n colectiva del proceso para perfilar la ubicaci\u00f3n f\u00edsica de este nuevo recurso municipal.<\/p>\n<p><strong>Edificio con sal\u00f3n de actos y varias salas<\/strong><\/p>\n<p>El edificio del antiguo Conservatorio Profesional de M\u00fasica Pablo Sarasate cuenta en la planta baja con un sal\u00f3n de actos de unas 200 butacas y 181 m<sup>2<\/sup> con un escenario de 63 m<sup>2<\/sup>, despacho y dos almacenes peque\u00f1os. Tambi\u00e9n con un aula de m\u00fasica de 47 m<sup>2<\/sup>, un espacio de conserjer\u00eda de 22 m<sup>2<\/sup>, aseo y despacho de 12 m<sup>2<\/sup>. El informe recoge que esta parte del edificio no necesitar\u00eda apenas reformas, solamente de adecuaci\u00f3n a la normativa, y la creaci\u00f3n de una rampa de acceso en la entrada principal valorada en 30.000 euros.<\/p>\n<p>En la parte del edificio utilizada anteriormente por un centro escolar hay cinco aulas de unos 43 m<sup>2<\/sup> cada una, separadas por un amplio pasillo de 155 m<sup>2<\/sup> y dotadas con dos aseos. Esta parte cuenta con problemas de accesibilidad y el presupuesto de estos trabajos y del resto de adaptaci\u00f3n del edificio a la normativa est\u00e1n valorados en 70.000 euros.<\/p>\n<p>&nbsp;<br \/>\n<a href=\"https:\/\/www.laguiadepamplona.es\/actualidad\/wp-content\/uploads\/2018\/09\/18.09.03_informe_igualda_casa_mujeres_CMP.pdf\"informe_igualda_casa_mujeres_CMP.pdf<\/a><\/p>\n","protected":false},"excerpt":{"rendered":"<p>El alcalde informa en comisi\u00f3n del informe t\u00e9cnico del Servicio de Igualdad que avala el uso de este espacio ya que responde a las necesidades<\/p>\n","protected":false},"author":1,"featured_media":17600,"comment_status":"open","ping_status":"closed","sticky":false,"template":"","format":"standard","meta":{"footnotes":""},"categories":[2],"tags":[],"class_list":["post-18598","post","type-post","status-publish","format-standard","has-post-thumbnail","hentry","category-ayuntamiento-pamplona"],"yoast_head":"<!-- This site is optimized with the Yoast SEO plugin v27.9 - https:\/\/yoast.com\/product\/yoast-seo-wordpress\/ -->\n<title>El Consistorio propone que el antiguo conservatorio Pablo Sarasate acoja temporalmente la Casa de la Mujeres y el gasto de adecuaci\u00f3n se incluya en el presupuesto de 2019<\/title>\n<meta name=\"robots\" content=\"index, follow, max-snippet:-1, max-image-preview:large, max-video-preview:-1\" \/>\n<link rel=\"canonical\" href=\"https:\/\/www.laguiadepamplona.com\/actualidad\/el-consistorio-propone-que-el-antiguo-conservatorio-pablo-sarasate-acoja-temporalmente-la-casa-de-la-mujeres-y-el-gasto-de-adecuacion-se-incluya-en-el-presupuesto-de-2019\/\" \/>\n<meta property=\"og:locale\" content=\"es_ES\" \/>\n<meta property=\"og:type\" content=\"article\" \/>\n<meta property=\"og:title\" content=\"El Consistorio propone que el antiguo conservatorio Pablo Sarasate acoja temporalmente la Casa de la Mujeres y el gasto de adecuaci\u00f3n se incluya en el presupuesto de 2019\" \/>\n<meta property=\"og:description\" content=\"El alcalde informa en comisi\u00f3n del informe t\u00e9cnico del Servicio de Igualdad que avala el uso de este espacio ya que responde a las necesidades\" \/>\n<meta property=\"og:url\" content=\"https:\/\/www.laguiadepamplona.com\/actualidad\/el-consistorio-propone-que-el-antiguo-conservatorio-pablo-sarasate-acoja-temporalmente-la-casa-de-la-mujeres-y-el-gasto-de-adecuacion-se-incluya-en-el-presupuesto-de-2019\/\" \/>\n<meta property=\"og:site_name\" content=\"La Gu\u00eda de Pamplona Noticias y actualidad\" \/>\n<meta property=\"article:publisher\" content=\"https:\/\/www.facebook.com\/laguiadepamplonacom-133175176762273\/?ref=hl\" \/>\n<meta property=\"article:published_time\" content=\"2018-09-03T15:51:32+00:00\" \/>\n<meta property=\"og:image\" content=\"https:\/\/www.laguiadepamplona.com\/actualidad\/wp-content\/uploads\/2018\/05\/ayto-pamplona-3.jpg\" \/>\n\t<meta property=\"og:image:width\" content=\"1000\" \/>\n\t<meta property=\"og:image:height\" content=\"555\" \/>\n\t<meta property=\"og:image:type\" content=\"image\/jpeg\" \/>\n<meta name=\"author\" content=\"La Gu\u00eda de Pamplona\" \/>\n<meta name=\"twitter:card\" content=\"summary_large_image\" \/>\n<meta name=\"twitter:creator\" content=\"@LaGuiadPamplona\" \/>\n<meta name=\"twitter:site\" content=\"@LaGuiadPamplona\" \/>\n<meta name=\"twitter:label1\" content=\"Escrito por\" \/>\n\t<meta name=\"twitter:data1\" content=\"La Gu\u00eda de Pamplona\" \/>\n\t<meta name=\"twitter:label2\" content=\"Tiempo de lectura\" \/>\n\t<meta name=\"twitter:data2\" content=\"3 minutos\" \/>\n<script type=\"application\/ld+json\" class=\"yoast-schema-graph\">{\"@context\":\"https:\\\/\\\/schema.org\",\"@graph\":[{\"@type\":\"Article\",\"@id\":\"https:\\\/\\\/www.laguiadepamplona.com\\\/actualidad\\\/el-consistorio-propone-que-el-antiguo-conservatorio-pablo-sarasate-acoja-temporalmente-la-casa-de-la-mujeres-y-el-gasto-de-adecuacion-se-incluya-en-el-presupuesto-de-2019\\\/#article\",\"isPartOf\":{\"@id\":\"https:\\\/\\\/www.laguiadepamplona.com\\\/actualidad\\\/el-consistorio-propone-que-el-antiguo-conservatorio-pablo-sarasate-acoja-temporalmente-la-casa-de-la-mujeres-y-el-gasto-de-adecuacion-se-incluya-en-el-presupuesto-de-2019\\\/\"},\"author\":{\"name\":\"La Gu\u00eda de Pamplona\",\"@id\":\"https:\\\/\\\/www.laguiadepamplona.com\\\/actualidad\\\/#\\\/schema\\\/person\\\/efe887376f0213d4657c93adc50b1fdb\"},\"headline\":\"El Consistorio propone que el antiguo conservatorio Pablo Sarasate acoja temporalmente la Casa de la Mujeres y el gasto de adecuaci\u00f3n se incluya en el presupuesto de 2019\",\"datePublished\":\"2018-09-03T15:51:32+00:00\",\"mainEntityOfPage\":{\"@id\":\"https:\\\/\\\/www.laguiadepamplona.com\\\/actualidad\\\/el-consistorio-propone-que-el-antiguo-conservatorio-pablo-sarasate-acoja-temporalmente-la-casa-de-la-mujeres-y-el-gasto-de-adecuacion-se-incluya-en-el-presupuesto-de-2019\\\/\"},\"wordCount\":684,\"commentCount\":0,\"publisher\":{\"@id\":\"https:\\\/\\\/www.laguiadepamplona.com\\\/actualidad\\\/#organization\"},\"image\":{\"@id\":\"https:\\\/\\\/www.laguiadepamplona.com\\\/actualidad\\\/el-consistorio-propone-que-el-antiguo-conservatorio-pablo-sarasate-acoja-temporalmente-la-casa-de-la-mujeres-y-el-gasto-de-adecuacion-se-incluya-en-el-presupuesto-de-2019\\\/#primaryimage\"},\"thumbnailUrl\":\"https:\\\/\\\/www.laguiadepamplona.com\\\/actualidad\\\/wp-content\\\/uploads\\\/2018\\\/05\\\/ayto-pamplona-3.jpg\",\"articleSection\":[\"Ayto Pamplona\"],\"inLanguage\":\"es\",\"potentialAction\":[{\"@type\":\"CommentAction\",\"name\":\"Comment\",\"target\":[\"https:\\\/\\\/www.laguiadepamplona.com\\\/actualidad\\\/el-consistorio-propone-que-el-antiguo-conservatorio-pablo-sarasate-acoja-temporalmente-la-casa-de-la-mujeres-y-el-gasto-de-adecuacion-se-incluya-en-el-presupuesto-de-2019\\\/#respond\"]}]},{\"@type\":\"WebPage\",\"@id\":\"https:\\\/\\\/www.laguiadepamplona.com\\\/actualidad\\\/el-consistorio-propone-que-el-antiguo-conservatorio-pablo-sarasate-acoja-temporalmente-la-casa-de-la-mujeres-y-el-gasto-de-adecuacion-se-incluya-en-el-presupuesto-de-2019\\\/\",\"url\":\"https:\\\/\\\/www.laguiadepamplona.com\\\/actualidad\\\/el-consistorio-propone-que-el-antiguo-conservatorio-pablo-sarasate-acoja-temporalmente-la-casa-de-la-mujeres-y-el-gasto-de-adecuacion-se-incluya-en-el-presupuesto-de-2019\\\/\",\"name\":\"El Consistorio propone que el antiguo conservatorio Pablo Sarasate acoja temporalmente la Casa de la Mujeres y el gasto de adecuaci\u00f3n se incluya en el presupuesto de 2019\",\"isPartOf\":{\"@id\":\"https:\\\/\\\/www.laguiadepamplona.com\\\/actualidad\\\/#website\"},\"primaryImageOfPage\":{\"@id\":\"https:\\\/\\\/www.laguiadepamplona.com\\\/actualidad\\\/el-consistorio-propone-que-el-antiguo-conservatorio-pablo-sarasate-acoja-temporalmente-la-casa-de-la-mujeres-y-el-gasto-de-adecuacion-se-incluya-en-el-presupuesto-de-2019\\\/#primaryimage\"},\"image\":{\"@id\":\"https:\\\/\\\/www.laguiadepamplona.com\\\/actualidad\\\/el-consistorio-propone-que-el-antiguo-conservatorio-pablo-sarasate-acoja-temporalmente-la-casa-de-la-mujeres-y-el-gasto-de-adecuacion-se-incluya-en-el-presupuesto-de-2019\\\/#primaryimage\"},\"thumbnailUrl\":\"https:\\\/\\\/www.laguiadepamplona.com\\\/actualidad\\\/wp-content\\\/uploads\\\/2018\\\/05\\\/ayto-pamplona-3.jpg\",\"datePublished\":\"2018-09-03T15:51:32+00:00\",\"breadcrumb\":{\"@id\":\"https:\\\/\\\/www.laguiadepamplona.com\\\/actualidad\\\/el-consistorio-propone-que-el-antiguo-conservatorio-pablo-sarasate-acoja-temporalmente-la-casa-de-la-mujeres-y-el-gasto-de-adecuacion-se-incluya-en-el-presupuesto-de-2019\\\/#breadcrumb\"},\"inLanguage\":\"es\",\"potentialAction\":[{\"@type\":\"ReadAction\",\"target\":[\"https:\\\/\\\/www.laguiadepamplona.com\\\/actualidad\\\/el-consistorio-propone-que-el-antiguo-conservatorio-pablo-sarasate-acoja-temporalmente-la-casa-de-la-mujeres-y-el-gasto-de-adecuacion-se-incluya-en-el-presupuesto-de-2019\\\/\"]}]},{\"@type\":\"ImageObject\",\"inLanguage\":\"es\",\"@id\":\"https:\\\/\\\/www.laguiadepamplona.com\\\/actualidad\\\/el-consistorio-propone-que-el-antiguo-conservatorio-pablo-sarasate-acoja-temporalmente-la-casa-de-la-mujeres-y-el-gasto-de-adecuacion-se-incluya-en-el-presupuesto-de-2019\\\/#primaryimage\",\"url\":\"https:\\\/\\\/www.laguiadepamplona.com\\\/actualidad\\\/wp-content\\\/uploads\\\/2018\\\/05\\\/ayto-pamplona-3.jpg\",\"contentUrl\":\"https:\\\/\\\/www.laguiadepamplona.com\\\/actualidad\\\/wp-content\\\/uploads\\\/2018\\\/05\\\/ayto-pamplona-3.jpg\",\"width\":1000,\"height\":555},{\"@type\":\"BreadcrumbList\",\"@id\":\"https:\\\/\\\/www.laguiadepamplona.com\\\/actualidad\\\/el-consistorio-propone-que-el-antiguo-conservatorio-pablo-sarasate-acoja-temporalmente-la-casa-de-la-mujeres-y-el-gasto-de-adecuacion-se-incluya-en-el-presupuesto-de-2019\\\/#breadcrumb\",\"itemListElement\":[{\"@type\":\"ListItem\",\"position\":1,\"name\":\"Portada\",\"item\":\"https:\\\/\\\/www.laguiadepamplona.com\\\/actualidad\\\/\"},{\"@type\":\"ListItem\",\"position\":2,\"name\":\"El Consistorio propone que el antiguo conservatorio Pablo Sarasate acoja temporalmente la Casa de la Mujeres y el gasto de adecuaci\u00f3n se incluya en el presupuesto de 2019\"}]},{\"@type\":\"WebSite\",\"@id\":\"https:\\\/\\\/www.laguiadepamplona.com\\\/actualidad\\\/#website\",\"url\":\"https:\\\/\\\/www.laguiadepamplona.com\\\/actualidad\\\/\",\"name\":\"La gu\u00eda de Pamplona\",\"description\":\"Noticias de Pamplona\",\"publisher\":{\"@id\":\"https:\\\/\\\/www.laguiadepamplona.com\\\/actualidad\\\/#organization\"},\"potentialAction\":[{\"@type\":\"SearchAction\",\"target\":{\"@type\":\"EntryPoint\",\"urlTemplate\":\"https:\\\/\\\/www.laguiadepamplona.com\\\/actualidad\\\/?s={search_term_string}\"},\"query-input\":{\"@type\":\"PropertyValueSpecification\",\"valueRequired\":true,\"valueName\":\"search_term_string\"}}],\"inLanguage\":\"es\"},{\"@type\":\"Organization\",\"@id\":\"https:\\\/\\\/www.laguiadepamplona.com\\\/actualidad\\\/#organization\",\"name\":\"La Gu\u00eda de Pamplona \\\/ Noticias\",\"url\":\"https:\\\/\\\/www.laguiadepamplona.com\\\/actualidad\\\/\",\"logo\":{\"@type\":\"ImageObject\",\"inLanguage\":\"es\",\"@id\":\"https:\\\/\\\/www.laguiadepamplona.com\\\/actualidad\\\/#\\\/schema\\\/logo\\\/image\\\/\",\"url\":\"https:\\\/\\\/www.laguiadepamplona.com\\\/actualidad\\\/wp-content\\\/uploads\\\/2018\\\/11\\\/logo-laguiadepamplona18-web1.png\",\"contentUrl\":\"https:\\\/\\\/www.laguiadepamplona.com\\\/actualidad\\\/wp-content\\\/uploads\\\/2018\\\/11\\\/logo-laguiadepamplona18-web1.png\",\"width\":600,\"height\":196,\"caption\":\"La Gu\u00eda de Pamplona \\\/ Noticias\"},\"image\":{\"@id\":\"https:\\\/\\\/www.laguiadepamplona.com\\\/actualidad\\\/#\\\/schema\\\/logo\\\/image\\\/\"},\"sameAs\":[\"https:\\\/\\\/www.facebook.com\\\/laguiadepamplonacom-133175176762273\\\/?ref=hl\",\"https:\\\/\\\/x.com\\\/LaGuiadPamplona\",\"https:\\\/\\\/www.instagram.com\\\/la_guia_de_pamplona\\\/\",\"https:\\\/\\\/www.youtube.com\\\/user\\\/laguiadepamplona\"]},{\"@type\":\"Person\",\"@id\":\"https:\\\/\\\/www.laguiadepamplona.com\\\/actualidad\\\/#\\\/schema\\\/person\\\/efe887376f0213d4657c93adc50b1fdb\",\"name\":\"La Gu\u00eda de Pamplona\",\"image\":{\"@type\":\"ImageObject\",\"inLanguage\":\"es\",\"@id\":\"https:\\\/\\\/secure.gravatar.com\\\/avatar\\\/b6992f131dc8d30ab0dff15446e9d346d9dbd95992de0fef795073f5ea83a81c?s=96&d=mm&r=g\",\"url\":\"https:\\\/\\\/secure.gravatar.com\\\/avatar\\\/b6992f131dc8d30ab0dff15446e9d346d9dbd95992de0fef795073f5ea83a81c?s=96&d=mm&r=g\",\"contentUrl\":\"https:\\\/\\\/secure.gravatar.com\\\/avatar\\\/b6992f131dc8d30ab0dff15446e9d346d9dbd95992de0fef795073f5ea83a81c?s=96&d=mm&r=g\",\"caption\":\"La Gu\u00eda de Pamplona\"}}]}<\/script>\n<!-- \/ Yoast SEO plugin. -->","yoast_head_json":{"title":"El Consistorio propone que el antiguo conservatorio Pablo Sarasate acoja temporalmente la Casa de la Mujeres y el gasto de adecuaci\u00f3n se incluya en el presupuesto de 2019","robots":{"index":"index","follow":"follow","max-snippet":"max-snippet:-1","max-image-preview":"max-image-preview:large","max-video-preview":"max-video-preview:-1"},"canonical":"https:\/\/www.laguiadepamplona.com\/actualidad\/el-consistorio-propone-que-el-antiguo-conservatorio-pablo-sarasate-acoja-temporalmente-la-casa-de-la-mujeres-y-el-gasto-de-adecuacion-se-incluya-en-el-presupuesto-de-2019\/","og_locale":"es_ES","og_type":"article","og_title":"El Consistorio propone que el antiguo conservatorio Pablo Sarasate acoja temporalmente la Casa de la Mujeres y el gasto de adecuaci\u00f3n se incluya en el presupuesto de 2019","og_description":"El alcalde informa en comisi\u00f3n del informe t\u00e9cnico del Servicio de Igualdad que avala el uso de este espacio ya que responde a las necesidades","og_url":"https:\/\/www.laguiadepamplona.com\/actualidad\/el-consistorio-propone-que-el-antiguo-conservatorio-pablo-sarasate-acoja-temporalmente-la-casa-de-la-mujeres-y-el-gasto-de-adecuacion-se-incluya-en-el-presupuesto-de-2019\/","og_site_name":"La Gu\u00eda de Pamplona Noticias y actualidad","article_publisher":"https:\/\/www.facebook.com\/laguiadepamplonacom-133175176762273\/?ref=hl","article_published_time":"2018-09-03T15:51:32+00:00","og_image":[{"width":1000,"height":555,"url":"https:\/\/www.laguiadepamplona.com\/actualidad\/wp-content\/uploads\/2018\/05\/ayto-pamplona-3.jpg","type":"image\/jpeg"}],"author":"La Gu\u00eda de Pamplona","twitter_card":"summary_large_image","twitter_creator":"@LaGuiadPamplona","twitter_site":"@LaGuiadPamplona","twitter_misc":{"Escrito por":"La Gu\u00eda de Pamplona","Tiempo de lectura":"3 minutos"},"schema":{"@context":"https:\/\/schema.org","@graph":[{"@type":"Article","@id":"https:\/\/www.laguiadepamplona.com\/actualidad\/el-consistorio-propone-que-el-antiguo-conservatorio-pablo-sarasate-acoja-temporalmente-la-casa-de-la-mujeres-y-el-gasto-de-adecuacion-se-incluya-en-el-presupuesto-de-2019\/#article","isPartOf":{"@id":"https:\/\/www.laguiadepamplona.com\/actualidad\/el-consistorio-propone-que-el-antiguo-conservatorio-pablo-sarasate-acoja-temporalmente-la-casa-de-la-mujeres-y-el-gasto-de-adecuacion-se-incluya-en-el-presupuesto-de-2019\/"},"author":{"name":"La Gu\u00eda de Pamplona","@id":"https:\/\/www.laguiadepamplona.com\/actualidad\/#\/schema\/person\/efe887376f0213d4657c93adc50b1fdb"},"headline":"El Consistorio propone que el antiguo conservatorio Pablo Sarasate acoja temporalmente la Casa de la Mujeres y el gasto de adecuaci\u00f3n se incluya en el presupuesto de 2019","datePublished":"2018-09-03T15:51:32+00:00","mainEntityOfPage":{"@id":"https:\/\/www.laguiadepamplona.com\/actualidad\/el-consistorio-propone-que-el-antiguo-conservatorio-pablo-sarasate-acoja-temporalmente-la-casa-de-la-mujeres-y-el-gasto-de-adecuacion-se-incluya-en-el-presupuesto-de-2019\/"},"wordCount":684,"commentCount":0,"publisher":{"@id":"https:\/\/www.laguiadepamplona.com\/actualidad\/#organization"},"image":{"@id":"https:\/\/www.laguiadepamplona.com\/actualidad\/el-consistorio-propone-que-el-antiguo-conservatorio-pablo-sarasate-acoja-temporalmente-la-casa-de-la-mujeres-y-el-gasto-de-adecuacion-se-incluya-en-el-presupuesto-de-2019\/#primaryimage"},"thumbnailUrl":"https:\/\/www.laguiadepamplona.com\/actualidad\/wp-content\/uploads\/2018\/05\/ayto-pamplona-3.jpg","articleSection":["Ayto Pamplona"],"inLanguage":"es","potentialAction":[{"@type":"CommentAction","name":"Comment","target":["https:\/\/www.laguiadepamplona.com\/actualidad\/el-consistorio-propone-que-el-antiguo-conservatorio-pablo-sarasate-acoja-temporalmente-la-casa-de-la-mujeres-y-el-gasto-de-adecuacion-se-incluya-en-el-presupuesto-de-2019\/#respond"]}]},{"@type":"WebPage","@id":"https:\/\/www.laguiadepamplona.com\/actualidad\/el-consistorio-propone-que-el-antiguo-conservatorio-pablo-sarasate-acoja-temporalmente-la-casa-de-la-mujeres-y-el-gasto-de-adecuacion-se-incluya-en-el-presupuesto-de-2019\/","url":"https:\/\/www.laguiadepamplona.com\/actualidad\/el-consistorio-propone-que-el-antiguo-conservatorio-pablo-sarasate-acoja-temporalmente-la-casa-de-la-mujeres-y-el-gasto-de-adecuacion-se-incluya-en-el-presupuesto-de-2019\/","name":"El Consistorio propone que el antiguo conservatorio Pablo Sarasate acoja temporalmente la Casa de la Mujeres y el gasto de adecuaci\u00f3n se incluya en el presupuesto de 2019","isPartOf":{"@id":"https:\/\/www.laguiadepamplona.com\/actualidad\/#website"},"primaryImageOfPage":{"@id":"https:\/\/www.laguiadepamplona.com\/actualidad\/el-consistorio-propone-que-el-antiguo-conservatorio-pablo-sarasate-acoja-temporalmente-la-casa-de-la-mujeres-y-el-gasto-de-adecuacion-se-incluya-en-el-presupuesto-de-2019\/#primaryimage"},"image":{"@id":"https:\/\/www.laguiadepamplona.com\/actualidad\/el-consistorio-propone-que-el-antiguo-conservatorio-pablo-sarasate-acoja-temporalmente-la-casa-de-la-mujeres-y-el-gasto-de-adecuacion-se-incluya-en-el-presupuesto-de-2019\/#primaryimage"},"thumbnailUrl":"https:\/\/www.laguiadepamplona.com\/actualidad\/wp-content\/uploads\/2018\/05\/ayto-pamplona-3.jpg","datePublished":"2018-09-03T15:51:32+00:00","breadcrumb":{"@id":"https:\/\/www.laguiadepamplona.com\/actualidad\/el-consistorio-propone-que-el-antiguo-conservatorio-pablo-sarasate-acoja-temporalmente-la-casa-de-la-mujeres-y-el-gasto-de-adecuacion-se-incluya-en-el-presupuesto-de-2019\/#breadcrumb"},"inLanguage":"es","potentialAction":[{"@type":"ReadAction","target":["https:\/\/www.laguiadepamplona.com\/actualidad\/el-consistorio-propone-que-el-antiguo-conservatorio-pablo-sarasate-acoja-temporalmente-la-casa-de-la-mujeres-y-el-gasto-de-adecuacion-se-incluya-en-el-presupuesto-de-2019\/"]}]},{"@type":"ImageObject","inLanguage":"es","@id":"https:\/\/www.laguiadepamplona.com\/actualidad\/el-consistorio-propone-que-el-antiguo-conservatorio-pablo-sarasate-acoja-temporalmente-la-casa-de-la-mujeres-y-el-gasto-de-adecuacion-se-incluya-en-el-presupuesto-de-2019\/#primaryimage","url":"https:\/\/www.laguiadepamplona.com\/actualidad\/wp-content\/uploads\/2018\/05\/ayto-pamplona-3.jpg","contentUrl":"https:\/\/www.laguiadepamplona.com\/actualidad\/wp-content\/uploads\/2018\/05\/ayto-pamplona-3.jpg","width":1000,"height":555},{"@type":"BreadcrumbList","@id":"https:\/\/www.laguiadepamplona.com\/actualidad\/el-consistorio-propone-que-el-antiguo-conservatorio-pablo-sarasate-acoja-temporalmente-la-casa-de-la-mujeres-y-el-gasto-de-adecuacion-se-incluya-en-el-presupuesto-de-2019\/#breadcrumb","itemListElement":[{"@type":"ListItem","position":1,"name":"Portada","item":"https:\/\/www.laguiadepamplona.com\/actualidad\/"},{"@type":"ListItem","position":2,"name":"El Consistorio propone que el antiguo conservatorio Pablo Sarasate acoja temporalmente la Casa de la Mujeres y el gasto de adecuaci\u00f3n se incluya en el presupuesto de 2019"}]},{"@type":"WebSite","@id":"https:\/\/www.laguiadepamplona.com\/actualidad\/#website","url":"https:\/\/www.laguiadepamplona.com\/actualidad\/","name":"La gu\u00eda de Pamplona","description":"Noticias de Pamplona","publisher":{"@id":"https:\/\/www.laguiadepamplona.com\/actualidad\/#organization"},"potentialAction":[{"@type":"SearchAction","target":{"@type":"EntryPoint","urlTemplate":"https:\/\/www.laguiadepamplona.com\/actualidad\/?s={search_term_string}"},"query-input":{"@type":"PropertyValueSpecification","valueRequired":true,"valueName":"search_term_string"}}],"inLanguage":"es"},{"@type":"Organization","@id":"https:\/\/www.laguiadepamplona.com\/actualidad\/#organization","name":"La Gu\u00eda de Pamplona \/ Noticias","url":"https:\/\/www.laguiadepamplona.com\/actualidad\/","logo":{"@type":"ImageObject","inLanguage":"es","@id":"https:\/\/www.laguiadepamplona.com\/actualidad\/#\/schema\/logo\/image\/","url":"https:\/\/www.laguiadepamplona.com\/actualidad\/wp-content\/uploads\/2018\/11\/logo-laguiadepamplona18-web1.png","contentUrl":"https:\/\/www.laguiadepamplona.com\/actualidad\/wp-content\/uploads\/2018\/11\/logo-laguiadepamplona18-web1.png","width":600,"height":196,"caption":"La Gu\u00eda de Pamplona \/ Noticias"},"image":{"@id":"https:\/\/www.laguiadepamplona.com\/actualidad\/#\/schema\/logo\/image\/"},"sameAs":["https:\/\/www.facebook.com\/laguiadepamplonacom-133175176762273\/?ref=hl","https:\/\/x.com\/LaGuiadPamplona","https:\/\/www.instagram.com\/la_guia_de_pamplona\/","https:\/\/www.youtube.com\/user\/laguiadepamplona"]},{"@type":"Person","@id":"https:\/\/www.laguiadepamplona.com\/actualidad\/#\/schema\/person\/efe887376f0213d4657c93adc50b1fdb","name":"La Gu\u00eda de Pamplona","image":{"@type":"ImageObject","inLanguage":"es","@id":"https:\/\/secure.gravatar.com\/avatar\/b6992f131dc8d30ab0dff15446e9d346d9dbd95992de0fef795073f5ea83a81c?s=96&d=mm&r=g","url":"https:\/\/secure.gravatar.com\/avatar\/b6992f131dc8d30ab0dff15446e9d346d9dbd95992de0fef795073f5ea83a81c?s=96&d=mm&r=g","contentUrl":"https:\/\/secure.gravatar.com\/avatar\/b6992f131dc8d30ab0dff15446e9d346d9dbd95992de0fef795073f5ea83a81c?s=96&d=mm&r=g","caption":"La Gu\u00eda de Pamplona"}}]}},"post_mailing_queue_ids":[],"_links":{"self":[{"href":"https:\/\/www.laguiadepamplona.com\/actualidad\/wp-json\/wp\/v2\/posts\/18598","targetHints":{"allow":["GET"]}}],"collection":[{"href":"https:\/\/www.laguiadepamplona.com\/actualidad\/wp-json\/wp\/v2\/posts"}],"about":[{"href":"https:\/\/www.laguiadepamplona.com\/actualidad\/wp-json\/wp\/v2\/types\/post"}],"author":[{"embeddable":true,"href":"https:\/\/www.laguiadepamplona.com\/actualidad\/wp-json\/wp\/v2\/users\/1"}],"replies":[{"embeddable":true,"href":"https:\/\/www.laguiadepamplona.com\/actualidad\/wp-json\/wp\/v2\/comments?post=18598"}],"version-history":[{"count":0,"href":"https:\/\/www.laguiadepamplona.com\/actualidad\/wp-json\/wp\/v2\/posts\/18598\/revisions"}],"wp:featuredmedia":[{"embeddable":true,"href":"https:\/\/www.laguiadepamplona.com\/actualidad\/wp-json\/wp\/v2\/media\/17600"}],"wp:attachment":[{"href":"https:\/\/www.laguiadepamplona.com\/actualidad\/wp-json\/wp\/v2\/media?parent=18598"}],"wp:term":[{"taxonomy":"category","embeddable":true,"href":"https:\/\/www.laguiadepamplona.com\/actualidad\/wp-json\/wp\/v2\/categories?post=18598"},{"taxonomy":"post_tag","embeddable":true,"href":"https:\/\/www.laguiadepamplona.com\/actualidad\/wp-json\/wp\/v2\/tags?post=18598"}],"curies":[{"name":"wp","href":"https:\/\/api.w.org\/{rel}","templated":true}]}}