{"id":18585,"date":"2018-08-31T18:25:56","date_gmt":"2018-08-31T16:25:56","guid":{"rendered":"https:\/\/www.laguiadepamplona.es\/actualidad\/?p=18585"},"modified":"2018-08-31T18:25:56","modified_gmt":"2018-08-31T16:25:56","slug":"3-031-personas-visitan-en-la-ciudadela-la-muestra-de-la-coleccion-los-bragales-que-presenta-obras-de-44-artistas-y-que-permanecera-abierta-hasta-el-9-de-septiembre","status":"publish","type":"post","link":"https:\/\/www.laguiadepamplona.com\/actualidad\/3-031-personas-visitan-en-la-ciudadela-la-muestra-de-la-coleccion-los-bragales-que-presenta-obras-de-44-artistas-y-que-permanecera-abierta-hasta-el-9-de-septiembre\/","title":{"rendered":"3.031 personas visitan en la Ciudadela la muestra de la Colecci\u00f3n Los Bragales que presenta obras de 44 artistas y que permanecer\u00e1 abierta hasta el 9 de septiembre"},"content":{"rendered":"<h3>Hasta el 16 de septiembre est\u00e1n abiertas las exposiciones \u2018Murmurations\u2019 y \u2018Grietas\u2019, visitadas por m\u00e1s de 2.300 personas<\/h3>\n<p><!--more--><\/p>\n<p>3.031 personas han visitado hasta la fecha en el Pabell\u00f3n de Mixtos de la Ciudadela la muestra de la Colecci\u00f3n Los Bragales que presenta 51 obras fotogr\u00e1ficas, pict\u00f3ricas, escult\u00f3ricas y videogr\u00e1ficas de 44 artistas reconocidos nacional e intenacionalmente. Abierta el 26 de julio, podr\u00e1 visitarse hasta el 9 de septiembre. Adem\u00e1s, en la Ciudadela pueden verse hasta el 16 de septiembre otras dos exposiciones: \u2018Murmurations\u2019, con trabajos de Javiertxo Oyarzun, Jos\u00e9 Luis Larri\u00f3n y Benito Go\u00f1i y \u2018Grietas\u2019 de I\u00f1aki Olazabal. La primera ha tenido 2.325 visitantes desde que se abri\u00f3 el 27 de julio, y la segunda, 2.362 tras su inauguraci\u00f3n el 2 de agosto. El horario de visita de todas ellas es de martes a viernes de 18.30 a 21 horas; los s\u00e1bados de 12 a 14 y de 18.30 a 21 horas y los domingos y festivos por la ma\u00f1ana de 12 a 14 horas.<\/p>\n<p>La exposici\u00f3n \u2018Escenas: acci\u00f3n y representaci\u00f3n\u2019 de la Colecci\u00f3n Los Bragales, una de las m\u00e1s s\u00f3lidas del coleccionismo privado de car\u00e1cter internacional de la pen\u00ednsula con 380 piezas, tiene su origen en la labor que Jaime Sordo lleva realizando desde los a\u00f1os setenta, cuando adquiri\u00f3 sus primeras piezas. La comisaria de la muestra, Alicia Ventura, ha optado por un relato que parte del modo en que los creadores actuales recuperan tres nociones clave en la Historia del Arte: la escena, la representaci\u00f3n y la idea de acci\u00f3n. Las miradas presentes en las obras del Pabell\u00f3n de Mixtos quieren proponer una revisi\u00f3n de estas definiciones can\u00f3nicas, trastocando las expectativas del espectador a trav\u00e9s de los lenguajes experimentales del arte actual.<\/p>\n<p><script async src=\"\/\/pagead2.googlesyndication.com\/pagead\/js\/adsbygoogle.js\"><\/script><br \/>\n<!-- Noticias La Guia de Pamplona --><br \/>\n<ins class=\"adsbygoogle\"\nstyle=\"display:block\"\ndata-ad-client=\"ca-pub-6943679897239327\"\ndata-ad-slot=\"7048180777\"\ndata-ad-format=\"auto\"><\/ins><br \/>\n<script>\n(adsbygoogle = window.adsbygoogle || []).push({});\n<\/script><\/p>\n<p>Tres autores con trayectorias y lenguajes tan diversos como el escultor Javier Oryarzun, el fot\u00f3grafo Jos\u00e9 Luis Larri\u00f3n y el pintor Benito Go\u00f1i est\u00e1n presentes juntos en la exposici\u00f3n \u2018Murmurations\u2019 en el Polvor\u00edn de la Ciudadela. Este encuentro in\u00e9dito entre ellos tiene como fin tratar de poner orden en el caos que ejemplifican las bandadas de estorninos. Y lo hacen a trav\u00e9s de fotograf\u00edas, esculturas y pinturas.<\/p>\n<p>La tercera propuesta expositiva de la Ciudadela en estos momentos llega de la mano de I\u00f1aki Olazabal, que presenta en la sala del Horno \u2018Grietas\u2019, una instalaci\u00f3n escult\u00f3rica de poliedros irregulares que representan de modo abstracto m\u00e1scaras y que quiere ser met\u00e1fora de las situaciones cr\u00edticas que rodean a las personas.<\/p>\n<p>&nbsp;<\/p>\n","protected":false},"excerpt":{"rendered":"<p>Hasta el 16 de septiembre est\u00e1n abiertas las exposiciones \u2018Murmurations\u2019 y \u2018Grietas\u2019, visitadas por m\u00e1s de 2.300 personas<\/p>\n","protected":false},"author":1,"featured_media":17343,"comment_status":"open","ping_status":"closed","sticky":false,"template":"","format":"standard","meta":{"footnotes":""},"categories":[2],"tags":[],"class_list":["post-18585","post","type-post","status-publish","format-standard","has-post-thumbnail","hentry","category-ayuntamiento-pamplona"],"yoast_head":"<!-- This site is optimized with the Yoast SEO plugin v27.9 - https:\/\/yoast.com\/product\/yoast-seo-wordpress\/ -->\n<title>3.031 personas visitan en la Ciudadela la muestra de la Colecci\u00f3n Los Bragales que presenta obras de 44 artistas y que permanecer\u00e1 abierta hasta el 9 de septiembre<\/title>\n<meta name=\"robots\" content=\"index, follow, max-snippet:-1, max-image-preview:large, max-video-preview:-1\" \/>\n<link rel=\"canonical\" href=\"https:\/\/www.laguiadepamplona.com\/actualidad\/3-031-personas-visitan-en-la-ciudadela-la-muestra-de-la-coleccion-los-bragales-que-presenta-obras-de-44-artistas-y-que-permanecera-abierta-hasta-el-9-de-septiembre\/\" \/>\n<meta property=\"og:locale\" content=\"es_ES\" \/>\n<meta property=\"og:type\" content=\"article\" \/>\n<meta property=\"og:title\" content=\"3.031 personas visitan en la Ciudadela la muestra de la Colecci\u00f3n Los Bragales que presenta obras de 44 artistas y que permanecer\u00e1 abierta hasta el 9 de septiembre\" \/>\n<meta property=\"og:description\" content=\"Hasta el 16 de septiembre est\u00e1n abiertas las exposiciones \u2018Murmurations\u2019 y \u2018Grietas\u2019, visitadas por m\u00e1s de 2.300 personas\" \/>\n<meta property=\"og:url\" content=\"https:\/\/www.laguiadepamplona.com\/actualidad\/3-031-personas-visitan-en-la-ciudadela-la-muestra-de-la-coleccion-los-bragales-que-presenta-obras-de-44-artistas-y-que-permanecera-abierta-hasta-el-9-de-septiembre\/\" \/>\n<meta property=\"og:site_name\" content=\"La Gu\u00eda de Pamplona Noticias y actualidad\" \/>\n<meta property=\"article:publisher\" content=\"https:\/\/www.facebook.com\/laguiadepamplonacom-133175176762273\/?ref=hl\" \/>\n<meta property=\"article:published_time\" content=\"2018-08-31T16:25:56+00:00\" \/>\n<meta property=\"og:image\" content=\"https:\/\/www.laguiadepamplona.com\/actualidad\/wp-content\/uploads\/2018\/05\/pabellon-mixtos-ciudadela.jpg\" \/>\n\t<meta property=\"og:image:width\" content=\"1000\" \/>\n\t<meta property=\"og:image:height\" content=\"667\" \/>\n\t<meta property=\"og:image:type\" content=\"image\/jpeg\" \/>\n<meta name=\"author\" content=\"La Gu\u00eda de Pamplona\" \/>\n<meta name=\"twitter:card\" content=\"summary_large_image\" \/>\n<meta name=\"twitter:creator\" content=\"@LaGuiadPamplona\" \/>\n<meta name=\"twitter:site\" content=\"@LaGuiadPamplona\" \/>\n<meta name=\"twitter:label1\" content=\"Escrito por\" \/>\n\t<meta name=\"twitter:data1\" content=\"La Gu\u00eda de Pamplona\" \/>\n\t<meta name=\"twitter:label2\" content=\"Tiempo de lectura\" \/>\n\t<meta name=\"twitter:data2\" content=\"2 minutos\" \/>\n<script type=\"application\/ld+json\" class=\"yoast-schema-graph\">{\"@context\":\"https:\\\/\\\/schema.org\",\"@graph\":[{\"@type\":\"Article\",\"@id\":\"https:\\\/\\\/www.laguiadepamplona.com\\\/actualidad\\\/3-031-personas-visitan-en-la-ciudadela-la-muestra-de-la-coleccion-los-bragales-que-presenta-obras-de-44-artistas-y-que-permanecera-abierta-hasta-el-9-de-septiembre\\\/#article\",\"isPartOf\":{\"@id\":\"https:\\\/\\\/www.laguiadepamplona.com\\\/actualidad\\\/3-031-personas-visitan-en-la-ciudadela-la-muestra-de-la-coleccion-los-bragales-que-presenta-obras-de-44-artistas-y-que-permanecera-abierta-hasta-el-9-de-septiembre\\\/\"},\"author\":{\"name\":\"La Gu\u00eda de Pamplona\",\"@id\":\"https:\\\/\\\/www.laguiadepamplona.com\\\/actualidad\\\/#\\\/schema\\\/person\\\/efe887376f0213d4657c93adc50b1fdb\"},\"headline\":\"3.031 personas visitan en la Ciudadela la muestra de la Colecci\u00f3n Los Bragales que presenta obras de 44 artistas y que permanecer\u00e1 abierta hasta el 9 de septiembre\",\"datePublished\":\"2018-08-31T16:25:56+00:00\",\"mainEntityOfPage\":{\"@id\":\"https:\\\/\\\/www.laguiadepamplona.com\\\/actualidad\\\/3-031-personas-visitan-en-la-ciudadela-la-muestra-de-la-coleccion-los-bragales-que-presenta-obras-de-44-artistas-y-que-permanecera-abierta-hasta-el-9-de-septiembre\\\/\"},\"wordCount\":454,\"commentCount\":0,\"publisher\":{\"@id\":\"https:\\\/\\\/www.laguiadepamplona.com\\\/actualidad\\\/#organization\"},\"image\":{\"@id\":\"https:\\\/\\\/www.laguiadepamplona.com\\\/actualidad\\\/3-031-personas-visitan-en-la-ciudadela-la-muestra-de-la-coleccion-los-bragales-que-presenta-obras-de-44-artistas-y-que-permanecera-abierta-hasta-el-9-de-septiembre\\\/#primaryimage\"},\"thumbnailUrl\":\"https:\\\/\\\/www.laguiadepamplona.com\\\/actualidad\\\/wp-content\\\/uploads\\\/2018\\\/05\\\/pabellon-mixtos-ciudadela.jpg\",\"articleSection\":[\"Ayto Pamplona\"],\"inLanguage\":\"es\",\"potentialAction\":[{\"@type\":\"CommentAction\",\"name\":\"Comment\",\"target\":[\"https:\\\/\\\/www.laguiadepamplona.com\\\/actualidad\\\/3-031-personas-visitan-en-la-ciudadela-la-muestra-de-la-coleccion-los-bragales-que-presenta-obras-de-44-artistas-y-que-permanecera-abierta-hasta-el-9-de-septiembre\\\/#respond\"]}]},{\"@type\":\"WebPage\",\"@id\":\"https:\\\/\\\/www.laguiadepamplona.com\\\/actualidad\\\/3-031-personas-visitan-en-la-ciudadela-la-muestra-de-la-coleccion-los-bragales-que-presenta-obras-de-44-artistas-y-que-permanecera-abierta-hasta-el-9-de-septiembre\\\/\",\"url\":\"https:\\\/\\\/www.laguiadepamplona.com\\\/actualidad\\\/3-031-personas-visitan-en-la-ciudadela-la-muestra-de-la-coleccion-los-bragales-que-presenta-obras-de-44-artistas-y-que-permanecera-abierta-hasta-el-9-de-septiembre\\\/\",\"name\":\"3.031 personas visitan en la Ciudadela la muestra de la Colecci\u00f3n Los Bragales que presenta obras de 44 artistas y que permanecer\u00e1 abierta hasta el 9 de septiembre\",\"isPartOf\":{\"@id\":\"https:\\\/\\\/www.laguiadepamplona.com\\\/actualidad\\\/#website\"},\"primaryImageOfPage\":{\"@id\":\"https:\\\/\\\/www.laguiadepamplona.com\\\/actualidad\\\/3-031-personas-visitan-en-la-ciudadela-la-muestra-de-la-coleccion-los-bragales-que-presenta-obras-de-44-artistas-y-que-permanecera-abierta-hasta-el-9-de-septiembre\\\/#primaryimage\"},\"image\":{\"@id\":\"https:\\\/\\\/www.laguiadepamplona.com\\\/actualidad\\\/3-031-personas-visitan-en-la-ciudadela-la-muestra-de-la-coleccion-los-bragales-que-presenta-obras-de-44-artistas-y-que-permanecera-abierta-hasta-el-9-de-septiembre\\\/#primaryimage\"},\"thumbnailUrl\":\"https:\\\/\\\/www.laguiadepamplona.com\\\/actualidad\\\/wp-content\\\/uploads\\\/2018\\\/05\\\/pabellon-mixtos-ciudadela.jpg\",\"datePublished\":\"2018-08-31T16:25:56+00:00\",\"breadcrumb\":{\"@id\":\"https:\\\/\\\/www.laguiadepamplona.com\\\/actualidad\\\/3-031-personas-visitan-en-la-ciudadela-la-muestra-de-la-coleccion-los-bragales-que-presenta-obras-de-44-artistas-y-que-permanecera-abierta-hasta-el-9-de-septiembre\\\/#breadcrumb\"},\"inLanguage\":\"es\",\"potentialAction\":[{\"@type\":\"ReadAction\",\"target\":[\"https:\\\/\\\/www.laguiadepamplona.com\\\/actualidad\\\/3-031-personas-visitan-en-la-ciudadela-la-muestra-de-la-coleccion-los-bragales-que-presenta-obras-de-44-artistas-y-que-permanecera-abierta-hasta-el-9-de-septiembre\\\/\"]}]},{\"@type\":\"ImageObject\",\"inLanguage\":\"es\",\"@id\":\"https:\\\/\\\/www.laguiadepamplona.com\\\/actualidad\\\/3-031-personas-visitan-en-la-ciudadela-la-muestra-de-la-coleccion-los-bragales-que-presenta-obras-de-44-artistas-y-que-permanecera-abierta-hasta-el-9-de-septiembre\\\/#primaryimage\",\"url\":\"https:\\\/\\\/www.laguiadepamplona.com\\\/actualidad\\\/wp-content\\\/uploads\\\/2018\\\/05\\\/pabellon-mixtos-ciudadela.jpg\",\"contentUrl\":\"https:\\\/\\\/www.laguiadepamplona.com\\\/actualidad\\\/wp-content\\\/uploads\\\/2018\\\/05\\\/pabellon-mixtos-ciudadela.jpg\",\"width\":1000,\"height\":667},{\"@type\":\"BreadcrumbList\",\"@id\":\"https:\\\/\\\/www.laguiadepamplona.com\\\/actualidad\\\/3-031-personas-visitan-en-la-ciudadela-la-muestra-de-la-coleccion-los-bragales-que-presenta-obras-de-44-artistas-y-que-permanecera-abierta-hasta-el-9-de-septiembre\\\/#breadcrumb\",\"itemListElement\":[{\"@type\":\"ListItem\",\"position\":1,\"name\":\"Portada\",\"item\":\"https:\\\/\\\/www.laguiadepamplona.com\\\/actualidad\\\/\"},{\"@type\":\"ListItem\",\"position\":2,\"name\":\"3.031 personas visitan en la Ciudadela la muestra de la Colecci\u00f3n Los Bragales que presenta obras de 44 artistas y que permanecer\u00e1 abierta hasta el 9 de septiembre\"}]},{\"@type\":\"WebSite\",\"@id\":\"https:\\\/\\\/www.laguiadepamplona.com\\\/actualidad\\\/#website\",\"url\":\"https:\\\/\\\/www.laguiadepamplona.com\\\/actualidad\\\/\",\"name\":\"La gu\u00eda de Pamplona\",\"description\":\"Noticias de Pamplona\",\"publisher\":{\"@id\":\"https:\\\/\\\/www.laguiadepamplona.com\\\/actualidad\\\/#organization\"},\"potentialAction\":[{\"@type\":\"SearchAction\",\"target\":{\"@type\":\"EntryPoint\",\"urlTemplate\":\"https:\\\/\\\/www.laguiadepamplona.com\\\/actualidad\\\/?s={search_term_string}\"},\"query-input\":{\"@type\":\"PropertyValueSpecification\",\"valueRequired\":true,\"valueName\":\"search_term_string\"}}],\"inLanguage\":\"es\"},{\"@type\":\"Organization\",\"@id\":\"https:\\\/\\\/www.laguiadepamplona.com\\\/actualidad\\\/#organization\",\"name\":\"La Gu\u00eda de Pamplona \\\/ Noticias\",\"url\":\"https:\\\/\\\/www.laguiadepamplona.com\\\/actualidad\\\/\",\"logo\":{\"@type\":\"ImageObject\",\"inLanguage\":\"es\",\"@id\":\"https:\\\/\\\/www.laguiadepamplona.com\\\/actualidad\\\/#\\\/schema\\\/logo\\\/image\\\/\",\"url\":\"https:\\\/\\\/www.laguiadepamplona.com\\\/actualidad\\\/wp-content\\\/uploads\\\/2018\\\/11\\\/logo-laguiadepamplona18-web1.png\",\"contentUrl\":\"https:\\\/\\\/www.laguiadepamplona.com\\\/actualidad\\\/wp-content\\\/uploads\\\/2018\\\/11\\\/logo-laguiadepamplona18-web1.png\",\"width\":600,\"height\":196,\"caption\":\"La Gu\u00eda de Pamplona \\\/ Noticias\"},\"image\":{\"@id\":\"https:\\\/\\\/www.laguiadepamplona.com\\\/actualidad\\\/#\\\/schema\\\/logo\\\/image\\\/\"},\"sameAs\":[\"https:\\\/\\\/www.facebook.com\\\/laguiadepamplonacom-133175176762273\\\/?ref=hl\",\"https:\\\/\\\/x.com\\\/LaGuiadPamplona\",\"https:\\\/\\\/www.instagram.com\\\/la_guia_de_pamplona\\\/\",\"https:\\\/\\\/www.youtube.com\\\/user\\\/laguiadepamplona\"]},{\"@type\":\"Person\",\"@id\":\"https:\\\/\\\/www.laguiadepamplona.com\\\/actualidad\\\/#\\\/schema\\\/person\\\/efe887376f0213d4657c93adc50b1fdb\",\"name\":\"La Gu\u00eda de Pamplona\",\"image\":{\"@type\":\"ImageObject\",\"inLanguage\":\"es\",\"@id\":\"https:\\\/\\\/secure.gravatar.com\\\/avatar\\\/b6992f131dc8d30ab0dff15446e9d346d9dbd95992de0fef795073f5ea83a81c?s=96&d=mm&r=g\",\"url\":\"https:\\\/\\\/secure.gravatar.com\\\/avatar\\\/b6992f131dc8d30ab0dff15446e9d346d9dbd95992de0fef795073f5ea83a81c?s=96&d=mm&r=g\",\"contentUrl\":\"https:\\\/\\\/secure.gravatar.com\\\/avatar\\\/b6992f131dc8d30ab0dff15446e9d346d9dbd95992de0fef795073f5ea83a81c?s=96&d=mm&r=g\",\"caption\":\"La Gu\u00eda de Pamplona\"}}]}<\/script>\n<!-- \/ Yoast SEO plugin. -->","yoast_head_json":{"title":"3.031 personas visitan en la Ciudadela la muestra de la Colecci\u00f3n Los Bragales que presenta obras de 44 artistas y que permanecer\u00e1 abierta hasta el 9 de septiembre","robots":{"index":"index","follow":"follow","max-snippet":"max-snippet:-1","max-image-preview":"max-image-preview:large","max-video-preview":"max-video-preview:-1"},"canonical":"https:\/\/www.laguiadepamplona.com\/actualidad\/3-031-personas-visitan-en-la-ciudadela-la-muestra-de-la-coleccion-los-bragales-que-presenta-obras-de-44-artistas-y-que-permanecera-abierta-hasta-el-9-de-septiembre\/","og_locale":"es_ES","og_type":"article","og_title":"3.031 personas visitan en la Ciudadela la muestra de la Colecci\u00f3n Los Bragales que presenta obras de 44 artistas y que permanecer\u00e1 abierta hasta el 9 de septiembre","og_description":"Hasta el 16 de septiembre est\u00e1n abiertas las exposiciones \u2018Murmurations\u2019 y \u2018Grietas\u2019, visitadas por m\u00e1s de 2.300 personas","og_url":"https:\/\/www.laguiadepamplona.com\/actualidad\/3-031-personas-visitan-en-la-ciudadela-la-muestra-de-la-coleccion-los-bragales-que-presenta-obras-de-44-artistas-y-que-permanecera-abierta-hasta-el-9-de-septiembre\/","og_site_name":"La Gu\u00eda de Pamplona Noticias y actualidad","article_publisher":"https:\/\/www.facebook.com\/laguiadepamplonacom-133175176762273\/?ref=hl","article_published_time":"2018-08-31T16:25:56+00:00","og_image":[{"width":1000,"height":667,"url":"https:\/\/www.laguiadepamplona.com\/actualidad\/wp-content\/uploads\/2018\/05\/pabellon-mixtos-ciudadela.jpg","type":"image\/jpeg"}],"author":"La Gu\u00eda de Pamplona","twitter_card":"summary_large_image","twitter_creator":"@LaGuiadPamplona","twitter_site":"@LaGuiadPamplona","twitter_misc":{"Escrito por":"La Gu\u00eda de Pamplona","Tiempo de lectura":"2 minutos"},"schema":{"@context":"https:\/\/schema.org","@graph":[{"@type":"Article","@id":"https:\/\/www.laguiadepamplona.com\/actualidad\/3-031-personas-visitan-en-la-ciudadela-la-muestra-de-la-coleccion-los-bragales-que-presenta-obras-de-44-artistas-y-que-permanecera-abierta-hasta-el-9-de-septiembre\/#article","isPartOf":{"@id":"https:\/\/www.laguiadepamplona.com\/actualidad\/3-031-personas-visitan-en-la-ciudadela-la-muestra-de-la-coleccion-los-bragales-que-presenta-obras-de-44-artistas-y-que-permanecera-abierta-hasta-el-9-de-septiembre\/"},"author":{"name":"La Gu\u00eda de Pamplona","@id":"https:\/\/www.laguiadepamplona.com\/actualidad\/#\/schema\/person\/efe887376f0213d4657c93adc50b1fdb"},"headline":"3.031 personas visitan en la Ciudadela la muestra de la Colecci\u00f3n Los Bragales que presenta obras de 44 artistas y que permanecer\u00e1 abierta hasta el 9 de septiembre","datePublished":"2018-08-31T16:25:56+00:00","mainEntityOfPage":{"@id":"https:\/\/www.laguiadepamplona.com\/actualidad\/3-031-personas-visitan-en-la-ciudadela-la-muestra-de-la-coleccion-los-bragales-que-presenta-obras-de-44-artistas-y-que-permanecera-abierta-hasta-el-9-de-septiembre\/"},"wordCount":454,"commentCount":0,"publisher":{"@id":"https:\/\/www.laguiadepamplona.com\/actualidad\/#organization"},"image":{"@id":"https:\/\/www.laguiadepamplona.com\/actualidad\/3-031-personas-visitan-en-la-ciudadela-la-muestra-de-la-coleccion-los-bragales-que-presenta-obras-de-44-artistas-y-que-permanecera-abierta-hasta-el-9-de-septiembre\/#primaryimage"},"thumbnailUrl":"https:\/\/www.laguiadepamplona.com\/actualidad\/wp-content\/uploads\/2018\/05\/pabellon-mixtos-ciudadela.jpg","articleSection":["Ayto Pamplona"],"inLanguage":"es","potentialAction":[{"@type":"CommentAction","name":"Comment","target":["https:\/\/www.laguiadepamplona.com\/actualidad\/3-031-personas-visitan-en-la-ciudadela-la-muestra-de-la-coleccion-los-bragales-que-presenta-obras-de-44-artistas-y-que-permanecera-abierta-hasta-el-9-de-septiembre\/#respond"]}]},{"@type":"WebPage","@id":"https:\/\/www.laguiadepamplona.com\/actualidad\/3-031-personas-visitan-en-la-ciudadela-la-muestra-de-la-coleccion-los-bragales-que-presenta-obras-de-44-artistas-y-que-permanecera-abierta-hasta-el-9-de-septiembre\/","url":"https:\/\/www.laguiadepamplona.com\/actualidad\/3-031-personas-visitan-en-la-ciudadela-la-muestra-de-la-coleccion-los-bragales-que-presenta-obras-de-44-artistas-y-que-permanecera-abierta-hasta-el-9-de-septiembre\/","name":"3.031 personas visitan en la Ciudadela la muestra de la Colecci\u00f3n Los Bragales que presenta obras de 44 artistas y que permanecer\u00e1 abierta hasta el 9 de septiembre","isPartOf":{"@id":"https:\/\/www.laguiadepamplona.com\/actualidad\/#website"},"primaryImageOfPage":{"@id":"https:\/\/www.laguiadepamplona.com\/actualidad\/3-031-personas-visitan-en-la-ciudadela-la-muestra-de-la-coleccion-los-bragales-que-presenta-obras-de-44-artistas-y-que-permanecera-abierta-hasta-el-9-de-septiembre\/#primaryimage"},"image":{"@id":"https:\/\/www.laguiadepamplona.com\/actualidad\/3-031-personas-visitan-en-la-ciudadela-la-muestra-de-la-coleccion-los-bragales-que-presenta-obras-de-44-artistas-y-que-permanecera-abierta-hasta-el-9-de-septiembre\/#primaryimage"},"thumbnailUrl":"https:\/\/www.laguiadepamplona.com\/actualidad\/wp-content\/uploads\/2018\/05\/pabellon-mixtos-ciudadela.jpg","datePublished":"2018-08-31T16:25:56+00:00","breadcrumb":{"@id":"https:\/\/www.laguiadepamplona.com\/actualidad\/3-031-personas-visitan-en-la-ciudadela-la-muestra-de-la-coleccion-los-bragales-que-presenta-obras-de-44-artistas-y-que-permanecera-abierta-hasta-el-9-de-septiembre\/#breadcrumb"},"inLanguage":"es","potentialAction":[{"@type":"ReadAction","target":["https:\/\/www.laguiadepamplona.com\/actualidad\/3-031-personas-visitan-en-la-ciudadela-la-muestra-de-la-coleccion-los-bragales-que-presenta-obras-de-44-artistas-y-que-permanecera-abierta-hasta-el-9-de-septiembre\/"]}]},{"@type":"ImageObject","inLanguage":"es","@id":"https:\/\/www.laguiadepamplona.com\/actualidad\/3-031-personas-visitan-en-la-ciudadela-la-muestra-de-la-coleccion-los-bragales-que-presenta-obras-de-44-artistas-y-que-permanecera-abierta-hasta-el-9-de-septiembre\/#primaryimage","url":"https:\/\/www.laguiadepamplona.com\/actualidad\/wp-content\/uploads\/2018\/05\/pabellon-mixtos-ciudadela.jpg","contentUrl":"https:\/\/www.laguiadepamplona.com\/actualidad\/wp-content\/uploads\/2018\/05\/pabellon-mixtos-ciudadela.jpg","width":1000,"height":667},{"@type":"BreadcrumbList","@id":"https:\/\/www.laguiadepamplona.com\/actualidad\/3-031-personas-visitan-en-la-ciudadela-la-muestra-de-la-coleccion-los-bragales-que-presenta-obras-de-44-artistas-y-que-permanecera-abierta-hasta-el-9-de-septiembre\/#breadcrumb","itemListElement":[{"@type":"ListItem","position":1,"name":"Portada","item":"https:\/\/www.laguiadepamplona.com\/actualidad\/"},{"@type":"ListItem","position":2,"name":"3.031 personas visitan en la Ciudadela la muestra de la Colecci\u00f3n Los Bragales que presenta obras de 44 artistas y que permanecer\u00e1 abierta hasta el 9 de septiembre"}]},{"@type":"WebSite","@id":"https:\/\/www.laguiadepamplona.com\/actualidad\/#website","url":"https:\/\/www.laguiadepamplona.com\/actualidad\/","name":"La gu\u00eda de Pamplona","description":"Noticias de Pamplona","publisher":{"@id":"https:\/\/www.laguiadepamplona.com\/actualidad\/#organization"},"potentialAction":[{"@type":"SearchAction","target":{"@type":"EntryPoint","urlTemplate":"https:\/\/www.laguiadepamplona.com\/actualidad\/?s={search_term_string}"},"query-input":{"@type":"PropertyValueSpecification","valueRequired":true,"valueName":"search_term_string"}}],"inLanguage":"es"},{"@type":"Organization","@id":"https:\/\/www.laguiadepamplona.com\/actualidad\/#organization","name":"La Gu\u00eda de Pamplona \/ Noticias","url":"https:\/\/www.laguiadepamplona.com\/actualidad\/","logo":{"@type":"ImageObject","inLanguage":"es","@id":"https:\/\/www.laguiadepamplona.com\/actualidad\/#\/schema\/logo\/image\/","url":"https:\/\/www.laguiadepamplona.com\/actualidad\/wp-content\/uploads\/2018\/11\/logo-laguiadepamplona18-web1.png","contentUrl":"https:\/\/www.laguiadepamplona.com\/actualidad\/wp-content\/uploads\/2018\/11\/logo-laguiadepamplona18-web1.png","width":600,"height":196,"caption":"La Gu\u00eda de Pamplona \/ Noticias"},"image":{"@id":"https:\/\/www.laguiadepamplona.com\/actualidad\/#\/schema\/logo\/image\/"},"sameAs":["https:\/\/www.facebook.com\/laguiadepamplonacom-133175176762273\/?ref=hl","https:\/\/x.com\/LaGuiadPamplona","https:\/\/www.instagram.com\/la_guia_de_pamplona\/","https:\/\/www.youtube.com\/user\/laguiadepamplona"]},{"@type":"Person","@id":"https:\/\/www.laguiadepamplona.com\/actualidad\/#\/schema\/person\/efe887376f0213d4657c93adc50b1fdb","name":"La Gu\u00eda de Pamplona","image":{"@type":"ImageObject","inLanguage":"es","@id":"https:\/\/secure.gravatar.com\/avatar\/b6992f131dc8d30ab0dff15446e9d346d9dbd95992de0fef795073f5ea83a81c?s=96&d=mm&r=g","url":"https:\/\/secure.gravatar.com\/avatar\/b6992f131dc8d30ab0dff15446e9d346d9dbd95992de0fef795073f5ea83a81c?s=96&d=mm&r=g","contentUrl":"https:\/\/secure.gravatar.com\/avatar\/b6992f131dc8d30ab0dff15446e9d346d9dbd95992de0fef795073f5ea83a81c?s=96&d=mm&r=g","caption":"La Gu\u00eda de Pamplona"}}]}},"post_mailing_queue_ids":[],"_links":{"self":[{"href":"https:\/\/www.laguiadepamplona.com\/actualidad\/wp-json\/wp\/v2\/posts\/18585","targetHints":{"allow":["GET"]}}],"collection":[{"href":"https:\/\/www.laguiadepamplona.com\/actualidad\/wp-json\/wp\/v2\/posts"}],"about":[{"href":"https:\/\/www.laguiadepamplona.com\/actualidad\/wp-json\/wp\/v2\/types\/post"}],"author":[{"embeddable":true,"href":"https:\/\/www.laguiadepamplona.com\/actualidad\/wp-json\/wp\/v2\/users\/1"}],"replies":[{"embeddable":true,"href":"https:\/\/www.laguiadepamplona.com\/actualidad\/wp-json\/wp\/v2\/comments?post=18585"}],"version-history":[{"count":0,"href":"https:\/\/www.laguiadepamplona.com\/actualidad\/wp-json\/wp\/v2\/posts\/18585\/revisions"}],"wp:featuredmedia":[{"embeddable":true,"href":"https:\/\/www.laguiadepamplona.com\/actualidad\/wp-json\/wp\/v2\/media\/17343"}],"wp:attachment":[{"href":"https:\/\/www.laguiadepamplona.com\/actualidad\/wp-json\/wp\/v2\/media?parent=18585"}],"wp:term":[{"taxonomy":"category","embeddable":true,"href":"https:\/\/www.laguiadepamplona.com\/actualidad\/wp-json\/wp\/v2\/categories?post=18585"},{"taxonomy":"post_tag","embeddable":true,"href":"https:\/\/www.laguiadepamplona.com\/actualidad\/wp-json\/wp\/v2\/tags?post=18585"}],"curies":[{"name":"wp","href":"https:\/\/api.w.org\/{rel}","templated":true}]}}