{"id":18582,"date":"2018-08-31T18:25:06","date_gmt":"2018-08-31T16:25:06","guid":{"rendered":"https:\/\/www.laguiadepamplona.es\/actualidad\/?p=18582"},"modified":"2018-08-31T18:25:06","modified_gmt":"2018-08-31T16:25:06","slug":"el-alcalde-recibe-a-los-participantes-en-una-iniciativa-que-busca-concienciar-sobre-el-respeto-y-seguridad-para-los-ciclistas","status":"publish","type":"post","link":"https:\/\/www.laguiadepamplona.com\/actualidad\/el-alcalde-recibe-a-los-participantes-en-una-iniciativa-que-busca-concienciar-sobre-el-respeto-y-seguridad-para-los-ciclistas\/","title":{"rendered":"El alcalde recibe a los participantes en una iniciativa que busca concienciar sobre el respeto y seguridad para los ciclistas"},"content":{"rendered":"<h3>El proyecto, liderado por el campe\u00f3n del mundo Maurizio Fondriest, cuenta con el apoyo de Miguel Indur\u00e1in que ha participado en el encuentro<\/h3>\n<p><!--more--><\/p>\n<p>El alcalde de Pamplona, Joseba Asiron, y la concejala delegada de Acci\u00f3n Social y Desarrollo Comunitario, Esther Cremaes, han recibido esta ma\u00f1ana en la Plaza Consistorial a unos 25 ciclistas participantes en una iniciativa que busca concienciar sobre el respeto necesario entre la bicicleta y el coche. El proyecto, liderado por Maurizio Fondriest, campe\u00f3n del mundo en 1988, cuenta con el apoyo de Miguel Indur\u00e1in, que ha estado presente en el inicio de etapa. Tambi\u00e9n ha participado el exciclista profesional Egoi Mart\u00ednez. El objetivo de la propuesta es hacer llegar el mensaje de convivencia y respeto a lo largo del recorrido que separa Pamplona y Santiago de Compostela.<\/p>\n<p><script async src=\"\/\/pagead2.googlesyndication.com\/pagead\/js\/adsbygoogle.js\"><\/script><br \/>\n<!-- Noticias La Guia de Pamplona --><br \/>\n<ins class=\"adsbygoogle\"\nstyle=\"display:block\"\ndata-ad-client=\"ca-pub-6943679897239327\"\ndata-ad-slot=\"7048180777\"\ndata-ad-format=\"auto\"><\/ins><br \/>\n<script>\n(adsbygoogle = window.adsbygoogle || []).push({});\n<\/script><\/p>\n<p>Maurizio Fondriest ciclista profesional desde 1987 hasta 1998, est\u00e1 conmemorando este a\u00f1o el 30 aniversario de su Campeonato del mundo. En su palmar\u00e9s tambi\u00e9n cuenta con dos Copas del mundo. El recorrido hasta Santiago de Compostela ha partido de Pamplona y continuar\u00e1 en San Sebasti\u00e1n, donde se unir\u00e1 Abraham Olano. Tras llegar hasta Bilbao, seguir\u00e1 por Santander para retomar el Camino hacia Oviedo, Le\u00f3n, Astorga, Ponferrada y Lugo. Concluir\u00e1 en Santiago de Compostela el 7 de septiembre con una \u00faltima etapa optativa hasta Finisterre el d\u00eda 8. Durante todo el trayecto se quiere hacer hincapi\u00e9 en el mensaje de la campa\u00f1a de concienciaci\u00f3n que tiene su punto de inicio en el atropello del joven corredor Tommy Sapeva por un veh\u00edculo que le caus\u00f3 la muerte.<\/p>\n<p>El alcalde ha obsequiado a la comitiva con una reproducci\u00f3n de la fachada de la Casa Consistorial en tama\u00f1o peque\u00f1o para que pueda ser transportada durante la ruta como recuerdo. Maurizio Fondriest, por su parte, ha entregado un maillot conmemorativo del 30 aniversario de su Campeonato del Mundo y un libro sobre Tommy Zapaba.<\/p>\n<p>&nbsp;<\/p>\n","protected":false},"excerpt":{"rendered":"<p>El proyecto, liderado por el campe\u00f3n del mundo Maurizio Fondriest, cuenta con el apoyo de Miguel Indur\u00e1in que ha participado en el encuentro<\/p>\n","protected":false},"author":1,"featured_media":18583,"comment_status":"open","ping_status":"closed","sticky":false,"template":"","format":"standard","meta":{"footnotes":""},"categories":[2],"tags":[],"class_list":["post-18582","post","type-post","status-publish","format-standard","has-post-thumbnail","hentry","category-ayuntamiento-pamplona"],"yoast_head":"<!-- This site is optimized with the Yoast SEO plugin v27.9 - https:\/\/yoast.com\/product\/yoast-seo-wordpress\/ -->\n<title>El alcalde recibe a los participantes en una iniciativa que busca concienciar sobre el respeto y seguridad para los ciclistas<\/title>\n<meta name=\"robots\" content=\"index, follow, max-snippet:-1, max-image-preview:large, max-video-preview:-1\" \/>\n<link rel=\"canonical\" href=\"https:\/\/www.laguiadepamplona.com\/actualidad\/el-alcalde-recibe-a-los-participantes-en-una-iniciativa-que-busca-concienciar-sobre-el-respeto-y-seguridad-para-los-ciclistas\/\" \/>\n<meta property=\"og:locale\" content=\"es_ES\" \/>\n<meta property=\"og:type\" content=\"article\" \/>\n<meta property=\"og:title\" content=\"El alcalde recibe a los participantes en una iniciativa que busca concienciar sobre el respeto y seguridad para los ciclistas\" \/>\n<meta property=\"og:description\" content=\"El proyecto, liderado por el campe\u00f3n del mundo Maurizio Fondriest, cuenta con el apoyo de Miguel Indur\u00e1in que ha participado en el encuentro\" \/>\n<meta property=\"og:url\" content=\"https:\/\/www.laguiadepamplona.com\/actualidad\/el-alcalde-recibe-a-los-participantes-en-una-iniciativa-que-busca-concienciar-sobre-el-respeto-y-seguridad-para-los-ciclistas\/\" \/>\n<meta property=\"og:site_name\" content=\"La Gu\u00eda de Pamplona Noticias y actualidad\" \/>\n<meta property=\"article:publisher\" content=\"https:\/\/www.facebook.com\/laguiadepamplonacom-133175176762273\/?ref=hl\" \/>\n<meta property=\"article:published_time\" content=\"2018-08-31T16:25:06+00:00\" \/>\n<meta property=\"og:image\" content=\"https:\/\/www.laguiadepamplona.com\/actualidad\/wp-content\/uploads\/2018\/08\/18.08.31_recepcion_indurain_fondriest2.jpg\" \/>\n\t<meta property=\"og:image:width\" content=\"1000\" \/>\n\t<meta property=\"og:image:height\" content=\"666\" \/>\n\t<meta property=\"og:image:type\" content=\"image\/jpeg\" \/>\n<meta name=\"author\" content=\"La Gu\u00eda de Pamplona\" \/>\n<meta name=\"twitter:card\" content=\"summary_large_image\" \/>\n<meta name=\"twitter:creator\" content=\"@LaGuiadPamplona\" \/>\n<meta name=\"twitter:site\" content=\"@LaGuiadPamplona\" \/>\n<meta name=\"twitter:label1\" content=\"Escrito por\" \/>\n\t<meta name=\"twitter:data1\" content=\"La Gu\u00eda de Pamplona\" \/>\n\t<meta name=\"twitter:label2\" content=\"Tiempo de lectura\" \/>\n\t<meta name=\"twitter:data2\" content=\"2 minutos\" \/>\n<script type=\"application\/ld+json\" class=\"yoast-schema-graph\">{\"@context\":\"https:\\\/\\\/schema.org\",\"@graph\":[{\"@type\":\"Article\",\"@id\":\"https:\\\/\\\/www.laguiadepamplona.com\\\/actualidad\\\/el-alcalde-recibe-a-los-participantes-en-una-iniciativa-que-busca-concienciar-sobre-el-respeto-y-seguridad-para-los-ciclistas\\\/#article\",\"isPartOf\":{\"@id\":\"https:\\\/\\\/www.laguiadepamplona.com\\\/actualidad\\\/el-alcalde-recibe-a-los-participantes-en-una-iniciativa-que-busca-concienciar-sobre-el-respeto-y-seguridad-para-los-ciclistas\\\/\"},\"author\":{\"name\":\"La Gu\u00eda de Pamplona\",\"@id\":\"https:\\\/\\\/www.laguiadepamplona.com\\\/actualidad\\\/#\\\/schema\\\/person\\\/efe887376f0213d4657c93adc50b1fdb\"},\"headline\":\"El alcalde recibe a los participantes en una iniciativa que busca concienciar sobre el respeto y seguridad para los ciclistas\",\"datePublished\":\"2018-08-31T16:25:06+00:00\",\"mainEntityOfPage\":{\"@id\":\"https:\\\/\\\/www.laguiadepamplona.com\\\/actualidad\\\/el-alcalde-recibe-a-los-participantes-en-una-iniciativa-que-busca-concienciar-sobre-el-respeto-y-seguridad-para-los-ciclistas\\\/\"},\"wordCount\":343,\"commentCount\":0,\"publisher\":{\"@id\":\"https:\\\/\\\/www.laguiadepamplona.com\\\/actualidad\\\/#organization\"},\"image\":{\"@id\":\"https:\\\/\\\/www.laguiadepamplona.com\\\/actualidad\\\/el-alcalde-recibe-a-los-participantes-en-una-iniciativa-que-busca-concienciar-sobre-el-respeto-y-seguridad-para-los-ciclistas\\\/#primaryimage\"},\"thumbnailUrl\":\"https:\\\/\\\/www.laguiadepamplona.com\\\/actualidad\\\/wp-content\\\/uploads\\\/2018\\\/08\\\/18.08.31_recepcion_indurain_fondriest2.jpg\",\"articleSection\":[\"Ayto Pamplona\"],\"inLanguage\":\"es\",\"potentialAction\":[{\"@type\":\"CommentAction\",\"name\":\"Comment\",\"target\":[\"https:\\\/\\\/www.laguiadepamplona.com\\\/actualidad\\\/el-alcalde-recibe-a-los-participantes-en-una-iniciativa-que-busca-concienciar-sobre-el-respeto-y-seguridad-para-los-ciclistas\\\/#respond\"]}]},{\"@type\":\"WebPage\",\"@id\":\"https:\\\/\\\/www.laguiadepamplona.com\\\/actualidad\\\/el-alcalde-recibe-a-los-participantes-en-una-iniciativa-que-busca-concienciar-sobre-el-respeto-y-seguridad-para-los-ciclistas\\\/\",\"url\":\"https:\\\/\\\/www.laguiadepamplona.com\\\/actualidad\\\/el-alcalde-recibe-a-los-participantes-en-una-iniciativa-que-busca-concienciar-sobre-el-respeto-y-seguridad-para-los-ciclistas\\\/\",\"name\":\"El alcalde recibe a los participantes en una iniciativa que busca concienciar sobre el respeto y seguridad para los ciclistas\",\"isPartOf\":{\"@id\":\"https:\\\/\\\/www.laguiadepamplona.com\\\/actualidad\\\/#website\"},\"primaryImageOfPage\":{\"@id\":\"https:\\\/\\\/www.laguiadepamplona.com\\\/actualidad\\\/el-alcalde-recibe-a-los-participantes-en-una-iniciativa-que-busca-concienciar-sobre-el-respeto-y-seguridad-para-los-ciclistas\\\/#primaryimage\"},\"image\":{\"@id\":\"https:\\\/\\\/www.laguiadepamplona.com\\\/actualidad\\\/el-alcalde-recibe-a-los-participantes-en-una-iniciativa-que-busca-concienciar-sobre-el-respeto-y-seguridad-para-los-ciclistas\\\/#primaryimage\"},\"thumbnailUrl\":\"https:\\\/\\\/www.laguiadepamplona.com\\\/actualidad\\\/wp-content\\\/uploads\\\/2018\\\/08\\\/18.08.31_recepcion_indurain_fondriest2.jpg\",\"datePublished\":\"2018-08-31T16:25:06+00:00\",\"breadcrumb\":{\"@id\":\"https:\\\/\\\/www.laguiadepamplona.com\\\/actualidad\\\/el-alcalde-recibe-a-los-participantes-en-una-iniciativa-que-busca-concienciar-sobre-el-respeto-y-seguridad-para-los-ciclistas\\\/#breadcrumb\"},\"inLanguage\":\"es\",\"potentialAction\":[{\"@type\":\"ReadAction\",\"target\":[\"https:\\\/\\\/www.laguiadepamplona.com\\\/actualidad\\\/el-alcalde-recibe-a-los-participantes-en-una-iniciativa-que-busca-concienciar-sobre-el-respeto-y-seguridad-para-los-ciclistas\\\/\"]}]},{\"@type\":\"ImageObject\",\"inLanguage\":\"es\",\"@id\":\"https:\\\/\\\/www.laguiadepamplona.com\\\/actualidad\\\/el-alcalde-recibe-a-los-participantes-en-una-iniciativa-que-busca-concienciar-sobre-el-respeto-y-seguridad-para-los-ciclistas\\\/#primaryimage\",\"url\":\"https:\\\/\\\/www.laguiadepamplona.com\\\/actualidad\\\/wp-content\\\/uploads\\\/2018\\\/08\\\/18.08.31_recepcion_indurain_fondriest2.jpg\",\"contentUrl\":\"https:\\\/\\\/www.laguiadepamplona.com\\\/actualidad\\\/wp-content\\\/uploads\\\/2018\\\/08\\\/18.08.31_recepcion_indurain_fondriest2.jpg\",\"width\":1000,\"height\":666},{\"@type\":\"BreadcrumbList\",\"@id\":\"https:\\\/\\\/www.laguiadepamplona.com\\\/actualidad\\\/el-alcalde-recibe-a-los-participantes-en-una-iniciativa-que-busca-concienciar-sobre-el-respeto-y-seguridad-para-los-ciclistas\\\/#breadcrumb\",\"itemListElement\":[{\"@type\":\"ListItem\",\"position\":1,\"name\":\"Portada\",\"item\":\"https:\\\/\\\/www.laguiadepamplona.com\\\/actualidad\\\/\"},{\"@type\":\"ListItem\",\"position\":2,\"name\":\"El alcalde recibe a los participantes en una iniciativa que busca concienciar sobre el respeto y seguridad para los ciclistas\"}]},{\"@type\":\"WebSite\",\"@id\":\"https:\\\/\\\/www.laguiadepamplona.com\\\/actualidad\\\/#website\",\"url\":\"https:\\\/\\\/www.laguiadepamplona.com\\\/actualidad\\\/\",\"name\":\"La gu\u00eda de Pamplona\",\"description\":\"Noticias de Pamplona\",\"publisher\":{\"@id\":\"https:\\\/\\\/www.laguiadepamplona.com\\\/actualidad\\\/#organization\"},\"potentialAction\":[{\"@type\":\"SearchAction\",\"target\":{\"@type\":\"EntryPoint\",\"urlTemplate\":\"https:\\\/\\\/www.laguiadepamplona.com\\\/actualidad\\\/?s={search_term_string}\"},\"query-input\":{\"@type\":\"PropertyValueSpecification\",\"valueRequired\":true,\"valueName\":\"search_term_string\"}}],\"inLanguage\":\"es\"},{\"@type\":\"Organization\",\"@id\":\"https:\\\/\\\/www.laguiadepamplona.com\\\/actualidad\\\/#organization\",\"name\":\"La Gu\u00eda de Pamplona \\\/ Noticias\",\"url\":\"https:\\\/\\\/www.laguiadepamplona.com\\\/actualidad\\\/\",\"logo\":{\"@type\":\"ImageObject\",\"inLanguage\":\"es\",\"@id\":\"https:\\\/\\\/www.laguiadepamplona.com\\\/actualidad\\\/#\\\/schema\\\/logo\\\/image\\\/\",\"url\":\"https:\\\/\\\/www.laguiadepamplona.com\\\/actualidad\\\/wp-content\\\/uploads\\\/2018\\\/11\\\/logo-laguiadepamplona18-web1.png\",\"contentUrl\":\"https:\\\/\\\/www.laguiadepamplona.com\\\/actualidad\\\/wp-content\\\/uploads\\\/2018\\\/11\\\/logo-laguiadepamplona18-web1.png\",\"width\":600,\"height\":196,\"caption\":\"La Gu\u00eda de Pamplona \\\/ Noticias\"},\"image\":{\"@id\":\"https:\\\/\\\/www.laguiadepamplona.com\\\/actualidad\\\/#\\\/schema\\\/logo\\\/image\\\/\"},\"sameAs\":[\"https:\\\/\\\/www.facebook.com\\\/laguiadepamplonacom-133175176762273\\\/?ref=hl\",\"https:\\\/\\\/x.com\\\/LaGuiadPamplona\",\"https:\\\/\\\/www.instagram.com\\\/la_guia_de_pamplona\\\/\",\"https:\\\/\\\/www.youtube.com\\\/user\\\/laguiadepamplona\"]},{\"@type\":\"Person\",\"@id\":\"https:\\\/\\\/www.laguiadepamplona.com\\\/actualidad\\\/#\\\/schema\\\/person\\\/efe887376f0213d4657c93adc50b1fdb\",\"name\":\"La Gu\u00eda de Pamplona\",\"image\":{\"@type\":\"ImageObject\",\"inLanguage\":\"es\",\"@id\":\"https:\\\/\\\/secure.gravatar.com\\\/avatar\\\/b6992f131dc8d30ab0dff15446e9d346d9dbd95992de0fef795073f5ea83a81c?s=96&d=mm&r=g\",\"url\":\"https:\\\/\\\/secure.gravatar.com\\\/avatar\\\/b6992f131dc8d30ab0dff15446e9d346d9dbd95992de0fef795073f5ea83a81c?s=96&d=mm&r=g\",\"contentUrl\":\"https:\\\/\\\/secure.gravatar.com\\\/avatar\\\/b6992f131dc8d30ab0dff15446e9d346d9dbd95992de0fef795073f5ea83a81c?s=96&d=mm&r=g\",\"caption\":\"La Gu\u00eda de Pamplona\"}}]}<\/script>\n<!-- \/ Yoast SEO plugin. -->","yoast_head_json":{"title":"El alcalde recibe a los participantes en una iniciativa que busca concienciar sobre el respeto y seguridad para los ciclistas","robots":{"index":"index","follow":"follow","max-snippet":"max-snippet:-1","max-image-preview":"max-image-preview:large","max-video-preview":"max-video-preview:-1"},"canonical":"https:\/\/www.laguiadepamplona.com\/actualidad\/el-alcalde-recibe-a-los-participantes-en-una-iniciativa-que-busca-concienciar-sobre-el-respeto-y-seguridad-para-los-ciclistas\/","og_locale":"es_ES","og_type":"article","og_title":"El alcalde recibe a los participantes en una iniciativa que busca concienciar sobre el respeto y seguridad para los ciclistas","og_description":"El proyecto, liderado por el campe\u00f3n del mundo Maurizio Fondriest, cuenta con el apoyo de Miguel Indur\u00e1in que ha participado en el encuentro","og_url":"https:\/\/www.laguiadepamplona.com\/actualidad\/el-alcalde-recibe-a-los-participantes-en-una-iniciativa-que-busca-concienciar-sobre-el-respeto-y-seguridad-para-los-ciclistas\/","og_site_name":"La Gu\u00eda de Pamplona Noticias y actualidad","article_publisher":"https:\/\/www.facebook.com\/laguiadepamplonacom-133175176762273\/?ref=hl","article_published_time":"2018-08-31T16:25:06+00:00","og_image":[{"width":1000,"height":666,"url":"https:\/\/www.laguiadepamplona.com\/actualidad\/wp-content\/uploads\/2018\/08\/18.08.31_recepcion_indurain_fondriest2.jpg","type":"image\/jpeg"}],"author":"La Gu\u00eda de Pamplona","twitter_card":"summary_large_image","twitter_creator":"@LaGuiadPamplona","twitter_site":"@LaGuiadPamplona","twitter_misc":{"Escrito por":"La Gu\u00eda de Pamplona","Tiempo de lectura":"2 minutos"},"schema":{"@context":"https:\/\/schema.org","@graph":[{"@type":"Article","@id":"https:\/\/www.laguiadepamplona.com\/actualidad\/el-alcalde-recibe-a-los-participantes-en-una-iniciativa-que-busca-concienciar-sobre-el-respeto-y-seguridad-para-los-ciclistas\/#article","isPartOf":{"@id":"https:\/\/www.laguiadepamplona.com\/actualidad\/el-alcalde-recibe-a-los-participantes-en-una-iniciativa-que-busca-concienciar-sobre-el-respeto-y-seguridad-para-los-ciclistas\/"},"author":{"name":"La Gu\u00eda de Pamplona","@id":"https:\/\/www.laguiadepamplona.com\/actualidad\/#\/schema\/person\/efe887376f0213d4657c93adc50b1fdb"},"headline":"El alcalde recibe a los participantes en una iniciativa que busca concienciar sobre el respeto y seguridad para los ciclistas","datePublished":"2018-08-31T16:25:06+00:00","mainEntityOfPage":{"@id":"https:\/\/www.laguiadepamplona.com\/actualidad\/el-alcalde-recibe-a-los-participantes-en-una-iniciativa-que-busca-concienciar-sobre-el-respeto-y-seguridad-para-los-ciclistas\/"},"wordCount":343,"commentCount":0,"publisher":{"@id":"https:\/\/www.laguiadepamplona.com\/actualidad\/#organization"},"image":{"@id":"https:\/\/www.laguiadepamplona.com\/actualidad\/el-alcalde-recibe-a-los-participantes-en-una-iniciativa-que-busca-concienciar-sobre-el-respeto-y-seguridad-para-los-ciclistas\/#primaryimage"},"thumbnailUrl":"https:\/\/www.laguiadepamplona.com\/actualidad\/wp-content\/uploads\/2018\/08\/18.08.31_recepcion_indurain_fondriest2.jpg","articleSection":["Ayto Pamplona"],"inLanguage":"es","potentialAction":[{"@type":"CommentAction","name":"Comment","target":["https:\/\/www.laguiadepamplona.com\/actualidad\/el-alcalde-recibe-a-los-participantes-en-una-iniciativa-que-busca-concienciar-sobre-el-respeto-y-seguridad-para-los-ciclistas\/#respond"]}]},{"@type":"WebPage","@id":"https:\/\/www.laguiadepamplona.com\/actualidad\/el-alcalde-recibe-a-los-participantes-en-una-iniciativa-que-busca-concienciar-sobre-el-respeto-y-seguridad-para-los-ciclistas\/","url":"https:\/\/www.laguiadepamplona.com\/actualidad\/el-alcalde-recibe-a-los-participantes-en-una-iniciativa-que-busca-concienciar-sobre-el-respeto-y-seguridad-para-los-ciclistas\/","name":"El alcalde recibe a los participantes en una iniciativa que busca concienciar sobre el respeto y seguridad para los ciclistas","isPartOf":{"@id":"https:\/\/www.laguiadepamplona.com\/actualidad\/#website"},"primaryImageOfPage":{"@id":"https:\/\/www.laguiadepamplona.com\/actualidad\/el-alcalde-recibe-a-los-participantes-en-una-iniciativa-que-busca-concienciar-sobre-el-respeto-y-seguridad-para-los-ciclistas\/#primaryimage"},"image":{"@id":"https:\/\/www.laguiadepamplona.com\/actualidad\/el-alcalde-recibe-a-los-participantes-en-una-iniciativa-que-busca-concienciar-sobre-el-respeto-y-seguridad-para-los-ciclistas\/#primaryimage"},"thumbnailUrl":"https:\/\/www.laguiadepamplona.com\/actualidad\/wp-content\/uploads\/2018\/08\/18.08.31_recepcion_indurain_fondriest2.jpg","datePublished":"2018-08-31T16:25:06+00:00","breadcrumb":{"@id":"https:\/\/www.laguiadepamplona.com\/actualidad\/el-alcalde-recibe-a-los-participantes-en-una-iniciativa-que-busca-concienciar-sobre-el-respeto-y-seguridad-para-los-ciclistas\/#breadcrumb"},"inLanguage":"es","potentialAction":[{"@type":"ReadAction","target":["https:\/\/www.laguiadepamplona.com\/actualidad\/el-alcalde-recibe-a-los-participantes-en-una-iniciativa-que-busca-concienciar-sobre-el-respeto-y-seguridad-para-los-ciclistas\/"]}]},{"@type":"ImageObject","inLanguage":"es","@id":"https:\/\/www.laguiadepamplona.com\/actualidad\/el-alcalde-recibe-a-los-participantes-en-una-iniciativa-que-busca-concienciar-sobre-el-respeto-y-seguridad-para-los-ciclistas\/#primaryimage","url":"https:\/\/www.laguiadepamplona.com\/actualidad\/wp-content\/uploads\/2018\/08\/18.08.31_recepcion_indurain_fondriest2.jpg","contentUrl":"https:\/\/www.laguiadepamplona.com\/actualidad\/wp-content\/uploads\/2018\/08\/18.08.31_recepcion_indurain_fondriest2.jpg","width":1000,"height":666},{"@type":"BreadcrumbList","@id":"https:\/\/www.laguiadepamplona.com\/actualidad\/el-alcalde-recibe-a-los-participantes-en-una-iniciativa-que-busca-concienciar-sobre-el-respeto-y-seguridad-para-los-ciclistas\/#breadcrumb","itemListElement":[{"@type":"ListItem","position":1,"name":"Portada","item":"https:\/\/www.laguiadepamplona.com\/actualidad\/"},{"@type":"ListItem","position":2,"name":"El alcalde recibe a los participantes en una iniciativa que busca concienciar sobre el respeto y seguridad para los ciclistas"}]},{"@type":"WebSite","@id":"https:\/\/www.laguiadepamplona.com\/actualidad\/#website","url":"https:\/\/www.laguiadepamplona.com\/actualidad\/","name":"La gu\u00eda de Pamplona","description":"Noticias de Pamplona","publisher":{"@id":"https:\/\/www.laguiadepamplona.com\/actualidad\/#organization"},"potentialAction":[{"@type":"SearchAction","target":{"@type":"EntryPoint","urlTemplate":"https:\/\/www.laguiadepamplona.com\/actualidad\/?s={search_term_string}"},"query-input":{"@type":"PropertyValueSpecification","valueRequired":true,"valueName":"search_term_string"}}],"inLanguage":"es"},{"@type":"Organization","@id":"https:\/\/www.laguiadepamplona.com\/actualidad\/#organization","name":"La Gu\u00eda de Pamplona \/ Noticias","url":"https:\/\/www.laguiadepamplona.com\/actualidad\/","logo":{"@type":"ImageObject","inLanguage":"es","@id":"https:\/\/www.laguiadepamplona.com\/actualidad\/#\/schema\/logo\/image\/","url":"https:\/\/www.laguiadepamplona.com\/actualidad\/wp-content\/uploads\/2018\/11\/logo-laguiadepamplona18-web1.png","contentUrl":"https:\/\/www.laguiadepamplona.com\/actualidad\/wp-content\/uploads\/2018\/11\/logo-laguiadepamplona18-web1.png","width":600,"height":196,"caption":"La Gu\u00eda de Pamplona \/ Noticias"},"image":{"@id":"https:\/\/www.laguiadepamplona.com\/actualidad\/#\/schema\/logo\/image\/"},"sameAs":["https:\/\/www.facebook.com\/laguiadepamplonacom-133175176762273\/?ref=hl","https:\/\/x.com\/LaGuiadPamplona","https:\/\/www.instagram.com\/la_guia_de_pamplona\/","https:\/\/www.youtube.com\/user\/laguiadepamplona"]},{"@type":"Person","@id":"https:\/\/www.laguiadepamplona.com\/actualidad\/#\/schema\/person\/efe887376f0213d4657c93adc50b1fdb","name":"La Gu\u00eda de Pamplona","image":{"@type":"ImageObject","inLanguage":"es","@id":"https:\/\/secure.gravatar.com\/avatar\/b6992f131dc8d30ab0dff15446e9d346d9dbd95992de0fef795073f5ea83a81c?s=96&d=mm&r=g","url":"https:\/\/secure.gravatar.com\/avatar\/b6992f131dc8d30ab0dff15446e9d346d9dbd95992de0fef795073f5ea83a81c?s=96&d=mm&r=g","contentUrl":"https:\/\/secure.gravatar.com\/avatar\/b6992f131dc8d30ab0dff15446e9d346d9dbd95992de0fef795073f5ea83a81c?s=96&d=mm&r=g","caption":"La Gu\u00eda de Pamplona"}}]}},"post_mailing_queue_ids":[],"_links":{"self":[{"href":"https:\/\/www.laguiadepamplona.com\/actualidad\/wp-json\/wp\/v2\/posts\/18582","targetHints":{"allow":["GET"]}}],"collection":[{"href":"https:\/\/www.laguiadepamplona.com\/actualidad\/wp-json\/wp\/v2\/posts"}],"about":[{"href":"https:\/\/www.laguiadepamplona.com\/actualidad\/wp-json\/wp\/v2\/types\/post"}],"author":[{"embeddable":true,"href":"https:\/\/www.laguiadepamplona.com\/actualidad\/wp-json\/wp\/v2\/users\/1"}],"replies":[{"embeddable":true,"href":"https:\/\/www.laguiadepamplona.com\/actualidad\/wp-json\/wp\/v2\/comments?post=18582"}],"version-history":[{"count":0,"href":"https:\/\/www.laguiadepamplona.com\/actualidad\/wp-json\/wp\/v2\/posts\/18582\/revisions"}],"wp:featuredmedia":[{"embeddable":true,"href":"https:\/\/www.laguiadepamplona.com\/actualidad\/wp-json\/wp\/v2\/media\/18583"}],"wp:attachment":[{"href":"https:\/\/www.laguiadepamplona.com\/actualidad\/wp-json\/wp\/v2\/media?parent=18582"}],"wp:term":[{"taxonomy":"category","embeddable":true,"href":"https:\/\/www.laguiadepamplona.com\/actualidad\/wp-json\/wp\/v2\/categories?post=18582"},{"taxonomy":"post_tag","embeddable":true,"href":"https:\/\/www.laguiadepamplona.com\/actualidad\/wp-json\/wp\/v2\/tags?post=18582"}],"curies":[{"name":"wp","href":"https:\/\/api.w.org\/{rel}","templated":true}]}}