{"id":18580,"date":"2018-08-31T18:20:53","date_gmt":"2018-08-31T16:20:53","guid":{"rendered":"https:\/\/www.laguiadepamplona.es\/actualidad\/?p=18580"},"modified":"2018-08-31T18:20:53","modified_gmt":"2018-08-31T16:20:53","slug":"mercado-medieval-conciertos-musicales-visitas-guiadas-y-desfile-institucional-por-los-antiguos-burgos-actos-para-celebrar-el-595o-aniversario-del-privilegio-de-la-union","status":"publish","type":"post","link":"https:\/\/www.laguiadepamplona.com\/actualidad\/mercado-medieval-conciertos-musicales-visitas-guiadas-y-desfile-institucional-por-los-antiguos-burgos-actos-para-celebrar-el-595o-aniversario-del-privilegio-de-la-union\/","title":{"rendered":"Mercado medieval, conciertos musicales, visitas guiadas y desfile institucional por los antiguos burgos, actos para celebrar el 595\u00ba aniversario del Privilegio de la Uni\u00f3n"},"content":{"rendered":"<h3>Los actos se celebrar\u00e1n desde ma\u00f1ana s\u00e1bado hasta el domingo 9 de septiembre e incluyen la entrega del Pa\u00f1uelo de Pamplona \u2013 Iru\u00f1eko Zapia<\/h3>\n<p><!--more--><\/p>\n<p>El Ayuntamiento de Pamplona ha preparado un programa de actos para celebrar el 595\u00ba aniversario del Privilegio de la Uni\u00f3n. Conciertos musicales al aire libre con la Orquesta Sinf\u00f3nica de Navarra, La Pamplonesa o el Orfe\u00f3n Pamplon\u00e9s; el festival de rock, punk y psicodelia Pim Pam Ville; o el tradicional Mercado Medieval de los Tres Burgos forman parte de las actividades gratuitas y abiertas al p\u00fablico organizadas. A ellas se suman actos institucionales como el desfile de la Corporaci\u00f3n municipal por los antiguos burgos, la ofrenda flores a Carlos III o la entrega del Pa\u00f1uelo de Pamplona \u2013 Iru\u00f1eko Zapia.<\/p>\n<p>La concejala delegada de Cultura y Educaci\u00f3n, Maider Beloki, y la directora del \u00e1rea Maitena Muruz\u00e1bal han presentado esta ma\u00f1ana esa programaci\u00f3n con la que el Ayuntamiento quiere conmemorar la firma por parte de Carlos III El Noble el 8 de septiembre de 1423 del \u2018Privilegio de Uni\u00f3n de la Muy Noble y Leal Ciudad de Pamplona, Cabeza del Reyno de Navarra\u2019. Gracias a ese documento se unificaron los tres burgos existentes hasta entonces en Pamplona, la Ciudad de la Navarrer\u00eda, el Burgo de San Cernin y la Poblaci\u00f3n de San Nicol\u00e1s.<\/p>\n<p>El programa de actividades comienza ma\u00f1ana s\u00e1bado con el festival Pim Pam Ville y se desarrollar\u00e1 durante toda la semana que viene, hasta el domingo 9 de septiembre. El Ayuntamiento de Pamplona abre las puertas, adem\u00e1s, de la propia Casa Consistorial con una serie de visitas guiadas gratuitas en castellano y euskera para las que se requiere inscripci\u00f3n previa en el 010 \u2013 948 420 100 o en <a href=\"http:\/\/www.pamplona.es\/\" target=\"_blank\" rel=\"noopener\">www.pamplona.es<\/a>.<\/p>\n<p><strong>Entrega del Pa\u00f1uelo de Pamplona \u2013 Iru\u00f1eko Zapia<\/strong><\/p>\n<p>Los actos institucionales se desarrollar\u00e1n los d\u00edas 7 y 8 de septiembre. El viernes 7 se entregar\u00e1 el Pa\u00f1uelo de Pamplona \u2013 Iru\u00f1eko Zapia, una distinci\u00f3n honor\u00edfica que tiene por objeto premiar a personas y\/o entidades que, por raz\u00f3n de su labor diaria, trayectoria personal o profesional, hayan contribuido de forma activa y notoria a la consolidaci\u00f3n de la proyecci\u00f3n de la ciudad de Pamplona en sus diferentes vertientes, su historia y su cultura o que hayan destacado por haber realizado una contribuci\u00f3n excepcional a las artes o las ciencias. El acto tendr\u00e1 lugar a las 12 horas en el Sal\u00f3n de Recepciones de la Casa Consistorial con presencia del alcalde de Pamplona y los miembros de la Corporaci\u00f3n municipal.<\/p>\n<p>Hasta el viernes 31 de agosto el plazo est\u00e1 abierto para la presentaci\u00f3n de candidaturas a ese reconocimiento por parte del alcalde, un tercio de miembros de la Corporaci\u00f3n, diez entidades o 500 solicitantes particulares. Est\u00e1 previsto que el lunes 3 de septiembre la Junta de Portavoces del Ayuntamiento decida la persona o asociaci\u00f3n merecedora del Pa\u00f1uelo de Pamplona \u2013 Iru\u00f1eko Zapia este a\u00f1o. La distinci\u00f3n se instaur\u00f3 en el <strong>\u2018<\/strong>Reglamento de protocolo, ceremonial, honores y distinciones del Ayuntamiento de Pamplona\u2019 aprobado hace dos a\u00f1os y, por el momento, la han recibido Paulina Fern\u00e1ndez, propietaria de la Churrer\u00eda La Ma\u00f1ueta, en 2016 y el escritor y periodista Javier Pagola Lorente en 2017.<\/p>\n<p><script async src=\"\/\/pagead2.googlesyndication.com\/pagead\/js\/adsbygoogle.js\"><\/script><br \/>\n<!-- Noticias La Guia de Pamplona --><br \/>\n<ins class=\"adsbygoogle\"\nstyle=\"display:block\"\ndata-ad-client=\"ca-pub-6943679897239327\"\ndata-ad-slot=\"7048180777\"\ndata-ad-format=\"auto\"><\/ins><br \/>\n<script>\n(adsbygoogle = window.adsbygoogle || []).push({});\n<\/script><\/p>\n<p><strong>Desfile institucional y concierto de La Pamplonesa y el Orfe\u00f3n Pamplon\u00e9s el s\u00e1bado 8<\/strong><\/p>\n<p>Al coincidir con s\u00e1bado, los actos institucionales previstos para el d\u00eda 8 se celebrar\u00e1n por la ma\u00f1ana. La jornada comenzar\u00e1 a las 10 horas con la salida de la comparsa de Gigantes y Cabezudos desde la estaci\u00f3n de autobuses. Recorrer\u00e1n la plaza de la Paz, Yanguas y Miranda, Garc\u00eda Xim\u00e9nez, Tudela, plaza del V\u00ednculo, paseo de Sarasate, San Miguel, San Gregorio, Ciudadela, San Ant\u00f3n, Zapater\u00eda y Plaza Consistorial. All\u00ed, en torno a las 11.25 horas, se unir\u00e1n a los gaiteros, txistularis y dantzaris municipales, adem\u00e1s de a La Pamplonesa, para desfilar en cuerpo de ciudad hasta la Catedral, por las calles Mercaderes y Curia.<\/p>\n<p>A las 11.30 horas est\u00e1 prevista la ofrenda floral ante el mausoleo de Carlos III en la propia Catedral. La parte musical del acto correr\u00e1 a cargo de la Capilla de M\u00fasica de la Catedral junto con el Ensemble de Chirim\u00edas Miguel de Arr\u00f3zpide. Tras la ofrenda, sobre las 11.45 horas, la comitiva regresar\u00e1 por un recorrido que les llevar\u00e1 por calles de los tres antiguos burgos de Pamplona. Pasar\u00e1n por las calles Navarrer\u00eda, Mercaderes, Plaza Consistorial, calle Mayor, calle Eslava, calle Ansoleaga, plaza de San Francisco, plaza del Consejo, San Ant\u00f3n, San Miguel, plaza de San Nicol\u00e1s, calle San Nicol\u00e1s, Plaza del Castillo, calle Chapitela, calle Mercaderes y Plaza Consistorial. Sobre las 12.40 horas finalizar\u00e1 el desfile con \u00e9l, los actos institucionales.<\/p>\n<p>En torno a las 13.15 horas la comparsa de Gigantes y Cabezudos regresar\u00e1 a la estaci\u00f3n de autobuses. El recorrido previsto les llevar\u00e1 por Mercaderes, Estafeta, Duque de Ahumada, Carlos III, Plaza del Castillo, Paseo Sarasate, Garc\u00eda Casta\u00f1\u00f3n, Garc\u00eda Xim\u00e9nez, Tudela, Conde de Oliveto y plaza de la Paz hasta la estaci\u00f3n.<\/p>\n<p>Ya por la tarde, est\u00e1 previsto un concierto de la banda municipal La Pamplonesa y del Orfe\u00f3n Pamplon\u00e9s en la Plaza del Castillo. Una actuaci\u00f3n que combinar\u00e1 un repertorio de m\u00fasica original compuesta para banda, que interpretar\u00e1 \u00fanicamente La Pamplonesa, y una segunda parte, ya con el Orfe\u00f3n Pamplon\u00e9s, con una selecci\u00f3n de zarzuela y m\u00fasica vasconavarra muy reconocible. Ambas formaciones estar\u00e1n dirigidas por sus directores titulares J. Vicent Egea e Igor Ijurra. El concierto comenzar\u00e1 a las 20 horas.<\/p>\n<p><strong>Seis citas musicales durante la semana<\/strong><\/p>\n<p>La m\u00fasica ser\u00e1 protagonista durante toda esta celebraci\u00f3n del Privilegio de la Uni\u00f3n, desde ma\u00f1ana s\u00e1bado hasta el domingo 9 de septiembre. El Ayuntamiento de Pamplona ha preparado una propuesta variada en cuanto a estilo y repertorio que contar\u00e1 con la participaci\u00f3n de m\u00e1s de una decena de formaciones y grupos. Ma\u00f1ana s\u00e1bado la plaza de los Burgos acoge la segunda edici\u00f3n del festival Pim Pam Ville. Grupos locales e internacionales de la escena musical del rock, punk y psicodelia, como Ju\u00e1rez, La Plata, Sonny and The Sunsets, Joseba B. Lenoir, Boytoy, Holy Wave, Neat Beats, C\u00e1psula, The Anomalys o The King Khan &amp; BBQ Show, a partir de las 12 horas por la ma\u00f1ana y de las 17.15 horas por la tarde hasta\u00a0 pasada la medianoche.<\/p>\n<p>El domingo 2 de septiembre la Orquesta Sinf\u00f3nica de Navarra presentar\u00e1 a su nuevo director titular, Manuel Hern\u00e1ndez-Silva, en un concierto al aire libre en la Plaza del Castillo, a las 19.30 horas, que ser\u00e1 su debut al frente de la formaci\u00f3n. Se escuchar\u00e1n desde canciones de m\u00fasica americana a composiciones de Jes\u00fas Guridi, con un recuerdo especial a las interpretaciones que el propio Sarasate ofrec\u00eda al p\u00fablico en sus visitas a Pamplona. El concierto contar\u00e1 con la participaci\u00f3n de la soprano pamplonesa Sof\u00eda Esparza y del violinista Alexis C\u00e1rdenas, que interpretar\u00e1 obras de Sarasate.<\/p>\n<p>La m\u00fasica continuar\u00e1 el jueves d\u00eda 6 con un concierto en la iglesia de San Saturnino, a cargo del D\u00fao Parnasillo. A partir de las 20 horas, y con entrada libre, recorrer\u00e1n en \u2018Suonare\u2019diferentes sonatas compuestas para viol\u00edn barroco y clavec\u00edn. El d\u00fao est\u00e1 formado por Marta Ram\u00edrez Garc\u00eda \u2013 Mina y Eloy Orz\u00e1iz Galarza.<\/p>\n<p>La programaci\u00f3n musical concluir\u00e1 el domingo 9 de septiembre. Por la ma\u00f1ana, a las 12 horas en la Plaza del Castillo, actuar\u00e1 la Euskal Herriko Txistulari Elkartea Nafarroa, que interpretar\u00e1 \u2018Los sonidos de nuestro txistu\u2019, con un repertorio de obras tradicionales. Por la tarde ser\u00e1 el turno de la Orquesta de C\u00e1mara Paulino Otamendi. A las 19.30 horas en el Palacio del Condestable, bajo el t\u00edtulo \u2018Escuela de Borgo\u00f1a\u2019, interpretar\u00e1n una selecci\u00f3n de obras renacentistas de tem\u00e1tica profana y compositores de esa escuela, que tuvo su auge en la \u00e9poca de Carlos III.<\/p>\n<p><strong>Mercado medieval en el centro de la ciudad, del 7 al 9 de septiembre<\/strong><\/p>\n<p>El tradicional Mercado Medieval de los Tres Burgos se desarrollar\u00e1 el pr\u00f3ximo fin de semana del viernes 7 al domingo 9 de septiembre, en varias calles del centro de la ciudad. En este 2018 se cumple su duod\u00e9cima edici\u00f3n y volver\u00e1 a reunir a artesanos y artesanas que ofrecer\u00e1n sus productos. En concreto, se establecer\u00e1n en torno a 120 puestos de la Asociaci\u00f3n de Alimentos Artesanos de Navarra en la calle Mercaderes, Plaza Consistorial, calle Nueva, plaza del Consejo, plaza de San Francisco, calle Eslava y calle Mayor.<\/p>\n<p>Esos puestos vender\u00e1n productos de alimentaci\u00f3n, marroquiner\u00eda o textil, entre un surtido muy variado. Adem\u00e1s, habr\u00e1 animaciones musicales que recorrer\u00e1n la zona y actividades dirigidas a los peque\u00f1os y peque\u00f1as y a un p\u00fablico familiar, con talleres, exhibiciones o demostraciones de oficios. Habr\u00e1 tambi\u00e9n una taberna medieval en la plaza de San Francisco para poder degustar productos y bebidas. El viernes 7 el mercado abrir\u00e1 de 17 a 21 horas y el fin de semana, el s\u00e1bado y el domingo, en horario de ma\u00f1ana y tarde, de 10 a 14 horas y de 17 a 21 horas.<\/p>\n<p><strong>Visitas guiadas a la Casa Consistorial<\/strong><\/p>\n<p>El lunes comienza las visitas guiadas a la Casa Consistorial que tambi\u00e9n oferta el Ayuntamiento para celebrar el Privilegio de la Uni\u00f3n. Los d\u00edas 3, 4, 5 y 9 de septiembre se han organizado diferentes visitas, en castellano y en euskera, para conocer dependencias del propio Ayuntamiento como el Sal\u00f3n de Recepciones, el Sal\u00f3n de Plenos o el balc\u00f3n desde el que se lanza el Chupinazo.<\/p>\n<p>El plazo de inscripci\u00f3n se abri\u00f3 el pasado martes y ya se ha cubierto un 66% de las 750 plazas ofertadas en las 25 visitas guiadas previstas. Las inscripciones se pueden realizar en el tel\u00e9fono 010 \u2013 948 420 100 y de forma <em>on line<\/em> en <a href=\"http:\/\/www.pamplona.es\/\" target=\"_blank\" rel=\"noopener\">www.pamplona.es<\/a>. En la web municipal se ha habilitado un apartado en el que las personas que lo deseen pueden apuntarse introduciendo sus datos personales, un tel\u00e9fono de contacto y el horario elegido para la visita. Las plazas se otorgan por orden de inscripci\u00f3n.<\/p>\n<p>Las visitas son gratuitas y las plazas se adjudicar\u00e1n por orden de inscripci\u00f3n. La duraci\u00f3n de la visita ser\u00e1 de aproximadamente 30 minutos y el lugar de encuentro, cinco minutos antes del inicio de la visita, en la puerta principal de la Casa Consistorial. Los menores de 12 a\u00f1os no ocupan plaza y no es necesaria su inscripci\u00f3n, aunque deber\u00e1n acudir acompa\u00f1ados de una persona adulta.<\/p>\n<p>&nbsp;<\/p>\n","protected":false},"excerpt":{"rendered":"<p>Los actos se celebrar\u00e1n desde ma\u00f1ana s\u00e1bado hasta el domingo 9 de septiembre e incluyen la entrega del Pa\u00f1uelo de Pamplona \u2013 Iru\u00f1eko Zapia<\/p>\n","protected":false},"author":1,"featured_media":14192,"comment_status":"open","ping_status":"closed","sticky":false,"template":"","format":"standard","meta":{"footnotes":""},"categories":[2],"tags":[],"class_list":["post-18580","post","type-post","status-publish","format-standard","has-post-thumbnail","hentry","category-ayuntamiento-pamplona"],"yoast_head":"<!-- This site is optimized with the Yoast SEO plugin v27.9 - https:\/\/yoast.com\/product\/yoast-seo-wordpress\/ -->\n<title>Mercado medieval, conciertos musicales, visitas guiadas y desfile institucional por los antiguos burgos, actos para celebrar el 595\u00ba aniversario del Privilegio de la Uni\u00f3n<\/title>\n<meta name=\"robots\" content=\"index, follow, max-snippet:-1, max-image-preview:large, max-video-preview:-1\" \/>\n<link rel=\"canonical\" href=\"https:\/\/www.laguiadepamplona.com\/actualidad\/mercado-medieval-conciertos-musicales-visitas-guiadas-y-desfile-institucional-por-los-antiguos-burgos-actos-para-celebrar-el-595o-aniversario-del-privilegio-de-la-union\/\" \/>\n<meta property=\"og:locale\" content=\"es_ES\" \/>\n<meta property=\"og:type\" content=\"article\" \/>\n<meta property=\"og:title\" content=\"Mercado medieval, conciertos musicales, visitas guiadas y desfile institucional por los antiguos burgos, actos para celebrar el 595\u00ba aniversario del Privilegio de la Uni\u00f3n\" \/>\n<meta property=\"og:description\" content=\"Los actos se celebrar\u00e1n desde ma\u00f1ana s\u00e1bado hasta el domingo 9 de septiembre e incluyen la entrega del Pa\u00f1uelo de Pamplona \u2013 Iru\u00f1eko Zapia\" \/>\n<meta property=\"og:url\" content=\"https:\/\/www.laguiadepamplona.com\/actualidad\/mercado-medieval-conciertos-musicales-visitas-guiadas-y-desfile-institucional-por-los-antiguos-burgos-actos-para-celebrar-el-595o-aniversario-del-privilegio-de-la-union\/\" \/>\n<meta property=\"og:site_name\" content=\"La Gu\u00eda de Pamplona Noticias y actualidad\" \/>\n<meta property=\"article:publisher\" content=\"https:\/\/www.facebook.com\/laguiadepamplonacom-133175176762273\/?ref=hl\" \/>\n<meta property=\"article:published_time\" content=\"2018-08-31T16:20:53+00:00\" \/>\n<meta property=\"og:image\" content=\"https:\/\/www.laguiadepamplona.com\/actualidad\/wp-content\/uploads\/2017\/09\/mercado-medieval-tres-burgos.jpg\" \/>\n\t<meta property=\"og:image:width\" content=\"1920\" \/>\n\t<meta property=\"og:image:height\" content=\"1080\" \/>\n\t<meta property=\"og:image:type\" content=\"image\/jpeg\" \/>\n<meta name=\"author\" content=\"La Gu\u00eda de Pamplona\" \/>\n<meta name=\"twitter:card\" content=\"summary_large_image\" \/>\n<meta name=\"twitter:creator\" content=\"@LaGuiadPamplona\" \/>\n<meta name=\"twitter:site\" content=\"@LaGuiadPamplona\" \/>\n<meta name=\"twitter:label1\" content=\"Escrito por\" \/>\n\t<meta name=\"twitter:data1\" content=\"La Gu\u00eda de Pamplona\" \/>\n\t<meta name=\"twitter:label2\" content=\"Tiempo de lectura\" \/>\n\t<meta name=\"twitter:data2\" content=\"9 minutos\" \/>\n<script type=\"application\/ld+json\" class=\"yoast-schema-graph\">{\"@context\":\"https:\\\/\\\/schema.org\",\"@graph\":[{\"@type\":\"Article\",\"@id\":\"https:\\\/\\\/www.laguiadepamplona.com\\\/actualidad\\\/mercado-medieval-conciertos-musicales-visitas-guiadas-y-desfile-institucional-por-los-antiguos-burgos-actos-para-celebrar-el-595o-aniversario-del-privilegio-de-la-union\\\/#article\",\"isPartOf\":{\"@id\":\"https:\\\/\\\/www.laguiadepamplona.com\\\/actualidad\\\/mercado-medieval-conciertos-musicales-visitas-guiadas-y-desfile-institucional-por-los-antiguos-burgos-actos-para-celebrar-el-595o-aniversario-del-privilegio-de-la-union\\\/\"},\"author\":{\"name\":\"La Gu\u00eda de Pamplona\",\"@id\":\"https:\\\/\\\/www.laguiadepamplona.com\\\/actualidad\\\/#\\\/schema\\\/person\\\/efe887376f0213d4657c93adc50b1fdb\"},\"headline\":\"Mercado medieval, conciertos musicales, visitas guiadas y desfile institucional por los antiguos burgos, actos para celebrar el 595\u00ba aniversario del Privilegio de la Uni\u00f3n\",\"datePublished\":\"2018-08-31T16:20:53+00:00\",\"mainEntityOfPage\":{\"@id\":\"https:\\\/\\\/www.laguiadepamplona.com\\\/actualidad\\\/mercado-medieval-conciertos-musicales-visitas-guiadas-y-desfile-institucional-por-los-antiguos-burgos-actos-para-celebrar-el-595o-aniversario-del-privilegio-de-la-union\\\/\"},\"wordCount\":1825,\"commentCount\":0,\"publisher\":{\"@id\":\"https:\\\/\\\/www.laguiadepamplona.com\\\/actualidad\\\/#organization\"},\"image\":{\"@id\":\"https:\\\/\\\/www.laguiadepamplona.com\\\/actualidad\\\/mercado-medieval-conciertos-musicales-visitas-guiadas-y-desfile-institucional-por-los-antiguos-burgos-actos-para-celebrar-el-595o-aniversario-del-privilegio-de-la-union\\\/#primaryimage\"},\"thumbnailUrl\":\"https:\\\/\\\/www.laguiadepamplona.com\\\/actualidad\\\/wp-content\\\/uploads\\\/2017\\\/09\\\/mercado-medieval-tres-burgos.jpg\",\"articleSection\":[\"Ayto Pamplona\"],\"inLanguage\":\"es\",\"potentialAction\":[{\"@type\":\"CommentAction\",\"name\":\"Comment\",\"target\":[\"https:\\\/\\\/www.laguiadepamplona.com\\\/actualidad\\\/mercado-medieval-conciertos-musicales-visitas-guiadas-y-desfile-institucional-por-los-antiguos-burgos-actos-para-celebrar-el-595o-aniversario-del-privilegio-de-la-union\\\/#respond\"]}]},{\"@type\":\"WebPage\",\"@id\":\"https:\\\/\\\/www.laguiadepamplona.com\\\/actualidad\\\/mercado-medieval-conciertos-musicales-visitas-guiadas-y-desfile-institucional-por-los-antiguos-burgos-actos-para-celebrar-el-595o-aniversario-del-privilegio-de-la-union\\\/\",\"url\":\"https:\\\/\\\/www.laguiadepamplona.com\\\/actualidad\\\/mercado-medieval-conciertos-musicales-visitas-guiadas-y-desfile-institucional-por-los-antiguos-burgos-actos-para-celebrar-el-595o-aniversario-del-privilegio-de-la-union\\\/\",\"name\":\"Mercado medieval, conciertos musicales, visitas guiadas y desfile institucional por los antiguos burgos, actos para celebrar el 595\u00ba aniversario del Privilegio de la Uni\u00f3n\",\"isPartOf\":{\"@id\":\"https:\\\/\\\/www.laguiadepamplona.com\\\/actualidad\\\/#website\"},\"primaryImageOfPage\":{\"@id\":\"https:\\\/\\\/www.laguiadepamplona.com\\\/actualidad\\\/mercado-medieval-conciertos-musicales-visitas-guiadas-y-desfile-institucional-por-los-antiguos-burgos-actos-para-celebrar-el-595o-aniversario-del-privilegio-de-la-union\\\/#primaryimage\"},\"image\":{\"@id\":\"https:\\\/\\\/www.laguiadepamplona.com\\\/actualidad\\\/mercado-medieval-conciertos-musicales-visitas-guiadas-y-desfile-institucional-por-los-antiguos-burgos-actos-para-celebrar-el-595o-aniversario-del-privilegio-de-la-union\\\/#primaryimage\"},\"thumbnailUrl\":\"https:\\\/\\\/www.laguiadepamplona.com\\\/actualidad\\\/wp-content\\\/uploads\\\/2017\\\/09\\\/mercado-medieval-tres-burgos.jpg\",\"datePublished\":\"2018-08-31T16:20:53+00:00\",\"breadcrumb\":{\"@id\":\"https:\\\/\\\/www.laguiadepamplona.com\\\/actualidad\\\/mercado-medieval-conciertos-musicales-visitas-guiadas-y-desfile-institucional-por-los-antiguos-burgos-actos-para-celebrar-el-595o-aniversario-del-privilegio-de-la-union\\\/#breadcrumb\"},\"inLanguage\":\"es\",\"potentialAction\":[{\"@type\":\"ReadAction\",\"target\":[\"https:\\\/\\\/www.laguiadepamplona.com\\\/actualidad\\\/mercado-medieval-conciertos-musicales-visitas-guiadas-y-desfile-institucional-por-los-antiguos-burgos-actos-para-celebrar-el-595o-aniversario-del-privilegio-de-la-union\\\/\"]}]},{\"@type\":\"ImageObject\",\"inLanguage\":\"es\",\"@id\":\"https:\\\/\\\/www.laguiadepamplona.com\\\/actualidad\\\/mercado-medieval-conciertos-musicales-visitas-guiadas-y-desfile-institucional-por-los-antiguos-burgos-actos-para-celebrar-el-595o-aniversario-del-privilegio-de-la-union\\\/#primaryimage\",\"url\":\"https:\\\/\\\/www.laguiadepamplona.com\\\/actualidad\\\/wp-content\\\/uploads\\\/2017\\\/09\\\/mercado-medieval-tres-burgos.jpg\",\"contentUrl\":\"https:\\\/\\\/www.laguiadepamplona.com\\\/actualidad\\\/wp-content\\\/uploads\\\/2017\\\/09\\\/mercado-medieval-tres-burgos.jpg\",\"width\":1920,\"height\":1080},{\"@type\":\"BreadcrumbList\",\"@id\":\"https:\\\/\\\/www.laguiadepamplona.com\\\/actualidad\\\/mercado-medieval-conciertos-musicales-visitas-guiadas-y-desfile-institucional-por-los-antiguos-burgos-actos-para-celebrar-el-595o-aniversario-del-privilegio-de-la-union\\\/#breadcrumb\",\"itemListElement\":[{\"@type\":\"ListItem\",\"position\":1,\"name\":\"Portada\",\"item\":\"https:\\\/\\\/www.laguiadepamplona.com\\\/actualidad\\\/\"},{\"@type\":\"ListItem\",\"position\":2,\"name\":\"Mercado medieval, conciertos musicales, visitas guiadas y desfile institucional por los antiguos burgos, actos para celebrar el 595\u00ba aniversario del Privilegio de la Uni\u00f3n\"}]},{\"@type\":\"WebSite\",\"@id\":\"https:\\\/\\\/www.laguiadepamplona.com\\\/actualidad\\\/#website\",\"url\":\"https:\\\/\\\/www.laguiadepamplona.com\\\/actualidad\\\/\",\"name\":\"La gu\u00eda de Pamplona\",\"description\":\"Noticias de Pamplona\",\"publisher\":{\"@id\":\"https:\\\/\\\/www.laguiadepamplona.com\\\/actualidad\\\/#organization\"},\"potentialAction\":[{\"@type\":\"SearchAction\",\"target\":{\"@type\":\"EntryPoint\",\"urlTemplate\":\"https:\\\/\\\/www.laguiadepamplona.com\\\/actualidad\\\/?s={search_term_string}\"},\"query-input\":{\"@type\":\"PropertyValueSpecification\",\"valueRequired\":true,\"valueName\":\"search_term_string\"}}],\"inLanguage\":\"es\"},{\"@type\":\"Organization\",\"@id\":\"https:\\\/\\\/www.laguiadepamplona.com\\\/actualidad\\\/#organization\",\"name\":\"La Gu\u00eda de Pamplona \\\/ Noticias\",\"url\":\"https:\\\/\\\/www.laguiadepamplona.com\\\/actualidad\\\/\",\"logo\":{\"@type\":\"ImageObject\",\"inLanguage\":\"es\",\"@id\":\"https:\\\/\\\/www.laguiadepamplona.com\\\/actualidad\\\/#\\\/schema\\\/logo\\\/image\\\/\",\"url\":\"https:\\\/\\\/www.laguiadepamplona.com\\\/actualidad\\\/wp-content\\\/uploads\\\/2018\\\/11\\\/logo-laguiadepamplona18-web1.png\",\"contentUrl\":\"https:\\\/\\\/www.laguiadepamplona.com\\\/actualidad\\\/wp-content\\\/uploads\\\/2018\\\/11\\\/logo-laguiadepamplona18-web1.png\",\"width\":600,\"height\":196,\"caption\":\"La Gu\u00eda de Pamplona \\\/ Noticias\"},\"image\":{\"@id\":\"https:\\\/\\\/www.laguiadepamplona.com\\\/actualidad\\\/#\\\/schema\\\/logo\\\/image\\\/\"},\"sameAs\":[\"https:\\\/\\\/www.facebook.com\\\/laguiadepamplonacom-133175176762273\\\/?ref=hl\",\"https:\\\/\\\/x.com\\\/LaGuiadPamplona\",\"https:\\\/\\\/www.instagram.com\\\/la_guia_de_pamplona\\\/\",\"https:\\\/\\\/www.youtube.com\\\/user\\\/laguiadepamplona\"]},{\"@type\":\"Person\",\"@id\":\"https:\\\/\\\/www.laguiadepamplona.com\\\/actualidad\\\/#\\\/schema\\\/person\\\/efe887376f0213d4657c93adc50b1fdb\",\"name\":\"La Gu\u00eda de Pamplona\",\"image\":{\"@type\":\"ImageObject\",\"inLanguage\":\"es\",\"@id\":\"https:\\\/\\\/secure.gravatar.com\\\/avatar\\\/b6992f131dc8d30ab0dff15446e9d346d9dbd95992de0fef795073f5ea83a81c?s=96&d=mm&r=g\",\"url\":\"https:\\\/\\\/secure.gravatar.com\\\/avatar\\\/b6992f131dc8d30ab0dff15446e9d346d9dbd95992de0fef795073f5ea83a81c?s=96&d=mm&r=g\",\"contentUrl\":\"https:\\\/\\\/secure.gravatar.com\\\/avatar\\\/b6992f131dc8d30ab0dff15446e9d346d9dbd95992de0fef795073f5ea83a81c?s=96&d=mm&r=g\",\"caption\":\"La Gu\u00eda de Pamplona\"}}]}<\/script>\n<!-- \/ Yoast SEO plugin. -->","yoast_head_json":{"title":"Mercado medieval, conciertos musicales, visitas guiadas y desfile institucional por los antiguos burgos, actos para celebrar el 595\u00ba aniversario del Privilegio de la Uni\u00f3n","robots":{"index":"index","follow":"follow","max-snippet":"max-snippet:-1","max-image-preview":"max-image-preview:large","max-video-preview":"max-video-preview:-1"},"canonical":"https:\/\/www.laguiadepamplona.com\/actualidad\/mercado-medieval-conciertos-musicales-visitas-guiadas-y-desfile-institucional-por-los-antiguos-burgos-actos-para-celebrar-el-595o-aniversario-del-privilegio-de-la-union\/","og_locale":"es_ES","og_type":"article","og_title":"Mercado medieval, conciertos musicales, visitas guiadas y desfile institucional por los antiguos burgos, actos para celebrar el 595\u00ba aniversario del Privilegio de la Uni\u00f3n","og_description":"Los actos se celebrar\u00e1n desde ma\u00f1ana s\u00e1bado hasta el domingo 9 de septiembre e incluyen la entrega del Pa\u00f1uelo de Pamplona \u2013 Iru\u00f1eko Zapia","og_url":"https:\/\/www.laguiadepamplona.com\/actualidad\/mercado-medieval-conciertos-musicales-visitas-guiadas-y-desfile-institucional-por-los-antiguos-burgos-actos-para-celebrar-el-595o-aniversario-del-privilegio-de-la-union\/","og_site_name":"La Gu\u00eda de Pamplona Noticias y actualidad","article_publisher":"https:\/\/www.facebook.com\/laguiadepamplonacom-133175176762273\/?ref=hl","article_published_time":"2018-08-31T16:20:53+00:00","og_image":[{"width":1920,"height":1080,"url":"https:\/\/www.laguiadepamplona.com\/actualidad\/wp-content\/uploads\/2017\/09\/mercado-medieval-tres-burgos.jpg","type":"image\/jpeg"}],"author":"La Gu\u00eda de Pamplona","twitter_card":"summary_large_image","twitter_creator":"@LaGuiadPamplona","twitter_site":"@LaGuiadPamplona","twitter_misc":{"Escrito por":"La Gu\u00eda de Pamplona","Tiempo de lectura":"9 minutos"},"schema":{"@context":"https:\/\/schema.org","@graph":[{"@type":"Article","@id":"https:\/\/www.laguiadepamplona.com\/actualidad\/mercado-medieval-conciertos-musicales-visitas-guiadas-y-desfile-institucional-por-los-antiguos-burgos-actos-para-celebrar-el-595o-aniversario-del-privilegio-de-la-union\/#article","isPartOf":{"@id":"https:\/\/www.laguiadepamplona.com\/actualidad\/mercado-medieval-conciertos-musicales-visitas-guiadas-y-desfile-institucional-por-los-antiguos-burgos-actos-para-celebrar-el-595o-aniversario-del-privilegio-de-la-union\/"},"author":{"name":"La Gu\u00eda de Pamplona","@id":"https:\/\/www.laguiadepamplona.com\/actualidad\/#\/schema\/person\/efe887376f0213d4657c93adc50b1fdb"},"headline":"Mercado medieval, conciertos musicales, visitas guiadas y desfile institucional por los antiguos burgos, actos para celebrar el 595\u00ba aniversario del Privilegio de la Uni\u00f3n","datePublished":"2018-08-31T16:20:53+00:00","mainEntityOfPage":{"@id":"https:\/\/www.laguiadepamplona.com\/actualidad\/mercado-medieval-conciertos-musicales-visitas-guiadas-y-desfile-institucional-por-los-antiguos-burgos-actos-para-celebrar-el-595o-aniversario-del-privilegio-de-la-union\/"},"wordCount":1825,"commentCount":0,"publisher":{"@id":"https:\/\/www.laguiadepamplona.com\/actualidad\/#organization"},"image":{"@id":"https:\/\/www.laguiadepamplona.com\/actualidad\/mercado-medieval-conciertos-musicales-visitas-guiadas-y-desfile-institucional-por-los-antiguos-burgos-actos-para-celebrar-el-595o-aniversario-del-privilegio-de-la-union\/#primaryimage"},"thumbnailUrl":"https:\/\/www.laguiadepamplona.com\/actualidad\/wp-content\/uploads\/2017\/09\/mercado-medieval-tres-burgos.jpg","articleSection":["Ayto Pamplona"],"inLanguage":"es","potentialAction":[{"@type":"CommentAction","name":"Comment","target":["https:\/\/www.laguiadepamplona.com\/actualidad\/mercado-medieval-conciertos-musicales-visitas-guiadas-y-desfile-institucional-por-los-antiguos-burgos-actos-para-celebrar-el-595o-aniversario-del-privilegio-de-la-union\/#respond"]}]},{"@type":"WebPage","@id":"https:\/\/www.laguiadepamplona.com\/actualidad\/mercado-medieval-conciertos-musicales-visitas-guiadas-y-desfile-institucional-por-los-antiguos-burgos-actos-para-celebrar-el-595o-aniversario-del-privilegio-de-la-union\/","url":"https:\/\/www.laguiadepamplona.com\/actualidad\/mercado-medieval-conciertos-musicales-visitas-guiadas-y-desfile-institucional-por-los-antiguos-burgos-actos-para-celebrar-el-595o-aniversario-del-privilegio-de-la-union\/","name":"Mercado medieval, conciertos musicales, visitas guiadas y desfile institucional por los antiguos burgos, actos para celebrar el 595\u00ba aniversario del Privilegio de la Uni\u00f3n","isPartOf":{"@id":"https:\/\/www.laguiadepamplona.com\/actualidad\/#website"},"primaryImageOfPage":{"@id":"https:\/\/www.laguiadepamplona.com\/actualidad\/mercado-medieval-conciertos-musicales-visitas-guiadas-y-desfile-institucional-por-los-antiguos-burgos-actos-para-celebrar-el-595o-aniversario-del-privilegio-de-la-union\/#primaryimage"},"image":{"@id":"https:\/\/www.laguiadepamplona.com\/actualidad\/mercado-medieval-conciertos-musicales-visitas-guiadas-y-desfile-institucional-por-los-antiguos-burgos-actos-para-celebrar-el-595o-aniversario-del-privilegio-de-la-union\/#primaryimage"},"thumbnailUrl":"https:\/\/www.laguiadepamplona.com\/actualidad\/wp-content\/uploads\/2017\/09\/mercado-medieval-tres-burgos.jpg","datePublished":"2018-08-31T16:20:53+00:00","breadcrumb":{"@id":"https:\/\/www.laguiadepamplona.com\/actualidad\/mercado-medieval-conciertos-musicales-visitas-guiadas-y-desfile-institucional-por-los-antiguos-burgos-actos-para-celebrar-el-595o-aniversario-del-privilegio-de-la-union\/#breadcrumb"},"inLanguage":"es","potentialAction":[{"@type":"ReadAction","target":["https:\/\/www.laguiadepamplona.com\/actualidad\/mercado-medieval-conciertos-musicales-visitas-guiadas-y-desfile-institucional-por-los-antiguos-burgos-actos-para-celebrar-el-595o-aniversario-del-privilegio-de-la-union\/"]}]},{"@type":"ImageObject","inLanguage":"es","@id":"https:\/\/www.laguiadepamplona.com\/actualidad\/mercado-medieval-conciertos-musicales-visitas-guiadas-y-desfile-institucional-por-los-antiguos-burgos-actos-para-celebrar-el-595o-aniversario-del-privilegio-de-la-union\/#primaryimage","url":"https:\/\/www.laguiadepamplona.com\/actualidad\/wp-content\/uploads\/2017\/09\/mercado-medieval-tres-burgos.jpg","contentUrl":"https:\/\/www.laguiadepamplona.com\/actualidad\/wp-content\/uploads\/2017\/09\/mercado-medieval-tres-burgos.jpg","width":1920,"height":1080},{"@type":"BreadcrumbList","@id":"https:\/\/www.laguiadepamplona.com\/actualidad\/mercado-medieval-conciertos-musicales-visitas-guiadas-y-desfile-institucional-por-los-antiguos-burgos-actos-para-celebrar-el-595o-aniversario-del-privilegio-de-la-union\/#breadcrumb","itemListElement":[{"@type":"ListItem","position":1,"name":"Portada","item":"https:\/\/www.laguiadepamplona.com\/actualidad\/"},{"@type":"ListItem","position":2,"name":"Mercado medieval, conciertos musicales, visitas guiadas y desfile institucional por los antiguos burgos, actos para celebrar el 595\u00ba aniversario del Privilegio de la Uni\u00f3n"}]},{"@type":"WebSite","@id":"https:\/\/www.laguiadepamplona.com\/actualidad\/#website","url":"https:\/\/www.laguiadepamplona.com\/actualidad\/","name":"La gu\u00eda de Pamplona","description":"Noticias de Pamplona","publisher":{"@id":"https:\/\/www.laguiadepamplona.com\/actualidad\/#organization"},"potentialAction":[{"@type":"SearchAction","target":{"@type":"EntryPoint","urlTemplate":"https:\/\/www.laguiadepamplona.com\/actualidad\/?s={search_term_string}"},"query-input":{"@type":"PropertyValueSpecification","valueRequired":true,"valueName":"search_term_string"}}],"inLanguage":"es"},{"@type":"Organization","@id":"https:\/\/www.laguiadepamplona.com\/actualidad\/#organization","name":"La Gu\u00eda de Pamplona \/ Noticias","url":"https:\/\/www.laguiadepamplona.com\/actualidad\/","logo":{"@type":"ImageObject","inLanguage":"es","@id":"https:\/\/www.laguiadepamplona.com\/actualidad\/#\/schema\/logo\/image\/","url":"https:\/\/www.laguiadepamplona.com\/actualidad\/wp-content\/uploads\/2018\/11\/logo-laguiadepamplona18-web1.png","contentUrl":"https:\/\/www.laguiadepamplona.com\/actualidad\/wp-content\/uploads\/2018\/11\/logo-laguiadepamplona18-web1.png","width":600,"height":196,"caption":"La Gu\u00eda de Pamplona \/ Noticias"},"image":{"@id":"https:\/\/www.laguiadepamplona.com\/actualidad\/#\/schema\/logo\/image\/"},"sameAs":["https:\/\/www.facebook.com\/laguiadepamplonacom-133175176762273\/?ref=hl","https:\/\/x.com\/LaGuiadPamplona","https:\/\/www.instagram.com\/la_guia_de_pamplona\/","https:\/\/www.youtube.com\/user\/laguiadepamplona"]},{"@type":"Person","@id":"https:\/\/www.laguiadepamplona.com\/actualidad\/#\/schema\/person\/efe887376f0213d4657c93adc50b1fdb","name":"La Gu\u00eda de Pamplona","image":{"@type":"ImageObject","inLanguage":"es","@id":"https:\/\/secure.gravatar.com\/avatar\/b6992f131dc8d30ab0dff15446e9d346d9dbd95992de0fef795073f5ea83a81c?s=96&d=mm&r=g","url":"https:\/\/secure.gravatar.com\/avatar\/b6992f131dc8d30ab0dff15446e9d346d9dbd95992de0fef795073f5ea83a81c?s=96&d=mm&r=g","contentUrl":"https:\/\/secure.gravatar.com\/avatar\/b6992f131dc8d30ab0dff15446e9d346d9dbd95992de0fef795073f5ea83a81c?s=96&d=mm&r=g","caption":"La Gu\u00eda de Pamplona"}}]}},"post_mailing_queue_ids":[],"_links":{"self":[{"href":"https:\/\/www.laguiadepamplona.com\/actualidad\/wp-json\/wp\/v2\/posts\/18580","targetHints":{"allow":["GET"]}}],"collection":[{"href":"https:\/\/www.laguiadepamplona.com\/actualidad\/wp-json\/wp\/v2\/posts"}],"about":[{"href":"https:\/\/www.laguiadepamplona.com\/actualidad\/wp-json\/wp\/v2\/types\/post"}],"author":[{"embeddable":true,"href":"https:\/\/www.laguiadepamplona.com\/actualidad\/wp-json\/wp\/v2\/users\/1"}],"replies":[{"embeddable":true,"href":"https:\/\/www.laguiadepamplona.com\/actualidad\/wp-json\/wp\/v2\/comments?post=18580"}],"version-history":[{"count":0,"href":"https:\/\/www.laguiadepamplona.com\/actualidad\/wp-json\/wp\/v2\/posts\/18580\/revisions"}],"wp:featuredmedia":[{"embeddable":true,"href":"https:\/\/www.laguiadepamplona.com\/actualidad\/wp-json\/wp\/v2\/media\/14192"}],"wp:attachment":[{"href":"https:\/\/www.laguiadepamplona.com\/actualidad\/wp-json\/wp\/v2\/media?parent=18580"}],"wp:term":[{"taxonomy":"category","embeddable":true,"href":"https:\/\/www.laguiadepamplona.com\/actualidad\/wp-json\/wp\/v2\/categories?post=18580"},{"taxonomy":"post_tag","embeddable":true,"href":"https:\/\/www.laguiadepamplona.com\/actualidad\/wp-json\/wp\/v2\/tags?post=18580"}],"curies":[{"name":"wp","href":"https:\/\/api.w.org\/{rel}","templated":true}]}}