{"id":18577,"date":"2018-08-30T11:50:41","date_gmt":"2018-08-30T09:50:41","guid":{"rendered":"https:\/\/www.laguiadepamplona.es\/actualidad\/?p=18577"},"modified":"2018-08-30T11:50:54","modified_gmt":"2018-08-30T09:50:54","slug":"txospi-y-popi-presentan-el-sabado-en-doble-sesion-en-el-patio-de-civivox-milagrosa-su-espectaculo-infantil-y-familiar-travesuras-de-payasos","status":"publish","type":"post","link":"https:\/\/www.laguiadepamplona.com\/actualidad\/txospi-y-popi-presentan-el-sabado-en-doble-sesion-en-el-patio-de-civivox-milagrosa-su-espectaculo-infantil-y-familiar-travesuras-de-payasos\/","title":{"rendered":"Txospi y Popi presentan el s\u00e1bado en doble sesi\u00f3n en el patio de Civivox Milagrosa su espect\u00e1culo infantil y familiar \u2018Travesuras de payasos\u2019"},"content":{"rendered":"<h3>La sesi\u00f3n de las 12 horas se realizar\u00e1 en euskera y la de las 18.30 horas en castellano; ambas tienen la entrada libre<\/h3>\n<p><!--more--><\/p>\n<p>Este s\u00e1bado los payasos Txospi y Popi presentan en el patio de Civivox Milagrosa su \u00faltimo espect\u00e1culo. \u2018Travesuras de payasos\u2019 se podr\u00e1 ver en doble sesi\u00f3n, a las 12 horas en euskera y a las 18.30 horas en castellano. Humor, circo y diversi\u00f3n en un espect\u00e1culo infantil y familiar, con entrada gratuita, incluido en el programa Auzokale, que el Ayuntamiento y la red Civivox han preparado en los barrios de la ciudad para este verano.<\/p>\n<p><script async src=\"\/\/pagead2.googlesyndication.com\/pagead\/js\/adsbygoogle.js\"><\/script><br \/>\n<!-- Noticias La Guia de Pamplona --><br \/>\n<ins class=\"adsbygoogle\"\nstyle=\"display:block\"\ndata-ad-client=\"ca-pub-6943679897239327\"\ndata-ad-slot=\"7048180777\"\ndata-ad-format=\"auto\"><\/ins><br \/>\n<script>\n(adsbygoogle = window.adsbygoogle || []).push({});\n<\/script><\/p>\n<p>\u2018Travesuras de payasos\u2019 es un espect\u00e1culo tradicional de circo, con dos personajes que interact\u00faan. Por un lado, el clown \u2018Cara Blanca\u2019 y, por otro, el Augusto, que siempre enreda las cosas. El montaje incluye n\u00fameros de magia, malabares y m\u00fasica en vivo de txistu, gaita y otros instrumentos como acorde\u00f3n, saxo, arm\u00f3nica\u2026 La funci\u00f3n est\u00e1 dirigida sobre todo a los m\u00e1s peque\u00f1os, pero tambi\u00e9n est\u00e1 abierta a que la disfrute toda la familia.<\/p>\n<p>En 1978 Josemi y Andoni Iribarren fundaron el grupo de payasos Popi y Zarratrako. Esa experiencia de tres d\u00e9cadas le ha llevado a Popi (Josemi Iribarren) a emprender carrera con un nuevo compa\u00f1ero, Txispi, para continuar con la idea que siempre han tenido, seguir llevando a todos los lugares el payaso tradicional de circo. Popi y Txispi, siguen formando parte casi desde su fundaci\u00f3n de la ONG Payasos sin Fronteras. Popi, solo o junto con sus antiguos compa\u00f1eros, Zarratrako, el Sr. Fer y otros, ha realizado varias expediciones solidarias en aquellos lugares en los que su trabajo sirve para arrancar una sonrisa.<\/p>\n<p>&nbsp;<\/p>\n<p><strong>Auzokale. Otros espect\u00e1culos en barrios<\/strong><\/p>\n<ul>\n<li>Patio de Civivox Milagrosa. \u2018Travesuras de payasos\u2019, Txispi y Popi. 1 de septiembre. 12 y 18.30 horas<\/li>\n<li>Teatro Parque de la Runa. \u2018Ta tante et toi\u2019, Gancho Drome. 4 de septiembre. 22 horas<\/li>\n<\/ul>\n<p>&nbsp;<\/p>\n","protected":false},"excerpt":{"rendered":"<p>La sesi\u00f3n de las 12 horas se realizar\u00e1 en euskera y la de las 18.30 horas en castellano; ambas tienen la entrada libre<\/p>\n","protected":false},"author":1,"featured_media":11074,"comment_status":"open","ping_status":"closed","sticky":false,"template":"","format":"standard","meta":{"footnotes":""},"categories":[2],"tags":[],"class_list":["post-18577","post","type-post","status-publish","format-standard","has-post-thumbnail","hentry","category-ayuntamiento-pamplona"],"yoast_head":"<!-- This site is optimized with the Yoast SEO plugin v27.9 - https:\/\/yoast.com\/product\/yoast-seo-wordpress\/ -->\n<title>Txospi y Popi presentan el s\u00e1bado en doble sesi\u00f3n en el patio de Civivox Milagrosa su espect\u00e1culo infantil y familiar \u2018Travesuras de payasos\u2019<\/title>\n<meta name=\"robots\" content=\"index, follow, max-snippet:-1, max-image-preview:large, max-video-preview:-1\" \/>\n<link rel=\"canonical\" href=\"https:\/\/www.laguiadepamplona.com\/actualidad\/txospi-y-popi-presentan-el-sabado-en-doble-sesion-en-el-patio-de-civivox-milagrosa-su-espectaculo-infantil-y-familiar-travesuras-de-payasos\/\" \/>\n<meta property=\"og:locale\" content=\"es_ES\" \/>\n<meta property=\"og:type\" content=\"article\" \/>\n<meta property=\"og:title\" content=\"Txospi y Popi presentan el s\u00e1bado en doble sesi\u00f3n en el patio de Civivox Milagrosa su espect\u00e1culo infantil y familiar \u2018Travesuras de payasos\u2019\" \/>\n<meta property=\"og:description\" content=\"La sesi\u00f3n de las 12 horas se realizar\u00e1 en euskera y la de las 18.30 horas en castellano; ambas tienen la entrada libre\" \/>\n<meta property=\"og:url\" content=\"https:\/\/www.laguiadepamplona.com\/actualidad\/txospi-y-popi-presentan-el-sabado-en-doble-sesion-en-el-patio-de-civivox-milagrosa-su-espectaculo-infantil-y-familiar-travesuras-de-payasos\/\" \/>\n<meta property=\"og:site_name\" content=\"La Gu\u00eda de Pamplona Noticias y actualidad\" \/>\n<meta property=\"article:publisher\" content=\"https:\/\/www.facebook.com\/laguiadepamplonacom-133175176762273\/?ref=hl\" \/>\n<meta property=\"article:published_time\" content=\"2018-08-30T09:50:41+00:00\" \/>\n<meta property=\"article:modified_time\" content=\"2018-08-30T09:50:54+00:00\" \/>\n<meta property=\"og:image\" content=\"https:\/\/www.laguiadepamplona.com\/actualidad\/wp-content\/uploads\/2016\/12\/civivox-milagrosa-900x598.jpg\" \/>\n\t<meta property=\"og:image:width\" content=\"900\" \/>\n\t<meta property=\"og:image:height\" content=\"598\" \/>\n\t<meta property=\"og:image:type\" content=\"image\/jpeg\" \/>\n<meta name=\"author\" content=\"La Gu\u00eda de Pamplona\" \/>\n<meta name=\"twitter:card\" content=\"summary_large_image\" \/>\n<meta name=\"twitter:creator\" content=\"@LaGuiadPamplona\" \/>\n<meta name=\"twitter:site\" content=\"@LaGuiadPamplona\" \/>\n<meta name=\"twitter:label1\" content=\"Escrito por\" \/>\n\t<meta name=\"twitter:data1\" content=\"La Gu\u00eda de Pamplona\" \/>\n\t<meta name=\"twitter:label2\" content=\"Tiempo de lectura\" \/>\n\t<meta name=\"twitter:data2\" content=\"2 minutos\" \/>\n<script type=\"application\/ld+json\" class=\"yoast-schema-graph\">{\"@context\":\"https:\\\/\\\/schema.org\",\"@graph\":[{\"@type\":\"Article\",\"@id\":\"https:\\\/\\\/www.laguiadepamplona.com\\\/actualidad\\\/txospi-y-popi-presentan-el-sabado-en-doble-sesion-en-el-patio-de-civivox-milagrosa-su-espectaculo-infantil-y-familiar-travesuras-de-payasos\\\/#article\",\"isPartOf\":{\"@id\":\"https:\\\/\\\/www.laguiadepamplona.com\\\/actualidad\\\/txospi-y-popi-presentan-el-sabado-en-doble-sesion-en-el-patio-de-civivox-milagrosa-su-espectaculo-infantil-y-familiar-travesuras-de-payasos\\\/\"},\"author\":{\"name\":\"La Gu\u00eda de Pamplona\",\"@id\":\"https:\\\/\\\/www.laguiadepamplona.com\\\/actualidad\\\/#\\\/schema\\\/person\\\/efe887376f0213d4657c93adc50b1fdb\"},\"headline\":\"Txospi y Popi presentan el s\u00e1bado en doble sesi\u00f3n en el patio de Civivox Milagrosa su espect\u00e1culo infantil y familiar \u2018Travesuras de payasos\u2019\",\"datePublished\":\"2018-08-30T09:50:41+00:00\",\"dateModified\":\"2018-08-30T09:50:54+00:00\",\"mainEntityOfPage\":{\"@id\":\"https:\\\/\\\/www.laguiadepamplona.com\\\/actualidad\\\/txospi-y-popi-presentan-el-sabado-en-doble-sesion-en-el-patio-de-civivox-milagrosa-su-espectaculo-infantil-y-familiar-travesuras-de-payasos\\\/\"},\"wordCount\":350,\"commentCount\":0,\"publisher\":{\"@id\":\"https:\\\/\\\/www.laguiadepamplona.com\\\/actualidad\\\/#organization\"},\"image\":{\"@id\":\"https:\\\/\\\/www.laguiadepamplona.com\\\/actualidad\\\/txospi-y-popi-presentan-el-sabado-en-doble-sesion-en-el-patio-de-civivox-milagrosa-su-espectaculo-infantil-y-familiar-travesuras-de-payasos\\\/#primaryimage\"},\"thumbnailUrl\":\"https:\\\/\\\/www.laguiadepamplona.com\\\/actualidad\\\/wp-content\\\/uploads\\\/2016\\\/12\\\/civivox-milagrosa-900x598.jpg\",\"articleSection\":[\"Ayto Pamplona\"],\"inLanguage\":\"es\",\"potentialAction\":[{\"@type\":\"CommentAction\",\"name\":\"Comment\",\"target\":[\"https:\\\/\\\/www.laguiadepamplona.com\\\/actualidad\\\/txospi-y-popi-presentan-el-sabado-en-doble-sesion-en-el-patio-de-civivox-milagrosa-su-espectaculo-infantil-y-familiar-travesuras-de-payasos\\\/#respond\"]}]},{\"@type\":\"WebPage\",\"@id\":\"https:\\\/\\\/www.laguiadepamplona.com\\\/actualidad\\\/txospi-y-popi-presentan-el-sabado-en-doble-sesion-en-el-patio-de-civivox-milagrosa-su-espectaculo-infantil-y-familiar-travesuras-de-payasos\\\/\",\"url\":\"https:\\\/\\\/www.laguiadepamplona.com\\\/actualidad\\\/txospi-y-popi-presentan-el-sabado-en-doble-sesion-en-el-patio-de-civivox-milagrosa-su-espectaculo-infantil-y-familiar-travesuras-de-payasos\\\/\",\"name\":\"Txospi y Popi presentan el s\u00e1bado en doble sesi\u00f3n en el patio de Civivox Milagrosa su espect\u00e1culo infantil y familiar \u2018Travesuras de payasos\u2019\",\"isPartOf\":{\"@id\":\"https:\\\/\\\/www.laguiadepamplona.com\\\/actualidad\\\/#website\"},\"primaryImageOfPage\":{\"@id\":\"https:\\\/\\\/www.laguiadepamplona.com\\\/actualidad\\\/txospi-y-popi-presentan-el-sabado-en-doble-sesion-en-el-patio-de-civivox-milagrosa-su-espectaculo-infantil-y-familiar-travesuras-de-payasos\\\/#primaryimage\"},\"image\":{\"@id\":\"https:\\\/\\\/www.laguiadepamplona.com\\\/actualidad\\\/txospi-y-popi-presentan-el-sabado-en-doble-sesion-en-el-patio-de-civivox-milagrosa-su-espectaculo-infantil-y-familiar-travesuras-de-payasos\\\/#primaryimage\"},\"thumbnailUrl\":\"https:\\\/\\\/www.laguiadepamplona.com\\\/actualidad\\\/wp-content\\\/uploads\\\/2016\\\/12\\\/civivox-milagrosa-900x598.jpg\",\"datePublished\":\"2018-08-30T09:50:41+00:00\",\"dateModified\":\"2018-08-30T09:50:54+00:00\",\"breadcrumb\":{\"@id\":\"https:\\\/\\\/www.laguiadepamplona.com\\\/actualidad\\\/txospi-y-popi-presentan-el-sabado-en-doble-sesion-en-el-patio-de-civivox-milagrosa-su-espectaculo-infantil-y-familiar-travesuras-de-payasos\\\/#breadcrumb\"},\"inLanguage\":\"es\",\"potentialAction\":[{\"@type\":\"ReadAction\",\"target\":[\"https:\\\/\\\/www.laguiadepamplona.com\\\/actualidad\\\/txospi-y-popi-presentan-el-sabado-en-doble-sesion-en-el-patio-de-civivox-milagrosa-su-espectaculo-infantil-y-familiar-travesuras-de-payasos\\\/\"]}]},{\"@type\":\"ImageObject\",\"inLanguage\":\"es\",\"@id\":\"https:\\\/\\\/www.laguiadepamplona.com\\\/actualidad\\\/txospi-y-popi-presentan-el-sabado-en-doble-sesion-en-el-patio-de-civivox-milagrosa-su-espectaculo-infantil-y-familiar-travesuras-de-payasos\\\/#primaryimage\",\"url\":\"https:\\\/\\\/www.laguiadepamplona.com\\\/actualidad\\\/wp-content\\\/uploads\\\/2016\\\/12\\\/civivox-milagrosa-900x598.jpg\",\"contentUrl\":\"https:\\\/\\\/www.laguiadepamplona.com\\\/actualidad\\\/wp-content\\\/uploads\\\/2016\\\/12\\\/civivox-milagrosa-900x598.jpg\",\"width\":900,\"height\":598},{\"@type\":\"BreadcrumbList\",\"@id\":\"https:\\\/\\\/www.laguiadepamplona.com\\\/actualidad\\\/txospi-y-popi-presentan-el-sabado-en-doble-sesion-en-el-patio-de-civivox-milagrosa-su-espectaculo-infantil-y-familiar-travesuras-de-payasos\\\/#breadcrumb\",\"itemListElement\":[{\"@type\":\"ListItem\",\"position\":1,\"name\":\"Portada\",\"item\":\"https:\\\/\\\/www.laguiadepamplona.com\\\/actualidad\\\/\"},{\"@type\":\"ListItem\",\"position\":2,\"name\":\"Txospi y Popi presentan el s\u00e1bado en doble sesi\u00f3n en el patio de Civivox Milagrosa su espect\u00e1culo infantil y familiar \u2018Travesuras de payasos\u2019\"}]},{\"@type\":\"WebSite\",\"@id\":\"https:\\\/\\\/www.laguiadepamplona.com\\\/actualidad\\\/#website\",\"url\":\"https:\\\/\\\/www.laguiadepamplona.com\\\/actualidad\\\/\",\"name\":\"La gu\u00eda de Pamplona\",\"description\":\"Noticias de Pamplona\",\"publisher\":{\"@id\":\"https:\\\/\\\/www.laguiadepamplona.com\\\/actualidad\\\/#organization\"},\"potentialAction\":[{\"@type\":\"SearchAction\",\"target\":{\"@type\":\"EntryPoint\",\"urlTemplate\":\"https:\\\/\\\/www.laguiadepamplona.com\\\/actualidad\\\/?s={search_term_string}\"},\"query-input\":{\"@type\":\"PropertyValueSpecification\",\"valueRequired\":true,\"valueName\":\"search_term_string\"}}],\"inLanguage\":\"es\"},{\"@type\":\"Organization\",\"@id\":\"https:\\\/\\\/www.laguiadepamplona.com\\\/actualidad\\\/#organization\",\"name\":\"La Gu\u00eda de Pamplona \\\/ Noticias\",\"url\":\"https:\\\/\\\/www.laguiadepamplona.com\\\/actualidad\\\/\",\"logo\":{\"@type\":\"ImageObject\",\"inLanguage\":\"es\",\"@id\":\"https:\\\/\\\/www.laguiadepamplona.com\\\/actualidad\\\/#\\\/schema\\\/logo\\\/image\\\/\",\"url\":\"https:\\\/\\\/www.laguiadepamplona.com\\\/actualidad\\\/wp-content\\\/uploads\\\/2018\\\/11\\\/logo-laguiadepamplona18-web1.png\",\"contentUrl\":\"https:\\\/\\\/www.laguiadepamplona.com\\\/actualidad\\\/wp-content\\\/uploads\\\/2018\\\/11\\\/logo-laguiadepamplona18-web1.png\",\"width\":600,\"height\":196,\"caption\":\"La Gu\u00eda de Pamplona \\\/ Noticias\"},\"image\":{\"@id\":\"https:\\\/\\\/www.laguiadepamplona.com\\\/actualidad\\\/#\\\/schema\\\/logo\\\/image\\\/\"},\"sameAs\":[\"https:\\\/\\\/www.facebook.com\\\/laguiadepamplonacom-133175176762273\\\/?ref=hl\",\"https:\\\/\\\/x.com\\\/LaGuiadPamplona\",\"https:\\\/\\\/www.instagram.com\\\/la_guia_de_pamplona\\\/\",\"https:\\\/\\\/www.youtube.com\\\/user\\\/laguiadepamplona\"]},{\"@type\":\"Person\",\"@id\":\"https:\\\/\\\/www.laguiadepamplona.com\\\/actualidad\\\/#\\\/schema\\\/person\\\/efe887376f0213d4657c93adc50b1fdb\",\"name\":\"La Gu\u00eda de Pamplona\",\"image\":{\"@type\":\"ImageObject\",\"inLanguage\":\"es\",\"@id\":\"https:\\\/\\\/secure.gravatar.com\\\/avatar\\\/b6992f131dc8d30ab0dff15446e9d346d9dbd95992de0fef795073f5ea83a81c?s=96&d=mm&r=g\",\"url\":\"https:\\\/\\\/secure.gravatar.com\\\/avatar\\\/b6992f131dc8d30ab0dff15446e9d346d9dbd95992de0fef795073f5ea83a81c?s=96&d=mm&r=g\",\"contentUrl\":\"https:\\\/\\\/secure.gravatar.com\\\/avatar\\\/b6992f131dc8d30ab0dff15446e9d346d9dbd95992de0fef795073f5ea83a81c?s=96&d=mm&r=g\",\"caption\":\"La Gu\u00eda de Pamplona\"}}]}<\/script>\n<!-- \/ Yoast SEO plugin. -->","yoast_head_json":{"title":"Txospi y Popi presentan el s\u00e1bado en doble sesi\u00f3n en el patio de Civivox Milagrosa su espect\u00e1culo infantil y familiar \u2018Travesuras de payasos\u2019","robots":{"index":"index","follow":"follow","max-snippet":"max-snippet:-1","max-image-preview":"max-image-preview:large","max-video-preview":"max-video-preview:-1"},"canonical":"https:\/\/www.laguiadepamplona.com\/actualidad\/txospi-y-popi-presentan-el-sabado-en-doble-sesion-en-el-patio-de-civivox-milagrosa-su-espectaculo-infantil-y-familiar-travesuras-de-payasos\/","og_locale":"es_ES","og_type":"article","og_title":"Txospi y Popi presentan el s\u00e1bado en doble sesi\u00f3n en el patio de Civivox Milagrosa su espect\u00e1culo infantil y familiar \u2018Travesuras de payasos\u2019","og_description":"La sesi\u00f3n de las 12 horas se realizar\u00e1 en euskera y la de las 18.30 horas en castellano; ambas tienen la entrada libre","og_url":"https:\/\/www.laguiadepamplona.com\/actualidad\/txospi-y-popi-presentan-el-sabado-en-doble-sesion-en-el-patio-de-civivox-milagrosa-su-espectaculo-infantil-y-familiar-travesuras-de-payasos\/","og_site_name":"La Gu\u00eda de Pamplona Noticias y actualidad","article_publisher":"https:\/\/www.facebook.com\/laguiadepamplonacom-133175176762273\/?ref=hl","article_published_time":"2018-08-30T09:50:41+00:00","article_modified_time":"2018-08-30T09:50:54+00:00","og_image":[{"width":900,"height":598,"url":"https:\/\/www.laguiadepamplona.com\/actualidad\/wp-content\/uploads\/2016\/12\/civivox-milagrosa-900x598.jpg","type":"image\/jpeg"}],"author":"La Gu\u00eda de Pamplona","twitter_card":"summary_large_image","twitter_creator":"@LaGuiadPamplona","twitter_site":"@LaGuiadPamplona","twitter_misc":{"Escrito por":"La Gu\u00eda de Pamplona","Tiempo de lectura":"2 minutos"},"schema":{"@context":"https:\/\/schema.org","@graph":[{"@type":"Article","@id":"https:\/\/www.laguiadepamplona.com\/actualidad\/txospi-y-popi-presentan-el-sabado-en-doble-sesion-en-el-patio-de-civivox-milagrosa-su-espectaculo-infantil-y-familiar-travesuras-de-payasos\/#article","isPartOf":{"@id":"https:\/\/www.laguiadepamplona.com\/actualidad\/txospi-y-popi-presentan-el-sabado-en-doble-sesion-en-el-patio-de-civivox-milagrosa-su-espectaculo-infantil-y-familiar-travesuras-de-payasos\/"},"author":{"name":"La Gu\u00eda de Pamplona","@id":"https:\/\/www.laguiadepamplona.com\/actualidad\/#\/schema\/person\/efe887376f0213d4657c93adc50b1fdb"},"headline":"Txospi y Popi presentan el s\u00e1bado en doble sesi\u00f3n en el patio de Civivox Milagrosa su espect\u00e1culo infantil y familiar \u2018Travesuras de payasos\u2019","datePublished":"2018-08-30T09:50:41+00:00","dateModified":"2018-08-30T09:50:54+00:00","mainEntityOfPage":{"@id":"https:\/\/www.laguiadepamplona.com\/actualidad\/txospi-y-popi-presentan-el-sabado-en-doble-sesion-en-el-patio-de-civivox-milagrosa-su-espectaculo-infantil-y-familiar-travesuras-de-payasos\/"},"wordCount":350,"commentCount":0,"publisher":{"@id":"https:\/\/www.laguiadepamplona.com\/actualidad\/#organization"},"image":{"@id":"https:\/\/www.laguiadepamplona.com\/actualidad\/txospi-y-popi-presentan-el-sabado-en-doble-sesion-en-el-patio-de-civivox-milagrosa-su-espectaculo-infantil-y-familiar-travesuras-de-payasos\/#primaryimage"},"thumbnailUrl":"https:\/\/www.laguiadepamplona.com\/actualidad\/wp-content\/uploads\/2016\/12\/civivox-milagrosa-900x598.jpg","articleSection":["Ayto Pamplona"],"inLanguage":"es","potentialAction":[{"@type":"CommentAction","name":"Comment","target":["https:\/\/www.laguiadepamplona.com\/actualidad\/txospi-y-popi-presentan-el-sabado-en-doble-sesion-en-el-patio-de-civivox-milagrosa-su-espectaculo-infantil-y-familiar-travesuras-de-payasos\/#respond"]}]},{"@type":"WebPage","@id":"https:\/\/www.laguiadepamplona.com\/actualidad\/txospi-y-popi-presentan-el-sabado-en-doble-sesion-en-el-patio-de-civivox-milagrosa-su-espectaculo-infantil-y-familiar-travesuras-de-payasos\/","url":"https:\/\/www.laguiadepamplona.com\/actualidad\/txospi-y-popi-presentan-el-sabado-en-doble-sesion-en-el-patio-de-civivox-milagrosa-su-espectaculo-infantil-y-familiar-travesuras-de-payasos\/","name":"Txospi y Popi presentan el s\u00e1bado en doble sesi\u00f3n en el patio de Civivox Milagrosa su espect\u00e1culo infantil y familiar \u2018Travesuras de payasos\u2019","isPartOf":{"@id":"https:\/\/www.laguiadepamplona.com\/actualidad\/#website"},"primaryImageOfPage":{"@id":"https:\/\/www.laguiadepamplona.com\/actualidad\/txospi-y-popi-presentan-el-sabado-en-doble-sesion-en-el-patio-de-civivox-milagrosa-su-espectaculo-infantil-y-familiar-travesuras-de-payasos\/#primaryimage"},"image":{"@id":"https:\/\/www.laguiadepamplona.com\/actualidad\/txospi-y-popi-presentan-el-sabado-en-doble-sesion-en-el-patio-de-civivox-milagrosa-su-espectaculo-infantil-y-familiar-travesuras-de-payasos\/#primaryimage"},"thumbnailUrl":"https:\/\/www.laguiadepamplona.com\/actualidad\/wp-content\/uploads\/2016\/12\/civivox-milagrosa-900x598.jpg","datePublished":"2018-08-30T09:50:41+00:00","dateModified":"2018-08-30T09:50:54+00:00","breadcrumb":{"@id":"https:\/\/www.laguiadepamplona.com\/actualidad\/txospi-y-popi-presentan-el-sabado-en-doble-sesion-en-el-patio-de-civivox-milagrosa-su-espectaculo-infantil-y-familiar-travesuras-de-payasos\/#breadcrumb"},"inLanguage":"es","potentialAction":[{"@type":"ReadAction","target":["https:\/\/www.laguiadepamplona.com\/actualidad\/txospi-y-popi-presentan-el-sabado-en-doble-sesion-en-el-patio-de-civivox-milagrosa-su-espectaculo-infantil-y-familiar-travesuras-de-payasos\/"]}]},{"@type":"ImageObject","inLanguage":"es","@id":"https:\/\/www.laguiadepamplona.com\/actualidad\/txospi-y-popi-presentan-el-sabado-en-doble-sesion-en-el-patio-de-civivox-milagrosa-su-espectaculo-infantil-y-familiar-travesuras-de-payasos\/#primaryimage","url":"https:\/\/www.laguiadepamplona.com\/actualidad\/wp-content\/uploads\/2016\/12\/civivox-milagrosa-900x598.jpg","contentUrl":"https:\/\/www.laguiadepamplona.com\/actualidad\/wp-content\/uploads\/2016\/12\/civivox-milagrosa-900x598.jpg","width":900,"height":598},{"@type":"BreadcrumbList","@id":"https:\/\/www.laguiadepamplona.com\/actualidad\/txospi-y-popi-presentan-el-sabado-en-doble-sesion-en-el-patio-de-civivox-milagrosa-su-espectaculo-infantil-y-familiar-travesuras-de-payasos\/#breadcrumb","itemListElement":[{"@type":"ListItem","position":1,"name":"Portada","item":"https:\/\/www.laguiadepamplona.com\/actualidad\/"},{"@type":"ListItem","position":2,"name":"Txospi y Popi presentan el s\u00e1bado en doble sesi\u00f3n en el patio de Civivox Milagrosa su espect\u00e1culo infantil y familiar \u2018Travesuras de payasos\u2019"}]},{"@type":"WebSite","@id":"https:\/\/www.laguiadepamplona.com\/actualidad\/#website","url":"https:\/\/www.laguiadepamplona.com\/actualidad\/","name":"La gu\u00eda de Pamplona","description":"Noticias de Pamplona","publisher":{"@id":"https:\/\/www.laguiadepamplona.com\/actualidad\/#organization"},"potentialAction":[{"@type":"SearchAction","target":{"@type":"EntryPoint","urlTemplate":"https:\/\/www.laguiadepamplona.com\/actualidad\/?s={search_term_string}"},"query-input":{"@type":"PropertyValueSpecification","valueRequired":true,"valueName":"search_term_string"}}],"inLanguage":"es"},{"@type":"Organization","@id":"https:\/\/www.laguiadepamplona.com\/actualidad\/#organization","name":"La Gu\u00eda de Pamplona \/ Noticias","url":"https:\/\/www.laguiadepamplona.com\/actualidad\/","logo":{"@type":"ImageObject","inLanguage":"es","@id":"https:\/\/www.laguiadepamplona.com\/actualidad\/#\/schema\/logo\/image\/","url":"https:\/\/www.laguiadepamplona.com\/actualidad\/wp-content\/uploads\/2018\/11\/logo-laguiadepamplona18-web1.png","contentUrl":"https:\/\/www.laguiadepamplona.com\/actualidad\/wp-content\/uploads\/2018\/11\/logo-laguiadepamplona18-web1.png","width":600,"height":196,"caption":"La Gu\u00eda de Pamplona \/ Noticias"},"image":{"@id":"https:\/\/www.laguiadepamplona.com\/actualidad\/#\/schema\/logo\/image\/"},"sameAs":["https:\/\/www.facebook.com\/laguiadepamplonacom-133175176762273\/?ref=hl","https:\/\/x.com\/LaGuiadPamplona","https:\/\/www.instagram.com\/la_guia_de_pamplona\/","https:\/\/www.youtube.com\/user\/laguiadepamplona"]},{"@type":"Person","@id":"https:\/\/www.laguiadepamplona.com\/actualidad\/#\/schema\/person\/efe887376f0213d4657c93adc50b1fdb","name":"La Gu\u00eda de Pamplona","image":{"@type":"ImageObject","inLanguage":"es","@id":"https:\/\/secure.gravatar.com\/avatar\/b6992f131dc8d30ab0dff15446e9d346d9dbd95992de0fef795073f5ea83a81c?s=96&d=mm&r=g","url":"https:\/\/secure.gravatar.com\/avatar\/b6992f131dc8d30ab0dff15446e9d346d9dbd95992de0fef795073f5ea83a81c?s=96&d=mm&r=g","contentUrl":"https:\/\/secure.gravatar.com\/avatar\/b6992f131dc8d30ab0dff15446e9d346d9dbd95992de0fef795073f5ea83a81c?s=96&d=mm&r=g","caption":"La Gu\u00eda de Pamplona"}}]}},"post_mailing_queue_ids":[],"_links":{"self":[{"href":"https:\/\/www.laguiadepamplona.com\/actualidad\/wp-json\/wp\/v2\/posts\/18577","targetHints":{"allow":["GET"]}}],"collection":[{"href":"https:\/\/www.laguiadepamplona.com\/actualidad\/wp-json\/wp\/v2\/posts"}],"about":[{"href":"https:\/\/www.laguiadepamplona.com\/actualidad\/wp-json\/wp\/v2\/types\/post"}],"author":[{"embeddable":true,"href":"https:\/\/www.laguiadepamplona.com\/actualidad\/wp-json\/wp\/v2\/users\/1"}],"replies":[{"embeddable":true,"href":"https:\/\/www.laguiadepamplona.com\/actualidad\/wp-json\/wp\/v2\/comments?post=18577"}],"version-history":[{"count":0,"href":"https:\/\/www.laguiadepamplona.com\/actualidad\/wp-json\/wp\/v2\/posts\/18577\/revisions"}],"wp:featuredmedia":[{"embeddable":true,"href":"https:\/\/www.laguiadepamplona.com\/actualidad\/wp-json\/wp\/v2\/media\/11074"}],"wp:attachment":[{"href":"https:\/\/www.laguiadepamplona.com\/actualidad\/wp-json\/wp\/v2\/media?parent=18577"}],"wp:term":[{"taxonomy":"category","embeddable":true,"href":"https:\/\/www.laguiadepamplona.com\/actualidad\/wp-json\/wp\/v2\/categories?post=18577"},{"taxonomy":"post_tag","embeddable":true,"href":"https:\/\/www.laguiadepamplona.com\/actualidad\/wp-json\/wp\/v2\/tags?post=18577"}],"curies":[{"name":"wp","href":"https:\/\/api.w.org\/{rel}","templated":true}]}}