{"id":18572,"date":"2018-08-30T11:48:26","date_gmt":"2018-08-30T09:48:26","guid":{"rendered":"https:\/\/www.laguiadepamplona.es\/actualidad\/?p=18572"},"modified":"2018-08-30T11:48:26","modified_gmt":"2018-08-30T09:48:26","slug":"continuan-abiertas-las-inscripciones-para-las-visitas-guiadas-gratuitas-a-la-casa-consistorial-programadas-la-semana-que-viene-con-motivo-del-privilegio-de-la-union","status":"publish","type":"post","link":"https:\/\/www.laguiadepamplona.com\/actualidad\/continuan-abiertas-las-inscripciones-para-las-visitas-guiadas-gratuitas-a-la-casa-consistorial-programadas-la-semana-que-viene-con-motivo-del-privilegio-de-la-union\/","title":{"rendered":"Contin\u00faan abiertas las inscripciones para las visitas guiadas gratuitas a la Casa Consistorial programadas la semana que viene con motivo del Privilegio de la Uni\u00f3n"},"content":{"rendered":"<h3>Quedan plazas libres en una veintena de grupos para visitas los d\u00edas 3, 4, 5 y 9 de septiembre; inscripciones en el 010 y en www.pamplona.es<\/h3>\n<p><!--more--><\/p>\n<p>Las inscripciones para las visitas guiadas a la Casa Consistorial contin\u00faan abiertas. La semana que viene, coincidiendo con la celebraci\u00f3n del Privilegio de la Uni\u00f3n, el Ayuntamiento ha programado 25 visitas guiadas gratuitas, abiertas a todas aquellas personas que se inscriban. Las visitas tendr\u00e1n lugar en diferentes horarios, por la ma\u00f1ana y por la tarde, con oferta en castellano y en euskera, los d\u00edas 3, 4, 5 y 9 de septiembre. De las 750 plazas previstas ya se han cubierto m\u00e1s de un 50%.<\/p>\n<p><script async src=\"\/\/pagead2.googlesyndication.com\/pagead\/js\/adsbygoogle.js\"><\/script><br \/>\n<!-- Noticias La Guia de Pamplona --><br \/>\n<ins class=\"adsbygoogle\"\nstyle=\"display:block\"\ndata-ad-client=\"ca-pub-6943679897239327\"\ndata-ad-slot=\"7048180777\"\ndata-ad-format=\"auto\"><\/ins><br \/>\n<script>\n(adsbygoogle = window.adsbygoogle || []).push({});\n<\/script><\/p>\n<p>Las inscripciones se pueden realizar en el tel\u00e9fono 010 \u2013 948 420 100 y de forma <em>online<\/em> en <a href=\"http:\/\/www.pamplona.es\/\" target=\"_blank\" rel=\"noopener\">www.pamplona.es<\/a>. En la web municipal se ha habilitado un apartado en el que las personas que lo deseen pueden apuntarse introduciendo sus datos personales, un tel\u00e9fono de contacto y el horario elegido para la visita. Las plazas se otorgan por orden de inscripci\u00f3n. Los menores de 12 a\u00f1os no ocupan plaza y no es necesaria su inscripci\u00f3n, aunque deber\u00e1n acudir acompa\u00f1ados de una persona adulta.<\/p>\n<p>En concreto, se han completado ya los grupos de las 12 y las 19 horas del lunes 3 de septiembre, el de las 19 horas del martes 4 de septiembre y el de las 11.30 horas del domingo 9 de septiembre. La visita tiene una duraci\u00f3n de unos 30 minutos y recorre estancias como el zagu\u00e1n, las escaleras de acceso a la planta noble, el Sal\u00f3n de Recepciones, el Sal\u00f3n de Plenos o el balc\u00f3n desde el que se lanza el Chupinazo cada 6 de julio a mediod\u00eda.<\/p>\n<p>Quedan plazas, por tanto, para las visitas de las 13, 18, 18.30 (euskera) y 19.30 horas el lunes 3; para las 12 (euskera), 13, 18, 18.30 (euskera) y 19.30 horas el martes 4; para las 12, 13 (euskera), 18, 18.30 (euskera), 19 y 19.30 horas el mi\u00e9rcoles 5; y para las 12, 12.30 (euskera), 13, 18, 18.30 (euskera) y 19 horas.<\/p>\n<p>&nbsp;<\/p>\n<p><strong>Plazas libres. Visitas a la Casa Consistorial. Inscripci\u00f3n: en el 010 o www.pamplona.es<\/strong><\/p>\n<p><strong>LUNES 3 DE SEPTIEMBRE\u00a0<\/strong><\/p>\n<ul>\n<li>13:00<\/li>\n<li>18:00<\/li>\n<li>18:30 (euskera)<\/li>\n<li>19:30<\/li>\n<\/ul>\n<p>&nbsp;<\/p>\n<p><strong>MARTES 4 DE SEPTIEMBRE<\/strong><\/p>\n<ul>\n<li>12:00 (euskera)<\/li>\n<li>13:00<\/li>\n<li>18:00<\/li>\n<li>18:30 (euskera)<\/li>\n<li>19:30<\/li>\n<\/ul>\n<p>&nbsp;<\/p>\n<p><strong>MI\u00c9RCOLES 5 DE SEPTIEMBRE<\/strong><\/p>\n<ul>\n<li>12:00<\/li>\n<li>13:00 (euskera)<\/li>\n<li>18:00<\/li>\n<li>18:30 (euskera)<\/li>\n<li>19:00<\/li>\n<li>19:30<\/li>\n<\/ul>\n<p>&nbsp;<\/p>\n<p><strong>DOMINGO 9 DE SEPTIEMBRE<\/strong><\/p>\n<ul>\n<li>12:00<\/li>\n<li>12:30 (euskera)<\/li>\n<li>13:00<\/li>\n<li>18:00<\/li>\n<li>18:30 (euskera)<\/li>\n<li>19:00<\/li>\n<\/ul>\n<p>&nbsp;<\/p>\n","protected":false},"excerpt":{"rendered":"<p>Quedan plazas libres en una veintena de grupos para visitas los d\u00edas 3, 4, 5 y 9 de septiembre; inscripciones en el 010 y en www.pamplona.es<\/p>\n","protected":false},"author":1,"featured_media":17600,"comment_status":"open","ping_status":"closed","sticky":false,"template":"","format":"standard","meta":{"footnotes":""},"categories":[2],"tags":[],"class_list":["post-18572","post","type-post","status-publish","format-standard","has-post-thumbnail","hentry","category-ayuntamiento-pamplona"],"yoast_head":"<!-- This site is optimized with the Yoast SEO plugin v27.9 - https:\/\/yoast.com\/product\/yoast-seo-wordpress\/ -->\n<title>Contin\u00faan abiertas las inscripciones para las visitas guiadas gratuitas a la Casa Consistorial programadas la semana que viene con motivo del Privilegio de la Uni\u00f3n<\/title>\n<meta name=\"robots\" content=\"index, follow, max-snippet:-1, max-image-preview:large, max-video-preview:-1\" \/>\n<link rel=\"canonical\" href=\"https:\/\/www.laguiadepamplona.com\/actualidad\/continuan-abiertas-las-inscripciones-para-las-visitas-guiadas-gratuitas-a-la-casa-consistorial-programadas-la-semana-que-viene-con-motivo-del-privilegio-de-la-union\/\" \/>\n<meta property=\"og:locale\" content=\"es_ES\" \/>\n<meta property=\"og:type\" content=\"article\" \/>\n<meta property=\"og:title\" content=\"Contin\u00faan abiertas las inscripciones para las visitas guiadas gratuitas a la Casa Consistorial programadas la semana que viene con motivo del Privilegio de la Uni\u00f3n\" \/>\n<meta property=\"og:description\" content=\"Quedan plazas libres en una veintena de grupos para visitas los d\u00edas 3, 4, 5 y 9 de septiembre; inscripciones en el 010 y en www.pamplona.es\" \/>\n<meta property=\"og:url\" content=\"https:\/\/www.laguiadepamplona.com\/actualidad\/continuan-abiertas-las-inscripciones-para-las-visitas-guiadas-gratuitas-a-la-casa-consistorial-programadas-la-semana-que-viene-con-motivo-del-privilegio-de-la-union\/\" \/>\n<meta property=\"og:site_name\" content=\"La Gu\u00eda de Pamplona Noticias y actualidad\" \/>\n<meta property=\"article:publisher\" content=\"https:\/\/www.facebook.com\/laguiadepamplonacom-133175176762273\/?ref=hl\" \/>\n<meta property=\"article:published_time\" content=\"2018-08-30T09:48:26+00:00\" \/>\n<meta property=\"og:image\" content=\"https:\/\/www.laguiadepamplona.com\/actualidad\/wp-content\/uploads\/2018\/05\/ayto-pamplona-3.jpg\" \/>\n\t<meta property=\"og:image:width\" content=\"1000\" \/>\n\t<meta property=\"og:image:height\" content=\"555\" \/>\n\t<meta property=\"og:image:type\" content=\"image\/jpeg\" \/>\n<meta name=\"author\" content=\"La Gu\u00eda de Pamplona\" \/>\n<meta name=\"twitter:card\" content=\"summary_large_image\" \/>\n<meta name=\"twitter:creator\" content=\"@LaGuiadPamplona\" \/>\n<meta name=\"twitter:site\" content=\"@LaGuiadPamplona\" \/>\n<meta name=\"twitter:label1\" content=\"Escrito por\" \/>\n\t<meta name=\"twitter:data1\" content=\"La Gu\u00eda de Pamplona\" \/>\n\t<meta name=\"twitter:label2\" content=\"Tiempo de lectura\" \/>\n\t<meta name=\"twitter:data2\" content=\"2 minutos\" \/>\n<script type=\"application\/ld+json\" class=\"yoast-schema-graph\">{\"@context\":\"https:\\\/\\\/schema.org\",\"@graph\":[{\"@type\":\"Article\",\"@id\":\"https:\\\/\\\/www.laguiadepamplona.com\\\/actualidad\\\/continuan-abiertas-las-inscripciones-para-las-visitas-guiadas-gratuitas-a-la-casa-consistorial-programadas-la-semana-que-viene-con-motivo-del-privilegio-de-la-union\\\/#article\",\"isPartOf\":{\"@id\":\"https:\\\/\\\/www.laguiadepamplona.com\\\/actualidad\\\/continuan-abiertas-las-inscripciones-para-las-visitas-guiadas-gratuitas-a-la-casa-consistorial-programadas-la-semana-que-viene-con-motivo-del-privilegio-de-la-union\\\/\"},\"author\":{\"name\":\"La Gu\u00eda de Pamplona\",\"@id\":\"https:\\\/\\\/www.laguiadepamplona.com\\\/actualidad\\\/#\\\/schema\\\/person\\\/efe887376f0213d4657c93adc50b1fdb\"},\"headline\":\"Contin\u00faan abiertas las inscripciones para las visitas guiadas gratuitas a la Casa Consistorial programadas la semana que viene con motivo del Privilegio de la Uni\u00f3n\",\"datePublished\":\"2018-08-30T09:48:26+00:00\",\"mainEntityOfPage\":{\"@id\":\"https:\\\/\\\/www.laguiadepamplona.com\\\/actualidad\\\/continuan-abiertas-las-inscripciones-para-las-visitas-guiadas-gratuitas-a-la-casa-consistorial-programadas-la-semana-que-viene-con-motivo-del-privilegio-de-la-union\\\/\"},\"wordCount\":384,\"commentCount\":0,\"publisher\":{\"@id\":\"https:\\\/\\\/www.laguiadepamplona.com\\\/actualidad\\\/#organization\"},\"image\":{\"@id\":\"https:\\\/\\\/www.laguiadepamplona.com\\\/actualidad\\\/continuan-abiertas-las-inscripciones-para-las-visitas-guiadas-gratuitas-a-la-casa-consistorial-programadas-la-semana-que-viene-con-motivo-del-privilegio-de-la-union\\\/#primaryimage\"},\"thumbnailUrl\":\"https:\\\/\\\/www.laguiadepamplona.com\\\/actualidad\\\/wp-content\\\/uploads\\\/2018\\\/05\\\/ayto-pamplona-3.jpg\",\"articleSection\":[\"Ayto Pamplona\"],\"inLanguage\":\"es\",\"potentialAction\":[{\"@type\":\"CommentAction\",\"name\":\"Comment\",\"target\":[\"https:\\\/\\\/www.laguiadepamplona.com\\\/actualidad\\\/continuan-abiertas-las-inscripciones-para-las-visitas-guiadas-gratuitas-a-la-casa-consistorial-programadas-la-semana-que-viene-con-motivo-del-privilegio-de-la-union\\\/#respond\"]}]},{\"@type\":\"WebPage\",\"@id\":\"https:\\\/\\\/www.laguiadepamplona.com\\\/actualidad\\\/continuan-abiertas-las-inscripciones-para-las-visitas-guiadas-gratuitas-a-la-casa-consistorial-programadas-la-semana-que-viene-con-motivo-del-privilegio-de-la-union\\\/\",\"url\":\"https:\\\/\\\/www.laguiadepamplona.com\\\/actualidad\\\/continuan-abiertas-las-inscripciones-para-las-visitas-guiadas-gratuitas-a-la-casa-consistorial-programadas-la-semana-que-viene-con-motivo-del-privilegio-de-la-union\\\/\",\"name\":\"Contin\u00faan abiertas las inscripciones para las visitas guiadas gratuitas a la Casa Consistorial programadas la semana que viene con motivo del Privilegio de la Uni\u00f3n\",\"isPartOf\":{\"@id\":\"https:\\\/\\\/www.laguiadepamplona.com\\\/actualidad\\\/#website\"},\"primaryImageOfPage\":{\"@id\":\"https:\\\/\\\/www.laguiadepamplona.com\\\/actualidad\\\/continuan-abiertas-las-inscripciones-para-las-visitas-guiadas-gratuitas-a-la-casa-consistorial-programadas-la-semana-que-viene-con-motivo-del-privilegio-de-la-union\\\/#primaryimage\"},\"image\":{\"@id\":\"https:\\\/\\\/www.laguiadepamplona.com\\\/actualidad\\\/continuan-abiertas-las-inscripciones-para-las-visitas-guiadas-gratuitas-a-la-casa-consistorial-programadas-la-semana-que-viene-con-motivo-del-privilegio-de-la-union\\\/#primaryimage\"},\"thumbnailUrl\":\"https:\\\/\\\/www.laguiadepamplona.com\\\/actualidad\\\/wp-content\\\/uploads\\\/2018\\\/05\\\/ayto-pamplona-3.jpg\",\"datePublished\":\"2018-08-30T09:48:26+00:00\",\"breadcrumb\":{\"@id\":\"https:\\\/\\\/www.laguiadepamplona.com\\\/actualidad\\\/continuan-abiertas-las-inscripciones-para-las-visitas-guiadas-gratuitas-a-la-casa-consistorial-programadas-la-semana-que-viene-con-motivo-del-privilegio-de-la-union\\\/#breadcrumb\"},\"inLanguage\":\"es\",\"potentialAction\":[{\"@type\":\"ReadAction\",\"target\":[\"https:\\\/\\\/www.laguiadepamplona.com\\\/actualidad\\\/continuan-abiertas-las-inscripciones-para-las-visitas-guiadas-gratuitas-a-la-casa-consistorial-programadas-la-semana-que-viene-con-motivo-del-privilegio-de-la-union\\\/\"]}]},{\"@type\":\"ImageObject\",\"inLanguage\":\"es\",\"@id\":\"https:\\\/\\\/www.laguiadepamplona.com\\\/actualidad\\\/continuan-abiertas-las-inscripciones-para-las-visitas-guiadas-gratuitas-a-la-casa-consistorial-programadas-la-semana-que-viene-con-motivo-del-privilegio-de-la-union\\\/#primaryimage\",\"url\":\"https:\\\/\\\/www.laguiadepamplona.com\\\/actualidad\\\/wp-content\\\/uploads\\\/2018\\\/05\\\/ayto-pamplona-3.jpg\",\"contentUrl\":\"https:\\\/\\\/www.laguiadepamplona.com\\\/actualidad\\\/wp-content\\\/uploads\\\/2018\\\/05\\\/ayto-pamplona-3.jpg\",\"width\":1000,\"height\":555},{\"@type\":\"BreadcrumbList\",\"@id\":\"https:\\\/\\\/www.laguiadepamplona.com\\\/actualidad\\\/continuan-abiertas-las-inscripciones-para-las-visitas-guiadas-gratuitas-a-la-casa-consistorial-programadas-la-semana-que-viene-con-motivo-del-privilegio-de-la-union\\\/#breadcrumb\",\"itemListElement\":[{\"@type\":\"ListItem\",\"position\":1,\"name\":\"Portada\",\"item\":\"https:\\\/\\\/www.laguiadepamplona.com\\\/actualidad\\\/\"},{\"@type\":\"ListItem\",\"position\":2,\"name\":\"Contin\u00faan abiertas las inscripciones para las visitas guiadas gratuitas a la Casa Consistorial programadas la semana que viene con motivo del Privilegio de la Uni\u00f3n\"}]},{\"@type\":\"WebSite\",\"@id\":\"https:\\\/\\\/www.laguiadepamplona.com\\\/actualidad\\\/#website\",\"url\":\"https:\\\/\\\/www.laguiadepamplona.com\\\/actualidad\\\/\",\"name\":\"La gu\u00eda de Pamplona\",\"description\":\"Noticias de Pamplona\",\"publisher\":{\"@id\":\"https:\\\/\\\/www.laguiadepamplona.com\\\/actualidad\\\/#organization\"},\"potentialAction\":[{\"@type\":\"SearchAction\",\"target\":{\"@type\":\"EntryPoint\",\"urlTemplate\":\"https:\\\/\\\/www.laguiadepamplona.com\\\/actualidad\\\/?s={search_term_string}\"},\"query-input\":{\"@type\":\"PropertyValueSpecification\",\"valueRequired\":true,\"valueName\":\"search_term_string\"}}],\"inLanguage\":\"es\"},{\"@type\":\"Organization\",\"@id\":\"https:\\\/\\\/www.laguiadepamplona.com\\\/actualidad\\\/#organization\",\"name\":\"La Gu\u00eda de Pamplona \\\/ Noticias\",\"url\":\"https:\\\/\\\/www.laguiadepamplona.com\\\/actualidad\\\/\",\"logo\":{\"@type\":\"ImageObject\",\"inLanguage\":\"es\",\"@id\":\"https:\\\/\\\/www.laguiadepamplona.com\\\/actualidad\\\/#\\\/schema\\\/logo\\\/image\\\/\",\"url\":\"https:\\\/\\\/www.laguiadepamplona.com\\\/actualidad\\\/wp-content\\\/uploads\\\/2018\\\/11\\\/logo-laguiadepamplona18-web1.png\",\"contentUrl\":\"https:\\\/\\\/www.laguiadepamplona.com\\\/actualidad\\\/wp-content\\\/uploads\\\/2018\\\/11\\\/logo-laguiadepamplona18-web1.png\",\"width\":600,\"height\":196,\"caption\":\"La Gu\u00eda de Pamplona \\\/ Noticias\"},\"image\":{\"@id\":\"https:\\\/\\\/www.laguiadepamplona.com\\\/actualidad\\\/#\\\/schema\\\/logo\\\/image\\\/\"},\"sameAs\":[\"https:\\\/\\\/www.facebook.com\\\/laguiadepamplonacom-133175176762273\\\/?ref=hl\",\"https:\\\/\\\/x.com\\\/LaGuiadPamplona\",\"https:\\\/\\\/www.instagram.com\\\/la_guia_de_pamplona\\\/\",\"https:\\\/\\\/www.youtube.com\\\/user\\\/laguiadepamplona\"]},{\"@type\":\"Person\",\"@id\":\"https:\\\/\\\/www.laguiadepamplona.com\\\/actualidad\\\/#\\\/schema\\\/person\\\/efe887376f0213d4657c93adc50b1fdb\",\"name\":\"La Gu\u00eda de Pamplona\",\"image\":{\"@type\":\"ImageObject\",\"inLanguage\":\"es\",\"@id\":\"https:\\\/\\\/secure.gravatar.com\\\/avatar\\\/b6992f131dc8d30ab0dff15446e9d346d9dbd95992de0fef795073f5ea83a81c?s=96&d=mm&r=g\",\"url\":\"https:\\\/\\\/secure.gravatar.com\\\/avatar\\\/b6992f131dc8d30ab0dff15446e9d346d9dbd95992de0fef795073f5ea83a81c?s=96&d=mm&r=g\",\"contentUrl\":\"https:\\\/\\\/secure.gravatar.com\\\/avatar\\\/b6992f131dc8d30ab0dff15446e9d346d9dbd95992de0fef795073f5ea83a81c?s=96&d=mm&r=g\",\"caption\":\"La Gu\u00eda de Pamplona\"}}]}<\/script>\n<!-- \/ Yoast SEO plugin. -->","yoast_head_json":{"title":"Contin\u00faan abiertas las inscripciones para las visitas guiadas gratuitas a la Casa Consistorial programadas la semana que viene con motivo del Privilegio de la Uni\u00f3n","robots":{"index":"index","follow":"follow","max-snippet":"max-snippet:-1","max-image-preview":"max-image-preview:large","max-video-preview":"max-video-preview:-1"},"canonical":"https:\/\/www.laguiadepamplona.com\/actualidad\/continuan-abiertas-las-inscripciones-para-las-visitas-guiadas-gratuitas-a-la-casa-consistorial-programadas-la-semana-que-viene-con-motivo-del-privilegio-de-la-union\/","og_locale":"es_ES","og_type":"article","og_title":"Contin\u00faan abiertas las inscripciones para las visitas guiadas gratuitas a la Casa Consistorial programadas la semana que viene con motivo del Privilegio de la Uni\u00f3n","og_description":"Quedan plazas libres en una veintena de grupos para visitas los d\u00edas 3, 4, 5 y 9 de septiembre; inscripciones en el 010 y en www.pamplona.es","og_url":"https:\/\/www.laguiadepamplona.com\/actualidad\/continuan-abiertas-las-inscripciones-para-las-visitas-guiadas-gratuitas-a-la-casa-consistorial-programadas-la-semana-que-viene-con-motivo-del-privilegio-de-la-union\/","og_site_name":"La Gu\u00eda de Pamplona Noticias y actualidad","article_publisher":"https:\/\/www.facebook.com\/laguiadepamplonacom-133175176762273\/?ref=hl","article_published_time":"2018-08-30T09:48:26+00:00","og_image":[{"width":1000,"height":555,"url":"https:\/\/www.laguiadepamplona.com\/actualidad\/wp-content\/uploads\/2018\/05\/ayto-pamplona-3.jpg","type":"image\/jpeg"}],"author":"La Gu\u00eda de Pamplona","twitter_card":"summary_large_image","twitter_creator":"@LaGuiadPamplona","twitter_site":"@LaGuiadPamplona","twitter_misc":{"Escrito por":"La Gu\u00eda de Pamplona","Tiempo de lectura":"2 minutos"},"schema":{"@context":"https:\/\/schema.org","@graph":[{"@type":"Article","@id":"https:\/\/www.laguiadepamplona.com\/actualidad\/continuan-abiertas-las-inscripciones-para-las-visitas-guiadas-gratuitas-a-la-casa-consistorial-programadas-la-semana-que-viene-con-motivo-del-privilegio-de-la-union\/#article","isPartOf":{"@id":"https:\/\/www.laguiadepamplona.com\/actualidad\/continuan-abiertas-las-inscripciones-para-las-visitas-guiadas-gratuitas-a-la-casa-consistorial-programadas-la-semana-que-viene-con-motivo-del-privilegio-de-la-union\/"},"author":{"name":"La Gu\u00eda de Pamplona","@id":"https:\/\/www.laguiadepamplona.com\/actualidad\/#\/schema\/person\/efe887376f0213d4657c93adc50b1fdb"},"headline":"Contin\u00faan abiertas las inscripciones para las visitas guiadas gratuitas a la Casa Consistorial programadas la semana que viene con motivo del Privilegio de la Uni\u00f3n","datePublished":"2018-08-30T09:48:26+00:00","mainEntityOfPage":{"@id":"https:\/\/www.laguiadepamplona.com\/actualidad\/continuan-abiertas-las-inscripciones-para-las-visitas-guiadas-gratuitas-a-la-casa-consistorial-programadas-la-semana-que-viene-con-motivo-del-privilegio-de-la-union\/"},"wordCount":384,"commentCount":0,"publisher":{"@id":"https:\/\/www.laguiadepamplona.com\/actualidad\/#organization"},"image":{"@id":"https:\/\/www.laguiadepamplona.com\/actualidad\/continuan-abiertas-las-inscripciones-para-las-visitas-guiadas-gratuitas-a-la-casa-consistorial-programadas-la-semana-que-viene-con-motivo-del-privilegio-de-la-union\/#primaryimage"},"thumbnailUrl":"https:\/\/www.laguiadepamplona.com\/actualidad\/wp-content\/uploads\/2018\/05\/ayto-pamplona-3.jpg","articleSection":["Ayto Pamplona"],"inLanguage":"es","potentialAction":[{"@type":"CommentAction","name":"Comment","target":["https:\/\/www.laguiadepamplona.com\/actualidad\/continuan-abiertas-las-inscripciones-para-las-visitas-guiadas-gratuitas-a-la-casa-consistorial-programadas-la-semana-que-viene-con-motivo-del-privilegio-de-la-union\/#respond"]}]},{"@type":"WebPage","@id":"https:\/\/www.laguiadepamplona.com\/actualidad\/continuan-abiertas-las-inscripciones-para-las-visitas-guiadas-gratuitas-a-la-casa-consistorial-programadas-la-semana-que-viene-con-motivo-del-privilegio-de-la-union\/","url":"https:\/\/www.laguiadepamplona.com\/actualidad\/continuan-abiertas-las-inscripciones-para-las-visitas-guiadas-gratuitas-a-la-casa-consistorial-programadas-la-semana-que-viene-con-motivo-del-privilegio-de-la-union\/","name":"Contin\u00faan abiertas las inscripciones para las visitas guiadas gratuitas a la Casa Consistorial programadas la semana que viene con motivo del Privilegio de la Uni\u00f3n","isPartOf":{"@id":"https:\/\/www.laguiadepamplona.com\/actualidad\/#website"},"primaryImageOfPage":{"@id":"https:\/\/www.laguiadepamplona.com\/actualidad\/continuan-abiertas-las-inscripciones-para-las-visitas-guiadas-gratuitas-a-la-casa-consistorial-programadas-la-semana-que-viene-con-motivo-del-privilegio-de-la-union\/#primaryimage"},"image":{"@id":"https:\/\/www.laguiadepamplona.com\/actualidad\/continuan-abiertas-las-inscripciones-para-las-visitas-guiadas-gratuitas-a-la-casa-consistorial-programadas-la-semana-que-viene-con-motivo-del-privilegio-de-la-union\/#primaryimage"},"thumbnailUrl":"https:\/\/www.laguiadepamplona.com\/actualidad\/wp-content\/uploads\/2018\/05\/ayto-pamplona-3.jpg","datePublished":"2018-08-30T09:48:26+00:00","breadcrumb":{"@id":"https:\/\/www.laguiadepamplona.com\/actualidad\/continuan-abiertas-las-inscripciones-para-las-visitas-guiadas-gratuitas-a-la-casa-consistorial-programadas-la-semana-que-viene-con-motivo-del-privilegio-de-la-union\/#breadcrumb"},"inLanguage":"es","potentialAction":[{"@type":"ReadAction","target":["https:\/\/www.laguiadepamplona.com\/actualidad\/continuan-abiertas-las-inscripciones-para-las-visitas-guiadas-gratuitas-a-la-casa-consistorial-programadas-la-semana-que-viene-con-motivo-del-privilegio-de-la-union\/"]}]},{"@type":"ImageObject","inLanguage":"es","@id":"https:\/\/www.laguiadepamplona.com\/actualidad\/continuan-abiertas-las-inscripciones-para-las-visitas-guiadas-gratuitas-a-la-casa-consistorial-programadas-la-semana-que-viene-con-motivo-del-privilegio-de-la-union\/#primaryimage","url":"https:\/\/www.laguiadepamplona.com\/actualidad\/wp-content\/uploads\/2018\/05\/ayto-pamplona-3.jpg","contentUrl":"https:\/\/www.laguiadepamplona.com\/actualidad\/wp-content\/uploads\/2018\/05\/ayto-pamplona-3.jpg","width":1000,"height":555},{"@type":"BreadcrumbList","@id":"https:\/\/www.laguiadepamplona.com\/actualidad\/continuan-abiertas-las-inscripciones-para-las-visitas-guiadas-gratuitas-a-la-casa-consistorial-programadas-la-semana-que-viene-con-motivo-del-privilegio-de-la-union\/#breadcrumb","itemListElement":[{"@type":"ListItem","position":1,"name":"Portada","item":"https:\/\/www.laguiadepamplona.com\/actualidad\/"},{"@type":"ListItem","position":2,"name":"Contin\u00faan abiertas las inscripciones para las visitas guiadas gratuitas a la Casa Consistorial programadas la semana que viene con motivo del Privilegio de la Uni\u00f3n"}]},{"@type":"WebSite","@id":"https:\/\/www.laguiadepamplona.com\/actualidad\/#website","url":"https:\/\/www.laguiadepamplona.com\/actualidad\/","name":"La gu\u00eda de Pamplona","description":"Noticias de Pamplona","publisher":{"@id":"https:\/\/www.laguiadepamplona.com\/actualidad\/#organization"},"potentialAction":[{"@type":"SearchAction","target":{"@type":"EntryPoint","urlTemplate":"https:\/\/www.laguiadepamplona.com\/actualidad\/?s={search_term_string}"},"query-input":{"@type":"PropertyValueSpecification","valueRequired":true,"valueName":"search_term_string"}}],"inLanguage":"es"},{"@type":"Organization","@id":"https:\/\/www.laguiadepamplona.com\/actualidad\/#organization","name":"La Gu\u00eda de Pamplona \/ Noticias","url":"https:\/\/www.laguiadepamplona.com\/actualidad\/","logo":{"@type":"ImageObject","inLanguage":"es","@id":"https:\/\/www.laguiadepamplona.com\/actualidad\/#\/schema\/logo\/image\/","url":"https:\/\/www.laguiadepamplona.com\/actualidad\/wp-content\/uploads\/2018\/11\/logo-laguiadepamplona18-web1.png","contentUrl":"https:\/\/www.laguiadepamplona.com\/actualidad\/wp-content\/uploads\/2018\/11\/logo-laguiadepamplona18-web1.png","width":600,"height":196,"caption":"La Gu\u00eda de Pamplona \/ Noticias"},"image":{"@id":"https:\/\/www.laguiadepamplona.com\/actualidad\/#\/schema\/logo\/image\/"},"sameAs":["https:\/\/www.facebook.com\/laguiadepamplonacom-133175176762273\/?ref=hl","https:\/\/x.com\/LaGuiadPamplona","https:\/\/www.instagram.com\/la_guia_de_pamplona\/","https:\/\/www.youtube.com\/user\/laguiadepamplona"]},{"@type":"Person","@id":"https:\/\/www.laguiadepamplona.com\/actualidad\/#\/schema\/person\/efe887376f0213d4657c93adc50b1fdb","name":"La Gu\u00eda de Pamplona","image":{"@type":"ImageObject","inLanguage":"es","@id":"https:\/\/secure.gravatar.com\/avatar\/b6992f131dc8d30ab0dff15446e9d346d9dbd95992de0fef795073f5ea83a81c?s=96&d=mm&r=g","url":"https:\/\/secure.gravatar.com\/avatar\/b6992f131dc8d30ab0dff15446e9d346d9dbd95992de0fef795073f5ea83a81c?s=96&d=mm&r=g","contentUrl":"https:\/\/secure.gravatar.com\/avatar\/b6992f131dc8d30ab0dff15446e9d346d9dbd95992de0fef795073f5ea83a81c?s=96&d=mm&r=g","caption":"La Gu\u00eda de Pamplona"}}]}},"post_mailing_queue_ids":[],"_links":{"self":[{"href":"https:\/\/www.laguiadepamplona.com\/actualidad\/wp-json\/wp\/v2\/posts\/18572","targetHints":{"allow":["GET"]}}],"collection":[{"href":"https:\/\/www.laguiadepamplona.com\/actualidad\/wp-json\/wp\/v2\/posts"}],"about":[{"href":"https:\/\/www.laguiadepamplona.com\/actualidad\/wp-json\/wp\/v2\/types\/post"}],"author":[{"embeddable":true,"href":"https:\/\/www.laguiadepamplona.com\/actualidad\/wp-json\/wp\/v2\/users\/1"}],"replies":[{"embeddable":true,"href":"https:\/\/www.laguiadepamplona.com\/actualidad\/wp-json\/wp\/v2\/comments?post=18572"}],"version-history":[{"count":0,"href":"https:\/\/www.laguiadepamplona.com\/actualidad\/wp-json\/wp\/v2\/posts\/18572\/revisions"}],"wp:featuredmedia":[{"embeddable":true,"href":"https:\/\/www.laguiadepamplona.com\/actualidad\/wp-json\/wp\/v2\/media\/17600"}],"wp:attachment":[{"href":"https:\/\/www.laguiadepamplona.com\/actualidad\/wp-json\/wp\/v2\/media?parent=18572"}],"wp:term":[{"taxonomy":"category","embeddable":true,"href":"https:\/\/www.laguiadepamplona.com\/actualidad\/wp-json\/wp\/v2\/categories?post=18572"},{"taxonomy":"post_tag","embeddable":true,"href":"https:\/\/www.laguiadepamplona.com\/actualidad\/wp-json\/wp\/v2\/tags?post=18572"}],"curies":[{"name":"wp","href":"https:\/\/api.w.org\/{rel}","templated":true}]}}