{"id":18567,"date":"2018-08-30T11:46:16","date_gmt":"2018-08-30T09:46:16","guid":{"rendered":"https:\/\/www.laguiadepamplona.es\/actualidad\/?p=18567"},"modified":"2018-08-30T11:46:16","modified_gmt":"2018-08-30T09:46:16","slug":"diez-formaciones-de-estilos-como-punk-psicodelia-pop-o-rock-participan-este-sabado-en-el-ii-festival-pim-pam-ville-organizado-dentro-del-privilegio-de-la-union","status":"publish","type":"post","link":"https:\/\/www.laguiadepamplona.com\/actualidad\/diez-formaciones-de-estilos-como-punk-psicodelia-pop-o-rock-participan-este-sabado-en-el-ii-festival-pim-pam-ville-organizado-dentro-del-privilegio-de-la-union\/","title":{"rendered":"Diez formaciones de estilos como punk, psicodelia, pop o rock participan este s\u00e1bado en el II festival \u2018Pim Pam Ville\u2019 organizado dentro del Privilegio de la Uni\u00f3n"},"content":{"rendered":"<h3>Los conciertos se suceder\u00e1n en la plaza de los Burgos entre las 12 y las 14 horas y las 17.15 y las 24 horas con entrada gratuita<\/h3>\n<p><!--more--><\/p>\n<p><a href=\"https:\/\/www.laguiadepamplona.es\/actualidad\/wp-content\/uploads\/2018\/08\/18.08.30_cartel_pim_pam_ville_definitivo.jpg\"><img loading=\"lazy\" decoding=\"async\" class=\"alignleft size-medium wp-image-18568\" src=\"https:\/\/www.laguiadepamplona.es\/actualidad\/wp-content\/uploads\/2018\/08\/18.08.30_cartel_pim_pam_ville_definitivo-212x300.jpg\" alt=\"\" width=\"212\" height=\"300\" srcset=\"https:\/\/www.laguiadepamplona.com\/actualidad\/wp-content\/uploads\/2018\/08\/18.08.30_cartel_pim_pam_ville_definitivo-212x300.jpg 212w, https:\/\/www.laguiadepamplona.com\/actualidad\/wp-content\/uploads\/2018\/08\/18.08.30_cartel_pim_pam_ville_definitivo-768x1086.jpg 768w, https:\/\/www.laguiadepamplona.com\/actualidad\/wp-content\/uploads\/2018\/08\/18.08.30_cartel_pim_pam_ville_definitivo-724x1024.jpg 724w, https:\/\/www.laguiadepamplona.com\/actualidad\/wp-content\/uploads\/2018\/08\/18.08.30_cartel_pim_pam_ville_definitivo-640x905.jpg 640w, https:\/\/www.laguiadepamplona.com\/actualidad\/wp-content\/uploads\/2018\/08\/18.08.30_cartel_pim_pam_ville_definitivo.jpg 842w\" sizes=\"auto, (max-width: 212px) 100vw, 212px\" \/><\/a>Diez formaciones de estilos musicales como punk, psicodelia, pop o rock subir\u00e1n al escenario de la plaza de los Burgos el pr\u00f3ximo s\u00e1bado, 1 de septiembre, en la II edici\u00f3n del festival de m\u00fasica \u2018Pim Pam Ville\u2019 organizado por el Ayuntamiento de Pamplona dentro de los actos del programa del Privilegio de la Uni\u00f3n. Actuar\u00e1n<\/p>\n<p>Por la plaza de los Burgos pasar\u00e1n grupos locales e internacionales como los americanos Boytoy, Sonny and The Sunsets y Holy Wave, los japoneses Neat Beats, los holandeses The Anomalys o los canadienses The King Khan &amp; BBQ Show que cerrar\u00e1n las actuaciones y que sustituir\u00e1n a The Monsieurs, formaci\u00f3n que fue presentada inicialmente pero que no podr\u00e1 acudir por enfermedad de uno de sus componentes. El cartel lo completar\u00e1n C\u00e1psula, Joseba. B Lenoir, La Plata y Ju\u00e1rez. El festival comenzar\u00e1 por la ma\u00f1ana y en la sesi\u00f3n matinal actuar\u00e1n tres grupos a las 12, a las 13 y a las 14 horas. Por la tarde, los conciertos comenzar\u00e1n a las 17.15 horas y se suceder\u00e1n cada hora hasta las 24 horas cuando comenzar\u00e1 el \u00faltimo. Todas las actuaciones son gratuitas.<\/p>\n<p><strong>Tres conciertos al mediod\u00eda: a las 12, a las 13 y a las 14 horas<\/strong><\/p>\n<p>El grupo pamplon\u00e9s Ju\u00e1rez ser\u00e1 el encargado de abrir el \u2018Pim Pam Ville 2018\u2019 a las 12 horas tras haber publicado en junio de este a\u00f1o su tercer trabajo, \u201cBoreal\u201d, producido al igual que sus antecesores \u201cEscafandra\u201d y \u201cCal\u00e9ndula\u201d por Hans Kr\u00fcger. El programa del concierto recoge que, en este trabajo, Ju\u00e1rez ha ensanchado su sonido, a\u00f1adiendo un brillo californiano y cierto aire pop a su habitual mezcla de folk psicod\u00e9lico y rock, y ha contado con influencias tan dispares como The Feelies, Kevin Morby o Spacemen 3.<\/p>\n<p>La Plata subir\u00e1 al escenario de la plaza de los Burgos a las 13 horas. Esta banda de <em>synth pop<\/em> valenciana se form\u00f3 en octubre de 2016 con integrantes de Carmonas, Teletexto, Thee Vertigos, Acapvlco, Mental Signals y Poder Absoluto. Est\u00e1 compuesta por Diego Escriche, Miguel J. Carmona, Mar\u00eda Gea, Salvador Frasquet y Patricia Ferragud. El sonido de la banda se caracteriza por la influencia r\u00edtmica del pop Nueva Era y grupos como D\u00e9cima V\u00edctima o los primeros \u00e1lbumes de New Order, gravitando entre el post punk l\u00facido y el pop oscuro.<\/p>\n<p>La sesi\u00f3n matinal la cerrar\u00e1n, a partir de las 14 horas, los norteamericanos Sonny And The Sunsets, originarios de San Francisco. El escritor de teatro y novela Sonny Smith comenz\u00f3 a tocar la guitarra y a cantar pasada la treintena. Actuar\u00e1 junto a Sunsets, es decir, Germ\u00e1n Carrascosa (Los Bananas, La Otra Gloria y Orquesta del Caballo Ganador) y Jordi Irizar (La Estrella de David y Sedai\u00f3s).<\/p>\n<p><script async src=\"\/\/pagead2.googlesyndication.com\/pagead\/js\/adsbygoogle.js\"><\/script><br \/>\n<!-- Noticias La Guia de Pamplona --><br \/>\n<ins class=\"adsbygoogle\"\nstyle=\"display:block\"\ndata-ad-client=\"ca-pub-6943679897239327\"\ndata-ad-slot=\"7048180777\"\ndata-ad-format=\"auto\"><\/ins><br \/>\n<script>\n(adsbygoogle = window.adsbygoogle || []).push({});\n<\/script><\/p>\n<p><strong>Tarde que inicia Joseba Baleztena y contin\u00faa con tres bandas norteamericanas<\/strong><\/p>\n<p>El beratarra Joseba Baleztena ser\u00e1 el encargado de abrir el bloque de conciertos vespertino a las 17.15 horas. Joseba. B Lenoir inici\u00f3 su andadura en el rock and roll m\u00e1s duro acerc\u00e1ndose posteriormente a otro tipo de sonoridades para desarrollar un estilo propio experimentando con los <em>loops <\/em>y pedales de efectos sin abandonar la guitarra. Adem\u00e1s de ella, utiliza percusiones, bater\u00edas, mandolina, banjo y una larga lista de instrumentos.<\/p>\n<p>Desde Brooklyn llegar\u00e1 a partir de las 18.25 horas el tr\u00edo Boytoy. El estilo de esta banda americana es definido como de psicodelia estilo principios de siglo, con un car\u00e1cter outsider y desenfadado y toques retro. A las 19.35 horas le seguir\u00e1n en el escenario Holy Wave, que vienen tambi\u00e9n desde Estados Unidos, desde Austin, para seguir con la psicodelia. Respaldados por el sello Reverberation Appreciation Society, en el que publican los Black Angels y las formaciones del Austin Psych, suenan, seg\u00fan el programa, m\u00e1s expansivos que Night Beats sin llegar al grado de densidad sonora de los Black Angels. Y una hora despu\u00e9s, a las 20.40 horas, actuar\u00e1n Neat Beats, los reyes del <em>rhythm and beat nip\u00f3n<\/em> y considerados la mejor banda de <em>mersey beat<\/em> del mundo. Formados en 1997 en Osaka, llevan publicados ocho discos. Su gran capacidad como instrumentistas les permite ir del <em>beat<\/em> m\u00e1s contagioso al <em>twist and roll<\/em> m\u00e1s salvaje convirtiendo sus directos en una fiesta continua.<\/p>\n<p><strong>The King Khan &amp; BBQ Show sustituir\u00e1n a The Monsieurs<\/strong><\/p>\n<p>Ya en la recta final del festival, seguir\u00e1, a las 21.50 horas, llegar\u00e1 C\u00e1psula, grupo nacido en Argentina de la mano de Mart\u00edn Guevara y Coni Duchess y asentado en Bilbao. Llevan 11 discos publicados y miles de conciertos en Am\u00e9rica del Norte, Latinoam\u00e9rica y Europa. Presentar\u00e1 \u00abSanta Rosa\u00bb, su \u00faltimo disco de estudio que ha recibido buenas cr\u00edticas y ha estado en las listas de los 10 discos m\u00e1s elegidos por los DJ de radios en Francia.<\/p>\n<p>The Anomalys, un m\u00edtico tr\u00edo de <em>high-energy rock and roll-primitive-punkabilly<\/em> de \u00c1msterdam, subir\u00e1 al escenario a las 23.10 horas. Editaron su primer \u00e1lbum en 2010 y desde entonces no han parado de girar por Estados Unidos y Sudam\u00e9rica en festivales como SXSW, Burning Man o Funtastic Dr\u00e1cula Carnival. Seg\u00fan el programa, ostenta la reputaci\u00f3n de ser una de las bandas \u00abm\u00e1s salvajes de Europa\u00bb.<\/p>\n<p>Cerrar\u00e1 la II edici\u00f3n del festival \u2018Pim Pam Ville\u2019 el \u00faltimo grupo que ha entrado en el cartel, The King Khan &amp; BBQ Show, formado en Montreal en 2002 y que se mueve entre el <em>doo-wop<\/em>, el punk y el rock&#8217;n&#8217;roll. Subir\u00e1 al escenario a las 24 horas.<\/p>\n<p>&nbsp;<\/p>\n<p><strong>Festival \u2018Pim Pam Ville\u2019. S\u00e1bado 1 de septiembre. Plaza de los Burgos<\/strong><\/p>\n<ul>\n<li>12 horas. <strong>Ju\u00e1rez<\/strong> (Pamplona)<\/li>\n<li>13 horas. <strong>La Plata<\/strong> (Valencia)<\/li>\n<li>14 horas. <strong>Sonny And The Sunsets<\/strong> (Estados Unidos-Pamplona)<\/li>\n<li>15 horas. <strong>Joseba. B Lenoir<\/strong> (Navarra)<\/li>\n<li>25 horas. <strong>Boytoy<\/strong> (Estados Unidos)<\/li>\n<li>35 horas. <strong>Holy Wave<\/strong> (Estados Unidos)<\/li>\n<li>40 horas. <strong>Neat Beats<\/strong> (Jap\u00f3n)<\/li>\n<li>50 horas. <strong>C\u00e1psula<\/strong> (Bilbao)<\/li>\n<li>23:10 horas. <strong>The Anomalys<\/strong> (Holanda)<\/li>\n<li>24 horas. <strong>The King Khan &amp; BBQ Show<\/strong> (Canad\u00e1)<\/li>\n<\/ul>\n<p>&nbsp;<\/p>\n","protected":false},"excerpt":{"rendered":"<p>Los conciertos se suceder\u00e1n en la plaza de los Burgos entre las 12 y las 14 horas y las 17.15 y las 24 horas con entrada gratuita<\/p>\n","protected":false},"author":1,"featured_media":18568,"comment_status":"open","ping_status":"closed","sticky":false,"template":"","format":"standard","meta":{"footnotes":""},"categories":[2],"tags":[],"class_list":["post-18567","post","type-post","status-publish","format-standard","has-post-thumbnail","hentry","category-ayuntamiento-pamplona"],"yoast_head":"<!-- This site is optimized with the Yoast SEO plugin v27.9 - https:\/\/yoast.com\/product\/yoast-seo-wordpress\/ -->\n<title>Diez formaciones de estilos como punk, psicodelia, pop o rock participan este s\u00e1bado en el II festival \u2018Pim Pam Ville\u2019 organizado dentro del Privilegio de la Uni\u00f3n<\/title>\n<meta name=\"robots\" content=\"index, follow, max-snippet:-1, max-image-preview:large, max-video-preview:-1\" \/>\n<link rel=\"canonical\" href=\"https:\/\/www.laguiadepamplona.com\/actualidad\/diez-formaciones-de-estilos-como-punk-psicodelia-pop-o-rock-participan-este-sabado-en-el-ii-festival-pim-pam-ville-organizado-dentro-del-privilegio-de-la-union\/\" \/>\n<meta property=\"og:locale\" content=\"es_ES\" \/>\n<meta property=\"og:type\" content=\"article\" \/>\n<meta property=\"og:title\" content=\"Diez formaciones de estilos como punk, psicodelia, pop o rock participan este s\u00e1bado en el II festival \u2018Pim Pam Ville\u2019 organizado dentro del Privilegio de la Uni\u00f3n\" \/>\n<meta property=\"og:description\" content=\"Los conciertos se suceder\u00e1n en la plaza de los Burgos entre las 12 y las 14 horas y las 17.15 y las 24 horas con entrada gratuita\" \/>\n<meta property=\"og:url\" content=\"https:\/\/www.laguiadepamplona.com\/actualidad\/diez-formaciones-de-estilos-como-punk-psicodelia-pop-o-rock-participan-este-sabado-en-el-ii-festival-pim-pam-ville-organizado-dentro-del-privilegio-de-la-union\/\" \/>\n<meta property=\"og:site_name\" content=\"La Gu\u00eda de Pamplona Noticias y actualidad\" \/>\n<meta property=\"article:publisher\" content=\"https:\/\/www.facebook.com\/laguiadepamplonacom-133175176762273\/?ref=hl\" \/>\n<meta property=\"article:published_time\" content=\"2018-08-30T09:46:16+00:00\" \/>\n<meta property=\"og:image\" content=\"https:\/\/www.laguiadepamplona.com\/actualidad\/wp-content\/uploads\/2018\/08\/18.08.30_cartel_pim_pam_ville_definitivo.jpg\" \/>\n\t<meta property=\"og:image:width\" content=\"842\" \/>\n\t<meta property=\"og:image:height\" content=\"1191\" \/>\n\t<meta property=\"og:image:type\" content=\"image\/jpeg\" \/>\n<meta name=\"author\" content=\"La Gu\u00eda de Pamplona\" \/>\n<meta name=\"twitter:card\" content=\"summary_large_image\" \/>\n<meta name=\"twitter:creator\" content=\"@LaGuiadPamplona\" \/>\n<meta name=\"twitter:site\" content=\"@LaGuiadPamplona\" \/>\n<meta name=\"twitter:label1\" content=\"Escrito por\" \/>\n\t<meta name=\"twitter:data1\" content=\"La Gu\u00eda de Pamplona\" \/>\n\t<meta name=\"twitter:label2\" content=\"Tiempo de lectura\" \/>\n\t<meta name=\"twitter:data2\" content=\"5 minutos\" \/>\n<script type=\"application\/ld+json\" class=\"yoast-schema-graph\">{\"@context\":\"https:\\\/\\\/schema.org\",\"@graph\":[{\"@type\":\"Article\",\"@id\":\"https:\\\/\\\/www.laguiadepamplona.com\\\/actualidad\\\/diez-formaciones-de-estilos-como-punk-psicodelia-pop-o-rock-participan-este-sabado-en-el-ii-festival-pim-pam-ville-organizado-dentro-del-privilegio-de-la-union\\\/#article\",\"isPartOf\":{\"@id\":\"https:\\\/\\\/www.laguiadepamplona.com\\\/actualidad\\\/diez-formaciones-de-estilos-como-punk-psicodelia-pop-o-rock-participan-este-sabado-en-el-ii-festival-pim-pam-ville-organizado-dentro-del-privilegio-de-la-union\\\/\"},\"author\":{\"name\":\"La Gu\u00eda de Pamplona\",\"@id\":\"https:\\\/\\\/www.laguiadepamplona.com\\\/actualidad\\\/#\\\/schema\\\/person\\\/efe887376f0213d4657c93adc50b1fdb\"},\"headline\":\"Diez formaciones de estilos como punk, psicodelia, pop o rock participan este s\u00e1bado en el II festival \u2018Pim Pam Ville\u2019 organizado dentro del Privilegio de la Uni\u00f3n\",\"datePublished\":\"2018-08-30T09:46:16+00:00\",\"mainEntityOfPage\":{\"@id\":\"https:\\\/\\\/www.laguiadepamplona.com\\\/actualidad\\\/diez-formaciones-de-estilos-como-punk-psicodelia-pop-o-rock-participan-este-sabado-en-el-ii-festival-pim-pam-ville-organizado-dentro-del-privilegio-de-la-union\\\/\"},\"wordCount\":1050,\"commentCount\":0,\"publisher\":{\"@id\":\"https:\\\/\\\/www.laguiadepamplona.com\\\/actualidad\\\/#organization\"},\"image\":{\"@id\":\"https:\\\/\\\/www.laguiadepamplona.com\\\/actualidad\\\/diez-formaciones-de-estilos-como-punk-psicodelia-pop-o-rock-participan-este-sabado-en-el-ii-festival-pim-pam-ville-organizado-dentro-del-privilegio-de-la-union\\\/#primaryimage\"},\"thumbnailUrl\":\"https:\\\/\\\/www.laguiadepamplona.com\\\/actualidad\\\/wp-content\\\/uploads\\\/2018\\\/08\\\/18.08.30_cartel_pim_pam_ville_definitivo.jpg\",\"articleSection\":[\"Ayto Pamplona\"],\"inLanguage\":\"es\",\"potentialAction\":[{\"@type\":\"CommentAction\",\"name\":\"Comment\",\"target\":[\"https:\\\/\\\/www.laguiadepamplona.com\\\/actualidad\\\/diez-formaciones-de-estilos-como-punk-psicodelia-pop-o-rock-participan-este-sabado-en-el-ii-festival-pim-pam-ville-organizado-dentro-del-privilegio-de-la-union\\\/#respond\"]}]},{\"@type\":\"WebPage\",\"@id\":\"https:\\\/\\\/www.laguiadepamplona.com\\\/actualidad\\\/diez-formaciones-de-estilos-como-punk-psicodelia-pop-o-rock-participan-este-sabado-en-el-ii-festival-pim-pam-ville-organizado-dentro-del-privilegio-de-la-union\\\/\",\"url\":\"https:\\\/\\\/www.laguiadepamplona.com\\\/actualidad\\\/diez-formaciones-de-estilos-como-punk-psicodelia-pop-o-rock-participan-este-sabado-en-el-ii-festival-pim-pam-ville-organizado-dentro-del-privilegio-de-la-union\\\/\",\"name\":\"Diez formaciones de estilos como punk, psicodelia, pop o rock participan este s\u00e1bado en el II festival \u2018Pim Pam Ville\u2019 organizado dentro del Privilegio de la Uni\u00f3n\",\"isPartOf\":{\"@id\":\"https:\\\/\\\/www.laguiadepamplona.com\\\/actualidad\\\/#website\"},\"primaryImageOfPage\":{\"@id\":\"https:\\\/\\\/www.laguiadepamplona.com\\\/actualidad\\\/diez-formaciones-de-estilos-como-punk-psicodelia-pop-o-rock-participan-este-sabado-en-el-ii-festival-pim-pam-ville-organizado-dentro-del-privilegio-de-la-union\\\/#primaryimage\"},\"image\":{\"@id\":\"https:\\\/\\\/www.laguiadepamplona.com\\\/actualidad\\\/diez-formaciones-de-estilos-como-punk-psicodelia-pop-o-rock-participan-este-sabado-en-el-ii-festival-pim-pam-ville-organizado-dentro-del-privilegio-de-la-union\\\/#primaryimage\"},\"thumbnailUrl\":\"https:\\\/\\\/www.laguiadepamplona.com\\\/actualidad\\\/wp-content\\\/uploads\\\/2018\\\/08\\\/18.08.30_cartel_pim_pam_ville_definitivo.jpg\",\"datePublished\":\"2018-08-30T09:46:16+00:00\",\"breadcrumb\":{\"@id\":\"https:\\\/\\\/www.laguiadepamplona.com\\\/actualidad\\\/diez-formaciones-de-estilos-como-punk-psicodelia-pop-o-rock-participan-este-sabado-en-el-ii-festival-pim-pam-ville-organizado-dentro-del-privilegio-de-la-union\\\/#breadcrumb\"},\"inLanguage\":\"es\",\"potentialAction\":[{\"@type\":\"ReadAction\",\"target\":[\"https:\\\/\\\/www.laguiadepamplona.com\\\/actualidad\\\/diez-formaciones-de-estilos-como-punk-psicodelia-pop-o-rock-participan-este-sabado-en-el-ii-festival-pim-pam-ville-organizado-dentro-del-privilegio-de-la-union\\\/\"]}]},{\"@type\":\"ImageObject\",\"inLanguage\":\"es\",\"@id\":\"https:\\\/\\\/www.laguiadepamplona.com\\\/actualidad\\\/diez-formaciones-de-estilos-como-punk-psicodelia-pop-o-rock-participan-este-sabado-en-el-ii-festival-pim-pam-ville-organizado-dentro-del-privilegio-de-la-union\\\/#primaryimage\",\"url\":\"https:\\\/\\\/www.laguiadepamplona.com\\\/actualidad\\\/wp-content\\\/uploads\\\/2018\\\/08\\\/18.08.30_cartel_pim_pam_ville_definitivo.jpg\",\"contentUrl\":\"https:\\\/\\\/www.laguiadepamplona.com\\\/actualidad\\\/wp-content\\\/uploads\\\/2018\\\/08\\\/18.08.30_cartel_pim_pam_ville_definitivo.jpg\",\"width\":842,\"height\":1191},{\"@type\":\"BreadcrumbList\",\"@id\":\"https:\\\/\\\/www.laguiadepamplona.com\\\/actualidad\\\/diez-formaciones-de-estilos-como-punk-psicodelia-pop-o-rock-participan-este-sabado-en-el-ii-festival-pim-pam-ville-organizado-dentro-del-privilegio-de-la-union\\\/#breadcrumb\",\"itemListElement\":[{\"@type\":\"ListItem\",\"position\":1,\"name\":\"Portada\",\"item\":\"https:\\\/\\\/www.laguiadepamplona.com\\\/actualidad\\\/\"},{\"@type\":\"ListItem\",\"position\":2,\"name\":\"Diez formaciones de estilos como punk, psicodelia, pop o rock participan este s\u00e1bado en el II festival \u2018Pim Pam Ville\u2019 organizado dentro del Privilegio de la Uni\u00f3n\"}]},{\"@type\":\"WebSite\",\"@id\":\"https:\\\/\\\/www.laguiadepamplona.com\\\/actualidad\\\/#website\",\"url\":\"https:\\\/\\\/www.laguiadepamplona.com\\\/actualidad\\\/\",\"name\":\"La gu\u00eda de Pamplona\",\"description\":\"Noticias de Pamplona\",\"publisher\":{\"@id\":\"https:\\\/\\\/www.laguiadepamplona.com\\\/actualidad\\\/#organization\"},\"potentialAction\":[{\"@type\":\"SearchAction\",\"target\":{\"@type\":\"EntryPoint\",\"urlTemplate\":\"https:\\\/\\\/www.laguiadepamplona.com\\\/actualidad\\\/?s={search_term_string}\"},\"query-input\":{\"@type\":\"PropertyValueSpecification\",\"valueRequired\":true,\"valueName\":\"search_term_string\"}}],\"inLanguage\":\"es\"},{\"@type\":\"Organization\",\"@id\":\"https:\\\/\\\/www.laguiadepamplona.com\\\/actualidad\\\/#organization\",\"name\":\"La Gu\u00eda de Pamplona \\\/ Noticias\",\"url\":\"https:\\\/\\\/www.laguiadepamplona.com\\\/actualidad\\\/\",\"logo\":{\"@type\":\"ImageObject\",\"inLanguage\":\"es\",\"@id\":\"https:\\\/\\\/www.laguiadepamplona.com\\\/actualidad\\\/#\\\/schema\\\/logo\\\/image\\\/\",\"url\":\"https:\\\/\\\/www.laguiadepamplona.com\\\/actualidad\\\/wp-content\\\/uploads\\\/2018\\\/11\\\/logo-laguiadepamplona18-web1.png\",\"contentUrl\":\"https:\\\/\\\/www.laguiadepamplona.com\\\/actualidad\\\/wp-content\\\/uploads\\\/2018\\\/11\\\/logo-laguiadepamplona18-web1.png\",\"width\":600,\"height\":196,\"caption\":\"La Gu\u00eda de Pamplona \\\/ Noticias\"},\"image\":{\"@id\":\"https:\\\/\\\/www.laguiadepamplona.com\\\/actualidad\\\/#\\\/schema\\\/logo\\\/image\\\/\"},\"sameAs\":[\"https:\\\/\\\/www.facebook.com\\\/laguiadepamplonacom-133175176762273\\\/?ref=hl\",\"https:\\\/\\\/x.com\\\/LaGuiadPamplona\",\"https:\\\/\\\/www.instagram.com\\\/la_guia_de_pamplona\\\/\",\"https:\\\/\\\/www.youtube.com\\\/user\\\/laguiadepamplona\"]},{\"@type\":\"Person\",\"@id\":\"https:\\\/\\\/www.laguiadepamplona.com\\\/actualidad\\\/#\\\/schema\\\/person\\\/efe887376f0213d4657c93adc50b1fdb\",\"name\":\"La Gu\u00eda de Pamplona\",\"image\":{\"@type\":\"ImageObject\",\"inLanguage\":\"es\",\"@id\":\"https:\\\/\\\/secure.gravatar.com\\\/avatar\\\/b6992f131dc8d30ab0dff15446e9d346d9dbd95992de0fef795073f5ea83a81c?s=96&d=mm&r=g\",\"url\":\"https:\\\/\\\/secure.gravatar.com\\\/avatar\\\/b6992f131dc8d30ab0dff15446e9d346d9dbd95992de0fef795073f5ea83a81c?s=96&d=mm&r=g\",\"contentUrl\":\"https:\\\/\\\/secure.gravatar.com\\\/avatar\\\/b6992f131dc8d30ab0dff15446e9d346d9dbd95992de0fef795073f5ea83a81c?s=96&d=mm&r=g\",\"caption\":\"La Gu\u00eda de Pamplona\"}}]}<\/script>\n<!-- \/ Yoast SEO plugin. -->","yoast_head_json":{"title":"Diez formaciones de estilos como punk, psicodelia, pop o rock participan este s\u00e1bado en el II festival \u2018Pim Pam Ville\u2019 organizado dentro del Privilegio de la Uni\u00f3n","robots":{"index":"index","follow":"follow","max-snippet":"max-snippet:-1","max-image-preview":"max-image-preview:large","max-video-preview":"max-video-preview:-1"},"canonical":"https:\/\/www.laguiadepamplona.com\/actualidad\/diez-formaciones-de-estilos-como-punk-psicodelia-pop-o-rock-participan-este-sabado-en-el-ii-festival-pim-pam-ville-organizado-dentro-del-privilegio-de-la-union\/","og_locale":"es_ES","og_type":"article","og_title":"Diez formaciones de estilos como punk, psicodelia, pop o rock participan este s\u00e1bado en el II festival \u2018Pim Pam Ville\u2019 organizado dentro del Privilegio de la Uni\u00f3n","og_description":"Los conciertos se suceder\u00e1n en la plaza de los Burgos entre las 12 y las 14 horas y las 17.15 y las 24 horas con entrada gratuita","og_url":"https:\/\/www.laguiadepamplona.com\/actualidad\/diez-formaciones-de-estilos-como-punk-psicodelia-pop-o-rock-participan-este-sabado-en-el-ii-festival-pim-pam-ville-organizado-dentro-del-privilegio-de-la-union\/","og_site_name":"La Gu\u00eda de Pamplona Noticias y actualidad","article_publisher":"https:\/\/www.facebook.com\/laguiadepamplonacom-133175176762273\/?ref=hl","article_published_time":"2018-08-30T09:46:16+00:00","og_image":[{"width":842,"height":1191,"url":"https:\/\/www.laguiadepamplona.com\/actualidad\/wp-content\/uploads\/2018\/08\/18.08.30_cartel_pim_pam_ville_definitivo.jpg","type":"image\/jpeg"}],"author":"La Gu\u00eda de Pamplona","twitter_card":"summary_large_image","twitter_creator":"@LaGuiadPamplona","twitter_site":"@LaGuiadPamplona","twitter_misc":{"Escrito por":"La Gu\u00eda de Pamplona","Tiempo de lectura":"5 minutos"},"schema":{"@context":"https:\/\/schema.org","@graph":[{"@type":"Article","@id":"https:\/\/www.laguiadepamplona.com\/actualidad\/diez-formaciones-de-estilos-como-punk-psicodelia-pop-o-rock-participan-este-sabado-en-el-ii-festival-pim-pam-ville-organizado-dentro-del-privilegio-de-la-union\/#article","isPartOf":{"@id":"https:\/\/www.laguiadepamplona.com\/actualidad\/diez-formaciones-de-estilos-como-punk-psicodelia-pop-o-rock-participan-este-sabado-en-el-ii-festival-pim-pam-ville-organizado-dentro-del-privilegio-de-la-union\/"},"author":{"name":"La Gu\u00eda de Pamplona","@id":"https:\/\/www.laguiadepamplona.com\/actualidad\/#\/schema\/person\/efe887376f0213d4657c93adc50b1fdb"},"headline":"Diez formaciones de estilos como punk, psicodelia, pop o rock participan este s\u00e1bado en el II festival \u2018Pim Pam Ville\u2019 organizado dentro del Privilegio de la Uni\u00f3n","datePublished":"2018-08-30T09:46:16+00:00","mainEntityOfPage":{"@id":"https:\/\/www.laguiadepamplona.com\/actualidad\/diez-formaciones-de-estilos-como-punk-psicodelia-pop-o-rock-participan-este-sabado-en-el-ii-festival-pim-pam-ville-organizado-dentro-del-privilegio-de-la-union\/"},"wordCount":1050,"commentCount":0,"publisher":{"@id":"https:\/\/www.laguiadepamplona.com\/actualidad\/#organization"},"image":{"@id":"https:\/\/www.laguiadepamplona.com\/actualidad\/diez-formaciones-de-estilos-como-punk-psicodelia-pop-o-rock-participan-este-sabado-en-el-ii-festival-pim-pam-ville-organizado-dentro-del-privilegio-de-la-union\/#primaryimage"},"thumbnailUrl":"https:\/\/www.laguiadepamplona.com\/actualidad\/wp-content\/uploads\/2018\/08\/18.08.30_cartel_pim_pam_ville_definitivo.jpg","articleSection":["Ayto Pamplona"],"inLanguage":"es","potentialAction":[{"@type":"CommentAction","name":"Comment","target":["https:\/\/www.laguiadepamplona.com\/actualidad\/diez-formaciones-de-estilos-como-punk-psicodelia-pop-o-rock-participan-este-sabado-en-el-ii-festival-pim-pam-ville-organizado-dentro-del-privilegio-de-la-union\/#respond"]}]},{"@type":"WebPage","@id":"https:\/\/www.laguiadepamplona.com\/actualidad\/diez-formaciones-de-estilos-como-punk-psicodelia-pop-o-rock-participan-este-sabado-en-el-ii-festival-pim-pam-ville-organizado-dentro-del-privilegio-de-la-union\/","url":"https:\/\/www.laguiadepamplona.com\/actualidad\/diez-formaciones-de-estilos-como-punk-psicodelia-pop-o-rock-participan-este-sabado-en-el-ii-festival-pim-pam-ville-organizado-dentro-del-privilegio-de-la-union\/","name":"Diez formaciones de estilos como punk, psicodelia, pop o rock participan este s\u00e1bado en el II festival \u2018Pim Pam Ville\u2019 organizado dentro del Privilegio de la Uni\u00f3n","isPartOf":{"@id":"https:\/\/www.laguiadepamplona.com\/actualidad\/#website"},"primaryImageOfPage":{"@id":"https:\/\/www.laguiadepamplona.com\/actualidad\/diez-formaciones-de-estilos-como-punk-psicodelia-pop-o-rock-participan-este-sabado-en-el-ii-festival-pim-pam-ville-organizado-dentro-del-privilegio-de-la-union\/#primaryimage"},"image":{"@id":"https:\/\/www.laguiadepamplona.com\/actualidad\/diez-formaciones-de-estilos-como-punk-psicodelia-pop-o-rock-participan-este-sabado-en-el-ii-festival-pim-pam-ville-organizado-dentro-del-privilegio-de-la-union\/#primaryimage"},"thumbnailUrl":"https:\/\/www.laguiadepamplona.com\/actualidad\/wp-content\/uploads\/2018\/08\/18.08.30_cartel_pim_pam_ville_definitivo.jpg","datePublished":"2018-08-30T09:46:16+00:00","breadcrumb":{"@id":"https:\/\/www.laguiadepamplona.com\/actualidad\/diez-formaciones-de-estilos-como-punk-psicodelia-pop-o-rock-participan-este-sabado-en-el-ii-festival-pim-pam-ville-organizado-dentro-del-privilegio-de-la-union\/#breadcrumb"},"inLanguage":"es","potentialAction":[{"@type":"ReadAction","target":["https:\/\/www.laguiadepamplona.com\/actualidad\/diez-formaciones-de-estilos-como-punk-psicodelia-pop-o-rock-participan-este-sabado-en-el-ii-festival-pim-pam-ville-organizado-dentro-del-privilegio-de-la-union\/"]}]},{"@type":"ImageObject","inLanguage":"es","@id":"https:\/\/www.laguiadepamplona.com\/actualidad\/diez-formaciones-de-estilos-como-punk-psicodelia-pop-o-rock-participan-este-sabado-en-el-ii-festival-pim-pam-ville-organizado-dentro-del-privilegio-de-la-union\/#primaryimage","url":"https:\/\/www.laguiadepamplona.com\/actualidad\/wp-content\/uploads\/2018\/08\/18.08.30_cartel_pim_pam_ville_definitivo.jpg","contentUrl":"https:\/\/www.laguiadepamplona.com\/actualidad\/wp-content\/uploads\/2018\/08\/18.08.30_cartel_pim_pam_ville_definitivo.jpg","width":842,"height":1191},{"@type":"BreadcrumbList","@id":"https:\/\/www.laguiadepamplona.com\/actualidad\/diez-formaciones-de-estilos-como-punk-psicodelia-pop-o-rock-participan-este-sabado-en-el-ii-festival-pim-pam-ville-organizado-dentro-del-privilegio-de-la-union\/#breadcrumb","itemListElement":[{"@type":"ListItem","position":1,"name":"Portada","item":"https:\/\/www.laguiadepamplona.com\/actualidad\/"},{"@type":"ListItem","position":2,"name":"Diez formaciones de estilos como punk, psicodelia, pop o rock participan este s\u00e1bado en el II festival \u2018Pim Pam Ville\u2019 organizado dentro del Privilegio de la Uni\u00f3n"}]},{"@type":"WebSite","@id":"https:\/\/www.laguiadepamplona.com\/actualidad\/#website","url":"https:\/\/www.laguiadepamplona.com\/actualidad\/","name":"La gu\u00eda de Pamplona","description":"Noticias de Pamplona","publisher":{"@id":"https:\/\/www.laguiadepamplona.com\/actualidad\/#organization"},"potentialAction":[{"@type":"SearchAction","target":{"@type":"EntryPoint","urlTemplate":"https:\/\/www.laguiadepamplona.com\/actualidad\/?s={search_term_string}"},"query-input":{"@type":"PropertyValueSpecification","valueRequired":true,"valueName":"search_term_string"}}],"inLanguage":"es"},{"@type":"Organization","@id":"https:\/\/www.laguiadepamplona.com\/actualidad\/#organization","name":"La Gu\u00eda de Pamplona \/ Noticias","url":"https:\/\/www.laguiadepamplona.com\/actualidad\/","logo":{"@type":"ImageObject","inLanguage":"es","@id":"https:\/\/www.laguiadepamplona.com\/actualidad\/#\/schema\/logo\/image\/","url":"https:\/\/www.laguiadepamplona.com\/actualidad\/wp-content\/uploads\/2018\/11\/logo-laguiadepamplona18-web1.png","contentUrl":"https:\/\/www.laguiadepamplona.com\/actualidad\/wp-content\/uploads\/2018\/11\/logo-laguiadepamplona18-web1.png","width":600,"height":196,"caption":"La Gu\u00eda de Pamplona \/ Noticias"},"image":{"@id":"https:\/\/www.laguiadepamplona.com\/actualidad\/#\/schema\/logo\/image\/"},"sameAs":["https:\/\/www.facebook.com\/laguiadepamplonacom-133175176762273\/?ref=hl","https:\/\/x.com\/LaGuiadPamplona","https:\/\/www.instagram.com\/la_guia_de_pamplona\/","https:\/\/www.youtube.com\/user\/laguiadepamplona"]},{"@type":"Person","@id":"https:\/\/www.laguiadepamplona.com\/actualidad\/#\/schema\/person\/efe887376f0213d4657c93adc50b1fdb","name":"La Gu\u00eda de Pamplona","image":{"@type":"ImageObject","inLanguage":"es","@id":"https:\/\/secure.gravatar.com\/avatar\/b6992f131dc8d30ab0dff15446e9d346d9dbd95992de0fef795073f5ea83a81c?s=96&d=mm&r=g","url":"https:\/\/secure.gravatar.com\/avatar\/b6992f131dc8d30ab0dff15446e9d346d9dbd95992de0fef795073f5ea83a81c?s=96&d=mm&r=g","contentUrl":"https:\/\/secure.gravatar.com\/avatar\/b6992f131dc8d30ab0dff15446e9d346d9dbd95992de0fef795073f5ea83a81c?s=96&d=mm&r=g","caption":"La Gu\u00eda de Pamplona"}}]}},"post_mailing_queue_ids":[],"_links":{"self":[{"href":"https:\/\/www.laguiadepamplona.com\/actualidad\/wp-json\/wp\/v2\/posts\/18567","targetHints":{"allow":["GET"]}}],"collection":[{"href":"https:\/\/www.laguiadepamplona.com\/actualidad\/wp-json\/wp\/v2\/posts"}],"about":[{"href":"https:\/\/www.laguiadepamplona.com\/actualidad\/wp-json\/wp\/v2\/types\/post"}],"author":[{"embeddable":true,"href":"https:\/\/www.laguiadepamplona.com\/actualidad\/wp-json\/wp\/v2\/users\/1"}],"replies":[{"embeddable":true,"href":"https:\/\/www.laguiadepamplona.com\/actualidad\/wp-json\/wp\/v2\/comments?post=18567"}],"version-history":[{"count":0,"href":"https:\/\/www.laguiadepamplona.com\/actualidad\/wp-json\/wp\/v2\/posts\/18567\/revisions"}],"wp:featuredmedia":[{"embeddable":true,"href":"https:\/\/www.laguiadepamplona.com\/actualidad\/wp-json\/wp\/v2\/media\/18568"}],"wp:attachment":[{"href":"https:\/\/www.laguiadepamplona.com\/actualidad\/wp-json\/wp\/v2\/media?parent=18567"}],"wp:term":[{"taxonomy":"category","embeddable":true,"href":"https:\/\/www.laguiadepamplona.com\/actualidad\/wp-json\/wp\/v2\/categories?post=18567"},{"taxonomy":"post_tag","embeddable":true,"href":"https:\/\/www.laguiadepamplona.com\/actualidad\/wp-json\/wp\/v2\/tags?post=18567"}],"curies":[{"name":"wp","href":"https:\/\/api.w.org\/{rel}","templated":true}]}}