{"id":18565,"date":"2018-08-30T11:43:02","date_gmt":"2018-08-30T09:43:02","guid":{"rendered":"https:\/\/www.laguiadepamplona.es\/actualidad\/?p=18565"},"modified":"2018-08-30T11:43:02","modified_gmt":"2018-08-30T09:43:02","slug":"pamplona-acoge-la-proxima-semana-la-iii-cumbre-juvenil-antirrumores-para-favorecer-una-sociedad-sin-estereotipos-y-libre-de-prejuicios","status":"publish","type":"post","link":"https:\/\/www.laguiadepamplona.com\/actualidad\/pamplona-acoge-la-proxima-semana-la-iii-cumbre-juvenil-antirrumores-para-favorecer-una-sociedad-sin-estereotipos-y-libre-de-prejuicios\/","title":{"rendered":"Pamplona acoge la pr\u00f3xima semana la III Cumbre Juvenil Antirrumores para favorecer una sociedad sin estereotipos y libre de prejuicios"},"content":{"rendered":"<h3>Forman parte del encuentro siete ciudades, que atraer\u00e1n a la capital navarra a m\u00e1s de medio centenar de j\u00f3venes entre el 6 y el 9 de septiembre<\/h3>\n<p><!--more--><\/p>\n<p>Pamplona acoger\u00e1 del 6 al 9 de septiembre la III Cumbre Juvenil Antirrumores, un encuentro creado para favorecer la diversidad cultural y la cohesi\u00f3n social. M\u00e1s de medio centenar de j\u00f3venes se dar\u00e1n cita en la capital navarra para reflexionar, debatir y buscar estrategias encaminadas a favorecer una sociedad sin estereotipos y libre de prejuicios. Son j\u00f3venes de entre 13 y 21 a\u00f1os procedentes de siete ciudades: Cartagena, Tenerife, Barakaldo, Getxo, Bilbao, Donostia y Pamplona.<\/p>\n<p>El encuentro ha sido presentado esta ma\u00f1ana en rueda de prensa por la concejala delegada de Acci\u00f3n Social y Desarrollo Comunitario, Esther Cremaes, y las t\u00e9cnicas de juventud Mar\u00eda D\u00edaz de Rada y Elena Mozaz. Ser\u00e1 la tercera cumbre que se celebra sobre esta tem\u00e1tica, tras las experiencias de Sabadell en 2016 y Getxo en 2017. Esta iniciativa, apoyada en su nacimiento por el Consejo de Europa, busca que los j\u00f3venes compartan experiencias, ideas y repiensen el papel de la juventud en la labor de acabar con los rumores que dificultan la convivencia en los municipios, creando redes y grupos de trabajo tanto a nivel local como nacional, adem\u00e1s de dotar de recursos y herramientas a las personas j\u00f3venes para el desarrollo de estrategias antirrumores.<\/p>\n<p>La cumbre se celebrar\u00e1 en la Residencia Juvenil Fuerte del Pr\u00edncipe y comenzar\u00e1 con una recepci\u00f3n institucional a cargo de representantes del Ayuntamiento de Pamplona y del Gobierno de Navarra, que apoya y colabora en el encuentro. Tambi\u00e9n colabora la Federaci\u00f3n gitana GazKal\u00f3, que ha organizado una visita guiada \u2018Pamplona Iru\u00f1ea Kal\u00ed\u2019 abierta a la ciudadan\u00eda el s\u00e1bado 8 de septiembre a las 17 horas en la calle Jarauta, despu\u00e9s la participaci\u00f3n en la comida popular de fiestas de esta calle. De esta manera se quiere hacer part\u00edcipe a las personas j\u00f3venes que acuden a la Cumbre de los actos que tendr\u00e1n lugar ese fin de semana en la ciudad: fiestas de Jarauta y Privilegio de la Uni\u00f3n. Para conocer mejor esto \u00faltimo disfrutar\u00e1n de una peque\u00f1a representaci\u00f3n teatral.<\/p>\n<p>Las personas participantes en la cumbre disfrutar\u00e1 de un Festival Intercultural en la Casa de la Juventud con la participaci\u00f3n y organizaci\u00f3n de Asocolon (Asociaci\u00f3n de Colombianos de Navarra), la Asociaci\u00f3n b\u00falgara Orfey, y los grupos musicales Am\u00e9rica India, Herencia Latina y el cantante Rawan.<\/p>\n<p><script async src=\"\/\/pagead2.googlesyndication.com\/pagead\/js\/adsbygoogle.js\"><\/script><br \/>\n<!-- Noticias La Guia de Pamplona --><br \/>\n<ins class=\"adsbygoogle\"\nstyle=\"display:block\"\ndata-ad-client=\"ca-pub-6943679897239327\"\ndata-ad-slot=\"7048180777\"\ndata-ad-format=\"auto\"><\/ins><br \/>\n<script>\n(adsbygoogle = window.adsbygoogle || []).push({});\n<\/script><\/p>\n<p><strong>Estrategia antirrumores<\/strong><\/p>\n<p>La estrategia antirrumores busca detectar y desactivar rumores haciendo hincapi\u00e9 en discursos alternativos en pro de la diversidad cultural y la cohesi\u00f3n social. Tiene su origen en el a\u00f1o 2010, cuando el Ayuntamiento de Barcelona impuls\u00f3 una estrategia para contrarrestar los rumores negativos sobre la diversidad cultural y, de esta manera, prevenir la discriminaci\u00f3n, el racismo y la xenofobia al abordar la convivencia en la diversidad como un valor en s\u00ed mismo. El impacto que tuvo esta estrategia tanto a nivel local como internacional puso de relieve la importancia de abordar esta realidad desde el \u00e1mbito local a partir de enfoques y metodolog\u00edas innovadoras.<\/p>\n<p>Desde entonces, esta pr\u00e1ctica se ha puesto en marcha en diferentes ciudades: Sabadell, Getxo, Fuenlabrada, Cartagena, Bilbao, San Sebasti\u00e1n y Tenerife. En este marco, tal y como se\u00f1ala la organizaci\u00f3n, acoger la III Cumbre antirrumores es para Pamplona una oportunidad para difundir la estrategia implicando a la localidad, ciudadan\u00eda e instituciones, haciendo protagonistas a las personas j\u00f3venes en el dise\u00f1o y puesta en marcha de las jornadas.<\/p>\n<p>Adem\u00e1s, uno de los objetivos de la cumbre de este a\u00f1o es el de favorecer la incorporaci\u00f3n de las personas j\u00f3venes con la idea de que ellas y ellos se impliquen activamente en el desarrollo de la estrategia en sus municipios. Por ello, se realizar\u00e1 un seguimiento a las propuestas que surjan del encuentro, apoyando desde los diferentes ayuntamientos su puesta en marcha.<\/p>\n<p>Por otro lado, desde la unidad de Juventud del Ayuntamiento se est\u00e1n organizando actividades paralelas y posteriores a la cumbre como una campa\u00f1a de sensibilizaci\u00f3n en torno a la estrategia antirrumores, un ciclo de mujeres influencers desmontando rumores el 19 de octubre o una exposici\u00f3n de la cumbre con posterior trabajo reflexivo en diferentes espacios. Asimismo, se est\u00e1 llevando a cabo un trabajo de apoyo y fomento de valores en torno a la diversidad cultural en los servicios de acci\u00f3n preventiva comunitaria y otras asociaciones juveniles.<\/p>\n<p>&nbsp;<\/p>\n","protected":false},"excerpt":{"rendered":"<p>Forman parte del encuentro siete ciudades, que atraer\u00e1n a la capital navarra a m\u00e1s de medio centenar de j\u00f3venes entre el 6 y el 9 de septiembre<\/p>\n","protected":false},"author":1,"featured_media":17600,"comment_status":"open","ping_status":"closed","sticky":false,"template":"","format":"standard","meta":{"footnotes":""},"categories":[2],"tags":[],"class_list":["post-18565","post","type-post","status-publish","format-standard","has-post-thumbnail","hentry","category-ayuntamiento-pamplona"],"yoast_head":"<!-- This site is optimized with the Yoast SEO plugin v27.9 - https:\/\/yoast.com\/product\/yoast-seo-wordpress\/ -->\n<title>Pamplona acoge la pr\u00f3xima semana la III Cumbre Juvenil Antirrumores para favorecer una sociedad sin estereotipos y libre de prejuicios<\/title>\n<meta name=\"robots\" content=\"index, follow, max-snippet:-1, max-image-preview:large, max-video-preview:-1\" \/>\n<link rel=\"canonical\" href=\"https:\/\/www.laguiadepamplona.com\/actualidad\/pamplona-acoge-la-proxima-semana-la-iii-cumbre-juvenil-antirrumores-para-favorecer-una-sociedad-sin-estereotipos-y-libre-de-prejuicios\/\" \/>\n<meta property=\"og:locale\" content=\"es_ES\" \/>\n<meta property=\"og:type\" content=\"article\" \/>\n<meta property=\"og:title\" content=\"Pamplona acoge la pr\u00f3xima semana la III Cumbre Juvenil Antirrumores para favorecer una sociedad sin estereotipos y libre de prejuicios\" \/>\n<meta property=\"og:description\" content=\"Forman parte del encuentro siete ciudades, que atraer\u00e1n a la capital navarra a m\u00e1s de medio centenar de j\u00f3venes entre el 6 y el 9 de septiembre\" \/>\n<meta property=\"og:url\" content=\"https:\/\/www.laguiadepamplona.com\/actualidad\/pamplona-acoge-la-proxima-semana-la-iii-cumbre-juvenil-antirrumores-para-favorecer-una-sociedad-sin-estereotipos-y-libre-de-prejuicios\/\" \/>\n<meta property=\"og:site_name\" content=\"La Gu\u00eda de Pamplona Noticias y actualidad\" \/>\n<meta property=\"article:publisher\" content=\"https:\/\/www.facebook.com\/laguiadepamplonacom-133175176762273\/?ref=hl\" \/>\n<meta property=\"article:published_time\" content=\"2018-08-30T09:43:02+00:00\" \/>\n<meta property=\"og:image\" content=\"https:\/\/www.laguiadepamplona.com\/actualidad\/wp-content\/uploads\/2018\/05\/ayto-pamplona-3.jpg\" \/>\n\t<meta property=\"og:image:width\" content=\"1000\" \/>\n\t<meta property=\"og:image:height\" content=\"555\" \/>\n\t<meta property=\"og:image:type\" content=\"image\/jpeg\" \/>\n<meta name=\"author\" content=\"La Gu\u00eda de Pamplona\" \/>\n<meta name=\"twitter:card\" content=\"summary_large_image\" \/>\n<meta name=\"twitter:creator\" content=\"@LaGuiadPamplona\" \/>\n<meta name=\"twitter:site\" content=\"@LaGuiadPamplona\" \/>\n<meta name=\"twitter:label1\" content=\"Escrito por\" \/>\n\t<meta name=\"twitter:data1\" content=\"La Gu\u00eda de Pamplona\" \/>\n\t<meta name=\"twitter:label2\" content=\"Tiempo de lectura\" \/>\n\t<meta name=\"twitter:data2\" content=\"4 minutos\" \/>\n<script type=\"application\/ld+json\" class=\"yoast-schema-graph\">{\"@context\":\"https:\\\/\\\/schema.org\",\"@graph\":[{\"@type\":\"Article\",\"@id\":\"https:\\\/\\\/www.laguiadepamplona.com\\\/actualidad\\\/pamplona-acoge-la-proxima-semana-la-iii-cumbre-juvenil-antirrumores-para-favorecer-una-sociedad-sin-estereotipos-y-libre-de-prejuicios\\\/#article\",\"isPartOf\":{\"@id\":\"https:\\\/\\\/www.laguiadepamplona.com\\\/actualidad\\\/pamplona-acoge-la-proxima-semana-la-iii-cumbre-juvenil-antirrumores-para-favorecer-una-sociedad-sin-estereotipos-y-libre-de-prejuicios\\\/\"},\"author\":{\"name\":\"La Gu\u00eda de Pamplona\",\"@id\":\"https:\\\/\\\/www.laguiadepamplona.com\\\/actualidad\\\/#\\\/schema\\\/person\\\/efe887376f0213d4657c93adc50b1fdb\"},\"headline\":\"Pamplona acoge la pr\u00f3xima semana la III Cumbre Juvenil Antirrumores para favorecer una sociedad sin estereotipos y libre de prejuicios\",\"datePublished\":\"2018-08-30T09:43:02+00:00\",\"mainEntityOfPage\":{\"@id\":\"https:\\\/\\\/www.laguiadepamplona.com\\\/actualidad\\\/pamplona-acoge-la-proxima-semana-la-iii-cumbre-juvenil-antirrumores-para-favorecer-una-sociedad-sin-estereotipos-y-libre-de-prejuicios\\\/\"},\"wordCount\":793,\"commentCount\":0,\"publisher\":{\"@id\":\"https:\\\/\\\/www.laguiadepamplona.com\\\/actualidad\\\/#organization\"},\"image\":{\"@id\":\"https:\\\/\\\/www.laguiadepamplona.com\\\/actualidad\\\/pamplona-acoge-la-proxima-semana-la-iii-cumbre-juvenil-antirrumores-para-favorecer-una-sociedad-sin-estereotipos-y-libre-de-prejuicios\\\/#primaryimage\"},\"thumbnailUrl\":\"https:\\\/\\\/www.laguiadepamplona.com\\\/actualidad\\\/wp-content\\\/uploads\\\/2018\\\/05\\\/ayto-pamplona-3.jpg\",\"articleSection\":[\"Ayto Pamplona\"],\"inLanguage\":\"es\",\"potentialAction\":[{\"@type\":\"CommentAction\",\"name\":\"Comment\",\"target\":[\"https:\\\/\\\/www.laguiadepamplona.com\\\/actualidad\\\/pamplona-acoge-la-proxima-semana-la-iii-cumbre-juvenil-antirrumores-para-favorecer-una-sociedad-sin-estereotipos-y-libre-de-prejuicios\\\/#respond\"]}]},{\"@type\":\"WebPage\",\"@id\":\"https:\\\/\\\/www.laguiadepamplona.com\\\/actualidad\\\/pamplona-acoge-la-proxima-semana-la-iii-cumbre-juvenil-antirrumores-para-favorecer-una-sociedad-sin-estereotipos-y-libre-de-prejuicios\\\/\",\"url\":\"https:\\\/\\\/www.laguiadepamplona.com\\\/actualidad\\\/pamplona-acoge-la-proxima-semana-la-iii-cumbre-juvenil-antirrumores-para-favorecer-una-sociedad-sin-estereotipos-y-libre-de-prejuicios\\\/\",\"name\":\"Pamplona acoge la pr\u00f3xima semana la III Cumbre Juvenil Antirrumores para favorecer una sociedad sin estereotipos y libre de prejuicios\",\"isPartOf\":{\"@id\":\"https:\\\/\\\/www.laguiadepamplona.com\\\/actualidad\\\/#website\"},\"primaryImageOfPage\":{\"@id\":\"https:\\\/\\\/www.laguiadepamplona.com\\\/actualidad\\\/pamplona-acoge-la-proxima-semana-la-iii-cumbre-juvenil-antirrumores-para-favorecer-una-sociedad-sin-estereotipos-y-libre-de-prejuicios\\\/#primaryimage\"},\"image\":{\"@id\":\"https:\\\/\\\/www.laguiadepamplona.com\\\/actualidad\\\/pamplona-acoge-la-proxima-semana-la-iii-cumbre-juvenil-antirrumores-para-favorecer-una-sociedad-sin-estereotipos-y-libre-de-prejuicios\\\/#primaryimage\"},\"thumbnailUrl\":\"https:\\\/\\\/www.laguiadepamplona.com\\\/actualidad\\\/wp-content\\\/uploads\\\/2018\\\/05\\\/ayto-pamplona-3.jpg\",\"datePublished\":\"2018-08-30T09:43:02+00:00\",\"breadcrumb\":{\"@id\":\"https:\\\/\\\/www.laguiadepamplona.com\\\/actualidad\\\/pamplona-acoge-la-proxima-semana-la-iii-cumbre-juvenil-antirrumores-para-favorecer-una-sociedad-sin-estereotipos-y-libre-de-prejuicios\\\/#breadcrumb\"},\"inLanguage\":\"es\",\"potentialAction\":[{\"@type\":\"ReadAction\",\"target\":[\"https:\\\/\\\/www.laguiadepamplona.com\\\/actualidad\\\/pamplona-acoge-la-proxima-semana-la-iii-cumbre-juvenil-antirrumores-para-favorecer-una-sociedad-sin-estereotipos-y-libre-de-prejuicios\\\/\"]}]},{\"@type\":\"ImageObject\",\"inLanguage\":\"es\",\"@id\":\"https:\\\/\\\/www.laguiadepamplona.com\\\/actualidad\\\/pamplona-acoge-la-proxima-semana-la-iii-cumbre-juvenil-antirrumores-para-favorecer-una-sociedad-sin-estereotipos-y-libre-de-prejuicios\\\/#primaryimage\",\"url\":\"https:\\\/\\\/www.laguiadepamplona.com\\\/actualidad\\\/wp-content\\\/uploads\\\/2018\\\/05\\\/ayto-pamplona-3.jpg\",\"contentUrl\":\"https:\\\/\\\/www.laguiadepamplona.com\\\/actualidad\\\/wp-content\\\/uploads\\\/2018\\\/05\\\/ayto-pamplona-3.jpg\",\"width\":1000,\"height\":555},{\"@type\":\"BreadcrumbList\",\"@id\":\"https:\\\/\\\/www.laguiadepamplona.com\\\/actualidad\\\/pamplona-acoge-la-proxima-semana-la-iii-cumbre-juvenil-antirrumores-para-favorecer-una-sociedad-sin-estereotipos-y-libre-de-prejuicios\\\/#breadcrumb\",\"itemListElement\":[{\"@type\":\"ListItem\",\"position\":1,\"name\":\"Portada\",\"item\":\"https:\\\/\\\/www.laguiadepamplona.com\\\/actualidad\\\/\"},{\"@type\":\"ListItem\",\"position\":2,\"name\":\"Pamplona acoge la pr\u00f3xima semana la III Cumbre Juvenil Antirrumores para favorecer una sociedad sin estereotipos y libre de prejuicios\"}]},{\"@type\":\"WebSite\",\"@id\":\"https:\\\/\\\/www.laguiadepamplona.com\\\/actualidad\\\/#website\",\"url\":\"https:\\\/\\\/www.laguiadepamplona.com\\\/actualidad\\\/\",\"name\":\"La gu\u00eda de Pamplona\",\"description\":\"Noticias de Pamplona\",\"publisher\":{\"@id\":\"https:\\\/\\\/www.laguiadepamplona.com\\\/actualidad\\\/#organization\"},\"potentialAction\":[{\"@type\":\"SearchAction\",\"target\":{\"@type\":\"EntryPoint\",\"urlTemplate\":\"https:\\\/\\\/www.laguiadepamplona.com\\\/actualidad\\\/?s={search_term_string}\"},\"query-input\":{\"@type\":\"PropertyValueSpecification\",\"valueRequired\":true,\"valueName\":\"search_term_string\"}}],\"inLanguage\":\"es\"},{\"@type\":\"Organization\",\"@id\":\"https:\\\/\\\/www.laguiadepamplona.com\\\/actualidad\\\/#organization\",\"name\":\"La Gu\u00eda de Pamplona \\\/ Noticias\",\"url\":\"https:\\\/\\\/www.laguiadepamplona.com\\\/actualidad\\\/\",\"logo\":{\"@type\":\"ImageObject\",\"inLanguage\":\"es\",\"@id\":\"https:\\\/\\\/www.laguiadepamplona.com\\\/actualidad\\\/#\\\/schema\\\/logo\\\/image\\\/\",\"url\":\"https:\\\/\\\/www.laguiadepamplona.com\\\/actualidad\\\/wp-content\\\/uploads\\\/2018\\\/11\\\/logo-laguiadepamplona18-web1.png\",\"contentUrl\":\"https:\\\/\\\/www.laguiadepamplona.com\\\/actualidad\\\/wp-content\\\/uploads\\\/2018\\\/11\\\/logo-laguiadepamplona18-web1.png\",\"width\":600,\"height\":196,\"caption\":\"La Gu\u00eda de Pamplona \\\/ Noticias\"},\"image\":{\"@id\":\"https:\\\/\\\/www.laguiadepamplona.com\\\/actualidad\\\/#\\\/schema\\\/logo\\\/image\\\/\"},\"sameAs\":[\"https:\\\/\\\/www.facebook.com\\\/laguiadepamplonacom-133175176762273\\\/?ref=hl\",\"https:\\\/\\\/x.com\\\/LaGuiadPamplona\",\"https:\\\/\\\/www.instagram.com\\\/la_guia_de_pamplona\\\/\",\"https:\\\/\\\/www.youtube.com\\\/user\\\/laguiadepamplona\"]},{\"@type\":\"Person\",\"@id\":\"https:\\\/\\\/www.laguiadepamplona.com\\\/actualidad\\\/#\\\/schema\\\/person\\\/efe887376f0213d4657c93adc50b1fdb\",\"name\":\"La Gu\u00eda de Pamplona\",\"image\":{\"@type\":\"ImageObject\",\"inLanguage\":\"es\",\"@id\":\"https:\\\/\\\/secure.gravatar.com\\\/avatar\\\/b6992f131dc8d30ab0dff15446e9d346d9dbd95992de0fef795073f5ea83a81c?s=96&d=mm&r=g\",\"url\":\"https:\\\/\\\/secure.gravatar.com\\\/avatar\\\/b6992f131dc8d30ab0dff15446e9d346d9dbd95992de0fef795073f5ea83a81c?s=96&d=mm&r=g\",\"contentUrl\":\"https:\\\/\\\/secure.gravatar.com\\\/avatar\\\/b6992f131dc8d30ab0dff15446e9d346d9dbd95992de0fef795073f5ea83a81c?s=96&d=mm&r=g\",\"caption\":\"La Gu\u00eda de Pamplona\"}}]}<\/script>\n<!-- \/ Yoast SEO plugin. -->","yoast_head_json":{"title":"Pamplona acoge la pr\u00f3xima semana la III Cumbre Juvenil Antirrumores para favorecer una sociedad sin estereotipos y libre de prejuicios","robots":{"index":"index","follow":"follow","max-snippet":"max-snippet:-1","max-image-preview":"max-image-preview:large","max-video-preview":"max-video-preview:-1"},"canonical":"https:\/\/www.laguiadepamplona.com\/actualidad\/pamplona-acoge-la-proxima-semana-la-iii-cumbre-juvenil-antirrumores-para-favorecer-una-sociedad-sin-estereotipos-y-libre-de-prejuicios\/","og_locale":"es_ES","og_type":"article","og_title":"Pamplona acoge la pr\u00f3xima semana la III Cumbre Juvenil Antirrumores para favorecer una sociedad sin estereotipos y libre de prejuicios","og_description":"Forman parte del encuentro siete ciudades, que atraer\u00e1n a la capital navarra a m\u00e1s de medio centenar de j\u00f3venes entre el 6 y el 9 de septiembre","og_url":"https:\/\/www.laguiadepamplona.com\/actualidad\/pamplona-acoge-la-proxima-semana-la-iii-cumbre-juvenil-antirrumores-para-favorecer-una-sociedad-sin-estereotipos-y-libre-de-prejuicios\/","og_site_name":"La Gu\u00eda de Pamplona Noticias y actualidad","article_publisher":"https:\/\/www.facebook.com\/laguiadepamplonacom-133175176762273\/?ref=hl","article_published_time":"2018-08-30T09:43:02+00:00","og_image":[{"width":1000,"height":555,"url":"https:\/\/www.laguiadepamplona.com\/actualidad\/wp-content\/uploads\/2018\/05\/ayto-pamplona-3.jpg","type":"image\/jpeg"}],"author":"La Gu\u00eda de Pamplona","twitter_card":"summary_large_image","twitter_creator":"@LaGuiadPamplona","twitter_site":"@LaGuiadPamplona","twitter_misc":{"Escrito por":"La Gu\u00eda de Pamplona","Tiempo de lectura":"4 minutos"},"schema":{"@context":"https:\/\/schema.org","@graph":[{"@type":"Article","@id":"https:\/\/www.laguiadepamplona.com\/actualidad\/pamplona-acoge-la-proxima-semana-la-iii-cumbre-juvenil-antirrumores-para-favorecer-una-sociedad-sin-estereotipos-y-libre-de-prejuicios\/#article","isPartOf":{"@id":"https:\/\/www.laguiadepamplona.com\/actualidad\/pamplona-acoge-la-proxima-semana-la-iii-cumbre-juvenil-antirrumores-para-favorecer-una-sociedad-sin-estereotipos-y-libre-de-prejuicios\/"},"author":{"name":"La Gu\u00eda de Pamplona","@id":"https:\/\/www.laguiadepamplona.com\/actualidad\/#\/schema\/person\/efe887376f0213d4657c93adc50b1fdb"},"headline":"Pamplona acoge la pr\u00f3xima semana la III Cumbre Juvenil Antirrumores para favorecer una sociedad sin estereotipos y libre de prejuicios","datePublished":"2018-08-30T09:43:02+00:00","mainEntityOfPage":{"@id":"https:\/\/www.laguiadepamplona.com\/actualidad\/pamplona-acoge-la-proxima-semana-la-iii-cumbre-juvenil-antirrumores-para-favorecer-una-sociedad-sin-estereotipos-y-libre-de-prejuicios\/"},"wordCount":793,"commentCount":0,"publisher":{"@id":"https:\/\/www.laguiadepamplona.com\/actualidad\/#organization"},"image":{"@id":"https:\/\/www.laguiadepamplona.com\/actualidad\/pamplona-acoge-la-proxima-semana-la-iii-cumbre-juvenil-antirrumores-para-favorecer-una-sociedad-sin-estereotipos-y-libre-de-prejuicios\/#primaryimage"},"thumbnailUrl":"https:\/\/www.laguiadepamplona.com\/actualidad\/wp-content\/uploads\/2018\/05\/ayto-pamplona-3.jpg","articleSection":["Ayto Pamplona"],"inLanguage":"es","potentialAction":[{"@type":"CommentAction","name":"Comment","target":["https:\/\/www.laguiadepamplona.com\/actualidad\/pamplona-acoge-la-proxima-semana-la-iii-cumbre-juvenil-antirrumores-para-favorecer-una-sociedad-sin-estereotipos-y-libre-de-prejuicios\/#respond"]}]},{"@type":"WebPage","@id":"https:\/\/www.laguiadepamplona.com\/actualidad\/pamplona-acoge-la-proxima-semana-la-iii-cumbre-juvenil-antirrumores-para-favorecer-una-sociedad-sin-estereotipos-y-libre-de-prejuicios\/","url":"https:\/\/www.laguiadepamplona.com\/actualidad\/pamplona-acoge-la-proxima-semana-la-iii-cumbre-juvenil-antirrumores-para-favorecer-una-sociedad-sin-estereotipos-y-libre-de-prejuicios\/","name":"Pamplona acoge la pr\u00f3xima semana la III Cumbre Juvenil Antirrumores para favorecer una sociedad sin estereotipos y libre de prejuicios","isPartOf":{"@id":"https:\/\/www.laguiadepamplona.com\/actualidad\/#website"},"primaryImageOfPage":{"@id":"https:\/\/www.laguiadepamplona.com\/actualidad\/pamplona-acoge-la-proxima-semana-la-iii-cumbre-juvenil-antirrumores-para-favorecer-una-sociedad-sin-estereotipos-y-libre-de-prejuicios\/#primaryimage"},"image":{"@id":"https:\/\/www.laguiadepamplona.com\/actualidad\/pamplona-acoge-la-proxima-semana-la-iii-cumbre-juvenil-antirrumores-para-favorecer-una-sociedad-sin-estereotipos-y-libre-de-prejuicios\/#primaryimage"},"thumbnailUrl":"https:\/\/www.laguiadepamplona.com\/actualidad\/wp-content\/uploads\/2018\/05\/ayto-pamplona-3.jpg","datePublished":"2018-08-30T09:43:02+00:00","breadcrumb":{"@id":"https:\/\/www.laguiadepamplona.com\/actualidad\/pamplona-acoge-la-proxima-semana-la-iii-cumbre-juvenil-antirrumores-para-favorecer-una-sociedad-sin-estereotipos-y-libre-de-prejuicios\/#breadcrumb"},"inLanguage":"es","potentialAction":[{"@type":"ReadAction","target":["https:\/\/www.laguiadepamplona.com\/actualidad\/pamplona-acoge-la-proxima-semana-la-iii-cumbre-juvenil-antirrumores-para-favorecer-una-sociedad-sin-estereotipos-y-libre-de-prejuicios\/"]}]},{"@type":"ImageObject","inLanguage":"es","@id":"https:\/\/www.laguiadepamplona.com\/actualidad\/pamplona-acoge-la-proxima-semana-la-iii-cumbre-juvenil-antirrumores-para-favorecer-una-sociedad-sin-estereotipos-y-libre-de-prejuicios\/#primaryimage","url":"https:\/\/www.laguiadepamplona.com\/actualidad\/wp-content\/uploads\/2018\/05\/ayto-pamplona-3.jpg","contentUrl":"https:\/\/www.laguiadepamplona.com\/actualidad\/wp-content\/uploads\/2018\/05\/ayto-pamplona-3.jpg","width":1000,"height":555},{"@type":"BreadcrumbList","@id":"https:\/\/www.laguiadepamplona.com\/actualidad\/pamplona-acoge-la-proxima-semana-la-iii-cumbre-juvenil-antirrumores-para-favorecer-una-sociedad-sin-estereotipos-y-libre-de-prejuicios\/#breadcrumb","itemListElement":[{"@type":"ListItem","position":1,"name":"Portada","item":"https:\/\/www.laguiadepamplona.com\/actualidad\/"},{"@type":"ListItem","position":2,"name":"Pamplona acoge la pr\u00f3xima semana la III Cumbre Juvenil Antirrumores para favorecer una sociedad sin estereotipos y libre de prejuicios"}]},{"@type":"WebSite","@id":"https:\/\/www.laguiadepamplona.com\/actualidad\/#website","url":"https:\/\/www.laguiadepamplona.com\/actualidad\/","name":"La gu\u00eda de Pamplona","description":"Noticias de Pamplona","publisher":{"@id":"https:\/\/www.laguiadepamplona.com\/actualidad\/#organization"},"potentialAction":[{"@type":"SearchAction","target":{"@type":"EntryPoint","urlTemplate":"https:\/\/www.laguiadepamplona.com\/actualidad\/?s={search_term_string}"},"query-input":{"@type":"PropertyValueSpecification","valueRequired":true,"valueName":"search_term_string"}}],"inLanguage":"es"},{"@type":"Organization","@id":"https:\/\/www.laguiadepamplona.com\/actualidad\/#organization","name":"La Gu\u00eda de Pamplona \/ Noticias","url":"https:\/\/www.laguiadepamplona.com\/actualidad\/","logo":{"@type":"ImageObject","inLanguage":"es","@id":"https:\/\/www.laguiadepamplona.com\/actualidad\/#\/schema\/logo\/image\/","url":"https:\/\/www.laguiadepamplona.com\/actualidad\/wp-content\/uploads\/2018\/11\/logo-laguiadepamplona18-web1.png","contentUrl":"https:\/\/www.laguiadepamplona.com\/actualidad\/wp-content\/uploads\/2018\/11\/logo-laguiadepamplona18-web1.png","width":600,"height":196,"caption":"La Gu\u00eda de Pamplona \/ Noticias"},"image":{"@id":"https:\/\/www.laguiadepamplona.com\/actualidad\/#\/schema\/logo\/image\/"},"sameAs":["https:\/\/www.facebook.com\/laguiadepamplonacom-133175176762273\/?ref=hl","https:\/\/x.com\/LaGuiadPamplona","https:\/\/www.instagram.com\/la_guia_de_pamplona\/","https:\/\/www.youtube.com\/user\/laguiadepamplona"]},{"@type":"Person","@id":"https:\/\/www.laguiadepamplona.com\/actualidad\/#\/schema\/person\/efe887376f0213d4657c93adc50b1fdb","name":"La Gu\u00eda de Pamplona","image":{"@type":"ImageObject","inLanguage":"es","@id":"https:\/\/secure.gravatar.com\/avatar\/b6992f131dc8d30ab0dff15446e9d346d9dbd95992de0fef795073f5ea83a81c?s=96&d=mm&r=g","url":"https:\/\/secure.gravatar.com\/avatar\/b6992f131dc8d30ab0dff15446e9d346d9dbd95992de0fef795073f5ea83a81c?s=96&d=mm&r=g","contentUrl":"https:\/\/secure.gravatar.com\/avatar\/b6992f131dc8d30ab0dff15446e9d346d9dbd95992de0fef795073f5ea83a81c?s=96&d=mm&r=g","caption":"La Gu\u00eda de Pamplona"}}]}},"post_mailing_queue_ids":[],"_links":{"self":[{"href":"https:\/\/www.laguiadepamplona.com\/actualidad\/wp-json\/wp\/v2\/posts\/18565","targetHints":{"allow":["GET"]}}],"collection":[{"href":"https:\/\/www.laguiadepamplona.com\/actualidad\/wp-json\/wp\/v2\/posts"}],"about":[{"href":"https:\/\/www.laguiadepamplona.com\/actualidad\/wp-json\/wp\/v2\/types\/post"}],"author":[{"embeddable":true,"href":"https:\/\/www.laguiadepamplona.com\/actualidad\/wp-json\/wp\/v2\/users\/1"}],"replies":[{"embeddable":true,"href":"https:\/\/www.laguiadepamplona.com\/actualidad\/wp-json\/wp\/v2\/comments?post=18565"}],"version-history":[{"count":0,"href":"https:\/\/www.laguiadepamplona.com\/actualidad\/wp-json\/wp\/v2\/posts\/18565\/revisions"}],"wp:featuredmedia":[{"embeddable":true,"href":"https:\/\/www.laguiadepamplona.com\/actualidad\/wp-json\/wp\/v2\/media\/17600"}],"wp:attachment":[{"href":"https:\/\/www.laguiadepamplona.com\/actualidad\/wp-json\/wp\/v2\/media?parent=18565"}],"wp:term":[{"taxonomy":"category","embeddable":true,"href":"https:\/\/www.laguiadepamplona.com\/actualidad\/wp-json\/wp\/v2\/categories?post=18565"},{"taxonomy":"post_tag","embeddable":true,"href":"https:\/\/www.laguiadepamplona.com\/actualidad\/wp-json\/wp\/v2\/tags?post=18565"}],"curies":[{"name":"wp","href":"https:\/\/api.w.org\/{rel}","templated":true}]}}