{"id":18519,"date":"2018-08-23T12:37:50","date_gmt":"2018-08-23T10:37:50","guid":{"rendered":"https:\/\/www.laguiadepamplona.es\/actualidad\/?p=18519"},"modified":"2018-08-23T12:37:50","modified_gmt":"2018-08-23T10:37:50","slug":"el-plazo-de-presentacion-de-candidaturas-al-panuelo-de-pamplona-iruneko-zapia-termina-el-viernes-31-de-agosto","status":"publish","type":"post","link":"https:\/\/www.laguiadepamplona.com\/actualidad\/el-plazo-de-presentacion-de-candidaturas-al-panuelo-de-pamplona-iruneko-zapia-termina-el-viernes-31-de-agosto\/","title":{"rendered":"El plazo de presentaci\u00f3n de candidaturas al Pa\u00f1uelo de Pamplona-Iru\u00f1eko Zapia termina el viernes 31 de agosto"},"content":{"rendered":"<h3>Pueden presentar candidaturas el alcalde, un tercio de miembros de la Corporaci\u00f3n, 10 entidades o 500 solicitantes particulares<\/h3>\n<p><!--more--><\/p>\n<p>El plazo para la presentaci\u00f3n de candidaturas para la concesi\u00f3n del Pa\u00f1uelo de Pamplona-Iru\u00f1eko Zapia concluir\u00e1 el pr\u00f3ximo viernes 31 de agosto. Hasta ese d\u00eda, inclusive, pueden proponer candidatos el alcalde, un tercio de miembros de la Corporaci\u00f3n, 10 entidades o 500 solicitantes particulares. Para formalizar las candidaturas deber\u00e1 presentarse en cualquiera de los registros municipales una instancia acompa\u00f1ada de un escrito que recoja los motivos que avalan la presentaci\u00f3n de esa candidatura.<\/p>\n<p>El Pa\u00f1uelo de Pamplona-Iru\u00f1eko Zapia, tal y como recoge el Reglamento de protocolo, ceremonial, honores y distinciones del Ayuntamiento de Pamplona, es una distinci\u00f3n honor\u00edfica que tiene por objeto premiar a las personas, f\u00edsicas o jur\u00eddicas, y entidades que por raz\u00f3n de su labor diaria, trayectoria personal o profesional, hayan contribuido de forma activa y notoria a la consolidaci\u00f3n de la proyecci\u00f3n de la ciudad de Pamplona en sus diferentes vertientes, su historia y su cultura o que hayan destacado por haber realizado una contribuci\u00f3n excepcional a las artes o las ciencias.<\/p>\n<p>Las propuestas de candidaturas no podr\u00e1n hacerse p\u00fablicas y se dar\u00e1n a conocer en la Junta de Portavoces prevista para el d\u00eda 3 de septiembre donde se decidir\u00e1 cu\u00e1l de ellas se eleva para su aprobaci\u00f3n al Pleno previo a la celebraci\u00f3n del Privilegio de la Uni\u00f3n.<\/p>\n<p>La distinci\u00f3n se compone del pa\u00f1uelo rojo con el escudo de la ciudad bordado en uno de sus picos y una escultura de la alegor\u00eda de la Uni\u00f3n de los Burgos dise\u00f1o del artista navarro Mikel Oki\u00f1ena. Se concede con periodicidad anual y se entrega con motivo de la conmemoraci\u00f3n del Privilegio de la Uni\u00f3n, el 8 de septiembre.<\/p>\n<p>Esta ser\u00e1 la tercera edici\u00f3n en la que se conceda el Pa\u00f1uelo de Pamplona-Iru\u00f1eko Zapia. El primer a\u00f1o, en 2016, fue galardonada Paulina Fern\u00e1ndez, propietaria de la Churrer\u00eda La Ma\u00f1ueta. El a\u00f1o pasado el galard\u00f3n recay\u00f3 en el escritor y periodista Javier Pagola Lorente.<\/p>\n<p>&nbsp;<\/p>\n","protected":false},"excerpt":{"rendered":"<p>Pueden presentar candidaturas el alcalde, un tercio de miembros de la Corporaci\u00f3n, 10 entidades o 500 solicitantes particulares<\/p>\n","protected":false},"author":1,"featured_media":17600,"comment_status":"open","ping_status":"closed","sticky":false,"template":"","format":"standard","meta":{"footnotes":""},"categories":[2],"tags":[],"class_list":["post-18519","post","type-post","status-publish","format-standard","has-post-thumbnail","hentry","category-ayuntamiento-pamplona"],"yoast_head":"<!-- This site is optimized with the Yoast SEO plugin v27.9 - https:\/\/yoast.com\/product\/yoast-seo-wordpress\/ -->\n<title>El plazo de presentaci\u00f3n de candidaturas al Pa\u00f1uelo de Pamplona-Iru\u00f1eko Zapia termina el viernes 31 de agosto<\/title>\n<meta name=\"robots\" content=\"index, follow, max-snippet:-1, max-image-preview:large, max-video-preview:-1\" \/>\n<link rel=\"canonical\" href=\"https:\/\/www.laguiadepamplona.com\/actualidad\/el-plazo-de-presentacion-de-candidaturas-al-panuelo-de-pamplona-iruneko-zapia-termina-el-viernes-31-de-agosto\/\" \/>\n<meta property=\"og:locale\" content=\"es_ES\" \/>\n<meta property=\"og:type\" content=\"article\" \/>\n<meta property=\"og:title\" content=\"El plazo de presentaci\u00f3n de candidaturas al Pa\u00f1uelo de Pamplona-Iru\u00f1eko Zapia termina el viernes 31 de agosto\" \/>\n<meta property=\"og:description\" content=\"Pueden presentar candidaturas el alcalde, un tercio de miembros de la Corporaci\u00f3n, 10 entidades o 500 solicitantes particulares\" \/>\n<meta property=\"og:url\" content=\"https:\/\/www.laguiadepamplona.com\/actualidad\/el-plazo-de-presentacion-de-candidaturas-al-panuelo-de-pamplona-iruneko-zapia-termina-el-viernes-31-de-agosto\/\" \/>\n<meta property=\"og:site_name\" content=\"La Gu\u00eda de Pamplona Noticias y actualidad\" \/>\n<meta property=\"article:publisher\" content=\"https:\/\/www.facebook.com\/laguiadepamplonacom-133175176762273\/?ref=hl\" \/>\n<meta property=\"article:published_time\" content=\"2018-08-23T10:37:50+00:00\" \/>\n<meta property=\"og:image\" content=\"https:\/\/www.laguiadepamplona.com\/actualidad\/wp-content\/uploads\/2018\/05\/ayto-pamplona-3.jpg\" \/>\n\t<meta property=\"og:image:width\" content=\"1000\" \/>\n\t<meta property=\"og:image:height\" content=\"555\" \/>\n\t<meta property=\"og:image:type\" content=\"image\/jpeg\" \/>\n<meta name=\"author\" content=\"La Gu\u00eda de Pamplona\" \/>\n<meta name=\"twitter:card\" content=\"summary_large_image\" \/>\n<meta name=\"twitter:creator\" content=\"@LaGuiadPamplona\" \/>\n<meta name=\"twitter:site\" content=\"@LaGuiadPamplona\" \/>\n<meta name=\"twitter:label1\" content=\"Escrito por\" \/>\n\t<meta name=\"twitter:data1\" content=\"La Gu\u00eda de Pamplona\" \/>\n\t<meta name=\"twitter:label2\" content=\"Tiempo de lectura\" \/>\n\t<meta name=\"twitter:data2\" content=\"2 minutos\" \/>\n<script type=\"application\/ld+json\" class=\"yoast-schema-graph\">{\"@context\":\"https:\\\/\\\/schema.org\",\"@graph\":[{\"@type\":\"Article\",\"@id\":\"https:\\\/\\\/www.laguiadepamplona.com\\\/actualidad\\\/el-plazo-de-presentacion-de-candidaturas-al-panuelo-de-pamplona-iruneko-zapia-termina-el-viernes-31-de-agosto\\\/#article\",\"isPartOf\":{\"@id\":\"https:\\\/\\\/www.laguiadepamplona.com\\\/actualidad\\\/el-plazo-de-presentacion-de-candidaturas-al-panuelo-de-pamplona-iruneko-zapia-termina-el-viernes-31-de-agosto\\\/\"},\"author\":{\"name\":\"La Gu\u00eda de Pamplona\",\"@id\":\"https:\\\/\\\/www.laguiadepamplona.com\\\/actualidad\\\/#\\\/schema\\\/person\\\/efe887376f0213d4657c93adc50b1fdb\"},\"headline\":\"El plazo de presentaci\u00f3n de candidaturas al Pa\u00f1uelo de Pamplona-Iru\u00f1eko Zapia termina el viernes 31 de agosto\",\"datePublished\":\"2018-08-23T10:37:50+00:00\",\"mainEntityOfPage\":{\"@id\":\"https:\\\/\\\/www.laguiadepamplona.com\\\/actualidad\\\/el-plazo-de-presentacion-de-candidaturas-al-panuelo-de-pamplona-iruneko-zapia-termina-el-viernes-31-de-agosto\\\/\"},\"wordCount\":390,\"commentCount\":0,\"publisher\":{\"@id\":\"https:\\\/\\\/www.laguiadepamplona.com\\\/actualidad\\\/#organization\"},\"image\":{\"@id\":\"https:\\\/\\\/www.laguiadepamplona.com\\\/actualidad\\\/el-plazo-de-presentacion-de-candidaturas-al-panuelo-de-pamplona-iruneko-zapia-termina-el-viernes-31-de-agosto\\\/#primaryimage\"},\"thumbnailUrl\":\"https:\\\/\\\/www.laguiadepamplona.com\\\/actualidad\\\/wp-content\\\/uploads\\\/2018\\\/05\\\/ayto-pamplona-3.jpg\",\"articleSection\":[\"Ayto Pamplona\"],\"inLanguage\":\"es\",\"potentialAction\":[{\"@type\":\"CommentAction\",\"name\":\"Comment\",\"target\":[\"https:\\\/\\\/www.laguiadepamplona.com\\\/actualidad\\\/el-plazo-de-presentacion-de-candidaturas-al-panuelo-de-pamplona-iruneko-zapia-termina-el-viernes-31-de-agosto\\\/#respond\"]}]},{\"@type\":\"WebPage\",\"@id\":\"https:\\\/\\\/www.laguiadepamplona.com\\\/actualidad\\\/el-plazo-de-presentacion-de-candidaturas-al-panuelo-de-pamplona-iruneko-zapia-termina-el-viernes-31-de-agosto\\\/\",\"url\":\"https:\\\/\\\/www.laguiadepamplona.com\\\/actualidad\\\/el-plazo-de-presentacion-de-candidaturas-al-panuelo-de-pamplona-iruneko-zapia-termina-el-viernes-31-de-agosto\\\/\",\"name\":\"El plazo de presentaci\u00f3n de candidaturas al Pa\u00f1uelo de Pamplona-Iru\u00f1eko Zapia termina el viernes 31 de agosto\",\"isPartOf\":{\"@id\":\"https:\\\/\\\/www.laguiadepamplona.com\\\/actualidad\\\/#website\"},\"primaryImageOfPage\":{\"@id\":\"https:\\\/\\\/www.laguiadepamplona.com\\\/actualidad\\\/el-plazo-de-presentacion-de-candidaturas-al-panuelo-de-pamplona-iruneko-zapia-termina-el-viernes-31-de-agosto\\\/#primaryimage\"},\"image\":{\"@id\":\"https:\\\/\\\/www.laguiadepamplona.com\\\/actualidad\\\/el-plazo-de-presentacion-de-candidaturas-al-panuelo-de-pamplona-iruneko-zapia-termina-el-viernes-31-de-agosto\\\/#primaryimage\"},\"thumbnailUrl\":\"https:\\\/\\\/www.laguiadepamplona.com\\\/actualidad\\\/wp-content\\\/uploads\\\/2018\\\/05\\\/ayto-pamplona-3.jpg\",\"datePublished\":\"2018-08-23T10:37:50+00:00\",\"breadcrumb\":{\"@id\":\"https:\\\/\\\/www.laguiadepamplona.com\\\/actualidad\\\/el-plazo-de-presentacion-de-candidaturas-al-panuelo-de-pamplona-iruneko-zapia-termina-el-viernes-31-de-agosto\\\/#breadcrumb\"},\"inLanguage\":\"es\",\"potentialAction\":[{\"@type\":\"ReadAction\",\"target\":[\"https:\\\/\\\/www.laguiadepamplona.com\\\/actualidad\\\/el-plazo-de-presentacion-de-candidaturas-al-panuelo-de-pamplona-iruneko-zapia-termina-el-viernes-31-de-agosto\\\/\"]}]},{\"@type\":\"ImageObject\",\"inLanguage\":\"es\",\"@id\":\"https:\\\/\\\/www.laguiadepamplona.com\\\/actualidad\\\/el-plazo-de-presentacion-de-candidaturas-al-panuelo-de-pamplona-iruneko-zapia-termina-el-viernes-31-de-agosto\\\/#primaryimage\",\"url\":\"https:\\\/\\\/www.laguiadepamplona.com\\\/actualidad\\\/wp-content\\\/uploads\\\/2018\\\/05\\\/ayto-pamplona-3.jpg\",\"contentUrl\":\"https:\\\/\\\/www.laguiadepamplona.com\\\/actualidad\\\/wp-content\\\/uploads\\\/2018\\\/05\\\/ayto-pamplona-3.jpg\",\"width\":1000,\"height\":555},{\"@type\":\"BreadcrumbList\",\"@id\":\"https:\\\/\\\/www.laguiadepamplona.com\\\/actualidad\\\/el-plazo-de-presentacion-de-candidaturas-al-panuelo-de-pamplona-iruneko-zapia-termina-el-viernes-31-de-agosto\\\/#breadcrumb\",\"itemListElement\":[{\"@type\":\"ListItem\",\"position\":1,\"name\":\"Portada\",\"item\":\"https:\\\/\\\/www.laguiadepamplona.com\\\/actualidad\\\/\"},{\"@type\":\"ListItem\",\"position\":2,\"name\":\"El plazo de presentaci\u00f3n de candidaturas al Pa\u00f1uelo de Pamplona-Iru\u00f1eko Zapia termina el viernes 31 de agosto\"}]},{\"@type\":\"WebSite\",\"@id\":\"https:\\\/\\\/www.laguiadepamplona.com\\\/actualidad\\\/#website\",\"url\":\"https:\\\/\\\/www.laguiadepamplona.com\\\/actualidad\\\/\",\"name\":\"La gu\u00eda de Pamplona\",\"description\":\"Noticias de Pamplona\",\"publisher\":{\"@id\":\"https:\\\/\\\/www.laguiadepamplona.com\\\/actualidad\\\/#organization\"},\"potentialAction\":[{\"@type\":\"SearchAction\",\"target\":{\"@type\":\"EntryPoint\",\"urlTemplate\":\"https:\\\/\\\/www.laguiadepamplona.com\\\/actualidad\\\/?s={search_term_string}\"},\"query-input\":{\"@type\":\"PropertyValueSpecification\",\"valueRequired\":true,\"valueName\":\"search_term_string\"}}],\"inLanguage\":\"es\"},{\"@type\":\"Organization\",\"@id\":\"https:\\\/\\\/www.laguiadepamplona.com\\\/actualidad\\\/#organization\",\"name\":\"La Gu\u00eda de Pamplona \\\/ Noticias\",\"url\":\"https:\\\/\\\/www.laguiadepamplona.com\\\/actualidad\\\/\",\"logo\":{\"@type\":\"ImageObject\",\"inLanguage\":\"es\",\"@id\":\"https:\\\/\\\/www.laguiadepamplona.com\\\/actualidad\\\/#\\\/schema\\\/logo\\\/image\\\/\",\"url\":\"https:\\\/\\\/www.laguiadepamplona.com\\\/actualidad\\\/wp-content\\\/uploads\\\/2018\\\/11\\\/logo-laguiadepamplona18-web1.png\",\"contentUrl\":\"https:\\\/\\\/www.laguiadepamplona.com\\\/actualidad\\\/wp-content\\\/uploads\\\/2018\\\/11\\\/logo-laguiadepamplona18-web1.png\",\"width\":600,\"height\":196,\"caption\":\"La Gu\u00eda de Pamplona \\\/ Noticias\"},\"image\":{\"@id\":\"https:\\\/\\\/www.laguiadepamplona.com\\\/actualidad\\\/#\\\/schema\\\/logo\\\/image\\\/\"},\"sameAs\":[\"https:\\\/\\\/www.facebook.com\\\/laguiadepamplonacom-133175176762273\\\/?ref=hl\",\"https:\\\/\\\/x.com\\\/LaGuiadPamplona\",\"https:\\\/\\\/www.instagram.com\\\/la_guia_de_pamplona\\\/\",\"https:\\\/\\\/www.youtube.com\\\/user\\\/laguiadepamplona\"]},{\"@type\":\"Person\",\"@id\":\"https:\\\/\\\/www.laguiadepamplona.com\\\/actualidad\\\/#\\\/schema\\\/person\\\/efe887376f0213d4657c93adc50b1fdb\",\"name\":\"La Gu\u00eda de Pamplona\",\"image\":{\"@type\":\"ImageObject\",\"inLanguage\":\"es\",\"@id\":\"https:\\\/\\\/secure.gravatar.com\\\/avatar\\\/b6992f131dc8d30ab0dff15446e9d346d9dbd95992de0fef795073f5ea83a81c?s=96&d=mm&r=g\",\"url\":\"https:\\\/\\\/secure.gravatar.com\\\/avatar\\\/b6992f131dc8d30ab0dff15446e9d346d9dbd95992de0fef795073f5ea83a81c?s=96&d=mm&r=g\",\"contentUrl\":\"https:\\\/\\\/secure.gravatar.com\\\/avatar\\\/b6992f131dc8d30ab0dff15446e9d346d9dbd95992de0fef795073f5ea83a81c?s=96&d=mm&r=g\",\"caption\":\"La Gu\u00eda de Pamplona\"}}]}<\/script>\n<!-- \/ Yoast SEO plugin. -->","yoast_head_json":{"title":"El plazo de presentaci\u00f3n de candidaturas al Pa\u00f1uelo de Pamplona-Iru\u00f1eko Zapia termina el viernes 31 de agosto","robots":{"index":"index","follow":"follow","max-snippet":"max-snippet:-1","max-image-preview":"max-image-preview:large","max-video-preview":"max-video-preview:-1"},"canonical":"https:\/\/www.laguiadepamplona.com\/actualidad\/el-plazo-de-presentacion-de-candidaturas-al-panuelo-de-pamplona-iruneko-zapia-termina-el-viernes-31-de-agosto\/","og_locale":"es_ES","og_type":"article","og_title":"El plazo de presentaci\u00f3n de candidaturas al Pa\u00f1uelo de Pamplona-Iru\u00f1eko Zapia termina el viernes 31 de agosto","og_description":"Pueden presentar candidaturas el alcalde, un tercio de miembros de la Corporaci\u00f3n, 10 entidades o 500 solicitantes particulares","og_url":"https:\/\/www.laguiadepamplona.com\/actualidad\/el-plazo-de-presentacion-de-candidaturas-al-panuelo-de-pamplona-iruneko-zapia-termina-el-viernes-31-de-agosto\/","og_site_name":"La Gu\u00eda de Pamplona Noticias y actualidad","article_publisher":"https:\/\/www.facebook.com\/laguiadepamplonacom-133175176762273\/?ref=hl","article_published_time":"2018-08-23T10:37:50+00:00","og_image":[{"width":1000,"height":555,"url":"https:\/\/www.laguiadepamplona.com\/actualidad\/wp-content\/uploads\/2018\/05\/ayto-pamplona-3.jpg","type":"image\/jpeg"}],"author":"La Gu\u00eda de Pamplona","twitter_card":"summary_large_image","twitter_creator":"@LaGuiadPamplona","twitter_site":"@LaGuiadPamplona","twitter_misc":{"Escrito por":"La Gu\u00eda de Pamplona","Tiempo de lectura":"2 minutos"},"schema":{"@context":"https:\/\/schema.org","@graph":[{"@type":"Article","@id":"https:\/\/www.laguiadepamplona.com\/actualidad\/el-plazo-de-presentacion-de-candidaturas-al-panuelo-de-pamplona-iruneko-zapia-termina-el-viernes-31-de-agosto\/#article","isPartOf":{"@id":"https:\/\/www.laguiadepamplona.com\/actualidad\/el-plazo-de-presentacion-de-candidaturas-al-panuelo-de-pamplona-iruneko-zapia-termina-el-viernes-31-de-agosto\/"},"author":{"name":"La Gu\u00eda de Pamplona","@id":"https:\/\/www.laguiadepamplona.com\/actualidad\/#\/schema\/person\/efe887376f0213d4657c93adc50b1fdb"},"headline":"El plazo de presentaci\u00f3n de candidaturas al Pa\u00f1uelo de Pamplona-Iru\u00f1eko Zapia termina el viernes 31 de agosto","datePublished":"2018-08-23T10:37:50+00:00","mainEntityOfPage":{"@id":"https:\/\/www.laguiadepamplona.com\/actualidad\/el-plazo-de-presentacion-de-candidaturas-al-panuelo-de-pamplona-iruneko-zapia-termina-el-viernes-31-de-agosto\/"},"wordCount":390,"commentCount":0,"publisher":{"@id":"https:\/\/www.laguiadepamplona.com\/actualidad\/#organization"},"image":{"@id":"https:\/\/www.laguiadepamplona.com\/actualidad\/el-plazo-de-presentacion-de-candidaturas-al-panuelo-de-pamplona-iruneko-zapia-termina-el-viernes-31-de-agosto\/#primaryimage"},"thumbnailUrl":"https:\/\/www.laguiadepamplona.com\/actualidad\/wp-content\/uploads\/2018\/05\/ayto-pamplona-3.jpg","articleSection":["Ayto Pamplona"],"inLanguage":"es","potentialAction":[{"@type":"CommentAction","name":"Comment","target":["https:\/\/www.laguiadepamplona.com\/actualidad\/el-plazo-de-presentacion-de-candidaturas-al-panuelo-de-pamplona-iruneko-zapia-termina-el-viernes-31-de-agosto\/#respond"]}]},{"@type":"WebPage","@id":"https:\/\/www.laguiadepamplona.com\/actualidad\/el-plazo-de-presentacion-de-candidaturas-al-panuelo-de-pamplona-iruneko-zapia-termina-el-viernes-31-de-agosto\/","url":"https:\/\/www.laguiadepamplona.com\/actualidad\/el-plazo-de-presentacion-de-candidaturas-al-panuelo-de-pamplona-iruneko-zapia-termina-el-viernes-31-de-agosto\/","name":"El plazo de presentaci\u00f3n de candidaturas al Pa\u00f1uelo de Pamplona-Iru\u00f1eko Zapia termina el viernes 31 de agosto","isPartOf":{"@id":"https:\/\/www.laguiadepamplona.com\/actualidad\/#website"},"primaryImageOfPage":{"@id":"https:\/\/www.laguiadepamplona.com\/actualidad\/el-plazo-de-presentacion-de-candidaturas-al-panuelo-de-pamplona-iruneko-zapia-termina-el-viernes-31-de-agosto\/#primaryimage"},"image":{"@id":"https:\/\/www.laguiadepamplona.com\/actualidad\/el-plazo-de-presentacion-de-candidaturas-al-panuelo-de-pamplona-iruneko-zapia-termina-el-viernes-31-de-agosto\/#primaryimage"},"thumbnailUrl":"https:\/\/www.laguiadepamplona.com\/actualidad\/wp-content\/uploads\/2018\/05\/ayto-pamplona-3.jpg","datePublished":"2018-08-23T10:37:50+00:00","breadcrumb":{"@id":"https:\/\/www.laguiadepamplona.com\/actualidad\/el-plazo-de-presentacion-de-candidaturas-al-panuelo-de-pamplona-iruneko-zapia-termina-el-viernes-31-de-agosto\/#breadcrumb"},"inLanguage":"es","potentialAction":[{"@type":"ReadAction","target":["https:\/\/www.laguiadepamplona.com\/actualidad\/el-plazo-de-presentacion-de-candidaturas-al-panuelo-de-pamplona-iruneko-zapia-termina-el-viernes-31-de-agosto\/"]}]},{"@type":"ImageObject","inLanguage":"es","@id":"https:\/\/www.laguiadepamplona.com\/actualidad\/el-plazo-de-presentacion-de-candidaturas-al-panuelo-de-pamplona-iruneko-zapia-termina-el-viernes-31-de-agosto\/#primaryimage","url":"https:\/\/www.laguiadepamplona.com\/actualidad\/wp-content\/uploads\/2018\/05\/ayto-pamplona-3.jpg","contentUrl":"https:\/\/www.laguiadepamplona.com\/actualidad\/wp-content\/uploads\/2018\/05\/ayto-pamplona-3.jpg","width":1000,"height":555},{"@type":"BreadcrumbList","@id":"https:\/\/www.laguiadepamplona.com\/actualidad\/el-plazo-de-presentacion-de-candidaturas-al-panuelo-de-pamplona-iruneko-zapia-termina-el-viernes-31-de-agosto\/#breadcrumb","itemListElement":[{"@type":"ListItem","position":1,"name":"Portada","item":"https:\/\/www.laguiadepamplona.com\/actualidad\/"},{"@type":"ListItem","position":2,"name":"El plazo de presentaci\u00f3n de candidaturas al Pa\u00f1uelo de Pamplona-Iru\u00f1eko Zapia termina el viernes 31 de agosto"}]},{"@type":"WebSite","@id":"https:\/\/www.laguiadepamplona.com\/actualidad\/#website","url":"https:\/\/www.laguiadepamplona.com\/actualidad\/","name":"La gu\u00eda de Pamplona","description":"Noticias de Pamplona","publisher":{"@id":"https:\/\/www.laguiadepamplona.com\/actualidad\/#organization"},"potentialAction":[{"@type":"SearchAction","target":{"@type":"EntryPoint","urlTemplate":"https:\/\/www.laguiadepamplona.com\/actualidad\/?s={search_term_string}"},"query-input":{"@type":"PropertyValueSpecification","valueRequired":true,"valueName":"search_term_string"}}],"inLanguage":"es"},{"@type":"Organization","@id":"https:\/\/www.laguiadepamplona.com\/actualidad\/#organization","name":"La Gu\u00eda de Pamplona \/ Noticias","url":"https:\/\/www.laguiadepamplona.com\/actualidad\/","logo":{"@type":"ImageObject","inLanguage":"es","@id":"https:\/\/www.laguiadepamplona.com\/actualidad\/#\/schema\/logo\/image\/","url":"https:\/\/www.laguiadepamplona.com\/actualidad\/wp-content\/uploads\/2018\/11\/logo-laguiadepamplona18-web1.png","contentUrl":"https:\/\/www.laguiadepamplona.com\/actualidad\/wp-content\/uploads\/2018\/11\/logo-laguiadepamplona18-web1.png","width":600,"height":196,"caption":"La Gu\u00eda de Pamplona \/ Noticias"},"image":{"@id":"https:\/\/www.laguiadepamplona.com\/actualidad\/#\/schema\/logo\/image\/"},"sameAs":["https:\/\/www.facebook.com\/laguiadepamplonacom-133175176762273\/?ref=hl","https:\/\/x.com\/LaGuiadPamplona","https:\/\/www.instagram.com\/la_guia_de_pamplona\/","https:\/\/www.youtube.com\/user\/laguiadepamplona"]},{"@type":"Person","@id":"https:\/\/www.laguiadepamplona.com\/actualidad\/#\/schema\/person\/efe887376f0213d4657c93adc50b1fdb","name":"La Gu\u00eda de Pamplona","image":{"@type":"ImageObject","inLanguage":"es","@id":"https:\/\/secure.gravatar.com\/avatar\/b6992f131dc8d30ab0dff15446e9d346d9dbd95992de0fef795073f5ea83a81c?s=96&d=mm&r=g","url":"https:\/\/secure.gravatar.com\/avatar\/b6992f131dc8d30ab0dff15446e9d346d9dbd95992de0fef795073f5ea83a81c?s=96&d=mm&r=g","contentUrl":"https:\/\/secure.gravatar.com\/avatar\/b6992f131dc8d30ab0dff15446e9d346d9dbd95992de0fef795073f5ea83a81c?s=96&d=mm&r=g","caption":"La Gu\u00eda de Pamplona"}}]}},"post_mailing_queue_ids":[],"_links":{"self":[{"href":"https:\/\/www.laguiadepamplona.com\/actualidad\/wp-json\/wp\/v2\/posts\/18519","targetHints":{"allow":["GET"]}}],"collection":[{"href":"https:\/\/www.laguiadepamplona.com\/actualidad\/wp-json\/wp\/v2\/posts"}],"about":[{"href":"https:\/\/www.laguiadepamplona.com\/actualidad\/wp-json\/wp\/v2\/types\/post"}],"author":[{"embeddable":true,"href":"https:\/\/www.laguiadepamplona.com\/actualidad\/wp-json\/wp\/v2\/users\/1"}],"replies":[{"embeddable":true,"href":"https:\/\/www.laguiadepamplona.com\/actualidad\/wp-json\/wp\/v2\/comments?post=18519"}],"version-history":[{"count":0,"href":"https:\/\/www.laguiadepamplona.com\/actualidad\/wp-json\/wp\/v2\/posts\/18519\/revisions"}],"wp:featuredmedia":[{"embeddable":true,"href":"https:\/\/www.laguiadepamplona.com\/actualidad\/wp-json\/wp\/v2\/media\/17600"}],"wp:attachment":[{"href":"https:\/\/www.laguiadepamplona.com\/actualidad\/wp-json\/wp\/v2\/media?parent=18519"}],"wp:term":[{"taxonomy":"category","embeddable":true,"href":"https:\/\/www.laguiadepamplona.com\/actualidad\/wp-json\/wp\/v2\/categories?post=18519"},{"taxonomy":"post_tag","embeddable":true,"href":"https:\/\/www.laguiadepamplona.com\/actualidad\/wp-json\/wp\/v2\/tags?post=18519"}],"curies":[{"name":"wp","href":"https:\/\/api.w.org\/{rel}","templated":true}]}}