{"id":18516,"date":"2018-08-23T12:36:44","date_gmt":"2018-08-23T10:36:44","guid":{"rendered":"https:\/\/www.laguiadepamplona.es\/actualidad\/?p=18516"},"modified":"2018-08-23T12:36:44","modified_gmt":"2018-08-23T10:36:44","slug":"zafarrancho-en-el-circo-cierra-este-viernes-el-ciclo-sobre-el-cineasta-frances-jacques-tati-que-se-ha-proyectado-en-civivox-condestable-desde-el-pasado-mes-de-julio","status":"publish","type":"post","link":"https:\/\/www.laguiadepamplona.com\/actualidad\/zafarrancho-en-el-circo-cierra-este-viernes-el-ciclo-sobre-el-cineasta-frances-jacques-tati-que-se-ha-proyectado-en-civivox-condestable-desde-el-pasado-mes-de-julio\/","title":{"rendered":"\u2018Zafarrancho en el circo\u2019 cierra este viernes el ciclo sobre el cineasta franc\u00e9s Jacques Tati, que se ha proyectado en Civivox Condestable desde el pasado mes de julio"},"content":{"rendered":"<h3>La pel\u00edcula, que se proyecta en versi\u00f3n original subtitulada, comenzar\u00e1 a las 20 horas, con entrada libre previa retirada de invitaciones<\/h3>\n<p><!--more--><\/p>\n<p>Civivox Condestable acoge este viernes la \u00faltima proyecci\u00f3n del ciclo de cine que el Ayuntamiento de Pamplona ha dedicado este verano al actor y director franc\u00e9s Jacques Tati. \u2018Zafarrancho en el circo\u2019 es el t\u00edtulo que se podr\u00e1 ver ma\u00f1ana a partir de las 20 horas. Curiosamente, se trata tambi\u00e9n de la \u00faltima pel\u00edcula que dirigi\u00f3 Tati. La entrada es libre, previa retirada de invitaciones<\/p>\n<p>A trav\u00e9s de un espect\u00e1culo de circo participativo y disparatado, Jacques Tati vuelve a dar vida a sus pantomimas y se ocupa de la transici\u00f3n entre los n\u00fameros de los m\u00fasicos, los malabaristas, los magos y los acr\u00f3batas, convirti\u00e9ndose en el se\u00f1or Loyal del Stockholm Cirkus. Tati pasa as\u00ed el testigo a muchos j\u00f3venes artistas, a quienes les gustaba transmitir su experiencia. Esta \u00faltima pel\u00edcula de Jacques Tati resuena como un alegre homenaje al espect\u00e1culo en vivo y recuerda los comienzos en el musical-hall del gran artista.<\/p>\n<p>Desde el pasado 20 de julio, Civivox Condestable ha repasado la filmograf\u00eda como director de Jacques Tati. Seis pel\u00edculas, rodadas entre 1949 y 1974, que lo consagraron como heredero del mejor cine mudo americano y un revolucionario en sus planteamientos cinematogr\u00e1ficos que abordan, desde la s\u00e1tira intelectual, la llegada de la modernidad. Tati se basa en la construcci\u00f3n de personajes antih\u00e9roes para narrar, a trav\u00e9s de sus miradas y sus vivencias, la evoluci\u00f3n de Francia y del conjunto de Europa desde la Segunda Guerra Mundial hasta los a\u00f1os 70.<\/p>\n<p>&nbsp;<\/p>\n<p>Ciclo de cine Jacques Tati. Civivox Condestable<\/p>\n<p><strong>Viernes 24 de agosto, 20 horas<\/strong><\/p>\n<ul>\n<li><strong>Zafarrancho en el circo<\/strong> (Parade, 1974). 90 min. VOS. Color<\/li>\n<li>Entrada libre, previa retirada de invitaci\u00f3n<\/li>\n<\/ul>\n<p>&nbsp;<\/p>\n","protected":false},"excerpt":{"rendered":"<p>La pel\u00edcula, que se proyecta en versi\u00f3n original subtitulada, comenzar\u00e1 a las 20 horas, con entrada libre previa retirada de invitaciones<\/p>\n","protected":false},"author":1,"featured_media":18517,"comment_status":"open","ping_status":"closed","sticky":false,"template":"","format":"standard","meta":{"footnotes":""},"categories":[2],"tags":[],"class_list":["post-18516","post","type-post","status-publish","format-standard","has-post-thumbnail","hentry","category-ayuntamiento-pamplona"],"yoast_head":"<!-- This site is optimized with the Yoast SEO plugin v27.9 - https:\/\/yoast.com\/product\/yoast-seo-wordpress\/ -->\n<title>\u2018Zafarrancho en el circo\u2019 cierra este viernes el ciclo sobre el cineasta franc\u00e9s Jacques Tati, que se ha proyectado en Civivox Condestable desde el pasado mes de julio<\/title>\n<meta name=\"robots\" content=\"index, follow, max-snippet:-1, max-image-preview:large, max-video-preview:-1\" \/>\n<link rel=\"canonical\" href=\"https:\/\/www.laguiadepamplona.com\/actualidad\/zafarrancho-en-el-circo-cierra-este-viernes-el-ciclo-sobre-el-cineasta-frances-jacques-tati-que-se-ha-proyectado-en-civivox-condestable-desde-el-pasado-mes-de-julio\/\" \/>\n<meta property=\"og:locale\" content=\"es_ES\" \/>\n<meta property=\"og:type\" content=\"article\" \/>\n<meta property=\"og:title\" content=\"\u2018Zafarrancho en el circo\u2019 cierra este viernes el ciclo sobre el cineasta franc\u00e9s Jacques Tati, que se ha proyectado en Civivox Condestable desde el pasado mes de julio\" \/>\n<meta property=\"og:description\" content=\"La pel\u00edcula, que se proyecta en versi\u00f3n original subtitulada, comenzar\u00e1 a las 20 horas, con entrada libre previa retirada de invitaciones\" \/>\n<meta property=\"og:url\" content=\"https:\/\/www.laguiadepamplona.com\/actualidad\/zafarrancho-en-el-circo-cierra-este-viernes-el-ciclo-sobre-el-cineasta-frances-jacques-tati-que-se-ha-proyectado-en-civivox-condestable-desde-el-pasado-mes-de-julio\/\" \/>\n<meta property=\"og:site_name\" content=\"La Gu\u00eda de Pamplona Noticias y actualidad\" \/>\n<meta property=\"article:publisher\" content=\"https:\/\/www.facebook.com\/laguiadepamplonacom-133175176762273\/?ref=hl\" \/>\n<meta property=\"article:published_time\" content=\"2018-08-23T10:36:44+00:00\" \/>\n<meta property=\"og:image\" content=\"https:\/\/www.laguiadepamplona.com\/actualidad\/wp-content\/uploads\/2018\/08\/Zafarrancho-en-el-circo.jpg\" \/>\n\t<meta property=\"og:image:width\" content=\"790\" \/>\n\t<meta property=\"og:image:height\" content=\"398\" \/>\n\t<meta property=\"og:image:type\" content=\"image\/jpeg\" \/>\n<meta name=\"author\" content=\"La Gu\u00eda de Pamplona\" \/>\n<meta name=\"twitter:card\" content=\"summary_large_image\" \/>\n<meta name=\"twitter:creator\" content=\"@LaGuiadPamplona\" \/>\n<meta name=\"twitter:site\" content=\"@LaGuiadPamplona\" \/>\n<meta name=\"twitter:label1\" content=\"Escrito por\" \/>\n\t<meta name=\"twitter:data1\" content=\"La Gu\u00eda de Pamplona\" \/>\n\t<meta name=\"twitter:label2\" content=\"Tiempo de lectura\" \/>\n\t<meta name=\"twitter:data2\" content=\"2 minutos\" \/>\n<script type=\"application\/ld+json\" class=\"yoast-schema-graph\">{\"@context\":\"https:\\\/\\\/schema.org\",\"@graph\":[{\"@type\":\"Article\",\"@id\":\"https:\\\/\\\/www.laguiadepamplona.com\\\/actualidad\\\/zafarrancho-en-el-circo-cierra-este-viernes-el-ciclo-sobre-el-cineasta-frances-jacques-tati-que-se-ha-proyectado-en-civivox-condestable-desde-el-pasado-mes-de-julio\\\/#article\",\"isPartOf\":{\"@id\":\"https:\\\/\\\/www.laguiadepamplona.com\\\/actualidad\\\/zafarrancho-en-el-circo-cierra-este-viernes-el-ciclo-sobre-el-cineasta-frances-jacques-tati-que-se-ha-proyectado-en-civivox-condestable-desde-el-pasado-mes-de-julio\\\/\"},\"author\":{\"name\":\"La Gu\u00eda de Pamplona\",\"@id\":\"https:\\\/\\\/www.laguiadepamplona.com\\\/actualidad\\\/#\\\/schema\\\/person\\\/efe887376f0213d4657c93adc50b1fdb\"},\"headline\":\"\u2018Zafarrancho en el circo\u2019 cierra este viernes el ciclo sobre el cineasta franc\u00e9s Jacques Tati, que se ha proyectado en Civivox Condestable desde el pasado mes de julio\",\"datePublished\":\"2018-08-23T10:36:44+00:00\",\"mainEntityOfPage\":{\"@id\":\"https:\\\/\\\/www.laguiadepamplona.com\\\/actualidad\\\/zafarrancho-en-el-circo-cierra-este-viernes-el-ciclo-sobre-el-cineasta-frances-jacques-tati-que-se-ha-proyectado-en-civivox-condestable-desde-el-pasado-mes-de-julio\\\/\"},\"wordCount\":341,\"commentCount\":0,\"publisher\":{\"@id\":\"https:\\\/\\\/www.laguiadepamplona.com\\\/actualidad\\\/#organization\"},\"image\":{\"@id\":\"https:\\\/\\\/www.laguiadepamplona.com\\\/actualidad\\\/zafarrancho-en-el-circo-cierra-este-viernes-el-ciclo-sobre-el-cineasta-frances-jacques-tati-que-se-ha-proyectado-en-civivox-condestable-desde-el-pasado-mes-de-julio\\\/#primaryimage\"},\"thumbnailUrl\":\"https:\\\/\\\/www.laguiadepamplona.com\\\/actualidad\\\/wp-content\\\/uploads\\\/2018\\\/08\\\/Zafarrancho-en-el-circo.jpg\",\"articleSection\":[\"Ayto Pamplona\"],\"inLanguage\":\"es\",\"potentialAction\":[{\"@type\":\"CommentAction\",\"name\":\"Comment\",\"target\":[\"https:\\\/\\\/www.laguiadepamplona.com\\\/actualidad\\\/zafarrancho-en-el-circo-cierra-este-viernes-el-ciclo-sobre-el-cineasta-frances-jacques-tati-que-se-ha-proyectado-en-civivox-condestable-desde-el-pasado-mes-de-julio\\\/#respond\"]}]},{\"@type\":\"WebPage\",\"@id\":\"https:\\\/\\\/www.laguiadepamplona.com\\\/actualidad\\\/zafarrancho-en-el-circo-cierra-este-viernes-el-ciclo-sobre-el-cineasta-frances-jacques-tati-que-se-ha-proyectado-en-civivox-condestable-desde-el-pasado-mes-de-julio\\\/\",\"url\":\"https:\\\/\\\/www.laguiadepamplona.com\\\/actualidad\\\/zafarrancho-en-el-circo-cierra-este-viernes-el-ciclo-sobre-el-cineasta-frances-jacques-tati-que-se-ha-proyectado-en-civivox-condestable-desde-el-pasado-mes-de-julio\\\/\",\"name\":\"\u2018Zafarrancho en el circo\u2019 cierra este viernes el ciclo sobre el cineasta franc\u00e9s Jacques Tati, que se ha proyectado en Civivox Condestable desde el pasado mes de julio\",\"isPartOf\":{\"@id\":\"https:\\\/\\\/www.laguiadepamplona.com\\\/actualidad\\\/#website\"},\"primaryImageOfPage\":{\"@id\":\"https:\\\/\\\/www.laguiadepamplona.com\\\/actualidad\\\/zafarrancho-en-el-circo-cierra-este-viernes-el-ciclo-sobre-el-cineasta-frances-jacques-tati-que-se-ha-proyectado-en-civivox-condestable-desde-el-pasado-mes-de-julio\\\/#primaryimage\"},\"image\":{\"@id\":\"https:\\\/\\\/www.laguiadepamplona.com\\\/actualidad\\\/zafarrancho-en-el-circo-cierra-este-viernes-el-ciclo-sobre-el-cineasta-frances-jacques-tati-que-se-ha-proyectado-en-civivox-condestable-desde-el-pasado-mes-de-julio\\\/#primaryimage\"},\"thumbnailUrl\":\"https:\\\/\\\/www.laguiadepamplona.com\\\/actualidad\\\/wp-content\\\/uploads\\\/2018\\\/08\\\/Zafarrancho-en-el-circo.jpg\",\"datePublished\":\"2018-08-23T10:36:44+00:00\",\"breadcrumb\":{\"@id\":\"https:\\\/\\\/www.laguiadepamplona.com\\\/actualidad\\\/zafarrancho-en-el-circo-cierra-este-viernes-el-ciclo-sobre-el-cineasta-frances-jacques-tati-que-se-ha-proyectado-en-civivox-condestable-desde-el-pasado-mes-de-julio\\\/#breadcrumb\"},\"inLanguage\":\"es\",\"potentialAction\":[{\"@type\":\"ReadAction\",\"target\":[\"https:\\\/\\\/www.laguiadepamplona.com\\\/actualidad\\\/zafarrancho-en-el-circo-cierra-este-viernes-el-ciclo-sobre-el-cineasta-frances-jacques-tati-que-se-ha-proyectado-en-civivox-condestable-desde-el-pasado-mes-de-julio\\\/\"]}]},{\"@type\":\"ImageObject\",\"inLanguage\":\"es\",\"@id\":\"https:\\\/\\\/www.laguiadepamplona.com\\\/actualidad\\\/zafarrancho-en-el-circo-cierra-este-viernes-el-ciclo-sobre-el-cineasta-frances-jacques-tati-que-se-ha-proyectado-en-civivox-condestable-desde-el-pasado-mes-de-julio\\\/#primaryimage\",\"url\":\"https:\\\/\\\/www.laguiadepamplona.com\\\/actualidad\\\/wp-content\\\/uploads\\\/2018\\\/08\\\/Zafarrancho-en-el-circo.jpg\",\"contentUrl\":\"https:\\\/\\\/www.laguiadepamplona.com\\\/actualidad\\\/wp-content\\\/uploads\\\/2018\\\/08\\\/Zafarrancho-en-el-circo.jpg\",\"width\":790,\"height\":398},{\"@type\":\"BreadcrumbList\",\"@id\":\"https:\\\/\\\/www.laguiadepamplona.com\\\/actualidad\\\/zafarrancho-en-el-circo-cierra-este-viernes-el-ciclo-sobre-el-cineasta-frances-jacques-tati-que-se-ha-proyectado-en-civivox-condestable-desde-el-pasado-mes-de-julio\\\/#breadcrumb\",\"itemListElement\":[{\"@type\":\"ListItem\",\"position\":1,\"name\":\"Portada\",\"item\":\"https:\\\/\\\/www.laguiadepamplona.com\\\/actualidad\\\/\"},{\"@type\":\"ListItem\",\"position\":2,\"name\":\"\u2018Zafarrancho en el circo\u2019 cierra este viernes el ciclo sobre el cineasta franc\u00e9s Jacques Tati, que se ha proyectado en Civivox Condestable desde el pasado mes de julio\"}]},{\"@type\":\"WebSite\",\"@id\":\"https:\\\/\\\/www.laguiadepamplona.com\\\/actualidad\\\/#website\",\"url\":\"https:\\\/\\\/www.laguiadepamplona.com\\\/actualidad\\\/\",\"name\":\"La gu\u00eda de Pamplona\",\"description\":\"Noticias de Pamplona\",\"publisher\":{\"@id\":\"https:\\\/\\\/www.laguiadepamplona.com\\\/actualidad\\\/#organization\"},\"potentialAction\":[{\"@type\":\"SearchAction\",\"target\":{\"@type\":\"EntryPoint\",\"urlTemplate\":\"https:\\\/\\\/www.laguiadepamplona.com\\\/actualidad\\\/?s={search_term_string}\"},\"query-input\":{\"@type\":\"PropertyValueSpecification\",\"valueRequired\":true,\"valueName\":\"search_term_string\"}}],\"inLanguage\":\"es\"},{\"@type\":\"Organization\",\"@id\":\"https:\\\/\\\/www.laguiadepamplona.com\\\/actualidad\\\/#organization\",\"name\":\"La Gu\u00eda de Pamplona \\\/ Noticias\",\"url\":\"https:\\\/\\\/www.laguiadepamplona.com\\\/actualidad\\\/\",\"logo\":{\"@type\":\"ImageObject\",\"inLanguage\":\"es\",\"@id\":\"https:\\\/\\\/www.laguiadepamplona.com\\\/actualidad\\\/#\\\/schema\\\/logo\\\/image\\\/\",\"url\":\"https:\\\/\\\/www.laguiadepamplona.com\\\/actualidad\\\/wp-content\\\/uploads\\\/2018\\\/11\\\/logo-laguiadepamplona18-web1.png\",\"contentUrl\":\"https:\\\/\\\/www.laguiadepamplona.com\\\/actualidad\\\/wp-content\\\/uploads\\\/2018\\\/11\\\/logo-laguiadepamplona18-web1.png\",\"width\":600,\"height\":196,\"caption\":\"La Gu\u00eda de Pamplona \\\/ Noticias\"},\"image\":{\"@id\":\"https:\\\/\\\/www.laguiadepamplona.com\\\/actualidad\\\/#\\\/schema\\\/logo\\\/image\\\/\"},\"sameAs\":[\"https:\\\/\\\/www.facebook.com\\\/laguiadepamplonacom-133175176762273\\\/?ref=hl\",\"https:\\\/\\\/x.com\\\/LaGuiadPamplona\",\"https:\\\/\\\/www.instagram.com\\\/la_guia_de_pamplona\\\/\",\"https:\\\/\\\/www.youtube.com\\\/user\\\/laguiadepamplona\"]},{\"@type\":\"Person\",\"@id\":\"https:\\\/\\\/www.laguiadepamplona.com\\\/actualidad\\\/#\\\/schema\\\/person\\\/efe887376f0213d4657c93adc50b1fdb\",\"name\":\"La Gu\u00eda de Pamplona\",\"image\":{\"@type\":\"ImageObject\",\"inLanguage\":\"es\",\"@id\":\"https:\\\/\\\/secure.gravatar.com\\\/avatar\\\/b6992f131dc8d30ab0dff15446e9d346d9dbd95992de0fef795073f5ea83a81c?s=96&d=mm&r=g\",\"url\":\"https:\\\/\\\/secure.gravatar.com\\\/avatar\\\/b6992f131dc8d30ab0dff15446e9d346d9dbd95992de0fef795073f5ea83a81c?s=96&d=mm&r=g\",\"contentUrl\":\"https:\\\/\\\/secure.gravatar.com\\\/avatar\\\/b6992f131dc8d30ab0dff15446e9d346d9dbd95992de0fef795073f5ea83a81c?s=96&d=mm&r=g\",\"caption\":\"La Gu\u00eda de Pamplona\"}}]}<\/script>\n<!-- \/ Yoast SEO plugin. -->","yoast_head_json":{"title":"\u2018Zafarrancho en el circo\u2019 cierra este viernes el ciclo sobre el cineasta franc\u00e9s Jacques Tati, que se ha proyectado en Civivox Condestable desde el pasado mes de julio","robots":{"index":"index","follow":"follow","max-snippet":"max-snippet:-1","max-image-preview":"max-image-preview:large","max-video-preview":"max-video-preview:-1"},"canonical":"https:\/\/www.laguiadepamplona.com\/actualidad\/zafarrancho-en-el-circo-cierra-este-viernes-el-ciclo-sobre-el-cineasta-frances-jacques-tati-que-se-ha-proyectado-en-civivox-condestable-desde-el-pasado-mes-de-julio\/","og_locale":"es_ES","og_type":"article","og_title":"\u2018Zafarrancho en el circo\u2019 cierra este viernes el ciclo sobre el cineasta franc\u00e9s Jacques Tati, que se ha proyectado en Civivox Condestable desde el pasado mes de julio","og_description":"La pel\u00edcula, que se proyecta en versi\u00f3n original subtitulada, comenzar\u00e1 a las 20 horas, con entrada libre previa retirada de invitaciones","og_url":"https:\/\/www.laguiadepamplona.com\/actualidad\/zafarrancho-en-el-circo-cierra-este-viernes-el-ciclo-sobre-el-cineasta-frances-jacques-tati-que-se-ha-proyectado-en-civivox-condestable-desde-el-pasado-mes-de-julio\/","og_site_name":"La Gu\u00eda de Pamplona Noticias y actualidad","article_publisher":"https:\/\/www.facebook.com\/laguiadepamplonacom-133175176762273\/?ref=hl","article_published_time":"2018-08-23T10:36:44+00:00","og_image":[{"width":790,"height":398,"url":"https:\/\/www.laguiadepamplona.com\/actualidad\/wp-content\/uploads\/2018\/08\/Zafarrancho-en-el-circo.jpg","type":"image\/jpeg"}],"author":"La Gu\u00eda de Pamplona","twitter_card":"summary_large_image","twitter_creator":"@LaGuiadPamplona","twitter_site":"@LaGuiadPamplona","twitter_misc":{"Escrito por":"La Gu\u00eda de Pamplona","Tiempo de lectura":"2 minutos"},"schema":{"@context":"https:\/\/schema.org","@graph":[{"@type":"Article","@id":"https:\/\/www.laguiadepamplona.com\/actualidad\/zafarrancho-en-el-circo-cierra-este-viernes-el-ciclo-sobre-el-cineasta-frances-jacques-tati-que-se-ha-proyectado-en-civivox-condestable-desde-el-pasado-mes-de-julio\/#article","isPartOf":{"@id":"https:\/\/www.laguiadepamplona.com\/actualidad\/zafarrancho-en-el-circo-cierra-este-viernes-el-ciclo-sobre-el-cineasta-frances-jacques-tati-que-se-ha-proyectado-en-civivox-condestable-desde-el-pasado-mes-de-julio\/"},"author":{"name":"La Gu\u00eda de Pamplona","@id":"https:\/\/www.laguiadepamplona.com\/actualidad\/#\/schema\/person\/efe887376f0213d4657c93adc50b1fdb"},"headline":"\u2018Zafarrancho en el circo\u2019 cierra este viernes el ciclo sobre el cineasta franc\u00e9s Jacques Tati, que se ha proyectado en Civivox Condestable desde el pasado mes de julio","datePublished":"2018-08-23T10:36:44+00:00","mainEntityOfPage":{"@id":"https:\/\/www.laguiadepamplona.com\/actualidad\/zafarrancho-en-el-circo-cierra-este-viernes-el-ciclo-sobre-el-cineasta-frances-jacques-tati-que-se-ha-proyectado-en-civivox-condestable-desde-el-pasado-mes-de-julio\/"},"wordCount":341,"commentCount":0,"publisher":{"@id":"https:\/\/www.laguiadepamplona.com\/actualidad\/#organization"},"image":{"@id":"https:\/\/www.laguiadepamplona.com\/actualidad\/zafarrancho-en-el-circo-cierra-este-viernes-el-ciclo-sobre-el-cineasta-frances-jacques-tati-que-se-ha-proyectado-en-civivox-condestable-desde-el-pasado-mes-de-julio\/#primaryimage"},"thumbnailUrl":"https:\/\/www.laguiadepamplona.com\/actualidad\/wp-content\/uploads\/2018\/08\/Zafarrancho-en-el-circo.jpg","articleSection":["Ayto Pamplona"],"inLanguage":"es","potentialAction":[{"@type":"CommentAction","name":"Comment","target":["https:\/\/www.laguiadepamplona.com\/actualidad\/zafarrancho-en-el-circo-cierra-este-viernes-el-ciclo-sobre-el-cineasta-frances-jacques-tati-que-se-ha-proyectado-en-civivox-condestable-desde-el-pasado-mes-de-julio\/#respond"]}]},{"@type":"WebPage","@id":"https:\/\/www.laguiadepamplona.com\/actualidad\/zafarrancho-en-el-circo-cierra-este-viernes-el-ciclo-sobre-el-cineasta-frances-jacques-tati-que-se-ha-proyectado-en-civivox-condestable-desde-el-pasado-mes-de-julio\/","url":"https:\/\/www.laguiadepamplona.com\/actualidad\/zafarrancho-en-el-circo-cierra-este-viernes-el-ciclo-sobre-el-cineasta-frances-jacques-tati-que-se-ha-proyectado-en-civivox-condestable-desde-el-pasado-mes-de-julio\/","name":"\u2018Zafarrancho en el circo\u2019 cierra este viernes el ciclo sobre el cineasta franc\u00e9s Jacques Tati, que se ha proyectado en Civivox Condestable desde el pasado mes de julio","isPartOf":{"@id":"https:\/\/www.laguiadepamplona.com\/actualidad\/#website"},"primaryImageOfPage":{"@id":"https:\/\/www.laguiadepamplona.com\/actualidad\/zafarrancho-en-el-circo-cierra-este-viernes-el-ciclo-sobre-el-cineasta-frances-jacques-tati-que-se-ha-proyectado-en-civivox-condestable-desde-el-pasado-mes-de-julio\/#primaryimage"},"image":{"@id":"https:\/\/www.laguiadepamplona.com\/actualidad\/zafarrancho-en-el-circo-cierra-este-viernes-el-ciclo-sobre-el-cineasta-frances-jacques-tati-que-se-ha-proyectado-en-civivox-condestable-desde-el-pasado-mes-de-julio\/#primaryimage"},"thumbnailUrl":"https:\/\/www.laguiadepamplona.com\/actualidad\/wp-content\/uploads\/2018\/08\/Zafarrancho-en-el-circo.jpg","datePublished":"2018-08-23T10:36:44+00:00","breadcrumb":{"@id":"https:\/\/www.laguiadepamplona.com\/actualidad\/zafarrancho-en-el-circo-cierra-este-viernes-el-ciclo-sobre-el-cineasta-frances-jacques-tati-que-se-ha-proyectado-en-civivox-condestable-desde-el-pasado-mes-de-julio\/#breadcrumb"},"inLanguage":"es","potentialAction":[{"@type":"ReadAction","target":["https:\/\/www.laguiadepamplona.com\/actualidad\/zafarrancho-en-el-circo-cierra-este-viernes-el-ciclo-sobre-el-cineasta-frances-jacques-tati-que-se-ha-proyectado-en-civivox-condestable-desde-el-pasado-mes-de-julio\/"]}]},{"@type":"ImageObject","inLanguage":"es","@id":"https:\/\/www.laguiadepamplona.com\/actualidad\/zafarrancho-en-el-circo-cierra-este-viernes-el-ciclo-sobre-el-cineasta-frances-jacques-tati-que-se-ha-proyectado-en-civivox-condestable-desde-el-pasado-mes-de-julio\/#primaryimage","url":"https:\/\/www.laguiadepamplona.com\/actualidad\/wp-content\/uploads\/2018\/08\/Zafarrancho-en-el-circo.jpg","contentUrl":"https:\/\/www.laguiadepamplona.com\/actualidad\/wp-content\/uploads\/2018\/08\/Zafarrancho-en-el-circo.jpg","width":790,"height":398},{"@type":"BreadcrumbList","@id":"https:\/\/www.laguiadepamplona.com\/actualidad\/zafarrancho-en-el-circo-cierra-este-viernes-el-ciclo-sobre-el-cineasta-frances-jacques-tati-que-se-ha-proyectado-en-civivox-condestable-desde-el-pasado-mes-de-julio\/#breadcrumb","itemListElement":[{"@type":"ListItem","position":1,"name":"Portada","item":"https:\/\/www.laguiadepamplona.com\/actualidad\/"},{"@type":"ListItem","position":2,"name":"\u2018Zafarrancho en el circo\u2019 cierra este viernes el ciclo sobre el cineasta franc\u00e9s Jacques Tati, que se ha proyectado en Civivox Condestable desde el pasado mes de julio"}]},{"@type":"WebSite","@id":"https:\/\/www.laguiadepamplona.com\/actualidad\/#website","url":"https:\/\/www.laguiadepamplona.com\/actualidad\/","name":"La gu\u00eda de Pamplona","description":"Noticias de Pamplona","publisher":{"@id":"https:\/\/www.laguiadepamplona.com\/actualidad\/#organization"},"potentialAction":[{"@type":"SearchAction","target":{"@type":"EntryPoint","urlTemplate":"https:\/\/www.laguiadepamplona.com\/actualidad\/?s={search_term_string}"},"query-input":{"@type":"PropertyValueSpecification","valueRequired":true,"valueName":"search_term_string"}}],"inLanguage":"es"},{"@type":"Organization","@id":"https:\/\/www.laguiadepamplona.com\/actualidad\/#organization","name":"La Gu\u00eda de Pamplona \/ Noticias","url":"https:\/\/www.laguiadepamplona.com\/actualidad\/","logo":{"@type":"ImageObject","inLanguage":"es","@id":"https:\/\/www.laguiadepamplona.com\/actualidad\/#\/schema\/logo\/image\/","url":"https:\/\/www.laguiadepamplona.com\/actualidad\/wp-content\/uploads\/2018\/11\/logo-laguiadepamplona18-web1.png","contentUrl":"https:\/\/www.laguiadepamplona.com\/actualidad\/wp-content\/uploads\/2018\/11\/logo-laguiadepamplona18-web1.png","width":600,"height":196,"caption":"La Gu\u00eda de Pamplona \/ Noticias"},"image":{"@id":"https:\/\/www.laguiadepamplona.com\/actualidad\/#\/schema\/logo\/image\/"},"sameAs":["https:\/\/www.facebook.com\/laguiadepamplonacom-133175176762273\/?ref=hl","https:\/\/x.com\/LaGuiadPamplona","https:\/\/www.instagram.com\/la_guia_de_pamplona\/","https:\/\/www.youtube.com\/user\/laguiadepamplona"]},{"@type":"Person","@id":"https:\/\/www.laguiadepamplona.com\/actualidad\/#\/schema\/person\/efe887376f0213d4657c93adc50b1fdb","name":"La Gu\u00eda de Pamplona","image":{"@type":"ImageObject","inLanguage":"es","@id":"https:\/\/secure.gravatar.com\/avatar\/b6992f131dc8d30ab0dff15446e9d346d9dbd95992de0fef795073f5ea83a81c?s=96&d=mm&r=g","url":"https:\/\/secure.gravatar.com\/avatar\/b6992f131dc8d30ab0dff15446e9d346d9dbd95992de0fef795073f5ea83a81c?s=96&d=mm&r=g","contentUrl":"https:\/\/secure.gravatar.com\/avatar\/b6992f131dc8d30ab0dff15446e9d346d9dbd95992de0fef795073f5ea83a81c?s=96&d=mm&r=g","caption":"La Gu\u00eda de Pamplona"}}]}},"post_mailing_queue_ids":[],"_links":{"self":[{"href":"https:\/\/www.laguiadepamplona.com\/actualidad\/wp-json\/wp\/v2\/posts\/18516","targetHints":{"allow":["GET"]}}],"collection":[{"href":"https:\/\/www.laguiadepamplona.com\/actualidad\/wp-json\/wp\/v2\/posts"}],"about":[{"href":"https:\/\/www.laguiadepamplona.com\/actualidad\/wp-json\/wp\/v2\/types\/post"}],"author":[{"embeddable":true,"href":"https:\/\/www.laguiadepamplona.com\/actualidad\/wp-json\/wp\/v2\/users\/1"}],"replies":[{"embeddable":true,"href":"https:\/\/www.laguiadepamplona.com\/actualidad\/wp-json\/wp\/v2\/comments?post=18516"}],"version-history":[{"count":0,"href":"https:\/\/www.laguiadepamplona.com\/actualidad\/wp-json\/wp\/v2\/posts\/18516\/revisions"}],"wp:featuredmedia":[{"embeddable":true,"href":"https:\/\/www.laguiadepamplona.com\/actualidad\/wp-json\/wp\/v2\/media\/18517"}],"wp:attachment":[{"href":"https:\/\/www.laguiadepamplona.com\/actualidad\/wp-json\/wp\/v2\/media?parent=18516"}],"wp:term":[{"taxonomy":"category","embeddable":true,"href":"https:\/\/www.laguiadepamplona.com\/actualidad\/wp-json\/wp\/v2\/categories?post=18516"},{"taxonomy":"post_tag","embeddable":true,"href":"https:\/\/www.laguiadepamplona.com\/actualidad\/wp-json\/wp\/v2\/tags?post=18516"}],"curies":[{"name":"wp","href":"https:\/\/api.w.org\/{rel}","templated":true}]}}