{"id":18478,"date":"2018-08-20T13:06:37","date_gmt":"2018-08-20T11:06:37","guid":{"rendered":"https:\/\/www.laguiadepamplona.es\/actualidad\/?p=18478"},"modified":"2018-08-20T13:06:37","modified_gmt":"2018-08-20T11:06:37","slug":"danza-sobre-zancos-y-musica-y-humor-propuestas-de-la-compania-maduixa-y-el-duo-antilopez-manana-martes-en-ciudadela-dentro-del-festival-de-las-murallas","status":"publish","type":"post","link":"https:\/\/www.laguiadepamplona.com\/actualidad\/danza-sobre-zancos-y-musica-y-humor-propuestas-de-la-compania-maduixa-y-el-duo-antilopez-manana-martes-en-ciudadela-dentro-del-festival-de-las-murallas\/","title":{"rendered":"Danza sobre zancos y m\u00fasica y humor, propuestas de la compa\u00f1\u00eda Maduixa y el d\u00fao Ant\u00edlopez, ma\u00f1ana martes en Ciudadela, dentro del Festival de las Murallas"},"content":{"rendered":"<h3>La actuaci\u00f3n de danza comenzar\u00e1 a las 20 horas y el concierto a las 21 horas, ambas con entrada libre<\/h3>\n<p><!--more--><\/p>\n<p>Pen\u00faltimo d\u00eda de actuaciones del Festival de las Murallas. Ma\u00f1ana martes ser\u00e1 el turno en los escenarios de Ciudadela de la danza sobre zancos que propone la compa\u00f1\u00eda valenciana Maduixa y de la m\u00fasica sarc\u00e1stica, irreverente, sincera y humor\u00edstica del d\u00fao Ant\u00edlopez. La tarde comenzar\u00e1 a las 20 horas con la danza y una hora despu\u00e9s, a las 21 horas, se iniciar\u00e1 el concierto. Ambas actividades tienen la entrada libre.<\/p>\n<p>\u2018Mul\u00efer\u2019 es un espect\u00e1culo de danza de sobre zancos interpretado por cinco bailarinas de la compa\u00f1\u00eda Maduixa, que juegan con la m\u00fasica y el equilibrio, el movimiento y la poes\u00eda o la fuerza y las emociones. Comenzar\u00e1 las 20 horas en el escenario de Ciudadela junto al lienzo de muralla. Las mujeres son el punto de partida. El espect\u00e1culo nace de la necesidad de explorar la identidad femenina a trav\u00e9s del juego corporal, haciendo hincapi\u00e9 en la imagen, la po\u00e9tica visual y la narraci\u00f3n para llegar a la sensibilidad del espectador. Este montaje es un homenaje a todas las mujeres que han luchado y siguen luchando para mantener vivo su yo salvaje y que reclaman su derecho a bailar y correr libremente por las calles y plazas.<\/p>\n<p>Maduixa nace en Sueca (Valencia) en 2004 de la mano de Joan Santacreu, con creaciones teatrales de sala y calle para todos los p\u00fablicos. La compa\u00f1\u00eda ha logrado consolidarse en el sector profesional con la creaci\u00f3n de espect\u00e1culos singulares, un trabajo rigurosos y una delicada investigaci\u00f3n en el proceso de sus montajes. Han realizado una extensa gira por m\u00e1s de 20 pa\u00edses de Europa, Asia, Am\u00e9rica del Norte y Centroam\u00e9rica y ha recibido una veintena de galardones, entre ellos el Premio Max 2015 o el Premio Fet\u00e9n al Mejor Espect\u00e1culo Infantil \u2018DOT\u2019. A lo largo de su carrera, Maduixa ha realizado m\u00e1s de 2.500 representaciones y que han visto m\u00e1s de un mill\u00f3n de espectadores.<\/p>\n<p><script async src=\"\/\/pagead2.googlesyndication.com\/pagead\/js\/adsbygoogle.js\"><\/script><br \/>\n<!-- Noticias La Guia de Pamplona --><br \/>\n<ins class=\"adsbygoogle\"\nstyle=\"display:block\"\ndata-ad-client=\"ca-pub-6943679897239327\"\ndata-ad-slot=\"7048180777\"\ndata-ad-format=\"auto\"><\/ins><br \/>\n<script>\n(adsbygoogle = window.adsbygoogle || []).push({});\n<\/script><\/p>\n<p><strong>M\u00fasica y humor con Ant\u00edlopez<\/strong><\/p>\n<p>A las 21 horas, en el escenario junto a la Sala de Armas, el d\u00fao Ant\u00edlopez presentar\u00e1 su espect\u00e1culo musical \u2018Desprendimiento de rutina\u2019. Ant\u00edlopez es un d\u00fao de artistas onubenses con un nuevo concepto de canci\u00f3n de autor. Se podr\u00edan definir como el relevo natural de los Sabina, Krahe o el mejor Kiko Veneno, mezclado con el absurdo inteligente de La Trinca, Faemino y Cansado, el virtuosismo de Les Luthiers y el <em>savoir faire<\/em> de Lina Morgan. En definitiva, un estilo personal al que ellos denominan \u201cChiripop\u201d. Detr\u00e1s del proyecto est\u00e1n Jos\u00e9 F\u00e9lix L\u00f3pez Garc\u00eda (voz, guitarra ac\u00fastica\/espa\u00f1ola) y Miguel \u00c1ngel M\u00e1rquez C\u00e1ceres (voz, guitarra ac\u00fastica\/espa\u00f1ola), que estar\u00e1n acompa\u00f1ados por Antonio Romero Baez (teclado), Andr\u00e9s Rodr\u00edguez P\u00e9rez (bater\u00eda y caj\u00f3n) y Jos\u00e9 Luis Mar\u00edn Rodr\u00edguez (guitarra el\u00e9ctrica).<\/p>\n<p>Son compositores e int\u00e9rpretes de sus creaciones y espect\u00e1culos, cuya escena es representativa por un toque de post-humorismo. Un aire desenfadado dentro de lo virtuoso, cercano y sencillo dentro de lo po\u00e9tico, al que aplican con comicidad una extensi\u00f3n de lo que son abajo del escenario: divagaciones, construcci\u00f3n y deconstrucci\u00f3n de personajes, improvisaci\u00f3n, cr\u00edtica social y emocional e interactuaci\u00f3n con el p\u00fablico en sus directos. Tras llenar las salas con su anterior trabajo \u2018Por desamor al arte, Ant\u00edlopez presenta su tercer disco-espect\u00e1culo, bajo su f\u00f3rmula de honestidad, m\u00fasica original, sentido del humor y cercan\u00eda con el p\u00fablico.<\/p>\n<p>&nbsp;<\/p>\n<p><strong>Festival de las Murallas. Ciudadela<\/strong><\/p>\n<ul>\n<li><strong>Martes 21 de agosto. Ciudadela<\/strong><\/li>\n<li>Artes de calle. Danza\/teatro. 20 horas. MADUIXA. \u201cMulier\u201d<\/li>\n<li>M\u00fasica. 21 horas. ANT\u00cdLOPEZ. \u201cDesprendimiento de rutina\u201d<\/li>\n<li><strong>Mi\u00e9rcoles 22 de agosto. Ciudadela<\/strong><\/li>\n<li>Artes de calle. Circo. 22 horas. CIRQUE ROUAGES. \u201cSodade\u201d<\/li>\n<\/ul>\n<p>&nbsp;<\/p>\n","protected":false},"excerpt":{"rendered":"<p>La actuaci\u00f3n de danza comenzar\u00e1 a las 20 horas y el concierto a las 21 horas, ambas con entrada libre<\/p>\n","protected":false},"author":1,"featured_media":18479,"comment_status":"open","ping_status":"closed","sticky":false,"template":"","format":"standard","meta":{"footnotes":""},"categories":[2],"tags":[],"class_list":["post-18478","post","type-post","status-publish","format-standard","has-post-thumbnail","hentry","category-ayuntamiento-pamplona"],"yoast_head":"<!-- This site is optimized with the Yoast SEO plugin v27.9 - https:\/\/yoast.com\/product\/yoast-seo-wordpress\/ -->\n<title>Danza sobre zancos y m\u00fasica y humor, propuestas de la compa\u00f1\u00eda Maduixa y el d\u00fao Ant\u00edlopez, ma\u00f1ana martes en Ciudadela, dentro del Festival de las Murallas<\/title>\n<meta name=\"robots\" content=\"index, follow, max-snippet:-1, max-image-preview:large, max-video-preview:-1\" \/>\n<link rel=\"canonical\" href=\"https:\/\/www.laguiadepamplona.com\/actualidad\/danza-sobre-zancos-y-musica-y-humor-propuestas-de-la-compania-maduixa-y-el-duo-antilopez-manana-martes-en-ciudadela-dentro-del-festival-de-las-murallas\/\" \/>\n<meta property=\"og:locale\" content=\"es_ES\" \/>\n<meta property=\"og:type\" content=\"article\" \/>\n<meta property=\"og:title\" content=\"Danza sobre zancos y m\u00fasica y humor, propuestas de la compa\u00f1\u00eda Maduixa y el d\u00fao Ant\u00edlopez, ma\u00f1ana martes en Ciudadela, dentro del Festival de las Murallas\" \/>\n<meta property=\"og:description\" content=\"La actuaci\u00f3n de danza comenzar\u00e1 a las 20 horas y el concierto a las 21 horas, ambas con entrada libre\" \/>\n<meta property=\"og:url\" content=\"https:\/\/www.laguiadepamplona.com\/actualidad\/danza-sobre-zancos-y-musica-y-humor-propuestas-de-la-compania-maduixa-y-el-duo-antilopez-manana-martes-en-ciudadela-dentro-del-festival-de-las-murallas\/\" \/>\n<meta property=\"og:site_name\" content=\"La Gu\u00eda de Pamplona Noticias y actualidad\" \/>\n<meta property=\"article:publisher\" content=\"https:\/\/www.facebook.com\/laguiadepamplonacom-133175176762273\/?ref=hl\" \/>\n<meta property=\"article:published_time\" content=\"2018-08-20T11:06:37+00:00\" \/>\n<meta property=\"og:image\" content=\"https:\/\/www.laguiadepamplona.com\/actualidad\/wp-content\/uploads\/2018\/08\/ant\u00edlopez.jpg\" \/>\n\t<meta property=\"og:image:width\" content=\"1280\" \/>\n\t<meta property=\"og:image:height\" content=\"700\" \/>\n\t<meta property=\"og:image:type\" content=\"image\/jpeg\" \/>\n<meta name=\"author\" content=\"La Gu\u00eda de Pamplona\" \/>\n<meta name=\"twitter:card\" content=\"summary_large_image\" \/>\n<meta name=\"twitter:creator\" content=\"@LaGuiadPamplona\" \/>\n<meta name=\"twitter:site\" content=\"@LaGuiadPamplona\" \/>\n<meta name=\"twitter:label1\" content=\"Escrito por\" \/>\n\t<meta name=\"twitter:data1\" content=\"La Gu\u00eda de Pamplona\" \/>\n\t<meta name=\"twitter:label2\" content=\"Tiempo de lectura\" \/>\n\t<meta name=\"twitter:data2\" content=\"3 minutos\" \/>\n<script type=\"application\/ld+json\" class=\"yoast-schema-graph\">{\"@context\":\"https:\\\/\\\/schema.org\",\"@graph\":[{\"@type\":\"Article\",\"@id\":\"https:\\\/\\\/www.laguiadepamplona.com\\\/actualidad\\\/danza-sobre-zancos-y-musica-y-humor-propuestas-de-la-compania-maduixa-y-el-duo-antilopez-manana-martes-en-ciudadela-dentro-del-festival-de-las-murallas\\\/#article\",\"isPartOf\":{\"@id\":\"https:\\\/\\\/www.laguiadepamplona.com\\\/actualidad\\\/danza-sobre-zancos-y-musica-y-humor-propuestas-de-la-compania-maduixa-y-el-duo-antilopez-manana-martes-en-ciudadela-dentro-del-festival-de-las-murallas\\\/\"},\"author\":{\"name\":\"La Gu\u00eda de Pamplona\",\"@id\":\"https:\\\/\\\/www.laguiadepamplona.com\\\/actualidad\\\/#\\\/schema\\\/person\\\/efe887376f0213d4657c93adc50b1fdb\"},\"headline\":\"Danza sobre zancos y m\u00fasica y humor, propuestas de la compa\u00f1\u00eda Maduixa y el d\u00fao Ant\u00edlopez, ma\u00f1ana martes en Ciudadela, dentro del Festival de las Murallas\",\"datePublished\":\"2018-08-20T11:06:37+00:00\",\"mainEntityOfPage\":{\"@id\":\"https:\\\/\\\/www.laguiadepamplona.com\\\/actualidad\\\/danza-sobre-zancos-y-musica-y-humor-propuestas-de-la-compania-maduixa-y-el-duo-antilopez-manana-martes-en-ciudadela-dentro-del-festival-de-las-murallas\\\/\"},\"wordCount\":704,\"commentCount\":0,\"publisher\":{\"@id\":\"https:\\\/\\\/www.laguiadepamplona.com\\\/actualidad\\\/#organization\"},\"image\":{\"@id\":\"https:\\\/\\\/www.laguiadepamplona.com\\\/actualidad\\\/danza-sobre-zancos-y-musica-y-humor-propuestas-de-la-compania-maduixa-y-el-duo-antilopez-manana-martes-en-ciudadela-dentro-del-festival-de-las-murallas\\\/#primaryimage\"},\"thumbnailUrl\":\"https:\\\/\\\/www.laguiadepamplona.com\\\/actualidad\\\/wp-content\\\/uploads\\\/2018\\\/08\\\/ant\u00edlopez.jpg\",\"articleSection\":[\"Ayto Pamplona\"],\"inLanguage\":\"es\",\"potentialAction\":[{\"@type\":\"CommentAction\",\"name\":\"Comment\",\"target\":[\"https:\\\/\\\/www.laguiadepamplona.com\\\/actualidad\\\/danza-sobre-zancos-y-musica-y-humor-propuestas-de-la-compania-maduixa-y-el-duo-antilopez-manana-martes-en-ciudadela-dentro-del-festival-de-las-murallas\\\/#respond\"]}]},{\"@type\":\"WebPage\",\"@id\":\"https:\\\/\\\/www.laguiadepamplona.com\\\/actualidad\\\/danza-sobre-zancos-y-musica-y-humor-propuestas-de-la-compania-maduixa-y-el-duo-antilopez-manana-martes-en-ciudadela-dentro-del-festival-de-las-murallas\\\/\",\"url\":\"https:\\\/\\\/www.laguiadepamplona.com\\\/actualidad\\\/danza-sobre-zancos-y-musica-y-humor-propuestas-de-la-compania-maduixa-y-el-duo-antilopez-manana-martes-en-ciudadela-dentro-del-festival-de-las-murallas\\\/\",\"name\":\"Danza sobre zancos y m\u00fasica y humor, propuestas de la compa\u00f1\u00eda Maduixa y el d\u00fao Ant\u00edlopez, ma\u00f1ana martes en Ciudadela, dentro del Festival de las Murallas\",\"isPartOf\":{\"@id\":\"https:\\\/\\\/www.laguiadepamplona.com\\\/actualidad\\\/#website\"},\"primaryImageOfPage\":{\"@id\":\"https:\\\/\\\/www.laguiadepamplona.com\\\/actualidad\\\/danza-sobre-zancos-y-musica-y-humor-propuestas-de-la-compania-maduixa-y-el-duo-antilopez-manana-martes-en-ciudadela-dentro-del-festival-de-las-murallas\\\/#primaryimage\"},\"image\":{\"@id\":\"https:\\\/\\\/www.laguiadepamplona.com\\\/actualidad\\\/danza-sobre-zancos-y-musica-y-humor-propuestas-de-la-compania-maduixa-y-el-duo-antilopez-manana-martes-en-ciudadela-dentro-del-festival-de-las-murallas\\\/#primaryimage\"},\"thumbnailUrl\":\"https:\\\/\\\/www.laguiadepamplona.com\\\/actualidad\\\/wp-content\\\/uploads\\\/2018\\\/08\\\/ant\u00edlopez.jpg\",\"datePublished\":\"2018-08-20T11:06:37+00:00\",\"breadcrumb\":{\"@id\":\"https:\\\/\\\/www.laguiadepamplona.com\\\/actualidad\\\/danza-sobre-zancos-y-musica-y-humor-propuestas-de-la-compania-maduixa-y-el-duo-antilopez-manana-martes-en-ciudadela-dentro-del-festival-de-las-murallas\\\/#breadcrumb\"},\"inLanguage\":\"es\",\"potentialAction\":[{\"@type\":\"ReadAction\",\"target\":[\"https:\\\/\\\/www.laguiadepamplona.com\\\/actualidad\\\/danza-sobre-zancos-y-musica-y-humor-propuestas-de-la-compania-maduixa-y-el-duo-antilopez-manana-martes-en-ciudadela-dentro-del-festival-de-las-murallas\\\/\"]}]},{\"@type\":\"ImageObject\",\"inLanguage\":\"es\",\"@id\":\"https:\\\/\\\/www.laguiadepamplona.com\\\/actualidad\\\/danza-sobre-zancos-y-musica-y-humor-propuestas-de-la-compania-maduixa-y-el-duo-antilopez-manana-martes-en-ciudadela-dentro-del-festival-de-las-murallas\\\/#primaryimage\",\"url\":\"https:\\\/\\\/www.laguiadepamplona.com\\\/actualidad\\\/wp-content\\\/uploads\\\/2018\\\/08\\\/ant\u00edlopez.jpg\",\"contentUrl\":\"https:\\\/\\\/www.laguiadepamplona.com\\\/actualidad\\\/wp-content\\\/uploads\\\/2018\\\/08\\\/ant\u00edlopez.jpg\",\"width\":1280,\"height\":700},{\"@type\":\"BreadcrumbList\",\"@id\":\"https:\\\/\\\/www.laguiadepamplona.com\\\/actualidad\\\/danza-sobre-zancos-y-musica-y-humor-propuestas-de-la-compania-maduixa-y-el-duo-antilopez-manana-martes-en-ciudadela-dentro-del-festival-de-las-murallas\\\/#breadcrumb\",\"itemListElement\":[{\"@type\":\"ListItem\",\"position\":1,\"name\":\"Portada\",\"item\":\"https:\\\/\\\/www.laguiadepamplona.com\\\/actualidad\\\/\"},{\"@type\":\"ListItem\",\"position\":2,\"name\":\"Danza sobre zancos y m\u00fasica y humor, propuestas de la compa\u00f1\u00eda Maduixa y el d\u00fao Ant\u00edlopez, ma\u00f1ana martes en Ciudadela, dentro del Festival de las Murallas\"}]},{\"@type\":\"WebSite\",\"@id\":\"https:\\\/\\\/www.laguiadepamplona.com\\\/actualidad\\\/#website\",\"url\":\"https:\\\/\\\/www.laguiadepamplona.com\\\/actualidad\\\/\",\"name\":\"La gu\u00eda de Pamplona\",\"description\":\"Noticias de Pamplona\",\"publisher\":{\"@id\":\"https:\\\/\\\/www.laguiadepamplona.com\\\/actualidad\\\/#organization\"},\"potentialAction\":[{\"@type\":\"SearchAction\",\"target\":{\"@type\":\"EntryPoint\",\"urlTemplate\":\"https:\\\/\\\/www.laguiadepamplona.com\\\/actualidad\\\/?s={search_term_string}\"},\"query-input\":{\"@type\":\"PropertyValueSpecification\",\"valueRequired\":true,\"valueName\":\"search_term_string\"}}],\"inLanguage\":\"es\"},{\"@type\":\"Organization\",\"@id\":\"https:\\\/\\\/www.laguiadepamplona.com\\\/actualidad\\\/#organization\",\"name\":\"La Gu\u00eda de Pamplona \\\/ Noticias\",\"url\":\"https:\\\/\\\/www.laguiadepamplona.com\\\/actualidad\\\/\",\"logo\":{\"@type\":\"ImageObject\",\"inLanguage\":\"es\",\"@id\":\"https:\\\/\\\/www.laguiadepamplona.com\\\/actualidad\\\/#\\\/schema\\\/logo\\\/image\\\/\",\"url\":\"https:\\\/\\\/www.laguiadepamplona.com\\\/actualidad\\\/wp-content\\\/uploads\\\/2018\\\/11\\\/logo-laguiadepamplona18-web1.png\",\"contentUrl\":\"https:\\\/\\\/www.laguiadepamplona.com\\\/actualidad\\\/wp-content\\\/uploads\\\/2018\\\/11\\\/logo-laguiadepamplona18-web1.png\",\"width\":600,\"height\":196,\"caption\":\"La Gu\u00eda de Pamplona \\\/ Noticias\"},\"image\":{\"@id\":\"https:\\\/\\\/www.laguiadepamplona.com\\\/actualidad\\\/#\\\/schema\\\/logo\\\/image\\\/\"},\"sameAs\":[\"https:\\\/\\\/www.facebook.com\\\/laguiadepamplonacom-133175176762273\\\/?ref=hl\",\"https:\\\/\\\/x.com\\\/LaGuiadPamplona\",\"https:\\\/\\\/www.instagram.com\\\/la_guia_de_pamplona\\\/\",\"https:\\\/\\\/www.youtube.com\\\/user\\\/laguiadepamplona\"]},{\"@type\":\"Person\",\"@id\":\"https:\\\/\\\/www.laguiadepamplona.com\\\/actualidad\\\/#\\\/schema\\\/person\\\/efe887376f0213d4657c93adc50b1fdb\",\"name\":\"La Gu\u00eda de Pamplona\",\"image\":{\"@type\":\"ImageObject\",\"inLanguage\":\"es\",\"@id\":\"https:\\\/\\\/secure.gravatar.com\\\/avatar\\\/b6992f131dc8d30ab0dff15446e9d346d9dbd95992de0fef795073f5ea83a81c?s=96&d=mm&r=g\",\"url\":\"https:\\\/\\\/secure.gravatar.com\\\/avatar\\\/b6992f131dc8d30ab0dff15446e9d346d9dbd95992de0fef795073f5ea83a81c?s=96&d=mm&r=g\",\"contentUrl\":\"https:\\\/\\\/secure.gravatar.com\\\/avatar\\\/b6992f131dc8d30ab0dff15446e9d346d9dbd95992de0fef795073f5ea83a81c?s=96&d=mm&r=g\",\"caption\":\"La Gu\u00eda de Pamplona\"}}]}<\/script>\n<!-- \/ Yoast SEO plugin. -->","yoast_head_json":{"title":"Danza sobre zancos y m\u00fasica y humor, propuestas de la compa\u00f1\u00eda Maduixa y el d\u00fao Ant\u00edlopez, ma\u00f1ana martes en Ciudadela, dentro del Festival de las Murallas","robots":{"index":"index","follow":"follow","max-snippet":"max-snippet:-1","max-image-preview":"max-image-preview:large","max-video-preview":"max-video-preview:-1"},"canonical":"https:\/\/www.laguiadepamplona.com\/actualidad\/danza-sobre-zancos-y-musica-y-humor-propuestas-de-la-compania-maduixa-y-el-duo-antilopez-manana-martes-en-ciudadela-dentro-del-festival-de-las-murallas\/","og_locale":"es_ES","og_type":"article","og_title":"Danza sobre zancos y m\u00fasica y humor, propuestas de la compa\u00f1\u00eda Maduixa y el d\u00fao Ant\u00edlopez, ma\u00f1ana martes en Ciudadela, dentro del Festival de las Murallas","og_description":"La actuaci\u00f3n de danza comenzar\u00e1 a las 20 horas y el concierto a las 21 horas, ambas con entrada libre","og_url":"https:\/\/www.laguiadepamplona.com\/actualidad\/danza-sobre-zancos-y-musica-y-humor-propuestas-de-la-compania-maduixa-y-el-duo-antilopez-manana-martes-en-ciudadela-dentro-del-festival-de-las-murallas\/","og_site_name":"La Gu\u00eda de Pamplona Noticias y actualidad","article_publisher":"https:\/\/www.facebook.com\/laguiadepamplonacom-133175176762273\/?ref=hl","article_published_time":"2018-08-20T11:06:37+00:00","og_image":[{"width":1280,"height":700,"url":"https:\/\/www.laguiadepamplona.com\/actualidad\/wp-content\/uploads\/2018\/08\/ant\u00edlopez.jpg","type":"image\/jpeg"}],"author":"La Gu\u00eda de Pamplona","twitter_card":"summary_large_image","twitter_creator":"@LaGuiadPamplona","twitter_site":"@LaGuiadPamplona","twitter_misc":{"Escrito por":"La Gu\u00eda de Pamplona","Tiempo de lectura":"3 minutos"},"schema":{"@context":"https:\/\/schema.org","@graph":[{"@type":"Article","@id":"https:\/\/www.laguiadepamplona.com\/actualidad\/danza-sobre-zancos-y-musica-y-humor-propuestas-de-la-compania-maduixa-y-el-duo-antilopez-manana-martes-en-ciudadela-dentro-del-festival-de-las-murallas\/#article","isPartOf":{"@id":"https:\/\/www.laguiadepamplona.com\/actualidad\/danza-sobre-zancos-y-musica-y-humor-propuestas-de-la-compania-maduixa-y-el-duo-antilopez-manana-martes-en-ciudadela-dentro-del-festival-de-las-murallas\/"},"author":{"name":"La Gu\u00eda de Pamplona","@id":"https:\/\/www.laguiadepamplona.com\/actualidad\/#\/schema\/person\/efe887376f0213d4657c93adc50b1fdb"},"headline":"Danza sobre zancos y m\u00fasica y humor, propuestas de la compa\u00f1\u00eda Maduixa y el d\u00fao Ant\u00edlopez, ma\u00f1ana martes en Ciudadela, dentro del Festival de las Murallas","datePublished":"2018-08-20T11:06:37+00:00","mainEntityOfPage":{"@id":"https:\/\/www.laguiadepamplona.com\/actualidad\/danza-sobre-zancos-y-musica-y-humor-propuestas-de-la-compania-maduixa-y-el-duo-antilopez-manana-martes-en-ciudadela-dentro-del-festival-de-las-murallas\/"},"wordCount":704,"commentCount":0,"publisher":{"@id":"https:\/\/www.laguiadepamplona.com\/actualidad\/#organization"},"image":{"@id":"https:\/\/www.laguiadepamplona.com\/actualidad\/danza-sobre-zancos-y-musica-y-humor-propuestas-de-la-compania-maduixa-y-el-duo-antilopez-manana-martes-en-ciudadela-dentro-del-festival-de-las-murallas\/#primaryimage"},"thumbnailUrl":"https:\/\/www.laguiadepamplona.com\/actualidad\/wp-content\/uploads\/2018\/08\/ant\u00edlopez.jpg","articleSection":["Ayto Pamplona"],"inLanguage":"es","potentialAction":[{"@type":"CommentAction","name":"Comment","target":["https:\/\/www.laguiadepamplona.com\/actualidad\/danza-sobre-zancos-y-musica-y-humor-propuestas-de-la-compania-maduixa-y-el-duo-antilopez-manana-martes-en-ciudadela-dentro-del-festival-de-las-murallas\/#respond"]}]},{"@type":"WebPage","@id":"https:\/\/www.laguiadepamplona.com\/actualidad\/danza-sobre-zancos-y-musica-y-humor-propuestas-de-la-compania-maduixa-y-el-duo-antilopez-manana-martes-en-ciudadela-dentro-del-festival-de-las-murallas\/","url":"https:\/\/www.laguiadepamplona.com\/actualidad\/danza-sobre-zancos-y-musica-y-humor-propuestas-de-la-compania-maduixa-y-el-duo-antilopez-manana-martes-en-ciudadela-dentro-del-festival-de-las-murallas\/","name":"Danza sobre zancos y m\u00fasica y humor, propuestas de la compa\u00f1\u00eda Maduixa y el d\u00fao Ant\u00edlopez, ma\u00f1ana martes en Ciudadela, dentro del Festival de las Murallas","isPartOf":{"@id":"https:\/\/www.laguiadepamplona.com\/actualidad\/#website"},"primaryImageOfPage":{"@id":"https:\/\/www.laguiadepamplona.com\/actualidad\/danza-sobre-zancos-y-musica-y-humor-propuestas-de-la-compania-maduixa-y-el-duo-antilopez-manana-martes-en-ciudadela-dentro-del-festival-de-las-murallas\/#primaryimage"},"image":{"@id":"https:\/\/www.laguiadepamplona.com\/actualidad\/danza-sobre-zancos-y-musica-y-humor-propuestas-de-la-compania-maduixa-y-el-duo-antilopez-manana-martes-en-ciudadela-dentro-del-festival-de-las-murallas\/#primaryimage"},"thumbnailUrl":"https:\/\/www.laguiadepamplona.com\/actualidad\/wp-content\/uploads\/2018\/08\/ant\u00edlopez.jpg","datePublished":"2018-08-20T11:06:37+00:00","breadcrumb":{"@id":"https:\/\/www.laguiadepamplona.com\/actualidad\/danza-sobre-zancos-y-musica-y-humor-propuestas-de-la-compania-maduixa-y-el-duo-antilopez-manana-martes-en-ciudadela-dentro-del-festival-de-las-murallas\/#breadcrumb"},"inLanguage":"es","potentialAction":[{"@type":"ReadAction","target":["https:\/\/www.laguiadepamplona.com\/actualidad\/danza-sobre-zancos-y-musica-y-humor-propuestas-de-la-compania-maduixa-y-el-duo-antilopez-manana-martes-en-ciudadela-dentro-del-festival-de-las-murallas\/"]}]},{"@type":"ImageObject","inLanguage":"es","@id":"https:\/\/www.laguiadepamplona.com\/actualidad\/danza-sobre-zancos-y-musica-y-humor-propuestas-de-la-compania-maduixa-y-el-duo-antilopez-manana-martes-en-ciudadela-dentro-del-festival-de-las-murallas\/#primaryimage","url":"https:\/\/www.laguiadepamplona.com\/actualidad\/wp-content\/uploads\/2018\/08\/ant\u00edlopez.jpg","contentUrl":"https:\/\/www.laguiadepamplona.com\/actualidad\/wp-content\/uploads\/2018\/08\/ant\u00edlopez.jpg","width":1280,"height":700},{"@type":"BreadcrumbList","@id":"https:\/\/www.laguiadepamplona.com\/actualidad\/danza-sobre-zancos-y-musica-y-humor-propuestas-de-la-compania-maduixa-y-el-duo-antilopez-manana-martes-en-ciudadela-dentro-del-festival-de-las-murallas\/#breadcrumb","itemListElement":[{"@type":"ListItem","position":1,"name":"Portada","item":"https:\/\/www.laguiadepamplona.com\/actualidad\/"},{"@type":"ListItem","position":2,"name":"Danza sobre zancos y m\u00fasica y humor, propuestas de la compa\u00f1\u00eda Maduixa y el d\u00fao Ant\u00edlopez, ma\u00f1ana martes en Ciudadela, dentro del Festival de las Murallas"}]},{"@type":"WebSite","@id":"https:\/\/www.laguiadepamplona.com\/actualidad\/#website","url":"https:\/\/www.laguiadepamplona.com\/actualidad\/","name":"La gu\u00eda de Pamplona","description":"Noticias de Pamplona","publisher":{"@id":"https:\/\/www.laguiadepamplona.com\/actualidad\/#organization"},"potentialAction":[{"@type":"SearchAction","target":{"@type":"EntryPoint","urlTemplate":"https:\/\/www.laguiadepamplona.com\/actualidad\/?s={search_term_string}"},"query-input":{"@type":"PropertyValueSpecification","valueRequired":true,"valueName":"search_term_string"}}],"inLanguage":"es"},{"@type":"Organization","@id":"https:\/\/www.laguiadepamplona.com\/actualidad\/#organization","name":"La Gu\u00eda de Pamplona \/ Noticias","url":"https:\/\/www.laguiadepamplona.com\/actualidad\/","logo":{"@type":"ImageObject","inLanguage":"es","@id":"https:\/\/www.laguiadepamplona.com\/actualidad\/#\/schema\/logo\/image\/","url":"https:\/\/www.laguiadepamplona.com\/actualidad\/wp-content\/uploads\/2018\/11\/logo-laguiadepamplona18-web1.png","contentUrl":"https:\/\/www.laguiadepamplona.com\/actualidad\/wp-content\/uploads\/2018\/11\/logo-laguiadepamplona18-web1.png","width":600,"height":196,"caption":"La Gu\u00eda de Pamplona \/ Noticias"},"image":{"@id":"https:\/\/www.laguiadepamplona.com\/actualidad\/#\/schema\/logo\/image\/"},"sameAs":["https:\/\/www.facebook.com\/laguiadepamplonacom-133175176762273\/?ref=hl","https:\/\/x.com\/LaGuiadPamplona","https:\/\/www.instagram.com\/la_guia_de_pamplona\/","https:\/\/www.youtube.com\/user\/laguiadepamplona"]},{"@type":"Person","@id":"https:\/\/www.laguiadepamplona.com\/actualidad\/#\/schema\/person\/efe887376f0213d4657c93adc50b1fdb","name":"La Gu\u00eda de Pamplona","image":{"@type":"ImageObject","inLanguage":"es","@id":"https:\/\/secure.gravatar.com\/avatar\/b6992f131dc8d30ab0dff15446e9d346d9dbd95992de0fef795073f5ea83a81c?s=96&d=mm&r=g","url":"https:\/\/secure.gravatar.com\/avatar\/b6992f131dc8d30ab0dff15446e9d346d9dbd95992de0fef795073f5ea83a81c?s=96&d=mm&r=g","contentUrl":"https:\/\/secure.gravatar.com\/avatar\/b6992f131dc8d30ab0dff15446e9d346d9dbd95992de0fef795073f5ea83a81c?s=96&d=mm&r=g","caption":"La Gu\u00eda de Pamplona"}}]}},"post_mailing_queue_ids":[],"_links":{"self":[{"href":"https:\/\/www.laguiadepamplona.com\/actualidad\/wp-json\/wp\/v2\/posts\/18478","targetHints":{"allow":["GET"]}}],"collection":[{"href":"https:\/\/www.laguiadepamplona.com\/actualidad\/wp-json\/wp\/v2\/posts"}],"about":[{"href":"https:\/\/www.laguiadepamplona.com\/actualidad\/wp-json\/wp\/v2\/types\/post"}],"author":[{"embeddable":true,"href":"https:\/\/www.laguiadepamplona.com\/actualidad\/wp-json\/wp\/v2\/users\/1"}],"replies":[{"embeddable":true,"href":"https:\/\/www.laguiadepamplona.com\/actualidad\/wp-json\/wp\/v2\/comments?post=18478"}],"version-history":[{"count":0,"href":"https:\/\/www.laguiadepamplona.com\/actualidad\/wp-json\/wp\/v2\/posts\/18478\/revisions"}],"wp:featuredmedia":[{"embeddable":true,"href":"https:\/\/www.laguiadepamplona.com\/actualidad\/wp-json\/wp\/v2\/media\/18479"}],"wp:attachment":[{"href":"https:\/\/www.laguiadepamplona.com\/actualidad\/wp-json\/wp\/v2\/media?parent=18478"}],"wp:term":[{"taxonomy":"category","embeddable":true,"href":"https:\/\/www.laguiadepamplona.com\/actualidad\/wp-json\/wp\/v2\/categories?post=18478"},{"taxonomy":"post_tag","embeddable":true,"href":"https:\/\/www.laguiadepamplona.com\/actualidad\/wp-json\/wp\/v2\/tags?post=18478"}],"curies":[{"name":"wp","href":"https:\/\/api.w.org\/{rel}","templated":true}]}}