{"id":18476,"date":"2018-08-20T13:03:32","date_gmt":"2018-08-20T11:03:32","guid":{"rendered":"https:\/\/www.laguiadepamplona.es\/actualidad\/?p=18476"},"modified":"2018-08-20T13:03:32","modified_gmt":"2018-08-20T11:03:32","slug":"el-ayuntamiento-convoca-dos-plazas-de-tecnico-a-de-participacion-mediante-oposicion","status":"publish","type":"post","link":"https:\/\/www.laguiadepamplona.com\/actualidad\/el-ayuntamiento-convoca-dos-plazas-de-tecnico-a-de-participacion-mediante-oposicion\/","title":{"rendered":"El Ayuntamiento convoca dos plazas de T\u00e9cnico\/a de Participaci\u00f3n mediante oposici\u00f3n"},"content":{"rendered":"<h3>Las personas interesadas pueden presentar sus solicitudes hasta el 19 de septiembre<\/h3>\n<p><!--more--><\/p>\n<p>El Ayuntamiento de Pamplona ha convocado la provisi\u00f3n, mediante oposici\u00f3n, de 2 plazas de nivel B del puesto de trabajo de T\u00e9cnico\/a de Participaci\u00f3n, una de turno libre y otra del turno de promoci\u00f3n. Las bases se han publicado en el Bolet\u00edn Oficial de Navarra de hoy, n\u00famero 160. Una de las plazas requiere conocimiento de euskera de grado V3 (EGA). Si la vacante de turno de promoci\u00f3n queda desierta pasar\u00e1 al turno libre.<\/p>\n<p>Las personas interesadas pueden presentar sus solicitudes hasta el 19 de septiembre. Entre los requisitos que deber\u00e1n reunir se encuentra el de estar en posesi\u00f3n del t\u00edtulo de Diplomado o Graduado Universitario, Ingeniero T\u00e9cnico, Arquitecto T\u00e9cnico o equivalente, o en condiciones de obtenerlo en la fecha en que termine el plazo de presentaci\u00f3n de instancias. En el caso de titulaciones obtenidas en el extranjero se deber\u00e1 estar en posesi\u00f3n de la credencial que acredite su homologaci\u00f3n. Adem\u00e1s, deber\u00e1n ser espa\u00f1olas o nacionales de un Estado miembro de la Uni\u00f3n Europea, tener cumplidos diecis\u00e9is a\u00f1os, poseer la capacidad f\u00edsica y ps\u00edquica necesaria para el ejercicio de las correspondientes funciones y no hallarse inhabilitada ni suspendida para el ejercicio de funciones p\u00fablicas y no haber sido separada del servicio de una Administraci\u00f3n P\u00fablica.<\/p>\n<p>Las personas aspirantes del turno de promoci\u00f3n unir\u00e1n a esos requisitos los de tener la condici\u00f3n de personal fijo en cualquiera de las Administraciones P\u00fablicas de Navarra, no hallarse en situaci\u00f3n de excedencia voluntaria o forzosa en el puesto desde el que se pretende promocionar; pertenecer al mismo o inferior nivel al de la vacante convocada; y tener cinco a\u00f1os de antig\u00fcedad reconocida en las Administraciones P\u00fablicas, a excepci\u00f3n de los miembros de los Cuerpos de Polic\u00eda de Navarra, que deber\u00e1n haber prestado efectivamente servicios en dichos cuerpos durante ocho a\u00f1os.<\/p>\n<p><script async src=\"\/\/pagead2.googlesyndication.com\/pagead\/js\/adsbygoogle.js\"><\/script><br \/>\n<!-- Noticias La Guia de Pamplona --><br \/>\n<ins class=\"adsbygoogle\"\nstyle=\"display:block\"\ndata-ad-client=\"ca-pub-6943679897239327\"\ndata-ad-slot=\"7048180777\"\ndata-ad-format=\"auto\"><\/ins><br \/>\n<script>\n(adsbygoogle = window.adsbygoogle || []).push({});\n<\/script><\/p>\n<p><strong>Un ejercicio te\u00f3rico y otro pr\u00e1ctico<\/strong><\/p>\n<p>La oposici\u00f3n, que dar\u00e1 comienzo a partir del mes de octubre de 2018, constar\u00e1 de un primer ejercicio de car\u00e1cter te\u00f3rico con un cuestionario de un m\u00e1ximo de 100 preguntas tipo test con cuatro alternativas de respuesta para cada pregunta de las que s\u00f3lo una ser\u00e1 v\u00e1lida, sobre las materias contenidas en el temario de la convocatoria. Cada respuesta incorrecta penalizar\u00e1 una tercera parte del valor de un acierto. La puntuaci\u00f3n m\u00e1xima del ejercicio ser\u00e1 de 30 puntos. Quedar\u00e1n eliminadas las personas que no alcancen 15 puntos. Ser\u00e1n convocadas a la segunda prueba las 30 personas del turno libre que, habiendo aprobado el ejercicio, hayan obtenido las calificaciones m\u00e1s elevadas as\u00ed como todas las personas del turno de promoci\u00f3n que hayan aprobado.<\/p>\n<p>El segundo ejercicio ser\u00e1 pr\u00e1ctico y consistir\u00e1 en desarrollar las cuestiones y supuestos que proponga el Tribunal relacionados con la materia incluida en el temario. El ejercicio ser\u00e1 expuesto y defendido oral y p\u00fablicamente por espacio m\u00e1ximo de 20 minutos. La puntuaci\u00f3n m\u00e1xima ser\u00e1 de 60 puntos, 40 para la parte escrita y 20 para la exposici\u00f3n oral. Superar\u00e1n la prueba aquellas personas que obtengan al menos 20 puntos en la parte escrita y 10 en la exposici\u00f3n.<\/p>\n<p>&nbsp;<\/p>\n<p><strong>Temario<\/strong><\/p>\n<ul>\n<li>Participaci\u00f3n ciudadana y transformaci\u00f3n social.<\/li>\n<li>La participaci\u00f3n ciudadana y movimientos sociales en Navarra y el Estado Espa\u00f1ol.<\/li>\n<li>Las instituciones y la participaci\u00f3n ciudadana: derecho y pr\u00e1ctica.<\/li>\n<li>Participaci\u00f3n ciudadana en la formulaci\u00f3n, desarrollo y evaluaci\u00f3n de las pol\u00edticas p\u00fablicas.<\/li>\n<li>El\/la T\u00e9cnico\/a de Participaci\u00f3n Ciudadana. Perfil profesional.<\/li>\n<li>Movimientos sociales y participaci\u00f3n. Evoluci\u00f3n, crisis y retos.<\/li>\n<li>Planes comunitarios y proyectos integrales.<\/li>\n<li>\u00d3rganos, canales y mecanismos de participaci\u00f3n ciudadana.<\/li>\n<li>Dise\u00f1o, desarrollo y evaluaci\u00f3n de los procesos participativos.<\/li>\n<li>Democracia directa: refer\u00e9ndums y consultas populares.<\/li>\n<li>Presupuestos participativos.<\/li>\n<li>Metodolog\u00edas participativas.<\/li>\n<li>Herramientas de gobierno abierto y transparencia.<\/li>\n<li>Perspectiva de g\u00e9nero y participaci\u00f3n ciudadana.<\/li>\n<li>Participaci\u00f3n ciudadana, diversidad e inclusi\u00f3n social.<\/li>\n<li>Participaci\u00f3n ciudadana, comunicaci\u00f3n y TIC.<\/li>\n<li>Educaci\u00f3n y capacitaci\u00f3n para la participaci\u00f3n.<\/li>\n<li>Ley 39\/2015, de Procedimiento Administrativo Com\u00fan de la Administraciones P\u00fablicas.<\/li>\n<li>Ley 40\/2015, de R\u00e9gimen Jur\u00eddico del Sector Publico: Del T\u00edtulo Preliminar los Cap\u00edtulos I, II, III, IV y VI.<\/li>\n<li>Ley Foral 11\/2005, de 11 de noviembre, de subvenciones: T\u00edtulos Preliminar. I. II y III.<\/li>\n<li>La Ley 38\/2003, de 17 de noviembre, General de Subvenciones.<\/li>\n<li>Ley Foral 2\/2018, de 13 de abril, de Contratos P\u00fablicos: T\u00edtulo Preliminar y T\u00edtulos I y II.<\/li>\n<li>Gesti\u00f3n de proyectos con financiaci\u00f3n de la Uni\u00f3n Europea: identificaci\u00f3n, programas, redes, socios, candidaturas, seguimiento y gesti\u00f3n.<\/li>\n<li>El Ayuntamiento de Pamplona. Estructura y organizaci\u00f3n administrativa. Las \u00e1reas municipales y sus funciones. \u00d3rganos de gobierno: el Pleno y la Junta de Gobierno. El Presupuesto Municipal y la Plantilla Org\u00e1nica.<\/li>\n<li>Planes, programas, estrategias y compromisos municipales del Ayuntamiento de Pamplona: cultura, turismo, medio ambiente, igualdad, urbanismo, comercio, acci\u00f3n social, participaci\u00f3n, etc.<\/li>\n<li>La participaci\u00f3n ciudadana y la concurrencia en los procesos de planificaci\u00f3n estrat\u00e9gica urbana.<\/li>\n<\/ul>\n<p>&nbsp;<\/p>\n","protected":false},"excerpt":{"rendered":"<p>Las personas interesadas pueden presentar sus solicitudes hasta el 19 de septiembre<\/p>\n","protected":false},"author":1,"featured_media":17600,"comment_status":"open","ping_status":"closed","sticky":false,"template":"","format":"standard","meta":{"footnotes":""},"categories":[2],"tags":[],"class_list":["post-18476","post","type-post","status-publish","format-standard","has-post-thumbnail","hentry","category-ayuntamiento-pamplona"],"yoast_head":"<!-- This site is optimized with the Yoast SEO plugin v27.9 - https:\/\/yoast.com\/product\/yoast-seo-wordpress\/ -->\n<title>El Ayuntamiento convoca dos plazas de T\u00e9cnico\/a de Participaci\u00f3n mediante oposici\u00f3n<\/title>\n<meta name=\"robots\" content=\"index, follow, max-snippet:-1, max-image-preview:large, max-video-preview:-1\" \/>\n<link rel=\"canonical\" href=\"https:\/\/www.laguiadepamplona.com\/actualidad\/el-ayuntamiento-convoca-dos-plazas-de-tecnico-a-de-participacion-mediante-oposicion\/\" \/>\n<meta property=\"og:locale\" content=\"es_ES\" \/>\n<meta property=\"og:type\" content=\"article\" \/>\n<meta property=\"og:title\" content=\"El Ayuntamiento convoca dos plazas de T\u00e9cnico\/a de Participaci\u00f3n mediante oposici\u00f3n\" \/>\n<meta property=\"og:description\" content=\"Las personas interesadas pueden presentar sus solicitudes hasta el 19 de septiembre\" \/>\n<meta property=\"og:url\" content=\"https:\/\/www.laguiadepamplona.com\/actualidad\/el-ayuntamiento-convoca-dos-plazas-de-tecnico-a-de-participacion-mediante-oposicion\/\" \/>\n<meta property=\"og:site_name\" content=\"La Gu\u00eda de Pamplona Noticias y actualidad\" \/>\n<meta property=\"article:publisher\" content=\"https:\/\/www.facebook.com\/laguiadepamplonacom-133175176762273\/?ref=hl\" \/>\n<meta property=\"article:published_time\" content=\"2018-08-20T11:03:32+00:00\" \/>\n<meta property=\"og:image\" content=\"https:\/\/www.laguiadepamplona.com\/actualidad\/wp-content\/uploads\/2018\/05\/ayto-pamplona-3.jpg\" \/>\n\t<meta property=\"og:image:width\" content=\"1000\" \/>\n\t<meta property=\"og:image:height\" content=\"555\" \/>\n\t<meta property=\"og:image:type\" content=\"image\/jpeg\" \/>\n<meta name=\"author\" content=\"La Gu\u00eda de Pamplona\" \/>\n<meta name=\"twitter:card\" content=\"summary_large_image\" \/>\n<meta name=\"twitter:creator\" content=\"@LaGuiadPamplona\" \/>\n<meta name=\"twitter:site\" content=\"@LaGuiadPamplona\" \/>\n<meta name=\"twitter:label1\" content=\"Escrito por\" \/>\n\t<meta name=\"twitter:data1\" content=\"La Gu\u00eda de Pamplona\" \/>\n\t<meta name=\"twitter:label2\" content=\"Tiempo de lectura\" \/>\n\t<meta name=\"twitter:data2\" content=\"4 minutos\" \/>\n<script type=\"application\/ld+json\" class=\"yoast-schema-graph\">{\"@context\":\"https:\\\/\\\/schema.org\",\"@graph\":[{\"@type\":\"Article\",\"@id\":\"https:\\\/\\\/www.laguiadepamplona.com\\\/actualidad\\\/el-ayuntamiento-convoca-dos-plazas-de-tecnico-a-de-participacion-mediante-oposicion\\\/#article\",\"isPartOf\":{\"@id\":\"https:\\\/\\\/www.laguiadepamplona.com\\\/actualidad\\\/el-ayuntamiento-convoca-dos-plazas-de-tecnico-a-de-participacion-mediante-oposicion\\\/\"},\"author\":{\"name\":\"La Gu\u00eda de Pamplona\",\"@id\":\"https:\\\/\\\/www.laguiadepamplona.com\\\/actualidad\\\/#\\\/schema\\\/person\\\/efe887376f0213d4657c93adc50b1fdb\"},\"headline\":\"El Ayuntamiento convoca dos plazas de T\u00e9cnico\\\/a de Participaci\u00f3n mediante oposici\u00f3n\",\"datePublished\":\"2018-08-20T11:03:32+00:00\",\"mainEntityOfPage\":{\"@id\":\"https:\\\/\\\/www.laguiadepamplona.com\\\/actualidad\\\/el-ayuntamiento-convoca-dos-plazas-de-tecnico-a-de-participacion-mediante-oposicion\\\/\"},\"wordCount\":889,\"commentCount\":0,\"publisher\":{\"@id\":\"https:\\\/\\\/www.laguiadepamplona.com\\\/actualidad\\\/#organization\"},\"image\":{\"@id\":\"https:\\\/\\\/www.laguiadepamplona.com\\\/actualidad\\\/el-ayuntamiento-convoca-dos-plazas-de-tecnico-a-de-participacion-mediante-oposicion\\\/#primaryimage\"},\"thumbnailUrl\":\"https:\\\/\\\/www.laguiadepamplona.com\\\/actualidad\\\/wp-content\\\/uploads\\\/2018\\\/05\\\/ayto-pamplona-3.jpg\",\"articleSection\":[\"Ayto Pamplona\"],\"inLanguage\":\"es\",\"potentialAction\":[{\"@type\":\"CommentAction\",\"name\":\"Comment\",\"target\":[\"https:\\\/\\\/www.laguiadepamplona.com\\\/actualidad\\\/el-ayuntamiento-convoca-dos-plazas-de-tecnico-a-de-participacion-mediante-oposicion\\\/#respond\"]}]},{\"@type\":\"WebPage\",\"@id\":\"https:\\\/\\\/www.laguiadepamplona.com\\\/actualidad\\\/el-ayuntamiento-convoca-dos-plazas-de-tecnico-a-de-participacion-mediante-oposicion\\\/\",\"url\":\"https:\\\/\\\/www.laguiadepamplona.com\\\/actualidad\\\/el-ayuntamiento-convoca-dos-plazas-de-tecnico-a-de-participacion-mediante-oposicion\\\/\",\"name\":\"El Ayuntamiento convoca dos plazas de T\u00e9cnico\\\/a de Participaci\u00f3n mediante oposici\u00f3n\",\"isPartOf\":{\"@id\":\"https:\\\/\\\/www.laguiadepamplona.com\\\/actualidad\\\/#website\"},\"primaryImageOfPage\":{\"@id\":\"https:\\\/\\\/www.laguiadepamplona.com\\\/actualidad\\\/el-ayuntamiento-convoca-dos-plazas-de-tecnico-a-de-participacion-mediante-oposicion\\\/#primaryimage\"},\"image\":{\"@id\":\"https:\\\/\\\/www.laguiadepamplona.com\\\/actualidad\\\/el-ayuntamiento-convoca-dos-plazas-de-tecnico-a-de-participacion-mediante-oposicion\\\/#primaryimage\"},\"thumbnailUrl\":\"https:\\\/\\\/www.laguiadepamplona.com\\\/actualidad\\\/wp-content\\\/uploads\\\/2018\\\/05\\\/ayto-pamplona-3.jpg\",\"datePublished\":\"2018-08-20T11:03:32+00:00\",\"breadcrumb\":{\"@id\":\"https:\\\/\\\/www.laguiadepamplona.com\\\/actualidad\\\/el-ayuntamiento-convoca-dos-plazas-de-tecnico-a-de-participacion-mediante-oposicion\\\/#breadcrumb\"},\"inLanguage\":\"es\",\"potentialAction\":[{\"@type\":\"ReadAction\",\"target\":[\"https:\\\/\\\/www.laguiadepamplona.com\\\/actualidad\\\/el-ayuntamiento-convoca-dos-plazas-de-tecnico-a-de-participacion-mediante-oposicion\\\/\"]}]},{\"@type\":\"ImageObject\",\"inLanguage\":\"es\",\"@id\":\"https:\\\/\\\/www.laguiadepamplona.com\\\/actualidad\\\/el-ayuntamiento-convoca-dos-plazas-de-tecnico-a-de-participacion-mediante-oposicion\\\/#primaryimage\",\"url\":\"https:\\\/\\\/www.laguiadepamplona.com\\\/actualidad\\\/wp-content\\\/uploads\\\/2018\\\/05\\\/ayto-pamplona-3.jpg\",\"contentUrl\":\"https:\\\/\\\/www.laguiadepamplona.com\\\/actualidad\\\/wp-content\\\/uploads\\\/2018\\\/05\\\/ayto-pamplona-3.jpg\",\"width\":1000,\"height\":555},{\"@type\":\"BreadcrumbList\",\"@id\":\"https:\\\/\\\/www.laguiadepamplona.com\\\/actualidad\\\/el-ayuntamiento-convoca-dos-plazas-de-tecnico-a-de-participacion-mediante-oposicion\\\/#breadcrumb\",\"itemListElement\":[{\"@type\":\"ListItem\",\"position\":1,\"name\":\"Portada\",\"item\":\"https:\\\/\\\/www.laguiadepamplona.com\\\/actualidad\\\/\"},{\"@type\":\"ListItem\",\"position\":2,\"name\":\"El Ayuntamiento convoca dos plazas de T\u00e9cnico\\\/a de Participaci\u00f3n mediante oposici\u00f3n\"}]},{\"@type\":\"WebSite\",\"@id\":\"https:\\\/\\\/www.laguiadepamplona.com\\\/actualidad\\\/#website\",\"url\":\"https:\\\/\\\/www.laguiadepamplona.com\\\/actualidad\\\/\",\"name\":\"La gu\u00eda de Pamplona\",\"description\":\"Noticias de Pamplona\",\"publisher\":{\"@id\":\"https:\\\/\\\/www.laguiadepamplona.com\\\/actualidad\\\/#organization\"},\"potentialAction\":[{\"@type\":\"SearchAction\",\"target\":{\"@type\":\"EntryPoint\",\"urlTemplate\":\"https:\\\/\\\/www.laguiadepamplona.com\\\/actualidad\\\/?s={search_term_string}\"},\"query-input\":{\"@type\":\"PropertyValueSpecification\",\"valueRequired\":true,\"valueName\":\"search_term_string\"}}],\"inLanguage\":\"es\"},{\"@type\":\"Organization\",\"@id\":\"https:\\\/\\\/www.laguiadepamplona.com\\\/actualidad\\\/#organization\",\"name\":\"La Gu\u00eda de Pamplona \\\/ Noticias\",\"url\":\"https:\\\/\\\/www.laguiadepamplona.com\\\/actualidad\\\/\",\"logo\":{\"@type\":\"ImageObject\",\"inLanguage\":\"es\",\"@id\":\"https:\\\/\\\/www.laguiadepamplona.com\\\/actualidad\\\/#\\\/schema\\\/logo\\\/image\\\/\",\"url\":\"https:\\\/\\\/www.laguiadepamplona.com\\\/actualidad\\\/wp-content\\\/uploads\\\/2018\\\/11\\\/logo-laguiadepamplona18-web1.png\",\"contentUrl\":\"https:\\\/\\\/www.laguiadepamplona.com\\\/actualidad\\\/wp-content\\\/uploads\\\/2018\\\/11\\\/logo-laguiadepamplona18-web1.png\",\"width\":600,\"height\":196,\"caption\":\"La Gu\u00eda de Pamplona \\\/ Noticias\"},\"image\":{\"@id\":\"https:\\\/\\\/www.laguiadepamplona.com\\\/actualidad\\\/#\\\/schema\\\/logo\\\/image\\\/\"},\"sameAs\":[\"https:\\\/\\\/www.facebook.com\\\/laguiadepamplonacom-133175176762273\\\/?ref=hl\",\"https:\\\/\\\/x.com\\\/LaGuiadPamplona\",\"https:\\\/\\\/www.instagram.com\\\/la_guia_de_pamplona\\\/\",\"https:\\\/\\\/www.youtube.com\\\/user\\\/laguiadepamplona\"]},{\"@type\":\"Person\",\"@id\":\"https:\\\/\\\/www.laguiadepamplona.com\\\/actualidad\\\/#\\\/schema\\\/person\\\/efe887376f0213d4657c93adc50b1fdb\",\"name\":\"La Gu\u00eda de Pamplona\",\"image\":{\"@type\":\"ImageObject\",\"inLanguage\":\"es\",\"@id\":\"https:\\\/\\\/secure.gravatar.com\\\/avatar\\\/b6992f131dc8d30ab0dff15446e9d346d9dbd95992de0fef795073f5ea83a81c?s=96&d=mm&r=g\",\"url\":\"https:\\\/\\\/secure.gravatar.com\\\/avatar\\\/b6992f131dc8d30ab0dff15446e9d346d9dbd95992de0fef795073f5ea83a81c?s=96&d=mm&r=g\",\"contentUrl\":\"https:\\\/\\\/secure.gravatar.com\\\/avatar\\\/b6992f131dc8d30ab0dff15446e9d346d9dbd95992de0fef795073f5ea83a81c?s=96&d=mm&r=g\",\"caption\":\"La Gu\u00eda de Pamplona\"}}]}<\/script>\n<!-- \/ Yoast SEO plugin. -->","yoast_head_json":{"title":"El Ayuntamiento convoca dos plazas de T\u00e9cnico\/a de Participaci\u00f3n mediante oposici\u00f3n","robots":{"index":"index","follow":"follow","max-snippet":"max-snippet:-1","max-image-preview":"max-image-preview:large","max-video-preview":"max-video-preview:-1"},"canonical":"https:\/\/www.laguiadepamplona.com\/actualidad\/el-ayuntamiento-convoca-dos-plazas-de-tecnico-a-de-participacion-mediante-oposicion\/","og_locale":"es_ES","og_type":"article","og_title":"El Ayuntamiento convoca dos plazas de T\u00e9cnico\/a de Participaci\u00f3n mediante oposici\u00f3n","og_description":"Las personas interesadas pueden presentar sus solicitudes hasta el 19 de septiembre","og_url":"https:\/\/www.laguiadepamplona.com\/actualidad\/el-ayuntamiento-convoca-dos-plazas-de-tecnico-a-de-participacion-mediante-oposicion\/","og_site_name":"La Gu\u00eda de Pamplona Noticias y actualidad","article_publisher":"https:\/\/www.facebook.com\/laguiadepamplonacom-133175176762273\/?ref=hl","article_published_time":"2018-08-20T11:03:32+00:00","og_image":[{"width":1000,"height":555,"url":"https:\/\/www.laguiadepamplona.com\/actualidad\/wp-content\/uploads\/2018\/05\/ayto-pamplona-3.jpg","type":"image\/jpeg"}],"author":"La Gu\u00eda de Pamplona","twitter_card":"summary_large_image","twitter_creator":"@LaGuiadPamplona","twitter_site":"@LaGuiadPamplona","twitter_misc":{"Escrito por":"La Gu\u00eda de Pamplona","Tiempo de lectura":"4 minutos"},"schema":{"@context":"https:\/\/schema.org","@graph":[{"@type":"Article","@id":"https:\/\/www.laguiadepamplona.com\/actualidad\/el-ayuntamiento-convoca-dos-plazas-de-tecnico-a-de-participacion-mediante-oposicion\/#article","isPartOf":{"@id":"https:\/\/www.laguiadepamplona.com\/actualidad\/el-ayuntamiento-convoca-dos-plazas-de-tecnico-a-de-participacion-mediante-oposicion\/"},"author":{"name":"La Gu\u00eda de Pamplona","@id":"https:\/\/www.laguiadepamplona.com\/actualidad\/#\/schema\/person\/efe887376f0213d4657c93adc50b1fdb"},"headline":"El Ayuntamiento convoca dos plazas de T\u00e9cnico\/a de Participaci\u00f3n mediante oposici\u00f3n","datePublished":"2018-08-20T11:03:32+00:00","mainEntityOfPage":{"@id":"https:\/\/www.laguiadepamplona.com\/actualidad\/el-ayuntamiento-convoca-dos-plazas-de-tecnico-a-de-participacion-mediante-oposicion\/"},"wordCount":889,"commentCount":0,"publisher":{"@id":"https:\/\/www.laguiadepamplona.com\/actualidad\/#organization"},"image":{"@id":"https:\/\/www.laguiadepamplona.com\/actualidad\/el-ayuntamiento-convoca-dos-plazas-de-tecnico-a-de-participacion-mediante-oposicion\/#primaryimage"},"thumbnailUrl":"https:\/\/www.laguiadepamplona.com\/actualidad\/wp-content\/uploads\/2018\/05\/ayto-pamplona-3.jpg","articleSection":["Ayto Pamplona"],"inLanguage":"es","potentialAction":[{"@type":"CommentAction","name":"Comment","target":["https:\/\/www.laguiadepamplona.com\/actualidad\/el-ayuntamiento-convoca-dos-plazas-de-tecnico-a-de-participacion-mediante-oposicion\/#respond"]}]},{"@type":"WebPage","@id":"https:\/\/www.laguiadepamplona.com\/actualidad\/el-ayuntamiento-convoca-dos-plazas-de-tecnico-a-de-participacion-mediante-oposicion\/","url":"https:\/\/www.laguiadepamplona.com\/actualidad\/el-ayuntamiento-convoca-dos-plazas-de-tecnico-a-de-participacion-mediante-oposicion\/","name":"El Ayuntamiento convoca dos plazas de T\u00e9cnico\/a de Participaci\u00f3n mediante oposici\u00f3n","isPartOf":{"@id":"https:\/\/www.laguiadepamplona.com\/actualidad\/#website"},"primaryImageOfPage":{"@id":"https:\/\/www.laguiadepamplona.com\/actualidad\/el-ayuntamiento-convoca-dos-plazas-de-tecnico-a-de-participacion-mediante-oposicion\/#primaryimage"},"image":{"@id":"https:\/\/www.laguiadepamplona.com\/actualidad\/el-ayuntamiento-convoca-dos-plazas-de-tecnico-a-de-participacion-mediante-oposicion\/#primaryimage"},"thumbnailUrl":"https:\/\/www.laguiadepamplona.com\/actualidad\/wp-content\/uploads\/2018\/05\/ayto-pamplona-3.jpg","datePublished":"2018-08-20T11:03:32+00:00","breadcrumb":{"@id":"https:\/\/www.laguiadepamplona.com\/actualidad\/el-ayuntamiento-convoca-dos-plazas-de-tecnico-a-de-participacion-mediante-oposicion\/#breadcrumb"},"inLanguage":"es","potentialAction":[{"@type":"ReadAction","target":["https:\/\/www.laguiadepamplona.com\/actualidad\/el-ayuntamiento-convoca-dos-plazas-de-tecnico-a-de-participacion-mediante-oposicion\/"]}]},{"@type":"ImageObject","inLanguage":"es","@id":"https:\/\/www.laguiadepamplona.com\/actualidad\/el-ayuntamiento-convoca-dos-plazas-de-tecnico-a-de-participacion-mediante-oposicion\/#primaryimage","url":"https:\/\/www.laguiadepamplona.com\/actualidad\/wp-content\/uploads\/2018\/05\/ayto-pamplona-3.jpg","contentUrl":"https:\/\/www.laguiadepamplona.com\/actualidad\/wp-content\/uploads\/2018\/05\/ayto-pamplona-3.jpg","width":1000,"height":555},{"@type":"BreadcrumbList","@id":"https:\/\/www.laguiadepamplona.com\/actualidad\/el-ayuntamiento-convoca-dos-plazas-de-tecnico-a-de-participacion-mediante-oposicion\/#breadcrumb","itemListElement":[{"@type":"ListItem","position":1,"name":"Portada","item":"https:\/\/www.laguiadepamplona.com\/actualidad\/"},{"@type":"ListItem","position":2,"name":"El Ayuntamiento convoca dos plazas de T\u00e9cnico\/a de Participaci\u00f3n mediante oposici\u00f3n"}]},{"@type":"WebSite","@id":"https:\/\/www.laguiadepamplona.com\/actualidad\/#website","url":"https:\/\/www.laguiadepamplona.com\/actualidad\/","name":"La gu\u00eda de Pamplona","description":"Noticias de Pamplona","publisher":{"@id":"https:\/\/www.laguiadepamplona.com\/actualidad\/#organization"},"potentialAction":[{"@type":"SearchAction","target":{"@type":"EntryPoint","urlTemplate":"https:\/\/www.laguiadepamplona.com\/actualidad\/?s={search_term_string}"},"query-input":{"@type":"PropertyValueSpecification","valueRequired":true,"valueName":"search_term_string"}}],"inLanguage":"es"},{"@type":"Organization","@id":"https:\/\/www.laguiadepamplona.com\/actualidad\/#organization","name":"La Gu\u00eda de Pamplona \/ Noticias","url":"https:\/\/www.laguiadepamplona.com\/actualidad\/","logo":{"@type":"ImageObject","inLanguage":"es","@id":"https:\/\/www.laguiadepamplona.com\/actualidad\/#\/schema\/logo\/image\/","url":"https:\/\/www.laguiadepamplona.com\/actualidad\/wp-content\/uploads\/2018\/11\/logo-laguiadepamplona18-web1.png","contentUrl":"https:\/\/www.laguiadepamplona.com\/actualidad\/wp-content\/uploads\/2018\/11\/logo-laguiadepamplona18-web1.png","width":600,"height":196,"caption":"La Gu\u00eda de Pamplona \/ Noticias"},"image":{"@id":"https:\/\/www.laguiadepamplona.com\/actualidad\/#\/schema\/logo\/image\/"},"sameAs":["https:\/\/www.facebook.com\/laguiadepamplonacom-133175176762273\/?ref=hl","https:\/\/x.com\/LaGuiadPamplona","https:\/\/www.instagram.com\/la_guia_de_pamplona\/","https:\/\/www.youtube.com\/user\/laguiadepamplona"]},{"@type":"Person","@id":"https:\/\/www.laguiadepamplona.com\/actualidad\/#\/schema\/person\/efe887376f0213d4657c93adc50b1fdb","name":"La Gu\u00eda de Pamplona","image":{"@type":"ImageObject","inLanguage":"es","@id":"https:\/\/secure.gravatar.com\/avatar\/b6992f131dc8d30ab0dff15446e9d346d9dbd95992de0fef795073f5ea83a81c?s=96&d=mm&r=g","url":"https:\/\/secure.gravatar.com\/avatar\/b6992f131dc8d30ab0dff15446e9d346d9dbd95992de0fef795073f5ea83a81c?s=96&d=mm&r=g","contentUrl":"https:\/\/secure.gravatar.com\/avatar\/b6992f131dc8d30ab0dff15446e9d346d9dbd95992de0fef795073f5ea83a81c?s=96&d=mm&r=g","caption":"La Gu\u00eda de Pamplona"}}]}},"post_mailing_queue_ids":[],"_links":{"self":[{"href":"https:\/\/www.laguiadepamplona.com\/actualidad\/wp-json\/wp\/v2\/posts\/18476","targetHints":{"allow":["GET"]}}],"collection":[{"href":"https:\/\/www.laguiadepamplona.com\/actualidad\/wp-json\/wp\/v2\/posts"}],"about":[{"href":"https:\/\/www.laguiadepamplona.com\/actualidad\/wp-json\/wp\/v2\/types\/post"}],"author":[{"embeddable":true,"href":"https:\/\/www.laguiadepamplona.com\/actualidad\/wp-json\/wp\/v2\/users\/1"}],"replies":[{"embeddable":true,"href":"https:\/\/www.laguiadepamplona.com\/actualidad\/wp-json\/wp\/v2\/comments?post=18476"}],"version-history":[{"count":0,"href":"https:\/\/www.laguiadepamplona.com\/actualidad\/wp-json\/wp\/v2\/posts\/18476\/revisions"}],"wp:featuredmedia":[{"embeddable":true,"href":"https:\/\/www.laguiadepamplona.com\/actualidad\/wp-json\/wp\/v2\/media\/17600"}],"wp:attachment":[{"href":"https:\/\/www.laguiadepamplona.com\/actualidad\/wp-json\/wp\/v2\/media?parent=18476"}],"wp:term":[{"taxonomy":"category","embeddable":true,"href":"https:\/\/www.laguiadepamplona.com\/actualidad\/wp-json\/wp\/v2\/categories?post=18476"},{"taxonomy":"post_tag","embeddable":true,"href":"https:\/\/www.laguiadepamplona.com\/actualidad\/wp-json\/wp\/v2\/tags?post=18476"}],"curies":[{"name":"wp","href":"https:\/\/api.w.org\/{rel}","templated":true}]}}