{"id":18469,"date":"2018-08-16T13:26:06","date_gmt":"2018-08-16T11:26:06","guid":{"rendered":"https:\/\/www.laguiadepamplona.es\/actualidad\/?p=18469"},"modified":"2018-08-16T13:26:06","modified_gmt":"2018-08-16T11:26:06","slug":"una-excavacion-arqueologica-en-el-rincon-de-pellejerias-talleres-infantiles-y-visitas-guiadas-daran-a-conocer-la-evolucion-de-la-ciudad-de-pamplona-desde-el-siglo-iv","status":"publish","type":"post","link":"https:\/\/www.laguiadepamplona.com\/actualidad\/una-excavacion-arqueologica-en-el-rincon-de-pellejerias-talleres-infantiles-y-visitas-guiadas-daran-a-conocer-la-evolucion-de-la-ciudad-de-pamplona-desde-el-siglo-iv\/","title":{"rendered":"Una excavaci\u00f3n arqueol\u00f3gica en el Rinc\u00f3n de Pellejer\u00edas, talleres infantiles y visitas guiadas dar\u00e1n a conocer la evoluci\u00f3n de la ciudad de Pamplona desde el siglo IV"},"content":{"rendered":"<h3>Las actividades, gratuitas, ser\u00e1n del 6 de septiembre al 7 de octubre; se requiere inscripci\u00f3n previa en Civivox o 010 para la excavaci\u00f3n y los talleres<\/h3>\n<p><!--more--><\/p>\n<p>El Ayuntamiento de Pamplona, a trav\u00e9s de la red Civivox, la asociaci\u00f3n La Piparrika, el Gabinete Trama y Aldezar, han organizado del 6 de septiembre al 7 de octubre una excavaci\u00f3n arqueol\u00f3gica urbana en el Rinc\u00f3n de Pellejer\u00edas. En torno a la excavaci\u00f3n se promover\u00e1n talleres infantiles y familiares, visitas guiadas o charlas para conocer y dar a conocer el pasado y la evoluci\u00f3n de la ciudad. Esta iniciativa se incluye en la programaci\u00f3n de verano que Ayuntamiento y Civivox llevan a cabo en los meses estivales.<\/p>\n<p>El espacio ubicado entre el Rinc\u00f3n de Pellejer\u00edas y la plaza de Santa Ana, donde actualmente se ubica la huerta comunitaria La Piparrika, re\u00fane una serie de caracter\u00edsticas que lo hacen particularmente atractivo para descubrir el pasado de la ciudad y la evoluci\u00f3n de Pamplona desde el siglo IV hasta la actualidad. Es una zona en la que destacan los restos arqueol\u00f3gicos y las id\u00f3neas posibilidades de intervenir que se ofrecen, exploradas en las diversas intervenciones que se han llevado a cabo en el entorno a lo largo de los a\u00f1os.<\/p>\n<p>La excavaci\u00f3n organizada consta de varias actividades independientes, que se celebrar\u00e1n en dos tandas, de jueves a domingo, entre el 6 y el 16 de septiembre y entre el 27 de septiembre y el 7 de octubre. Hay actividades dirigidas a p\u00fablico adulto y otras pensadas para un p\u00fablico infantil (ni\u00f1os y ni\u00f1as a partir de 8 a\u00f1os) y familiar, que necesitan inscripci\u00f3n previa, y hay tambi\u00e9n otras actividades abiertas a la participaci\u00f3n, sin necesidad de apuntarse, como visitas guiadas, charlas o una jornada de puertas abiertas. La participaci\u00f3n en las excavaciones y en los talleres infantiles y familiares requieren de inscripci\u00f3n previa. Las personas interesadas puede apuntarse acudiendo de forma presencia a Civivox Condestable o a trav\u00e9s del tel\u00e9fono 010 \u2013 948 420 100.<\/p>\n<p><strong>Diferentes actividades programadas e inscripciones<\/strong><\/p>\n<p>Durante el desarrollo de esta actividad se llevar\u00e1 a cabo una excavaci\u00f3n arqueol\u00f3gica para p\u00fablico adulto, con intervenciones tanto en dos pozos de captaci\u00f3n de agua existentes en el actual Rinc\u00f3n de Pellejer\u00edas como en el solar que genere la demolici\u00f3n del edificio de Muebles Apestegu\u00eda en ese mismo entorno. Esta excavaci\u00f3n permitir\u00e1, entre otras cosas, la recuperaci\u00f3n de los pozos en cuanto a su funci\u00f3n pr\u00e1ctica de proveedores de agua y servir\u00e1n como testimonio material de los usos y costumbres que se han dado hist\u00f3ricamente al agua.<\/p>\n<p>En la excavaci\u00f3n se emplear\u00e1 una metodolog\u00eda cient\u00edfica similar a las de las intervenciones profesionales (m\u00e9todo Harris), que consiste en el desmontado ordenado de la estratigraf\u00eda que compone el subsuelo, comenzando por los niveles m\u00e1s modernos y avanzando hasta los m\u00e1s antiguos. Se complementar\u00e1 la excavaci\u00f3n con las labores propias del registro arqueol\u00f3gico (dibujo de planimetr\u00edas, redacci\u00f3n de fichas y diarios, toma de fotograf\u00edas&#8230;), as\u00ed como con explicaciones acerca de los materiales arqueol\u00f3gicos que se vayan recuperando (cronolog\u00eda, tecnolog\u00eda, comercio\u2026), incidiendo por tanto en la faceta did\u00e1ctica del taller.<\/p>\n<p>Para el p\u00fablico infantil se proponen diferentes talleres en torno a la historia y arqueolog\u00eda. A trav\u00e9s del juego y de la realizaci\u00f3n de actividades como una excavaci\u00f3n simulada, un taller de cer\u00e1mica o una yincana hist\u00f3rica por el Burgo de San Cernin, se les ense\u00f1ar\u00e1n aspectos en torno a la historia de su ciudad y de los trabajos que se realizan para su investigaci\u00f3n y divulgaci\u00f3n.<\/p>\n<p>Finalmente, se han organizado otra serie de actividades abiertas a la participaci\u00f3n, que no requerir\u00e1n inscripci\u00f3n, para el fomento de los conocimientos sobre arqueolog\u00eda y evoluci\u00f3n de la ciudad. El 7 de septiembre se realizar\u00e1 una charla en Condestable sobre la excavaci\u00f3n arqueol\u00f3gica durante la rehabilitaci\u00f3n del Palacio del Condestable; el d\u00eda 14 una visita guiada\u00a0 en torno a la arqueolog\u00eda del Burgo de San Cernin; y el 28 de septiembre una visita guiada al almac\u00e9n de arqueolog\u00eda del Gobierno de Navarra. Todo concluir\u00e1 el domingo 7 de octubre con una jornada de puertas abiertas para mostrar los resultados de la excavaci\u00f3n.<\/p>\n<p>&nbsp;<\/p>\n<p><strong>Actividades arqueol\u00f3gicas en el Rinc\u00f3n de Pellejer\u00edas<\/strong><\/p>\n<ul>\n<li><strong>PRIMERA TANDA<\/strong><\/li>\n<\/ul>\n<table>\n<tbody>\n<tr>\n<td colspan=\"3\" width=\"633\"><strong>6 DE SEPTIEMBRE<\/strong><\/td>\n<\/tr>\n<tr>\n<td width=\"122\">De 16 a 20 horas<\/td>\n<td width=\"257\">Pellejer\u00edas: inicio de la excavaci\u00f3n arqueol\u00f3gica. P\u00daBLICO ADULTO INSCRITO<\/td>\n<td width=\"254\">&nbsp;<\/td>\n<\/tr>\n<tr>\n<td colspan=\"3\" width=\"633\"><strong>7 DE SEPTIEMBRE<\/strong><\/td>\n<\/tr>\n<tr>\n<td width=\"122\">De 16 a 20 horas<\/td>\n<td width=\"257\">Pellejer\u00edas: excavaci\u00f3n arqueol\u00f3gica (De 16 a 19 horas). P\u00daBLICO ADULTO INSCRITO<\/td>\n<td width=\"254\">Condestable: charla sobre la excavaci\u00f3n arqueol\u00f3gica durante la rehabilitaci\u00f3n del Palacio del Condestable. (De 19 a 20 horas). ACTIVIDAD ABIERTA<\/td>\n<\/tr>\n<tr>\n<td colspan=\"3\" width=\"633\"><strong>8 DE SEPTIEMBRE<\/strong><\/td>\n<\/tr>\n<tr>\n<td width=\"122\">De 10 a 14 horas<\/td>\n<td width=\"257\">Pellejer\u00edas: excavaci\u00f3n arqueol\u00f3gica. P\u00daBLICO FAMILIAR INSCRITO<\/td>\n<td width=\"254\">Taller infantil. P\u00daBLICO FAMILIAR INSCRITO<\/td>\n<\/tr>\n<tr>\n<td colspan=\"3\" width=\"633\"><strong>9 DE SEPTIEMBRE<\/strong><\/td>\n<\/tr>\n<tr>\n<td width=\"122\">De 10 a 14 horas<\/td>\n<td width=\"257\">Pellejer\u00edas: excavaci\u00f3n arqueol\u00f3gica. P\u00daBLICO FAMILIAR INSCRITO<\/td>\n<td width=\"254\">Taller infantil. P\u00daBLICO FAMILIAR INSCRITO<\/td>\n<\/tr>\n<tr>\n<td colspan=\"3\" width=\"633\"><strong>13 DE SEPTIEMBRE<\/strong><\/td>\n<\/tr>\n<tr>\n<td width=\"122\">De 16 a 20 horas<\/td>\n<td width=\"257\">Pellejer\u00edas: excavaci\u00f3n arqueol\u00f3gica. P\u00daBLICO ADULTO INSCRITO<\/td>\n<td width=\"254\">Limpieza e inventariado de materiales. P\u00daBLICO ADULTO INSCRITO<\/td>\n<\/tr>\n<tr>\n<td colspan=\"3\" width=\"633\"><strong>14 DE SEPTIEMBRE<\/strong><\/td>\n<\/tr>\n<tr>\n<td width=\"122\">De 16 a 20 horas<\/td>\n<td width=\"257\">Pellejer\u00edas: excavaci\u00f3n arqueol\u00f3gica. (De 16 a 18 horas). P\u00daBLICO ADULTO INSCRITO<\/td>\n<td width=\"254\">Visita guiada en torno a la arqueolog\u00eda del Burgo de San Cernin. (De 18 a 20 horas). ACTIVIDAD ABIERTA<\/td>\n<\/tr>\n<tr>\n<td colspan=\"3\" width=\"633\"><strong>15 DE SEPTIEMBRE<\/strong><\/td>\n<\/tr>\n<tr>\n<td width=\"122\">De 10 a 14 horas<\/td>\n<td width=\"257\">Pellejer\u00edas: excavaci\u00f3n arqueol\u00f3gica. P\u00daBLICO FAMILIAR INSCRITO<\/td>\n<td width=\"254\">Taller infantil. P\u00daBLICO FAMILIAR INSCRITO<\/td>\n<\/tr>\n<tr>\n<td colspan=\"3\" width=\"633\"><strong>16 DE SEPTIEMBRE<\/strong><\/td>\n<\/tr>\n<tr>\n<td width=\"122\">De 10 a 14 horas<\/td>\n<td width=\"257\">Pellejer\u00edas: excavaci\u00f3n arqueol\u00f3gica \/ Limpieza e inventariado de materiales. P\u00daBLICO FAMILIAR INSCRITO<\/td>\n<td width=\"254\">Taller infantil. P\u00daBLICO FAMILIAR INSCRITO<\/td>\n<\/tr>\n<\/tbody>\n<\/table>\n<p>&nbsp;<\/p>\n<ul>\n<li><strong>SEGUNDA TANDA<\/strong><\/li>\n<\/ul>\n<table>\n<tbody>\n<tr>\n<td colspan=\"3\" width=\"633\"><strong>27 DE SEPTIEMBRE<\/strong><\/td>\n<\/tr>\n<tr>\n<td width=\"122\">De 16 a 20 horas<\/td>\n<td width=\"257\">Pellejer\u00edas: excavaci\u00f3n arqueol\u00f3gica. P\u00daBLICO ADULTO INSCRITO<\/td>\n<td width=\"254\">&nbsp;<\/td>\n<\/tr>\n<tr>\n<td colspan=\"3\" width=\"633\"><strong>28 DE SEPTIEMBRE<\/strong><\/td>\n<\/tr>\n<tr>\n<td width=\"122\">De 16 a 20 horas<\/td>\n<td width=\"257\">Pellejer\u00edas: excavaci\u00f3n arqueol\u00f3gica (De 16 a 18 horas). P\u00daBLICO ADULTO INSCRITO<\/td>\n<td width=\"254\">Visita guiada al almac\u00e9n de arqueolog\u00eda del Gobierno de Navarra. (De 18 a 20 horas). ACTIVIDAD ABIERTA<\/td>\n<\/tr>\n<tr>\n<td colspan=\"3\" width=\"633\"><strong>29 DE SEPTIEMBRE<\/strong><\/td>\n<\/tr>\n<tr>\n<td width=\"122\">De 10 a 14 horas<\/td>\n<td width=\"257\">Pellejer\u00edas: excavaci\u00f3n arqueol\u00f3gica. P\u00daBLICO FAMILIAR INSCRITO<\/td>\n<td width=\"254\">Taller infantil. P\u00daBLICO FAMILIAR INSCRITO<\/td>\n<\/tr>\n<tr>\n<td colspan=\"3\" width=\"633\"><strong>30 DE SEPTIEMBRE<\/strong><\/td>\n<\/tr>\n<tr>\n<td width=\"122\">De 10 a 14 horas<\/td>\n<td width=\"257\">Pellejer\u00edas: excavaci\u00f3n arqueol\u00f3gica. P\u00daBLICO FAMILIAR INSCRITO<\/td>\n<td width=\"254\">Taller infantil. P\u00daBLICO FAMILIAR INSCRITO<\/td>\n<\/tr>\n<tr>\n<td colspan=\"3\" width=\"633\"><strong>4 DE OCTUBRE<\/strong><\/td>\n<\/tr>\n<tr>\n<td width=\"122\">De 16 a 20 horas<\/td>\n<td width=\"257\">Pellejer\u00edas: excavaci\u00f3n arqueol\u00f3gica. P\u00daBLICO ADULTO INSCRITO<\/td>\n<td width=\"254\">&nbsp;<\/td>\n<\/tr>\n<tr>\n<td colspan=\"3\" width=\"633\"><strong>5 DE OCTUBRE<\/strong><\/td>\n<\/tr>\n<tr>\n<td width=\"122\">De 16 a 20 horas<\/td>\n<td width=\"257\">Pellejer\u00edas: excavaci\u00f3n arqueol\u00f3gica. P\u00daBLICO ADULTO INSCRITO<\/td>\n<td width=\"254\">Limpieza e inventariado de materiales. P\u00daBLICO ADULTO INSCRITO<\/td>\n<\/tr>\n<tr>\n<td colspan=\"3\" width=\"633\"><strong>6 DE OCTUBRE<\/strong><\/td>\n<\/tr>\n<tr>\n<td width=\"122\">De 10 a 14 horas<\/td>\n<td width=\"257\">Pellejer\u00edas: excavaci\u00f3n arqueol\u00f3gica \/ Limpieza e inventariado de materiales. P\u00daBLICO FAMILIAR INSCRITO<\/td>\n<td width=\"254\">Taller infantil. P\u00daBLICO FAMILIAR INSCRITO<\/td>\n<\/tr>\n<tr>\n<td colspan=\"3\" width=\"633\"><strong>7 DE OCTUBRE<\/strong><\/td>\n<\/tr>\n<tr>\n<td width=\"122\">De 10 a 14 horas<\/td>\n<td width=\"257\">Pellejer\u00edas: cierre de excavaci\u00f3n arqueol\u00f3gica. (De 9.30 a 12 horas). P\u00daBLICO FAMILIAR INSCRITO<\/td>\n<td width=\"254\">Jornada de puertas abiertas. Almuerzo. (De 12 a 14 horas). ACTIVIDAD ABIERTA<\/td>\n<\/tr>\n<\/tbody>\n<\/table>\n<p>&nbsp;<\/p>\n","protected":false},"excerpt":{"rendered":"<p>Las actividades, gratuitas, ser\u00e1n del 6 de septiembre al 7 de octubre; se requiere inscripci\u00f3n previa en Civivox o 010 para la excavaci\u00f3n y los talleres<\/p>\n","protected":false},"author":1,"featured_media":17390,"comment_status":"open","ping_status":"closed","sticky":false,"template":"","format":"standard","meta":{"footnotes":""},"categories":[2],"tags":[],"class_list":["post-18469","post","type-post","status-publish","format-standard","has-post-thumbnail","hentry","category-ayuntamiento-pamplona"],"yoast_head":"<!-- This site is optimized with the Yoast SEO plugin v27.9 - https:\/\/yoast.com\/product\/yoast-seo-wordpress\/ -->\n<title>Una excavaci\u00f3n arqueol\u00f3gica en el Rinc\u00f3n de Pellejer\u00edas, talleres infantiles y visitas guiadas dar\u00e1n a conocer la evoluci\u00f3n de la ciudad de Pamplona desde el siglo IV<\/title>\n<meta name=\"robots\" content=\"index, follow, max-snippet:-1, max-image-preview:large, max-video-preview:-1\" \/>\n<link rel=\"canonical\" href=\"https:\/\/www.laguiadepamplona.com\/actualidad\/una-excavacion-arqueologica-en-el-rincon-de-pellejerias-talleres-infantiles-y-visitas-guiadas-daran-a-conocer-la-evolucion-de-la-ciudad-de-pamplona-desde-el-siglo-iv\/\" \/>\n<meta property=\"og:locale\" content=\"es_ES\" \/>\n<meta property=\"og:type\" content=\"article\" \/>\n<meta property=\"og:title\" content=\"Una excavaci\u00f3n arqueol\u00f3gica en el Rinc\u00f3n de Pellejer\u00edas, talleres infantiles y visitas guiadas dar\u00e1n a conocer la evoluci\u00f3n de la ciudad de Pamplona desde el siglo IV\" \/>\n<meta property=\"og:description\" content=\"Las actividades, gratuitas, ser\u00e1n del 6 de septiembre al 7 de octubre; se requiere inscripci\u00f3n previa en Civivox o 010 para la excavaci\u00f3n y los talleres\" \/>\n<meta property=\"og:url\" content=\"https:\/\/www.laguiadepamplona.com\/actualidad\/una-excavacion-arqueologica-en-el-rincon-de-pellejerias-talleres-infantiles-y-visitas-guiadas-daran-a-conocer-la-evolucion-de-la-ciudad-de-pamplona-desde-el-siglo-iv\/\" \/>\n<meta property=\"og:site_name\" content=\"La Gu\u00eda de Pamplona Noticias y actualidad\" \/>\n<meta property=\"article:publisher\" content=\"https:\/\/www.facebook.com\/laguiadepamplonacom-133175176762273\/?ref=hl\" \/>\n<meta property=\"article:published_time\" content=\"2018-08-16T11:26:06+00:00\" \/>\n<meta property=\"og:image\" content=\"https:\/\/www.laguiadepamplona.com\/actualidad\/wp-content\/uploads\/2018\/05\/palacio-condestable.jpg\" \/>\n\t<meta property=\"og:image:width\" content=\"950\" \/>\n\t<meta property=\"og:image:height\" content=\"634\" \/>\n\t<meta property=\"og:image:type\" content=\"image\/jpeg\" \/>\n<meta name=\"author\" content=\"La Gu\u00eda de Pamplona\" \/>\n<meta name=\"twitter:card\" content=\"summary_large_image\" \/>\n<meta name=\"twitter:creator\" content=\"@LaGuiadPamplona\" \/>\n<meta name=\"twitter:site\" content=\"@LaGuiadPamplona\" \/>\n<meta name=\"twitter:label1\" content=\"Escrito por\" \/>\n\t<meta name=\"twitter:data1\" content=\"La Gu\u00eda de Pamplona\" \/>\n\t<meta name=\"twitter:label2\" content=\"Tiempo de lectura\" \/>\n\t<meta name=\"twitter:data2\" content=\"6 minutos\" \/>\n<script type=\"application\/ld+json\" class=\"yoast-schema-graph\">{\"@context\":\"https:\\\/\\\/schema.org\",\"@graph\":[{\"@type\":\"Article\",\"@id\":\"https:\\\/\\\/www.laguiadepamplona.com\\\/actualidad\\\/una-excavacion-arqueologica-en-el-rincon-de-pellejerias-talleres-infantiles-y-visitas-guiadas-daran-a-conocer-la-evolucion-de-la-ciudad-de-pamplona-desde-el-siglo-iv\\\/#article\",\"isPartOf\":{\"@id\":\"https:\\\/\\\/www.laguiadepamplona.com\\\/actualidad\\\/una-excavacion-arqueologica-en-el-rincon-de-pellejerias-talleres-infantiles-y-visitas-guiadas-daran-a-conocer-la-evolucion-de-la-ciudad-de-pamplona-desde-el-siglo-iv\\\/\"},\"author\":{\"name\":\"La Gu\u00eda de Pamplona\",\"@id\":\"https:\\\/\\\/www.laguiadepamplona.com\\\/actualidad\\\/#\\\/schema\\\/person\\\/efe887376f0213d4657c93adc50b1fdb\"},\"headline\":\"Una excavaci\u00f3n arqueol\u00f3gica en el Rinc\u00f3n de Pellejer\u00edas, talleres infantiles y visitas guiadas dar\u00e1n a conocer la evoluci\u00f3n de la ciudad de Pamplona desde el siglo IV\",\"datePublished\":\"2018-08-16T11:26:06+00:00\",\"mainEntityOfPage\":{\"@id\":\"https:\\\/\\\/www.laguiadepamplona.com\\\/actualidad\\\/una-excavacion-arqueologica-en-el-rincon-de-pellejerias-talleres-infantiles-y-visitas-guiadas-daran-a-conocer-la-evolucion-de-la-ciudad-de-pamplona-desde-el-siglo-iv\\\/\"},\"wordCount\":1196,\"commentCount\":0,\"publisher\":{\"@id\":\"https:\\\/\\\/www.laguiadepamplona.com\\\/actualidad\\\/#organization\"},\"image\":{\"@id\":\"https:\\\/\\\/www.laguiadepamplona.com\\\/actualidad\\\/una-excavacion-arqueologica-en-el-rincon-de-pellejerias-talleres-infantiles-y-visitas-guiadas-daran-a-conocer-la-evolucion-de-la-ciudad-de-pamplona-desde-el-siglo-iv\\\/#primaryimage\"},\"thumbnailUrl\":\"https:\\\/\\\/www.laguiadepamplona.com\\\/actualidad\\\/wp-content\\\/uploads\\\/2018\\\/05\\\/palacio-condestable.jpg\",\"articleSection\":[\"Ayto Pamplona\"],\"inLanguage\":\"es\",\"potentialAction\":[{\"@type\":\"CommentAction\",\"name\":\"Comment\",\"target\":[\"https:\\\/\\\/www.laguiadepamplona.com\\\/actualidad\\\/una-excavacion-arqueologica-en-el-rincon-de-pellejerias-talleres-infantiles-y-visitas-guiadas-daran-a-conocer-la-evolucion-de-la-ciudad-de-pamplona-desde-el-siglo-iv\\\/#respond\"]}]},{\"@type\":\"WebPage\",\"@id\":\"https:\\\/\\\/www.laguiadepamplona.com\\\/actualidad\\\/una-excavacion-arqueologica-en-el-rincon-de-pellejerias-talleres-infantiles-y-visitas-guiadas-daran-a-conocer-la-evolucion-de-la-ciudad-de-pamplona-desde-el-siglo-iv\\\/\",\"url\":\"https:\\\/\\\/www.laguiadepamplona.com\\\/actualidad\\\/una-excavacion-arqueologica-en-el-rincon-de-pellejerias-talleres-infantiles-y-visitas-guiadas-daran-a-conocer-la-evolucion-de-la-ciudad-de-pamplona-desde-el-siglo-iv\\\/\",\"name\":\"Una excavaci\u00f3n arqueol\u00f3gica en el Rinc\u00f3n de Pellejer\u00edas, talleres infantiles y visitas guiadas dar\u00e1n a conocer la evoluci\u00f3n de la ciudad de Pamplona desde el siglo IV\",\"isPartOf\":{\"@id\":\"https:\\\/\\\/www.laguiadepamplona.com\\\/actualidad\\\/#website\"},\"primaryImageOfPage\":{\"@id\":\"https:\\\/\\\/www.laguiadepamplona.com\\\/actualidad\\\/una-excavacion-arqueologica-en-el-rincon-de-pellejerias-talleres-infantiles-y-visitas-guiadas-daran-a-conocer-la-evolucion-de-la-ciudad-de-pamplona-desde-el-siglo-iv\\\/#primaryimage\"},\"image\":{\"@id\":\"https:\\\/\\\/www.laguiadepamplona.com\\\/actualidad\\\/una-excavacion-arqueologica-en-el-rincon-de-pellejerias-talleres-infantiles-y-visitas-guiadas-daran-a-conocer-la-evolucion-de-la-ciudad-de-pamplona-desde-el-siglo-iv\\\/#primaryimage\"},\"thumbnailUrl\":\"https:\\\/\\\/www.laguiadepamplona.com\\\/actualidad\\\/wp-content\\\/uploads\\\/2018\\\/05\\\/palacio-condestable.jpg\",\"datePublished\":\"2018-08-16T11:26:06+00:00\",\"breadcrumb\":{\"@id\":\"https:\\\/\\\/www.laguiadepamplona.com\\\/actualidad\\\/una-excavacion-arqueologica-en-el-rincon-de-pellejerias-talleres-infantiles-y-visitas-guiadas-daran-a-conocer-la-evolucion-de-la-ciudad-de-pamplona-desde-el-siglo-iv\\\/#breadcrumb\"},\"inLanguage\":\"es\",\"potentialAction\":[{\"@type\":\"ReadAction\",\"target\":[\"https:\\\/\\\/www.laguiadepamplona.com\\\/actualidad\\\/una-excavacion-arqueologica-en-el-rincon-de-pellejerias-talleres-infantiles-y-visitas-guiadas-daran-a-conocer-la-evolucion-de-la-ciudad-de-pamplona-desde-el-siglo-iv\\\/\"]}]},{\"@type\":\"ImageObject\",\"inLanguage\":\"es\",\"@id\":\"https:\\\/\\\/www.laguiadepamplona.com\\\/actualidad\\\/una-excavacion-arqueologica-en-el-rincon-de-pellejerias-talleres-infantiles-y-visitas-guiadas-daran-a-conocer-la-evolucion-de-la-ciudad-de-pamplona-desde-el-siglo-iv\\\/#primaryimage\",\"url\":\"https:\\\/\\\/www.laguiadepamplona.com\\\/actualidad\\\/wp-content\\\/uploads\\\/2018\\\/05\\\/palacio-condestable.jpg\",\"contentUrl\":\"https:\\\/\\\/www.laguiadepamplona.com\\\/actualidad\\\/wp-content\\\/uploads\\\/2018\\\/05\\\/palacio-condestable.jpg\",\"width\":950,\"height\":634,\"caption\":\"civivox condestable\"},{\"@type\":\"BreadcrumbList\",\"@id\":\"https:\\\/\\\/www.laguiadepamplona.com\\\/actualidad\\\/una-excavacion-arqueologica-en-el-rincon-de-pellejerias-talleres-infantiles-y-visitas-guiadas-daran-a-conocer-la-evolucion-de-la-ciudad-de-pamplona-desde-el-siglo-iv\\\/#breadcrumb\",\"itemListElement\":[{\"@type\":\"ListItem\",\"position\":1,\"name\":\"Portada\",\"item\":\"https:\\\/\\\/www.laguiadepamplona.com\\\/actualidad\\\/\"},{\"@type\":\"ListItem\",\"position\":2,\"name\":\"Una excavaci\u00f3n arqueol\u00f3gica en el Rinc\u00f3n de Pellejer\u00edas, talleres infantiles y visitas guiadas dar\u00e1n a conocer la evoluci\u00f3n de la ciudad de Pamplona desde el siglo IV\"}]},{\"@type\":\"WebSite\",\"@id\":\"https:\\\/\\\/www.laguiadepamplona.com\\\/actualidad\\\/#website\",\"url\":\"https:\\\/\\\/www.laguiadepamplona.com\\\/actualidad\\\/\",\"name\":\"La gu\u00eda de Pamplona\",\"description\":\"Noticias de Pamplona\",\"publisher\":{\"@id\":\"https:\\\/\\\/www.laguiadepamplona.com\\\/actualidad\\\/#organization\"},\"potentialAction\":[{\"@type\":\"SearchAction\",\"target\":{\"@type\":\"EntryPoint\",\"urlTemplate\":\"https:\\\/\\\/www.laguiadepamplona.com\\\/actualidad\\\/?s={search_term_string}\"},\"query-input\":{\"@type\":\"PropertyValueSpecification\",\"valueRequired\":true,\"valueName\":\"search_term_string\"}}],\"inLanguage\":\"es\"},{\"@type\":\"Organization\",\"@id\":\"https:\\\/\\\/www.laguiadepamplona.com\\\/actualidad\\\/#organization\",\"name\":\"La Gu\u00eda de Pamplona \\\/ Noticias\",\"url\":\"https:\\\/\\\/www.laguiadepamplona.com\\\/actualidad\\\/\",\"logo\":{\"@type\":\"ImageObject\",\"inLanguage\":\"es\",\"@id\":\"https:\\\/\\\/www.laguiadepamplona.com\\\/actualidad\\\/#\\\/schema\\\/logo\\\/image\\\/\",\"url\":\"https:\\\/\\\/www.laguiadepamplona.com\\\/actualidad\\\/wp-content\\\/uploads\\\/2018\\\/11\\\/logo-laguiadepamplona18-web1.png\",\"contentUrl\":\"https:\\\/\\\/www.laguiadepamplona.com\\\/actualidad\\\/wp-content\\\/uploads\\\/2018\\\/11\\\/logo-laguiadepamplona18-web1.png\",\"width\":600,\"height\":196,\"caption\":\"La Gu\u00eda de Pamplona \\\/ Noticias\"},\"image\":{\"@id\":\"https:\\\/\\\/www.laguiadepamplona.com\\\/actualidad\\\/#\\\/schema\\\/logo\\\/image\\\/\"},\"sameAs\":[\"https:\\\/\\\/www.facebook.com\\\/laguiadepamplonacom-133175176762273\\\/?ref=hl\",\"https:\\\/\\\/x.com\\\/LaGuiadPamplona\",\"https:\\\/\\\/www.instagram.com\\\/la_guia_de_pamplona\\\/\",\"https:\\\/\\\/www.youtube.com\\\/user\\\/laguiadepamplona\"]},{\"@type\":\"Person\",\"@id\":\"https:\\\/\\\/www.laguiadepamplona.com\\\/actualidad\\\/#\\\/schema\\\/person\\\/efe887376f0213d4657c93adc50b1fdb\",\"name\":\"La Gu\u00eda de Pamplona\",\"image\":{\"@type\":\"ImageObject\",\"inLanguage\":\"es\",\"@id\":\"https:\\\/\\\/secure.gravatar.com\\\/avatar\\\/b6992f131dc8d30ab0dff15446e9d346d9dbd95992de0fef795073f5ea83a81c?s=96&d=mm&r=g\",\"url\":\"https:\\\/\\\/secure.gravatar.com\\\/avatar\\\/b6992f131dc8d30ab0dff15446e9d346d9dbd95992de0fef795073f5ea83a81c?s=96&d=mm&r=g\",\"contentUrl\":\"https:\\\/\\\/secure.gravatar.com\\\/avatar\\\/b6992f131dc8d30ab0dff15446e9d346d9dbd95992de0fef795073f5ea83a81c?s=96&d=mm&r=g\",\"caption\":\"La Gu\u00eda de Pamplona\"}}]}<\/script>\n<!-- \/ Yoast SEO plugin. -->","yoast_head_json":{"title":"Una excavaci\u00f3n arqueol\u00f3gica en el Rinc\u00f3n de Pellejer\u00edas, talleres infantiles y visitas guiadas dar\u00e1n a conocer la evoluci\u00f3n de la ciudad de Pamplona desde el siglo IV","robots":{"index":"index","follow":"follow","max-snippet":"max-snippet:-1","max-image-preview":"max-image-preview:large","max-video-preview":"max-video-preview:-1"},"canonical":"https:\/\/www.laguiadepamplona.com\/actualidad\/una-excavacion-arqueologica-en-el-rincon-de-pellejerias-talleres-infantiles-y-visitas-guiadas-daran-a-conocer-la-evolucion-de-la-ciudad-de-pamplona-desde-el-siglo-iv\/","og_locale":"es_ES","og_type":"article","og_title":"Una excavaci\u00f3n arqueol\u00f3gica en el Rinc\u00f3n de Pellejer\u00edas, talleres infantiles y visitas guiadas dar\u00e1n a conocer la evoluci\u00f3n de la ciudad de Pamplona desde el siglo IV","og_description":"Las actividades, gratuitas, ser\u00e1n del 6 de septiembre al 7 de octubre; se requiere inscripci\u00f3n previa en Civivox o 010 para la excavaci\u00f3n y los talleres","og_url":"https:\/\/www.laguiadepamplona.com\/actualidad\/una-excavacion-arqueologica-en-el-rincon-de-pellejerias-talleres-infantiles-y-visitas-guiadas-daran-a-conocer-la-evolucion-de-la-ciudad-de-pamplona-desde-el-siglo-iv\/","og_site_name":"La Gu\u00eda de Pamplona Noticias y actualidad","article_publisher":"https:\/\/www.facebook.com\/laguiadepamplonacom-133175176762273\/?ref=hl","article_published_time":"2018-08-16T11:26:06+00:00","og_image":[{"width":950,"height":634,"url":"https:\/\/www.laguiadepamplona.com\/actualidad\/wp-content\/uploads\/2018\/05\/palacio-condestable.jpg","type":"image\/jpeg"}],"author":"La Gu\u00eda de Pamplona","twitter_card":"summary_large_image","twitter_creator":"@LaGuiadPamplona","twitter_site":"@LaGuiadPamplona","twitter_misc":{"Escrito por":"La Gu\u00eda de Pamplona","Tiempo de lectura":"6 minutos"},"schema":{"@context":"https:\/\/schema.org","@graph":[{"@type":"Article","@id":"https:\/\/www.laguiadepamplona.com\/actualidad\/una-excavacion-arqueologica-en-el-rincon-de-pellejerias-talleres-infantiles-y-visitas-guiadas-daran-a-conocer-la-evolucion-de-la-ciudad-de-pamplona-desde-el-siglo-iv\/#article","isPartOf":{"@id":"https:\/\/www.laguiadepamplona.com\/actualidad\/una-excavacion-arqueologica-en-el-rincon-de-pellejerias-talleres-infantiles-y-visitas-guiadas-daran-a-conocer-la-evolucion-de-la-ciudad-de-pamplona-desde-el-siglo-iv\/"},"author":{"name":"La Gu\u00eda de Pamplona","@id":"https:\/\/www.laguiadepamplona.com\/actualidad\/#\/schema\/person\/efe887376f0213d4657c93adc50b1fdb"},"headline":"Una excavaci\u00f3n arqueol\u00f3gica en el Rinc\u00f3n de Pellejer\u00edas, talleres infantiles y visitas guiadas dar\u00e1n a conocer la evoluci\u00f3n de la ciudad de Pamplona desde el siglo IV","datePublished":"2018-08-16T11:26:06+00:00","mainEntityOfPage":{"@id":"https:\/\/www.laguiadepamplona.com\/actualidad\/una-excavacion-arqueologica-en-el-rincon-de-pellejerias-talleres-infantiles-y-visitas-guiadas-daran-a-conocer-la-evolucion-de-la-ciudad-de-pamplona-desde-el-siglo-iv\/"},"wordCount":1196,"commentCount":0,"publisher":{"@id":"https:\/\/www.laguiadepamplona.com\/actualidad\/#organization"},"image":{"@id":"https:\/\/www.laguiadepamplona.com\/actualidad\/una-excavacion-arqueologica-en-el-rincon-de-pellejerias-talleres-infantiles-y-visitas-guiadas-daran-a-conocer-la-evolucion-de-la-ciudad-de-pamplona-desde-el-siglo-iv\/#primaryimage"},"thumbnailUrl":"https:\/\/www.laguiadepamplona.com\/actualidad\/wp-content\/uploads\/2018\/05\/palacio-condestable.jpg","articleSection":["Ayto Pamplona"],"inLanguage":"es","potentialAction":[{"@type":"CommentAction","name":"Comment","target":["https:\/\/www.laguiadepamplona.com\/actualidad\/una-excavacion-arqueologica-en-el-rincon-de-pellejerias-talleres-infantiles-y-visitas-guiadas-daran-a-conocer-la-evolucion-de-la-ciudad-de-pamplona-desde-el-siglo-iv\/#respond"]}]},{"@type":"WebPage","@id":"https:\/\/www.laguiadepamplona.com\/actualidad\/una-excavacion-arqueologica-en-el-rincon-de-pellejerias-talleres-infantiles-y-visitas-guiadas-daran-a-conocer-la-evolucion-de-la-ciudad-de-pamplona-desde-el-siglo-iv\/","url":"https:\/\/www.laguiadepamplona.com\/actualidad\/una-excavacion-arqueologica-en-el-rincon-de-pellejerias-talleres-infantiles-y-visitas-guiadas-daran-a-conocer-la-evolucion-de-la-ciudad-de-pamplona-desde-el-siglo-iv\/","name":"Una excavaci\u00f3n arqueol\u00f3gica en el Rinc\u00f3n de Pellejer\u00edas, talleres infantiles y visitas guiadas dar\u00e1n a conocer la evoluci\u00f3n de la ciudad de Pamplona desde el siglo IV","isPartOf":{"@id":"https:\/\/www.laguiadepamplona.com\/actualidad\/#website"},"primaryImageOfPage":{"@id":"https:\/\/www.laguiadepamplona.com\/actualidad\/una-excavacion-arqueologica-en-el-rincon-de-pellejerias-talleres-infantiles-y-visitas-guiadas-daran-a-conocer-la-evolucion-de-la-ciudad-de-pamplona-desde-el-siglo-iv\/#primaryimage"},"image":{"@id":"https:\/\/www.laguiadepamplona.com\/actualidad\/una-excavacion-arqueologica-en-el-rincon-de-pellejerias-talleres-infantiles-y-visitas-guiadas-daran-a-conocer-la-evolucion-de-la-ciudad-de-pamplona-desde-el-siglo-iv\/#primaryimage"},"thumbnailUrl":"https:\/\/www.laguiadepamplona.com\/actualidad\/wp-content\/uploads\/2018\/05\/palacio-condestable.jpg","datePublished":"2018-08-16T11:26:06+00:00","breadcrumb":{"@id":"https:\/\/www.laguiadepamplona.com\/actualidad\/una-excavacion-arqueologica-en-el-rincon-de-pellejerias-talleres-infantiles-y-visitas-guiadas-daran-a-conocer-la-evolucion-de-la-ciudad-de-pamplona-desde-el-siglo-iv\/#breadcrumb"},"inLanguage":"es","potentialAction":[{"@type":"ReadAction","target":["https:\/\/www.laguiadepamplona.com\/actualidad\/una-excavacion-arqueologica-en-el-rincon-de-pellejerias-talleres-infantiles-y-visitas-guiadas-daran-a-conocer-la-evolucion-de-la-ciudad-de-pamplona-desde-el-siglo-iv\/"]}]},{"@type":"ImageObject","inLanguage":"es","@id":"https:\/\/www.laguiadepamplona.com\/actualidad\/una-excavacion-arqueologica-en-el-rincon-de-pellejerias-talleres-infantiles-y-visitas-guiadas-daran-a-conocer-la-evolucion-de-la-ciudad-de-pamplona-desde-el-siglo-iv\/#primaryimage","url":"https:\/\/www.laguiadepamplona.com\/actualidad\/wp-content\/uploads\/2018\/05\/palacio-condestable.jpg","contentUrl":"https:\/\/www.laguiadepamplona.com\/actualidad\/wp-content\/uploads\/2018\/05\/palacio-condestable.jpg","width":950,"height":634,"caption":"civivox condestable"},{"@type":"BreadcrumbList","@id":"https:\/\/www.laguiadepamplona.com\/actualidad\/una-excavacion-arqueologica-en-el-rincon-de-pellejerias-talleres-infantiles-y-visitas-guiadas-daran-a-conocer-la-evolucion-de-la-ciudad-de-pamplona-desde-el-siglo-iv\/#breadcrumb","itemListElement":[{"@type":"ListItem","position":1,"name":"Portada","item":"https:\/\/www.laguiadepamplona.com\/actualidad\/"},{"@type":"ListItem","position":2,"name":"Una excavaci\u00f3n arqueol\u00f3gica en el Rinc\u00f3n de Pellejer\u00edas, talleres infantiles y visitas guiadas dar\u00e1n a conocer la evoluci\u00f3n de la ciudad de Pamplona desde el siglo IV"}]},{"@type":"WebSite","@id":"https:\/\/www.laguiadepamplona.com\/actualidad\/#website","url":"https:\/\/www.laguiadepamplona.com\/actualidad\/","name":"La gu\u00eda de Pamplona","description":"Noticias de Pamplona","publisher":{"@id":"https:\/\/www.laguiadepamplona.com\/actualidad\/#organization"},"potentialAction":[{"@type":"SearchAction","target":{"@type":"EntryPoint","urlTemplate":"https:\/\/www.laguiadepamplona.com\/actualidad\/?s={search_term_string}"},"query-input":{"@type":"PropertyValueSpecification","valueRequired":true,"valueName":"search_term_string"}}],"inLanguage":"es"},{"@type":"Organization","@id":"https:\/\/www.laguiadepamplona.com\/actualidad\/#organization","name":"La Gu\u00eda de Pamplona \/ Noticias","url":"https:\/\/www.laguiadepamplona.com\/actualidad\/","logo":{"@type":"ImageObject","inLanguage":"es","@id":"https:\/\/www.laguiadepamplona.com\/actualidad\/#\/schema\/logo\/image\/","url":"https:\/\/www.laguiadepamplona.com\/actualidad\/wp-content\/uploads\/2018\/11\/logo-laguiadepamplona18-web1.png","contentUrl":"https:\/\/www.laguiadepamplona.com\/actualidad\/wp-content\/uploads\/2018\/11\/logo-laguiadepamplona18-web1.png","width":600,"height":196,"caption":"La Gu\u00eda de Pamplona \/ Noticias"},"image":{"@id":"https:\/\/www.laguiadepamplona.com\/actualidad\/#\/schema\/logo\/image\/"},"sameAs":["https:\/\/www.facebook.com\/laguiadepamplonacom-133175176762273\/?ref=hl","https:\/\/x.com\/LaGuiadPamplona","https:\/\/www.instagram.com\/la_guia_de_pamplona\/","https:\/\/www.youtube.com\/user\/laguiadepamplona"]},{"@type":"Person","@id":"https:\/\/www.laguiadepamplona.com\/actualidad\/#\/schema\/person\/efe887376f0213d4657c93adc50b1fdb","name":"La Gu\u00eda de Pamplona","image":{"@type":"ImageObject","inLanguage":"es","@id":"https:\/\/secure.gravatar.com\/avatar\/b6992f131dc8d30ab0dff15446e9d346d9dbd95992de0fef795073f5ea83a81c?s=96&d=mm&r=g","url":"https:\/\/secure.gravatar.com\/avatar\/b6992f131dc8d30ab0dff15446e9d346d9dbd95992de0fef795073f5ea83a81c?s=96&d=mm&r=g","contentUrl":"https:\/\/secure.gravatar.com\/avatar\/b6992f131dc8d30ab0dff15446e9d346d9dbd95992de0fef795073f5ea83a81c?s=96&d=mm&r=g","caption":"La Gu\u00eda de Pamplona"}}]}},"post_mailing_queue_ids":[],"_links":{"self":[{"href":"https:\/\/www.laguiadepamplona.com\/actualidad\/wp-json\/wp\/v2\/posts\/18469","targetHints":{"allow":["GET"]}}],"collection":[{"href":"https:\/\/www.laguiadepamplona.com\/actualidad\/wp-json\/wp\/v2\/posts"}],"about":[{"href":"https:\/\/www.laguiadepamplona.com\/actualidad\/wp-json\/wp\/v2\/types\/post"}],"author":[{"embeddable":true,"href":"https:\/\/www.laguiadepamplona.com\/actualidad\/wp-json\/wp\/v2\/users\/1"}],"replies":[{"embeddable":true,"href":"https:\/\/www.laguiadepamplona.com\/actualidad\/wp-json\/wp\/v2\/comments?post=18469"}],"version-history":[{"count":0,"href":"https:\/\/www.laguiadepamplona.com\/actualidad\/wp-json\/wp\/v2\/posts\/18469\/revisions"}],"wp:featuredmedia":[{"embeddable":true,"href":"https:\/\/www.laguiadepamplona.com\/actualidad\/wp-json\/wp\/v2\/media\/17390"}],"wp:attachment":[{"href":"https:\/\/www.laguiadepamplona.com\/actualidad\/wp-json\/wp\/v2\/media?parent=18469"}],"wp:term":[{"taxonomy":"category","embeddable":true,"href":"https:\/\/www.laguiadepamplona.com\/actualidad\/wp-json\/wp\/v2\/categories?post=18469"},{"taxonomy":"post_tag","embeddable":true,"href":"https:\/\/www.laguiadepamplona.com\/actualidad\/wp-json\/wp\/v2\/tags?post=18469"}],"curies":[{"name":"wp","href":"https:\/\/api.w.org\/{rel}","templated":true}]}}